{"id":21103,"date":"2017-12-05T15:34:00","date_gmt":"2017-12-05T15:34:00","guid":{"rendered":"https:\/\/www.maapprogram.org\/interactivo_\/"},"modified":"2024-09-24T20:31:58","modified_gmt":"2024-09-24T20:31:58","slug":"interactivo_","status":"publish","type":"post","link":"https:\/\/www.maapprogram.org\/es\/interactivo_\/","title":{"rendered":"MAAP Interactivo: Drivers de deforestaci\u00f3n en los Andes Amaz\u00f3nicos"},"content":{"rendered":"<div>\n<p>Desde su lanzamiento en abril del 2015, el MAAP ha publicado m\u00e1s de 70 informes sobre la deforestaci\u00f3n (y la p\u00e9rdida natural de bosques) en la Amazon\u00eda Andina. Hasta el momento nos hemos enfocado en<b>\u00a0Per\u00fa<\/b>, con varios informes en\u00a0<b>Colombia<\/b>\u00a0y\u00a0<b>Brasil\u00a0<\/b>tambi\u00e9n.<\/p>\n<p>Estos reportes est\u00e1n destinados a ser estudios de caso de los eventos de deforestaci\u00f3n m\u00e1s importantes y urgentes. A menudo utilizamos las alertas tempranas de p\u00e9rdida de bosque (de Geobosques, PNCB\/MINAM) para guiarnos, e im\u00e1genes satelitales (de Planet y DigitalGlobe) para identificar los drivers de deforestaci\u00f3n.<\/p>\n<p>Aqu\u00ed presentamos un\u00a0<b>mapa interactivo<\/b>, destacando los drivers identificados en todos los reportes publicados del MAAP. Estos<b>\u00a0drivers<\/b>\u00a0incluyen la miner\u00eda aurifera, la agricultura (por ejemplo, palma aceitera y cacao), el pastos para ganado, carreteras forestales y represas. Tambi\u00e9n se incluyen causas naturales como inundaciones y vientos huracanados. Adem\u00e1s, destacamos eventos de deforestaci\u00f3n en \u00e1reas naturales protegidas. Tenga en cuenta que puede filtrar por driver, seleccionando las casillas de inter\u00e9s.<\/p>\n<p>Esperamos que el resultado sea uno de los recursos m\u00e1s detallados y actualizados sobre los\u00a0<b>patrones y drivers de la deforestaci\u00f3n<\/b>\u00a0<b>en en la Amazon\u00eda Andina<\/b>. En el siguiente a\u00f1o seguiremos centr\u00e1ndonos en Per\u00fa y Colombia, y empezar a incluir a Ecuador y Bolivia. Seguiremos actualizando el mapa interactivo conforme publicamos informes nuevos.<\/p>\n<p><strong>Para ver el mapa interactivo, por favor visite:<br \/>\n<\/strong><b><a href=\"https:\/\/www.maapprogram.org\/interactivo\/\" target=\"_blank\" rel=\"noopener\">https:\/\/www.maapprogram.org\/interactivo\/<\/a><\/b><\/p>\n<p>Para obtener m\u00e1s informaci\u00f3n sobre patrones y drivers de la deforestaci\u00f3n en la Amazon\u00eda peruana, vea nuestro \u00faltimo\u00a0<strong><a href=\"https:\/\/www.maapprogram.org\/2017\/maap-sintesis2\/\">MAAP S\u00edntesis #2<\/a><\/strong>.<\/p>\n<\/div>\n<p>&nbsp;<\/p>\n<div class=\"fitem-sep\"><\/div>\n","protected":false},"excerpt":{"rendered":"<p>Desde su lanzamiento en abril del 2015, el MAAP ha publicado m\u00e1s de 70 informes sobre la deforestaci\u00f3n (y la p\u00e9rdida natural de bosques) en la Amazon\u00eda Andina. Hasta el momento nos hemos enfocado en\u00a0Per\u00fa, con varios informes en\u00a0Colombia\u00a0y\u00a0Brasil\u00a0tambi\u00e9n. Estos reportes est\u00e1n destinados a ser estudios de caso de los eventos de deforestaci\u00f3n m\u00e1s importantes [&hellip;]<\/p>\n","protected":false},"author":1,"featured_media":0,"comment_status":"closed","ping_status":"closed","sticky":false,"template":"","format":"standard","meta":{"_acf_changed":false,"footnotes":""},"categories":[297,309,312,351,348,349,350,347,44,308,306,296,311],"tags":[155],"ftr_agriculture":[355,365,357],"carbon-and-climate-change":[],"ftr_country":[449,398,483],"fire":[],"infrastructure-threat":[],"land-use":[],"mining-and-logging-threat":[],"natural-forest-loss":[],"special-analysis":[],"class_list":["post-21103","post","type-post","status-publish","format-standard","hentry","category-carreteras","category-fuego","category-inundaciones","category-paisesbolivia","category-paisesbrasil","category-paisescolombia","category-paisesecuador","category-paisesperu","category-palma-aceitera","category-pasto-ganado","category-represas","category-sintesis","category-vientos-huracanados","tag-maap-interactive","ftr_agriculture-cacao-es","ftr_agriculture-palma-aceitera","ftr_agriculture-pasto-para-ganado","ftr_country-brasil","ftr_country-colombia","ftr_country-peru-2"],"acf":[],"yoast_head":"<!-- This site is optimized with the Yoast SEO plugin v27.3 - https:\/\/yoast.com\/product\/yoast-seo-wordpress\/ -->\n<title>MAAP Interactivo: Drivers de deforestaci\u00f3n en los Andes Amaz\u00f3nicos - MAAP<\/title>\n<meta name=\"robots\" content=\"index, follow, max-snippet:-1, max-image-preview:large, max-video-preview:-1\" \/>\n<link rel=\"canonical\" href=\"https:\/\/www.maapprogram.org\/es\/interactivo_\/\" \/>\n<meta property=\"og:locale\" content=\"es_ES\" \/>\n<meta property=\"og:type\" content=\"article\" \/>\n<meta property=\"og:title\" content=\"MAAP Interactivo: Drivers de deforestaci\u00f3n en los Andes Amaz\u00f3nicos - MAAP\" \/>\n<meta property=\"og:description\" content=\"Desde su lanzamiento en abril del 2015, el MAAP ha publicado m\u00e1s de 70 informes sobre la deforestaci\u00f3n (y la p\u00e9rdida natural de bosques) en la Amazon\u00eda Andina. Hasta el momento nos hemos enfocado en\u00a0Per\u00fa, con varios informes en\u00a0Colombia\u00a0y\u00a0Brasil\u00a0tambi\u00e9n. Estos reportes est\u00e1n destinados a ser estudios de caso de los eventos de deforestaci\u00f3n m\u00e1s importantes [&hellip;]\" \/>\n<meta property=\"og:url\" content=\"https:\/\/www.maapprogram.org\/es\/interactivo_\/\" \/>\n<meta property=\"og:site_name\" content=\"MAAP\" \/>\n<meta property=\"article:published_time\" content=\"2017-12-05T15:34:00+00:00\" \/>\n<meta property=\"article:modified_time\" content=\"2024-09-24T20:31:58+00:00\" \/>\n<meta name=\"author\" content=\"dcadmin\" \/>\n<meta name=\"twitter:card\" content=\"summary_large_image\" \/>\n<meta name=\"twitter:label1\" content=\"Escrito por\" \/>\n\t<meta name=\"twitter:data1\" content=\"dcadmin\" \/>\n\t<meta name=\"twitter:label2\" content=\"Tiempo de lectura\" \/>\n\t<meta name=\"twitter:data2\" content=\"2 minutos\" \/>\n<script type=\"application\/ld+json\" class=\"yoast-schema-graph\">{\"@context\":\"https:\\\/\\\/schema.org\",\"@graph\":[{\"@type\":\"Article\",\"@id\":\"https:\\\/\\\/www.maapprogram.org\\\/es\\\/interactivo_\\\/#article\",\"isPartOf\":{\"@id\":\"https:\\\/\\\/www.maapprogram.org\\\/es\\\/interactivo_\\\/\"},\"author\":{\"name\":\"dcadmin\",\"@id\":\"https:\\\/\\\/www.maapprogram.org\\\/es\\\/#\\\/schema\\\/person\\\/433e90c8debccfe16357e05627bbd443\"},\"headline\":\"MAAP Interactivo: Drivers de deforestaci\u00f3n en los Andes Amaz\u00f3nicos\",\"datePublished\":\"2017-12-05T15:34:00+00:00\",\"dateModified\":\"2024-09-24T20:31:58+00:00\",\"mainEntityOfPage\":{\"@id\":\"https:\\\/\\\/www.maapprogram.org\\\/es\\\/interactivo_\\\/\"},\"wordCount\":284,\"keywords\":[\"MAAP Interactive\"],\"articleSection\":[\"Carreteras\",\"Fuego\",\"Inundaciones\",\"Paises&gt;Bolivia\",\"Paises&gt;Brasil\",\"Paises&gt;Colombia\",\"Paises&gt;Ecuador\",\"Paises&gt;Per\u00fa\",\"Palma Aceitera\",\"Pasto-Ganado\",\"Represas\",\"Sintesis\",\"Vientos Huracanados\"],\"inLanguage\":\"es\"},{\"@type\":\"WebPage\",\"@id\":\"https:\\\/\\\/www.maapprogram.org\\\/es\\\/interactivo_\\\/\",\"url\":\"https:\\\/\\\/www.maapprogram.org\\\/es\\\/interactivo_\\\/\",\"name\":\"MAAP Interactivo: Drivers de deforestaci\u00f3n en los Andes Amaz\u00f3nicos - MAAP\",\"isPartOf\":{\"@id\":\"https:\\\/\\\/www.maapprogram.org\\\/es\\\/#website\"},\"datePublished\":\"2017-12-05T15:34:00+00:00\",\"dateModified\":\"2024-09-24T20:31:58+00:00\",\"author\":{\"@id\":\"https:\\\/\\\/www.maapprogram.org\\\/es\\\/#\\\/schema\\\/person\\\/433e90c8debccfe16357e05627bbd443\"},\"breadcrumb\":{\"@id\":\"https:\\\/\\\/www.maapprogram.org\\\/es\\\/interactivo_\\\/#breadcrumb\"},\"inLanguage\":\"es\",\"potentialAction\":[{\"@type\":\"ReadAction\",\"target\":[\"https:\\\/\\\/www.maapprogram.org\\\/es\\\/interactivo_\\\/\"]}]},{\"@type\":\"BreadcrumbList\",\"@id\":\"https:\\\/\\\/www.maapprogram.org\\\/es\\\/interactivo_\\\/#breadcrumb\",\"itemListElement\":[{\"@type\":\"ListItem\",\"position\":1,\"name\":\"Home\",\"item\":\"https:\\\/\\\/www.maapprogram.org\\\/es\\\/\"},{\"@type\":\"ListItem\",\"position\":2,\"name\":\"MAAP Interactivo: Drivers de deforestaci\u00f3n en los Andes Amaz\u00f3nicos\"}]},{\"@type\":\"WebSite\",\"@id\":\"https:\\\/\\\/www.maapprogram.org\\\/es\\\/#website\",\"url\":\"https:\\\/\\\/www.maapprogram.org\\\/es\\\/\",\"name\":\"MAAP\",\"description\":\"\",\"potentialAction\":[{\"@type\":\"SearchAction\",\"target\":{\"@type\":\"EntryPoint\",\"urlTemplate\":\"https:\\\/\\\/www.maapprogram.org\\\/es\\\/?s={search_term_string}\"},\"query-input\":{\"@type\":\"PropertyValueSpecification\",\"valueRequired\":true,\"valueName\":\"search_term_string\"}}],\"inLanguage\":\"es\"},{\"@type\":\"Person\",\"@id\":\"https:\\\/\\\/www.maapprogram.org\\\/es\\\/#\\\/schema\\\/person\\\/433e90c8debccfe16357e05627bbd443\",\"name\":\"dcadmin\",\"image\":{\"@type\":\"ImageObject\",\"inLanguage\":\"es\",\"@id\":\"https:\\\/\\\/secure.gravatar.com\\\/avatar\\\/83c0f4e5f994ae4e4b9ae78b382f373b07a15509b31a24d7d748f76e9925b825?s=96&d=mm&r=g\",\"url\":\"https:\\\/\\\/secure.gravatar.com\\\/avatar\\\/83c0f4e5f994ae4e4b9ae78b382f373b07a15509b31a24d7d748f76e9925b825?s=96&d=mm&r=g\",\"contentUrl\":\"https:\\\/\\\/secure.gravatar.com\\\/avatar\\\/83c0f4e5f994ae4e4b9ae78b382f373b07a15509b31a24d7d748f76e9925b825?s=96&d=mm&r=g\",\"caption\":\"dcadmin\"},\"sameAs\":[\"http:\\\/\\\/www.maapprogram.org\"],\"url\":\"https:\\\/\\\/www.maapprogram.org\\\/es\\\/author\\\/dcadmin\\\/\"}]}<\/script>\n<!-- \/ Yoast SEO plugin. -->","yoast_head_json":{"title":"MAAP Interactivo: Drivers de deforestaci\u00f3n en los Andes Amaz\u00f3nicos - MAAP","robots":{"index":"index","follow":"follow","max-snippet":"max-snippet:-1","max-image-preview":"max-image-preview:large","max-video-preview":"max-video-preview:-1"},"canonical":"https:\/\/www.maapprogram.org\/es\/interactivo_\/","og_locale":"es_ES","og_type":"article","og_title":"MAAP Interactivo: Drivers de deforestaci\u00f3n en los Andes Amaz\u00f3nicos - MAAP","og_description":"Desde su lanzamiento en abril del 2015, el MAAP ha publicado m\u00e1s de 70 informes sobre la deforestaci\u00f3n (y la p\u00e9rdida natural de bosques) en la Amazon\u00eda Andina. Hasta el momento nos hemos enfocado en\u00a0Per\u00fa, con varios informes en\u00a0Colombia\u00a0y\u00a0Brasil\u00a0tambi\u00e9n. Estos reportes est\u00e1n destinados a ser estudios de caso de los eventos de deforestaci\u00f3n m\u00e1s importantes [&hellip;]","og_url":"https:\/\/www.maapprogram.org\/es\/interactivo_\/","og_site_name":"MAAP","article_published_time":"2017-12-05T15:34:00+00:00","article_modified_time":"2024-09-24T20:31:58+00:00","author":"dcadmin","twitter_card":"summary_large_image","twitter_misc":{"Escrito por":"dcadmin","Tiempo de lectura":"2 minutos"},"schema":{"@context":"https:\/\/schema.org","@graph":[{"@type":"Article","@id":"https:\/\/www.maapprogram.org\/es\/interactivo_\/#article","isPartOf":{"@id":"https:\/\/www.maapprogram.org\/es\/interactivo_\/"},"author":{"name":"dcadmin","@id":"https:\/\/www.maapprogram.org\/es\/#\/schema\/person\/433e90c8debccfe16357e05627bbd443"},"headline":"MAAP Interactivo: Drivers de deforestaci\u00f3n en los Andes Amaz\u00f3nicos","datePublished":"2017-12-05T15:34:00+00:00","dateModified":"2024-09-24T20:31:58+00:00","mainEntityOfPage":{"@id":"https:\/\/www.maapprogram.org\/es\/interactivo_\/"},"wordCount":284,"keywords":["MAAP Interactive"],"articleSection":["Carreteras","Fuego","Inundaciones","Paises&gt;Bolivia","Paises&gt;Brasil","Paises&gt;Colombia","Paises&gt;Ecuador","Paises&gt;Per\u00fa","Palma Aceitera","Pasto-Ganado","Represas","Sintesis","Vientos Huracanados"],"inLanguage":"es"},{"@type":"WebPage","@id":"https:\/\/www.maapprogram.org\/es\/interactivo_\/","url":"https:\/\/www.maapprogram.org\/es\/interactivo_\/","name":"MAAP Interactivo: Drivers de deforestaci\u00f3n en los Andes Amaz\u00f3nicos - MAAP","isPartOf":{"@id":"https:\/\/www.maapprogram.org\/es\/#website"},"datePublished":"2017-12-05T15:34:00+00:00","dateModified":"2024-09-24T20:31:58+00:00","author":{"@id":"https:\/\/www.maapprogram.org\/es\/#\/schema\/person\/433e90c8debccfe16357e05627bbd443"},"breadcrumb":{"@id":"https:\/\/www.maapprogram.org\/es\/interactivo_\/#breadcrumb"},"inLanguage":"es","potentialAction":[{"@type":"ReadAction","target":["https:\/\/www.maapprogram.org\/es\/interactivo_\/"]}]},{"@type":"BreadcrumbList","@id":"https:\/\/www.maapprogram.org\/es\/interactivo_\/#breadcrumb","itemListElement":[{"@type":"ListItem","position":1,"name":"Home","item":"https:\/\/www.maapprogram.org\/es\/"},{"@type":"ListItem","position":2,"name":"MAAP Interactivo: Drivers de deforestaci\u00f3n en los Andes Amaz\u00f3nicos"}]},{"@type":"WebSite","@id":"https:\/\/www.maapprogram.org\/es\/#website","url":"https:\/\/www.maapprogram.org\/es\/","name":"MAAP","description":"","potentialAction":[{"@type":"SearchAction","target":{"@type":"EntryPoint","urlTemplate":"https:\/\/www.maapprogram.org\/es\/?s={search_term_string}"},"query-input":{"@type":"PropertyValueSpecification","valueRequired":true,"valueName":"search_term_string"}}],"inLanguage":"es"},{"@type":"Person","@id":"https:\/\/www.maapprogram.org\/es\/#\/schema\/person\/433e90c8debccfe16357e05627bbd443","name":"dcadmin","image":{"@type":"ImageObject","inLanguage":"es","@id":"https:\/\/secure.gravatar.com\/avatar\/83c0f4e5f994ae4e4b9ae78b382f373b07a15509b31a24d7d748f76e9925b825?s=96&d=mm&r=g","url":"https:\/\/secure.gravatar.com\/avatar\/83c0f4e5f994ae4e4b9ae78b382f373b07a15509b31a24d7d748f76e9925b825?s=96&d=mm&r=g","contentUrl":"https:\/\/secure.gravatar.com\/avatar\/83c0f4e5f994ae4e4b9ae78b382f373b07a15509b31a24d7d748f76e9925b825?s=96&d=mm&r=g","caption":"dcadmin"},"sameAs":["http:\/\/www.maapprogram.org"],"url":"https:\/\/www.maapprogram.org\/es\/author\/dcadmin\/"}]}},"_links":{"self":[{"href":"https:\/\/www.maapprogram.org\/es\/wp-json\/wp\/v2\/posts\/21103","targetHints":{"allow":["GET"]}}],"collection":[{"href":"https:\/\/www.maapprogram.org\/es\/wp-json\/wp\/v2\/posts"}],"about":[{"href":"https:\/\/www.maapprogram.org\/es\/wp-json\/wp\/v2\/types\/post"}],"author":[{"embeddable":true,"href":"https:\/\/www.maapprogram.org\/es\/wp-json\/wp\/v2\/users\/1"}],"replies":[{"embeddable":true,"href":"https:\/\/www.maapprogram.org\/es\/wp-json\/wp\/v2\/comments?post=21103"}],"version-history":[{"count":1,"href":"https:\/\/www.maapprogram.org\/es\/wp-json\/wp\/v2\/posts\/21103\/revisions"}],"predecessor-version":[{"id":23256,"href":"https:\/\/www.maapprogram.org\/es\/wp-json\/wp\/v2\/posts\/21103\/revisions\/23256"}],"wp:attachment":[{"href":"https:\/\/www.maapprogram.org\/es\/wp-json\/wp\/v2\/media?parent=21103"}],"wp:term":[{"taxonomy":"category","embeddable":true,"href":"https:\/\/www.maapprogram.org\/es\/wp-json\/wp\/v2\/categories?post=21103"},{"taxonomy":"post_tag","embeddable":true,"href":"https:\/\/www.maapprogram.org\/es\/wp-json\/wp\/v2\/tags?post=21103"},{"taxonomy":"ftr_agriculture","embeddable":true,"href":"https:\/\/www.maapprogram.org\/es\/wp-json\/wp\/v2\/ftr_agriculture?post=21103"},{"taxonomy":"carbon-and-climate-change","embeddable":true,"href":"https:\/\/www.maapprogram.org\/es\/wp-json\/wp\/v2\/carbon-and-climate-change?post=21103"},{"taxonomy":"ftr_country","embeddable":true,"href":"https:\/\/www.maapprogram.org\/es\/wp-json\/wp\/v2\/ftr_country?post=21103"},{"taxonomy":"fire","embeddable":true,"href":"https:\/\/www.maapprogram.org\/es\/wp-json\/wp\/v2\/fire?post=21103"},{"taxonomy":"infrastructure-threat","embeddable":true,"href":"https:\/\/www.maapprogram.org\/es\/wp-json\/wp\/v2\/infrastructure-threat?post=21103"},{"taxonomy":"land-use","embeddable":true,"href":"https:\/\/www.maapprogram.org\/es\/wp-json\/wp\/v2\/land-use?post=21103"},{"taxonomy":"mining-and-logging-threat","embeddable":true,"href":"https:\/\/www.maapprogram.org\/es\/wp-json\/wp\/v2\/mining-and-logging-threat?post=21103"},{"taxonomy":"natural-forest-loss","embeddable":true,"href":"https:\/\/www.maapprogram.org\/es\/wp-json\/wp\/v2\/natural-forest-loss?post=21103"},{"taxonomy":"special-analysis","embeddable":true,"href":"https:\/\/www.maapprogram.org\/es\/wp-json\/wp\/v2\/special-analysis?post=21103"}],"curies":[{"name":"wp","href":"https:\/\/api.w.org\/{rel}","templated":true}]}}