{"id":21106,"date":"2017-12-19T17:06:00","date_gmt":"2017-12-19T17:06:00","guid":{"rendered":"https:\/\/www.maapprogram.org\/mdd\/"},"modified":"2024-09-24T20:32:09","modified_gmt":"2024-09-24T20:32:09","slug":"mdd","status":"publish","type":"post","link":"https:\/\/www.maapprogram.org\/es\/mdd\/","title":{"rendered":"MAAP #75: El Papa visitar\u00e1 Madre de Dios, regi\u00f3n con una crisis de deforestaci\u00f3n"},"content":{"rendered":"<div id=\"attachment_6715\" class=\"thumbnail alignright\"><a href=\"https:\/\/www.maapprogram.org\/wp-content\/uploads\/2017\/12\/Def_Mdd_01_17_v2.jpg\"><img decoding=\"async\" class=\" wp-image-6715\" src=\"https:\/\/www.maapprogram.org\/wp-content\/uploads\/2017\/12\/Def_Mdd_01_17_v2.jpg\" alt=\"\" width=\"714\" height=\"383\" \/><\/a><div class=\"caption\">Cuadro 76. Datos: PNBC\/MINAM (2001-16), UMD\/GLAD (2017, hasta la primera semana de noviembre).<\/div><\/div>\n<p>El <strong>Papa Francisco<\/strong>, como parte de su pr\u00f3xima visita a Per\u00fa en enero, visitar\u00e1 Puerto Maldonado, capital de la regi\u00f3n <strong>Madre de Dios,<\/strong> en el sur de la Amazon\u00eda peruana. En dicha visita, se espera que El Papa aborde los problemas que enfrenta la Amazon\u00eda y sus comunidades ind\u00edgenas, incluyendo la deforestaci\u00f3n.<\/p>\n<p>En el presente art\u00edculo, mostramos como\u00a0Madre de Dios est\u00e1 experimentando una severa <strong>crisis de deforestaci\u00f3n<\/strong> debido\u00a0principalmente a los drivers de miner\u00eda, agricultura, y construcci\u00f3n de carreteras.<\/p>\n<p>El <strong>Cuadro 76<\/strong> muestra la <strong>tendencia\u00a0creciente<\/strong> de p\u00e9rdida anual de bosque anual desde el 2001, alcanzando un valor m\u00e1ximo en el 2017. En 2017, la p\u00e9rdida anual de bosque ha superado las\u00a0<strong>20,000 hect\u00e1reas<\/strong> (28,500 campos de f\u00fatbol) por primera vez, duplicando la\u00a0p\u00e9rdida del 2008.*<\/p>\n<p>El cuadro tambi\u00e9n muestra el avance de Madre de Dios en el\u00a0<strong>ranking<\/strong>\u00a0de las regiones amazonicas con mayor deforestaci\u00f3n en el Per\u00fa. Por primera vez,\u00a0la regi\u00f3n Madre de Dios posee la segunda tasa m\u00e1s alta de p\u00e9rdida forestal entre todas las regiones (ver\u00a0<strong>linea <span style=\"color: #ff0000;\">roja<\/span><\/strong>),\u00a0seguido solo de Ucayali.<\/p>\n<p>A continuaci\u00f3n, presentamos el mapa de hotspots de deforestaci\u00f3n en Madre de Dios, junto con im\u00e1genes satelitales de las zonas m\u00e1s afectadas.<\/p>\n<p>*El\u00a0total de p\u00e9rdidas estimadas para el a\u00f1o 2017 se bas\u00f3 en las alertas\u00a0tempranas generadas por el Programa Nacional de Bosques del Ministerio del Ambiente (PNCB\/MINAM). El estimado es de 20,826 hect\u00e1reas hasta la primera semana de noviembre.<\/p>\n<div class=\"fitem-sep\"><\/div>\n<h3><strong>Hotspots de Deforestaci\u00f3n en Madre de Dios<\/strong><\/h3>\n<p>La <strong>Imagen 76<\/strong> muestra el mapa de <strong>hotspots de deforestaci\u00f3n en Madre de Dios <\/strong>para el a\u00f1o\u00a0<strong>2017<\/strong>, basado en los datos de alerta temprana de perdida bosque (PNCB\/MINAM). Los colores amarillo (baja), naranja (media\/alta), \u00a0y rojo (muy alta) corresponden a las zonas con mayor concentraci\u00f3n de alertas, es decir los hotspots\u00a0de deforestaci\u00f3n principales del 2017.\u00a0En el mapa observamos como a lo largo de la carretera Interoce\u00e1nica se han producido la mayor\u00eda de los eventos recientes de deforestaci\u00f3n.<\/p>\n<p>A continuaci\u00f3n,\u00a0describimos <strong>7\u00a0hotspots (Cuadros A-G)<\/strong>\u00a0principales que representan la\u00a0deforestaci\u00f3n de 6,000 hectareas. Se muestra que\u00a0adem\u00e1s de la miner\u00eda aur\u00edfera, la agricultura a peque\u00f1a escala es un driver principal.<\/p>\n<div id=\"attachment_6716\" class=\"thumbnail aligncenter\"><a href=\"https:\/\/www.maapprogram.org\/wp-content\/uploads\/2017\/12\/HOTSPOTS-MDD_v8.jpg\"><img decoding=\"async\" class=\"wp-image-6716\" src=\"https:\/\/www.maapprogram.org\/wp-content\/uploads\/2017\/12\/HOTSPOTS-MDD_v8.jpg\" alt=\"\" width=\"765\" height=\"526\" \/><\/a><div class=\"caption\">Imagen 76. Mapa Base de Hotspots en Madre de Dios en 2017. Datos: PNBC\/MINAM, UMD\/GLAD<\/div><\/div>\n<div class=\"fitem-sep\"><\/div>\n<h3><strong>La Pampa <\/strong>(Cuadro A)<\/h3>\n<p>La Pampa\u00a0contin\u00faa experimentando una\u00a0deforestaci\u00f3n grave debido al avance de la\u00a0<strong>miner\u00eda aur\u00edfera<\/strong>. A pesar de las intervenciones realizadas por el Gobierno peruano, hemos documentado la deforestaci\u00f3n de <strong>560 hect\u00e1reas<\/strong> (770 campos de f\u00fatbol) en el 2017 (<strong>Imagen 76a<\/strong>),\u00a0teniendo un total de\u00a0<strong>4,560 hect\u00e1reas\u00a0<\/strong>(6,250 campos de f\u00fatbol) desde el 2013.<\/p>\n<div id=\"attachment_6717\" class=\"thumbnail aligncenter\"><a href=\"https:\/\/www.maapprogram.org\/wp-content\/uploads\/2017\/12\/MAAP_LaPampa_A_m_v1.jpg\"><img decoding=\"async\" class=\"size-full wp-image-6717\" src=\"https:\/\/www.maapprogram.org\/wp-content\/uploads\/2017\/12\/MAAP_LaPampa_A_m_v1.jpg\" alt=\"\" width=\"1951\" height=\"704\" \/><\/a><div class=\"caption\">Imagen 76a. Datos: Planet<\/div><\/div>\n<div class=\"fitem-sep\"><\/div>\n<h3><strong>Alto Malinowski <\/strong>(Cuadro B)<\/h3>\n<p>Aguas arriba de La Pampa\u00a0se encuentra la cuenca alta del R\u00edo Malinowski, otra zona devastada por la <strong>miner\u00eda aur\u00edfera<\/strong>. Hemos documentado la deforestaci\u00f3n de <strong>726\u00a0hect\u00e1reas<\/strong>\u00a0(995 campos de f\u00fatbol) en el 2017 en el Alto Malinowski (<strong>Imagen 76b<\/strong>), sumando\u00a0<strong>2,130\u00a0hect\u00e1reas\u00a0<\/strong>(2,920 campos de f\u00fatbol) desde el 2015.<\/p>\n<div id=\"attachment_6718\" class=\"thumbnail aligncenter\"><a href=\"https:\/\/www.maapprogram.org\/wp-content\/uploads\/2017\/12\/MAAP_Malinowski_B_m_v1.jpg\"><img decoding=\"async\" class=\"wp-image-6718 size-full\" src=\"https:\/\/www.maapprogram.org\/wp-content\/uploads\/2017\/12\/MAAP_Malinowski_B_m_v1.jpg\" alt=\"\" width=\"1829\" height=\"719\" \/><\/a><div class=\"caption\">Imagen 76b. Datos: Planet<\/div><\/div>\n<div class=\"fitem-sep\"><\/div>\n<h3><strong>Santa Rita<\/strong> y <strong>Guacamayo<\/strong> (Cuadros C y D)<\/h3>\n<p>Al norte de las zonas mineras de La Pampa y Alto Malinowski, al otro lado de la carretera Interoce\u00e1nica, hay dos zonas con\u00a0alta concentraci\u00f3n de deforestaci\u00f3n reciente debida a la\u00a0<strong>actividad\u00a0<\/strong><b>agr\u00edcola<\/b>. En dichas zonas, documentamos la deforestaci\u00f3n de <strong>1,170 hect\u00e1reas<\/strong> (1,600 campos de f\u00fatbol) en el 2017 en las dos zonas (<strong>Im\u00e1genes 76c<\/strong>,<strong> 76d<\/strong>). Se requiere de una investigaci\u00f3n sobre los tipos de cultivos,\u00a0aun as\u00ed fuentes locales indican\u00a0un aumento en la producci\u00f3n de papaya y cacao en la zona.<\/p>\n<div id=\"attachment_6719\" class=\"thumbnail aligncenter\"><a href=\"https:\/\/www.maapprogram.org\/wp-content\/uploads\/2017\/12\/MAAP_SantaRita_C_m_v2.jpg\"><img decoding=\"async\" class=\"wp-image-6719 size-full\" src=\"https:\/\/www.maapprogram.org\/wp-content\/uploads\/2017\/12\/MAAP_SantaRita_C_m_v2.jpg\" alt=\"\" width=\"2089\" height=\"720\" \/><\/a><div class=\"caption\">Imagen 76c. Datos: Planet, ESA<\/div><\/div>\n<div id=\"attachment_6720\" class=\"thumbnail aligncenter\"><a href=\"https:\/\/www.maapprogram.org\/wp-content\/uploads\/2017\/12\/MAAP_Guacamayo_D_m_v1.jpg\"><img decoding=\"async\" class=\"wp-image-6720 size-full\" src=\"https:\/\/www.maapprogram.org\/wp-content\/uploads\/2017\/12\/MAAP_Guacamayo_D_m_v1.jpg\" alt=\"\" width=\"1700\" height=\"720\" \/><\/a><div class=\"caption\">Imagen 76d. Datos: Planet<\/div><\/div>\n<div class=\"fitem-sep\"><\/div>\n<h3><strong>Iberia<\/strong> (Cuadro E)<\/h3>\n<p>En el otro lado de la regi\u00f3n, a lo largo la carretera Interoce\u00e1nica, cerca de la frontera con Brasil y Bolivia, est\u00e1 la localidad de Iberia. Esta zona se ha convertido en un grave hotspot de deforestaci\u00f3n en los \u00faltimos a\u00f1os. En esta zona, se detecta la deforestaci\u00f3n de <strong>910\u00a0hect\u00e1reas<\/strong>\u00a0(1,250 campos de f\u00fatbol) en el 2017 (<strong>Imagen 76e<\/strong>), teniendo un total de <strong>2,750\u00a0hect\u00e1reas\u00a0<\/strong>desde el 2014. El impacto mas grave est\u00e1 ocurriendo cerca el centro poblado Pacahuara. Cabe destacar que gran parte de la deforestaci\u00f3n se encuentra al interior de concesiones forestales, indicando\u00a0que estar\u00edan siendo invadidas. La causa de la deforestaci\u00f3n\u00a0ser\u00eda la\u00a0<strong>actividad\u00a0<\/strong><b>agr\u00edcola<\/b>,\u00a0debido al aumento de cultivos como\u00a0ma\u00edz, papaya, y cacao\u00a0 (seg\u00fan algunas fuentes locales que conocen lo zona).<\/p>\n<div id=\"attachment_6721\" class=\"thumbnail aligncenter\"><a href=\"https:\/\/www.maapprogram.org\/wp-content\/uploads\/2017\/12\/MAAP_Iberia_E_m_v1.jpg\"><img decoding=\"async\" class=\"wp-image-6721 size-full\" src=\"https:\/\/www.maapprogram.org\/wp-content\/uploads\/2017\/12\/MAAP_Iberia_E_m_v1.jpg\" alt=\"\" width=\"1968\" height=\"720\" \/><\/a><div class=\"caption\">Imagen 76e. Datos: Planet<\/div><\/div>\n<div class=\"fitem-sep\"><\/div>\n<h3><strong>Tahuamanu<\/strong> (Cuadro F)<\/h3>\n<p>Al oeste de la localidad de Iberia\u00a0\u00a0se encuentra un hotspot aislado, causado por una gran proliferaci\u00f3n de carreteras forestales. Dicho hotspot se encuentra dentro una concesi\u00f3n forestal,\u00a0pero su impacto es preocupante debido a la\u00a0extensi\u00f3n y\u00a0densidad de\u00a0la red de nuevas carreteras.\u00a0Estimamos la construcci\u00f3n de <strong>130\u00a0km<\/strong> de carreteras forestales en esta zona, en el 2017 (<strong>Imagen 76f<\/strong>).<\/p>\n<div id=\"attachment_6722\" class=\"thumbnail aligncenter\"><a href=\"https:\/\/www.maapprogram.org\/wp-content\/uploads\/2017\/12\/MAAP_Tahuamanu_F_m_v2.jpg\"><img decoding=\"async\" class=\"wp-image-6722 size-full\" src=\"https:\/\/www.maapprogram.org\/wp-content\/uploads\/2017\/12\/MAAP_Tahuamanu_F_m_v2.jpg\" alt=\"\" width=\"1968\" height=\"720\" \/><\/a><div class=\"caption\">Imagen 76f. Datos: Planet<\/div><\/div>\n<div class=\"fitem-sep\"><\/div>\n<h3><strong>Las Piedras<\/strong> (Cuadro G)<\/h3>\n<p>Finalmente,\u00a0hay que destacar que la deforestaci\u00f3n continua en el interior de dos\u00a0<strong>concesiones de ecoturismo<\/strong>\u00a0a lo largo del\u00a0<strong>r\u00edo Las Piedras<\/strong>,\u00a0siendo una zona reconocida reconocida por su\u00a0excepcional\u00a0fauna\u00a0silvestre (ver este <a href=\"https:\/\/vimeo.com\/126938814\">video<\/a>). Hemos documentado la deforestaci\u00f3n de <strong>134\u00a0hect\u00e1reas<\/strong>\u00a0en el 2017 (<strong>Imagen 76g<\/strong>), alcanzando un total de <strong>605\u00a0hect\u00e1reas<\/strong>\u00a0desde el 2013. N\u00f3tese que la Concesi\u00f3n de Ecoturismo Las Piedras Amazon Centre (LPAC) representa una barrera eficaz contra la deforestaci\u00f3n que ocurre en las concesiones circundantes. Seg\u00fan fuentes locales, las causas principales de la deforestaci\u00f3n en la zona\u00a0estar\u00edan asociadas a nuevas plantaciones de cacao y al aumento de \u00e1reas dedicadas a pastos para ganado.<\/p>\n<div id=\"attachment_6727\" class=\"thumbnail aligncenter\"><a href=\"https:\/\/www.maapprogram.org\/wp-content\/uploads\/2017\/12\/MAAP_Lucerna_G_m_v3-.jpg\"><img decoding=\"async\" class=\"size-full wp-image-6727\" src=\"https:\/\/www.maapprogram.org\/wp-content\/uploads\/2017\/12\/MAAP_Lucerna_G_m_v3-.jpg\" alt=\"\" width=\"1697\" height=\"716\" \/><\/a><div class=\"caption\">Imagen 76g. Datos: Planet<\/div><\/div>\n<div class=\"fitem-sep\"><\/div>\n<h3><strong>Coordenadas<\/strong><\/h3>\n<p><strong>Zona A:<\/strong>\u00a0-12.99, -69.90<strong><br \/>\n<\/strong><strong>Zona B:\u00a0<\/strong>-13.05, -70.17<strong><br \/>\n<\/strong><strong>Zona C:\u00a0<\/strong>-12.85, -70.26<strong><br \/>\n<\/strong><strong>Zona D:\u00a0<\/strong>-12.84, -69.99<strong><br \/>\n<\/strong><strong>Zona E:\u00a0<\/strong>-11.31, -69.61<strong><br \/>\n<\/strong><strong>Zona F:\u00a0<\/strong>-11.23, -70.05<strong><br \/>\n<\/strong><strong>Zona G:\u00a0<\/strong>-11.601711,\u00a0-70.477295<\/p>\n<table width=\"196\">\n<tbody>\n<tr style=\"height: 10.4063px;\">\n<td style=\"height: 10.4063px;\" width=\"97\"><\/td>\n<td style=\"height: 10.4063px;\" width=\"99\"><\/td>\n<\/tr>\n<\/tbody>\n<\/table>\n<div class=\"fitem-sep\"><\/div>\n<h3><strong>Referencias<\/strong><\/h3>\n<p>Planet Team (2017). Planet Application Program Interface: In Space for Life on Earth. San Francisco, CA.\u00a0<a href=\"https:\/\/api.planet.com\/\">https:\/\/api.planet.com<\/a><\/p>\n<div class=\"fitem-sep\"><\/div>\n<h3><strong>Cita<\/strong><\/h3>\n<p>Finer M, Novoa S, Garcia R (2017)\u00a0El Papa visitar\u00e1 Madre de Dios, regi\u00f3n con una crisis de deforestaci\u00f3n. MAAP: 75.<\/p>\n<div class=\"fitem-sep\"><\/div>\n","protected":false},"excerpt":{"rendered":"<p>El Papa Francisco, como parte de su pr\u00f3xima visita a Per\u00fa en enero, visitar\u00e1 Puerto Maldonado, capital de la regi\u00f3n Madre de Dios, en el sur de la Amazon\u00eda peruana. En dicha visita, se espera que El Papa aborde los problemas que enfrenta la Amazon\u00eda y sus comunidades ind\u00edgenas, incluyendo la deforestaci\u00f3n. En el presente [&hellip;]<\/p>\n","protected":false},"author":1,"featured_media":0,"comment_status":"open","ping_status":"open","sticky":false,"template":"","format":"standard","meta":{"_acf_changed":false,"footnotes":""},"categories":[347],"tags":[156],"ftr_agriculture":[355,367],"carbon-and-climate-change":[],"ftr_country":[483],"fire":[],"infrastructure-threat":[],"land-use":[],"mining-and-logging-threat":[434],"natural-forest-loss":[],"special-analysis":[439],"class_list":["post-21106","post","type-post","status-publish","format-standard","hentry","category-paisesperu","tag-maap-75","ftr_agriculture-cacao-es","ftr_agriculture-otros-cultivos","ftr_country-peru-2","mining-and-logging-threat-mineria-de-oro","special-analysis-focos-de-deforestacion"],"acf":[],"yoast_head":"<!-- This site is optimized with the Yoast SEO plugin v27.3 - https:\/\/yoast.com\/product\/yoast-seo-wordpress\/ -->\n<title>MAAP #75: El Papa visitar\u00e1 Madre de Dios, regi\u00f3n con una crisis de deforestaci\u00f3n - MAAP<\/title>\n<meta name=\"robots\" content=\"index, follow, max-snippet:-1, max-image-preview:large, max-video-preview:-1\" \/>\n<link rel=\"canonical\" href=\"https:\/\/www.maapprogram.org\/es\/mdd\/\" \/>\n<meta property=\"og:locale\" content=\"es_ES\" \/>\n<meta property=\"og:type\" content=\"article\" \/>\n<meta property=\"og:title\" content=\"MAAP #75: El Papa visitar\u00e1 Madre de Dios, regi\u00f3n con una crisis de deforestaci\u00f3n - MAAP\" \/>\n<meta property=\"og:description\" content=\"El Papa Francisco, como parte de su pr\u00f3xima visita a Per\u00fa en enero, visitar\u00e1 Puerto Maldonado, capital de la regi\u00f3n Madre de Dios, en el sur de la Amazon\u00eda peruana. En dicha visita, se espera que El Papa aborde los problemas que enfrenta la Amazon\u00eda y sus comunidades ind\u00edgenas, incluyendo la deforestaci\u00f3n. En el presente [&hellip;]\" \/>\n<meta property=\"og:url\" content=\"https:\/\/www.maapprogram.org\/es\/mdd\/\" \/>\n<meta property=\"og:site_name\" content=\"MAAP\" \/>\n<meta property=\"article:published_time\" content=\"2017-12-19T17:06:00+00:00\" \/>\n<meta property=\"article:modified_time\" content=\"2024-09-24T20:32:09+00:00\" \/>\n<meta property=\"og:image\" content=\"https:\/\/www.maapprogram.org\/wp-content\/uploads\/2017\/12\/Def_Mdd_01_17_v2.jpg\" \/>\n<meta name=\"author\" content=\"dcadmin\" \/>\n<meta name=\"twitter:card\" content=\"summary_large_image\" \/>\n<meta name=\"twitter:label1\" content=\"Escrito por\" \/>\n\t<meta name=\"twitter:data1\" content=\"dcadmin\" \/>\n\t<meta name=\"twitter:label2\" content=\"Tiempo de lectura\" \/>\n\t<meta name=\"twitter:data2\" content=\"7 minutos\" \/>\n<script type=\"application\/ld+json\" class=\"yoast-schema-graph\">{\"@context\":\"https:\\\/\\\/schema.org\",\"@graph\":[{\"@type\":\"Article\",\"@id\":\"https:\\\/\\\/www.maapprogram.org\\\/es\\\/mdd\\\/#article\",\"isPartOf\":{\"@id\":\"https:\\\/\\\/www.maapprogram.org\\\/es\\\/mdd\\\/\"},\"author\":{\"name\":\"dcadmin\",\"@id\":\"https:\\\/\\\/www.maapprogram.org\\\/es\\\/#\\\/schema\\\/person\\\/433e90c8debccfe16357e05627bbd443\"},\"headline\":\"MAAP #75: El Papa visitar\u00e1 Madre de Dios, regi\u00f3n con una crisis de deforestaci\u00f3n\",\"datePublished\":\"2017-12-19T17:06:00+00:00\",\"dateModified\":\"2024-09-24T20:32:09+00:00\",\"mainEntityOfPage\":{\"@id\":\"https:\\\/\\\/www.maapprogram.org\\\/es\\\/mdd\\\/\"},\"wordCount\":1148,\"commentCount\":0,\"image\":{\"@id\":\"https:\\\/\\\/www.maapprogram.org\\\/es\\\/mdd\\\/#primaryimage\"},\"thumbnailUrl\":\"https:\\\/\\\/www.maapprogram.org\\\/wp-content\\\/uploads\\\/2017\\\/12\\\/Def_Mdd_01_17_v2.jpg\",\"keywords\":[\"MAAP #75\"],\"articleSection\":[\"Paises&gt;Per\u00fa\"],\"inLanguage\":\"es\",\"potentialAction\":[{\"@type\":\"CommentAction\",\"name\":\"Comment\",\"target\":[\"https:\\\/\\\/www.maapprogram.org\\\/es\\\/mdd\\\/#respond\"]}]},{\"@type\":\"WebPage\",\"@id\":\"https:\\\/\\\/www.maapprogram.org\\\/es\\\/mdd\\\/\",\"url\":\"https:\\\/\\\/www.maapprogram.org\\\/es\\\/mdd\\\/\",\"name\":\"MAAP #75: El Papa visitar\u00e1 Madre de Dios, regi\u00f3n con una crisis de deforestaci\u00f3n - MAAP\",\"isPartOf\":{\"@id\":\"https:\\\/\\\/www.maapprogram.org\\\/es\\\/#website\"},\"primaryImageOfPage\":{\"@id\":\"https:\\\/\\\/www.maapprogram.org\\\/es\\\/mdd\\\/#primaryimage\"},\"image\":{\"@id\":\"https:\\\/\\\/www.maapprogram.org\\\/es\\\/mdd\\\/#primaryimage\"},\"thumbnailUrl\":\"https:\\\/\\\/www.maapprogram.org\\\/wp-content\\\/uploads\\\/2017\\\/12\\\/Def_Mdd_01_17_v2.jpg\",\"datePublished\":\"2017-12-19T17:06:00+00:00\",\"dateModified\":\"2024-09-24T20:32:09+00:00\",\"author\":{\"@id\":\"https:\\\/\\\/www.maapprogram.org\\\/es\\\/#\\\/schema\\\/person\\\/433e90c8debccfe16357e05627bbd443\"},\"breadcrumb\":{\"@id\":\"https:\\\/\\\/www.maapprogram.org\\\/es\\\/mdd\\\/#breadcrumb\"},\"inLanguage\":\"es\",\"potentialAction\":[{\"@type\":\"ReadAction\",\"target\":[\"https:\\\/\\\/www.maapprogram.org\\\/es\\\/mdd\\\/\"]}]},{\"@type\":\"ImageObject\",\"inLanguage\":\"es\",\"@id\":\"https:\\\/\\\/www.maapprogram.org\\\/es\\\/mdd\\\/#primaryimage\",\"url\":\"https:\\\/\\\/www.maapprogram.org\\\/wp-content\\\/uploads\\\/2017\\\/12\\\/Def_Mdd_01_17_v2.jpg\",\"contentUrl\":\"https:\\\/\\\/www.maapprogram.org\\\/wp-content\\\/uploads\\\/2017\\\/12\\\/Def_Mdd_01_17_v2.jpg\"},{\"@type\":\"BreadcrumbList\",\"@id\":\"https:\\\/\\\/www.maapprogram.org\\\/es\\\/mdd\\\/#breadcrumb\",\"itemListElement\":[{\"@type\":\"ListItem\",\"position\":1,\"name\":\"Home\",\"item\":\"https:\\\/\\\/www.maapprogram.org\\\/es\\\/\"},{\"@type\":\"ListItem\",\"position\":2,\"name\":\"MAAP #75: El Papa visitar\u00e1 Madre de Dios, regi\u00f3n con una crisis de deforestaci\u00f3n\"}]},{\"@type\":\"WebSite\",\"@id\":\"https:\\\/\\\/www.maapprogram.org\\\/es\\\/#website\",\"url\":\"https:\\\/\\\/www.maapprogram.org\\\/es\\\/\",\"name\":\"MAAP\",\"description\":\"\",\"potentialAction\":[{\"@type\":\"SearchAction\",\"target\":{\"@type\":\"EntryPoint\",\"urlTemplate\":\"https:\\\/\\\/www.maapprogram.org\\\/es\\\/?s={search_term_string}\"},\"query-input\":{\"@type\":\"PropertyValueSpecification\",\"valueRequired\":true,\"valueName\":\"search_term_string\"}}],\"inLanguage\":\"es\"},{\"@type\":\"Person\",\"@id\":\"https:\\\/\\\/www.maapprogram.org\\\/es\\\/#\\\/schema\\\/person\\\/433e90c8debccfe16357e05627bbd443\",\"name\":\"dcadmin\",\"image\":{\"@type\":\"ImageObject\",\"inLanguage\":\"es\",\"@id\":\"https:\\\/\\\/secure.gravatar.com\\\/avatar\\\/83c0f4e5f994ae4e4b9ae78b382f373b07a15509b31a24d7d748f76e9925b825?s=96&d=mm&r=g\",\"url\":\"https:\\\/\\\/secure.gravatar.com\\\/avatar\\\/83c0f4e5f994ae4e4b9ae78b382f373b07a15509b31a24d7d748f76e9925b825?s=96&d=mm&r=g\",\"contentUrl\":\"https:\\\/\\\/secure.gravatar.com\\\/avatar\\\/83c0f4e5f994ae4e4b9ae78b382f373b07a15509b31a24d7d748f76e9925b825?s=96&d=mm&r=g\",\"caption\":\"dcadmin\"},\"sameAs\":[\"http:\\\/\\\/www.maapprogram.org\"],\"url\":\"https:\\\/\\\/www.maapprogram.org\\\/es\\\/author\\\/dcadmin\\\/\"}]}<\/script>\n<!-- \/ Yoast SEO plugin. -->","yoast_head_json":{"title":"MAAP #75: El Papa visitar\u00e1 Madre de Dios, regi\u00f3n con una crisis de deforestaci\u00f3n - MAAP","robots":{"index":"index","follow":"follow","max-snippet":"max-snippet:-1","max-image-preview":"max-image-preview:large","max-video-preview":"max-video-preview:-1"},"canonical":"https:\/\/www.maapprogram.org\/es\/mdd\/","og_locale":"es_ES","og_type":"article","og_title":"MAAP #75: El Papa visitar\u00e1 Madre de Dios, regi\u00f3n con una crisis de deforestaci\u00f3n - MAAP","og_description":"El Papa Francisco, como parte de su pr\u00f3xima visita a Per\u00fa en enero, visitar\u00e1 Puerto Maldonado, capital de la regi\u00f3n Madre de Dios, en el sur de la Amazon\u00eda peruana. En dicha visita, se espera que El Papa aborde los problemas que enfrenta la Amazon\u00eda y sus comunidades ind\u00edgenas, incluyendo la deforestaci\u00f3n. En el presente [&hellip;]","og_url":"https:\/\/www.maapprogram.org\/es\/mdd\/","og_site_name":"MAAP","article_published_time":"2017-12-19T17:06:00+00:00","article_modified_time":"2024-09-24T20:32:09+00:00","og_image":[{"url":"https:\/\/www.maapprogram.org\/wp-content\/uploads\/2017\/12\/Def_Mdd_01_17_v2.jpg","type":"","width":"","height":""}],"author":"dcadmin","twitter_card":"summary_large_image","twitter_misc":{"Escrito por":"dcadmin","Tiempo de lectura":"7 minutos"},"schema":{"@context":"https:\/\/schema.org","@graph":[{"@type":"Article","@id":"https:\/\/www.maapprogram.org\/es\/mdd\/#article","isPartOf":{"@id":"https:\/\/www.maapprogram.org\/es\/mdd\/"},"author":{"name":"dcadmin","@id":"https:\/\/www.maapprogram.org\/es\/#\/schema\/person\/433e90c8debccfe16357e05627bbd443"},"headline":"MAAP #75: El Papa visitar\u00e1 Madre de Dios, regi\u00f3n con una crisis de deforestaci\u00f3n","datePublished":"2017-12-19T17:06:00+00:00","dateModified":"2024-09-24T20:32:09+00:00","mainEntityOfPage":{"@id":"https:\/\/www.maapprogram.org\/es\/mdd\/"},"wordCount":1148,"commentCount":0,"image":{"@id":"https:\/\/www.maapprogram.org\/es\/mdd\/#primaryimage"},"thumbnailUrl":"https:\/\/www.maapprogram.org\/wp-content\/uploads\/2017\/12\/Def_Mdd_01_17_v2.jpg","keywords":["MAAP #75"],"articleSection":["Paises&gt;Per\u00fa"],"inLanguage":"es","potentialAction":[{"@type":"CommentAction","name":"Comment","target":["https:\/\/www.maapprogram.org\/es\/mdd\/#respond"]}]},{"@type":"WebPage","@id":"https:\/\/www.maapprogram.org\/es\/mdd\/","url":"https:\/\/www.maapprogram.org\/es\/mdd\/","name":"MAAP #75: El Papa visitar\u00e1 Madre de Dios, regi\u00f3n con una crisis de deforestaci\u00f3n - MAAP","isPartOf":{"@id":"https:\/\/www.maapprogram.org\/es\/#website"},"primaryImageOfPage":{"@id":"https:\/\/www.maapprogram.org\/es\/mdd\/#primaryimage"},"image":{"@id":"https:\/\/www.maapprogram.org\/es\/mdd\/#primaryimage"},"thumbnailUrl":"https:\/\/www.maapprogram.org\/wp-content\/uploads\/2017\/12\/Def_Mdd_01_17_v2.jpg","datePublished":"2017-12-19T17:06:00+00:00","dateModified":"2024-09-24T20:32:09+00:00","author":{"@id":"https:\/\/www.maapprogram.org\/es\/#\/schema\/person\/433e90c8debccfe16357e05627bbd443"},"breadcrumb":{"@id":"https:\/\/www.maapprogram.org\/es\/mdd\/#breadcrumb"},"inLanguage":"es","potentialAction":[{"@type":"ReadAction","target":["https:\/\/www.maapprogram.org\/es\/mdd\/"]}]},{"@type":"ImageObject","inLanguage":"es","@id":"https:\/\/www.maapprogram.org\/es\/mdd\/#primaryimage","url":"https:\/\/www.maapprogram.org\/wp-content\/uploads\/2017\/12\/Def_Mdd_01_17_v2.jpg","contentUrl":"https:\/\/www.maapprogram.org\/wp-content\/uploads\/2017\/12\/Def_Mdd_01_17_v2.jpg"},{"@type":"BreadcrumbList","@id":"https:\/\/www.maapprogram.org\/es\/mdd\/#breadcrumb","itemListElement":[{"@type":"ListItem","position":1,"name":"Home","item":"https:\/\/www.maapprogram.org\/es\/"},{"@type":"ListItem","position":2,"name":"MAAP #75: El Papa visitar\u00e1 Madre de Dios, regi\u00f3n con una crisis de deforestaci\u00f3n"}]},{"@type":"WebSite","@id":"https:\/\/www.maapprogram.org\/es\/#website","url":"https:\/\/www.maapprogram.org\/es\/","name":"MAAP","description":"","potentialAction":[{"@type":"SearchAction","target":{"@type":"EntryPoint","urlTemplate":"https:\/\/www.maapprogram.org\/es\/?s={search_term_string}"},"query-input":{"@type":"PropertyValueSpecification","valueRequired":true,"valueName":"search_term_string"}}],"inLanguage":"es"},{"@type":"Person","@id":"https:\/\/www.maapprogram.org\/es\/#\/schema\/person\/433e90c8debccfe16357e05627bbd443","name":"dcadmin","image":{"@type":"ImageObject","inLanguage":"es","@id":"https:\/\/secure.gravatar.com\/avatar\/83c0f4e5f994ae4e4b9ae78b382f373b07a15509b31a24d7d748f76e9925b825?s=96&d=mm&r=g","url":"https:\/\/secure.gravatar.com\/avatar\/83c0f4e5f994ae4e4b9ae78b382f373b07a15509b31a24d7d748f76e9925b825?s=96&d=mm&r=g","contentUrl":"https:\/\/secure.gravatar.com\/avatar\/83c0f4e5f994ae4e4b9ae78b382f373b07a15509b31a24d7d748f76e9925b825?s=96&d=mm&r=g","caption":"dcadmin"},"sameAs":["http:\/\/www.maapprogram.org"],"url":"https:\/\/www.maapprogram.org\/es\/author\/dcadmin\/"}]}},"_links":{"self":[{"href":"https:\/\/www.maapprogram.org\/es\/wp-json\/wp\/v2\/posts\/21106","targetHints":{"allow":["GET"]}}],"collection":[{"href":"https:\/\/www.maapprogram.org\/es\/wp-json\/wp\/v2\/posts"}],"about":[{"href":"https:\/\/www.maapprogram.org\/es\/wp-json\/wp\/v2\/types\/post"}],"author":[{"embeddable":true,"href":"https:\/\/www.maapprogram.org\/es\/wp-json\/wp\/v2\/users\/1"}],"replies":[{"embeddable":true,"href":"https:\/\/www.maapprogram.org\/es\/wp-json\/wp\/v2\/comments?post=21106"}],"version-history":[{"count":1,"href":"https:\/\/www.maapprogram.org\/es\/wp-json\/wp\/v2\/posts\/21106\/revisions"}],"predecessor-version":[{"id":23257,"href":"https:\/\/www.maapprogram.org\/es\/wp-json\/wp\/v2\/posts\/21106\/revisions\/23257"}],"wp:attachment":[{"href":"https:\/\/www.maapprogram.org\/es\/wp-json\/wp\/v2\/media?parent=21106"}],"wp:term":[{"taxonomy":"category","embeddable":true,"href":"https:\/\/www.maapprogram.org\/es\/wp-json\/wp\/v2\/categories?post=21106"},{"taxonomy":"post_tag","embeddable":true,"href":"https:\/\/www.maapprogram.org\/es\/wp-json\/wp\/v2\/tags?post=21106"},{"taxonomy":"ftr_agriculture","embeddable":true,"href":"https:\/\/www.maapprogram.org\/es\/wp-json\/wp\/v2\/ftr_agriculture?post=21106"},{"taxonomy":"carbon-and-climate-change","embeddable":true,"href":"https:\/\/www.maapprogram.org\/es\/wp-json\/wp\/v2\/carbon-and-climate-change?post=21106"},{"taxonomy":"ftr_country","embeddable":true,"href":"https:\/\/www.maapprogram.org\/es\/wp-json\/wp\/v2\/ftr_country?post=21106"},{"taxonomy":"fire","embeddable":true,"href":"https:\/\/www.maapprogram.org\/es\/wp-json\/wp\/v2\/fire?post=21106"},{"taxonomy":"infrastructure-threat","embeddable":true,"href":"https:\/\/www.maapprogram.org\/es\/wp-json\/wp\/v2\/infrastructure-threat?post=21106"},{"taxonomy":"land-use","embeddable":true,"href":"https:\/\/www.maapprogram.org\/es\/wp-json\/wp\/v2\/land-use?post=21106"},{"taxonomy":"mining-and-logging-threat","embeddable":true,"href":"https:\/\/www.maapprogram.org\/es\/wp-json\/wp\/v2\/mining-and-logging-threat?post=21106"},{"taxonomy":"natural-forest-loss","embeddable":true,"href":"https:\/\/www.maapprogram.org\/es\/wp-json\/wp\/v2\/natural-forest-loss?post=21106"},{"taxonomy":"special-analysis","embeddable":true,"href":"https:\/\/www.maapprogram.org\/es\/wp-json\/wp\/v2\/special-analysis?post=21106"}],"curies":[{"name":"wp","href":"https:\/\/api.w.org\/{rel}","templated":true}]}}