{"id":21108,"date":"2018-04-02T13:09:00","date_gmt":"2018-04-02T13:09:00","guid":{"rendered":"https:\/\/www.maapprogram.org\/peru-carbono\/"},"modified":"2024-09-25T13:33:38","modified_gmt":"2024-09-25T13:33:38","slug":"peru-carbono","status":"publish","type":"post","link":"https:\/\/www.maapprogram.org\/es\/peru-carbono\/","title":{"rendered":"MAAP #81: P\u00e9rdida de Carbono por deforestaci\u00f3n en la Amazon\u00eda Peruana"},"content":{"rendered":"<div id=\"attachment_7015\" class=\"thumbnail alignright\"><a href=\"https:\/\/www.maapprogram.org\/wp-content\/uploads\/2018\/03\/Mapa_CarbLoss-Peru-2013-2017_4.jpg\"><img decoding=\"async\" class=\"wp-image-7015\" src=\"https:\/\/www.maapprogram.org\/wp-content\/uploads\/2018\/03\/Mapa_CarbLoss-Peru-2013-2017_4-448x580.jpg\" alt=\"\" width=\"484\" height=\"626\" \/><\/a><div class=\"caption\">Mapa Base. Datos: MINAM\/PNCB, Asner et al 2014<\/div><\/div>\n<p>Cuando talan los <strong>bosques tropicales<\/strong>, la enorme cantidad de carbono secuestrado en los \u00e1rboles es liberada a la atm\u00f3sfera, haciendo del desbosque una fuente principal de emisiones globales de gases de efecto invernadero (CO<sub>2<\/sub>) que conlleva al cambio clim\u00e1tico.<\/p>\n<p>De hecho, un estudio reciente revel\u00f3 que la deforestaci\u00f3n y degradaci\u00f3n est\u00e1n convirtiendo a los bosques tropicales en una nueva fuente neta de carbono para la atm\u00f3sfera, agravando el cambio clim\u00e1tico.<sup>1<\/sup><\/p>\n<p>La <strong>Amazon\u00eda<\/strong> es el bosque tropical m\u00e1s grande del planeta y Per\u00fa es una de sus piezas clave. Un equipo de investigadores ha publicado recientemente el primer estimado en alta resoluci\u00f3n de los almacenes de carbono sobre el suelo en la <strong>Amazon\u00eda peruana<\/strong>, documentando <strong>6.8 mil millones <\/strong>de toneladas m\u00e9tricas.<sup>2<\/sup><\/p>\n<p>En este\u00a0 informe, analizamos esta misma base de datos para estimar la p\u00e9rdida de carbono por deforestaci\u00f3n en la Amazon\u00eda peruana, entre el 2013 y el 2017. Estimamos la p\u00e9rdida de <strong>59 millones<\/strong> de toneladas m\u00e9tricas de carbono en estos \u00faltimos cinco a\u00f1os.<\/p>\n<p>Este valor significa que la\u00a0deforestaci\u00f3n representa casi la mitad (<strong>47%<\/strong>) de las emisiones anuales de Per\u00fa, por todos los sectores combinados*.<sup>3,4<\/sup><\/p>\n<p>Tambi\u00e9n presentamos una serie de im\u00e1genes con zoom para mostrar c\u00f3mo ocurri\u00f3 la p\u00e9rdida de carbono en varias \u00e1reas clave, impactadas por los principales drivers de deforestaci\u00f3n: <strong>miner\u00eda aur\u00edfera<\/strong>, plantaciones de <strong>palma aceitera<\/strong> y <strong>cacao<\/strong> a gran escala, y agricultura a peque\u00f1a escala. Las <strong>etiquetas A-G<\/strong>\u00a0corresponden a los zooms, abajo.<\/p>\n<p>Tambi\u00e9n mostramos c\u00f3mo las <strong>\u00e1reas naturales protegidas<\/strong> est\u00e1n resguardando cientos de millones de toneladas m\u00e9tricas de carbono en algunas de las zonas m\u00e1s importantes del pa\u00eds.<\/p>\n<p>Un aspecto positivo es que al contar con esta informaci\u00f3n detallada, se permite a\u00f1adir incentivos para frenar la deforestaci\u00f3n y la degradaci\u00f3n como parte de estrategias\u00a0cr\u00edticas de cambio clim\u00e1tico.<\/p>\n<div class=\"fitem-sep\"><\/div>\n<h3><strong>Principales Hallazgos <\/strong><\/h3>\n<div id=\"attachment_7014\" class=\"thumbnail alignright\"><a href=\"https:\/\/www.maapprogram.org\/wp-content\/uploads\/2018\/03\/Map_distribCarbLoss-by-departments_4.jpg\"><img decoding=\"async\" class=\"wp-image-7014\" src=\"https:\/\/www.maapprogram.org\/wp-content\/uploads\/2018\/03\/Map_distribCarbLoss-by-departments_4-448x580.jpg\" alt=\"\" width=\"412\" height=\"533\" \/><\/a><div class=\"caption\">Regiones. Datos: Asner et al 2014<\/div><\/div>\n<p>El mapa base (ver arriba) muestra, en tonos de verde, las densidades de carbono en Per\u00fa. Tambi\u00e9n muestra, en rojo, la capa de p\u00e9rdida de bosque del 2013 al 2017, generada por el Ministerio del Ambiente.<\/p>\n<p>Estimamos la cantidad de emisiones de carbono por p\u00e9rdida de bosque durante esos cinco a\u00f1os: <strong>59.09 teragramos,<\/strong> o <strong>59 millones de toneladas m\u00e9tricas<\/strong>.<\/p>\n<p>Las regiones con mayor p\u00e9rdida de carbono son 1) <strong>Loreto<\/strong> (13.4 millones de toneladas m\u00e9tricas), 2) <strong>Ucayali<\/strong> (13.2 millones), 3) <strong>Hu\u00e1nuco<\/strong> (7.3 millones), 4) <strong>Madre de Dios<\/strong> (7 millones) y 5) <strong>San Mart\u00edn<\/strong> (6.9 millones).<\/p>\n<p>Estos valores incluyen la p\u00e9rdida natural de bosque. Aunque probablemente subestiman las emisiones porque no incluyen la <strong>degradaci\u00f3n <\/strong>del bosque (por ejemplo, la tala selectiva).<\/p>\n<p>Un estudio reciente revel\u00f3 que la degradaci\u00f3n explicar\u00eda el 70% de las emisiones.<sup>1<\/sup> As\u00ed, la cifra total de las emisiones de carbono por desbosque en la Amazon\u00eda peruana, podr\u00eda estar m\u00e1s cerca de 200 millones de toneladas m\u00e9tricas.<\/p>\n<p><strong><em>A continuaci\u00f3n<\/em><\/strong><em>, <\/em>a trav\u00e9s de una serie de im\u00e1genes con zoom mostramos c\u00f3mo la p\u00e9rdida de carbono se dio en varias zonas clave. Tambi\u00e9n mostramos c\u00f3mo las \u00e1reas naturales protegidas y las concesiones de conservaci\u00f3n est\u00e1n protegiendo las reservas m\u00e1s importantes de carbono.<\/p>\n<div class=\"fitem-sep\"><\/div>\n<h3><strong>Zoom A: Amazon\u00eda Peruana Centro<\/strong><\/h3>\n<p>La <strong>Imagen A <\/strong>muestra la p\u00e9rdida de 2.8 millones de toneladas m\u00e9tricas de carbono, correspondiente a una secci\u00f3n de la Amazon\u00eda peruana centro (regi\u00f3n Ucayali). Al este de la imagen, se puede notar la p\u00e9rdida por dos plantaciones de <strong>palma aceitera<\/strong> a gran escala (649 mil toneladas m\u00e9tricas). Al oeste, se puede notar que la agricultura a peque\u00f1a escala est\u00e1 penetrando hacia zonas de bosque con mayor concentraci\u00f3n de carbono.<\/p>\n<div id=\"attachment_7004\" class=\"thumbnail aligncenter\"><a href=\"https:\/\/www.maapprogram.org\/wp-content\/uploads\/2018\/03\/Map_Ucayali_Oil-Palm_2.jpg\"><img decoding=\"async\" class=\"wp-image-7004 size-medium\" src=\"https:\/\/www.maapprogram.org\/wp-content\/uploads\/2018\/03\/Map_Ucayali_Oil-Palm_2-911x580.jpg\" alt=\"\" width=\"911\" height=\"580\" \/><\/a><div class=\"caption\">Imagen A. Datos: Asner et al 2014, MINAM\/PNCB<\/div><\/div>\n<div class=\"fitem-sep\"><\/div>\n<h3><strong>Zoom B: Amazon\u00eda Peruana Sur (miner\u00eda aur\u00edfera)<\/strong><\/h3>\n<p>La\u00a0<strong>Imagen B <\/strong>muestra la p\u00e9rdida de 756 mil toneladas m\u00e9tricas de carbono por miner\u00eda aur\u00edfera en la Amazon\u00eda peruana sur (regi\u00f3n Madre de Dios). Al este de la imagen est\u00e1 el sector conocido como La Pampa, y hacia el oeste, el alto Malinowski.<\/p>\n<div id=\"attachment_7005\" class=\"thumbnail aligncenter\"><a href=\"https:\/\/www.maapprogram.org\/wp-content\/uploads\/2018\/03\/Map_MDD-Mineria_13-17_2.jpg\"><img decoding=\"async\" class=\"wp-image-7005 size-medium\" src=\"https:\/\/www.maapprogram.org\/wp-content\/uploads\/2018\/03\/Map_MDD-Mineria_13-17_2-911x580.jpg\" alt=\"\" width=\"911\" height=\"580\" \/><\/a><div class=\"caption\">Imagen B. Miner\u00eda. Datos: Asner et al 2014, MINAM\/PNCB<\/div><\/div>\n<div class=\"fitem-sep\"><\/div>\n<h3><strong>Zoom C: Amazon\u00eda Peruana Sur (agricultura)<\/strong><\/h3>\n<p>La <strong>Imagen C <\/strong>muestra la p\u00e9rdida de 876 mil toneladas m\u00e9tricas de carbono en la Amazon\u00eda peruana sur, cerca de la localidad de Iberia (regi\u00f3n Madre de Dios). Se puede notar la p\u00e9rdida de carbono en expansi\u00f3n, a lo largo de ambos lados de la carretera Interoce\u00e1nica que atraviesa la imagen.<\/p>\n<div id=\"attachment_7006\" class=\"thumbnail aligncenter\"><a href=\"https:\/\/www.maapprogram.org\/wp-content\/uploads\/2018\/03\/Map_MDD-Iberia2_13-17_2.jpg\"><img decoding=\"async\" class=\"wp-image-7006 size-medium\" src=\"https:\/\/www.maapprogram.org\/wp-content\/uploads\/2018\/03\/Map_MDD-Iberia2_13-17_2-911x580.jpg\" alt=\"\" width=\"911\" height=\"580\" \/><\/a><div class=\"caption\">Imagen C. Iberia. Datos: Asner et al 2014, MINAM\/PNCB<\/div><\/div>\n<div class=\"fitem-sep\"><\/div>\n<h3><strong>Zoom D: United Cacao<\/strong><\/h3>\n<p>La <strong>Imagen D<\/strong> muestra la p\u00e9rdida de 291 mil toneladas m\u00e9tricas de carbono por un proyecto de cacao a gran escala (United Cacao) en la Amazon\u00eda peruana norte (regi\u00f3n Loreto). Se puede notar que casi todo el desbosque ocurri\u00f3 en un bosque con alta densidad de carbono.<\/p>\n<div id=\"attachment_7007\" class=\"thumbnail aligncenter\"><a href=\"https:\/\/www.maapprogram.org\/wp-content\/uploads\/2018\/03\/Mapa_Carb-Tamshiyacu-2013-2017_2.jpg\"><img decoding=\"async\" class=\"wp-image-7007 size-medium\" src=\"https:\/\/www.maapprogram.org\/wp-content\/uploads\/2018\/03\/Mapa_Carb-Tamshiyacu-2013-2017_2-911x580.jpg\" alt=\"\" width=\"911\" height=\"580\" \/><\/a><div class=\"caption\">Image D. United Cacao. Data: Asner et al 2014, MINAM\/PNCB<\/div><\/div>\n<div class=\"fitem-sep\"><\/div>\n<h3><strong>Zoom E: Parque Nacional Yaguas <\/strong><\/h3>\n<p>La <strong>Imagen E<\/strong> muestra c\u00f3mo tres \u00e1reas naturales protegidas, incluyendo el nuevo Parque Nacional Yaguas, est\u00e1n efectivamente resguardando 202 millones de toneladas m\u00e9tricas de carbono al noreste de la Amazon\u00eda peruana. Esta \u00e1rea alberga unas de las m\u00e1s altas densidades de carbono del pa\u00eds.<\/p>\n<div id=\"attachment_7008\" class=\"thumbnail aligncenter\"><a href=\"https:\/\/www.maapprogram.org\/wp-content\/uploads\/2018\/03\/Mapa_Carb-Loss-ANP-Loreto_3.jpg\"><img decoding=\"async\" class=\"wp-image-7008 size-medium\" src=\"https:\/\/www.maapprogram.org\/wp-content\/uploads\/2018\/03\/Mapa_Carb-Loss-ANP-Loreto_3-911x580.jpg\" alt=\"\" width=\"911\" height=\"580\" \/><\/a><div class=\"caption\">Imagen E. Yaguas. Data: Asner et al 2014, MINAM\/PNCB, SERNANP<\/div><\/div>\n<div class=\"fitem-sep\"><\/div>\n<h3><strong>Zoom F: Concesi\u00f3n de Conservaci\u00f3n Los Amigos<\/strong><\/h3>\n<p>La <strong>Imagen F <\/strong>muestra c\u00f3mo Los Amigos, la primera concesi\u00f3n de conservaci\u00f3n en el mundo, est\u00e1 efectivamente resguardando 15 millones de toneladas m\u00e9tricas de carbono en la Amazon\u00eda peruana sur. Dos \u00e1reas protegidas circundantes, el Parque Nacional Manu y la Reserva Comunal Amarakaeri, guardan un adicional de 194 millones de toneladas m\u00e9tricas. Esta zona alberga otra de las m\u00e1s altas densidades de carbono del pa\u00eds.<\/p>\n<div id=\"attachment_7009\" class=\"thumbnail aligncenter\"><a href=\"https:\/\/www.maapprogram.org\/wp-content\/uploads\/2018\/03\/Map_ANP-Los-Amigos_MDD2_2.jpg\"><img decoding=\"async\" class=\"wp-image-7009 size-medium\" src=\"https:\/\/www.maapprogram.org\/wp-content\/uploads\/2018\/03\/Map_ANP-Los-Amigos_MDD2_2-911x580.jpg\" alt=\"\" width=\"911\" height=\"580\" \/><\/a><div class=\"caption\">Imagen F. Concesi\u00f3n de Conservaci\u00f3n Los Amigos. Datos: Asner et al 2014, MINAM\/PNCB, SERNANP, ACCA<\/div><\/div>\n<div class=\"fitem-sep\"><\/div>\n<h3><strong>Zoom G: Parque Nacional Sierra del Divisor<\/strong><\/h3>\n<div id=\"attachment_7010\" class=\"thumbnail alignright\"><a href=\"https:\/\/www.maapprogram.org\/wp-content\/uploads\/2018\/03\/Map_ANPLoretoSur.jpg\"><img decoding=\"async\" class=\"wp-image-7010 size-medium\" src=\"https:\/\/www.maapprogram.org\/wp-content\/uploads\/2018\/03\/Map_ANPLoretoSur-448x580.jpg\" alt=\"\" width=\"448\" height=\"580\" \/><\/a><div class=\"caption\">Imagen G. Data: Asner et al 2014, MINAM\/PNCB, SERNANP<\/div><\/div>\n<p><strong>La Imagen G <\/strong>muestra c\u00f3mo tres \u00e1reas naturales protegidas, incluyendo el nuevo Parque Nacional Sierra del Divisor, est\u00e1n efectivamente resguardando 270 millones de toneladas m\u00e9tricas de carbono al este de la Amazon\u00eda peruana.<\/p>\n<p>Esta \u00e1rea alberga tambi\u00e9n zonas de m\u00e1s alta densidad de carbono en el pa\u00eds.<\/p>\n<div class=\"fitem-sep\"><\/div>\n<h3><strong>Notas<\/strong><\/h3>\n<p>Este valor de p\u00e9rdida (59 millones de toneladas m\u00e9tricas de carbono) es tambi\u00e9n el equivalente a alrededor del 4% de las emisiones anuales de combustibles f\u00f3siles de los Estados Unidos.<sup>3<\/sup><\/p>\n<div class=\"fitem-sep\"><\/div>\n<h3><strong>Metodolog\u00eda<\/strong><\/h3>\n<p>Para el an\u00e1lisis se utiliz\u00f3 los datos de carbono sobre el suelo generados por Asner\u00a0et a<em>l<\/em>\u00a02014, y los datos de p\u00e9rdida de bosque identificados por el Programa Nacional de Conservaci\u00f3n de Bosques (PNBC-MINAM) de los a\u00f1os 2013 al 2016, as\u00ed como las alertas tempranas de perdida de bosque del a\u00f1o 2017. Primero, uniformizamos los datos de p\u00e9rdida de bosque 2013-2016 con las alertas tempranas del a\u00f1o 2017, para evitar superposici\u00f3n y tener un solo dato 2013-2017. Posteriormente, extrajimos los datos de carbono de las \u00e1reas de p\u00e9rdida de bosque del 2013-2017, este proceso permiti\u00f3 obtener la densidad de carbono (por hect\u00e1rea) en relaci\u00f3n al \u00e1rea de p\u00e9rdida de bosque, para finalmente estimar el total de la p\u00e9rdida de carbono almacenado entre los a\u00f1os\u00a02013 al 2017.<\/p>\n<div class=\"fitem-sep\"><\/div>\n<h3><strong>Referencias<\/strong><\/h3>\n<p><sup>1\u00a0<\/sup>Baccini A, Walker W, Carvalho L, Farina M, Sulla-Menashe D, Houghton RA (2017) Tropical forests are a net carbon source based on aboveground measurements of gain and loss. Science. 13;358(6360):230-4.<\/p>\n<p><sup>2\u00a0<\/sup>Asner GP et al (2014). The High-Resolution Carbon Geography of Per\u00fa. Carnegie Institution for Science.\u00a0<a href=\"ftp:\/\/dge.stanford.edu\/pub\/asner\/carbonreport\/CarnegiePeruCarbonReport-English.pdf\">ftp:\/\/dge.stanford.edu\/pub\/asner\/carbonreport\/CarnegiePeruCarbonReport-English.pdf<\/a><\/p>\n<p><sup>3\u00a0<\/sup>UNFCCC. Emissions Summary for Peru.\u00a0<a class=\"external external_icon\" href=\"http:\/\/di.unfccc.int\/ghg_profile_non_annex1\" target=\"_blank\" rel=\"nofollow noopener\">http:\/\/di.unfccc.int\/ghg_profile_non_annex1<\/a><\/p>\n<p><sup>4\u00a0<\/sup>INGEI (2012) INVENTARIO NACIONAL DE GASES DE EFECTO INVERNADERO http:\/\/infocarbono.minam.gob.pe\/annios-inventarios-nacionales-gei\/ingei-2012\/<\/p>\n<div class=\"fitem-sep\"><\/div>\n<h3><strong>Cita<\/strong><\/h3>\n<p>Finer M, Mamani N (2017). P\u00e9rdida de Carbono por deforestaci\u00f3n en la Amazon\u00eda Peruana. MAAP: 81.<\/p>\n<p>&nbsp;<\/p>\n<div class=\"fitem-sep\"><\/div>\n<p>&nbsp;<\/p>\n<p>&nbsp;<\/p>\n","protected":false},"excerpt":{"rendered":"<p>Cuando talan los bosques tropicales, la enorme cantidad de carbono secuestrado en los \u00e1rboles es liberada a la atm\u00f3sfera, haciendo del desbosque una fuente principal de emisiones globales de gases de efecto invernadero (CO2) que conlleva al cambio clim\u00e1tico. De hecho, un estudio reciente revel\u00f3 que la deforestaci\u00f3n y degradaci\u00f3n est\u00e1n convirtiendo a los bosques [&hellip;]<\/p>\n","protected":false},"author":1,"featured_media":0,"comment_status":"closed","ping_status":"closed","sticky":false,"template":"","format":"standard","meta":{"_acf_changed":false,"footnotes":""},"categories":[317,347,44,296],"tags":[161],"ftr_agriculture":[355],"carbon-and-climate-change":[424],"ftr_country":[483],"fire":[],"infrastructure-threat":[],"land-use":[],"mining-and-logging-threat":[434],"natural-forest-loss":[],"special-analysis":[],"class_list":["post-21108","post","type-post","status-publish","format-standard","hentry","category-cambio-climatico","category-paisesperu","category-palma-aceitera","category-sintesis","tag-maap-81","ftr_agriculture-cacao-es","carbon-and-climate-change-carbono","ftr_country-peru-2","mining-and-logging-threat-mineria-de-oro"],"acf":[],"yoast_head":"<!-- This site is optimized with the Yoast SEO plugin v27.3 - https:\/\/yoast.com\/product\/yoast-seo-wordpress\/ -->\n<title>MAAP #81: P\u00e9rdida de Carbono por deforestaci\u00f3n en la Amazon\u00eda Peruana - MAAP<\/title>\n<meta name=\"robots\" content=\"index, follow, max-snippet:-1, max-image-preview:large, max-video-preview:-1\" \/>\n<link rel=\"canonical\" href=\"https:\/\/www.maapprogram.org\/es\/peru-carbono\/\" \/>\n<meta property=\"og:locale\" content=\"es_ES\" \/>\n<meta property=\"og:type\" content=\"article\" \/>\n<meta property=\"og:title\" content=\"MAAP #81: P\u00e9rdida de Carbono por deforestaci\u00f3n en la Amazon\u00eda Peruana - MAAP\" \/>\n<meta property=\"og:description\" content=\"Cuando talan los bosques tropicales, la enorme cantidad de carbono secuestrado en los \u00e1rboles es liberada a la atm\u00f3sfera, haciendo del desbosque una fuente principal de emisiones globales de gases de efecto invernadero (CO2) que conlleva al cambio clim\u00e1tico. De hecho, un estudio reciente revel\u00f3 que la deforestaci\u00f3n y degradaci\u00f3n est\u00e1n convirtiendo a los bosques [&hellip;]\" \/>\n<meta property=\"og:url\" content=\"https:\/\/www.maapprogram.org\/es\/peru-carbono\/\" \/>\n<meta property=\"og:site_name\" content=\"MAAP\" \/>\n<meta property=\"article:published_time\" content=\"2018-04-02T13:09:00+00:00\" \/>\n<meta property=\"article:modified_time\" content=\"2024-09-25T13:33:38+00:00\" \/>\n<meta property=\"og:image\" content=\"https:\/\/www.maapprogram.org\/wp-content\/uploads\/2018\/03\/Mapa_CarbLoss-Peru-2013-2017_4-448x580.jpg\" \/>\n<meta name=\"author\" content=\"dcadmin\" \/>\n<meta name=\"twitter:card\" content=\"summary_large_image\" \/>\n<meta name=\"twitter:label1\" content=\"Escrito por\" \/>\n\t<meta name=\"twitter:data1\" content=\"dcadmin\" \/>\n\t<meta name=\"twitter:label2\" content=\"Tiempo de lectura\" \/>\n\t<meta name=\"twitter:data2\" content=\"8 minutos\" \/>\n<script type=\"application\/ld+json\" class=\"yoast-schema-graph\">{\"@context\":\"https:\\\/\\\/schema.org\",\"@graph\":[{\"@type\":\"Article\",\"@id\":\"https:\\\/\\\/www.maapprogram.org\\\/es\\\/peru-carbono\\\/#article\",\"isPartOf\":{\"@id\":\"https:\\\/\\\/www.maapprogram.org\\\/es\\\/peru-carbono\\\/\"},\"author\":{\"name\":\"dcadmin\",\"@id\":\"https:\\\/\\\/www.maapprogram.org\\\/es\\\/#\\\/schema\\\/person\\\/433e90c8debccfe16357e05627bbd443\"},\"headline\":\"MAAP #81: P\u00e9rdida de Carbono por deforestaci\u00f3n en la Amazon\u00eda Peruana\",\"datePublished\":\"2018-04-02T13:09:00+00:00\",\"dateModified\":\"2024-09-25T13:33:38+00:00\",\"mainEntityOfPage\":{\"@id\":\"https:\\\/\\\/www.maapprogram.org\\\/es\\\/peru-carbono\\\/\"},\"wordCount\":1440,\"image\":{\"@id\":\"https:\\\/\\\/www.maapprogram.org\\\/es\\\/peru-carbono\\\/#primaryimage\"},\"thumbnailUrl\":\"https:\\\/\\\/www.maapprogram.org\\\/wp-content\\\/uploads\\\/2018\\\/03\\\/Mapa_CarbLoss-Peru-2013-2017_4-448x580.jpg\",\"keywords\":[\"MAAP #81\"],\"articleSection\":[\"Cambio Clim\u00e1tico\",\"Paises&gt;Per\u00fa\",\"Palma Aceitera\",\"Sintesis\"],\"inLanguage\":\"es\"},{\"@type\":\"WebPage\",\"@id\":\"https:\\\/\\\/www.maapprogram.org\\\/es\\\/peru-carbono\\\/\",\"url\":\"https:\\\/\\\/www.maapprogram.org\\\/es\\\/peru-carbono\\\/\",\"name\":\"MAAP #81: P\u00e9rdida de Carbono por deforestaci\u00f3n en la Amazon\u00eda Peruana - MAAP\",\"isPartOf\":{\"@id\":\"https:\\\/\\\/www.maapprogram.org\\\/es\\\/#website\"},\"primaryImageOfPage\":{\"@id\":\"https:\\\/\\\/www.maapprogram.org\\\/es\\\/peru-carbono\\\/#primaryimage\"},\"image\":{\"@id\":\"https:\\\/\\\/www.maapprogram.org\\\/es\\\/peru-carbono\\\/#primaryimage\"},\"thumbnailUrl\":\"https:\\\/\\\/www.maapprogram.org\\\/wp-content\\\/uploads\\\/2018\\\/03\\\/Mapa_CarbLoss-Peru-2013-2017_4-448x580.jpg\",\"datePublished\":\"2018-04-02T13:09:00+00:00\",\"dateModified\":\"2024-09-25T13:33:38+00:00\",\"author\":{\"@id\":\"https:\\\/\\\/www.maapprogram.org\\\/es\\\/#\\\/schema\\\/person\\\/433e90c8debccfe16357e05627bbd443\"},\"breadcrumb\":{\"@id\":\"https:\\\/\\\/www.maapprogram.org\\\/es\\\/peru-carbono\\\/#breadcrumb\"},\"inLanguage\":\"es\",\"potentialAction\":[{\"@type\":\"ReadAction\",\"target\":[\"https:\\\/\\\/www.maapprogram.org\\\/es\\\/peru-carbono\\\/\"]}]},{\"@type\":\"ImageObject\",\"inLanguage\":\"es\",\"@id\":\"https:\\\/\\\/www.maapprogram.org\\\/es\\\/peru-carbono\\\/#primaryimage\",\"url\":\"https:\\\/\\\/www.maapprogram.org\\\/wp-content\\\/uploads\\\/2018\\\/03\\\/Mapa_CarbLoss-Peru-2013-2017_4-448x580.jpg\",\"contentUrl\":\"https:\\\/\\\/www.maapprogram.org\\\/wp-content\\\/uploads\\\/2018\\\/03\\\/Mapa_CarbLoss-Peru-2013-2017_4-448x580.jpg\"},{\"@type\":\"BreadcrumbList\",\"@id\":\"https:\\\/\\\/www.maapprogram.org\\\/es\\\/peru-carbono\\\/#breadcrumb\",\"itemListElement\":[{\"@type\":\"ListItem\",\"position\":1,\"name\":\"Home\",\"item\":\"https:\\\/\\\/www.maapprogram.org\\\/es\\\/\"},{\"@type\":\"ListItem\",\"position\":2,\"name\":\"MAAP #81: P\u00e9rdida de Carbono por deforestaci\u00f3n en la Amazon\u00eda Peruana\"}]},{\"@type\":\"WebSite\",\"@id\":\"https:\\\/\\\/www.maapprogram.org\\\/es\\\/#website\",\"url\":\"https:\\\/\\\/www.maapprogram.org\\\/es\\\/\",\"name\":\"MAAP\",\"description\":\"\",\"potentialAction\":[{\"@type\":\"SearchAction\",\"target\":{\"@type\":\"EntryPoint\",\"urlTemplate\":\"https:\\\/\\\/www.maapprogram.org\\\/es\\\/?s={search_term_string}\"},\"query-input\":{\"@type\":\"PropertyValueSpecification\",\"valueRequired\":true,\"valueName\":\"search_term_string\"}}],\"inLanguage\":\"es\"},{\"@type\":\"Person\",\"@id\":\"https:\\\/\\\/www.maapprogram.org\\\/es\\\/#\\\/schema\\\/person\\\/433e90c8debccfe16357e05627bbd443\",\"name\":\"dcadmin\",\"image\":{\"@type\":\"ImageObject\",\"inLanguage\":\"es\",\"@id\":\"https:\\\/\\\/secure.gravatar.com\\\/avatar\\\/83c0f4e5f994ae4e4b9ae78b382f373b07a15509b31a24d7d748f76e9925b825?s=96&d=mm&r=g\",\"url\":\"https:\\\/\\\/secure.gravatar.com\\\/avatar\\\/83c0f4e5f994ae4e4b9ae78b382f373b07a15509b31a24d7d748f76e9925b825?s=96&d=mm&r=g\",\"contentUrl\":\"https:\\\/\\\/secure.gravatar.com\\\/avatar\\\/83c0f4e5f994ae4e4b9ae78b382f373b07a15509b31a24d7d748f76e9925b825?s=96&d=mm&r=g\",\"caption\":\"dcadmin\"},\"sameAs\":[\"http:\\\/\\\/www.maapprogram.org\"],\"url\":\"https:\\\/\\\/www.maapprogram.org\\\/es\\\/author\\\/dcadmin\\\/\"}]}<\/script>\n<!-- \/ Yoast SEO plugin. -->","yoast_head_json":{"title":"MAAP #81: P\u00e9rdida de Carbono por deforestaci\u00f3n en la Amazon\u00eda Peruana - MAAP","robots":{"index":"index","follow":"follow","max-snippet":"max-snippet:-1","max-image-preview":"max-image-preview:large","max-video-preview":"max-video-preview:-1"},"canonical":"https:\/\/www.maapprogram.org\/es\/peru-carbono\/","og_locale":"es_ES","og_type":"article","og_title":"MAAP #81: P\u00e9rdida de Carbono por deforestaci\u00f3n en la Amazon\u00eda Peruana - MAAP","og_description":"Cuando talan los bosques tropicales, la enorme cantidad de carbono secuestrado en los \u00e1rboles es liberada a la atm\u00f3sfera, haciendo del desbosque una fuente principal de emisiones globales de gases de efecto invernadero (CO2) que conlleva al cambio clim\u00e1tico. De hecho, un estudio reciente revel\u00f3 que la deforestaci\u00f3n y degradaci\u00f3n est\u00e1n convirtiendo a los bosques [&hellip;]","og_url":"https:\/\/www.maapprogram.org\/es\/peru-carbono\/","og_site_name":"MAAP","article_published_time":"2018-04-02T13:09:00+00:00","article_modified_time":"2024-09-25T13:33:38+00:00","og_image":[{"url":"https:\/\/www.maapprogram.org\/wp-content\/uploads\/2018\/03\/Mapa_CarbLoss-Peru-2013-2017_4-448x580.jpg","type":"","width":"","height":""}],"author":"dcadmin","twitter_card":"summary_large_image","twitter_misc":{"Escrito por":"dcadmin","Tiempo de lectura":"8 minutos"},"schema":{"@context":"https:\/\/schema.org","@graph":[{"@type":"Article","@id":"https:\/\/www.maapprogram.org\/es\/peru-carbono\/#article","isPartOf":{"@id":"https:\/\/www.maapprogram.org\/es\/peru-carbono\/"},"author":{"name":"dcadmin","@id":"https:\/\/www.maapprogram.org\/es\/#\/schema\/person\/433e90c8debccfe16357e05627bbd443"},"headline":"MAAP #81: P\u00e9rdida de Carbono por deforestaci\u00f3n en la Amazon\u00eda Peruana","datePublished":"2018-04-02T13:09:00+00:00","dateModified":"2024-09-25T13:33:38+00:00","mainEntityOfPage":{"@id":"https:\/\/www.maapprogram.org\/es\/peru-carbono\/"},"wordCount":1440,"image":{"@id":"https:\/\/www.maapprogram.org\/es\/peru-carbono\/#primaryimage"},"thumbnailUrl":"https:\/\/www.maapprogram.org\/wp-content\/uploads\/2018\/03\/Mapa_CarbLoss-Peru-2013-2017_4-448x580.jpg","keywords":["MAAP #81"],"articleSection":["Cambio Clim\u00e1tico","Paises&gt;Per\u00fa","Palma Aceitera","Sintesis"],"inLanguage":"es"},{"@type":"WebPage","@id":"https:\/\/www.maapprogram.org\/es\/peru-carbono\/","url":"https:\/\/www.maapprogram.org\/es\/peru-carbono\/","name":"MAAP #81: P\u00e9rdida de Carbono por deforestaci\u00f3n en la Amazon\u00eda Peruana - MAAP","isPartOf":{"@id":"https:\/\/www.maapprogram.org\/es\/#website"},"primaryImageOfPage":{"@id":"https:\/\/www.maapprogram.org\/es\/peru-carbono\/#primaryimage"},"image":{"@id":"https:\/\/www.maapprogram.org\/es\/peru-carbono\/#primaryimage"},"thumbnailUrl":"https:\/\/www.maapprogram.org\/wp-content\/uploads\/2018\/03\/Mapa_CarbLoss-Peru-2013-2017_4-448x580.jpg","datePublished":"2018-04-02T13:09:00+00:00","dateModified":"2024-09-25T13:33:38+00:00","author":{"@id":"https:\/\/www.maapprogram.org\/es\/#\/schema\/person\/433e90c8debccfe16357e05627bbd443"},"breadcrumb":{"@id":"https:\/\/www.maapprogram.org\/es\/peru-carbono\/#breadcrumb"},"inLanguage":"es","potentialAction":[{"@type":"ReadAction","target":["https:\/\/www.maapprogram.org\/es\/peru-carbono\/"]}]},{"@type":"ImageObject","inLanguage":"es","@id":"https:\/\/www.maapprogram.org\/es\/peru-carbono\/#primaryimage","url":"https:\/\/www.maapprogram.org\/wp-content\/uploads\/2018\/03\/Mapa_CarbLoss-Peru-2013-2017_4-448x580.jpg","contentUrl":"https:\/\/www.maapprogram.org\/wp-content\/uploads\/2018\/03\/Mapa_CarbLoss-Peru-2013-2017_4-448x580.jpg"},{"@type":"BreadcrumbList","@id":"https:\/\/www.maapprogram.org\/es\/peru-carbono\/#breadcrumb","itemListElement":[{"@type":"ListItem","position":1,"name":"Home","item":"https:\/\/www.maapprogram.org\/es\/"},{"@type":"ListItem","position":2,"name":"MAAP #81: P\u00e9rdida de Carbono por deforestaci\u00f3n en la Amazon\u00eda Peruana"}]},{"@type":"WebSite","@id":"https:\/\/www.maapprogram.org\/es\/#website","url":"https:\/\/www.maapprogram.org\/es\/","name":"MAAP","description":"","potentialAction":[{"@type":"SearchAction","target":{"@type":"EntryPoint","urlTemplate":"https:\/\/www.maapprogram.org\/es\/?s={search_term_string}"},"query-input":{"@type":"PropertyValueSpecification","valueRequired":true,"valueName":"search_term_string"}}],"inLanguage":"es"},{"@type":"Person","@id":"https:\/\/www.maapprogram.org\/es\/#\/schema\/person\/433e90c8debccfe16357e05627bbd443","name":"dcadmin","image":{"@type":"ImageObject","inLanguage":"es","@id":"https:\/\/secure.gravatar.com\/avatar\/83c0f4e5f994ae4e4b9ae78b382f373b07a15509b31a24d7d748f76e9925b825?s=96&d=mm&r=g","url":"https:\/\/secure.gravatar.com\/avatar\/83c0f4e5f994ae4e4b9ae78b382f373b07a15509b31a24d7d748f76e9925b825?s=96&d=mm&r=g","contentUrl":"https:\/\/secure.gravatar.com\/avatar\/83c0f4e5f994ae4e4b9ae78b382f373b07a15509b31a24d7d748f76e9925b825?s=96&d=mm&r=g","caption":"dcadmin"},"sameAs":["http:\/\/www.maapprogram.org"],"url":"https:\/\/www.maapprogram.org\/es\/author\/dcadmin\/"}]}},"_links":{"self":[{"href":"https:\/\/www.maapprogram.org\/es\/wp-json\/wp\/v2\/posts\/21108","targetHints":{"allow":["GET"]}}],"collection":[{"href":"https:\/\/www.maapprogram.org\/es\/wp-json\/wp\/v2\/posts"}],"about":[{"href":"https:\/\/www.maapprogram.org\/es\/wp-json\/wp\/v2\/types\/post"}],"author":[{"embeddable":true,"href":"https:\/\/www.maapprogram.org\/es\/wp-json\/wp\/v2\/users\/1"}],"replies":[{"embeddable":true,"href":"https:\/\/www.maapprogram.org\/es\/wp-json\/wp\/v2\/comments?post=21108"}],"version-history":[{"count":1,"href":"https:\/\/www.maapprogram.org\/es\/wp-json\/wp\/v2\/posts\/21108\/revisions"}],"predecessor-version":[{"id":23263,"href":"https:\/\/www.maapprogram.org\/es\/wp-json\/wp\/v2\/posts\/21108\/revisions\/23263"}],"wp:attachment":[{"href":"https:\/\/www.maapprogram.org\/es\/wp-json\/wp\/v2\/media?parent=21108"}],"wp:term":[{"taxonomy":"category","embeddable":true,"href":"https:\/\/www.maapprogram.org\/es\/wp-json\/wp\/v2\/categories?post=21108"},{"taxonomy":"post_tag","embeddable":true,"href":"https:\/\/www.maapprogram.org\/es\/wp-json\/wp\/v2\/tags?post=21108"},{"taxonomy":"ftr_agriculture","embeddable":true,"href":"https:\/\/www.maapprogram.org\/es\/wp-json\/wp\/v2\/ftr_agriculture?post=21108"},{"taxonomy":"carbon-and-climate-change","embeddable":true,"href":"https:\/\/www.maapprogram.org\/es\/wp-json\/wp\/v2\/carbon-and-climate-change?post=21108"},{"taxonomy":"ftr_country","embeddable":true,"href":"https:\/\/www.maapprogram.org\/es\/wp-json\/wp\/v2\/ftr_country?post=21108"},{"taxonomy":"fire","embeddable":true,"href":"https:\/\/www.maapprogram.org\/es\/wp-json\/wp\/v2\/fire?post=21108"},{"taxonomy":"infrastructure-threat","embeddable":true,"href":"https:\/\/www.maapprogram.org\/es\/wp-json\/wp\/v2\/infrastructure-threat?post=21108"},{"taxonomy":"land-use","embeddable":true,"href":"https:\/\/www.maapprogram.org\/es\/wp-json\/wp\/v2\/land-use?post=21108"},{"taxonomy":"mining-and-logging-threat","embeddable":true,"href":"https:\/\/www.maapprogram.org\/es\/wp-json\/wp\/v2\/mining-and-logging-threat?post=21108"},{"taxonomy":"natural-forest-loss","embeddable":true,"href":"https:\/\/www.maapprogram.org\/es\/wp-json\/wp\/v2\/natural-forest-loss?post=21108"},{"taxonomy":"special-analysis","embeddable":true,"href":"https:\/\/www.maapprogram.org\/es\/wp-json\/wp\/v2\/special-analysis?post=21108"}],"curies":[{"name":"wp","href":"https:\/\/api.w.org\/{rel}","templated":true}]}}