{"id":21122,"date":"2018-10-08T16:24:00","date_gmt":"2018-10-08T16:24:00","guid":{"rendered":"https:\/\/www.maapprogram.org\/bosques-primarios-peru\/"},"modified":"2024-09-24T20:43:11","modified_gmt":"2024-09-24T20:43:11","slug":"bosques-primarios-peru","status":"publish","type":"post","link":"https:\/\/www.maapprogram.org\/es\/bosques-primarios-peru\/","title":{"rendered":"MAAP #93: Reducci\u00f3n de bosques primarios de la Amazon\u00eda Peruana"},"content":{"rendered":"<div id=\"attachment_7644\" class=\"thumbnail alignright\"><a href=\"https:\/\/www.maapprogram.org\/wp-content\/uploads\/2018\/08\/MapaBase_3Vers_500dpi.jpg\"><img decoding=\"async\" class=\"wp-image-7644 \" src=\"https:\/\/www.maapprogram.org\/wp-content\/uploads\/2018\/08\/MapaBase_3Vers_500dpi-448x580.jpg\" alt=\"\" width=\"472\" height=\"611\" \/><\/a><div class=\"caption\">Mapa Base. Datos: SERNANP, IBC, Hansen\/UMD\/Google\/USGS\/NASA, PNCB\/MINAM, GLCF\/UMD, ANA, Ministerio de Cultura.<\/div><\/div>\n<p>Los <strong>bosques primarios\u00a0<\/strong>de la Amazon\u00eda peruana, el segundo bloque Amaz\u00f3nico m\u00e1s extenso despu\u00e9s de Brasil, se est\u00e1n reduciendo mientras la deforestaci\u00f3n se expande.<\/p>\n<p>En este reporte, analizamos la data hist\u00f3rica y actual para entender e ilustrar esta situaci\u00f3n.<\/p>\n<p>Las <u>buenas noticias:<\/u> Como\u00a0 se muestra en el <strong>Mapa Base,<\/strong> la Amazon\u00eda peruana\u00a0a\u00fan alberga\u00a0una gran extensi\u00f3n de bosque primario,* alcanzando actualmente las\u00a0<strong>67 millones <\/strong>de hect\u00e1reas (superior al \u00e1rea geogr\u00e1fica\u00a0de Francia).<\/p>\n<p>Del total de bosque primario identificado al 2017, encontramos que el\u00a0<strong>48% <\/strong>(32.2 millones de hect\u00e1reas) se encuentra en\u00a0<strong>\u00c1reas Naturales Protegidas<\/strong>,\u00a0<strong>Comunidades Nativas <\/strong>tituladas y<strong> Reservas Ind\u00edgenas<\/strong> designadas para pueblos en aislamiento voluntario (ver Anexo).**<\/p>\n<p>Las <u>malas noticias<\/u>: Los bosques primarios de la Amazon\u00eda peruana\u00a0contin\u00faan reduci\u00e9ndose de forma progresiva.<\/p>\n<p>Estimamos que la extensi\u00f3n original de estos bosques fue de 73.1 millones de hect\u00e1reas. Por lo tanto, se registra una <strong>p\u00e9rdida hist\u00f3rica<\/strong> de <strong>6.1 millones<\/strong> de hect\u00e1reas (<strong>8%<\/strong>) del bosque original, de las cuales 2 millones de hect\u00e1reas han sido deforestadas desde el 2001.<\/p>\n<p>A continuaci\u00f3n, mostramos <strong>zooms (en formato GIF)<\/strong> de la reducci\u00f3n de bosques primarios y\u00a0la expansi\u00f3n de la deforestaci\u00f3n en tres zonas cr\u00edticas: la Amazon\u00eda peruana sur, centro y norte.<\/p>\n<div class=\"fitem-sep\"><\/div>\n<div id=\"attachment_7633\" class=\"thumbnail alignright\"><a href=\"https:\/\/www.maapprogram.org\/wp-content\/uploads\/2018\/08\/Webp.net-gifmaker_sur3.gif\"><img decoding=\"async\" class=\"wp-image-7633\" src=\"https:\/\/www.maapprogram.org\/wp-content\/uploads\/2018\/08\/Webp.net-gifmaker_sur3.gif\" alt=\"\" width=\"476\" height=\"533\" \/><\/a><div class=\"caption\">GIF de la deforestaci\u00f3n en la Amazonia Peruana Sur. Datos: ver Mapa Base<\/div><\/div>\n<h3><strong>Amazon\u00eda Peruana Sur<\/strong><\/h3>\n<p>Note estos tres patrones importantes en el GIF (click para agrandar):<\/p>\n<ul>\n<li>El incremento de deforestaci\u00f3n a lo largo de toda la <strong>carretera Interoce\u00e1nica<\/strong>.<\/li>\n<li>El incremento de deforestaci\u00f3n desde diferentes frentes de\u00a0<strong>miner\u00eda aur\u00edfera<\/strong>, cerca de la secci\u00f3n suroeste de la carretera.<\/li>\n<li>El incremento de deforestaci\u00f3n por agricultura alrededor de Iberia, a lo largo de la secci\u00f3n norte de la carretera, cerca del l\u00edmite con Brasil.<\/li>\n<\/ul>\n<div class=\"fitem-sep\"><\/div>\n<h3><strong><a href=\"https:\/\/www.maapprogram.org\/wp-content\/uploads\/2018\/08\/Webp.net-gifmaker_centro3.gif\"><img decoding=\"async\" class=\"alignright wp-image-7634\" src=\"https:\/\/www.maapprogram.org\/wp-content\/uploads\/2018\/08\/Webp.net-gifmaker_centro3.gif\" alt=\"\" width=\"475\" height=\"560\" \/><\/a>Amazon\u00eda Peruana Centro<\/strong><\/h3>\n<p>Note estos tres patrones importantes en el GIF (click para agrandar):<\/p>\n<ul>\n<li>La significativa deforestaci\u00f3n hist\u00f3rica antes de 1990 alrededor de las ciudades de Pucallpa y Tarapoto.<\/li>\n<li>El aumento de la deforestaci\u00f3n a lo largo de la carretera que va hacia el oeste, desde Pucallpa.<\/li>\n<li>La deforestaci\u00f3n a gran escala por plantaciones de <strong>palma aceitera<\/strong>\u00a0en las afueras de Pucallpa y Yurimaguas.<\/li>\n<\/ul>\n<div class=\"fitem-sep\"><\/div>\n<h3><strong><a href=\"https:\/\/www.maapprogram.org\/wp-content\/uploads\/2018\/08\/Webp.net-gifmaker_norte3.gif\"><img decoding=\"async\" class=\"alignright wp-image-7635\" src=\"https:\/\/www.maapprogram.org\/wp-content\/uploads\/2018\/08\/Webp.net-gifmaker_norte3.gif\" alt=\"\" width=\"477\" height=\"533\" \/><\/a>Amazon\u00eda Peruana Norte<\/strong><\/h3>\n<p>Note estos tres patrones importantes en el GIF (click para agrandar):<\/p>\n<ul>\n<li>La deforestaci\u00f3n hist\u00f3rica antes de 1990 alrededor de Iquitos.<\/li>\n<li>El incremento de deforestaci\u00f3n a lo largo de la carretera Iquitos \u2013 Nauta.<\/li>\n<li>La deforestaci\u00f3n a gran escala por plantaciones de <strong>United Cacao<\/strong> cerca de la localidad de Tamshiyacu.<\/li>\n<\/ul>\n<div class=\"fitem-sep\"><\/div>\n<div id=\"attachment_7643\" class=\"thumbnail alignright\"><a href=\"https:\/\/www.maapprogram.org\/wp-content\/uploads\/2018\/08\/Mapa_Base2_ANP-TI-1.jpg\"><img decoding=\"async\" class=\"wp-image-7643\" src=\"https:\/\/www.maapprogram.org\/wp-content\/uploads\/2018\/08\/Mapa_Base2_ANP-TI-1-448x580.jpg\" alt=\"\" width=\"476\" height=\"616\" \/><\/a><div class=\"caption\">Mapa Base con ANPs y Territorios Indigenas. Datos: SERNANP, IBC, Hansen\/UMD\/Google\/USGS\/NASA, PNCB\/MINAM, GLCF\/UMD, RAISG, Ministerio de Cultura.<\/div><\/div>\n<h3><strong>Anexo<\/strong><\/h3>\n<p>Mapa Base con tres capas adicionales:\u00a0\u00c1reas Naturales Protegidas, Comunidades Nativas tituladas, y Reservas Ind\u00edgenas.<\/p>\n<div class=\"fitem-sep\"><\/div>\n<h3><strong>Notas<\/strong><\/h3>\n<p>*Nuestra definici\u00f3n de bosque primario: Seg\u00fan el\u00a0Decreto Supremo (N\u00ba 018-2015-MINAGRI) que aprueba el Reglamento para la Gesti\u00f3n Forestal bajo el marco de la nueva\u00a0Ley Forestal de 2011 (N\u00ba 29763),\u00a0la definici\u00f3n oficial de bosque primario en Per\u00fa es: \u201cBosque con vegetaci\u00f3n original caracterizado por la abundancia de \u00e1rboles maduros con especies del dosel superior o dominante, que ha evolucionado de manera natural.\u201d\u00a0Usando m\u00e9todos de teledetecci\u00f3n, nuestra interpretaci\u00f3n de esa definici\u00f3n son\u00a0\u00e1reas que presentan cobertura de un dosel denso y cerrado, identificable desde las im\u00e1genes satelitales m\u00e1s tempranas disponibles.<\/p>\n<p>Cabe enfatizar que nuestra definici\u00f3n de bosque primario no significa que el \u00e1rea es pr\u00edstina. Estos bosques primarios pueden haber sido degradados por la tala selectiva y la caza.<\/p>\n<p>**\u00a0Bosque primario hist\u00f3rica:\u00a073,188,344 ha. Bosque primario actual: 67,043,378 ha. De este valor, el\u00a027.6% de los bosques primarios se encuentra en \u00c1reas Naturales Protegidas (18.5 millones de hect\u00e1reas), 18%\u00a0en las Comunidades Nativas tituladas (12 millones de hect\u00e1reas) y 4% en Reservas Ind\u00edgenas\/Territoriales\u00a0designadas para pueblos en aislamiento voluntario (2.9 millones de hect\u00e1reas).\u00a0N\u00f3tese que existe una superposici\u00f3n entre estas tres categor\u00edas,\u00a0lo que tuvimos en cuenta en el valor final (48%). Cabe mencionar que las Reservas Ind\u00edgenas permiten actividades econ\u00f3micas declaradas de inter\u00e9s nacional y con Estudio Impacto Ambiental aprobado, como miner\u00eda, hidrocarburos y carreteras.<\/p>\n<div class=\"fitem-sep\"><\/div>\n<h3><strong>Metodolog\u00eda<\/strong><\/h3>\n<p>Para generar el estimado de\u00a0<u>extensi\u00f3n original<\/u>\u00a0de\u00a0bosques primarios,\u00a0combinamos dos fuentes de datos generados a partir de im\u00e1genes satelitales.\u00a0Primero, usamos los datos del\u00a0<u><a href=\"http:\/\/www.landcover.org\/data\/landsatFCC\/\">Global Land Cover Facility (GLCF 2014)<\/a>\u00a0<\/u>, la cual considera como l\u00ednea base de cobertura forestal el a\u00f1o 1990.\u00a0Las \u00e1reas con sombras y nubes fueron rellenadas con los cambios de cobertura del GLCF entre 2000 y 2005. La extensi\u00f3n original de bosques primarios fue determinado como la suma\u00a0de las \u00e1reas categorizadas por el GLCF como \u201cBosque Persistente\u201d (Persistent Forest), \u201cBosque Ganado\u201d (Forest Gain) y \u201cBosque Perdido\u201d (Forest Loss).\u00a0Luego, se integr\u00f3 los datos de \u00abHidrograf\u00eda\u00bb generado por el\u00a0<a href=\"http:\/\/geobosques.minam.gob.pe\/geobosque\/view\/index.php\">Programa Nacional de Conservaci\u00f3n de Bosques<\/a>\u00a0(PNCB-MINAM) para no incluir cuerpos de agua en el an\u00e1lisis. Definimos el\u00a0l\u00edmite del\u00a0an\u00e1lisis como la Cuenca Amaz\u00f3nica\u00a0Hidrol\u00f3gica.\u00a0Definimos la extensi\u00f3n \u00aboriginal\u00bb de bosques primarios como la extensi\u00f3n de estos bosques antes de la colonizaci\u00f3n europea de la Amazon\u00eda peruana\u2019 (alrededor de 1750).<\/p>\n<p style=\"font-weight: 400;\">Para generar el estimado de\u00a0<u>extensi\u00f3n actual<\/u>\u00a0de\u00a0bosques primarios, restamos la p\u00e9rdida de bosque documentada desde 1990 hasta el 2017, de la extensi\u00f3n original de bosque primario.\u00a0 Para el periodo de 1990 a 2000, usamos los datos del GLCF y y los datos\u00a0de \u00abNo Bosque al 2000\u00bb generados por el PNCB-MINAM. Para el periodo entre 2001 y 2016, usamos\u00a0los datos anuales del\u00a0<u><\/u>PNCB-MINAM. Finalmente, para el a\u00f1o 2017, usamos\u00a0las alertas tempranas del PNCB-MINAM. Como resultado, definimos el bosque primario actual como un \u00e1rea con cobertura forestal identificada en las primeras im\u00e1genes satelitales disponibles desde el a\u00f1o 1990 y sin indicios de p\u00e9rdida (resoluci\u00f3n de 30 metros) hasta el a\u00f1o 2017.<\/p>\n<p>Global Land Cover Facility (GLCF) and Goddard Space Flight Center (GSFC). 2014. GLCF Forest Cover Change 2000 2005, Global Land Cover Facility,University of Maryland, College Park.<\/p>\n<div class=\"fitem-sep\"><\/div>\n<h3><strong>Agradecimientos:<\/strong><\/h3>\n<p>Agradecemos a Ernesto Raez (Pronaturaleza, UARM), Pedro Tipula (IBC), y C\u00e9sar Gamboa (DAR) por sus \u00fatiles comentarios\u00a0a este reporte.<\/p>\n<div class=\"fitem-sep\"><\/div>\n<h3><strong>Cita<\/strong><\/h3>\n<p>Finer M, Mamani N (2018) Reducci\u00f3n de bosques primarios de la Amazon\u00eda Peruana. MAAP: 93.<\/p>\n<div class=\"fitem-sep\"><\/div>\n","protected":false},"excerpt":{"rendered":"<p>Los bosques primarios\u00a0de la Amazon\u00eda peruana, el segundo bloque Amaz\u00f3nico m\u00e1s extenso despu\u00e9s de Brasil, se est\u00e1n reduciendo mientras la deforestaci\u00f3n se expande. En este reporte, analizamos la data hist\u00f3rica y actual para entender e ilustrar esta situaci\u00f3n. Las buenas noticias: Como\u00a0 se muestra en el Mapa Base, la Amazon\u00eda peruana\u00a0a\u00fan alberga\u00a0una gran extensi\u00f3n de [&hellip;]<\/p>\n","protected":false},"author":1,"featured_media":0,"comment_status":"open","ping_status":"open","sticky":false,"template":"","format":"standard","meta":{"_acf_changed":false,"footnotes":""},"categories":[347],"tags":[197],"ftr_agriculture":[],"carbon-and-climate-change":[],"ftr_country":[483],"fire":[],"infrastructure-threat":[427],"land-use":[433,432],"mining-and-logging-threat":[434],"natural-forest-loss":[],"special-analysis":[],"class_list":["post-21122","post","type-post","status-publish","format-standard","hentry","category-paisesperu","tag-maap-93","ftr_country-peru-2","infrastructure-threat-carreteras","land-use-areas-protegidas","land-use-territorios-indigenas","mining-and-logging-threat-mineria-de-oro"],"acf":[],"yoast_head":"<!-- This site is optimized with the Yoast SEO plugin v27.3 - https:\/\/yoast.com\/product\/yoast-seo-wordpress\/ -->\n<title>MAAP #93: Reducci\u00f3n de bosques primarios de la Amazon\u00eda Peruana - MAAP<\/title>\n<meta name=\"robots\" content=\"index, follow, max-snippet:-1, max-image-preview:large, max-video-preview:-1\" \/>\n<link rel=\"canonical\" href=\"https:\/\/www.maapprogram.org\/es\/bosques-primarios-peru\/\" \/>\n<meta property=\"og:locale\" content=\"es_ES\" \/>\n<meta property=\"og:type\" content=\"article\" \/>\n<meta property=\"og:title\" content=\"MAAP #93: Reducci\u00f3n de bosques primarios de la Amazon\u00eda Peruana - MAAP\" \/>\n<meta property=\"og:description\" content=\"Los bosques primarios\u00a0de la Amazon\u00eda peruana, el segundo bloque Amaz\u00f3nico m\u00e1s extenso despu\u00e9s de Brasil, se est\u00e1n reduciendo mientras la deforestaci\u00f3n se expande. En este reporte, analizamos la data hist\u00f3rica y actual para entender e ilustrar esta situaci\u00f3n. Las buenas noticias: Como\u00a0 se muestra en el Mapa Base, la Amazon\u00eda peruana\u00a0a\u00fan alberga\u00a0una gran extensi\u00f3n de [&hellip;]\" \/>\n<meta property=\"og:url\" content=\"https:\/\/www.maapprogram.org\/es\/bosques-primarios-peru\/\" \/>\n<meta property=\"og:site_name\" content=\"MAAP\" \/>\n<meta property=\"article:published_time\" content=\"2018-10-08T16:24:00+00:00\" \/>\n<meta property=\"article:modified_time\" content=\"2024-09-24T20:43:11+00:00\" \/>\n<meta property=\"og:image\" content=\"https:\/\/www.maapprogram.org\/wp-content\/uploads\/2018\/08\/MapaBase_3Vers_500dpi-448x580.jpg\" \/>\n<meta name=\"author\" content=\"dcadmin\" \/>\n<meta name=\"twitter:card\" content=\"summary_large_image\" \/>\n<meta name=\"twitter:label1\" content=\"Escrito por\" \/>\n\t<meta name=\"twitter:data1\" content=\"dcadmin\" \/>\n\t<meta name=\"twitter:label2\" content=\"Tiempo de lectura\" \/>\n\t<meta name=\"twitter:data2\" content=\"6 minutos\" \/>\n<script type=\"application\/ld+json\" class=\"yoast-schema-graph\">{\"@context\":\"https:\\\/\\\/schema.org\",\"@graph\":[{\"@type\":\"Article\",\"@id\":\"https:\\\/\\\/www.maapprogram.org\\\/es\\\/bosques-primarios-peru\\\/#article\",\"isPartOf\":{\"@id\":\"https:\\\/\\\/www.maapprogram.org\\\/es\\\/bosques-primarios-peru\\\/\"},\"author\":{\"name\":\"dcadmin\",\"@id\":\"https:\\\/\\\/www.maapprogram.org\\\/es\\\/#\\\/schema\\\/person\\\/433e90c8debccfe16357e05627bbd443\"},\"headline\":\"MAAP #93: Reducci\u00f3n de bosques primarios de la Amazon\u00eda Peruana\",\"datePublished\":\"2018-10-08T16:24:00+00:00\",\"dateModified\":\"2024-09-24T20:43:11+00:00\",\"mainEntityOfPage\":{\"@id\":\"https:\\\/\\\/www.maapprogram.org\\\/es\\\/bosques-primarios-peru\\\/\"},\"wordCount\":1111,\"commentCount\":0,\"image\":{\"@id\":\"https:\\\/\\\/www.maapprogram.org\\\/es\\\/bosques-primarios-peru\\\/#primaryimage\"},\"thumbnailUrl\":\"https:\\\/\\\/www.maapprogram.org\\\/wp-content\\\/uploads\\\/2018\\\/08\\\/MapaBase_3Vers_500dpi-448x580.jpg\",\"keywords\":[\"MAAP #93\"],\"articleSection\":[\"Paises&gt;Per\u00fa\"],\"inLanguage\":\"es\",\"potentialAction\":[{\"@type\":\"CommentAction\",\"name\":\"Comment\",\"target\":[\"https:\\\/\\\/www.maapprogram.org\\\/es\\\/bosques-primarios-peru\\\/#respond\"]}]},{\"@type\":\"WebPage\",\"@id\":\"https:\\\/\\\/www.maapprogram.org\\\/es\\\/bosques-primarios-peru\\\/\",\"url\":\"https:\\\/\\\/www.maapprogram.org\\\/es\\\/bosques-primarios-peru\\\/\",\"name\":\"MAAP #93: Reducci\u00f3n de bosques primarios de la Amazon\u00eda Peruana - MAAP\",\"isPartOf\":{\"@id\":\"https:\\\/\\\/www.maapprogram.org\\\/es\\\/#website\"},\"primaryImageOfPage\":{\"@id\":\"https:\\\/\\\/www.maapprogram.org\\\/es\\\/bosques-primarios-peru\\\/#primaryimage\"},\"image\":{\"@id\":\"https:\\\/\\\/www.maapprogram.org\\\/es\\\/bosques-primarios-peru\\\/#primaryimage\"},\"thumbnailUrl\":\"https:\\\/\\\/www.maapprogram.org\\\/wp-content\\\/uploads\\\/2018\\\/08\\\/MapaBase_3Vers_500dpi-448x580.jpg\",\"datePublished\":\"2018-10-08T16:24:00+00:00\",\"dateModified\":\"2024-09-24T20:43:11+00:00\",\"author\":{\"@id\":\"https:\\\/\\\/www.maapprogram.org\\\/es\\\/#\\\/schema\\\/person\\\/433e90c8debccfe16357e05627bbd443\"},\"breadcrumb\":{\"@id\":\"https:\\\/\\\/www.maapprogram.org\\\/es\\\/bosques-primarios-peru\\\/#breadcrumb\"},\"inLanguage\":\"es\",\"potentialAction\":[{\"@type\":\"ReadAction\",\"target\":[\"https:\\\/\\\/www.maapprogram.org\\\/es\\\/bosques-primarios-peru\\\/\"]}]},{\"@type\":\"ImageObject\",\"inLanguage\":\"es\",\"@id\":\"https:\\\/\\\/www.maapprogram.org\\\/es\\\/bosques-primarios-peru\\\/#primaryimage\",\"url\":\"https:\\\/\\\/www.maapprogram.org\\\/wp-content\\\/uploads\\\/2018\\\/08\\\/MapaBase_3Vers_500dpi-448x580.jpg\",\"contentUrl\":\"https:\\\/\\\/www.maapprogram.org\\\/wp-content\\\/uploads\\\/2018\\\/08\\\/MapaBase_3Vers_500dpi-448x580.jpg\"},{\"@type\":\"BreadcrumbList\",\"@id\":\"https:\\\/\\\/www.maapprogram.org\\\/es\\\/bosques-primarios-peru\\\/#breadcrumb\",\"itemListElement\":[{\"@type\":\"ListItem\",\"position\":1,\"name\":\"Home\",\"item\":\"https:\\\/\\\/www.maapprogram.org\\\/es\\\/\"},{\"@type\":\"ListItem\",\"position\":2,\"name\":\"MAAP #93: Reducci\u00f3n de bosques primarios de la Amazon\u00eda Peruana\"}]},{\"@type\":\"WebSite\",\"@id\":\"https:\\\/\\\/www.maapprogram.org\\\/es\\\/#website\",\"url\":\"https:\\\/\\\/www.maapprogram.org\\\/es\\\/\",\"name\":\"MAAP\",\"description\":\"\",\"potentialAction\":[{\"@type\":\"SearchAction\",\"target\":{\"@type\":\"EntryPoint\",\"urlTemplate\":\"https:\\\/\\\/www.maapprogram.org\\\/es\\\/?s={search_term_string}\"},\"query-input\":{\"@type\":\"PropertyValueSpecification\",\"valueRequired\":true,\"valueName\":\"search_term_string\"}}],\"inLanguage\":\"es\"},{\"@type\":\"Person\",\"@id\":\"https:\\\/\\\/www.maapprogram.org\\\/es\\\/#\\\/schema\\\/person\\\/433e90c8debccfe16357e05627bbd443\",\"name\":\"dcadmin\",\"image\":{\"@type\":\"ImageObject\",\"inLanguage\":\"es\",\"@id\":\"https:\\\/\\\/secure.gravatar.com\\\/avatar\\\/83c0f4e5f994ae4e4b9ae78b382f373b07a15509b31a24d7d748f76e9925b825?s=96&d=mm&r=g\",\"url\":\"https:\\\/\\\/secure.gravatar.com\\\/avatar\\\/83c0f4e5f994ae4e4b9ae78b382f373b07a15509b31a24d7d748f76e9925b825?s=96&d=mm&r=g\",\"contentUrl\":\"https:\\\/\\\/secure.gravatar.com\\\/avatar\\\/83c0f4e5f994ae4e4b9ae78b382f373b07a15509b31a24d7d748f76e9925b825?s=96&d=mm&r=g\",\"caption\":\"dcadmin\"},\"sameAs\":[\"http:\\\/\\\/www.maapprogram.org\"],\"url\":\"https:\\\/\\\/www.maapprogram.org\\\/es\\\/author\\\/dcadmin\\\/\"}]}<\/script>\n<!-- \/ Yoast SEO plugin. -->","yoast_head_json":{"title":"MAAP #93: Reducci\u00f3n de bosques primarios de la Amazon\u00eda Peruana - MAAP","robots":{"index":"index","follow":"follow","max-snippet":"max-snippet:-1","max-image-preview":"max-image-preview:large","max-video-preview":"max-video-preview:-1"},"canonical":"https:\/\/www.maapprogram.org\/es\/bosques-primarios-peru\/","og_locale":"es_ES","og_type":"article","og_title":"MAAP #93: Reducci\u00f3n de bosques primarios de la Amazon\u00eda Peruana - MAAP","og_description":"Los bosques primarios\u00a0de la Amazon\u00eda peruana, el segundo bloque Amaz\u00f3nico m\u00e1s extenso despu\u00e9s de Brasil, se est\u00e1n reduciendo mientras la deforestaci\u00f3n se expande. En este reporte, analizamos la data hist\u00f3rica y actual para entender e ilustrar esta situaci\u00f3n. Las buenas noticias: Como\u00a0 se muestra en el Mapa Base, la Amazon\u00eda peruana\u00a0a\u00fan alberga\u00a0una gran extensi\u00f3n de [&hellip;]","og_url":"https:\/\/www.maapprogram.org\/es\/bosques-primarios-peru\/","og_site_name":"MAAP","article_published_time":"2018-10-08T16:24:00+00:00","article_modified_time":"2024-09-24T20:43:11+00:00","og_image":[{"url":"https:\/\/www.maapprogram.org\/wp-content\/uploads\/2018\/08\/MapaBase_3Vers_500dpi-448x580.jpg","type":"","width":"","height":""}],"author":"dcadmin","twitter_card":"summary_large_image","twitter_misc":{"Escrito por":"dcadmin","Tiempo de lectura":"6 minutos"},"schema":{"@context":"https:\/\/schema.org","@graph":[{"@type":"Article","@id":"https:\/\/www.maapprogram.org\/es\/bosques-primarios-peru\/#article","isPartOf":{"@id":"https:\/\/www.maapprogram.org\/es\/bosques-primarios-peru\/"},"author":{"name":"dcadmin","@id":"https:\/\/www.maapprogram.org\/es\/#\/schema\/person\/433e90c8debccfe16357e05627bbd443"},"headline":"MAAP #93: Reducci\u00f3n de bosques primarios de la Amazon\u00eda Peruana","datePublished":"2018-10-08T16:24:00+00:00","dateModified":"2024-09-24T20:43:11+00:00","mainEntityOfPage":{"@id":"https:\/\/www.maapprogram.org\/es\/bosques-primarios-peru\/"},"wordCount":1111,"commentCount":0,"image":{"@id":"https:\/\/www.maapprogram.org\/es\/bosques-primarios-peru\/#primaryimage"},"thumbnailUrl":"https:\/\/www.maapprogram.org\/wp-content\/uploads\/2018\/08\/MapaBase_3Vers_500dpi-448x580.jpg","keywords":["MAAP #93"],"articleSection":["Paises&gt;Per\u00fa"],"inLanguage":"es","potentialAction":[{"@type":"CommentAction","name":"Comment","target":["https:\/\/www.maapprogram.org\/es\/bosques-primarios-peru\/#respond"]}]},{"@type":"WebPage","@id":"https:\/\/www.maapprogram.org\/es\/bosques-primarios-peru\/","url":"https:\/\/www.maapprogram.org\/es\/bosques-primarios-peru\/","name":"MAAP #93: Reducci\u00f3n de bosques primarios de la Amazon\u00eda Peruana - MAAP","isPartOf":{"@id":"https:\/\/www.maapprogram.org\/es\/#website"},"primaryImageOfPage":{"@id":"https:\/\/www.maapprogram.org\/es\/bosques-primarios-peru\/#primaryimage"},"image":{"@id":"https:\/\/www.maapprogram.org\/es\/bosques-primarios-peru\/#primaryimage"},"thumbnailUrl":"https:\/\/www.maapprogram.org\/wp-content\/uploads\/2018\/08\/MapaBase_3Vers_500dpi-448x580.jpg","datePublished":"2018-10-08T16:24:00+00:00","dateModified":"2024-09-24T20:43:11+00:00","author":{"@id":"https:\/\/www.maapprogram.org\/es\/#\/schema\/person\/433e90c8debccfe16357e05627bbd443"},"breadcrumb":{"@id":"https:\/\/www.maapprogram.org\/es\/bosques-primarios-peru\/#breadcrumb"},"inLanguage":"es","potentialAction":[{"@type":"ReadAction","target":["https:\/\/www.maapprogram.org\/es\/bosques-primarios-peru\/"]}]},{"@type":"ImageObject","inLanguage":"es","@id":"https:\/\/www.maapprogram.org\/es\/bosques-primarios-peru\/#primaryimage","url":"https:\/\/www.maapprogram.org\/wp-content\/uploads\/2018\/08\/MapaBase_3Vers_500dpi-448x580.jpg","contentUrl":"https:\/\/www.maapprogram.org\/wp-content\/uploads\/2018\/08\/MapaBase_3Vers_500dpi-448x580.jpg"},{"@type":"BreadcrumbList","@id":"https:\/\/www.maapprogram.org\/es\/bosques-primarios-peru\/#breadcrumb","itemListElement":[{"@type":"ListItem","position":1,"name":"Home","item":"https:\/\/www.maapprogram.org\/es\/"},{"@type":"ListItem","position":2,"name":"MAAP #93: Reducci\u00f3n de bosques primarios de la Amazon\u00eda Peruana"}]},{"@type":"WebSite","@id":"https:\/\/www.maapprogram.org\/es\/#website","url":"https:\/\/www.maapprogram.org\/es\/","name":"MAAP","description":"","potentialAction":[{"@type":"SearchAction","target":{"@type":"EntryPoint","urlTemplate":"https:\/\/www.maapprogram.org\/es\/?s={search_term_string}"},"query-input":{"@type":"PropertyValueSpecification","valueRequired":true,"valueName":"search_term_string"}}],"inLanguage":"es"},{"@type":"Person","@id":"https:\/\/www.maapprogram.org\/es\/#\/schema\/person\/433e90c8debccfe16357e05627bbd443","name":"dcadmin","image":{"@type":"ImageObject","inLanguage":"es","@id":"https:\/\/secure.gravatar.com\/avatar\/83c0f4e5f994ae4e4b9ae78b382f373b07a15509b31a24d7d748f76e9925b825?s=96&d=mm&r=g","url":"https:\/\/secure.gravatar.com\/avatar\/83c0f4e5f994ae4e4b9ae78b382f373b07a15509b31a24d7d748f76e9925b825?s=96&d=mm&r=g","contentUrl":"https:\/\/secure.gravatar.com\/avatar\/83c0f4e5f994ae4e4b9ae78b382f373b07a15509b31a24d7d748f76e9925b825?s=96&d=mm&r=g","caption":"dcadmin"},"sameAs":["http:\/\/www.maapprogram.org"],"url":"https:\/\/www.maapprogram.org\/es\/author\/dcadmin\/"}]}},"_links":{"self":[{"href":"https:\/\/www.maapprogram.org\/es\/wp-json\/wp\/v2\/posts\/21122","targetHints":{"allow":["GET"]}}],"collection":[{"href":"https:\/\/www.maapprogram.org\/es\/wp-json\/wp\/v2\/posts"}],"about":[{"href":"https:\/\/www.maapprogram.org\/es\/wp-json\/wp\/v2\/types\/post"}],"author":[{"embeddable":true,"href":"https:\/\/www.maapprogram.org\/es\/wp-json\/wp\/v2\/users\/1"}],"replies":[{"embeddable":true,"href":"https:\/\/www.maapprogram.org\/es\/wp-json\/wp\/v2\/comments?post=21122"}],"version-history":[{"count":1,"href":"https:\/\/www.maapprogram.org\/es\/wp-json\/wp\/v2\/posts\/21122\/revisions"}],"predecessor-version":[{"id":23279,"href":"https:\/\/www.maapprogram.org\/es\/wp-json\/wp\/v2\/posts\/21122\/revisions\/23279"}],"wp:attachment":[{"href":"https:\/\/www.maapprogram.org\/es\/wp-json\/wp\/v2\/media?parent=21122"}],"wp:term":[{"taxonomy":"category","embeddable":true,"href":"https:\/\/www.maapprogram.org\/es\/wp-json\/wp\/v2\/categories?post=21122"},{"taxonomy":"post_tag","embeddable":true,"href":"https:\/\/www.maapprogram.org\/es\/wp-json\/wp\/v2\/tags?post=21122"},{"taxonomy":"ftr_agriculture","embeddable":true,"href":"https:\/\/www.maapprogram.org\/es\/wp-json\/wp\/v2\/ftr_agriculture?post=21122"},{"taxonomy":"carbon-and-climate-change","embeddable":true,"href":"https:\/\/www.maapprogram.org\/es\/wp-json\/wp\/v2\/carbon-and-climate-change?post=21122"},{"taxonomy":"ftr_country","embeddable":true,"href":"https:\/\/www.maapprogram.org\/es\/wp-json\/wp\/v2\/ftr_country?post=21122"},{"taxonomy":"fire","embeddable":true,"href":"https:\/\/www.maapprogram.org\/es\/wp-json\/wp\/v2\/fire?post=21122"},{"taxonomy":"infrastructure-threat","embeddable":true,"href":"https:\/\/www.maapprogram.org\/es\/wp-json\/wp\/v2\/infrastructure-threat?post=21122"},{"taxonomy":"land-use","embeddable":true,"href":"https:\/\/www.maapprogram.org\/es\/wp-json\/wp\/v2\/land-use?post=21122"},{"taxonomy":"mining-and-logging-threat","embeddable":true,"href":"https:\/\/www.maapprogram.org\/es\/wp-json\/wp\/v2\/mining-and-logging-threat?post=21122"},{"taxonomy":"natural-forest-loss","embeddable":true,"href":"https:\/\/www.maapprogram.org\/es\/wp-json\/wp\/v2\/natural-forest-loss?post=21122"},{"taxonomy":"special-analysis","embeddable":true,"href":"https:\/\/www.maapprogram.org\/es\/wp-json\/wp\/v2\/special-analysis?post=21122"}],"curies":[{"name":"wp","href":"https:\/\/api.w.org\/{rel}","templated":true}]}}