{"id":21123,"date":"2018-06-26T10:33:00","date_gmt":"2018-06-26T10:33:00","guid":{"rendered":"https:\/\/www.maapprogram.org\/chiribiquete\/"},"modified":"2024-09-19T14:04:43","modified_gmt":"2024-09-19T14:04:43","slug":"chiribiquete","status":"publish","type":"post","link":"https:\/\/www.maapprogram.org\/es\/chiribiquete\/","title":{"rendered":"MAAP #86: Chiribiquete &#8211; Hotspots de Deforestaci\u00f3n en la Amazon\u00eda Colombiana, parte 3"},"content":{"rendered":"<h3><a href=\"https:\/\/www.maapprogram.org\/chiribiquete-esp\/\"><b>MAAP #86<\/b>:\u00a0<b>Hotspots de Deforestaci\u00f3n en la Amazon\u00eda Colombiana, parte 3:<br \/>\n<\/b><b>Chiribiquete &#8211; Macarena<\/b><\/a><\/h3>\n<p dir=\"ltr\"><a href=\"https:\/\/www.maapprogram.org\/wp-content\/uploads\/2018\/06\/Feat-Image-1.jpg\"><img decoding=\"async\" class=\"alignright wp-image-7334\" src=\"https:\/\/www.maapprogram.org\/wp-content\/uploads\/2018\/06\/Feat-Image-1-930x522.jpg\" alt=\"\" width=\"633\" height=\"355\" \/><\/a>Presentamos nuestro tercer reporte* en una serie tem\u00e1tica investigando\u00a0<b>hotspots de deforestaci\u00f3n<\/b>\u00a0en la\u00a0<b>Amazon\u00eda Colombiana<\/b>. Nos enfocamos en el\u00a0<a href=\"https:\/\/www.maapprogram.org\/chiribiquete-esp\/\"><b>hotspot \u00abChiribiquete-Macarena<\/b><\/a>,\u00bb ubicado entre los Parques Nacionales\u00a0Chiribiquete y La Macarena.<\/p>\n<p dir=\"ltr\">El Gobierno colombiano\u00a0est\u00e1 finalizando los planes para expandir los l\u00edmites del\u00a0<b>Parque Nacional Chiribiquete<\/b>,\u00a0un paso importante para la conservaci\u00f3n.\u00a0Sin embargo, mostramos (con\u00a0<b>im<strong>\u00e1<\/strong>genes de alta-resoluci\u00f3n<\/b>) que la\u00a0deforestaci\u00f3n est\u00e1\u00a0aumentando en la zona y\u00a0se expande r\u00e1pidamente hasta esos nuevos\u00a0l\u00edmites. En efecto, en el 2018, la\u00a0deforestaci\u00f3n\u00a0ha\u00a0penetrado la zona reci\u00e9n adjudicada al parque.<\/p>\n<p><b>MAAP #86<\/b>:\u00a0<b>Hotspots de Deforestaci\u00f3n en la Amazon\u00eda Colombiana, parte 3:\u00a0<\/b><b>Chiribiquete &#8211; Macarena<br \/>\n<a href=\"https:\/\/www.maapprogram.org\/chiribiquete-esp\/\">https:\/\/www.maapprogram.org\/chiribiquete-esp\/<\/a><br \/>\n<\/b><\/p>\n<div>\n<div><div class=\"fitem-sep\"><\/div><\/div>\n<div>*El\u00a0<a href=\"https:\/\/www.maapprogram.org\/patrones-de-deforestacion-en-la-amazonia-colombiana\/\" target=\"_blank\" rel=\"noopener\"><b>primer reporte<\/b><\/a>\u00a0se enfoc\u00f3 en el\u00a0<b>hotspot \u00abCaguan\u00bb<\/b>\u00a0en el departamento de Caquet\u00e1. El\u00a0<b><a href=\"https:\/\/www.maapprogram.org\/colombia2_esp\/\" target=\"_blank\" rel=\"noopener\">segundo reporte<\/a><\/b>\u00a0se enfoc\u00f3 en el\u00a0<b>hotspot \u00abLa Paya\u00bb<\/b>\u00a0en el departamento de Putumayo.<\/div>\n<div><div class=\"fitem-sep\"><\/div><\/div>\n<\/div>\n","protected":false},"excerpt":{"rendered":"<p>MAAP #86:\u00a0Hotspots de Deforestaci\u00f3n en la Amazon\u00eda Colombiana, parte 3: Chiribiquete &#8211; Macarena Presentamos nuestro tercer reporte* en una serie tem\u00e1tica investigando\u00a0hotspots de deforestaci\u00f3n\u00a0en la\u00a0Amazon\u00eda Colombiana. Nos enfocamos en el\u00a0hotspot \u00abChiribiquete-Macarena,\u00bb ubicado entre los Parques Nacionales\u00a0Chiribiquete y La Macarena. El Gobierno colombiano\u00a0est\u00e1 finalizando los planes para expandir los l\u00edmites del\u00a0Parque Nacional Chiribiquete,\u00a0un paso importante para [&hellip;]<\/p>\n","protected":false},"author":1,"featured_media":0,"comment_status":"open","ping_status":"open","sticky":false,"template":"","format":"standard","meta":{"_acf_changed":false,"footnotes":""},"categories":[349,308],"tags":[320],"ftr_agriculture":[],"carbon-and-climate-change":[],"ftr_country":[398],"fire":[],"infrastructure-threat":[],"land-use":[],"mining-and-logging-threat":[],"natural-forest-loss":[],"special-analysis":[439],"class_list":["post-21123","post","type-post","status-publish","format-standard","hentry","category-paisescolombia","category-pasto-ganado","tag-maap-86","ftr_country-colombia","special-analysis-focos-de-deforestacion"],"acf":[],"yoast_head":"<!-- This site is optimized with the Yoast SEO plugin v27.3 - https:\/\/yoast.com\/product\/yoast-seo-wordpress\/ -->\n<title>MAAP #86: Chiribiquete - Hotspots de Deforestaci\u00f3n en la Amazon\u00eda Colombiana, parte 3 - MAAP<\/title>\n<meta name=\"robots\" content=\"index, follow, max-snippet:-1, max-image-preview:large, max-video-preview:-1\" \/>\n<link rel=\"canonical\" href=\"https:\/\/www.maapprogram.org\/es\/chiribiquete\/\" \/>\n<meta property=\"og:locale\" content=\"es_ES\" \/>\n<meta property=\"og:type\" content=\"article\" \/>\n<meta property=\"og:title\" content=\"MAAP #86: Chiribiquete - Hotspots de Deforestaci\u00f3n en la Amazon\u00eda Colombiana, parte 3 - MAAP\" \/>\n<meta property=\"og:description\" content=\"MAAP #86:\u00a0Hotspots de Deforestaci\u00f3n en la Amazon\u00eda Colombiana, parte 3: Chiribiquete &#8211; Macarena Presentamos nuestro tercer reporte* en una serie tem\u00e1tica investigando\u00a0hotspots de deforestaci\u00f3n\u00a0en la\u00a0Amazon\u00eda Colombiana. Nos enfocamos en el\u00a0hotspot \u00abChiribiquete-Macarena,\u00bb ubicado entre los Parques Nacionales\u00a0Chiribiquete y La Macarena. El Gobierno colombiano\u00a0est\u00e1 finalizando los planes para expandir los l\u00edmites del\u00a0Parque Nacional Chiribiquete,\u00a0un paso importante para [&hellip;]\" \/>\n<meta property=\"og:url\" content=\"https:\/\/www.maapprogram.org\/es\/chiribiquete\/\" \/>\n<meta property=\"og:site_name\" content=\"MAAP\" \/>\n<meta property=\"article:published_time\" content=\"2018-06-26T10:33:00+00:00\" \/>\n<meta property=\"article:modified_time\" content=\"2024-09-19T14:04:43+00:00\" \/>\n<meta property=\"og:image\" content=\"https:\/\/www.maapprogram.org\/wp-content\/uploads\/2018\/06\/Feat-Image-1-930x522.jpg\" \/>\n<meta name=\"author\" content=\"dcadmin\" \/>\n<meta name=\"twitter:card\" content=\"summary_large_image\" \/>\n<meta name=\"twitter:label1\" content=\"Escrito por\" \/>\n\t<meta name=\"twitter:data1\" content=\"dcadmin\" \/>\n\t<meta name=\"twitter:label2\" content=\"Tiempo de lectura\" \/>\n\t<meta name=\"twitter:data2\" content=\"2 minutos\" \/>\n<script type=\"application\/ld+json\" class=\"yoast-schema-graph\">{\"@context\":\"https:\\\/\\\/schema.org\",\"@graph\":[{\"@type\":\"Article\",\"@id\":\"https:\\\/\\\/www.maapprogram.org\\\/es\\\/chiribiquete\\\/#article\",\"isPartOf\":{\"@id\":\"https:\\\/\\\/www.maapprogram.org\\\/es\\\/chiribiquete\\\/\"},\"author\":{\"name\":\"dcadmin\",\"@id\":\"https:\\\/\\\/www.maapprogram.org\\\/es\\\/#\\\/schema\\\/person\\\/433e90c8debccfe16357e05627bbd443\"},\"headline\":\"MAAP #86: Chiribiquete &#8211; Hotspots de Deforestaci\u00f3n en la Amazon\u00eda Colombiana, parte 3\",\"datePublished\":\"2018-06-26T10:33:00+00:00\",\"dateModified\":\"2024-09-19T14:04:43+00:00\",\"mainEntityOfPage\":{\"@id\":\"https:\\\/\\\/www.maapprogram.org\\\/es\\\/chiribiquete\\\/\"},\"wordCount\":178,\"commentCount\":0,\"image\":{\"@id\":\"https:\\\/\\\/www.maapprogram.org\\\/es\\\/chiribiquete\\\/#primaryimage\"},\"thumbnailUrl\":\"https:\\\/\\\/www.maapprogram.org\\\/wp-content\\\/uploads\\\/2018\\\/06\\\/Feat-Image-1-930x522.jpg\",\"keywords\":[\"MAAP #86\"],\"articleSection\":[\"Paises&gt;Colombia\",\"Pasto-Ganado\"],\"inLanguage\":\"es\",\"potentialAction\":[{\"@type\":\"CommentAction\",\"name\":\"Comment\",\"target\":[\"https:\\\/\\\/www.maapprogram.org\\\/es\\\/chiribiquete\\\/#respond\"]}]},{\"@type\":\"WebPage\",\"@id\":\"https:\\\/\\\/www.maapprogram.org\\\/es\\\/chiribiquete\\\/\",\"url\":\"https:\\\/\\\/www.maapprogram.org\\\/es\\\/chiribiquete\\\/\",\"name\":\"MAAP #86: Chiribiquete - Hotspots de Deforestaci\u00f3n en la Amazon\u00eda Colombiana, parte 3 - MAAP\",\"isPartOf\":{\"@id\":\"https:\\\/\\\/www.maapprogram.org\\\/es\\\/#website\"},\"primaryImageOfPage\":{\"@id\":\"https:\\\/\\\/www.maapprogram.org\\\/es\\\/chiribiquete\\\/#primaryimage\"},\"image\":{\"@id\":\"https:\\\/\\\/www.maapprogram.org\\\/es\\\/chiribiquete\\\/#primaryimage\"},\"thumbnailUrl\":\"https:\\\/\\\/www.maapprogram.org\\\/wp-content\\\/uploads\\\/2018\\\/06\\\/Feat-Image-1-930x522.jpg\",\"datePublished\":\"2018-06-26T10:33:00+00:00\",\"dateModified\":\"2024-09-19T14:04:43+00:00\",\"author\":{\"@id\":\"https:\\\/\\\/www.maapprogram.org\\\/es\\\/#\\\/schema\\\/person\\\/433e90c8debccfe16357e05627bbd443\"},\"breadcrumb\":{\"@id\":\"https:\\\/\\\/www.maapprogram.org\\\/es\\\/chiribiquete\\\/#breadcrumb\"},\"inLanguage\":\"es\",\"potentialAction\":[{\"@type\":\"ReadAction\",\"target\":[\"https:\\\/\\\/www.maapprogram.org\\\/es\\\/chiribiquete\\\/\"]}]},{\"@type\":\"ImageObject\",\"inLanguage\":\"es\",\"@id\":\"https:\\\/\\\/www.maapprogram.org\\\/es\\\/chiribiquete\\\/#primaryimage\",\"url\":\"https:\\\/\\\/www.maapprogram.org\\\/wp-content\\\/uploads\\\/2018\\\/06\\\/Feat-Image-1-930x522.jpg\",\"contentUrl\":\"https:\\\/\\\/www.maapprogram.org\\\/wp-content\\\/uploads\\\/2018\\\/06\\\/Feat-Image-1-930x522.jpg\"},{\"@type\":\"BreadcrumbList\",\"@id\":\"https:\\\/\\\/www.maapprogram.org\\\/es\\\/chiribiquete\\\/#breadcrumb\",\"itemListElement\":[{\"@type\":\"ListItem\",\"position\":1,\"name\":\"Home\",\"item\":\"https:\\\/\\\/www.maapprogram.org\\\/es\\\/\"},{\"@type\":\"ListItem\",\"position\":2,\"name\":\"MAAP #86: Chiribiquete &#8211; Hotspots de Deforestaci\u00f3n en la Amazon\u00eda Colombiana, parte 3\"}]},{\"@type\":\"WebSite\",\"@id\":\"https:\\\/\\\/www.maapprogram.org\\\/es\\\/#website\",\"url\":\"https:\\\/\\\/www.maapprogram.org\\\/es\\\/\",\"name\":\"MAAP\",\"description\":\"\",\"potentialAction\":[{\"@type\":\"SearchAction\",\"target\":{\"@type\":\"EntryPoint\",\"urlTemplate\":\"https:\\\/\\\/www.maapprogram.org\\\/es\\\/?s={search_term_string}\"},\"query-input\":{\"@type\":\"PropertyValueSpecification\",\"valueRequired\":true,\"valueName\":\"search_term_string\"}}],\"inLanguage\":\"es\"},{\"@type\":\"Person\",\"@id\":\"https:\\\/\\\/www.maapprogram.org\\\/es\\\/#\\\/schema\\\/person\\\/433e90c8debccfe16357e05627bbd443\",\"name\":\"dcadmin\",\"image\":{\"@type\":\"ImageObject\",\"inLanguage\":\"es\",\"@id\":\"https:\\\/\\\/secure.gravatar.com\\\/avatar\\\/83c0f4e5f994ae4e4b9ae78b382f373b07a15509b31a24d7d748f76e9925b825?s=96&d=mm&r=g\",\"url\":\"https:\\\/\\\/secure.gravatar.com\\\/avatar\\\/83c0f4e5f994ae4e4b9ae78b382f373b07a15509b31a24d7d748f76e9925b825?s=96&d=mm&r=g\",\"contentUrl\":\"https:\\\/\\\/secure.gravatar.com\\\/avatar\\\/83c0f4e5f994ae4e4b9ae78b382f373b07a15509b31a24d7d748f76e9925b825?s=96&d=mm&r=g\",\"caption\":\"dcadmin\"},\"sameAs\":[\"http:\\\/\\\/www.maapprogram.org\"],\"url\":\"https:\\\/\\\/www.maapprogram.org\\\/es\\\/author\\\/dcadmin\\\/\"}]}<\/script>\n<!-- \/ Yoast SEO plugin. -->","yoast_head_json":{"title":"MAAP #86: Chiribiquete - Hotspots de Deforestaci\u00f3n en la Amazon\u00eda Colombiana, parte 3 - MAAP","robots":{"index":"index","follow":"follow","max-snippet":"max-snippet:-1","max-image-preview":"max-image-preview:large","max-video-preview":"max-video-preview:-1"},"canonical":"https:\/\/www.maapprogram.org\/es\/chiribiquete\/","og_locale":"es_ES","og_type":"article","og_title":"MAAP #86: Chiribiquete - Hotspots de Deforestaci\u00f3n en la Amazon\u00eda Colombiana, parte 3 - MAAP","og_description":"MAAP #86:\u00a0Hotspots de Deforestaci\u00f3n en la Amazon\u00eda Colombiana, parte 3: Chiribiquete &#8211; Macarena Presentamos nuestro tercer reporte* en una serie tem\u00e1tica investigando\u00a0hotspots de deforestaci\u00f3n\u00a0en la\u00a0Amazon\u00eda Colombiana. Nos enfocamos en el\u00a0hotspot \u00abChiribiquete-Macarena,\u00bb ubicado entre los Parques Nacionales\u00a0Chiribiquete y La Macarena. El Gobierno colombiano\u00a0est\u00e1 finalizando los planes para expandir los l\u00edmites del\u00a0Parque Nacional Chiribiquete,\u00a0un paso importante para [&hellip;]","og_url":"https:\/\/www.maapprogram.org\/es\/chiribiquete\/","og_site_name":"MAAP","article_published_time":"2018-06-26T10:33:00+00:00","article_modified_time":"2024-09-19T14:04:43+00:00","og_image":[{"url":"https:\/\/www.maapprogram.org\/wp-content\/uploads\/2018\/06\/Feat-Image-1-930x522.jpg","type":"","width":"","height":""}],"author":"dcadmin","twitter_card":"summary_large_image","twitter_misc":{"Escrito por":"dcadmin","Tiempo de lectura":"2 minutos"},"schema":{"@context":"https:\/\/schema.org","@graph":[{"@type":"Article","@id":"https:\/\/www.maapprogram.org\/es\/chiribiquete\/#article","isPartOf":{"@id":"https:\/\/www.maapprogram.org\/es\/chiribiquete\/"},"author":{"name":"dcadmin","@id":"https:\/\/www.maapprogram.org\/es\/#\/schema\/person\/433e90c8debccfe16357e05627bbd443"},"headline":"MAAP #86: Chiribiquete &#8211; Hotspots de Deforestaci\u00f3n en la Amazon\u00eda Colombiana, parte 3","datePublished":"2018-06-26T10:33:00+00:00","dateModified":"2024-09-19T14:04:43+00:00","mainEntityOfPage":{"@id":"https:\/\/www.maapprogram.org\/es\/chiribiquete\/"},"wordCount":178,"commentCount":0,"image":{"@id":"https:\/\/www.maapprogram.org\/es\/chiribiquete\/#primaryimage"},"thumbnailUrl":"https:\/\/www.maapprogram.org\/wp-content\/uploads\/2018\/06\/Feat-Image-1-930x522.jpg","keywords":["MAAP #86"],"articleSection":["Paises&gt;Colombia","Pasto-Ganado"],"inLanguage":"es","potentialAction":[{"@type":"CommentAction","name":"Comment","target":["https:\/\/www.maapprogram.org\/es\/chiribiquete\/#respond"]}]},{"@type":"WebPage","@id":"https:\/\/www.maapprogram.org\/es\/chiribiquete\/","url":"https:\/\/www.maapprogram.org\/es\/chiribiquete\/","name":"MAAP #86: Chiribiquete - Hotspots de Deforestaci\u00f3n en la Amazon\u00eda Colombiana, parte 3 - MAAP","isPartOf":{"@id":"https:\/\/www.maapprogram.org\/es\/#website"},"primaryImageOfPage":{"@id":"https:\/\/www.maapprogram.org\/es\/chiribiquete\/#primaryimage"},"image":{"@id":"https:\/\/www.maapprogram.org\/es\/chiribiquete\/#primaryimage"},"thumbnailUrl":"https:\/\/www.maapprogram.org\/wp-content\/uploads\/2018\/06\/Feat-Image-1-930x522.jpg","datePublished":"2018-06-26T10:33:00+00:00","dateModified":"2024-09-19T14:04:43+00:00","author":{"@id":"https:\/\/www.maapprogram.org\/es\/#\/schema\/person\/433e90c8debccfe16357e05627bbd443"},"breadcrumb":{"@id":"https:\/\/www.maapprogram.org\/es\/chiribiquete\/#breadcrumb"},"inLanguage":"es","potentialAction":[{"@type":"ReadAction","target":["https:\/\/www.maapprogram.org\/es\/chiribiquete\/"]}]},{"@type":"ImageObject","inLanguage":"es","@id":"https:\/\/www.maapprogram.org\/es\/chiribiquete\/#primaryimage","url":"https:\/\/www.maapprogram.org\/wp-content\/uploads\/2018\/06\/Feat-Image-1-930x522.jpg","contentUrl":"https:\/\/www.maapprogram.org\/wp-content\/uploads\/2018\/06\/Feat-Image-1-930x522.jpg"},{"@type":"BreadcrumbList","@id":"https:\/\/www.maapprogram.org\/es\/chiribiquete\/#breadcrumb","itemListElement":[{"@type":"ListItem","position":1,"name":"Home","item":"https:\/\/www.maapprogram.org\/es\/"},{"@type":"ListItem","position":2,"name":"MAAP #86: Chiribiquete &#8211; Hotspots de Deforestaci\u00f3n en la Amazon\u00eda Colombiana, parte 3"}]},{"@type":"WebSite","@id":"https:\/\/www.maapprogram.org\/es\/#website","url":"https:\/\/www.maapprogram.org\/es\/","name":"MAAP","description":"","potentialAction":[{"@type":"SearchAction","target":{"@type":"EntryPoint","urlTemplate":"https:\/\/www.maapprogram.org\/es\/?s={search_term_string}"},"query-input":{"@type":"PropertyValueSpecification","valueRequired":true,"valueName":"search_term_string"}}],"inLanguage":"es"},{"@type":"Person","@id":"https:\/\/www.maapprogram.org\/es\/#\/schema\/person\/433e90c8debccfe16357e05627bbd443","name":"dcadmin","image":{"@type":"ImageObject","inLanguage":"es","@id":"https:\/\/secure.gravatar.com\/avatar\/83c0f4e5f994ae4e4b9ae78b382f373b07a15509b31a24d7d748f76e9925b825?s=96&d=mm&r=g","url":"https:\/\/secure.gravatar.com\/avatar\/83c0f4e5f994ae4e4b9ae78b382f373b07a15509b31a24d7d748f76e9925b825?s=96&d=mm&r=g","contentUrl":"https:\/\/secure.gravatar.com\/avatar\/83c0f4e5f994ae4e4b9ae78b382f373b07a15509b31a24d7d748f76e9925b825?s=96&d=mm&r=g","caption":"dcadmin"},"sameAs":["http:\/\/www.maapprogram.org"],"url":"https:\/\/www.maapprogram.org\/es\/author\/dcadmin\/"}]}},"_links":{"self":[{"href":"https:\/\/www.maapprogram.org\/es\/wp-json\/wp\/v2\/posts\/21123","targetHints":{"allow":["GET"]}}],"collection":[{"href":"https:\/\/www.maapprogram.org\/es\/wp-json\/wp\/v2\/posts"}],"about":[{"href":"https:\/\/www.maapprogram.org\/es\/wp-json\/wp\/v2\/types\/post"}],"author":[{"embeddable":true,"href":"https:\/\/www.maapprogram.org\/es\/wp-json\/wp\/v2\/users\/1"}],"replies":[{"embeddable":true,"href":"https:\/\/www.maapprogram.org\/es\/wp-json\/wp\/v2\/comments?post=21123"}],"version-history":[{"count":2,"href":"https:\/\/www.maapprogram.org\/es\/wp-json\/wp\/v2\/posts\/21123\/revisions"}],"predecessor-version":[{"id":23224,"href":"https:\/\/www.maapprogram.org\/es\/wp-json\/wp\/v2\/posts\/21123\/revisions\/23224"}],"wp:attachment":[{"href":"https:\/\/www.maapprogram.org\/es\/wp-json\/wp\/v2\/media?parent=21123"}],"wp:term":[{"taxonomy":"category","embeddable":true,"href":"https:\/\/www.maapprogram.org\/es\/wp-json\/wp\/v2\/categories?post=21123"},{"taxonomy":"post_tag","embeddable":true,"href":"https:\/\/www.maapprogram.org\/es\/wp-json\/wp\/v2\/tags?post=21123"},{"taxonomy":"ftr_agriculture","embeddable":true,"href":"https:\/\/www.maapprogram.org\/es\/wp-json\/wp\/v2\/ftr_agriculture?post=21123"},{"taxonomy":"carbon-and-climate-change","embeddable":true,"href":"https:\/\/www.maapprogram.org\/es\/wp-json\/wp\/v2\/carbon-and-climate-change?post=21123"},{"taxonomy":"ftr_country","embeddable":true,"href":"https:\/\/www.maapprogram.org\/es\/wp-json\/wp\/v2\/ftr_country?post=21123"},{"taxonomy":"fire","embeddable":true,"href":"https:\/\/www.maapprogram.org\/es\/wp-json\/wp\/v2\/fire?post=21123"},{"taxonomy":"infrastructure-threat","embeddable":true,"href":"https:\/\/www.maapprogram.org\/es\/wp-json\/wp\/v2\/infrastructure-threat?post=21123"},{"taxonomy":"land-use","embeddable":true,"href":"https:\/\/www.maapprogram.org\/es\/wp-json\/wp\/v2\/land-use?post=21123"},{"taxonomy":"mining-and-logging-threat","embeddable":true,"href":"https:\/\/www.maapprogram.org\/es\/wp-json\/wp\/v2\/mining-and-logging-threat?post=21123"},{"taxonomy":"natural-forest-loss","embeddable":true,"href":"https:\/\/www.maapprogram.org\/es\/wp-json\/wp\/v2\/natural-forest-loss?post=21123"},{"taxonomy":"special-analysis","embeddable":true,"href":"https:\/\/www.maapprogram.org\/es\/wp-json\/wp\/v2\/special-analysis?post=21123"}],"curies":[{"name":"wp","href":"https:\/\/api.w.org\/{rel}","templated":true}]}}