{"id":21153,"date":"2020-06-30T18:34:00","date_gmt":"2020-06-30T18:34:00","guid":{"rendered":"https:\/\/www.maapprogram.org\/2019-amazonia\/"},"modified":"2024-09-24T20:29:38","modified_gmt":"2024-09-24T20:29:38","slug":"2019-amazonia","status":"publish","type":"post","link":"https:\/\/www.maapprogram.org\/es\/2019-amazonia\/","title":{"rendered":"MAAP #122: Deforestaci\u00f3n en la Amazon\u00eda 2019"},"content":{"rendered":"<div id=\"attachment_9187\" class=\"thumbnail alignright\"><a href=\"https:\/\/www.maapprogram.org\/wp-content\/uploads\/2020\/06\/maaproject.org-maap-122-deforestacion-en-la-amazonia-2019-Graph1-PFL-2018-19-PECBB-v4-SPA.jpg\"><img decoding=\"async\" class=\"wp-image-9187 size-medium\" src=\"https:\/\/www.maapprogram.org\/wp-content\/uploads\/2020\/06\/maaproject.org-maap-122-deforestacion-en-la-amazonia-2019-Graph1-PFL-2018-19-PECBB-v4-SPA-616x580.jpg\" alt=\"\" width=\"616\" height=\"580\" \/><\/a><div class=\"caption\">Tabla 1. Amazon\u00eda 2019. P\u00e9rdida de bosque primario del 2019 (red) comparada con el 2018 (anaranjado). Datos: Hansen\/UMD\/Google\/USGS\/NASA, MAAP.<\/div><\/div>\n<p>Los recientes datos publicados para el <strong>2019<\/strong> revelan la deforestaci\u00f3n de m\u00e1s <strong>1.7 millones de hect\u00e1reas<\/strong>\u00a0de bosque primario amaz\u00f3nico en nuestra \u00e1rea de estudio que abarca 5 pa\u00edses (Bolivia, Brasil, Colombia, Ecuador y Per\u00fa).*<\/p>\n<p>La <strong>tabla 1 <\/strong>muestra la deforestaci\u00f3n del 2019 (<span style=\"color: #ff0000;\"><strong>rojo<\/strong><\/span>) en relaci\u00f3n con el 2018 (anaranjado).<\/p>\n<p>La p\u00e9rdida de bosque primario en\u00a0la <strong>Amazon\u00eda brasile\u00f1a<\/strong> (1,29 millones de hect\u00e1reas) fue m\u00e1s de 3,5 veces mayor que los otros cuatro pa\u00edses combinados, con un ligero aumento en el 2019 en relaci\u00f3n con el a\u00f1o anterior. Muchas de estas \u00e1reas fueron deforestadas en la primera mitad del a\u00f1o y luego se quemaron en agosto, captando la atenci\u00f3n global.<\/p>\n<p>La p\u00e9rdida de bosque primario se elev\u00f3 considerablemente en la <strong>Amazon\u00eda boliviana <\/strong>(222,834 hectares), en gran medida por los incendios descontrolados en el bosque seco del sur de la Amazon\u00eda (ver abajo).<\/p>\n<p>La p\u00e9rdida de bosque primario aument\u00f3 ligeramente en la <strong>Amazon\u00eda peruana<\/strong> (161,625 hectares) a pesar de las efectivas medidas contra la miner\u00eda aur\u00edfera ilegal, indicando a la agricultura de peque\u00f1a escala (y la ganader\u00eda) como los drivers principales.<\/p>\n<p>En el lado positivo, la p\u00e9rdida del bosque primario disminuy\u00f3 en la <strong>Amazon\u00eda colombiana <\/strong>(91,400 hectares), tras un auge que se dio despu\u00e9s del acuerdo de paz del 2016 (entre el Gobierno y las FARC). Cabe resaltar que hemos documentado la deforestaci\u00f3n de 444,000 hect\u00e1reas de bosque primario en la Amazon\u00eda colombiana en los \u00faltimos cuatro a\u00f1os desde el acuerdo de paz (ver anexo).<\/p>\n<p>*Dos puntos importantes sobre los datos: (1) usamos los datos de p\u00e9rdida de bosque anual de la universidad de Maryland para tener una fuente <strong>consistente<\/strong> en los 5 pa\u00edses: y (2) aplicamos un filtro para solo incluir la p\u00e9rdida de <strong>bosque primario <\/strong>(ver Metodolog\u00eda).<\/p>\n<div class=\"fitem-sep\"><\/div>\n<h3><strong>Mapa de Hotspots de Deforestaci\u00f3n del 2019<\/strong><\/h3>\n<p>El <strong>Mapa Base<\/strong> a continuaci\u00f3n muestra los principales <strong>hotspots de deforestaci\u00f3n<\/strong> en la Amazon\u00eda.<\/p>\n<div id=\"attachment_9188\" class=\"thumbnail aligncenter\"><a href=\"https:\/\/www.maapprogram.org\/wp-content\/uploads\/2020\/06\/maaproject.org-maap-122-deforestacion-en-la-amazonia-2019-HS-PFL2019-AMZ-PECBB-M7H10VH20-200dpi-v4-Spa.jpg\"><img decoding=\"async\" class=\"wp-image-9188 size-medium\" src=\"https:\/\/www.maapprogram.org\/wp-content\/uploads\/2020\/06\/maaproject.org-maap-122-deforestacion-en-la-amazonia-2019-HS-PFL2019-AMZ-PECBB-M7H10VH20-200dpi-v4-Spa-693x580.jpg\" alt=\"\" width=\"693\" height=\"580\" \/><\/a><div class=\"caption\">Mapa Base. Hotspots de Deforestaci\u00f3n del 2019 en la Amazon\u00eda. Datos: Hansen\/UMD\/Google\/USGS\/NASA, MAAP.<\/div><\/div>\n<p>Muchos de los principales hotspots se encuentran en <strong>Brasil<\/strong>. A inicios de a\u00f1o, en marzo, hubo incendios descontrolados en el norte, en el estado de Roraima. Mientras que hacia el sur, a lo largo de la carretera Transamaz\u00f3nica, gran parte de la deforestaci\u00f3n ocurri\u00f3 en la primera mitad del a\u00f1o, seguido de destacados incendios que iniciaron a fines de julio. Note que muchos de estos incendios ardieron en \u00e1reas recientemente deforestadas, y no se trat\u00f3 de incendios forestales descontrolados (<a href=\"https:\/\/www.maapprogram.org\/2019\/satelites_fuegos_brasil\/\">MAAP #113<\/a>).<\/p>\n<p>La Amazon\u00eda brasile\u00f1a tambi\u00e9n experiment\u00f3 un aumento en la deforestaci\u00f3n por la miner\u00eda aur\u00edfera en territorios ind\u00edgenas (<a href=\"https:\/\/www.maapprogram.org\/2020\/gold_brazil\/\">MAAP #116<\/a>).<\/p>\n<p><strong>Bolivia <\/strong>tambi\u00e9n tuvo una intensa temporada de incendios en el 2019. A diferencia de Brasil, muchos fueron incendios descontrolados, especialmente en los pastizales del Beni y en el bosque seco Chiquitano en el sur de la Amazon\u00eda boliviana (<a href=\"https:\/\/www.maapprogram.org\/2019\/fuegos_parte2\/\">MAAP #108<\/a>).<\/p>\n<p>En <strong>Per\u00fa<\/strong>, a pesar de que la deforestaci\u00f3n por miner\u00eda aur\u00edfera disminuy\u00f3 (<a href=\"https:\/\/www.maapprogram.org\/2020\/mineria-peru-2020\/\">MAAP #121<\/a>), la agricultura a peque\u00f1a escala (incluso por ganader\u00eda) contin\u00faa siendo un driver principal en la Amazon\u00eda centro (<a href=\"https:\/\/www.maapprogram.org\/2019\/menonitas\/\">MAAP #112<\/a>) y un driver emergente en la Amazon\u00eda sur.<\/p>\n<p>En <strong>Colombia<\/strong> hay un \u201carco de deforestaci\u00f3n\u201d al noroeste de la Amazon\u00eda. Este arco incluye cuatro \u00e1reas protegidas (los Parques Nacionales Tinigua, Chiribiquete y Sierra de La Macarena, y la Reserva Comunal Nukak) y dos <strong>Reservas Ind\u00edgenas<\/strong> (Resguardos Ind\u00edgenas Nukak-Maku y Llanos del Yari-Yaguara II) que est\u00e1n atravesando por una considerable deforestaci\u00f3n (<a href=\"https:\/\/www.maapprogram.org\/2020\/colombia-2020\/\">MAAP #120<\/a>). El principal\u00a0motor (driver)\u00a0de la deforestaci\u00f3n en la regi\u00f3n es la conversi\u00f3n a pastos para el acaparamiento de tierras y la ganader\u00eda.<\/p>\n<div class=\"fitem-sep\"><\/div>\n<h3><strong>Anexo: Tendencia de p\u00e9rdida de bosque primario en la Amazon\u00eda colombiana<\/strong><\/h3>\n<div id=\"attachment_9113\" class=\"thumbnail aligncenter\"><a href=\"https:\/\/www.maapprogram.org\/wp-content\/uploads\/2020\/06\/maaproject.org-maap-120-deforestacion-en-la-amazonia-colombiana-2020-Cuadro1-Deforestacion-BosquePrimario-ColombiaAmz-2015-2020Jun1-v6.jpg\"><img decoding=\"async\" class=\"wp-image-9113 size-medium\" src=\"https:\/\/www.maapprogram.org\/wp-content\/uploads\/2020\/06\/maaproject.org-maap-120-deforestacion-en-la-amazonia-colombiana-2020-Cuadro1-Deforestacion-BosquePrimario-ColombiaAmz-2015-2020Jun1-v6-780x580.jpg\" alt=\"\" width=\"780\" height=\"580\" \/><\/a><div class=\"caption\">Anexo 1. P\u00e9rdida de bosque primario en la Amazon\u00eda colombiana, 2015-20. Datos: Hansen\/UMD\/Google\/USGS\/NASA, UMD\/GLAD. *Hasta mayo 2020<\/div><\/div>\n<div class=\"fitem-sep\"><\/div>\n<h3><strong>Metodolog\u00eda<\/strong><\/h3>\n<p>The baseline forest loss data presented in this report were generated by the\u00a0<a class=\"external external_icon\" href=\"https:\/\/glad.umd.edu\/\" target=\"_blank\" rel=\"nofollow noopener noreferrer\">Global Land Analysis and Discovery<\/a>\u00a0(GLAD) laboratory at the University of Maryland (Hansen et al 2013) and presented by\u00a0<a class=\"external external_icon\" href=\"http:\/\/bit.ly\/2GMzRl3\" target=\"_blank\" rel=\"nofollow noopener noreferrer\">Global Forest Watch<\/a>. Our study area is strictly what is highlighted in the Base Map.<\/p>\n<p>For our estimate of <strong>primary forest loss<\/strong>, we used the annual \u201cforest cover loss\u201d data with density &gt;30% of the \u201ctree cover\u201d from the year 2001. Then we intersected the forest cover loss data with the additional dataset \u201cprimary humid tropical forests\u201d as of 2001 (Turubanova et al 2018). For more details on this part of the methodology, see the\u00a0<a href=\"https:\/\/blog.globalforestwatch.org\/data-and-research\/technical-blog:-global-forest-watch's-2018-data-update-explained\" target=\"_blank\" rel=\"noopener noreferrer\">Technical Blog<\/a>\u00a0from Global Forest Watch\u00a0(Goldman and Weisse 2019).<\/p>\n<p>For boundaries, we used the biogeographical limit (as defined by RAISG) for all countries except Bolivia, where we used the Amazon watershed limit (see Base Map).<\/p>\n<p>All data were processed under the geographical coordinate system WGS 1984. To calculate the areas in metric units, the projection was: Peru and Ecuador UTM 18 South, Bolivia UTM 20 South, Colombia MAGNA-Bogot\u00e1, and Brazil Eckert IV.<\/p>\n<p>Lastly, to identify the deforestation hotspots, we conducted a kernel density estimate. This type of analysis calculates the magnitude per unit area of a particular phenomenon, in this case forest cover loss. We conducted this analysis using the Kernel Density tool from Spatial Analyst Tool Box of ArcGIS. We used the following parameters:<\/p>\n<p>Search Radius: 15000 layer units (meters)<br \/>\nKernel Density Function: Quartic kernel function<br \/>\nCell Size in the map: 200 x 200 meters (4 hectares)<br \/>\nEverything else was left to the default setting.<\/p>\n<p>For the Base Map, we used the following concentration percentages:\u00a0Medium: 7%-10%; High: 11%-20%; Very High: &gt;20%.<\/p>\n<div class=\"fitem-sep\"><\/div>\n<h3><strong>Referencias<\/strong><\/h3>\n<p>Goldman L, Weisse M (2019)\u00a0Explicaci\u00f3n de la Actualizaci\u00f3n de Datos de 2018 de Global Forest Watch.\u00a0<a class=\"external external_icon\" href=\"https:\/\/blog.globalforestwatch.org\/data-and-research\/blog-tecnico-explicacion-de-la-actualizacion-de-datos-de-2018-de-global-forest-watch\" target=\"_blank\" rel=\"nofollow noopener noreferrer\">https:\/\/blog.globalforestwatch.org\/data-and-research\/blog-tecnico-explicacion-de-la-actualizacion-de-datos-de-2018-de-global-forest-watch<\/a><\/p>\n<p>Hansen, M. C., P. V. Potapov, R. Moore, M. Hancher, S. A. Turubanova, A. Tyukavina, D. Thau, S. V. Stehman, S. J. Goetz, T. R. Loveland, A. Kommareddy, A. Egorov, L. Chini, C. O. Justice, and J. R. G. Townshend. 2013. \u201cHigh-Resolution Global Maps of 21st-Century Forest Cover Change.\u201d Science 342 (15 November): 850\u201353. Data available on-line from:\u00a0<a class=\"external external_icon\" href=\"http:\/\/earthenginepartners.appspot.com\/science-2013-global-forest\" target=\"_blank\" rel=\"nofollow noopener noreferrer\">http:\/\/earthenginepartners.appspot.com\/science-2013-global-forest<\/a>.<\/p>\n<p>Turubanova S., Potapov P., Tyukavina, A., and Hansen M. (2018) Ongoing primary forest loss in Brazil, Democratic Republic of the Congo, and Indonesia.\u00a0<em>Environmental Research Letters\u00a0<\/em>\u00a0<a class=\"external external_icon\" href=\"https:\/\/doi.org\/10.1088\/1748-9326\/aacd1c\" target=\"_blank\" rel=\"nofollow noopener noreferrer\">https:\/\/doi.org\/10.1088\/1748-9326\/aacd1c\u00a0<\/a><\/p>\n<div class=\"fitem-sep\"><\/div>\n<h3><strong>Agradecimientos<\/strong><\/h3>\n<p>Agradecemos a G. Palacios por sus \u00fatiles comentarios a este reporte.<\/p>\n<p>Este trabajo se realiz\u00f3 con el financiamiento de:\u00a0 Norwegian Agency for Development Cooperation (NORAD), International Conservation Fund of Canada (ICFC), NASA\/USAID (SERVIR), Fundaci\u00f3n MacArthur, Metabolic Studio, and Global Forest Watch Small Grants Fund (WRI).<\/p>\n<div class=\"fitem-sep\"><\/div>\n<h3><strong>Cita<\/strong><\/h3>\n<p>Finer M, Mamani N (2020) Deforestaci\u00f3n en la Amazon\u00eda 2019. MAAP: 122.<\/p>\n<div class=\"fitem-sep\"><\/div>\n","protected":false},"excerpt":{"rendered":"<p>Los recientes datos publicados para el 2019 revelan la deforestaci\u00f3n de m\u00e1s 1.7 millones de hect\u00e1reas\u00a0de bosque primario amaz\u00f3nico en nuestra \u00e1rea de estudio que abarca 5 pa\u00edses (Bolivia, Brasil, Colombia, Ecuador y Per\u00fa).* La tabla 1 muestra la deforestaci\u00f3n del 2019 (rojo) en relaci\u00f3n con el 2018 (anaranjado). La p\u00e9rdida de bosque primario en\u00a0la [&hellip;]<\/p>\n","protected":false},"author":1,"featured_media":0,"comment_status":"closed","ping_status":"closed","sticky":false,"template":"","format":"standard","meta":{"_acf_changed":false,"footnotes":""},"categories":[351,348,349,350,347],"tags":[223],"ftr_agriculture":[357],"carbon-and-climate-change":[],"ftr_country":[396,449,398,399,483],"fire":[],"infrastructure-threat":[],"land-use":[],"mining-and-logging-threat":[],"natural-forest-loss":[],"special-analysis":[439],"class_list":["post-21153","post","type-post","status-publish","format-standard","hentry","category-paisesbolivia","category-paisesbrasil","category-paisescolombia","category-paisesecuador","category-paisesperu","tag-maap-122","ftr_agriculture-pasto-para-ganado","ftr_country-bolivia","ftr_country-brasil","ftr_country-colombia","ftr_country-ecuador","ftr_country-peru-2","special-analysis-focos-de-deforestacion"],"acf":[],"yoast_head":"<!-- This site is optimized with the Yoast SEO plugin v27.3 - https:\/\/yoast.com\/product\/yoast-seo-wordpress\/ -->\n<title>MAAP #122: Deforestaci\u00f3n en la Amazon\u00eda 2019 - MAAP<\/title>\n<meta name=\"robots\" content=\"index, follow, max-snippet:-1, max-image-preview:large, max-video-preview:-1\" \/>\n<link rel=\"canonical\" href=\"https:\/\/www.maapprogram.org\/es\/2019-amazonia\/\" \/>\n<meta property=\"og:locale\" content=\"es_ES\" \/>\n<meta property=\"og:type\" content=\"article\" \/>\n<meta property=\"og:title\" content=\"MAAP #122: Deforestaci\u00f3n en la Amazon\u00eda 2019 - MAAP\" \/>\n<meta property=\"og:description\" content=\"Los recientes datos publicados para el 2019 revelan la deforestaci\u00f3n de m\u00e1s 1.7 millones de hect\u00e1reas\u00a0de bosque primario amaz\u00f3nico en nuestra \u00e1rea de estudio que abarca 5 pa\u00edses (Bolivia, Brasil, Colombia, Ecuador y Per\u00fa).* La tabla 1 muestra la deforestaci\u00f3n del 2019 (rojo) en relaci\u00f3n con el 2018 (anaranjado). La p\u00e9rdida de bosque primario en\u00a0la [&hellip;]\" \/>\n<meta property=\"og:url\" content=\"https:\/\/www.maapprogram.org\/es\/2019-amazonia\/\" \/>\n<meta property=\"og:site_name\" content=\"MAAP\" \/>\n<meta property=\"article:published_time\" content=\"2020-06-30T18:34:00+00:00\" \/>\n<meta property=\"article:modified_time\" content=\"2024-09-24T20:29:38+00:00\" \/>\n<meta property=\"og:image\" content=\"https:\/\/www.maapprogram.org\/wp-content\/uploads\/2020\/06\/maaproject.org-maap-122-deforestacion-en-la-amazonia-2019-Graph1-PFL-2018-19-PECBB-v4-SPA-616x580.jpg\" \/>\n<meta name=\"author\" content=\"dcadmin\" \/>\n<meta name=\"twitter:card\" content=\"summary_large_image\" \/>\n<meta name=\"twitter:label1\" content=\"Escrito por\" \/>\n\t<meta name=\"twitter:data1\" content=\"dcadmin\" \/>\n\t<meta name=\"twitter:label2\" content=\"Tiempo de lectura\" \/>\n\t<meta name=\"twitter:data2\" content=\"6 minutos\" \/>\n<script type=\"application\/ld+json\" class=\"yoast-schema-graph\">{\"@context\":\"https:\\\/\\\/schema.org\",\"@graph\":[{\"@type\":\"Article\",\"@id\":\"https:\\\/\\\/www.maapprogram.org\\\/es\\\/2019-amazonia\\\/#article\",\"isPartOf\":{\"@id\":\"https:\\\/\\\/www.maapprogram.org\\\/es\\\/2019-amazonia\\\/\"},\"author\":{\"name\":\"dcadmin\",\"@id\":\"https:\\\/\\\/www.maapprogram.org\\\/es\\\/#\\\/schema\\\/person\\\/433e90c8debccfe16357e05627bbd443\"},\"headline\":\"MAAP #122: Deforestaci\u00f3n en la Amazon\u00eda 2019\",\"datePublished\":\"2020-06-30T18:34:00+00:00\",\"dateModified\":\"2024-09-24T20:29:38+00:00\",\"mainEntityOfPage\":{\"@id\":\"https:\\\/\\\/www.maapprogram.org\\\/es\\\/2019-amazonia\\\/\"},\"wordCount\":1170,\"image\":{\"@id\":\"https:\\\/\\\/www.maapprogram.org\\\/es\\\/2019-amazonia\\\/#primaryimage\"},\"thumbnailUrl\":\"https:\\\/\\\/www.maapprogram.org\\\/wp-content\\\/uploads\\\/2020\\\/06\\\/maaproject.org-maap-122-deforestacion-en-la-amazonia-2019-Graph1-PFL-2018-19-PECBB-v4-SPA-616x580.jpg\",\"keywords\":[\"MAAP #122\"],\"articleSection\":[\"Paises&gt;Bolivia\",\"Paises&gt;Brasil\",\"Paises&gt;Colombia\",\"Paises&gt;Ecuador\",\"Paises&gt;Per\u00fa\"],\"inLanguage\":\"es\"},{\"@type\":\"WebPage\",\"@id\":\"https:\\\/\\\/www.maapprogram.org\\\/es\\\/2019-amazonia\\\/\",\"url\":\"https:\\\/\\\/www.maapprogram.org\\\/es\\\/2019-amazonia\\\/\",\"name\":\"MAAP #122: Deforestaci\u00f3n en la Amazon\u00eda 2019 - MAAP\",\"isPartOf\":{\"@id\":\"https:\\\/\\\/www.maapprogram.org\\\/es\\\/#website\"},\"primaryImageOfPage\":{\"@id\":\"https:\\\/\\\/www.maapprogram.org\\\/es\\\/2019-amazonia\\\/#primaryimage\"},\"image\":{\"@id\":\"https:\\\/\\\/www.maapprogram.org\\\/es\\\/2019-amazonia\\\/#primaryimage\"},\"thumbnailUrl\":\"https:\\\/\\\/www.maapprogram.org\\\/wp-content\\\/uploads\\\/2020\\\/06\\\/maaproject.org-maap-122-deforestacion-en-la-amazonia-2019-Graph1-PFL-2018-19-PECBB-v4-SPA-616x580.jpg\",\"datePublished\":\"2020-06-30T18:34:00+00:00\",\"dateModified\":\"2024-09-24T20:29:38+00:00\",\"author\":{\"@id\":\"https:\\\/\\\/www.maapprogram.org\\\/es\\\/#\\\/schema\\\/person\\\/433e90c8debccfe16357e05627bbd443\"},\"breadcrumb\":{\"@id\":\"https:\\\/\\\/www.maapprogram.org\\\/es\\\/2019-amazonia\\\/#breadcrumb\"},\"inLanguage\":\"es\",\"potentialAction\":[{\"@type\":\"ReadAction\",\"target\":[\"https:\\\/\\\/www.maapprogram.org\\\/es\\\/2019-amazonia\\\/\"]}]},{\"@type\":\"ImageObject\",\"inLanguage\":\"es\",\"@id\":\"https:\\\/\\\/www.maapprogram.org\\\/es\\\/2019-amazonia\\\/#primaryimage\",\"url\":\"https:\\\/\\\/www.maapprogram.org\\\/wp-content\\\/uploads\\\/2020\\\/06\\\/maaproject.org-maap-122-deforestacion-en-la-amazonia-2019-Graph1-PFL-2018-19-PECBB-v4-SPA-616x580.jpg\",\"contentUrl\":\"https:\\\/\\\/www.maapprogram.org\\\/wp-content\\\/uploads\\\/2020\\\/06\\\/maaproject.org-maap-122-deforestacion-en-la-amazonia-2019-Graph1-PFL-2018-19-PECBB-v4-SPA-616x580.jpg\"},{\"@type\":\"BreadcrumbList\",\"@id\":\"https:\\\/\\\/www.maapprogram.org\\\/es\\\/2019-amazonia\\\/#breadcrumb\",\"itemListElement\":[{\"@type\":\"ListItem\",\"position\":1,\"name\":\"Home\",\"item\":\"https:\\\/\\\/www.maapprogram.org\\\/es\\\/\"},{\"@type\":\"ListItem\",\"position\":2,\"name\":\"MAAP #122: Deforestaci\u00f3n en la Amazon\u00eda 2019\"}]},{\"@type\":\"WebSite\",\"@id\":\"https:\\\/\\\/www.maapprogram.org\\\/es\\\/#website\",\"url\":\"https:\\\/\\\/www.maapprogram.org\\\/es\\\/\",\"name\":\"MAAP\",\"description\":\"\",\"potentialAction\":[{\"@type\":\"SearchAction\",\"target\":{\"@type\":\"EntryPoint\",\"urlTemplate\":\"https:\\\/\\\/www.maapprogram.org\\\/es\\\/?s={search_term_string}\"},\"query-input\":{\"@type\":\"PropertyValueSpecification\",\"valueRequired\":true,\"valueName\":\"search_term_string\"}}],\"inLanguage\":\"es\"},{\"@type\":\"Person\",\"@id\":\"https:\\\/\\\/www.maapprogram.org\\\/es\\\/#\\\/schema\\\/person\\\/433e90c8debccfe16357e05627bbd443\",\"name\":\"dcadmin\",\"image\":{\"@type\":\"ImageObject\",\"inLanguage\":\"es\",\"@id\":\"https:\\\/\\\/secure.gravatar.com\\\/avatar\\\/83c0f4e5f994ae4e4b9ae78b382f373b07a15509b31a24d7d748f76e9925b825?s=96&d=mm&r=g\",\"url\":\"https:\\\/\\\/secure.gravatar.com\\\/avatar\\\/83c0f4e5f994ae4e4b9ae78b382f373b07a15509b31a24d7d748f76e9925b825?s=96&d=mm&r=g\",\"contentUrl\":\"https:\\\/\\\/secure.gravatar.com\\\/avatar\\\/83c0f4e5f994ae4e4b9ae78b382f373b07a15509b31a24d7d748f76e9925b825?s=96&d=mm&r=g\",\"caption\":\"dcadmin\"},\"sameAs\":[\"http:\\\/\\\/www.maapprogram.org\"],\"url\":\"https:\\\/\\\/www.maapprogram.org\\\/es\\\/author\\\/dcadmin\\\/\"}]}<\/script>\n<!-- \/ Yoast SEO plugin. -->","yoast_head_json":{"title":"MAAP #122: Deforestaci\u00f3n en la Amazon\u00eda 2019 - MAAP","robots":{"index":"index","follow":"follow","max-snippet":"max-snippet:-1","max-image-preview":"max-image-preview:large","max-video-preview":"max-video-preview:-1"},"canonical":"https:\/\/www.maapprogram.org\/es\/2019-amazonia\/","og_locale":"es_ES","og_type":"article","og_title":"MAAP #122: Deforestaci\u00f3n en la Amazon\u00eda 2019 - MAAP","og_description":"Los recientes datos publicados para el 2019 revelan la deforestaci\u00f3n de m\u00e1s 1.7 millones de hect\u00e1reas\u00a0de bosque primario amaz\u00f3nico en nuestra \u00e1rea de estudio que abarca 5 pa\u00edses (Bolivia, Brasil, Colombia, Ecuador y Per\u00fa).* La tabla 1 muestra la deforestaci\u00f3n del 2019 (rojo) en relaci\u00f3n con el 2018 (anaranjado). La p\u00e9rdida de bosque primario en\u00a0la [&hellip;]","og_url":"https:\/\/www.maapprogram.org\/es\/2019-amazonia\/","og_site_name":"MAAP","article_published_time":"2020-06-30T18:34:00+00:00","article_modified_time":"2024-09-24T20:29:38+00:00","og_image":[{"url":"https:\/\/www.maapprogram.org\/wp-content\/uploads\/2020\/06\/maaproject.org-maap-122-deforestacion-en-la-amazonia-2019-Graph1-PFL-2018-19-PECBB-v4-SPA-616x580.jpg","type":"","width":"","height":""}],"author":"dcadmin","twitter_card":"summary_large_image","twitter_misc":{"Escrito por":"dcadmin","Tiempo de lectura":"6 minutos"},"schema":{"@context":"https:\/\/schema.org","@graph":[{"@type":"Article","@id":"https:\/\/www.maapprogram.org\/es\/2019-amazonia\/#article","isPartOf":{"@id":"https:\/\/www.maapprogram.org\/es\/2019-amazonia\/"},"author":{"name":"dcadmin","@id":"https:\/\/www.maapprogram.org\/es\/#\/schema\/person\/433e90c8debccfe16357e05627bbd443"},"headline":"MAAP #122: Deforestaci\u00f3n en la Amazon\u00eda 2019","datePublished":"2020-06-30T18:34:00+00:00","dateModified":"2024-09-24T20:29:38+00:00","mainEntityOfPage":{"@id":"https:\/\/www.maapprogram.org\/es\/2019-amazonia\/"},"wordCount":1170,"image":{"@id":"https:\/\/www.maapprogram.org\/es\/2019-amazonia\/#primaryimage"},"thumbnailUrl":"https:\/\/www.maapprogram.org\/wp-content\/uploads\/2020\/06\/maaproject.org-maap-122-deforestacion-en-la-amazonia-2019-Graph1-PFL-2018-19-PECBB-v4-SPA-616x580.jpg","keywords":["MAAP #122"],"articleSection":["Paises&gt;Bolivia","Paises&gt;Brasil","Paises&gt;Colombia","Paises&gt;Ecuador","Paises&gt;Per\u00fa"],"inLanguage":"es"},{"@type":"WebPage","@id":"https:\/\/www.maapprogram.org\/es\/2019-amazonia\/","url":"https:\/\/www.maapprogram.org\/es\/2019-amazonia\/","name":"MAAP #122: Deforestaci\u00f3n en la Amazon\u00eda 2019 - MAAP","isPartOf":{"@id":"https:\/\/www.maapprogram.org\/es\/#website"},"primaryImageOfPage":{"@id":"https:\/\/www.maapprogram.org\/es\/2019-amazonia\/#primaryimage"},"image":{"@id":"https:\/\/www.maapprogram.org\/es\/2019-amazonia\/#primaryimage"},"thumbnailUrl":"https:\/\/www.maapprogram.org\/wp-content\/uploads\/2020\/06\/maaproject.org-maap-122-deforestacion-en-la-amazonia-2019-Graph1-PFL-2018-19-PECBB-v4-SPA-616x580.jpg","datePublished":"2020-06-30T18:34:00+00:00","dateModified":"2024-09-24T20:29:38+00:00","author":{"@id":"https:\/\/www.maapprogram.org\/es\/#\/schema\/person\/433e90c8debccfe16357e05627bbd443"},"breadcrumb":{"@id":"https:\/\/www.maapprogram.org\/es\/2019-amazonia\/#breadcrumb"},"inLanguage":"es","potentialAction":[{"@type":"ReadAction","target":["https:\/\/www.maapprogram.org\/es\/2019-amazonia\/"]}]},{"@type":"ImageObject","inLanguage":"es","@id":"https:\/\/www.maapprogram.org\/es\/2019-amazonia\/#primaryimage","url":"https:\/\/www.maapprogram.org\/wp-content\/uploads\/2020\/06\/maaproject.org-maap-122-deforestacion-en-la-amazonia-2019-Graph1-PFL-2018-19-PECBB-v4-SPA-616x580.jpg","contentUrl":"https:\/\/www.maapprogram.org\/wp-content\/uploads\/2020\/06\/maaproject.org-maap-122-deforestacion-en-la-amazonia-2019-Graph1-PFL-2018-19-PECBB-v4-SPA-616x580.jpg"},{"@type":"BreadcrumbList","@id":"https:\/\/www.maapprogram.org\/es\/2019-amazonia\/#breadcrumb","itemListElement":[{"@type":"ListItem","position":1,"name":"Home","item":"https:\/\/www.maapprogram.org\/es\/"},{"@type":"ListItem","position":2,"name":"MAAP #122: Deforestaci\u00f3n en la Amazon\u00eda 2019"}]},{"@type":"WebSite","@id":"https:\/\/www.maapprogram.org\/es\/#website","url":"https:\/\/www.maapprogram.org\/es\/","name":"MAAP","description":"","potentialAction":[{"@type":"SearchAction","target":{"@type":"EntryPoint","urlTemplate":"https:\/\/www.maapprogram.org\/es\/?s={search_term_string}"},"query-input":{"@type":"PropertyValueSpecification","valueRequired":true,"valueName":"search_term_string"}}],"inLanguage":"es"},{"@type":"Person","@id":"https:\/\/www.maapprogram.org\/es\/#\/schema\/person\/433e90c8debccfe16357e05627bbd443","name":"dcadmin","image":{"@type":"ImageObject","inLanguage":"es","@id":"https:\/\/secure.gravatar.com\/avatar\/83c0f4e5f994ae4e4b9ae78b382f373b07a15509b31a24d7d748f76e9925b825?s=96&d=mm&r=g","url":"https:\/\/secure.gravatar.com\/avatar\/83c0f4e5f994ae4e4b9ae78b382f373b07a15509b31a24d7d748f76e9925b825?s=96&d=mm&r=g","contentUrl":"https:\/\/secure.gravatar.com\/avatar\/83c0f4e5f994ae4e4b9ae78b382f373b07a15509b31a24d7d748f76e9925b825?s=96&d=mm&r=g","caption":"dcadmin"},"sameAs":["http:\/\/www.maapprogram.org"],"url":"https:\/\/www.maapprogram.org\/es\/author\/dcadmin\/"}]}},"_links":{"self":[{"href":"https:\/\/www.maapprogram.org\/es\/wp-json\/wp\/v2\/posts\/21153","targetHints":{"allow":["GET"]}}],"collection":[{"href":"https:\/\/www.maapprogram.org\/es\/wp-json\/wp\/v2\/posts"}],"about":[{"href":"https:\/\/www.maapprogram.org\/es\/wp-json\/wp\/v2\/types\/post"}],"author":[{"embeddable":true,"href":"https:\/\/www.maapprogram.org\/es\/wp-json\/wp\/v2\/users\/1"}],"replies":[{"embeddable":true,"href":"https:\/\/www.maapprogram.org\/es\/wp-json\/wp\/v2\/comments?post=21153"}],"version-history":[{"count":1,"href":"https:\/\/www.maapprogram.org\/es\/wp-json\/wp\/v2\/posts\/21153\/revisions"}],"predecessor-version":[{"id":23311,"href":"https:\/\/www.maapprogram.org\/es\/wp-json\/wp\/v2\/posts\/21153\/revisions\/23311"}],"wp:attachment":[{"href":"https:\/\/www.maapprogram.org\/es\/wp-json\/wp\/v2\/media?parent=21153"}],"wp:term":[{"taxonomy":"category","embeddable":true,"href":"https:\/\/www.maapprogram.org\/es\/wp-json\/wp\/v2\/categories?post=21153"},{"taxonomy":"post_tag","embeddable":true,"href":"https:\/\/www.maapprogram.org\/es\/wp-json\/wp\/v2\/tags?post=21153"},{"taxonomy":"ftr_agriculture","embeddable":true,"href":"https:\/\/www.maapprogram.org\/es\/wp-json\/wp\/v2\/ftr_agriculture?post=21153"},{"taxonomy":"carbon-and-climate-change","embeddable":true,"href":"https:\/\/www.maapprogram.org\/es\/wp-json\/wp\/v2\/carbon-and-climate-change?post=21153"},{"taxonomy":"ftr_country","embeddable":true,"href":"https:\/\/www.maapprogram.org\/es\/wp-json\/wp\/v2\/ftr_country?post=21153"},{"taxonomy":"fire","embeddable":true,"href":"https:\/\/www.maapprogram.org\/es\/wp-json\/wp\/v2\/fire?post=21153"},{"taxonomy":"infrastructure-threat","embeddable":true,"href":"https:\/\/www.maapprogram.org\/es\/wp-json\/wp\/v2\/infrastructure-threat?post=21153"},{"taxonomy":"land-use","embeddable":true,"href":"https:\/\/www.maapprogram.org\/es\/wp-json\/wp\/v2\/land-use?post=21153"},{"taxonomy":"mining-and-logging-threat","embeddable":true,"href":"https:\/\/www.maapprogram.org\/es\/wp-json\/wp\/v2\/mining-and-logging-threat?post=21153"},{"taxonomy":"natural-forest-loss","embeddable":true,"href":"https:\/\/www.maapprogram.org\/es\/wp-json\/wp\/v2\/natural-forest-loss?post=21153"},{"taxonomy":"special-analysis","embeddable":true,"href":"https:\/\/www.maapprogram.org\/es\/wp-json\/wp\/v2\/special-analysis?post=21153"}],"curies":[{"name":"wp","href":"https:\/\/api.w.org\/{rel}","templated":true}]}}