{"id":21160,"date":"2020-08-27T11:59:00","date_gmt":"2020-08-27T11:59:00","guid":{"rendered":"https:\/\/www.maapprogram.org\/amazonia-peruana\/"},"modified":"2024-09-24T21:02:51","modified_gmt":"2024-09-24T21:02:51","slug":"amazonia-peruana","status":"publish","type":"post","link":"https:\/\/www.maapprogram.org\/es\/amazonia-peruana\/","title":{"rendered":"MAAP #124: Deforestaci\u00f3n 2020 en la Amazon\u00eda Peruana"},"content":{"rendered":"<div id=\"attachment_9507\" class=\"thumbnail alignright\"><a href=\"https:\/\/www.maapprogram.org\/wp-content\/uploads\/2020\/08\/maaproject.org-maap-deforestacion-2020-en-la-amazonia-peruana-MapHS-Peru-GLAD-Confrim-2020Aug23-200dpi-v7.jpg\"><img decoding=\"async\" class=\"wp-image-9507\" src=\"https:\/\/www.maapprogram.org\/wp-content\/uploads\/2020\/08\/maaproject.org-maap-deforestacion-2020-en-la-amazonia-peruana-MapHS-Peru-GLAD-Confrim-2020Aug23-200dpi-v7-448x580.jpg\" alt=\"\" width=\"533\" height=\"690\" \/><\/a><div class=\"caption\">Mapa Base. Hotspots de p\u00e9rdida de bosque del 2020 en la Amazon\u00eda peruana. Datos: UMD\/GLAD, MAAP, SERNANP.<\/div><\/div>\n<p>Ahora estamos en temporada alta de la deforestaci\u00f3n en la<strong> Amazon\u00eda peruana<\/strong>, entonces es fundamental aplicar el <strong>monitoreo en tiempo real<\/strong> (especialidad del MAAP).<\/p>\n<p>En el presente reporte, destacamos algunos de los casos m\u00e1s alarmantes en lo que va del a\u00f1o <strong>2020<\/strong> (hasta el 23 de agosto).<\/p>\n<p>El Mapa Base muestra los <strong>hotspots <\/strong>de p\u00e9rdida de bosque, indicados por los\u00a0colores amarillo, <strong><span style=\"color: #ff6600;\">naranja<\/span><\/strong> y <span style=\"color: #ff0000;\"><strong>rojo<\/strong><\/span>.<\/p>\n<p>A continuaci\u00f3n, presentamos algunos de los casos m\u00e1s urgentes de deforestaci\u00f3n, enfatizando a los causados por la <strong>miner\u00eda aur\u00edfera (oro), <\/strong>y<b> agricultura a gran y peque\u00f1a escala<\/b>, que son los principales impulsores (drivers) de la deforestaci\u00f3n en el Per\u00fa.<\/p>\n<p>Las <strong>Letras A-I<\/strong>\u00a0en el Mapa Base corresponden a la ubicaci\u00f3n de los casos descritos abajo.<\/p>\n<div class=\"gmail_quote\">Incluimos casos de miner\u00eda aur\u00edfera como en el r\u00edo <b>Pariamanu<\/b>, que se ha convertido en uno de los focos de la miner\u00eda ilegal (Letra A en la Amazon\u00eda sur).<\/div>\n<div class=\"gmail_quote\"><span style=\"color: #ffffff;\">p<\/span><\/div>\n<div class=\"gmail_quote\">Otro caso es la agricultura a gran escala, donde una colonia de<b>\u00a0Menonitas<\/b> continua con una deforestaci\u00f3n alarmante (Letra C en la Amazonia central).<\/div>\n<div class=\"gmail_quote\"><span style=\"color: #ffffff;\">j<\/span><\/div>\n<div class=\"gmail_quote\">Los otros casos tratan de la\u00a0<b>agricultura a peque\u00f1a escala<\/b>, que acumulativamente representa el principal driver de la deforestaci\u00f3n en el Per\u00fa.<\/div>\n<div class=\"fitem-sep\"><\/div>\n<h2><strong>Casos Urgentes de Deforestaci\u00f3n 2020<\/strong><\/h2>\n<h3><strong><em>1. Miner\u00eda Aur\u00edfera (Oro)<\/em><\/strong><\/h3>\n<p>En el <a href=\"https:\/\/www.maapprogram.org\/2020\/mineria-peru-2020\/\">MAAP #121<\/a>, hemos reportado que, en general, la deforestaci\u00f3n minera ha disminuido en la\u00a0Amazon\u00eda peruana sur despu\u00e9s de la Operaci\u00f3n Mercurio iniciado por el Gobierno Peruano en el 2019, pero s\u00ed contin\u00faa en algunas zonas cr\u00edticas. Las im\u00e1genes abajo muestran dos de estas zonas cr\u00edticas (Pariamanu y Araza) con nueva deforestaci\u00f3n alarmante durante el 2020.<\/p>\n<h4><strong>A. Pariamanu<\/strong><\/h4>\n<p>La siguiente imagen muestra la deforestaci\u00f3n minera de <strong>21 hect\u00e1reas<\/strong> de bosque primario a lo largo del r\u00edo Pariamanu, en la regi\u00f3n Madre de Dios, entre enero (panel izquierdo) y agosto (panel derecho) del 2020. Cabe enfatizar que la Fiscal\u00eda Especializada en Materia Ambiental de Madre de Dios <a href=\"https:\/\/es.mongabay.com\/2020\/08\/madre-de-dios-mineria-ilegal-operativo-pariamanu-peru\/\">acaba de realizar un operativo<\/a> contra los mineros ilegales en esta zona.<\/p>\n<div id=\"attachment_9487\" class=\"thumbnail aligncenter\"><a href=\"https:\/\/www.maapprogram.org\/wp-content\/uploads\/2020\/08\/maaproject.org-deforestacion-2020-en-la-amazonia-peruana-Panel-Pariamanu-19Jan-13Aug2020-200dpi-v2-scaled.jpg\"><img decoding=\"async\" class=\"wp-image-9487 size-medium\" src=\"https:\/\/www.maapprogram.org\/wp-content\/uploads\/2020\/08\/maaproject.org-deforestacion-2020-en-la-amazonia-peruana-Panel-Pariamanu-19Jan-13Aug2020-200dpi-v2-930x468.jpg\" alt=\"\" width=\"930\" height=\"468\" \/><\/a><div class=\"caption\">Caso Pariamanu (miner\u00eda ilegal). Datos: Planet, MAAP.<\/div><\/div>\n<div class=\"fitem-sep\"><\/div>\n<h4><strong>B. Araza<\/strong><\/h4>\n<p>La siguiente imagen muestra la deforestaci\u00f3n minera de <strong>46 hect\u00e1reas<\/strong> a lo largo del r\u00edo Chaspa en la regi\u00f3n Puno, entre enero (panel izquierdo) y agosto (panel derecho) del 2020.<\/p>\n<div id=\"attachment_9491\" class=\"thumbnail aligncenter\"><a href=\"https:\/\/www.maapprogram.org\/wp-content\/uploads\/2020\/08\/maaproject.org-deforestacion-2020-en-la-amazonia-peruana-Panel-Araza-Jan-Aug2020-200dpi-v2-scaled.jpg\"><img decoding=\"async\" class=\"wp-image-9491 size-medium\" src=\"https:\/\/www.maapprogram.org\/wp-content\/uploads\/2020\/08\/maaproject.org-deforestacion-2020-en-la-amazonia-peruana-Panel-Araza-Jan-Aug2020-200dpi-v2-930x468.jpg\" alt=\"\" width=\"930\" height=\"468\" \/><\/a><div class=\"caption\">Caso Araza (miner\u00eda ilegal). Datos: Planet, MAAP.<\/div><\/div>\n<div class=\"fitem-sep\"><\/div>\n<h3><strong><em>2. Agricultura a Gran Escala<\/em><\/strong><\/h3>\n<h4><strong>C. Menonitas de Tierra Blanca<\/strong><\/h4>\n<p>En el <a href=\"https:\/\/www.maapprogram.org\/2019\/menonitas\/\">MAAP #112<\/a>, reportamos que los <strong>menonitas<\/strong>, un grupo religioso, han causado la deforestaci\u00f3n de\u00a0<strong>1.7 mil<\/strong><strong>\u00a0hect\u00e1reas <\/strong>entre el 2017 y el 2019, abriendo una nueva colonia cerca del centro poblado Tierra Blanca en la regi\u00f3n Loreto. La siguiente imagen muestra la deforestaci\u00f3n adicional de <strong>332 hect\u00e1reas<\/strong> entre enero (panel izquierdo) y agosto (panel derecho) del 2020.<\/p>\n<div id=\"attachment_9489\" class=\"thumbnail aligncenter\"><a href=\"https:\/\/www.maapprogram.org\/wp-content\/uploads\/2020\/08\/maaproject.org-deforestacion-2020-en-la-amazonia-peruana-Panel-TierraBlanca-Jan-Aug2020-200dpi-v2.jpg\"><img decoding=\"async\" class=\"wp-image-9489 size-medium\" src=\"https:\/\/www.maapprogram.org\/wp-content\/uploads\/2020\/08\/maaproject.org-deforestacion-2020-en-la-amazonia-peruana-Panel-TierraBlanca-Jan-Aug2020-200dpi-v2-930x521.jpg\" alt=\"\" width=\"930\" height=\"521\" \/><\/a><div class=\"caption\">Caso Menonita (Tierra Blanca). Datos: Planet, MAAP.<\/div><\/div>\n<div class=\"fitem-sep\"><\/div>\n<h3><strong><em>3. Agricultura a Peque\u00f1a Escala<\/em><\/strong><\/h3>\n<h4><strong>D. Jeberos<\/strong><\/h4>\n<p>En el <a href=\"https:\/\/www.maapprogram.org\/2018\/jeberos\/\">MAAP #84<\/a>, reportamos la construcci\u00f3n de una nueva carretera (65 km) atravesando bosque primario en la regi\u00f3n Loreto, entre la ciudad de Yurimaguas y la localidad de Jeberos. La siguiente imagen muestra la deforestaci\u00f3n agraria a lo largo de la nueva carretera. Se trata de <strong>16 hect\u00e1reas<\/strong> entre enero (panel izquierdo) y agosto (panel derecho) del 2020.<\/p>\n<div id=\"attachment_9486\" class=\"thumbnail aligncenter\"><a href=\"https:\/\/www.maapprogram.org\/wp-content\/uploads\/2020\/08\/maaproject.org-deforestacion-2020-en-la-amazonia-peruana-Panel-Jeberos-Jan-Aug2020-200dpi-v2-scaled.jpg\"><img decoding=\"async\" class=\"wp-image-9486 size-medium\" src=\"https:\/\/www.maapprogram.org\/wp-content\/uploads\/2020\/08\/maaproject.org-deforestacion-2020-en-la-amazonia-peruana-Panel-Jeberos-Jan-Aug2020-200dpi-v2-930x468.jpg\" alt=\"\" width=\"930\" height=\"468\" \/><\/a><div class=\"caption\">Caso Jeberos. Datos: Planet, MAAP.<\/div><\/div>\n<div class=\"fitem-sep\"><\/div>\n<h4><strong>E. Las Piedras<\/strong><\/h4>\n<p>La siguiente imagen muestra la deforestaci\u00f3n de <strong>26 hect\u00e1reas<\/strong> de bosque primario en una concesi\u00f3n no maderable (casta\u00f1a) a lo largo del r\u00edo Las Piedras en la regi\u00f3n Madre de Dios, entre noviembre del 2019 (panel izquierdo) y agosto del 2020 (panel derecho).<\/p>\n<div id=\"attachment_9488\" class=\"thumbnail aligncenter\"><a href=\"https:\/\/www.maapprogram.org\/wp-content\/uploads\/2020\/08\/maaproject.org-deforestacion-2020-en-la-amazonia-peruana-Panel-LasPiedras-Nov2019-Aug2020-200dpi-v2.jpg\"><img decoding=\"async\" class=\"wp-image-9488 size-medium\" src=\"https:\/\/www.maapprogram.org\/wp-content\/uploads\/2020\/08\/maaproject.org-deforestacion-2020-en-la-amazonia-peruana-Panel-LasPiedras-Nov2019-Aug2020-200dpi-v2-930x469.jpg\" alt=\"\" width=\"930\" height=\"469\" \/><\/a><div class=\"caption\">Caso Las Piedras. Datos: Planet, MAAP.<\/div><\/div>\n<div class=\"fitem-sep\"><\/div>\n<h4><strong>F. Bolognesi<\/strong><\/h4>\n<p>La siguiente imagen muestra un ejemplo de la deforestaci\u00f3n (<strong>235 hect\u00e1reas<\/strong>) en una de las zonas con mayor concentraci\u00f3n de p\u00e9rdida de bosque, ubicada en la regi\u00f3n Ucayali.<\/p>\n<div id=\"attachment_9492\" class=\"thumbnail aligncenter\"><a href=\"https:\/\/www.maapprogram.org\/wp-content\/uploads\/2020\/08\/maaproject.org-deforestacion-2020-en-la-amazonia-peruana-Panel-Bolognesi-Jan-Aug2020-200dpi-scaled.jpg\"><img decoding=\"async\" class=\"wp-image-9492 size-medium\" src=\"https:\/\/www.maapprogram.org\/wp-content\/uploads\/2020\/08\/maaproject.org-deforestacion-2020-en-la-amazonia-peruana-Panel-Bolognesi-Jan-Aug2020-200dpi-930x468.jpg\" alt=\"\" width=\"930\" height=\"468\" \/><\/a><div class=\"caption\">Caso Bolognesi. Datos: Planet, MAAP.<\/div><\/div>\n<div class=\"fitem-sep\"><\/div>\n<h4><strong>G. Santa Maria de Nieva<\/strong><\/h4>\n<p>La siguiente imagen muestra un ejemplo de la deforestaci\u00f3n (<strong>140 hect\u00e1reas<\/strong>) en otra de las zonas con mayor concentraci\u00f3n de p\u00e9rdida de bosque, ubicada en la regi\u00f3n Amazonas.<\/p>\n<div id=\"attachment_9493\" class=\"thumbnail aligncenter\"><a href=\"https:\/\/www.maapprogram.org\/wp-content\/uploads\/2020\/08\/maaproject.org-deforestacion-2020-en-la-amazonia-peruana-Panel-SantaMaria-Nieva-Jan-Aug2020-200dpi-scaled.jpg\"><img decoding=\"async\" class=\"wp-image-9493 size-medium\" src=\"https:\/\/www.maapprogram.org\/wp-content\/uploads\/2020\/08\/maaproject.org-deforestacion-2020-en-la-amazonia-peruana-Panel-SantaMaria-Nieva-Jan-Aug2020-200dpi-930x468.jpg\" alt=\"\" width=\"930\" height=\"468\" \/><\/a><div class=\"caption\">Caso Santa Maria de Nieva. Datos: Planet, MAAP.<\/div><\/div>\n<div class=\"fitem-sep\"><\/div>\n<h4><strong>H. R\u00edo Mishahua<\/strong><\/h4>\n<p>La siguiente imagen muestra la deforestaci\u00f3n (<strong>68 hect\u00e1reas<\/strong>) a lo largo del r\u00edo Mishahua, en la regi\u00f3n Ucayali. Cabe enfatizar que esta deforestaci\u00f3n est\u00e1 cerca (r\u00edo abajo) de la Reserva Territorial Kugapakori Nahua Nanti. Al norte, en el 2019, documentamos la gran deforestaci\u00f3n a lo largo del r\u00edo Sepahua, donde parece estar retomando actividad en el 2020.<\/p>\n<div id=\"attachment_9508\" class=\"thumbnail aligncenter\"><a href=\"https:\/\/www.maapprogram.org\/wp-content\/uploads\/2020\/08\/maaproject.org-maap-deforestacion-2020-en-la-amazonia-peruana-Panel-MishahuaRiver-Jan-Aug2020-200dpi-scaled.jpg\"><img decoding=\"async\" class=\"wp-image-9508 size-medium\" src=\"https:\/\/www.maapprogram.org\/wp-content\/uploads\/2020\/08\/maaproject.org-maap-deforestacion-2020-en-la-amazonia-peruana-Panel-MishahuaRiver-Jan-Aug2020-200dpi-930x468.jpg\" alt=\"\" width=\"930\" height=\"468\" \/><\/a><div class=\"caption\">Caso Mishahua. Datos: Planet, MAAP.<\/div><\/div>\n<div class=\"fitem-sep\"><\/div>\n<h4><strong>I. Al Sur del Parque Nacional Sierra del Divisor<\/strong><\/h4>\n<p>La siguiente imagen muestra un ejemplo de la deforestaci\u00f3n (<strong>67 hect\u00e1reas<\/strong>) en una de las zonas con mayor concentraci\u00f3n p\u00e9rdida de bosque, ubicado al sur del Parque Nacional Sierra del Divisor en la regi\u00f3n Ucayali.<\/p>\n<div id=\"attachment_9509\" class=\"thumbnail aligncenter\"><a href=\"https:\/\/www.maapprogram.org\/wp-content\/uploads\/2020\/08\/maaproject.org-maap-deforestacion-2020-en-la-amazonia-peruana-Panel-SDD-South-Jan-Aug2020-200dpi-scaled.jpg\"><img decoding=\"async\" class=\"wp-image-9509 size-medium\" src=\"https:\/\/www.maapprogram.org\/wp-content\/uploads\/2020\/08\/maaproject.org-maap-deforestacion-2020-en-la-amazonia-peruana-Panel-SDD-South-Jan-Aug2020-200dpi-930x468.jpg\" alt=\"\" width=\"930\" height=\"468\" \/><\/a><div class=\"caption\">Caso Sur de Sierra del Divisor. Datos: Planet, MAAP.<\/div><\/div>\n<div class=\"fitem-sep\"><\/div>\n<h3><strong>Metodolog\u00eda<\/strong><\/h3>\n<p>Presentamos las alertas tempranas GLAD (Universidad de Maryland) confirmadas. Tambi\u00e9n analizamos las alertas de Geobosques (MINAM).<\/p>\n<p>Para identificar los hotspots de deforestaci\u00f3n, realizamos una estimaci\u00f3n de densidad Kernel, un an\u00e1lisis que calcula la magnitud por unidad de \u00e1rea de un fen\u00f3meno particular, en este caso: la p\u00e9rdida de bosques.<\/p>\n<p>Realizamos este an\u00e1lisis utilizando la herramienta Kernel Density dentro de la Caja de Herramientas de Analista Espacial del software ArcGIS. Se utilizaron los siguientes par\u00e1metros:<\/p>\n<p>Search Radius: 15000 layer units (meters)<br \/>\nKernel Density Function: Quartic kernel function<br \/>\nCell Size in the map: 200 x 200 meters (4 hectares)<br \/>\nEverything else was left to the default setting.<\/p>\n<p>Para el Mapa Base, usamos los siguientes porcentajes de concentraci\u00f3n: Medio: 7-10%; Alto: 11-20%; Muy Alto: &gt;20%.<\/p>\n<div class=\"fitem-sep\"><\/div>\n<h3><strong>Agradecimientos<\/strong><\/h3>\n<p>Agradecemos a S. Novoa y G. Palacios por sus \u00fatiles comentarios a este reporte.<\/p>\n<p>Este trabajo se realiz\u00f3 con el financiamiento de Erol Foundation, Norwegian Agency for Development Cooperation (NORAD) y International Conservation Fund of Canada (ICFC).<\/p>\n<div class=\"fitem-sep\"><\/div>\n<h3><strong>Cita<\/strong><\/h3>\n<p>Finer M, Mamani N (2020) Deforestaci\u00f3n 2020 en la Amazon\u00eda Peruana. MAAP: 124.<\/p>\n<div class=\"fitem-sep\"><\/div>\n","protected":false},"excerpt":{"rendered":"<p>Ahora estamos en temporada alta de la deforestaci\u00f3n en la Amazon\u00eda peruana, entonces es fundamental aplicar el monitoreo en tiempo real (especialidad del MAAP). En el presente reporte, destacamos algunos de los casos m\u00e1s alarmantes en lo que va del a\u00f1o 2020 (hasta el 23 de agosto). El Mapa Base muestra los hotspots de p\u00e9rdida [&hellip;]<\/p>\n","protected":false},"author":1,"featured_media":0,"comment_status":"open","ping_status":"open","sticky":false,"template":"","format":"standard","meta":{"_acf_changed":false,"footnotes":""},"categories":[347],"tags":[228],"ftr_agriculture":[363],"carbon-and-climate-change":[],"ftr_country":[483],"fire":[],"infrastructure-threat":[],"land-use":[],"mining-and-logging-threat":[434],"natural-forest-loss":[],"special-analysis":[439],"class_list":["post-21160","post","type-post","status-publish","format-standard","hentry","category-paisesperu","tag-maap-124","ftr_agriculture-menonitas-es","ftr_country-peru-2","mining-and-logging-threat-mineria-de-oro","special-analysis-focos-de-deforestacion"],"acf":[],"yoast_head":"<!-- This site is optimized with the Yoast SEO plugin v27.3 - https:\/\/yoast.com\/product\/yoast-seo-wordpress\/ -->\n<title>MAAP #124: Deforestaci\u00f3n 2020 en la Amazon\u00eda Peruana - MAAP<\/title>\n<meta name=\"robots\" content=\"index, follow, max-snippet:-1, max-image-preview:large, max-video-preview:-1\" \/>\n<link rel=\"canonical\" href=\"https:\/\/www.maapprogram.org\/es\/amazonia-peruana\/\" \/>\n<meta property=\"og:locale\" content=\"es_ES\" \/>\n<meta property=\"og:type\" content=\"article\" \/>\n<meta property=\"og:title\" content=\"MAAP #124: Deforestaci\u00f3n 2020 en la Amazon\u00eda Peruana - MAAP\" \/>\n<meta property=\"og:description\" content=\"Ahora estamos en temporada alta de la deforestaci\u00f3n en la Amazon\u00eda peruana, entonces es fundamental aplicar el monitoreo en tiempo real (especialidad del MAAP). En el presente reporte, destacamos algunos de los casos m\u00e1s alarmantes en lo que va del a\u00f1o 2020 (hasta el 23 de agosto). El Mapa Base muestra los hotspots de p\u00e9rdida [&hellip;]\" \/>\n<meta property=\"og:url\" content=\"https:\/\/www.maapprogram.org\/es\/amazonia-peruana\/\" \/>\n<meta property=\"og:site_name\" content=\"MAAP\" \/>\n<meta property=\"article:published_time\" content=\"2020-08-27T11:59:00+00:00\" \/>\n<meta property=\"article:modified_time\" content=\"2024-09-24T21:02:51+00:00\" \/>\n<meta property=\"og:image\" content=\"https:\/\/www.maapprogram.org\/wp-content\/uploads\/2020\/08\/maaproject.org-maap-deforestacion-2020-en-la-amazonia-peruana-MapHS-Peru-GLAD-Confrim-2020Aug23-200dpi-v7-448x580.jpg\" \/>\n<meta name=\"author\" content=\"dcadmin\" \/>\n<meta name=\"twitter:card\" content=\"summary_large_image\" \/>\n<meta name=\"twitter:label1\" content=\"Escrito por\" \/>\n\t<meta name=\"twitter:data1\" content=\"dcadmin\" \/>\n\t<meta name=\"twitter:label2\" content=\"Tiempo de lectura\" \/>\n\t<meta name=\"twitter:data2\" content=\"7 minutos\" \/>\n<script type=\"application\/ld+json\" class=\"yoast-schema-graph\">{\"@context\":\"https:\\\/\\\/schema.org\",\"@graph\":[{\"@type\":\"Article\",\"@id\":\"https:\\\/\\\/www.maapprogram.org\\\/es\\\/amazonia-peruana\\\/#article\",\"isPartOf\":{\"@id\":\"https:\\\/\\\/www.maapprogram.org\\\/es\\\/amazonia-peruana\\\/\"},\"author\":{\"name\":\"dcadmin\",\"@id\":\"https:\\\/\\\/www.maapprogram.org\\\/es\\\/#\\\/schema\\\/person\\\/433e90c8debccfe16357e05627bbd443\"},\"headline\":\"MAAP #124: Deforestaci\u00f3n 2020 en la Amazon\u00eda Peruana\",\"datePublished\":\"2020-08-27T11:59:00+00:00\",\"dateModified\":\"2024-09-24T21:02:51+00:00\",\"mainEntityOfPage\":{\"@id\":\"https:\\\/\\\/www.maapprogram.org\\\/es\\\/amazonia-peruana\\\/\"},\"wordCount\":1107,\"commentCount\":0,\"image\":{\"@id\":\"https:\\\/\\\/www.maapprogram.org\\\/es\\\/amazonia-peruana\\\/#primaryimage\"},\"thumbnailUrl\":\"https:\\\/\\\/www.maapprogram.org\\\/wp-content\\\/uploads\\\/2020\\\/08\\\/maaproject.org-maap-deforestacion-2020-en-la-amazonia-peruana-MapHS-Peru-GLAD-Confrim-2020Aug23-200dpi-v7-448x580.jpg\",\"keywords\":[\"MAAP #124\"],\"articleSection\":[\"Paises&gt;Per\u00fa\"],\"inLanguage\":\"es\",\"potentialAction\":[{\"@type\":\"CommentAction\",\"name\":\"Comment\",\"target\":[\"https:\\\/\\\/www.maapprogram.org\\\/es\\\/amazonia-peruana\\\/#respond\"]}]},{\"@type\":\"WebPage\",\"@id\":\"https:\\\/\\\/www.maapprogram.org\\\/es\\\/amazonia-peruana\\\/\",\"url\":\"https:\\\/\\\/www.maapprogram.org\\\/es\\\/amazonia-peruana\\\/\",\"name\":\"MAAP #124: Deforestaci\u00f3n 2020 en la Amazon\u00eda Peruana - MAAP\",\"isPartOf\":{\"@id\":\"https:\\\/\\\/www.maapprogram.org\\\/es\\\/#website\"},\"primaryImageOfPage\":{\"@id\":\"https:\\\/\\\/www.maapprogram.org\\\/es\\\/amazonia-peruana\\\/#primaryimage\"},\"image\":{\"@id\":\"https:\\\/\\\/www.maapprogram.org\\\/es\\\/amazonia-peruana\\\/#primaryimage\"},\"thumbnailUrl\":\"https:\\\/\\\/www.maapprogram.org\\\/wp-content\\\/uploads\\\/2020\\\/08\\\/maaproject.org-maap-deforestacion-2020-en-la-amazonia-peruana-MapHS-Peru-GLAD-Confrim-2020Aug23-200dpi-v7-448x580.jpg\",\"datePublished\":\"2020-08-27T11:59:00+00:00\",\"dateModified\":\"2024-09-24T21:02:51+00:00\",\"author\":{\"@id\":\"https:\\\/\\\/www.maapprogram.org\\\/es\\\/#\\\/schema\\\/person\\\/433e90c8debccfe16357e05627bbd443\"},\"breadcrumb\":{\"@id\":\"https:\\\/\\\/www.maapprogram.org\\\/es\\\/amazonia-peruana\\\/#breadcrumb\"},\"inLanguage\":\"es\",\"potentialAction\":[{\"@type\":\"ReadAction\",\"target\":[\"https:\\\/\\\/www.maapprogram.org\\\/es\\\/amazonia-peruana\\\/\"]}]},{\"@type\":\"ImageObject\",\"inLanguage\":\"es\",\"@id\":\"https:\\\/\\\/www.maapprogram.org\\\/es\\\/amazonia-peruana\\\/#primaryimage\",\"url\":\"https:\\\/\\\/www.maapprogram.org\\\/wp-content\\\/uploads\\\/2020\\\/08\\\/maaproject.org-maap-deforestacion-2020-en-la-amazonia-peruana-MapHS-Peru-GLAD-Confrim-2020Aug23-200dpi-v7-448x580.jpg\",\"contentUrl\":\"https:\\\/\\\/www.maapprogram.org\\\/wp-content\\\/uploads\\\/2020\\\/08\\\/maaproject.org-maap-deforestacion-2020-en-la-amazonia-peruana-MapHS-Peru-GLAD-Confrim-2020Aug23-200dpi-v7-448x580.jpg\"},{\"@type\":\"BreadcrumbList\",\"@id\":\"https:\\\/\\\/www.maapprogram.org\\\/es\\\/amazonia-peruana\\\/#breadcrumb\",\"itemListElement\":[{\"@type\":\"ListItem\",\"position\":1,\"name\":\"Home\",\"item\":\"https:\\\/\\\/www.maapprogram.org\\\/es\\\/\"},{\"@type\":\"ListItem\",\"position\":2,\"name\":\"MAAP #124: Deforestaci\u00f3n 2020 en la Amazon\u00eda Peruana\"}]},{\"@type\":\"WebSite\",\"@id\":\"https:\\\/\\\/www.maapprogram.org\\\/es\\\/#website\",\"url\":\"https:\\\/\\\/www.maapprogram.org\\\/es\\\/\",\"name\":\"MAAP\",\"description\":\"\",\"potentialAction\":[{\"@type\":\"SearchAction\",\"target\":{\"@type\":\"EntryPoint\",\"urlTemplate\":\"https:\\\/\\\/www.maapprogram.org\\\/es\\\/?s={search_term_string}\"},\"query-input\":{\"@type\":\"PropertyValueSpecification\",\"valueRequired\":true,\"valueName\":\"search_term_string\"}}],\"inLanguage\":\"es\"},{\"@type\":\"Person\",\"@id\":\"https:\\\/\\\/www.maapprogram.org\\\/es\\\/#\\\/schema\\\/person\\\/433e90c8debccfe16357e05627bbd443\",\"name\":\"dcadmin\",\"image\":{\"@type\":\"ImageObject\",\"inLanguage\":\"es\",\"@id\":\"https:\\\/\\\/secure.gravatar.com\\\/avatar\\\/83c0f4e5f994ae4e4b9ae78b382f373b07a15509b31a24d7d748f76e9925b825?s=96&d=mm&r=g\",\"url\":\"https:\\\/\\\/secure.gravatar.com\\\/avatar\\\/83c0f4e5f994ae4e4b9ae78b382f373b07a15509b31a24d7d748f76e9925b825?s=96&d=mm&r=g\",\"contentUrl\":\"https:\\\/\\\/secure.gravatar.com\\\/avatar\\\/83c0f4e5f994ae4e4b9ae78b382f373b07a15509b31a24d7d748f76e9925b825?s=96&d=mm&r=g\",\"caption\":\"dcadmin\"},\"sameAs\":[\"http:\\\/\\\/www.maapprogram.org\"],\"url\":\"https:\\\/\\\/www.maapprogram.org\\\/es\\\/author\\\/dcadmin\\\/\"}]}<\/script>\n<!-- \/ Yoast SEO plugin. -->","yoast_head_json":{"title":"MAAP #124: Deforestaci\u00f3n 2020 en la Amazon\u00eda Peruana - MAAP","robots":{"index":"index","follow":"follow","max-snippet":"max-snippet:-1","max-image-preview":"max-image-preview:large","max-video-preview":"max-video-preview:-1"},"canonical":"https:\/\/www.maapprogram.org\/es\/amazonia-peruana\/","og_locale":"es_ES","og_type":"article","og_title":"MAAP #124: Deforestaci\u00f3n 2020 en la Amazon\u00eda Peruana - MAAP","og_description":"Ahora estamos en temporada alta de la deforestaci\u00f3n en la Amazon\u00eda peruana, entonces es fundamental aplicar el monitoreo en tiempo real (especialidad del MAAP). En el presente reporte, destacamos algunos de los casos m\u00e1s alarmantes en lo que va del a\u00f1o 2020 (hasta el 23 de agosto). El Mapa Base muestra los hotspots de p\u00e9rdida [&hellip;]","og_url":"https:\/\/www.maapprogram.org\/es\/amazonia-peruana\/","og_site_name":"MAAP","article_published_time":"2020-08-27T11:59:00+00:00","article_modified_time":"2024-09-24T21:02:51+00:00","og_image":[{"url":"https:\/\/www.maapprogram.org\/wp-content\/uploads\/2020\/08\/maaproject.org-maap-deforestacion-2020-en-la-amazonia-peruana-MapHS-Peru-GLAD-Confrim-2020Aug23-200dpi-v7-448x580.jpg","type":"","width":"","height":""}],"author":"dcadmin","twitter_card":"summary_large_image","twitter_misc":{"Escrito por":"dcadmin","Tiempo de lectura":"7 minutos"},"schema":{"@context":"https:\/\/schema.org","@graph":[{"@type":"Article","@id":"https:\/\/www.maapprogram.org\/es\/amazonia-peruana\/#article","isPartOf":{"@id":"https:\/\/www.maapprogram.org\/es\/amazonia-peruana\/"},"author":{"name":"dcadmin","@id":"https:\/\/www.maapprogram.org\/es\/#\/schema\/person\/433e90c8debccfe16357e05627bbd443"},"headline":"MAAP #124: Deforestaci\u00f3n 2020 en la Amazon\u00eda Peruana","datePublished":"2020-08-27T11:59:00+00:00","dateModified":"2024-09-24T21:02:51+00:00","mainEntityOfPage":{"@id":"https:\/\/www.maapprogram.org\/es\/amazonia-peruana\/"},"wordCount":1107,"commentCount":0,"image":{"@id":"https:\/\/www.maapprogram.org\/es\/amazonia-peruana\/#primaryimage"},"thumbnailUrl":"https:\/\/www.maapprogram.org\/wp-content\/uploads\/2020\/08\/maaproject.org-maap-deforestacion-2020-en-la-amazonia-peruana-MapHS-Peru-GLAD-Confrim-2020Aug23-200dpi-v7-448x580.jpg","keywords":["MAAP #124"],"articleSection":["Paises&gt;Per\u00fa"],"inLanguage":"es","potentialAction":[{"@type":"CommentAction","name":"Comment","target":["https:\/\/www.maapprogram.org\/es\/amazonia-peruana\/#respond"]}]},{"@type":"WebPage","@id":"https:\/\/www.maapprogram.org\/es\/amazonia-peruana\/","url":"https:\/\/www.maapprogram.org\/es\/amazonia-peruana\/","name":"MAAP #124: Deforestaci\u00f3n 2020 en la Amazon\u00eda Peruana - MAAP","isPartOf":{"@id":"https:\/\/www.maapprogram.org\/es\/#website"},"primaryImageOfPage":{"@id":"https:\/\/www.maapprogram.org\/es\/amazonia-peruana\/#primaryimage"},"image":{"@id":"https:\/\/www.maapprogram.org\/es\/amazonia-peruana\/#primaryimage"},"thumbnailUrl":"https:\/\/www.maapprogram.org\/wp-content\/uploads\/2020\/08\/maaproject.org-maap-deforestacion-2020-en-la-amazonia-peruana-MapHS-Peru-GLAD-Confrim-2020Aug23-200dpi-v7-448x580.jpg","datePublished":"2020-08-27T11:59:00+00:00","dateModified":"2024-09-24T21:02:51+00:00","author":{"@id":"https:\/\/www.maapprogram.org\/es\/#\/schema\/person\/433e90c8debccfe16357e05627bbd443"},"breadcrumb":{"@id":"https:\/\/www.maapprogram.org\/es\/amazonia-peruana\/#breadcrumb"},"inLanguage":"es","potentialAction":[{"@type":"ReadAction","target":["https:\/\/www.maapprogram.org\/es\/amazonia-peruana\/"]}]},{"@type":"ImageObject","inLanguage":"es","@id":"https:\/\/www.maapprogram.org\/es\/amazonia-peruana\/#primaryimage","url":"https:\/\/www.maapprogram.org\/wp-content\/uploads\/2020\/08\/maaproject.org-maap-deforestacion-2020-en-la-amazonia-peruana-MapHS-Peru-GLAD-Confrim-2020Aug23-200dpi-v7-448x580.jpg","contentUrl":"https:\/\/www.maapprogram.org\/wp-content\/uploads\/2020\/08\/maaproject.org-maap-deforestacion-2020-en-la-amazonia-peruana-MapHS-Peru-GLAD-Confrim-2020Aug23-200dpi-v7-448x580.jpg"},{"@type":"BreadcrumbList","@id":"https:\/\/www.maapprogram.org\/es\/amazonia-peruana\/#breadcrumb","itemListElement":[{"@type":"ListItem","position":1,"name":"Home","item":"https:\/\/www.maapprogram.org\/es\/"},{"@type":"ListItem","position":2,"name":"MAAP #124: Deforestaci\u00f3n 2020 en la Amazon\u00eda Peruana"}]},{"@type":"WebSite","@id":"https:\/\/www.maapprogram.org\/es\/#website","url":"https:\/\/www.maapprogram.org\/es\/","name":"MAAP","description":"","potentialAction":[{"@type":"SearchAction","target":{"@type":"EntryPoint","urlTemplate":"https:\/\/www.maapprogram.org\/es\/?s={search_term_string}"},"query-input":{"@type":"PropertyValueSpecification","valueRequired":true,"valueName":"search_term_string"}}],"inLanguage":"es"},{"@type":"Person","@id":"https:\/\/www.maapprogram.org\/es\/#\/schema\/person\/433e90c8debccfe16357e05627bbd443","name":"dcadmin","image":{"@type":"ImageObject","inLanguage":"es","@id":"https:\/\/secure.gravatar.com\/avatar\/83c0f4e5f994ae4e4b9ae78b382f373b07a15509b31a24d7d748f76e9925b825?s=96&d=mm&r=g","url":"https:\/\/secure.gravatar.com\/avatar\/83c0f4e5f994ae4e4b9ae78b382f373b07a15509b31a24d7d748f76e9925b825?s=96&d=mm&r=g","contentUrl":"https:\/\/secure.gravatar.com\/avatar\/83c0f4e5f994ae4e4b9ae78b382f373b07a15509b31a24d7d748f76e9925b825?s=96&d=mm&r=g","caption":"dcadmin"},"sameAs":["http:\/\/www.maapprogram.org"],"url":"https:\/\/www.maapprogram.org\/es\/author\/dcadmin\/"}]}},"_links":{"self":[{"href":"https:\/\/www.maapprogram.org\/es\/wp-json\/wp\/v2\/posts\/21160","targetHints":{"allow":["GET"]}}],"collection":[{"href":"https:\/\/www.maapprogram.org\/es\/wp-json\/wp\/v2\/posts"}],"about":[{"href":"https:\/\/www.maapprogram.org\/es\/wp-json\/wp\/v2\/types\/post"}],"author":[{"embeddable":true,"href":"https:\/\/www.maapprogram.org\/es\/wp-json\/wp\/v2\/users\/1"}],"replies":[{"embeddable":true,"href":"https:\/\/www.maapprogram.org\/es\/wp-json\/wp\/v2\/comments?post=21160"}],"version-history":[{"count":1,"href":"https:\/\/www.maapprogram.org\/es\/wp-json\/wp\/v2\/posts\/21160\/revisions"}],"predecessor-version":[{"id":23313,"href":"https:\/\/www.maapprogram.org\/es\/wp-json\/wp\/v2\/posts\/21160\/revisions\/23313"}],"wp:attachment":[{"href":"https:\/\/www.maapprogram.org\/es\/wp-json\/wp\/v2\/media?parent=21160"}],"wp:term":[{"taxonomy":"category","embeddable":true,"href":"https:\/\/www.maapprogram.org\/es\/wp-json\/wp\/v2\/categories?post=21160"},{"taxonomy":"post_tag","embeddable":true,"href":"https:\/\/www.maapprogram.org\/es\/wp-json\/wp\/v2\/tags?post=21160"},{"taxonomy":"ftr_agriculture","embeddable":true,"href":"https:\/\/www.maapprogram.org\/es\/wp-json\/wp\/v2\/ftr_agriculture?post=21160"},{"taxonomy":"carbon-and-climate-change","embeddable":true,"href":"https:\/\/www.maapprogram.org\/es\/wp-json\/wp\/v2\/carbon-and-climate-change?post=21160"},{"taxonomy":"ftr_country","embeddable":true,"href":"https:\/\/www.maapprogram.org\/es\/wp-json\/wp\/v2\/ftr_country?post=21160"},{"taxonomy":"fire","embeddable":true,"href":"https:\/\/www.maapprogram.org\/es\/wp-json\/wp\/v2\/fire?post=21160"},{"taxonomy":"infrastructure-threat","embeddable":true,"href":"https:\/\/www.maapprogram.org\/es\/wp-json\/wp\/v2\/infrastructure-threat?post=21160"},{"taxonomy":"land-use","embeddable":true,"href":"https:\/\/www.maapprogram.org\/es\/wp-json\/wp\/v2\/land-use?post=21160"},{"taxonomy":"mining-and-logging-threat","embeddable":true,"href":"https:\/\/www.maapprogram.org\/es\/wp-json\/wp\/v2\/mining-and-logging-threat?post=21160"},{"taxonomy":"natural-forest-loss","embeddable":true,"href":"https:\/\/www.maapprogram.org\/es\/wp-json\/wp\/v2\/natural-forest-loss?post=21160"},{"taxonomy":"special-analysis","embeddable":true,"href":"https:\/\/www.maapprogram.org\/es\/wp-json\/wp\/v2\/special-analysis?post=21160"}],"curies":[{"name":"wp","href":"https:\/\/api.w.org\/{rel}","templated":true}]}}