{"id":21173,"date":"2015-09-17T19:07:00","date_gmt":"2015-09-17T19:07:00","guid":{"rendered":"https:\/\/www.maapprogram.org\/sierra-divisor3\/"},"modified":"2024-09-24T20:33:07","modified_gmt":"2024-09-24T20:33:07","slug":"sierra-divisor3","status":"publish","type":"post","link":"https:\/\/www.maapprogram.org\/es\/sierra-divisor3\/","title":{"rendered":"Imagen #15: Sierra del Divisor &#8211; Nueva carretera forestal amenaza la secci\u00f3n norte del propuesto parque nacional"},"content":{"rendered":"<p>Anteriormente en <a href=\"https:\/\/www.maapprogram.org\/2015\/06\/imagen-7-sierra-del-divisor\/\">MAAP #7<\/a> destacamos <strong>la necesidad de\u00a0elevar\u00a0la Zona Reservada Sierra del Divisor<\/strong><strong>\u00a0a la categor\u00eda definitiva de Parque Nacional debido <\/strong>a las amenazas crecientes\u00a0al interior y alrededor del \u00e1rea.<strong>\u00a0<\/strong>En el presente\u00a0<strong>MAAP #15<\/strong>\u00a0mostramos c\u00f3mo la <strong>construcci\u00f3n de una nueva carretera forestal amenaza la<\/strong> <strong>secci\u00f3n noroeste de la Zona Reservada <\/strong>(regi\u00f3n Loreto). Nuevas im\u00e1genes de alta resoluci\u00f3n revelan que la construcci\u00f3n de esta carretera forestal continua\u00a0a lo largo del a\u00f1o\u00a02015, incluso cruzando una\u00a0secci\u00f3n al interior\u00a0de la Reserva.\u00a0Cabe mencionar que es la misma v\u00eda destacada en el <a href=\"https:\/\/www.youtube.com\/watch?v=vi52I34oV54\">programa Panorama<\/a>.<\/p>\n<p>Adem\u00e1s, considerando la <a href=\"http:\/\/larepublica.pe\/politica\/702653-ollanta-humala-participara-en-asamblea-general-de-la-onu\">pr\u00f3xima visita del Presidente Ollanta Humala a\u00a0las Naciones Unidas en Nueva York<\/a> para discutir, entre otras cosas,\u00a0una visi\u00f3n com\u00fan que muestre voluntad pol\u00edtica para enfrentar el cambio clim\u00e1tico,\u00a0presentamos informaci\u00f3n sobre los niveles de carbono almacenados en los bosques de la propuesta de Parque Nacional Sierra del Divisor.<\/p>\n<div id=\"attachment_3571\" class=\"thumbnail aligncenter\"><a href=\"https:\/\/www.maapprogram.org\/wp-content\/uploads\/2015\/08\/Sierra_divisor_MAAP_14c_v4_m_s.jpg\"><img decoding=\"async\" class=\"wp-image-3571 \" src=\"https:\/\/www.maapprogram.org\/wp-content\/uploads\/2015\/08\/Sierra_divisor_MAAP_14c_v4_m_s.jpg\" alt=\"Imagen 15a. Im\u00e1genes satelitales de la nueva carretera forestal. Datos: SPOT 7 de Airbus, USGS, SERNANP.\" width=\"944\" height=\"592\" \/><\/a><div class=\"caption\">Imagen 15a. Im\u00e1genes satelitales de la nueva carretera forestal. Datos: USGS, SERNANP.<\/div><\/div>\n<p>La Imagen 15a muestra la <strong>expansi\u00f3n de la nueva carretera forestal<\/strong> entre el junio (panel izquierda) y septiembre (panel derecho) de 2015, hasta <strong>cruzar el extremo\u00a0norte de la Zona Reservada Sierra del Divisor<\/strong>.\u00a0Para mas contexto, n\u00f3tese que el \u00e1mbito de la Imagen 15a corresponde con el cuadro indicado con la letra \u00abA\u00bb en la Imagen 15c.<\/p>\n<div class=\"fitem-sep\"><\/div>\n<p>La Imagen 15b muestra una <strong>imagen de alta resoluci\u00f3n<\/strong> (1.5 m) captada el\u00a07 de agosto del tramo de la carretera cruzando el extremo norte de la Zona Reservada.<\/p>\n<div id=\"attachment_3573\" class=\"thumbnail aligncenter\"><a href=\"https:\/\/www.maapprogram.org\/wp-content\/uploads\/2015\/08\/Sierra_divisor_MAAP_14f_Zoom_v1_s.jpg\"><img decoding=\"async\" class=\"wp-image-3573 \" src=\"https:\/\/www.maapprogram.org\/wp-content\/uploads\/2015\/08\/Sierra_divisor_MAAP_14f_Zoom_v1_s-1314x1700.jpg\" alt=\"\" width=\"602\" height=\"779\" \/><\/a><div class=\"caption\">Imagen 15b. Imagen de alta resoluci\u00f3n (1.5 m) de agosto 2015 del tramo de la carretera cruzando el extremo norte de la Zona Reservada. Datos: SPOT 7 de Airbus.<\/div><\/div>\n<div class=\"fitem-sep\"><\/div>\n<h3><strong>Expansi\u00f3n 2012 &#8211; 2015<\/strong><\/h3>\n<p>En la Imagen 15c se muestra la <strong>expansi\u00f3n de la carretera forestal desde el 2012 hasta 2015<\/strong>, lleg\u00e1ndose a construir aproximadamente <strong>75 km<\/strong> de v\u00edas durante estos tres a\u00f1os.<\/p>\n<div id=\"attachment_3587\" class=\"thumbnail aligncenter\"><a href=\"https:\/\/www.maapprogram.org\/wp-content\/uploads\/2015\/08\/Sierra_divisor_MAAP_14a_v3_m_s.jpg\"><img decoding=\"async\" class=\"wp-image-3587 \" src=\"https:\/\/www.maapprogram.org\/wp-content\/uploads\/2015\/08\/Sierra_divisor_MAAP_14a_v3_m_s-1500x649.jpg\" alt=\"Imagen 15c. Expansi\u00f3n de la carretera forestal en el sector noroeste de la Zona Reservada. Datos: MINAM-PNCB\/MINAGRI-SERFOR, SERNANP, USGS.\" width=\"1022\" height=\"442\" \/><\/a><div class=\"caption\">Imagen 15c. Expansi\u00f3n de la carretera forestal en el sector noroeste de la Zona Reservada. Datos: MINAM-PNCB\/MINAGRI-SERFOR, SERNANP, USGS.<\/div><\/div>\n<div class=\"fitem-sep\"><\/div>\n<h3><strong>Datos de Carbono<\/strong><\/h3>\n<div id=\"attachment_3514\" class=\"thumbnail alignleft\"><a href=\"https:\/\/www.maapprogram.org\/wp-content\/uploads\/2015\/08\/Sierra_divisor_carbom_asner1_s.jpg\"><img decoding=\"async\" class=\"wp-image-3514\" src=\"https:\/\/www.maapprogram.org\/wp-content\/uploads\/2015\/08\/Sierra_divisor_carbom_asner1_s-1314x1700.jpg\" alt=\"Sierra_divisor_carbom_asner1_s\" width=\"512\" height=\"662\" \/><\/a><div class=\"caption\">Imagen 15d. Mapa de alta resoluci\u00f3n de carbono. Datos: Asner et al (2014) The high-resolution carbon geography of Peru. Berkeley, CA: Minuteman Press.<\/div><\/div>\n<p>&nbsp;<\/p>\n<p>Dr. Greg Asner (de la Instituci\u00f3n Carnegie para la Ciencia) y sus colegas produjeron recientemente un mapa de carbono de alta resoluci\u00f3n del Per\u00fa (Asner et al 2014, a, b).<\/p>\n<p>Seg\u00fan este mapa, la Zona Reservada Sierra del Divisor posee la segunda reserva de carbono m\u00e1s grande\u00a0de todas las \u00e1reas naturales protegidas de la Amazon\u00eda Peruana (detr\u00e1s solo el Parque Nacional Alto Purus).<\/p>\n<p>Esto puede apreciarse en la Imagen 15d, donde la mayor\u00eda de la propuesta del parque nacional posee valores altos y\/o muy altos de carbono.<\/p>\n<p>En total, se calcula que la <strong>propuesta\u00a0Parque Nacional Sierra del Divisor contiene aproximadamente<\/strong> <strong>165 millones de toneladas m\u00e9tricas de carbono<\/strong> sobre el suelo.<\/p>\n<div class=\"fitem-sep\"><\/div>\n<h3><strong>Declaraci\u00f3n de SERNANP<\/strong><\/h3>\n<p>En respuesta a este art\u00edculo, el SERNANP (Servicio Nacional de \u00c1reas Naturales Protegidas por el Estado) manifiesta lo siguiente:<\/p>\n<p>La deforestaci\u00f3n que se advierte en el sector noroeste paralelo a la Zona Reservada Sierra del Divisor se origina por el mejoramiento de una supuesta carretera antigua que viene ejecutando un concesionario forestal colindante con el \u00e1rea natural protegida, la cual denunciamos ante la Fiscal\u00eda Especializada de Materia Ambiental \u2013 Loreto en el a\u00f1o 2012, por considerarla irregular y constituirse en una amenaza a este espacio protegido. Reci\u00e9n en agosto \u00faltimo la Fiscal\u00eda program\u00f3 la inspecci\u00f3n fiscal, que se realiz\u00f3 conjuntamente con la Procuradur\u00eda P\u00fablica del Ministerio del Ambiente, en la cual venimos realizando todos los esfuerzos para que la Fiscal\u00eda Especializada realice las actuaciones que corresponde de acuerdo a Ley, as\u00ed como requerir al OSINFOR supervise al concesionario forestal, por los hechos irregulares que denunciamos.<\/p>\n<p>Lima, 17 de setiembre del 2015<\/p>\n<div class=\"fitem-sep\"><\/div>\n<h3><strong>Fuentes<\/strong><\/h3>\n<p>Asner GP, Knapp DE, Martin RE, Tupayachi R, Anderson CB, et al. (2014 a) Targeted carbon conservation at national scales with high-resolution monitoring. <i>Proceedings of the National Academy of Sciences<\/i>, <i>111<\/i>(47), E5016-E5022.<\/p>\n<p>Asner GP,\u00a0Knapp DE, Martin RE, Tupayachi R, Anderson CB, et al. (2014 b) The high-resolution carbon geography of Peru. Berkeley, CA: Minuteman Press.<\/p>\n<div class=\"fitem-sep\"><\/div>\n<h3><strong>Cita<\/strong><\/h3>\n<p>Finer M, Novoa S (2015)\u00a0Sierra del Divisor &#8211; Nueva carretera forestal cruza la secci\u00f3n norte de la Zona Reservada. MAAP: Image #15. Link:\u00a0<a href=\"https:\/\/www.maapprogram.org\/2015\/09\/sierra-divisor3\/\">https:\/\/www.maapprogram.org\/2015\/09\/sierra-divisor3\/<\/a><\/p>\n<div class=\"fitem-sep\"><\/div>\n","protected":false},"excerpt":{"rendered":"<p>Anteriormente en MAAP #7 destacamos la necesidad de\u00a0elevar\u00a0la Zona Reservada Sierra del Divisor\u00a0a la categor\u00eda definitiva de Parque Nacional debido a las amenazas crecientes\u00a0al interior y alrededor del \u00e1rea.\u00a0En el presente\u00a0MAAP #15\u00a0mostramos c\u00f3mo la construcci\u00f3n de una nueva carretera forestal amenaza la secci\u00f3n noroeste de la Zona Reservada (regi\u00f3n Loreto). Nuevas im\u00e1genes de alta resoluci\u00f3n [&hellip;]<\/p>\n","protected":false},"author":1,"featured_media":0,"comment_status":"open","ping_status":"open","sticky":false,"template":"","format":"standard","meta":{"_acf_changed":false,"footnotes":""},"categories":[2],"tags":[294],"ftr_agriculture":[],"carbon-and-climate-change":[],"ftr_country":[483],"fire":[],"infrastructure-threat":[427],"land-use":[],"mining-and-logging-threat":[],"natural-forest-loss":[],"special-analysis":[],"class_list":["post-21173","post","type-post","status-publish","format-standard","hentry","category-sin-categorizar","tag-imagen-15","ftr_country-peru-2","infrastructure-threat-carreteras"],"acf":[],"yoast_head":"<!-- This site is optimized with the Yoast SEO plugin v27.3 - https:\/\/yoast.com\/product\/yoast-seo-wordpress\/ -->\n<title>Imagen #15: Sierra del Divisor - Nueva carretera forestal amenaza la secci\u00f3n norte del propuesto parque nacional - MAAP<\/title>\n<meta name=\"robots\" content=\"index, follow, max-snippet:-1, max-image-preview:large, max-video-preview:-1\" \/>\n<link rel=\"canonical\" href=\"https:\/\/www.maapprogram.org\/es\/sierra-divisor3\/\" \/>\n<meta property=\"og:locale\" content=\"es_ES\" \/>\n<meta property=\"og:type\" content=\"article\" \/>\n<meta property=\"og:title\" content=\"Imagen #15: Sierra del Divisor - Nueva carretera forestal amenaza la secci\u00f3n norte del propuesto parque nacional - MAAP\" \/>\n<meta property=\"og:description\" content=\"Anteriormente en MAAP #7 destacamos la necesidad de\u00a0elevar\u00a0la Zona Reservada Sierra del Divisor\u00a0a la categor\u00eda definitiva de Parque Nacional debido a las amenazas crecientes\u00a0al interior y alrededor del \u00e1rea.\u00a0En el presente\u00a0MAAP #15\u00a0mostramos c\u00f3mo la construcci\u00f3n de una nueva carretera forestal amenaza la secci\u00f3n noroeste de la Zona Reservada (regi\u00f3n Loreto). Nuevas im\u00e1genes de alta resoluci\u00f3n [&hellip;]\" \/>\n<meta property=\"og:url\" content=\"https:\/\/www.maapprogram.org\/es\/sierra-divisor3\/\" \/>\n<meta property=\"og:site_name\" content=\"MAAP\" \/>\n<meta property=\"article:published_time\" content=\"2015-09-17T19:07:00+00:00\" \/>\n<meta property=\"article:modified_time\" content=\"2024-09-24T20:33:07+00:00\" \/>\n<meta property=\"og:image\" content=\"https:\/\/www.maapprogram.org\/wp-content\/uploads\/2015\/08\/Sierra_divisor_MAAP_14c_v4_m_s.jpg\" \/>\n<meta name=\"author\" content=\"dcadmin\" \/>\n<meta name=\"twitter:card\" content=\"summary_large_image\" \/>\n<meta name=\"twitter:label1\" content=\"Escrito por\" \/>\n\t<meta name=\"twitter:data1\" content=\"dcadmin\" \/>\n\t<meta name=\"twitter:label2\" content=\"Tiempo de lectura\" \/>\n\t<meta name=\"twitter:data2\" content=\"5 minutos\" \/>\n<script type=\"application\/ld+json\" class=\"yoast-schema-graph\">{\"@context\":\"https:\\\/\\\/schema.org\",\"@graph\":[{\"@type\":\"Article\",\"@id\":\"https:\\\/\\\/www.maapprogram.org\\\/es\\\/sierra-divisor3\\\/#article\",\"isPartOf\":{\"@id\":\"https:\\\/\\\/www.maapprogram.org\\\/es\\\/sierra-divisor3\\\/\"},\"author\":{\"name\":\"dcadmin\",\"@id\":\"https:\\\/\\\/www.maapprogram.org\\\/es\\\/#\\\/schema\\\/person\\\/433e90c8debccfe16357e05627bbd443\"},\"headline\":\"Imagen #15: Sierra del Divisor &#8211; Nueva carretera forestal amenaza la secci\u00f3n norte del propuesto parque nacional\",\"datePublished\":\"2015-09-17T19:07:00+00:00\",\"dateModified\":\"2024-09-24T20:33:07+00:00\",\"mainEntityOfPage\":{\"@id\":\"https:\\\/\\\/www.maapprogram.org\\\/es\\\/sierra-divisor3\\\/\"},\"wordCount\":790,\"commentCount\":0,\"image\":{\"@id\":\"https:\\\/\\\/www.maapprogram.org\\\/es\\\/sierra-divisor3\\\/#primaryimage\"},\"thumbnailUrl\":\"https:\\\/\\\/www.maapprogram.org\\\/wp-content\\\/uploads\\\/2015\\\/08\\\/Sierra_divisor_MAAP_14c_v4_m_s.jpg\",\"keywords\":[\"Imagen #15\"],\"articleSection\":[\"Sin categorizar\"],\"inLanguage\":\"es\",\"potentialAction\":[{\"@type\":\"CommentAction\",\"name\":\"Comment\",\"target\":[\"https:\\\/\\\/www.maapprogram.org\\\/es\\\/sierra-divisor3\\\/#respond\"]}]},{\"@type\":\"WebPage\",\"@id\":\"https:\\\/\\\/www.maapprogram.org\\\/es\\\/sierra-divisor3\\\/\",\"url\":\"https:\\\/\\\/www.maapprogram.org\\\/es\\\/sierra-divisor3\\\/\",\"name\":\"Imagen #15: Sierra del Divisor - Nueva carretera forestal amenaza la secci\u00f3n norte del propuesto parque nacional - MAAP\",\"isPartOf\":{\"@id\":\"https:\\\/\\\/www.maapprogram.org\\\/es\\\/#website\"},\"primaryImageOfPage\":{\"@id\":\"https:\\\/\\\/www.maapprogram.org\\\/es\\\/sierra-divisor3\\\/#primaryimage\"},\"image\":{\"@id\":\"https:\\\/\\\/www.maapprogram.org\\\/es\\\/sierra-divisor3\\\/#primaryimage\"},\"thumbnailUrl\":\"https:\\\/\\\/www.maapprogram.org\\\/wp-content\\\/uploads\\\/2015\\\/08\\\/Sierra_divisor_MAAP_14c_v4_m_s.jpg\",\"datePublished\":\"2015-09-17T19:07:00+00:00\",\"dateModified\":\"2024-09-24T20:33:07+00:00\",\"author\":{\"@id\":\"https:\\\/\\\/www.maapprogram.org\\\/es\\\/#\\\/schema\\\/person\\\/433e90c8debccfe16357e05627bbd443\"},\"breadcrumb\":{\"@id\":\"https:\\\/\\\/www.maapprogram.org\\\/es\\\/sierra-divisor3\\\/#breadcrumb\"},\"inLanguage\":\"es\",\"potentialAction\":[{\"@type\":\"ReadAction\",\"target\":[\"https:\\\/\\\/www.maapprogram.org\\\/es\\\/sierra-divisor3\\\/\"]}]},{\"@type\":\"ImageObject\",\"inLanguage\":\"es\",\"@id\":\"https:\\\/\\\/www.maapprogram.org\\\/es\\\/sierra-divisor3\\\/#primaryimage\",\"url\":\"https:\\\/\\\/www.maapprogram.org\\\/wp-content\\\/uploads\\\/2015\\\/08\\\/Sierra_divisor_MAAP_14c_v4_m_s.jpg\",\"contentUrl\":\"https:\\\/\\\/www.maapprogram.org\\\/wp-content\\\/uploads\\\/2015\\\/08\\\/Sierra_divisor_MAAP_14c_v4_m_s.jpg\"},{\"@type\":\"BreadcrumbList\",\"@id\":\"https:\\\/\\\/www.maapprogram.org\\\/es\\\/sierra-divisor3\\\/#breadcrumb\",\"itemListElement\":[{\"@type\":\"ListItem\",\"position\":1,\"name\":\"Home\",\"item\":\"https:\\\/\\\/www.maapprogram.org\\\/es\\\/\"},{\"@type\":\"ListItem\",\"position\":2,\"name\":\"Imagen #15: Sierra del Divisor &#8211; Nueva carretera forestal amenaza la secci\u00f3n norte del propuesto parque nacional\"}]},{\"@type\":\"WebSite\",\"@id\":\"https:\\\/\\\/www.maapprogram.org\\\/es\\\/#website\",\"url\":\"https:\\\/\\\/www.maapprogram.org\\\/es\\\/\",\"name\":\"MAAP\",\"description\":\"\",\"potentialAction\":[{\"@type\":\"SearchAction\",\"target\":{\"@type\":\"EntryPoint\",\"urlTemplate\":\"https:\\\/\\\/www.maapprogram.org\\\/es\\\/?s={search_term_string}\"},\"query-input\":{\"@type\":\"PropertyValueSpecification\",\"valueRequired\":true,\"valueName\":\"search_term_string\"}}],\"inLanguage\":\"es\"},{\"@type\":\"Person\",\"@id\":\"https:\\\/\\\/www.maapprogram.org\\\/es\\\/#\\\/schema\\\/person\\\/433e90c8debccfe16357e05627bbd443\",\"name\":\"dcadmin\",\"image\":{\"@type\":\"ImageObject\",\"inLanguage\":\"es\",\"@id\":\"https:\\\/\\\/secure.gravatar.com\\\/avatar\\\/83c0f4e5f994ae4e4b9ae78b382f373b07a15509b31a24d7d748f76e9925b825?s=96&d=mm&r=g\",\"url\":\"https:\\\/\\\/secure.gravatar.com\\\/avatar\\\/83c0f4e5f994ae4e4b9ae78b382f373b07a15509b31a24d7d748f76e9925b825?s=96&d=mm&r=g\",\"contentUrl\":\"https:\\\/\\\/secure.gravatar.com\\\/avatar\\\/83c0f4e5f994ae4e4b9ae78b382f373b07a15509b31a24d7d748f76e9925b825?s=96&d=mm&r=g\",\"caption\":\"dcadmin\"},\"sameAs\":[\"http:\\\/\\\/www.maapprogram.org\"],\"url\":\"https:\\\/\\\/www.maapprogram.org\\\/es\\\/author\\\/dcadmin\\\/\"}]}<\/script>\n<!-- \/ Yoast SEO plugin. -->","yoast_head_json":{"title":"Imagen #15: Sierra del Divisor - Nueva carretera forestal amenaza la secci\u00f3n norte del propuesto parque nacional - MAAP","robots":{"index":"index","follow":"follow","max-snippet":"max-snippet:-1","max-image-preview":"max-image-preview:large","max-video-preview":"max-video-preview:-1"},"canonical":"https:\/\/www.maapprogram.org\/es\/sierra-divisor3\/","og_locale":"es_ES","og_type":"article","og_title":"Imagen #15: Sierra del Divisor - Nueva carretera forestal amenaza la secci\u00f3n norte del propuesto parque nacional - MAAP","og_description":"Anteriormente en MAAP #7 destacamos la necesidad de\u00a0elevar\u00a0la Zona Reservada Sierra del Divisor\u00a0a la categor\u00eda definitiva de Parque Nacional debido a las amenazas crecientes\u00a0al interior y alrededor del \u00e1rea.\u00a0En el presente\u00a0MAAP #15\u00a0mostramos c\u00f3mo la construcci\u00f3n de una nueva carretera forestal amenaza la secci\u00f3n noroeste de la Zona Reservada (regi\u00f3n Loreto). Nuevas im\u00e1genes de alta resoluci\u00f3n [&hellip;]","og_url":"https:\/\/www.maapprogram.org\/es\/sierra-divisor3\/","og_site_name":"MAAP","article_published_time":"2015-09-17T19:07:00+00:00","article_modified_time":"2024-09-24T20:33:07+00:00","og_image":[{"url":"https:\/\/www.maapprogram.org\/wp-content\/uploads\/2015\/08\/Sierra_divisor_MAAP_14c_v4_m_s.jpg","type":"","width":"","height":""}],"author":"dcadmin","twitter_card":"summary_large_image","twitter_misc":{"Escrito por":"dcadmin","Tiempo de lectura":"5 minutos"},"schema":{"@context":"https:\/\/schema.org","@graph":[{"@type":"Article","@id":"https:\/\/www.maapprogram.org\/es\/sierra-divisor3\/#article","isPartOf":{"@id":"https:\/\/www.maapprogram.org\/es\/sierra-divisor3\/"},"author":{"name":"dcadmin","@id":"https:\/\/www.maapprogram.org\/es\/#\/schema\/person\/433e90c8debccfe16357e05627bbd443"},"headline":"Imagen #15: Sierra del Divisor &#8211; Nueva carretera forestal amenaza la secci\u00f3n norte del propuesto parque nacional","datePublished":"2015-09-17T19:07:00+00:00","dateModified":"2024-09-24T20:33:07+00:00","mainEntityOfPage":{"@id":"https:\/\/www.maapprogram.org\/es\/sierra-divisor3\/"},"wordCount":790,"commentCount":0,"image":{"@id":"https:\/\/www.maapprogram.org\/es\/sierra-divisor3\/#primaryimage"},"thumbnailUrl":"https:\/\/www.maapprogram.org\/wp-content\/uploads\/2015\/08\/Sierra_divisor_MAAP_14c_v4_m_s.jpg","keywords":["Imagen #15"],"articleSection":["Sin categorizar"],"inLanguage":"es","potentialAction":[{"@type":"CommentAction","name":"Comment","target":["https:\/\/www.maapprogram.org\/es\/sierra-divisor3\/#respond"]}]},{"@type":"WebPage","@id":"https:\/\/www.maapprogram.org\/es\/sierra-divisor3\/","url":"https:\/\/www.maapprogram.org\/es\/sierra-divisor3\/","name":"Imagen #15: Sierra del Divisor - Nueva carretera forestal amenaza la secci\u00f3n norte del propuesto parque nacional - MAAP","isPartOf":{"@id":"https:\/\/www.maapprogram.org\/es\/#website"},"primaryImageOfPage":{"@id":"https:\/\/www.maapprogram.org\/es\/sierra-divisor3\/#primaryimage"},"image":{"@id":"https:\/\/www.maapprogram.org\/es\/sierra-divisor3\/#primaryimage"},"thumbnailUrl":"https:\/\/www.maapprogram.org\/wp-content\/uploads\/2015\/08\/Sierra_divisor_MAAP_14c_v4_m_s.jpg","datePublished":"2015-09-17T19:07:00+00:00","dateModified":"2024-09-24T20:33:07+00:00","author":{"@id":"https:\/\/www.maapprogram.org\/es\/#\/schema\/person\/433e90c8debccfe16357e05627bbd443"},"breadcrumb":{"@id":"https:\/\/www.maapprogram.org\/es\/sierra-divisor3\/#breadcrumb"},"inLanguage":"es","potentialAction":[{"@type":"ReadAction","target":["https:\/\/www.maapprogram.org\/es\/sierra-divisor3\/"]}]},{"@type":"ImageObject","inLanguage":"es","@id":"https:\/\/www.maapprogram.org\/es\/sierra-divisor3\/#primaryimage","url":"https:\/\/www.maapprogram.org\/wp-content\/uploads\/2015\/08\/Sierra_divisor_MAAP_14c_v4_m_s.jpg","contentUrl":"https:\/\/www.maapprogram.org\/wp-content\/uploads\/2015\/08\/Sierra_divisor_MAAP_14c_v4_m_s.jpg"},{"@type":"BreadcrumbList","@id":"https:\/\/www.maapprogram.org\/es\/sierra-divisor3\/#breadcrumb","itemListElement":[{"@type":"ListItem","position":1,"name":"Home","item":"https:\/\/www.maapprogram.org\/es\/"},{"@type":"ListItem","position":2,"name":"Imagen #15: Sierra del Divisor &#8211; Nueva carretera forestal amenaza la secci\u00f3n norte del propuesto parque nacional"}]},{"@type":"WebSite","@id":"https:\/\/www.maapprogram.org\/es\/#website","url":"https:\/\/www.maapprogram.org\/es\/","name":"MAAP","description":"","potentialAction":[{"@type":"SearchAction","target":{"@type":"EntryPoint","urlTemplate":"https:\/\/www.maapprogram.org\/es\/?s={search_term_string}"},"query-input":{"@type":"PropertyValueSpecification","valueRequired":true,"valueName":"search_term_string"}}],"inLanguage":"es"},{"@type":"Person","@id":"https:\/\/www.maapprogram.org\/es\/#\/schema\/person\/433e90c8debccfe16357e05627bbd443","name":"dcadmin","image":{"@type":"ImageObject","inLanguage":"es","@id":"https:\/\/secure.gravatar.com\/avatar\/83c0f4e5f994ae4e4b9ae78b382f373b07a15509b31a24d7d748f76e9925b825?s=96&d=mm&r=g","url":"https:\/\/secure.gravatar.com\/avatar\/83c0f4e5f994ae4e4b9ae78b382f373b07a15509b31a24d7d748f76e9925b825?s=96&d=mm&r=g","contentUrl":"https:\/\/secure.gravatar.com\/avatar\/83c0f4e5f994ae4e4b9ae78b382f373b07a15509b31a24d7d748f76e9925b825?s=96&d=mm&r=g","caption":"dcadmin"},"sameAs":["http:\/\/www.maapprogram.org"],"url":"https:\/\/www.maapprogram.org\/es\/author\/dcadmin\/"}]}},"_links":{"self":[{"href":"https:\/\/www.maapprogram.org\/es\/wp-json\/wp\/v2\/posts\/21173","targetHints":{"allow":["GET"]}}],"collection":[{"href":"https:\/\/www.maapprogram.org\/es\/wp-json\/wp\/v2\/posts"}],"about":[{"href":"https:\/\/www.maapprogram.org\/es\/wp-json\/wp\/v2\/types\/post"}],"author":[{"embeddable":true,"href":"https:\/\/www.maapprogram.org\/es\/wp-json\/wp\/v2\/users\/1"}],"replies":[{"embeddable":true,"href":"https:\/\/www.maapprogram.org\/es\/wp-json\/wp\/v2\/comments?post=21173"}],"version-history":[{"count":1,"href":"https:\/\/www.maapprogram.org\/es\/wp-json\/wp\/v2\/posts\/21173\/revisions"}],"predecessor-version":[{"id":23156,"href":"https:\/\/www.maapprogram.org\/es\/wp-json\/wp\/v2\/posts\/21173\/revisions\/23156"}],"wp:attachment":[{"href":"https:\/\/www.maapprogram.org\/es\/wp-json\/wp\/v2\/media?parent=21173"}],"wp:term":[{"taxonomy":"category","embeddable":true,"href":"https:\/\/www.maapprogram.org\/es\/wp-json\/wp\/v2\/categories?post=21173"},{"taxonomy":"post_tag","embeddable":true,"href":"https:\/\/www.maapprogram.org\/es\/wp-json\/wp\/v2\/tags?post=21173"},{"taxonomy":"ftr_agriculture","embeddable":true,"href":"https:\/\/www.maapprogram.org\/es\/wp-json\/wp\/v2\/ftr_agriculture?post=21173"},{"taxonomy":"carbon-and-climate-change","embeddable":true,"href":"https:\/\/www.maapprogram.org\/es\/wp-json\/wp\/v2\/carbon-and-climate-change?post=21173"},{"taxonomy":"ftr_country","embeddable":true,"href":"https:\/\/www.maapprogram.org\/es\/wp-json\/wp\/v2\/ftr_country?post=21173"},{"taxonomy":"fire","embeddable":true,"href":"https:\/\/www.maapprogram.org\/es\/wp-json\/wp\/v2\/fire?post=21173"},{"taxonomy":"infrastructure-threat","embeddable":true,"href":"https:\/\/www.maapprogram.org\/es\/wp-json\/wp\/v2\/infrastructure-threat?post=21173"},{"taxonomy":"land-use","embeddable":true,"href":"https:\/\/www.maapprogram.org\/es\/wp-json\/wp\/v2\/land-use?post=21173"},{"taxonomy":"mining-and-logging-threat","embeddable":true,"href":"https:\/\/www.maapprogram.org\/es\/wp-json\/wp\/v2\/mining-and-logging-threat?post=21173"},{"taxonomy":"natural-forest-loss","embeddable":true,"href":"https:\/\/www.maapprogram.org\/es\/wp-json\/wp\/v2\/natural-forest-loss?post=21173"},{"taxonomy":"special-analysis","embeddable":true,"href":"https:\/\/www.maapprogram.org\/es\/wp-json\/wp\/v2\/special-analysis?post=21173"}],"curies":[{"name":"wp","href":"https:\/\/api.w.org\/{rel}","templated":true}]}}