{"id":21179,"date":"2016-04-01T15:01:00","date_gmt":"2016-04-01T15:01:00","guid":{"rendered":"https:\/\/www.maapprogram.org\/nueva_carretera_manu\/"},"modified":"2024-09-24T20:55:01","modified_gmt":"2024-09-24T20:55:01","slug":"nueva_carretera_manu","status":"publish","type":"post","link":"https:\/\/www.maapprogram.org\/es\/nueva_carretera_manu\/","title":{"rendered":"MAAP #29: Construcci\u00f3n de una Nueva Carretera entre Parque Nacional Manu y Reserva Comunal Amarakaeri (Madre de Dios)"},"content":{"rendered":"<p>El presente MAAP describe el\u00a0proyecto de carretera\u00a0<strong>Nuevo Ed\u00e9n-Boca Manu-Boca Colorado\u00a0<\/strong>en la regi\u00f3n Madre de Dios.\u00a0El objetivo de este art\u00edculo\u00a0es mostrar\u00a0el avance de la construcci\u00f3n de<strong>\u00a0<\/strong>esta carretera y cuantificar la deforestaci\u00f3n\u00a0asociada a la misma, hasta el presente marzo de 2016. Se ha priorizado este an\u00e1lisis debido a que este\u00a0proyecto\u00a0de carretera se encuentra atravesando las zonas de amortiguamiento de dos \u00e1reas naturales protegidas importantes, la <strong>Reserva Comunal Amarakaeri<\/strong> y el <strong>Parque Nacional Manu<\/strong>*.<\/p>\n<div id=\"attachment_4402\" class=\"thumbnail aligncenter\"><img decoding=\"async\" class=\"wp-image-4402 size-full\" src=\"https:\/\/www.maapprogram.org\/wp-content\/uploads\/2016\/03\/MAAP_Manu_a_m_v7_es.jpg\" alt=\"Imagen Xa. Datos: SERNANP, USGS, MINAGRI, IBC, CLASlite, PNCB\/MINAM, Hansen\/UMD\/Google\/USGS\/NASA\" width=\"1507\" height=\"720\" \/><div class=\"caption\">Imagen 29a. Datos: SERNANP, USGS, MINAGRI, IBC, CLASlite, PNCB\/MINAM, Hansen\/UMD\/Google\/USGS\/NASA<\/div><\/div>\n<p>La <strong>Imagen 29a<\/strong> muestra el contexto general entre el PN Manu y la RC Amarakaeri donde se viene construyendo dicha carretera. La l\u00ednea amarilla indica el tramo construido durante el 2015 (11.6 km) entre las localidades de Nuevo Ed\u00e9n y Shipetiari (ver el panel derecho para una imagen de alta resoluci\u00f3n de esta construcci\u00f3n). La l\u00ednea roja indica el tramo nuevo bajo construcci\u00f3n\u00a0en 2016 hasta mediados de marzo (21.8 km). As\u00ed, en total, hemos documentado una<strong> construcci\u00f3n de 33.4 km al interior de la\u00a0zona de amortiguamiento de la\u00a0Reserva Comunal Amarakaeri\u00a0<\/strong>hasta mediados de marzo de 2016. Finalmente, la l\u00ednea rosada indica el tramo previsto hasta Boca Manu y su continuaci\u00f3n hasta Boca Colorado.<\/p>\n<div class=\"fitem-sep\"><\/div>\n<h3><strong>Construcci\u00f3n de la Carretera en 2015<\/strong><\/h3>\n<p>La <strong>Imagen 29b<\/strong> muestra una serie de im\u00e1genes satelitales (Landsat) para ilustrar el r\u00e1pido avance de la construcci\u00f3n durante el 2015. Los primeros dos paneles muestran la construcci\u00f3n de 11.6 km de carretera entre febrero (panel izquierdo) y octubre (panel central) de 2015. Las flechas amarillas en el panel central indican la\u00a0deforestaci\u00f3n\u00a0directamente asociada con la construcci\u00f3n\u00a0de la carretera (20\u00a0hect\u00e1reas aproximadamente). Los c\u00edrculos amarillos en ell panel derecho indican la deforestaci\u00f3n indirecta asociada a la carretera \u00a0(12 hect\u00e1reas). As\u00ed, en total, hemos documentado la<strong> deforestaci\u00f3n\u00a0de 32 hect\u00e1reas <\/strong>(equivalente a 44 campos de f\u00fatbol)\u00a0asociada a la carretera hasta mediados de marzo de 2016.<\/p>\n<div id=\"attachment_4385\" class=\"thumbnail aligncenter\"><img decoding=\"async\" class=\"wp-image-4385 size-full\" src=\"https:\/\/www.maapprogram.org\/wp-content\/uploads\/2016\/03\/b.-MAAP_Manu_c_m_v3_es-e1458145732955.jpg\" alt=\"\" width=\"1529\" height=\"719\" \/><div class=\"caption\">Imagen 29b. Datos: USGS.<\/div><\/div>\n<div class=\"fitem-sep\"><\/div>\n<h3><strong>Nueva Construcci\u00f3n en 2016<\/strong><\/h3>\n<p>La <strong>Imagen 29c<\/strong> muestra el avance de la construcci\u00f3n de la carretera entre enero y mediados de marzo de 2016 (ver las flechas naranjas en el panel izquierdo). Este\u00a0nuevo tramo fue de 2.9\u00a0km.\u00a0El panel derecho muestra, en alta-resoluci\u00f3n, una trocha constru\u00edda recientemente (ver flechas rojas). Esta trocha estar\u00eda extendi\u00e9ndose por 19 km m\u00e1s en la direcci\u00f3n de Boca Manu (ver la <strong>Imagen 29d<\/strong>).<\/p>\n<div id=\"attachment_4403\" class=\"thumbnail aligncenter\"><img decoding=\"async\" class=\"wp-image-4403 size-full\" src=\"https:\/\/www.maapprogram.org\/wp-content\/uploads\/2016\/03\/MAAP_Manu_e_m_v6_es.jpg\" alt=\"Datos: USGS, Planet Labs\" width=\"1011\" height=\"709\" \/><div class=\"caption\">Imagen 29c. Datos: USGS, Planet Labs<\/div><\/div>\n<div class=\"fitem-sep\"><\/div>\n<div id=\"attachment_4398\" class=\"thumbnail aligncenter\"><img decoding=\"async\" class=\"wp-image-4398\" src=\"https:\/\/www.maapprogram.org\/wp-content\/uploads\/2016\/03\/NuevoEdenRoadUpdate31516-1-1500x1235.jpg\" alt=\"Imagen Xd. Datos: USGS\" width=\"781\" height=\"643\" \/><div class=\"caption\">Imagen 29d. Datos: USGS<\/div><\/div>\n<div class=\"fitem-sep\"><\/div>\n<h3><strong>Referencias<\/strong><\/h3>\n<p>*MINAM (2016) MINAM est\u00e1 en contra de predictamen que permitir\u00eda la construcci\u00f3n de la carretera en zona de amortiguamiento del Manu y de Amarakaeri. <a href=\"http:\/\/www.minam.gob.pe\/perucrecimiento\/2016\/02\/29\/minam-esta-en-contra-de-predictamen-que-permitiria-la-construccion-de-la-carretera-en-zona-de-amortiguamiento-del-manu-y-de-amarakaeri\/\">http:\/\/www.minam.gob.pe\/perucrecimiento\/2016\/02\/29\/minam-esta-en-contra-de-predictamen-que-permitiria-la-construccion-de-la-carretera-en-zona-de-amortiguamiento-del-manu-y-de-amarakaeri\/<\/a><\/p>\n<p>MINAM (2015) MINAM y SERNANP manifiestan preocupaci\u00f3n por aprobaci\u00f3n de ley que declara de inter\u00e9s nacional carretera en zona de amortiguamiento del Manu y Amarakaeri. <a href=\"http:\/\/www.minam.gob.pe\/notas-de-prensa\/minam-y-sernanp-manifiestan-preocupacion-por-aprobacion-de-ley-que-declara-de-interes-nacional-carretera-en-zona-de-amortiguamiento-del-manu-y-amarakaeri\/\">http:\/\/www.minam.gob.pe\/notas-de-prensa\/minam-y-sernanp-manifiestan-preocupacion-por-aprobacion-de-ley-que-declara-de-interes-nacional-carretera-en-zona-de-amortiguamiento-del-manu-y-amarakaeri\/<\/a><\/p>\n<div class=\"fitem-sep\"><\/div>\n<h3><strong>Cita<\/strong><\/h3>\n<p><span style=\"color: #333333;\">Finer M, Novoa S, Olexy T (2016)<\/span> Construcci\u00f3n de una Nueva Carretera entre Parque Nacional Manu y Reserva Comunal Amarakaeri (Madre de Dios), 2016. <span style=\"color: #ff0000;\"><span style=\"color: #333333;\">MAAP: 29.<\/span><\/span><\/p>\n<div class=\"fitem-sep\"><\/div>\n","protected":false},"excerpt":{"rendered":"<p>El presente MAAP describe el\u00a0proyecto de carretera\u00a0Nuevo Ed\u00e9n-Boca Manu-Boca Colorado\u00a0en la regi\u00f3n Madre de Dios.\u00a0El objetivo de este art\u00edculo\u00a0es mostrar\u00a0el avance de la construcci\u00f3n de\u00a0esta carretera y cuantificar la deforestaci\u00f3n\u00a0asociada a la misma, hasta el presente marzo de 2016. Se ha priorizado este an\u00e1lisis debido a que este\u00a0proyecto\u00a0de carretera se encuentra atravesando las zonas de [&hellip;]<\/p>\n","protected":false},"author":1,"featured_media":0,"comment_status":"open","ping_status":"open","sticky":false,"template":"","format":"standard","meta":{"_acf_changed":false,"footnotes":""},"categories":[297],"tags":[81],"ftr_agriculture":[],"carbon-and-climate-change":[],"ftr_country":[483],"fire":[],"infrastructure-threat":[],"land-use":[433],"mining-and-logging-threat":[],"natural-forest-loss":[],"special-analysis":[],"class_list":["post-21179","post","type-post","status-publish","format-standard","hentry","category-carreteras","tag-maap-29","ftr_country-peru-2","land-use-areas-protegidas"],"acf":[],"yoast_head":"<!-- This site is optimized with the Yoast SEO plugin v27.3 - https:\/\/yoast.com\/product\/yoast-seo-wordpress\/ -->\n<title>MAAP #29: Construcci\u00f3n de una Nueva Carretera entre Parque Nacional Manu y Reserva Comunal Amarakaeri (Madre de Dios) - MAAP<\/title>\n<meta name=\"robots\" content=\"index, follow, max-snippet:-1, max-image-preview:large, max-video-preview:-1\" \/>\n<link rel=\"canonical\" href=\"https:\/\/www.maapprogram.org\/es\/nueva_carretera_manu\/\" \/>\n<meta property=\"og:locale\" content=\"es_ES\" \/>\n<meta property=\"og:type\" content=\"article\" \/>\n<meta property=\"og:title\" content=\"MAAP #29: Construcci\u00f3n de una Nueva Carretera entre Parque Nacional Manu y Reserva Comunal Amarakaeri (Madre de Dios) - MAAP\" \/>\n<meta property=\"og:description\" content=\"El presente MAAP describe el\u00a0proyecto de carretera\u00a0Nuevo Ed\u00e9n-Boca Manu-Boca Colorado\u00a0en la regi\u00f3n Madre de Dios.\u00a0El objetivo de este art\u00edculo\u00a0es mostrar\u00a0el avance de la construcci\u00f3n de\u00a0esta carretera y cuantificar la deforestaci\u00f3n\u00a0asociada a la misma, hasta el presente marzo de 2016. Se ha priorizado este an\u00e1lisis debido a que este\u00a0proyecto\u00a0de carretera se encuentra atravesando las zonas de [&hellip;]\" \/>\n<meta property=\"og:url\" content=\"https:\/\/www.maapprogram.org\/es\/nueva_carretera_manu\/\" \/>\n<meta property=\"og:site_name\" content=\"MAAP\" \/>\n<meta property=\"article:published_time\" content=\"2016-04-01T15:01:00+00:00\" \/>\n<meta property=\"article:modified_time\" content=\"2024-09-24T20:55:01+00:00\" \/>\n<meta property=\"og:image\" content=\"https:\/\/www.maapprogram.org\/wp-content\/uploads\/2016\/03\/MAAP_Manu_a_m_v7_es.jpg\" \/>\n<meta name=\"author\" content=\"dcadmin\" \/>\n<meta name=\"twitter:card\" content=\"summary_large_image\" \/>\n<meta name=\"twitter:label1\" content=\"Escrito por\" \/>\n\t<meta name=\"twitter:data1\" content=\"dcadmin\" \/>\n\t<meta name=\"twitter:label2\" content=\"Tiempo de lectura\" \/>\n\t<meta name=\"twitter:data2\" content=\"4 minutos\" \/>\n<script type=\"application\/ld+json\" class=\"yoast-schema-graph\">{\"@context\":\"https:\\\/\\\/schema.org\",\"@graph\":[{\"@type\":\"Article\",\"@id\":\"https:\\\/\\\/www.maapprogram.org\\\/es\\\/nueva_carretera_manu\\\/#article\",\"isPartOf\":{\"@id\":\"https:\\\/\\\/www.maapprogram.org\\\/es\\\/nueva_carretera_manu\\\/\"},\"author\":{\"name\":\"dcadmin\",\"@id\":\"https:\\\/\\\/www.maapprogram.org\\\/es\\\/#\\\/schema\\\/person\\\/433e90c8debccfe16357e05627bbd443\"},\"headline\":\"MAAP #29: Construcci\u00f3n de una Nueva Carretera entre Parque Nacional Manu y Reserva Comunal Amarakaeri (Madre de Dios)\",\"datePublished\":\"2016-04-01T15:01:00+00:00\",\"dateModified\":\"2024-09-24T20:55:01+00:00\",\"mainEntityOfPage\":{\"@id\":\"https:\\\/\\\/www.maapprogram.org\\\/es\\\/nueva_carretera_manu\\\/\"},\"wordCount\":570,\"commentCount\":0,\"image\":{\"@id\":\"https:\\\/\\\/www.maapprogram.org\\\/es\\\/nueva_carretera_manu\\\/#primaryimage\"},\"thumbnailUrl\":\"https:\\\/\\\/www.maapprogram.org\\\/wp-content\\\/uploads\\\/2016\\\/03\\\/MAAP_Manu_a_m_v7_es.jpg\",\"keywords\":[\"MAAP #29\"],\"articleSection\":[\"Carreteras\"],\"inLanguage\":\"es\",\"potentialAction\":[{\"@type\":\"CommentAction\",\"name\":\"Comment\",\"target\":[\"https:\\\/\\\/www.maapprogram.org\\\/es\\\/nueva_carretera_manu\\\/#respond\"]}]},{\"@type\":\"WebPage\",\"@id\":\"https:\\\/\\\/www.maapprogram.org\\\/es\\\/nueva_carretera_manu\\\/\",\"url\":\"https:\\\/\\\/www.maapprogram.org\\\/es\\\/nueva_carretera_manu\\\/\",\"name\":\"MAAP #29: Construcci\u00f3n de una Nueva Carretera entre Parque Nacional Manu y Reserva Comunal Amarakaeri (Madre de Dios) - MAAP\",\"isPartOf\":{\"@id\":\"https:\\\/\\\/www.maapprogram.org\\\/es\\\/#website\"},\"primaryImageOfPage\":{\"@id\":\"https:\\\/\\\/www.maapprogram.org\\\/es\\\/nueva_carretera_manu\\\/#primaryimage\"},\"image\":{\"@id\":\"https:\\\/\\\/www.maapprogram.org\\\/es\\\/nueva_carretera_manu\\\/#primaryimage\"},\"thumbnailUrl\":\"https:\\\/\\\/www.maapprogram.org\\\/wp-content\\\/uploads\\\/2016\\\/03\\\/MAAP_Manu_a_m_v7_es.jpg\",\"datePublished\":\"2016-04-01T15:01:00+00:00\",\"dateModified\":\"2024-09-24T20:55:01+00:00\",\"author\":{\"@id\":\"https:\\\/\\\/www.maapprogram.org\\\/es\\\/#\\\/schema\\\/person\\\/433e90c8debccfe16357e05627bbd443\"},\"breadcrumb\":{\"@id\":\"https:\\\/\\\/www.maapprogram.org\\\/es\\\/nueva_carretera_manu\\\/#breadcrumb\"},\"inLanguage\":\"es\",\"potentialAction\":[{\"@type\":\"ReadAction\",\"target\":[\"https:\\\/\\\/www.maapprogram.org\\\/es\\\/nueva_carretera_manu\\\/\"]}]},{\"@type\":\"ImageObject\",\"inLanguage\":\"es\",\"@id\":\"https:\\\/\\\/www.maapprogram.org\\\/es\\\/nueva_carretera_manu\\\/#primaryimage\",\"url\":\"https:\\\/\\\/www.maapprogram.org\\\/wp-content\\\/uploads\\\/2016\\\/03\\\/MAAP_Manu_a_m_v7_es.jpg\",\"contentUrl\":\"https:\\\/\\\/www.maapprogram.org\\\/wp-content\\\/uploads\\\/2016\\\/03\\\/MAAP_Manu_a_m_v7_es.jpg\"},{\"@type\":\"BreadcrumbList\",\"@id\":\"https:\\\/\\\/www.maapprogram.org\\\/es\\\/nueva_carretera_manu\\\/#breadcrumb\",\"itemListElement\":[{\"@type\":\"ListItem\",\"position\":1,\"name\":\"Home\",\"item\":\"https:\\\/\\\/www.maapprogram.org\\\/es\\\/\"},{\"@type\":\"ListItem\",\"position\":2,\"name\":\"MAAP #29: Construcci\u00f3n de una Nueva Carretera entre Parque Nacional Manu y Reserva Comunal Amarakaeri (Madre de Dios)\"}]},{\"@type\":\"WebSite\",\"@id\":\"https:\\\/\\\/www.maapprogram.org\\\/es\\\/#website\",\"url\":\"https:\\\/\\\/www.maapprogram.org\\\/es\\\/\",\"name\":\"MAAP\",\"description\":\"\",\"potentialAction\":[{\"@type\":\"SearchAction\",\"target\":{\"@type\":\"EntryPoint\",\"urlTemplate\":\"https:\\\/\\\/www.maapprogram.org\\\/es\\\/?s={search_term_string}\"},\"query-input\":{\"@type\":\"PropertyValueSpecification\",\"valueRequired\":true,\"valueName\":\"search_term_string\"}}],\"inLanguage\":\"es\"},{\"@type\":\"Person\",\"@id\":\"https:\\\/\\\/www.maapprogram.org\\\/es\\\/#\\\/schema\\\/person\\\/433e90c8debccfe16357e05627bbd443\",\"name\":\"dcadmin\",\"image\":{\"@type\":\"ImageObject\",\"inLanguage\":\"es\",\"@id\":\"https:\\\/\\\/secure.gravatar.com\\\/avatar\\\/83c0f4e5f994ae4e4b9ae78b382f373b07a15509b31a24d7d748f76e9925b825?s=96&d=mm&r=g\",\"url\":\"https:\\\/\\\/secure.gravatar.com\\\/avatar\\\/83c0f4e5f994ae4e4b9ae78b382f373b07a15509b31a24d7d748f76e9925b825?s=96&d=mm&r=g\",\"contentUrl\":\"https:\\\/\\\/secure.gravatar.com\\\/avatar\\\/83c0f4e5f994ae4e4b9ae78b382f373b07a15509b31a24d7d748f76e9925b825?s=96&d=mm&r=g\",\"caption\":\"dcadmin\"},\"sameAs\":[\"http:\\\/\\\/www.maapprogram.org\"],\"url\":\"https:\\\/\\\/www.maapprogram.org\\\/es\\\/author\\\/dcadmin\\\/\"}]}<\/script>\n<!-- \/ Yoast SEO plugin. -->","yoast_head_json":{"title":"MAAP #29: Construcci\u00f3n de una Nueva Carretera entre Parque Nacional Manu y Reserva Comunal Amarakaeri (Madre de Dios) - MAAP","robots":{"index":"index","follow":"follow","max-snippet":"max-snippet:-1","max-image-preview":"max-image-preview:large","max-video-preview":"max-video-preview:-1"},"canonical":"https:\/\/www.maapprogram.org\/es\/nueva_carretera_manu\/","og_locale":"es_ES","og_type":"article","og_title":"MAAP #29: Construcci\u00f3n de una Nueva Carretera entre Parque Nacional Manu y Reserva Comunal Amarakaeri (Madre de Dios) - MAAP","og_description":"El presente MAAP describe el\u00a0proyecto de carretera\u00a0Nuevo Ed\u00e9n-Boca Manu-Boca Colorado\u00a0en la regi\u00f3n Madre de Dios.\u00a0El objetivo de este art\u00edculo\u00a0es mostrar\u00a0el avance de la construcci\u00f3n de\u00a0esta carretera y cuantificar la deforestaci\u00f3n\u00a0asociada a la misma, hasta el presente marzo de 2016. Se ha priorizado este an\u00e1lisis debido a que este\u00a0proyecto\u00a0de carretera se encuentra atravesando las zonas de [&hellip;]","og_url":"https:\/\/www.maapprogram.org\/es\/nueva_carretera_manu\/","og_site_name":"MAAP","article_published_time":"2016-04-01T15:01:00+00:00","article_modified_time":"2024-09-24T20:55:01+00:00","og_image":[{"url":"https:\/\/www.maapprogram.org\/wp-content\/uploads\/2016\/03\/MAAP_Manu_a_m_v7_es.jpg","type":"","width":"","height":""}],"author":"dcadmin","twitter_card":"summary_large_image","twitter_misc":{"Escrito por":"dcadmin","Tiempo de lectura":"4 minutos"},"schema":{"@context":"https:\/\/schema.org","@graph":[{"@type":"Article","@id":"https:\/\/www.maapprogram.org\/es\/nueva_carretera_manu\/#article","isPartOf":{"@id":"https:\/\/www.maapprogram.org\/es\/nueva_carretera_manu\/"},"author":{"name":"dcadmin","@id":"https:\/\/www.maapprogram.org\/es\/#\/schema\/person\/433e90c8debccfe16357e05627bbd443"},"headline":"MAAP #29: Construcci\u00f3n de una Nueva Carretera entre Parque Nacional Manu y Reserva Comunal Amarakaeri (Madre de Dios)","datePublished":"2016-04-01T15:01:00+00:00","dateModified":"2024-09-24T20:55:01+00:00","mainEntityOfPage":{"@id":"https:\/\/www.maapprogram.org\/es\/nueva_carretera_manu\/"},"wordCount":570,"commentCount":0,"image":{"@id":"https:\/\/www.maapprogram.org\/es\/nueva_carretera_manu\/#primaryimage"},"thumbnailUrl":"https:\/\/www.maapprogram.org\/wp-content\/uploads\/2016\/03\/MAAP_Manu_a_m_v7_es.jpg","keywords":["MAAP #29"],"articleSection":["Carreteras"],"inLanguage":"es","potentialAction":[{"@type":"CommentAction","name":"Comment","target":["https:\/\/www.maapprogram.org\/es\/nueva_carretera_manu\/#respond"]}]},{"@type":"WebPage","@id":"https:\/\/www.maapprogram.org\/es\/nueva_carretera_manu\/","url":"https:\/\/www.maapprogram.org\/es\/nueva_carretera_manu\/","name":"MAAP #29: Construcci\u00f3n de una Nueva Carretera entre Parque Nacional Manu y Reserva Comunal Amarakaeri (Madre de Dios) - MAAP","isPartOf":{"@id":"https:\/\/www.maapprogram.org\/es\/#website"},"primaryImageOfPage":{"@id":"https:\/\/www.maapprogram.org\/es\/nueva_carretera_manu\/#primaryimage"},"image":{"@id":"https:\/\/www.maapprogram.org\/es\/nueva_carretera_manu\/#primaryimage"},"thumbnailUrl":"https:\/\/www.maapprogram.org\/wp-content\/uploads\/2016\/03\/MAAP_Manu_a_m_v7_es.jpg","datePublished":"2016-04-01T15:01:00+00:00","dateModified":"2024-09-24T20:55:01+00:00","author":{"@id":"https:\/\/www.maapprogram.org\/es\/#\/schema\/person\/433e90c8debccfe16357e05627bbd443"},"breadcrumb":{"@id":"https:\/\/www.maapprogram.org\/es\/nueva_carretera_manu\/#breadcrumb"},"inLanguage":"es","potentialAction":[{"@type":"ReadAction","target":["https:\/\/www.maapprogram.org\/es\/nueva_carretera_manu\/"]}]},{"@type":"ImageObject","inLanguage":"es","@id":"https:\/\/www.maapprogram.org\/es\/nueva_carretera_manu\/#primaryimage","url":"https:\/\/www.maapprogram.org\/wp-content\/uploads\/2016\/03\/MAAP_Manu_a_m_v7_es.jpg","contentUrl":"https:\/\/www.maapprogram.org\/wp-content\/uploads\/2016\/03\/MAAP_Manu_a_m_v7_es.jpg"},{"@type":"BreadcrumbList","@id":"https:\/\/www.maapprogram.org\/es\/nueva_carretera_manu\/#breadcrumb","itemListElement":[{"@type":"ListItem","position":1,"name":"Home","item":"https:\/\/www.maapprogram.org\/es\/"},{"@type":"ListItem","position":2,"name":"MAAP #29: Construcci\u00f3n de una Nueva Carretera entre Parque Nacional Manu y Reserva Comunal Amarakaeri (Madre de Dios)"}]},{"@type":"WebSite","@id":"https:\/\/www.maapprogram.org\/es\/#website","url":"https:\/\/www.maapprogram.org\/es\/","name":"MAAP","description":"","potentialAction":[{"@type":"SearchAction","target":{"@type":"EntryPoint","urlTemplate":"https:\/\/www.maapprogram.org\/es\/?s={search_term_string}"},"query-input":{"@type":"PropertyValueSpecification","valueRequired":true,"valueName":"search_term_string"}}],"inLanguage":"es"},{"@type":"Person","@id":"https:\/\/www.maapprogram.org\/es\/#\/schema\/person\/433e90c8debccfe16357e05627bbd443","name":"dcadmin","image":{"@type":"ImageObject","inLanguage":"es","@id":"https:\/\/secure.gravatar.com\/avatar\/83c0f4e5f994ae4e4b9ae78b382f373b07a15509b31a24d7d748f76e9925b825?s=96&d=mm&r=g","url":"https:\/\/secure.gravatar.com\/avatar\/83c0f4e5f994ae4e4b9ae78b382f373b07a15509b31a24d7d748f76e9925b825?s=96&d=mm&r=g","contentUrl":"https:\/\/secure.gravatar.com\/avatar\/83c0f4e5f994ae4e4b9ae78b382f373b07a15509b31a24d7d748f76e9925b825?s=96&d=mm&r=g","caption":"dcadmin"},"sameAs":["http:\/\/www.maapprogram.org"],"url":"https:\/\/www.maapprogram.org\/es\/author\/dcadmin\/"}]}},"_links":{"self":[{"href":"https:\/\/www.maapprogram.org\/es\/wp-json\/wp\/v2\/posts\/21179","targetHints":{"allow":["GET"]}}],"collection":[{"href":"https:\/\/www.maapprogram.org\/es\/wp-json\/wp\/v2\/posts"}],"about":[{"href":"https:\/\/www.maapprogram.org\/es\/wp-json\/wp\/v2\/types\/post"}],"author":[{"embeddable":true,"href":"https:\/\/www.maapprogram.org\/es\/wp-json\/wp\/v2\/users\/1"}],"replies":[{"embeddable":true,"href":"https:\/\/www.maapprogram.org\/es\/wp-json\/wp\/v2\/comments?post=21179"}],"version-history":[{"count":1,"href":"https:\/\/www.maapprogram.org\/es\/wp-json\/wp\/v2\/posts\/21179\/revisions"}],"predecessor-version":[{"id":23166,"href":"https:\/\/www.maapprogram.org\/es\/wp-json\/wp\/v2\/posts\/21179\/revisions\/23166"}],"wp:attachment":[{"href":"https:\/\/www.maapprogram.org\/es\/wp-json\/wp\/v2\/media?parent=21179"}],"wp:term":[{"taxonomy":"category","embeddable":true,"href":"https:\/\/www.maapprogram.org\/es\/wp-json\/wp\/v2\/categories?post=21179"},{"taxonomy":"post_tag","embeddable":true,"href":"https:\/\/www.maapprogram.org\/es\/wp-json\/wp\/v2\/tags?post=21179"},{"taxonomy":"ftr_agriculture","embeddable":true,"href":"https:\/\/www.maapprogram.org\/es\/wp-json\/wp\/v2\/ftr_agriculture?post=21179"},{"taxonomy":"carbon-and-climate-change","embeddable":true,"href":"https:\/\/www.maapprogram.org\/es\/wp-json\/wp\/v2\/carbon-and-climate-change?post=21179"},{"taxonomy":"ftr_country","embeddable":true,"href":"https:\/\/www.maapprogram.org\/es\/wp-json\/wp\/v2\/ftr_country?post=21179"},{"taxonomy":"fire","embeddable":true,"href":"https:\/\/www.maapprogram.org\/es\/wp-json\/wp\/v2\/fire?post=21179"},{"taxonomy":"infrastructure-threat","embeddable":true,"href":"https:\/\/www.maapprogram.org\/es\/wp-json\/wp\/v2\/infrastructure-threat?post=21179"},{"taxonomy":"land-use","embeddable":true,"href":"https:\/\/www.maapprogram.org\/es\/wp-json\/wp\/v2\/land-use?post=21179"},{"taxonomy":"mining-and-logging-threat","embeddable":true,"href":"https:\/\/www.maapprogram.org\/es\/wp-json\/wp\/v2\/mining-and-logging-threat?post=21179"},{"taxonomy":"natural-forest-loss","embeddable":true,"href":"https:\/\/www.maapprogram.org\/es\/wp-json\/wp\/v2\/natural-forest-loss?post=21179"},{"taxonomy":"special-analysis","embeddable":true,"href":"https:\/\/www.maapprogram.org\/es\/wp-json\/wp\/v2\/special-analysis?post=21179"}],"curies":[{"name":"wp","href":"https:\/\/api.w.org\/{rel}","templated":true}]}}