{"id":21181,"date":"2016-08-15T15:11:00","date_gmt":"2016-08-15T15:11:00","guid":{"rendered":"https:\/\/www.maapprogram.org\/alertas-tempranas\/"},"modified":"2024-09-24T20:58:50","modified_gmt":"2024-09-24T20:58:50","slug":"alertas-tempranas","status":"publish","type":"post","link":"https:\/\/www.maapprogram.org\/es\/alertas-tempranas\/","title":{"rendered":"MAAP #40: Alertas Tempranas de Deforestaci\u00f3n en la Amazonia Peruana"},"content":{"rendered":"<p>Las nuevas <strong>alertas GLAD<\/strong> son una herramienta poderosa para monitorear la p\u00e9rdida de bosques en la Amazonia peruana en tiempo casi real.\u00a0Este sistema de alerta temprana fue presentado por el <a href=\"http:\/\/www.glad.umd.edu\/\">laboratorio GLAD<\/a>\u00a0de la Universidad de Maryland en marzo del 2016, el cual se basa en la identificaci\u00f3n de \u00e1reas de p\u00e9rdida de bosque que se obtienen analizando \u00a0im\u00e1genes satelitales Landsat \u00a0(30 metros de resoluci\u00f3n) semanalmente. Se puede acceder a las alertas a\u00a0trav\u00e9s del portal de <a href=\"http:\/\/www.globalforestwatch.org\/map\/5\/-9.31\/-75.01\/PER\/grayscale\/umd_as_it_happens?tab=analysis-tab&amp;begin=2015-01-01&amp;end=2016-06-09\">Global Forest Watch<\/a>\u00a0(Imagen 40a, panel izquierdo) y de la plataforma <a href=\"http:\/\/geobosques.minam.gob.pe:81\/geobosque\/visor\/index.php\">GEO BOSQUES<\/a>\u00a0(Imagen 40a, panel derecho) del Programa Nacional de Conservaci\u00f3n de Bosques para la Mitigaci\u00f3n del Cambio Clim\u00e1tico\u00a0del Ministerio del Ambiente.<\/p>\n<div id=\"attachment_4922\" class=\"thumbnail aligncenter\"><a href=\"https:\/\/www.maapprogram.org\/wp-content\/uploads\/2016\/08\/GWF_GB_1m_v3.jpg\"><img decoding=\"async\" class=\"wp-image-4922 size-full\" src=\"https:\/\/www.maapprogram.org\/wp-content\/uploads\/2016\/08\/GWF_GB_1m_v3.jpg\" alt=\"GWF_GB_1m_v3\" width=\"2880\" height=\"720\" \/><\/a><div class=\"caption\">Imagen 40a. Datos: UMD\/GLAD, WRI\/GFW, PNCB\/MINAM<\/div><\/div>\n<p>En<strong>\u00a0MAAP<\/strong>\u00a0combinamos estas alertas con un an\u00e1lisis de im\u00e1genes satelitales de alta resoluci\u00f3n para entender mejor los patrones y drivers de deforestaci\u00f3n. En el presente art\u00edculo, analizamos<span style=\"line-height: 1.5;\">\u00a0<strong>3 ejemplos<\/strong>\u00a0de alertas en diferentes regiones de la Amazon\u00eda peruana:<\/span><\/p>\n<p><strong>Ejemplo 1: <\/strong><strong>Carreteras Forestales en Ucayali<br \/>\n<\/strong><strong>Ejemplo 2: Concesiones de Ecoturismo en Madre de Dios<br \/>\n<\/strong><strong>Ejemplo 3: <\/strong><strong>Zona de Amortiguamiento del Parque Nacional Cordillera Azul (Loreto)<\/strong><\/p>\n<div class=\"fitem-sep\"><\/div>\n<h3><strong>Ejemplo 1: Carreteras Forestales en Ucayali<\/strong><\/h3>\n<p>En el anterior <a href=\"https:\/\/www.maapprogram.org\/2015\/maap18-carreteras-forestales\/\">MAAP #18<\/a>, documentamos la proliferaci\u00f3n de<strong> carreteras forestales<\/strong> en la Amazon\u00eda peruana\u00a0central en el 2015.\u00a0En las \u00faltimas semanas, hemos visto el avance de la construcci\u00f3n de nuevas v\u00edas forestales en el 2016. La\u00a0<strong>Imagen 40b <\/strong>muestra el avance de dos carreteras forestales\u00a0en la cuenca del r\u00edo Tamaya (regi\u00f3n Ucayali). El color rojo indica la construcci\u00f3n de estas v\u00edas en el 2016 (35.8 km). Los <strong>Cuadros\u00a0A y B<\/strong> indican las \u00e1reas mostradas en los zooms de alta-resoluci\u00f3n abajo.<\/p>\n<div id=\"attachment_4888\" class=\"thumbnail aligncenter\"><a href=\"https:\/\/www.maapprogram.org\/wp-content\/uploads\/2016\/08\/MAAP_Tamaya_roads_a_v4.jpg\"><img decoding=\"async\" class=\"wp-image-4888\" src=\"https:\/\/www.maapprogram.org\/wp-content\/uploads\/2016\/08\/MAAP_Tamaya_roads_a_v4.jpg\" alt=\"Imagen 41b. Datos: UMD\/GLAD, Hansen\/UMD\/Google\/USGS\/NASA, MINAGRI\" width=\"865\" height=\"526\" \/><\/a><div class=\"caption\">Imagen 40b. Datos: UMD\/GLAD, Hansen\/UMD\/Google\/USGS\/NASA, MINAGRI<\/div><\/div>\n<p>Las siguientes im\u00e1genes muestran, en alta resoluci\u00f3n, la <strong>rapidez de la construcci\u00f3n de las carreteras forestales<\/strong>. La <strong>Imagen 40c<\/strong> muestra la construcci\u00f3n de 16.1 km entre mayo (panel izquierdo) y julio (panel derecho) del 2016 del \u00e1rea indicado por el <strong>Cuadro A<\/strong>. La <strong>Imagen 40d<\/strong> muestra la construcci\u00f3n de 19.7 km entre junio (panel izquierdo) y julio (panel derecho) de 2016 del \u00e1rea indicada por el <strong>Cuadro B<\/strong>.<\/p>\n<div id=\"attachment_4881\" class=\"thumbnail aligncenter\"><a href=\"https:\/\/www.maapprogram.org\/wp-content\/uploads\/2016\/08\/MAAP_Tamaya_roads_b_m_v1.jpg\"><img decoding=\"async\" class=\"size-full wp-image-4881\" src=\"https:\/\/www.maapprogram.org\/wp-content\/uploads\/2016\/08\/MAAP_Tamaya_roads_b_m_v1.jpg\" alt=\"Imagen 41c. Datos: Planet\" width=\"1195\" height=\"719\" \/><\/a><div class=\"caption\">Imagen 40c. Datos: Planet<\/div><\/div>\n<div id=\"attachment_4882\" class=\"thumbnail aligncenter\"><a href=\"https:\/\/www.maapprogram.org\/wp-content\/uploads\/2016\/08\/MAAP_Tamaya_roads_c_m_v1.jpg\"><img decoding=\"async\" class=\"size-full wp-image-4882\" src=\"https:\/\/www.maapprogram.org\/wp-content\/uploads\/2016\/08\/MAAP_Tamaya_roads_c_m_v1.jpg\" alt=\"Imagen 41d. Datos: Planet\" width=\"1195\" height=\"711\" \/><\/a><div class=\"caption\">Imagen 40d. Datos: Planet<\/div><\/div>\n<div class=\"fitem-sep\"><\/div>\n<h3><strong>Ejemplo 2: Concesiones de Ecoturismo en Madre de Dios<\/strong><\/h3>\n<p>La <strong>Imagen 40e<\/strong> muestra la deforestaci\u00f3n reciente al interior de dos\u00a0<strong>concesiones de ecoturismo<\/strong> a lo largo del <strong>r\u00edo Las Piedras<\/strong> en la regi\u00f3n Madre de Dios. En esta Imagen, el color rojo indica las alertas GLAD del 2016 (67.3 hect\u00e1reas). N\u00f3tese que la Concesi\u00f3n de Ecoturismo Las Piedras Amazon Centre (LPAC) representa una barrera eficaz contra la deforestaci\u00f3n que ocurre en las concesiones circundantes. Seg\u00fan fuentes locales, las causas principales de la deforestaci\u00f3n en la zona\u00a0estar\u00eda asociada a la instalaci\u00f3n de plantaciones de cacao y pastos para ganado (ver\u00a0<a href=\"https:\/\/www.maapprogram.org\/2016\/las_piedras\/\">MAAP #23<\/a>). El\u00a0<strong>Cuadro A<\/strong>\u00a0indica el \u00e1rea mostrada en el zoom de alta-resoluci\u00f3n abajo.<\/p>\n<div id=\"attachment_4883\" class=\"thumbnail aligncenter\"><a href=\"https:\/\/www.maapprogram.org\/wp-content\/uploads\/2016\/08\/LasPiedras_glad_1_v3.jpg\"><img decoding=\"async\" class=\"wp-image-4883\" src=\"https:\/\/www.maapprogram.org\/wp-content\/uploads\/2016\/08\/LasPiedras_glad_1_v3.jpg\" alt=\"Imagen 41e. Datos:\" width=\"868\" height=\"556\" \/><\/a><div class=\"caption\">Imagen 40e. Datos: UMD\/GLAD, Hansen\/UMD\/Google\/USGS\/NASA, MINAGRI<\/div><\/div>\n<p>La <strong>Imagen 40f<\/strong> muestra im\u00e1genes de alta resoluci\u00f3n del \u00e1rea indicada por el Cuadro A entre abril (panel izquierdo) y julio (panel derecho) del 2016. Los c\u00edrculos amarillos indican las zonas de deforestaci\u00f3n entre estas fechas.<\/p>\n<div id=\"attachment_4884\" class=\"thumbnail aligncenter\"><a href=\"https:\/\/www.maapprogram.org\/wp-content\/uploads\/2016\/08\/LasPiedras_glad_2_m_v1.jpg\"><img decoding=\"async\" class=\"size-full wp-image-4884\" src=\"https:\/\/www.maapprogram.org\/wp-content\/uploads\/2016\/08\/LasPiedras_glad_2_m_v1.jpg\" alt=\"Imagen 41f. Datos: Planet, DigitalGlobe (Nextview)\" width=\"1911\" height=\"715\" \/><\/a><div class=\"caption\">Imagen 40f. Datos: Planet, DigitalGlobe (Nextview)<\/div><\/div>\n<div class=\"fitem-sep\"><\/div>\n<h3><strong>Ejemplo 3: Zona de Amortiguamiento del Parque Nacional Cordillera Azul (Loreto)<\/strong><\/h3>\n<p>La<strong> Imagen 40g <\/strong>muestra la deforestaci\u00f3n reciente al interior del sector oeste de la Zona de Amortiguamiento del Parque Nacional Cordillera Azul en la regi\u00f3n Loreto. El color rojo indica las alertas GLAD del 2016 (87.3 hect\u00e1reas). Cabe enfatizar que tambi\u00e9n esta \u00e1rea es clasificada como Bosque de Protecci\u00f3n Permanente (BPP), no como una zona agraria.\u00a0El\u00a0<strong>Cuadro A<\/strong>\u00a0indica el \u00e1rea mostrada en el zoom de alta-resoluci\u00f3n abajo.<\/p>\n<div id=\"attachment_4923\" class=\"thumbnail aligncenter\"><a href=\"https:\/\/www.maapprogram.org\/wp-content\/uploads\/2016\/08\/ZAPNCA_1_v3.jpg\"><img decoding=\"async\" class=\"wp-image-4923\" src=\"https:\/\/www.maapprogram.org\/wp-content\/uploads\/2016\/08\/ZAPNCA_1_v3.jpg\" alt=\"Imagen 40g. Datos: SERNANP, Landsat, UMD\/GLAD, Hansen\/UMD\/Google\/USGS\/NASA\" width=\"832\" height=\"651\" \/><\/a><div class=\"caption\">Imagen 40g. Datos: SERNANP, Landsat, UMD\/GLAD, Hansen\/UMD\/Google\/USGS\/NASA<\/div><\/div>\n<p>La <strong>Imagen 40h<\/strong> muestra im\u00e1genes de alta resoluci\u00f3n del \u00e1rea indicada por el Cuadro A entre septiembre de 2015 (panel izquierdo) y julio del 2016 (panel derecho). Los c\u00edrculos amarillos indican las zonas deforestadas entre estas fechas.\u00a0Seg\u00fan lo que se aprecia en las im\u00e1genes de alta resoluci\u00f3n, la causa de la deforestaci\u00f3n es para el establecimiento de parcelas agr\u00edcolas.<\/p>\n<div id=\"attachment_4885\" class=\"thumbnail aligncenter\"><a href=\"https:\/\/www.maapprogram.org\/wp-content\/uploads\/2016\/08\/ZAPNCA_2m_v4.jpg\"><img decoding=\"async\" class=\"size-full wp-image-4885\" src=\"https:\/\/www.maapprogram.org\/wp-content\/uploads\/2016\/08\/ZAPNCA_2m_v4.jpg\" alt=\"Imagen 41h. Datos: RapidEye\/Planet, Digital Globe (Nextview) \" width=\"2485\" height=\"704\" \/><\/a><div class=\"caption\">Imagen 40h. Datos: RapidEye\/Planet, Digital Globe (Nextview)<\/div><\/div>\n<div class=\"fitem-sep\"><\/div>\n<h3><strong>Cita<\/strong><\/h3>\n<p>Finer M, Novoa S, Goldthwait E (2016) Alertas Tempranas de Deforestaci\u00f3n en la Amazonia Peruana. MAAP: 40.<\/p>\n<div class=\"fitem-sep\"><\/div>\n","protected":false},"excerpt":{"rendered":"<p>Las nuevas alertas GLAD son una herramienta poderosa para monitorear la p\u00e9rdida de bosques en la Amazonia peruana en tiempo casi real.\u00a0Este sistema de alerta temprana fue presentado por el laboratorio GLAD\u00a0de la Universidad de Maryland en marzo del 2016, el cual se basa en la identificaci\u00f3n de \u00e1reas de p\u00e9rdida de bosque que se [&hellip;]<\/p>\n","protected":false},"author":1,"featured_media":0,"comment_status":"open","ping_status":"open","sticky":false,"template":"","format":"standard","meta":{"_acf_changed":false,"footnotes":""},"categories":[2],"tags":[93],"ftr_agriculture":[355,357],"carbon-and-climate-change":[],"ftr_country":[483],"fire":[],"infrastructure-threat":[427],"land-use":[],"mining-and-logging-threat":[],"natural-forest-loss":[],"special-analysis":[],"class_list":["post-21181","post","type-post","status-publish","format-standard","hentry","category-sin-categorizar","tag-maap-40","ftr_agriculture-cacao-es","ftr_agriculture-pasto-para-ganado","ftr_country-peru-2","infrastructure-threat-carreteras"],"acf":[],"yoast_head":"<!-- This site is optimized with the Yoast SEO plugin v27.3 - https:\/\/yoast.com\/product\/yoast-seo-wordpress\/ -->\n<title>MAAP #40: Alertas Tempranas de Deforestaci\u00f3n en la Amazonia Peruana - MAAP<\/title>\n<meta name=\"robots\" content=\"index, follow, max-snippet:-1, max-image-preview:large, max-video-preview:-1\" \/>\n<link rel=\"canonical\" href=\"https:\/\/www.maapprogram.org\/es\/alertas-tempranas\/\" \/>\n<meta property=\"og:locale\" content=\"es_ES\" \/>\n<meta property=\"og:type\" content=\"article\" \/>\n<meta property=\"og:title\" content=\"MAAP #40: Alertas Tempranas de Deforestaci\u00f3n en la Amazonia Peruana - MAAP\" \/>\n<meta property=\"og:description\" content=\"Las nuevas alertas GLAD son una herramienta poderosa para monitorear la p\u00e9rdida de bosques en la Amazonia peruana en tiempo casi real.\u00a0Este sistema de alerta temprana fue presentado por el laboratorio GLAD\u00a0de la Universidad de Maryland en marzo del 2016, el cual se basa en la identificaci\u00f3n de \u00e1reas de p\u00e9rdida de bosque que se [&hellip;]\" \/>\n<meta property=\"og:url\" content=\"https:\/\/www.maapprogram.org\/es\/alertas-tempranas\/\" \/>\n<meta property=\"og:site_name\" content=\"MAAP\" \/>\n<meta property=\"article:published_time\" content=\"2016-08-15T15:11:00+00:00\" \/>\n<meta property=\"article:modified_time\" content=\"2024-09-24T20:58:50+00:00\" \/>\n<meta property=\"og:image\" content=\"https:\/\/www.maapprogram.org\/wp-content\/uploads\/2016\/08\/GWF_GB_1m_v3.jpg\" \/>\n<meta name=\"author\" content=\"dcadmin\" \/>\n<meta name=\"twitter:card\" content=\"summary_large_image\" \/>\n<meta name=\"twitter:label1\" content=\"Escrito por\" \/>\n\t<meta name=\"twitter:data1\" content=\"dcadmin\" \/>\n\t<meta name=\"twitter:label2\" content=\"Tiempo de lectura\" \/>\n\t<meta name=\"twitter:data2\" content=\"5 minutos\" \/>\n<script type=\"application\/ld+json\" class=\"yoast-schema-graph\">{\"@context\":\"https:\\\/\\\/schema.org\",\"@graph\":[{\"@type\":\"Article\",\"@id\":\"https:\\\/\\\/www.maapprogram.org\\\/es\\\/alertas-tempranas\\\/#article\",\"isPartOf\":{\"@id\":\"https:\\\/\\\/www.maapprogram.org\\\/es\\\/alertas-tempranas\\\/\"},\"author\":{\"name\":\"dcadmin\",\"@id\":\"https:\\\/\\\/www.maapprogram.org\\\/es\\\/#\\\/schema\\\/person\\\/433e90c8debccfe16357e05627bbd443\"},\"headline\":\"MAAP #40: Alertas Tempranas de Deforestaci\u00f3n en la Amazonia Peruana\",\"datePublished\":\"2016-08-15T15:11:00+00:00\",\"dateModified\":\"2024-09-24T20:58:50+00:00\",\"mainEntityOfPage\":{\"@id\":\"https:\\\/\\\/www.maapprogram.org\\\/es\\\/alertas-tempranas\\\/\"},\"wordCount\":812,\"commentCount\":0,\"image\":{\"@id\":\"https:\\\/\\\/www.maapprogram.org\\\/es\\\/alertas-tempranas\\\/#primaryimage\"},\"thumbnailUrl\":\"https:\\\/\\\/www.maapprogram.org\\\/wp-content\\\/uploads\\\/2016\\\/08\\\/GWF_GB_1m_v3.jpg\",\"keywords\":[\"MAAP #40\"],\"articleSection\":[\"Sin categorizar\"],\"inLanguage\":\"es\",\"potentialAction\":[{\"@type\":\"CommentAction\",\"name\":\"Comment\",\"target\":[\"https:\\\/\\\/www.maapprogram.org\\\/es\\\/alertas-tempranas\\\/#respond\"]}]},{\"@type\":\"WebPage\",\"@id\":\"https:\\\/\\\/www.maapprogram.org\\\/es\\\/alertas-tempranas\\\/\",\"url\":\"https:\\\/\\\/www.maapprogram.org\\\/es\\\/alertas-tempranas\\\/\",\"name\":\"MAAP #40: Alertas Tempranas de Deforestaci\u00f3n en la Amazonia Peruana - MAAP\",\"isPartOf\":{\"@id\":\"https:\\\/\\\/www.maapprogram.org\\\/es\\\/#website\"},\"primaryImageOfPage\":{\"@id\":\"https:\\\/\\\/www.maapprogram.org\\\/es\\\/alertas-tempranas\\\/#primaryimage\"},\"image\":{\"@id\":\"https:\\\/\\\/www.maapprogram.org\\\/es\\\/alertas-tempranas\\\/#primaryimage\"},\"thumbnailUrl\":\"https:\\\/\\\/www.maapprogram.org\\\/wp-content\\\/uploads\\\/2016\\\/08\\\/GWF_GB_1m_v3.jpg\",\"datePublished\":\"2016-08-15T15:11:00+00:00\",\"dateModified\":\"2024-09-24T20:58:50+00:00\",\"author\":{\"@id\":\"https:\\\/\\\/www.maapprogram.org\\\/es\\\/#\\\/schema\\\/person\\\/433e90c8debccfe16357e05627bbd443\"},\"breadcrumb\":{\"@id\":\"https:\\\/\\\/www.maapprogram.org\\\/es\\\/alertas-tempranas\\\/#breadcrumb\"},\"inLanguage\":\"es\",\"potentialAction\":[{\"@type\":\"ReadAction\",\"target\":[\"https:\\\/\\\/www.maapprogram.org\\\/es\\\/alertas-tempranas\\\/\"]}]},{\"@type\":\"ImageObject\",\"inLanguage\":\"es\",\"@id\":\"https:\\\/\\\/www.maapprogram.org\\\/es\\\/alertas-tempranas\\\/#primaryimage\",\"url\":\"https:\\\/\\\/www.maapprogram.org\\\/wp-content\\\/uploads\\\/2016\\\/08\\\/GWF_GB_1m_v3.jpg\",\"contentUrl\":\"https:\\\/\\\/www.maapprogram.org\\\/wp-content\\\/uploads\\\/2016\\\/08\\\/GWF_GB_1m_v3.jpg\"},{\"@type\":\"BreadcrumbList\",\"@id\":\"https:\\\/\\\/www.maapprogram.org\\\/es\\\/alertas-tempranas\\\/#breadcrumb\",\"itemListElement\":[{\"@type\":\"ListItem\",\"position\":1,\"name\":\"Home\",\"item\":\"https:\\\/\\\/www.maapprogram.org\\\/es\\\/\"},{\"@type\":\"ListItem\",\"position\":2,\"name\":\"MAAP #40: Alertas Tempranas de Deforestaci\u00f3n en la Amazonia Peruana\"}]},{\"@type\":\"WebSite\",\"@id\":\"https:\\\/\\\/www.maapprogram.org\\\/es\\\/#website\",\"url\":\"https:\\\/\\\/www.maapprogram.org\\\/es\\\/\",\"name\":\"MAAP\",\"description\":\"\",\"potentialAction\":[{\"@type\":\"SearchAction\",\"target\":{\"@type\":\"EntryPoint\",\"urlTemplate\":\"https:\\\/\\\/www.maapprogram.org\\\/es\\\/?s={search_term_string}\"},\"query-input\":{\"@type\":\"PropertyValueSpecification\",\"valueRequired\":true,\"valueName\":\"search_term_string\"}}],\"inLanguage\":\"es\"},{\"@type\":\"Person\",\"@id\":\"https:\\\/\\\/www.maapprogram.org\\\/es\\\/#\\\/schema\\\/person\\\/433e90c8debccfe16357e05627bbd443\",\"name\":\"dcadmin\",\"image\":{\"@type\":\"ImageObject\",\"inLanguage\":\"es\",\"@id\":\"https:\\\/\\\/secure.gravatar.com\\\/avatar\\\/83c0f4e5f994ae4e4b9ae78b382f373b07a15509b31a24d7d748f76e9925b825?s=96&d=mm&r=g\",\"url\":\"https:\\\/\\\/secure.gravatar.com\\\/avatar\\\/83c0f4e5f994ae4e4b9ae78b382f373b07a15509b31a24d7d748f76e9925b825?s=96&d=mm&r=g\",\"contentUrl\":\"https:\\\/\\\/secure.gravatar.com\\\/avatar\\\/83c0f4e5f994ae4e4b9ae78b382f373b07a15509b31a24d7d748f76e9925b825?s=96&d=mm&r=g\",\"caption\":\"dcadmin\"},\"sameAs\":[\"http:\\\/\\\/www.maapprogram.org\"],\"url\":\"https:\\\/\\\/www.maapprogram.org\\\/es\\\/author\\\/dcadmin\\\/\"}]}<\/script>\n<!-- \/ Yoast SEO plugin. -->","yoast_head_json":{"title":"MAAP #40: Alertas Tempranas de Deforestaci\u00f3n en la Amazonia Peruana - MAAP","robots":{"index":"index","follow":"follow","max-snippet":"max-snippet:-1","max-image-preview":"max-image-preview:large","max-video-preview":"max-video-preview:-1"},"canonical":"https:\/\/www.maapprogram.org\/es\/alertas-tempranas\/","og_locale":"es_ES","og_type":"article","og_title":"MAAP #40: Alertas Tempranas de Deforestaci\u00f3n en la Amazonia Peruana - MAAP","og_description":"Las nuevas alertas GLAD son una herramienta poderosa para monitorear la p\u00e9rdida de bosques en la Amazonia peruana en tiempo casi real.\u00a0Este sistema de alerta temprana fue presentado por el laboratorio GLAD\u00a0de la Universidad de Maryland en marzo del 2016, el cual se basa en la identificaci\u00f3n de \u00e1reas de p\u00e9rdida de bosque que se [&hellip;]","og_url":"https:\/\/www.maapprogram.org\/es\/alertas-tempranas\/","og_site_name":"MAAP","article_published_time":"2016-08-15T15:11:00+00:00","article_modified_time":"2024-09-24T20:58:50+00:00","og_image":[{"url":"https:\/\/www.maapprogram.org\/wp-content\/uploads\/2016\/08\/GWF_GB_1m_v3.jpg","type":"","width":"","height":""}],"author":"dcadmin","twitter_card":"summary_large_image","twitter_misc":{"Escrito por":"dcadmin","Tiempo de lectura":"5 minutos"},"schema":{"@context":"https:\/\/schema.org","@graph":[{"@type":"Article","@id":"https:\/\/www.maapprogram.org\/es\/alertas-tempranas\/#article","isPartOf":{"@id":"https:\/\/www.maapprogram.org\/es\/alertas-tempranas\/"},"author":{"name":"dcadmin","@id":"https:\/\/www.maapprogram.org\/es\/#\/schema\/person\/433e90c8debccfe16357e05627bbd443"},"headline":"MAAP #40: Alertas Tempranas de Deforestaci\u00f3n en la Amazonia Peruana","datePublished":"2016-08-15T15:11:00+00:00","dateModified":"2024-09-24T20:58:50+00:00","mainEntityOfPage":{"@id":"https:\/\/www.maapprogram.org\/es\/alertas-tempranas\/"},"wordCount":812,"commentCount":0,"image":{"@id":"https:\/\/www.maapprogram.org\/es\/alertas-tempranas\/#primaryimage"},"thumbnailUrl":"https:\/\/www.maapprogram.org\/wp-content\/uploads\/2016\/08\/GWF_GB_1m_v3.jpg","keywords":["MAAP #40"],"articleSection":["Sin categorizar"],"inLanguage":"es","potentialAction":[{"@type":"CommentAction","name":"Comment","target":["https:\/\/www.maapprogram.org\/es\/alertas-tempranas\/#respond"]}]},{"@type":"WebPage","@id":"https:\/\/www.maapprogram.org\/es\/alertas-tempranas\/","url":"https:\/\/www.maapprogram.org\/es\/alertas-tempranas\/","name":"MAAP #40: Alertas Tempranas de Deforestaci\u00f3n en la Amazonia Peruana - MAAP","isPartOf":{"@id":"https:\/\/www.maapprogram.org\/es\/#website"},"primaryImageOfPage":{"@id":"https:\/\/www.maapprogram.org\/es\/alertas-tempranas\/#primaryimage"},"image":{"@id":"https:\/\/www.maapprogram.org\/es\/alertas-tempranas\/#primaryimage"},"thumbnailUrl":"https:\/\/www.maapprogram.org\/wp-content\/uploads\/2016\/08\/GWF_GB_1m_v3.jpg","datePublished":"2016-08-15T15:11:00+00:00","dateModified":"2024-09-24T20:58:50+00:00","author":{"@id":"https:\/\/www.maapprogram.org\/es\/#\/schema\/person\/433e90c8debccfe16357e05627bbd443"},"breadcrumb":{"@id":"https:\/\/www.maapprogram.org\/es\/alertas-tempranas\/#breadcrumb"},"inLanguage":"es","potentialAction":[{"@type":"ReadAction","target":["https:\/\/www.maapprogram.org\/es\/alertas-tempranas\/"]}]},{"@type":"ImageObject","inLanguage":"es","@id":"https:\/\/www.maapprogram.org\/es\/alertas-tempranas\/#primaryimage","url":"https:\/\/www.maapprogram.org\/wp-content\/uploads\/2016\/08\/GWF_GB_1m_v3.jpg","contentUrl":"https:\/\/www.maapprogram.org\/wp-content\/uploads\/2016\/08\/GWF_GB_1m_v3.jpg"},{"@type":"BreadcrumbList","@id":"https:\/\/www.maapprogram.org\/es\/alertas-tempranas\/#breadcrumb","itemListElement":[{"@type":"ListItem","position":1,"name":"Home","item":"https:\/\/www.maapprogram.org\/es\/"},{"@type":"ListItem","position":2,"name":"MAAP #40: Alertas Tempranas de Deforestaci\u00f3n en la Amazonia Peruana"}]},{"@type":"WebSite","@id":"https:\/\/www.maapprogram.org\/es\/#website","url":"https:\/\/www.maapprogram.org\/es\/","name":"MAAP","description":"","potentialAction":[{"@type":"SearchAction","target":{"@type":"EntryPoint","urlTemplate":"https:\/\/www.maapprogram.org\/es\/?s={search_term_string}"},"query-input":{"@type":"PropertyValueSpecification","valueRequired":true,"valueName":"search_term_string"}}],"inLanguage":"es"},{"@type":"Person","@id":"https:\/\/www.maapprogram.org\/es\/#\/schema\/person\/433e90c8debccfe16357e05627bbd443","name":"dcadmin","image":{"@type":"ImageObject","inLanguage":"es","@id":"https:\/\/secure.gravatar.com\/avatar\/83c0f4e5f994ae4e4b9ae78b382f373b07a15509b31a24d7d748f76e9925b825?s=96&d=mm&r=g","url":"https:\/\/secure.gravatar.com\/avatar\/83c0f4e5f994ae4e4b9ae78b382f373b07a15509b31a24d7d748f76e9925b825?s=96&d=mm&r=g","contentUrl":"https:\/\/secure.gravatar.com\/avatar\/83c0f4e5f994ae4e4b9ae78b382f373b07a15509b31a24d7d748f76e9925b825?s=96&d=mm&r=g","caption":"dcadmin"},"sameAs":["http:\/\/www.maapprogram.org"],"url":"https:\/\/www.maapprogram.org\/es\/author\/dcadmin\/"}]}},"_links":{"self":[{"href":"https:\/\/www.maapprogram.org\/es\/wp-json\/wp\/v2\/posts\/21181","targetHints":{"allow":["GET"]}}],"collection":[{"href":"https:\/\/www.maapprogram.org\/es\/wp-json\/wp\/v2\/posts"}],"about":[{"href":"https:\/\/www.maapprogram.org\/es\/wp-json\/wp\/v2\/types\/post"}],"author":[{"embeddable":true,"href":"https:\/\/www.maapprogram.org\/es\/wp-json\/wp\/v2\/users\/1"}],"replies":[{"embeddable":true,"href":"https:\/\/www.maapprogram.org\/es\/wp-json\/wp\/v2\/comments?post=21181"}],"version-history":[{"count":1,"href":"https:\/\/www.maapprogram.org\/es\/wp-json\/wp\/v2\/posts\/21181\/revisions"}],"predecessor-version":[{"id":23177,"href":"https:\/\/www.maapprogram.org\/es\/wp-json\/wp\/v2\/posts\/21181\/revisions\/23177"}],"wp:attachment":[{"href":"https:\/\/www.maapprogram.org\/es\/wp-json\/wp\/v2\/media?parent=21181"}],"wp:term":[{"taxonomy":"category","embeddable":true,"href":"https:\/\/www.maapprogram.org\/es\/wp-json\/wp\/v2\/categories?post=21181"},{"taxonomy":"post_tag","embeddable":true,"href":"https:\/\/www.maapprogram.org\/es\/wp-json\/wp\/v2\/tags?post=21181"},{"taxonomy":"ftr_agriculture","embeddable":true,"href":"https:\/\/www.maapprogram.org\/es\/wp-json\/wp\/v2\/ftr_agriculture?post=21181"},{"taxonomy":"carbon-and-climate-change","embeddable":true,"href":"https:\/\/www.maapprogram.org\/es\/wp-json\/wp\/v2\/carbon-and-climate-change?post=21181"},{"taxonomy":"ftr_country","embeddable":true,"href":"https:\/\/www.maapprogram.org\/es\/wp-json\/wp\/v2\/ftr_country?post=21181"},{"taxonomy":"fire","embeddable":true,"href":"https:\/\/www.maapprogram.org\/es\/wp-json\/wp\/v2\/fire?post=21181"},{"taxonomy":"infrastructure-threat","embeddable":true,"href":"https:\/\/www.maapprogram.org\/es\/wp-json\/wp\/v2\/infrastructure-threat?post=21181"},{"taxonomy":"land-use","embeddable":true,"href":"https:\/\/www.maapprogram.org\/es\/wp-json\/wp\/v2\/land-use?post=21181"},{"taxonomy":"mining-and-logging-threat","embeddable":true,"href":"https:\/\/www.maapprogram.org\/es\/wp-json\/wp\/v2\/mining-and-logging-threat?post=21181"},{"taxonomy":"natural-forest-loss","embeddable":true,"href":"https:\/\/www.maapprogram.org\/es\/wp-json\/wp\/v2\/natural-forest-loss?post=21181"},{"taxonomy":"special-analysis","embeddable":true,"href":"https:\/\/www.maapprogram.org\/es\/wp-json\/wp\/v2\/special-analysis?post=21181"}],"curies":[{"name":"wp","href":"https:\/\/api.w.org\/{rel}","templated":true}]}}