{"id":21185,"date":"2016-09-21T14:26:00","date_gmt":"2016-09-21T14:26:00","guid":{"rendered":"https:\/\/www.maapprogram.org\/reserva_el_sira\/"},"modified":"2024-09-24T20:59:53","modified_gmt":"2024-09-24T20:59:53","slug":"reserva_el_sira","status":"publish","type":"post","link":"https:\/\/www.maapprogram.org\/es\/reserva_el_sira\/","title":{"rendered":"MAAP #45: Amenazas a la Reserva Comunal El Sira"},"content":{"rendered":"<div id=\"attachment_5043\" class=\"thumbnail alignleft\"><a href=\"https:\/\/www.maapprogram.org\/wp-content\/uploads\/2016\/07\/ESira_Recovery_o_v2-2.jpg\"><img decoding=\"async\" class=\"wp-image-5043\" src=\"https:\/\/www.maapprogram.org\/wp-content\/uploads\/2016\/07\/ESira_Recovery_o_v2-2-564x800.jpg\" alt=\"Imagen 45a. Datos: ESRI, SERNANP\" width=\"484\" height=\"686\" \/><\/a><div class=\"caption\">Imagen 45a. Datos: ESRI, SERNANP<\/div><\/div>\n<p>La\u00a0<strong>Reserva Comunal El Sira<\/strong>, ubicada en la zona central de la Amazonia peruana (regiones de Pasco, Hu\u00e1nuco y Ucayali),\u00a0tiene como objetivo principal la protecci\u00f3n de la diversidad biol\u00f3gica\u00a0de la cordillera oriental de El Sira para el beneficio de las comunidades nativas en la zona (pueblos Ash\u00e1ninka, Y\u00e1nesha, y Shipibo-Conibo).<\/p>\n<p>El objetivo del presente MAAP es realizar una primera evaluaci\u00f3n de las amenazas presentes en\u00a0esta\u00a0\u00c1rea Protegida de m\u00e1s\u00a0de\u00a0615,000 hect\u00e1reas.<\/p>\n<p>Encontramos que existen amenazas en \u00a0<strong>3\u00a0sectores<\/strong>,\u00a0indicados en los Cuadros A-C de la<strong> Imagen 45a<\/strong>.<\/p>\n<p>Las causas principales de la deforestaci\u00f3n fueron la <strong>actividad agropecuaria<\/strong> (Cuadros A y C) y la <strong>miner\u00eda aur\u00edfera ilegal<\/strong> (Cuadro B). De ambas amenazas, cabe resaltar que la deforestaci\u00f3n por actividades agropecuarias sigue aumentando (<strong>1,600 hect\u00e1reas<\/strong> desde el 2013), mientras que por la miner\u00eda aur\u00edfera, han sido disminuidas debido a las intervenciones del Gobierno peruano.<\/p>\n<p>A continuaci\u00f3n, mostramos <strong>im\u00e1genes de alta resoluci\u00f3n<\/strong> de la deforestaci\u00f3n en los 3 sectores.\u00a0<em>Haga clic en cada imagen para agrandar.<\/em><\/p>\n<div class=\"fitem-sep\"><\/div>\n<h3><strong>Cuadro A: Deforestaci\u00f3n Creciente en el Sector Norte<\/strong><\/h3>\n<div id=\"attachment_5044\" class=\"thumbnail alignleft\"><a href=\"https:\/\/www.maapprogram.org\/wp-content\/uploads\/2016\/07\/ESira_Recovery_A_v3.jpg\"><img decoding=\"async\" class=\"wp-image-5044\" src=\"https:\/\/www.maapprogram.org\/wp-content\/uploads\/2016\/07\/ESira_Recovery_A_v3-700x717.jpg\" alt=\"Imagen 39b. Datos: UMD\/GLAD, Hansen\/UMD\/Google\/USGS\/NASA, USGS\/NASA, SERNANP\" width=\"536\" height=\"549\" \/><\/a><div class=\"caption\">Imagen 45b. Datos: UMD\/GLAD, Hansen\/UMD\/Google\/USGS\/NASA, USGS\/NASA, SERNANP<\/div><\/div>\n<p>La <strong>Imagen 45b\u00a0<\/strong>muestra informaci\u00f3n espacial de la deforestaci\u00f3n creciente\u00a0en el sector norte de la Reserva Comunal El Sira (ver Imagen 45a para contexto).<\/p>\n<p>Durante el 2016, hemos documentado la p\u00e9rdida de <strong>285 hect\u00e1reas<\/strong> de bosque al interior de la reserva comunal hasta\u00a0el momento en 2016. De este total, m\u00e1s del 90% de los casos de deforestaci\u00f3n son de peque\u00f1a escala (\u20395 hect\u00e1reas).<\/p>\n<p>Adicionalmente, entre los a\u00f1os 2013 y 2015, se estim\u00f3 la p\u00e9rdida de <strong>1,320 hect\u00e1reas <\/strong>en el\u00a0interior de la reserva comunal.<\/p>\n<p>La deforestaci\u00f3n total de 1,600 hect\u00e1reas entre el 2013 y el 2016 es equivalente a 2,200 campos de f\u00fatbol.<\/p>\n<p>Basado en un an\u00e1lisis de im\u00e1genes de alta resoluci\u00f3n, se comprueba que la causa principal de la deforestaci\u00f3n son las actividades agropecuarias: pasto para ganado y agricultura.<\/p>\n<p>Cabe enfatizar que esta zona se encuentra pr\u00f3xima a uno de los <em>hotspots<\/em> de deforestaci\u00f3n descritos en el\u00a0<a href=\"https:\/\/www.maapprogram.org\/2016\/huanuco\/\" target=\"_blank\" rel=\"noopener\">MAAP #37<\/a>, donde se encontr\u00f3 que el\u00a0pasto para ganado fue la principal causa de la deforestaci\u00f3n.<\/p>\n<p>Los <strong>Cuadros A1-A3<\/strong>\u00a0indican las \u00e1reas de los zooms de alta resoluci\u00f3n descritos abajo.<\/p>\n<div class=\"fitem-sep\"><\/div>\n<p>Las\u00a0<strong>Im\u00e1genes\u00a045c-45d<\/strong>\u00a0muestran\u00a0ejemplos de deforestaci\u00f3n entre septiembre del 2015 (panel izquierdo) y agosto\/septiembre del 2016 (panel derecho). Los\u00a0<strong>c\u00edrculos rojos<\/strong> indican \u00e1reas\u00a0recientemente deforestadas en el 2016. Los\u00a0<strong>c\u00edrculos amarillos<\/strong> indican \u00e1reas\u00a0deforestadas en el 2015 y posteriormente\u00a0convertidas a pasto en el 2016.<\/p>\n<div id=\"attachment_5046\" class=\"thumbnail aligncenter\"><a href=\"https:\/\/www.maapprogram.org\/wp-content\/uploads\/2016\/07\/ESira_Recovery_A1_m_v2.jpg\"><img decoding=\"async\" class=\"wp-image-5046 size-full\" src=\"https:\/\/www.maapprogram.org\/wp-content\/uploads\/2016\/07\/ESira_Recovery_A1_m_v2.jpg\" alt=\"Imagen 45c. Datos: Digital Globe (Next View)\" width=\"1845\" height=\"713\" \/><\/a><div class=\"caption\">Imagen 45c. Datos: Digital Globe (Next View), Planet<\/div><\/div>\n<div id=\"attachment_5047\" class=\"thumbnail aligncenter\"><a href=\"https:\/\/www.maapprogram.org\/wp-content\/uploads\/2016\/07\/ESira_Recovery_A2_m_v2.jpg\"><img decoding=\"async\" class=\"wp-image-5047 size-full\" src=\"https:\/\/www.maapprogram.org\/wp-content\/uploads\/2016\/07\/ESira_Recovery_A2_m_v2.jpg\" alt=\"Imagen 45d. Datos: Digital Globe (Next View)\" width=\"1848\" height=\"714\" \/><\/a><div class=\"caption\">Imagen 45d. Datos: Digital Globe (Next View), Planet<\/div><\/div>\n<p><div class=\"fitem-sep\"><\/div><br \/>\nLa\u00a0<strong>Imagen\u00a045e<\/strong>\u00a0muestra un ejemplo de deforestaci\u00f3n entre septiembre del 2015 (panel izquierdo) y agosto\/septiembre del 2016 (panel derecho). \u00a0Los\u00a0<strong>c\u00edrculos amarillos<\/strong> indican \u00e1reas\u00a0deforestadas en el 2015 y posteriormente\u00a0convertidas a pasto en el 2016.\u00a0Los <strong>c\u00edrculos celestes<\/strong> indican \u00e1reas deforestadas que han sido recientemente quemadas (n\u00f3tese el humo producto de los incendios, en el panel derecho). El patr\u00f3n de quema anual de estas zonas es propio de \u00e1reas destinadas para pasto.<\/p>\n<div id=\"attachment_5048\" class=\"thumbnail aligncenter\"><a href=\"https:\/\/www.maapprogram.org\/wp-content\/uploads\/2016\/07\/ESira_Recovery_A3_m_v2.jpg\"><img decoding=\"async\" class=\"wp-image-5048 size-full\" src=\"https:\/\/www.maapprogram.org\/wp-content\/uploads\/2016\/07\/ESira_Recovery_A3_m_v2.jpg\" alt=\"ESira_Recovery_A3_m_v2\" width=\"1842\" height=\"714\" \/><\/a><div class=\"caption\">Imagen 45e. Datos: Digital Globe (Next View), Planet<\/div><\/div>\n<div class=\"fitem-sep\"><\/div>\n<h3><strong>Cuadro B: Miner<\/strong><strong>\u00ed<\/strong><strong>a Aur\u00edfera en el R<\/strong><strong>\u00ed<\/strong><strong>o Negro<\/strong><\/h3>\n<div id=\"attachment_5102\" class=\"thumbnail alignleft\"><a href=\"https:\/\/www.maapprogram.org\/wp-content\/uploads\/2016\/09\/ESira_Recovery_B_v4.jpg\"><img decoding=\"async\" class=\"wp-image-5102\" src=\"https:\/\/www.maapprogram.org\/wp-content\/uploads\/2016\/09\/ESira_Recovery_B_v4.jpg\" alt=\"Imagen 45f. Datos: Datos: UMD\/GLAD, Hansen\/UMD\/Google\/USGS\/NASA, USGS\/NASA, SERNANP\" width=\"551\" height=\"548\" \/><\/a><div class=\"caption\">Imagen 45f. Datos: UMD\/GLAD, Hansen\/UMD\/Google\/USGS\/NASA, USGS\/NASA, SERNANP<\/div><\/div>\n<p>La miner\u00eda aur\u00edfera ilegal se encuentra a lo largo de la cuenca alta del r\u00edo Negro (<strong>Imagen 45f<\/strong>),\u00a0ubicado en el sector centro-oeste de la reserva comunal (ver Imagen 45a para contexto).<\/p>\n<p>Durante el <a href=\"http:\/\/www.pcm.gob.pe\/2015\/04\/destruyen-21-campamentos-y-maquinaria-usada-por-mineros-ilegales-en-la-reserva-comunal-el-sira-en-huanuco\/\">2015<\/a> y el\u00a0<a href=\"http:\/\/www.inforegion.pe\/230708\/huanuco-policia-detiene-mineria-ilegal-en-reserva-comunal-el-sira\/\">2016<\/a>, el Gobierno peruano llev\u00f3 a cabo diversos operativos en contra de la miner\u00eda aur\u00edfera ilegal en dicha cuenca.<\/p>\n<p>La <strong>Imagen 45f<\/strong>\u00a0muestra la\u00a0deforestaci\u00f3n reciente\u00a0a lo largo de la cuenca alta del r\u00edo Negro.\u00a0Los\u00a0<strong>Cuadros B1-B3<\/strong>\u00a0indican las \u00e1reas mostrados en alta resoluci\u00f3n abajo.<\/p>\n<div class=\"fitem-sep\"><\/div>\n<div>\n<p>Las<strong>\u00a0Im\u00e1genes 45g-i<\/strong>\u00a0muestran ejemplos de la miner\u00eda aur\u00edfera dentro la reserva comunal, en im\u00e1genes de alta resoluci\u00f3n. Las Im\u00e1genes 45g-h muestran las \u00e1reas deforestadas recientemente\u00a0por la miner\u00eda en el 2016 (<strong>c\u00edrculos amarillos<\/strong>), las mismas que a la fecha han sido intervenidas por el Gobierno peruano (<strong>c\u00edrculos rojos<\/strong> &#8211; haga clic en la imagen para ver que la maquinaria ha sido eliminada). Del mismo modo, la Imagen 45i muestra un \u00e1rea donde la actividad minera fue intervenida durante el 2015 y que para este 2016 se encuentra abandonada por los mineros.<\/p>\n<div id=\"attachment_5100\" class=\"thumbnail aligncenter\"><a href=\"https:\/\/www.maapprogram.org\/wp-content\/uploads\/2016\/09\/ESira_Recovery_B1_a_m_v2_beta.jpg\"><img decoding=\"async\" class=\"size-full wp-image-5100\" src=\"https:\/\/www.maapprogram.org\/wp-content\/uploads\/2016\/09\/ESira_Recovery_B1_a_m_v2_beta.jpg\" alt=\"Imagen 45g. Datos: Digital Globe (NextView)\" width=\"2779\" height=\"710\" \/><\/a><div class=\"caption\">Imagen 45g. Datos: Digital Globe (NextView)<\/div><\/div>\n<p>&nbsp;<\/p>\n<\/div>\n<div id=\"attachment_5052\" class=\"thumbnail aligncenter\"><a href=\"https:\/\/www.maapprogram.org\/wp-content\/uploads\/2016\/07\/ESira_Recovery_B2_a_m_v1.jpg\"><img decoding=\"async\" class=\"wp-image-5052 size-full\" src=\"https:\/\/www.maapprogram.org\/wp-content\/uploads\/2016\/07\/ESira_Recovery_B2_a_m_v1.jpg\" alt=\"Imagen 45h. Datos: Digital Globe (NextView)\" width=\"1844\" height=\"703\" \/><\/a><div class=\"caption\">Imagen 45h. Datos: Digital Globe (NextView)<\/div><\/div>\n<div id=\"attachment_5053\" class=\"thumbnail aligncenter\"><a href=\"https:\/\/www.maapprogram.org\/wp-content\/uploads\/2016\/07\/ESira_Recovery_B3_a_m_v2.jpg\"><img decoding=\"async\" class=\"size-full wp-image-5053\" src=\"https:\/\/www.maapprogram.org\/wp-content\/uploads\/2016\/07\/ESira_Recovery_B3_a_m_v2.jpg\" alt=\"Imagen 45i. Datos: Digital Globe (NextView)\" width=\"1839\" height=\"703\" \/><\/a><div class=\"caption\">Imagen 45i. Datos: Digital Globe (NextView)<\/div><\/div>\n<div class=\"fitem-sep\"><\/div>\n<h3><strong>Nuevas Zonas de Deforestaci\u00f3n<\/strong><\/h3>\n<p>La <strong>Imagen 45j\u00a0<\/strong>muestra la reciente deforestaci\u00f3n de 8.6 hect\u00e1reas entre agosto (panel izquierdo) y septiembre (panel derecho) del 2016 (ver el Cuadro B4 en la Imagen 45f para contexto).<\/p>\n<div id=\"attachment_5101\" class=\"thumbnail aligncenter\"><a href=\"https:\/\/www.maapprogram.org\/wp-content\/uploads\/2016\/09\/ESira_Recovery_B4_m_v1.jpg\"><img decoding=\"async\" class=\"wp-image-5101 size-full\" src=\"https:\/\/www.maapprogram.org\/wp-content\/uploads\/2016\/09\/ESira_Recovery_B4_m_v1.jpg\" alt=\"esira_recovery_b4_m_v1\" width=\"2006\" height=\"710\" \/><\/a><div class=\"caption\">Imagen 45j. Datos: Digital Globe (Nextview)<\/div><\/div>\n<p>La <strong>Imagen 45k<\/strong>\u00a0muestra una reciente deforestaci\u00f3n, en una zona remota, adentro del sector<b>\u00a0<\/b>noreste\u00a0de la reserva comunal (ver Imagen 45a para contexto). Encontramos la\u00a0deforestaci\u00f3n de 12 hect\u00e1reas entre mayo (panel izquierdo) y agosto (panel derecho) del 2016.<\/p>\n<div id=\"attachment_5054\" class=\"thumbnail aligncenter\"><a href=\"https:\/\/www.maapprogram.org\/wp-content\/uploads\/2016\/07\/ESira_Recovery_C_m_v1.jpg\"><img decoding=\"async\" class=\"wp-image-5054 size-full\" src=\"https:\/\/www.maapprogram.org\/wp-content\/uploads\/2016\/07\/ESira_Recovery_C_m_v1.jpg\" alt=\"esira_recovery_c_m_v1\" width=\"2008\" height=\"711\" \/><\/a><div class=\"caption\">Imagen 45k. Datos: Planet<\/div><\/div>\n<div class=\"fitem-sep\"><\/div>\n<h3><strong>Cita<\/strong><\/h3>\n<p>Finer M, Novoa S, Snelgrove C (2016)\u00a0La Reserva Comunal El Sira &#8211; 3 Sectores Amenazados. MAAP: 45<\/p>\n<div class=\"fitem-sep\"><\/div>\n","protected":false},"excerpt":{"rendered":"<p>La\u00a0Reserva Comunal El Sira, ubicada en la zona central de la Amazonia peruana (regiones de Pasco, Hu\u00e1nuco y Ucayali),\u00a0tiene como objetivo principal la protecci\u00f3n de la diversidad biol\u00f3gica\u00a0de la cordillera oriental de El Sira para el beneficio de las comunidades nativas en la zona (pueblos Ash\u00e1ninka, Y\u00e1nesha, y Shipibo-Conibo). El objetivo del presente MAAP es [&hellip;]<\/p>\n","protected":false},"author":1,"featured_media":0,"comment_status":"open","ping_status":"open","sticky":false,"template":"","format":"standard","meta":{"_acf_changed":false,"footnotes":""},"categories":[308],"tags":[96],"ftr_agriculture":[367,357],"carbon-and-climate-change":[],"ftr_country":[483],"fire":[],"infrastructure-threat":[],"land-use":[],"mining-and-logging-threat":[434],"natural-forest-loss":[],"special-analysis":[],"class_list":["post-21185","post","type-post","status-publish","format-standard","hentry","category-pasto-ganado","tag-maap-45","ftr_agriculture-otros-cultivos","ftr_agriculture-pasto-para-ganado","ftr_country-peru-2","mining-and-logging-threat-mineria-de-oro"],"acf":[],"yoast_head":"<!-- This site is optimized with the Yoast SEO plugin v27.3 - https:\/\/yoast.com\/product\/yoast-seo-wordpress\/ -->\n<title>MAAP #45: Amenazas a la Reserva Comunal El Sira - MAAP<\/title>\n<meta name=\"robots\" content=\"index, follow, max-snippet:-1, max-image-preview:large, max-video-preview:-1\" \/>\n<link rel=\"canonical\" href=\"https:\/\/www.maapprogram.org\/es\/reserva_el_sira\/\" \/>\n<meta property=\"og:locale\" content=\"es_ES\" \/>\n<meta property=\"og:type\" content=\"article\" \/>\n<meta property=\"og:title\" content=\"MAAP #45: Amenazas a la Reserva Comunal El Sira - MAAP\" \/>\n<meta property=\"og:description\" content=\"La\u00a0Reserva Comunal El Sira, ubicada en la zona central de la Amazonia peruana (regiones de Pasco, Hu\u00e1nuco y Ucayali),\u00a0tiene como objetivo principal la protecci\u00f3n de la diversidad biol\u00f3gica\u00a0de la cordillera oriental de El Sira para el beneficio de las comunidades nativas en la zona (pueblos Ash\u00e1ninka, Y\u00e1nesha, y Shipibo-Conibo). El objetivo del presente MAAP es [&hellip;]\" \/>\n<meta property=\"og:url\" content=\"https:\/\/www.maapprogram.org\/es\/reserva_el_sira\/\" \/>\n<meta property=\"og:site_name\" content=\"MAAP\" \/>\n<meta property=\"article:published_time\" content=\"2016-09-21T14:26:00+00:00\" \/>\n<meta property=\"article:modified_time\" content=\"2024-09-24T20:59:53+00:00\" \/>\n<meta property=\"og:image\" content=\"https:\/\/www.maapprogram.org\/wp-content\/uploads\/2016\/07\/ESira_Recovery_o_v2-2-564x800.jpg\" \/>\n<meta name=\"author\" content=\"dcadmin\" \/>\n<meta name=\"twitter:card\" content=\"summary_large_image\" \/>\n<meta name=\"twitter:label1\" content=\"Escrito por\" \/>\n\t<meta name=\"twitter:data1\" content=\"dcadmin\" \/>\n\t<meta name=\"twitter:label2\" content=\"Tiempo de lectura\" \/>\n\t<meta name=\"twitter:data2\" content=\"7 minutos\" \/>\n<script type=\"application\/ld+json\" class=\"yoast-schema-graph\">{\"@context\":\"https:\\\/\\\/schema.org\",\"@graph\":[{\"@type\":\"Article\",\"@id\":\"https:\\\/\\\/www.maapprogram.org\\\/es\\\/reserva_el_sira\\\/#article\",\"isPartOf\":{\"@id\":\"https:\\\/\\\/www.maapprogram.org\\\/es\\\/reserva_el_sira\\\/\"},\"author\":{\"name\":\"dcadmin\",\"@id\":\"https:\\\/\\\/www.maapprogram.org\\\/es\\\/#\\\/schema\\\/person\\\/433e90c8debccfe16357e05627bbd443\"},\"headline\":\"MAAP #45: Amenazas a la Reserva Comunal El Sira\",\"datePublished\":\"2016-09-21T14:26:00+00:00\",\"dateModified\":\"2024-09-24T20:59:53+00:00\",\"mainEntityOfPage\":{\"@id\":\"https:\\\/\\\/www.maapprogram.org\\\/es\\\/reserva_el_sira\\\/\"},\"wordCount\":973,\"commentCount\":0,\"image\":{\"@id\":\"https:\\\/\\\/www.maapprogram.org\\\/es\\\/reserva_el_sira\\\/#primaryimage\"},\"thumbnailUrl\":\"https:\\\/\\\/www.maapprogram.org\\\/wp-content\\\/uploads\\\/2016\\\/07\\\/ESira_Recovery_o_v2-2-564x800.jpg\",\"keywords\":[\"MAAP #45\"],\"articleSection\":[\"Pasto-Ganado\"],\"inLanguage\":\"es\",\"potentialAction\":[{\"@type\":\"CommentAction\",\"name\":\"Comment\",\"target\":[\"https:\\\/\\\/www.maapprogram.org\\\/es\\\/reserva_el_sira\\\/#respond\"]}]},{\"@type\":\"WebPage\",\"@id\":\"https:\\\/\\\/www.maapprogram.org\\\/es\\\/reserva_el_sira\\\/\",\"url\":\"https:\\\/\\\/www.maapprogram.org\\\/es\\\/reserva_el_sira\\\/\",\"name\":\"MAAP #45: Amenazas a la Reserva Comunal El Sira - MAAP\",\"isPartOf\":{\"@id\":\"https:\\\/\\\/www.maapprogram.org\\\/es\\\/#website\"},\"primaryImageOfPage\":{\"@id\":\"https:\\\/\\\/www.maapprogram.org\\\/es\\\/reserva_el_sira\\\/#primaryimage\"},\"image\":{\"@id\":\"https:\\\/\\\/www.maapprogram.org\\\/es\\\/reserva_el_sira\\\/#primaryimage\"},\"thumbnailUrl\":\"https:\\\/\\\/www.maapprogram.org\\\/wp-content\\\/uploads\\\/2016\\\/07\\\/ESira_Recovery_o_v2-2-564x800.jpg\",\"datePublished\":\"2016-09-21T14:26:00+00:00\",\"dateModified\":\"2024-09-24T20:59:53+00:00\",\"author\":{\"@id\":\"https:\\\/\\\/www.maapprogram.org\\\/es\\\/#\\\/schema\\\/person\\\/433e90c8debccfe16357e05627bbd443\"},\"breadcrumb\":{\"@id\":\"https:\\\/\\\/www.maapprogram.org\\\/es\\\/reserva_el_sira\\\/#breadcrumb\"},\"inLanguage\":\"es\",\"potentialAction\":[{\"@type\":\"ReadAction\",\"target\":[\"https:\\\/\\\/www.maapprogram.org\\\/es\\\/reserva_el_sira\\\/\"]}]},{\"@type\":\"ImageObject\",\"inLanguage\":\"es\",\"@id\":\"https:\\\/\\\/www.maapprogram.org\\\/es\\\/reserva_el_sira\\\/#primaryimage\",\"url\":\"https:\\\/\\\/www.maapprogram.org\\\/wp-content\\\/uploads\\\/2016\\\/07\\\/ESira_Recovery_o_v2-2-564x800.jpg\",\"contentUrl\":\"https:\\\/\\\/www.maapprogram.org\\\/wp-content\\\/uploads\\\/2016\\\/07\\\/ESira_Recovery_o_v2-2-564x800.jpg\"},{\"@type\":\"BreadcrumbList\",\"@id\":\"https:\\\/\\\/www.maapprogram.org\\\/es\\\/reserva_el_sira\\\/#breadcrumb\",\"itemListElement\":[{\"@type\":\"ListItem\",\"position\":1,\"name\":\"Home\",\"item\":\"https:\\\/\\\/www.maapprogram.org\\\/es\\\/\"},{\"@type\":\"ListItem\",\"position\":2,\"name\":\"MAAP #45: Amenazas a la Reserva Comunal El Sira\"}]},{\"@type\":\"WebSite\",\"@id\":\"https:\\\/\\\/www.maapprogram.org\\\/es\\\/#website\",\"url\":\"https:\\\/\\\/www.maapprogram.org\\\/es\\\/\",\"name\":\"MAAP\",\"description\":\"\",\"potentialAction\":[{\"@type\":\"SearchAction\",\"target\":{\"@type\":\"EntryPoint\",\"urlTemplate\":\"https:\\\/\\\/www.maapprogram.org\\\/es\\\/?s={search_term_string}\"},\"query-input\":{\"@type\":\"PropertyValueSpecification\",\"valueRequired\":true,\"valueName\":\"search_term_string\"}}],\"inLanguage\":\"es\"},{\"@type\":\"Person\",\"@id\":\"https:\\\/\\\/www.maapprogram.org\\\/es\\\/#\\\/schema\\\/person\\\/433e90c8debccfe16357e05627bbd443\",\"name\":\"dcadmin\",\"image\":{\"@type\":\"ImageObject\",\"inLanguage\":\"es\",\"@id\":\"https:\\\/\\\/secure.gravatar.com\\\/avatar\\\/83c0f4e5f994ae4e4b9ae78b382f373b07a15509b31a24d7d748f76e9925b825?s=96&d=mm&r=g\",\"url\":\"https:\\\/\\\/secure.gravatar.com\\\/avatar\\\/83c0f4e5f994ae4e4b9ae78b382f373b07a15509b31a24d7d748f76e9925b825?s=96&d=mm&r=g\",\"contentUrl\":\"https:\\\/\\\/secure.gravatar.com\\\/avatar\\\/83c0f4e5f994ae4e4b9ae78b382f373b07a15509b31a24d7d748f76e9925b825?s=96&d=mm&r=g\",\"caption\":\"dcadmin\"},\"sameAs\":[\"http:\\\/\\\/www.maapprogram.org\"],\"url\":\"https:\\\/\\\/www.maapprogram.org\\\/es\\\/author\\\/dcadmin\\\/\"}]}<\/script>\n<!-- \/ Yoast SEO plugin. -->","yoast_head_json":{"title":"MAAP #45: Amenazas a la Reserva Comunal El Sira - MAAP","robots":{"index":"index","follow":"follow","max-snippet":"max-snippet:-1","max-image-preview":"max-image-preview:large","max-video-preview":"max-video-preview:-1"},"canonical":"https:\/\/www.maapprogram.org\/es\/reserva_el_sira\/","og_locale":"es_ES","og_type":"article","og_title":"MAAP #45: Amenazas a la Reserva Comunal El Sira - MAAP","og_description":"La\u00a0Reserva Comunal El Sira, ubicada en la zona central de la Amazonia peruana (regiones de Pasco, Hu\u00e1nuco y Ucayali),\u00a0tiene como objetivo principal la protecci\u00f3n de la diversidad biol\u00f3gica\u00a0de la cordillera oriental de El Sira para el beneficio de las comunidades nativas en la zona (pueblos Ash\u00e1ninka, Y\u00e1nesha, y Shipibo-Conibo). El objetivo del presente MAAP es [&hellip;]","og_url":"https:\/\/www.maapprogram.org\/es\/reserva_el_sira\/","og_site_name":"MAAP","article_published_time":"2016-09-21T14:26:00+00:00","article_modified_time":"2024-09-24T20:59:53+00:00","og_image":[{"url":"https:\/\/www.maapprogram.org\/wp-content\/uploads\/2016\/07\/ESira_Recovery_o_v2-2-564x800.jpg","type":"","width":"","height":""}],"author":"dcadmin","twitter_card":"summary_large_image","twitter_misc":{"Escrito por":"dcadmin","Tiempo de lectura":"7 minutos"},"schema":{"@context":"https:\/\/schema.org","@graph":[{"@type":"Article","@id":"https:\/\/www.maapprogram.org\/es\/reserva_el_sira\/#article","isPartOf":{"@id":"https:\/\/www.maapprogram.org\/es\/reserva_el_sira\/"},"author":{"name":"dcadmin","@id":"https:\/\/www.maapprogram.org\/es\/#\/schema\/person\/433e90c8debccfe16357e05627bbd443"},"headline":"MAAP #45: Amenazas a la Reserva Comunal El Sira","datePublished":"2016-09-21T14:26:00+00:00","dateModified":"2024-09-24T20:59:53+00:00","mainEntityOfPage":{"@id":"https:\/\/www.maapprogram.org\/es\/reserva_el_sira\/"},"wordCount":973,"commentCount":0,"image":{"@id":"https:\/\/www.maapprogram.org\/es\/reserva_el_sira\/#primaryimage"},"thumbnailUrl":"https:\/\/www.maapprogram.org\/wp-content\/uploads\/2016\/07\/ESira_Recovery_o_v2-2-564x800.jpg","keywords":["MAAP #45"],"articleSection":["Pasto-Ganado"],"inLanguage":"es","potentialAction":[{"@type":"CommentAction","name":"Comment","target":["https:\/\/www.maapprogram.org\/es\/reserva_el_sira\/#respond"]}]},{"@type":"WebPage","@id":"https:\/\/www.maapprogram.org\/es\/reserva_el_sira\/","url":"https:\/\/www.maapprogram.org\/es\/reserva_el_sira\/","name":"MAAP #45: Amenazas a la Reserva Comunal El Sira - MAAP","isPartOf":{"@id":"https:\/\/www.maapprogram.org\/es\/#website"},"primaryImageOfPage":{"@id":"https:\/\/www.maapprogram.org\/es\/reserva_el_sira\/#primaryimage"},"image":{"@id":"https:\/\/www.maapprogram.org\/es\/reserva_el_sira\/#primaryimage"},"thumbnailUrl":"https:\/\/www.maapprogram.org\/wp-content\/uploads\/2016\/07\/ESira_Recovery_o_v2-2-564x800.jpg","datePublished":"2016-09-21T14:26:00+00:00","dateModified":"2024-09-24T20:59:53+00:00","author":{"@id":"https:\/\/www.maapprogram.org\/es\/#\/schema\/person\/433e90c8debccfe16357e05627bbd443"},"breadcrumb":{"@id":"https:\/\/www.maapprogram.org\/es\/reserva_el_sira\/#breadcrumb"},"inLanguage":"es","potentialAction":[{"@type":"ReadAction","target":["https:\/\/www.maapprogram.org\/es\/reserva_el_sira\/"]}]},{"@type":"ImageObject","inLanguage":"es","@id":"https:\/\/www.maapprogram.org\/es\/reserva_el_sira\/#primaryimage","url":"https:\/\/www.maapprogram.org\/wp-content\/uploads\/2016\/07\/ESira_Recovery_o_v2-2-564x800.jpg","contentUrl":"https:\/\/www.maapprogram.org\/wp-content\/uploads\/2016\/07\/ESira_Recovery_o_v2-2-564x800.jpg"},{"@type":"BreadcrumbList","@id":"https:\/\/www.maapprogram.org\/es\/reserva_el_sira\/#breadcrumb","itemListElement":[{"@type":"ListItem","position":1,"name":"Home","item":"https:\/\/www.maapprogram.org\/es\/"},{"@type":"ListItem","position":2,"name":"MAAP #45: Amenazas a la Reserva Comunal El Sira"}]},{"@type":"WebSite","@id":"https:\/\/www.maapprogram.org\/es\/#website","url":"https:\/\/www.maapprogram.org\/es\/","name":"MAAP","description":"","potentialAction":[{"@type":"SearchAction","target":{"@type":"EntryPoint","urlTemplate":"https:\/\/www.maapprogram.org\/es\/?s={search_term_string}"},"query-input":{"@type":"PropertyValueSpecification","valueRequired":true,"valueName":"search_term_string"}}],"inLanguage":"es"},{"@type":"Person","@id":"https:\/\/www.maapprogram.org\/es\/#\/schema\/person\/433e90c8debccfe16357e05627bbd443","name":"dcadmin","image":{"@type":"ImageObject","inLanguage":"es","@id":"https:\/\/secure.gravatar.com\/avatar\/83c0f4e5f994ae4e4b9ae78b382f373b07a15509b31a24d7d748f76e9925b825?s=96&d=mm&r=g","url":"https:\/\/secure.gravatar.com\/avatar\/83c0f4e5f994ae4e4b9ae78b382f373b07a15509b31a24d7d748f76e9925b825?s=96&d=mm&r=g","contentUrl":"https:\/\/secure.gravatar.com\/avatar\/83c0f4e5f994ae4e4b9ae78b382f373b07a15509b31a24d7d748f76e9925b825?s=96&d=mm&r=g","caption":"dcadmin"},"sameAs":["http:\/\/www.maapprogram.org"],"url":"https:\/\/www.maapprogram.org\/es\/author\/dcadmin\/"}]}},"_links":{"self":[{"href":"https:\/\/www.maapprogram.org\/es\/wp-json\/wp\/v2\/posts\/21185","targetHints":{"allow":["GET"]}}],"collection":[{"href":"https:\/\/www.maapprogram.org\/es\/wp-json\/wp\/v2\/posts"}],"about":[{"href":"https:\/\/www.maapprogram.org\/es\/wp-json\/wp\/v2\/types\/post"}],"author":[{"embeddable":true,"href":"https:\/\/www.maapprogram.org\/es\/wp-json\/wp\/v2\/users\/1"}],"replies":[{"embeddable":true,"href":"https:\/\/www.maapprogram.org\/es\/wp-json\/wp\/v2\/comments?post=21185"}],"version-history":[{"count":1,"href":"https:\/\/www.maapprogram.org\/es\/wp-json\/wp\/v2\/posts\/21185\/revisions"}],"predecessor-version":[{"id":23183,"href":"https:\/\/www.maapprogram.org\/es\/wp-json\/wp\/v2\/posts\/21185\/revisions\/23183"}],"wp:attachment":[{"href":"https:\/\/www.maapprogram.org\/es\/wp-json\/wp\/v2\/media?parent=21185"}],"wp:term":[{"taxonomy":"category","embeddable":true,"href":"https:\/\/www.maapprogram.org\/es\/wp-json\/wp\/v2\/categories?post=21185"},{"taxonomy":"post_tag","embeddable":true,"href":"https:\/\/www.maapprogram.org\/es\/wp-json\/wp\/v2\/tags?post=21185"},{"taxonomy":"ftr_agriculture","embeddable":true,"href":"https:\/\/www.maapprogram.org\/es\/wp-json\/wp\/v2\/ftr_agriculture?post=21185"},{"taxonomy":"carbon-and-climate-change","embeddable":true,"href":"https:\/\/www.maapprogram.org\/es\/wp-json\/wp\/v2\/carbon-and-climate-change?post=21185"},{"taxonomy":"ftr_country","embeddable":true,"href":"https:\/\/www.maapprogram.org\/es\/wp-json\/wp\/v2\/ftr_country?post=21185"},{"taxonomy":"fire","embeddable":true,"href":"https:\/\/www.maapprogram.org\/es\/wp-json\/wp\/v2\/fire?post=21185"},{"taxonomy":"infrastructure-threat","embeddable":true,"href":"https:\/\/www.maapprogram.org\/es\/wp-json\/wp\/v2\/infrastructure-threat?post=21185"},{"taxonomy":"land-use","embeddable":true,"href":"https:\/\/www.maapprogram.org\/es\/wp-json\/wp\/v2\/land-use?post=21185"},{"taxonomy":"mining-and-logging-threat","embeddable":true,"href":"https:\/\/www.maapprogram.org\/es\/wp-json\/wp\/v2\/mining-and-logging-threat?post=21185"},{"taxonomy":"natural-forest-loss","embeddable":true,"href":"https:\/\/www.maapprogram.org\/es\/wp-json\/wp\/v2\/natural-forest-loss?post=21185"},{"taxonomy":"special-analysis","embeddable":true,"href":"https:\/\/www.maapprogram.org\/es\/wp-json\/wp\/v2\/special-analysis?post=21185"}],"curies":[{"name":"wp","href":"https:\/\/api.w.org\/{rel}","templated":true}]}}