{"id":21188,"date":"2016-10-18T14:29:00","date_gmt":"2016-10-18T14:29:00","guid":{"rendered":"https:\/\/www.maapprogram.org\/palma-huanuco\/"},"modified":"2024-09-25T13:29:49","modified_gmt":"2024-09-25T13:29:49","slug":"palma-huanuco","status":"publish","type":"post","link":"https:\/\/www.maapprogram.org\/es\/palma-huanuco\/","title":{"rendered":"MAAP #48: Deforestaci\u00f3n por Palma Aceitera en la Amazon\u00eda Central de Per\u00fa"},"content":{"rendered":"<div id=\"attachment_5131\" class=\"thumbnail alignleft\"><a href=\"https:\/\/www.maapprogram.org\/wp-content\/uploads\/2016\/09\/MAAP_huanuco_47o_v1_es.jpg\"><img decoding=\"async\" class=\"wp-image-5131\" src=\"https:\/\/www.maapprogram.org\/wp-content\/uploads\/2016\/09\/MAAP_huanuco_47o_v1_es-900x760.jpg\" alt=\"Imagen 46a. Datos: UMD\/GLAD\" width=\"537\" height=\"453\" \/><\/a><div class=\"caption\">Imagen 48a. Datos: UMD\/GLAD<\/div><\/div>\n<p>En el anterior\u00a0<a href=\"https:\/\/www.maapprogram.org\/2016\/hotspots-2015\/\">MAAP #26<\/a>, presentamos un mapa de Hotspots de Deforestaci\u00f3n en la Amazonia peruana para el a\u00f1o 2015.\u00a0El cual mostr\u00f3\u00a0que la mayor concentraci\u00f3n de deforestaci\u00f3n\u00a0se ubica en la selva central.<\/p>\n<p>El presente MAAP\u00a0analiza las causas de la deforestaci\u00f3n de un hotspot\u00a0de intensidad media, ubicado al norte de la regi\u00f3n <strong>Hu\u00e1nuco<\/strong>, en\u00a0su l\u00edmite con la regi\u00f3n San Mart\u00edn (ver el <strong>Cuadro E<\/strong>\u00a0en la<strong> Imagen 48a<\/strong>)*.<\/p>\n<p>Encontramos que la causa principal de esta deforestaci\u00f3n fue la conversi\u00f3n de bosque a plantaciones de <strong>palma aceitera<\/strong> de\u00a0peque\u00f1a y mediana escala.**<\/p>\n<p>*N\u00f3tese que analizamos los hotspots en los Cuadros A-D en los art\u00edculos <a href=\"https:\/\/www.maapprogram.org\/2016\/hotspots-2015\/\">MAAP #26<\/a> y <a href=\"https:\/\/www.maapprogram.org\/2016\/huanuco\/\">MAAP #37<br \/>\n<\/a><\/p>\n<p>** Peque\u00f1a escala: &lt;5 hect\u00e1reas, Mediana escala: 5-50 hect\u00e1reas, Gran escala: &gt;50 hect\u00e1reas<\/p>\n<div class=\"fitem-sep\"><\/div>\n<div id=\"attachment_5159\" class=\"thumbnail alignleft\"><a href=\"https:\/\/www.maapprogram.org\/wp-content\/uploads\/2016\/09\/Huanuco_maxSpanish_E1.jpg\"><img decoding=\"async\" class=\"wp-image-5159\" src=\"https:\/\/www.maapprogram.org\/wp-content\/uploads\/2016\/09\/Huanuco_maxSpanish_E1.jpg\" alt=\"huanuco_maxspanish_e1\" width=\"590\" height=\"479\" \/><\/a><div class=\"caption\">Imagen 48b. Datos: ACA, Hansen\/UMD\/Google\/USGS\/NASA<\/div><\/div>\n<h3><strong>Palma Aceitera como Driver de Deforestaci\u00f3n<\/strong><\/h3>\n<p>La\u00a0<strong>Imagen 48b\u00a0<\/strong>muestra la zona de inter\u00e9s.<\/p>\n<p>En el lado de San Mart\u00edn, se encuentran plantaciones de gran y mediana escala (color amarillo), mientras que en el lado de\u00a0Hu\u00e1nuco,<strong>\u00a0<\/strong>plantaciones de mediana y peque\u00f1a escala.<\/p>\n<p>El\u00a0<strong>color rojo<\/strong>\u00a0indica, seg\u00fan nuestro an\u00e1lisis, las \u00e1reas deforestadas y convertidas a plantaciones entre los a\u00f1os 2010 y 2014.<\/p>\n<p>Estimamos una deforestaci\u00f3n\u00a0de\u00a0<strong>558 hect\u00e1reas <\/strong>(equivalente a 764 campos de f\u00fatbol) que fueron convertidas a\u00a0plantaci\u00f3n de\u00a0palma aceitera entre el 2010 y 2014, en el norte de\u00a0Hu\u00e1nuco. De ese total<strong>,\u00a0<\/strong>66% es de mediana escala (5-50 hect\u00e1reas) y el 34% es de<strong>\u00a0<\/strong>peque\u00f1a escala (&lt; 5 hect\u00e1reas).***<\/p>\n<p>Los datos hist\u00f3ricos indican que la mayor parte de la deforestaci\u00f3n ocurri\u00f3 en bosques secundarios, con un\u00a0porcentaje menor en\u00a0bosques primarios.<\/p>\n<p>***Ver el\u00a0<a href=\"https:\/\/www.maapprogram.org\/2016\/escala\/\">MAAP #32<\/a> para m\u00e1s informaci\u00f3n sobre la importancia y patrones de las escalas de deforestaci\u00f3n.<br \/>\n<div class=\"fitem-sep\"><\/div><\/p>\n<div id=\"attachment_5160\" class=\"thumbnail alignleft\"><a href=\"https:\/\/www.maapprogram.org\/wp-content\/uploads\/2016\/09\/Huanuco_Zoom_E1.jpg\"><img decoding=\"async\" class=\"wp-image-5160\" src=\"https:\/\/www.maapprogram.org\/wp-content\/uploads\/2016\/09\/Huanuco_Zoom_E1.jpg\" alt=\"huanuco_zoom_e1\" width=\"590\" height=\"479\" \/><\/a><div class=\"caption\">Imagen 48c. Datos: ACA, Hansen\/UMD\/Google\/USGS\/NASA<\/div><\/div>\n<h3><strong>Vistas de Alta Resoluci\u00f3n<\/strong><\/h3>\n<p>La <strong>Imagen 48c<\/strong> muestra un zoom de la zona de inter\u00e9s.<\/p>\n<p>Los cuadros indican las \u00e1reas mostrados abajo, en alta\u00a0resoluci\u00f3n,\u00a0entre agosto del 2009 (panel izquierdo) y octubre del 2015 (panel derecho).<\/p>\n<p>En cada imagen, se puede observar la existencia de bosque en el 2009 que fue reemplazado por palma aceitera en el 2015\u00a0(el punto rojo es un punto de referencia, indicando el mismo lugar entre los dos paneles).<\/p>\n<div class=\"fitem-sep\"><\/div>\n<div id=\"attachment_5161\" class=\"thumbnail aligncenter\"><a href=\"https:\/\/www.maapprogram.org\/wp-content\/uploads\/2016\/09\/HuanucoOilPalm_zoomE2.jpg\"><img decoding=\"async\" class=\"wp-image-5161 size-full\" src=\"https:\/\/www.maapprogram.org\/wp-content\/uploads\/2016\/09\/HuanucoOilPalm_zoomE2.jpg\" alt=\"huanucooilpalm_zoome2\" width=\"3600\" height=\"1800\" \/><\/a><div class=\"caption\">Imagen 48d. Datos: Digital Globe (Nextview)<\/div><\/div>\n<div id=\"attachment_5162\" class=\"thumbnail aligncenter\"><a href=\"https:\/\/www.maapprogram.org\/wp-content\/uploads\/2016\/09\/HuanucoOilPalm_zoomE3.jpg\"><img decoding=\"async\" class=\"wp-image-5162 size-full\" src=\"https:\/\/www.maapprogram.org\/wp-content\/uploads\/2016\/09\/HuanucoOilPalm_zoomE3.jpg\" alt=\"huanucooilpalm_zoome3\" width=\"3600\" height=\"1800\" \/><\/a><div class=\"caption\">Imagen 48e. Datos: Digital Globe (Nextview)<\/div><\/div>\n<div id=\"attachment_5163\" class=\"thumbnail aligncenter\"><a href=\"https:\/\/www.maapprogram.org\/wp-content\/uploads\/2016\/09\/HuanucoOilPalm_zoomE4.jpg\"><img decoding=\"async\" class=\"wp-image-5163 size-full\" src=\"https:\/\/www.maapprogram.org\/wp-content\/uploads\/2016\/09\/HuanucoOilPalm_zoomE4.jpg\" alt=\"huanucooilpalm_zoome4\" width=\"3600\" height=\"1800\" \/><\/a><div class=\"caption\">Imagen 48f. Datos: Digital Globe (Nextview)<\/div><\/div>\n<div class=\"fitem-sep\"><\/div>\n<h3>Cita<\/h3>\n<p>Finer M, Olexy T (2016)\u00a0Deforestaci\u00f3n para Palma Aceitera en la Selva Central (Hu\u00e1nuco). MAAP: 48.<\/p>\n<div class=\"fitem-sep\"><\/div>\n","protected":false},"excerpt":{"rendered":"<p>En el anterior\u00a0MAAP #26, presentamos un mapa de Hotspots de Deforestaci\u00f3n en la Amazonia peruana para el a\u00f1o 2015.\u00a0El cual mostr\u00f3\u00a0que la mayor concentraci\u00f3n de deforestaci\u00f3n\u00a0se ubica en la selva central. El presente MAAP\u00a0analiza las causas de la deforestaci\u00f3n de un hotspot\u00a0de intensidad media, ubicado al norte de la regi\u00f3n Hu\u00e1nuco, en\u00a0su l\u00edmite con la [&hellip;]<\/p>\n","protected":false},"author":1,"featured_media":0,"comment_status":"open","ping_status":"open","sticky":false,"template":"","format":"standard","meta":{"_acf_changed":false,"footnotes":""},"categories":[44],"tags":[99],"ftr_agriculture":[365],"carbon-and-climate-change":[],"ftr_country":[483],"fire":[],"infrastructure-threat":[],"land-use":[],"mining-and-logging-threat":[],"natural-forest-loss":[],"special-analysis":[439],"class_list":["post-21188","post","type-post","status-publish","format-standard","hentry","category-palma-aceitera","tag-maap-47","ftr_agriculture-palma-aceitera","ftr_country-peru-2","special-analysis-focos-de-deforestacion"],"acf":[],"yoast_head":"<!-- This site is optimized with the Yoast SEO plugin v27.3 - https:\/\/yoast.com\/product\/yoast-seo-wordpress\/ -->\n<title>MAAP #48: Deforestaci\u00f3n por Palma Aceitera en la Amazon\u00eda Central de Per\u00fa - MAAP<\/title>\n<meta name=\"robots\" content=\"index, follow, max-snippet:-1, max-image-preview:large, max-video-preview:-1\" \/>\n<link rel=\"canonical\" href=\"https:\/\/www.maapprogram.org\/es\/palma-huanuco\/\" \/>\n<meta property=\"og:locale\" content=\"es_ES\" \/>\n<meta property=\"og:type\" content=\"article\" \/>\n<meta property=\"og:title\" content=\"MAAP #48: Deforestaci\u00f3n por Palma Aceitera en la Amazon\u00eda Central de Per\u00fa - MAAP\" \/>\n<meta property=\"og:description\" content=\"En el anterior\u00a0MAAP #26, presentamos un mapa de Hotspots de Deforestaci\u00f3n en la Amazonia peruana para el a\u00f1o 2015.\u00a0El cual mostr\u00f3\u00a0que la mayor concentraci\u00f3n de deforestaci\u00f3n\u00a0se ubica en la selva central. El presente MAAP\u00a0analiza las causas de la deforestaci\u00f3n de un hotspot\u00a0de intensidad media, ubicado al norte de la regi\u00f3n Hu\u00e1nuco, en\u00a0su l\u00edmite con la [&hellip;]\" \/>\n<meta property=\"og:url\" content=\"https:\/\/www.maapprogram.org\/es\/palma-huanuco\/\" \/>\n<meta property=\"og:site_name\" content=\"MAAP\" \/>\n<meta property=\"article:published_time\" content=\"2016-10-18T14:29:00+00:00\" \/>\n<meta property=\"article:modified_time\" content=\"2024-09-25T13:29:49+00:00\" \/>\n<meta property=\"og:image\" content=\"https:\/\/www.maapprogram.org\/wp-content\/uploads\/2016\/09\/MAAP_huanuco_47o_v1_es-900x760.jpg\" \/>\n<meta name=\"author\" content=\"dcadmin\" \/>\n<meta name=\"twitter:card\" content=\"summary_large_image\" \/>\n<meta name=\"twitter:label1\" content=\"Escrito por\" \/>\n\t<meta name=\"twitter:data1\" content=\"dcadmin\" \/>\n\t<meta name=\"twitter:label2\" content=\"Tiempo de lectura\" \/>\n\t<meta name=\"twitter:data2\" content=\"4 minutos\" \/>\n<script type=\"application\/ld+json\" class=\"yoast-schema-graph\">{\"@context\":\"https:\\\/\\\/schema.org\",\"@graph\":[{\"@type\":\"Article\",\"@id\":\"https:\\\/\\\/www.maapprogram.org\\\/es\\\/palma-huanuco\\\/#article\",\"isPartOf\":{\"@id\":\"https:\\\/\\\/www.maapprogram.org\\\/es\\\/palma-huanuco\\\/\"},\"author\":{\"name\":\"dcadmin\",\"@id\":\"https:\\\/\\\/www.maapprogram.org\\\/es\\\/#\\\/schema\\\/person\\\/433e90c8debccfe16357e05627bbd443\"},\"headline\":\"MAAP #48: Deforestaci\u00f3n por Palma Aceitera en la Amazon\u00eda Central de Per\u00fa\",\"datePublished\":\"2016-10-18T14:29:00+00:00\",\"dateModified\":\"2024-09-25T13:29:49+00:00\",\"mainEntityOfPage\":{\"@id\":\"https:\\\/\\\/www.maapprogram.org\\\/es\\\/palma-huanuco\\\/\"},\"wordCount\":495,\"commentCount\":0,\"image\":{\"@id\":\"https:\\\/\\\/www.maapprogram.org\\\/es\\\/palma-huanuco\\\/#primaryimage\"},\"thumbnailUrl\":\"https:\\\/\\\/www.maapprogram.org\\\/wp-content\\\/uploads\\\/2016\\\/09\\\/MAAP_huanuco_47o_v1_es-900x760.jpg\",\"keywords\":[\"MAAP #47\"],\"articleSection\":[\"Palma Aceitera\"],\"inLanguage\":\"es\",\"potentialAction\":[{\"@type\":\"CommentAction\",\"name\":\"Comment\",\"target\":[\"https:\\\/\\\/www.maapprogram.org\\\/es\\\/palma-huanuco\\\/#respond\"]}]},{\"@type\":\"WebPage\",\"@id\":\"https:\\\/\\\/www.maapprogram.org\\\/es\\\/palma-huanuco\\\/\",\"url\":\"https:\\\/\\\/www.maapprogram.org\\\/es\\\/palma-huanuco\\\/\",\"name\":\"MAAP #48: Deforestaci\u00f3n por Palma Aceitera en la Amazon\u00eda Central de Per\u00fa - MAAP\",\"isPartOf\":{\"@id\":\"https:\\\/\\\/www.maapprogram.org\\\/es\\\/#website\"},\"primaryImageOfPage\":{\"@id\":\"https:\\\/\\\/www.maapprogram.org\\\/es\\\/palma-huanuco\\\/#primaryimage\"},\"image\":{\"@id\":\"https:\\\/\\\/www.maapprogram.org\\\/es\\\/palma-huanuco\\\/#primaryimage\"},\"thumbnailUrl\":\"https:\\\/\\\/www.maapprogram.org\\\/wp-content\\\/uploads\\\/2016\\\/09\\\/MAAP_huanuco_47o_v1_es-900x760.jpg\",\"datePublished\":\"2016-10-18T14:29:00+00:00\",\"dateModified\":\"2024-09-25T13:29:49+00:00\",\"author\":{\"@id\":\"https:\\\/\\\/www.maapprogram.org\\\/es\\\/#\\\/schema\\\/person\\\/433e90c8debccfe16357e05627bbd443\"},\"breadcrumb\":{\"@id\":\"https:\\\/\\\/www.maapprogram.org\\\/es\\\/palma-huanuco\\\/#breadcrumb\"},\"inLanguage\":\"es\",\"potentialAction\":[{\"@type\":\"ReadAction\",\"target\":[\"https:\\\/\\\/www.maapprogram.org\\\/es\\\/palma-huanuco\\\/\"]}]},{\"@type\":\"ImageObject\",\"inLanguage\":\"es\",\"@id\":\"https:\\\/\\\/www.maapprogram.org\\\/es\\\/palma-huanuco\\\/#primaryimage\",\"url\":\"https:\\\/\\\/www.maapprogram.org\\\/wp-content\\\/uploads\\\/2016\\\/09\\\/MAAP_huanuco_47o_v1_es-900x760.jpg\",\"contentUrl\":\"https:\\\/\\\/www.maapprogram.org\\\/wp-content\\\/uploads\\\/2016\\\/09\\\/MAAP_huanuco_47o_v1_es-900x760.jpg\"},{\"@type\":\"BreadcrumbList\",\"@id\":\"https:\\\/\\\/www.maapprogram.org\\\/es\\\/palma-huanuco\\\/#breadcrumb\",\"itemListElement\":[{\"@type\":\"ListItem\",\"position\":1,\"name\":\"Home\",\"item\":\"https:\\\/\\\/www.maapprogram.org\\\/es\\\/\"},{\"@type\":\"ListItem\",\"position\":2,\"name\":\"MAAP #48: Deforestaci\u00f3n por Palma Aceitera en la Amazon\u00eda Central de Per\u00fa\"}]},{\"@type\":\"WebSite\",\"@id\":\"https:\\\/\\\/www.maapprogram.org\\\/es\\\/#website\",\"url\":\"https:\\\/\\\/www.maapprogram.org\\\/es\\\/\",\"name\":\"MAAP\",\"description\":\"\",\"potentialAction\":[{\"@type\":\"SearchAction\",\"target\":{\"@type\":\"EntryPoint\",\"urlTemplate\":\"https:\\\/\\\/www.maapprogram.org\\\/es\\\/?s={search_term_string}\"},\"query-input\":{\"@type\":\"PropertyValueSpecification\",\"valueRequired\":true,\"valueName\":\"search_term_string\"}}],\"inLanguage\":\"es\"},{\"@type\":\"Person\",\"@id\":\"https:\\\/\\\/www.maapprogram.org\\\/es\\\/#\\\/schema\\\/person\\\/433e90c8debccfe16357e05627bbd443\",\"name\":\"dcadmin\",\"image\":{\"@type\":\"ImageObject\",\"inLanguage\":\"es\",\"@id\":\"https:\\\/\\\/secure.gravatar.com\\\/avatar\\\/83c0f4e5f994ae4e4b9ae78b382f373b07a15509b31a24d7d748f76e9925b825?s=96&d=mm&r=g\",\"url\":\"https:\\\/\\\/secure.gravatar.com\\\/avatar\\\/83c0f4e5f994ae4e4b9ae78b382f373b07a15509b31a24d7d748f76e9925b825?s=96&d=mm&r=g\",\"contentUrl\":\"https:\\\/\\\/secure.gravatar.com\\\/avatar\\\/83c0f4e5f994ae4e4b9ae78b382f373b07a15509b31a24d7d748f76e9925b825?s=96&d=mm&r=g\",\"caption\":\"dcadmin\"},\"sameAs\":[\"http:\\\/\\\/www.maapprogram.org\"],\"url\":\"https:\\\/\\\/www.maapprogram.org\\\/es\\\/author\\\/dcadmin\\\/\"}]}<\/script>\n<!-- \/ Yoast SEO plugin. -->","yoast_head_json":{"title":"MAAP #48: Deforestaci\u00f3n por Palma Aceitera en la Amazon\u00eda Central de Per\u00fa - MAAP","robots":{"index":"index","follow":"follow","max-snippet":"max-snippet:-1","max-image-preview":"max-image-preview:large","max-video-preview":"max-video-preview:-1"},"canonical":"https:\/\/www.maapprogram.org\/es\/palma-huanuco\/","og_locale":"es_ES","og_type":"article","og_title":"MAAP #48: Deforestaci\u00f3n por Palma Aceitera en la Amazon\u00eda Central de Per\u00fa - MAAP","og_description":"En el anterior\u00a0MAAP #26, presentamos un mapa de Hotspots de Deforestaci\u00f3n en la Amazonia peruana para el a\u00f1o 2015.\u00a0El cual mostr\u00f3\u00a0que la mayor concentraci\u00f3n de deforestaci\u00f3n\u00a0se ubica en la selva central. El presente MAAP\u00a0analiza las causas de la deforestaci\u00f3n de un hotspot\u00a0de intensidad media, ubicado al norte de la regi\u00f3n Hu\u00e1nuco, en\u00a0su l\u00edmite con la [&hellip;]","og_url":"https:\/\/www.maapprogram.org\/es\/palma-huanuco\/","og_site_name":"MAAP","article_published_time":"2016-10-18T14:29:00+00:00","article_modified_time":"2024-09-25T13:29:49+00:00","og_image":[{"url":"https:\/\/www.maapprogram.org\/wp-content\/uploads\/2016\/09\/MAAP_huanuco_47o_v1_es-900x760.jpg","type":"","width":"","height":""}],"author":"dcadmin","twitter_card":"summary_large_image","twitter_misc":{"Escrito por":"dcadmin","Tiempo de lectura":"4 minutos"},"schema":{"@context":"https:\/\/schema.org","@graph":[{"@type":"Article","@id":"https:\/\/www.maapprogram.org\/es\/palma-huanuco\/#article","isPartOf":{"@id":"https:\/\/www.maapprogram.org\/es\/palma-huanuco\/"},"author":{"name":"dcadmin","@id":"https:\/\/www.maapprogram.org\/es\/#\/schema\/person\/433e90c8debccfe16357e05627bbd443"},"headline":"MAAP #48: Deforestaci\u00f3n por Palma Aceitera en la Amazon\u00eda Central de Per\u00fa","datePublished":"2016-10-18T14:29:00+00:00","dateModified":"2024-09-25T13:29:49+00:00","mainEntityOfPage":{"@id":"https:\/\/www.maapprogram.org\/es\/palma-huanuco\/"},"wordCount":495,"commentCount":0,"image":{"@id":"https:\/\/www.maapprogram.org\/es\/palma-huanuco\/#primaryimage"},"thumbnailUrl":"https:\/\/www.maapprogram.org\/wp-content\/uploads\/2016\/09\/MAAP_huanuco_47o_v1_es-900x760.jpg","keywords":["MAAP #47"],"articleSection":["Palma Aceitera"],"inLanguage":"es","potentialAction":[{"@type":"CommentAction","name":"Comment","target":["https:\/\/www.maapprogram.org\/es\/palma-huanuco\/#respond"]}]},{"@type":"WebPage","@id":"https:\/\/www.maapprogram.org\/es\/palma-huanuco\/","url":"https:\/\/www.maapprogram.org\/es\/palma-huanuco\/","name":"MAAP #48: Deforestaci\u00f3n por Palma Aceitera en la Amazon\u00eda Central de Per\u00fa - MAAP","isPartOf":{"@id":"https:\/\/www.maapprogram.org\/es\/#website"},"primaryImageOfPage":{"@id":"https:\/\/www.maapprogram.org\/es\/palma-huanuco\/#primaryimage"},"image":{"@id":"https:\/\/www.maapprogram.org\/es\/palma-huanuco\/#primaryimage"},"thumbnailUrl":"https:\/\/www.maapprogram.org\/wp-content\/uploads\/2016\/09\/MAAP_huanuco_47o_v1_es-900x760.jpg","datePublished":"2016-10-18T14:29:00+00:00","dateModified":"2024-09-25T13:29:49+00:00","author":{"@id":"https:\/\/www.maapprogram.org\/es\/#\/schema\/person\/433e90c8debccfe16357e05627bbd443"},"breadcrumb":{"@id":"https:\/\/www.maapprogram.org\/es\/palma-huanuco\/#breadcrumb"},"inLanguage":"es","potentialAction":[{"@type":"ReadAction","target":["https:\/\/www.maapprogram.org\/es\/palma-huanuco\/"]}]},{"@type":"ImageObject","inLanguage":"es","@id":"https:\/\/www.maapprogram.org\/es\/palma-huanuco\/#primaryimage","url":"https:\/\/www.maapprogram.org\/wp-content\/uploads\/2016\/09\/MAAP_huanuco_47o_v1_es-900x760.jpg","contentUrl":"https:\/\/www.maapprogram.org\/wp-content\/uploads\/2016\/09\/MAAP_huanuco_47o_v1_es-900x760.jpg"},{"@type":"BreadcrumbList","@id":"https:\/\/www.maapprogram.org\/es\/palma-huanuco\/#breadcrumb","itemListElement":[{"@type":"ListItem","position":1,"name":"Home","item":"https:\/\/www.maapprogram.org\/es\/"},{"@type":"ListItem","position":2,"name":"MAAP #48: Deforestaci\u00f3n por Palma Aceitera en la Amazon\u00eda Central de Per\u00fa"}]},{"@type":"WebSite","@id":"https:\/\/www.maapprogram.org\/es\/#website","url":"https:\/\/www.maapprogram.org\/es\/","name":"MAAP","description":"","potentialAction":[{"@type":"SearchAction","target":{"@type":"EntryPoint","urlTemplate":"https:\/\/www.maapprogram.org\/es\/?s={search_term_string}"},"query-input":{"@type":"PropertyValueSpecification","valueRequired":true,"valueName":"search_term_string"}}],"inLanguage":"es"},{"@type":"Person","@id":"https:\/\/www.maapprogram.org\/es\/#\/schema\/person\/433e90c8debccfe16357e05627bbd443","name":"dcadmin","image":{"@type":"ImageObject","inLanguage":"es","@id":"https:\/\/secure.gravatar.com\/avatar\/83c0f4e5f994ae4e4b9ae78b382f373b07a15509b31a24d7d748f76e9925b825?s=96&d=mm&r=g","url":"https:\/\/secure.gravatar.com\/avatar\/83c0f4e5f994ae4e4b9ae78b382f373b07a15509b31a24d7d748f76e9925b825?s=96&d=mm&r=g","contentUrl":"https:\/\/secure.gravatar.com\/avatar\/83c0f4e5f994ae4e4b9ae78b382f373b07a15509b31a24d7d748f76e9925b825?s=96&d=mm&r=g","caption":"dcadmin"},"sameAs":["http:\/\/www.maapprogram.org"],"url":"https:\/\/www.maapprogram.org\/es\/author\/dcadmin\/"}]}},"_links":{"self":[{"href":"https:\/\/www.maapprogram.org\/es\/wp-json\/wp\/v2\/posts\/21188","targetHints":{"allow":["GET"]}}],"collection":[{"href":"https:\/\/www.maapprogram.org\/es\/wp-json\/wp\/v2\/posts"}],"about":[{"href":"https:\/\/www.maapprogram.org\/es\/wp-json\/wp\/v2\/types\/post"}],"author":[{"embeddable":true,"href":"https:\/\/www.maapprogram.org\/es\/wp-json\/wp\/v2\/users\/1"}],"replies":[{"embeddable":true,"href":"https:\/\/www.maapprogram.org\/es\/wp-json\/wp\/v2\/comments?post=21188"}],"version-history":[{"count":1,"href":"https:\/\/www.maapprogram.org\/es\/wp-json\/wp\/v2\/posts\/21188\/revisions"}],"predecessor-version":[{"id":23186,"href":"https:\/\/www.maapprogram.org\/es\/wp-json\/wp\/v2\/posts\/21188\/revisions\/23186"}],"wp:attachment":[{"href":"https:\/\/www.maapprogram.org\/es\/wp-json\/wp\/v2\/media?parent=21188"}],"wp:term":[{"taxonomy":"category","embeddable":true,"href":"https:\/\/www.maapprogram.org\/es\/wp-json\/wp\/v2\/categories?post=21188"},{"taxonomy":"post_tag","embeddable":true,"href":"https:\/\/www.maapprogram.org\/es\/wp-json\/wp\/v2\/tags?post=21188"},{"taxonomy":"ftr_agriculture","embeddable":true,"href":"https:\/\/www.maapprogram.org\/es\/wp-json\/wp\/v2\/ftr_agriculture?post=21188"},{"taxonomy":"carbon-and-climate-change","embeddable":true,"href":"https:\/\/www.maapprogram.org\/es\/wp-json\/wp\/v2\/carbon-and-climate-change?post=21188"},{"taxonomy":"ftr_country","embeddable":true,"href":"https:\/\/www.maapprogram.org\/es\/wp-json\/wp\/v2\/ftr_country?post=21188"},{"taxonomy":"fire","embeddable":true,"href":"https:\/\/www.maapprogram.org\/es\/wp-json\/wp\/v2\/fire?post=21188"},{"taxonomy":"infrastructure-threat","embeddable":true,"href":"https:\/\/www.maapprogram.org\/es\/wp-json\/wp\/v2\/infrastructure-threat?post=21188"},{"taxonomy":"land-use","embeddable":true,"href":"https:\/\/www.maapprogram.org\/es\/wp-json\/wp\/v2\/land-use?post=21188"},{"taxonomy":"mining-and-logging-threat","embeddable":true,"href":"https:\/\/www.maapprogram.org\/es\/wp-json\/wp\/v2\/mining-and-logging-threat?post=21188"},{"taxonomy":"natural-forest-loss","embeddable":true,"href":"https:\/\/www.maapprogram.org\/es\/wp-json\/wp\/v2\/natural-forest-loss?post=21188"},{"taxonomy":"special-analysis","embeddable":true,"href":"https:\/\/www.maapprogram.org\/es\/wp-json\/wp\/v2\/special-analysis?post=21188"}],"curies":[{"name":"wp","href":"https:\/\/api.w.org\/{rel}","templated":true}]}}