{"id":21198,"date":"2017-10-30T13:21:00","date_gmt":"2017-10-30T13:21:00","guid":{"rendered":"https:\/\/www.maapprogram.org\/alto-malinowski-2017\/"},"modified":"2024-09-24T20:31:31","modified_gmt":"2024-09-24T20:31:31","slug":"alto-malinowski-2017","status":"publish","type":"post","link":"https:\/\/www.maapprogram.org\/es\/alto-malinowski-2017\/","title":{"rendered":"MAAP #72: Otra Zona Cr\u00edtica de Deforestaci\u00f3n Minera: Alto Malinowski (Madre de Dios)"},"content":{"rendered":"<p>En informes anteriores (<a href=\"https:\/\/www.maapprogram.org\/2017\/maap60_tambopata_za\/\">MAAP #60<\/a>, <a href=\"https:\/\/www.maapprogram.org\/2017\/hotspots-2017-2\/\">MAAP #68<\/a>), hemos descrito el grave avance de la deforestaci\u00f3n por miner\u00eda aur\u00edfera en la Amazon\u00eda peruana sur, como en la zona de La Pampa (ver <strong>Mapa Base<\/strong>). Durante los \u00faltimos dos a\u00f1os, otra zona cr\u00edtica ha surgido en esta regi\u00f3n: el <strong>Alto R\u00edo Malinowski<\/strong>. Esta \u00e1rea se ubica en la cuenca alta del r\u00edo Malinowski, aguas arriba de La Pampa (ver Mapa Base).<\/p>\n<p>En este informe, mostramos im\u00e1genes satelitales del r\u00e1pido avance de la deforestaci\u00f3n en dos sectores de la cuenca alta del r\u00edo Malinowski. En total, se trata de la deforestaci\u00f3n de <strong>1,570 hect\u00e1reas <\/strong>(2,150 campos de f\u00fatbol) entre el 2015 y el 2017 al interior de la zona de amortiguamiento del Parque Nacional Bahuaja Sonene.<\/p>\n<div id=\"attachment_6542\" class=\"thumbnail aligncenter\"><a href=\"https:\/\/www.maapprogram.org\/wp-content\/uploads\/2017\/10\/MAAP_Malinowski_del_2017_A_v5.jpg\"><img decoding=\"async\" class=\" wp-image-6542\" src=\"https:\/\/www.maapprogram.org\/wp-content\/uploads\/2017\/10\/MAAP_Malinowski_del_2017_A_v5.jpg\" alt=\"\" width=\"826\" height=\"523\" \/><\/a><div class=\"caption\">Mapa Base. Datos: SERNANP, UMD\/GLAD, MINAM\/PNCB, Hansen\/UMD\/Google\/USGS\/NASA<\/div><\/div>\n<div class=\"fitem-sep\"><\/div>\n<h3><strong>Alto Malinowski &#8211; Sector A<\/strong><\/h3>\n<p>El sector A ha experimentado la r\u00e1pida deforestaci\u00f3n de 285 hect\u00e1reas durante los \u00faltimos 2 a\u00f1os. La <strong>Imagen 71a<\/strong> muestra el cambio entre el 2015 (panel izquierdo) y el 2017 (panel derecho). Adicionalmente, mostramos una imagen de muy alta resoluci\u00f3n (0.32 metros) que muestra la presencia de campamentos mineros activos.\u00a0No existen\u00a0concesiones mineras en este sector,\u00a0<span id=\"m_-7988671427234468483yui_3_16_0_ym19_1_1508807050949_12980\">por lo tanto<\/span>\u00a0se trata de <strong>miner\u00eda ilegal<\/strong>.<\/p>\n<div id=\"attachment_6495\" class=\"thumbnail aligncenter\"><a href=\"https:\/\/www.maapprogram.org\/wp-content\/uploads\/2017\/10\/MAAP_Malinowski_del_2017_C_m_v4.jpg\"><img decoding=\"async\" class=\"wp-image-6495 size-full\" src=\"https:\/\/www.maapprogram.org\/wp-content\/uploads\/2017\/10\/MAAP_Malinowski_del_2017_C_m_v4.jpg\" alt=\"\" width=\"1816\" height=\"717\" \/><\/a><div class=\"caption\">Imagen 72a. Datos: Planet<\/div><\/div>\n<div id=\"attachment_6496\" class=\"thumbnail aligncenter\"><a href=\"https:\/\/www.maapprogram.org\/wp-content\/uploads\/2017\/10\/MAAP_Malinowski_del_2017_D_v3.jpg\"><img decoding=\"async\" class=\" wp-image-6496\" src=\"https:\/\/www.maapprogram.org\/wp-content\/uploads\/2017\/10\/MAAP_Malinowski_del_2017_D_v3.jpg\" alt=\"\" width=\"820\" height=\"498\" \/><\/a><div class=\"caption\">Imagen de Muy Alta Resoluci\u00f3n. Datos: DigitalGlobe (Nextview)<\/div><\/div>\n<div class=\"fitem-sep\"><\/div>\n<h3><strong>Alto Malinowski &#8211; Sector B<\/strong><\/h3>\n<p>El sector B ha experimentado la deforestaci\u00f3n de 1,285 hect\u00e1reas durante los \u00faltimos 3 a\u00f1os. La <strong>Imagen 71b<\/strong> muestra el cambio entre el 2014 (panel izquierdo) y el 2017 (panel derecho).<\/p>\n<div id=\"attachment_6497\" class=\"thumbnail aligncenter\"><a href=\"https:\/\/www.maapprogram.org\/wp-content\/uploads\/2017\/10\/MAAP_Malinowski_del_2017_B_m_v3.jpg\"><img decoding=\"async\" class=\"wp-image-6497 size-full\" src=\"https:\/\/www.maapprogram.org\/wp-content\/uploads\/2017\/10\/MAAP_Malinowski_del_2017_B_m_v3.jpg\" alt=\"\" width=\"2290\" height=\"717\" \/><\/a><div class=\"caption\">Imagen 72b. Planet<\/div><\/div>\n<div class=\"fitem-sep\"><\/div>\n<h3><strong>Coordenadas<\/strong><\/h3>\n<p>Sector A:<br \/>\n-13.052761, -70.164371<\/p>\n<p>Sector B:<br \/>\n-13.120311, -70.268055<\/p>\n<div class=\"fitem-sep\"><\/div>\n<h3><strong>Referencias<\/strong><\/h3>\n<p>Planet Team (2017). Planet Application Program Interface: In Space for Life on Earth. San Francisco, CA.\u00a0<a class=\"external external_icon\" href=\"https:\/\/api.planet.com\/\" target=\"_blank\" rel=\"nofollow noopener\">https:\/\/api.planet.com<\/a><\/p>\n<div class=\"fitem-sep\"><\/div>\n<h3><strong>Cita<\/strong><\/h3>\n<p>Finer M, Novoa S (2017)\u00a0Otra Zona Cr\u00edtica de Deforestaci\u00f3n Minera: Alto Malinowski (Madre de Dios). MAAP: 72.<\/p>\n<div class=\"fitem-sep\"><\/div>\n","protected":false},"excerpt":{"rendered":"<p>En informes anteriores (MAAP #60, MAAP #68), hemos descrito el grave avance de la deforestaci\u00f3n por miner\u00eda aur\u00edfera en la Amazon\u00eda peruana sur, como en la zona de La Pampa (ver Mapa Base). Durante los \u00faltimos dos a\u00f1os, otra zona cr\u00edtica ha surgido en esta regi\u00f3n: el Alto R\u00edo Malinowski. Esta \u00e1rea se ubica en [&hellip;]<\/p>\n","protected":false},"author":1,"featured_media":0,"comment_status":"open","ping_status":"open","sticky":false,"template":"","format":"standard","meta":{"_acf_changed":false,"footnotes":""},"categories":[347],"tags":[149],"ftr_agriculture":[],"carbon-and-climate-change":[],"ftr_country":[483],"fire":[],"infrastructure-threat":[],"land-use":[],"mining-and-logging-threat":[434],"natural-forest-loss":[],"special-analysis":[],"class_list":["post-21198","post","type-post","status-publish","format-standard","hentry","category-paisesperu","tag-maap-72","ftr_country-peru-2","mining-and-logging-threat-mineria-de-oro"],"acf":[],"yoast_head":"<!-- This site is optimized with the Yoast SEO plugin v27.3 - https:\/\/yoast.com\/product\/yoast-seo-wordpress\/ -->\n<title>MAAP #72: Otra Zona Cr\u00edtica de Deforestaci\u00f3n Minera: Alto Malinowski (Madre de Dios) - MAAP<\/title>\n<meta name=\"robots\" content=\"index, follow, max-snippet:-1, max-image-preview:large, max-video-preview:-1\" \/>\n<link rel=\"canonical\" href=\"https:\/\/www.maapprogram.org\/es\/alto-malinowski-2017\/\" \/>\n<meta property=\"og:locale\" content=\"es_ES\" \/>\n<meta property=\"og:type\" content=\"article\" \/>\n<meta property=\"og:title\" content=\"MAAP #72: Otra Zona Cr\u00edtica de Deforestaci\u00f3n Minera: Alto Malinowski (Madre de Dios) - MAAP\" \/>\n<meta property=\"og:description\" content=\"En informes anteriores (MAAP #60, MAAP #68), hemos descrito el grave avance de la deforestaci\u00f3n por miner\u00eda aur\u00edfera en la Amazon\u00eda peruana sur, como en la zona de La Pampa (ver Mapa Base). Durante los \u00faltimos dos a\u00f1os, otra zona cr\u00edtica ha surgido en esta regi\u00f3n: el Alto R\u00edo Malinowski. Esta \u00e1rea se ubica en [&hellip;]\" \/>\n<meta property=\"og:url\" content=\"https:\/\/www.maapprogram.org\/es\/alto-malinowski-2017\/\" \/>\n<meta property=\"og:site_name\" content=\"MAAP\" \/>\n<meta property=\"article:published_time\" content=\"2017-10-30T13:21:00+00:00\" \/>\n<meta property=\"article:modified_time\" content=\"2024-09-24T20:31:31+00:00\" \/>\n<meta property=\"og:image\" content=\"https:\/\/www.maapprogram.org\/wp-content\/uploads\/2017\/10\/MAAP_Malinowski_del_2017_A_v5.jpg\" \/>\n<meta name=\"author\" content=\"dcadmin\" \/>\n<meta name=\"twitter:card\" content=\"summary_large_image\" \/>\n<meta name=\"twitter:label1\" content=\"Escrito por\" \/>\n\t<meta name=\"twitter:data1\" content=\"dcadmin\" \/>\n\t<meta name=\"twitter:label2\" content=\"Tiempo de lectura\" \/>\n\t<meta name=\"twitter:data2\" content=\"3 minutos\" \/>\n<script type=\"application\/ld+json\" class=\"yoast-schema-graph\">{\"@context\":\"https:\\\/\\\/schema.org\",\"@graph\":[{\"@type\":\"Article\",\"@id\":\"https:\\\/\\\/www.maapprogram.org\\\/es\\\/alto-malinowski-2017\\\/#article\",\"isPartOf\":{\"@id\":\"https:\\\/\\\/www.maapprogram.org\\\/es\\\/alto-malinowski-2017\\\/\"},\"author\":{\"name\":\"dcadmin\",\"@id\":\"https:\\\/\\\/www.maapprogram.org\\\/es\\\/#\\\/schema\\\/person\\\/433e90c8debccfe16357e05627bbd443\"},\"headline\":\"MAAP #72: Otra Zona Cr\u00edtica de Deforestaci\u00f3n Minera: Alto Malinowski (Madre de Dios)\",\"datePublished\":\"2017-10-30T13:21:00+00:00\",\"dateModified\":\"2024-09-24T20:31:31+00:00\",\"mainEntityOfPage\":{\"@id\":\"https:\\\/\\\/www.maapprogram.org\\\/es\\\/alto-malinowski-2017\\\/\"},\"wordCount\":364,\"commentCount\":0,\"image\":{\"@id\":\"https:\\\/\\\/www.maapprogram.org\\\/es\\\/alto-malinowski-2017\\\/#primaryimage\"},\"thumbnailUrl\":\"https:\\\/\\\/www.maapprogram.org\\\/wp-content\\\/uploads\\\/2017\\\/10\\\/MAAP_Malinowski_del_2017_A_v5.jpg\",\"keywords\":[\"MAAP #72\"],\"articleSection\":[\"Paises&gt;Per\u00fa\"],\"inLanguage\":\"es\",\"potentialAction\":[{\"@type\":\"CommentAction\",\"name\":\"Comment\",\"target\":[\"https:\\\/\\\/www.maapprogram.org\\\/es\\\/alto-malinowski-2017\\\/#respond\"]}]},{\"@type\":\"WebPage\",\"@id\":\"https:\\\/\\\/www.maapprogram.org\\\/es\\\/alto-malinowski-2017\\\/\",\"url\":\"https:\\\/\\\/www.maapprogram.org\\\/es\\\/alto-malinowski-2017\\\/\",\"name\":\"MAAP #72: Otra Zona Cr\u00edtica de Deforestaci\u00f3n Minera: Alto Malinowski (Madre de Dios) - MAAP\",\"isPartOf\":{\"@id\":\"https:\\\/\\\/www.maapprogram.org\\\/es\\\/#website\"},\"primaryImageOfPage\":{\"@id\":\"https:\\\/\\\/www.maapprogram.org\\\/es\\\/alto-malinowski-2017\\\/#primaryimage\"},\"image\":{\"@id\":\"https:\\\/\\\/www.maapprogram.org\\\/es\\\/alto-malinowski-2017\\\/#primaryimage\"},\"thumbnailUrl\":\"https:\\\/\\\/www.maapprogram.org\\\/wp-content\\\/uploads\\\/2017\\\/10\\\/MAAP_Malinowski_del_2017_A_v5.jpg\",\"datePublished\":\"2017-10-30T13:21:00+00:00\",\"dateModified\":\"2024-09-24T20:31:31+00:00\",\"author\":{\"@id\":\"https:\\\/\\\/www.maapprogram.org\\\/es\\\/#\\\/schema\\\/person\\\/433e90c8debccfe16357e05627bbd443\"},\"breadcrumb\":{\"@id\":\"https:\\\/\\\/www.maapprogram.org\\\/es\\\/alto-malinowski-2017\\\/#breadcrumb\"},\"inLanguage\":\"es\",\"potentialAction\":[{\"@type\":\"ReadAction\",\"target\":[\"https:\\\/\\\/www.maapprogram.org\\\/es\\\/alto-malinowski-2017\\\/\"]}]},{\"@type\":\"ImageObject\",\"inLanguage\":\"es\",\"@id\":\"https:\\\/\\\/www.maapprogram.org\\\/es\\\/alto-malinowski-2017\\\/#primaryimage\",\"url\":\"https:\\\/\\\/www.maapprogram.org\\\/wp-content\\\/uploads\\\/2017\\\/10\\\/MAAP_Malinowski_del_2017_A_v5.jpg\",\"contentUrl\":\"https:\\\/\\\/www.maapprogram.org\\\/wp-content\\\/uploads\\\/2017\\\/10\\\/MAAP_Malinowski_del_2017_A_v5.jpg\"},{\"@type\":\"BreadcrumbList\",\"@id\":\"https:\\\/\\\/www.maapprogram.org\\\/es\\\/alto-malinowski-2017\\\/#breadcrumb\",\"itemListElement\":[{\"@type\":\"ListItem\",\"position\":1,\"name\":\"Home\",\"item\":\"https:\\\/\\\/www.maapprogram.org\\\/es\\\/\"},{\"@type\":\"ListItem\",\"position\":2,\"name\":\"MAAP #72: Otra Zona Cr\u00edtica de Deforestaci\u00f3n Minera: Alto Malinowski (Madre de Dios)\"}]},{\"@type\":\"WebSite\",\"@id\":\"https:\\\/\\\/www.maapprogram.org\\\/es\\\/#website\",\"url\":\"https:\\\/\\\/www.maapprogram.org\\\/es\\\/\",\"name\":\"MAAP\",\"description\":\"\",\"potentialAction\":[{\"@type\":\"SearchAction\",\"target\":{\"@type\":\"EntryPoint\",\"urlTemplate\":\"https:\\\/\\\/www.maapprogram.org\\\/es\\\/?s={search_term_string}\"},\"query-input\":{\"@type\":\"PropertyValueSpecification\",\"valueRequired\":true,\"valueName\":\"search_term_string\"}}],\"inLanguage\":\"es\"},{\"@type\":\"Person\",\"@id\":\"https:\\\/\\\/www.maapprogram.org\\\/es\\\/#\\\/schema\\\/person\\\/433e90c8debccfe16357e05627bbd443\",\"name\":\"dcadmin\",\"image\":{\"@type\":\"ImageObject\",\"inLanguage\":\"es\",\"@id\":\"https:\\\/\\\/secure.gravatar.com\\\/avatar\\\/83c0f4e5f994ae4e4b9ae78b382f373b07a15509b31a24d7d748f76e9925b825?s=96&d=mm&r=g\",\"url\":\"https:\\\/\\\/secure.gravatar.com\\\/avatar\\\/83c0f4e5f994ae4e4b9ae78b382f373b07a15509b31a24d7d748f76e9925b825?s=96&d=mm&r=g\",\"contentUrl\":\"https:\\\/\\\/secure.gravatar.com\\\/avatar\\\/83c0f4e5f994ae4e4b9ae78b382f373b07a15509b31a24d7d748f76e9925b825?s=96&d=mm&r=g\",\"caption\":\"dcadmin\"},\"sameAs\":[\"http:\\\/\\\/www.maapprogram.org\"],\"url\":\"https:\\\/\\\/www.maapprogram.org\\\/es\\\/author\\\/dcadmin\\\/\"}]}<\/script>\n<!-- \/ Yoast SEO plugin. -->","yoast_head_json":{"title":"MAAP #72: Otra Zona Cr\u00edtica de Deforestaci\u00f3n Minera: Alto Malinowski (Madre de Dios) - MAAP","robots":{"index":"index","follow":"follow","max-snippet":"max-snippet:-1","max-image-preview":"max-image-preview:large","max-video-preview":"max-video-preview:-1"},"canonical":"https:\/\/www.maapprogram.org\/es\/alto-malinowski-2017\/","og_locale":"es_ES","og_type":"article","og_title":"MAAP #72: Otra Zona Cr\u00edtica de Deforestaci\u00f3n Minera: Alto Malinowski (Madre de Dios) - MAAP","og_description":"En informes anteriores (MAAP #60, MAAP #68), hemos descrito el grave avance de la deforestaci\u00f3n por miner\u00eda aur\u00edfera en la Amazon\u00eda peruana sur, como en la zona de La Pampa (ver Mapa Base). Durante los \u00faltimos dos a\u00f1os, otra zona cr\u00edtica ha surgido en esta regi\u00f3n: el Alto R\u00edo Malinowski. Esta \u00e1rea se ubica en [&hellip;]","og_url":"https:\/\/www.maapprogram.org\/es\/alto-malinowski-2017\/","og_site_name":"MAAP","article_published_time":"2017-10-30T13:21:00+00:00","article_modified_time":"2024-09-24T20:31:31+00:00","og_image":[{"url":"https:\/\/www.maapprogram.org\/wp-content\/uploads\/2017\/10\/MAAP_Malinowski_del_2017_A_v5.jpg","type":"","width":"","height":""}],"author":"dcadmin","twitter_card":"summary_large_image","twitter_misc":{"Escrito por":"dcadmin","Tiempo de lectura":"3 minutos"},"schema":{"@context":"https:\/\/schema.org","@graph":[{"@type":"Article","@id":"https:\/\/www.maapprogram.org\/es\/alto-malinowski-2017\/#article","isPartOf":{"@id":"https:\/\/www.maapprogram.org\/es\/alto-malinowski-2017\/"},"author":{"name":"dcadmin","@id":"https:\/\/www.maapprogram.org\/es\/#\/schema\/person\/433e90c8debccfe16357e05627bbd443"},"headline":"MAAP #72: Otra Zona Cr\u00edtica de Deforestaci\u00f3n Minera: Alto Malinowski (Madre de Dios)","datePublished":"2017-10-30T13:21:00+00:00","dateModified":"2024-09-24T20:31:31+00:00","mainEntityOfPage":{"@id":"https:\/\/www.maapprogram.org\/es\/alto-malinowski-2017\/"},"wordCount":364,"commentCount":0,"image":{"@id":"https:\/\/www.maapprogram.org\/es\/alto-malinowski-2017\/#primaryimage"},"thumbnailUrl":"https:\/\/www.maapprogram.org\/wp-content\/uploads\/2017\/10\/MAAP_Malinowski_del_2017_A_v5.jpg","keywords":["MAAP #72"],"articleSection":["Paises&gt;Per\u00fa"],"inLanguage":"es","potentialAction":[{"@type":"CommentAction","name":"Comment","target":["https:\/\/www.maapprogram.org\/es\/alto-malinowski-2017\/#respond"]}]},{"@type":"WebPage","@id":"https:\/\/www.maapprogram.org\/es\/alto-malinowski-2017\/","url":"https:\/\/www.maapprogram.org\/es\/alto-malinowski-2017\/","name":"MAAP #72: Otra Zona Cr\u00edtica de Deforestaci\u00f3n Minera: Alto Malinowski (Madre de Dios) - MAAP","isPartOf":{"@id":"https:\/\/www.maapprogram.org\/es\/#website"},"primaryImageOfPage":{"@id":"https:\/\/www.maapprogram.org\/es\/alto-malinowski-2017\/#primaryimage"},"image":{"@id":"https:\/\/www.maapprogram.org\/es\/alto-malinowski-2017\/#primaryimage"},"thumbnailUrl":"https:\/\/www.maapprogram.org\/wp-content\/uploads\/2017\/10\/MAAP_Malinowski_del_2017_A_v5.jpg","datePublished":"2017-10-30T13:21:00+00:00","dateModified":"2024-09-24T20:31:31+00:00","author":{"@id":"https:\/\/www.maapprogram.org\/es\/#\/schema\/person\/433e90c8debccfe16357e05627bbd443"},"breadcrumb":{"@id":"https:\/\/www.maapprogram.org\/es\/alto-malinowski-2017\/#breadcrumb"},"inLanguage":"es","potentialAction":[{"@type":"ReadAction","target":["https:\/\/www.maapprogram.org\/es\/alto-malinowski-2017\/"]}]},{"@type":"ImageObject","inLanguage":"es","@id":"https:\/\/www.maapprogram.org\/es\/alto-malinowski-2017\/#primaryimage","url":"https:\/\/www.maapprogram.org\/wp-content\/uploads\/2017\/10\/MAAP_Malinowski_del_2017_A_v5.jpg","contentUrl":"https:\/\/www.maapprogram.org\/wp-content\/uploads\/2017\/10\/MAAP_Malinowski_del_2017_A_v5.jpg"},{"@type":"BreadcrumbList","@id":"https:\/\/www.maapprogram.org\/es\/alto-malinowski-2017\/#breadcrumb","itemListElement":[{"@type":"ListItem","position":1,"name":"Home","item":"https:\/\/www.maapprogram.org\/es\/"},{"@type":"ListItem","position":2,"name":"MAAP #72: Otra Zona Cr\u00edtica de Deforestaci\u00f3n Minera: Alto Malinowski (Madre de Dios)"}]},{"@type":"WebSite","@id":"https:\/\/www.maapprogram.org\/es\/#website","url":"https:\/\/www.maapprogram.org\/es\/","name":"MAAP","description":"","potentialAction":[{"@type":"SearchAction","target":{"@type":"EntryPoint","urlTemplate":"https:\/\/www.maapprogram.org\/es\/?s={search_term_string}"},"query-input":{"@type":"PropertyValueSpecification","valueRequired":true,"valueName":"search_term_string"}}],"inLanguage":"es"},{"@type":"Person","@id":"https:\/\/www.maapprogram.org\/es\/#\/schema\/person\/433e90c8debccfe16357e05627bbd443","name":"dcadmin","image":{"@type":"ImageObject","inLanguage":"es","@id":"https:\/\/secure.gravatar.com\/avatar\/83c0f4e5f994ae4e4b9ae78b382f373b07a15509b31a24d7d748f76e9925b825?s=96&d=mm&r=g","url":"https:\/\/secure.gravatar.com\/avatar\/83c0f4e5f994ae4e4b9ae78b382f373b07a15509b31a24d7d748f76e9925b825?s=96&d=mm&r=g","contentUrl":"https:\/\/secure.gravatar.com\/avatar\/83c0f4e5f994ae4e4b9ae78b382f373b07a15509b31a24d7d748f76e9925b825?s=96&d=mm&r=g","caption":"dcadmin"},"sameAs":["http:\/\/www.maapprogram.org"],"url":"https:\/\/www.maapprogram.org\/es\/author\/dcadmin\/"}]}},"_links":{"self":[{"href":"https:\/\/www.maapprogram.org\/es\/wp-json\/wp\/v2\/posts\/21198","targetHints":{"allow":["GET"]}}],"collection":[{"href":"https:\/\/www.maapprogram.org\/es\/wp-json\/wp\/v2\/posts"}],"about":[{"href":"https:\/\/www.maapprogram.org\/es\/wp-json\/wp\/v2\/types\/post"}],"author":[{"embeddable":true,"href":"https:\/\/www.maapprogram.org\/es\/wp-json\/wp\/v2\/users\/1"}],"replies":[{"embeddable":true,"href":"https:\/\/www.maapprogram.org\/es\/wp-json\/wp\/v2\/comments?post=21198"}],"version-history":[{"count":1,"href":"https:\/\/www.maapprogram.org\/es\/wp-json\/wp\/v2\/posts\/21198\/revisions"}],"predecessor-version":[{"id":23229,"href":"https:\/\/www.maapprogram.org\/es\/wp-json\/wp\/v2\/posts\/21198\/revisions\/23229"}],"wp:attachment":[{"href":"https:\/\/www.maapprogram.org\/es\/wp-json\/wp\/v2\/media?parent=21198"}],"wp:term":[{"taxonomy":"category","embeddable":true,"href":"https:\/\/www.maapprogram.org\/es\/wp-json\/wp\/v2\/categories?post=21198"},{"taxonomy":"post_tag","embeddable":true,"href":"https:\/\/www.maapprogram.org\/es\/wp-json\/wp\/v2\/tags?post=21198"},{"taxonomy":"ftr_agriculture","embeddable":true,"href":"https:\/\/www.maapprogram.org\/es\/wp-json\/wp\/v2\/ftr_agriculture?post=21198"},{"taxonomy":"carbon-and-climate-change","embeddable":true,"href":"https:\/\/www.maapprogram.org\/es\/wp-json\/wp\/v2\/carbon-and-climate-change?post=21198"},{"taxonomy":"ftr_country","embeddable":true,"href":"https:\/\/www.maapprogram.org\/es\/wp-json\/wp\/v2\/ftr_country?post=21198"},{"taxonomy":"fire","embeddable":true,"href":"https:\/\/www.maapprogram.org\/es\/wp-json\/wp\/v2\/fire?post=21198"},{"taxonomy":"infrastructure-threat","embeddable":true,"href":"https:\/\/www.maapprogram.org\/es\/wp-json\/wp\/v2\/infrastructure-threat?post=21198"},{"taxonomy":"land-use","embeddable":true,"href":"https:\/\/www.maapprogram.org\/es\/wp-json\/wp\/v2\/land-use?post=21198"},{"taxonomy":"mining-and-logging-threat","embeddable":true,"href":"https:\/\/www.maapprogram.org\/es\/wp-json\/wp\/v2\/mining-and-logging-threat?post=21198"},{"taxonomy":"natural-forest-loss","embeddable":true,"href":"https:\/\/www.maapprogram.org\/es\/wp-json\/wp\/v2\/natural-forest-loss?post=21198"},{"taxonomy":"special-analysis","embeddable":true,"href":"https:\/\/www.maapprogram.org\/es\/wp-json\/wp\/v2\/special-analysis?post=21198"}],"curies":[{"name":"wp","href":"https:\/\/api.w.org\/{rel}","templated":true}]}}