{"id":21199,"date":"2021-07-02T10:42:00","date_gmt":"2021-07-02T10:42:00","guid":{"rendered":"https:\/\/www.maapprogram.org\/tala-ilegal-peru-wtf\/"},"modified":"2024-09-24T20:26:13","modified_gmt":"2024-09-24T20:26:13","slug":"tala-ilegal-peru-wtf","status":"publish","type":"post","link":"https:\/\/www.maapprogram.org\/es\/tala-ilegal-peru-wtf\/","title":{"rendered":"MAAP N.\u00b0 139: La tala ilegal en la Amazon\u00eda peruana \u2013 un nuevo caso emblem\u00e1tico"},"content":{"rendered":"<div id=\"attachment_10290\" class=\"thumbnail alignright\"><a href=\"https:\/\/www.maapprogram.org\/wp-content\/uploads\/2021\/06\/maaproject.org-maap-139-la-tala-ilegal-en-la-amazonia-peruana-un-nuevo-caso-emblematico-WTF-imagen-1.jpg\"><img decoding=\"async\" class=\"wp-image-10290 \" src=\"https:\/\/www.maapprogram.org\/wp-content\/uploads\/2021\/06\/maaproject.org-maap-139-la-tala-ilegal-en-la-amazonia-peruana-un-nuevo-caso-emblematico-WTF-imagen-1-820x580.jpg\" alt=\"\" width=\"761\" height=\"538\" \/><\/a><div class=\"caption\">Imagen 1. Campamento maderero ilegal. Datos: Skysat.<\/div><\/div>\n<p>La\u00a0<strong>tala ilegal<\/strong>, adem\u00e1s de la deforestaci\u00f3n a mayor escala, es un gran problema que viene impactando la Amazon\u00eda peruana.<\/p>\n<p>En el 2019, una <a href=\"https:\/\/www.globalwitness.org\/en\/campaigns\/forests\/forest-avengers\/\" target=\"_blank\" rel=\"noopener\" data-saferedirecturl=\"https:\/\/www.google.com\/url?q=https:\/\/www.globalwitness.org\/en\/campaigns\/forests\/forest-avengers\/&amp;source=gmail&amp;ust=1623437689885000&amp;usg=AFQjCNHhpkOHTjgjs5RRYnkHwIIeZbAmPg\">publicaci\u00f3n de la organizaci\u00f3n Global Witness<\/a>, basada en informaci\u00f3n oficial del Gobierno peruano (Organismo de Supervisi\u00f3n de los Recursos Forestales y de Fauna Silvestre &#8211; OSINFOR), estim\u00f3 que al menos 60% de la madera supervisada en los \u00faltimos 10 a\u00f1os ten\u00eda un origen ilegal. Este problema no solo afecta directamente al bosque y su biodiversidad, sino que tambi\u00e9n contribuye a la p\u00e9rdida de carbono (Qin et al, 2021) y a la degradaci\u00f3n forestal.<\/p>\n<p>Se trata de la tala selectiva de \u00e1rboles de valor comercial en zonas prohibidas (a diferencia de la deforestaci\u00f3n que implica eliminar la cobertura total de un \u00e1rea determinada).<\/p>\n<p>Mientras que numerosos sat\u00e9lites pueden detectar la deforestaci\u00f3n, solo <strong>sat\u00e9lites especializados<\/strong> y de muy alta resoluci\u00f3n (menos de un metro) detectan la tala ilegal.<\/p>\n<p>En el <span style=\"text-decoration: underline;\">presente reporte<\/span>, mostramos un nuevo caso emblem\u00e1tico de presunta tala ilegal en la Amazon\u00eda sur peruana.<\/p>\n<p>Se basa en una <strong>t\u00e9cnica novedosa<\/strong> de an\u00e1lisis de im\u00e1genes de muy alta resoluci\u00f3n (sat\u00e9lite Skysat) para un \u00e1rea espec\u00edfica (en este caso, la concesi\u00f3n forestal Wood Tropical Forest). Gracias a esta nueva t\u00e9cnica, podemos abordar el problema de la tala ilegal en tiempo real, anteriormente uno de los mayores obst\u00e1culos.<\/p>\n<h3><div class=\"fitem-sep\"><\/div><br \/>\n<strong>Caso<\/strong> <strong>emblem\u00e1tico<\/strong><\/h3>\n<p>Nos referimos a esto como un <strong>caso<\/strong> <strong>emblem\u00e1tico<\/strong> debido a los fuertes indicadores de ilegalidad (ver la secci\u00f3n \u201cSituaci\u00f3n legal,\u00bb abajo) combinados con impactos significativos en un \u00e1rea de bosque primario importante, tanto para los pueblos ind\u00edgenas como para la biodiversidad.<\/p>\n<p>En primer lugar, suele ser dif\u00edcil confirmar la tala ilegal dada la falta de informaci\u00f3n t\u00e9cnica y administrativa actualizada. Sin embargo, este estudio de caso supera ambos obst\u00e1culos.<\/p>\n<p>En segundo lugar, la presunta actividad ilegal no solo estar\u00eda afectando el bosque de una concesi\u00f3n forestal, sino que tambi\u00e9n estar\u00eda amenazando las \u00e1reas circundantes importantes. Junto a la concesi\u00f3n (al oeste) est\u00e1 la <strong>Reserva Territorial Madre de Dios<\/strong>, un \u00e1rea cr\u00edtica que protege el territorio de pueblos ind\u00edgenas en aislamiento voluntario.<\/p>\n<div class=\"fitem-sep\"><\/div>\n<h3><strong>Caso Wood Tropical Forest<\/strong><\/h3>\n<p>Durante nuestro constante trabajo de monitoreo en la Concesi\u00f3n de Conservaci\u00f3n Los Amigos, obtuvimos una serie de <strong>im\u00e1genes de muy alta resoluci\u00f3n<\/strong> que abarcan tambi\u00e9n la concesi\u00f3n forestal circundante denominada Wood Tropical Forest.<\/p>\n<p>Estas im\u00e1genes, tomadas entre febrero y abril de 2021, fueron obtenidas por la constelaci\u00f3n de <strong>sat\u00e9lites Skysat <\/strong>(0,5 metros de resoluci\u00f3n), de la empresa Planet. Luego de su respectivo an\u00e1lisis, se revel\u00f3 la existencia de una situaci\u00f3n grave de tala presuntamente ilegal. En efecto, se detectaron <strong>tres\u00a0campamentos<\/strong> y <strong>37 casos de tala<\/strong>\u00a0al interior de la concesi\u00f3n de Wood Tropical Forest (ver <strong>Mapa Base<\/strong>).<\/p>\n<div id=\"attachment_10232\" class=\"thumbnail aligncenter\"><a href=\"https:\/\/www.maapprogram.org\/wp-content\/uploads\/2021\/05\/maaproject.org-maap-la-tala-ilegal-en-la-amazonia-peruana-un-nuevo-caso-emblematico-WTF-mapa-base-v6.jpg\"><img decoding=\"async\" class=\"wp-image-10232 size-medium\" src=\"https:\/\/www.maapprogram.org\/wp-content\/uploads\/2021\/05\/maaproject.org-maap-la-tala-ilegal-en-la-amazonia-peruana-un-nuevo-caso-emblematico-WTF-mapa-base-v6-820x580.jpg\" alt=\"\" width=\"820\" height=\"580\" \/><\/a><div class=\"caption\">Mapa Base. Datos: MAAP\/ACCA.<\/div><\/div>\n<div class=\"fitem-sep\"><\/div>\n<h3><strong>Im\u00e1genes de muy alta resoluci\u00f3n (Skysat)<\/strong><\/h3>\n<p>Las siguientes im\u00e1genes muestran algunos de los hallazgos realizados por el sat\u00e9lite Skysat al interior de la concesi\u00f3n de Wood Tropical Forest. Las <strong>Im\u00e1genes 1-2<\/strong> muestran ejemplos de campamentos madereros, donde se resaltan los techos de pl\u00e1stico azules y negros usados para estas actividades. Las <strong>Im\u00e1genes 3-5<\/strong> muestran ejemplos de la tala presuntamente ilegal, en donde se puede visualizar los claros hasta el nivel de \u00e1rboles individuales cortados.<\/p>\n<div id=\"attachment_10294\" class=\"thumbnail aligncenter\"><a href=\"https:\/\/www.maapprogram.org\/wp-content\/uploads\/2021\/06\/maaproject.org-maap-139-la-tala-ilegal-en-la-amazonia-peruana-un-nuevo-caso-emblematico-WTF-imagen-2.jpg\"><img decoding=\"async\" class=\"wp-image-10294 size-medium\" src=\"https:\/\/www.maapprogram.org\/wp-content\/uploads\/2021\/06\/maaproject.org-maap-139-la-tala-ilegal-en-la-amazonia-peruana-un-nuevo-caso-emblematico-WTF-imagen-2-820x580.jpg\" alt=\"\" width=\"820\" height=\"580\" \/><\/a><div class=\"caption\">Imagen 2. Campamento maderero. Datos: Skysat.<\/div><\/div>\n<div class=\"fitem-sep\"><\/div>\n<div id=\"attachment_10291\" class=\"thumbnail aligncenter\"><a href=\"https:\/\/www.maapprogram.org\/wp-content\/uploads\/2021\/06\/maaproject.org-maap-139-la-tala-ilegal-en-la-amazonia-peruana-un-nuevo-caso-emblematico-WTF-imagen-3.jpg\"><img decoding=\"async\" class=\"wp-image-10291 size-medium\" src=\"https:\/\/www.maapprogram.org\/wp-content\/uploads\/2021\/06\/maaproject.org-maap-139-la-tala-ilegal-en-la-amazonia-peruana-un-nuevo-caso-emblematico-WTF-imagen-3-820x580.jpg\" alt=\"\" width=\"820\" height=\"580\" \/><\/a><div class=\"caption\">Imagen 3. Tala ilegal. Datos: Skysat.<\/div><\/div>\n<div class=\"fitem-sep\"><\/div>\n<div id=\"attachment_10292\" class=\"thumbnail aligncenter\"><a href=\"https:\/\/www.maapprogram.org\/wp-content\/uploads\/2021\/06\/maaproject.org-maap-139-la-tala-ilegal-en-la-amazonia-peruana-un-nuevo-caso-emblematico-WTF-imagen-4.jpg\"><img decoding=\"async\" class=\"wp-image-10292 size-medium\" src=\"https:\/\/www.maapprogram.org\/wp-content\/uploads\/2021\/06\/maaproject.org-maap-139-la-tala-ilegal-en-la-amazonia-peruana-un-nuevo-caso-emblematico-WTF-imagen-4-820x580.jpg\" alt=\"\" width=\"820\" height=\"580\" \/><\/a><div class=\"caption\">Imagen 4. Tala ilegal. Datos: Skysat.<\/div><\/div>\n<div class=\"fitem-sep\"><\/div>\n<div id=\"attachment_10293\" class=\"thumbnail aligncenter\"><a href=\"https:\/\/www.maapprogram.org\/wp-content\/uploads\/2021\/06\/maaproject.org-maap-139-la-tala-ilegal-en-la-amazonia-peruana-un-nuevo-caso-emblematico-WTF-imagen-5.jpg\"><img decoding=\"async\" class=\"wp-image-10293 size-medium\" src=\"https:\/\/www.maapprogram.org\/wp-content\/uploads\/2021\/06\/maaproject.org-maap-139-la-tala-ilegal-en-la-amazonia-peruana-un-nuevo-caso-emblematico-WTF-imagen-5-820x580.jpg\" alt=\"\" width=\"820\" height=\"580\" \/><\/a><div class=\"caption\">Imagen 5. Tala ilegal. Datos: Skysat.<\/div><\/div>\n<div class=\"fitem-sep\"><\/div>\n<h3><strong>Conclusi\u00f3n<\/strong><\/h3>\n<p>Este reporte presenta una t\u00e9cnica novedosa, basada en la captura estrat\u00e9gica de im\u00e1genes de muy alta resoluci\u00f3n (Skysat) y su posterior an\u00e1lisis para detectar la tala ilegal selectiva en tiempo real. Anteriormente, uno de los mayores obst\u00e1culos para el monitoreo de la tala ilegal era la capacidad de los m\u00e9todos tradicionales de monitoreo para detectar esta casi imperceptible pero muy impactante actividad. En este reporte, se ha logrado visualizar, mediante el uso de estas im\u00e1genes, la actividad ilegal en \u00e1reas vastas y remotas con un detalle sin precedentes, incluso hasta el nivel de un campamento o un \u00e1rbol individual cortado.<\/p>\n<div class=\"fitem-sep\"><\/div>\n<h3><strong>Situaci\u00f3n legal<\/strong><\/h3>\n<p>La concesi\u00f3n forestal con Contrato N.\u00b0 17-TAM\/C-J-007-02 fue otorgada en el a\u00f1o 2002 a la Empresa Shihuahuaco Timber S.A.C. y cedi\u00f3 su posici\u00f3n contractual a la empresa Wood Tropical Forestal en el a\u00f1o 2010, quien es titular del contrato de concesi\u00f3n hasta la actualidad.<\/p>\n<p>La presunci\u00f3n de ilegalidad de la tala selectiva, evidenciada por nuestras im\u00e1genes satelitales, se debe\u00a0a que la concesi\u00f3n forestal no se encontrar\u00eda realizando actividades de aprovechamiento forestal enmarcadas en planes de manejo aprobados por el Gobierno Regional de Madre de Dios.<\/p>\n<p>En efecto, tras realizar la consulta al Gobierno Regional de Madre de Dios, en su calidad de Autoridad Regional Forestal y de Fauna Silvestre (ARFFS), se advierte que la concesi\u00f3n se encuentra vigente. No obstante, no ha presentado a la ARFFS planes operativos para el aprovechamiento forestal desde hace m\u00e1s de ocho a\u00f1os. Incluso, desde el 30 de enero de 2020, cuenta con una resoluci\u00f3n de la ARFFS que aprueba la suspensi\u00f3n del derecho de obligaciones contractuales (Resoluci\u00f3n de Gerencia Regional N.\u00b0 065-2020-GOREMAD\/GRFFS).<\/p>\n<p>En ese sentido, y en tanto no se han presentado planes operativos en los \u00faltimos a\u00f1os, podemos inferir que en el \u00e1rea de la concesi\u00f3n forestal posiblemente no se est\u00e9n realizando actividades l\u00edcitas de tala, por lo menos, desde hace ocho a\u00f1os.<\/p>\n<p>Aunado a ello, en el Informe de Supervisi\u00f3n N.\u00b0 007-2019-OSINFOR\/08.1.1, de acuerdo a una supervisi\u00f3n a la concesi\u00f3n para verificar obligaciones contractuales, el OSINFOR da cuenta de que la concesionaria present\u00f3 diversas denuncias entre los a\u00f1os 2016 al 2018 a la \u00a0Fiscal\u00eda Especializada en Materia Ambiental (FEMA), al Organismo de Supervisi\u00f3n de los Recursos Forestales y de Fauna Silvestre (OSINFOR) y al Gobierno Regional de Madre de Dios, en las cuales advirti\u00f3 la presencia de terceras personas al interior de la concesi\u00f3n que estar\u00edan realizando tala ilegal, deforestaci\u00f3n, instalaci\u00f3n de campamentos ilegales, entre otros.<\/p>\n<div class=\"fitem-sep\"><\/div>\n<h3><strong>Agradecimientos<\/strong><\/h3>\n<p>Agradecemos a E. Ortiz (AAF), Z. Romero (ACCA), G. Palacios (ACA) y a A. Felix, J. Carlos Guerra, K. Nielsen, O. Liao y R. Suarez del proyecto Prevenir de USAID, y J. Jara por sus \u00fatiles aportes y comentarios a este reporte.<\/p>\n<p>Este reporte se realiz\u00f3 con el apoyo t\u00e9cnico de USAID, a trav\u00e9s del proyecto Prevenir. Prevenir es<span lang=\"es-419\"> una iniciativa que durante cinco a\u00f1os trabajar\u00e1 con el Gobierno del Per\u00fa, la sociedad civil y el sector privado para prevenir y combatir los delitos ambientales en Loreto, Ucayali y Madre de Dios, con la finalidad de conservar la Amazon\u00eda peruana.<\/span><\/p>\n<p>Descargo de responsabilidad: Esta publicaci\u00f3n es posible gracias al generoso apoyo del Pueblo de los Estados Unidos a trav\u00e9s de USAID. Su contenido es responsabilidad exclusiva de los autores y no refleja necesariamente los puntos de vista de USAID o del Gobierno de los Estados Unidos.<\/p>\n<p>Este trabajo tambi\u00e9n es apoyado por NORAD (Norwegian Agency for Development Cooperation), ICFC (International Conservation Fund of Canada) y EROL Foundation.<\/p>\n<p>&nbsp;<\/p>\n<p><a href=\"https:\/\/www.maapprogram.org\/wp-content\/uploads\/2021\/04\/maaproject.org-usaid-norad-icfc-erol-maap-notext.png\"><img decoding=\"async\" class=\"size-full wp-image-10158 aligncenter\" src=\"https:\/\/www.maapprogram.org\/wp-content\/uploads\/2021\/04\/maaproject.org-usaid-norad-icfc-erol-maap-notext.png\" alt=\"\" \/><\/a><\/p>\n<p>&nbsp;<\/p>\n<div class=\"fitem-sep\"><\/div>\n<h3><strong>Referencias<\/strong><\/h3>\n<p>Qin, Y., Xiao, X., Wigneron, JP.\u00a0<i>et al.<\/i>\u00a0Carbon loss from forest degradation exceeds that from deforestation in the Brazilian Amazon.\u00a0<i>Nat. Clim. Chang.<\/i>\u00a0<b>11,\u00a0<\/b>442\u2013448 (2021). https:\/\/doi.org\/10.1038\/s41558-021-01026-5<\/p>\n<div class=\"fitem-sep\"><\/div>\n<h3><strong>Cita<\/strong><\/h3>\n<p>Finer M, Yupanqui O, Suarez D, Novoa S (2021) La Tala Ilegal en la Amazon\u00eda Peruana \u2013 un Nuevo Caso Emblem\u00e1tico. MAAP: 139.<\/p>\n<div class=\"fitem-sep\"><\/div>\n","protected":false},"excerpt":{"rendered":"<p>La\u00a0tala ilegal, adem\u00e1s de la deforestaci\u00f3n a mayor escala, es un gran problema que viene impactando la Amazon\u00eda peruana. En el 2019, una publicaci\u00f3n de la organizaci\u00f3n Global Witness, basada en informaci\u00f3n oficial del Gobierno peruano (Organismo de Supervisi\u00f3n de los Recursos Forestales y de Fauna Silvestre &#8211; OSINFOR), estim\u00f3 que al menos 60% de [&hellip;]<\/p>\n","protected":false},"author":1,"featured_media":0,"comment_status":"open","ping_status":"open","sticky":false,"template":"","format":"standard","meta":{"_acf_changed":false,"footnotes":""},"categories":[347],"tags":[245],"ftr_agriculture":[],"carbon-and-climate-change":[],"ftr_country":[483],"fire":[],"infrastructure-threat":[],"land-use":[],"mining-and-logging-threat":[435],"natural-forest-loss":[],"special-analysis":[],"class_list":["post-21199","post","type-post","status-publish","format-standard","hentry","category-paisesperu","tag-maap-139","ftr_country-peru-2","mining-and-logging-threat-tala"],"acf":[],"yoast_head":"<!-- This site is optimized with the Yoast SEO plugin v27.3 - https:\/\/yoast.com\/product\/yoast-seo-wordpress\/ -->\n<title>MAAP N.\u00b0 139: La tala ilegal en la Amazon\u00eda peruana \u2013 un nuevo caso emblem\u00e1tico - MAAP<\/title>\n<meta name=\"robots\" content=\"index, follow, max-snippet:-1, max-image-preview:large, max-video-preview:-1\" \/>\n<link rel=\"canonical\" href=\"https:\/\/www.maapprogram.org\/es\/tala-ilegal-peru-wtf\/\" \/>\n<meta property=\"og:locale\" content=\"es_ES\" \/>\n<meta property=\"og:type\" content=\"article\" \/>\n<meta property=\"og:title\" content=\"MAAP N.\u00b0 139: La tala ilegal en la Amazon\u00eda peruana \u2013 un nuevo caso emblem\u00e1tico - MAAP\" \/>\n<meta property=\"og:description\" content=\"La\u00a0tala ilegal, adem\u00e1s de la deforestaci\u00f3n a mayor escala, es un gran problema que viene impactando la Amazon\u00eda peruana. En el 2019, una publicaci\u00f3n de la organizaci\u00f3n Global Witness, basada en informaci\u00f3n oficial del Gobierno peruano (Organismo de Supervisi\u00f3n de los Recursos Forestales y de Fauna Silvestre &#8211; OSINFOR), estim\u00f3 que al menos 60% de [&hellip;]\" \/>\n<meta property=\"og:url\" content=\"https:\/\/www.maapprogram.org\/es\/tala-ilegal-peru-wtf\/\" \/>\n<meta property=\"og:site_name\" content=\"MAAP\" \/>\n<meta property=\"article:published_time\" content=\"2021-07-02T10:42:00+00:00\" \/>\n<meta property=\"article:modified_time\" content=\"2024-09-24T20:26:13+00:00\" \/>\n<meta property=\"og:image\" content=\"https:\/\/www.maapprogram.org\/wp-content\/uploads\/2021\/06\/maaproject.org-maap-139-la-tala-ilegal-en-la-amazonia-peruana-un-nuevo-caso-emblematico-WTF-imagen-1-820x580.jpg\" \/>\n<meta name=\"author\" content=\"dcadmin\" \/>\n<meta name=\"twitter:card\" content=\"summary_large_image\" \/>\n<meta name=\"twitter:label1\" content=\"Escrito por\" \/>\n\t<meta name=\"twitter:data1\" content=\"dcadmin\" \/>\n\t<meta name=\"twitter:label2\" content=\"Tiempo de lectura\" \/>\n\t<meta name=\"twitter:data2\" content=\"7 minutos\" \/>\n<script type=\"application\/ld+json\" class=\"yoast-schema-graph\">{\"@context\":\"https:\\\/\\\/schema.org\",\"@graph\":[{\"@type\":\"Article\",\"@id\":\"https:\\\/\\\/www.maapprogram.org\\\/es\\\/tala-ilegal-peru-wtf\\\/#article\",\"isPartOf\":{\"@id\":\"https:\\\/\\\/www.maapprogram.org\\\/es\\\/tala-ilegal-peru-wtf\\\/\"},\"author\":{\"name\":\"dcadmin\",\"@id\":\"https:\\\/\\\/www.maapprogram.org\\\/es\\\/#\\\/schema\\\/person\\\/433e90c8debccfe16357e05627bbd443\"},\"headline\":\"MAAP N.\u00b0 139: La tala ilegal en la Amazon\u00eda peruana \u2013 un nuevo caso emblem\u00e1tico\",\"datePublished\":\"2021-07-02T10:42:00+00:00\",\"dateModified\":\"2024-09-24T20:26:13+00:00\",\"mainEntityOfPage\":{\"@id\":\"https:\\\/\\\/www.maapprogram.org\\\/es\\\/tala-ilegal-peru-wtf\\\/\"},\"wordCount\":1357,\"commentCount\":0,\"image\":{\"@id\":\"https:\\\/\\\/www.maapprogram.org\\\/es\\\/tala-ilegal-peru-wtf\\\/#primaryimage\"},\"thumbnailUrl\":\"https:\\\/\\\/www.maapprogram.org\\\/wp-content\\\/uploads\\\/2021\\\/06\\\/maaproject.org-maap-139-la-tala-ilegal-en-la-amazonia-peruana-un-nuevo-caso-emblematico-WTF-imagen-1-820x580.jpg\",\"keywords\":[\"MAAP #139\"],\"articleSection\":[\"Paises&gt;Per\u00fa\"],\"inLanguage\":\"es\",\"potentialAction\":[{\"@type\":\"CommentAction\",\"name\":\"Comment\",\"target\":[\"https:\\\/\\\/www.maapprogram.org\\\/es\\\/tala-ilegal-peru-wtf\\\/#respond\"]}]},{\"@type\":\"WebPage\",\"@id\":\"https:\\\/\\\/www.maapprogram.org\\\/es\\\/tala-ilegal-peru-wtf\\\/\",\"url\":\"https:\\\/\\\/www.maapprogram.org\\\/es\\\/tala-ilegal-peru-wtf\\\/\",\"name\":\"MAAP N.\u00b0 139: La tala ilegal en la Amazon\u00eda peruana \u2013 un nuevo caso emblem\u00e1tico - MAAP\",\"isPartOf\":{\"@id\":\"https:\\\/\\\/www.maapprogram.org\\\/es\\\/#website\"},\"primaryImageOfPage\":{\"@id\":\"https:\\\/\\\/www.maapprogram.org\\\/es\\\/tala-ilegal-peru-wtf\\\/#primaryimage\"},\"image\":{\"@id\":\"https:\\\/\\\/www.maapprogram.org\\\/es\\\/tala-ilegal-peru-wtf\\\/#primaryimage\"},\"thumbnailUrl\":\"https:\\\/\\\/www.maapprogram.org\\\/wp-content\\\/uploads\\\/2021\\\/06\\\/maaproject.org-maap-139-la-tala-ilegal-en-la-amazonia-peruana-un-nuevo-caso-emblematico-WTF-imagen-1-820x580.jpg\",\"datePublished\":\"2021-07-02T10:42:00+00:00\",\"dateModified\":\"2024-09-24T20:26:13+00:00\",\"author\":{\"@id\":\"https:\\\/\\\/www.maapprogram.org\\\/es\\\/#\\\/schema\\\/person\\\/433e90c8debccfe16357e05627bbd443\"},\"breadcrumb\":{\"@id\":\"https:\\\/\\\/www.maapprogram.org\\\/es\\\/tala-ilegal-peru-wtf\\\/#breadcrumb\"},\"inLanguage\":\"es\",\"potentialAction\":[{\"@type\":\"ReadAction\",\"target\":[\"https:\\\/\\\/www.maapprogram.org\\\/es\\\/tala-ilegal-peru-wtf\\\/\"]}]},{\"@type\":\"ImageObject\",\"inLanguage\":\"es\",\"@id\":\"https:\\\/\\\/www.maapprogram.org\\\/es\\\/tala-ilegal-peru-wtf\\\/#primaryimage\",\"url\":\"https:\\\/\\\/www.maapprogram.org\\\/wp-content\\\/uploads\\\/2021\\\/06\\\/maaproject.org-maap-139-la-tala-ilegal-en-la-amazonia-peruana-un-nuevo-caso-emblematico-WTF-imagen-1-820x580.jpg\",\"contentUrl\":\"https:\\\/\\\/www.maapprogram.org\\\/wp-content\\\/uploads\\\/2021\\\/06\\\/maaproject.org-maap-139-la-tala-ilegal-en-la-amazonia-peruana-un-nuevo-caso-emblematico-WTF-imagen-1-820x580.jpg\"},{\"@type\":\"BreadcrumbList\",\"@id\":\"https:\\\/\\\/www.maapprogram.org\\\/es\\\/tala-ilegal-peru-wtf\\\/#breadcrumb\",\"itemListElement\":[{\"@type\":\"ListItem\",\"position\":1,\"name\":\"Home\",\"item\":\"https:\\\/\\\/www.maapprogram.org\\\/es\\\/\"},{\"@type\":\"ListItem\",\"position\":2,\"name\":\"MAAP N.\u00b0 139: La tala ilegal en la Amazon\u00eda peruana \u2013 un nuevo caso emblem\u00e1tico\"}]},{\"@type\":\"WebSite\",\"@id\":\"https:\\\/\\\/www.maapprogram.org\\\/es\\\/#website\",\"url\":\"https:\\\/\\\/www.maapprogram.org\\\/es\\\/\",\"name\":\"MAAP\",\"description\":\"\",\"potentialAction\":[{\"@type\":\"SearchAction\",\"target\":{\"@type\":\"EntryPoint\",\"urlTemplate\":\"https:\\\/\\\/www.maapprogram.org\\\/es\\\/?s={search_term_string}\"},\"query-input\":{\"@type\":\"PropertyValueSpecification\",\"valueRequired\":true,\"valueName\":\"search_term_string\"}}],\"inLanguage\":\"es\"},{\"@type\":\"Person\",\"@id\":\"https:\\\/\\\/www.maapprogram.org\\\/es\\\/#\\\/schema\\\/person\\\/433e90c8debccfe16357e05627bbd443\",\"name\":\"dcadmin\",\"image\":{\"@type\":\"ImageObject\",\"inLanguage\":\"es\",\"@id\":\"https:\\\/\\\/secure.gravatar.com\\\/avatar\\\/83c0f4e5f994ae4e4b9ae78b382f373b07a15509b31a24d7d748f76e9925b825?s=96&d=mm&r=g\",\"url\":\"https:\\\/\\\/secure.gravatar.com\\\/avatar\\\/83c0f4e5f994ae4e4b9ae78b382f373b07a15509b31a24d7d748f76e9925b825?s=96&d=mm&r=g\",\"contentUrl\":\"https:\\\/\\\/secure.gravatar.com\\\/avatar\\\/83c0f4e5f994ae4e4b9ae78b382f373b07a15509b31a24d7d748f76e9925b825?s=96&d=mm&r=g\",\"caption\":\"dcadmin\"},\"sameAs\":[\"http:\\\/\\\/www.maapprogram.org\"],\"url\":\"https:\\\/\\\/www.maapprogram.org\\\/es\\\/author\\\/dcadmin\\\/\"}]}<\/script>\n<!-- \/ Yoast SEO plugin. -->","yoast_head_json":{"title":"MAAP N.\u00b0 139: La tala ilegal en la Amazon\u00eda peruana \u2013 un nuevo caso emblem\u00e1tico - MAAP","robots":{"index":"index","follow":"follow","max-snippet":"max-snippet:-1","max-image-preview":"max-image-preview:large","max-video-preview":"max-video-preview:-1"},"canonical":"https:\/\/www.maapprogram.org\/es\/tala-ilegal-peru-wtf\/","og_locale":"es_ES","og_type":"article","og_title":"MAAP N.\u00b0 139: La tala ilegal en la Amazon\u00eda peruana \u2013 un nuevo caso emblem\u00e1tico - MAAP","og_description":"La\u00a0tala ilegal, adem\u00e1s de la deforestaci\u00f3n a mayor escala, es un gran problema que viene impactando la Amazon\u00eda peruana. En el 2019, una publicaci\u00f3n de la organizaci\u00f3n Global Witness, basada en informaci\u00f3n oficial del Gobierno peruano (Organismo de Supervisi\u00f3n de los Recursos Forestales y de Fauna Silvestre &#8211; OSINFOR), estim\u00f3 que al menos 60% de [&hellip;]","og_url":"https:\/\/www.maapprogram.org\/es\/tala-ilegal-peru-wtf\/","og_site_name":"MAAP","article_published_time":"2021-07-02T10:42:00+00:00","article_modified_time":"2024-09-24T20:26:13+00:00","og_image":[{"url":"https:\/\/www.maapprogram.org\/wp-content\/uploads\/2021\/06\/maaproject.org-maap-139-la-tala-ilegal-en-la-amazonia-peruana-un-nuevo-caso-emblematico-WTF-imagen-1-820x580.jpg","type":"","width":"","height":""}],"author":"dcadmin","twitter_card":"summary_large_image","twitter_misc":{"Escrito por":"dcadmin","Tiempo de lectura":"7 minutos"},"schema":{"@context":"https:\/\/schema.org","@graph":[{"@type":"Article","@id":"https:\/\/www.maapprogram.org\/es\/tala-ilegal-peru-wtf\/#article","isPartOf":{"@id":"https:\/\/www.maapprogram.org\/es\/tala-ilegal-peru-wtf\/"},"author":{"name":"dcadmin","@id":"https:\/\/www.maapprogram.org\/es\/#\/schema\/person\/433e90c8debccfe16357e05627bbd443"},"headline":"MAAP N.\u00b0 139: La tala ilegal en la Amazon\u00eda peruana \u2013 un nuevo caso emblem\u00e1tico","datePublished":"2021-07-02T10:42:00+00:00","dateModified":"2024-09-24T20:26:13+00:00","mainEntityOfPage":{"@id":"https:\/\/www.maapprogram.org\/es\/tala-ilegal-peru-wtf\/"},"wordCount":1357,"commentCount":0,"image":{"@id":"https:\/\/www.maapprogram.org\/es\/tala-ilegal-peru-wtf\/#primaryimage"},"thumbnailUrl":"https:\/\/www.maapprogram.org\/wp-content\/uploads\/2021\/06\/maaproject.org-maap-139-la-tala-ilegal-en-la-amazonia-peruana-un-nuevo-caso-emblematico-WTF-imagen-1-820x580.jpg","keywords":["MAAP #139"],"articleSection":["Paises&gt;Per\u00fa"],"inLanguage":"es","potentialAction":[{"@type":"CommentAction","name":"Comment","target":["https:\/\/www.maapprogram.org\/es\/tala-ilegal-peru-wtf\/#respond"]}]},{"@type":"WebPage","@id":"https:\/\/www.maapprogram.org\/es\/tala-ilegal-peru-wtf\/","url":"https:\/\/www.maapprogram.org\/es\/tala-ilegal-peru-wtf\/","name":"MAAP N.\u00b0 139: La tala ilegal en la Amazon\u00eda peruana \u2013 un nuevo caso emblem\u00e1tico - MAAP","isPartOf":{"@id":"https:\/\/www.maapprogram.org\/es\/#website"},"primaryImageOfPage":{"@id":"https:\/\/www.maapprogram.org\/es\/tala-ilegal-peru-wtf\/#primaryimage"},"image":{"@id":"https:\/\/www.maapprogram.org\/es\/tala-ilegal-peru-wtf\/#primaryimage"},"thumbnailUrl":"https:\/\/www.maapprogram.org\/wp-content\/uploads\/2021\/06\/maaproject.org-maap-139-la-tala-ilegal-en-la-amazonia-peruana-un-nuevo-caso-emblematico-WTF-imagen-1-820x580.jpg","datePublished":"2021-07-02T10:42:00+00:00","dateModified":"2024-09-24T20:26:13+00:00","author":{"@id":"https:\/\/www.maapprogram.org\/es\/#\/schema\/person\/433e90c8debccfe16357e05627bbd443"},"breadcrumb":{"@id":"https:\/\/www.maapprogram.org\/es\/tala-ilegal-peru-wtf\/#breadcrumb"},"inLanguage":"es","potentialAction":[{"@type":"ReadAction","target":["https:\/\/www.maapprogram.org\/es\/tala-ilegal-peru-wtf\/"]}]},{"@type":"ImageObject","inLanguage":"es","@id":"https:\/\/www.maapprogram.org\/es\/tala-ilegal-peru-wtf\/#primaryimage","url":"https:\/\/www.maapprogram.org\/wp-content\/uploads\/2021\/06\/maaproject.org-maap-139-la-tala-ilegal-en-la-amazonia-peruana-un-nuevo-caso-emblematico-WTF-imagen-1-820x580.jpg","contentUrl":"https:\/\/www.maapprogram.org\/wp-content\/uploads\/2021\/06\/maaproject.org-maap-139-la-tala-ilegal-en-la-amazonia-peruana-un-nuevo-caso-emblematico-WTF-imagen-1-820x580.jpg"},{"@type":"BreadcrumbList","@id":"https:\/\/www.maapprogram.org\/es\/tala-ilegal-peru-wtf\/#breadcrumb","itemListElement":[{"@type":"ListItem","position":1,"name":"Home","item":"https:\/\/www.maapprogram.org\/es\/"},{"@type":"ListItem","position":2,"name":"MAAP N.\u00b0 139: La tala ilegal en la Amazon\u00eda peruana \u2013 un nuevo caso emblem\u00e1tico"}]},{"@type":"WebSite","@id":"https:\/\/www.maapprogram.org\/es\/#website","url":"https:\/\/www.maapprogram.org\/es\/","name":"MAAP","description":"","potentialAction":[{"@type":"SearchAction","target":{"@type":"EntryPoint","urlTemplate":"https:\/\/www.maapprogram.org\/es\/?s={search_term_string}"},"query-input":{"@type":"PropertyValueSpecification","valueRequired":true,"valueName":"search_term_string"}}],"inLanguage":"es"},{"@type":"Person","@id":"https:\/\/www.maapprogram.org\/es\/#\/schema\/person\/433e90c8debccfe16357e05627bbd443","name":"dcadmin","image":{"@type":"ImageObject","inLanguage":"es","@id":"https:\/\/secure.gravatar.com\/avatar\/83c0f4e5f994ae4e4b9ae78b382f373b07a15509b31a24d7d748f76e9925b825?s=96&d=mm&r=g","url":"https:\/\/secure.gravatar.com\/avatar\/83c0f4e5f994ae4e4b9ae78b382f373b07a15509b31a24d7d748f76e9925b825?s=96&d=mm&r=g","contentUrl":"https:\/\/secure.gravatar.com\/avatar\/83c0f4e5f994ae4e4b9ae78b382f373b07a15509b31a24d7d748f76e9925b825?s=96&d=mm&r=g","caption":"dcadmin"},"sameAs":["http:\/\/www.maapprogram.org"],"url":"https:\/\/www.maapprogram.org\/es\/author\/dcadmin\/"}]}},"_links":{"self":[{"href":"https:\/\/www.maapprogram.org\/es\/wp-json\/wp\/v2\/posts\/21199","targetHints":{"allow":["GET"]}}],"collection":[{"href":"https:\/\/www.maapprogram.org\/es\/wp-json\/wp\/v2\/posts"}],"about":[{"href":"https:\/\/www.maapprogram.org\/es\/wp-json\/wp\/v2\/types\/post"}],"author":[{"embeddable":true,"href":"https:\/\/www.maapprogram.org\/es\/wp-json\/wp\/v2\/users\/1"}],"replies":[{"embeddable":true,"href":"https:\/\/www.maapprogram.org\/es\/wp-json\/wp\/v2\/comments?post=21199"}],"version-history":[{"count":1,"href":"https:\/\/www.maapprogram.org\/es\/wp-json\/wp\/v2\/posts\/21199\/revisions"}],"predecessor-version":[{"id":23330,"href":"https:\/\/www.maapprogram.org\/es\/wp-json\/wp\/v2\/posts\/21199\/revisions\/23330"}],"wp:attachment":[{"href":"https:\/\/www.maapprogram.org\/es\/wp-json\/wp\/v2\/media?parent=21199"}],"wp:term":[{"taxonomy":"category","embeddable":true,"href":"https:\/\/www.maapprogram.org\/es\/wp-json\/wp\/v2\/categories?post=21199"},{"taxonomy":"post_tag","embeddable":true,"href":"https:\/\/www.maapprogram.org\/es\/wp-json\/wp\/v2\/tags?post=21199"},{"taxonomy":"ftr_agriculture","embeddable":true,"href":"https:\/\/www.maapprogram.org\/es\/wp-json\/wp\/v2\/ftr_agriculture?post=21199"},{"taxonomy":"carbon-and-climate-change","embeddable":true,"href":"https:\/\/www.maapprogram.org\/es\/wp-json\/wp\/v2\/carbon-and-climate-change?post=21199"},{"taxonomy":"ftr_country","embeddable":true,"href":"https:\/\/www.maapprogram.org\/es\/wp-json\/wp\/v2\/ftr_country?post=21199"},{"taxonomy":"fire","embeddable":true,"href":"https:\/\/www.maapprogram.org\/es\/wp-json\/wp\/v2\/fire?post=21199"},{"taxonomy":"infrastructure-threat","embeddable":true,"href":"https:\/\/www.maapprogram.org\/es\/wp-json\/wp\/v2\/infrastructure-threat?post=21199"},{"taxonomy":"land-use","embeddable":true,"href":"https:\/\/www.maapprogram.org\/es\/wp-json\/wp\/v2\/land-use?post=21199"},{"taxonomy":"mining-and-logging-threat","embeddable":true,"href":"https:\/\/www.maapprogram.org\/es\/wp-json\/wp\/v2\/mining-and-logging-threat?post=21199"},{"taxonomy":"natural-forest-loss","embeddable":true,"href":"https:\/\/www.maapprogram.org\/es\/wp-json\/wp\/v2\/natural-forest-loss?post=21199"},{"taxonomy":"special-analysis","embeddable":true,"href":"https:\/\/www.maapprogram.org\/es\/wp-json\/wp\/v2\/special-analysis?post=21199"}],"curies":[{"name":"wp","href":"https:\/\/api.w.org\/{rel}","templated":true}]}}