{"id":21202,"date":"2021-12-13T12:04:00","date_gmt":"2021-12-13T12:04:00","guid":{"rendered":"https:\/\/www.maapprogram.org\/menonitas_4colonias\/"},"modified":"2024-09-24T20:39:37","modified_gmt":"2024-09-24T20:39:37","slug":"menonitas_4colonias","status":"publish","type":"post","link":"https:\/\/www.maapprogram.org\/es\/menonitas_4colonias\/","title":{"rendered":"MAAP #149: Colonias Menonitas Contin\u00faan la Gran Deforestaci\u00f3n en la Amazon\u00eda Peruana"},"content":{"rendered":"<div id=\"attachment_10614\" class=\"thumbnail alignright\"><a href=\"https:\/\/www.maapprogram.org\/wp-content\/uploads\/2021\/12\/maaproject.org-maap-149-colonias-menonitas-continuan-la-gran-deforestacion-en-la-amazonia-peruana-Feat-Image-2.jpg\"><img decoding=\"async\" class=\"wp-image-10614 size-medium\" src=\"https:\/\/www.maapprogram.org\/wp-content\/uploads\/2021\/12\/maaproject.org-maap-149-colonias-menonitas-continuan-la-gran-deforestacion-en-la-amazonia-peruana-Feat-Image-2-579x580.jpg\" alt=\"\" width=\"579\" height=\"580\" \/><\/a><div class=\"caption\">Deforestaci\u00f3n reciente asociada a la nueva colonia menonita \u00abPadre M\u00e1rquez\u00bb. Datos: Planet<\/div><\/div>\n<p>Los <strong>Menonitas<\/strong>, un grupo religioso a menudo asociado a la actividad agr\u00edcola, se han convertido en uno de los principales impulsores (drivers) de la deforestaci\u00f3n en la <strong>Amazon\u00eda peruana<\/strong>.<\/p>\n<p>En <a href=\"https:\/\/www.maapprogram.org\/2020\/menonitas_peru\/\">octubre de 2020<\/a>, reportamos la deforestaci\u00f3n de m\u00e1s de 3,400 hect\u00e1reas en tres nuevas colonias establecidas.<\/p>\n<p>En el presente reporte, mostramos que en 2021 los Menonitas han establecido una cuarta colonia, causando 366 hect\u00e1reas de deforestaci\u00f3n adicional, y han seguido con la expansi\u00f3n de sus tres primeras colonias.<\/p>\n<p>En total, hemos documentado la deforestaci\u00f3n de <strong>3,968 hect\u00e1reas<\/strong> en estas cuatro colonias establecidas en la Amazon\u00eda peruana desde el <span style=\"font-weight: 400;\">a\u00f1o <\/span>2017, convirti\u00e9ndose en la nueva causa principal de deforestaci\u00f3n a gran escala en Per\u00fa.<\/p>\n<p>Adem\u00e1s, hay fuertes indicios de que gran parte de esta deforestaci\u00f3n es<strong> ilegal <\/strong>(ver la \u00abDeclaraci\u00f3n del Ministerio del Ambiente\u00bb y la \u00abDeclaraci\u00f3n de Legalidad\u00bb al final de este informe).<\/p>\n<p>A continuaci\u00f3n, presentamos los siguientes materiales:<\/p>\n<ul>\n<li>Un <strong>Mapa Base<\/strong> actualizado que muestra la ubicaci\u00f3n de las cuatro colonias menonitas nuevas en la Amazon\u00eda peruana.<br \/>\n<span style=\"color: #ffffff;\">l<\/span><\/li>\n<li>Una serie de <strong>im\u00e1genes satelitales<\/strong> que muestran la deforestaci\u00f3n extensa en la colonia m\u00e1s reciente (referida aqu\u00ed como \u00abPadre M\u00e1rquez\u00bb).<\/li>\n<\/ul>\n<div class=\"fitem-sep\"><\/div>\n<div id=\"attachment_10595\" class=\"thumbnail alignright\"><a href=\"https:\/\/www.maapprogram.org\/wp-content\/uploads\/2021\/11\/maaproject.org-maap-xyx-mennonite-colonies-continue-major-deforestation-in-peruvian-amazon-BaseMap-Location-Mennonites-Peru-Spa.jpg\"><img decoding=\"async\" class=\"wp-image-10595 size-medium\" src=\"https:\/\/www.maapprogram.org\/wp-content\/uploads\/2021\/11\/maaproject.org-maap-xyx-mennonite-colonies-continue-major-deforestation-in-peruvian-amazon-BaseMap-Location-Mennonites-Peru-Spa-587x580.jpg\" alt=\"\" width=\"587\" height=\"580\" \/><\/a><div class=\"caption\">Mapa Base actualizado que muestra la ubicaci\u00f3n de las cuatro principales nuevas colonias menonitas en la Amazon\u00eda peruana. Datos: MAAP.<\/div><\/div>\n<h3><strong>Mapa Base<\/strong><\/h3>\n<p>El <strong>Mapa Base<\/strong> muestra la ubicaci\u00f3n de las cuatro principales colonias menonitas en la Amazon\u00eda peruana.<\/p>\n<p>La colonia m\u00e1s reciente se denomina aqu\u00ed <strong>\u00abPadre M\u00e1rquez,\u00bb<\/strong> por el distrito <span style=\"font-weight: 400;\">m\u00e1s cercano que lleva el mismo nombre<\/span>. Cabe resaltar que se encuentra a medio camino, entre las otras colonias (Tierra Blanca al norte y Masisea al sur).<\/p>\n<p>Son un total de 3,968 hect\u00e1reas deforestadas, de las cuales:<\/p>\n<ul>\n<li>66% (2,628 hect\u00e1reas) se encuentra en las colonias de Tierra Blanca, en Loreto;<\/li>\n<li>23% (918 hect\u00e1reas) se halla en la colonia Masisea, en Ucayali;<\/li>\n<li>11% (421 hect\u00e1reas) se ubica en la nueva colonia Padre M\u00e1rquez, en el l\u00edmite entre Ucayali y Loreto.<br \/>\n<span style=\"color: #ffffff;\">k<\/span><\/li>\n<li>12% (495 hect\u00e1reas) del total deforestado en las cuatro colonias ocurri\u00f3 en <span style=\"font-weight: 400;\">el a\u00f1o<\/span> 2021. Adem\u00e1s del establecimiento de la colonia Padre M\u00e1rquez, tambi\u00e9n detectamos la expansi\u00f3n de las colonias Tierra Blanca y Masisea.<\/li>\n<\/ul>\n<div class=\"fitem-sep\"><\/div>\n<h3><strong>Deforestaci\u00f3n 2021<\/strong><\/h3>\n<p>La siguiente imagen muestra la deforestaci\u00f3n de 366 hect\u00e1reas entre enero (panel izquierdo) y noviembre (panel derecho) del 2021 asociada a la parte central de la nueva colonia Padre M\u00e1rquez. Las <strong>flechas rojas<\/strong> sirven como puntos de referencia entre los dos paneles. <em>Haga clic para ampliar.<\/em><\/p>\n<div id=\"attachment_10612\" class=\"thumbnail aligncenter\"><a href=\"https:\/\/www.maapprogram.org\/wp-content\/uploads\/2021\/12\/maaproject.org-maap-149-mennonite-colonies-continue-major-deforestation-in-peruvian-amazon-PanelMarquez15Nov2021V2.jpg\"><img decoding=\"async\" class=\"wp-image-10612 size-medium\" src=\"https:\/\/www.maapprogram.org\/wp-content\/uploads\/2021\/12\/maaproject.org-maap-149-mennonite-colonies-continue-major-deforestation-in-peruvian-amazon-PanelMarquez15Nov2021V2-930x468.jpg\" alt=\"\" width=\"930\" height=\"468\" \/><\/a><div class=\"caption\">Deforestaci\u00f3n entre enero (panel izquierdo) y noviembre (panel derecho) del 2021, asociada a la nueva colonia Padre M\u00e1rquez. Datos: Planet, MAAP. Haga clic para ampliar.<\/div><\/div>\n<div class=\"fitem-sep\"><\/div>\n<h3><strong>Im\u00e1genes Satelitales de las Colonias Menonitas<\/strong><\/h3>\n<h4><em><strong>Tierra Blanca 1<\/strong><\/em><\/h4>\n<p>La siguiente imagen muestra la deforestaci\u00f3n de 2,200 hect\u00e1reas desde el a\u00f1o 2017 en la colonia Tierra Blanca 1 (regi\u00f3n Loreto). En el presente 2021 solo se avanzaron\u00a0con solo 8 hect\u00e1reas.<\/p>\n<p><a href=\"https:\/\/www.maapprogram.org\/wp-content\/uploads\/2021\/12\/maaproject.org-maap-149-colonias-menonitas-continuan-la-gran-deforestacion-en-la-amazonia-peruana-TB.jpg\"><img decoding=\"async\" class=\"aligncenter size-medium wp-image-10615\" src=\"https:\/\/www.maapprogram.org\/wp-content\/uploads\/2021\/12\/maaproject.org-maap-149-colonias-menonitas-continuan-la-gran-deforestacion-en-la-amazonia-peruana-TB-930x528.jpg\" alt=\"\" \/><\/a><\/p>\n<div class=\"g7-separator\"><div class=\"fitem-sep\"><\/div><\/div>\n<h4><em><strong>Tierra Blanca 2<\/strong><\/em><\/h4>\n<p>La siguiente imagen muestra la deforestaci\u00f3n de 428 hect\u00e1reas adicionales en la colonia Tierra Blanca 2 (regi\u00f3n Loreto). Tambi\u00e9n, esta deforestaci\u00f3n fue menor en el a\u00f1o 2021 (15 hect\u00e1reas).<\/p>\n<p><a href=\"https:\/\/www.maapprogram.org\/wp-content\/uploads\/2021\/12\/maaproject.org-maap-149-colonias-menonitas-continuan-la-gran-deforestacion-en-la-amazonia-peruana-TB2.jpg\"><img decoding=\"async\" class=\"aligncenter size-medium wp-image-10616\" src=\"https:\/\/www.maapprogram.org\/wp-content\/uploads\/2021\/12\/maaproject.org-maap-149-colonias-menonitas-continuan-la-gran-deforestacion-en-la-amazonia-peruana-TB2-930x443.jpg\" alt=\"\" \/><\/a><\/p>\n<div class=\"g7-separator\"><div class=\"fitem-sep\"><\/div><\/div>\n<h4><em><strong>Masisea<\/strong><\/em><\/h4>\n<p>La siguiente imagen muestra la deforestaci\u00f3n de 918 hect\u00e1reas en la colonia Masisea (regi\u00f3n Ucayali). En 2021, hubo una gran expansi\u00f3n hacia el este (con 47 hect\u00e1reas de una nueva deforestaci\u00f3n).<\/p>\n<p><a href=\"https:\/\/www.maapprogram.org\/wp-content\/uploads\/2021\/12\/maaproject.org-maap-149-colonias-menonitas-continuan-la-gran-deforestacion-en-la-amazonia-peruana-Masisea.jpg\"><img decoding=\"async\" class=\"aligncenter size-medium wp-image-10617\" src=\"https:\/\/www.maapprogram.org\/wp-content\/uploads\/2021\/12\/maaproject.org-maap-149-colonias-menonitas-continuan-la-gran-deforestacion-en-la-amazonia-peruana-Masisea-930x559.jpg\" alt=\"\" \/><\/a><\/p>\n<div class=\"g7-separator\"><div class=\"fitem-sep\"><\/div><\/div>\n<h4><em><strong>Padre M<b><i>\u00e1<\/i><\/b>rquez<\/strong><\/em><\/h4>\n<p>La siguiente imagen muestra la deforestaci\u00f3n de 421 hect\u00e1reas en la colonia Padre M\u00e1rquez (l\u00edmite entre Loreto y Ucayali), la cual ocurri\u00f3 <span style=\"font-weight: 400;\">en su totalidad durante<\/span> el a\u00f1o 2021.<\/p>\n<p><a href=\"https:\/\/www.maapprogram.org\/wp-content\/uploads\/2021\/12\/maaproject.org-maap-149-colonias-menonitas-continuan-la-gran-deforestacion-en-la-amazonia-peruana-PM-full.jpg\"><img decoding=\"async\" class=\"aligncenter size-medium wp-image-10618\" src=\"https:\/\/www.maapprogram.org\/wp-content\/uploads\/2021\/12\/maaproject.org-maap-149-colonias-menonitas-continuan-la-gran-deforestacion-en-la-amazonia-peruana-PM-full-930x567.jpg\" alt=\"\" \/><\/a><\/p>\n<div class=\"fitem-sep\"><\/div>\n<h3><strong>Colonia Padre M\u00e1rquez en Muy Alta Resoluci\u00f3n<\/strong><\/h3>\n<p>A continuaci\u00f3n, presentamos una serie de im\u00e1genes satelitales de muy alta resoluci\u00f3n (0.5 metros de Skysat\/Planet) de la colonia Padre M\u00e1rquez, la cual permite una mejor visualizaci\u00f3n de algunos detalles de la nueva colonia, como caminos, edificios y terrenos despejados para realizar posibles actividades agr\u00edcolas. Haga clic para ampliar las im\u00e1genes.<\/p>\n<p><a href=\"https:\/\/www.maapprogram.org\/wp-content\/uploads\/2021\/12\/maaproject.org-maap-149-colonias-menonitas-continuan-la-gran-deforestacion-en-la-amazonia-peruana-SkySat-1-PadreMarquez-26Nov2021-200dpi.jpg\"><img decoding=\"async\" class=\"aligncenter size-medium wp-image-10619\" src=\"https:\/\/www.maapprogram.org\/wp-content\/uploads\/2021\/12\/maaproject.org-maap-149-colonias-menonitas-continuan-la-gran-deforestacion-en-la-amazonia-peruana-SkySat-1-PadreMarquez-26Nov2021-200dpi-792x580.jpg\" alt=\"\" \/><\/a><\/p>\n<div class=\"fitem-sep\"><\/div>\n<p><a href=\"https:\/\/www.maapprogram.org\/wp-content\/uploads\/2021\/12\/maaproject.org-maap-149-colonias-menonitas-continuan-la-gran-deforestacion-en-la-amazonia-peruana-SkySat-2-PadreMarquez-26Nov2021-200dpi.jpg\"><img decoding=\"async\" class=\"aligncenter size-medium wp-image-10620\" src=\"https:\/\/www.maapprogram.org\/wp-content\/uploads\/2021\/12\/maaproject.org-maap-149-colonias-menonitas-continuan-la-gran-deforestacion-en-la-amazonia-peruana-SkySat-2-PadreMarquez-26Nov2021-200dpi-792x580.jpg\" alt=\"\" \/><\/a><\/p>\n<div class=\"fitem-sep\"><\/div>\n<p><a href=\"https:\/\/www.maapprogram.org\/wp-content\/uploads\/2021\/12\/maaproject.org-maap-149-colonias-menonitas-continuan-la-gran-deforestacion-en-la-amazonia-peruana-SkySat-3-PadreMarquez-26Nov2021-200dpi.jpg\"><img decoding=\"async\" class=\"aligncenter size-medium wp-image-10621\" src=\"https:\/\/www.maapprogram.org\/wp-content\/uploads\/2021\/12\/maaproject.org-maap-149-colonias-menonitas-continuan-la-gran-deforestacion-en-la-amazonia-peruana-SkySat-3-PadreMarquez-26Nov2021-200dpi-567x580.jpg\" alt=\"\" \/><\/a><\/p>\n<div class=\"fitem-sep\"><\/div>\n<p><a href=\"https:\/\/www.maapprogram.org\/wp-content\/uploads\/2021\/12\/maaproject.org-maap-149-colonias-menonitas-continuan-la-gran-deforestacion-en-la-amazonia-peruana-Location-Map-SkySat-PadreMarquez-26Nov2021-200dpi.jpg\"><img decoding=\"async\" class=\"aligncenter size-medium wp-image-10622\" src=\"https:\/\/www.maapprogram.org\/wp-content\/uploads\/2021\/12\/maaproject.org-maap-149-colonias-menonitas-continuan-la-gran-deforestacion-en-la-amazonia-peruana-Location-Map-SkySat-PadreMarquez-26Nov2021-200dpi-672x580.jpg\" alt=\"\" \/><\/a><\/p>\n<div class=\"fitem-sep\"><\/div>\n<h3><strong>Declaraci\u00f3n del Ministerio del Ambiente (MINAM)<\/strong><\/h3>\n<p>La destrucci\u00f3n de cientos de hect\u00e1reas de bosques en Loreto y en Ucayali causada por las ocupaciones irregulares de colonias menonitas, ha sido priorizada por el MINAM a trav\u00e9s de las siguientes acciones:<\/p>\n<p>1. Denuncias penales por afectaci\u00f3n de las formaciones boscosas, contra los dirigentes de las colonias menonitas. \u00a0 Cuatro denuncias en Ucayali y una denuncia penal en Loreto.<br \/>\n2. Medidas cautelares, en el marco de las denuncias penales, para que la autoridad judicial disponga la suspensi\u00f3n de las acciones destructivas y predatorias del bosque.<br \/>\n3. Solicitudes a las entidades de control institucional para la supervisi\u00f3n sobre el ejercicio funcional de las autoridades regionales a cargo del otorgamiento de permisos que afectan el bosque.<br \/>\n4. Adem\u00e1s, el MINAM ha venido ejecutando y coordinando diversas acciones con la finalidad que las entidades competentes investiguen, sancionen y paralicen las actividades irregulares de estas personas extranjeras que no solamente han ingresado sin las autorizaciones respectivas para ejecutar actividades econ\u00f3micas, sino que adem\u00e1s est\u00e1n da\u00f1ando ostensiblemente el patrimonio natural peruano.<\/p>\n<div class=\"fitem-sep\"><\/div>\n<h3><strong>Declaraci\u00f3n de Legalidad<\/strong><\/h3>\n<p>Respecto de los hallazgos del avance de la deforestaci\u00f3n documentados en el 2020, se\u00a0tiene que, sobre las zonas de Tierra Blanca (Loreto) y Masisea (Ucayali), la colonia Menonita no ten\u00eda ning\u00fan acto administrativo aprobado que le permitiera el retiro de la cobertura boscosa.<\/p>\n<p>En virtud de ello, se ha tomado conocimiento que los gobiernos regionales de Loreto y Ucayali iniciaron investigaciones por el presunto cambio de uso de tierras no autorizado, siendo que, en el mes de diciembre de 2020, el gobierno regional de Ucayali sancion\u00f3 a la colonia Menonita por la comisi\u00f3n de esta infracci\u00f3n, catalog\u00e1ndola por su magnitud como una infracci\u00f3n muy grave, por lo que le impuso una multa de 11 millones de soles.<\/p>\n<p>Por otro lado, las FEMA de Loreto y Ucayali tambi\u00e9n iniciaron investigaciones por el cambio de uso de tierras no autorizado.<\/p>\n<p>Respecto a la instalaci\u00f3n de una nueva colonia en el distrito de Padre M\u00e1rquez en el a\u00f1o 2021, hemos realizado consultas a las autoridades correspondientes para confirmar si sobre dicha \u00e1rea existe alg\u00fan acto administrativo otorgado que avale el retiro de la cobertura forestal. Sin perjuicio de que, a la fecha, a\u00fan no se ha obtenido una respuesta, existen fuertes indicios que evidenciar\u00eda que, en esta zona, la deforestaci\u00f3n ocasionada para posibles cultivos agr\u00edcola tampoco estar\u00eda autorizada, al igual de lo que ocurri\u00f3 con los casos de deforestaci\u00f3n en Masisea y Tierra Blanca documentados en el 2020.<\/p>\n<div class=\"fitem-sep\"><\/div>\n<h3><strong>Agradecimientos<\/strong><\/h3>\n<p>Agradecemos a S. Novoa, M.E. <span class=\"qu\" role=\"gridcell\"><span class=\"gD\" data-hovercard-id=\"mgutierrez@conservacionamazonica.org\" data-hovercard-owner-id=\"126\">Gutierrez, E. Ortiz, Z. Romero, F. Cisneros, <\/span><\/span>R. Catpo y G. Palacios por sus \u00fatiles comentarios en las versiones anteriores de este reporte.<\/p>\n<p>Este trabajo se realiz\u00f3 con el apoyo de la Fundaci\u00f3n Erol, la Agencia Noruega de Cooperaci\u00f3n para el Desarrollo (NORAD) y el Fondo Internacional de Conservaci\u00f3n de Canad\u00e1 (ICFC).<\/p>\n<div class=\"fitem-sep\"><\/div>\n<h3><strong>Cita<\/strong><\/h3>\n<p>Finer M, Mamani N, Spore J, Suarez D (2021) Colonias Menonitas Contin\u00faan la Gran Deforestaci\u00f3n en la Amazonia Peruana. MAAP: 149.<\/p>\n<div class=\"fitem-sep\"><\/div>\n","protected":false},"excerpt":{"rendered":"<p>Los Menonitas, un grupo religioso a menudo asociado a la actividad agr\u00edcola, se han convertido en uno de los principales impulsores (drivers) de la deforestaci\u00f3n en la Amazon\u00eda peruana. En octubre de 2020, reportamos la deforestaci\u00f3n de m\u00e1s de 3,400 hect\u00e1reas en tres nuevas colonias establecidas. En el presente reporte, mostramos que en 2021 los [&hellip;]<\/p>\n","protected":false},"author":1,"featured_media":0,"comment_status":"open","ping_status":"open","sticky":false,"template":"","format":"standard","meta":{"_acf_changed":false,"footnotes":""},"categories":[331,347],"tags":[255],"ftr_agriculture":[363],"carbon-and-climate-change":[],"ftr_country":[483],"fire":[],"infrastructure-threat":[],"land-use":[],"mining-and-logging-threat":[],"natural-forest-loss":[],"special-analysis":[],"class_list":["post-21202","post","type-post","status-publish","format-standard","hentry","category-otros-cultivos","category-paisesperu","tag-maap-149","ftr_agriculture-menonitas-es","ftr_country-peru-2"],"acf":[],"yoast_head":"<!-- This site is optimized with the Yoast SEO plugin v27.3 - https:\/\/yoast.com\/product\/yoast-seo-wordpress\/ -->\n<title>MAAP #149: Colonias Menonitas Contin\u00faan la Gran Deforestaci\u00f3n en la Amazon\u00eda Peruana - MAAP<\/title>\n<meta name=\"robots\" content=\"index, follow, max-snippet:-1, max-image-preview:large, max-video-preview:-1\" \/>\n<link rel=\"canonical\" href=\"https:\/\/www.maapprogram.org\/es\/menonitas_4colonias\/\" \/>\n<meta property=\"og:locale\" content=\"es_ES\" \/>\n<meta property=\"og:type\" content=\"article\" \/>\n<meta property=\"og:title\" content=\"MAAP #149: Colonias Menonitas Contin\u00faan la Gran Deforestaci\u00f3n en la Amazon\u00eda Peruana - MAAP\" \/>\n<meta property=\"og:description\" content=\"Los Menonitas, un grupo religioso a menudo asociado a la actividad agr\u00edcola, se han convertido en uno de los principales impulsores (drivers) de la deforestaci\u00f3n en la Amazon\u00eda peruana. En octubre de 2020, reportamos la deforestaci\u00f3n de m\u00e1s de 3,400 hect\u00e1reas en tres nuevas colonias establecidas. En el presente reporte, mostramos que en 2021 los [&hellip;]\" \/>\n<meta property=\"og:url\" content=\"https:\/\/www.maapprogram.org\/es\/menonitas_4colonias\/\" \/>\n<meta property=\"og:site_name\" content=\"MAAP\" \/>\n<meta property=\"article:published_time\" content=\"2021-12-13T12:04:00+00:00\" \/>\n<meta property=\"article:modified_time\" content=\"2024-09-24T20:39:37+00:00\" \/>\n<meta property=\"og:image\" content=\"https:\/\/www.maapprogram.org\/wp-content\/uploads\/2021\/12\/maaproject.org-maap-149-colonias-menonitas-continuan-la-gran-deforestacion-en-la-amazonia-peruana-Feat-Image-2-579x580.jpg\" \/>\n<meta name=\"author\" content=\"dcadmin\" \/>\n<meta name=\"twitter:card\" content=\"summary_large_image\" \/>\n<meta name=\"twitter:label1\" content=\"Escrito por\" \/>\n\t<meta name=\"twitter:data1\" content=\"dcadmin\" \/>\n\t<meta name=\"twitter:label2\" content=\"Tiempo de lectura\" \/>\n\t<meta name=\"twitter:data2\" content=\"8 minutos\" \/>\n<script type=\"application\/ld+json\" class=\"yoast-schema-graph\">{\"@context\":\"https:\\\/\\\/schema.org\",\"@graph\":[{\"@type\":\"Article\",\"@id\":\"https:\\\/\\\/www.maapprogram.org\\\/es\\\/menonitas_4colonias\\\/#article\",\"isPartOf\":{\"@id\":\"https:\\\/\\\/www.maapprogram.org\\\/es\\\/menonitas_4colonias\\\/\"},\"author\":{\"name\":\"dcadmin\",\"@id\":\"https:\\\/\\\/www.maapprogram.org\\\/es\\\/#\\\/schema\\\/person\\\/433e90c8debccfe16357e05627bbd443\"},\"headline\":\"MAAP #149: Colonias Menonitas Contin\u00faan la Gran Deforestaci\u00f3n en la Amazon\u00eda Peruana\",\"datePublished\":\"2021-12-13T12:04:00+00:00\",\"dateModified\":\"2024-09-24T20:39:37+00:00\",\"mainEntityOfPage\":{\"@id\":\"https:\\\/\\\/www.maapprogram.org\\\/es\\\/menonitas_4colonias\\\/\"},\"wordCount\":1249,\"commentCount\":0,\"image\":{\"@id\":\"https:\\\/\\\/www.maapprogram.org\\\/es\\\/menonitas_4colonias\\\/#primaryimage\"},\"thumbnailUrl\":\"https:\\\/\\\/www.maapprogram.org\\\/wp-content\\\/uploads\\\/2021\\\/12\\\/maaproject.org-maap-149-colonias-menonitas-continuan-la-gran-deforestacion-en-la-amazonia-peruana-Feat-Image-2-579x580.jpg\",\"keywords\":[\"MAAP #149\"],\"articleSection\":[\"Otros Cultivos\",\"Paises&gt;Per\u00fa\"],\"inLanguage\":\"es\",\"potentialAction\":[{\"@type\":\"CommentAction\",\"name\":\"Comment\",\"target\":[\"https:\\\/\\\/www.maapprogram.org\\\/es\\\/menonitas_4colonias\\\/#respond\"]}]},{\"@type\":\"WebPage\",\"@id\":\"https:\\\/\\\/www.maapprogram.org\\\/es\\\/menonitas_4colonias\\\/\",\"url\":\"https:\\\/\\\/www.maapprogram.org\\\/es\\\/menonitas_4colonias\\\/\",\"name\":\"MAAP #149: Colonias Menonitas Contin\u00faan la Gran Deforestaci\u00f3n en la Amazon\u00eda Peruana - MAAP\",\"isPartOf\":{\"@id\":\"https:\\\/\\\/www.maapprogram.org\\\/es\\\/#website\"},\"primaryImageOfPage\":{\"@id\":\"https:\\\/\\\/www.maapprogram.org\\\/es\\\/menonitas_4colonias\\\/#primaryimage\"},\"image\":{\"@id\":\"https:\\\/\\\/www.maapprogram.org\\\/es\\\/menonitas_4colonias\\\/#primaryimage\"},\"thumbnailUrl\":\"https:\\\/\\\/www.maapprogram.org\\\/wp-content\\\/uploads\\\/2021\\\/12\\\/maaproject.org-maap-149-colonias-menonitas-continuan-la-gran-deforestacion-en-la-amazonia-peruana-Feat-Image-2-579x580.jpg\",\"datePublished\":\"2021-12-13T12:04:00+00:00\",\"dateModified\":\"2024-09-24T20:39:37+00:00\",\"author\":{\"@id\":\"https:\\\/\\\/www.maapprogram.org\\\/es\\\/#\\\/schema\\\/person\\\/433e90c8debccfe16357e05627bbd443\"},\"breadcrumb\":{\"@id\":\"https:\\\/\\\/www.maapprogram.org\\\/es\\\/menonitas_4colonias\\\/#breadcrumb\"},\"inLanguage\":\"es\",\"potentialAction\":[{\"@type\":\"ReadAction\",\"target\":[\"https:\\\/\\\/www.maapprogram.org\\\/es\\\/menonitas_4colonias\\\/\"]}]},{\"@type\":\"ImageObject\",\"inLanguage\":\"es\",\"@id\":\"https:\\\/\\\/www.maapprogram.org\\\/es\\\/menonitas_4colonias\\\/#primaryimage\",\"url\":\"https:\\\/\\\/www.maapprogram.org\\\/wp-content\\\/uploads\\\/2021\\\/12\\\/maaproject.org-maap-149-colonias-menonitas-continuan-la-gran-deforestacion-en-la-amazonia-peruana-Feat-Image-2-579x580.jpg\",\"contentUrl\":\"https:\\\/\\\/www.maapprogram.org\\\/wp-content\\\/uploads\\\/2021\\\/12\\\/maaproject.org-maap-149-colonias-menonitas-continuan-la-gran-deforestacion-en-la-amazonia-peruana-Feat-Image-2-579x580.jpg\"},{\"@type\":\"BreadcrumbList\",\"@id\":\"https:\\\/\\\/www.maapprogram.org\\\/es\\\/menonitas_4colonias\\\/#breadcrumb\",\"itemListElement\":[{\"@type\":\"ListItem\",\"position\":1,\"name\":\"Home\",\"item\":\"https:\\\/\\\/www.maapprogram.org\\\/es\\\/\"},{\"@type\":\"ListItem\",\"position\":2,\"name\":\"MAAP #149: Colonias Menonitas Contin\u00faan la Gran Deforestaci\u00f3n en la Amazon\u00eda Peruana\"}]},{\"@type\":\"WebSite\",\"@id\":\"https:\\\/\\\/www.maapprogram.org\\\/es\\\/#website\",\"url\":\"https:\\\/\\\/www.maapprogram.org\\\/es\\\/\",\"name\":\"MAAP\",\"description\":\"\",\"potentialAction\":[{\"@type\":\"SearchAction\",\"target\":{\"@type\":\"EntryPoint\",\"urlTemplate\":\"https:\\\/\\\/www.maapprogram.org\\\/es\\\/?s={search_term_string}\"},\"query-input\":{\"@type\":\"PropertyValueSpecification\",\"valueRequired\":true,\"valueName\":\"search_term_string\"}}],\"inLanguage\":\"es\"},{\"@type\":\"Person\",\"@id\":\"https:\\\/\\\/www.maapprogram.org\\\/es\\\/#\\\/schema\\\/person\\\/433e90c8debccfe16357e05627bbd443\",\"name\":\"dcadmin\",\"image\":{\"@type\":\"ImageObject\",\"inLanguage\":\"es\",\"@id\":\"https:\\\/\\\/secure.gravatar.com\\\/avatar\\\/83c0f4e5f994ae4e4b9ae78b382f373b07a15509b31a24d7d748f76e9925b825?s=96&d=mm&r=g\",\"url\":\"https:\\\/\\\/secure.gravatar.com\\\/avatar\\\/83c0f4e5f994ae4e4b9ae78b382f373b07a15509b31a24d7d748f76e9925b825?s=96&d=mm&r=g\",\"contentUrl\":\"https:\\\/\\\/secure.gravatar.com\\\/avatar\\\/83c0f4e5f994ae4e4b9ae78b382f373b07a15509b31a24d7d748f76e9925b825?s=96&d=mm&r=g\",\"caption\":\"dcadmin\"},\"sameAs\":[\"http:\\\/\\\/www.maapprogram.org\"],\"url\":\"https:\\\/\\\/www.maapprogram.org\\\/es\\\/author\\\/dcadmin\\\/\"}]}<\/script>\n<!-- \/ Yoast SEO plugin. -->","yoast_head_json":{"title":"MAAP #149: Colonias Menonitas Contin\u00faan la Gran Deforestaci\u00f3n en la Amazon\u00eda Peruana - MAAP","robots":{"index":"index","follow":"follow","max-snippet":"max-snippet:-1","max-image-preview":"max-image-preview:large","max-video-preview":"max-video-preview:-1"},"canonical":"https:\/\/www.maapprogram.org\/es\/menonitas_4colonias\/","og_locale":"es_ES","og_type":"article","og_title":"MAAP #149: Colonias Menonitas Contin\u00faan la Gran Deforestaci\u00f3n en la Amazon\u00eda Peruana - MAAP","og_description":"Los Menonitas, un grupo religioso a menudo asociado a la actividad agr\u00edcola, se han convertido en uno de los principales impulsores (drivers) de la deforestaci\u00f3n en la Amazon\u00eda peruana. En octubre de 2020, reportamos la deforestaci\u00f3n de m\u00e1s de 3,400 hect\u00e1reas en tres nuevas colonias establecidas. En el presente reporte, mostramos que en 2021 los [&hellip;]","og_url":"https:\/\/www.maapprogram.org\/es\/menonitas_4colonias\/","og_site_name":"MAAP","article_published_time":"2021-12-13T12:04:00+00:00","article_modified_time":"2024-09-24T20:39:37+00:00","og_image":[{"url":"https:\/\/www.maapprogram.org\/wp-content\/uploads\/2021\/12\/maaproject.org-maap-149-colonias-menonitas-continuan-la-gran-deforestacion-en-la-amazonia-peruana-Feat-Image-2-579x580.jpg","type":"","width":"","height":""}],"author":"dcadmin","twitter_card":"summary_large_image","twitter_misc":{"Escrito por":"dcadmin","Tiempo de lectura":"8 minutos"},"schema":{"@context":"https:\/\/schema.org","@graph":[{"@type":"Article","@id":"https:\/\/www.maapprogram.org\/es\/menonitas_4colonias\/#article","isPartOf":{"@id":"https:\/\/www.maapprogram.org\/es\/menonitas_4colonias\/"},"author":{"name":"dcadmin","@id":"https:\/\/www.maapprogram.org\/es\/#\/schema\/person\/433e90c8debccfe16357e05627bbd443"},"headline":"MAAP #149: Colonias Menonitas Contin\u00faan la Gran Deforestaci\u00f3n en la Amazon\u00eda Peruana","datePublished":"2021-12-13T12:04:00+00:00","dateModified":"2024-09-24T20:39:37+00:00","mainEntityOfPage":{"@id":"https:\/\/www.maapprogram.org\/es\/menonitas_4colonias\/"},"wordCount":1249,"commentCount":0,"image":{"@id":"https:\/\/www.maapprogram.org\/es\/menonitas_4colonias\/#primaryimage"},"thumbnailUrl":"https:\/\/www.maapprogram.org\/wp-content\/uploads\/2021\/12\/maaproject.org-maap-149-colonias-menonitas-continuan-la-gran-deforestacion-en-la-amazonia-peruana-Feat-Image-2-579x580.jpg","keywords":["MAAP #149"],"articleSection":["Otros Cultivos","Paises&gt;Per\u00fa"],"inLanguage":"es","potentialAction":[{"@type":"CommentAction","name":"Comment","target":["https:\/\/www.maapprogram.org\/es\/menonitas_4colonias\/#respond"]}]},{"@type":"WebPage","@id":"https:\/\/www.maapprogram.org\/es\/menonitas_4colonias\/","url":"https:\/\/www.maapprogram.org\/es\/menonitas_4colonias\/","name":"MAAP #149: Colonias Menonitas Contin\u00faan la Gran Deforestaci\u00f3n en la Amazon\u00eda Peruana - MAAP","isPartOf":{"@id":"https:\/\/www.maapprogram.org\/es\/#website"},"primaryImageOfPage":{"@id":"https:\/\/www.maapprogram.org\/es\/menonitas_4colonias\/#primaryimage"},"image":{"@id":"https:\/\/www.maapprogram.org\/es\/menonitas_4colonias\/#primaryimage"},"thumbnailUrl":"https:\/\/www.maapprogram.org\/wp-content\/uploads\/2021\/12\/maaproject.org-maap-149-colonias-menonitas-continuan-la-gran-deforestacion-en-la-amazonia-peruana-Feat-Image-2-579x580.jpg","datePublished":"2021-12-13T12:04:00+00:00","dateModified":"2024-09-24T20:39:37+00:00","author":{"@id":"https:\/\/www.maapprogram.org\/es\/#\/schema\/person\/433e90c8debccfe16357e05627bbd443"},"breadcrumb":{"@id":"https:\/\/www.maapprogram.org\/es\/menonitas_4colonias\/#breadcrumb"},"inLanguage":"es","potentialAction":[{"@type":"ReadAction","target":["https:\/\/www.maapprogram.org\/es\/menonitas_4colonias\/"]}]},{"@type":"ImageObject","inLanguage":"es","@id":"https:\/\/www.maapprogram.org\/es\/menonitas_4colonias\/#primaryimage","url":"https:\/\/www.maapprogram.org\/wp-content\/uploads\/2021\/12\/maaproject.org-maap-149-colonias-menonitas-continuan-la-gran-deforestacion-en-la-amazonia-peruana-Feat-Image-2-579x580.jpg","contentUrl":"https:\/\/www.maapprogram.org\/wp-content\/uploads\/2021\/12\/maaproject.org-maap-149-colonias-menonitas-continuan-la-gran-deforestacion-en-la-amazonia-peruana-Feat-Image-2-579x580.jpg"},{"@type":"BreadcrumbList","@id":"https:\/\/www.maapprogram.org\/es\/menonitas_4colonias\/#breadcrumb","itemListElement":[{"@type":"ListItem","position":1,"name":"Home","item":"https:\/\/www.maapprogram.org\/es\/"},{"@type":"ListItem","position":2,"name":"MAAP #149: Colonias Menonitas Contin\u00faan la Gran Deforestaci\u00f3n en la Amazon\u00eda Peruana"}]},{"@type":"WebSite","@id":"https:\/\/www.maapprogram.org\/es\/#website","url":"https:\/\/www.maapprogram.org\/es\/","name":"MAAP","description":"","potentialAction":[{"@type":"SearchAction","target":{"@type":"EntryPoint","urlTemplate":"https:\/\/www.maapprogram.org\/es\/?s={search_term_string}"},"query-input":{"@type":"PropertyValueSpecification","valueRequired":true,"valueName":"search_term_string"}}],"inLanguage":"es"},{"@type":"Person","@id":"https:\/\/www.maapprogram.org\/es\/#\/schema\/person\/433e90c8debccfe16357e05627bbd443","name":"dcadmin","image":{"@type":"ImageObject","inLanguage":"es","@id":"https:\/\/secure.gravatar.com\/avatar\/83c0f4e5f994ae4e4b9ae78b382f373b07a15509b31a24d7d748f76e9925b825?s=96&d=mm&r=g","url":"https:\/\/secure.gravatar.com\/avatar\/83c0f4e5f994ae4e4b9ae78b382f373b07a15509b31a24d7d748f76e9925b825?s=96&d=mm&r=g","contentUrl":"https:\/\/secure.gravatar.com\/avatar\/83c0f4e5f994ae4e4b9ae78b382f373b07a15509b31a24d7d748f76e9925b825?s=96&d=mm&r=g","caption":"dcadmin"},"sameAs":["http:\/\/www.maapprogram.org"],"url":"https:\/\/www.maapprogram.org\/es\/author\/dcadmin\/"}]}},"_links":{"self":[{"href":"https:\/\/www.maapprogram.org\/es\/wp-json\/wp\/v2\/posts\/21202","targetHints":{"allow":["GET"]}}],"collection":[{"href":"https:\/\/www.maapprogram.org\/es\/wp-json\/wp\/v2\/posts"}],"about":[{"href":"https:\/\/www.maapprogram.org\/es\/wp-json\/wp\/v2\/types\/post"}],"author":[{"embeddable":true,"href":"https:\/\/www.maapprogram.org\/es\/wp-json\/wp\/v2\/users\/1"}],"replies":[{"embeddable":true,"href":"https:\/\/www.maapprogram.org\/es\/wp-json\/wp\/v2\/comments?post=21202"}],"version-history":[{"count":1,"href":"https:\/\/www.maapprogram.org\/es\/wp-json\/wp\/v2\/posts\/21202\/revisions"}],"predecessor-version":[{"id":23340,"href":"https:\/\/www.maapprogram.org\/es\/wp-json\/wp\/v2\/posts\/21202\/revisions\/23340"}],"wp:attachment":[{"href":"https:\/\/www.maapprogram.org\/es\/wp-json\/wp\/v2\/media?parent=21202"}],"wp:term":[{"taxonomy":"category","embeddable":true,"href":"https:\/\/www.maapprogram.org\/es\/wp-json\/wp\/v2\/categories?post=21202"},{"taxonomy":"post_tag","embeddable":true,"href":"https:\/\/www.maapprogram.org\/es\/wp-json\/wp\/v2\/tags?post=21202"},{"taxonomy":"ftr_agriculture","embeddable":true,"href":"https:\/\/www.maapprogram.org\/es\/wp-json\/wp\/v2\/ftr_agriculture?post=21202"},{"taxonomy":"carbon-and-climate-change","embeddable":true,"href":"https:\/\/www.maapprogram.org\/es\/wp-json\/wp\/v2\/carbon-and-climate-change?post=21202"},{"taxonomy":"ftr_country","embeddable":true,"href":"https:\/\/www.maapprogram.org\/es\/wp-json\/wp\/v2\/ftr_country?post=21202"},{"taxonomy":"fire","embeddable":true,"href":"https:\/\/www.maapprogram.org\/es\/wp-json\/wp\/v2\/fire?post=21202"},{"taxonomy":"infrastructure-threat","embeddable":true,"href":"https:\/\/www.maapprogram.org\/es\/wp-json\/wp\/v2\/infrastructure-threat?post=21202"},{"taxonomy":"land-use","embeddable":true,"href":"https:\/\/www.maapprogram.org\/es\/wp-json\/wp\/v2\/land-use?post=21202"},{"taxonomy":"mining-and-logging-threat","embeddable":true,"href":"https:\/\/www.maapprogram.org\/es\/wp-json\/wp\/v2\/mining-and-logging-threat?post=21202"},{"taxonomy":"natural-forest-loss","embeddable":true,"href":"https:\/\/www.maapprogram.org\/es\/wp-json\/wp\/v2\/natural-forest-loss?post=21202"},{"taxonomy":"special-analysis","embeddable":true,"href":"https:\/\/www.maapprogram.org\/es\/wp-json\/wp\/v2\/special-analysis?post=21202"}],"curies":[{"name":"wp","href":"https:\/\/api.w.org\/{rel}","templated":true}]}}