{"id":21216,"date":"2015-03-26T13:00:00","date_gmt":"2015-03-26T13:00:00","guid":{"rendered":"https:\/\/www.maapprogram.org\/se-expande-deforestacion-en-la-amazonia-peruana-por-mineria-de-oro\/"},"modified":"2024-09-24T19:30:36","modified_gmt":"2024-09-24T19:30:36","slug":"se-expande-deforestacion-en-la-amazonia-peruana-por-mineria-de-oro","status":"publish","type":"post","link":"https:\/\/www.maapprogram.org\/es\/se-expande-deforestacion-en-la-amazonia-peruana-por-mineria-de-oro\/","title":{"rendered":"Imagen #1: La Deforestaci\u00f3n por la Miner\u00eda Aur\u00edfera Contin\u00faa su Expansi\u00f3n en La Pampa (Madre de Dios, Per\u00fa)"},"content":{"rendered":"<h4>La Imagen de la Semana #1 destaca que la deforestaci\u00f3n por miner\u00eda aur\u00edfera\u00a0contin\u00faa su expansi\u00f3n en el sur de la Amazon\u00eda peruana (departamento de Madre de Dios). En particular, muestra que gran parte de\u00a0la deforestaci\u00f3n\u00a0m\u00e1s reciente (2013 <strong>\u2013<\/strong>\u00a02015) ocurri\u00f3 en a) la zona conocida como La Pampa, b) fuera del corredor minero legal, y c) dentro de la zona oficial de amortiguamiento de la Reserva Nacional Tambopata.<\/h4>\n<div id=\"attachment_1738\" class=\"thumbnail aligncenter\"><a href=\"https:\/\/www.maapprogram.org\/wp-content\/uploads\/2015\/03\/2015_MDD_MAAP_a1_v6_rose1-1.jpg\"><img decoding=\"async\" class=\"wp-image-1738\" src=\"https:\/\/www.maapprogram.org\/wp-content\/uploads\/2015\/03\/2015_MDD_MAAP_a1_v6_rose1-1500x1062.png\" alt=\"2015_MDD_MAAP_a1_v6_rose1\" width=\"1000\" height=\"708\" \/><\/a><div class=\"caption\"><strong>Imagen de la Semana 1a. Deforestaci\u00f3n en el corredor minero de Madre de Dios en la Amazon\u00eda sur peruana desde 2000 hasta 2015. Fuentes claves: MINAM, SERNANP, USGS, Hansen\/UMD\/Google\/USGS\/NASA, ACCA.<\/strong><\/div><\/div>\n<h3><strong>Descripci\u00f3n del mapa:\u00a0<\/strong><\/h3>\n<p><em><strong>El mapa de fondo<\/strong><\/em> es una imagen Landsat 8 (30 metros de resoluci\u00f3n) del 2 de febrero de 2015. El color verde indica cobertura forestal. Se observa cierta cobertura de nubes en la parte inferior izquierda de la imagen. Los datos son de <a href=\"http:\/\/glovis.usgs.gov\/\">USGS<\/a>.<\/p>\n<p><em><strong>El color negro <\/strong><\/em>indica las \u00e1reas que fueron deforestadas hasta el a\u00f1o 2000 seg\u00fan los datos del Ministerio de Ambiente de Per\u00fa (<a href=\"http:\/\/geoservidor.minam.gob.pe\/geoservidor\/archivos\/memoria\/DEFORESTACION_Parte1.pdf\">MINAM 2009<\/a>). <em><strong>Los colores amarillo, naranja y rojo<\/strong><\/em> indican \u00e1reas que fueron deforestadas entre los a\u00f1os 2000 y 2012. Cada color cubre un per\u00edodo de cuatro a\u00f1os (<a href=\"http:\/\/www.sciencemag.org\/content\/342\/6160\/850\">Hansen MC <em>et al<\/em>. 2013 Science 342: 850\u201353<\/a>; <a href=\"http:\/\/earthenginepartners.appspot.com\/science-2013-global-forest\">Data download<\/a>).<\/p>\n<p><em><strong>El color p\u00farpura<\/strong><\/em> indica las \u00e1reas que fueron deforestadas entre enero de 2013 y febrero de 2015, basado en nuestro an\u00e1lisis de im\u00e1genes Landsat utilizando el software de <a href=\"http:\/\/claslite.carnegiescience.edu\/en\/\">monitoreo forestal CLASlite<\/a>.<\/p>\n<p>Los datos de\u00a0<em><strong>las carreteras secundarias<\/strong><\/em>\u00a0corresponden a la <a href=\"http:\/\/www.acca.org.pe\/\">Asociaci\u00f3n para la Conservaci\u00f3n de la Cuenca Amaz\u00f3nica-ACCA<\/a>.<\/p>\n<p>El <em><strong>corredor minero<\/strong><\/em> indica la zona que el gobierno peruano ha delimitado como\u00a0potencialmente legal para la actividad minera, pero s\u00f3lo si los mineros completan con \u00e9xito\u00a0un proceso de formalizaci\u00f3n para cada proyecto.\u00a0Los datos corresponden a ACCA.<\/p>\n<p>Los datos sobre <strong>\u00e1reas naturales protegidas<\/strong>\u00a0corresponden al\u00a0<a href=\"http:\/\/www.sernanp.gob.pe\/sernanp\/\">SERNANP<\/a>.\u00a0El color verde oscuro indica \u00e1reas naturales protegidas establecidas, mientras el color verde claro indica sus zonas de amortiguamiento.<\/p>\n<div class=\"fitem-sep\"><\/div>\n<p>El mayor porcentaje de p\u00e9rdida de cobertura forestal (bosques) durante el periodo 2000\u00a0<strong>\u2013\u00a0<\/strong>2015 indicado en el mapa se asocia con la actividad minera aur\u00edfera, aunque en algunos casos tambi\u00e9n se asocia con el reciente asfaltado de la carretera Interoce\u00e1nica y su creciente red de caminos secundarios.<\/p>\n<p>Seg\u00fan un <a href=\"http:\/\/www.pnas.org\/content\/110\/46\/18454.abstract\">reciente estudio publicado en PNAS<\/a> por Greg Asner <em>et al.<\/em>, la deforestaci\u00f3n por causa de la miner\u00eda aur\u00edfera\u00a0en esta regi\u00f3n se increment\u00f3 de 10.000 hect\u00e1reas en el a\u00f1o\u00a02000 a 50.000 hect\u00e1reas (ha) en el a\u00f1o 2012. Esta deforestaci\u00f3n se concentra principalmente en dos \u00e1reas: Huepetuhe \/ Delta-1 y Guacamayo (A y B en el mapa, respectivamente).<\/p>\n<p>M\u00e1s recientemente, la deforestaci\u00f3n se ha desplazado en gran parte al sector de La Pampa (C en el mapa). Este cambio es particularmente importante, ya que La Pampa se encuentra fuera del\u00a0corredor minero y dentro de la zona de amortiguamiento de la Reserva Nacional Tambopata.\u00a0<strong>Usando CLASlite, detectamos 1.711 ha de deforestaci\u00f3n en La Pampa entre los a\u00f1os 2013 y 2015.<\/strong><\/p>\n<div class=\"fitem-sep\"><\/div>\n<h3><strong>Vista zoom de La Pampa<\/strong><\/h3>\n<div id=\"attachment_1740\" class=\"thumbnail aligncenter\"><a href=\"https:\/\/www.maapprogram.org\/wp-content\/uploads\/2015\/03\/2015_MDD_MAAP_b1_v2_zoom-2.jpg\"><img decoding=\"async\" class=\"wp-image-1740 size-full\" src=\"https:\/\/www.maapprogram.org\/wp-content\/uploads\/2015\/03\/2015_MDD_MAAP_b1_v2_zoom-2.jpg\" alt=\"2015_MDD_MAAP_b1_v2_zoom\" width=\"1753\" height=\"1241\" \/><\/a><div class=\"caption\"><strong>Imagen 1b. Zoom de la zona minera conocida como\u00bbLa Pampa\u00bb dentro de la zona de amortiguamiento de la Reserva Nacional Tambopata. Fuentes claves: MINAM, SERNANP, USGS, Hansen\/UMD\/Google\/USGS\/NASA, ACCA.<\/strong><\/div><\/div>\n<p>La imagen 1b corresponde a una vista de zoom de la zona de La Pampa que permite ilustrar mejor el patr\u00f3n de\u00a0<strong>deforestaci\u00f3n m\u00e1s reciente dentro de la zona de amortiguamiento de la Reserva Nacional Tambopata<\/strong>. Como se se\u00f1al\u00f3 anteriormente, el empleo de CLASlite permiti\u00f3 detectar 1.711 hect\u00e1reas deforestadas dentro de la zona de La Pampa entre\u00a0los a\u00f1os 2013 y 2015. Esto equivale a m\u00e1s de 2.300 campos de f\u00fatbol.<\/p>\n<p>N\u00f3tese que la gran parte de la deforestaci\u00f3n reciente se encuentra a seis kil\u00f3metros de la Reserva Nacional Tambopata.<\/p>\n<div class=\"fitem-sep\"><\/div>\n<h3><strong>Monitoreo en tiempo casi real<\/strong><\/h3>\n<div id=\"attachment_1742\" class=\"thumbnail aligncenter\"><a href=\"https:\/\/www.maapprogram.org\/wp-content\/uploads\/2015\/03\/2015_MDD_MAAP_c1_v3-2.jpg\"><img decoding=\"async\" class=\"wp-image-1742 size-full\" src=\"https:\/\/www.maapprogram.org\/wp-content\/uploads\/2015\/03\/2015_MDD_MAAP_c1_v3-2.jpg\" alt=\"2015_MDD_MAAP_c1_v3\" width=\"1755\" height=\"1241\" \/><\/a><div class=\"caption\"><strong>Imagen 1c. Monitoreo de la deforestaci\u00f3n en tiempo casi real en el sector La Pampa. Fuentes claves: SERNANP, USGS, ACCA.<\/strong><\/div><\/div>\n<p>Gracias a una serie de im\u00e1genes del Landsat relativamente libres de nubes, pudimos llevar a cabo un an\u00e1lisis de casi tiempo real con CLASlite durante los a\u00f1os 2014 y 2015.<\/p>\n<p>Como resultado, encontramos que <strong>entre mediados de octubre de 2014 y principios de febrero de 2015 (apenas cuatro meses) hubo una deforestaci\u00f3n de 226,5 hect\u00e1reas en La Pampa<\/strong> en la zona de amortiguamiento de la Reserva Nacional Tambopata. Esto es el equivalente a 310 campos de f\u00fatbol, una tasa superior a 2,5 campos por d\u00eda.<\/p>\n<p>Antes de ese per\u00edodo de tiempo, se encontr\u00f3 que <strong>entre mediados de agosto y mediados de octubre de 2014 (alrededor de nueve semanas), hubo una deforestaci\u00f3n de 431 hect\u00e1reas en La Pampa.<\/strong><\/p>\n<div class=\"fitem-sep\"><\/div>\n<h3><strong>C\u00f3mo citar los reportes<\/strong><\/h3>\n<p>Finer M, Novoa S (2015) La Deforestaci\u00f3n por la Miner\u00eda Aur\u00edfera Contin\u00faa su Expansi\u00f3n en La Pampa (Madre de Dios, Per\u00fa). MAAP: Imagen #1. Enlace:\u00a0<a href=\"https:\/\/www.maapprogram.org\/2015\/03\/se-expande-deforestacion-en-la-amazonia-peruana-por-mineria-de-oro\/\">https:\/\/www.maapprogram.org\/2015\/03\/se-expande-deforestacion-en-la-amazonia-peruana-por-mineria-de-oro\/<\/a><\/p>\n","protected":false},"excerpt":{"rendered":"<p>La Imagen de la Semana #1 destaca que la deforestaci\u00f3n por miner\u00eda aur\u00edfera\u00a0contin\u00faa su expansi\u00f3n en el sur de la Amazon\u00eda peruana (departamento de Madre de Dios). En particular, muestra que gran parte de\u00a0la deforestaci\u00f3n\u00a0m\u00e1s reciente (2013 \u2013\u00a02015) ocurri\u00f3 en a) la zona conocida como La Pampa, b) fuera del corredor minero legal, y c) [&hellip;]<\/p>\n","protected":false},"author":1,"featured_media":0,"comment_status":"open","ping_status":"open","sticky":false,"template":"","format":"standard","meta":{"_acf_changed":false,"footnotes":""},"categories":[2],"tags":[27],"ftr_agriculture":[],"carbon-and-climate-change":[],"ftr_country":[483],"fire":[],"infrastructure-threat":[],"land-use":[433],"mining-and-logging-threat":[434],"natural-forest-loss":[],"special-analysis":[],"class_list":["post-21216","post","type-post","status-publish","format-standard","hentry","category-sin-categorizar","tag-imagen-de-la-semana-1","ftr_country-peru-2","land-use-areas-protegidas","mining-and-logging-threat-mineria-de-oro"],"acf":[],"yoast_head":"<!-- This site is optimized with the Yoast SEO plugin v27.3 - https:\/\/yoast.com\/product\/yoast-seo-wordpress\/ -->\n<title>Imagen #1: La Deforestaci\u00f3n por la Miner\u00eda Aur\u00edfera Contin\u00faa su Expansi\u00f3n en La Pampa (Madre de Dios, Per\u00fa) - MAAP<\/title>\n<meta name=\"robots\" content=\"index, follow, max-snippet:-1, max-image-preview:large, max-video-preview:-1\" \/>\n<link rel=\"canonical\" href=\"https:\/\/www.maapprogram.org\/es\/se-expande-deforestacion-en-la-amazonia-peruana-por-mineria-de-oro\/\" \/>\n<meta property=\"og:locale\" content=\"es_ES\" \/>\n<meta property=\"og:type\" content=\"article\" \/>\n<meta property=\"og:title\" content=\"Imagen #1: La Deforestaci\u00f3n por la Miner\u00eda Aur\u00edfera Contin\u00faa su Expansi\u00f3n en La Pampa (Madre de Dios, Per\u00fa) - MAAP\" \/>\n<meta property=\"og:description\" content=\"La Imagen de la Semana #1 destaca que la deforestaci\u00f3n por miner\u00eda aur\u00edfera\u00a0contin\u00faa su expansi\u00f3n en el sur de la Amazon\u00eda peruana (departamento de Madre de Dios). En particular, muestra que gran parte de\u00a0la deforestaci\u00f3n\u00a0m\u00e1s reciente (2013 \u2013\u00a02015) ocurri\u00f3 en a) la zona conocida como La Pampa, b) fuera del corredor minero legal, y c) [&hellip;]\" \/>\n<meta property=\"og:url\" content=\"https:\/\/www.maapprogram.org\/es\/se-expande-deforestacion-en-la-amazonia-peruana-por-mineria-de-oro\/\" \/>\n<meta property=\"og:site_name\" content=\"MAAP\" \/>\n<meta property=\"article:published_time\" content=\"2015-03-26T13:00:00+00:00\" \/>\n<meta property=\"article:modified_time\" content=\"2024-09-24T19:30:36+00:00\" \/>\n<meta property=\"og:image\" content=\"https:\/\/www.maapprogram.org\/wp-content\/uploads\/2015\/03\/2015_MDD_MAAP_a1_v6_rose1-1500x1062.png\" \/>\n<meta name=\"author\" content=\"dcadmin\" \/>\n<meta name=\"twitter:card\" content=\"summary_large_image\" \/>\n<meta name=\"twitter:label1\" content=\"Escrito por\" \/>\n\t<meta name=\"twitter:data1\" content=\"dcadmin\" \/>\n\t<meta name=\"twitter:label2\" content=\"Tiempo de lectura\" \/>\n\t<meta name=\"twitter:data2\" content=\"5 minutos\" \/>\n<script type=\"application\/ld+json\" class=\"yoast-schema-graph\">{\"@context\":\"https:\\\/\\\/schema.org\",\"@graph\":[{\"@type\":\"Article\",\"@id\":\"https:\\\/\\\/www.maapprogram.org\\\/es\\\/se-expande-deforestacion-en-la-amazonia-peruana-por-mineria-de-oro\\\/#article\",\"isPartOf\":{\"@id\":\"https:\\\/\\\/www.maapprogram.org\\\/es\\\/se-expande-deforestacion-en-la-amazonia-peruana-por-mineria-de-oro\\\/\"},\"author\":{\"name\":\"dcadmin\",\"@id\":\"https:\\\/\\\/www.maapprogram.org\\\/es\\\/#\\\/schema\\\/person\\\/433e90c8debccfe16357e05627bbd443\"},\"headline\":\"Imagen #1: La Deforestaci\u00f3n por la Miner\u00eda Aur\u00edfera Contin\u00faa su Expansi\u00f3n en La Pampa (Madre de Dios, Per\u00fa)\",\"datePublished\":\"2015-03-26T13:00:00+00:00\",\"dateModified\":\"2024-09-24T19:30:36+00:00\",\"mainEntityOfPage\":{\"@id\":\"https:\\\/\\\/www.maapprogram.org\\\/es\\\/se-expande-deforestacion-en-la-amazonia-peruana-por-mineria-de-oro\\\/\"},\"wordCount\":873,\"commentCount\":0,\"image\":{\"@id\":\"https:\\\/\\\/www.maapprogram.org\\\/es\\\/se-expande-deforestacion-en-la-amazonia-peruana-por-mineria-de-oro\\\/#primaryimage\"},\"thumbnailUrl\":\"https:\\\/\\\/www.maapprogram.org\\\/wp-content\\\/uploads\\\/2015\\\/03\\\/2015_MDD_MAAP_a1_v6_rose1-1500x1062.png\",\"keywords\":[\"Imagen de la Semana #1\"],\"articleSection\":[\"Sin categorizar\"],\"inLanguage\":\"es\",\"potentialAction\":[{\"@type\":\"CommentAction\",\"name\":\"Comment\",\"target\":[\"https:\\\/\\\/www.maapprogram.org\\\/es\\\/se-expande-deforestacion-en-la-amazonia-peruana-por-mineria-de-oro\\\/#respond\"]}]},{\"@type\":\"WebPage\",\"@id\":\"https:\\\/\\\/www.maapprogram.org\\\/es\\\/se-expande-deforestacion-en-la-amazonia-peruana-por-mineria-de-oro\\\/\",\"url\":\"https:\\\/\\\/www.maapprogram.org\\\/es\\\/se-expande-deforestacion-en-la-amazonia-peruana-por-mineria-de-oro\\\/\",\"name\":\"Imagen #1: La Deforestaci\u00f3n por la Miner\u00eda Aur\u00edfera Contin\u00faa su Expansi\u00f3n en La Pampa (Madre de Dios, Per\u00fa) - MAAP\",\"isPartOf\":{\"@id\":\"https:\\\/\\\/www.maapprogram.org\\\/es\\\/#website\"},\"primaryImageOfPage\":{\"@id\":\"https:\\\/\\\/www.maapprogram.org\\\/es\\\/se-expande-deforestacion-en-la-amazonia-peruana-por-mineria-de-oro\\\/#primaryimage\"},\"image\":{\"@id\":\"https:\\\/\\\/www.maapprogram.org\\\/es\\\/se-expande-deforestacion-en-la-amazonia-peruana-por-mineria-de-oro\\\/#primaryimage\"},\"thumbnailUrl\":\"https:\\\/\\\/www.maapprogram.org\\\/wp-content\\\/uploads\\\/2015\\\/03\\\/2015_MDD_MAAP_a1_v6_rose1-1500x1062.png\",\"datePublished\":\"2015-03-26T13:00:00+00:00\",\"dateModified\":\"2024-09-24T19:30:36+00:00\",\"author\":{\"@id\":\"https:\\\/\\\/www.maapprogram.org\\\/es\\\/#\\\/schema\\\/person\\\/433e90c8debccfe16357e05627bbd443\"},\"breadcrumb\":{\"@id\":\"https:\\\/\\\/www.maapprogram.org\\\/es\\\/se-expande-deforestacion-en-la-amazonia-peruana-por-mineria-de-oro\\\/#breadcrumb\"},\"inLanguage\":\"es\",\"potentialAction\":[{\"@type\":\"ReadAction\",\"target\":[\"https:\\\/\\\/www.maapprogram.org\\\/es\\\/se-expande-deforestacion-en-la-amazonia-peruana-por-mineria-de-oro\\\/\"]}]},{\"@type\":\"ImageObject\",\"inLanguage\":\"es\",\"@id\":\"https:\\\/\\\/www.maapprogram.org\\\/es\\\/se-expande-deforestacion-en-la-amazonia-peruana-por-mineria-de-oro\\\/#primaryimage\",\"url\":\"https:\\\/\\\/www.maapprogram.org\\\/wp-content\\\/uploads\\\/2015\\\/03\\\/2015_MDD_MAAP_a1_v6_rose1-1500x1062.png\",\"contentUrl\":\"https:\\\/\\\/www.maapprogram.org\\\/wp-content\\\/uploads\\\/2015\\\/03\\\/2015_MDD_MAAP_a1_v6_rose1-1500x1062.png\"},{\"@type\":\"BreadcrumbList\",\"@id\":\"https:\\\/\\\/www.maapprogram.org\\\/es\\\/se-expande-deforestacion-en-la-amazonia-peruana-por-mineria-de-oro\\\/#breadcrumb\",\"itemListElement\":[{\"@type\":\"ListItem\",\"position\":1,\"name\":\"Home\",\"item\":\"https:\\\/\\\/www.maapprogram.org\\\/es\\\/\"},{\"@type\":\"ListItem\",\"position\":2,\"name\":\"Imagen #1: La Deforestaci\u00f3n por la Miner\u00eda Aur\u00edfera Contin\u00faa su Expansi\u00f3n en La Pampa (Madre de Dios, Per\u00fa)\"}]},{\"@type\":\"WebSite\",\"@id\":\"https:\\\/\\\/www.maapprogram.org\\\/es\\\/#website\",\"url\":\"https:\\\/\\\/www.maapprogram.org\\\/es\\\/\",\"name\":\"MAAP\",\"description\":\"\",\"potentialAction\":[{\"@type\":\"SearchAction\",\"target\":{\"@type\":\"EntryPoint\",\"urlTemplate\":\"https:\\\/\\\/www.maapprogram.org\\\/es\\\/?s={search_term_string}\"},\"query-input\":{\"@type\":\"PropertyValueSpecification\",\"valueRequired\":true,\"valueName\":\"search_term_string\"}}],\"inLanguage\":\"es\"},{\"@type\":\"Person\",\"@id\":\"https:\\\/\\\/www.maapprogram.org\\\/es\\\/#\\\/schema\\\/person\\\/433e90c8debccfe16357e05627bbd443\",\"name\":\"dcadmin\",\"image\":{\"@type\":\"ImageObject\",\"inLanguage\":\"es\",\"@id\":\"https:\\\/\\\/secure.gravatar.com\\\/avatar\\\/83c0f4e5f994ae4e4b9ae78b382f373b07a15509b31a24d7d748f76e9925b825?s=96&d=mm&r=g\",\"url\":\"https:\\\/\\\/secure.gravatar.com\\\/avatar\\\/83c0f4e5f994ae4e4b9ae78b382f373b07a15509b31a24d7d748f76e9925b825?s=96&d=mm&r=g\",\"contentUrl\":\"https:\\\/\\\/secure.gravatar.com\\\/avatar\\\/83c0f4e5f994ae4e4b9ae78b382f373b07a15509b31a24d7d748f76e9925b825?s=96&d=mm&r=g\",\"caption\":\"dcadmin\"},\"sameAs\":[\"http:\\\/\\\/www.maapprogram.org\"],\"url\":\"https:\\\/\\\/www.maapprogram.org\\\/es\\\/author\\\/dcadmin\\\/\"}]}<\/script>\n<!-- \/ Yoast SEO plugin. -->","yoast_head_json":{"title":"Imagen #1: La Deforestaci\u00f3n por la Miner\u00eda Aur\u00edfera Contin\u00faa su Expansi\u00f3n en La Pampa (Madre de Dios, Per\u00fa) - MAAP","robots":{"index":"index","follow":"follow","max-snippet":"max-snippet:-1","max-image-preview":"max-image-preview:large","max-video-preview":"max-video-preview:-1"},"canonical":"https:\/\/www.maapprogram.org\/es\/se-expande-deforestacion-en-la-amazonia-peruana-por-mineria-de-oro\/","og_locale":"es_ES","og_type":"article","og_title":"Imagen #1: La Deforestaci\u00f3n por la Miner\u00eda Aur\u00edfera Contin\u00faa su Expansi\u00f3n en La Pampa (Madre de Dios, Per\u00fa) - MAAP","og_description":"La Imagen de la Semana #1 destaca que la deforestaci\u00f3n por miner\u00eda aur\u00edfera\u00a0contin\u00faa su expansi\u00f3n en el sur de la Amazon\u00eda peruana (departamento de Madre de Dios). En particular, muestra que gran parte de\u00a0la deforestaci\u00f3n\u00a0m\u00e1s reciente (2013 \u2013\u00a02015) ocurri\u00f3 en a) la zona conocida como La Pampa, b) fuera del corredor minero legal, y c) [&hellip;]","og_url":"https:\/\/www.maapprogram.org\/es\/se-expande-deforestacion-en-la-amazonia-peruana-por-mineria-de-oro\/","og_site_name":"MAAP","article_published_time":"2015-03-26T13:00:00+00:00","article_modified_time":"2024-09-24T19:30:36+00:00","og_image":[{"url":"https:\/\/www.maapprogram.org\/wp-content\/uploads\/2015\/03\/2015_MDD_MAAP_a1_v6_rose1-1500x1062.png","type":"","width":"","height":""}],"author":"dcadmin","twitter_card":"summary_large_image","twitter_misc":{"Escrito por":"dcadmin","Tiempo de lectura":"5 minutos"},"schema":{"@context":"https:\/\/schema.org","@graph":[{"@type":"Article","@id":"https:\/\/www.maapprogram.org\/es\/se-expande-deforestacion-en-la-amazonia-peruana-por-mineria-de-oro\/#article","isPartOf":{"@id":"https:\/\/www.maapprogram.org\/es\/se-expande-deforestacion-en-la-amazonia-peruana-por-mineria-de-oro\/"},"author":{"name":"dcadmin","@id":"https:\/\/www.maapprogram.org\/es\/#\/schema\/person\/433e90c8debccfe16357e05627bbd443"},"headline":"Imagen #1: La Deforestaci\u00f3n por la Miner\u00eda Aur\u00edfera Contin\u00faa su Expansi\u00f3n en La Pampa (Madre de Dios, Per\u00fa)","datePublished":"2015-03-26T13:00:00+00:00","dateModified":"2024-09-24T19:30:36+00:00","mainEntityOfPage":{"@id":"https:\/\/www.maapprogram.org\/es\/se-expande-deforestacion-en-la-amazonia-peruana-por-mineria-de-oro\/"},"wordCount":873,"commentCount":0,"image":{"@id":"https:\/\/www.maapprogram.org\/es\/se-expande-deforestacion-en-la-amazonia-peruana-por-mineria-de-oro\/#primaryimage"},"thumbnailUrl":"https:\/\/www.maapprogram.org\/wp-content\/uploads\/2015\/03\/2015_MDD_MAAP_a1_v6_rose1-1500x1062.png","keywords":["Imagen de la Semana #1"],"articleSection":["Sin categorizar"],"inLanguage":"es","potentialAction":[{"@type":"CommentAction","name":"Comment","target":["https:\/\/www.maapprogram.org\/es\/se-expande-deforestacion-en-la-amazonia-peruana-por-mineria-de-oro\/#respond"]}]},{"@type":"WebPage","@id":"https:\/\/www.maapprogram.org\/es\/se-expande-deforestacion-en-la-amazonia-peruana-por-mineria-de-oro\/","url":"https:\/\/www.maapprogram.org\/es\/se-expande-deforestacion-en-la-amazonia-peruana-por-mineria-de-oro\/","name":"Imagen #1: La Deforestaci\u00f3n por la Miner\u00eda Aur\u00edfera Contin\u00faa su Expansi\u00f3n en La Pampa (Madre de Dios, Per\u00fa) - MAAP","isPartOf":{"@id":"https:\/\/www.maapprogram.org\/es\/#website"},"primaryImageOfPage":{"@id":"https:\/\/www.maapprogram.org\/es\/se-expande-deforestacion-en-la-amazonia-peruana-por-mineria-de-oro\/#primaryimage"},"image":{"@id":"https:\/\/www.maapprogram.org\/es\/se-expande-deforestacion-en-la-amazonia-peruana-por-mineria-de-oro\/#primaryimage"},"thumbnailUrl":"https:\/\/www.maapprogram.org\/wp-content\/uploads\/2015\/03\/2015_MDD_MAAP_a1_v6_rose1-1500x1062.png","datePublished":"2015-03-26T13:00:00+00:00","dateModified":"2024-09-24T19:30:36+00:00","author":{"@id":"https:\/\/www.maapprogram.org\/es\/#\/schema\/person\/433e90c8debccfe16357e05627bbd443"},"breadcrumb":{"@id":"https:\/\/www.maapprogram.org\/es\/se-expande-deforestacion-en-la-amazonia-peruana-por-mineria-de-oro\/#breadcrumb"},"inLanguage":"es","potentialAction":[{"@type":"ReadAction","target":["https:\/\/www.maapprogram.org\/es\/se-expande-deforestacion-en-la-amazonia-peruana-por-mineria-de-oro\/"]}]},{"@type":"ImageObject","inLanguage":"es","@id":"https:\/\/www.maapprogram.org\/es\/se-expande-deforestacion-en-la-amazonia-peruana-por-mineria-de-oro\/#primaryimage","url":"https:\/\/www.maapprogram.org\/wp-content\/uploads\/2015\/03\/2015_MDD_MAAP_a1_v6_rose1-1500x1062.png","contentUrl":"https:\/\/www.maapprogram.org\/wp-content\/uploads\/2015\/03\/2015_MDD_MAAP_a1_v6_rose1-1500x1062.png"},{"@type":"BreadcrumbList","@id":"https:\/\/www.maapprogram.org\/es\/se-expande-deforestacion-en-la-amazonia-peruana-por-mineria-de-oro\/#breadcrumb","itemListElement":[{"@type":"ListItem","position":1,"name":"Home","item":"https:\/\/www.maapprogram.org\/es\/"},{"@type":"ListItem","position":2,"name":"Imagen #1: La Deforestaci\u00f3n por la Miner\u00eda Aur\u00edfera Contin\u00faa su Expansi\u00f3n en La Pampa (Madre de Dios, Per\u00fa)"}]},{"@type":"WebSite","@id":"https:\/\/www.maapprogram.org\/es\/#website","url":"https:\/\/www.maapprogram.org\/es\/","name":"MAAP","description":"","potentialAction":[{"@type":"SearchAction","target":{"@type":"EntryPoint","urlTemplate":"https:\/\/www.maapprogram.org\/es\/?s={search_term_string}"},"query-input":{"@type":"PropertyValueSpecification","valueRequired":true,"valueName":"search_term_string"}}],"inLanguage":"es"},{"@type":"Person","@id":"https:\/\/www.maapprogram.org\/es\/#\/schema\/person\/433e90c8debccfe16357e05627bbd443","name":"dcadmin","image":{"@type":"ImageObject","inLanguage":"es","@id":"https:\/\/secure.gravatar.com\/avatar\/83c0f4e5f994ae4e4b9ae78b382f373b07a15509b31a24d7d748f76e9925b825?s=96&d=mm&r=g","url":"https:\/\/secure.gravatar.com\/avatar\/83c0f4e5f994ae4e4b9ae78b382f373b07a15509b31a24d7d748f76e9925b825?s=96&d=mm&r=g","contentUrl":"https:\/\/secure.gravatar.com\/avatar\/83c0f4e5f994ae4e4b9ae78b382f373b07a15509b31a24d7d748f76e9925b825?s=96&d=mm&r=g","caption":"dcadmin"},"sameAs":["http:\/\/www.maapprogram.org"],"url":"https:\/\/www.maapprogram.org\/es\/author\/dcadmin\/"}]}},"_links":{"self":[{"href":"https:\/\/www.maapprogram.org\/es\/wp-json\/wp\/v2\/posts\/21216","targetHints":{"allow":["GET"]}}],"collection":[{"href":"https:\/\/www.maapprogram.org\/es\/wp-json\/wp\/v2\/posts"}],"about":[{"href":"https:\/\/www.maapprogram.org\/es\/wp-json\/wp\/v2\/types\/post"}],"author":[{"embeddable":true,"href":"https:\/\/www.maapprogram.org\/es\/wp-json\/wp\/v2\/users\/1"}],"replies":[{"embeddable":true,"href":"https:\/\/www.maapprogram.org\/es\/wp-json\/wp\/v2\/comments?post=21216"}],"version-history":[{"count":1,"href":"https:\/\/www.maapprogram.org\/es\/wp-json\/wp\/v2\/posts\/21216\/revisions"}],"predecessor-version":[{"id":23006,"href":"https:\/\/www.maapprogram.org\/es\/wp-json\/wp\/v2\/posts\/21216\/revisions\/23006"}],"wp:attachment":[{"href":"https:\/\/www.maapprogram.org\/es\/wp-json\/wp\/v2\/media?parent=21216"}],"wp:term":[{"taxonomy":"category","embeddable":true,"href":"https:\/\/www.maapprogram.org\/es\/wp-json\/wp\/v2\/categories?post=21216"},{"taxonomy":"post_tag","embeddable":true,"href":"https:\/\/www.maapprogram.org\/es\/wp-json\/wp\/v2\/tags?post=21216"},{"taxonomy":"ftr_agriculture","embeddable":true,"href":"https:\/\/www.maapprogram.org\/es\/wp-json\/wp\/v2\/ftr_agriculture?post=21216"},{"taxonomy":"carbon-and-climate-change","embeddable":true,"href":"https:\/\/www.maapprogram.org\/es\/wp-json\/wp\/v2\/carbon-and-climate-change?post=21216"},{"taxonomy":"ftr_country","embeddable":true,"href":"https:\/\/www.maapprogram.org\/es\/wp-json\/wp\/v2\/ftr_country?post=21216"},{"taxonomy":"fire","embeddable":true,"href":"https:\/\/www.maapprogram.org\/es\/wp-json\/wp\/v2\/fire?post=21216"},{"taxonomy":"infrastructure-threat","embeddable":true,"href":"https:\/\/www.maapprogram.org\/es\/wp-json\/wp\/v2\/infrastructure-threat?post=21216"},{"taxonomy":"land-use","embeddable":true,"href":"https:\/\/www.maapprogram.org\/es\/wp-json\/wp\/v2\/land-use?post=21216"},{"taxonomy":"mining-and-logging-threat","embeddable":true,"href":"https:\/\/www.maapprogram.org\/es\/wp-json\/wp\/v2\/mining-and-logging-threat?post=21216"},{"taxonomy":"natural-forest-loss","embeddable":true,"href":"https:\/\/www.maapprogram.org\/es\/wp-json\/wp\/v2\/natural-forest-loss?post=21216"},{"taxonomy":"special-analysis","embeddable":true,"href":"https:\/\/www.maapprogram.org\/es\/wp-json\/wp\/v2\/special-analysis?post=21216"}],"curies":[{"name":"wp","href":"https:\/\/api.w.org\/{rel}","templated":true}]}}