{"id":21218,"date":"2015-06-22T00:40:00","date_gmt":"2015-06-22T00:40:00","guid":{"rendered":"https:\/\/www.maapprogram.org\/imagen-7-sierra-del-divisor\/"},"modified":"2024-08-27T14:10:55","modified_gmt":"2024-08-27T14:10:55","slug":"imagen-7-sierra-del-divisor","status":"publish","type":"post","link":"https:\/\/www.maapprogram.org\/es\/imagen-7-sierra-del-divisor\/","title":{"rendered":"Imagen #7: Sierra del Divisor &#8211; Las Amenazas Crecientes refuerzan la importancia de crear un Parque Nacional"},"content":{"rendered":"<p>Mientras el <strong>Gobierno Peruano decide si la Zona Reservada Sierra del Divisor ser\u00e1 categorizada como Parque Nacional<\/strong>,\u00a0aqu\u00ed en\u00a0la <strong>Imagen de la Semana #7\u00a0<\/strong>compartimos este nuevo an\u00e1lisis de los actuales patrones de deforestaci\u00f3n de esta \u00e1rea.\u00a0La Zona Reservada Sierra del Divisor fue creada en el a\u00f1o 2006. Las Zonas Reservadas son una categor\u00eda temporal para proteger un \u00e1rea de importancia biol\u00f3gica hasta que se le otorgue una categor\u00eda de protecci\u00f3n definitiva. Su categorizaci\u00f3n como Parque Nacional\u00a0elevar\u00e1 el nivel del protecci\u00f3n legal para afrontar las crecientes amenazas\u00a0(sobre todo coca, tala ilegal, y miner\u00eda ilegal)\u00a0documentadas a continuaci\u00f3n.<\/p>\n<div id=\"attachment_2619\" class=\"thumbnail aligncenter\"><a href=\"https:\/\/www.maapprogram.org\/wp-content\/uploads\/2015\/06\/Sierra_divisor_MAAP_7a_v7_zoomareas.jpg\"><img decoding=\"async\" class=\"wp-image-2619\" src=\"https:\/\/www.maapprogram.org\/wp-content\/uploads\/2015\/06\/Sierra_divisor_MAAP_7a_v7_zoomareas.jpg\" alt=\"Sierra_divisor_MAAP_7a_v7_zoomareas\" width=\"603\" height=\"781\" \/><\/a><div class=\"caption\">Imagen 7a. \u00c1reas de deforestaci\u00f3n dentro y alrededor del propuesto Parque Nacional Sierra del Divisor. Fuentes: MINAM, SERNANP, USGS, IBC, MINAGRI, Hansen\/UMD\/Google\/USGS\/NASA.<\/div><\/div>\n<h3><\/h3>\n<h3><strong>Resultados Claves:<\/strong><\/h3>\n<p>Se han detectados diversos<strong>\u00a0frentes de deforestaci\u00f3n<\/strong>\u00a0al interior y alrededor de la actual Zona Reservada Sierra del Divisor.<\/p>\n<p><strong>Los resultados demuestran la necesidad de una mayor <\/strong><strong>protecci\u00f3n legal que podr\u00eda obtenerse con la categor\u00eda de Parque Nacional<\/strong>.<\/p>\n<p>En particular, detectamos al interior \u00a0y alrededor la actual Zona Reservada lo siguiente:<\/p>\n<p>&#8211; La <strong>deforestac\u00edon para el cultivo il\u00edcito de coca <\/strong>adentro\u00a0la parte suroeste (Zoom #1).<\/p>\n<p>&#8211;<strong> Nuevas carreteras forestales <\/strong>cercanas de los l\u00edmites sur y noroeste (Zooms #1 y #2).<\/p>\n<p>&#8211;\u00a0La\u00a0<strong>deforestaci\u00f3n asociada a la tala ilegal<\/strong><strong>\u00a0<\/strong>al interior del \u00e1rea en\u00a0la parte sureste\u00a0(Zoom #3). Esta\u00a0tala ilegal se encuentra adentro la<strong>\u00a0Reserva Territorial Isconahua<\/strong>,\u00a0tierra delimitada por el Estado peruano\u00a0a favor de los pueblos ind\u00edgenas en situaci\u00f3n de aislamiento.<\/p>\n<p>&#8211; La<strong> deforestaci\u00f3n asociada a la miner\u00eda\u00a0aur\u00edfera <\/strong>cerca del limite sur (Zoom #3).<\/p>\n<div class=\"fitem-sep\"><\/div>\n<h3><strong>La Propuesta Actual: De Zona Reservada a Parque Nacional<\/strong><\/h3>\n<div id=\"attachment_2616\" class=\"thumbnail alignleft\"><a href=\"https:\/\/www.maapprogram.org\/wp-content\/uploads\/2015\/06\/Sierra_divisor_MAAP_7o_v4p.jpg\"><img decoding=\"async\" class=\"wp-image-2616\" src=\"https:\/\/www.maapprogram.org\/wp-content\/uploads\/2015\/06\/Sierra_divisor_MAAP_7o_v4p.jpg\" alt=\"Sierra_divisor_MAAP_7o_v4p\" width=\"720\" height=\"459\" \/><\/a><div class=\"caption\">Imagen 7b. El escenario actual (panel izquierdo) y potencial (panel derecho) de la zona general de Sierra del Divisor. Fuentes: SERNANP, GOREL, USGS.<\/div><\/div>\n<p>La Imagen 7b muestra el <strong>escenario actual<\/strong> (panel izquierdo) y <strong>potencial<\/strong> (panel derecho) de la zona general de Sierra del Divisor.<\/p>\n<p>La gran mayor\u00eda de la Zona Reservada Sierra del Divisor se convertir\u00eda en un Parque Nacional de acuerdo a la propuesta actual presentada al gobierno peruano.\u00a0El propuesto Parque Nacional Sierra del Divisor cubre una vasta \u00e1rea (1,354,485 hect\u00e1reas) en el extremo este de la Amazonia Peruana\u00a0(Regiones de Loreto y Ucayali), adyacente a la frontera con Brasil.<\/p>\n<p>Debe mencionarse que algunas secciones en el lado occidental de la Zona Reservada no ser\u00e1n incluidas.\u00a0Parte de la zona exclu\u00edda en el noroeste mantendr\u00e1 la categor\u00eda de Zona Reservada, donde eventualmente podr\u00eda ser categorizada como \u00c1rea de Conservaci\u00f3n Regional.<\/p>\n<div class=\"fitem-sep\"><\/div>\n<h3><strong>Cultivos de Coca y Carreteras Forestales en la Zona Suroeste (Zoom #1)<\/strong><\/h3>\n<div id=\"attachment_2569\" class=\"thumbnail aligncenter\"><a href=\"https:\/\/www.maapprogram.org\/wp-content\/uploads\/2015\/06\/Sierra_divisor_MAAP_7b_Zoom1_v5_p.jpg\"><img decoding=\"async\" class=\"wp-image-2569\" src=\"https:\/\/www.maapprogram.org\/wp-content\/uploads\/2015\/06\/Sierra_divisor_MAAP_7b_Zoom1_v5_p.jpg\" alt=\"Sierra_divisor_MAAP_7b_Zoom1_v5_p\" width=\"1055\" height=\"537\" \/><\/a><div class=\"caption\">Imagen 7c. Zoom #1: vista mejorada de la secci\u00f3n suroeste del propuesto parque nacional. Los paneles A y B son im\u00e1genes de alta resoluci\u00f3n de las zonas indicadas en el mapa principal de la izquierda. Fuentes: MINAM, SERNANP, ACCA, Hansen\/UMD\/Google\/USGS\/NASA, USGS, SPOT 6.<\/div><\/div>\n<p>La Imagen 7c p<span style=\"color: #000000;\">roporciona una aproximaci\u00f3n de la <strong>secci\u00f3n suroeste del propuesto <\/strong><\/span><span style=\"color: #000000;\"><strong>Parque Nacional\u00a0<\/strong>y muestra la<\/span>\u00a0<strong>deforestaci\u00f3n de aproximadamente\u00a0<\/strong><strong>130 hect\u00e1reas entre 2013 y 2014 <\/strong>en el alto\u00a0r\u00edo Caller\u00eda (ver \u00abA\u00bb en el mapa). Nuestro an\u00e1lisis indica que la causa de esta deforestaci\u00f3n ser\u00eda la apertura de \u00e1reas para el <strong>cultivo il\u00edcita de coca<\/strong>.\u00a0El panel A muestra una imagen de alta resoluci\u00f3n de esta deforestaci\u00f3n.<\/p>\n<p>Tambi\u00e9n puede apreciarse la construcci\u00f3n una nueva carretera cerca al l\u00edmite suroeste (ver \u201cB\u201d en el mapa). Esta <strong>carretera forestal<\/strong>\u00a0atraviesa concesiones forestales. En particular se ha notado que hubo <strong>ampliaciones de esta v\u00eda entre los a\u00f1os 2013 y 2014<\/strong>, lo que estar\u00eda indicando que se trata de una carretera forestal activa. Adem\u00e1s, en la imagen de alta resoluci\u00f3n (ver panel B) se muestra que esta v\u00eda tiene aproximadamente entre 20-30 metros de ancho, lo que nos permite inferir que su construcci\u00f3n permitir\u00eda el acceso de veh\u00edculos amplios y maquinaria pesada.<\/p>\n<div class=\"fitem-sep\"><\/div>\n<h3><strong>Carretera Forestal Pr\u00f3xima al Limite Noroeste (Zoom #2)<\/strong><\/h3>\n<div id=\"attachment_2617\" class=\"thumbnail alignleft\"><a href=\"https:\/\/www.maapprogram.org\/wp-content\/uploads\/2015\/06\/Sierra_divisor_MAAP_7c_Zoom2_v4.jpg\"><img decoding=\"async\" class=\"wp-image-2617\" src=\"https:\/\/www.maapprogram.org\/wp-content\/uploads\/2015\/06\/Sierra_divisor_MAAP_7c_Zoom2_v4.jpg\" alt=\"Sierra_divisor_MAAP_7c_Zoom2_v4\" width=\"558\" height=\"723\" \/><\/a><div class=\"caption\">Imagen 7d. Zoom #2: Vista mejorada de la seccion noroeste del propuesto Parque Nacional. Fuentes: USGS, SERNANP, GOREL.<\/div><\/div>\n<p>La Imagen 7d proporciona una aproximaci\u00f3n de la <strong>secci\u00f3n noroeste del propuesto Parque Nacional<\/strong> y donde se aprecia una nueva carretera forestal \u00a0que estar\u00eda en construcci\u00f3n en esta zona. Tambi\u00e9n se identificaron <strong>ampliaciones en esta v\u00eda entre los a\u00f1os 2013 y 2015<\/strong>, indicando que se tratar\u00eda de una carretera forestal en uso activo.<\/p>\n<p>Tambi\u00e9n puede notarse el aumento de la deforestaci\u00f3n, en especial en el 2014, en los alrededores del pueblo Contamana, lo cual sustenta la importancia de apoyar la\u00a0creaci\u00f3n\u00a0de una eventual \u00c1rea de Conservaci\u00f3n Regional en esta \u00e1rea adyacente al propuesto Parque Nacional.<\/p>\n<div class=\"fitem-sep\"><\/div>\n<h3 style=\"background: white; margin: 0in 0in 15.0pt 0in;\"><strong>La Tala Ilegal y la\u00a0Miner\u00eda\u00a0Aur\u00edfera\u00a0en la Zona Sureste (Zoom #3)<\/strong><\/h3>\n<div id=\"attachment_2570\" class=\"thumbnail alignleft\"><a href=\"https:\/\/www.maapprogram.org\/wp-content\/uploads\/2015\/06\/Sierra_divisor_MAAP_7d_Zoom3_v7_p.jpg\"><img decoding=\"async\" class=\"wp-image-2570\" src=\"https:\/\/www.maapprogram.org\/wp-content\/uploads\/2015\/06\/Sierra_divisor_MAAP_7d_Zoom3_v7_p.jpg\" alt=\"Sierra_divisor_MAAP_7d_Zoom3_v7_p\" width=\"918\" height=\"567\" \/><\/a><div class=\"caption\">Imagen 7e. Zoom #3: Imagen mejorada de la secci\u00f3n sureste del propuesto parque nacional. Los paneles A, B, y C son im\u00e1genes de alta resoluci\u00f3n de las zonas indicadas en el mapa de la izquierda. Fuentes: MINAM, SERNANP, ACCA, Hansen\/UMD\/Google\/USGS\/NASA, USGS, SPOT 6.<\/div><\/div>\n<p>&nbsp;<\/p>\n<p>&nbsp;<\/p>\n<p>&nbsp;<\/p>\n<p>&nbsp;<\/p>\n<p>&nbsp;<\/p>\n<p>&nbsp;<\/p>\n<p>&nbsp;<\/p>\n<p>&nbsp;<\/p>\n<p>&nbsp;<\/p>\n<p>&nbsp;<\/p>\n<p>&nbsp;<\/p>\n<p>&nbsp;<\/p>\n<p>&nbsp;<\/p>\n<p>&nbsp;<\/p>\n<p>&nbsp;<\/p>\n<p>&nbsp;<\/p>\n<p>La Imagen 7e proporciona una vista mejorada de la <strong>secci\u00f3n sureste del propuesto Parque Nacional<\/strong>. Se ha identificado la presencia de <strong>tala ilegal<\/strong> (ver \u201cA\u201d en el mapa) y<strong> la miner\u00eda aur\u00edfera<\/strong> (ver \u201cB\u201d y \u201cC\u201d en el mapa) en la zona.<\/p>\n<p>Cabe enfatizar que en esta zona sureste\u00a0se encuentra la <strong>Reserva Territorial Isconahua<\/strong> administrada por el Ministerio de Cultura. Son tierras delimitadas por el Estado peruano\u00a0a favor de los pueblos ind\u00edgenas en situaci\u00f3n de aislamiento, para proteger\u00a0sus derechos, su h\u00e1bitat, y las condiciones que aseguren su existencia e\u00a0integridad como pueblos.<\/p>\n<p>Respecto a la <strong>tala ilegal<\/strong>, nuestro an\u00e1lisis indica que la causa de la deforestaci\u00f3n al interior del propuesto Parque Nacional a lo largo del r\u00edo Sheshea es la existencia de una serie de campamentos madereros. El panel A muestra una imagen de alta resoluci\u00f3n de esta deforestaci\u00f3n. Cabe enfatizar que esta <strong>tala ilegal se encuentra adentro la\u00a0Reserva Territorial Isconahua<\/strong>.<\/p>\n<p>Respecto a la\u00a0<strong>miner\u00eda aur\u00edfera<\/strong>,<strong>\u00a0<\/strong>se puede observarse en el sur del \u00e1rea que hay dos zonas principales, una cerca el r\u00edo Sheshea\u00a0y otra cerca el r\u00edo Abujao. Los paneles B y C muestran im\u00e1genes de alta resoluci\u00f3n de estas \u00e1reas. N\u00f3tese que las cabeceras de estos r\u00edos se originan en el propuesto Parque Nacional Sierra del Divisor.<\/p>\n<div class=\"fitem-sep\"><\/div>\n<h3><strong>Declaraci\u00f3n de SERNANP<\/strong><\/h3>\n<p>En respuesta a este art\u00edculo, SERNANP (Servicio Nacional de \u00c1reas Naturales Protegidas por el Estado) emiti\u00f3 esta declaraci\u00f3n:<\/p>\n<blockquote><p>\u00abLa Zona Reservada Sierra del Divisor es un espacio de car\u00e1cter transitorio a cargo del Servicio Nacional de \u00c1reas Naturales Protegidas por el Estado (SERNANP). \u00a0La zona aleda\u00f1a a esta \u00e1rea acoge a 14 Comunidades Nativas, las cuales aprovechan los servicios ecosist\u00e9micos en beneficio de m\u00e1s de 500 familias.<\/p>\n<p>En los \u00faltimos a\u00f1os la ZRSD ha logrado mejores resultados en su lucha contra la tala ilegal enfrentando esta amenaza sobre todo en espacios de \u00e1mbito de las reservas territoriales, y contin\u00faa alerta por la deforestaci\u00f3n asociada al cultivo il\u00edcito de coca que se reporta en esta parte del pa\u00eds.<\/p>\n<p>En ese marco, se ha reportado desde el 2011 a los sectores correspondientes para su incorporaci\u00f3n dentro del Plan Anual de Reducci\u00f3n del Espacio Cocalero de tal forma que se haga frente a esta amenaza de manera estrat\u00e9gica.\u00bb<\/p><\/blockquote>\n<div class=\"fitem-sep\"><\/div>\n<h3><strong>Descripci\u00f3n de los Datos:<\/strong><\/h3>\n<p>El mapa de fondo es un mosaico de 4 im\u00e1genes Landsat (30 m resoluci\u00f3n) de agosto y septiembre de 2014.<strong><em>\u00a0<\/em><\/strong> Las tonalidades de color\u00a0<strong><em>verde\u00a0<\/em><\/strong>indican \u00e1reas de bosque. Note que\u00a0hay unas \u00e1reas de nubes esparcidas.\u00a0Datos del <a href=\"http:\/\/glovis.usgs.gov\/\">USGS<\/a>.<\/p>\n<p>La informaci\u00f3n sobre la propuesta de Parque Nacional Sierra del Divisor proviene del\u00a0<a href=\"http:\/\/www.sernanp.gob.pe\/sernanp\/archivos\/imagenes\/2013\/consulra_previa\/Expediente%20tecnico%20del%20PN%20Sierra%20del%20Divisor.pdf\">expediente t\u00e9cnico<\/a>\u00a0de SERNANP.<\/p>\n<p><strong><em>El color negro<\/em><\/strong>\u00a0indica \u00e1reas deforestadas hasta 2000, seg\u00fan datos del Ministerio del Ambiente de Per\u00fa (<a href=\"http:\/\/geoservidor.minam.gob.pe\/geoservidor\/archivos\/memoria\/DEFORESTACION_Parte1.pdf\">MINAM 2009<\/a>). <em><strong>Los colores a<\/strong><\/em><strong><em>marillo <\/em><\/strong>(los\u00a0a\u00f1os<strong>\u00a0<\/strong>2000-2006),<strong><em> rojo \u00a0<\/em><\/strong>(2007-2012), y <em><strong>p\u00farpura<\/strong><\/em>\u00a0(2013) indica las \u00e1reas que fueron deforestadas desde 2000 a 2013 seg\u00fan datos publicados por\u00a0<a href=\"http:\/\/www.sciencemag.org\/content\/342\/6160\/850\">Hansen et al. 2013 (Science 342: 850\u201353;<\/a>\u00a0<a href=\"http:\/\/earthenginepartners.appspot.com\/science-2013-global-forest\">Data download<\/a>).<\/p>\n<p><strong><em>Los colores rosado y turquesa<\/em><\/strong>\u00a0indican \u00e1reas que fueron deforestadas entre 2014 e inicios del 2015, seg\u00fan nuestro an\u00e1lisis de las im\u00e1genes Landsat, usando el software\u00a0<a href=\"http:\/\/claslite.carnegiescience.edu\/en\/\">CLASlite<\/a>.<\/p>\n<div class=\"fitem-sep\"><\/div>\n<h3><strong>Cita<\/strong><\/h3>\n<p>Finer M, Novoa S, Pe\u00f1a N\u00a0(2015) Sierra del Divisor &#8211; Las amenazas crecientes refuerzan la importancia de crear un Parque Nacional.\u00a0MAAP: Imagen #7. Link:\u00a0https:\/\/www.maapprogram.org\/2015\/06\/imagen-7-sierra-del-divisor<\/p>\n","protected":false},"excerpt":{"rendered":"<p>Mientras el Gobierno Peruano decide si la Zona Reservada Sierra del Divisor ser\u00e1 categorizada como Parque Nacional,\u00a0aqu\u00ed en\u00a0la Imagen de la Semana #7\u00a0compartimos este nuevo an\u00e1lisis de los actuales patrones de deforestaci\u00f3n de esta \u00e1rea.\u00a0La Zona Reservada Sierra del Divisor fue creada en el a\u00f1o 2006. Las Zonas Reservadas son una categor\u00eda temporal para proteger [&hellip;]<\/p>\n","protected":false},"author":1,"featured_media":0,"comment_status":"open","ping_status":"open","sticky":false,"template":"","format":"standard","meta":{"_acf_changed":false,"footnotes":""},"categories":[2],"tags":[50],"ftr_agriculture":[359],"carbon-and-climate-change":[],"ftr_country":[],"fire":[],"infrastructure-threat":[427],"land-use":[432],"mining-and-logging-threat":[434,435],"natural-forest-loss":[],"special-analysis":[],"class_list":["post-21218","post","type-post","status-publish","format-standard","hentry","category-sin-categorizar","tag-imagen-de-la-semana-7","ftr_agriculture-coca-es","infrastructure-threat-carreteras","land-use-territorios-indigenas","mining-and-logging-threat-mineria-de-oro","mining-and-logging-threat-tala"],"acf":[],"yoast_head":"<!-- This site is optimized with the Yoast SEO plugin v27.3 - https:\/\/yoast.com\/product\/yoast-seo-wordpress\/ -->\n<title>Imagen #7: Sierra del Divisor - Las Amenazas Crecientes refuerzan la importancia de crear un Parque Nacional - MAAP<\/title>\n<meta name=\"robots\" content=\"index, follow, max-snippet:-1, max-image-preview:large, max-video-preview:-1\" \/>\n<link rel=\"canonical\" href=\"https:\/\/www.maapprogram.org\/es\/imagen-7-sierra-del-divisor\/\" \/>\n<meta property=\"og:locale\" content=\"es_ES\" \/>\n<meta property=\"og:type\" content=\"article\" \/>\n<meta property=\"og:title\" content=\"Imagen #7: Sierra del Divisor - Las Amenazas Crecientes refuerzan la importancia de crear un Parque Nacional - MAAP\" \/>\n<meta property=\"og:description\" content=\"Mientras el Gobierno Peruano decide si la Zona Reservada Sierra del Divisor ser\u00e1 categorizada como Parque Nacional,\u00a0aqu\u00ed en\u00a0la Imagen de la Semana #7\u00a0compartimos este nuevo an\u00e1lisis de los actuales patrones de deforestaci\u00f3n de esta \u00e1rea.\u00a0La Zona Reservada Sierra del Divisor fue creada en el a\u00f1o 2006. Las Zonas Reservadas son una categor\u00eda temporal para proteger [&hellip;]\" \/>\n<meta property=\"og:url\" content=\"https:\/\/www.maapprogram.org\/es\/imagen-7-sierra-del-divisor\/\" \/>\n<meta property=\"og:site_name\" content=\"MAAP\" \/>\n<meta property=\"article:published_time\" content=\"2015-06-22T00:40:00+00:00\" \/>\n<meta property=\"article:modified_time\" content=\"2024-08-27T14:10:55+00:00\" \/>\n<meta property=\"og:image\" content=\"https:\/\/www.maapprogram.org\/wp-content\/uploads\/2015\/06\/Sierra_divisor_MAAP_7a_v7_zoomareas.jpg\" \/>\n<meta name=\"author\" content=\"dcadmin\" \/>\n<meta name=\"twitter:card\" content=\"summary_large_image\" \/>\n<meta name=\"twitter:label1\" content=\"Escrito por\" \/>\n\t<meta name=\"twitter:data1\" content=\"dcadmin\" \/>\n\t<meta name=\"twitter:label2\" content=\"Tiempo de lectura\" \/>\n\t<meta name=\"twitter:data2\" content=\"7 minutos\" \/>\n<script type=\"application\/ld+json\" class=\"yoast-schema-graph\">{\"@context\":\"https:\\\/\\\/schema.org\",\"@graph\":[{\"@type\":\"Article\",\"@id\":\"https:\\\/\\\/www.maapprogram.org\\\/es\\\/imagen-7-sierra-del-divisor\\\/#article\",\"isPartOf\":{\"@id\":\"https:\\\/\\\/www.maapprogram.org\\\/es\\\/imagen-7-sierra-del-divisor\\\/\"},\"author\":{\"name\":\"dcadmin\",\"@id\":\"https:\\\/\\\/www.maapprogram.org\\\/es\\\/#\\\/schema\\\/person\\\/433e90c8debccfe16357e05627bbd443\"},\"headline\":\"Imagen #7: Sierra del Divisor &#8211; Las Amenazas Crecientes refuerzan la importancia de crear un Parque Nacional\",\"datePublished\":\"2015-06-22T00:40:00+00:00\",\"dateModified\":\"2024-08-27T14:10:55+00:00\",\"mainEntityOfPage\":{\"@id\":\"https:\\\/\\\/www.maapprogram.org\\\/es\\\/imagen-7-sierra-del-divisor\\\/\"},\"wordCount\":1522,\"commentCount\":0,\"image\":{\"@id\":\"https:\\\/\\\/www.maapprogram.org\\\/es\\\/imagen-7-sierra-del-divisor\\\/#primaryimage\"},\"thumbnailUrl\":\"https:\\\/\\\/www.maapprogram.org\\\/wp-content\\\/uploads\\\/2015\\\/06\\\/Sierra_divisor_MAAP_7a_v7_zoomareas.jpg\",\"keywords\":[\"Imagen de la Semana #7\"],\"articleSection\":[\"Sin categorizar\"],\"inLanguage\":\"es\",\"potentialAction\":[{\"@type\":\"CommentAction\",\"name\":\"Comment\",\"target\":[\"https:\\\/\\\/www.maapprogram.org\\\/es\\\/imagen-7-sierra-del-divisor\\\/#respond\"]}]},{\"@type\":\"WebPage\",\"@id\":\"https:\\\/\\\/www.maapprogram.org\\\/es\\\/imagen-7-sierra-del-divisor\\\/\",\"url\":\"https:\\\/\\\/www.maapprogram.org\\\/es\\\/imagen-7-sierra-del-divisor\\\/\",\"name\":\"Imagen #7: Sierra del Divisor - Las Amenazas Crecientes refuerzan la importancia de crear un Parque Nacional - MAAP\",\"isPartOf\":{\"@id\":\"https:\\\/\\\/www.maapprogram.org\\\/es\\\/#website\"},\"primaryImageOfPage\":{\"@id\":\"https:\\\/\\\/www.maapprogram.org\\\/es\\\/imagen-7-sierra-del-divisor\\\/#primaryimage\"},\"image\":{\"@id\":\"https:\\\/\\\/www.maapprogram.org\\\/es\\\/imagen-7-sierra-del-divisor\\\/#primaryimage\"},\"thumbnailUrl\":\"https:\\\/\\\/www.maapprogram.org\\\/wp-content\\\/uploads\\\/2015\\\/06\\\/Sierra_divisor_MAAP_7a_v7_zoomareas.jpg\",\"datePublished\":\"2015-06-22T00:40:00+00:00\",\"dateModified\":\"2024-08-27T14:10:55+00:00\",\"author\":{\"@id\":\"https:\\\/\\\/www.maapprogram.org\\\/es\\\/#\\\/schema\\\/person\\\/433e90c8debccfe16357e05627bbd443\"},\"breadcrumb\":{\"@id\":\"https:\\\/\\\/www.maapprogram.org\\\/es\\\/imagen-7-sierra-del-divisor\\\/#breadcrumb\"},\"inLanguage\":\"es\",\"potentialAction\":[{\"@type\":\"ReadAction\",\"target\":[\"https:\\\/\\\/www.maapprogram.org\\\/es\\\/imagen-7-sierra-del-divisor\\\/\"]}]},{\"@type\":\"ImageObject\",\"inLanguage\":\"es\",\"@id\":\"https:\\\/\\\/www.maapprogram.org\\\/es\\\/imagen-7-sierra-del-divisor\\\/#primaryimage\",\"url\":\"https:\\\/\\\/www.maapprogram.org\\\/wp-content\\\/uploads\\\/2015\\\/06\\\/Sierra_divisor_MAAP_7a_v7_zoomareas.jpg\",\"contentUrl\":\"https:\\\/\\\/www.maapprogram.org\\\/wp-content\\\/uploads\\\/2015\\\/06\\\/Sierra_divisor_MAAP_7a_v7_zoomareas.jpg\"},{\"@type\":\"BreadcrumbList\",\"@id\":\"https:\\\/\\\/www.maapprogram.org\\\/es\\\/imagen-7-sierra-del-divisor\\\/#breadcrumb\",\"itemListElement\":[{\"@type\":\"ListItem\",\"position\":1,\"name\":\"Home\",\"item\":\"https:\\\/\\\/www.maapprogram.org\\\/es\\\/\"},{\"@type\":\"ListItem\",\"position\":2,\"name\":\"Imagen #7: Sierra del Divisor &#8211; Las Amenazas Crecientes refuerzan la importancia de crear un Parque Nacional\"}]},{\"@type\":\"WebSite\",\"@id\":\"https:\\\/\\\/www.maapprogram.org\\\/es\\\/#website\",\"url\":\"https:\\\/\\\/www.maapprogram.org\\\/es\\\/\",\"name\":\"MAAP\",\"description\":\"\",\"potentialAction\":[{\"@type\":\"SearchAction\",\"target\":{\"@type\":\"EntryPoint\",\"urlTemplate\":\"https:\\\/\\\/www.maapprogram.org\\\/es\\\/?s={search_term_string}\"},\"query-input\":{\"@type\":\"PropertyValueSpecification\",\"valueRequired\":true,\"valueName\":\"search_term_string\"}}],\"inLanguage\":\"es\"},{\"@type\":\"Person\",\"@id\":\"https:\\\/\\\/www.maapprogram.org\\\/es\\\/#\\\/schema\\\/person\\\/433e90c8debccfe16357e05627bbd443\",\"name\":\"dcadmin\",\"image\":{\"@type\":\"ImageObject\",\"inLanguage\":\"es\",\"@id\":\"https:\\\/\\\/secure.gravatar.com\\\/avatar\\\/83c0f4e5f994ae4e4b9ae78b382f373b07a15509b31a24d7d748f76e9925b825?s=96&d=mm&r=g\",\"url\":\"https:\\\/\\\/secure.gravatar.com\\\/avatar\\\/83c0f4e5f994ae4e4b9ae78b382f373b07a15509b31a24d7d748f76e9925b825?s=96&d=mm&r=g\",\"contentUrl\":\"https:\\\/\\\/secure.gravatar.com\\\/avatar\\\/83c0f4e5f994ae4e4b9ae78b382f373b07a15509b31a24d7d748f76e9925b825?s=96&d=mm&r=g\",\"caption\":\"dcadmin\"},\"sameAs\":[\"http:\\\/\\\/www.maapprogram.org\"],\"url\":\"https:\\\/\\\/www.maapprogram.org\\\/es\\\/author\\\/dcadmin\\\/\"}]}<\/script>\n<!-- \/ Yoast SEO plugin. -->","yoast_head_json":{"title":"Imagen #7: Sierra del Divisor - Las Amenazas Crecientes refuerzan la importancia de crear un Parque Nacional - MAAP","robots":{"index":"index","follow":"follow","max-snippet":"max-snippet:-1","max-image-preview":"max-image-preview:large","max-video-preview":"max-video-preview:-1"},"canonical":"https:\/\/www.maapprogram.org\/es\/imagen-7-sierra-del-divisor\/","og_locale":"es_ES","og_type":"article","og_title":"Imagen #7: Sierra del Divisor - Las Amenazas Crecientes refuerzan la importancia de crear un Parque Nacional - MAAP","og_description":"Mientras el Gobierno Peruano decide si la Zona Reservada Sierra del Divisor ser\u00e1 categorizada como Parque Nacional,\u00a0aqu\u00ed en\u00a0la Imagen de la Semana #7\u00a0compartimos este nuevo an\u00e1lisis de los actuales patrones de deforestaci\u00f3n de esta \u00e1rea.\u00a0La Zona Reservada Sierra del Divisor fue creada en el a\u00f1o 2006. Las Zonas Reservadas son una categor\u00eda temporal para proteger [&hellip;]","og_url":"https:\/\/www.maapprogram.org\/es\/imagen-7-sierra-del-divisor\/","og_site_name":"MAAP","article_published_time":"2015-06-22T00:40:00+00:00","article_modified_time":"2024-08-27T14:10:55+00:00","og_image":[{"url":"https:\/\/www.maapprogram.org\/wp-content\/uploads\/2015\/06\/Sierra_divisor_MAAP_7a_v7_zoomareas.jpg","type":"","width":"","height":""}],"author":"dcadmin","twitter_card":"summary_large_image","twitter_misc":{"Escrito por":"dcadmin","Tiempo de lectura":"7 minutos"},"schema":{"@context":"https:\/\/schema.org","@graph":[{"@type":"Article","@id":"https:\/\/www.maapprogram.org\/es\/imagen-7-sierra-del-divisor\/#article","isPartOf":{"@id":"https:\/\/www.maapprogram.org\/es\/imagen-7-sierra-del-divisor\/"},"author":{"name":"dcadmin","@id":"https:\/\/www.maapprogram.org\/es\/#\/schema\/person\/433e90c8debccfe16357e05627bbd443"},"headline":"Imagen #7: Sierra del Divisor &#8211; Las Amenazas Crecientes refuerzan la importancia de crear un Parque Nacional","datePublished":"2015-06-22T00:40:00+00:00","dateModified":"2024-08-27T14:10:55+00:00","mainEntityOfPage":{"@id":"https:\/\/www.maapprogram.org\/es\/imagen-7-sierra-del-divisor\/"},"wordCount":1522,"commentCount":0,"image":{"@id":"https:\/\/www.maapprogram.org\/es\/imagen-7-sierra-del-divisor\/#primaryimage"},"thumbnailUrl":"https:\/\/www.maapprogram.org\/wp-content\/uploads\/2015\/06\/Sierra_divisor_MAAP_7a_v7_zoomareas.jpg","keywords":["Imagen de la Semana #7"],"articleSection":["Sin categorizar"],"inLanguage":"es","potentialAction":[{"@type":"CommentAction","name":"Comment","target":["https:\/\/www.maapprogram.org\/es\/imagen-7-sierra-del-divisor\/#respond"]}]},{"@type":"WebPage","@id":"https:\/\/www.maapprogram.org\/es\/imagen-7-sierra-del-divisor\/","url":"https:\/\/www.maapprogram.org\/es\/imagen-7-sierra-del-divisor\/","name":"Imagen #7: Sierra del Divisor - Las Amenazas Crecientes refuerzan la importancia de crear un Parque Nacional - MAAP","isPartOf":{"@id":"https:\/\/www.maapprogram.org\/es\/#website"},"primaryImageOfPage":{"@id":"https:\/\/www.maapprogram.org\/es\/imagen-7-sierra-del-divisor\/#primaryimage"},"image":{"@id":"https:\/\/www.maapprogram.org\/es\/imagen-7-sierra-del-divisor\/#primaryimage"},"thumbnailUrl":"https:\/\/www.maapprogram.org\/wp-content\/uploads\/2015\/06\/Sierra_divisor_MAAP_7a_v7_zoomareas.jpg","datePublished":"2015-06-22T00:40:00+00:00","dateModified":"2024-08-27T14:10:55+00:00","author":{"@id":"https:\/\/www.maapprogram.org\/es\/#\/schema\/person\/433e90c8debccfe16357e05627bbd443"},"breadcrumb":{"@id":"https:\/\/www.maapprogram.org\/es\/imagen-7-sierra-del-divisor\/#breadcrumb"},"inLanguage":"es","potentialAction":[{"@type":"ReadAction","target":["https:\/\/www.maapprogram.org\/es\/imagen-7-sierra-del-divisor\/"]}]},{"@type":"ImageObject","inLanguage":"es","@id":"https:\/\/www.maapprogram.org\/es\/imagen-7-sierra-del-divisor\/#primaryimage","url":"https:\/\/www.maapprogram.org\/wp-content\/uploads\/2015\/06\/Sierra_divisor_MAAP_7a_v7_zoomareas.jpg","contentUrl":"https:\/\/www.maapprogram.org\/wp-content\/uploads\/2015\/06\/Sierra_divisor_MAAP_7a_v7_zoomareas.jpg"},{"@type":"BreadcrumbList","@id":"https:\/\/www.maapprogram.org\/es\/imagen-7-sierra-del-divisor\/#breadcrumb","itemListElement":[{"@type":"ListItem","position":1,"name":"Home","item":"https:\/\/www.maapprogram.org\/es\/"},{"@type":"ListItem","position":2,"name":"Imagen #7: Sierra del Divisor &#8211; Las Amenazas Crecientes refuerzan la importancia de crear un Parque Nacional"}]},{"@type":"WebSite","@id":"https:\/\/www.maapprogram.org\/es\/#website","url":"https:\/\/www.maapprogram.org\/es\/","name":"MAAP","description":"","potentialAction":[{"@type":"SearchAction","target":{"@type":"EntryPoint","urlTemplate":"https:\/\/www.maapprogram.org\/es\/?s={search_term_string}"},"query-input":{"@type":"PropertyValueSpecification","valueRequired":true,"valueName":"search_term_string"}}],"inLanguage":"es"},{"@type":"Person","@id":"https:\/\/www.maapprogram.org\/es\/#\/schema\/person\/433e90c8debccfe16357e05627bbd443","name":"dcadmin","image":{"@type":"ImageObject","inLanguage":"es","@id":"https:\/\/secure.gravatar.com\/avatar\/83c0f4e5f994ae4e4b9ae78b382f373b07a15509b31a24d7d748f76e9925b825?s=96&d=mm&r=g","url":"https:\/\/secure.gravatar.com\/avatar\/83c0f4e5f994ae4e4b9ae78b382f373b07a15509b31a24d7d748f76e9925b825?s=96&d=mm&r=g","contentUrl":"https:\/\/secure.gravatar.com\/avatar\/83c0f4e5f994ae4e4b9ae78b382f373b07a15509b31a24d7d748f76e9925b825?s=96&d=mm&r=g","caption":"dcadmin"},"sameAs":["http:\/\/www.maapprogram.org"],"url":"https:\/\/www.maapprogram.org\/es\/author\/dcadmin\/"}]}},"_links":{"self":[{"href":"https:\/\/www.maapprogram.org\/es\/wp-json\/wp\/v2\/posts\/21218","targetHints":{"allow":["GET"]}}],"collection":[{"href":"https:\/\/www.maapprogram.org\/es\/wp-json\/wp\/v2\/posts"}],"about":[{"href":"https:\/\/www.maapprogram.org\/es\/wp-json\/wp\/v2\/types\/post"}],"author":[{"embeddable":true,"href":"https:\/\/www.maapprogram.org\/es\/wp-json\/wp\/v2\/users\/1"}],"replies":[{"embeddable":true,"href":"https:\/\/www.maapprogram.org\/es\/wp-json\/wp\/v2\/comments?post=21218"}],"version-history":[{"count":1,"href":"https:\/\/www.maapprogram.org\/es\/wp-json\/wp\/v2\/posts\/21218\/revisions"}],"predecessor-version":[{"id":23012,"href":"https:\/\/www.maapprogram.org\/es\/wp-json\/wp\/v2\/posts\/21218\/revisions\/23012"}],"wp:attachment":[{"href":"https:\/\/www.maapprogram.org\/es\/wp-json\/wp\/v2\/media?parent=21218"}],"wp:term":[{"taxonomy":"category","embeddable":true,"href":"https:\/\/www.maapprogram.org\/es\/wp-json\/wp\/v2\/categories?post=21218"},{"taxonomy":"post_tag","embeddable":true,"href":"https:\/\/www.maapprogram.org\/es\/wp-json\/wp\/v2\/tags?post=21218"},{"taxonomy":"ftr_agriculture","embeddable":true,"href":"https:\/\/www.maapprogram.org\/es\/wp-json\/wp\/v2\/ftr_agriculture?post=21218"},{"taxonomy":"carbon-and-climate-change","embeddable":true,"href":"https:\/\/www.maapprogram.org\/es\/wp-json\/wp\/v2\/carbon-and-climate-change?post=21218"},{"taxonomy":"ftr_country","embeddable":true,"href":"https:\/\/www.maapprogram.org\/es\/wp-json\/wp\/v2\/ftr_country?post=21218"},{"taxonomy":"fire","embeddable":true,"href":"https:\/\/www.maapprogram.org\/es\/wp-json\/wp\/v2\/fire?post=21218"},{"taxonomy":"infrastructure-threat","embeddable":true,"href":"https:\/\/www.maapprogram.org\/es\/wp-json\/wp\/v2\/infrastructure-threat?post=21218"},{"taxonomy":"land-use","embeddable":true,"href":"https:\/\/www.maapprogram.org\/es\/wp-json\/wp\/v2\/land-use?post=21218"},{"taxonomy":"mining-and-logging-threat","embeddable":true,"href":"https:\/\/www.maapprogram.org\/es\/wp-json\/wp\/v2\/mining-and-logging-threat?post=21218"},{"taxonomy":"natural-forest-loss","embeddable":true,"href":"https:\/\/www.maapprogram.org\/es\/wp-json\/wp\/v2\/natural-forest-loss?post=21218"},{"taxonomy":"special-analysis","embeddable":true,"href":"https:\/\/www.maapprogram.org\/es\/wp-json\/wp\/v2\/special-analysis?post=21218"}],"curies":[{"name":"wp","href":"https:\/\/api.w.org\/{rel}","templated":true}]}}