{"id":21225,"date":"2016-04-13T03:50:00","date_gmt":"2016-04-13T03:50:00","guid":{"rendered":"https:\/\/www.maapprogram.org\/la-pampa\/"},"modified":"2024-09-24T20:55:28","modified_gmt":"2024-09-24T20:55:28","slug":"la-pampa","status":"publish","type":"post","link":"https:\/\/www.maapprogram.org\/es\/la-pampa\/","title":{"rendered":"MAAP #31: Deforestaci\u00f3n Contin\u00faa su Expansi\u00f3n en La Pampa (zona de amortiguamiento de la Reserva Nacional Tambopata)"},"content":{"rendered":"<p>La deforestaci\u00f3n por la miner\u00eda aur\u00edfera ilegal contin\u00faa su expansi\u00f3n en la zona conocida como <strong>La Pampa<\/strong>, ubicada en el departamento de Madre de Dios. Aqu\u00ed, presentamos una serie de im\u00e1genes de\u00a0<strong>alta-resoluci\u00f3n<\/strong> (0.5 m) que ilustra esta expansi\u00f3n. La <strong>Imagen 31a<\/strong> muestra la gran mancha amorfa de deforestaci\u00f3n en La Pampa (hasta noviembre de 2015) en relaci\u00f3n a la Reserva Nacional Tambopata y su zona de amortiguamiento. Los <strong>Cuadros A y B<\/strong> indican los \u00e1reas de los zooms, que a continuaci\u00f3n muestran la deforestaci\u00f3n de 76 hect\u00e1reas\u00a0(equivalente a 104 campos de f\u00fatbol) entre noviembre de 2015 y abril de 2016.<\/p>\n<div id=\"attachment_4521\" class=\"thumbnail aligncenter\"><a href=\"https:\/\/www.maapprogram.org\/wp-content\/uploads\/2016\/04\/DGapril_Max_v3.jpg\"><img decoding=\"async\" class=\"wp-image-4521\" src=\"https:\/\/www.maapprogram.org\/wp-content\/uploads\/2016\/04\/DGapril_Max_v3-1500x833.jpg\" alt=\"DGapril_Max_v3\" width=\"1060\" height=\"589\" \/><\/a><div class=\"caption\">Imagen 31a. Datos: WorldView-2 de Digital Globe (NextView).<\/div><\/div>\n<div class=\"fitem-sep\"><\/div>\n<h3><strong>Zoom A: Avance de la Deforestaci\u00f3n<\/strong><\/h3>\n<p>La <strong>Imagen 31b<\/strong> muestra la\u00a0expansi\u00f3n de la deforestaci\u00f3n (28 hect\u00e1reas) entre noviembre de 2015 (panel izquierdo) y abril 2016 (panel de 2016) en el sector este de La Pampa. El punto rojo indica\u00a0el mismo lugar en ambas im\u00e1genes.<\/p>\n<div id=\"attachment_4522\" class=\"thumbnail aligncenter\"><a href=\"https:\/\/www.maapprogram.org\/wp-content\/uploads\/2016\/04\/DGapril_ZoomA_v3.jpg\"><img decoding=\"async\" class=\"wp-image-4522\" src=\"https:\/\/www.maapprogram.org\/wp-content\/uploads\/2016\/04\/DGapril_ZoomA_v3-1500x750.jpg\" alt=\"DGapril_ZoomA_v3\" width=\"2600\" height=\"1300\" \/><\/a><div class=\"caption\">Imagen 31b. Datos: WorldView-2 de Digital Globe (NextView).<\/div><\/div>\n<div class=\"fitem-sep\"><\/div>\n<h3><strong>Zoom B: Formaci\u00f3n de un Gran Campamento<\/strong><\/h3>\n<p>La <strong>Imagen 31c<\/strong>\u00a0muestra la formaci\u00f3n de un gran campamento minero entre noviembre de 2015 (panel izquierdo) y abril 2016 (panel de 2016) en el sector este de La Pampa. El punto rojo indica\u00a0el mismo lugar en ambas im\u00e1genes. Tambi\u00e9n la imagen muestra la deforestaci\u00f3n de 48\u00a0hect\u00e1reas alrededor el campamento.<\/p>\n<div id=\"attachment_4523\" class=\"thumbnail aligncenter\"><a href=\"https:\/\/www.maapprogram.org\/wp-content\/uploads\/2016\/04\/DGapril_ZoomB_v3.jpg\"><img decoding=\"async\" class=\"wp-image-4523\" src=\"https:\/\/www.maapprogram.org\/wp-content\/uploads\/2016\/04\/DGapril_ZoomB_v3-1500x750.jpg\" alt=\"DGapril_ZoomB_v3\" width=\"2600\" height=\"1300\" \/><\/a><div class=\"caption\">Imagen 31c. Datos: WorldView-2 de Digital Globe (NextView).<\/div><\/div>\n<div class=\"fitem-sep\"><\/div>\n<h3><strong>Cita<\/strong><\/h3>\n<p>Finer M, Olexy T (2016)\u00a0Deforestaci\u00f3n Contin\u00faa su Expansi\u00f3n en La Pampa (zona de amortiguamiento de la Reserva Nacional Tambopata). MAAP: 31.<\/p>\n<div class=\"fitem-sep\"><\/div>\n<p>&nbsp;<\/p>\n","protected":false},"excerpt":{"rendered":"<p>La deforestaci\u00f3n por la miner\u00eda aur\u00edfera ilegal contin\u00faa su expansi\u00f3n en la zona conocida como La Pampa, ubicada en el departamento de Madre de Dios. Aqu\u00ed, presentamos una serie de im\u00e1genes de\u00a0alta-resoluci\u00f3n (0.5 m) que ilustra esta expansi\u00f3n. La Imagen 31a muestra la gran mancha amorfa de deforestaci\u00f3n en La Pampa (hasta noviembre de 2015) [&hellip;]<\/p>\n","protected":false},"author":1,"featured_media":0,"comment_status":"open","ping_status":"open","sticky":false,"template":"","format":"standard","meta":{"_acf_changed":false,"footnotes":""},"categories":[2],"tags":[84],"ftr_agriculture":[],"carbon-and-climate-change":[],"ftr_country":[483],"fire":[],"infrastructure-threat":[],"land-use":[],"mining-and-logging-threat":[],"natural-forest-loss":[],"special-analysis":[],"class_list":["post-21225","post","type-post","status-publish","format-standard","hentry","category-sin-categorizar","tag-maap-31","ftr_country-peru-2"],"acf":[],"yoast_head":"<!-- This site is optimized with the Yoast SEO plugin v27.3 - https:\/\/yoast.com\/product\/yoast-seo-wordpress\/ -->\n<title>MAAP #31: Deforestaci\u00f3n Contin\u00faa su Expansi\u00f3n en La Pampa (zona de amortiguamiento de la Reserva Nacional Tambopata) - MAAP<\/title>\n<meta name=\"robots\" content=\"index, follow, max-snippet:-1, max-image-preview:large, max-video-preview:-1\" \/>\n<link rel=\"canonical\" href=\"https:\/\/www.maapprogram.org\/es\/la-pampa\/\" \/>\n<meta property=\"og:locale\" content=\"es_ES\" \/>\n<meta property=\"og:type\" content=\"article\" \/>\n<meta property=\"og:title\" content=\"MAAP #31: Deforestaci\u00f3n Contin\u00faa su Expansi\u00f3n en La Pampa (zona de amortiguamiento de la Reserva Nacional Tambopata) - MAAP\" \/>\n<meta property=\"og:description\" content=\"La deforestaci\u00f3n por la miner\u00eda aur\u00edfera ilegal contin\u00faa su expansi\u00f3n en la zona conocida como La Pampa, ubicada en el departamento de Madre de Dios. Aqu\u00ed, presentamos una serie de im\u00e1genes de\u00a0alta-resoluci\u00f3n (0.5 m) que ilustra esta expansi\u00f3n. La Imagen 31a muestra la gran mancha amorfa de deforestaci\u00f3n en La Pampa (hasta noviembre de 2015) [&hellip;]\" \/>\n<meta property=\"og:url\" content=\"https:\/\/www.maapprogram.org\/es\/la-pampa\/\" \/>\n<meta property=\"og:site_name\" content=\"MAAP\" \/>\n<meta property=\"article:published_time\" content=\"2016-04-13T03:50:00+00:00\" \/>\n<meta property=\"article:modified_time\" content=\"2024-09-24T20:55:28+00:00\" \/>\n<meta property=\"og:image\" content=\"https:\/\/www.maapprogram.org\/wp-content\/uploads\/2016\/04\/DGapril_Max_v3-1500x833.jpg\" \/>\n<meta name=\"author\" content=\"dcadmin\" \/>\n<meta name=\"twitter:card\" content=\"summary_large_image\" \/>\n<meta name=\"twitter:label1\" content=\"Escrito por\" \/>\n\t<meta name=\"twitter:data1\" content=\"dcadmin\" \/>\n\t<meta name=\"twitter:label2\" content=\"Tiempo de lectura\" \/>\n\t<meta name=\"twitter:data2\" content=\"2 minutos\" \/>\n<script type=\"application\/ld+json\" class=\"yoast-schema-graph\">{\"@context\":\"https:\\\/\\\/schema.org\",\"@graph\":[{\"@type\":\"Article\",\"@id\":\"https:\\\/\\\/www.maapprogram.org\\\/es\\\/la-pampa\\\/#article\",\"isPartOf\":{\"@id\":\"https:\\\/\\\/www.maapprogram.org\\\/es\\\/la-pampa\\\/\"},\"author\":{\"name\":\"dcadmin\",\"@id\":\"https:\\\/\\\/www.maapprogram.org\\\/es\\\/#\\\/schema\\\/person\\\/433e90c8debccfe16357e05627bbd443\"},\"headline\":\"MAAP #31: Deforestaci\u00f3n Contin\u00faa su Expansi\u00f3n en La Pampa (zona de amortiguamiento de la Reserva Nacional Tambopata)\",\"datePublished\":\"2016-04-13T03:50:00+00:00\",\"dateModified\":\"2024-09-24T20:55:28+00:00\",\"mainEntityOfPage\":{\"@id\":\"https:\\\/\\\/www.maapprogram.org\\\/es\\\/la-pampa\\\/\"},\"wordCount\":311,\"commentCount\":0,\"image\":{\"@id\":\"https:\\\/\\\/www.maapprogram.org\\\/es\\\/la-pampa\\\/#primaryimage\"},\"thumbnailUrl\":\"https:\\\/\\\/www.maapprogram.org\\\/wp-content\\\/uploads\\\/2016\\\/04\\\/DGapril_Max_v3-1500x833.jpg\",\"keywords\":[\"MAAP #31\"],\"articleSection\":[\"Sin categorizar\"],\"inLanguage\":\"es\",\"potentialAction\":[{\"@type\":\"CommentAction\",\"name\":\"Comment\",\"target\":[\"https:\\\/\\\/www.maapprogram.org\\\/es\\\/la-pampa\\\/#respond\"]}]},{\"@type\":\"WebPage\",\"@id\":\"https:\\\/\\\/www.maapprogram.org\\\/es\\\/la-pampa\\\/\",\"url\":\"https:\\\/\\\/www.maapprogram.org\\\/es\\\/la-pampa\\\/\",\"name\":\"MAAP #31: Deforestaci\u00f3n Contin\u00faa su Expansi\u00f3n en La Pampa (zona de amortiguamiento de la Reserva Nacional Tambopata) - MAAP\",\"isPartOf\":{\"@id\":\"https:\\\/\\\/www.maapprogram.org\\\/es\\\/#website\"},\"primaryImageOfPage\":{\"@id\":\"https:\\\/\\\/www.maapprogram.org\\\/es\\\/la-pampa\\\/#primaryimage\"},\"image\":{\"@id\":\"https:\\\/\\\/www.maapprogram.org\\\/es\\\/la-pampa\\\/#primaryimage\"},\"thumbnailUrl\":\"https:\\\/\\\/www.maapprogram.org\\\/wp-content\\\/uploads\\\/2016\\\/04\\\/DGapril_Max_v3-1500x833.jpg\",\"datePublished\":\"2016-04-13T03:50:00+00:00\",\"dateModified\":\"2024-09-24T20:55:28+00:00\",\"author\":{\"@id\":\"https:\\\/\\\/www.maapprogram.org\\\/es\\\/#\\\/schema\\\/person\\\/433e90c8debccfe16357e05627bbd443\"},\"breadcrumb\":{\"@id\":\"https:\\\/\\\/www.maapprogram.org\\\/es\\\/la-pampa\\\/#breadcrumb\"},\"inLanguage\":\"es\",\"potentialAction\":[{\"@type\":\"ReadAction\",\"target\":[\"https:\\\/\\\/www.maapprogram.org\\\/es\\\/la-pampa\\\/\"]}]},{\"@type\":\"ImageObject\",\"inLanguage\":\"es\",\"@id\":\"https:\\\/\\\/www.maapprogram.org\\\/es\\\/la-pampa\\\/#primaryimage\",\"url\":\"https:\\\/\\\/www.maapprogram.org\\\/wp-content\\\/uploads\\\/2016\\\/04\\\/DGapril_Max_v3-1500x833.jpg\",\"contentUrl\":\"https:\\\/\\\/www.maapprogram.org\\\/wp-content\\\/uploads\\\/2016\\\/04\\\/DGapril_Max_v3-1500x833.jpg\"},{\"@type\":\"BreadcrumbList\",\"@id\":\"https:\\\/\\\/www.maapprogram.org\\\/es\\\/la-pampa\\\/#breadcrumb\",\"itemListElement\":[{\"@type\":\"ListItem\",\"position\":1,\"name\":\"Home\",\"item\":\"https:\\\/\\\/www.maapprogram.org\\\/es\\\/\"},{\"@type\":\"ListItem\",\"position\":2,\"name\":\"MAAP #31: Deforestaci\u00f3n Contin\u00faa su Expansi\u00f3n en La Pampa (zona de amortiguamiento de la Reserva Nacional Tambopata)\"}]},{\"@type\":\"WebSite\",\"@id\":\"https:\\\/\\\/www.maapprogram.org\\\/es\\\/#website\",\"url\":\"https:\\\/\\\/www.maapprogram.org\\\/es\\\/\",\"name\":\"MAAP\",\"description\":\"\",\"potentialAction\":[{\"@type\":\"SearchAction\",\"target\":{\"@type\":\"EntryPoint\",\"urlTemplate\":\"https:\\\/\\\/www.maapprogram.org\\\/es\\\/?s={search_term_string}\"},\"query-input\":{\"@type\":\"PropertyValueSpecification\",\"valueRequired\":true,\"valueName\":\"search_term_string\"}}],\"inLanguage\":\"es\"},{\"@type\":\"Person\",\"@id\":\"https:\\\/\\\/www.maapprogram.org\\\/es\\\/#\\\/schema\\\/person\\\/433e90c8debccfe16357e05627bbd443\",\"name\":\"dcadmin\",\"image\":{\"@type\":\"ImageObject\",\"inLanguage\":\"es\",\"@id\":\"https:\\\/\\\/secure.gravatar.com\\\/avatar\\\/83c0f4e5f994ae4e4b9ae78b382f373b07a15509b31a24d7d748f76e9925b825?s=96&d=mm&r=g\",\"url\":\"https:\\\/\\\/secure.gravatar.com\\\/avatar\\\/83c0f4e5f994ae4e4b9ae78b382f373b07a15509b31a24d7d748f76e9925b825?s=96&d=mm&r=g\",\"contentUrl\":\"https:\\\/\\\/secure.gravatar.com\\\/avatar\\\/83c0f4e5f994ae4e4b9ae78b382f373b07a15509b31a24d7d748f76e9925b825?s=96&d=mm&r=g\",\"caption\":\"dcadmin\"},\"sameAs\":[\"http:\\\/\\\/www.maapprogram.org\"],\"url\":\"https:\\\/\\\/www.maapprogram.org\\\/es\\\/author\\\/dcadmin\\\/\"}]}<\/script>\n<!-- \/ Yoast SEO plugin. -->","yoast_head_json":{"title":"MAAP #31: Deforestaci\u00f3n Contin\u00faa su Expansi\u00f3n en La Pampa (zona de amortiguamiento de la Reserva Nacional Tambopata) - MAAP","robots":{"index":"index","follow":"follow","max-snippet":"max-snippet:-1","max-image-preview":"max-image-preview:large","max-video-preview":"max-video-preview:-1"},"canonical":"https:\/\/www.maapprogram.org\/es\/la-pampa\/","og_locale":"es_ES","og_type":"article","og_title":"MAAP #31: Deforestaci\u00f3n Contin\u00faa su Expansi\u00f3n en La Pampa (zona de amortiguamiento de la Reserva Nacional Tambopata) - MAAP","og_description":"La deforestaci\u00f3n por la miner\u00eda aur\u00edfera ilegal contin\u00faa su expansi\u00f3n en la zona conocida como La Pampa, ubicada en el departamento de Madre de Dios. Aqu\u00ed, presentamos una serie de im\u00e1genes de\u00a0alta-resoluci\u00f3n (0.5 m) que ilustra esta expansi\u00f3n. La Imagen 31a muestra la gran mancha amorfa de deforestaci\u00f3n en La Pampa (hasta noviembre de 2015) [&hellip;]","og_url":"https:\/\/www.maapprogram.org\/es\/la-pampa\/","og_site_name":"MAAP","article_published_time":"2016-04-13T03:50:00+00:00","article_modified_time":"2024-09-24T20:55:28+00:00","og_image":[{"url":"https:\/\/www.maapprogram.org\/wp-content\/uploads\/2016\/04\/DGapril_Max_v3-1500x833.jpg","type":"","width":"","height":""}],"author":"dcadmin","twitter_card":"summary_large_image","twitter_misc":{"Escrito por":"dcadmin","Tiempo de lectura":"2 minutos"},"schema":{"@context":"https:\/\/schema.org","@graph":[{"@type":"Article","@id":"https:\/\/www.maapprogram.org\/es\/la-pampa\/#article","isPartOf":{"@id":"https:\/\/www.maapprogram.org\/es\/la-pampa\/"},"author":{"name":"dcadmin","@id":"https:\/\/www.maapprogram.org\/es\/#\/schema\/person\/433e90c8debccfe16357e05627bbd443"},"headline":"MAAP #31: Deforestaci\u00f3n Contin\u00faa su Expansi\u00f3n en La Pampa (zona de amortiguamiento de la Reserva Nacional Tambopata)","datePublished":"2016-04-13T03:50:00+00:00","dateModified":"2024-09-24T20:55:28+00:00","mainEntityOfPage":{"@id":"https:\/\/www.maapprogram.org\/es\/la-pampa\/"},"wordCount":311,"commentCount":0,"image":{"@id":"https:\/\/www.maapprogram.org\/es\/la-pampa\/#primaryimage"},"thumbnailUrl":"https:\/\/www.maapprogram.org\/wp-content\/uploads\/2016\/04\/DGapril_Max_v3-1500x833.jpg","keywords":["MAAP #31"],"articleSection":["Sin categorizar"],"inLanguage":"es","potentialAction":[{"@type":"CommentAction","name":"Comment","target":["https:\/\/www.maapprogram.org\/es\/la-pampa\/#respond"]}]},{"@type":"WebPage","@id":"https:\/\/www.maapprogram.org\/es\/la-pampa\/","url":"https:\/\/www.maapprogram.org\/es\/la-pampa\/","name":"MAAP #31: Deforestaci\u00f3n Contin\u00faa su Expansi\u00f3n en La Pampa (zona de amortiguamiento de la Reserva Nacional Tambopata) - MAAP","isPartOf":{"@id":"https:\/\/www.maapprogram.org\/es\/#website"},"primaryImageOfPage":{"@id":"https:\/\/www.maapprogram.org\/es\/la-pampa\/#primaryimage"},"image":{"@id":"https:\/\/www.maapprogram.org\/es\/la-pampa\/#primaryimage"},"thumbnailUrl":"https:\/\/www.maapprogram.org\/wp-content\/uploads\/2016\/04\/DGapril_Max_v3-1500x833.jpg","datePublished":"2016-04-13T03:50:00+00:00","dateModified":"2024-09-24T20:55:28+00:00","author":{"@id":"https:\/\/www.maapprogram.org\/es\/#\/schema\/person\/433e90c8debccfe16357e05627bbd443"},"breadcrumb":{"@id":"https:\/\/www.maapprogram.org\/es\/la-pampa\/#breadcrumb"},"inLanguage":"es","potentialAction":[{"@type":"ReadAction","target":["https:\/\/www.maapprogram.org\/es\/la-pampa\/"]}]},{"@type":"ImageObject","inLanguage":"es","@id":"https:\/\/www.maapprogram.org\/es\/la-pampa\/#primaryimage","url":"https:\/\/www.maapprogram.org\/wp-content\/uploads\/2016\/04\/DGapril_Max_v3-1500x833.jpg","contentUrl":"https:\/\/www.maapprogram.org\/wp-content\/uploads\/2016\/04\/DGapril_Max_v3-1500x833.jpg"},{"@type":"BreadcrumbList","@id":"https:\/\/www.maapprogram.org\/es\/la-pampa\/#breadcrumb","itemListElement":[{"@type":"ListItem","position":1,"name":"Home","item":"https:\/\/www.maapprogram.org\/es\/"},{"@type":"ListItem","position":2,"name":"MAAP #31: Deforestaci\u00f3n Contin\u00faa su Expansi\u00f3n en La Pampa (zona de amortiguamiento de la Reserva Nacional Tambopata)"}]},{"@type":"WebSite","@id":"https:\/\/www.maapprogram.org\/es\/#website","url":"https:\/\/www.maapprogram.org\/es\/","name":"MAAP","description":"","potentialAction":[{"@type":"SearchAction","target":{"@type":"EntryPoint","urlTemplate":"https:\/\/www.maapprogram.org\/es\/?s={search_term_string}"},"query-input":{"@type":"PropertyValueSpecification","valueRequired":true,"valueName":"search_term_string"}}],"inLanguage":"es"},{"@type":"Person","@id":"https:\/\/www.maapprogram.org\/es\/#\/schema\/person\/433e90c8debccfe16357e05627bbd443","name":"dcadmin","image":{"@type":"ImageObject","inLanguage":"es","@id":"https:\/\/secure.gravatar.com\/avatar\/83c0f4e5f994ae4e4b9ae78b382f373b07a15509b31a24d7d748f76e9925b825?s=96&d=mm&r=g","url":"https:\/\/secure.gravatar.com\/avatar\/83c0f4e5f994ae4e4b9ae78b382f373b07a15509b31a24d7d748f76e9925b825?s=96&d=mm&r=g","contentUrl":"https:\/\/secure.gravatar.com\/avatar\/83c0f4e5f994ae4e4b9ae78b382f373b07a15509b31a24d7d748f76e9925b825?s=96&d=mm&r=g","caption":"dcadmin"},"sameAs":["http:\/\/www.maapprogram.org"],"url":"https:\/\/www.maapprogram.org\/es\/author\/dcadmin\/"}]}},"_links":{"self":[{"href":"https:\/\/www.maapprogram.org\/es\/wp-json\/wp\/v2\/posts\/21225","targetHints":{"allow":["GET"]}}],"collection":[{"href":"https:\/\/www.maapprogram.org\/es\/wp-json\/wp\/v2\/posts"}],"about":[{"href":"https:\/\/www.maapprogram.org\/es\/wp-json\/wp\/v2\/types\/post"}],"author":[{"embeddable":true,"href":"https:\/\/www.maapprogram.org\/es\/wp-json\/wp\/v2\/users\/1"}],"replies":[{"embeddable":true,"href":"https:\/\/www.maapprogram.org\/es\/wp-json\/wp\/v2\/comments?post=21225"}],"version-history":[{"count":1,"href":"https:\/\/www.maapprogram.org\/es\/wp-json\/wp\/v2\/posts\/21225\/revisions"}],"predecessor-version":[{"id":23168,"href":"https:\/\/www.maapprogram.org\/es\/wp-json\/wp\/v2\/posts\/21225\/revisions\/23168"}],"wp:attachment":[{"href":"https:\/\/www.maapprogram.org\/es\/wp-json\/wp\/v2\/media?parent=21225"}],"wp:term":[{"taxonomy":"category","embeddable":true,"href":"https:\/\/www.maapprogram.org\/es\/wp-json\/wp\/v2\/categories?post=21225"},{"taxonomy":"post_tag","embeddable":true,"href":"https:\/\/www.maapprogram.org\/es\/wp-json\/wp\/v2\/tags?post=21225"},{"taxonomy":"ftr_agriculture","embeddable":true,"href":"https:\/\/www.maapprogram.org\/es\/wp-json\/wp\/v2\/ftr_agriculture?post=21225"},{"taxonomy":"carbon-and-climate-change","embeddable":true,"href":"https:\/\/www.maapprogram.org\/es\/wp-json\/wp\/v2\/carbon-and-climate-change?post=21225"},{"taxonomy":"ftr_country","embeddable":true,"href":"https:\/\/www.maapprogram.org\/es\/wp-json\/wp\/v2\/ftr_country?post=21225"},{"taxonomy":"fire","embeddable":true,"href":"https:\/\/www.maapprogram.org\/es\/wp-json\/wp\/v2\/fire?post=21225"},{"taxonomy":"infrastructure-threat","embeddable":true,"href":"https:\/\/www.maapprogram.org\/es\/wp-json\/wp\/v2\/infrastructure-threat?post=21225"},{"taxonomy":"land-use","embeddable":true,"href":"https:\/\/www.maapprogram.org\/es\/wp-json\/wp\/v2\/land-use?post=21225"},{"taxonomy":"mining-and-logging-threat","embeddable":true,"href":"https:\/\/www.maapprogram.org\/es\/wp-json\/wp\/v2\/mining-and-logging-threat?post=21225"},{"taxonomy":"natural-forest-loss","embeddable":true,"href":"https:\/\/www.maapprogram.org\/es\/wp-json\/wp\/v2\/natural-forest-loss?post=21225"},{"taxonomy":"special-analysis","embeddable":true,"href":"https:\/\/www.maapprogram.org\/es\/wp-json\/wp\/v2\/special-analysis?post=21225"}],"curies":[{"name":"wp","href":"https:\/\/api.w.org\/{rel}","templated":true}]}}