{"id":21238,"date":"2022-03-15T14:52:00","date_gmt":"2022-03-15T14:52:00","guid":{"rendered":"https:\/\/www.maapprogram.org\/chiribiquete-colombia-2022\/"},"modified":"2024-09-19T17:28:18","modified_gmt":"2024-09-19T17:28:18","slug":"chiribiquete-colombia-2022","status":"publish","type":"post","link":"https:\/\/www.maapprogram.org\/es\/chiribiquete-colombia-2022\/","title":{"rendered":"MAAP #152: La Deforestaci\u00f3n Grave Contin\u00faa en el Parque Nacional Chiribiquete (Amazonia Colombiana)"},"content":{"rendered":"<div id=\"attachment_10827\" class=\"thumbnail alignright\"><a href=\"https:\/\/www.maapprogram.org\/wp-content\/uploads\/2022\/03\/maaproject.org-maap-152-la-deforestacion-grave-continua-en-el-parque-nacional-chiribiquete-amazonia-colombiana-Basemap-ColAmz-Feb2022-200dpi-v6.jpg\"><img decoding=\"async\" class=\"wp-image-10827 size-medium\" src=\"https:\/\/www.maapprogram.org\/wp-content\/uploads\/2022\/03\/maaproject.org-maap-152-la-deforestacion-grave-continua-en-el-parque-nacional-chiribiquete-amazonia-colombiana-Basemap-ColAmz-Feb2022-200dpi-v6-741x580.jpg\" alt=\"\" width=\"741\" height=\"580\" \/><\/a><div class=\"caption\">Mapa Base. Siete frentes de la deforestaci\u00f3n al interior del Parque Nacional Chiribiquete. Datos: MAAP.<\/div><\/div>\n<p>La deforestaci\u00f3n dentro el <strong>Parque Nacional Chiribiquete<\/strong> representa uno de los frentes m\u00e1s cr\u00edticos contra los bosques primarios en la Amazonia Colombiana.<\/p>\n<p>En el presente reporte, documentamos la deforestaci\u00f3n muy reciente de m\u00e1s que <strong>2,000 hect\u00e1reas <\/strong>a trav\u00e9s de siete zonas al interior del Parque Nacional Chiribiquete, entre septiembre del 2021 hasta el febrero del 2022 (ver <strong>Mapa Base<\/strong>).<\/p>\n<p>Adem\u00e1s, estimamos la deforestaci\u00f3n total de m\u00e1s de <strong>6,000 hect\u00e1reas<\/strong> dentro el Parque desde su expansi\u00f3n en el 2018.<\/p>\n<p>Resaltamos que muchos de los <strong>grandes incendios<\/strong> durante febrero del 2022 en la Amazonia Colombiana fueron actualmente quemando \u00e1reas recientemente deforestadas como estas.<\/p>\n<p>A continuaci\u00f3n, hacemos zoom en los 7 frentes de deforestaci\u00f3n (las <strong>Letras A-G<\/strong> en el Mapa Base) con <strong>im\u00e1genes satelitales<\/strong> de alta resoluci\u00f3n (3 metros) y muy alta resoluci\u00f3n (0.5 metros).<\/p>\n<div class=\"fitem-sep\"><\/div>\n<p><strong>Zoom A<\/strong> muestra la deforestaci\u00f3n reciente de 158 hect\u00e1reas en el frente grave ubicado en el sector oeste del Parque. Alrededor del parque hay 243 hect\u00e1reas adicionales de p\u00e9rdida de bosque. Tambi\u00e9n incluimos un par de im\u00e1genes de muy alta resoluci\u00f3n de las \u00e1reas deforestadas m\u00e1s recientemente rodeadas de bosque primario intacto pero amenazado (Zooms A1 y A2).<\/p>\n<p><a href=\"https:\/\/www.maapprogram.org\/wp-content\/uploads\/2022\/02\/maaproject.org-maap-152-la-deforestacion-grave-continua-en-el-parque-nacional-chiribiquete-amazonia-colombiana-Panel-A-Chiribiquete-West-200dpi-v3.jpg\"><img decoding=\"async\" class=\"aligncenter size-medium wp-image-10759\" src=\"https:\/\/www.maapprogram.org\/wp-content\/uploads\/2022\/02\/maaproject.org-maap-152-la-deforestacion-grave-continua-en-el-parque-nacional-chiribiquete-amazonia-colombiana-Panel-A-Chiribiquete-West-200dpi-v3-930x411.jpg\" alt=\"\" \/><\/a><\/p>\n<p>&nbsp;<\/p>\n<div class=\"fitem-sep\"><\/div>\n<p><a href=\"https:\/\/www.maapprogram.org\/wp-content\/uploads\/2022\/02\/maaproject.org-maap-152-la-deforestacion-grave-continua-en-el-parque-nacional-chiribiquete-amazonia-colombiana-SkySat-A-Chiri-W-22Feb2022-200dpi.jpg\"><img decoding=\"async\" class=\"aligncenter size-medium wp-image-10761\" src=\"https:\/\/www.maapprogram.org\/wp-content\/uploads\/2022\/02\/maaproject.org-maap-152-la-deforestacion-grave-continua-en-el-parque-nacional-chiribiquete-amazonia-colombiana-SkySat-A-Chiri-W-22Feb2022-200dpi-792x580.jpg\" alt=\"\" \/><\/a><\/p>\n<div class=\"fitem-sep\"><\/div>\n<p><a href=\"https:\/\/www.maapprogram.org\/wp-content\/uploads\/2022\/02\/maaproject.org-maap-152-la-deforestacion-grave-continua-en-el-parque-nacional-chiribiquete-amazonia-colombiana-SkySat-A2-Chiri-W-22Feb2022-200dpi.jpg\"><img decoding=\"async\" class=\"aligncenter size-medium wp-image-10762\" src=\"https:\/\/www.maapprogram.org\/wp-content\/uploads\/2022\/02\/maaproject.org-maap-152-la-deforestacion-grave-continua-en-el-parque-nacional-chiribiquete-amazonia-colombiana-SkySat-A2-Chiri-W-22Feb2022-200dpi-792x580.jpg\" alt=\"\" \/><\/a><\/p>\n<div class=\"fitem-sep\"><\/div>\n<p><strong>Zoom B<\/strong> muestra la deforestaci\u00f3n reciente de 0.5 hect\u00e1reas, pero hay una gran deforestaci\u00f3n a las afueras del Parque (m\u00e1s que 600 ha).<\/p>\n<p><a href=\"https:\/\/www.maapprogram.org\/wp-content\/uploads\/2022\/02\/maaproject.org-maap-152-la-deforestacion-grave-continua-en-el-parque-nacional-chiribiquete-amazonia-colombiana-Panel-B-Chiribiquete-West-200dpi-v1.jpg\"><img decoding=\"async\" class=\"aligncenter size-medium wp-image-10749\" src=\"https:\/\/www.maapprogram.org\/wp-content\/uploads\/2022\/02\/maaproject.org-maap-152-la-deforestacion-grave-continua-en-el-parque-nacional-chiribiquete-amazonia-colombiana-Panel-B-Chiribiquete-West-200dpi-v1-930x411.jpg\" alt=\"\" \/><\/a><\/p>\n<div class=\"fitem-sep\"><\/div>\n<p><strong>Zoom C<\/strong> muestra la deforestaci\u00f3n reciente de 222 hect\u00e1reas. Note la presencia de la v\u00eda Tunia-Ajaju. Alrededor del parque hay 300 hect\u00e1reas adicionales de p\u00e9rdida de bosque.<\/p>\n<p><a href=\"https:\/\/www.maapprogram.org\/wp-content\/uploads\/2022\/02\/maaproject.org-maap-152-la-deforestacion-grave-continua-en-el-parque-nacional-chiribiquete-amazonia-colombiana-Panel-C-Chiribiquete-West-200dpi-v3.jpg\"><img decoding=\"async\" class=\"aligncenter size-medium wp-image-10750\" src=\"https:\/\/www.maapprogram.org\/wp-content\/uploads\/2022\/02\/maaproject.org-maap-152-la-deforestacion-grave-continua-en-el-parque-nacional-chiribiquete-amazonia-colombiana-Panel-C-Chiribiquete-West-200dpi-v3-930x411.jpg\" alt=\"\" \/><\/a><\/p>\n<div class=\"fitem-sep\"><\/div>\n<p><strong>Zoom D<\/strong> muestra la deforestaci\u00f3n adicional de 64 hect\u00e1reas m\u00e1s adelante en la carretera Tunia-Ajaju.<\/p>\n<p><a href=\"https:\/\/www.maapprogram.org\/wp-content\/uploads\/2022\/02\/maaproject.org-maap-152-la-deforestacion-grave-continua-en-el-parque-nacional-chiribiquete-amazonia-colombiana-Panel-D-Chiribiquete-West-200dpi-v1.jpg\"><img decoding=\"async\" class=\"aligncenter size-medium wp-image-10751\" src=\"https:\/\/www.maapprogram.org\/wp-content\/uploads\/2022\/02\/maaproject.org-maap-152-la-deforestacion-grave-continua-en-el-parque-nacional-chiribiquete-amazonia-colombiana-Panel-D-Chiribiquete-West-200dpi-v1-930x411.jpg\" alt=\"\" \/><\/a><\/p>\n<div class=\"fitem-sep\"><\/div>\n<p><strong>Zoom E<\/strong> muestra la deforestaci\u00f3n reciente de 388 hect\u00e1reas a lo largo de la v\u00eda Cachicamo-Tunia. Alrededor del parque hay 660 hect\u00e1reas adicionales de p\u00e9rdida de bosque. Tambi\u00e9n incluimos un par de im\u00e1genes de muy alta resoluci\u00f3n de las \u00e1reas deforestadas m\u00e1s recientemente rodeadas de bosque primario intacto pero amenazado (Zoom E1).<\/p>\n<p><a href=\"https:\/\/www.maapprogram.org\/wp-content\/uploads\/2022\/03\/maaproject.org-maap-152-la-deforestacion-grave-continua-en-el-parque-nacional-chiribiquete-amazonia-colombiana-Panel-E-Chiribiquete-N1-200dpi-v5.jpg\"><img decoding=\"async\" class=\"aligncenter size-medium wp-image-10812\" src=\"https:\/\/www.maapprogram.org\/wp-content\/uploads\/2022\/03\/maaproject.org-maap-152-la-deforestacion-grave-continua-en-el-parque-nacional-chiribiquete-amazonia-colombiana-Panel-E-Chiribiquete-N1-200dpi-v5-930x411.jpg\" alt=\"\" \/><\/a><\/p>\n<p>&nbsp;<\/p>\n<p>&nbsp;<\/p>\n<div class=\"fitem-sep\"><\/div>\n<p><a href=\"https:\/\/www.maapprogram.org\/wp-content\/uploads\/2022\/02\/maaproject.org-maap-152-la-deforestacion-grave-continua-en-el-parque-nacional-chiribiquete-amazonia-colombiana-SkySat-E-Chiri-N-20Feb2022-200dpi.jpg\"><img decoding=\"async\" class=\"aligncenter size-medium wp-image-10764\" src=\"https:\/\/www.maapprogram.org\/wp-content\/uploads\/2022\/02\/maaproject.org-maap-152-la-deforestacion-grave-continua-en-el-parque-nacional-chiribiquete-amazonia-colombiana-SkySat-E-Chiri-N-20Feb2022-200dpi-792x580.jpg\" alt=\"\" \/><\/a><\/p>\n<div class=\"fitem-sep\"><\/div>\n<p><a href=\"https:\/\/www.maapprogram.org\/wp-content\/uploads\/2022\/02\/maaproject.org-maap-152-la-deforestacion-grave-continua-en-el-parque-nacional-chiribiquete-amazonia-colombiana-SkySat-E1-Chiri-N-20Feb2022-200dpi.jpg\"><img decoding=\"async\" class=\"aligncenter size-medium wp-image-10765\" src=\"https:\/\/www.maapprogram.org\/wp-content\/uploads\/2022\/02\/maaproject.org-maap-152-la-deforestacion-grave-continua-en-el-parque-nacional-chiribiquete-amazonia-colombiana-SkySat-E1-Chiri-N-20Feb2022-200dpi-792x580.jpg\" alt=\"\" \/><\/a><\/p>\n<div class=\"fitem-sep\"><\/div>\n<p><strong>Zoom F<\/strong> muestra la deforestaci\u00f3n reciente de 314 hect\u00e1reas en el sector norte del Parque. Alrededor del parque hay 450 hect\u00e1reas adicionales de p\u00e9rdida de bosque.<\/p>\n<p><a href=\"https:\/\/www.maapprogram.org\/wp-content\/uploads\/2022\/02\/maaproject.org-maap-152-la-deforestacion-grave-continua-en-el-parque-nacional-chiribiquete-amazonia-colombiana-Panel-F-Chiribiquete-N2-200dpi-v3.jpg\"><img decoding=\"async\" class=\"aligncenter size-medium wp-image-10753\" src=\"https:\/\/www.maapprogram.org\/wp-content\/uploads\/2022\/02\/maaproject.org-maap-152-la-deforestacion-grave-continua-en-el-parque-nacional-chiribiquete-amazonia-colombiana-Panel-F-Chiribiquete-N2-200dpi-v3-930x411.jpg\" alt=\"\" \/><\/a><\/p>\n<div class=\"fitem-sep\"><\/div>\n<p>Finalmente, <strong>Zoom G<\/strong> muestra la deforestaci\u00f3n reciente de 58 hect\u00e1reas en el sector noreste del Parque.<\/p>\n<p><a href=\"https:\/\/www.maapprogram.org\/wp-content\/uploads\/2022\/02\/maaproject.org-maap-152-la-deforestacion-grave-continua-en-el-parque-nacional-chiribiquete-amazonia-colombiana-Panel-G-Chiribiquete-NE-200dpi-v1.jpg\"><img decoding=\"async\" class=\"aligncenter size-medium wp-image-10754\" src=\"https:\/\/www.maapprogram.org\/wp-content\/uploads\/2022\/02\/maaproject.org-maap-152-la-deforestacion-grave-continua-en-el-parque-nacional-chiribiquete-amazonia-colombiana-Panel-G-Chiribiquete-NE-200dpi-v1-930x411.jpg\" alt=\"\" \/><\/a><\/p>\n<div class=\"fitem-sep\"><\/div>\n<h3><strong>Agradecimientos<\/strong><\/h3>\n<p>Agradecemos a L.A. G\u00f3mez y R. Botero por sus aportes a este reporte.<\/p>\n<p>Este informe es parte de una serie enfocada en la Amazon\u00eda colombiana a trav\u00e9s de una colaboraci\u00f3n estrat\u00e9gica entre la organizaci\u00f3n\u00a0<a href=\"https:\/\/fcds.org.co\/\">Fundaci\u00f3n para la Conservaci\u00f3n y el Desarrollo Sostenible (FCDS)<\/a>, con el apoyo del <a href=\"https:\/\/icfcanada.org\/\">Fondo Internacional para la Conservaci\u00f3n de Canad\u00e1 (ICFC)<\/a>.<\/p>\n<div class=\"fitem-sep\"><\/div>\n<h3><strong>Cita<\/strong><\/h3>\n<p>Finer M, Mamani N (2022) La Deforestaci\u00f3n Grave Contin\u00faa en el Parque Nacional Chiribiquete (Amazonia Colombiana). MAAP: 152.<\/p>\n<div class=\"fitem-sep\"><\/div>\n","protected":false},"excerpt":{"rendered":"<p>La deforestaci\u00f3n dentro el Parque Nacional Chiribiquete representa uno de los frentes m\u00e1s cr\u00edticos contra los bosques primarios en la Amazonia Colombiana. En el presente reporte, documentamos la deforestaci\u00f3n muy reciente de m\u00e1s que 2,000 hect\u00e1reas a trav\u00e9s de siete zonas al interior del Parque Nacional Chiribiquete, entre septiembre del 2021 hasta el febrero del [&hellip;]<\/p>\n","protected":false},"author":1,"featured_media":0,"comment_status":"open","ping_status":"open","sticky":false,"template":"","format":"standard","meta":{"_acf_changed":false,"footnotes":""},"categories":[349],"tags":[258],"ftr_agriculture":[],"carbon-and-climate-change":[],"ftr_country":[398],"fire":[426],"infrastructure-threat":[],"land-use":[],"mining-and-logging-threat":[],"natural-forest-loss":[],"special-analysis":[],"class_list":["post-21238","post","type-post","status-publish","format-standard","hentry","category-paisescolombia","tag-maap-152","ftr_country-colombia","fire-incendios"],"acf":[],"yoast_head":"<!-- This site is optimized with the Yoast SEO plugin v27.3 - https:\/\/yoast.com\/product\/yoast-seo-wordpress\/ -->\n<title>MAAP #152: La Deforestaci\u00f3n Grave Contin\u00faa en el Parque Nacional Chiribiquete (Amazonia Colombiana) - MAAP<\/title>\n<meta name=\"robots\" content=\"index, follow, max-snippet:-1, max-image-preview:large, max-video-preview:-1\" \/>\n<link rel=\"canonical\" href=\"https:\/\/www.maapprogram.org\/es\/chiribiquete-colombia-2022\/\" \/>\n<meta property=\"og:locale\" content=\"es_ES\" \/>\n<meta property=\"og:type\" content=\"article\" \/>\n<meta property=\"og:title\" content=\"MAAP #152: La Deforestaci\u00f3n Grave Contin\u00faa en el Parque Nacional Chiribiquete (Amazonia Colombiana) - MAAP\" \/>\n<meta property=\"og:description\" content=\"La deforestaci\u00f3n dentro el Parque Nacional Chiribiquete representa uno de los frentes m\u00e1s cr\u00edticos contra los bosques primarios en la Amazonia Colombiana. En el presente reporte, documentamos la deforestaci\u00f3n muy reciente de m\u00e1s que 2,000 hect\u00e1reas a trav\u00e9s de siete zonas al interior del Parque Nacional Chiribiquete, entre septiembre del 2021 hasta el febrero del [&hellip;]\" \/>\n<meta property=\"og:url\" content=\"https:\/\/www.maapprogram.org\/es\/chiribiquete-colombia-2022\/\" \/>\n<meta property=\"og:site_name\" content=\"MAAP\" \/>\n<meta property=\"article:published_time\" content=\"2022-03-15T14:52:00+00:00\" \/>\n<meta property=\"article:modified_time\" content=\"2024-09-19T17:28:18+00:00\" \/>\n<meta property=\"og:image\" content=\"https:\/\/www.maapprogram.org\/wp-content\/uploads\/2022\/03\/maaproject.org-maap-152-la-deforestacion-grave-continua-en-el-parque-nacional-chiribiquete-amazonia-colombiana-Basemap-ColAmz-Feb2022-200dpi-v6-741x580.jpg\" \/>\n<meta name=\"author\" content=\"dcadmin\" \/>\n<meta name=\"twitter:card\" content=\"summary_large_image\" \/>\n<meta name=\"twitter:label1\" content=\"Escrito por\" \/>\n\t<meta name=\"twitter:data1\" content=\"dcadmin\" \/>\n\t<meta name=\"twitter:label2\" content=\"Tiempo de lectura\" \/>\n\t<meta name=\"twitter:data2\" content=\"5 minutos\" \/>\n<script type=\"application\/ld+json\" class=\"yoast-schema-graph\">{\"@context\":\"https:\\\/\\\/schema.org\",\"@graph\":[{\"@type\":\"Article\",\"@id\":\"https:\\\/\\\/www.maapprogram.org\\\/es\\\/chiribiquete-colombia-2022\\\/#article\",\"isPartOf\":{\"@id\":\"https:\\\/\\\/www.maapprogram.org\\\/es\\\/chiribiquete-colombia-2022\\\/\"},\"author\":{\"name\":\"dcadmin\",\"@id\":\"https:\\\/\\\/www.maapprogram.org\\\/es\\\/#\\\/schema\\\/person\\\/433e90c8debccfe16357e05627bbd443\"},\"headline\":\"MAAP #152: La Deforestaci\u00f3n Grave Contin\u00faa en el Parque Nacional Chiribiquete (Amazonia Colombiana)\",\"datePublished\":\"2022-03-15T14:52:00+00:00\",\"dateModified\":\"2024-09-19T17:28:18+00:00\",\"mainEntityOfPage\":{\"@id\":\"https:\\\/\\\/www.maapprogram.org\\\/es\\\/chiribiquete-colombia-2022\\\/\"},\"wordCount\":519,\"commentCount\":0,\"image\":{\"@id\":\"https:\\\/\\\/www.maapprogram.org\\\/es\\\/chiribiquete-colombia-2022\\\/#primaryimage\"},\"thumbnailUrl\":\"https:\\\/\\\/www.maapprogram.org\\\/wp-content\\\/uploads\\\/2022\\\/03\\\/maaproject.org-maap-152-la-deforestacion-grave-continua-en-el-parque-nacional-chiribiquete-amazonia-colombiana-Basemap-ColAmz-Feb2022-200dpi-v6-741x580.jpg\",\"keywords\":[\"MAAP #152\"],\"articleSection\":[\"Paises&gt;Colombia\"],\"inLanguage\":\"es\",\"potentialAction\":[{\"@type\":\"CommentAction\",\"name\":\"Comment\",\"target\":[\"https:\\\/\\\/www.maapprogram.org\\\/es\\\/chiribiquete-colombia-2022\\\/#respond\"]}]},{\"@type\":\"WebPage\",\"@id\":\"https:\\\/\\\/www.maapprogram.org\\\/es\\\/chiribiquete-colombia-2022\\\/\",\"url\":\"https:\\\/\\\/www.maapprogram.org\\\/es\\\/chiribiquete-colombia-2022\\\/\",\"name\":\"MAAP #152: La Deforestaci\u00f3n Grave Contin\u00faa en el Parque Nacional Chiribiquete (Amazonia Colombiana) - MAAP\",\"isPartOf\":{\"@id\":\"https:\\\/\\\/www.maapprogram.org\\\/es\\\/#website\"},\"primaryImageOfPage\":{\"@id\":\"https:\\\/\\\/www.maapprogram.org\\\/es\\\/chiribiquete-colombia-2022\\\/#primaryimage\"},\"image\":{\"@id\":\"https:\\\/\\\/www.maapprogram.org\\\/es\\\/chiribiquete-colombia-2022\\\/#primaryimage\"},\"thumbnailUrl\":\"https:\\\/\\\/www.maapprogram.org\\\/wp-content\\\/uploads\\\/2022\\\/03\\\/maaproject.org-maap-152-la-deforestacion-grave-continua-en-el-parque-nacional-chiribiquete-amazonia-colombiana-Basemap-ColAmz-Feb2022-200dpi-v6-741x580.jpg\",\"datePublished\":\"2022-03-15T14:52:00+00:00\",\"dateModified\":\"2024-09-19T17:28:18+00:00\",\"author\":{\"@id\":\"https:\\\/\\\/www.maapprogram.org\\\/es\\\/#\\\/schema\\\/person\\\/433e90c8debccfe16357e05627bbd443\"},\"breadcrumb\":{\"@id\":\"https:\\\/\\\/www.maapprogram.org\\\/es\\\/chiribiquete-colombia-2022\\\/#breadcrumb\"},\"inLanguage\":\"es\",\"potentialAction\":[{\"@type\":\"ReadAction\",\"target\":[\"https:\\\/\\\/www.maapprogram.org\\\/es\\\/chiribiquete-colombia-2022\\\/\"]}]},{\"@type\":\"ImageObject\",\"inLanguage\":\"es\",\"@id\":\"https:\\\/\\\/www.maapprogram.org\\\/es\\\/chiribiquete-colombia-2022\\\/#primaryimage\",\"url\":\"https:\\\/\\\/www.maapprogram.org\\\/wp-content\\\/uploads\\\/2022\\\/03\\\/maaproject.org-maap-152-la-deforestacion-grave-continua-en-el-parque-nacional-chiribiquete-amazonia-colombiana-Basemap-ColAmz-Feb2022-200dpi-v6-741x580.jpg\",\"contentUrl\":\"https:\\\/\\\/www.maapprogram.org\\\/wp-content\\\/uploads\\\/2022\\\/03\\\/maaproject.org-maap-152-la-deforestacion-grave-continua-en-el-parque-nacional-chiribiquete-amazonia-colombiana-Basemap-ColAmz-Feb2022-200dpi-v6-741x580.jpg\"},{\"@type\":\"BreadcrumbList\",\"@id\":\"https:\\\/\\\/www.maapprogram.org\\\/es\\\/chiribiquete-colombia-2022\\\/#breadcrumb\",\"itemListElement\":[{\"@type\":\"ListItem\",\"position\":1,\"name\":\"Home\",\"item\":\"https:\\\/\\\/www.maapprogram.org\\\/es\\\/\"},{\"@type\":\"ListItem\",\"position\":2,\"name\":\"MAAP #152: La Deforestaci\u00f3n Grave Contin\u00faa en el Parque Nacional Chiribiquete (Amazonia Colombiana)\"}]},{\"@type\":\"WebSite\",\"@id\":\"https:\\\/\\\/www.maapprogram.org\\\/es\\\/#website\",\"url\":\"https:\\\/\\\/www.maapprogram.org\\\/es\\\/\",\"name\":\"MAAP\",\"description\":\"\",\"potentialAction\":[{\"@type\":\"SearchAction\",\"target\":{\"@type\":\"EntryPoint\",\"urlTemplate\":\"https:\\\/\\\/www.maapprogram.org\\\/es\\\/?s={search_term_string}\"},\"query-input\":{\"@type\":\"PropertyValueSpecification\",\"valueRequired\":true,\"valueName\":\"search_term_string\"}}],\"inLanguage\":\"es\"},{\"@type\":\"Person\",\"@id\":\"https:\\\/\\\/www.maapprogram.org\\\/es\\\/#\\\/schema\\\/person\\\/433e90c8debccfe16357e05627bbd443\",\"name\":\"dcadmin\",\"image\":{\"@type\":\"ImageObject\",\"inLanguage\":\"es\",\"@id\":\"https:\\\/\\\/secure.gravatar.com\\\/avatar\\\/83c0f4e5f994ae4e4b9ae78b382f373b07a15509b31a24d7d748f76e9925b825?s=96&d=mm&r=g\",\"url\":\"https:\\\/\\\/secure.gravatar.com\\\/avatar\\\/83c0f4e5f994ae4e4b9ae78b382f373b07a15509b31a24d7d748f76e9925b825?s=96&d=mm&r=g\",\"contentUrl\":\"https:\\\/\\\/secure.gravatar.com\\\/avatar\\\/83c0f4e5f994ae4e4b9ae78b382f373b07a15509b31a24d7d748f76e9925b825?s=96&d=mm&r=g\",\"caption\":\"dcadmin\"},\"sameAs\":[\"http:\\\/\\\/www.maapprogram.org\"],\"url\":\"https:\\\/\\\/www.maapprogram.org\\\/es\\\/author\\\/dcadmin\\\/\"}]}<\/script>\n<!-- \/ Yoast SEO plugin. -->","yoast_head_json":{"title":"MAAP #152: La Deforestaci\u00f3n Grave Contin\u00faa en el Parque Nacional Chiribiquete (Amazonia Colombiana) - MAAP","robots":{"index":"index","follow":"follow","max-snippet":"max-snippet:-1","max-image-preview":"max-image-preview:large","max-video-preview":"max-video-preview:-1"},"canonical":"https:\/\/www.maapprogram.org\/es\/chiribiquete-colombia-2022\/","og_locale":"es_ES","og_type":"article","og_title":"MAAP #152: La Deforestaci\u00f3n Grave Contin\u00faa en el Parque Nacional Chiribiquete (Amazonia Colombiana) - MAAP","og_description":"La deforestaci\u00f3n dentro el Parque Nacional Chiribiquete representa uno de los frentes m\u00e1s cr\u00edticos contra los bosques primarios en la Amazonia Colombiana. En el presente reporte, documentamos la deforestaci\u00f3n muy reciente de m\u00e1s que 2,000 hect\u00e1reas a trav\u00e9s de siete zonas al interior del Parque Nacional Chiribiquete, entre septiembre del 2021 hasta el febrero del [&hellip;]","og_url":"https:\/\/www.maapprogram.org\/es\/chiribiquete-colombia-2022\/","og_site_name":"MAAP","article_published_time":"2022-03-15T14:52:00+00:00","article_modified_time":"2024-09-19T17:28:18+00:00","og_image":[{"url":"https:\/\/www.maapprogram.org\/wp-content\/uploads\/2022\/03\/maaproject.org-maap-152-la-deforestacion-grave-continua-en-el-parque-nacional-chiribiquete-amazonia-colombiana-Basemap-ColAmz-Feb2022-200dpi-v6-741x580.jpg","type":"","width":"","height":""}],"author":"dcadmin","twitter_card":"summary_large_image","twitter_misc":{"Escrito por":"dcadmin","Tiempo de lectura":"5 minutos"},"schema":{"@context":"https:\/\/schema.org","@graph":[{"@type":"Article","@id":"https:\/\/www.maapprogram.org\/es\/chiribiquete-colombia-2022\/#article","isPartOf":{"@id":"https:\/\/www.maapprogram.org\/es\/chiribiquete-colombia-2022\/"},"author":{"name":"dcadmin","@id":"https:\/\/www.maapprogram.org\/es\/#\/schema\/person\/433e90c8debccfe16357e05627bbd443"},"headline":"MAAP #152: La Deforestaci\u00f3n Grave Contin\u00faa en el Parque Nacional Chiribiquete (Amazonia Colombiana)","datePublished":"2022-03-15T14:52:00+00:00","dateModified":"2024-09-19T17:28:18+00:00","mainEntityOfPage":{"@id":"https:\/\/www.maapprogram.org\/es\/chiribiquete-colombia-2022\/"},"wordCount":519,"commentCount":0,"image":{"@id":"https:\/\/www.maapprogram.org\/es\/chiribiquete-colombia-2022\/#primaryimage"},"thumbnailUrl":"https:\/\/www.maapprogram.org\/wp-content\/uploads\/2022\/03\/maaproject.org-maap-152-la-deforestacion-grave-continua-en-el-parque-nacional-chiribiquete-amazonia-colombiana-Basemap-ColAmz-Feb2022-200dpi-v6-741x580.jpg","keywords":["MAAP #152"],"articleSection":["Paises&gt;Colombia"],"inLanguage":"es","potentialAction":[{"@type":"CommentAction","name":"Comment","target":["https:\/\/www.maapprogram.org\/es\/chiribiquete-colombia-2022\/#respond"]}]},{"@type":"WebPage","@id":"https:\/\/www.maapprogram.org\/es\/chiribiquete-colombia-2022\/","url":"https:\/\/www.maapprogram.org\/es\/chiribiquete-colombia-2022\/","name":"MAAP #152: La Deforestaci\u00f3n Grave Contin\u00faa en el Parque Nacional Chiribiquete (Amazonia Colombiana) - MAAP","isPartOf":{"@id":"https:\/\/www.maapprogram.org\/es\/#website"},"primaryImageOfPage":{"@id":"https:\/\/www.maapprogram.org\/es\/chiribiquete-colombia-2022\/#primaryimage"},"image":{"@id":"https:\/\/www.maapprogram.org\/es\/chiribiquete-colombia-2022\/#primaryimage"},"thumbnailUrl":"https:\/\/www.maapprogram.org\/wp-content\/uploads\/2022\/03\/maaproject.org-maap-152-la-deforestacion-grave-continua-en-el-parque-nacional-chiribiquete-amazonia-colombiana-Basemap-ColAmz-Feb2022-200dpi-v6-741x580.jpg","datePublished":"2022-03-15T14:52:00+00:00","dateModified":"2024-09-19T17:28:18+00:00","author":{"@id":"https:\/\/www.maapprogram.org\/es\/#\/schema\/person\/433e90c8debccfe16357e05627bbd443"},"breadcrumb":{"@id":"https:\/\/www.maapprogram.org\/es\/chiribiquete-colombia-2022\/#breadcrumb"},"inLanguage":"es","potentialAction":[{"@type":"ReadAction","target":["https:\/\/www.maapprogram.org\/es\/chiribiquete-colombia-2022\/"]}]},{"@type":"ImageObject","inLanguage":"es","@id":"https:\/\/www.maapprogram.org\/es\/chiribiquete-colombia-2022\/#primaryimage","url":"https:\/\/www.maapprogram.org\/wp-content\/uploads\/2022\/03\/maaproject.org-maap-152-la-deforestacion-grave-continua-en-el-parque-nacional-chiribiquete-amazonia-colombiana-Basemap-ColAmz-Feb2022-200dpi-v6-741x580.jpg","contentUrl":"https:\/\/www.maapprogram.org\/wp-content\/uploads\/2022\/03\/maaproject.org-maap-152-la-deforestacion-grave-continua-en-el-parque-nacional-chiribiquete-amazonia-colombiana-Basemap-ColAmz-Feb2022-200dpi-v6-741x580.jpg"},{"@type":"BreadcrumbList","@id":"https:\/\/www.maapprogram.org\/es\/chiribiquete-colombia-2022\/#breadcrumb","itemListElement":[{"@type":"ListItem","position":1,"name":"Home","item":"https:\/\/www.maapprogram.org\/es\/"},{"@type":"ListItem","position":2,"name":"MAAP #152: La Deforestaci\u00f3n Grave Contin\u00faa en el Parque Nacional Chiribiquete (Amazonia Colombiana)"}]},{"@type":"WebSite","@id":"https:\/\/www.maapprogram.org\/es\/#website","url":"https:\/\/www.maapprogram.org\/es\/","name":"MAAP","description":"","potentialAction":[{"@type":"SearchAction","target":{"@type":"EntryPoint","urlTemplate":"https:\/\/www.maapprogram.org\/es\/?s={search_term_string}"},"query-input":{"@type":"PropertyValueSpecification","valueRequired":true,"valueName":"search_term_string"}}],"inLanguage":"es"},{"@type":"Person","@id":"https:\/\/www.maapprogram.org\/es\/#\/schema\/person\/433e90c8debccfe16357e05627bbd443","name":"dcadmin","image":{"@type":"ImageObject","inLanguage":"es","@id":"https:\/\/secure.gravatar.com\/avatar\/83c0f4e5f994ae4e4b9ae78b382f373b07a15509b31a24d7d748f76e9925b825?s=96&d=mm&r=g","url":"https:\/\/secure.gravatar.com\/avatar\/83c0f4e5f994ae4e4b9ae78b382f373b07a15509b31a24d7d748f76e9925b825?s=96&d=mm&r=g","contentUrl":"https:\/\/secure.gravatar.com\/avatar\/83c0f4e5f994ae4e4b9ae78b382f373b07a15509b31a24d7d748f76e9925b825?s=96&d=mm&r=g","caption":"dcadmin"},"sameAs":["http:\/\/www.maapprogram.org"],"url":"https:\/\/www.maapprogram.org\/es\/author\/dcadmin\/"}]}},"_links":{"self":[{"href":"https:\/\/www.maapprogram.org\/es\/wp-json\/wp\/v2\/posts\/21238","targetHints":{"allow":["GET"]}}],"collection":[{"href":"https:\/\/www.maapprogram.org\/es\/wp-json\/wp\/v2\/posts"}],"about":[{"href":"https:\/\/www.maapprogram.org\/es\/wp-json\/wp\/v2\/types\/post"}],"author":[{"embeddable":true,"href":"https:\/\/www.maapprogram.org\/es\/wp-json\/wp\/v2\/users\/1"}],"replies":[{"embeddable":true,"href":"https:\/\/www.maapprogram.org\/es\/wp-json\/wp\/v2\/comments?post=21238"}],"version-history":[{"count":1,"href":"https:\/\/www.maapprogram.org\/es\/wp-json\/wp\/v2\/posts\/21238\/revisions"}],"predecessor-version":[{"id":23343,"href":"https:\/\/www.maapprogram.org\/es\/wp-json\/wp\/v2\/posts\/21238\/revisions\/23343"}],"wp:attachment":[{"href":"https:\/\/www.maapprogram.org\/es\/wp-json\/wp\/v2\/media?parent=21238"}],"wp:term":[{"taxonomy":"category","embeddable":true,"href":"https:\/\/www.maapprogram.org\/es\/wp-json\/wp\/v2\/categories?post=21238"},{"taxonomy":"post_tag","embeddable":true,"href":"https:\/\/www.maapprogram.org\/es\/wp-json\/wp\/v2\/tags?post=21238"},{"taxonomy":"ftr_agriculture","embeddable":true,"href":"https:\/\/www.maapprogram.org\/es\/wp-json\/wp\/v2\/ftr_agriculture?post=21238"},{"taxonomy":"carbon-and-climate-change","embeddable":true,"href":"https:\/\/www.maapprogram.org\/es\/wp-json\/wp\/v2\/carbon-and-climate-change?post=21238"},{"taxonomy":"ftr_country","embeddable":true,"href":"https:\/\/www.maapprogram.org\/es\/wp-json\/wp\/v2\/ftr_country?post=21238"},{"taxonomy":"fire","embeddable":true,"href":"https:\/\/www.maapprogram.org\/es\/wp-json\/wp\/v2\/fire?post=21238"},{"taxonomy":"infrastructure-threat","embeddable":true,"href":"https:\/\/www.maapprogram.org\/es\/wp-json\/wp\/v2\/infrastructure-threat?post=21238"},{"taxonomy":"land-use","embeddable":true,"href":"https:\/\/www.maapprogram.org\/es\/wp-json\/wp\/v2\/land-use?post=21238"},{"taxonomy":"mining-and-logging-threat","embeddable":true,"href":"https:\/\/www.maapprogram.org\/es\/wp-json\/wp\/v2\/mining-and-logging-threat?post=21238"},{"taxonomy":"natural-forest-loss","embeddable":true,"href":"https:\/\/www.maapprogram.org\/es\/wp-json\/wp\/v2\/natural-forest-loss?post=21238"},{"taxonomy":"special-analysis","embeddable":true,"href":"https:\/\/www.maapprogram.org\/es\/wp-json\/wp\/v2\/special-analysis?post=21238"}],"curies":[{"name":"wp","href":"https:\/\/api.w.org\/{rel}","templated":true}]}}