{"id":21242,"date":"2015-06-15T01:54:00","date_gmt":"2015-06-15T01:54:00","guid":{"rendered":"https:\/\/www.maapprogram.org\/imagen-6-amarakaeri\/"},"modified":"2024-09-24T20:34:47","modified_gmt":"2024-09-24T20:34:47","slug":"imagen-6-amarakaeri","status":"publish","type":"post","link":"https:\/\/www.maapprogram.org\/es\/imagen-6-amarakaeri\/","title":{"rendered":"Imagen #6: La deforestaci\u00f3n generada por la miner\u00eda aur\u00edfera se expande desde Huepetuhe hacia la Reserva Comunal Amarakaeri (Madre de Dios, Per\u00fa)"},"content":{"rendered":"<p>Recordando la <a href=\"https:\/\/www.maapprogram.org\/2015\/03\/se-expande-deforestacion-en-la-amazonia-peruana-por-mineria-de-oro\/\">Imagen de la Semana #1 <\/a>y la <a href=\"https:\/\/www.maapprogram.org\/2015\/05\/image-5-gold-mining-deforestation-intensifies-along-upper-malinowski-madre-de-dios-peru-_\/\">Imagen de la Semana #5<\/a>\u00a0&#8212;\u00a0donde fue documentado el avance de la deforestaci\u00f3n generado por la miner\u00eda aur\u00edfera dentro de las \u00e1reas conocidas como La Pampa y Alto Malinowski, en la regi\u00f3n Madre de Dios, Per\u00fa &#8212; aqu\u00ed en la <strong>Imagen de la Semana #6<\/strong>\u00a0se documenta la expansi\u00f3n de la deforestaci\u00f3n desde la zona minera Huepetuhe\/Delta-1 hacia la <strong>Reserva Comunal Amarakaeri (RCA)<\/strong>, un \u00e1rea protegida peruana que es gestionada conjuntamente con comunidades ind\u00edgenas y\u00a0el Servicio Nacional de \u00c1reas Naturales Protegidas por el Estado &#8211; SERNANP.<\/p>\n<p><strong>Nuestro an\u00e1lisis muestra que la deforestaci\u00f3n generada por la miner\u00eda aur\u00edfera, se est\u00e1\u00a0expandiendo\u00a0desde la zona minera de Huepetuhe\/Delta-1, y lleg\u00f3\u00a0al sector sudeste de la Reserva\u00a0Comunal\u00a0Amarakaeri\u00a0en 2013 para continuar dentro la Reserva entre el 2014 y febrero del 2015.<\/strong><\/p>\n<p>As\u00ed tambi\u00e9n, se evidenci\u00f3 que la <strong>deforestaci\u00f3n generada por la miner\u00eda aur\u00edfera est\u00e1 expandi\u00e9ndose al interior de la zona de amortiguamiento en el sector sur de la Reserva<\/strong>.<\/p>\n<div id=\"attachment_2521\" class=\"thumbnail aligncenter\"><a href=\"https:\/\/www.maapprogram.org\/wp-content\/uploads\/2015\/06\/2015_MDD_Amarakaeri_MAAP_6a_v8.jpg\"><img decoding=\"async\" class=\"wp-image-2521\" src=\"https:\/\/www.maapprogram.org\/wp-content\/uploads\/2015\/06\/2015_MDD_Amarakaeri_MAAP_6a_v8-1500x1062.jpg\" alt=\"2015_MDD_Amarakaeri_MAAP_6a_v8\" width=\"981\" height=\"695\" \/><\/a><div class=\"caption\">Imagen de la Semana 6a. Deforestaci\u00f3n detectada dentro y alrededor de la Reserva Comunal Amarakaeri y su zona de amortiguamiento. El Zoom #1 indica el \u00e1rea focal de las Im\u00e1genes 6b y 6c, mientras que el \u00c1rea de Zoom #2 indica el \u00e1rea focal de la Imagen 6d. Fuentes clave de datos: MINAM-PNCB, SERNANP, ACCA, USGS, IBC, Hansen\/UMD\/Google\/USGS\/NASA.<\/div><\/div>\n<h3><strong>Resultados Claves:<\/strong><\/h3>\n<p>Seg\u00fan nuestro an\u00e1lisis CLASlite,<strong> la deforestaci\u00f3n lleg\u00f3<\/strong><strong>\u00a0al sector sudeste de la Reserva Comunal Amarakaeri (RCA) durante el 2013 y continu\u00f3 expandi\u00e9ndose entre el 2014 y 2015<\/strong> (ver Zoom #1 abajo)<strong>. <\/strong>Un an\u00e1lisis adicional revel\u00f3 que<strong> el factor causante\u00a0de la deforestaci\u00f3n era la miner\u00eda aur\u00edfera, <\/strong>debido al patr\u00f3n irregular y apariencia del suelo (con presencia de pozas residuales de agua y sedimentos) por la p\u00e9rdida de bosques.<\/p>\n<p>As\u00ed tambi\u00e9n,<strong> se detect\u00f3 un aumento de la <\/strong><strong>deforestaci\u00f3n generada por la miner\u00eda aur\u00edfera dentro de la zona de amortiguamiento, en el sector sudeste de la RCA entre los a\u00f1os 2014 y 2015 <\/strong>(ver Zoom #2 abajo)<strong>.<\/strong><\/p>\n<p>Tambi\u00e9n fue detectada una peque\u00f1a \u00e1rea deforestada al interior de la RCA durante 2014 proveniente de la perforaci\u00f3n de la Hunt Oil en Pad A (ver \u201cB\u201d en la Imagen 6a).\u00a0N\u00f3tese que la deforestaci\u00f3n total de este proyecto de exploraci\u00f3n de gas ha sido muy baja debido a que la empresa no apertur\u00f3 ninguna v\u00eda de acceso hasta el momento.<\/p>\n<div class=\"fitem-sep\"><\/div>\n<h3><strong>La Deforestaci\u00f3n Generada por la Miner\u00eda Aur\u00edfera Llega a la Reserva (Zoom #1)<\/strong><\/h3>\n<div id=\"attachment_2530\" class=\"thumbnail alignleft\"><a href=\"https:\/\/www.maapprogram.org\/wp-content\/uploads\/2015\/06\/2015_MDD_Amarakaeri_MAAP_6b_v7-1.jpg\"><img decoding=\"async\" class=\"wp-image-2530\" src=\"https:\/\/www.maapprogram.org\/wp-content\/uploads\/2015\/06\/2015_MDD_Amarakaeri_MAAP_6b_v7-1-1203x1700.jpg\" alt=\"2015_MDD_Amarakaeri_MAAP_6b_v7 (1)\" width=\"606\" height=\"856\" \/><\/a><div class=\"caption\">Imagen 6b. El Zoom #1, permite visualizar, a mayor detalle, la deforestaci\u00f3n dentro del sector sudeste de la Reserva Comunal Amarakaeri y su zona de amortiguamiento. Fuentes clave de datos: MINAM, SERNANP, Hansen\/UMD\/Google\/USGS\/NASA, USGS.<\/div><\/div>\n<p>&nbsp;<\/p>\n<p>La Imagen 6b muestra, a mayor detalle, la deforestaci\u00f3n dentro del sector sudeste de la RCA y su zona de amortiguamiento (ver Zoom #1 en la Imagen 6a para el entender el contexto).<\/p>\n<p>Se puede apreciar la forma como <strong>la deforestaci\u00f3n generada por la miner\u00eda aur<\/strong><strong>\u00ed<\/strong><strong>fera lleg\u00f3 al sector sudeste de la RCA en el 2013, y luego continu\u00f3 expandi\u00e9ndose entre el 2014 y febrero del 2015<\/strong>.<\/p>\n<p><strong>El total de la deforestaci\u00f3n generada por la miner\u00eda aur<\/strong><strong>\u00ed<\/strong><strong>fera<\/strong>\u00a0dentro de esta secci\u00f3n de la RCA, asciende a 11 hect\u00e1reas.\u00a0Aunque en la actualidad esta \u00e1rea representa un diminuto porcentaje de la superficie total de la Reserva (402,335.62 ha), representa una tendencia creciente que debe ser monitoreada de cerca.<\/p>\n<p>N\u00f3tese que el resto de la deforestaci\u00f3n que se aprecia en la imagen, se encuentra dentro de la zona de amortiguamiento que rodea la RCA.<\/p>\n<div class=\"fitem-sep\"><\/div>\n<h3><\/h3>\n<h3><\/h3>\n<h3><\/h3>\n<h3><\/h3>\n<h3><\/h3>\n<h3><\/h3>\n<h3><\/h3>\n<h3><\/h3>\n<h3><\/h3>\n<h3><\/h3>\n<h3><\/h3>\n<h3><\/h3>\n<h3><strong>Serie Temporal Satelital de la Deforestaci\u00f3n que est\u00e1 llegando hacia la Reserva (Zoom #1)<\/strong><\/h3>\n<div id=\"attachment_2524\" class=\"thumbnail aligncenter\"><a href=\"https:\/\/www.maapprogram.org\/wp-content\/uploads\/2015\/06\/2015_MDD_Amarakaeri_MAAP_6c_v4.jpg\"><img decoding=\"async\" class=\"wp-image-2524 \" src=\"https:\/\/www.maapprogram.org\/wp-content\/uploads\/2015\/06\/2015_MDD_Amarakaeri_MAAP_6c_v4-1500x1109.jpg\" alt=\"2015_MDD_Amarakaeri_MAAP_6c_v4\" width=\"940\" height=\"696\" \/><\/a><div class=\"caption\">Imagen 6c. Serie temporal (2013-2015) de im\u00e1genes de sat\u00e9lite (Landsat 8) de la deforestaci\u00f3n dentro del sector sudeste de la Reserva Comunal Amarakaeri. N\u00f3tese que los cuatro paneles muestran el mismo lugar conforme avanza el tiempo.. Fuentes clave de datos: USGS, SERNANP.<\/div><\/div>\n<p>Para poder entender mejor las din\u00e1micas de la deforestaci\u00f3n conforme avanza el tiempo, creamos una serie temporal de im\u00e1genes de sat\u00e9lite (Landsat 8) para el sector sudeste de la RCA. Como se aprecia en la Imagen 6c, <strong>la deforestaci\u00f3n generada por la miner\u00eda de oro dentro de la Reserva, se ve primero en julio de 2013 y luego se expande en varios frentes hasta febrero de 2015<\/strong>.\u00a0Tambi\u00e9n puede verse que las \u00e1reas deforestadas que se encuentran fuera de la RCA est\u00e1n ubicadas en su zona de amortiguamiento<\/p>\n<div class=\"fitem-sep\"><\/div>\n<h3><strong>La Deforestaci\u00f3n Generada por la Miner\u00eda Aur\u00edfera Acerca Otro Sector de la Reserva (Zoom #2)<\/strong><\/h3>\n<div id=\"attachment_2525\" class=\"thumbnail aligncenter\"><a href=\"https:\/\/www.maapprogram.org\/wp-content\/uploads\/2015\/06\/2015_MDD_Amarakaeri_MAAP_6e_v8.jpg\"><img decoding=\"async\" class=\" wp-image-2525\" src=\"https:\/\/www.maapprogram.org\/wp-content\/uploads\/2015\/06\/2015_MDD_Amarakaeri_MAAP_6e_v8.jpg\" alt=\"2015_MDD_Amarakaeri_MAAP_6e_v8\" width=\"1051\" height=\"671\" \/><\/a><div class=\"caption\">Imagen 6d. La deforestaci\u00f3n por la miner\u00eda aur\u00edfera est\u00e1 invadiendo otro sector ubicado m\u00e1s al sur de la RCA. Datos Claves: USGS, SERNANP, Hansen\/UMD\/Google\/USGS\/NASA, SPOT 7<\/div><\/div>\n<p>La Imagen 6d muestra que la deforestaci\u00f3n por la miner\u00eda aur\u00edfera est\u00e1 acercando a otro sector ubicado m\u00e1s al sur de la RCA (ver Zoom #2 en la Imagen 6a para el contexto). En el panel izquierdo se ve que la deforestaci\u00f3n dentro de la zona de amortiguamiento continu\u00f3 expandi\u00e9ndose entre enero del 2014 y febrero del 2015.<\/p>\n<p>Para poder confirmar el factor causante de la deforestaci\u00f3n, se adquiri\u00f3 una imagen de sat\u00e9lite de alta resoluci\u00f3n (SPOT 7 de 1,5 m de resoluci\u00f3n). Como puede apreciarse en el panel derecho de la Imagen 6d, el patr\u00f3n de la deforestaci\u00f3n reciente es caracter\u00edstico de la miner\u00eda aur\u00edfera, con pozas de agua residual pr\u00f3ximas al r\u00edo Nuciniscato, y no de otros posibles determinantes, como el de la agricultura migratoria.<\/p>\n<div class=\"fitem-sep\"><\/div>\n<h3><strong>Descripci\u00f3n de Datos:<\/strong><\/h3>\n<p>El <strong><em>mapa de fondo<\/em><\/strong> es un mosaico de dos im\u00e1genes Landsat 8 (con una resoluci\u00f3n de 30 m) tomadas el 10 de abril de 2014 y el 20 de agosto de 2013. Toda variaci\u00f3n de color <strong><em>verde<\/em><\/strong> indica cobertura forestal. N\u00f3tese que hay un poco de cobertura dispersa de nubes. Datos de <u>USGS<\/u>.<\/p>\n<p>La informaci\u00f3n sobre las <strong><em>\u00e1reas protegidas<\/em><\/strong> proviene de <u>SERNANP<\/u>. El verde oscuro (casi marr\u00f3n), indica las \u00e1reas protegidas por el estado (como la Reserva Comunal Amarakaeri) y Concesiones de Conservaci\u00f3n (como la Concesi\u00f3n de Conservaci\u00f3n Los Amigos), y el verde claro (casi amarillo) indica la zona de amortiguamiento oficial de un \u00e1rea protegida por el estado.<\/p>\n<p>El color <strong><em>negro<\/em><\/strong>, indica aquellas \u00e1reas que fueron deforestadas hasta 2000, seg\u00fan los datos del Ministerio del Ambiente del Per\u00fa (<a href=\"http:\/\/geoservidor.minam.gob.pe\/geoservidor\/archivos\/memoria\/DEFORESTACION_Parte1.pdf\">MINAM 2009<\/a>). Los colores <strong><em>amarillo<\/em><\/strong>, <strong><em>anaranjado<\/em><\/strong> y <strong><em>rojo<\/em><\/strong>, indican aquellas \u00e1reas que fueron deforestadas entre el 2000 y el 2012 (cada color representa un plazo de cuatro a\u00f1os) (<a href=\"http:\/\/www.sciencemag.org\/content\/342\/6160\/850\">Hansen MC\u00a0et al. 2013 Science 342: 850\u201353;<\/a> <a href=\"http:\/\/earthenginepartners.appspot.com\/science-2013-global-forest\">descarga de datos<\/a>).<\/p>\n<p>Los colores <strong><em>morado<\/em><\/strong>, <strong><em>rosado<\/em><\/strong> y <strong><em>turquesa<\/em>, <\/strong>indican aquellas \u00e1reas que fueron deforestadas entre enero de 2013 y febrero de 2015. Los datos del 2013 fueron generados por el Programa Nacional de Conservaci\u00f3n de Bosques-PNCB, mientras que los datos del 2014 y 2015 se basan en nuestro an\u00e1lisis de las im\u00e1genes Landsat utilizando el <a href=\"http:\/\/claslite.carnegiescience.edu\/en\/\">software CLASlite para el monitoreo forestal<\/a>.<\/p>\n<div class=\"fitem-sep\"><\/div>\n<h3><strong>Cita<\/strong><\/h3>\n<p>Finer M, Novoa S (2015) La deforestaci\u00f3n generada por la miner\u00eda aurifera se expande desde Huepetuhe hacia la\u00a0la Reserva Comunal Amarakaeri (Madre de Dios, Per\u00fa). MAAP: Imagen #6. Enlace:\u00a0https:\/\/www.maapprogram.org\/2015\/06\/imagen-6-amarakaeri\/<\/p>\n","protected":false},"excerpt":{"rendered":"<p>Recordando la Imagen de la Semana #1 y la Imagen de la Semana #5\u00a0&#8212;\u00a0donde fue documentado el avance de la deforestaci\u00f3n generado por la miner\u00eda aur\u00edfera dentro de las \u00e1reas conocidas como La Pampa y Alto Malinowski, en la regi\u00f3n Madre de Dios, Per\u00fa &#8212; aqu\u00ed en la Imagen de la Semana #6\u00a0se documenta la [&hellip;]<\/p>\n","protected":false},"author":1,"featured_media":0,"comment_status":"open","ping_status":"open","sticky":false,"template":"","format":"standard","meta":{"_acf_changed":false,"footnotes":""},"categories":[2],"tags":[49],"ftr_agriculture":[],"carbon-and-climate-change":[],"ftr_country":[483],"fire":[],"infrastructure-threat":[],"land-use":[433],"mining-and-logging-threat":[434],"natural-forest-loss":[],"special-analysis":[],"class_list":["post-21242","post","type-post","status-publish","format-standard","hentry","category-sin-categorizar","tag-imagen-de-la-semana-6","ftr_country-peru-2","land-use-areas-protegidas","mining-and-logging-threat-mineria-de-oro"],"acf":[],"yoast_head":"<!-- This site is optimized with the Yoast SEO plugin v27.3 - https:\/\/yoast.com\/product\/yoast-seo-wordpress\/ -->\n<title>Imagen #6: La deforestaci\u00f3n generada por la miner\u00eda aur\u00edfera se expande desde Huepetuhe hacia la Reserva Comunal Amarakaeri (Madre de Dios, Per\u00fa) - MAAP<\/title>\n<meta name=\"robots\" content=\"index, follow, max-snippet:-1, max-image-preview:large, max-video-preview:-1\" \/>\n<link rel=\"canonical\" href=\"https:\/\/www.maapprogram.org\/es\/imagen-6-amarakaeri\/\" \/>\n<meta property=\"og:locale\" content=\"es_ES\" \/>\n<meta property=\"og:type\" content=\"article\" \/>\n<meta property=\"og:title\" content=\"Imagen #6: La deforestaci\u00f3n generada por la miner\u00eda aur\u00edfera se expande desde Huepetuhe hacia la Reserva Comunal Amarakaeri (Madre de Dios, Per\u00fa) - MAAP\" \/>\n<meta property=\"og:description\" content=\"Recordando la Imagen de la Semana #1 y la Imagen de la Semana #5\u00a0&#8212;\u00a0donde fue documentado el avance de la deforestaci\u00f3n generado por la miner\u00eda aur\u00edfera dentro de las \u00e1reas conocidas como La Pampa y Alto Malinowski, en la regi\u00f3n Madre de Dios, Per\u00fa &#8212; aqu\u00ed en la Imagen de la Semana #6\u00a0se documenta la [&hellip;]\" \/>\n<meta property=\"og:url\" content=\"https:\/\/www.maapprogram.org\/es\/imagen-6-amarakaeri\/\" \/>\n<meta property=\"og:site_name\" content=\"MAAP\" \/>\n<meta property=\"article:published_time\" content=\"2015-06-15T01:54:00+00:00\" \/>\n<meta property=\"article:modified_time\" content=\"2024-09-24T20:34:47+00:00\" \/>\n<meta property=\"og:image\" content=\"https:\/\/www.maapprogram.org\/wp-content\/uploads\/2015\/06\/2015_MDD_Amarakaeri_MAAP_6a_v8-1500x1062.jpg\" \/>\n<meta name=\"author\" content=\"dcadmin\" \/>\n<meta name=\"twitter:card\" content=\"summary_large_image\" \/>\n<meta name=\"twitter:label1\" content=\"Escrito por\" \/>\n\t<meta name=\"twitter:data1\" content=\"dcadmin\" \/>\n\t<meta name=\"twitter:label2\" content=\"Tiempo de lectura\" \/>\n\t<meta name=\"twitter:data2\" content=\"7 minutos\" \/>\n<script type=\"application\/ld+json\" class=\"yoast-schema-graph\">{\"@context\":\"https:\\\/\\\/schema.org\",\"@graph\":[{\"@type\":\"Article\",\"@id\":\"https:\\\/\\\/www.maapprogram.org\\\/es\\\/imagen-6-amarakaeri\\\/#article\",\"isPartOf\":{\"@id\":\"https:\\\/\\\/www.maapprogram.org\\\/es\\\/imagen-6-amarakaeri\\\/\"},\"author\":{\"name\":\"dcadmin\",\"@id\":\"https:\\\/\\\/www.maapprogram.org\\\/es\\\/#\\\/schema\\\/person\\\/433e90c8debccfe16357e05627bbd443\"},\"headline\":\"Imagen #6: La deforestaci\u00f3n generada por la miner\u00eda aur\u00edfera se expande desde Huepetuhe hacia la Reserva Comunal Amarakaeri (Madre de Dios, Per\u00fa)\",\"datePublished\":\"2015-06-15T01:54:00+00:00\",\"dateModified\":\"2024-09-24T20:34:47+00:00\",\"mainEntityOfPage\":{\"@id\":\"https:\\\/\\\/www.maapprogram.org\\\/es\\\/imagen-6-amarakaeri\\\/\"},\"wordCount\":1289,\"commentCount\":0,\"image\":{\"@id\":\"https:\\\/\\\/www.maapprogram.org\\\/es\\\/imagen-6-amarakaeri\\\/#primaryimage\"},\"thumbnailUrl\":\"https:\\\/\\\/www.maapprogram.org\\\/wp-content\\\/uploads\\\/2015\\\/06\\\/2015_MDD_Amarakaeri_MAAP_6a_v8-1500x1062.jpg\",\"keywords\":[\"Imagen de la Semana #6\"],\"articleSection\":[\"Sin categorizar\"],\"inLanguage\":\"es\",\"potentialAction\":[{\"@type\":\"CommentAction\",\"name\":\"Comment\",\"target\":[\"https:\\\/\\\/www.maapprogram.org\\\/es\\\/imagen-6-amarakaeri\\\/#respond\"]}]},{\"@type\":\"WebPage\",\"@id\":\"https:\\\/\\\/www.maapprogram.org\\\/es\\\/imagen-6-amarakaeri\\\/\",\"url\":\"https:\\\/\\\/www.maapprogram.org\\\/es\\\/imagen-6-amarakaeri\\\/\",\"name\":\"Imagen #6: La deforestaci\u00f3n generada por la miner\u00eda aur\u00edfera se expande desde Huepetuhe hacia la Reserva Comunal Amarakaeri (Madre de Dios, Per\u00fa) - MAAP\",\"isPartOf\":{\"@id\":\"https:\\\/\\\/www.maapprogram.org\\\/es\\\/#website\"},\"primaryImageOfPage\":{\"@id\":\"https:\\\/\\\/www.maapprogram.org\\\/es\\\/imagen-6-amarakaeri\\\/#primaryimage\"},\"image\":{\"@id\":\"https:\\\/\\\/www.maapprogram.org\\\/es\\\/imagen-6-amarakaeri\\\/#primaryimage\"},\"thumbnailUrl\":\"https:\\\/\\\/www.maapprogram.org\\\/wp-content\\\/uploads\\\/2015\\\/06\\\/2015_MDD_Amarakaeri_MAAP_6a_v8-1500x1062.jpg\",\"datePublished\":\"2015-06-15T01:54:00+00:00\",\"dateModified\":\"2024-09-24T20:34:47+00:00\",\"author\":{\"@id\":\"https:\\\/\\\/www.maapprogram.org\\\/es\\\/#\\\/schema\\\/person\\\/433e90c8debccfe16357e05627bbd443\"},\"breadcrumb\":{\"@id\":\"https:\\\/\\\/www.maapprogram.org\\\/es\\\/imagen-6-amarakaeri\\\/#breadcrumb\"},\"inLanguage\":\"es\",\"potentialAction\":[{\"@type\":\"ReadAction\",\"target\":[\"https:\\\/\\\/www.maapprogram.org\\\/es\\\/imagen-6-amarakaeri\\\/\"]}]},{\"@type\":\"ImageObject\",\"inLanguage\":\"es\",\"@id\":\"https:\\\/\\\/www.maapprogram.org\\\/es\\\/imagen-6-amarakaeri\\\/#primaryimage\",\"url\":\"https:\\\/\\\/www.maapprogram.org\\\/wp-content\\\/uploads\\\/2015\\\/06\\\/2015_MDD_Amarakaeri_MAAP_6a_v8-1500x1062.jpg\",\"contentUrl\":\"https:\\\/\\\/www.maapprogram.org\\\/wp-content\\\/uploads\\\/2015\\\/06\\\/2015_MDD_Amarakaeri_MAAP_6a_v8-1500x1062.jpg\"},{\"@type\":\"BreadcrumbList\",\"@id\":\"https:\\\/\\\/www.maapprogram.org\\\/es\\\/imagen-6-amarakaeri\\\/#breadcrumb\",\"itemListElement\":[{\"@type\":\"ListItem\",\"position\":1,\"name\":\"Home\",\"item\":\"https:\\\/\\\/www.maapprogram.org\\\/es\\\/\"},{\"@type\":\"ListItem\",\"position\":2,\"name\":\"Imagen #6: La deforestaci\u00f3n generada por la miner\u00eda aur\u00edfera se expande desde Huepetuhe hacia la Reserva Comunal Amarakaeri (Madre de Dios, Per\u00fa)\"}]},{\"@type\":\"WebSite\",\"@id\":\"https:\\\/\\\/www.maapprogram.org\\\/es\\\/#website\",\"url\":\"https:\\\/\\\/www.maapprogram.org\\\/es\\\/\",\"name\":\"MAAP\",\"description\":\"\",\"potentialAction\":[{\"@type\":\"SearchAction\",\"target\":{\"@type\":\"EntryPoint\",\"urlTemplate\":\"https:\\\/\\\/www.maapprogram.org\\\/es\\\/?s={search_term_string}\"},\"query-input\":{\"@type\":\"PropertyValueSpecification\",\"valueRequired\":true,\"valueName\":\"search_term_string\"}}],\"inLanguage\":\"es\"},{\"@type\":\"Person\",\"@id\":\"https:\\\/\\\/www.maapprogram.org\\\/es\\\/#\\\/schema\\\/person\\\/433e90c8debccfe16357e05627bbd443\",\"name\":\"dcadmin\",\"image\":{\"@type\":\"ImageObject\",\"inLanguage\":\"es\",\"@id\":\"https:\\\/\\\/secure.gravatar.com\\\/avatar\\\/83c0f4e5f994ae4e4b9ae78b382f373b07a15509b31a24d7d748f76e9925b825?s=96&d=mm&r=g\",\"url\":\"https:\\\/\\\/secure.gravatar.com\\\/avatar\\\/83c0f4e5f994ae4e4b9ae78b382f373b07a15509b31a24d7d748f76e9925b825?s=96&d=mm&r=g\",\"contentUrl\":\"https:\\\/\\\/secure.gravatar.com\\\/avatar\\\/83c0f4e5f994ae4e4b9ae78b382f373b07a15509b31a24d7d748f76e9925b825?s=96&d=mm&r=g\",\"caption\":\"dcadmin\"},\"sameAs\":[\"http:\\\/\\\/www.maapprogram.org\"],\"url\":\"https:\\\/\\\/www.maapprogram.org\\\/es\\\/author\\\/dcadmin\\\/\"}]}<\/script>\n<!-- \/ Yoast SEO plugin. -->","yoast_head_json":{"title":"Imagen #6: La deforestaci\u00f3n generada por la miner\u00eda aur\u00edfera se expande desde Huepetuhe hacia la Reserva Comunal Amarakaeri (Madre de Dios, Per\u00fa) - MAAP","robots":{"index":"index","follow":"follow","max-snippet":"max-snippet:-1","max-image-preview":"max-image-preview:large","max-video-preview":"max-video-preview:-1"},"canonical":"https:\/\/www.maapprogram.org\/es\/imagen-6-amarakaeri\/","og_locale":"es_ES","og_type":"article","og_title":"Imagen #6: La deforestaci\u00f3n generada por la miner\u00eda aur\u00edfera se expande desde Huepetuhe hacia la Reserva Comunal Amarakaeri (Madre de Dios, Per\u00fa) - MAAP","og_description":"Recordando la Imagen de la Semana #1 y la Imagen de la Semana #5\u00a0&#8212;\u00a0donde fue documentado el avance de la deforestaci\u00f3n generado por la miner\u00eda aur\u00edfera dentro de las \u00e1reas conocidas como La Pampa y Alto Malinowski, en la regi\u00f3n Madre de Dios, Per\u00fa &#8212; aqu\u00ed en la Imagen de la Semana #6\u00a0se documenta la [&hellip;]","og_url":"https:\/\/www.maapprogram.org\/es\/imagen-6-amarakaeri\/","og_site_name":"MAAP","article_published_time":"2015-06-15T01:54:00+00:00","article_modified_time":"2024-09-24T20:34:47+00:00","og_image":[{"url":"https:\/\/www.maapprogram.org\/wp-content\/uploads\/2015\/06\/2015_MDD_Amarakaeri_MAAP_6a_v8-1500x1062.jpg","type":"","width":"","height":""}],"author":"dcadmin","twitter_card":"summary_large_image","twitter_misc":{"Escrito por":"dcadmin","Tiempo de lectura":"7 minutos"},"schema":{"@context":"https:\/\/schema.org","@graph":[{"@type":"Article","@id":"https:\/\/www.maapprogram.org\/es\/imagen-6-amarakaeri\/#article","isPartOf":{"@id":"https:\/\/www.maapprogram.org\/es\/imagen-6-amarakaeri\/"},"author":{"name":"dcadmin","@id":"https:\/\/www.maapprogram.org\/es\/#\/schema\/person\/433e90c8debccfe16357e05627bbd443"},"headline":"Imagen #6: La deforestaci\u00f3n generada por la miner\u00eda aur\u00edfera se expande desde Huepetuhe hacia la Reserva Comunal Amarakaeri (Madre de Dios, Per\u00fa)","datePublished":"2015-06-15T01:54:00+00:00","dateModified":"2024-09-24T20:34:47+00:00","mainEntityOfPage":{"@id":"https:\/\/www.maapprogram.org\/es\/imagen-6-amarakaeri\/"},"wordCount":1289,"commentCount":0,"image":{"@id":"https:\/\/www.maapprogram.org\/es\/imagen-6-amarakaeri\/#primaryimage"},"thumbnailUrl":"https:\/\/www.maapprogram.org\/wp-content\/uploads\/2015\/06\/2015_MDD_Amarakaeri_MAAP_6a_v8-1500x1062.jpg","keywords":["Imagen de la Semana #6"],"articleSection":["Sin categorizar"],"inLanguage":"es","potentialAction":[{"@type":"CommentAction","name":"Comment","target":["https:\/\/www.maapprogram.org\/es\/imagen-6-amarakaeri\/#respond"]}]},{"@type":"WebPage","@id":"https:\/\/www.maapprogram.org\/es\/imagen-6-amarakaeri\/","url":"https:\/\/www.maapprogram.org\/es\/imagen-6-amarakaeri\/","name":"Imagen #6: La deforestaci\u00f3n generada por la miner\u00eda aur\u00edfera se expande desde Huepetuhe hacia la Reserva Comunal Amarakaeri (Madre de Dios, Per\u00fa) - MAAP","isPartOf":{"@id":"https:\/\/www.maapprogram.org\/es\/#website"},"primaryImageOfPage":{"@id":"https:\/\/www.maapprogram.org\/es\/imagen-6-amarakaeri\/#primaryimage"},"image":{"@id":"https:\/\/www.maapprogram.org\/es\/imagen-6-amarakaeri\/#primaryimage"},"thumbnailUrl":"https:\/\/www.maapprogram.org\/wp-content\/uploads\/2015\/06\/2015_MDD_Amarakaeri_MAAP_6a_v8-1500x1062.jpg","datePublished":"2015-06-15T01:54:00+00:00","dateModified":"2024-09-24T20:34:47+00:00","author":{"@id":"https:\/\/www.maapprogram.org\/es\/#\/schema\/person\/433e90c8debccfe16357e05627bbd443"},"breadcrumb":{"@id":"https:\/\/www.maapprogram.org\/es\/imagen-6-amarakaeri\/#breadcrumb"},"inLanguage":"es","potentialAction":[{"@type":"ReadAction","target":["https:\/\/www.maapprogram.org\/es\/imagen-6-amarakaeri\/"]}]},{"@type":"ImageObject","inLanguage":"es","@id":"https:\/\/www.maapprogram.org\/es\/imagen-6-amarakaeri\/#primaryimage","url":"https:\/\/www.maapprogram.org\/wp-content\/uploads\/2015\/06\/2015_MDD_Amarakaeri_MAAP_6a_v8-1500x1062.jpg","contentUrl":"https:\/\/www.maapprogram.org\/wp-content\/uploads\/2015\/06\/2015_MDD_Amarakaeri_MAAP_6a_v8-1500x1062.jpg"},{"@type":"BreadcrumbList","@id":"https:\/\/www.maapprogram.org\/es\/imagen-6-amarakaeri\/#breadcrumb","itemListElement":[{"@type":"ListItem","position":1,"name":"Home","item":"https:\/\/www.maapprogram.org\/es\/"},{"@type":"ListItem","position":2,"name":"Imagen #6: La deforestaci\u00f3n generada por la miner\u00eda aur\u00edfera se expande desde Huepetuhe hacia la Reserva Comunal Amarakaeri (Madre de Dios, Per\u00fa)"}]},{"@type":"WebSite","@id":"https:\/\/www.maapprogram.org\/es\/#website","url":"https:\/\/www.maapprogram.org\/es\/","name":"MAAP","description":"","potentialAction":[{"@type":"SearchAction","target":{"@type":"EntryPoint","urlTemplate":"https:\/\/www.maapprogram.org\/es\/?s={search_term_string}"},"query-input":{"@type":"PropertyValueSpecification","valueRequired":true,"valueName":"search_term_string"}}],"inLanguage":"es"},{"@type":"Person","@id":"https:\/\/www.maapprogram.org\/es\/#\/schema\/person\/433e90c8debccfe16357e05627bbd443","name":"dcadmin","image":{"@type":"ImageObject","inLanguage":"es","@id":"https:\/\/secure.gravatar.com\/avatar\/83c0f4e5f994ae4e4b9ae78b382f373b07a15509b31a24d7d748f76e9925b825?s=96&d=mm&r=g","url":"https:\/\/secure.gravatar.com\/avatar\/83c0f4e5f994ae4e4b9ae78b382f373b07a15509b31a24d7d748f76e9925b825?s=96&d=mm&r=g","contentUrl":"https:\/\/secure.gravatar.com\/avatar\/83c0f4e5f994ae4e4b9ae78b382f373b07a15509b31a24d7d748f76e9925b825?s=96&d=mm&r=g","caption":"dcadmin"},"sameAs":["http:\/\/www.maapprogram.org"],"url":"https:\/\/www.maapprogram.org\/es\/author\/dcadmin\/"}]}},"_links":{"self":[{"href":"https:\/\/www.maapprogram.org\/es\/wp-json\/wp\/v2\/posts\/21242","targetHints":{"allow":["GET"]}}],"collection":[{"href":"https:\/\/www.maapprogram.org\/es\/wp-json\/wp\/v2\/posts"}],"about":[{"href":"https:\/\/www.maapprogram.org\/es\/wp-json\/wp\/v2\/types\/post"}],"author":[{"embeddable":true,"href":"https:\/\/www.maapprogram.org\/es\/wp-json\/wp\/v2\/users\/1"}],"replies":[{"embeddable":true,"href":"https:\/\/www.maapprogram.org\/es\/wp-json\/wp\/v2\/comments?post=21242"}],"version-history":[{"count":1,"href":"https:\/\/www.maapprogram.org\/es\/wp-json\/wp\/v2\/posts\/21242\/revisions"}],"predecessor-version":[{"id":23011,"href":"https:\/\/www.maapprogram.org\/es\/wp-json\/wp\/v2\/posts\/21242\/revisions\/23011"}],"wp:attachment":[{"href":"https:\/\/www.maapprogram.org\/es\/wp-json\/wp\/v2\/media?parent=21242"}],"wp:term":[{"taxonomy":"category","embeddable":true,"href":"https:\/\/www.maapprogram.org\/es\/wp-json\/wp\/v2\/categories?post=21242"},{"taxonomy":"post_tag","embeddable":true,"href":"https:\/\/www.maapprogram.org\/es\/wp-json\/wp\/v2\/tags?post=21242"},{"taxonomy":"ftr_agriculture","embeddable":true,"href":"https:\/\/www.maapprogram.org\/es\/wp-json\/wp\/v2\/ftr_agriculture?post=21242"},{"taxonomy":"carbon-and-climate-change","embeddable":true,"href":"https:\/\/www.maapprogram.org\/es\/wp-json\/wp\/v2\/carbon-and-climate-change?post=21242"},{"taxonomy":"ftr_country","embeddable":true,"href":"https:\/\/www.maapprogram.org\/es\/wp-json\/wp\/v2\/ftr_country?post=21242"},{"taxonomy":"fire","embeddable":true,"href":"https:\/\/www.maapprogram.org\/es\/wp-json\/wp\/v2\/fire?post=21242"},{"taxonomy":"infrastructure-threat","embeddable":true,"href":"https:\/\/www.maapprogram.org\/es\/wp-json\/wp\/v2\/infrastructure-threat?post=21242"},{"taxonomy":"land-use","embeddable":true,"href":"https:\/\/www.maapprogram.org\/es\/wp-json\/wp\/v2\/land-use?post=21242"},{"taxonomy":"mining-and-logging-threat","embeddable":true,"href":"https:\/\/www.maapprogram.org\/es\/wp-json\/wp\/v2\/mining-and-logging-threat?post=21242"},{"taxonomy":"natural-forest-loss","embeddable":true,"href":"https:\/\/www.maapprogram.org\/es\/wp-json\/wp\/v2\/natural-forest-loss?post=21242"},{"taxonomy":"special-analysis","embeddable":true,"href":"https:\/\/www.maapprogram.org\/es\/wp-json\/wp\/v2\/special-analysis?post=21242"}],"curies":[{"name":"wp","href":"https:\/\/api.w.org\/{rel}","templated":true}]}}