{"id":21243,"date":"2015-06-30T00:55:00","date_gmt":"2015-06-30T00:55:00","guid":{"rendered":"https:\/\/www.maapprogram.org\/imagen-8-sierradivisor\/"},"modified":"2024-09-24T20:34:34","modified_gmt":"2024-09-24T20:34:34","slug":"imagen-8-sierradivisor","status":"publish","type":"post","link":"https:\/\/www.maapprogram.org\/es\/imagen-8-sierradivisor\/","title":{"rendered":"Imagen #8: Nueva Deforestaci\u00f3n (en Junio) al Interior de la Zona Reservada Sierra del Divisor"},"content":{"rendered":"<h4>Recordando la\u00a0<a href=\"https:\/\/www.maapprogram.org\/2015\/06\/imagen-7-sierra-del-divisor\/\">Imagen #7<\/a> donde fueron documentadas las crecientes amenazas\u00a0(coca, tala ilegal, y miner\u00eda ilegal) que viene afrontando la Zona Reservada <strong>Sierra del Divisor.<\/strong>\u00a0Recientemente se han detectado <strong>nuevas \u00e1reas deforestadas durante el mes de junio\u00a0al interior del \u00e1rea protegida<\/strong> que pudieron ser visualizadas con una imagen de sat\u00e9lite de muy alta resoluci\u00f3n (0.38 metros). En esta nueva\u00a0<strong>Imagen #8<\/strong>, mostramos mapas de esta deforestaci\u00f3n.\u00a0Seg\u00fan consulta a expertos, la <strong>causa de esta deforestaci\u00f3n podr\u00eda atribuirse\u00a0a la apertura de \u00e1reas para coca o chacras de madereros ilegales<\/strong>.<\/h4>\n<div id=\"attachment_2689\" class=\"thumbnail aligncenter\"><a href=\"https:\/\/www.maapprogram.org\/wp-content\/uploads\/2015\/06\/Sierra_divisor_MAAP_8d_v3p.jpg\"><img decoding=\"async\" class=\" wp-image-2689\" src=\"https:\/\/www.maapprogram.org\/wp-content\/uploads\/2015\/06\/Sierra_divisor_MAAP_8d_v3p-1500x760.jpg\" alt=\"Sierra_divisor_MAAP_8d_v3p\" width=\"1287\" height=\"653\" \/><\/a><div class=\"caption\">Imagen 8a. Mosaico de im\u00e1genes de muy alta resoluci\u00f3n (0.38 metros) tomados el 23 de junio de 2015 sobre la parte sureste de la Zona Reservada Sierra del Divisor. Datos: WorldView-3 de Digital Globe (NextView).<\/div><\/div>\n<h3><strong>Nueva Deforestaci\u00f3n Detectada<\/strong><\/h3>\n<p>La Imagen 8a muestra la nueva deforestaci\u00f3n detectada al interior de la parte sureste de la Zona Reservada Sierra del Divisor. <strong>La\u00a0deforestaci\u00f3n detectada hasta la fecha de la imagen (<\/strong><strong>23 de junio de 2015) es de 13 hect\u00e1reas<\/strong>. Estas \u00e1reas deforestadas se encuentran entre el cerro La C\u00fapula y cerro Shesha.<\/p>\n<p>En la\u00a0<a href=\"https:\/\/www.maapprogram.org\/2015\/06\/imagen-7-sierra-del-divisor\/\">Imagen de la Semana #7<\/a>\u00a0mostramos que hay una serie de campamentos madereros en el interior del \u00e1rea protegida, cerca al l\u00edmite con las concesiones forestales. Esta nueva deforestaci\u00f3n se encuentra mucho m\u00e1s al norte de este sector del \u00e1rea protegida.\u00a0Seg\u00fan consulta a expertos, la <strong>causa de esta deforestaci\u00f3n\u00a0se deber\u00eda a la apertura de \u00e1reas para coca o chacras de madereros<\/strong>.<\/p>\n<div class=\"fitem-sep\"><\/div>\n<h3><strong>Mapa de Base Actualizado<\/strong><\/h3>\n<div id=\"attachment_2712\" class=\"thumbnail alignleft\"><a href=\"https:\/\/www.maapprogram.org\/wp-content\/uploads\/2015\/06\/Sierra_divisor_MAAP_8b_Zoom3_v4.jpg\"><img decoding=\"async\" class=\"wp-image-2712\" src=\"https:\/\/www.maapprogram.org\/wp-content\/uploads\/2015\/06\/Sierra_divisor_MAAP_8b_Zoom3_v4.jpg\" alt=\"Sierra_divisor_MAAP_8b_Zoom3_v4\" width=\"663\" height=\"858\" \/><\/a><div class=\"caption\">Imagen 8b. Mapa de base actualizado de la secci\u00f3n sureste de la Zona Reservada Sierra del Divisor. Datos: MINAM, SERNANP, USGS, IBC, Hansen\/UMD\/Google\/USGS\/NASA.<\/div><\/div>\n<p>&nbsp;<\/p>\n<p>La Imagen 8b es un mapa de base actualizado de la deforestaci\u00f3n en la secci\u00f3n sureste de la Zona Reservada Sierra del Divisor.<\/p>\n<p>Se puede visualizar que la <strong>nueva deforestaci\u00f3n de 2015 <\/strong>(ver la\u00a0l\u00ednea discontinua blanca)<strong> se extiende m\u00e1s al interior de la reserva<\/strong> que la deforestaci\u00f3n previa.<\/p>\n<div class=\"fitem-sep\"><\/div>\n<h3><strong>Una Deforestaci\u00f3n Reciente <\/strong><\/h3>\n<div id=\"attachment_2660\" class=\"thumbnail aligncenter\"><a href=\"https:\/\/www.maapprogram.org\/wp-content\/uploads\/2015\/06\/Sierra_divisor_MAAP_8c_v1p.jpg\"><img decoding=\"async\" class=\"wp-image-2660 \" src=\"https:\/\/www.maapprogram.org\/wp-content\/uploads\/2015\/06\/Sierra_divisor_MAAP_8c_v1p-1500x1109.jpg\" alt=\"Sierra_divisor_MAAP_8c_v1p\" width=\"740\" height=\"547\" \/><\/a><div class=\"caption\"><em><strong>Imagen 8c. Serie temporal (2014-2015) de im\u00e1genes de sat\u00e9lite (Landsat 8) de la deforestaci\u00f3n reciente. Datos: USGS.<\/strong><\/em><\/div><\/div>\n<p>Para poder entender mejor las din\u00e1micas de la deforestaci\u00f3n conforme avanza el tiempo, creamos una serie temporal de im\u00e1genes de sat\u00e9lite (Landsat 8). N\u00f3tese en la Imagen 8c que los cuatro paneles muestran el mismo lugar conforme avanza el tiempo. Se puede apreciar que en agosto de 2014 no hab\u00eda deforestaci\u00f3n. El <strong>primer indicio de desbosque aparece en mayo de 2015, con una mayor expansi\u00f3n durante el mes de junio<\/strong>.<\/p>\n<div class=\"fitem-sep\"><\/div>\n<h3><strong>La Deforestaci\u00f3n se encuentra al interior de la<\/strong> <strong>Reserva Territorial Isconahua<\/strong><\/h3>\n<div id=\"attachment_2713\" class=\"thumbnail alignleft\"><a href=\"https:\/\/www.maapprogram.org\/wp-content\/uploads\/2015\/06\/Sierra_divisor_MAAP_8e_v2.jpg\"><img decoding=\"async\" class=\"wp-image-2713 \" src=\"https:\/\/www.maapprogram.org\/wp-content\/uploads\/2015\/06\/Sierra_divisor_MAAP_8e_v2.jpg\" alt=\"Sierra_divisor_MAAP_8e_v2\" width=\"656\" height=\"849\" \/><\/a><div class=\"caption\">Imagen 8d. Reserva Territorial Isconahua. Datos: MINAM, SERNANP, USGS, IBC, Hansen\/UMD\/Google\/USGS\/NASA.<\/div><\/div>\n<p>&nbsp;<\/p>\n<p>En la Imagen 8d puede notarse que esta zona sureste\u00a0se superpone con la\u00a0<strong>Reserva Territorial Isconahua<\/strong>\u00a0administrada por el Ministerio de Cultura.<\/p>\n<p>Las Reservas Territoriales son tierras delimitadas por el Estado peruano\u00a0a favor de los pueblos ind\u00edgenas en situaci\u00f3n de aislamiento para proteger\u00a0sus derechos, su territorio, y las condiciones medioambientales que aseguren su existencia e\u00a0integridad como pueblos.<\/p>\n<div class=\"fitem-sep\"><\/div>\n<h3><strong>Declaraci\u00f3n del SERNANP<\/strong><\/h3>\n<p>En respuesta a este art\u00edculo, el SERNANP (Servicio Nacional de \u00c1reas Naturales Protegidas por el Estado) emiti\u00f3 esta declaraci\u00f3n:<\/p>\n<p>\u201cLa Zona Reservada Sierra del Divisor es un espacio de car\u00e1cter transitorio a cargo del Servicio Nacional de \u00c1reas Naturales Protegidas por el Estado (SERNANP).<\/p>\n<p>En los \u00faltimos a\u00f1os la ZRSD ha realizado grandes esfuerzos en su lucha contra la tala ilegal y otras actividades que la amenazan. Sin embargo, hay que precisar que la Imagen de la Semana #8: Nueva Deforestaci\u00f3n al Interior de la ZRSD corresponde al \u00e1mbito de traslape (superposici\u00f3n) con la Reserva Territorial Isconahua, donde tambi\u00e9n interviene el Ministerio de Cultura, la cual el SERNANP trabaja de manera conjunta con dicho sector.<\/p>\n<p>En el marco de nuestras acciones, el SERNANP viene programando un sobrevuelo en la zona para verificar la informaci\u00f3n sobre la nueva alerta de deforestaci\u00f3n en la ZRSD, y continuar con el patrullaje especial del personal guardaparque que viene realizando desde la semana pasada, pese a las condiciones clim\u00e1ticas del lugar\u00bb.<\/p>\n<div><\/div>\n<div class=\"fitem-sep\"><\/div>\n<h3><strong>Cita<\/strong><\/h3>\n<p>Finer M, Novoa S, Pe\u00f1a N\u00a0(2015) Nueva Deforestaci\u00f3n al Interior de la Zona Reservada Sierra del Divisor.\u00a0MAAP: Imagen #8. Link:\u00a0https:\/\/www.maapprogram.org\/2015\/06\/imagen-8-sierradivisor<\/p>\n","protected":false},"excerpt":{"rendered":"<p>Recordando la\u00a0Imagen #7 donde fueron documentadas las crecientes amenazas\u00a0(coca, tala ilegal, y miner\u00eda ilegal) que viene afrontando la Zona Reservada Sierra del Divisor.\u00a0Recientemente se han detectado nuevas \u00e1reas deforestadas durante el mes de junio\u00a0al interior del \u00e1rea protegida que pudieron ser visualizadas con una imagen de sat\u00e9lite de muy alta resoluci\u00f3n (0.38 metros). En esta [&hellip;]<\/p>\n","protected":false},"author":1,"featured_media":0,"comment_status":"open","ping_status":"open","sticky":false,"template":"","format":"standard","meta":{"_acf_changed":false,"footnotes":""},"categories":[2],"tags":[52],"ftr_agriculture":[359],"carbon-and-climate-change":[],"ftr_country":[483],"fire":[],"infrastructure-threat":[],"land-use":[432],"mining-and-logging-threat":[435],"natural-forest-loss":[],"special-analysis":[],"class_list":["post-21243","post","type-post","status-publish","format-standard","hentry","category-sin-categorizar","tag-imagen-de-la-semana-8","ftr_agriculture-coca-es","ftr_country-peru-2","land-use-territorios-indigenas","mining-and-logging-threat-tala"],"acf":[],"yoast_head":"<!-- This site is optimized with the Yoast SEO plugin v27.3 - https:\/\/yoast.com\/product\/yoast-seo-wordpress\/ -->\n<title>Imagen #8: Nueva Deforestaci\u00f3n (en Junio) al Interior de la Zona Reservada Sierra del Divisor - MAAP<\/title>\n<meta name=\"robots\" content=\"index, follow, max-snippet:-1, max-image-preview:large, max-video-preview:-1\" \/>\n<link rel=\"canonical\" href=\"https:\/\/www.maapprogram.org\/es\/imagen-8-sierradivisor\/\" \/>\n<meta property=\"og:locale\" content=\"es_ES\" \/>\n<meta property=\"og:type\" content=\"article\" \/>\n<meta property=\"og:title\" content=\"Imagen #8: Nueva Deforestaci\u00f3n (en Junio) al Interior de la Zona Reservada Sierra del Divisor - MAAP\" \/>\n<meta property=\"og:description\" content=\"Recordando la\u00a0Imagen #7 donde fueron documentadas las crecientes amenazas\u00a0(coca, tala ilegal, y miner\u00eda ilegal) que viene afrontando la Zona Reservada Sierra del Divisor.\u00a0Recientemente se han detectado nuevas \u00e1reas deforestadas durante el mes de junio\u00a0al interior del \u00e1rea protegida que pudieron ser visualizadas con una imagen de sat\u00e9lite de muy alta resoluci\u00f3n (0.38 metros). En esta [&hellip;]\" \/>\n<meta property=\"og:url\" content=\"https:\/\/www.maapprogram.org\/es\/imagen-8-sierradivisor\/\" \/>\n<meta property=\"og:site_name\" content=\"MAAP\" \/>\n<meta property=\"article:published_time\" content=\"2015-06-30T00:55:00+00:00\" \/>\n<meta property=\"article:modified_time\" content=\"2024-09-24T20:34:34+00:00\" \/>\n<meta property=\"og:image\" content=\"https:\/\/www.maapprogram.org\/wp-content\/uploads\/2015\/06\/Sierra_divisor_MAAP_8d_v3p-1500x760.jpg\" \/>\n<meta name=\"author\" content=\"dcadmin\" \/>\n<meta name=\"twitter:card\" content=\"summary_large_image\" \/>\n<meta name=\"twitter:label1\" content=\"Escrito por\" \/>\n\t<meta name=\"twitter:data1\" content=\"dcadmin\" \/>\n\t<meta name=\"twitter:label2\" content=\"Tiempo de lectura\" \/>\n\t<meta name=\"twitter:data2\" content=\"5 minutos\" \/>\n<script type=\"application\/ld+json\" class=\"yoast-schema-graph\">{\"@context\":\"https:\\\/\\\/schema.org\",\"@graph\":[{\"@type\":\"Article\",\"@id\":\"https:\\\/\\\/www.maapprogram.org\\\/es\\\/imagen-8-sierradivisor\\\/#article\",\"isPartOf\":{\"@id\":\"https:\\\/\\\/www.maapprogram.org\\\/es\\\/imagen-8-sierradivisor\\\/\"},\"author\":{\"name\":\"dcadmin\",\"@id\":\"https:\\\/\\\/www.maapprogram.org\\\/es\\\/#\\\/schema\\\/person\\\/433e90c8debccfe16357e05627bbd443\"},\"headline\":\"Imagen #8: Nueva Deforestaci\u00f3n (en Junio) al Interior de la Zona Reservada Sierra del Divisor\",\"datePublished\":\"2015-06-30T00:55:00+00:00\",\"dateModified\":\"2024-09-24T20:34:34+00:00\",\"mainEntityOfPage\":{\"@id\":\"https:\\\/\\\/www.maapprogram.org\\\/es\\\/imagen-8-sierradivisor\\\/\"},\"wordCount\":787,\"commentCount\":0,\"image\":{\"@id\":\"https:\\\/\\\/www.maapprogram.org\\\/es\\\/imagen-8-sierradivisor\\\/#primaryimage\"},\"thumbnailUrl\":\"https:\\\/\\\/www.maapprogram.org\\\/wp-content\\\/uploads\\\/2015\\\/06\\\/Sierra_divisor_MAAP_8d_v3p-1500x760.jpg\",\"keywords\":[\"Imagen de la Semana #8\"],\"articleSection\":[\"Sin categorizar\"],\"inLanguage\":\"es\",\"potentialAction\":[{\"@type\":\"CommentAction\",\"name\":\"Comment\",\"target\":[\"https:\\\/\\\/www.maapprogram.org\\\/es\\\/imagen-8-sierradivisor\\\/#respond\"]}]},{\"@type\":\"WebPage\",\"@id\":\"https:\\\/\\\/www.maapprogram.org\\\/es\\\/imagen-8-sierradivisor\\\/\",\"url\":\"https:\\\/\\\/www.maapprogram.org\\\/es\\\/imagen-8-sierradivisor\\\/\",\"name\":\"Imagen #8: Nueva Deforestaci\u00f3n (en Junio) al Interior de la Zona Reservada Sierra del Divisor - MAAP\",\"isPartOf\":{\"@id\":\"https:\\\/\\\/www.maapprogram.org\\\/es\\\/#website\"},\"primaryImageOfPage\":{\"@id\":\"https:\\\/\\\/www.maapprogram.org\\\/es\\\/imagen-8-sierradivisor\\\/#primaryimage\"},\"image\":{\"@id\":\"https:\\\/\\\/www.maapprogram.org\\\/es\\\/imagen-8-sierradivisor\\\/#primaryimage\"},\"thumbnailUrl\":\"https:\\\/\\\/www.maapprogram.org\\\/wp-content\\\/uploads\\\/2015\\\/06\\\/Sierra_divisor_MAAP_8d_v3p-1500x760.jpg\",\"datePublished\":\"2015-06-30T00:55:00+00:00\",\"dateModified\":\"2024-09-24T20:34:34+00:00\",\"author\":{\"@id\":\"https:\\\/\\\/www.maapprogram.org\\\/es\\\/#\\\/schema\\\/person\\\/433e90c8debccfe16357e05627bbd443\"},\"breadcrumb\":{\"@id\":\"https:\\\/\\\/www.maapprogram.org\\\/es\\\/imagen-8-sierradivisor\\\/#breadcrumb\"},\"inLanguage\":\"es\",\"potentialAction\":[{\"@type\":\"ReadAction\",\"target\":[\"https:\\\/\\\/www.maapprogram.org\\\/es\\\/imagen-8-sierradivisor\\\/\"]}]},{\"@type\":\"ImageObject\",\"inLanguage\":\"es\",\"@id\":\"https:\\\/\\\/www.maapprogram.org\\\/es\\\/imagen-8-sierradivisor\\\/#primaryimage\",\"url\":\"https:\\\/\\\/www.maapprogram.org\\\/wp-content\\\/uploads\\\/2015\\\/06\\\/Sierra_divisor_MAAP_8d_v3p-1500x760.jpg\",\"contentUrl\":\"https:\\\/\\\/www.maapprogram.org\\\/wp-content\\\/uploads\\\/2015\\\/06\\\/Sierra_divisor_MAAP_8d_v3p-1500x760.jpg\"},{\"@type\":\"BreadcrumbList\",\"@id\":\"https:\\\/\\\/www.maapprogram.org\\\/es\\\/imagen-8-sierradivisor\\\/#breadcrumb\",\"itemListElement\":[{\"@type\":\"ListItem\",\"position\":1,\"name\":\"Home\",\"item\":\"https:\\\/\\\/www.maapprogram.org\\\/es\\\/\"},{\"@type\":\"ListItem\",\"position\":2,\"name\":\"Imagen #8: Nueva Deforestaci\u00f3n (en Junio) al Interior de la Zona Reservada Sierra del Divisor\"}]},{\"@type\":\"WebSite\",\"@id\":\"https:\\\/\\\/www.maapprogram.org\\\/es\\\/#website\",\"url\":\"https:\\\/\\\/www.maapprogram.org\\\/es\\\/\",\"name\":\"MAAP\",\"description\":\"\",\"potentialAction\":[{\"@type\":\"SearchAction\",\"target\":{\"@type\":\"EntryPoint\",\"urlTemplate\":\"https:\\\/\\\/www.maapprogram.org\\\/es\\\/?s={search_term_string}\"},\"query-input\":{\"@type\":\"PropertyValueSpecification\",\"valueRequired\":true,\"valueName\":\"search_term_string\"}}],\"inLanguage\":\"es\"},{\"@type\":\"Person\",\"@id\":\"https:\\\/\\\/www.maapprogram.org\\\/es\\\/#\\\/schema\\\/person\\\/433e90c8debccfe16357e05627bbd443\",\"name\":\"dcadmin\",\"image\":{\"@type\":\"ImageObject\",\"inLanguage\":\"es\",\"@id\":\"https:\\\/\\\/secure.gravatar.com\\\/avatar\\\/83c0f4e5f994ae4e4b9ae78b382f373b07a15509b31a24d7d748f76e9925b825?s=96&d=mm&r=g\",\"url\":\"https:\\\/\\\/secure.gravatar.com\\\/avatar\\\/83c0f4e5f994ae4e4b9ae78b382f373b07a15509b31a24d7d748f76e9925b825?s=96&d=mm&r=g\",\"contentUrl\":\"https:\\\/\\\/secure.gravatar.com\\\/avatar\\\/83c0f4e5f994ae4e4b9ae78b382f373b07a15509b31a24d7d748f76e9925b825?s=96&d=mm&r=g\",\"caption\":\"dcadmin\"},\"sameAs\":[\"http:\\\/\\\/www.maapprogram.org\"],\"url\":\"https:\\\/\\\/www.maapprogram.org\\\/es\\\/author\\\/dcadmin\\\/\"}]}<\/script>\n<!-- \/ Yoast SEO plugin. -->","yoast_head_json":{"title":"Imagen #8: Nueva Deforestaci\u00f3n (en Junio) al Interior de la Zona Reservada Sierra del Divisor - MAAP","robots":{"index":"index","follow":"follow","max-snippet":"max-snippet:-1","max-image-preview":"max-image-preview:large","max-video-preview":"max-video-preview:-1"},"canonical":"https:\/\/www.maapprogram.org\/es\/imagen-8-sierradivisor\/","og_locale":"es_ES","og_type":"article","og_title":"Imagen #8: Nueva Deforestaci\u00f3n (en Junio) al Interior de la Zona Reservada Sierra del Divisor - MAAP","og_description":"Recordando la\u00a0Imagen #7 donde fueron documentadas las crecientes amenazas\u00a0(coca, tala ilegal, y miner\u00eda ilegal) que viene afrontando la Zona Reservada Sierra del Divisor.\u00a0Recientemente se han detectado nuevas \u00e1reas deforestadas durante el mes de junio\u00a0al interior del \u00e1rea protegida que pudieron ser visualizadas con una imagen de sat\u00e9lite de muy alta resoluci\u00f3n (0.38 metros). En esta [&hellip;]","og_url":"https:\/\/www.maapprogram.org\/es\/imagen-8-sierradivisor\/","og_site_name":"MAAP","article_published_time":"2015-06-30T00:55:00+00:00","article_modified_time":"2024-09-24T20:34:34+00:00","og_image":[{"url":"https:\/\/www.maapprogram.org\/wp-content\/uploads\/2015\/06\/Sierra_divisor_MAAP_8d_v3p-1500x760.jpg","type":"","width":"","height":""}],"author":"dcadmin","twitter_card":"summary_large_image","twitter_misc":{"Escrito por":"dcadmin","Tiempo de lectura":"5 minutos"},"schema":{"@context":"https:\/\/schema.org","@graph":[{"@type":"Article","@id":"https:\/\/www.maapprogram.org\/es\/imagen-8-sierradivisor\/#article","isPartOf":{"@id":"https:\/\/www.maapprogram.org\/es\/imagen-8-sierradivisor\/"},"author":{"name":"dcadmin","@id":"https:\/\/www.maapprogram.org\/es\/#\/schema\/person\/433e90c8debccfe16357e05627bbd443"},"headline":"Imagen #8: Nueva Deforestaci\u00f3n (en Junio) al Interior de la Zona Reservada Sierra del Divisor","datePublished":"2015-06-30T00:55:00+00:00","dateModified":"2024-09-24T20:34:34+00:00","mainEntityOfPage":{"@id":"https:\/\/www.maapprogram.org\/es\/imagen-8-sierradivisor\/"},"wordCount":787,"commentCount":0,"image":{"@id":"https:\/\/www.maapprogram.org\/es\/imagen-8-sierradivisor\/#primaryimage"},"thumbnailUrl":"https:\/\/www.maapprogram.org\/wp-content\/uploads\/2015\/06\/Sierra_divisor_MAAP_8d_v3p-1500x760.jpg","keywords":["Imagen de la Semana #8"],"articleSection":["Sin categorizar"],"inLanguage":"es","potentialAction":[{"@type":"CommentAction","name":"Comment","target":["https:\/\/www.maapprogram.org\/es\/imagen-8-sierradivisor\/#respond"]}]},{"@type":"WebPage","@id":"https:\/\/www.maapprogram.org\/es\/imagen-8-sierradivisor\/","url":"https:\/\/www.maapprogram.org\/es\/imagen-8-sierradivisor\/","name":"Imagen #8: Nueva Deforestaci\u00f3n (en Junio) al Interior de la Zona Reservada Sierra del Divisor - MAAP","isPartOf":{"@id":"https:\/\/www.maapprogram.org\/es\/#website"},"primaryImageOfPage":{"@id":"https:\/\/www.maapprogram.org\/es\/imagen-8-sierradivisor\/#primaryimage"},"image":{"@id":"https:\/\/www.maapprogram.org\/es\/imagen-8-sierradivisor\/#primaryimage"},"thumbnailUrl":"https:\/\/www.maapprogram.org\/wp-content\/uploads\/2015\/06\/Sierra_divisor_MAAP_8d_v3p-1500x760.jpg","datePublished":"2015-06-30T00:55:00+00:00","dateModified":"2024-09-24T20:34:34+00:00","author":{"@id":"https:\/\/www.maapprogram.org\/es\/#\/schema\/person\/433e90c8debccfe16357e05627bbd443"},"breadcrumb":{"@id":"https:\/\/www.maapprogram.org\/es\/imagen-8-sierradivisor\/#breadcrumb"},"inLanguage":"es","potentialAction":[{"@type":"ReadAction","target":["https:\/\/www.maapprogram.org\/es\/imagen-8-sierradivisor\/"]}]},{"@type":"ImageObject","inLanguage":"es","@id":"https:\/\/www.maapprogram.org\/es\/imagen-8-sierradivisor\/#primaryimage","url":"https:\/\/www.maapprogram.org\/wp-content\/uploads\/2015\/06\/Sierra_divisor_MAAP_8d_v3p-1500x760.jpg","contentUrl":"https:\/\/www.maapprogram.org\/wp-content\/uploads\/2015\/06\/Sierra_divisor_MAAP_8d_v3p-1500x760.jpg"},{"@type":"BreadcrumbList","@id":"https:\/\/www.maapprogram.org\/es\/imagen-8-sierradivisor\/#breadcrumb","itemListElement":[{"@type":"ListItem","position":1,"name":"Home","item":"https:\/\/www.maapprogram.org\/es\/"},{"@type":"ListItem","position":2,"name":"Imagen #8: Nueva Deforestaci\u00f3n (en Junio) al Interior de la Zona Reservada Sierra del Divisor"}]},{"@type":"WebSite","@id":"https:\/\/www.maapprogram.org\/es\/#website","url":"https:\/\/www.maapprogram.org\/es\/","name":"MAAP","description":"","potentialAction":[{"@type":"SearchAction","target":{"@type":"EntryPoint","urlTemplate":"https:\/\/www.maapprogram.org\/es\/?s={search_term_string}"},"query-input":{"@type":"PropertyValueSpecification","valueRequired":true,"valueName":"search_term_string"}}],"inLanguage":"es"},{"@type":"Person","@id":"https:\/\/www.maapprogram.org\/es\/#\/schema\/person\/433e90c8debccfe16357e05627bbd443","name":"dcadmin","image":{"@type":"ImageObject","inLanguage":"es","@id":"https:\/\/secure.gravatar.com\/avatar\/83c0f4e5f994ae4e4b9ae78b382f373b07a15509b31a24d7d748f76e9925b825?s=96&d=mm&r=g","url":"https:\/\/secure.gravatar.com\/avatar\/83c0f4e5f994ae4e4b9ae78b382f373b07a15509b31a24d7d748f76e9925b825?s=96&d=mm&r=g","contentUrl":"https:\/\/secure.gravatar.com\/avatar\/83c0f4e5f994ae4e4b9ae78b382f373b07a15509b31a24d7d748f76e9925b825?s=96&d=mm&r=g","caption":"dcadmin"},"sameAs":["http:\/\/www.maapprogram.org"],"url":"https:\/\/www.maapprogram.org\/es\/author\/dcadmin\/"}]}},"_links":{"self":[{"href":"https:\/\/www.maapprogram.org\/es\/wp-json\/wp\/v2\/posts\/21243","targetHints":{"allow":["GET"]}}],"collection":[{"href":"https:\/\/www.maapprogram.org\/es\/wp-json\/wp\/v2\/posts"}],"about":[{"href":"https:\/\/www.maapprogram.org\/es\/wp-json\/wp\/v2\/types\/post"}],"author":[{"embeddable":true,"href":"https:\/\/www.maapprogram.org\/es\/wp-json\/wp\/v2\/users\/1"}],"replies":[{"embeddable":true,"href":"https:\/\/www.maapprogram.org\/es\/wp-json\/wp\/v2\/comments?post=21243"}],"version-history":[{"count":1,"href":"https:\/\/www.maapprogram.org\/es\/wp-json\/wp\/v2\/posts\/21243\/revisions"}],"predecessor-version":[{"id":23013,"href":"https:\/\/www.maapprogram.org\/es\/wp-json\/wp\/v2\/posts\/21243\/revisions\/23013"}],"wp:attachment":[{"href":"https:\/\/www.maapprogram.org\/es\/wp-json\/wp\/v2\/media?parent=21243"}],"wp:term":[{"taxonomy":"category","embeddable":true,"href":"https:\/\/www.maapprogram.org\/es\/wp-json\/wp\/v2\/categories?post=21243"},{"taxonomy":"post_tag","embeddable":true,"href":"https:\/\/www.maapprogram.org\/es\/wp-json\/wp\/v2\/tags?post=21243"},{"taxonomy":"ftr_agriculture","embeddable":true,"href":"https:\/\/www.maapprogram.org\/es\/wp-json\/wp\/v2\/ftr_agriculture?post=21243"},{"taxonomy":"carbon-and-climate-change","embeddable":true,"href":"https:\/\/www.maapprogram.org\/es\/wp-json\/wp\/v2\/carbon-and-climate-change?post=21243"},{"taxonomy":"ftr_country","embeddable":true,"href":"https:\/\/www.maapprogram.org\/es\/wp-json\/wp\/v2\/ftr_country?post=21243"},{"taxonomy":"fire","embeddable":true,"href":"https:\/\/www.maapprogram.org\/es\/wp-json\/wp\/v2\/fire?post=21243"},{"taxonomy":"infrastructure-threat","embeddable":true,"href":"https:\/\/www.maapprogram.org\/es\/wp-json\/wp\/v2\/infrastructure-threat?post=21243"},{"taxonomy":"land-use","embeddable":true,"href":"https:\/\/www.maapprogram.org\/es\/wp-json\/wp\/v2\/land-use?post=21243"},{"taxonomy":"mining-and-logging-threat","embeddable":true,"href":"https:\/\/www.maapprogram.org\/es\/wp-json\/wp\/v2\/mining-and-logging-threat?post=21243"},{"taxonomy":"natural-forest-loss","embeddable":true,"href":"https:\/\/www.maapprogram.org\/es\/wp-json\/wp\/v2\/natural-forest-loss?post=21243"},{"taxonomy":"special-analysis","embeddable":true,"href":"https:\/\/www.maapprogram.org\/es\/wp-json\/wp\/v2\/special-analysis?post=21243"}],"curies":[{"name":"wp","href":"https:\/\/api.w.org\/{rel}","templated":true}]}}