{"id":21245,"date":"2016-01-13T03:19:00","date_gmt":"2016-01-13T03:19:00","guid":{"rendered":"https:\/\/www.maapprogram.org\/las_piedras\/"},"modified":"2024-09-24T20:37:02","modified_gmt":"2024-09-24T20:37:02","slug":"las_piedras","status":"publish","type":"post","link":"https:\/\/www.maapprogram.org\/es\/las_piedras\/","title":{"rendered":"MAAP #23: La Deforestaci\u00f3n Aumenta en el R\u00edo Las Piedras (Madre de Dios, Per\u00fa)"},"content":{"rendered":"<p><span class=\"hps\">El <strong>r\u00edo<\/strong><\/span><strong> <span class=\"hps\">Las Piedras<\/span><\/strong><span class=\"hps\">,\u00a0<\/span><span class=\"hps\">uno de los principales afluentes del r\u00edo Madre de Dios en el\u00a0sureste de la Amazon\u00eda\u00a0peruana,\u00a0<\/span><span class=\"hps\">es cada vez m\u00e1s<\/span> <span class=\"hps\">reconocido por su<\/span> <span class=\"hps\">excepcional<\/span>\u00a0fauna<span class=\"hps\"> silvestre<\/span> <span class=\"hps\">(por<\/span> <span class=\"hps\">ejemplo, v\u00e9ase<\/span>\u00a0<span class=\"hps\">este <a href=\"https:\/\/www.youtube.com\/watch?v=Eflt7otpeoQ\" target=\"_blank\" rel=\"noopener\">v\u00eddeo<\/a><\/span><a href=\"https:\/\/www.youtube.com\/watch?v=Eflt7otpeoQ\" target=\"_blank\" rel=\"noopener\"> d<span class=\"hps\">el naturalista<\/span> <span class=\"hps\">y explorador<\/span> <span class=\"hps\">Paul<\/span> <span class=\"hps\">Rosolie<\/span><\/a>\u00a0y este<a href=\"https:\/\/vimeo.com\/126938814\" target=\"_blank\" rel=\"noopener\"> tr\u00e1iler\u00a0de la pr\u00f3xima pel\u00edcula Uncharted Amazon<\/a>),\u00a0y tambi\u00e9n por la presencia de\u00a0pueblos ind\u00edgenas en aislamiento voluntario.\u00a0Como se puede ver en la\u00a0<strong>Imagen\u00a023a<\/strong>,\u00a0sus cabeceras\u00a0nacen\u00a0en el Parque\u00a0Nacional Alto\u00a0Purus y Reserva Territorial Madre de Dios, mientras que\u00a0la secci\u00f3n baja\u00a0atraviesa diferentes\u00a0tipos de\u00a0concesiones\u00a0forestales (maderables, casta\u00f1a,\u00a0ecoturismo,\u00a0y\u00a0reforestaci\u00f3n).<\/p>\n<p><span class=\"hps\">En el presente<\/span> <strong><span class=\"hps\">MAAP<\/span> <span class=\"hps\">#23<\/span><\/strong>, se documenta el <strong>aumento de la\u00a0<span class=\"hps\">deforestaci\u00f3n por cacao<\/span>\u00a0en la cuenca baja del r\u00edo\u00a0Las Piedras<\/strong>,\u00a0en la zona\u00a0que rodea a la\u00a0comunidad campesina de\u00a0Lucerna\u00a0(v\u00e9ase el cuadro\u00a0rojo en la\u00a0Imagen\u00a023a\u00a0para\u00a0contexto).<\/p>\n<div id=\"attachment_4201\" class=\"thumbnail aligncenter\"><img decoding=\"async\" class=\"wp-image-4201\" src=\"https:\/\/www.maapprogram.org\/wp-content\/uploads\/2015\/12\/MapUb_V4-1-1500x1061.jpg\" alt=\"Imagen Xa. El R\u00edo Las Piedras y designaciones de uso de los recursos. Datos: MINAGRI, IBC, SERNANP.\" width=\"884\" height=\"626\" \/><div class=\"caption\">Imagen 23a. El r\u00edo Las Piedras y derechos circundantes. Datos: MINAGRI, IBC, SERNANP.<\/div><\/div>\n<div class=\"fitem-sep\"><\/div>\n<h3><strong>An\u00e1lisis de Deforestaci\u00f3n<\/strong><\/h3>\n<div id=\"attachment_4199\" class=\"thumbnail aligncenter\"><img decoding=\"async\" class=\"wp-image-4199\" src=\"https:\/\/www.maapprogram.org\/wp-content\/uploads\/2015\/12\/Lucerna_V6-1500x1061.jpg\" alt=\"Imagen Xb. An\u00e1lisis de deforestacion en la cuenca baja del ri\u00f3 Las Piedras. Datos: MINAGRI, PNCB\/MINAM, Hansen\/UMD\/Google\/USGS\/NASA.\" width=\"914\" height=\"647\" \/><div class=\"caption\">Imagen 23b. An\u00e1lisis de deforestaci\u00f3n en el bajo r\u00edo Las Piedras. Datos: MINAGRI, CLASlite, PNCB\/MINAM, Hansen\/UMD\/Google\/USGS\/NASA.<\/div><\/div>\n<p>La <strong>Imagen\u00a023b\u00a0<\/strong>muestra\u00a0un an\u00e1lisis de\u00a0deforestaci\u00f3n\u00a0a lo largo la cuenca baja del\u00a0r\u00edo\u00a0Las\u00a0Piedras, espec\u00edficamente\u00a0alrededor\u00a0la\u00a0comunidad de\u00a0Lucerna\u00a0<span class=\"hps atn\">(<\/span>v\u00e9ase el <span class=\"hps\">cuadro rojo<\/span> <span class=\"hps\">en la<\/span> I<span class=\"hps\">magen<\/span> 23<span class=\"hps\">a<\/span>\u00a0para el\u00a0<span class=\"hps\">contexto)<\/span>. Se document\u00f3\u00a0<span class=\"hps\">un incremento significativo de<\/span> <span class=\"hps\">la deforestaci\u00f3n<\/span> <span class=\"hps\">a partir del a\u00f1o\u00a02012.<\/span> <span class=\"hps\">Entre los <\/span><span class=\"hps\">a\u00f1os <\/span><span class=\"hps\">2000<\/span> <span class=\"hps\">y 2011<\/span>, solamente se detect\u00f3 la p\u00e9rdida de\u00a088\u00a0hect\u00e1reas de bosque<span class=\"hps atn\">\u00a0(equivalente a 120\u00a0campos de f\u00fatbol<\/span><span class=\"hps\">).<\/span>\u00a0Mientras que\u00a0<span class=\"hps\">en los \u00faltimos 4<\/span> <span class=\"hps\">a\u00f1os<\/span> <strong><span class=\"hps\">entre<\/span> <span class=\"hps\">2012<\/span> <span class=\"hps\">y 2015<\/span>, se\u00a0estim\u00f3\u00a0\u00a0<span class=\"hps\">la deforestaci\u00f3n de<\/span> <span class=\"hps\">472<\/span> <span class=\"hps atn\">hect\u00e1reas <\/span><\/strong><span class=\"hps atn\">(<\/span><span class=\"hps atn\">equivalente a<\/span><strong><span class=\"hps atn\">\u00a0647\u00a0campos de f\u00fatbol<\/span><\/strong><span class=\"hps\">).<\/span><strong>\u00a0<\/strong>Siendo el <span class=\"hps\">2015\u00a0el\u00a0a\u00f1o\u00a0<\/span><span class=\"hps\" style=\"line-height: 1.5;\">de mayor deforestaci\u00f3n,<\/span><span style=\"line-height: 1.5;\">\u00a0<\/span><span class=\"hps\" style=\"line-height: 1.5;\">con 155<\/span> <span class=\"hps atn\" style=\"line-height: 1.5;\">hect\u00e1reas (equivalente a 212\u00a0campos de f\u00fatbol<\/span><span class=\"hps\" style=\"line-height: 1.5;\">).<\/span><\/p>\n<p><span class=\"hps\">N\u00f3tese que<\/span>\u00a0la\u00a0<span class=\"hps\">Concesi\u00f3n de<\/span> Ecoturismo\u00a0<strong><a href=\"http:\/\/conservetheamazon.org\/las-piedras-amazon-center\"><span class=\"hps\">Las<\/span> <span class=\"hps\">Piedras<\/span> <span class=\"hps\">Amazon<\/span> Centre <span class=\"hps atn\">(<\/span>LPAC)<\/a><\/strong> <span class=\"hps\">representa<\/span> <span class=\"hps\">una barrera eficaz contra<\/span> <span class=\"hps\">la deforestaci\u00f3n.<\/span>\u00a0La concesi\u00f3n de\u00a0<span class=\"hps\">LPAC (<\/span><span class=\"hps\">creado<\/span> <span class=\"hps\">en el 2007<\/span> <span class=\"hps\">y trasladado a<\/span> <span class=\"hps\">ARCAmazon<\/span>\u00a0en<span class=\"hps\">\u00a02015)\u00a0<\/span><span class=\"hps\" style=\"line-height: 1.5;\">es sede de un<\/span> <span class=\"hps\" style=\"line-height: 1.5;\">albergue tur\u00edstico<\/span> <span class=\"hps\" style=\"line-height: 1.5;\">y<\/span> <span class=\"hps\" style=\"line-height: 1.5;\">centro de investigaci\u00f3n<\/span><span style=\"line-height: 1.5;\">. Por otra parte<\/span><span style=\"line-height: 1.5;\">, otras\u00a0<\/span><span class=\"hps\" style=\"line-height: 1.5;\">dos\u00a0<\/span><span style=\"line-height: 1.5;\">concesiones <\/span><span class=\"hps\" style=\"line-height: 1.5;\">de ecoturismo<\/span>\u00a0ubicadas alrededor LPAC\u00a0<span class=\"hps\" style=\"line-height: 1.5;\">est\u00e1n experimentando<\/span><span style=\"line-height: 1.5;\">\u00a0una in<\/span><span class=\"hps\" style=\"line-height: 1.5;\">tensa<\/span> <span class=\"hps\" style=\"line-height: 1.5;\">deforestaci\u00f3n.<\/span><\/p>\n<div class=\"fitem-sep\"><\/div>\n<div id=\"attachment_4200\" class=\"thumbnail aligncenter\"><img decoding=\"async\" class=\"wp-image-4200\" src=\"https:\/\/www.maapprogram.org\/wp-content\/uploads\/2015\/12\/Lucerna_Lpac_V3-1500x1061.jpg\" alt=\"Imagen Xc. Una reciente imagen satelital muestra deforestaci\u00f3n a lo largo del bajo r\u00edo Las Piedras. Datos: USGS,MINAGRI.\" width=\"910\" height=\"644\" \/><div class=\"caption\">Imagen 23c. Una reciente imagen satelital muestra la deforestaci\u00f3n a lo largo de la cuenca baja del r\u00edo Las Piedras. Datos: USGS,MINAGRI.<\/div><\/div>\n<p><span class=\"hps\">La<strong> Imagen<\/strong><\/span><strong> 23<span class=\"hps\">c<\/span><\/strong> <span class=\"hps\">muestra una imagen satelital\u00a0<\/span><span class=\"hps\">muy reciente<\/span> <span class=\"hps\">(diciembre de<\/span> <span class=\"hps\">2015)<\/span> <span class=\"hps\">de la<\/span> <span class=\"hps\">deforestaci\u00f3n<\/span>\u00a0mostr<span class=\"hps\">ado en<\/span> <span class=\"hps\">la Imagen<\/span> 23<span class=\"hps\">b<\/span>.\u00a0Las \u00e1reas marrones-rojizas\u00a0indican\u00a0las \u00e1reas recientemente\u00a0deforestadas.\u00a0Seg\u00fan fuentes locales, se indica\u00a0que gran parte de\u00a0esta nueva\u00a0deforestaci\u00f3n\u00a0estar\u00eda asociada a\u00a0la\u00a0instalaci\u00f3n\u00a0de<strong>\u00a0plantaciones de cacao<\/strong><strong>.<\/strong><\/p>\n<div class=\"fitem-sep\"><\/div>\n<h3><strong>Cita<\/strong><\/h3>\n<p>Finer M, Pe\u00f1a N (2015) El Aumento de la Deforestaci\u00f3n a lo largo del menor R\u00edo Las Piedras (Madre de Dios, Per\u00fa). MAAP #23<\/p>\n<div class=\"fitem-sep\"><\/div>\n","protected":false},"excerpt":{"rendered":"<p>El r\u00edo Las Piedras,\u00a0uno de los principales afluentes del r\u00edo Madre de Dios en el\u00a0sureste de la Amazon\u00eda\u00a0peruana,\u00a0es cada vez m\u00e1s reconocido por su excepcional\u00a0fauna silvestre (por ejemplo, v\u00e9ase\u00a0este v\u00eddeo del naturalista y explorador Paul Rosolie\u00a0y este tr\u00e1iler\u00a0de la pr\u00f3xima pel\u00edcula Uncharted Amazon),\u00a0y tambi\u00e9n por la presencia de\u00a0pueblos ind\u00edgenas en aislamiento voluntario.\u00a0Como se puede ver [&hellip;]<\/p>\n","protected":false},"author":1,"featured_media":0,"comment_status":"open","ping_status":"open","sticky":false,"template":"","format":"standard","meta":{"_acf_changed":false,"footnotes":""},"categories":[347],"tags":[304],"ftr_agriculture":[355],"carbon-and-climate-change":[],"ftr_country":[483],"fire":[],"infrastructure-threat":[],"land-use":[],"mining-and-logging-threat":[],"natural-forest-loss":[],"special-analysis":[],"class_list":["post-21245","post","type-post","status-publish","format-standard","hentry","category-paisesperu","tag-imagen-23","ftr_agriculture-cacao-es","ftr_country-peru-2"],"acf":[],"yoast_head":"<!-- This site is optimized with the Yoast SEO plugin v27.3 - https:\/\/yoast.com\/product\/yoast-seo-wordpress\/ -->\n<title>MAAP #23: La Deforestaci\u00f3n Aumenta en el R\u00edo Las Piedras (Madre de Dios, Per\u00fa) - MAAP<\/title>\n<meta name=\"robots\" content=\"index, follow, max-snippet:-1, max-image-preview:large, max-video-preview:-1\" \/>\n<link rel=\"canonical\" href=\"https:\/\/www.maapprogram.org\/es\/las_piedras\/\" \/>\n<meta property=\"og:locale\" content=\"es_ES\" \/>\n<meta property=\"og:type\" content=\"article\" \/>\n<meta property=\"og:title\" content=\"MAAP #23: La Deforestaci\u00f3n Aumenta en el R\u00edo Las Piedras (Madre de Dios, Per\u00fa) - MAAP\" \/>\n<meta property=\"og:description\" content=\"El r\u00edo Las Piedras,\u00a0uno de los principales afluentes del r\u00edo Madre de Dios en el\u00a0sureste de la Amazon\u00eda\u00a0peruana,\u00a0es cada vez m\u00e1s reconocido por su excepcional\u00a0fauna silvestre (por ejemplo, v\u00e9ase\u00a0este v\u00eddeo del naturalista y explorador Paul Rosolie\u00a0y este tr\u00e1iler\u00a0de la pr\u00f3xima pel\u00edcula Uncharted Amazon),\u00a0y tambi\u00e9n por la presencia de\u00a0pueblos ind\u00edgenas en aislamiento voluntario.\u00a0Como se puede ver [&hellip;]\" \/>\n<meta property=\"og:url\" content=\"https:\/\/www.maapprogram.org\/es\/las_piedras\/\" \/>\n<meta property=\"og:site_name\" content=\"MAAP\" \/>\n<meta property=\"article:published_time\" content=\"2016-01-13T03:19:00+00:00\" \/>\n<meta property=\"article:modified_time\" content=\"2024-09-24T20:37:02+00:00\" \/>\n<meta property=\"og:image\" content=\"https:\/\/www.maapprogram.org\/wp-content\/uploads\/2015\/12\/MapUb_V4-1-1500x1061.jpg\" \/>\n<meta name=\"author\" content=\"dcadmin\" \/>\n<meta name=\"twitter:card\" content=\"summary_large_image\" \/>\n<meta name=\"twitter:label1\" content=\"Escrito por\" \/>\n\t<meta name=\"twitter:data1\" content=\"dcadmin\" \/>\n\t<meta name=\"twitter:label2\" content=\"Tiempo de lectura\" \/>\n\t<meta name=\"twitter:data2\" content=\"3 minutos\" \/>\n<script type=\"application\/ld+json\" class=\"yoast-schema-graph\">{\"@context\":\"https:\\\/\\\/schema.org\",\"@graph\":[{\"@type\":\"Article\",\"@id\":\"https:\\\/\\\/www.maapprogram.org\\\/es\\\/las_piedras\\\/#article\",\"isPartOf\":{\"@id\":\"https:\\\/\\\/www.maapprogram.org\\\/es\\\/las_piedras\\\/\"},\"author\":{\"name\":\"dcadmin\",\"@id\":\"https:\\\/\\\/www.maapprogram.org\\\/es\\\/#\\\/schema\\\/person\\\/433e90c8debccfe16357e05627bbd443\"},\"headline\":\"MAAP #23: La Deforestaci\u00f3n Aumenta en el R\u00edo Las Piedras (Madre de Dios, Per\u00fa)\",\"datePublished\":\"2016-01-13T03:19:00+00:00\",\"dateModified\":\"2024-09-24T20:37:02+00:00\",\"mainEntityOfPage\":{\"@id\":\"https:\\\/\\\/www.maapprogram.org\\\/es\\\/las_piedras\\\/\"},\"wordCount\":529,\"commentCount\":0,\"image\":{\"@id\":\"https:\\\/\\\/www.maapprogram.org\\\/es\\\/las_piedras\\\/#primaryimage\"},\"thumbnailUrl\":\"https:\\\/\\\/www.maapprogram.org\\\/wp-content\\\/uploads\\\/2015\\\/12\\\/MapUb_V4-1-1500x1061.jpg\",\"keywords\":[\"Imagen #23\"],\"articleSection\":[\"Paises&gt;Per\u00fa\"],\"inLanguage\":\"es\",\"potentialAction\":[{\"@type\":\"CommentAction\",\"name\":\"Comment\",\"target\":[\"https:\\\/\\\/www.maapprogram.org\\\/es\\\/las_piedras\\\/#respond\"]}]},{\"@type\":\"WebPage\",\"@id\":\"https:\\\/\\\/www.maapprogram.org\\\/es\\\/las_piedras\\\/\",\"url\":\"https:\\\/\\\/www.maapprogram.org\\\/es\\\/las_piedras\\\/\",\"name\":\"MAAP #23: La Deforestaci\u00f3n Aumenta en el R\u00edo Las Piedras (Madre de Dios, Per\u00fa) - MAAP\",\"isPartOf\":{\"@id\":\"https:\\\/\\\/www.maapprogram.org\\\/es\\\/#website\"},\"primaryImageOfPage\":{\"@id\":\"https:\\\/\\\/www.maapprogram.org\\\/es\\\/las_piedras\\\/#primaryimage\"},\"image\":{\"@id\":\"https:\\\/\\\/www.maapprogram.org\\\/es\\\/las_piedras\\\/#primaryimage\"},\"thumbnailUrl\":\"https:\\\/\\\/www.maapprogram.org\\\/wp-content\\\/uploads\\\/2015\\\/12\\\/MapUb_V4-1-1500x1061.jpg\",\"datePublished\":\"2016-01-13T03:19:00+00:00\",\"dateModified\":\"2024-09-24T20:37:02+00:00\",\"author\":{\"@id\":\"https:\\\/\\\/www.maapprogram.org\\\/es\\\/#\\\/schema\\\/person\\\/433e90c8debccfe16357e05627bbd443\"},\"breadcrumb\":{\"@id\":\"https:\\\/\\\/www.maapprogram.org\\\/es\\\/las_piedras\\\/#breadcrumb\"},\"inLanguage\":\"es\",\"potentialAction\":[{\"@type\":\"ReadAction\",\"target\":[\"https:\\\/\\\/www.maapprogram.org\\\/es\\\/las_piedras\\\/\"]}]},{\"@type\":\"ImageObject\",\"inLanguage\":\"es\",\"@id\":\"https:\\\/\\\/www.maapprogram.org\\\/es\\\/las_piedras\\\/#primaryimage\",\"url\":\"https:\\\/\\\/www.maapprogram.org\\\/wp-content\\\/uploads\\\/2015\\\/12\\\/MapUb_V4-1-1500x1061.jpg\",\"contentUrl\":\"https:\\\/\\\/www.maapprogram.org\\\/wp-content\\\/uploads\\\/2015\\\/12\\\/MapUb_V4-1-1500x1061.jpg\"},{\"@type\":\"BreadcrumbList\",\"@id\":\"https:\\\/\\\/www.maapprogram.org\\\/es\\\/las_piedras\\\/#breadcrumb\",\"itemListElement\":[{\"@type\":\"ListItem\",\"position\":1,\"name\":\"Home\",\"item\":\"https:\\\/\\\/www.maapprogram.org\\\/es\\\/\"},{\"@type\":\"ListItem\",\"position\":2,\"name\":\"MAAP #23: La Deforestaci\u00f3n Aumenta en el R\u00edo Las Piedras (Madre de Dios, Per\u00fa)\"}]},{\"@type\":\"WebSite\",\"@id\":\"https:\\\/\\\/www.maapprogram.org\\\/es\\\/#website\",\"url\":\"https:\\\/\\\/www.maapprogram.org\\\/es\\\/\",\"name\":\"MAAP\",\"description\":\"\",\"potentialAction\":[{\"@type\":\"SearchAction\",\"target\":{\"@type\":\"EntryPoint\",\"urlTemplate\":\"https:\\\/\\\/www.maapprogram.org\\\/es\\\/?s={search_term_string}\"},\"query-input\":{\"@type\":\"PropertyValueSpecification\",\"valueRequired\":true,\"valueName\":\"search_term_string\"}}],\"inLanguage\":\"es\"},{\"@type\":\"Person\",\"@id\":\"https:\\\/\\\/www.maapprogram.org\\\/es\\\/#\\\/schema\\\/person\\\/433e90c8debccfe16357e05627bbd443\",\"name\":\"dcadmin\",\"image\":{\"@type\":\"ImageObject\",\"inLanguage\":\"es\",\"@id\":\"https:\\\/\\\/secure.gravatar.com\\\/avatar\\\/83c0f4e5f994ae4e4b9ae78b382f373b07a15509b31a24d7d748f76e9925b825?s=96&d=mm&r=g\",\"url\":\"https:\\\/\\\/secure.gravatar.com\\\/avatar\\\/83c0f4e5f994ae4e4b9ae78b382f373b07a15509b31a24d7d748f76e9925b825?s=96&d=mm&r=g\",\"contentUrl\":\"https:\\\/\\\/secure.gravatar.com\\\/avatar\\\/83c0f4e5f994ae4e4b9ae78b382f373b07a15509b31a24d7d748f76e9925b825?s=96&d=mm&r=g\",\"caption\":\"dcadmin\"},\"sameAs\":[\"http:\\\/\\\/www.maapprogram.org\"],\"url\":\"https:\\\/\\\/www.maapprogram.org\\\/es\\\/author\\\/dcadmin\\\/\"}]}<\/script>\n<!-- \/ Yoast SEO plugin. -->","yoast_head_json":{"title":"MAAP #23: La Deforestaci\u00f3n Aumenta en el R\u00edo Las Piedras (Madre de Dios, Per\u00fa) - MAAP","robots":{"index":"index","follow":"follow","max-snippet":"max-snippet:-1","max-image-preview":"max-image-preview:large","max-video-preview":"max-video-preview:-1"},"canonical":"https:\/\/www.maapprogram.org\/es\/las_piedras\/","og_locale":"es_ES","og_type":"article","og_title":"MAAP #23: La Deforestaci\u00f3n Aumenta en el R\u00edo Las Piedras (Madre de Dios, Per\u00fa) - MAAP","og_description":"El r\u00edo Las Piedras,\u00a0uno de los principales afluentes del r\u00edo Madre de Dios en el\u00a0sureste de la Amazon\u00eda\u00a0peruana,\u00a0es cada vez m\u00e1s reconocido por su excepcional\u00a0fauna silvestre (por ejemplo, v\u00e9ase\u00a0este v\u00eddeo del naturalista y explorador Paul Rosolie\u00a0y este tr\u00e1iler\u00a0de la pr\u00f3xima pel\u00edcula Uncharted Amazon),\u00a0y tambi\u00e9n por la presencia de\u00a0pueblos ind\u00edgenas en aislamiento voluntario.\u00a0Como se puede ver [&hellip;]","og_url":"https:\/\/www.maapprogram.org\/es\/las_piedras\/","og_site_name":"MAAP","article_published_time":"2016-01-13T03:19:00+00:00","article_modified_time":"2024-09-24T20:37:02+00:00","og_image":[{"url":"https:\/\/www.maapprogram.org\/wp-content\/uploads\/2015\/12\/MapUb_V4-1-1500x1061.jpg","type":"","width":"","height":""}],"author":"dcadmin","twitter_card":"summary_large_image","twitter_misc":{"Escrito por":"dcadmin","Tiempo de lectura":"3 minutos"},"schema":{"@context":"https:\/\/schema.org","@graph":[{"@type":"Article","@id":"https:\/\/www.maapprogram.org\/es\/las_piedras\/#article","isPartOf":{"@id":"https:\/\/www.maapprogram.org\/es\/las_piedras\/"},"author":{"name":"dcadmin","@id":"https:\/\/www.maapprogram.org\/es\/#\/schema\/person\/433e90c8debccfe16357e05627bbd443"},"headline":"MAAP #23: La Deforestaci\u00f3n Aumenta en el R\u00edo Las Piedras (Madre de Dios, Per\u00fa)","datePublished":"2016-01-13T03:19:00+00:00","dateModified":"2024-09-24T20:37:02+00:00","mainEntityOfPage":{"@id":"https:\/\/www.maapprogram.org\/es\/las_piedras\/"},"wordCount":529,"commentCount":0,"image":{"@id":"https:\/\/www.maapprogram.org\/es\/las_piedras\/#primaryimage"},"thumbnailUrl":"https:\/\/www.maapprogram.org\/wp-content\/uploads\/2015\/12\/MapUb_V4-1-1500x1061.jpg","keywords":["Imagen #23"],"articleSection":["Paises&gt;Per\u00fa"],"inLanguage":"es","potentialAction":[{"@type":"CommentAction","name":"Comment","target":["https:\/\/www.maapprogram.org\/es\/las_piedras\/#respond"]}]},{"@type":"WebPage","@id":"https:\/\/www.maapprogram.org\/es\/las_piedras\/","url":"https:\/\/www.maapprogram.org\/es\/las_piedras\/","name":"MAAP #23: La Deforestaci\u00f3n Aumenta en el R\u00edo Las Piedras (Madre de Dios, Per\u00fa) - MAAP","isPartOf":{"@id":"https:\/\/www.maapprogram.org\/es\/#website"},"primaryImageOfPage":{"@id":"https:\/\/www.maapprogram.org\/es\/las_piedras\/#primaryimage"},"image":{"@id":"https:\/\/www.maapprogram.org\/es\/las_piedras\/#primaryimage"},"thumbnailUrl":"https:\/\/www.maapprogram.org\/wp-content\/uploads\/2015\/12\/MapUb_V4-1-1500x1061.jpg","datePublished":"2016-01-13T03:19:00+00:00","dateModified":"2024-09-24T20:37:02+00:00","author":{"@id":"https:\/\/www.maapprogram.org\/es\/#\/schema\/person\/433e90c8debccfe16357e05627bbd443"},"breadcrumb":{"@id":"https:\/\/www.maapprogram.org\/es\/las_piedras\/#breadcrumb"},"inLanguage":"es","potentialAction":[{"@type":"ReadAction","target":["https:\/\/www.maapprogram.org\/es\/las_piedras\/"]}]},{"@type":"ImageObject","inLanguage":"es","@id":"https:\/\/www.maapprogram.org\/es\/las_piedras\/#primaryimage","url":"https:\/\/www.maapprogram.org\/wp-content\/uploads\/2015\/12\/MapUb_V4-1-1500x1061.jpg","contentUrl":"https:\/\/www.maapprogram.org\/wp-content\/uploads\/2015\/12\/MapUb_V4-1-1500x1061.jpg"},{"@type":"BreadcrumbList","@id":"https:\/\/www.maapprogram.org\/es\/las_piedras\/#breadcrumb","itemListElement":[{"@type":"ListItem","position":1,"name":"Home","item":"https:\/\/www.maapprogram.org\/es\/"},{"@type":"ListItem","position":2,"name":"MAAP #23: La Deforestaci\u00f3n Aumenta en el R\u00edo Las Piedras (Madre de Dios, Per\u00fa)"}]},{"@type":"WebSite","@id":"https:\/\/www.maapprogram.org\/es\/#website","url":"https:\/\/www.maapprogram.org\/es\/","name":"MAAP","description":"","potentialAction":[{"@type":"SearchAction","target":{"@type":"EntryPoint","urlTemplate":"https:\/\/www.maapprogram.org\/es\/?s={search_term_string}"},"query-input":{"@type":"PropertyValueSpecification","valueRequired":true,"valueName":"search_term_string"}}],"inLanguage":"es"},{"@type":"Person","@id":"https:\/\/www.maapprogram.org\/es\/#\/schema\/person\/433e90c8debccfe16357e05627bbd443","name":"dcadmin","image":{"@type":"ImageObject","inLanguage":"es","@id":"https:\/\/secure.gravatar.com\/avatar\/83c0f4e5f994ae4e4b9ae78b382f373b07a15509b31a24d7d748f76e9925b825?s=96&d=mm&r=g","url":"https:\/\/secure.gravatar.com\/avatar\/83c0f4e5f994ae4e4b9ae78b382f373b07a15509b31a24d7d748f76e9925b825?s=96&d=mm&r=g","contentUrl":"https:\/\/secure.gravatar.com\/avatar\/83c0f4e5f994ae4e4b9ae78b382f373b07a15509b31a24d7d748f76e9925b825?s=96&d=mm&r=g","caption":"dcadmin"},"sameAs":["http:\/\/www.maapprogram.org"],"url":"https:\/\/www.maapprogram.org\/es\/author\/dcadmin\/"}]}},"_links":{"self":[{"href":"https:\/\/www.maapprogram.org\/es\/wp-json\/wp\/v2\/posts\/21245","targetHints":{"allow":["GET"]}}],"collection":[{"href":"https:\/\/www.maapprogram.org\/es\/wp-json\/wp\/v2\/posts"}],"about":[{"href":"https:\/\/www.maapprogram.org\/es\/wp-json\/wp\/v2\/types\/post"}],"author":[{"embeddable":true,"href":"https:\/\/www.maapprogram.org\/es\/wp-json\/wp\/v2\/users\/1"}],"replies":[{"embeddable":true,"href":"https:\/\/www.maapprogram.org\/es\/wp-json\/wp\/v2\/comments?post=21245"}],"version-history":[{"count":1,"href":"https:\/\/www.maapprogram.org\/es\/wp-json\/wp\/v2\/posts\/21245\/revisions"}],"predecessor-version":[{"id":23165,"href":"https:\/\/www.maapprogram.org\/es\/wp-json\/wp\/v2\/posts\/21245\/revisions\/23165"}],"wp:attachment":[{"href":"https:\/\/www.maapprogram.org\/es\/wp-json\/wp\/v2\/media?parent=21245"}],"wp:term":[{"taxonomy":"category","embeddable":true,"href":"https:\/\/www.maapprogram.org\/es\/wp-json\/wp\/v2\/categories?post=21245"},{"taxonomy":"post_tag","embeddable":true,"href":"https:\/\/www.maapprogram.org\/es\/wp-json\/wp\/v2\/tags?post=21245"},{"taxonomy":"ftr_agriculture","embeddable":true,"href":"https:\/\/www.maapprogram.org\/es\/wp-json\/wp\/v2\/ftr_agriculture?post=21245"},{"taxonomy":"carbon-and-climate-change","embeddable":true,"href":"https:\/\/www.maapprogram.org\/es\/wp-json\/wp\/v2\/carbon-and-climate-change?post=21245"},{"taxonomy":"ftr_country","embeddable":true,"href":"https:\/\/www.maapprogram.org\/es\/wp-json\/wp\/v2\/ftr_country?post=21245"},{"taxonomy":"fire","embeddable":true,"href":"https:\/\/www.maapprogram.org\/es\/wp-json\/wp\/v2\/fire?post=21245"},{"taxonomy":"infrastructure-threat","embeddable":true,"href":"https:\/\/www.maapprogram.org\/es\/wp-json\/wp\/v2\/infrastructure-threat?post=21245"},{"taxonomy":"land-use","embeddable":true,"href":"https:\/\/www.maapprogram.org\/es\/wp-json\/wp\/v2\/land-use?post=21245"},{"taxonomy":"mining-and-logging-threat","embeddable":true,"href":"https:\/\/www.maapprogram.org\/es\/wp-json\/wp\/v2\/mining-and-logging-threat?post=21245"},{"taxonomy":"natural-forest-loss","embeddable":true,"href":"https:\/\/www.maapprogram.org\/es\/wp-json\/wp\/v2\/natural-forest-loss?post=21245"},{"taxonomy":"special-analysis","embeddable":true,"href":"https:\/\/www.maapprogram.org\/es\/wp-json\/wp\/v2\/special-analysis?post=21245"}],"curies":[{"name":"wp","href":"https:\/\/api.w.org\/{rel}","templated":true}]}}