{"id":21249,"date":"2017-07-02T10:08:00","date_gmt":"2017-07-02T10:08:00","guid":{"rendered":"https:\/\/www.maapprogram.org\/colombia-caqueta_esp\/"},"modified":"2024-09-17T17:58:51","modified_gmt":"2024-09-17T17:58:51","slug":"colombia-caqueta_esp","status":"publish","type":"post","link":"https:\/\/www.maapprogram.org\/es\/colombia-caqueta_esp\/","title":{"rendered":"MAAP63: Patrones de Deforestaci\u00f3n en la Amazonia Colombiana"},"content":{"rendered":"<p>Estamos emocionados de presentar nuestro an\u00e1lisis inicial de la\u00a0<strong>Amazon\u00eda colombiana<\/strong>, una obra que refleja una importante colaboraci\u00f3n con nuestros colegas de\u00a0<a href=\"http:\/\/www.amazonteam.org\/\"><strong>Amazon Conservation Team<\/strong><\/a>. Tambi\u00e9n es nuestro primer reporte en el formato m\u00e1s interactivo de \u00ab<strong>Story Map<\/strong>\u00ab.<\/p>\n<p>Este reporte tiene\u00a0<strong>dos objetivos<\/strong>: 1) ilustrar los principales hotspots de deforestaci\u00f3n en la Amazonia colombiana entre el 2001 y 2015, y 2) centrarse en uno de los hotspots de deforestaci\u00f3n m\u00e1s importantes en la regi\u00f3n, ubicado en el departamento de Caquet\u00e1. En resumen, mostramos\u00a0<strong>im\u00e1genes satelitales<\/strong>\u00a0del aumento de la p\u00e9rdida de bosques de uno de los hotspots de deforestaci\u00f3n m\u00e1s importantes en la Amazonia colombiana.<\/p>\n<p>A trav\u00e9s de este link puede continuar al Story Map:\u00a0<strong><a href=\"https:\/\/www.maapprogram.org\/patrones-de-deforestacion-en-la-amazonia-colombiana\/\">https:\/\/www.maapprogram.org\/patrones-de-deforestacion-en-la-amazonia-colombiana\/<\/a><\/strong><\/p>\n<div>\n<div class=\"fitem-sep\"><\/div>\n<\/div>\n","protected":false},"excerpt":{"rendered":"<p>Estamos emocionados de presentar nuestro an\u00e1lisis inicial de la\u00a0Amazon\u00eda colombiana, una obra que refleja una importante colaboraci\u00f3n con nuestros colegas de\u00a0Amazon Conservation Team. Tambi\u00e9n es nuestro primer reporte en el formato m\u00e1s interactivo de \u00abStory Map\u00ab. Este reporte tiene\u00a0dos objetivos: 1) ilustrar los principales hotspots de deforestaci\u00f3n en la Amazonia colombiana entre el 2001 y [&hellip;]<\/p>\n","protected":false},"author":1,"featured_media":0,"comment_status":"open","ping_status":"open","sticky":false,"template":"","format":"standard","meta":{"_acf_changed":false,"footnotes":""},"categories":[349],"tags":[120],"ftr_agriculture":[],"carbon-and-climate-change":[],"ftr_country":[398],"fire":[],"infrastructure-threat":[],"land-use":[],"mining-and-logging-threat":[],"natural-forest-loss":[],"special-analysis":[439],"class_list":["post-21249","post","type-post","status-publish","format-standard","hentry","category-paisescolombia","tag-maap-63","ftr_country-colombia","special-analysis-focos-de-deforestacion"],"acf":[],"yoast_head":"<!-- This site is optimized with the Yoast SEO plugin v27.3 - https:\/\/yoast.com\/product\/yoast-seo-wordpress\/ -->\n<title>MAAP63: Patrones de Deforestaci\u00f3n en la Amazonia Colombiana - MAAP<\/title>\n<meta name=\"robots\" content=\"index, follow, max-snippet:-1, max-image-preview:large, max-video-preview:-1\" \/>\n<link rel=\"canonical\" href=\"https:\/\/www.maapprogram.org\/es\/colombia-caqueta_esp\/\" \/>\n<meta property=\"og:locale\" content=\"es_ES\" \/>\n<meta property=\"og:type\" content=\"article\" \/>\n<meta property=\"og:title\" content=\"MAAP63: Patrones de Deforestaci\u00f3n en la Amazonia Colombiana - MAAP\" \/>\n<meta property=\"og:description\" content=\"Estamos emocionados de presentar nuestro an\u00e1lisis inicial de la\u00a0Amazon\u00eda colombiana, una obra que refleja una importante colaboraci\u00f3n con nuestros colegas de\u00a0Amazon Conservation Team. Tambi\u00e9n es nuestro primer reporte en el formato m\u00e1s interactivo de \u00abStory Map\u00ab. Este reporte tiene\u00a0dos objetivos: 1) ilustrar los principales hotspots de deforestaci\u00f3n en la Amazonia colombiana entre el 2001 y [&hellip;]\" \/>\n<meta property=\"og:url\" content=\"https:\/\/www.maapprogram.org\/es\/colombia-caqueta_esp\/\" \/>\n<meta property=\"og:site_name\" content=\"MAAP\" \/>\n<meta property=\"article:published_time\" content=\"2017-07-02T10:08:00+00:00\" \/>\n<meta property=\"article:modified_time\" content=\"2024-09-17T17:58:51+00:00\" \/>\n<meta name=\"author\" content=\"dcadmin\" \/>\n<meta name=\"twitter:card\" content=\"summary_large_image\" \/>\n<meta name=\"twitter:label1\" content=\"Escrito por\" \/>\n\t<meta name=\"twitter:data1\" content=\"dcadmin\" \/>\n\t<meta name=\"twitter:label2\" content=\"Tiempo de lectura\" \/>\n\t<meta name=\"twitter:data2\" content=\"1 minuto\" \/>\n<script type=\"application\/ld+json\" class=\"yoast-schema-graph\">{\"@context\":\"https:\\\/\\\/schema.org\",\"@graph\":[{\"@type\":\"Article\",\"@id\":\"https:\\\/\\\/www.maapprogram.org\\\/es\\\/colombia-caqueta_esp\\\/#article\",\"isPartOf\":{\"@id\":\"https:\\\/\\\/www.maapprogram.org\\\/es\\\/colombia-caqueta_esp\\\/\"},\"author\":{\"name\":\"dcadmin\",\"@id\":\"https:\\\/\\\/www.maapprogram.org\\\/es\\\/#\\\/schema\\\/person\\\/433e90c8debccfe16357e05627bbd443\"},\"headline\":\"MAAP63: Patrones de Deforestaci\u00f3n en la Amazonia Colombiana\",\"datePublished\":\"2017-07-02T10:08:00+00:00\",\"dateModified\":\"2024-09-17T17:58:51+00:00\",\"mainEntityOfPage\":{\"@id\":\"https:\\\/\\\/www.maapprogram.org\\\/es\\\/colombia-caqueta_esp\\\/\"},\"wordCount\":140,\"commentCount\":0,\"keywords\":[\"MAAP #63\"],\"articleSection\":[\"Paises&gt;Colombia\"],\"inLanguage\":\"es\",\"potentialAction\":[{\"@type\":\"CommentAction\",\"name\":\"Comment\",\"target\":[\"https:\\\/\\\/www.maapprogram.org\\\/es\\\/colombia-caqueta_esp\\\/#respond\"]}]},{\"@type\":\"WebPage\",\"@id\":\"https:\\\/\\\/www.maapprogram.org\\\/es\\\/colombia-caqueta_esp\\\/\",\"url\":\"https:\\\/\\\/www.maapprogram.org\\\/es\\\/colombia-caqueta_esp\\\/\",\"name\":\"MAAP63: Patrones de Deforestaci\u00f3n en la Amazonia Colombiana - MAAP\",\"isPartOf\":{\"@id\":\"https:\\\/\\\/www.maapprogram.org\\\/es\\\/#website\"},\"datePublished\":\"2017-07-02T10:08:00+00:00\",\"dateModified\":\"2024-09-17T17:58:51+00:00\",\"author\":{\"@id\":\"https:\\\/\\\/www.maapprogram.org\\\/es\\\/#\\\/schema\\\/person\\\/433e90c8debccfe16357e05627bbd443\"},\"breadcrumb\":{\"@id\":\"https:\\\/\\\/www.maapprogram.org\\\/es\\\/colombia-caqueta_esp\\\/#breadcrumb\"},\"inLanguage\":\"es\",\"potentialAction\":[{\"@type\":\"ReadAction\",\"target\":[\"https:\\\/\\\/www.maapprogram.org\\\/es\\\/colombia-caqueta_esp\\\/\"]}]},{\"@type\":\"BreadcrumbList\",\"@id\":\"https:\\\/\\\/www.maapprogram.org\\\/es\\\/colombia-caqueta_esp\\\/#breadcrumb\",\"itemListElement\":[{\"@type\":\"ListItem\",\"position\":1,\"name\":\"Home\",\"item\":\"https:\\\/\\\/www.maapprogram.org\\\/es\\\/\"},{\"@type\":\"ListItem\",\"position\":2,\"name\":\"MAAP63: Patrones de Deforestaci\u00f3n en la Amazonia Colombiana\"}]},{\"@type\":\"WebSite\",\"@id\":\"https:\\\/\\\/www.maapprogram.org\\\/es\\\/#website\",\"url\":\"https:\\\/\\\/www.maapprogram.org\\\/es\\\/\",\"name\":\"MAAP\",\"description\":\"\",\"potentialAction\":[{\"@type\":\"SearchAction\",\"target\":{\"@type\":\"EntryPoint\",\"urlTemplate\":\"https:\\\/\\\/www.maapprogram.org\\\/es\\\/?s={search_term_string}\"},\"query-input\":{\"@type\":\"PropertyValueSpecification\",\"valueRequired\":true,\"valueName\":\"search_term_string\"}}],\"inLanguage\":\"es\"},{\"@type\":\"Person\",\"@id\":\"https:\\\/\\\/www.maapprogram.org\\\/es\\\/#\\\/schema\\\/person\\\/433e90c8debccfe16357e05627bbd443\",\"name\":\"dcadmin\",\"image\":{\"@type\":\"ImageObject\",\"inLanguage\":\"es\",\"@id\":\"https:\\\/\\\/secure.gravatar.com\\\/avatar\\\/83c0f4e5f994ae4e4b9ae78b382f373b07a15509b31a24d7d748f76e9925b825?s=96&d=mm&r=g\",\"url\":\"https:\\\/\\\/secure.gravatar.com\\\/avatar\\\/83c0f4e5f994ae4e4b9ae78b382f373b07a15509b31a24d7d748f76e9925b825?s=96&d=mm&r=g\",\"contentUrl\":\"https:\\\/\\\/secure.gravatar.com\\\/avatar\\\/83c0f4e5f994ae4e4b9ae78b382f373b07a15509b31a24d7d748f76e9925b825?s=96&d=mm&r=g\",\"caption\":\"dcadmin\"},\"sameAs\":[\"http:\\\/\\\/www.maapprogram.org\"],\"url\":\"https:\\\/\\\/www.maapprogram.org\\\/es\\\/author\\\/dcadmin\\\/\"}]}<\/script>\n<!-- \/ Yoast SEO plugin. -->","yoast_head_json":{"title":"MAAP63: Patrones de Deforestaci\u00f3n en la Amazonia Colombiana - MAAP","robots":{"index":"index","follow":"follow","max-snippet":"max-snippet:-1","max-image-preview":"max-image-preview:large","max-video-preview":"max-video-preview:-1"},"canonical":"https:\/\/www.maapprogram.org\/es\/colombia-caqueta_esp\/","og_locale":"es_ES","og_type":"article","og_title":"MAAP63: Patrones de Deforestaci\u00f3n en la Amazonia Colombiana - MAAP","og_description":"Estamos emocionados de presentar nuestro an\u00e1lisis inicial de la\u00a0Amazon\u00eda colombiana, una obra que refleja una importante colaboraci\u00f3n con nuestros colegas de\u00a0Amazon Conservation Team. Tambi\u00e9n es nuestro primer reporte en el formato m\u00e1s interactivo de \u00abStory Map\u00ab. Este reporte tiene\u00a0dos objetivos: 1) ilustrar los principales hotspots de deforestaci\u00f3n en la Amazonia colombiana entre el 2001 y [&hellip;]","og_url":"https:\/\/www.maapprogram.org\/es\/colombia-caqueta_esp\/","og_site_name":"MAAP","article_published_time":"2017-07-02T10:08:00+00:00","article_modified_time":"2024-09-17T17:58:51+00:00","author":"dcadmin","twitter_card":"summary_large_image","twitter_misc":{"Escrito por":"dcadmin","Tiempo de lectura":"1 minuto"},"schema":{"@context":"https:\/\/schema.org","@graph":[{"@type":"Article","@id":"https:\/\/www.maapprogram.org\/es\/colombia-caqueta_esp\/#article","isPartOf":{"@id":"https:\/\/www.maapprogram.org\/es\/colombia-caqueta_esp\/"},"author":{"name":"dcadmin","@id":"https:\/\/www.maapprogram.org\/es\/#\/schema\/person\/433e90c8debccfe16357e05627bbd443"},"headline":"MAAP63: Patrones de Deforestaci\u00f3n en la Amazonia Colombiana","datePublished":"2017-07-02T10:08:00+00:00","dateModified":"2024-09-17T17:58:51+00:00","mainEntityOfPage":{"@id":"https:\/\/www.maapprogram.org\/es\/colombia-caqueta_esp\/"},"wordCount":140,"commentCount":0,"keywords":["MAAP #63"],"articleSection":["Paises&gt;Colombia"],"inLanguage":"es","potentialAction":[{"@type":"CommentAction","name":"Comment","target":["https:\/\/www.maapprogram.org\/es\/colombia-caqueta_esp\/#respond"]}]},{"@type":"WebPage","@id":"https:\/\/www.maapprogram.org\/es\/colombia-caqueta_esp\/","url":"https:\/\/www.maapprogram.org\/es\/colombia-caqueta_esp\/","name":"MAAP63: Patrones de Deforestaci\u00f3n en la Amazonia Colombiana - MAAP","isPartOf":{"@id":"https:\/\/www.maapprogram.org\/es\/#website"},"datePublished":"2017-07-02T10:08:00+00:00","dateModified":"2024-09-17T17:58:51+00:00","author":{"@id":"https:\/\/www.maapprogram.org\/es\/#\/schema\/person\/433e90c8debccfe16357e05627bbd443"},"breadcrumb":{"@id":"https:\/\/www.maapprogram.org\/es\/colombia-caqueta_esp\/#breadcrumb"},"inLanguage":"es","potentialAction":[{"@type":"ReadAction","target":["https:\/\/www.maapprogram.org\/es\/colombia-caqueta_esp\/"]}]},{"@type":"BreadcrumbList","@id":"https:\/\/www.maapprogram.org\/es\/colombia-caqueta_esp\/#breadcrumb","itemListElement":[{"@type":"ListItem","position":1,"name":"Home","item":"https:\/\/www.maapprogram.org\/es\/"},{"@type":"ListItem","position":2,"name":"MAAP63: Patrones de Deforestaci\u00f3n en la Amazonia Colombiana"}]},{"@type":"WebSite","@id":"https:\/\/www.maapprogram.org\/es\/#website","url":"https:\/\/www.maapprogram.org\/es\/","name":"MAAP","description":"","potentialAction":[{"@type":"SearchAction","target":{"@type":"EntryPoint","urlTemplate":"https:\/\/www.maapprogram.org\/es\/?s={search_term_string}"},"query-input":{"@type":"PropertyValueSpecification","valueRequired":true,"valueName":"search_term_string"}}],"inLanguage":"es"},{"@type":"Person","@id":"https:\/\/www.maapprogram.org\/es\/#\/schema\/person\/433e90c8debccfe16357e05627bbd443","name":"dcadmin","image":{"@type":"ImageObject","inLanguage":"es","@id":"https:\/\/secure.gravatar.com\/avatar\/83c0f4e5f994ae4e4b9ae78b382f373b07a15509b31a24d7d748f76e9925b825?s=96&d=mm&r=g","url":"https:\/\/secure.gravatar.com\/avatar\/83c0f4e5f994ae4e4b9ae78b382f373b07a15509b31a24d7d748f76e9925b825?s=96&d=mm&r=g","contentUrl":"https:\/\/secure.gravatar.com\/avatar\/83c0f4e5f994ae4e4b9ae78b382f373b07a15509b31a24d7d748f76e9925b825?s=96&d=mm&r=g","caption":"dcadmin"},"sameAs":["http:\/\/www.maapprogram.org"],"url":"https:\/\/www.maapprogram.org\/es\/author\/dcadmin\/"}]}},"_links":{"self":[{"href":"https:\/\/www.maapprogram.org\/es\/wp-json\/wp\/v2\/posts\/21249","targetHints":{"allow":["GET"]}}],"collection":[{"href":"https:\/\/www.maapprogram.org\/es\/wp-json\/wp\/v2\/posts"}],"about":[{"href":"https:\/\/www.maapprogram.org\/es\/wp-json\/wp\/v2\/types\/post"}],"author":[{"embeddable":true,"href":"https:\/\/www.maapprogram.org\/es\/wp-json\/wp\/v2\/users\/1"}],"replies":[{"embeddable":true,"href":"https:\/\/www.maapprogram.org\/es\/wp-json\/wp\/v2\/comments?post=21249"}],"version-history":[{"count":1,"href":"https:\/\/www.maapprogram.org\/es\/wp-json\/wp\/v2\/posts\/21249\/revisions"}],"predecessor-version":[{"id":23217,"href":"https:\/\/www.maapprogram.org\/es\/wp-json\/wp\/v2\/posts\/21249\/revisions\/23217"}],"wp:attachment":[{"href":"https:\/\/www.maapprogram.org\/es\/wp-json\/wp\/v2\/media?parent=21249"}],"wp:term":[{"taxonomy":"category","embeddable":true,"href":"https:\/\/www.maapprogram.org\/es\/wp-json\/wp\/v2\/categories?post=21249"},{"taxonomy":"post_tag","embeddable":true,"href":"https:\/\/www.maapprogram.org\/es\/wp-json\/wp\/v2\/tags?post=21249"},{"taxonomy":"ftr_agriculture","embeddable":true,"href":"https:\/\/www.maapprogram.org\/es\/wp-json\/wp\/v2\/ftr_agriculture?post=21249"},{"taxonomy":"carbon-and-climate-change","embeddable":true,"href":"https:\/\/www.maapprogram.org\/es\/wp-json\/wp\/v2\/carbon-and-climate-change?post=21249"},{"taxonomy":"ftr_country","embeddable":true,"href":"https:\/\/www.maapprogram.org\/es\/wp-json\/wp\/v2\/ftr_country?post=21249"},{"taxonomy":"fire","embeddable":true,"href":"https:\/\/www.maapprogram.org\/es\/wp-json\/wp\/v2\/fire?post=21249"},{"taxonomy":"infrastructure-threat","embeddable":true,"href":"https:\/\/www.maapprogram.org\/es\/wp-json\/wp\/v2\/infrastructure-threat?post=21249"},{"taxonomy":"land-use","embeddable":true,"href":"https:\/\/www.maapprogram.org\/es\/wp-json\/wp\/v2\/land-use?post=21249"},{"taxonomy":"mining-and-logging-threat","embeddable":true,"href":"https:\/\/www.maapprogram.org\/es\/wp-json\/wp\/v2\/mining-and-logging-threat?post=21249"},{"taxonomy":"natural-forest-loss","embeddable":true,"href":"https:\/\/www.maapprogram.org\/es\/wp-json\/wp\/v2\/natural-forest-loss?post=21249"},{"taxonomy":"special-analysis","embeddable":true,"href":"https:\/\/www.maapprogram.org\/es\/wp-json\/wp\/v2\/special-analysis?post=21249"}],"curies":[{"name":"wp","href":"https:\/\/api.w.org\/{rel}","templated":true}]}}