{"id":21256,"date":"2016-06-26T16:47:00","date_gmt":"2016-06-26T16:47:00","guid":{"rendered":"https:\/\/www.maapprogram.org\/rio-santiago-mineria\/"},"modified":"2024-09-24T20:56:19","modified_gmt":"2024-09-24T20:56:19","slug":"rio-santiago-mineria","status":"publish","type":"post","link":"https:\/\/www.maapprogram.org\/es\/rio-santiago-mineria\/","title":{"rendered":"MAAP #36: Nueva Frontera de la Miner\u00eda Aur\u00edfera &#8211; Regi\u00f3n Amazonas"},"content":{"rendered":"<p>En <a href=\"https:\/\/www.maapprogram.org\/category\/sectores\/mineria-aurifera\/\" target=\"_blank\" rel=\"noopener\">varios art\u00edculos anteriores de MAAP<\/a>, hemos detallado la deforestaci\u00f3n por miner\u00eda\u00a0aur\u00edfera\u00a0en el sur de la\u00a0Amazon\u00eda peruana.\u00a0En el\u00a0<b>presente MAAP<\/b>,<b>\u00a0<\/b>mostramos los\u00a0<b>primeros indicios de deforestaci\u00f3n por miner\u00eda\u00a0aur\u00edfera\u00a0en el norte de Per\u00fa<\/b>.<\/p>\n<p>Una <a href=\"http:\/\/www.dar.org.pe\/noticias\/rio-santiago-la-nueva-frontera-de-la-mineria-ilegal\/\" target=\"_blank\" rel=\"noopener\">reciente noticia<\/a> difundida por la organizaci\u00f3n DAR (Derecho, Ambiente y Recursos Naturales) inform\u00f3 que la actividad minera aur\u00edfera sigue aumentando en el<strong> r\u00edo<\/strong><strong>\u00a0<\/strong><strong>Santiago <\/strong>(<strong>Imagen 36a<\/strong>)<strong>, <\/strong>ubicado en la<strong>\u00a0<\/strong>provincia de Condorcanqui, al norte de la regi\u00f3n Amazonas. \u00a0Adem\u00e1s, menciona que la actividad no solo est\u00e1 restringida al r\u00edo, sino tambi\u00e9n est\u00e1 ingresando al bosque. Existen concesiones mineras en la zona, pero seg\u00fan <a href=\"http:\/\/www.theguardian.com\/environment\/andes-to-the-amazon\/2016\/may\/01\/gold-mining-in-peru-forests-razed-millions-lost-virgins-auctioned\" target=\"_blank\" rel=\"noopener\">un art\u00edculo publicado en The Guardian<\/a>, los mineros\u00a0no est\u00e1n operando con permiso.<\/p>\n<p>A continuaci\u00f3n, mostramos las <strong>primeras im\u00e1genes satelitales <\/strong>que confirman que la<strong> actividad minera est\u00e1 causando deforestaci\u00f3n a lo largo <\/strong><strong>r\u00edo<\/strong><strong>\u00a0<\/strong><strong>Santiago<\/strong>.\u00a0Haga clic en cada imagen para agrandar.<\/p>\n<div id=\"attachment_4630\" class=\"thumbnail aligncenter\"><a href=\"https:\/\/www.maapprogram.org\/wp-content\/uploads\/2016\/05\/IMG-20160403-WA0010-1-Copy.jpg\"><img decoding=\"async\" class=\"wp-image-4630 size-full\" src=\"https:\/\/www.maapprogram.org\/wp-content\/uploads\/2016\/05\/IMG-20160403-WA0010-1-Copy.jpg\" alt=\"Imagen Xa. Cr\u00e9dito: DAR\" width=\"1069\" height=\"490\" \/><\/a><div class=\"caption\">Imagen 36a. Cr\u00e9dito: DAR, abril 2016<\/div><\/div>\n<div class=\"fitem-sep\"><\/div>\n<h3><strong>Imagenes Satelitales\u00a0de Deforestaci\u00f3n\u00a0por Miner\u00eda en Amazonas<\/strong><\/h3>\n<p>La <strong>Imagen 36b<\/strong>\u00a0muestra, en alta-resoluci\u00f3n, la zona nuevamente deforestada por la actividad minera (ver c\u00edrculo amarillo). Se trata de una deforestaci\u00f3n de 8\u00a0hect\u00e1reas (equivalente a 11 campos de f\u00fatbol) en la quebrada Pastazio.<\/p>\n<div id=\"attachment_4624\" class=\"thumbnail aligncenter\"><a href=\"https:\/\/www.maapprogram.org\/wp-content\/uploads\/2016\/05\/a_Amazonas_mineria_20042016.jpg\"><img decoding=\"async\" class=\"wp-image-4624\" src=\"https:\/\/www.maapprogram.org\/wp-content\/uploads\/2016\/05\/a_Amazonas_mineria_20042016.jpg\" alt=\"Imagen Xa. Datos: Planet Labs\" width=\"782\" height=\"553\" \/><\/a><div class=\"caption\">Imagen 36b. Datos: Planet Labs<\/div><\/div>\n<div class=\"fitem-sep\"><\/div>\n<p>La <strong>Imagen 36c<\/strong>\u00a0muestra que la deforestaci\u00f3n ocurri\u00f3 entre agosto de 2014 (panel izquierdo) y agosto de 2015 (panel derecho).<\/p>\n<div id=\"attachment_4625\" class=\"thumbnail aligncenter\"><a href=\"https:\/\/www.maapprogram.org\/wp-content\/uploads\/2016\/05\/b_Amazonas_mineria_2_14_15.jpg\"><img decoding=\"async\" class=\"wp-image-4625\" src=\"https:\/\/www.maapprogram.org\/wp-content\/uploads\/2016\/05\/b_Amazonas_mineria_2_14_15.jpg\" alt=\"Imagen Xb. Datos: USGS\/NASA\" width=\"874\" height=\"548\" \/><\/a><div class=\"caption\">Imagen 36c. Datos: USGS\/NASA<\/div><\/div>\n<div class=\"fitem-sep\"><\/div>\n<h3><strong>Declaraci\u00f3n de DAR<\/strong><\/h3>\n<p>La miner\u00eda ilegal a lo largo del r\u00edo <span class=\"il\">Santiago<\/span> avanza a pesar de las intervenciones realizadas los a\u00f1os 2014 y 2015 por la Comisi\u00f3n en Asuntos de Formalizaci\u00f3n de la Miner\u00eda de la Presidencia del Consejo de Ministros (PCM) en la zona. Desde DAR apoyamos el pedido de\u00a0la Organizaci\u00f3n Regional de los Pueblos Ind\u00edgenas de la Amazon\u00eda norte del Per\u00fa\u00a0(ORPIAN-P) que exige al Estado reconocer los programas de vigilancia ind\u00edgena en el Sistema Nacional de de Gesti\u00f3n Ambiental.<\/p>\n<p>Como refieren los comuneros de comunidad nativa, los mineros extraen entre 40 y 100 gramos de oro por d\u00eda y utilizan mercurio para procesar el mineral. El oro es llevado posteriormente en la ruta hacia Bagua y finalmente vendido en la ciudad de Chiclayo.<\/p>\n<div class=\"fitem-sep\"><\/div>\n<h3><strong>Cita<\/strong><\/h3>\n<p>Finer M, Novoa S (2016) Deforestaci\u00f3n por Miner\u00eda Aur\u00edfera en el Norte de la Amazon\u00eda Peruana (regi\u00f3n Amazonas). MAAP: 36.<\/p>\n<div class=\"fitem-sep\"><\/div>\n","protected":false},"excerpt":{"rendered":"<p>En varios art\u00edculos anteriores de MAAP, hemos detallado la deforestaci\u00f3n por miner\u00eda\u00a0aur\u00edfera\u00a0en el sur de la\u00a0Amazon\u00eda peruana.\u00a0En el\u00a0presente MAAP,\u00a0mostramos los\u00a0primeros indicios de deforestaci\u00f3n por miner\u00eda\u00a0aur\u00edfera\u00a0en el norte de Per\u00fa. Una reciente noticia difundida por la organizaci\u00f3n DAR (Derecho, Ambiente y Recursos Naturales) inform\u00f3 que la actividad minera aur\u00edfera sigue aumentando en el r\u00edo\u00a0Santiago (Imagen 36a), [&hellip;]<\/p>\n","protected":false},"author":1,"featured_media":0,"comment_status":"open","ping_status":"open","sticky":false,"template":"","format":"standard","meta":{"_acf_changed":false,"footnotes":""},"categories":[2],"tags":[86],"ftr_agriculture":[],"carbon-and-climate-change":[],"ftr_country":[483],"fire":[],"infrastructure-threat":[],"land-use":[],"mining-and-logging-threat":[434],"natural-forest-loss":[],"special-analysis":[],"class_list":["post-21256","post","type-post","status-publish","format-standard","hentry","category-sin-categorizar","tag-maap-36","ftr_country-peru-2","mining-and-logging-threat-mineria-de-oro"],"acf":[],"yoast_head":"<!-- This site is optimized with the Yoast SEO plugin v27.3 - https:\/\/yoast.com\/product\/yoast-seo-wordpress\/ -->\n<title>MAAP #36: Nueva Frontera de la Miner\u00eda Aur\u00edfera - Regi\u00f3n Amazonas - MAAP<\/title>\n<meta name=\"robots\" content=\"index, follow, max-snippet:-1, max-image-preview:large, max-video-preview:-1\" \/>\n<link rel=\"canonical\" href=\"https:\/\/www.maapprogram.org\/es\/rio-santiago-mineria\/\" \/>\n<meta property=\"og:locale\" content=\"es_ES\" \/>\n<meta property=\"og:type\" content=\"article\" \/>\n<meta property=\"og:title\" content=\"MAAP #36: Nueva Frontera de la Miner\u00eda Aur\u00edfera - Regi\u00f3n Amazonas - MAAP\" \/>\n<meta property=\"og:description\" content=\"En varios art\u00edculos anteriores de MAAP, hemos detallado la deforestaci\u00f3n por miner\u00eda\u00a0aur\u00edfera\u00a0en el sur de la\u00a0Amazon\u00eda peruana.\u00a0En el\u00a0presente MAAP,\u00a0mostramos los\u00a0primeros indicios de deforestaci\u00f3n por miner\u00eda\u00a0aur\u00edfera\u00a0en el norte de Per\u00fa. Una reciente noticia difundida por la organizaci\u00f3n DAR (Derecho, Ambiente y Recursos Naturales) inform\u00f3 que la actividad minera aur\u00edfera sigue aumentando en el r\u00edo\u00a0Santiago (Imagen 36a), [&hellip;]\" \/>\n<meta property=\"og:url\" content=\"https:\/\/www.maapprogram.org\/es\/rio-santiago-mineria\/\" \/>\n<meta property=\"og:site_name\" content=\"MAAP\" \/>\n<meta property=\"article:published_time\" content=\"2016-06-26T16:47:00+00:00\" \/>\n<meta property=\"article:modified_time\" content=\"2024-09-24T20:56:19+00:00\" \/>\n<meta property=\"og:image\" content=\"https:\/\/www.maapprogram.org\/wp-content\/uploads\/2016\/05\/IMG-20160403-WA0010-1-Copy.jpg\" \/>\n<meta name=\"author\" content=\"dcadmin\" \/>\n<meta name=\"twitter:card\" content=\"summary_large_image\" \/>\n<meta name=\"twitter:label1\" content=\"Escrito por\" \/>\n\t<meta name=\"twitter:data1\" content=\"dcadmin\" \/>\n\t<meta name=\"twitter:label2\" content=\"Tiempo de lectura\" \/>\n\t<meta name=\"twitter:data2\" content=\"3 minutos\" \/>\n<script type=\"application\/ld+json\" class=\"yoast-schema-graph\">{\"@context\":\"https:\\\/\\\/schema.org\",\"@graph\":[{\"@type\":\"Article\",\"@id\":\"https:\\\/\\\/www.maapprogram.org\\\/es\\\/rio-santiago-mineria\\\/#article\",\"isPartOf\":{\"@id\":\"https:\\\/\\\/www.maapprogram.org\\\/es\\\/rio-santiago-mineria\\\/\"},\"author\":{\"name\":\"dcadmin\",\"@id\":\"https:\\\/\\\/www.maapprogram.org\\\/es\\\/#\\\/schema\\\/person\\\/433e90c8debccfe16357e05627bbd443\"},\"headline\":\"MAAP #36: Nueva Frontera de la Miner\u00eda Aur\u00edfera &#8211; Regi\u00f3n Amazonas\",\"datePublished\":\"2016-06-26T16:47:00+00:00\",\"dateModified\":\"2024-09-24T20:56:19+00:00\",\"mainEntityOfPage\":{\"@id\":\"https:\\\/\\\/www.maapprogram.org\\\/es\\\/rio-santiago-mineria\\\/\"},\"wordCount\":447,\"commentCount\":0,\"image\":{\"@id\":\"https:\\\/\\\/www.maapprogram.org\\\/es\\\/rio-santiago-mineria\\\/#primaryimage\"},\"thumbnailUrl\":\"https:\\\/\\\/www.maapprogram.org\\\/wp-content\\\/uploads\\\/2016\\\/05\\\/IMG-20160403-WA0010-1-Copy.jpg\",\"keywords\":[\"MAAP #36\"],\"articleSection\":[\"Sin categorizar\"],\"inLanguage\":\"es\",\"potentialAction\":[{\"@type\":\"CommentAction\",\"name\":\"Comment\",\"target\":[\"https:\\\/\\\/www.maapprogram.org\\\/es\\\/rio-santiago-mineria\\\/#respond\"]}]},{\"@type\":\"WebPage\",\"@id\":\"https:\\\/\\\/www.maapprogram.org\\\/es\\\/rio-santiago-mineria\\\/\",\"url\":\"https:\\\/\\\/www.maapprogram.org\\\/es\\\/rio-santiago-mineria\\\/\",\"name\":\"MAAP #36: Nueva Frontera de la Miner\u00eda Aur\u00edfera - Regi\u00f3n Amazonas - MAAP\",\"isPartOf\":{\"@id\":\"https:\\\/\\\/www.maapprogram.org\\\/es\\\/#website\"},\"primaryImageOfPage\":{\"@id\":\"https:\\\/\\\/www.maapprogram.org\\\/es\\\/rio-santiago-mineria\\\/#primaryimage\"},\"image\":{\"@id\":\"https:\\\/\\\/www.maapprogram.org\\\/es\\\/rio-santiago-mineria\\\/#primaryimage\"},\"thumbnailUrl\":\"https:\\\/\\\/www.maapprogram.org\\\/wp-content\\\/uploads\\\/2016\\\/05\\\/IMG-20160403-WA0010-1-Copy.jpg\",\"datePublished\":\"2016-06-26T16:47:00+00:00\",\"dateModified\":\"2024-09-24T20:56:19+00:00\",\"author\":{\"@id\":\"https:\\\/\\\/www.maapprogram.org\\\/es\\\/#\\\/schema\\\/person\\\/433e90c8debccfe16357e05627bbd443\"},\"breadcrumb\":{\"@id\":\"https:\\\/\\\/www.maapprogram.org\\\/es\\\/rio-santiago-mineria\\\/#breadcrumb\"},\"inLanguage\":\"es\",\"potentialAction\":[{\"@type\":\"ReadAction\",\"target\":[\"https:\\\/\\\/www.maapprogram.org\\\/es\\\/rio-santiago-mineria\\\/\"]}]},{\"@type\":\"ImageObject\",\"inLanguage\":\"es\",\"@id\":\"https:\\\/\\\/www.maapprogram.org\\\/es\\\/rio-santiago-mineria\\\/#primaryimage\",\"url\":\"https:\\\/\\\/www.maapprogram.org\\\/wp-content\\\/uploads\\\/2016\\\/05\\\/IMG-20160403-WA0010-1-Copy.jpg\",\"contentUrl\":\"https:\\\/\\\/www.maapprogram.org\\\/wp-content\\\/uploads\\\/2016\\\/05\\\/IMG-20160403-WA0010-1-Copy.jpg\"},{\"@type\":\"BreadcrumbList\",\"@id\":\"https:\\\/\\\/www.maapprogram.org\\\/es\\\/rio-santiago-mineria\\\/#breadcrumb\",\"itemListElement\":[{\"@type\":\"ListItem\",\"position\":1,\"name\":\"Home\",\"item\":\"https:\\\/\\\/www.maapprogram.org\\\/es\\\/\"},{\"@type\":\"ListItem\",\"position\":2,\"name\":\"MAAP #36: Nueva Frontera de la Miner\u00eda Aur\u00edfera &#8211; Regi\u00f3n Amazonas\"}]},{\"@type\":\"WebSite\",\"@id\":\"https:\\\/\\\/www.maapprogram.org\\\/es\\\/#website\",\"url\":\"https:\\\/\\\/www.maapprogram.org\\\/es\\\/\",\"name\":\"MAAP\",\"description\":\"\",\"potentialAction\":[{\"@type\":\"SearchAction\",\"target\":{\"@type\":\"EntryPoint\",\"urlTemplate\":\"https:\\\/\\\/www.maapprogram.org\\\/es\\\/?s={search_term_string}\"},\"query-input\":{\"@type\":\"PropertyValueSpecification\",\"valueRequired\":true,\"valueName\":\"search_term_string\"}}],\"inLanguage\":\"es\"},{\"@type\":\"Person\",\"@id\":\"https:\\\/\\\/www.maapprogram.org\\\/es\\\/#\\\/schema\\\/person\\\/433e90c8debccfe16357e05627bbd443\",\"name\":\"dcadmin\",\"image\":{\"@type\":\"ImageObject\",\"inLanguage\":\"es\",\"@id\":\"https:\\\/\\\/secure.gravatar.com\\\/avatar\\\/83c0f4e5f994ae4e4b9ae78b382f373b07a15509b31a24d7d748f76e9925b825?s=96&d=mm&r=g\",\"url\":\"https:\\\/\\\/secure.gravatar.com\\\/avatar\\\/83c0f4e5f994ae4e4b9ae78b382f373b07a15509b31a24d7d748f76e9925b825?s=96&d=mm&r=g\",\"contentUrl\":\"https:\\\/\\\/secure.gravatar.com\\\/avatar\\\/83c0f4e5f994ae4e4b9ae78b382f373b07a15509b31a24d7d748f76e9925b825?s=96&d=mm&r=g\",\"caption\":\"dcadmin\"},\"sameAs\":[\"http:\\\/\\\/www.maapprogram.org\"],\"url\":\"https:\\\/\\\/www.maapprogram.org\\\/es\\\/author\\\/dcadmin\\\/\"}]}<\/script>\n<!-- \/ Yoast SEO plugin. -->","yoast_head_json":{"title":"MAAP #36: Nueva Frontera de la Miner\u00eda Aur\u00edfera - Regi\u00f3n Amazonas - MAAP","robots":{"index":"index","follow":"follow","max-snippet":"max-snippet:-1","max-image-preview":"max-image-preview:large","max-video-preview":"max-video-preview:-1"},"canonical":"https:\/\/www.maapprogram.org\/es\/rio-santiago-mineria\/","og_locale":"es_ES","og_type":"article","og_title":"MAAP #36: Nueva Frontera de la Miner\u00eda Aur\u00edfera - Regi\u00f3n Amazonas - MAAP","og_description":"En varios art\u00edculos anteriores de MAAP, hemos detallado la deforestaci\u00f3n por miner\u00eda\u00a0aur\u00edfera\u00a0en el sur de la\u00a0Amazon\u00eda peruana.\u00a0En el\u00a0presente MAAP,\u00a0mostramos los\u00a0primeros indicios de deforestaci\u00f3n por miner\u00eda\u00a0aur\u00edfera\u00a0en el norte de Per\u00fa. Una reciente noticia difundida por la organizaci\u00f3n DAR (Derecho, Ambiente y Recursos Naturales) inform\u00f3 que la actividad minera aur\u00edfera sigue aumentando en el r\u00edo\u00a0Santiago (Imagen 36a), [&hellip;]","og_url":"https:\/\/www.maapprogram.org\/es\/rio-santiago-mineria\/","og_site_name":"MAAP","article_published_time":"2016-06-26T16:47:00+00:00","article_modified_time":"2024-09-24T20:56:19+00:00","og_image":[{"url":"https:\/\/www.maapprogram.org\/wp-content\/uploads\/2016\/05\/IMG-20160403-WA0010-1-Copy.jpg","type":"","width":"","height":""}],"author":"dcadmin","twitter_card":"summary_large_image","twitter_misc":{"Escrito por":"dcadmin","Tiempo de lectura":"3 minutos"},"schema":{"@context":"https:\/\/schema.org","@graph":[{"@type":"Article","@id":"https:\/\/www.maapprogram.org\/es\/rio-santiago-mineria\/#article","isPartOf":{"@id":"https:\/\/www.maapprogram.org\/es\/rio-santiago-mineria\/"},"author":{"name":"dcadmin","@id":"https:\/\/www.maapprogram.org\/es\/#\/schema\/person\/433e90c8debccfe16357e05627bbd443"},"headline":"MAAP #36: Nueva Frontera de la Miner\u00eda Aur\u00edfera &#8211; Regi\u00f3n Amazonas","datePublished":"2016-06-26T16:47:00+00:00","dateModified":"2024-09-24T20:56:19+00:00","mainEntityOfPage":{"@id":"https:\/\/www.maapprogram.org\/es\/rio-santiago-mineria\/"},"wordCount":447,"commentCount":0,"image":{"@id":"https:\/\/www.maapprogram.org\/es\/rio-santiago-mineria\/#primaryimage"},"thumbnailUrl":"https:\/\/www.maapprogram.org\/wp-content\/uploads\/2016\/05\/IMG-20160403-WA0010-1-Copy.jpg","keywords":["MAAP #36"],"articleSection":["Sin categorizar"],"inLanguage":"es","potentialAction":[{"@type":"CommentAction","name":"Comment","target":["https:\/\/www.maapprogram.org\/es\/rio-santiago-mineria\/#respond"]}]},{"@type":"WebPage","@id":"https:\/\/www.maapprogram.org\/es\/rio-santiago-mineria\/","url":"https:\/\/www.maapprogram.org\/es\/rio-santiago-mineria\/","name":"MAAP #36: Nueva Frontera de la Miner\u00eda Aur\u00edfera - Regi\u00f3n Amazonas - MAAP","isPartOf":{"@id":"https:\/\/www.maapprogram.org\/es\/#website"},"primaryImageOfPage":{"@id":"https:\/\/www.maapprogram.org\/es\/rio-santiago-mineria\/#primaryimage"},"image":{"@id":"https:\/\/www.maapprogram.org\/es\/rio-santiago-mineria\/#primaryimage"},"thumbnailUrl":"https:\/\/www.maapprogram.org\/wp-content\/uploads\/2016\/05\/IMG-20160403-WA0010-1-Copy.jpg","datePublished":"2016-06-26T16:47:00+00:00","dateModified":"2024-09-24T20:56:19+00:00","author":{"@id":"https:\/\/www.maapprogram.org\/es\/#\/schema\/person\/433e90c8debccfe16357e05627bbd443"},"breadcrumb":{"@id":"https:\/\/www.maapprogram.org\/es\/rio-santiago-mineria\/#breadcrumb"},"inLanguage":"es","potentialAction":[{"@type":"ReadAction","target":["https:\/\/www.maapprogram.org\/es\/rio-santiago-mineria\/"]}]},{"@type":"ImageObject","inLanguage":"es","@id":"https:\/\/www.maapprogram.org\/es\/rio-santiago-mineria\/#primaryimage","url":"https:\/\/www.maapprogram.org\/wp-content\/uploads\/2016\/05\/IMG-20160403-WA0010-1-Copy.jpg","contentUrl":"https:\/\/www.maapprogram.org\/wp-content\/uploads\/2016\/05\/IMG-20160403-WA0010-1-Copy.jpg"},{"@type":"BreadcrumbList","@id":"https:\/\/www.maapprogram.org\/es\/rio-santiago-mineria\/#breadcrumb","itemListElement":[{"@type":"ListItem","position":1,"name":"Home","item":"https:\/\/www.maapprogram.org\/es\/"},{"@type":"ListItem","position":2,"name":"MAAP #36: Nueva Frontera de la Miner\u00eda Aur\u00edfera &#8211; Regi\u00f3n Amazonas"}]},{"@type":"WebSite","@id":"https:\/\/www.maapprogram.org\/es\/#website","url":"https:\/\/www.maapprogram.org\/es\/","name":"MAAP","description":"","potentialAction":[{"@type":"SearchAction","target":{"@type":"EntryPoint","urlTemplate":"https:\/\/www.maapprogram.org\/es\/?s={search_term_string}"},"query-input":{"@type":"PropertyValueSpecification","valueRequired":true,"valueName":"search_term_string"}}],"inLanguage":"es"},{"@type":"Person","@id":"https:\/\/www.maapprogram.org\/es\/#\/schema\/person\/433e90c8debccfe16357e05627bbd443","name":"dcadmin","image":{"@type":"ImageObject","inLanguage":"es","@id":"https:\/\/secure.gravatar.com\/avatar\/83c0f4e5f994ae4e4b9ae78b382f373b07a15509b31a24d7d748f76e9925b825?s=96&d=mm&r=g","url":"https:\/\/secure.gravatar.com\/avatar\/83c0f4e5f994ae4e4b9ae78b382f373b07a15509b31a24d7d748f76e9925b825?s=96&d=mm&r=g","contentUrl":"https:\/\/secure.gravatar.com\/avatar\/83c0f4e5f994ae4e4b9ae78b382f373b07a15509b31a24d7d748f76e9925b825?s=96&d=mm&r=g","caption":"dcadmin"},"sameAs":["http:\/\/www.maapprogram.org"],"url":"https:\/\/www.maapprogram.org\/es\/author\/dcadmin\/"}]}},"_links":{"self":[{"href":"https:\/\/www.maapprogram.org\/es\/wp-json\/wp\/v2\/posts\/21256","targetHints":{"allow":["GET"]}}],"collection":[{"href":"https:\/\/www.maapprogram.org\/es\/wp-json\/wp\/v2\/posts"}],"about":[{"href":"https:\/\/www.maapprogram.org\/es\/wp-json\/wp\/v2\/types\/post"}],"author":[{"embeddable":true,"href":"https:\/\/www.maapprogram.org\/es\/wp-json\/wp\/v2\/users\/1"}],"replies":[{"embeddable":true,"href":"https:\/\/www.maapprogram.org\/es\/wp-json\/wp\/v2\/comments?post=21256"}],"version-history":[{"count":1,"href":"https:\/\/www.maapprogram.org\/es\/wp-json\/wp\/v2\/posts\/21256\/revisions"}],"predecessor-version":[{"id":23173,"href":"https:\/\/www.maapprogram.org\/es\/wp-json\/wp\/v2\/posts\/21256\/revisions\/23173"}],"wp:attachment":[{"href":"https:\/\/www.maapprogram.org\/es\/wp-json\/wp\/v2\/media?parent=21256"}],"wp:term":[{"taxonomy":"category","embeddable":true,"href":"https:\/\/www.maapprogram.org\/es\/wp-json\/wp\/v2\/categories?post=21256"},{"taxonomy":"post_tag","embeddable":true,"href":"https:\/\/www.maapprogram.org\/es\/wp-json\/wp\/v2\/tags?post=21256"},{"taxonomy":"ftr_agriculture","embeddable":true,"href":"https:\/\/www.maapprogram.org\/es\/wp-json\/wp\/v2\/ftr_agriculture?post=21256"},{"taxonomy":"carbon-and-climate-change","embeddable":true,"href":"https:\/\/www.maapprogram.org\/es\/wp-json\/wp\/v2\/carbon-and-climate-change?post=21256"},{"taxonomy":"ftr_country","embeddable":true,"href":"https:\/\/www.maapprogram.org\/es\/wp-json\/wp\/v2\/ftr_country?post=21256"},{"taxonomy":"fire","embeddable":true,"href":"https:\/\/www.maapprogram.org\/es\/wp-json\/wp\/v2\/fire?post=21256"},{"taxonomy":"infrastructure-threat","embeddable":true,"href":"https:\/\/www.maapprogram.org\/es\/wp-json\/wp\/v2\/infrastructure-threat?post=21256"},{"taxonomy":"land-use","embeddable":true,"href":"https:\/\/www.maapprogram.org\/es\/wp-json\/wp\/v2\/land-use?post=21256"},{"taxonomy":"mining-and-logging-threat","embeddable":true,"href":"https:\/\/www.maapprogram.org\/es\/wp-json\/wp\/v2\/mining-and-logging-threat?post=21256"},{"taxonomy":"natural-forest-loss","embeddable":true,"href":"https:\/\/www.maapprogram.org\/es\/wp-json\/wp\/v2\/natural-forest-loss?post=21256"},{"taxonomy":"special-analysis","embeddable":true,"href":"https:\/\/www.maapprogram.org\/es\/wp-json\/wp\/v2\/special-analysis?post=21256"}],"curies":[{"name":"wp","href":"https:\/\/api.w.org\/{rel}","templated":true}]}}