{"id":21259,"date":"2016-11-02T17:34:00","date_gmt":"2016-11-02T17:34:00","guid":{"rendered":"https:\/\/www.maapprogram.org\/fronteras_mineria\/"},"modified":"2024-09-25T13:30:04","modified_gmt":"2024-09-25T13:30:04","slug":"fronteras_mineria","status":"publish","type":"post","link":"https:\/\/www.maapprogram.org\/es\/fronteras_mineria\/","title":{"rendered":"MAAP #49: Nuevas Fronteras de Miner\u00eda Aur\u00edfera en la Amazon\u00eda Peruana"},"content":{"rendered":"<div id=\"attachment_5272\" class=\"thumbnail alignleft\"><a href=\"https:\/\/www.maapprogram.org\/wp-content\/uploads\/2016\/10\/MAAP_Amazonas_mineria_1_v3_beta-1.jpg\"><img decoding=\"async\" class=\"wp-image-5272\" src=\"https:\/\/www.maapprogram.org\/wp-content\/uploads\/2016\/10\/MAAP_Amazonas_mineria_1_v3_beta-1-634x800.jpg\" alt=\"Imagen 49a.\" width=\"455\" height=\"574\" \/><\/a><div class=\"caption\">Imagen 49a. Fronteras de la miner\u00eda aur\u00edfera en Peru.<\/div><\/div>\n<p>En una <a href=\"https:\/\/www.maapprogram.org\/category\/sectores\/mineria-aurifera\/\">serie de art\u00edculos<\/a>, hemos detallado el avance de la deforestaci\u00f3n por miner\u00eda\u00a0aur\u00edfera\u00a0en el sur de la\u00a0Amazon\u00eda peruana (principalmente en la regi\u00f3n Madre de Dios).<\/p>\n<p>En el\u00a0presente informe<b>\u00a0<\/b>mostramos las nuevas\u00a0<strong>fronteras de la\u00a0miner\u00eda\u00a0aur\u00edfera<\/strong>\u00a0en el norte y centro del Per\u00fa (<strong>Imagen 49a<\/strong>):\u00a0dos casos en la <strong>regi\u00f3n<\/strong> <strong>Amazonas<\/strong>\u00a0y un caso en la zona de amortiguamiento de la <strong>Reserva Comunal El Sira<\/strong>, en en la regi\u00f3n Hu\u00e1nuco.<\/p>\n<p>La deforestaci\u00f3n en estos casos est\u00e1 todav\u00eda en sus primeras etapas, por lo que a\u00fan se puede tomar acciones que permitan\u00a0evitar situaciones m\u00e1s graves, como en el caso de Madre de Dios.<\/p>\n<div class=\"fitem-sep\"><\/div>\n<h3><strong>Regi\u00f3n Amazonas<\/strong><\/h3>\n<p>En la regi\u00f3n Amazonas, hay dos casos de reciente deforestaci\u00f3n por miner\u00eda\u00a0aur\u00edfera: el proyecto Afrodita, en la Cordillera del C\u00f3ndor (Cuadro A), y a lo largo del r\u00edo Santiago, en la localidad de Quebrada Pastazio (Cuadro B) (<strong>Imagen 49b<\/strong>).<\/p>\n<div id=\"attachment_5234\" class=\"thumbnail aligncenter\"><a href=\"https:\/\/www.maapprogram.org\/wp-content\/uploads\/2016\/10\/MAAP_Amazonas_mineria_1_v2.jpg\"><img decoding=\"async\" class=\"wp-image-5234 size-medium\" src=\"https:\/\/www.maapprogram.org\/wp-content\/uploads\/2016\/10\/MAAP_Amazonas_mineria_1_v2-700x522.jpg\" alt=\"Imagen 49a. Datos: SERNANP\" width=\"700\" height=\"522\" \/><\/a><div class=\"caption\">Imagen 49b. Datos: SERNANP<\/div><\/div>\n<div class=\"fitem-sep\"><\/div>\n<h3><strong>Amazonas: Cordillera del C\u00f3ndor<\/strong><\/h3>\n<p>La remota <strong>Cordillera del C\u00f3ndor<\/strong>, ubicada en la frontera entre Per\u00fa y Ecuador, es el hogar de una rica biodiversidad y de los territorios de los pueblos ind\u00edgenas Awaj\u00fan y Wamp\u00eds. La concesi\u00f3n minera\u00a0<strong>Afrodita<\/strong>,<strong>\u00a0<\/strong>en el lado peruano,<strong>\u00a0<\/strong>ha sido pol\u00e9mica por los posibles impactos ambientales y sociales de la actividad extractiva en un ambiente sensible (<a href=\"http:\/\/larepublica.pe\/impresa\/politica\/813620-exigen-ejecutar-resolucion-que-retira-permiso-minera\">La Rep\u00fablica,\u00a0Exigen ejecutar resoluci\u00f3n que retira permiso a minera<\/a>). La <strong>Imagen 49c<\/strong>\u00a0muestra el inicio de la deforestaci\u00f3n, al interior de la concesi\u00f3n Afrodita, entre diciembre del 2015 (panel izquierdo) y julio del 2016 (panel derecho). Hasta ahora, se trata de\u00a0la deforestaci\u00f3n de <strong>12 hect\u00e1reas<\/strong> (equivalente a 16 campos de f\u00fatbol) correspondientes a esta mina y su v\u00eda de acceso desde Ecuador.<\/p>\n<div id=\"attachment_5235\" class=\"thumbnail aligncenter\"><a href=\"https:\/\/www.maapprogram.org\/wp-content\/uploads\/2016\/10\/MAAP_Amazona_mineria_A_v1.jpg\"><img decoding=\"async\" class=\"wp-image-5235\" src=\"https:\/\/www.maapprogram.org\/wp-content\/uploads\/2016\/10\/MAAP_Amazona_mineria_A_v1-700x358.jpg\" alt=\"Imagen 49b. Datos: Planet.\" width=\"777\" height=\"397\" \/><\/a><div class=\"caption\">Imagen 49c. Datos: Planet. Click para agrandar.<\/div><\/div>\n<p><div class=\"fitem-sep\"><\/div><strong>Regi\u00f3n Amazonas: R\u00edo Santiago<\/strong><\/p>\n<p>En el anterior <a href=\"https:\/\/www.maapprogram.org\/2016\/rio-santiago-mineria\/\">MAAP #36<\/a>, mostramos el inicio de la\u00a0deforestaci\u00f3n minera a lo largo del\u00a0r\u00edo\u00a0Santiago. La <strong>Imagen 49d<\/strong>\u00a0muestra un comparativo entre la situaci\u00f3n ya mostrada por el MAAP, en marzo (panel izquierdo), y su estado actual, en octubre del 2016\u00a0(panel derecho).\u00a0Hasta la fecha, esta\u00a0deforestaci\u00f3n alcanza las\u00a010 hect\u00e1reas (equivalente a 14 campos de f\u00fatbol). Debe mencionarse que en septiembre, la Marina de Guerra intervino en la zona (quebrada Pastazio) destruyendo algunas dragas y otros equipos (<a href=\"http:\/\/rpp.pe\/peru\/amazonas\/destruyen-dragas-de-mineras-ilegales-en-el-rio-santiago-noticia-994722\">RPP,\u00a0Destruyen dragas de mineras ilegales en el r\u00edo Santiago<\/a>).<\/p>\n<div id=\"attachment_5236\" class=\"thumbnail aligncenter\"><a href=\"https:\/\/www.maapprogram.org\/wp-content\/uploads\/2016\/10\/MAAP_Amazona_mineria_B_v2.jpg\"><img decoding=\"async\" class=\"wp-image-5236\" src=\"https:\/\/www.maapprogram.org\/wp-content\/uploads\/2016\/10\/MAAP_Amazona_mineria_B_v2-700x384.jpg\" alt=\"Imagen 49c. Datos: Planet.\" width=\"798\" height=\"438\" \/><\/a><div class=\"caption\">Imagen 49d. Datos: Planet. Click para agrandar.<\/div><\/div>\n<div class=\"fitem-sep\"><\/div>\n<h3><strong>Reserva Comunal El Sira<\/strong><\/h3>\n<p>En el anterior\u00a0<a href=\"https:\/\/www.maapprogram.org\/2016\/reserva_el_sira\/\">MAAP #45<\/a>, mostramos la miner\u00eda aur\u00edfera illegal al interior de\u00a0la Reserva Comunal El Sira.\u00a0Aqu\u00ed destacamos una nueva zona de miner\u00eda aur\u00edfera activa en su zona de amortiguamiento (<strong>Imagen 49e<\/strong>).\u00a0La <strong>Imagen 49f<\/strong>\u00a0muestra la\u00a0aparici\u00f3n de una zona minera entre agosto del 2015 (panel izquierdo) y agosto del 2016 (panel derecho).\u00a0Hasta la fecha, esta\u00a0deforestaci\u00f3n minera suma a 10 hect\u00e1reas (equivalente a 14 campos de f\u00fatbol).<\/p>\n<div id=\"attachment_5241\" class=\"thumbnail aligncenter\"><a href=\"https:\/\/www.maapprogram.org\/wp-content\/uploads\/2016\/10\/ESira_Mineria_1_v4_es.jpg\"><img decoding=\"async\" class=\"wp-image-5241 size-medium\" src=\"https:\/\/www.maapprogram.org\/wp-content\/uploads\/2016\/10\/ESira_Mineria_1_v4_es-700x523.jpg\" alt=\"Imagen 49a. Datos: SERNANP\" width=\"700\" height=\"523\" \/><\/a><div class=\"caption\">Imagen 49e. Datos: SERNANP<\/div><\/div>\n<div id=\"attachment_5238\" class=\"thumbnail aligncenter\"><a href=\"https:\/\/www.maapprogram.org\/wp-content\/uploads\/2016\/10\/ESira_Mineria_2_m_v1_es.jpg\"><img decoding=\"async\" class=\"wp-image-5238\" src=\"https:\/\/www.maapprogram.org\/wp-content\/uploads\/2016\/10\/ESira_Mineria_2_m_v1_es-700x259.jpg\" alt=\"Imagen 49e. Datos: Planet. Click para agrandar.\" width=\"827\" height=\"306\" \/><\/a><div class=\"caption\">Imagen 49f. Datos: Digital Globe (Nextview). Click para agrandar.<\/div><\/div>\n<div class=\"fitem-sep\"><\/div>\n<h3><strong>Cita<\/strong><\/h3>\n<p>Novoa S, Finer M (2016) Fronteras de Miner\u00eda Aur\u00edfera en la Amazon\u00eda Peruana. MAAP: 49<br \/>\n<div class=\"fitem-sep\"><\/div><\/p>\n","protected":false},"excerpt":{"rendered":"<p>En una serie de art\u00edculos, hemos detallado el avance de la deforestaci\u00f3n por miner\u00eda\u00a0aur\u00edfera\u00a0en el sur de la\u00a0Amazon\u00eda peruana (principalmente en la regi\u00f3n Madre de Dios). En el\u00a0presente informe\u00a0mostramos las nuevas\u00a0fronteras de la\u00a0miner\u00eda\u00a0aur\u00edfera\u00a0en el norte y centro del Per\u00fa (Imagen 49a):\u00a0dos casos en la regi\u00f3n Amazonas\u00a0y un caso en la zona de amortiguamiento de la [&hellip;]<\/p>\n","protected":false},"author":1,"featured_media":0,"comment_status":"open","ping_status":"open","sticky":false,"template":"","format":"standard","meta":{"_acf_changed":false,"footnotes":""},"categories":[347],"tags":[101],"ftr_agriculture":[],"carbon-and-climate-change":[],"ftr_country":[483],"fire":[],"infrastructure-threat":[],"land-use":[],"mining-and-logging-threat":[434],"natural-forest-loss":[],"special-analysis":[],"class_list":["post-21259","post","type-post","status-publish","format-standard","hentry","category-paisesperu","tag-maap-49","ftr_country-peru-2","mining-and-logging-threat-mineria-de-oro"],"acf":[],"yoast_head":"<!-- This site is optimized with the Yoast SEO plugin v27.3 - https:\/\/yoast.com\/product\/yoast-seo-wordpress\/ -->\n<title>MAAP #49: Nuevas Fronteras de Miner\u00eda Aur\u00edfera en la Amazon\u00eda Peruana - MAAP<\/title>\n<meta name=\"robots\" content=\"index, follow, max-snippet:-1, max-image-preview:large, max-video-preview:-1\" \/>\n<link rel=\"canonical\" href=\"https:\/\/www.maapprogram.org\/es\/fronteras_mineria\/\" \/>\n<meta property=\"og:locale\" content=\"es_ES\" \/>\n<meta property=\"og:type\" content=\"article\" \/>\n<meta property=\"og:title\" content=\"MAAP #49: Nuevas Fronteras de Miner\u00eda Aur\u00edfera en la Amazon\u00eda Peruana - MAAP\" \/>\n<meta property=\"og:description\" content=\"En una serie de art\u00edculos, hemos detallado el avance de la deforestaci\u00f3n por miner\u00eda\u00a0aur\u00edfera\u00a0en el sur de la\u00a0Amazon\u00eda peruana (principalmente en la regi\u00f3n Madre de Dios). En el\u00a0presente informe\u00a0mostramos las nuevas\u00a0fronteras de la\u00a0miner\u00eda\u00a0aur\u00edfera\u00a0en el norte y centro del Per\u00fa (Imagen 49a):\u00a0dos casos en la regi\u00f3n Amazonas\u00a0y un caso en la zona de amortiguamiento de la [&hellip;]\" \/>\n<meta property=\"og:url\" content=\"https:\/\/www.maapprogram.org\/es\/fronteras_mineria\/\" \/>\n<meta property=\"og:site_name\" content=\"MAAP\" \/>\n<meta property=\"article:published_time\" content=\"2016-11-02T17:34:00+00:00\" \/>\n<meta property=\"article:modified_time\" content=\"2024-09-25T13:30:04+00:00\" \/>\n<meta property=\"og:image\" content=\"https:\/\/www.maapprogram.org\/wp-content\/uploads\/2016\/10\/MAAP_Amazonas_mineria_1_v3_beta-1-634x800.jpg\" \/>\n<meta name=\"author\" content=\"dcadmin\" \/>\n<meta name=\"twitter:card\" content=\"summary_large_image\" \/>\n<meta name=\"twitter:label1\" content=\"Escrito por\" \/>\n\t<meta name=\"twitter:data1\" content=\"dcadmin\" \/>\n\t<meta name=\"twitter:label2\" content=\"Tiempo de lectura\" \/>\n\t<meta name=\"twitter:data2\" content=\"4 minutos\" \/>\n<script type=\"application\/ld+json\" class=\"yoast-schema-graph\">{\"@context\":\"https:\\\/\\\/schema.org\",\"@graph\":[{\"@type\":\"Article\",\"@id\":\"https:\\\/\\\/www.maapprogram.org\\\/es\\\/fronteras_mineria\\\/#article\",\"isPartOf\":{\"@id\":\"https:\\\/\\\/www.maapprogram.org\\\/es\\\/fronteras_mineria\\\/\"},\"author\":{\"name\":\"dcadmin\",\"@id\":\"https:\\\/\\\/www.maapprogram.org\\\/es\\\/#\\\/schema\\\/person\\\/433e90c8debccfe16357e05627bbd443\"},\"headline\":\"MAAP #49: Nuevas Fronteras de Miner\u00eda Aur\u00edfera en la Amazon\u00eda Peruana\",\"datePublished\":\"2016-11-02T17:34:00+00:00\",\"dateModified\":\"2024-09-25T13:30:04+00:00\",\"mainEntityOfPage\":{\"@id\":\"https:\\\/\\\/www.maapprogram.org\\\/es\\\/fronteras_mineria\\\/\"},\"wordCount\":608,\"commentCount\":0,\"image\":{\"@id\":\"https:\\\/\\\/www.maapprogram.org\\\/es\\\/fronteras_mineria\\\/#primaryimage\"},\"thumbnailUrl\":\"https:\\\/\\\/www.maapprogram.org\\\/wp-content\\\/uploads\\\/2016\\\/10\\\/MAAP_Amazonas_mineria_1_v3_beta-1-634x800.jpg\",\"keywords\":[\"MAAP #49\"],\"articleSection\":[\"Paises&gt;Per\u00fa\"],\"inLanguage\":\"es\",\"potentialAction\":[{\"@type\":\"CommentAction\",\"name\":\"Comment\",\"target\":[\"https:\\\/\\\/www.maapprogram.org\\\/es\\\/fronteras_mineria\\\/#respond\"]}]},{\"@type\":\"WebPage\",\"@id\":\"https:\\\/\\\/www.maapprogram.org\\\/es\\\/fronteras_mineria\\\/\",\"url\":\"https:\\\/\\\/www.maapprogram.org\\\/es\\\/fronteras_mineria\\\/\",\"name\":\"MAAP #49: Nuevas Fronteras de Miner\u00eda Aur\u00edfera en la Amazon\u00eda Peruana - MAAP\",\"isPartOf\":{\"@id\":\"https:\\\/\\\/www.maapprogram.org\\\/es\\\/#website\"},\"primaryImageOfPage\":{\"@id\":\"https:\\\/\\\/www.maapprogram.org\\\/es\\\/fronteras_mineria\\\/#primaryimage\"},\"image\":{\"@id\":\"https:\\\/\\\/www.maapprogram.org\\\/es\\\/fronteras_mineria\\\/#primaryimage\"},\"thumbnailUrl\":\"https:\\\/\\\/www.maapprogram.org\\\/wp-content\\\/uploads\\\/2016\\\/10\\\/MAAP_Amazonas_mineria_1_v3_beta-1-634x800.jpg\",\"datePublished\":\"2016-11-02T17:34:00+00:00\",\"dateModified\":\"2024-09-25T13:30:04+00:00\",\"author\":{\"@id\":\"https:\\\/\\\/www.maapprogram.org\\\/es\\\/#\\\/schema\\\/person\\\/433e90c8debccfe16357e05627bbd443\"},\"breadcrumb\":{\"@id\":\"https:\\\/\\\/www.maapprogram.org\\\/es\\\/fronteras_mineria\\\/#breadcrumb\"},\"inLanguage\":\"es\",\"potentialAction\":[{\"@type\":\"ReadAction\",\"target\":[\"https:\\\/\\\/www.maapprogram.org\\\/es\\\/fronteras_mineria\\\/\"]}]},{\"@type\":\"ImageObject\",\"inLanguage\":\"es\",\"@id\":\"https:\\\/\\\/www.maapprogram.org\\\/es\\\/fronteras_mineria\\\/#primaryimage\",\"url\":\"https:\\\/\\\/www.maapprogram.org\\\/wp-content\\\/uploads\\\/2016\\\/10\\\/MAAP_Amazonas_mineria_1_v3_beta-1-634x800.jpg\",\"contentUrl\":\"https:\\\/\\\/www.maapprogram.org\\\/wp-content\\\/uploads\\\/2016\\\/10\\\/MAAP_Amazonas_mineria_1_v3_beta-1-634x800.jpg\"},{\"@type\":\"BreadcrumbList\",\"@id\":\"https:\\\/\\\/www.maapprogram.org\\\/es\\\/fronteras_mineria\\\/#breadcrumb\",\"itemListElement\":[{\"@type\":\"ListItem\",\"position\":1,\"name\":\"Home\",\"item\":\"https:\\\/\\\/www.maapprogram.org\\\/es\\\/\"},{\"@type\":\"ListItem\",\"position\":2,\"name\":\"MAAP #49: Nuevas Fronteras de Miner\u00eda Aur\u00edfera en la Amazon\u00eda Peruana\"}]},{\"@type\":\"WebSite\",\"@id\":\"https:\\\/\\\/www.maapprogram.org\\\/es\\\/#website\",\"url\":\"https:\\\/\\\/www.maapprogram.org\\\/es\\\/\",\"name\":\"MAAP\",\"description\":\"\",\"potentialAction\":[{\"@type\":\"SearchAction\",\"target\":{\"@type\":\"EntryPoint\",\"urlTemplate\":\"https:\\\/\\\/www.maapprogram.org\\\/es\\\/?s={search_term_string}\"},\"query-input\":{\"@type\":\"PropertyValueSpecification\",\"valueRequired\":true,\"valueName\":\"search_term_string\"}}],\"inLanguage\":\"es\"},{\"@type\":\"Person\",\"@id\":\"https:\\\/\\\/www.maapprogram.org\\\/es\\\/#\\\/schema\\\/person\\\/433e90c8debccfe16357e05627bbd443\",\"name\":\"dcadmin\",\"image\":{\"@type\":\"ImageObject\",\"inLanguage\":\"es\",\"@id\":\"https:\\\/\\\/secure.gravatar.com\\\/avatar\\\/83c0f4e5f994ae4e4b9ae78b382f373b07a15509b31a24d7d748f76e9925b825?s=96&d=mm&r=g\",\"url\":\"https:\\\/\\\/secure.gravatar.com\\\/avatar\\\/83c0f4e5f994ae4e4b9ae78b382f373b07a15509b31a24d7d748f76e9925b825?s=96&d=mm&r=g\",\"contentUrl\":\"https:\\\/\\\/secure.gravatar.com\\\/avatar\\\/83c0f4e5f994ae4e4b9ae78b382f373b07a15509b31a24d7d748f76e9925b825?s=96&d=mm&r=g\",\"caption\":\"dcadmin\"},\"sameAs\":[\"http:\\\/\\\/www.maapprogram.org\"],\"url\":\"https:\\\/\\\/www.maapprogram.org\\\/es\\\/author\\\/dcadmin\\\/\"}]}<\/script>\n<!-- \/ Yoast SEO plugin. -->","yoast_head_json":{"title":"MAAP #49: Nuevas Fronteras de Miner\u00eda Aur\u00edfera en la Amazon\u00eda Peruana - MAAP","robots":{"index":"index","follow":"follow","max-snippet":"max-snippet:-1","max-image-preview":"max-image-preview:large","max-video-preview":"max-video-preview:-1"},"canonical":"https:\/\/www.maapprogram.org\/es\/fronteras_mineria\/","og_locale":"es_ES","og_type":"article","og_title":"MAAP #49: Nuevas Fronteras de Miner\u00eda Aur\u00edfera en la Amazon\u00eda Peruana - MAAP","og_description":"En una serie de art\u00edculos, hemos detallado el avance de la deforestaci\u00f3n por miner\u00eda\u00a0aur\u00edfera\u00a0en el sur de la\u00a0Amazon\u00eda peruana (principalmente en la regi\u00f3n Madre de Dios). En el\u00a0presente informe\u00a0mostramos las nuevas\u00a0fronteras de la\u00a0miner\u00eda\u00a0aur\u00edfera\u00a0en el norte y centro del Per\u00fa (Imagen 49a):\u00a0dos casos en la regi\u00f3n Amazonas\u00a0y un caso en la zona de amortiguamiento de la [&hellip;]","og_url":"https:\/\/www.maapprogram.org\/es\/fronteras_mineria\/","og_site_name":"MAAP","article_published_time":"2016-11-02T17:34:00+00:00","article_modified_time":"2024-09-25T13:30:04+00:00","og_image":[{"url":"https:\/\/www.maapprogram.org\/wp-content\/uploads\/2016\/10\/MAAP_Amazonas_mineria_1_v3_beta-1-634x800.jpg","type":"","width":"","height":""}],"author":"dcadmin","twitter_card":"summary_large_image","twitter_misc":{"Escrito por":"dcadmin","Tiempo de lectura":"4 minutos"},"schema":{"@context":"https:\/\/schema.org","@graph":[{"@type":"Article","@id":"https:\/\/www.maapprogram.org\/es\/fronteras_mineria\/#article","isPartOf":{"@id":"https:\/\/www.maapprogram.org\/es\/fronteras_mineria\/"},"author":{"name":"dcadmin","@id":"https:\/\/www.maapprogram.org\/es\/#\/schema\/person\/433e90c8debccfe16357e05627bbd443"},"headline":"MAAP #49: Nuevas Fronteras de Miner\u00eda Aur\u00edfera en la Amazon\u00eda Peruana","datePublished":"2016-11-02T17:34:00+00:00","dateModified":"2024-09-25T13:30:04+00:00","mainEntityOfPage":{"@id":"https:\/\/www.maapprogram.org\/es\/fronteras_mineria\/"},"wordCount":608,"commentCount":0,"image":{"@id":"https:\/\/www.maapprogram.org\/es\/fronteras_mineria\/#primaryimage"},"thumbnailUrl":"https:\/\/www.maapprogram.org\/wp-content\/uploads\/2016\/10\/MAAP_Amazonas_mineria_1_v3_beta-1-634x800.jpg","keywords":["MAAP #49"],"articleSection":["Paises&gt;Per\u00fa"],"inLanguage":"es","potentialAction":[{"@type":"CommentAction","name":"Comment","target":["https:\/\/www.maapprogram.org\/es\/fronteras_mineria\/#respond"]}]},{"@type":"WebPage","@id":"https:\/\/www.maapprogram.org\/es\/fronteras_mineria\/","url":"https:\/\/www.maapprogram.org\/es\/fronteras_mineria\/","name":"MAAP #49: Nuevas Fronteras de Miner\u00eda Aur\u00edfera en la Amazon\u00eda Peruana - MAAP","isPartOf":{"@id":"https:\/\/www.maapprogram.org\/es\/#website"},"primaryImageOfPage":{"@id":"https:\/\/www.maapprogram.org\/es\/fronteras_mineria\/#primaryimage"},"image":{"@id":"https:\/\/www.maapprogram.org\/es\/fronteras_mineria\/#primaryimage"},"thumbnailUrl":"https:\/\/www.maapprogram.org\/wp-content\/uploads\/2016\/10\/MAAP_Amazonas_mineria_1_v3_beta-1-634x800.jpg","datePublished":"2016-11-02T17:34:00+00:00","dateModified":"2024-09-25T13:30:04+00:00","author":{"@id":"https:\/\/www.maapprogram.org\/es\/#\/schema\/person\/433e90c8debccfe16357e05627bbd443"},"breadcrumb":{"@id":"https:\/\/www.maapprogram.org\/es\/fronteras_mineria\/#breadcrumb"},"inLanguage":"es","potentialAction":[{"@type":"ReadAction","target":["https:\/\/www.maapprogram.org\/es\/fronteras_mineria\/"]}]},{"@type":"ImageObject","inLanguage":"es","@id":"https:\/\/www.maapprogram.org\/es\/fronteras_mineria\/#primaryimage","url":"https:\/\/www.maapprogram.org\/wp-content\/uploads\/2016\/10\/MAAP_Amazonas_mineria_1_v3_beta-1-634x800.jpg","contentUrl":"https:\/\/www.maapprogram.org\/wp-content\/uploads\/2016\/10\/MAAP_Amazonas_mineria_1_v3_beta-1-634x800.jpg"},{"@type":"BreadcrumbList","@id":"https:\/\/www.maapprogram.org\/es\/fronteras_mineria\/#breadcrumb","itemListElement":[{"@type":"ListItem","position":1,"name":"Home","item":"https:\/\/www.maapprogram.org\/es\/"},{"@type":"ListItem","position":2,"name":"MAAP #49: Nuevas Fronteras de Miner\u00eda Aur\u00edfera en la Amazon\u00eda Peruana"}]},{"@type":"WebSite","@id":"https:\/\/www.maapprogram.org\/es\/#website","url":"https:\/\/www.maapprogram.org\/es\/","name":"MAAP","description":"","potentialAction":[{"@type":"SearchAction","target":{"@type":"EntryPoint","urlTemplate":"https:\/\/www.maapprogram.org\/es\/?s={search_term_string}"},"query-input":{"@type":"PropertyValueSpecification","valueRequired":true,"valueName":"search_term_string"}}],"inLanguage":"es"},{"@type":"Person","@id":"https:\/\/www.maapprogram.org\/es\/#\/schema\/person\/433e90c8debccfe16357e05627bbd443","name":"dcadmin","image":{"@type":"ImageObject","inLanguage":"es","@id":"https:\/\/secure.gravatar.com\/avatar\/83c0f4e5f994ae4e4b9ae78b382f373b07a15509b31a24d7d748f76e9925b825?s=96&d=mm&r=g","url":"https:\/\/secure.gravatar.com\/avatar\/83c0f4e5f994ae4e4b9ae78b382f373b07a15509b31a24d7d748f76e9925b825?s=96&d=mm&r=g","contentUrl":"https:\/\/secure.gravatar.com\/avatar\/83c0f4e5f994ae4e4b9ae78b382f373b07a15509b31a24d7d748f76e9925b825?s=96&d=mm&r=g","caption":"dcadmin"},"sameAs":["http:\/\/www.maapprogram.org"],"url":"https:\/\/www.maapprogram.org\/es\/author\/dcadmin\/"}]}},"_links":{"self":[{"href":"https:\/\/www.maapprogram.org\/es\/wp-json\/wp\/v2\/posts\/21259","targetHints":{"allow":["GET"]}}],"collection":[{"href":"https:\/\/www.maapprogram.org\/es\/wp-json\/wp\/v2\/posts"}],"about":[{"href":"https:\/\/www.maapprogram.org\/es\/wp-json\/wp\/v2\/types\/post"}],"author":[{"embeddable":true,"href":"https:\/\/www.maapprogram.org\/es\/wp-json\/wp\/v2\/users\/1"}],"replies":[{"embeddable":true,"href":"https:\/\/www.maapprogram.org\/es\/wp-json\/wp\/v2\/comments?post=21259"}],"version-history":[{"count":1,"href":"https:\/\/www.maapprogram.org\/es\/wp-json\/wp\/v2\/posts\/21259\/revisions"}],"predecessor-version":[{"id":23188,"href":"https:\/\/www.maapprogram.org\/es\/wp-json\/wp\/v2\/posts\/21259\/revisions\/23188"}],"wp:attachment":[{"href":"https:\/\/www.maapprogram.org\/es\/wp-json\/wp\/v2\/media?parent=21259"}],"wp:term":[{"taxonomy":"category","embeddable":true,"href":"https:\/\/www.maapprogram.org\/es\/wp-json\/wp\/v2\/categories?post=21259"},{"taxonomy":"post_tag","embeddable":true,"href":"https:\/\/www.maapprogram.org\/es\/wp-json\/wp\/v2\/tags?post=21259"},{"taxonomy":"ftr_agriculture","embeddable":true,"href":"https:\/\/www.maapprogram.org\/es\/wp-json\/wp\/v2\/ftr_agriculture?post=21259"},{"taxonomy":"carbon-and-climate-change","embeddable":true,"href":"https:\/\/www.maapprogram.org\/es\/wp-json\/wp\/v2\/carbon-and-climate-change?post=21259"},{"taxonomy":"ftr_country","embeddable":true,"href":"https:\/\/www.maapprogram.org\/es\/wp-json\/wp\/v2\/ftr_country?post=21259"},{"taxonomy":"fire","embeddable":true,"href":"https:\/\/www.maapprogram.org\/es\/wp-json\/wp\/v2\/fire?post=21259"},{"taxonomy":"infrastructure-threat","embeddable":true,"href":"https:\/\/www.maapprogram.org\/es\/wp-json\/wp\/v2\/infrastructure-threat?post=21259"},{"taxonomy":"land-use","embeddable":true,"href":"https:\/\/www.maapprogram.org\/es\/wp-json\/wp\/v2\/land-use?post=21259"},{"taxonomy":"mining-and-logging-threat","embeddable":true,"href":"https:\/\/www.maapprogram.org\/es\/wp-json\/wp\/v2\/mining-and-logging-threat?post=21259"},{"taxonomy":"natural-forest-loss","embeddable":true,"href":"https:\/\/www.maapprogram.org\/es\/wp-json\/wp\/v2\/natural-forest-loss?post=21259"},{"taxonomy":"special-analysis","embeddable":true,"href":"https:\/\/www.maapprogram.org\/es\/wp-json\/wp\/v2\/special-analysis?post=21259"}],"curies":[{"name":"wp","href":"https:\/\/api.w.org\/{rel}","templated":true}]}}