{"id":21261,"date":"2017-08-29T14:02:00","date_gmt":"2017-08-29T14:02:00","guid":{"rendered":"https:\/\/www.maapprogram.org\/belo_monte\/"},"modified":"2024-09-17T18:04:20","modified_gmt":"2024-09-17T18:04:20","slug":"belo_monte","status":"publish","type":"post","link":"https:\/\/www.maapprogram.org\/es\/belo_monte\/","title":{"rendered":"MAAP #66: Im\u00e1genes Satelitales del Proyecto Hidroel\u00e9ctrico Belo Monte (Brasil)"},"content":{"rendered":"<div id=\"attachment_6020\" class=\"thumbnail alignright\"><a href=\"https:\/\/www.maapprogram.org\/wp-content\/uploads\/2017\/06\/XinguBasemap_alt.jpg\"><img decoding=\"async\" class=\"wp-image-6020\" src=\"https:\/\/www.maapprogram.org\/wp-content\/uploads\/2017\/06\/XinguBasemap_alt.jpg\" alt=\"\" width=\"510\" height=\"307\" \/><\/a><div class=\"caption\">Imagen 66a: El c\u00edrculo rojo indica el \u00e1rea de intervenci\u00f3n del proyecto<\/div><\/div>\n<p>El complejo<strong> hidroel\u00e9ctrico Belo Monte<\/strong>,\u00a0situado\u00a0en el <strong>r\u00edo Xing\u00fa<\/strong> en el este del <strong>Amazonas brasilero<\/strong>\u00a0(ver <strong>Imagen 66a<\/strong>), ha sido controversial por sus impactos ambientales y sociales relacionados a la construcci\u00f3n y funcionamiento de una de las represas m\u00e1s grandes del mundo, en un ecosistema vulnerable.<\/p>\n<p>La represa ha entrado recientemente en funcionamiento, ofreciendo una oportunidad para evaluar los impactos iniciales.<\/p>\n<p>El <strong>objetivo<\/strong> de este art\u00edculo es presentar una serie temporal de im\u00e1genes de sat\u00e9lite del \u00e1rea del proyecto que proporciona informaci\u00f3n visual de los principales impactos ecol\u00f3gicos.<\/p>\n<div class=\"fitem-sep\"><\/div>\n<p>A pesar de demandas legales y fuerte oposici\u00f3n de los grupos ind\u00edgenas en el \u00e1rea de intervenci\u00f3n, la construcci\u00f3n de Belo Monte inici\u00f3 en el 2011 y las primeras turbinas ya estaban en funcionamiento a inicios del 2017. La <strong>Imagen 66b<\/strong> muestra la comparaci\u00f3n del antes (panel izquierdo, julio del 2011) y despu\u00e9s (panel derecho, agosto del 2016) de la construcci\u00f3n de la represa.<\/p>\n<div id=\"attachment_6122\" class=\"thumbnail aligncenter\"><a href=\"https:\/\/www.maapprogram.org\/wp-content\/uploads\/2017\/06\/BrazilDam2017_ACA_beforeAfter_sp.jpg\"><img decoding=\"async\" class=\" wp-image-6122\" src=\"https:\/\/www.maapprogram.org\/wp-content\/uploads\/2017\/06\/BrazilDam2017_ACA_beforeAfter_sp.jpg\" alt=\"\" width=\"800\" height=\"457\" \/><\/a><div class=\"caption\">Imagen 66b. NASA\/USGS<\/div><\/div>\n<p>En efecto, la represa es un complejo: La <strong>presa principal<\/strong>\u00a0(c\u00edrculo rojo) crea un <strong>embalse principal<\/strong>\u00a0(c\u00edrculo azul); un canal que desv\u00eda la mayor\u00eda (hasta el 80%) del caudal del r\u00edo, desde el embalse principal hasta el <strong>embalse del canal <\/strong>(c\u00edrculo amarillo), el cual alimenta las turbinas que generan la electricidad.\u00a0Como resultado, <strong>aguas abajo<\/strong> de la presa principal (c\u00edrculo morado) se deja con un flujo reducido (20% de su caudal natural) por 100 km. Este tramo se conoce como \u201cla Gran Curva\u201d del r\u00edo Xing\u00fa y es hogar de dos grupos ind\u00edgenas, Arara y Juruna. En las im\u00e1genes, <strong>los puntos de referencia<\/strong> muestran estas cuatro \u00e1reas del complejo a lo largo del tiempo, incluyendo la fase anterior a la construcci\u00f3n.<div class=\"fitem-sep\"><\/div><\/p>\n<h3><strong>Serie Temporal de Im\u00e1genes Satelitales<\/strong><\/h3>\n<div id=\"attachment_6111\" class=\"thumbnail aligncenter\"><a href=\"https:\/\/www.maapprogram.org\/wp-content\/uploads\/2017\/06\/giphy_landsat_belo.gif\"><img decoding=\"async\" class=\" wp-image-6111\" src=\"https:\/\/www.maapprogram.org\/wp-content\/uploads\/2017\/06\/giphy_landsat_belo.gif\" alt=\"\" width=\"681\" height=\"526\" \/><\/a><div class=\"caption\">Imagen 66c. Data: NASA\/USGS<\/div><\/div>\n<p>La <strong>Imagen 66c<\/strong> es un GIF mostrando una serie temporal de im\u00e1genes satelitales (Landsat) del \u00e1rea de impacto del proyecto, desde julio del 2011 hasta mayo del 2017. La imagen de <strong>julio del 2011<\/strong>\u00a0sirve como l\u00ednea base del proyecto antes de la construcci\u00f3n. Para <strong>julio del 2015<\/strong>, la construcci\u00f3n de la presa principal y del canal est\u00e1n bastante avanzados. Para <strong>enero del 2016<\/strong>, la presa principal se ha cerrado, formando as\u00ed el embalse principal y el embalse del canal. La imagen de <strong>agosto del 2016<\/strong> provee una vista despejada (sin nubes) del complejo hidroel\u00e9ctrico, incluyendo el tramo m\u00e1s seco aguas abajo de la presa principal. La imagen de <strong>julio\u00a0del 2017<\/strong> representa la \u00faltima buena imagen de la zona.<\/p>\n<p>En las im\u00e1genes m\u00e1s recientes, se puede notar el impacto sobre el h\u00e1bitat importante para los recursos\u00a0pesqueros: inundaciones de las islas ribere\u00f1as, afloramientos rocosos, e inundaciones estacionales de bosques en el embalse principal, esta \u00e1rea fue un h\u00e1bitat importante para los peces. Del mismo modo, se puede notar el caudal del agua reducido a lo largo de la Gran Curva\u00a0debajo de la represa principal, tambi\u00e9n es un h\u00e1bitat importante para los peces.<\/p>\n<div class=\"fitem-sep\"><\/div>\n<h3><strong>Estimaci\u00f3n de la Inundaci\u00f3n<\/strong><\/h3>\n<p>Basado en un an\u00e1lisis de im\u00e1genes Landsat, estimamos la inundaci\u00f3n de <strong>19,880 hect\u00e1reas<\/strong> (27,125 campos de f\u00fatbol) de terreno que, seg\u00fan las im\u00e1genes, parecen ser una combinaci\u00f3n de bosque y agricultura (<strong>Imagen 66d<\/strong>).\u00a0En otras palabras, parte del \u00e1rea inundada fue previamente degradada.<\/p>\n<div id=\"attachment_6119\" class=\"thumbnail aligncenter\"><a href=\"https:\/\/www.maapprogram.org\/wp-content\/uploads\/2017\/06\/7-July2017_flooded_sp.jpg\"><img decoding=\"async\" class=\" wp-image-6119\" src=\"https:\/\/www.maapprogram.org\/wp-content\/uploads\/2017\/06\/7-July2017_flooded_sp.jpg\" alt=\"\" width=\"686\" height=\"530\" \/><\/a><div class=\"caption\">Imagen 66d. Datos: NASA\/USGS, MAAP<\/div><\/div>\n<div class=\"fitem-sep\"><\/div>\n<h3><strong>Represamiento del R\u00edo Xing\u00fa<\/strong><\/h3>\n<p>La <strong>Imagen 66e <\/strong>muestra,<strong>\u00a0<\/strong>en muy alta resoluci\u00f3n (50 cm) el cambio dr\u00e1stico entre\u00a0julio del 2010 (panel izquierdo) y junio del 2019 (panel derecho). La imagen de 2010, que sirve como l\u00ednea base previa a la construcci\u00f3n, muestra el caudal natural, mientras que la imagen de 2017 muestra el impacto de la presa y embalse. La <strong>Imagen 66f<\/strong> es un GIF que muestra una serie temporal de la construcci\u00f3n de la presa principal y la formaci\u00f3n del embalse principal entre 2010 y 2017.<\/p>\n<div id=\"attachment_6137\" class=\"thumbnail aligncenter\"><a href=\"https:\/\/www.maapprogram.org\/wp-content\/uploads\/2017\/08\/BrazilDam2017_ACA_DG_befAft_sp_pt-2.jpg\"><img decoding=\"async\" class=\"size-full wp-image-6137\" src=\"https:\/\/www.maapprogram.org\/wp-content\/uploads\/2017\/08\/BrazilDam2017_ACA_DG_befAft_sp_pt-2.jpg\" alt=\"\" width=\"6000\" height=\"2550\" \/><\/a><div class=\"caption\">Imagen 66e. Datos: DigitalGlobe (via ACT), Airbus (via Apollo Mapping)<\/div><\/div>\n<div class=\"fitem-sep\"><\/div>\n<div id=\"attachment_6139\" class=\"thumbnail aligncenter\"><a href=\"https:\/\/www.maapprogram.org\/wp-content\/uploads\/2017\/08\/giphy_landsat_belo2.gif\"><img decoding=\"async\" class=\" wp-image-6139\" src=\"https:\/\/www.maapprogram.org\/wp-content\/uploads\/2017\/08\/giphy_landsat_belo2.gif\" alt=\"\" width=\"700\" height=\"541\" \/><\/a><div class=\"caption\">Imagen 66f. Datos: DigitalGlobe (Nextview), DigitalGlobe (via ACT), Airbus (via Apollo Mapping)<\/div><\/div>\n<p><div class=\"fitem-sep\"><\/div><br \/>\nFiner M, Olexy T (2017) Im\u00e1genes Satelitales del Controversial Proyecto Hidroel\u00e9ctrico Belo Monte. MAAP: 66.<\/p>\n<div class=\"fitem-sep\"><\/div>\n","protected":false},"excerpt":{"rendered":"<p>El complejo hidroel\u00e9ctrico Belo Monte,\u00a0situado\u00a0en el r\u00edo Xing\u00fa en el este del Amazonas brasilero\u00a0(ver Imagen 66a), ha sido controversial por sus impactos ambientales y sociales relacionados a la construcci\u00f3n y funcionamiento de una de las represas m\u00e1s grandes del mundo, en un ecosistema vulnerable. La represa ha entrado recientemente en funcionamiento, ofreciendo una oportunidad para [&hellip;]<\/p>\n","protected":false},"author":1,"featured_media":0,"comment_status":"open","ping_status":"open","sticky":false,"template":"","format":"standard","meta":{"_acf_changed":false,"footnotes":""},"categories":[348,306],"tags":[118],"ftr_agriculture":[],"carbon-and-climate-change":[],"ftr_country":[449],"fire":[],"infrastructure-threat":[],"land-use":[],"mining-and-logging-threat":[],"natural-forest-loss":[437],"special-analysis":[],"class_list":["post-21261","post","type-post","status-publish","format-standard","hentry","category-paisesbrasil","category-represas","tag-maap-66","ftr_country-brasil","natural-forest-loss-inundaciones"],"acf":[],"yoast_head":"<!-- This site is optimized with the Yoast SEO plugin v27.3 - https:\/\/yoast.com\/product\/yoast-seo-wordpress\/ -->\n<title>MAAP #66: Im\u00e1genes Satelitales del Proyecto Hidroel\u00e9ctrico Belo Monte (Brasil) - MAAP<\/title>\n<meta name=\"robots\" content=\"index, follow, max-snippet:-1, max-image-preview:large, max-video-preview:-1\" \/>\n<link rel=\"canonical\" href=\"https:\/\/www.maapprogram.org\/es\/belo_monte\/\" \/>\n<meta property=\"og:locale\" content=\"es_ES\" \/>\n<meta property=\"og:type\" content=\"article\" \/>\n<meta property=\"og:title\" content=\"MAAP #66: Im\u00e1genes Satelitales del Proyecto Hidroel\u00e9ctrico Belo Monte (Brasil) - MAAP\" \/>\n<meta property=\"og:description\" content=\"El complejo hidroel\u00e9ctrico Belo Monte,\u00a0situado\u00a0en el r\u00edo Xing\u00fa en el este del Amazonas brasilero\u00a0(ver Imagen 66a), ha sido controversial por sus impactos ambientales y sociales relacionados a la construcci\u00f3n y funcionamiento de una de las represas m\u00e1s grandes del mundo, en un ecosistema vulnerable. La represa ha entrado recientemente en funcionamiento, ofreciendo una oportunidad para [&hellip;]\" \/>\n<meta property=\"og:url\" content=\"https:\/\/www.maapprogram.org\/es\/belo_monte\/\" \/>\n<meta property=\"og:site_name\" content=\"MAAP\" \/>\n<meta property=\"article:published_time\" content=\"2017-08-29T14:02:00+00:00\" \/>\n<meta property=\"article:modified_time\" content=\"2024-09-17T18:04:20+00:00\" \/>\n<meta property=\"og:image\" content=\"https:\/\/www.maapprogram.org\/wp-content\/uploads\/2017\/06\/XinguBasemap_alt.jpg\" \/>\n<meta name=\"author\" content=\"dcadmin\" \/>\n<meta name=\"twitter:card\" content=\"summary_large_image\" \/>\n<meta name=\"twitter:label1\" content=\"Escrito por\" \/>\n\t<meta name=\"twitter:data1\" content=\"dcadmin\" \/>\n\t<meta name=\"twitter:label2\" content=\"Tiempo de lectura\" \/>\n\t<meta name=\"twitter:data2\" content=\"5 minutos\" \/>\n<script type=\"application\/ld+json\" class=\"yoast-schema-graph\">{\"@context\":\"https:\\\/\\\/schema.org\",\"@graph\":[{\"@type\":\"Article\",\"@id\":\"https:\\\/\\\/www.maapprogram.org\\\/es\\\/belo_monte\\\/#article\",\"isPartOf\":{\"@id\":\"https:\\\/\\\/www.maapprogram.org\\\/es\\\/belo_monte\\\/\"},\"author\":{\"name\":\"dcadmin\",\"@id\":\"https:\\\/\\\/www.maapprogram.org\\\/es\\\/#\\\/schema\\\/person\\\/433e90c8debccfe16357e05627bbd443\"},\"headline\":\"MAAP #66: Im\u00e1genes Satelitales del Proyecto Hidroel\u00e9ctrico Belo Monte (Brasil)\",\"datePublished\":\"2017-08-29T14:02:00+00:00\",\"dateModified\":\"2024-09-17T18:04:20+00:00\",\"mainEntityOfPage\":{\"@id\":\"https:\\\/\\\/www.maapprogram.org\\\/es\\\/belo_monte\\\/\"},\"wordCount\":770,\"commentCount\":0,\"image\":{\"@id\":\"https:\\\/\\\/www.maapprogram.org\\\/es\\\/belo_monte\\\/#primaryimage\"},\"thumbnailUrl\":\"https:\\\/\\\/www.maapprogram.org\\\/wp-content\\\/uploads\\\/2017\\\/06\\\/XinguBasemap_alt.jpg\",\"keywords\":[\"MAAP #66\"],\"articleSection\":[\"Paises&gt;Brasil\",\"Represas\"],\"inLanguage\":\"es\",\"potentialAction\":[{\"@type\":\"CommentAction\",\"name\":\"Comment\",\"target\":[\"https:\\\/\\\/www.maapprogram.org\\\/es\\\/belo_monte\\\/#respond\"]}]},{\"@type\":\"WebPage\",\"@id\":\"https:\\\/\\\/www.maapprogram.org\\\/es\\\/belo_monte\\\/\",\"url\":\"https:\\\/\\\/www.maapprogram.org\\\/es\\\/belo_monte\\\/\",\"name\":\"MAAP #66: Im\u00e1genes Satelitales del Proyecto Hidroel\u00e9ctrico Belo Monte (Brasil) - MAAP\",\"isPartOf\":{\"@id\":\"https:\\\/\\\/www.maapprogram.org\\\/es\\\/#website\"},\"primaryImageOfPage\":{\"@id\":\"https:\\\/\\\/www.maapprogram.org\\\/es\\\/belo_monte\\\/#primaryimage\"},\"image\":{\"@id\":\"https:\\\/\\\/www.maapprogram.org\\\/es\\\/belo_monte\\\/#primaryimage\"},\"thumbnailUrl\":\"https:\\\/\\\/www.maapprogram.org\\\/wp-content\\\/uploads\\\/2017\\\/06\\\/XinguBasemap_alt.jpg\",\"datePublished\":\"2017-08-29T14:02:00+00:00\",\"dateModified\":\"2024-09-17T18:04:20+00:00\",\"author\":{\"@id\":\"https:\\\/\\\/www.maapprogram.org\\\/es\\\/#\\\/schema\\\/person\\\/433e90c8debccfe16357e05627bbd443\"},\"breadcrumb\":{\"@id\":\"https:\\\/\\\/www.maapprogram.org\\\/es\\\/belo_monte\\\/#breadcrumb\"},\"inLanguage\":\"es\",\"potentialAction\":[{\"@type\":\"ReadAction\",\"target\":[\"https:\\\/\\\/www.maapprogram.org\\\/es\\\/belo_monte\\\/\"]}]},{\"@type\":\"ImageObject\",\"inLanguage\":\"es\",\"@id\":\"https:\\\/\\\/www.maapprogram.org\\\/es\\\/belo_monte\\\/#primaryimage\",\"url\":\"https:\\\/\\\/www.maapprogram.org\\\/wp-content\\\/uploads\\\/2017\\\/06\\\/XinguBasemap_alt.jpg\",\"contentUrl\":\"https:\\\/\\\/www.maapprogram.org\\\/wp-content\\\/uploads\\\/2017\\\/06\\\/XinguBasemap_alt.jpg\"},{\"@type\":\"BreadcrumbList\",\"@id\":\"https:\\\/\\\/www.maapprogram.org\\\/es\\\/belo_monte\\\/#breadcrumb\",\"itemListElement\":[{\"@type\":\"ListItem\",\"position\":1,\"name\":\"Home\",\"item\":\"https:\\\/\\\/www.maapprogram.org\\\/es\\\/\"},{\"@type\":\"ListItem\",\"position\":2,\"name\":\"MAAP #66: Im\u00e1genes Satelitales del Proyecto Hidroel\u00e9ctrico Belo Monte (Brasil)\"}]},{\"@type\":\"WebSite\",\"@id\":\"https:\\\/\\\/www.maapprogram.org\\\/es\\\/#website\",\"url\":\"https:\\\/\\\/www.maapprogram.org\\\/es\\\/\",\"name\":\"MAAP\",\"description\":\"\",\"potentialAction\":[{\"@type\":\"SearchAction\",\"target\":{\"@type\":\"EntryPoint\",\"urlTemplate\":\"https:\\\/\\\/www.maapprogram.org\\\/es\\\/?s={search_term_string}\"},\"query-input\":{\"@type\":\"PropertyValueSpecification\",\"valueRequired\":true,\"valueName\":\"search_term_string\"}}],\"inLanguage\":\"es\"},{\"@type\":\"Person\",\"@id\":\"https:\\\/\\\/www.maapprogram.org\\\/es\\\/#\\\/schema\\\/person\\\/433e90c8debccfe16357e05627bbd443\",\"name\":\"dcadmin\",\"image\":{\"@type\":\"ImageObject\",\"inLanguage\":\"es\",\"@id\":\"https:\\\/\\\/secure.gravatar.com\\\/avatar\\\/83c0f4e5f994ae4e4b9ae78b382f373b07a15509b31a24d7d748f76e9925b825?s=96&d=mm&r=g\",\"url\":\"https:\\\/\\\/secure.gravatar.com\\\/avatar\\\/83c0f4e5f994ae4e4b9ae78b382f373b07a15509b31a24d7d748f76e9925b825?s=96&d=mm&r=g\",\"contentUrl\":\"https:\\\/\\\/secure.gravatar.com\\\/avatar\\\/83c0f4e5f994ae4e4b9ae78b382f373b07a15509b31a24d7d748f76e9925b825?s=96&d=mm&r=g\",\"caption\":\"dcadmin\"},\"sameAs\":[\"http:\\\/\\\/www.maapprogram.org\"],\"url\":\"https:\\\/\\\/www.maapprogram.org\\\/es\\\/author\\\/dcadmin\\\/\"}]}<\/script>\n<!-- \/ Yoast SEO plugin. -->","yoast_head_json":{"title":"MAAP #66: Im\u00e1genes Satelitales del Proyecto Hidroel\u00e9ctrico Belo Monte (Brasil) - MAAP","robots":{"index":"index","follow":"follow","max-snippet":"max-snippet:-1","max-image-preview":"max-image-preview:large","max-video-preview":"max-video-preview:-1"},"canonical":"https:\/\/www.maapprogram.org\/es\/belo_monte\/","og_locale":"es_ES","og_type":"article","og_title":"MAAP #66: Im\u00e1genes Satelitales del Proyecto Hidroel\u00e9ctrico Belo Monte (Brasil) - MAAP","og_description":"El complejo hidroel\u00e9ctrico Belo Monte,\u00a0situado\u00a0en el r\u00edo Xing\u00fa en el este del Amazonas brasilero\u00a0(ver Imagen 66a), ha sido controversial por sus impactos ambientales y sociales relacionados a la construcci\u00f3n y funcionamiento de una de las represas m\u00e1s grandes del mundo, en un ecosistema vulnerable. La represa ha entrado recientemente en funcionamiento, ofreciendo una oportunidad para [&hellip;]","og_url":"https:\/\/www.maapprogram.org\/es\/belo_monte\/","og_site_name":"MAAP","article_published_time":"2017-08-29T14:02:00+00:00","article_modified_time":"2024-09-17T18:04:20+00:00","og_image":[{"url":"https:\/\/www.maapprogram.org\/wp-content\/uploads\/2017\/06\/XinguBasemap_alt.jpg","type":"","width":"","height":""}],"author":"dcadmin","twitter_card":"summary_large_image","twitter_misc":{"Escrito por":"dcadmin","Tiempo de lectura":"5 minutos"},"schema":{"@context":"https:\/\/schema.org","@graph":[{"@type":"Article","@id":"https:\/\/www.maapprogram.org\/es\/belo_monte\/#article","isPartOf":{"@id":"https:\/\/www.maapprogram.org\/es\/belo_monte\/"},"author":{"name":"dcadmin","@id":"https:\/\/www.maapprogram.org\/es\/#\/schema\/person\/433e90c8debccfe16357e05627bbd443"},"headline":"MAAP #66: Im\u00e1genes Satelitales del Proyecto Hidroel\u00e9ctrico Belo Monte (Brasil)","datePublished":"2017-08-29T14:02:00+00:00","dateModified":"2024-09-17T18:04:20+00:00","mainEntityOfPage":{"@id":"https:\/\/www.maapprogram.org\/es\/belo_monte\/"},"wordCount":770,"commentCount":0,"image":{"@id":"https:\/\/www.maapprogram.org\/es\/belo_monte\/#primaryimage"},"thumbnailUrl":"https:\/\/www.maapprogram.org\/wp-content\/uploads\/2017\/06\/XinguBasemap_alt.jpg","keywords":["MAAP #66"],"articleSection":["Paises&gt;Brasil","Represas"],"inLanguage":"es","potentialAction":[{"@type":"CommentAction","name":"Comment","target":["https:\/\/www.maapprogram.org\/es\/belo_monte\/#respond"]}]},{"@type":"WebPage","@id":"https:\/\/www.maapprogram.org\/es\/belo_monte\/","url":"https:\/\/www.maapprogram.org\/es\/belo_monte\/","name":"MAAP #66: Im\u00e1genes Satelitales del Proyecto Hidroel\u00e9ctrico Belo Monte (Brasil) - MAAP","isPartOf":{"@id":"https:\/\/www.maapprogram.org\/es\/#website"},"primaryImageOfPage":{"@id":"https:\/\/www.maapprogram.org\/es\/belo_monte\/#primaryimage"},"image":{"@id":"https:\/\/www.maapprogram.org\/es\/belo_monte\/#primaryimage"},"thumbnailUrl":"https:\/\/www.maapprogram.org\/wp-content\/uploads\/2017\/06\/XinguBasemap_alt.jpg","datePublished":"2017-08-29T14:02:00+00:00","dateModified":"2024-09-17T18:04:20+00:00","author":{"@id":"https:\/\/www.maapprogram.org\/es\/#\/schema\/person\/433e90c8debccfe16357e05627bbd443"},"breadcrumb":{"@id":"https:\/\/www.maapprogram.org\/es\/belo_monte\/#breadcrumb"},"inLanguage":"es","potentialAction":[{"@type":"ReadAction","target":["https:\/\/www.maapprogram.org\/es\/belo_monte\/"]}]},{"@type":"ImageObject","inLanguage":"es","@id":"https:\/\/www.maapprogram.org\/es\/belo_monte\/#primaryimage","url":"https:\/\/www.maapprogram.org\/wp-content\/uploads\/2017\/06\/XinguBasemap_alt.jpg","contentUrl":"https:\/\/www.maapprogram.org\/wp-content\/uploads\/2017\/06\/XinguBasemap_alt.jpg"},{"@type":"BreadcrumbList","@id":"https:\/\/www.maapprogram.org\/es\/belo_monte\/#breadcrumb","itemListElement":[{"@type":"ListItem","position":1,"name":"Home","item":"https:\/\/www.maapprogram.org\/es\/"},{"@type":"ListItem","position":2,"name":"MAAP #66: Im\u00e1genes Satelitales del Proyecto Hidroel\u00e9ctrico Belo Monte (Brasil)"}]},{"@type":"WebSite","@id":"https:\/\/www.maapprogram.org\/es\/#website","url":"https:\/\/www.maapprogram.org\/es\/","name":"MAAP","description":"","potentialAction":[{"@type":"SearchAction","target":{"@type":"EntryPoint","urlTemplate":"https:\/\/www.maapprogram.org\/es\/?s={search_term_string}"},"query-input":{"@type":"PropertyValueSpecification","valueRequired":true,"valueName":"search_term_string"}}],"inLanguage":"es"},{"@type":"Person","@id":"https:\/\/www.maapprogram.org\/es\/#\/schema\/person\/433e90c8debccfe16357e05627bbd443","name":"dcadmin","image":{"@type":"ImageObject","inLanguage":"es","@id":"https:\/\/secure.gravatar.com\/avatar\/83c0f4e5f994ae4e4b9ae78b382f373b07a15509b31a24d7d748f76e9925b825?s=96&d=mm&r=g","url":"https:\/\/secure.gravatar.com\/avatar\/83c0f4e5f994ae4e4b9ae78b382f373b07a15509b31a24d7d748f76e9925b825?s=96&d=mm&r=g","contentUrl":"https:\/\/secure.gravatar.com\/avatar\/83c0f4e5f994ae4e4b9ae78b382f373b07a15509b31a24d7d748f76e9925b825?s=96&d=mm&r=g","caption":"dcadmin"},"sameAs":["http:\/\/www.maapprogram.org"],"url":"https:\/\/www.maapprogram.org\/es\/author\/dcadmin\/"}]}},"_links":{"self":[{"href":"https:\/\/www.maapprogram.org\/es\/wp-json\/wp\/v2\/posts\/21261","targetHints":{"allow":["GET"]}}],"collection":[{"href":"https:\/\/www.maapprogram.org\/es\/wp-json\/wp\/v2\/posts"}],"about":[{"href":"https:\/\/www.maapprogram.org\/es\/wp-json\/wp\/v2\/types\/post"}],"author":[{"embeddable":true,"href":"https:\/\/www.maapprogram.org\/es\/wp-json\/wp\/v2\/users\/1"}],"replies":[{"embeddable":true,"href":"https:\/\/www.maapprogram.org\/es\/wp-json\/wp\/v2\/comments?post=21261"}],"version-history":[{"count":1,"href":"https:\/\/www.maapprogram.org\/es\/wp-json\/wp\/v2\/posts\/21261\/revisions"}],"predecessor-version":[{"id":23220,"href":"https:\/\/www.maapprogram.org\/es\/wp-json\/wp\/v2\/posts\/21261\/revisions\/23220"}],"wp:attachment":[{"href":"https:\/\/www.maapprogram.org\/es\/wp-json\/wp\/v2\/media?parent=21261"}],"wp:term":[{"taxonomy":"category","embeddable":true,"href":"https:\/\/www.maapprogram.org\/es\/wp-json\/wp\/v2\/categories?post=21261"},{"taxonomy":"post_tag","embeddable":true,"href":"https:\/\/www.maapprogram.org\/es\/wp-json\/wp\/v2\/tags?post=21261"},{"taxonomy":"ftr_agriculture","embeddable":true,"href":"https:\/\/www.maapprogram.org\/es\/wp-json\/wp\/v2\/ftr_agriculture?post=21261"},{"taxonomy":"carbon-and-climate-change","embeddable":true,"href":"https:\/\/www.maapprogram.org\/es\/wp-json\/wp\/v2\/carbon-and-climate-change?post=21261"},{"taxonomy":"ftr_country","embeddable":true,"href":"https:\/\/www.maapprogram.org\/es\/wp-json\/wp\/v2\/ftr_country?post=21261"},{"taxonomy":"fire","embeddable":true,"href":"https:\/\/www.maapprogram.org\/es\/wp-json\/wp\/v2\/fire?post=21261"},{"taxonomy":"infrastructure-threat","embeddable":true,"href":"https:\/\/www.maapprogram.org\/es\/wp-json\/wp\/v2\/infrastructure-threat?post=21261"},{"taxonomy":"land-use","embeddable":true,"href":"https:\/\/www.maapprogram.org\/es\/wp-json\/wp\/v2\/land-use?post=21261"},{"taxonomy":"mining-and-logging-threat","embeddable":true,"href":"https:\/\/www.maapprogram.org\/es\/wp-json\/wp\/v2\/mining-and-logging-threat?post=21261"},{"taxonomy":"natural-forest-loss","embeddable":true,"href":"https:\/\/www.maapprogram.org\/es\/wp-json\/wp\/v2\/natural-forest-loss?post=21261"},{"taxonomy":"special-analysis","embeddable":true,"href":"https:\/\/www.maapprogram.org\/es\/wp-json\/wp\/v2\/special-analysis?post=21261"}],"curies":[{"name":"wp","href":"https:\/\/api.w.org\/{rel}","templated":true}]}}