{"id":21265,"date":"2015-09-19T21:00:00","date_gmt":"2015-09-19T21:00:00","guid":{"rendered":"https:\/\/www.maapprogram.org\/maap-sintesis1\/"},"modified":"2024-09-17T13:51:12","modified_gmt":"2024-09-17T13:51:12","slug":"maap-sintesis1","status":"publish","type":"post","link":"https:\/\/www.maapprogram.org\/es\/maap-sintesis1\/","title":{"rendered":"MAAP S\u00edntesis #1: Patrones y Drivers de la Deforestaci\u00f3n en la Amazon\u00eda Peruana"},"content":{"rendered":"<p>En este reporte se presenta un <strong>an\u00e1lisis preliminar de los patrones y causas (drivers) actuales de la deforestaci\u00f3n en la Amazon\u00eda Peruana<\/strong>. Este an\u00e1lisis se basa mayormente en los <a href=\"https:\/\/www.maapprogram.org\/category\/imags\/\">primeros 15 reportes publicados en el MAAP<\/a>, a trav\u00e9s de nuestro sistema de monitoreo en tiempo casi real, entre los meses de Abril y Setiembre del 2015. El reporte ha identificado <strong>tres\u00a0drivers principales<\/strong> de la deforestaci\u00f3n en la Amazon\u00eda peruana: plantaciones a gran escala de<strong> palma aceitera y cacao<\/strong>, la <strong>miner\u00eda aur\u00edfera<\/strong> y el cultivo de <strong>coca<\/strong>. Tambi\u00e9n se presentan resultados sobre la apertura de <strong>caminos forestales<\/strong>, los cuales contribuyen a la degradaci\u00f3n del bosque.<\/p>\n<div id=\"attachment_3608\" class=\"thumbnail aligncenter\"><a href=\"https:\/\/www.maapprogram.org\/wp-content\/uploads\/2015\/09\/MAAP_Synthe_Sa_v4_e.jpg\"><img decoding=\"async\" class=\"wp-image-3608 size-large\" src=\"https:\/\/www.maapprogram.org\/wp-content\/uploads\/2015\/09\/MAAP_Synthe_Sa_v4_e-1314x1700.jpg\" alt=\"MAAP_Synthe_Sa_v4_e\" width=\"680\" height=\"880\" \/><\/a><div class=\"caption\">Imagen S1a. Patrones y drivers recientes de la deforestaci\u00f3n en la Amazon\u00eda Peruana. Los n\u00fameros indican los art\u00edculos relevantes del MAAP. Datos: SERNANP, IBC, MINAM-PNCB\/MINAGRI-SERFOR, MAAP.<\/div><\/div>\n<div class=\"fitem-sep\"><\/div>\n<h3><strong>Introducci\u00f3n &amp; Resultados Clave<\/strong><\/h3>\n<p>Utilizando esta informaci\u00f3n hist\u00f3rica y anual, nuestra meta dentro del MAAP fue el monitoreo de la deforestaci\u00f3n en tiempo casi real. Desde abril de 2015, hemos publicado diversos art\u00edculos analizando la p\u00e9rdida de cobertura en \u00e1reas ubicadas en el norte, centro y sur de la Amazon\u00eda peruana. Como resultado de este an\u00e1lisis, hemos descubierto que <strong>tres de los drivers m\u00e1s importantes de la deforestaci\u00f3n<\/strong>, fueron <strong>las plantaciones a gran escala de palma aceitera (y cacao), la miner\u00eda aur\u00edfera, y el cultivo de coca<\/strong>. As\u00ed tambi\u00e9n, se descubri\u00f3 una red creciente de <strong>caminos de extracci\u00f3n forestal <\/strong>fuera de \u00e1reas destinadas para el aprovechamiento sostenible, que estar\u00eda contribuyendo a la degradaci\u00f3n del bosque. En la Imagen S1a puede notarse la distribuci\u00f3n geogr\u00e1fica general de los drivers de deforestaci\u00f3n y degradaci\u00f3n identificados hasta el momento.<\/p>\n<p>La <strong>Imagen S1a<\/strong>, muestra los patrones recientes (2000 \u2013 2013) de la deforestaci\u00f3n en la Amazon\u00eda peruana, en base a la informaci\u00f3n generada por el Ministerios del Ambiente<a href=\"#_edn1\" name=\"_ednref1\">[i]<\/a> y el Ministerio de Agricultura<a href=\"#_edn2\" name=\"_ednref2\">[ii]<\/a> del Per\u00fa. Se ha documentado la p\u00e9rdida de bosques de alrededor de 1,65 millones de hect\u00e1reas (ha) en la Amazon\u00eda peruana entre 2001 y 2014, con una tendencia creciente en los a\u00f1os recientes (la mayor p\u00e9rdida de la cobertura forestal se registr\u00f3 en 2014, con 177.571 ha).<a href=\"#_edn3\" name=\"_ednref3\">[iii]<\/a><sup>, <\/sup><a href=\"#_edn4\" name=\"_ednref4\">[iv]<\/a> Un informe reciente del Gobierno peruano, se\u00f1al\u00f3 que la mayor\u00eda (75%) de la deforestaci\u00f3n amaz\u00f3nica se debe a las actividades de desbosque a peque\u00f1a escala relacionadas con actividades agr\u00edcolas y ganaderas, y generalmente pr\u00f3ximas a carreteras y\/o r\u00edos.<a href=\"#_edn5\" name=\"_ednref5\">[v]<\/a><\/p>\n<p>Se ha estimado el desbosque de alrededor de <strong>30.000 hect\u00e1reas de bosque primario desde el a\u00f1o 2000 para plantaciones a gran escala de palma aceitera y cacao<\/strong>. Recientemente, el cultivo de cacao se ha sumado al de la palma aceitera como un motor de la deforestaci\u00f3n, debido al arribo de una empresa multinacional y su implementaci\u00f3n del modelo agroindustrial a gran escala, en lugar de las plantaciones tradicionales a peque\u00f1a escala en tierras previamente degradadas.<\/p>\n<p>Por otra parte,<strong> la miner\u00eda aur\u00edfera ha ocasionado la deforestaci\u00f3n de m\u00e1s de 43.000 ha desde el a\u00f1o 2000<\/strong>, principalmente en la regi\u00f3n de Madre de Dios. En los \u00faltimos a\u00f1os, dicha deforestaci\u00f3n se ha concentrado en la zona de amortiguamiento de la Reserva Nacional Tambopata, en el \u00e1rea conocida como \u2018\u2018La Pampa\u2019\u2019.<\/p>\n<p>En el \u00faltimo reporte de <em>Monitoreo de Cultivos de Coca 2014<\/em> de la UNODC (2015) se menciona que el \u00e1rea de<strong> cultivos de coca<\/strong> ha disminuido en el Per\u00fa, sin embargo continua siendo un motor significativo de la deforestaci\u00f3n, particularmente dentro y alrededor de \u00e1reas protegidas ubicadas en zonas remotas. Se estima que existen 7,900 ha de coca en la zona de amortiguamiento de 13 \u00e1reas protegidas..Para este reporte se indica que se han deforestado 143 ha dentro de la Zona Reservada Sierra del Divisor las cuales estar\u00edan relacionadas a la coca.<\/p>\n<p>Adem\u00e1s, se han deforestado unas 2.638 ha como consecuencia de los cambios de la cobertura del suelo por agricultura migratoria, incluyendo el cultivo de coca, dentro y alrededor del Parque Nacional Bahuaja Sonene.<\/p>\n<p>Finalmente, se documenta la reciente expansi\u00f3n de <strong>caminos de extracci\u00f3n forestal <\/strong>en la parte central de la Amazon\u00eda peruana (especialmente entre las cuencas de los r\u00edos Ucayali y Urubamba). Este hallazgo es importante dada la dificultad de detectar la tala selectiva a trav\u00e9s del uso de im\u00e1genes satelitales,. La identificaci\u00f3n de caminos es un indicador de que se est\u00e1 realizando la tala selectiva en un \u00e1rea determinada.<\/p>\n<p>Adicionalmente sa han identificado ciertos <strong>patrones geogr\u00e1ficos<\/strong> relacionados a los cuatro patrones descritos anteriormente. Por ejemplo, los cultivos de palma aceitera (y cacao) a gran escala est\u00e1n concentrados en la parte norte y centro de la Amazon\u00eda peruana, mientras que la deforestaci\u00f3n generada por la miner\u00eda aur\u00edfera se ha producido generalmente en el sur. La deforestaci\u00f3n generada por coca est\u00e1 presente en gran parte de la Amazon\u00eda peruana, pero parece ser particularmente problem\u00e1tica en la parte sur de la Amazon\u00eda peruana. La construcci\u00f3n de nuevos caminos de extracci\u00f3n forestal, se concentra en la parte central de la Amazon\u00eda peruana.<\/p>\n<p>La deforestaci\u00f3n documentada en este reporte ha sido causada de manera<strong> il\u00edcita y l\u00edcita<\/strong>. Respecto a la primera modalidad, existe una vasta deforestaci\u00f3n que ha sido generada por la miner\u00eda aur\u00edfera y el cultivo il\u00edcito de coca. En cuanto a la segunda, las empresas de palma aceitera y cacao estar\u00edan aprovechando los vac\u00edos en el marco legal peruano que facilitar\u00edan el cambio de uso de suelo, y por ende el desbosque a gran escala, para proyectos agr\u00edcolas.<\/p>\n<div class=\"fitem-sep\"><\/div>\n<h3><strong>La Agricultura a Gran Escala (Palma Aceitera y Cacao)<\/strong><\/h3>\n<div id=\"attachment_3609\" class=\"thumbnail aligncenter\"><a href=\"https:\/\/www.maapprogram.org\/wp-content\/uploads\/2015\/09\/MAAP_Synthe_Sb_v4_e.jpg\"><img decoding=\"async\" class=\"wp-image-3609 size-large\" src=\"https:\/\/www.maapprogram.org\/wp-content\/uploads\/2015\/09\/MAAP_Synthe_Sb_v4_e-1500x1159.jpg\" alt=\"MAAP_Synthe_Sb_v4_e\" width=\"680\" height=\"525\" \/><\/a><div class=\"caption\">Imagen S1b. La deforestaci\u00f3n agr\u00edcola a gran escala en la parte norte de la Amazon\u00eda peruana. Los n\u00fameros indican los art\u00edculos relevantes del MAAP. Datos: SERNANP, IBC, MINAM-PNCB\/MINAGRI-SERFOR, MAAP.<\/div><\/div>\n<p>En la <strong>Imagen S1b<\/strong> se muestra a <strong>la agricultura a gran escala, concretamente la palma aceitera y cacao<\/strong>, como un motor importante de la deforestaci\u00f3n en la Amazon\u00eda norte del Per\u00fa.<\/p>\n<p>Se ha identificado que algunas empresas de palma aceitera y cacao est\u00e1 cambiando el modelo de producci\u00f3n en el Per\u00fa de peque\u00f1a escala a uno a gran escala agroindustrial. Prueba de esto son las recientes declaraciones del Director General de la <em>United Cacao<\/em>, Dennis Melka, quien manifest\u00f3 abiertamente que su empresa est\u00e1 intentando duplicar el modelo agroindustrial utilizado por las empresas de palma aceitera en el sudeste Asi\u00e1tico. <a href=\"#_edn6\" name=\"_ednref6\">[vi]<\/a><\/p>\n<p>Un efecto notable de estas plantaciones a gran escala es que usualmente se dan en extensas \u00e1reas de bosques primarios, mientras que las plantaciones a peque\u00f1a escala pueden aprovecharse mejor de tierras que han sido previamente desforestadas.<a href=\"#_edn7\" name=\"_ednref7\">[vii]<\/a> Se estim\u00f3 el desbosque dem\u00e1s de <strong>30.000 hect\u00e1reas de bosque primario<\/strong><strong> desde el a\u00f1o 2000 para el establecimiento de plantaciones a gran escala de palma aceitera y cacao<\/strong>. Por otra parte, el desbosque de bosque primario fue mucho menor, alrededor de 575 ha, para la palma aceitera bajo el modelo de producci\u00f3n a peque\u00f1a escala.<\/p>\n<p>Se realiz\u00f3 un an\u00e1lisis adicional para determinar si las plantaciones de palma aceitera (tanto a peque\u00f1a como a gran escala) y de cacao (a gran escala) se establecieron a costa de tierras con bosque primario, bosque secundario, o en aquellas que ya estaban deforestadas. Consideramos como \u2018\u2018bosque primario\u2019\u2019 a todas aquellas \u00e1reas con cobertura de dosel densa y cerrada utilizando las im\u00e1genes del sat\u00e9lite Landsat m\u00e1s antiguas (generalmente durante la d\u00e9cada de 1980).<\/p>\n<p>A continuaci\u00f3n se muestra un <strong>detalle de las 30,000 ha<\/strong> de bosque primario perdidos por las plantaciones a gran escala.<\/p>\n<p>Los art\u00edculos <a href=\"https:\/\/www.maapprogram.org\/2015\/03\/rapid-clearing-for-large-scale-agriculture-in-tamshiyacu\/\">#2<\/a>,<a href=\"https:\/\/www.maapprogram.org\/2015\/06\/imagen-9-cacao-tamshiyacu\/\">#9<\/a> y #13 del MAAP demostraron que aproximadamente el desbosque de 2,126 ha de bosque primario por la empresa local Cacao del Peru Norte, entre mayo de 2013 y agosto de 2014 en las afueras del pueblo de Tamshiyacu en la Amazon\u00eda norte peruana (Loreto).<\/p>\n<p>En el art\u00edculo <a href=\"https:\/\/www.maapprogram.org\/2015\/04\/imagen-4-proyectos-de-aceite-de-palma-deforestan-el-bosque-primario-de-la-amazonia-peruana-primera-parte-nueva-requena\/\">#4<\/a> del MAAP se detall\u00f3 la deforestaci\u00f3n de 9.400 ha de bosque primario (m\u00e1s otras 2.350 ha de bosque secundario) entre 2011 y 2015, generada por dos proyectos a gran escala de palma aceitera cerca del poblado de Nueva Requena en la Amazon\u00eda central peruana (Ucayali).<\/p>\n<p>Adicionalmente, con el an\u00e1lisis de MAAP, (an\u00e1lisis todav\u00eda no publicado hasta la fecha de este reporte), se ha demostrado el desbosque de 6.974 ha de bosque primario en los proyectos de Palmas de Shanusi y Palmas del Oriente (proyectos del Grupo Palmas) entre 2006 y 2011, aunque se mantuvieron el 30% de reservas de cobertura forestal legalmente exigidas. As\u00ed tambi\u00e9n se ha registrado el desbosque de 8,225 ha de bosque primario en \u00e1reas pr\u00f3ximas de ambos proyectos, cuyo impacto sirvi\u00f3 de incentivo para la apertura de nuevas \u00e1reas para palma.<\/p>\n<p>Por \u00faltimo, tambi\u00e9n se ha documentado la p\u00e9rdida de casi 3.500 ha de bosque primario en otros proyectos de palma aceitera en las Regiones de San Martin y Ucayali.<\/p>\n<p>Es importante mencionar que varias de las empresas de palma aceitera y cacao aprovecharian los vac\u00edos e imprecisiones en el marco legal peruano, que estar\u00edan facilitando la deforestaci\u00f3n a gran escala para proyectos agr\u00edcolas.<a href=\"#_edn8\" name=\"_ednref8\">[viii]<\/a> Incluso, algunas de ellas argumentan que seg\u00fan la legislaci\u00f3n peruana, est\u00e1rian involucradas en \u201cel desbosque\u201d l\u00edcito, y no la \u201cdeforestaci\u00f3n\u201d il\u00edcita.<a href=\"#_edn9\" name=\"_ednref9\">[ix]<\/a><\/p>\n<div class=\"fitem-sep\"><\/div>\n<h3><strong>La Miner\u00eda Aur\u00edfera<\/strong><\/h3>\n<div id=\"attachment_3610\" class=\"thumbnail aligncenter\"><a href=\"https:\/\/www.maapprogram.org\/wp-content\/uploads\/2015\/09\/MAAP_Synthe_Sc_v4_e.jpg\"><img decoding=\"async\" class=\"wp-image-3610 size-large\" src=\"https:\/\/www.maapprogram.org\/wp-content\/uploads\/2015\/09\/MAAP_Synthe_Sc_v4_e-1500x1159.jpg\" alt=\"MAAP_Synthe_Sc_v4_e\" width=\"680\" height=\"525\" \/><\/a><div class=\"caption\">Imagen S1c. La miner\u00eda aur\u00edfera en la Amazon\u00eda peruana. Los n\u00fameros indican los art\u00edculos relevantes del MAAP. Datos: SERNANP, IBC, MINAM-PNCB\/MINAGRI-SERFOR, MAAP.<\/div><\/div>\n<p>En la <strong>Imagen S1c<\/strong> se muestra que la deforestaci\u00f3n generada por la miner\u00eda aur\u00edfera est\u00e1 concentrada, en su mayor\u00eda, en la <strong>parte sur de la Amazon\u00eda peruana<\/strong>, particularmente en las regiones de Madre de Dios y Cusco.<\/p>\n<p>Seg\u00fan la literatura cient\u00edfica<sup>10<\/sup>, la deforestaci\u00f3n generada por la miner\u00eda aur\u00edfera en <strong>Madre de Dios<\/strong> aument\u00f3 de 10,000 ha en 2000 a 50,000 ha en el 2012.<a href=\"#_edn10\" name=\"_ednref10\">[x]<\/a> En los art\u00edculos <a href=\"https:\/\/www.maapprogram.org\/2015\/03\/se-expande-deforestacion-en-la-amazonia-peruana-por-mineria-de-oro\/\">#1<\/a>, <a href=\"https:\/\/www.maapprogram.org\/2015\/05\/image-5-gold-mining-deforestation-intensifies-along-upper-malinowski-madre-de-dios-peru-_\/\">#5<\/a> y <a href=\"https:\/\/www.maapprogram.org\/2015\/08\/imagen12-lapampa\/\">#12<\/a> del MAAP, se documentaron cerca de 2,774 ha deforestadas entre 2013 y 2015 en dos centros de actividad de miner\u00eda aur\u00edfera (en La Pampa y en la cuenca alta del r\u00edo Malinowski), ambos ubicados dentro da la zona de amortiguamiento de la Reserva Nacional Tambopata. Adem\u00e1s, en el MAAP <a href=\"https:\/\/www.maapprogram.org\/2015\/06\/imagen-6-amarakaeri\/\">#6<\/a><u>,<\/u> se mostr\u00f3 que la deforestaci\u00f3n generada por la miner\u00eda aur\u00edfera est\u00e1 expandi\u00e9ndose desde otro centro antiguo de actividad minera en Madre de Dios (Huepetuhe) hacia la Reserva Comunal Amarakaeri (11 ha).<\/p>\n<p>Debe mencionarse que la mayor\u00eda de la deforestaci\u00f3n generada por la miner\u00eda aur\u00edfera en Madre de Dios, es il\u00edcita porque es realizada en zonas de amortiguamiento de \u00e1reas protegidas donde no se permite la miner\u00eda bajo el proceso de formalizaci\u00f3n liderado por el Gobierno.<\/p>\n<p>En los art\u00edculos <a href=\"https:\/\/www.maapprogram.org\/2015\/06\/imagen-6-amarakaeri\/\">#6<\/a> y <a href=\"https:\/\/www.maapprogram.org\/2015\/09\/imagen-14-cusco\/\">#14<\/a> del MAAP se detall\u00f3 la deforestaci\u00f3n recientemente generada por la miner\u00eda aur\u00edfera en la regi\u00f3n<strong> Cusco. <\/strong>Espec\u00edficamente, se document\u00f3 la deforestaci\u00f3n de 967 ha a lo largo del r\u00edo Nuciniscato y sus mayores tributarios desde el a\u00f1o 2000 (con la gran mayor\u00eda ocurriendo desde 2010). Mucha de dicha deforestaci\u00f3n, parece estar vinculada a la miner\u00eda aur\u00edfera.<\/p>\n<p>En total, <strong>la deforestaci\u00f3n <\/strong><strong>generada por miner\u00eda aur\u00edfera en las regiones de Madre de Dios y Cusco asciende por lo menos a 53.750 ha,<\/strong><a href=\"#_edn11\" name=\"_ednref11\">[xi]<\/a> y m\u00e1s del 80% de la misma ha ocurrido desde el 2000. Este total es solamente una muestra debido a que no se han realizado estudios detallados de la deforestaci\u00f3n que ocurri\u00f3 entre el 2013 y el 2015 en todas las zonas conocidas de miner\u00eda aur\u00edfera en ambas regions.<\/p>\n<p>As\u00ed tambi\u00e9n, en el MAAP <a href=\"https:\/\/www.maapprogram.org\/2015\/06\/imagen-7-sierra-del-divisor\/\">#7<\/a> se documentaron dos zonas de miner\u00eda aur\u00edfera activas en la regi\u00f3n de <strong>Ucayali<\/strong> (a lo largo de los r\u00edos Shesha y Abujao, respectivamente). La mayor parte de esta deforestaci\u00f3n ocurri\u00f3 entre el 2000 y 2012.<\/p>\n<div class=\"fitem-sep\"><\/div>\n<h3><strong>Cultivo de Coca<\/strong><\/h3>\n<div id=\"attachment_3611\" class=\"thumbnail aligncenter\"><a href=\"https:\/\/www.maapprogram.org\/wp-content\/uploads\/2015\/09\/MAAP_Synthe_Sd_v4_e.jpg\"><img decoding=\"async\" class=\"wp-image-3611 size-large\" src=\"https:\/\/www.maapprogram.org\/wp-content\/uploads\/2015\/09\/MAAP_Synthe_Sd_v4_e-1314x1700.jpg\" alt=\"MAAP_Synthe_Sd_v4_e\" width=\"680\" height=\"880\" \/><\/a><div class=\"caption\">Imagen S1d. \u00c1reas de cultivo de coca en la Amazon\u00eda peruana. Los n\u00fameros indican los art\u00edculos relevantes del MAAP. Datos: UNODC 2014, MINAM-PNCB\/MINAGRI-SERFOR, SERNANP, NatureServe.<\/div><\/div>\n<p>Aunque en el informe m\u00e1s reciente de la Oficina de las Naciones Unidas contra la Droga y el Delito (UNODC) se menciona que en general el cultivo de coca est\u00e1 disminuyendo en el Per\u00fa,<a href=\"#_edn12\" name=\"_ednref12\">[xii]<\/a> los hallazgos reportados ilustran que contin\u00faa siendo un <strong>motor principal de la deforestaci\u00f3n<\/strong> en ciertas \u00e1reas, particularmente dentro y alrededor de \u00e1reas protegidas en zonas remotas. Se estima que existen 7,900 ha de coca en la zona de amortiguamiento de 13 \u00e1reas protegidas.<\/p>\n<p>En la <strong>Imagen S1d<\/strong> se muestran los datos de coca del informe m\u00e1s reciente de las Naciones Unidas en relaci\u00f3n a la distribuci\u00f3n de las \u00e1reas protegidas. De \u00e9stas, hasta la fecha se han presentado resultados en tres art\u00edculos cuyos principales hallazgos son detallados a continuaci\u00f3n.<\/p>\n<p>En los art\u00edculos <a href=\"https:\/\/www.maapprogram.org\/2015\/06\/imagen-7-sierra-del-divisor\/\">#7<\/a> y <a href=\"https:\/\/www.maapprogram.org\/2015\/06\/imagen-8-sierradivisor\/\">#8<\/a> del MAAP se muestra la reciente deforestaci\u00f3n relacionada con cultivos de coca al interior de la secci\u00f3n sur de la <strong>Zona Reservada<\/strong> <strong>Sierra del Divisor<\/strong>. Esta \u00e1rea protegida es particularmente importante porque podr\u00eda ser una de las \u00faltimas en alcanzar la categor\u00eda de parque nacional. Espec\u00edficamente, se document\u00f3 la deforestaci\u00f3n de 130 ha generada por el cultivo de la coca entre 2013 y 2014 al interior del sector suroeste de la Zona Reservada, y m\u00e1s recientemente una nueva \u00e1rea desboscada de 13 ha en junio de 2015, en el coraz\u00f3n del \u00e1rea, sector sureste.<\/p>\n<p>El art\u00edculo <a href=\"https:\/\/www.maapprogram.org\/2015\/07\/imagen-10-bahuaja\/\">#10<\/a> del MAAP mostr\u00f3 que la deforestaci\u00f3n causada por la\u00a0<strong>agricultura migratoria asociada a\u00a0cultivos de coca<\/strong> es adem\u00e1s un gran problema al interior y alrededor del <strong>Parque Nacional<\/strong> <strong>Bahuaja Sonene<\/strong>, ubicado en la parte sur de la Amazon\u00eda peruana. Espec\u00edficamente, se encontr\u00f3 la deforestaci\u00f3n reciente de 538 hect\u00e1reas dentro del sector sur del Parque, y otras 2.100 hect\u00e1reas m\u00e1s en la zona de amortiguamiento circundante. Mucha de esta deforestaci\u00f3n, est\u00e1 relacionada con el cultivo de coca, puesto que el informe m\u00e1s reciente de la UNODC indic\u00f3 que dichas \u00e1reas contienen altas densidades de plantaciones de coca.<\/p>\n<p>El art\u00edculo <a href=\"https:\/\/www.maapprogram.org\/2015\/09\/imagen-14-cusco\/\">#14<\/a> del MAAP documenta la deforestaci\u00f3n de 477 ha a lo largo del <strong>r\u00edo Nojonunta en Cusco<\/strong> desde el a\u00f1o 2000 (con un gran apogeo a partir de 2010). Mucha de dicha deforestaci\u00f3n, probablemente est\u00e1 vinculada al cultivo de coca, debido a que el informe m\u00e1s reciente de las Naciones Unidas indica que dichas \u00e1reas contienen medias a altas densidades de plantaciones de coca.<strong><br \/>\n<\/strong><\/p>\n<div class=\"fitem-sep\"><\/div>\n<h3><strong>V\u00edas de Extracci\u00f3n Forestal<\/strong><\/h3>\n<div id=\"attachment_3612\" class=\"thumbnail aligncenter\"><a href=\"https:\/\/www.maapprogram.org\/wp-content\/uploads\/2015\/09\/MAAP_Synthe_Se_v3_e.jpg\"><img decoding=\"async\" class=\"wp-image-3612 size-large\" src=\"https:\/\/www.maapprogram.org\/wp-content\/uploads\/2015\/09\/MAAP_Synthe_Se_v3_e-1314x1700.jpg\" alt=\"MAAP_Synthe_Se_v3_e\" width=\"680\" height=\"880\" \/><\/a><div class=\"caption\">Imagen S1e. Caminos de extracci\u00f3n forestal en la Amazon\u00eda peruana. Los n\u00fameros indican los art\u00edculos relevantes del MAAP. Datos: SERNANP, IBC, MINAM-PNCB\/MINAGRI-SERFOR, MINAGRI, MAAP.<\/div><\/div>\n<p>Uno de los mayores avances descubiertos en el transcurso del presente trabajo fue la habilidad de identificar la <strong>expansi\u00f3n de nuevas v\u00edas de extracci\u00f3n forestal<\/strong>. Dicho avance es importante porque en el pasado era dif\u00edcil detectar con exactitud la presencia de tala ilegal a trav\u00e9s del uso de im\u00e1genes satelitales, en especial considerando que esta actividad generalmente es realizada de forma selectiva y dirigida hacia especies de alto valor comercial, lo cual no siempre genera claros grandes en el bosque que puedan ser mediante el an\u00e1lisis de im\u00e1genes de sat\u00e9lite.<\/p>\n<p>La <strong>Imagen S1e<\/strong> ilustra las v\u00edas de extracci\u00f3n forestal activas que hemos detectado recientemente. De estas \u00e1reas, nos hemos enfocado en las dos que detallamos a continuaci\u00f3n.<\/p>\n<p>El articulo <a href=\"https:\/\/www.maapprogram.org\/2015\/04\/deteccion-de-construccion-de-nuevas-carreteras-en-el-sur-de-loreto-peru\/\">#3<\/a> del MAAP, muestra la r\u00e1pida proliferaci\u00f3n de dos redes nuevas de v\u00edas en la parte norte de la Amazon\u00eda peruana (Loreto). Se destaca la construcci\u00f3n de 148 km de v\u00edas nuevas, posiblemente caminos ilegales, a trav\u00e9s de bosques primarios entre 2013 y 2014. Uno de los caminos se encuentra dentro de la zona de amortiguamiento del Parque Nacional Cordillera Azul.<\/p>\n<p>As\u00ed tambi\u00e9n, el reciente art\u00edculo <a href=\"https:\/\/www.maapprogram.org\/2015\/06\/imagen-7-sierra-del-divisor\/\">#7<\/a> del MAAP, muestra la expansi\u00f3n de nuevos caminos de explotaci\u00f3n forestal cerca de las secciones sur y noroeste de la Zona Reservada Sierra del Divisor. En ambos casos, la expansi\u00f3n es muy reciente (entre 2013 y 2015).<\/p>\n<div class=\"fitem-sep\"><\/div>\n<h3><strong>Conclusiones y Recomendaciones<\/strong><\/h3>\n<ul>\n<li>El reporte ha identificado tres principals\u00a0drivers de deforestaci\u00f3n en la Amazon\u00eda peruana, tales como las plantaciones a gran escala de palma aceitera y cacao, la miner\u00eda aur\u00edfera y el cultivo de coca. La apertura de v\u00edas forestales, si bien no es una agente directo en la deforestaci\u00f3n, contribuye con la degradaci\u00f3n del bosque.<\/li>\n<li>Se han identificado ciertos patrones geogr\u00e1ficos relacionados a los\u00a0drivers descritos anteriormente. Se encontr\u00f3 que la palma aceitera (y cacao) a gran escala est\u00e1 concentrada en la parte norte y centro de la Amazon\u00eda peruana, mientras que la deforestaci\u00f3n generada por la miner\u00eda aur\u00edfera se ha producido generalmente en el sur. La deforestaci\u00f3n generada por coca est\u00e1 presente en gran parte del territorio, pero parece ser particularmente problem\u00e1tica en la parte sur de la Amazon\u00eda peruana. La construcci\u00f3n de nuevos caminos de extracci\u00f3n forestal, se concentra en la parte central de la Amazon\u00eda peruana.<\/li>\n<li>Se estima el desbosques de cerca de 30,000 hect\u00e1reas de bosque primario desde el 2000 para cultivos a gran escala de palma aceitera y cacao. A diferencia de \u00e1reas de menor escala donde se ha calculado cerca de 575 has abiertas solamente para palma aceitera. Se ha identificado adem\u00e1s, que varias de las empresas podr\u00edan estar aprovechando los vac\u00edos en la legislaci\u00f3n peruana para el establecimiento de \u00e1reas de producci\u00f3n de gran escala de palma aceitera y cacao.<\/li>\n<li>Se ha documentado la deforestaci\u00f3n de m\u00e1s de 53,000 has por miner\u00eda aur\u00edfera en las regiones de Madre de Dios y Cusco, de la cual el 80% ha ocurrido desde el 2000. As\u00ed tambi\u00e9n se identificaron dos \u00e1reas mineras que a\u00fan permanecen activas en la regi\u00f3n Ucayali, y que se ubican en las cuencas de los r\u00edos Sheshea\u00a0y Abujao.<\/li>\n<li>A pesar de los esfuerzos del Gobierno peruano en disminuir las \u00e1reas de cultivo de coca el Per\u00fa, a\u00fan existen algunos sectores donde este driver contin\u00faa siendo un motor principal de la deforestaci\u00f3n, particularmente dentro y alrededor de \u00e1reas protegidas como la Zona Reservada Sierra del Divisor y el Parque Nacional Bahuaja Sonene.<\/li>\n<li>Se ha reportado la expansi\u00f3n de v\u00edas de extracci\u00f3n forestal especialmente en la Amazon\u00eda central, en las cuencas de los r\u00edos Ucayali y Urubamba. La detecci\u00f3n de estas v\u00edas es un indicador de actividades de tala ilegal en aquellas \u00e1reas que no cuentan con una modalidad de aprovechamiento sostenible.<\/li>\n<li>El sistema de monitoreo en tiempo casi real empleado para la identificaci\u00f3n de los drivers de deforestaci\u00f3n publicados ha demostrado ser eficiente como una herramienta de detecci\u00f3n temprana. Esto permiti\u00f3 una r\u00e1pida articulaci\u00f3n con diversos sectores del estado y de la sociedad civil quienes tomaron conocimiento de lo sucedido y en algunos casos tomaron acciones que permitieron la confirmaci\u00f3n de los hallazgos.<\/li>\n<li>Se recomienda continuar con el monitoreo de las \u00e1reas detectadas, as\u00ed como la identificaci\u00f3n de nuevos frentes de deforestaci\u00f3n. Para tal fin la participaci\u00f3n del sector p\u00fablico y la sociedad civil viene jugando un papel muy importante.<\/li>\n<li>As\u00ed tambi\u00e9n se sugiere la continua mejora de los canales de difusi\u00f3n y comunicaci\u00f3n de la informaci\u00f3n para que esta pueda llegar cada vez a m\u00e1s espacios y actores quienes, luego de tener conocimiento de los hallazgos, pueden tomar acciones a trav\u00e9s de coordinaciones con las respectivas autoridades del estado.<strong><br \/>\n<\/strong><\/li>\n<\/ul>\n<p>&nbsp;<\/p>\n<p><a href=\"#_ednref1\" name=\"_edn1\">[i]<\/a> Programa Nacional de Conservaci\u00f3n de Bosques para la Mitigaci\u00f3n del Cambio Clim\u00e1tico (PNCB).<\/p>\n<p><a href=\"#_ednref2\" name=\"_edn2\">[ii]<\/a> Servicio Nacional Forestal y de Fauna Silvestre (SERFOR).<\/p>\n<p><a href=\"#_ednref3\" name=\"_edn3\">[iii]<\/a> MINAGRI-SERFOR\/MINAM-PNCB (2015) Compartiendo una visi\u00f3n para la prevenci\u00f3n, control y sanci\u00f3n de la deforestaci\u00f3n y tala ilegal.<\/p>\n<p><a href=\"#_ednref4\" name=\"_edn4\">[iv]<\/a> N\u00f3tese que cierta parte de la p\u00e9rdida forestal documentada puede ser generada por causas naturales, como ser derrumbes o r\u00edos serpenteantes.<\/p>\n<p><a href=\"#_ednref5\" name=\"_edn5\">[v]<\/a> MINAM (2013) Fondo Cooperativo Para El Carbono de los Bosques (FCPF, por sus siglas en ingl\u00e9s), Plantilla de Propuesta para la Fase de Preparaci\u00f3n para REDD+ (RPP, por sus siglas en ingl\u00e9s). Enlace: <a href=\"http:\/\/www.minam.gob.pe\/cambioclimatico\/wp-content\/uploads\/sites\/11\/2014\/03\/R-PP-Per%C3%BA-Final-Dec-2013-RESALTADO_FINAL_PUBLICADA-FCPF_24-febrero.pdf\">http:\/\/www.minam.gob.pe\/cambioclimatico\/wp-content\/uploads\/sites\/11\/2014\/03\/R-PP-Per%C3%BA-Final-Dec-2013-RESALTADO_FINAL_PUBLICADA-FCPF_24-febrero.pdf<\/a><\/p>\n<p><a href=\"#_ednref6\" name=\"_edn6\">[vi]<\/a> NF Joan (2015) <em>United Cacao Replicates Southeast Asia\u2019s Plantation Model in Peru, Says CEO Melka<\/em> [Director General Melka declara que la <em>United Cacao<\/em> duplica el modelo de plantaciones del Sureste Asi\u00e1tico en el Per\u00fa]. The Edge Singapore.Enlace: <a href=\"http:\/\/www.unitedcacao.com\/images\/media-articles\/20150713-the-edge-united-cacao.pdf\">http:\/\/www.unitedcacao.com\/images\/media-articles\/20150713-the-edge-united-cacao.pdf<\/a><\/p>\n<p><a href=\"#_ednref7\" name=\"_edn7\">[vii]<\/a> Guti\u00e9rrez-V\u00e9lez VH, DeFries R., Pinedo-V\u00e1squez M., et al. (2011) <em>High-Yield Oil Palm Expansion Spares Land at the Expense of Forests in the Peruvian Amazon<\/em> [La expansi\u00f3n de palma aceitera de alto rendimiento ahorra la tierra a expensas de los bosques de la Amazon\u00eda peruana]. Environ. Res. Lett., 6, 044029. <a href=\"\/\/iopscience.iop.org\/article\/10.1088\/1748-9326\/6\/4\/044029\/pdf\">Enlace: http:\/\/iopscience.iop.org\/article\/10.1088\/1748-9326\/6\/4\/044029\/pdf<\/a><\/p>\n<p><a href=\"#_ednref8\" name=\"_edn8\">[viii]<\/a> Environmental Investigation Agency [Agencia de Investigaci\u00f3n Ambiental] (2015) <em>Deforestation by Definition<\/em> [La deforestaci\u00f3n por definici\u00f3n]. Washington, DC. Enlace: <a href=\"http:\/\/eia-global.org\/news-media\/deforestation-by-definition\">http:\/\/eia-global.org\/news-media\/deforestation-by-definition<\/a><\/p>\n<p><a href=\"#_ednref9\" name=\"_edn9\">[ix]<\/a> Tello Pereyra, R. (2015) Situaci\u00f3n legal, judicial, y administrativa de cacao del Per\u00fa Norte SAC. Enlace: <a href=\"https:\/\/www.youtube.com\/watch?v=p_YIe70u1oA\">https:\/\/www.youtube.com\/watch?v=p_YIe70u1oA<\/a><\/p>\n<p><a href=\"#_ednref10\" name=\"_edn10\">[x]<\/a> Asner, G.P., Llactayo, W., Tupayachia, R., R\u00e1ez Luna, E. (2013) PNAS\u00a0110\u00a0(46)\u00a018454-18459. Enlace: <a href=\"http:\/\/www.pnas.org\/content\/110\/46\/18454.abstract\">http:\/\/www.pnas.org\/content\/110\/46\/18454.abstract<\/a><u>. <\/u><\/p>\n<p><a href=\"#_ednref11\" name=\"_edn11\">[xi]<\/a> Es decir, 50.000 ha de la literatura y 3.750 ha del an\u00e1lisis del MAAP.<\/p>\n<p><a href=\"#_ednref12\" name=\"_edn12\">[xii]<\/a> UNODC (2015) Monitoreo de cultivos il\u00edcitos Per\u00fa 2014. Enlace: <a href=\"https:\/\/www.unodc.org\/documents\/crop-monitoring\/Peru\/Peru_Informe_monitoreo_coca_2014_web.pdf\">https:\/\/www.unodc.org\/documents\/crop-monitoring\/Peru\/Peru_Informe_monitoreo_coca_2014_web.pdf<\/a><\/p>\n<div class=\"fitem-sep\"><\/div>\n<h3><strong>Cita<\/strong><\/h3>\n<p>Finer M, Novoa S (2015) Patrones y Drivers de la Deforestaci\u00f3n en la Amazon\u00eda Peruana.\u00a0MAAP S\u00edntesis #1. Link:\u00a0<a href=\"https:\/\/www.maapprogram.org\/2015\/09\/maap-sintesis1\/\">https:\/\/www.maapprogram.org\/2015\/09\/maap-sintesis1\/<\/a><\/p>\n","protected":false},"excerpt":{"rendered":"<p>En este reporte se presenta un an\u00e1lisis preliminar de los patrones y causas (drivers) actuales de la deforestaci\u00f3n en la Amazon\u00eda Peruana. Este an\u00e1lisis se basa mayormente en los primeros 15 reportes publicados en el MAAP, a trav\u00e9s de nuestro sistema de monitoreo en tiempo casi real, entre los meses de Abril y Setiembre del [&hellip;]<\/p>\n","protected":false},"author":1,"featured_media":0,"comment_status":"open","ping_status":"open","sticky":false,"template":"","format":"standard","meta":{"_acf_changed":false,"footnotes":""},"categories":[297,44,296],"tags":[298],"ftr_agriculture":[355,359,365],"carbon-and-climate-change":[],"ftr_country":[],"fire":[],"infrastructure-threat":[],"land-use":[],"mining-and-logging-threat":[434],"natural-forest-loss":[],"special-analysis":[],"class_list":["post-21265","post","type-post","status-publish","format-standard","hentry","category-carreteras","category-palma-aceitera","category-sintesis","tag-sintesis-1","ftr_agriculture-cacao-es","ftr_agriculture-coca-es","ftr_agriculture-palma-aceitera","mining-and-logging-threat-mineria-de-oro"],"acf":[],"yoast_head":"<!-- This site is optimized with the Yoast SEO plugin v27.3 - https:\/\/yoast.com\/product\/yoast-seo-wordpress\/ -->\n<title>MAAP S\u00edntesis #1: Patrones y Drivers de la Deforestaci\u00f3n en la Amazon\u00eda Peruana - MAAP<\/title>\n<meta name=\"robots\" content=\"index, follow, max-snippet:-1, max-image-preview:large, max-video-preview:-1\" \/>\n<link rel=\"canonical\" href=\"https:\/\/www.maapprogram.org\/es\/maap-sintesis1\/\" \/>\n<meta property=\"og:locale\" content=\"es_ES\" \/>\n<meta property=\"og:type\" content=\"article\" \/>\n<meta property=\"og:title\" content=\"MAAP S\u00edntesis #1: Patrones y Drivers de la Deforestaci\u00f3n en la Amazon\u00eda Peruana - MAAP\" \/>\n<meta property=\"og:description\" content=\"En este reporte se presenta un an\u00e1lisis preliminar de los patrones y causas (drivers) actuales de la deforestaci\u00f3n en la Amazon\u00eda Peruana. Este an\u00e1lisis se basa mayormente en los primeros 15 reportes publicados en el MAAP, a trav\u00e9s de nuestro sistema de monitoreo en tiempo casi real, entre los meses de Abril y Setiembre del [&hellip;]\" \/>\n<meta property=\"og:url\" content=\"https:\/\/www.maapprogram.org\/es\/maap-sintesis1\/\" \/>\n<meta property=\"og:site_name\" content=\"MAAP\" \/>\n<meta property=\"article:published_time\" content=\"2015-09-19T21:00:00+00:00\" \/>\n<meta property=\"article:modified_time\" content=\"2024-09-17T13:51:12+00:00\" \/>\n<meta property=\"og:image\" content=\"https:\/\/www.maapprogram.org\/wp-content\/uploads\/2015\/09\/MAAP_Synthe_Sa_v4_e-1314x1700.jpg\" \/>\n<meta name=\"author\" content=\"dcadmin\" \/>\n<meta name=\"twitter:card\" content=\"summary_large_image\" \/>\n<meta name=\"twitter:label1\" content=\"Escrito por\" \/>\n\t<meta name=\"twitter:data1\" content=\"dcadmin\" \/>\n\t<meta name=\"twitter:label2\" content=\"Tiempo de lectura\" \/>\n\t<meta name=\"twitter:data2\" content=\"17 minutos\" \/>\n<script type=\"application\/ld+json\" class=\"yoast-schema-graph\">{\"@context\":\"https:\\\/\\\/schema.org\",\"@graph\":[{\"@type\":\"Article\",\"@id\":\"https:\\\/\\\/www.maapprogram.org\\\/es\\\/maap-sintesis1\\\/#article\",\"isPartOf\":{\"@id\":\"https:\\\/\\\/www.maapprogram.org\\\/es\\\/maap-sintesis1\\\/\"},\"author\":{\"name\":\"dcadmin\",\"@id\":\"https:\\\/\\\/www.maapprogram.org\\\/es\\\/#\\\/schema\\\/person\\\/433e90c8debccfe16357e05627bbd443\"},\"headline\":\"MAAP S\u00edntesis #1: Patrones y Drivers de la Deforestaci\u00f3n en la Amazon\u00eda Peruana\",\"datePublished\":\"2015-09-19T21:00:00+00:00\",\"dateModified\":\"2024-09-17T13:51:12+00:00\",\"mainEntityOfPage\":{\"@id\":\"https:\\\/\\\/www.maapprogram.org\\\/es\\\/maap-sintesis1\\\/\"},\"wordCount\":3765,\"commentCount\":0,\"image\":{\"@id\":\"https:\\\/\\\/www.maapprogram.org\\\/es\\\/maap-sintesis1\\\/#primaryimage\"},\"thumbnailUrl\":\"https:\\\/\\\/www.maapprogram.org\\\/wp-content\\\/uploads\\\/2015\\\/09\\\/MAAP_Synthe_Sa_v4_e-1314x1700.jpg\",\"keywords\":[\"S\u00edntesis #1\"],\"articleSection\":[\"Carreteras\",\"Palma Aceitera\",\"Sintesis\"],\"inLanguage\":\"es\",\"potentialAction\":[{\"@type\":\"CommentAction\",\"name\":\"Comment\",\"target\":[\"https:\\\/\\\/www.maapprogram.org\\\/es\\\/maap-sintesis1\\\/#respond\"]}]},{\"@type\":\"WebPage\",\"@id\":\"https:\\\/\\\/www.maapprogram.org\\\/es\\\/maap-sintesis1\\\/\",\"url\":\"https:\\\/\\\/www.maapprogram.org\\\/es\\\/maap-sintesis1\\\/\",\"name\":\"MAAP S\u00edntesis #1: Patrones y Drivers de la Deforestaci\u00f3n en la Amazon\u00eda Peruana - MAAP\",\"isPartOf\":{\"@id\":\"https:\\\/\\\/www.maapprogram.org\\\/es\\\/#website\"},\"primaryImageOfPage\":{\"@id\":\"https:\\\/\\\/www.maapprogram.org\\\/es\\\/maap-sintesis1\\\/#primaryimage\"},\"image\":{\"@id\":\"https:\\\/\\\/www.maapprogram.org\\\/es\\\/maap-sintesis1\\\/#primaryimage\"},\"thumbnailUrl\":\"https:\\\/\\\/www.maapprogram.org\\\/wp-content\\\/uploads\\\/2015\\\/09\\\/MAAP_Synthe_Sa_v4_e-1314x1700.jpg\",\"datePublished\":\"2015-09-19T21:00:00+00:00\",\"dateModified\":\"2024-09-17T13:51:12+00:00\",\"author\":{\"@id\":\"https:\\\/\\\/www.maapprogram.org\\\/es\\\/#\\\/schema\\\/person\\\/433e90c8debccfe16357e05627bbd443\"},\"breadcrumb\":{\"@id\":\"https:\\\/\\\/www.maapprogram.org\\\/es\\\/maap-sintesis1\\\/#breadcrumb\"},\"inLanguage\":\"es\",\"potentialAction\":[{\"@type\":\"ReadAction\",\"target\":[\"https:\\\/\\\/www.maapprogram.org\\\/es\\\/maap-sintesis1\\\/\"]}]},{\"@type\":\"ImageObject\",\"inLanguage\":\"es\",\"@id\":\"https:\\\/\\\/www.maapprogram.org\\\/es\\\/maap-sintesis1\\\/#primaryimage\",\"url\":\"https:\\\/\\\/www.maapprogram.org\\\/wp-content\\\/uploads\\\/2015\\\/09\\\/MAAP_Synthe_Sa_v4_e-1314x1700.jpg\",\"contentUrl\":\"https:\\\/\\\/www.maapprogram.org\\\/wp-content\\\/uploads\\\/2015\\\/09\\\/MAAP_Synthe_Sa_v4_e-1314x1700.jpg\"},{\"@type\":\"BreadcrumbList\",\"@id\":\"https:\\\/\\\/www.maapprogram.org\\\/es\\\/maap-sintesis1\\\/#breadcrumb\",\"itemListElement\":[{\"@type\":\"ListItem\",\"position\":1,\"name\":\"Home\",\"item\":\"https:\\\/\\\/www.maapprogram.org\\\/es\\\/\"},{\"@type\":\"ListItem\",\"position\":2,\"name\":\"MAAP S\u00edntesis #1: Patrones y Drivers de la Deforestaci\u00f3n en la Amazon\u00eda Peruana\"}]},{\"@type\":\"WebSite\",\"@id\":\"https:\\\/\\\/www.maapprogram.org\\\/es\\\/#website\",\"url\":\"https:\\\/\\\/www.maapprogram.org\\\/es\\\/\",\"name\":\"MAAP\",\"description\":\"\",\"potentialAction\":[{\"@type\":\"SearchAction\",\"target\":{\"@type\":\"EntryPoint\",\"urlTemplate\":\"https:\\\/\\\/www.maapprogram.org\\\/es\\\/?s={search_term_string}\"},\"query-input\":{\"@type\":\"PropertyValueSpecification\",\"valueRequired\":true,\"valueName\":\"search_term_string\"}}],\"inLanguage\":\"es\"},{\"@type\":\"Person\",\"@id\":\"https:\\\/\\\/www.maapprogram.org\\\/es\\\/#\\\/schema\\\/person\\\/433e90c8debccfe16357e05627bbd443\",\"name\":\"dcadmin\",\"image\":{\"@type\":\"ImageObject\",\"inLanguage\":\"es\",\"@id\":\"https:\\\/\\\/secure.gravatar.com\\\/avatar\\\/83c0f4e5f994ae4e4b9ae78b382f373b07a15509b31a24d7d748f76e9925b825?s=96&d=mm&r=g\",\"url\":\"https:\\\/\\\/secure.gravatar.com\\\/avatar\\\/83c0f4e5f994ae4e4b9ae78b382f373b07a15509b31a24d7d748f76e9925b825?s=96&d=mm&r=g\",\"contentUrl\":\"https:\\\/\\\/secure.gravatar.com\\\/avatar\\\/83c0f4e5f994ae4e4b9ae78b382f373b07a15509b31a24d7d748f76e9925b825?s=96&d=mm&r=g\",\"caption\":\"dcadmin\"},\"sameAs\":[\"http:\\\/\\\/www.maapprogram.org\"],\"url\":\"https:\\\/\\\/www.maapprogram.org\\\/es\\\/author\\\/dcadmin\\\/\"}]}<\/script>\n<!-- \/ Yoast SEO plugin. -->","yoast_head_json":{"title":"MAAP S\u00edntesis #1: Patrones y Drivers de la Deforestaci\u00f3n en la Amazon\u00eda Peruana - MAAP","robots":{"index":"index","follow":"follow","max-snippet":"max-snippet:-1","max-image-preview":"max-image-preview:large","max-video-preview":"max-video-preview:-1"},"canonical":"https:\/\/www.maapprogram.org\/es\/maap-sintesis1\/","og_locale":"es_ES","og_type":"article","og_title":"MAAP S\u00edntesis #1: Patrones y Drivers de la Deforestaci\u00f3n en la Amazon\u00eda Peruana - MAAP","og_description":"En este reporte se presenta un an\u00e1lisis preliminar de los patrones y causas (drivers) actuales de la deforestaci\u00f3n en la Amazon\u00eda Peruana. Este an\u00e1lisis se basa mayormente en los primeros 15 reportes publicados en el MAAP, a trav\u00e9s de nuestro sistema de monitoreo en tiempo casi real, entre los meses de Abril y Setiembre del [&hellip;]","og_url":"https:\/\/www.maapprogram.org\/es\/maap-sintesis1\/","og_site_name":"MAAP","article_published_time":"2015-09-19T21:00:00+00:00","article_modified_time":"2024-09-17T13:51:12+00:00","og_image":[{"url":"https:\/\/www.maapprogram.org\/wp-content\/uploads\/2015\/09\/MAAP_Synthe_Sa_v4_e-1314x1700.jpg","type":"","width":"","height":""}],"author":"dcadmin","twitter_card":"summary_large_image","twitter_misc":{"Escrito por":"dcadmin","Tiempo de lectura":"17 minutos"},"schema":{"@context":"https:\/\/schema.org","@graph":[{"@type":"Article","@id":"https:\/\/www.maapprogram.org\/es\/maap-sintesis1\/#article","isPartOf":{"@id":"https:\/\/www.maapprogram.org\/es\/maap-sintesis1\/"},"author":{"name":"dcadmin","@id":"https:\/\/www.maapprogram.org\/es\/#\/schema\/person\/433e90c8debccfe16357e05627bbd443"},"headline":"MAAP S\u00edntesis #1: Patrones y Drivers de la Deforestaci\u00f3n en la Amazon\u00eda Peruana","datePublished":"2015-09-19T21:00:00+00:00","dateModified":"2024-09-17T13:51:12+00:00","mainEntityOfPage":{"@id":"https:\/\/www.maapprogram.org\/es\/maap-sintesis1\/"},"wordCount":3765,"commentCount":0,"image":{"@id":"https:\/\/www.maapprogram.org\/es\/maap-sintesis1\/#primaryimage"},"thumbnailUrl":"https:\/\/www.maapprogram.org\/wp-content\/uploads\/2015\/09\/MAAP_Synthe_Sa_v4_e-1314x1700.jpg","keywords":["S\u00edntesis #1"],"articleSection":["Carreteras","Palma Aceitera","Sintesis"],"inLanguage":"es","potentialAction":[{"@type":"CommentAction","name":"Comment","target":["https:\/\/www.maapprogram.org\/es\/maap-sintesis1\/#respond"]}]},{"@type":"WebPage","@id":"https:\/\/www.maapprogram.org\/es\/maap-sintesis1\/","url":"https:\/\/www.maapprogram.org\/es\/maap-sintesis1\/","name":"MAAP S\u00edntesis #1: Patrones y Drivers de la Deforestaci\u00f3n en la Amazon\u00eda Peruana - MAAP","isPartOf":{"@id":"https:\/\/www.maapprogram.org\/es\/#website"},"primaryImageOfPage":{"@id":"https:\/\/www.maapprogram.org\/es\/maap-sintesis1\/#primaryimage"},"image":{"@id":"https:\/\/www.maapprogram.org\/es\/maap-sintesis1\/#primaryimage"},"thumbnailUrl":"https:\/\/www.maapprogram.org\/wp-content\/uploads\/2015\/09\/MAAP_Synthe_Sa_v4_e-1314x1700.jpg","datePublished":"2015-09-19T21:00:00+00:00","dateModified":"2024-09-17T13:51:12+00:00","author":{"@id":"https:\/\/www.maapprogram.org\/es\/#\/schema\/person\/433e90c8debccfe16357e05627bbd443"},"breadcrumb":{"@id":"https:\/\/www.maapprogram.org\/es\/maap-sintesis1\/#breadcrumb"},"inLanguage":"es","potentialAction":[{"@type":"ReadAction","target":["https:\/\/www.maapprogram.org\/es\/maap-sintesis1\/"]}]},{"@type":"ImageObject","inLanguage":"es","@id":"https:\/\/www.maapprogram.org\/es\/maap-sintesis1\/#primaryimage","url":"https:\/\/www.maapprogram.org\/wp-content\/uploads\/2015\/09\/MAAP_Synthe_Sa_v4_e-1314x1700.jpg","contentUrl":"https:\/\/www.maapprogram.org\/wp-content\/uploads\/2015\/09\/MAAP_Synthe_Sa_v4_e-1314x1700.jpg"},{"@type":"BreadcrumbList","@id":"https:\/\/www.maapprogram.org\/es\/maap-sintesis1\/#breadcrumb","itemListElement":[{"@type":"ListItem","position":1,"name":"Home","item":"https:\/\/www.maapprogram.org\/es\/"},{"@type":"ListItem","position":2,"name":"MAAP S\u00edntesis #1: Patrones y Drivers de la Deforestaci\u00f3n en la Amazon\u00eda Peruana"}]},{"@type":"WebSite","@id":"https:\/\/www.maapprogram.org\/es\/#website","url":"https:\/\/www.maapprogram.org\/es\/","name":"MAAP","description":"","potentialAction":[{"@type":"SearchAction","target":{"@type":"EntryPoint","urlTemplate":"https:\/\/www.maapprogram.org\/es\/?s={search_term_string}"},"query-input":{"@type":"PropertyValueSpecification","valueRequired":true,"valueName":"search_term_string"}}],"inLanguage":"es"},{"@type":"Person","@id":"https:\/\/www.maapprogram.org\/es\/#\/schema\/person\/433e90c8debccfe16357e05627bbd443","name":"dcadmin","image":{"@type":"ImageObject","inLanguage":"es","@id":"https:\/\/secure.gravatar.com\/avatar\/83c0f4e5f994ae4e4b9ae78b382f373b07a15509b31a24d7d748f76e9925b825?s=96&d=mm&r=g","url":"https:\/\/secure.gravatar.com\/avatar\/83c0f4e5f994ae4e4b9ae78b382f373b07a15509b31a24d7d748f76e9925b825?s=96&d=mm&r=g","contentUrl":"https:\/\/secure.gravatar.com\/avatar\/83c0f4e5f994ae4e4b9ae78b382f373b07a15509b31a24d7d748f76e9925b825?s=96&d=mm&r=g","caption":"dcadmin"},"sameAs":["http:\/\/www.maapprogram.org"],"url":"https:\/\/www.maapprogram.org\/es\/author\/dcadmin\/"}]}},"_links":{"self":[{"href":"https:\/\/www.maapprogram.org\/es\/wp-json\/wp\/v2\/posts\/21265","targetHints":{"allow":["GET"]}}],"collection":[{"href":"https:\/\/www.maapprogram.org\/es\/wp-json\/wp\/v2\/posts"}],"about":[{"href":"https:\/\/www.maapprogram.org\/es\/wp-json\/wp\/v2\/types\/post"}],"author":[{"embeddable":true,"href":"https:\/\/www.maapprogram.org\/es\/wp-json\/wp\/v2\/users\/1"}],"replies":[{"embeddable":true,"href":"https:\/\/www.maapprogram.org\/es\/wp-json\/wp\/v2\/comments?post=21265"}],"version-history":[{"count":1,"href":"https:\/\/www.maapprogram.org\/es\/wp-json\/wp\/v2\/posts\/21265\/revisions"}],"predecessor-version":[{"id":23157,"href":"https:\/\/www.maapprogram.org\/es\/wp-json\/wp\/v2\/posts\/21265\/revisions\/23157"}],"wp:attachment":[{"href":"https:\/\/www.maapprogram.org\/es\/wp-json\/wp\/v2\/media?parent=21265"}],"wp:term":[{"taxonomy":"category","embeddable":true,"href":"https:\/\/www.maapprogram.org\/es\/wp-json\/wp\/v2\/categories?post=21265"},{"taxonomy":"post_tag","embeddable":true,"href":"https:\/\/www.maapprogram.org\/es\/wp-json\/wp\/v2\/tags?post=21265"},{"taxonomy":"ftr_agriculture","embeddable":true,"href":"https:\/\/www.maapprogram.org\/es\/wp-json\/wp\/v2\/ftr_agriculture?post=21265"},{"taxonomy":"carbon-and-climate-change","embeddable":true,"href":"https:\/\/www.maapprogram.org\/es\/wp-json\/wp\/v2\/carbon-and-climate-change?post=21265"},{"taxonomy":"ftr_country","embeddable":true,"href":"https:\/\/www.maapprogram.org\/es\/wp-json\/wp\/v2\/ftr_country?post=21265"},{"taxonomy":"fire","embeddable":true,"href":"https:\/\/www.maapprogram.org\/es\/wp-json\/wp\/v2\/fire?post=21265"},{"taxonomy":"infrastructure-threat","embeddable":true,"href":"https:\/\/www.maapprogram.org\/es\/wp-json\/wp\/v2\/infrastructure-threat?post=21265"},{"taxonomy":"land-use","embeddable":true,"href":"https:\/\/www.maapprogram.org\/es\/wp-json\/wp\/v2\/land-use?post=21265"},{"taxonomy":"mining-and-logging-threat","embeddable":true,"href":"https:\/\/www.maapprogram.org\/es\/wp-json\/wp\/v2\/mining-and-logging-threat?post=21265"},{"taxonomy":"natural-forest-loss","embeddable":true,"href":"https:\/\/www.maapprogram.org\/es\/wp-json\/wp\/v2\/natural-forest-loss?post=21265"},{"taxonomy":"special-analysis","embeddable":true,"href":"https:\/\/www.maapprogram.org\/es\/wp-json\/wp\/v2\/special-analysis?post=21265"}],"curies":[{"name":"wp","href":"https:\/\/api.w.org\/{rel}","templated":true}]}}