{"id":21273,"date":"2015-04-30T18:43:00","date_gmt":"2015-04-30T18:43:00","guid":{"rendered":"https:\/\/www.maapprogram.org\/imagen-4-proyectos-de-aceite-de-palma-deforestan-el-bosque-primario-de-la-amazonia-peruana-primera-parte-nueva-requena\/"},"modified":"2024-09-24T19:31:20","modified_gmt":"2024-09-24T19:31:20","slug":"imagen-4-proyectos-de-aceite-de-palma-deforestan-el-bosque-primario-de-la-amazonia-peruana-primera-parte-nueva-requena","status":"publish","type":"post","link":"https:\/\/www.maapprogram.org\/es\/imagen-4-proyectos-de-aceite-de-palma-deforestan-el-bosque-primario-de-la-amazonia-peruana-primera-parte-nueva-requena\/","title":{"rendered":"Imagen #4: Plantaciones de Palma Aceitera a Gran Escala Causan Deforestaci\u00f3n del Bosque Primario en la Amazon\u00eda Peruana (Primera Parte: Nueva Requena)"},"content":{"rendered":"<h4>La Imagen de la Semana #4 muestra la expansi\u00f3n de dos plantaciones a gran escala de palma aceitera en las cercan\u00edas del poblado de Nueva Requena en la Amazon\u00eda peruana central (departamento de Ucayali). \u00a0Los proyectos se iniciaron a fines de 2011 y en la actualidad, en abril de 2015, el \u00e1rea deforestada cubre casi 12.200 hect\u00e1reas (ha).\u00a0 Nuestro an\u00e1lisis revela que, de ellas, 9.400 ha se han habilitado por deforestaci\u00f3n de bosques primarios, mientras que 2.350 ha por remoci\u00f3n\u00a0del bosque secundario.<\/h4>\n<div id=\"attachment_1913\" class=\"thumbnail aligncenter\"><a href=\"https:\/\/www.maapprogram.org\/wp-content\/uploads\/2015\/04\/NR_MAAP_4d_v5.jpg\"><img decoding=\"async\" class=\"wp-image-1913\" src=\"https:\/\/www.maapprogram.org\/wp-content\/uploads\/2015\/04\/NR_MAAP_4d_v5-1500x1061.jpg\" alt=\"NR_MAAP_4d_v5\" width=\"1000\" height=\"708\" \/><\/a><div class=\"caption\"><strong><em>Imagen de la Semana 4a. Dos plantaciones a gran escala de palma aceitera en las cercan\u00edas de Nueva Requena, en la Amazon\u00eda peruana central (departamento de Ucayali), se iniciaron a fines de 2011. Actualmente cubren casi 12.200 ha. Fuentes clave de datos: USGS.<\/em><\/strong><\/div><\/div>\n<h3><strong>Descripci\u00f3n del mapa:<\/strong><\/h3>\n<p><strong><em>El mapa de fondo<\/em><\/strong> es una imagen satelital Landsat 8 (con una resoluci\u00f3n de 30 metros) tomada en agosto de\u00a02014.\u00a0 El color verde oscuro indica la cobertura boscosa.\u00a0 El color verde claro indica la vegetaci\u00f3n m\u00e1s joven o secundaria.\u00a0 El color azul indica los cuerpos de agua.\u00a0 Los datos provienen de USGS.<\/p>\n<p>Las <strong><em>l\u00edneas negras discontinuas<\/em><\/strong> indican el contorno de los dos plantaciones a gran escala de palma aceitera, uno \u00a0de ellos conocido como \u00abPlantaciones de Ucayali\u00bb, a partir de abril de 2015.<\/p>\n<p><strong>Los<\/strong> <strong>colores indican la manera en que la deforestaci\u00f3n e instalaci\u00f3n de las plantaciones se dieron, conforme avanzaba el tiempo<\/strong> para los dos proyectos, seg\u00fan nuestro an\u00e1lisis de las im\u00e1genes Landsat.<\/p>\n<p>Entre octubre de 2011 y agosto de 2012, el desmonte a gran escala e instalaci\u00f3n (indicado en <strong><em>amarillo<\/em><\/strong>) se inici\u00f3 en el proyecto del norte.<\/p>\n<p>Entre septiembre de 2012 y agosto de 2013, el desmonte a gran escala e instalaci\u00f3n de plantaciones (indicado en <strong><em>anaranjado<\/em><\/strong>) continu\u00f3 en el proyecto del norte, mientras que se inici\u00f3 en el proyecto del sur.<\/p>\n<p>Entre septiembre y noviembre de 2013, el desmonte e instalaci\u00f3n de plantaciones (indicado en <strong><em>rojo<\/em><\/strong>) continu\u00f3 en la parte sur de ambos proyectos.<\/p>\n<p>Recientemente, entre diciembre de 2013 y abril de 2015, el desmonte e instalaci\u00f3n de plantaciones (indicado en <strong><em>morado<\/em><\/strong>) continu\u00f3 en la secci\u00f3n sur del proyecto del norte.<\/p>\n<p><strong>Para abril de 2015 los dos proyectos se extienden sobre un \u00e1rea de 12.188 ha.<\/strong><\/p>\n<div class=\"fitem-sep\"><\/div>\n<h3><strong>Serie Temporal Landsat 2010 &#8211; 2015<\/strong><\/h3>\n<div id=\"attachment_1914\" class=\"thumbnail alignleft\"><a href=\"https:\/\/www.maapprogram.org\/wp-content\/uploads\/2015\/04\/NR_MAAP_4g_v2.jpg\"><img decoding=\"async\" class=\"wp-image-1914 size-large\" src=\"https:\/\/www.maapprogram.org\/wp-content\/uploads\/2015\/04\/NR_MAAP_4g_v2-1500x1109.jpg\" alt=\"NR_MAAP_4g_v2\" width=\"680\" height=\"503\" \/><\/a><div class=\"caption\"><strong><em>Imagen 4b. Serie temporal Landsat (2010-2015) para ambos plantaciones de palma aceitera a gran escala cerca de Nueva Requena. Fuentes clave de datos: USGS.<\/em><\/strong><\/div><\/div>\n<p>La Imagen 4b corresponde a una serie de im\u00e1genes Landsat que muestran los cambios a lo largo del tiempo para ambos plantaciones de palma aceitera.\u00a0 En las im\u00e1genes, el color verde oscuro indica la cobertura boscosa, el color verde claro la vegetaci\u00f3n secundaria y las plantaciones de palma aceitera, el color rosado indica la tierra expuesta (por lo tanto, un indicador clave de la deforestaci\u00f3n reciente), mientras que las manchas dispersas en blanco y negro indican las nubes y sus sombras.<\/p>\n<p>La primera imagen, Landsat 5, de agosto de 2010, muestra el \u00e1rea final deforestada (indicada por las l\u00edneas negras discontinuas) inmediatamente antes del comienzo del proyecto en 2011.<\/p>\n<p>La segunda imagen, Landsat 7, de julio de 2012, muestra el inicio del desmonte a gran escala en la parte norte del \u00e1rea del proyecto.<\/p>\n<p>La tercera imagen, Landsat 8, de septiembre de 2013, muestra la r\u00e1pida expansi\u00f3n del desmonte en ambos proyectos.\u00a0 Tambi\u00e9n muestra el inicio de la plantaci\u00f3n de palma aceitera en el proyecto del norte (indicado por el color verde brillante).<\/p>\n<p>La cuarta imagen, Landsat 8, de abril 2015, es la m\u00e1s reciente sin nubes del \u00e1rea del proyecto.\u00a0 Muestra la expansi\u00f3n continua del proyecto del norte y las siembras extensivas en las plantaciones de palma\u00a0aceitera de ambos proyectos.<\/p>\n<div class=\"fitem-sep\"><\/div>\n<h3><strong>Serie Temporal Landsat 1990 &#8211; 2015<\/strong><\/h3>\n<div id=\"attachment_1915\" class=\"thumbnail alignleft\"><a href=\"https:\/\/www.maapprogram.org\/wp-content\/uploads\/2015\/04\/NR_MAAP_4e_v5.jpg\"><img decoding=\"async\" class=\"wp-image-1915 size-large\" src=\"https:\/\/www.maapprogram.org\/wp-content\/uploads\/2015\/04\/NR_MAAP_4e_v5-1364x1700.jpg\" alt=\"NR_MAAP_4e_v5\" width=\"680\" height=\"848\" \/><\/a><div class=\"caption\"><strong><em>Imagen 4c. Serie temporal Landsat (1990-2015) para ambos plantaciones a gran escala de palma aceitera cerca de Nueva Requena. Fuentes clave de datos: USGS. <\/em><\/strong><\/div><\/div>\n<p>Realizamos otro an\u00e1lisis de serie temporal Landsat, pero retrocediendo a\u00fan m\u00e1s en el tiempo (hasta 1990), para as\u00ed poder llegar a un mejor entendimiento del estado de los bosques que fueron desmontados para el proyecto.\u00a0 Para cada imagen, determinamos si el \u00e1rea correspond\u00eda a bosque primario, bosque secundario, bosque deforestado o plantaci\u00f3n de palma aceitera.\u00a0 La Imagen 4c ilustra los resultados de dicho an\u00e1lisis.<\/p>\n<p>Es importante destacar que en 2010, justo antes del desmonte a gran escala, las \u00e1reas del proyecto eran mayormente una mezcla de bosque primario y secundario.<\/p>\n<div class=\"fitem-sep\"><\/div>\n<h3><strong>La Deforestaci\u00f3n del Bosque Primario<\/strong><\/h3>\n<div id=\"attachment_1916\" class=\"thumbnail alignleft\"><a href=\"https:\/\/www.maapprogram.org\/wp-content\/uploads\/2015\/04\/NR_MAAP_4f_v4.jpg\"><img decoding=\"async\" class=\"wp-image-1916 size-large\" src=\"https:\/\/www.maapprogram.org\/wp-content\/uploads\/2015\/04\/NR_MAAP_4f_v4-1500x1316.jpg\" alt=\"NR_MAAP_4f_v4\" width=\"680\" height=\"597\" \/><\/a><div class=\"caption\"><strong><em>Imagen 4d. Clasificaci\u00f3n de los usos de la tierra antes del inicio de las actividades de establecimiento de plantaciones de palma aceitera. Fuentes clave de datos: USGS.<\/em><\/strong><\/div><\/div>\n<p>Por \u00faltimo, utilizamos los resultados del an\u00e1lisis de la serie temporal Landsat para clasificar los usos de la tierra antes de las actividades de establecimiento de las plantaciones.<\/p>\n<p>Como conclusi\u00f3n, se ha determinado que de las 12.188 ha deforestadas en los dos proyectos de plantaciones de palma aceitera, <strong>un total de 9.040 ha (el 77%) correspondieron a zonas donde exist\u00eda bosque primario antes de la instalaci\u00f3n del proyecto.\u00a0Eso equivale a unos 7.000 campos de f\u00fatbol.<\/strong>\u00a0 <strong>Las otras 2.350 ha (el 19%) fueron bosques secundarios.<\/strong>\u00a0Un dato interesante es que solo 434 ha (el 4%) se encontraban deforestadas al inicio del proyecto.<\/p>\n<p>Se define bosque primario como el \u00e1rea que desde la primera imagen Landsat disponible, en este caso 1990, estaba caracterizada por una cobertura boscosa de dosel cerrada y densa.<\/p>\n<div class=\"fitem-sep\"><\/div>\n<h3>Referencia<\/h3>\n<p>Este trabajo se basa en la siguiente publicaci\u00f3n:\u00a0Environmental Investigation Agency. Deforestation by Definition. 2015. Washington, DC.\u00a0http:\/\/eia-global.org\/news-media\/deforestation-by-definition<\/p>\n<div class=\"fitem-sep\"><\/div>\n<h3><strong>Cita<\/strong><\/h3>\n<p>Finer M, Novoa S (2015) Plantaciones de Palma Aceitera a Gran Escala Causan Deforestaci\u00f3n del Bosque Primario en la Amazon\u00eda Peruana (Primera Parte: Nueva Requena). MAAP: Imagen #4. Enlace: <a href=\"https:\/\/www.maapprogram.org\/2015\/04\/imagen-4-proyectos-de-aceite-de-palma-deforestan-el-bosque-primario-de-la-amazonia-peruana-primera-parte-nueva-requena\/\">https:\/\/www.maapprogram.org\/2015\/04\/imagen-4-proyectos-de-aceite-de-palma-deforestan-el-bosque-primario-de-la-amazonia-peruana-primera-parte-nueva-requena\/<\/a><\/p>\n","protected":false},"excerpt":{"rendered":"<p>La Imagen de la Semana #4 muestra la expansi\u00f3n de dos plantaciones a gran escala de palma aceitera en las cercan\u00edas del poblado de Nueva Requena en la Amazon\u00eda peruana central (departamento de Ucayali). \u00a0Los proyectos se iniciaron a fines de 2011 y en la actualidad, en abril de 2015, el \u00e1rea deforestada cubre casi [&hellip;]<\/p>\n","protected":false},"author":1,"featured_media":0,"comment_status":"open","ping_status":"open","sticky":false,"template":"","format":"standard","meta":{"_acf_changed":false,"footnotes":""},"categories":[44],"tags":[45],"ftr_agriculture":[365],"carbon-and-climate-change":[],"ftr_country":[483],"fire":[],"infrastructure-threat":[],"land-use":[],"mining-and-logging-threat":[],"natural-forest-loss":[],"special-analysis":[],"class_list":["post-21273","post","type-post","status-publish","format-standard","hentry","category-palma-aceitera","tag-imagen-de-la-semana-4","ftr_agriculture-palma-aceitera","ftr_country-peru-2"],"acf":[],"yoast_head":"<!-- This site is optimized with the Yoast SEO plugin v27.3 - https:\/\/yoast.com\/product\/yoast-seo-wordpress\/ -->\n<title>Imagen #4: Plantaciones de Palma Aceitera a Gran Escala Causan Deforestaci\u00f3n del Bosque Primario en la Amazon\u00eda Peruana (Primera Parte: Nueva Requena) - MAAP<\/title>\n<meta name=\"robots\" content=\"index, follow, max-snippet:-1, max-image-preview:large, max-video-preview:-1\" \/>\n<link rel=\"canonical\" href=\"https:\/\/www.maapprogram.org\/es\/imagen-4-proyectos-de-aceite-de-palma-deforestan-el-bosque-primario-de-la-amazonia-peruana-primera-parte-nueva-requena\/\" \/>\n<meta property=\"og:locale\" content=\"es_ES\" \/>\n<meta property=\"og:type\" content=\"article\" \/>\n<meta property=\"og:title\" content=\"Imagen #4: Plantaciones de Palma Aceitera a Gran Escala Causan Deforestaci\u00f3n del Bosque Primario en la Amazon\u00eda Peruana (Primera Parte: Nueva Requena) - MAAP\" \/>\n<meta property=\"og:description\" content=\"La Imagen de la Semana #4 muestra la expansi\u00f3n de dos plantaciones a gran escala de palma aceitera en las cercan\u00edas del poblado de Nueva Requena en la Amazon\u00eda peruana central (departamento de Ucayali). \u00a0Los proyectos se iniciaron a fines de 2011 y en la actualidad, en abril de 2015, el \u00e1rea deforestada cubre casi [&hellip;]\" \/>\n<meta property=\"og:url\" content=\"https:\/\/www.maapprogram.org\/es\/imagen-4-proyectos-de-aceite-de-palma-deforestan-el-bosque-primario-de-la-amazonia-peruana-primera-parte-nueva-requena\/\" \/>\n<meta property=\"og:site_name\" content=\"MAAP\" \/>\n<meta property=\"article:published_time\" content=\"2015-04-30T18:43:00+00:00\" \/>\n<meta property=\"article:modified_time\" content=\"2024-09-24T19:31:20+00:00\" \/>\n<meta property=\"og:image\" content=\"https:\/\/www.maapprogram.org\/wp-content\/uploads\/2015\/04\/NR_MAAP_4d_v5-1500x1061.jpg\" \/>\n<meta name=\"author\" content=\"dcadmin\" \/>\n<meta name=\"twitter:card\" content=\"summary_large_image\" \/>\n<meta name=\"twitter:label1\" content=\"Escrito por\" \/>\n\t<meta name=\"twitter:data1\" content=\"dcadmin\" \/>\n\t<meta name=\"twitter:label2\" content=\"Tiempo de lectura\" \/>\n\t<meta name=\"twitter:data2\" content=\"6 minutos\" \/>\n<script type=\"application\/ld+json\" class=\"yoast-schema-graph\">{\"@context\":\"https:\\\/\\\/schema.org\",\"@graph\":[{\"@type\":\"Article\",\"@id\":\"https:\\\/\\\/www.maapprogram.org\\\/es\\\/imagen-4-proyectos-de-aceite-de-palma-deforestan-el-bosque-primario-de-la-amazonia-peruana-primera-parte-nueva-requena\\\/#article\",\"isPartOf\":{\"@id\":\"https:\\\/\\\/www.maapprogram.org\\\/es\\\/imagen-4-proyectos-de-aceite-de-palma-deforestan-el-bosque-primario-de-la-amazonia-peruana-primera-parte-nueva-requena\\\/\"},\"author\":{\"name\":\"dcadmin\",\"@id\":\"https:\\\/\\\/www.maapprogram.org\\\/es\\\/#\\\/schema\\\/person\\\/433e90c8debccfe16357e05627bbd443\"},\"headline\":\"Imagen #4: Plantaciones de Palma Aceitera a Gran Escala Causan Deforestaci\u00f3n del Bosque Primario en la Amazon\u00eda Peruana (Primera Parte: Nueva Requena)\",\"datePublished\":\"2015-04-30T18:43:00+00:00\",\"dateModified\":\"2024-09-24T19:31:20+00:00\",\"mainEntityOfPage\":{\"@id\":\"https:\\\/\\\/www.maapprogram.org\\\/es\\\/imagen-4-proyectos-de-aceite-de-palma-deforestan-el-bosque-primario-de-la-amazonia-peruana-primera-parte-nueva-requena\\\/\"},\"wordCount\":1012,\"commentCount\":0,\"image\":{\"@id\":\"https:\\\/\\\/www.maapprogram.org\\\/es\\\/imagen-4-proyectos-de-aceite-de-palma-deforestan-el-bosque-primario-de-la-amazonia-peruana-primera-parte-nueva-requena\\\/#primaryimage\"},\"thumbnailUrl\":\"https:\\\/\\\/www.maapprogram.org\\\/wp-content\\\/uploads\\\/2015\\\/04\\\/NR_MAAP_4d_v5-1500x1061.jpg\",\"keywords\":[\"Imagen de la Semana #4\"],\"articleSection\":[\"Palma Aceitera\"],\"inLanguage\":\"es\",\"potentialAction\":[{\"@type\":\"CommentAction\",\"name\":\"Comment\",\"target\":[\"https:\\\/\\\/www.maapprogram.org\\\/es\\\/imagen-4-proyectos-de-aceite-de-palma-deforestan-el-bosque-primario-de-la-amazonia-peruana-primera-parte-nueva-requena\\\/#respond\"]}]},{\"@type\":\"WebPage\",\"@id\":\"https:\\\/\\\/www.maapprogram.org\\\/es\\\/imagen-4-proyectos-de-aceite-de-palma-deforestan-el-bosque-primario-de-la-amazonia-peruana-primera-parte-nueva-requena\\\/\",\"url\":\"https:\\\/\\\/www.maapprogram.org\\\/es\\\/imagen-4-proyectos-de-aceite-de-palma-deforestan-el-bosque-primario-de-la-amazonia-peruana-primera-parte-nueva-requena\\\/\",\"name\":\"Imagen #4: Plantaciones de Palma Aceitera a Gran Escala Causan Deforestaci\u00f3n del Bosque Primario en la Amazon\u00eda Peruana (Primera Parte: Nueva Requena) - MAAP\",\"isPartOf\":{\"@id\":\"https:\\\/\\\/www.maapprogram.org\\\/es\\\/#website\"},\"primaryImageOfPage\":{\"@id\":\"https:\\\/\\\/www.maapprogram.org\\\/es\\\/imagen-4-proyectos-de-aceite-de-palma-deforestan-el-bosque-primario-de-la-amazonia-peruana-primera-parte-nueva-requena\\\/#primaryimage\"},\"image\":{\"@id\":\"https:\\\/\\\/www.maapprogram.org\\\/es\\\/imagen-4-proyectos-de-aceite-de-palma-deforestan-el-bosque-primario-de-la-amazonia-peruana-primera-parte-nueva-requena\\\/#primaryimage\"},\"thumbnailUrl\":\"https:\\\/\\\/www.maapprogram.org\\\/wp-content\\\/uploads\\\/2015\\\/04\\\/NR_MAAP_4d_v5-1500x1061.jpg\",\"datePublished\":\"2015-04-30T18:43:00+00:00\",\"dateModified\":\"2024-09-24T19:31:20+00:00\",\"author\":{\"@id\":\"https:\\\/\\\/www.maapprogram.org\\\/es\\\/#\\\/schema\\\/person\\\/433e90c8debccfe16357e05627bbd443\"},\"breadcrumb\":{\"@id\":\"https:\\\/\\\/www.maapprogram.org\\\/es\\\/imagen-4-proyectos-de-aceite-de-palma-deforestan-el-bosque-primario-de-la-amazonia-peruana-primera-parte-nueva-requena\\\/#breadcrumb\"},\"inLanguage\":\"es\",\"potentialAction\":[{\"@type\":\"ReadAction\",\"target\":[\"https:\\\/\\\/www.maapprogram.org\\\/es\\\/imagen-4-proyectos-de-aceite-de-palma-deforestan-el-bosque-primario-de-la-amazonia-peruana-primera-parte-nueva-requena\\\/\"]}]},{\"@type\":\"ImageObject\",\"inLanguage\":\"es\",\"@id\":\"https:\\\/\\\/www.maapprogram.org\\\/es\\\/imagen-4-proyectos-de-aceite-de-palma-deforestan-el-bosque-primario-de-la-amazonia-peruana-primera-parte-nueva-requena\\\/#primaryimage\",\"url\":\"https:\\\/\\\/www.maapprogram.org\\\/wp-content\\\/uploads\\\/2015\\\/04\\\/NR_MAAP_4d_v5-1500x1061.jpg\",\"contentUrl\":\"https:\\\/\\\/www.maapprogram.org\\\/wp-content\\\/uploads\\\/2015\\\/04\\\/NR_MAAP_4d_v5-1500x1061.jpg\"},{\"@type\":\"BreadcrumbList\",\"@id\":\"https:\\\/\\\/www.maapprogram.org\\\/es\\\/imagen-4-proyectos-de-aceite-de-palma-deforestan-el-bosque-primario-de-la-amazonia-peruana-primera-parte-nueva-requena\\\/#breadcrumb\",\"itemListElement\":[{\"@type\":\"ListItem\",\"position\":1,\"name\":\"Home\",\"item\":\"https:\\\/\\\/www.maapprogram.org\\\/es\\\/\"},{\"@type\":\"ListItem\",\"position\":2,\"name\":\"Imagen #4: Plantaciones de Palma Aceitera a Gran Escala Causan Deforestaci\u00f3n del Bosque Primario en la Amazon\u00eda Peruana (Primera Parte: Nueva Requena)\"}]},{\"@type\":\"WebSite\",\"@id\":\"https:\\\/\\\/www.maapprogram.org\\\/es\\\/#website\",\"url\":\"https:\\\/\\\/www.maapprogram.org\\\/es\\\/\",\"name\":\"MAAP\",\"description\":\"\",\"potentialAction\":[{\"@type\":\"SearchAction\",\"target\":{\"@type\":\"EntryPoint\",\"urlTemplate\":\"https:\\\/\\\/www.maapprogram.org\\\/es\\\/?s={search_term_string}\"},\"query-input\":{\"@type\":\"PropertyValueSpecification\",\"valueRequired\":true,\"valueName\":\"search_term_string\"}}],\"inLanguage\":\"es\"},{\"@type\":\"Person\",\"@id\":\"https:\\\/\\\/www.maapprogram.org\\\/es\\\/#\\\/schema\\\/person\\\/433e90c8debccfe16357e05627bbd443\",\"name\":\"dcadmin\",\"image\":{\"@type\":\"ImageObject\",\"inLanguage\":\"es\",\"@id\":\"https:\\\/\\\/secure.gravatar.com\\\/avatar\\\/83c0f4e5f994ae4e4b9ae78b382f373b07a15509b31a24d7d748f76e9925b825?s=96&d=mm&r=g\",\"url\":\"https:\\\/\\\/secure.gravatar.com\\\/avatar\\\/83c0f4e5f994ae4e4b9ae78b382f373b07a15509b31a24d7d748f76e9925b825?s=96&d=mm&r=g\",\"contentUrl\":\"https:\\\/\\\/secure.gravatar.com\\\/avatar\\\/83c0f4e5f994ae4e4b9ae78b382f373b07a15509b31a24d7d748f76e9925b825?s=96&d=mm&r=g\",\"caption\":\"dcadmin\"},\"sameAs\":[\"http:\\\/\\\/www.maapprogram.org\"],\"url\":\"https:\\\/\\\/www.maapprogram.org\\\/es\\\/author\\\/dcadmin\\\/\"}]}<\/script>\n<!-- \/ Yoast SEO plugin. -->","yoast_head_json":{"title":"Imagen #4: Plantaciones de Palma Aceitera a Gran Escala Causan Deforestaci\u00f3n del Bosque Primario en la Amazon\u00eda Peruana (Primera Parte: Nueva Requena) - MAAP","robots":{"index":"index","follow":"follow","max-snippet":"max-snippet:-1","max-image-preview":"max-image-preview:large","max-video-preview":"max-video-preview:-1"},"canonical":"https:\/\/www.maapprogram.org\/es\/imagen-4-proyectos-de-aceite-de-palma-deforestan-el-bosque-primario-de-la-amazonia-peruana-primera-parte-nueva-requena\/","og_locale":"es_ES","og_type":"article","og_title":"Imagen #4: Plantaciones de Palma Aceitera a Gran Escala Causan Deforestaci\u00f3n del Bosque Primario en la Amazon\u00eda Peruana (Primera Parte: Nueva Requena) - MAAP","og_description":"La Imagen de la Semana #4 muestra la expansi\u00f3n de dos plantaciones a gran escala de palma aceitera en las cercan\u00edas del poblado de Nueva Requena en la Amazon\u00eda peruana central (departamento de Ucayali). \u00a0Los proyectos se iniciaron a fines de 2011 y en la actualidad, en abril de 2015, el \u00e1rea deforestada cubre casi [&hellip;]","og_url":"https:\/\/www.maapprogram.org\/es\/imagen-4-proyectos-de-aceite-de-palma-deforestan-el-bosque-primario-de-la-amazonia-peruana-primera-parte-nueva-requena\/","og_site_name":"MAAP","article_published_time":"2015-04-30T18:43:00+00:00","article_modified_time":"2024-09-24T19:31:20+00:00","og_image":[{"url":"https:\/\/www.maapprogram.org\/wp-content\/uploads\/2015\/04\/NR_MAAP_4d_v5-1500x1061.jpg","type":"","width":"","height":""}],"author":"dcadmin","twitter_card":"summary_large_image","twitter_misc":{"Escrito por":"dcadmin","Tiempo de lectura":"6 minutos"},"schema":{"@context":"https:\/\/schema.org","@graph":[{"@type":"Article","@id":"https:\/\/www.maapprogram.org\/es\/imagen-4-proyectos-de-aceite-de-palma-deforestan-el-bosque-primario-de-la-amazonia-peruana-primera-parte-nueva-requena\/#article","isPartOf":{"@id":"https:\/\/www.maapprogram.org\/es\/imagen-4-proyectos-de-aceite-de-palma-deforestan-el-bosque-primario-de-la-amazonia-peruana-primera-parte-nueva-requena\/"},"author":{"name":"dcadmin","@id":"https:\/\/www.maapprogram.org\/es\/#\/schema\/person\/433e90c8debccfe16357e05627bbd443"},"headline":"Imagen #4: Plantaciones de Palma Aceitera a Gran Escala Causan Deforestaci\u00f3n del Bosque Primario en la Amazon\u00eda Peruana (Primera Parte: Nueva Requena)","datePublished":"2015-04-30T18:43:00+00:00","dateModified":"2024-09-24T19:31:20+00:00","mainEntityOfPage":{"@id":"https:\/\/www.maapprogram.org\/es\/imagen-4-proyectos-de-aceite-de-palma-deforestan-el-bosque-primario-de-la-amazonia-peruana-primera-parte-nueva-requena\/"},"wordCount":1012,"commentCount":0,"image":{"@id":"https:\/\/www.maapprogram.org\/es\/imagen-4-proyectos-de-aceite-de-palma-deforestan-el-bosque-primario-de-la-amazonia-peruana-primera-parte-nueva-requena\/#primaryimage"},"thumbnailUrl":"https:\/\/www.maapprogram.org\/wp-content\/uploads\/2015\/04\/NR_MAAP_4d_v5-1500x1061.jpg","keywords":["Imagen de la Semana #4"],"articleSection":["Palma Aceitera"],"inLanguage":"es","potentialAction":[{"@type":"CommentAction","name":"Comment","target":["https:\/\/www.maapprogram.org\/es\/imagen-4-proyectos-de-aceite-de-palma-deforestan-el-bosque-primario-de-la-amazonia-peruana-primera-parte-nueva-requena\/#respond"]}]},{"@type":"WebPage","@id":"https:\/\/www.maapprogram.org\/es\/imagen-4-proyectos-de-aceite-de-palma-deforestan-el-bosque-primario-de-la-amazonia-peruana-primera-parte-nueva-requena\/","url":"https:\/\/www.maapprogram.org\/es\/imagen-4-proyectos-de-aceite-de-palma-deforestan-el-bosque-primario-de-la-amazonia-peruana-primera-parte-nueva-requena\/","name":"Imagen #4: Plantaciones de Palma Aceitera a Gran Escala Causan Deforestaci\u00f3n del Bosque Primario en la Amazon\u00eda Peruana (Primera Parte: Nueva Requena) - MAAP","isPartOf":{"@id":"https:\/\/www.maapprogram.org\/es\/#website"},"primaryImageOfPage":{"@id":"https:\/\/www.maapprogram.org\/es\/imagen-4-proyectos-de-aceite-de-palma-deforestan-el-bosque-primario-de-la-amazonia-peruana-primera-parte-nueva-requena\/#primaryimage"},"image":{"@id":"https:\/\/www.maapprogram.org\/es\/imagen-4-proyectos-de-aceite-de-palma-deforestan-el-bosque-primario-de-la-amazonia-peruana-primera-parte-nueva-requena\/#primaryimage"},"thumbnailUrl":"https:\/\/www.maapprogram.org\/wp-content\/uploads\/2015\/04\/NR_MAAP_4d_v5-1500x1061.jpg","datePublished":"2015-04-30T18:43:00+00:00","dateModified":"2024-09-24T19:31:20+00:00","author":{"@id":"https:\/\/www.maapprogram.org\/es\/#\/schema\/person\/433e90c8debccfe16357e05627bbd443"},"breadcrumb":{"@id":"https:\/\/www.maapprogram.org\/es\/imagen-4-proyectos-de-aceite-de-palma-deforestan-el-bosque-primario-de-la-amazonia-peruana-primera-parte-nueva-requena\/#breadcrumb"},"inLanguage":"es","potentialAction":[{"@type":"ReadAction","target":["https:\/\/www.maapprogram.org\/es\/imagen-4-proyectos-de-aceite-de-palma-deforestan-el-bosque-primario-de-la-amazonia-peruana-primera-parte-nueva-requena\/"]}]},{"@type":"ImageObject","inLanguage":"es","@id":"https:\/\/www.maapprogram.org\/es\/imagen-4-proyectos-de-aceite-de-palma-deforestan-el-bosque-primario-de-la-amazonia-peruana-primera-parte-nueva-requena\/#primaryimage","url":"https:\/\/www.maapprogram.org\/wp-content\/uploads\/2015\/04\/NR_MAAP_4d_v5-1500x1061.jpg","contentUrl":"https:\/\/www.maapprogram.org\/wp-content\/uploads\/2015\/04\/NR_MAAP_4d_v5-1500x1061.jpg"},{"@type":"BreadcrumbList","@id":"https:\/\/www.maapprogram.org\/es\/imagen-4-proyectos-de-aceite-de-palma-deforestan-el-bosque-primario-de-la-amazonia-peruana-primera-parte-nueva-requena\/#breadcrumb","itemListElement":[{"@type":"ListItem","position":1,"name":"Home","item":"https:\/\/www.maapprogram.org\/es\/"},{"@type":"ListItem","position":2,"name":"Imagen #4: Plantaciones de Palma Aceitera a Gran Escala Causan Deforestaci\u00f3n del Bosque Primario en la Amazon\u00eda Peruana (Primera Parte: Nueva Requena)"}]},{"@type":"WebSite","@id":"https:\/\/www.maapprogram.org\/es\/#website","url":"https:\/\/www.maapprogram.org\/es\/","name":"MAAP","description":"","potentialAction":[{"@type":"SearchAction","target":{"@type":"EntryPoint","urlTemplate":"https:\/\/www.maapprogram.org\/es\/?s={search_term_string}"},"query-input":{"@type":"PropertyValueSpecification","valueRequired":true,"valueName":"search_term_string"}}],"inLanguage":"es"},{"@type":"Person","@id":"https:\/\/www.maapprogram.org\/es\/#\/schema\/person\/433e90c8debccfe16357e05627bbd443","name":"dcadmin","image":{"@type":"ImageObject","inLanguage":"es","@id":"https:\/\/secure.gravatar.com\/avatar\/83c0f4e5f994ae4e4b9ae78b382f373b07a15509b31a24d7d748f76e9925b825?s=96&d=mm&r=g","url":"https:\/\/secure.gravatar.com\/avatar\/83c0f4e5f994ae4e4b9ae78b382f373b07a15509b31a24d7d748f76e9925b825?s=96&d=mm&r=g","contentUrl":"https:\/\/secure.gravatar.com\/avatar\/83c0f4e5f994ae4e4b9ae78b382f373b07a15509b31a24d7d748f76e9925b825?s=96&d=mm&r=g","caption":"dcadmin"},"sameAs":["http:\/\/www.maapprogram.org"],"url":"https:\/\/www.maapprogram.org\/es\/author\/dcadmin\/"}]}},"_links":{"self":[{"href":"https:\/\/www.maapprogram.org\/es\/wp-json\/wp\/v2\/posts\/21273","targetHints":{"allow":["GET"]}}],"collection":[{"href":"https:\/\/www.maapprogram.org\/es\/wp-json\/wp\/v2\/posts"}],"about":[{"href":"https:\/\/www.maapprogram.org\/es\/wp-json\/wp\/v2\/types\/post"}],"author":[{"embeddable":true,"href":"https:\/\/www.maapprogram.org\/es\/wp-json\/wp\/v2\/users\/1"}],"replies":[{"embeddable":true,"href":"https:\/\/www.maapprogram.org\/es\/wp-json\/wp\/v2\/comments?post=21273"}],"version-history":[{"count":1,"href":"https:\/\/www.maapprogram.org\/es\/wp-json\/wp\/v2\/posts\/21273\/revisions"}],"predecessor-version":[{"id":23009,"href":"https:\/\/www.maapprogram.org\/es\/wp-json\/wp\/v2\/posts\/21273\/revisions\/23009"}],"wp:attachment":[{"href":"https:\/\/www.maapprogram.org\/es\/wp-json\/wp\/v2\/media?parent=21273"}],"wp:term":[{"taxonomy":"category","embeddable":true,"href":"https:\/\/www.maapprogram.org\/es\/wp-json\/wp\/v2\/categories?post=21273"},{"taxonomy":"post_tag","embeddable":true,"href":"https:\/\/www.maapprogram.org\/es\/wp-json\/wp\/v2\/tags?post=21273"},{"taxonomy":"ftr_agriculture","embeddable":true,"href":"https:\/\/www.maapprogram.org\/es\/wp-json\/wp\/v2\/ftr_agriculture?post=21273"},{"taxonomy":"carbon-and-climate-change","embeddable":true,"href":"https:\/\/www.maapprogram.org\/es\/wp-json\/wp\/v2\/carbon-and-climate-change?post=21273"},{"taxonomy":"ftr_country","embeddable":true,"href":"https:\/\/www.maapprogram.org\/es\/wp-json\/wp\/v2\/ftr_country?post=21273"},{"taxonomy":"fire","embeddable":true,"href":"https:\/\/www.maapprogram.org\/es\/wp-json\/wp\/v2\/fire?post=21273"},{"taxonomy":"infrastructure-threat","embeddable":true,"href":"https:\/\/www.maapprogram.org\/es\/wp-json\/wp\/v2\/infrastructure-threat?post=21273"},{"taxonomy":"land-use","embeddable":true,"href":"https:\/\/www.maapprogram.org\/es\/wp-json\/wp\/v2\/land-use?post=21273"},{"taxonomy":"mining-and-logging-threat","embeddable":true,"href":"https:\/\/www.maapprogram.org\/es\/wp-json\/wp\/v2\/mining-and-logging-threat?post=21273"},{"taxonomy":"natural-forest-loss","embeddable":true,"href":"https:\/\/www.maapprogram.org\/es\/wp-json\/wp\/v2\/natural-forest-loss?post=21273"},{"taxonomy":"special-analysis","embeddable":true,"href":"https:\/\/www.maapprogram.org\/es\/wp-json\/wp\/v2\/special-analysis?post=21273"}],"curies":[{"name":"wp","href":"https:\/\/api.w.org\/{rel}","templated":true}]}}