{"id":21283,"date":"2016-05-16T13:21:00","date_gmt":"2016-05-16T13:21:00","guid":{"rendered":"https:\/\/www.maapprogram.org\/rio-madeira\/"},"modified":"2024-09-17T14:12:12","modified_gmt":"2024-09-17T14:12:12","slug":"rio-madeira","status":"publish","type":"post","link":"https:\/\/www.maapprogram.org\/es\/rio-madeira\/","title":{"rendered":"MAAP #34: Nuevas Represas en el R\u00edo Madeira (Brasil) Causan Deforestaci\u00f3n por Inundaciones"},"content":{"rendered":"<p><span class=\"hps\">Las <strong>tierras bajas de la Amazon\u00eda han estado conectadas acu\u00e1ticamente con la <b>cordillera de los\u00a0<\/b>Andes durante millones de a\u00f1os\u00a0con solo seis\u00a0r\u00edos*<\/strong> (Caquet\u00e1, \u00a0Madeira,\u00a0Mara\u00f1on, Napo, Putumayo, y Ucayali), como se aprecia en la <strong>Imagen 34a<\/strong>. Esta\u00a0\u00edntima\u00a0<\/span><span class=\"hps\">conexi\u00f3n<\/span>\u00a0<span class=\"hps\">permite la alimentaci\u00f3n de la Amazon\u00eda con los sedimentos y nutrientes\u00a0de los Andes, as\u00ed como el paso\u00a0<\/span><span class=\"hps\">de peces (bagres) migratorias hacia sus zonas de desove\u00a0en las colinas andinas.<\/span><\/p>\n<div id=\"attachment_4612\" class=\"thumbnail aligncenter\"><img decoding=\"async\" class=\" wp-image-4612\" src=\"https:\/\/www.maapprogram.org\/wp-content\/uploads\/2016\/05\/JirauDam_intro_sp_v3-1500x1028.jpg\" alt=\"Imagen 34a. Datos: Esri, DigitalGlobe, GeoEye, Earthstar Geographics, CNES\/Airbus DS, USDA, AEX, Getmapping, Aerogrid, IGN, IGP, swisstopo\" width=\"793\" height=\"543\" \/><div class=\"caption\">Imagen 34a. Datos: Esri, DigitalGlobe, GeoEye, Earthstar Geographics, CNES\/Airbus DS, USDA, AEX, Getmapping, Aerogrid, IGN, IGP, swisstopo<\/div><\/div>\n<p>Sin embargo,\u00a0<span class=\"hps\">uno de<\/span>\u00a0lo<span class=\"hps\">s<\/span> <span class=\"hps\">seis principales\u00a0<\/span><span class=\"hps\">afluentes<\/span> <span class=\"hps\">andinos<\/span>\u00a0recientemente\u00a0<span class=\"hps\">ha sido<\/span> <span class=\"hps\">represado<\/span>\u00a0en <span class=\"hps\">su<\/span> <span class=\"hps\">cauce principal<\/span>: <span class=\"hps\">el <strong>R<\/strong><strong>\u00edo<\/strong><\/span> <span class=\"hps\"><strong>Madeira<\/strong>, en<\/span> <span class=\"hps\">el oeste de<\/span><strong><span class=\"hps\"> Brasil <\/span><\/strong><span class=\"hps\">(ver el Cuadro A)<\/span>. <span class=\"hps\">La<\/span><strong><span class=\"hps\">\u00a0represa<\/span><span class=\"hps\">\u00a0Santo<\/span> <span class=\"hps\">Ant\u00f4nio<\/span><\/strong> <span class=\"hps\">se complet\u00f3 en<\/span> <span class=\"hps\">2011<\/span>, seguida\u00a0<span class=\"hps\">por la <strong>represa<\/strong><\/span><strong> <span class=\"hps\">Jirau<\/span><\/strong> <span class=\"hps\">aguas arriba<\/span> <span class=\"hps\">en 2013<\/span>. N\u00f3tese que estas represas se encuentran\u00a0aguas abajo del r\u00edo Madre de Dios (uno de los afluentes principales del <span class=\"hps\">R\u00edo<\/span> <span class=\"hps\">Madeira)<\/span>, entonces impactos ecol\u00f3gicos (por ejemplo, interrumpir el tr\u00e1nsito de <strong>bagres migratorios<\/strong>**) son muy relevantes a Per\u00fa\u00a0tambi\u00e9n.<\/p>\n<p>En el presente\u00a0<strong><span class=\"hps\">MAAP<\/span> <span class=\"hps\">#34<\/span><\/strong>, se describe la <span class=\"hps\">p\u00e9rdida de bosque\u2014<\/span><span class=\"hps\">m\u00e1s de<\/span><strong> <span class=\"hps\">36,100<\/span> <span class=\"hps atn\">hect\u00e1reas\u2014<\/span><\/strong>debido\u00a0<span class=\"hps\">a <\/span><span class=\"hps\">la<\/span><strong><span class=\"hps\"> inundaci\u00f3n<\/span>\u00a0causada por<span class=\"hps\">\u00a0estas<\/span><span class=\"hps\">\u00a0represas,\u00a0<\/span><\/strong><span class=\"hps\">con un enfoque en la represa Jirau<\/span>.<\/p>\n<div class=\"fitem-sep\"><\/div>\n<h3><strong>Zoom A: P\u00e9rdida\u00a0de Bosque por Inundaciones<\/strong><\/h3>\n<p>La <strong>Imagen 34b<\/strong>\u00a0<span class=\"hps\">muestra la<\/span> <span class=\"hps\">p\u00e9rdida de bosque<\/span>\u00a0<span class=\"hps\">debido a las inundaciones<\/span> <span class=\"hps\">aguas arriba de<\/span> <span class=\"hps\">la represa<\/span> <span class=\"hps\">Jirau<\/span>. Hasta\u00a0<span class=\"hps\">2015, la<\/span> <strong><span class=\"hps\">superficie <\/span><span class=\"hps\">inundada<\/span><\/strong> <span class=\"hps\">por ambas<\/span> <span class=\"hps\">represas<\/span>\u00a0fue de\u00a0<span class=\"hps\">36,139<\/span> <span class=\"hps atn\">hect\u00e1reas (equivalente a 49,450\u00a0campos de f\u00fatbol<\/span><span class=\"hps\">).<\/span>\u00a0Las<span class=\"hps\">\u00a0inundaciones<\/span> <span class=\"hps\">se detectaron<\/span>\u00a0a partir del\u00a0<span class=\"hps\">2010<\/span>, <span class=\"hps\">se elevaron<\/span>\u00a0<span class=\"hps\">sustancialmente<\/span> <span class=\"hps\">entre 2011-12<\/span>, <span class=\"hps\">y<\/span> <span class=\"hps\">alcanzaron su punto m\u00e1ximo<\/span> <span class=\"hps\">en 2014<\/span>.<\/p>\n<p><span class=\"hps\">Seg\u00fan<\/span> <a href=\"http:\/\/www.sciencedirect.com\/science\/article\/pii\/S1462901113002724\">Fearnside 2014<\/a><span class=\"hps\">,<\/span> <span class=\"hps\">a pesar de que gran parte del<\/span> <span class=\"hps\">bosque a lo largo<\/span> <span class=\"hps\">del r\u00edo Madeira<\/span> <span class=\"hps\">se inunda<\/span> <span class=\"hps\">estacionalmente<\/span>, muere cuando es\u00a0inundado <span class=\"hps\">de forma permanente***.<\/span> <span class=\"hps\">Por lo tanto<\/span>, <span class=\"hps\">el \u00e1rea inundada<\/span> <span class=\"hps\">es<\/span> <span class=\"hps\">una medida apropiada de<\/span> <span class=\"hps\">la p\u00e9rdida de bosque<\/span>.<\/p>\n<p>A continuaci\u00f3n, mostramos una serie de im\u00e1genes de las \u00e1reas indicadas en el\u00a0<strong>Cuadro B\u00a0<\/strong>(ver las Im\u00e1genes 34c-e) y en el<strong> Cuadro C\u00a0<\/strong>(ver la Imagen 34f).<\/p>\n<div id=\"attachment_4613\" class=\"thumbnail aligncenter\"><img decoding=\"async\" class=\" wp-image-4613\" src=\"https:\/\/www.maapprogram.org\/wp-content\/uploads\/2016\/05\/JirauDam_zoomA_sp_v4-1500x1031.jpg\" alt=\"Imagen 34b. Datos: USGS, CLASlite, Hansen\/UMD\/Google\/USGS\/NASA.\" width=\"860\" height=\"591\" \/><div class=\"caption\">Imagen 34b. Datos: USGS, CLASlite, Hansen\/UMD\/Google\/USGS\/NASA.<\/div><\/div>\n<div class=\"fitem-sep\"><\/div>\n<h3><strong>Zoom B: <span class=\"hps\">Inundaciones<\/span>\u00a0<span class=\"hps\">Alrededor<\/span><span class=\"hps\">\u00a0la Represa<\/span> <span class=\"hps\">Jirau<\/span><\/strong><\/h3>\n<p>La <strong>Imagen 34c<\/strong>\u00a0muestra las inundaciones aguas arriba de la represa Jirau entre 2011 (panel izquierda) y 2015 (panel derecha). El punto rojo indica\u00a0el mismo lugar en ambas im\u00e1genes.\u00a0A continuaci\u00f3n, mostramos im\u00e1genes de alta-resoluci\u00f3n\u00a0de los \u00e1reas indicados por los <strong>Cuadros B1 y B2<\/strong>.<\/p>\n<div id=\"attachment_4576\" class=\"thumbnail aligncenter\"><img decoding=\"async\" class=\"wp-image-4576 size-full\" src=\"https:\/\/www.maapprogram.org\/wp-content\/uploads\/2016\/05\/CaptureC-1.jpg\" alt=\"Imagen 33c. Inundaciones inmediatamente aguas arriba de la represa Jirau entre 2011 (panel izquierda) y 2015 (panel derecha).\" width=\"1173\" height=\"587\" \/><div class=\"caption\">Imagen 34c. Inundaciones inmediatamente aguas arriba de la represa Jirau entre 2011 (panel izquierda) y 2015 (panel derecha).<\/div><\/div>\n<div class=\"fitem-sep\"><\/div>\n<h3><strong>Zooms B1 y B2: Represa Jirau y sus Inundaciones<\/strong><\/h3>\n<p><span class=\"hps\">La <strong>Imagen<\/strong><\/span><strong> 34d<\/strong>\u00a0<span class=\"hps\">muestra una vista<\/span> <span class=\"hps\">de alta resoluci\u00f3n<\/span> <span class=\"hps\">de la represa <\/span><span class=\"hps\">Jirau en julio de 2015. La<\/span><strong><span class=\"hps\">\u00a0Imagen<\/span> 34e<\/strong>\u00a0<span class=\"hps\">muestra una vista<\/span> <span class=\"hps\">de alta resoluci\u00f3n<\/span> <span class=\"hps\">de una parte de<\/span> <span class=\"hps\">la zona inundada<\/span><span class=\"hps\">\u00a0aguas arriba<\/span> <span class=\"hps\">de la represa<\/span> <span class=\"hps\">Jirau en agosto de 2015 (e<\/span>l punto rojo indica\u00a0el mismo lugar en ambos paneles).<\/p>\n<div id=\"attachment_4577\" class=\"thumbnail aligncenter\"><img decoding=\"async\" class=\" wp-image-4577\" src=\"https:\/\/www.maapprogram.org\/wp-content\/uploads\/2016\/05\/CaptureD-1.jpg\" alt=\"Imagen 33d. Vista de alta resoluci\u00f3n de la represa Jirau. Datos: WorldView-2 from Digital Globe (NextView).\" width=\"885\" height=\"571\" \/><div class=\"caption\">Imagen 34d. Vista de alta resoluci\u00f3n de la represa Jirau. Datos: WorldView-2 from Digital Globe (NextView).<\/div><\/div>\n<div class=\"fitem-sep\"><\/div>\n<div id=\"attachment_4578\" class=\"thumbnail aligncenter\"><img decoding=\"async\" class=\"size-full wp-image-4578\" src=\"https:\/\/www.maapprogram.org\/wp-content\/uploads\/2016\/05\/CaptureE-1.jpg\" alt=\"Imagen 33e: Vista de alta resoluci\u00f3n de una parte de la zona inundada inmediatamente aguas arriba de la represa de Jirau. Datos: WorldView-2 from Digital Globe (NextView).\" width=\"1171\" height=\"586\" \/><div class=\"caption\">Imagen 34e: Vista de alta resoluci\u00f3n de una parte de la zona inundada inmediatamente aguas arriba de la represa de Jirau. Datos: WorldView-2 from Digital Globe (NextView).<\/div><\/div>\n<div class=\"fitem-sep\"><\/div>\n<h3><strong>Zoom C: <span class=\"hps\">Inundaciones <\/span>A<span class=\"hps\">guas Arriba<\/span> <span class=\"hps\">de<\/span> <span class=\"hps\">la Represa <\/span><span class=\"hps\">Jirau<\/span><\/strong><\/h3>\n<p>La <strong>Imagen 34f<\/strong>\u00a0muestra las inundaciones aguas arribas de la represa Jirau entre 2011 (panel izquierda) y 2015 (panel derecha).\u00a0El punto rojo indica\u00a0el mismo lugar en ambas im\u00e1genes.<\/p>\n<div id=\"attachment_4580\" class=\"thumbnail aligncenter\"><img decoding=\"async\" class=\"size-full wp-image-4580\" src=\"https:\/\/www.maapprogram.org\/wp-content\/uploads\/2016\/05\/CaptureF-1.jpg\" alt=\"Imagen 33f. Las inundaciones de bosques de aguas arribas de la represa de Jirau entre 2011 (panel izquierda) y 2015 (panel derecha). Datos: USGS\" width=\"1172\" height=\"592\" \/><div class=\"caption\">Imagen 34f. Las inundaciones de bosques de aguas arribas de la represa de Jirau entre 2011 (panel izquierda) y 2015 (panel derecha). Datos: USGS<\/div><\/div>\n<div class=\"fitem-sep\"><\/div>\n<h3><strong>Referencias<\/strong><\/h3>\n<p>*Finer M, Jenkins CN (2012)\u00a0Proliferation of Hydroelectric Dams in the Andean Amazon and Implications for Andes-Amazon Connectivity. PLOS ONE: 7(4): e35126. Link:\u00a0<a href=\"http:\/\/journals.plos.org\/plosone\/article?id=10.1371\/journal.pone.0035126\">http:\/\/journals.plos.org\/plosone\/article?id=10.1371\/journal.pone.0035126<\/a><\/p>\n<p>**Duponchelle F et al (2016) Trans-Amazonian natal homing in giant catfish.\u00a0J. Appl. Ecol. http:\/\/doi.org\/bd45<\/p>\n<p>***Fearnside PM (2014) Impacts of Brazil&#8217;s Madeira River dams: Unlearned lessons for hydroelectric development in Amazonia. Environmental Science &amp; Policy 38: 164-172.<\/p>\n<div class=\"fitem-sep\"><\/div>\n<h3><strong>Cita<\/strong><\/h3>\n<p>Finer M, Olexy T (2015) Nueva Represa en el R\u00edo Madeira (Brasil) Causa Deforestaci\u00f3n por Inundaciones. MAAP: 34.<\/p>\n","protected":false},"excerpt":{"rendered":"<p>Las tierras bajas de la Amazon\u00eda han estado conectadas acu\u00e1ticamente con la cordillera de los\u00a0Andes durante millones de a\u00f1os\u00a0con solo seis\u00a0r\u00edos* (Caquet\u00e1, \u00a0Madeira,\u00a0Mara\u00f1on, Napo, Putumayo, y Ucayali), como se aprecia en la Imagen 34a. Esta\u00a0\u00edntima\u00a0conexi\u00f3n\u00a0permite la alimentaci\u00f3n de la Amazon\u00eda con los sedimentos y nutrientes\u00a0de los Andes, as\u00ed como el paso\u00a0de peces (bagres) migratorias hacia [&hellip;]<\/p>\n","protected":false},"author":1,"featured_media":0,"comment_status":"open","ping_status":"open","sticky":false,"template":"","format":"standard","meta":{"_acf_changed":false,"footnotes":""},"categories":[348,306],"tags":[73],"ftr_agriculture":[],"carbon-and-climate-change":[],"ftr_country":[449],"fire":[],"infrastructure-threat":[428],"land-use":[],"mining-and-logging-threat":[],"natural-forest-loss":[],"special-analysis":[],"class_list":["post-21283","post","type-post","status-publish","format-standard","hentry","category-paisesbrasil","category-represas","tag-maap-34","ftr_country-brasil","infrastructure-threat-represas"],"acf":[],"yoast_head":"<!-- This site is optimized with the Yoast SEO plugin v27.3 - https:\/\/yoast.com\/product\/yoast-seo-wordpress\/ -->\n<title>MAAP #34: Nuevas Represas en el R\u00edo Madeira (Brasil) Causan Deforestaci\u00f3n por Inundaciones - MAAP<\/title>\n<meta name=\"robots\" content=\"index, follow, max-snippet:-1, max-image-preview:large, max-video-preview:-1\" \/>\n<link rel=\"canonical\" href=\"https:\/\/www.maapprogram.org\/es\/rio-madeira\/\" \/>\n<meta property=\"og:locale\" content=\"es_ES\" \/>\n<meta property=\"og:type\" content=\"article\" \/>\n<meta property=\"og:title\" content=\"MAAP #34: Nuevas Represas en el R\u00edo Madeira (Brasil) Causan Deforestaci\u00f3n por Inundaciones - MAAP\" \/>\n<meta property=\"og:description\" content=\"Las tierras bajas de la Amazon\u00eda han estado conectadas acu\u00e1ticamente con la cordillera de los\u00a0Andes durante millones de a\u00f1os\u00a0con solo seis\u00a0r\u00edos* (Caquet\u00e1, \u00a0Madeira,\u00a0Mara\u00f1on, Napo, Putumayo, y Ucayali), como se aprecia en la Imagen 34a. Esta\u00a0\u00edntima\u00a0conexi\u00f3n\u00a0permite la alimentaci\u00f3n de la Amazon\u00eda con los sedimentos y nutrientes\u00a0de los Andes, as\u00ed como el paso\u00a0de peces (bagres) migratorias hacia [&hellip;]\" \/>\n<meta property=\"og:url\" content=\"https:\/\/www.maapprogram.org\/es\/rio-madeira\/\" \/>\n<meta property=\"og:site_name\" content=\"MAAP\" \/>\n<meta property=\"article:published_time\" content=\"2016-05-16T13:21:00+00:00\" \/>\n<meta property=\"article:modified_time\" content=\"2024-09-17T14:12:12+00:00\" \/>\n<meta property=\"og:image\" content=\"https:\/\/www.maapprogram.org\/wp-content\/uploads\/2016\/05\/JirauDam_intro_sp_v3-1500x1028.jpg\" \/>\n<meta name=\"author\" content=\"dcadmin\" \/>\n<meta name=\"twitter:card\" content=\"summary_large_image\" \/>\n<meta name=\"twitter:label1\" content=\"Escrito por\" \/>\n\t<meta name=\"twitter:data1\" content=\"dcadmin\" \/>\n\t<meta name=\"twitter:label2\" content=\"Tiempo de lectura\" \/>\n\t<meta name=\"twitter:data2\" content=\"5 minutos\" \/>\n<script type=\"application\/ld+json\" class=\"yoast-schema-graph\">{\"@context\":\"https:\\\/\\\/schema.org\",\"@graph\":[{\"@type\":\"Article\",\"@id\":\"https:\\\/\\\/www.maapprogram.org\\\/es\\\/rio-madeira\\\/#article\",\"isPartOf\":{\"@id\":\"https:\\\/\\\/www.maapprogram.org\\\/es\\\/rio-madeira\\\/\"},\"author\":{\"name\":\"dcadmin\",\"@id\":\"https:\\\/\\\/www.maapprogram.org\\\/es\\\/#\\\/schema\\\/person\\\/433e90c8debccfe16357e05627bbd443\"},\"headline\":\"MAAP #34: Nuevas Represas en el R\u00edo Madeira (Brasil) Causan Deforestaci\u00f3n por Inundaciones\",\"datePublished\":\"2016-05-16T13:21:00+00:00\",\"dateModified\":\"2024-09-17T14:12:12+00:00\",\"mainEntityOfPage\":{\"@id\":\"https:\\\/\\\/www.maapprogram.org\\\/es\\\/rio-madeira\\\/\"},\"wordCount\":757,\"commentCount\":0,\"image\":{\"@id\":\"https:\\\/\\\/www.maapprogram.org\\\/es\\\/rio-madeira\\\/#primaryimage\"},\"thumbnailUrl\":\"https:\\\/\\\/www.maapprogram.org\\\/wp-content\\\/uploads\\\/2016\\\/05\\\/JirauDam_intro_sp_v3-1500x1028.jpg\",\"keywords\":[\"MAAP #34\"],\"articleSection\":[\"Paises&gt;Brasil\",\"Represas\"],\"inLanguage\":\"es\",\"potentialAction\":[{\"@type\":\"CommentAction\",\"name\":\"Comment\",\"target\":[\"https:\\\/\\\/www.maapprogram.org\\\/es\\\/rio-madeira\\\/#respond\"]}]},{\"@type\":\"WebPage\",\"@id\":\"https:\\\/\\\/www.maapprogram.org\\\/es\\\/rio-madeira\\\/\",\"url\":\"https:\\\/\\\/www.maapprogram.org\\\/es\\\/rio-madeira\\\/\",\"name\":\"MAAP #34: Nuevas Represas en el R\u00edo Madeira (Brasil) Causan Deforestaci\u00f3n por Inundaciones - MAAP\",\"isPartOf\":{\"@id\":\"https:\\\/\\\/www.maapprogram.org\\\/es\\\/#website\"},\"primaryImageOfPage\":{\"@id\":\"https:\\\/\\\/www.maapprogram.org\\\/es\\\/rio-madeira\\\/#primaryimage\"},\"image\":{\"@id\":\"https:\\\/\\\/www.maapprogram.org\\\/es\\\/rio-madeira\\\/#primaryimage\"},\"thumbnailUrl\":\"https:\\\/\\\/www.maapprogram.org\\\/wp-content\\\/uploads\\\/2016\\\/05\\\/JirauDam_intro_sp_v3-1500x1028.jpg\",\"datePublished\":\"2016-05-16T13:21:00+00:00\",\"dateModified\":\"2024-09-17T14:12:12+00:00\",\"author\":{\"@id\":\"https:\\\/\\\/www.maapprogram.org\\\/es\\\/#\\\/schema\\\/person\\\/433e90c8debccfe16357e05627bbd443\"},\"breadcrumb\":{\"@id\":\"https:\\\/\\\/www.maapprogram.org\\\/es\\\/rio-madeira\\\/#breadcrumb\"},\"inLanguage\":\"es\",\"potentialAction\":[{\"@type\":\"ReadAction\",\"target\":[\"https:\\\/\\\/www.maapprogram.org\\\/es\\\/rio-madeira\\\/\"]}]},{\"@type\":\"ImageObject\",\"inLanguage\":\"es\",\"@id\":\"https:\\\/\\\/www.maapprogram.org\\\/es\\\/rio-madeira\\\/#primaryimage\",\"url\":\"https:\\\/\\\/www.maapprogram.org\\\/wp-content\\\/uploads\\\/2016\\\/05\\\/JirauDam_intro_sp_v3-1500x1028.jpg\",\"contentUrl\":\"https:\\\/\\\/www.maapprogram.org\\\/wp-content\\\/uploads\\\/2016\\\/05\\\/JirauDam_intro_sp_v3-1500x1028.jpg\"},{\"@type\":\"BreadcrumbList\",\"@id\":\"https:\\\/\\\/www.maapprogram.org\\\/es\\\/rio-madeira\\\/#breadcrumb\",\"itemListElement\":[{\"@type\":\"ListItem\",\"position\":1,\"name\":\"Home\",\"item\":\"https:\\\/\\\/www.maapprogram.org\\\/es\\\/\"},{\"@type\":\"ListItem\",\"position\":2,\"name\":\"MAAP #34: Nuevas Represas en el R\u00edo Madeira (Brasil) Causan Deforestaci\u00f3n por Inundaciones\"}]},{\"@type\":\"WebSite\",\"@id\":\"https:\\\/\\\/www.maapprogram.org\\\/es\\\/#website\",\"url\":\"https:\\\/\\\/www.maapprogram.org\\\/es\\\/\",\"name\":\"MAAP\",\"description\":\"\",\"potentialAction\":[{\"@type\":\"SearchAction\",\"target\":{\"@type\":\"EntryPoint\",\"urlTemplate\":\"https:\\\/\\\/www.maapprogram.org\\\/es\\\/?s={search_term_string}\"},\"query-input\":{\"@type\":\"PropertyValueSpecification\",\"valueRequired\":true,\"valueName\":\"search_term_string\"}}],\"inLanguage\":\"es\"},{\"@type\":\"Person\",\"@id\":\"https:\\\/\\\/www.maapprogram.org\\\/es\\\/#\\\/schema\\\/person\\\/433e90c8debccfe16357e05627bbd443\",\"name\":\"dcadmin\",\"image\":{\"@type\":\"ImageObject\",\"inLanguage\":\"es\",\"@id\":\"https:\\\/\\\/secure.gravatar.com\\\/avatar\\\/83c0f4e5f994ae4e4b9ae78b382f373b07a15509b31a24d7d748f76e9925b825?s=96&d=mm&r=g\",\"url\":\"https:\\\/\\\/secure.gravatar.com\\\/avatar\\\/83c0f4e5f994ae4e4b9ae78b382f373b07a15509b31a24d7d748f76e9925b825?s=96&d=mm&r=g\",\"contentUrl\":\"https:\\\/\\\/secure.gravatar.com\\\/avatar\\\/83c0f4e5f994ae4e4b9ae78b382f373b07a15509b31a24d7d748f76e9925b825?s=96&d=mm&r=g\",\"caption\":\"dcadmin\"},\"sameAs\":[\"http:\\\/\\\/www.maapprogram.org\"],\"url\":\"https:\\\/\\\/www.maapprogram.org\\\/es\\\/author\\\/dcadmin\\\/\"}]}<\/script>\n<!-- \/ Yoast SEO plugin. -->","yoast_head_json":{"title":"MAAP #34: Nuevas Represas en el R\u00edo Madeira (Brasil) Causan Deforestaci\u00f3n por Inundaciones - MAAP","robots":{"index":"index","follow":"follow","max-snippet":"max-snippet:-1","max-image-preview":"max-image-preview:large","max-video-preview":"max-video-preview:-1"},"canonical":"https:\/\/www.maapprogram.org\/es\/rio-madeira\/","og_locale":"es_ES","og_type":"article","og_title":"MAAP #34: Nuevas Represas en el R\u00edo Madeira (Brasil) Causan Deforestaci\u00f3n por Inundaciones - MAAP","og_description":"Las tierras bajas de la Amazon\u00eda han estado conectadas acu\u00e1ticamente con la cordillera de los\u00a0Andes durante millones de a\u00f1os\u00a0con solo seis\u00a0r\u00edos* (Caquet\u00e1, \u00a0Madeira,\u00a0Mara\u00f1on, Napo, Putumayo, y Ucayali), como se aprecia en la Imagen 34a. Esta\u00a0\u00edntima\u00a0conexi\u00f3n\u00a0permite la alimentaci\u00f3n de la Amazon\u00eda con los sedimentos y nutrientes\u00a0de los Andes, as\u00ed como el paso\u00a0de peces (bagres) migratorias hacia [&hellip;]","og_url":"https:\/\/www.maapprogram.org\/es\/rio-madeira\/","og_site_name":"MAAP","article_published_time":"2016-05-16T13:21:00+00:00","article_modified_time":"2024-09-17T14:12:12+00:00","og_image":[{"url":"https:\/\/www.maapprogram.org\/wp-content\/uploads\/2016\/05\/JirauDam_intro_sp_v3-1500x1028.jpg","type":"","width":"","height":""}],"author":"dcadmin","twitter_card":"summary_large_image","twitter_misc":{"Escrito por":"dcadmin","Tiempo de lectura":"5 minutos"},"schema":{"@context":"https:\/\/schema.org","@graph":[{"@type":"Article","@id":"https:\/\/www.maapprogram.org\/es\/rio-madeira\/#article","isPartOf":{"@id":"https:\/\/www.maapprogram.org\/es\/rio-madeira\/"},"author":{"name":"dcadmin","@id":"https:\/\/www.maapprogram.org\/es\/#\/schema\/person\/433e90c8debccfe16357e05627bbd443"},"headline":"MAAP #34: Nuevas Represas en el R\u00edo Madeira (Brasil) Causan Deforestaci\u00f3n por Inundaciones","datePublished":"2016-05-16T13:21:00+00:00","dateModified":"2024-09-17T14:12:12+00:00","mainEntityOfPage":{"@id":"https:\/\/www.maapprogram.org\/es\/rio-madeira\/"},"wordCount":757,"commentCount":0,"image":{"@id":"https:\/\/www.maapprogram.org\/es\/rio-madeira\/#primaryimage"},"thumbnailUrl":"https:\/\/www.maapprogram.org\/wp-content\/uploads\/2016\/05\/JirauDam_intro_sp_v3-1500x1028.jpg","keywords":["MAAP #34"],"articleSection":["Paises&gt;Brasil","Represas"],"inLanguage":"es","potentialAction":[{"@type":"CommentAction","name":"Comment","target":["https:\/\/www.maapprogram.org\/es\/rio-madeira\/#respond"]}]},{"@type":"WebPage","@id":"https:\/\/www.maapprogram.org\/es\/rio-madeira\/","url":"https:\/\/www.maapprogram.org\/es\/rio-madeira\/","name":"MAAP #34: Nuevas Represas en el R\u00edo Madeira (Brasil) Causan Deforestaci\u00f3n por Inundaciones - MAAP","isPartOf":{"@id":"https:\/\/www.maapprogram.org\/es\/#website"},"primaryImageOfPage":{"@id":"https:\/\/www.maapprogram.org\/es\/rio-madeira\/#primaryimage"},"image":{"@id":"https:\/\/www.maapprogram.org\/es\/rio-madeira\/#primaryimage"},"thumbnailUrl":"https:\/\/www.maapprogram.org\/wp-content\/uploads\/2016\/05\/JirauDam_intro_sp_v3-1500x1028.jpg","datePublished":"2016-05-16T13:21:00+00:00","dateModified":"2024-09-17T14:12:12+00:00","author":{"@id":"https:\/\/www.maapprogram.org\/es\/#\/schema\/person\/433e90c8debccfe16357e05627bbd443"},"breadcrumb":{"@id":"https:\/\/www.maapprogram.org\/es\/rio-madeira\/#breadcrumb"},"inLanguage":"es","potentialAction":[{"@type":"ReadAction","target":["https:\/\/www.maapprogram.org\/es\/rio-madeira\/"]}]},{"@type":"ImageObject","inLanguage":"es","@id":"https:\/\/www.maapprogram.org\/es\/rio-madeira\/#primaryimage","url":"https:\/\/www.maapprogram.org\/wp-content\/uploads\/2016\/05\/JirauDam_intro_sp_v3-1500x1028.jpg","contentUrl":"https:\/\/www.maapprogram.org\/wp-content\/uploads\/2016\/05\/JirauDam_intro_sp_v3-1500x1028.jpg"},{"@type":"BreadcrumbList","@id":"https:\/\/www.maapprogram.org\/es\/rio-madeira\/#breadcrumb","itemListElement":[{"@type":"ListItem","position":1,"name":"Home","item":"https:\/\/www.maapprogram.org\/es\/"},{"@type":"ListItem","position":2,"name":"MAAP #34: Nuevas Represas en el R\u00edo Madeira (Brasil) Causan Deforestaci\u00f3n por Inundaciones"}]},{"@type":"WebSite","@id":"https:\/\/www.maapprogram.org\/es\/#website","url":"https:\/\/www.maapprogram.org\/es\/","name":"MAAP","description":"","potentialAction":[{"@type":"SearchAction","target":{"@type":"EntryPoint","urlTemplate":"https:\/\/www.maapprogram.org\/es\/?s={search_term_string}"},"query-input":{"@type":"PropertyValueSpecification","valueRequired":true,"valueName":"search_term_string"}}],"inLanguage":"es"},{"@type":"Person","@id":"https:\/\/www.maapprogram.org\/es\/#\/schema\/person\/433e90c8debccfe16357e05627bbd443","name":"dcadmin","image":{"@type":"ImageObject","inLanguage":"es","@id":"https:\/\/secure.gravatar.com\/avatar\/83c0f4e5f994ae4e4b9ae78b382f373b07a15509b31a24d7d748f76e9925b825?s=96&d=mm&r=g","url":"https:\/\/secure.gravatar.com\/avatar\/83c0f4e5f994ae4e4b9ae78b382f373b07a15509b31a24d7d748f76e9925b825?s=96&d=mm&r=g","contentUrl":"https:\/\/secure.gravatar.com\/avatar\/83c0f4e5f994ae4e4b9ae78b382f373b07a15509b31a24d7d748f76e9925b825?s=96&d=mm&r=g","caption":"dcadmin"},"sameAs":["http:\/\/www.maapprogram.org"],"url":"https:\/\/www.maapprogram.org\/es\/author\/dcadmin\/"}]}},"_links":{"self":[{"href":"https:\/\/www.maapprogram.org\/es\/wp-json\/wp\/v2\/posts\/21283","targetHints":{"allow":["GET"]}}],"collection":[{"href":"https:\/\/www.maapprogram.org\/es\/wp-json\/wp\/v2\/posts"}],"about":[{"href":"https:\/\/www.maapprogram.org\/es\/wp-json\/wp\/v2\/types\/post"}],"author":[{"embeddable":true,"href":"https:\/\/www.maapprogram.org\/es\/wp-json\/wp\/v2\/users\/1"}],"replies":[{"embeddable":true,"href":"https:\/\/www.maapprogram.org\/es\/wp-json\/wp\/v2\/comments?post=21283"}],"version-history":[{"count":1,"href":"https:\/\/www.maapprogram.org\/es\/wp-json\/wp\/v2\/posts\/21283\/revisions"}],"predecessor-version":[{"id":23171,"href":"https:\/\/www.maapprogram.org\/es\/wp-json\/wp\/v2\/posts\/21283\/revisions\/23171"}],"wp:attachment":[{"href":"https:\/\/www.maapprogram.org\/es\/wp-json\/wp\/v2\/media?parent=21283"}],"wp:term":[{"taxonomy":"category","embeddable":true,"href":"https:\/\/www.maapprogram.org\/es\/wp-json\/wp\/v2\/categories?post=21283"},{"taxonomy":"post_tag","embeddable":true,"href":"https:\/\/www.maapprogram.org\/es\/wp-json\/wp\/v2\/tags?post=21283"},{"taxonomy":"ftr_agriculture","embeddable":true,"href":"https:\/\/www.maapprogram.org\/es\/wp-json\/wp\/v2\/ftr_agriculture?post=21283"},{"taxonomy":"carbon-and-climate-change","embeddable":true,"href":"https:\/\/www.maapprogram.org\/es\/wp-json\/wp\/v2\/carbon-and-climate-change?post=21283"},{"taxonomy":"ftr_country","embeddable":true,"href":"https:\/\/www.maapprogram.org\/es\/wp-json\/wp\/v2\/ftr_country?post=21283"},{"taxonomy":"fire","embeddable":true,"href":"https:\/\/www.maapprogram.org\/es\/wp-json\/wp\/v2\/fire?post=21283"},{"taxonomy":"infrastructure-threat","embeddable":true,"href":"https:\/\/www.maapprogram.org\/es\/wp-json\/wp\/v2\/infrastructure-threat?post=21283"},{"taxonomy":"land-use","embeddable":true,"href":"https:\/\/www.maapprogram.org\/es\/wp-json\/wp\/v2\/land-use?post=21283"},{"taxonomy":"mining-and-logging-threat","embeddable":true,"href":"https:\/\/www.maapprogram.org\/es\/wp-json\/wp\/v2\/mining-and-logging-threat?post=21283"},{"taxonomy":"natural-forest-loss","embeddable":true,"href":"https:\/\/www.maapprogram.org\/es\/wp-json\/wp\/v2\/natural-forest-loss?post=21283"},{"taxonomy":"special-analysis","embeddable":true,"href":"https:\/\/www.maapprogram.org\/es\/wp-json\/wp\/v2\/special-analysis?post=21283"}],"curies":[{"name":"wp","href":"https:\/\/api.w.org\/{rel}","templated":true}]}}