{"id":21339,"date":"2023-09-26T00:32:54","date_gmt":"2023-09-26T00:32:54","guid":{"rendered":"https:\/\/www.maapprogram.org\/deforestacion-minera-2023-peru\/"},"modified":"2024-10-07T13:52:24","modified_gmt":"2024-10-07T13:52:24","slug":"deforestacion-minera-2023-peru","status":"publish","type":"post","link":"https:\/\/www.maapprogram.org\/es\/deforestacion-minera-2023-peru\/","title":{"rendered":"MAAP #195: Deforestaci\u00f3n minera en la Amazon\u00eda peruana sur en 2023"},"content":{"rendered":"<div id=\"attachment_11996\" class=\"thumbnail alignright\"><a href=\"https:\/\/www.maapprogram.org\/wp-content\/uploads\/2023\/09\/maaproject.org-maap-195-deforestacion-minera-en-2023-en-la-amazonia-peruana-sur-Panel-A-CorredorMinero2023-Intro.jpg\"><img decoding=\"async\" class=\"wp-image-11996 size-medium\" src=\"https:\/\/www.maapprogram.org\/wp-content\/uploads\/2023\/09\/maaproject.org-maap-195-deforestacion-minera-en-2023-en-la-amazonia-peruana-sur-Panel-A-CorredorMinero2023-Intro-640x580.jpg\" alt=\"\" width=\"640\" height=\"580\" \/><\/a><div class=\"caption\">Figura 1. Deforestaci\u00f3n minera reciente en el corredor minero de la regi\u00f3n Madre de Dios en la Amazon\u00eda sur peruana (zona Guacamayo). Datos: Planet.<\/div><\/div>\n<p>En el contexto de la miner\u00eda de oro en la Amazon\u00eda, el sur de Per\u00fa es un caso de estudio importante porque hay un <strong>Corredor Minero<\/strong> delimitado por el Estado peruano para organizar y promover la actividad minera.<\/p>\n<p>En esta amplia zona, conocida oficialmente como la \u201cZona de peque\u00f1a miner\u00eda y miner\u00eda artesanal en el departamento de Madre Dios,\u201d la actividad minera puede ser <strong>formal, informal, o ilegal<\/strong>, dependiendo de la ubicaci\u00f3n y del cumplimiento de\u00a0compromisos (ver m\u00e1s detalles en la secci\u00f3n Notas<sup>1<\/sup>).<\/p>\n<p>La deforestaci\u00f3n dentro de sus l\u00edmites es importante porque, aunque posiblemente no sea ilegal, s\u00ed puede ser considerable por la gran extensi\u00f3n del \u00e1rea que abarca el Corredor Minero (498,296 hect\u00e1reas, o casi medio mill\u00f3n de hect\u00e1reas).<\/p>\n<p>En el <a href=\"https:\/\/maaproject.org\/2023\/mineria-oro-peru\/\"><strong>MAAP #185<\/strong><\/a>, reportamos que la gran mayor\u00eda (76.6%) de la deforestaci\u00f3n reciente causada por la miner\u00eda aur\u00edfera en el sur de la Amazon\u00eda peruana se produjo dentro dicho Corredor Minero, superando 14 mil hect\u00e1reas durante el periodo de 2021-2022.<\/p>\n<p>En el presente reporte, actualizamos estos datos hasta setiembre de <strong>2023<\/strong>.<\/p>\n<p>En resumen, estimamos una deforestaci\u00f3n producto de la miner\u00eda en el Corredor Minero durante los \u00faltimos 3 a\u00f1os (2021 \u2013 2023) asciende a\u00a0<strong>18,174 hect\u00e1reas en el Corredor Minero<\/strong> durante los tres \u00faltimos a\u00f1os (2021-2023).<\/p>\n<p>Adem\u00e1s, hemos identificado\u00a0la deforestaci\u00f3n minera de <strong>5,707 hect\u00e1reas fuera del Corredor Minero<\/strong>, lo que representa una estimaci\u00f3n de la miner\u00eda ilegal.<\/p>\n<p>En consecuencia, la deforestaci\u00f3n minera total durante este periodo reciente (2021-2023) alcanza las <strong>23,881 hect\u00e1reas<\/strong>, equivalente al tama\u00f1o del distrito de San Juan de Lurigancho. Del total, el <strong>76%<\/strong> de la deforestaci\u00f3n \u00a0causada por la minera ha ocurrido dentro del Corredor Minero, mientras que el restante (<strong>24%<\/strong>) corresponde a la miner\u00eda ilegal circundante.<\/p>\n<div class=\"fitem-sep\"><\/div>\n<h3><strong>Mapa Base: Deforestaci\u00f3n minera en la Amazon\u00eda peruana sur<\/strong><\/h3>\n<p>El <strong>Mapa Base<\/strong> destaca la deforestaci\u00f3n minera m\u00e1s reciente en 2023 (se muestra en color rojo), as\u00ed como la ocurrida en los a\u00f1os y 2021-2022 (en amarillo), en relaci\u00f3n con la perdida hist\u00f3rica de bosques en la zona (representada en negro), tanto dentro como fuera del Corredor Minero.<\/p>\n<div id=\"attachment_12002\" class=\"thumbnail aligncenter\"><a href=\"https:\/\/www.maapprogram.org\/wp-content\/uploads\/2023\/09\/maaproject.org-maap-195-deforestacion-minera-en-2023-en-la-amazonia-peruana-sur-BaseMap-Insets-Mining2023Aug-200dpi-Spa.jpg\"><img decoding=\"async\" class=\"wp-image-12002 size-medium\" src=\"https:\/\/www.maapprogram.org\/wp-content\/uploads\/2023\/09\/maaproject.org-maap-195-deforestacion-minera-en-2023-en-la-amazonia-peruana-sur-BaseMap-Insets-Mining2023Aug-200dpi-Spa-812x580.jpg\" alt=\"\" width=\"812\" height=\"580\" \/><\/a><div class=\"caption\">Mapa Base. Deforestaci\u00f3n minera dentro y fuera del Corredor Minero de Madre de Dios, en la Amazon\u00eda sur del Per\u00fa, durante los a\u00f1os 2021 y 2023. Datos: ACCA\/MAAP.<\/div><\/div>\n<p>Se observa que la deforestaci\u00f3n por miner\u00eda se concentra dentro el Corredor Minero, representando un 76% \u00a0del total. \u00a0Esto es especialmente evidente en la zona minera de Guacamayo (Ver <strong>Zooms A y B<\/strong>) y a lo largo del r\u00edo Madre Dios.<\/p>\n<p>El resto de la deforestaci\u00f3n por miner\u00eda (24%\u00ad) se encuentra fuera del Corredor Minero. La mayor\u00eda de esta deforestaci\u00f3n est\u00e1 ocurriendo en las 10 <strong>Comunidades<\/strong> <strong>Ind\u00edgenas <\/strong>de la zona, abarcando un total de 3,406 hect\u00e1reas. Las comunidades m\u00e1s afectadas son Barranco Chico (<strong>Zoom C<\/strong>), San Jos\u00e9 de Karene, Tres Islas, y Kotsimba.<\/p>\n<p>Tambi\u00e9n se ha identificado deforestaci\u00f3n minera en <strong>zonas de amortiguamiento de \u00e1reas protegidas<\/strong>. Las m\u00e1s afectadas son la Reserva Nacional de Tambopata, el Parque Nacional Bahuaja Sonene y la Reserva Comunal Amarakaeri. Sin embargo, hay que enfatizar que la miner\u00eda al interior de las \u00e1reas naturales protegidas ha sido controlada efectivamente por el Estado peruano, a trav\u00e9s del Servicio Nacional de \u00c1reas Naturales Protegidas (SERNANP).<\/p>\n<p>Adicionalmente, se ha detectado una cierta cantidad de deforestaci\u00f3n minera en concesiones forestales de casta\u00f1a ubicadas en la zona de Pariamanu (<strong>Zoom D<\/strong>).<\/p>\n<p>Finalmente, cabe mencionar un \u00e1rea de importancia en la Zona de Amortiguamiento de la Reserva Nacional Tambopata, conocida como <strong>La Pampa<\/strong>\u00a0(<strong>Zoom E<\/strong>). Esta \u00e1rea fue el epicentro de la deforestaci\u00f3n destructiva por miner\u00eda aur\u00edfera entre los a\u00f1os 2014 y 2018. Sin embargo, se observa que despu\u00e9s de la Operaci\u00f3n Mercurio, que comenz\u00f3 a principios de 2019, la expansi\u00f3n de la deforestaci\u00f3n minera en La Pampa b\u00e1sicamente se detuvo. A pesar de ello, un reciente reporte (<a href=\"https:\/\/www.maapprogram.org\/2023\/retorno-mineria-la-pampa-peru\/\">MAAP #193<\/a>) ha evidenciado un gran aumento en la actividad minera en zonas previamente deforestadas de La Pampa.<\/p>\n<div class=\"fitem-sep\"><\/div>\n<h3><strong>Zooms de Alta Resoluci\u00f3n (A-E)<\/strong><\/h3>\n<p>Los siguientes zooms de alta resoluci\u00f3n comparan la deforestaci\u00f3n minera entre el a\u00f1o 2020 (panel izquierdo) y el per\u00edodo de tiempo actual de 2023 (panel derecho). Los Zooms A y B se encuentran al interior del Corredor Minero (zona Guacamayo), mientras que Zooms C-E se encuentran afuera.<\/p>\n<h4><strong>Zoom A. Corredor Minero (zona Guacamayo oeste)<\/strong><\/h4>\n<p><a href=\"https:\/\/www.maapprogram.org\/wp-content\/uploads\/2023\/09\/maaproject.org-maap-195-deforestacion-minera-en-2023-en-la-amazonia-peruana-sur-Panel-A-CorredorMinero2023.jpg\"><img decoding=\"async\" class=\"size-medium wp-image-11997 aligncenter\" src=\"https:\/\/www.maapprogram.org\/wp-content\/uploads\/2023\/09\/maaproject.org-maap-195-deforestacion-minera-en-2023-en-la-amazonia-peruana-sur-Panel-A-CorredorMinero2023-930x422.jpg\" alt=\"\" \/><\/a><\/p>\n<div class=\"fitem-sep\"><\/div>\n<h4><strong>Zoom B. Corredor Minero <\/strong><strong>(zona Guacamayo este)<\/strong><\/h4>\n<h4><a href=\"https:\/\/www.maapprogram.org\/wp-content\/uploads\/2023\/09\/maaproject.org-maap-195-deforestacion-minera-en-2023-en-la-amazonia-peruana-sur-Panel-B-CorredorMinero2023.jpg\"><img decoding=\"async\" class=\"size-medium wp-image-11998 aligncenter\" src=\"https:\/\/www.maapprogram.org\/wp-content\/uploads\/2023\/09\/maaproject.org-maap-195-deforestacion-minera-en-2023-en-la-amazonia-peruana-sur-Panel-B-CorredorMinero2023-930x422.jpg\" alt=\"\" \/><\/a><br \/>\n<div class=\"fitem-sep\"><\/div><\/h4>\n<h4><strong>Zoom C. Comunidad Ind\u00edgena Barranco Chico<\/strong><\/h4>\n<p><a href=\"https:\/\/www.maapprogram.org\/wp-content\/uploads\/2023\/09\/maaproject.org-maap-195-deforestacion-minera-en-2023-en-la-amazonia-peruana-sur-Panel-C-BarrancoCH2023.jpg\"><img decoding=\"async\" class=\"size-medium wp-image-11999 aligncenter\" src=\"https:\/\/www.maapprogram.org\/wp-content\/uploads\/2023\/09\/maaproject.org-maap-195-deforestacion-minera-en-2023-en-la-amazonia-peruana-sur-Panel-C-BarrancoCH2023-930x422.jpg\" alt=\"\" \/><\/a><\/p>\n<div class=\"fitem-sep\"><\/div>\n<h4><strong>Zoom D. Concesion forestal de casta\u00f1a, zona Pariamanu<\/strong><\/h4>\n<p><a href=\"https:\/\/www.maapprogram.org\/wp-content\/uploads\/2023\/09\/maaproject.org-maap-195-deforestacion-minera-en-2023-en-la-amazonia-peruana-sur-Panel-D-Pariamanu2023.jpg\"><img decoding=\"async\" class=\"size-medium wp-image-12000 aligncenter\" src=\"https:\/\/www.maapprogram.org\/wp-content\/uploads\/2023\/09\/maaproject.org-maap-195-deforestacion-minera-en-2023-en-la-amazonia-peruana-sur-Panel-D-Pariamanu2023-930x422.jpg\" alt=\"\" \/><\/a><\/p>\n<div class=\"fitem-sep\"><\/div>\n<h4><strong>Zoom E. La Pampa<\/strong><\/h4>\n<p><a href=\"https:\/\/www.maapprogram.org\/wp-content\/uploads\/2023\/09\/maaproject.org-maap-195-deforestacion-minera-en-2023-en-la-amazonia-peruana-sur-Panel-E-LaPampa2023-v2.jpg\"><img decoding=\"async\" class=\"size-medium wp-image-12001 aligncenter\" src=\"https:\/\/www.maapprogram.org\/wp-content\/uploads\/2023\/09\/maaproject.org-maap-195-deforestacion-minera-en-2023-en-la-amazonia-peruana-sur-Panel-E-LaPampa2023-v2-930x422.jpg\" alt=\"\" \/><\/a><\/p>\n<div class=\"fitem-sep\"><\/div>\n<h3><strong>Notas<\/strong><\/h3>\n<p><sup>1<\/sup>El Corredor Minero, denominado mediante el Decreto Legislativo N. 1100, como la \u201cZona de peque\u00f1a miner\u00eda y miner\u00eda artesanal en el departamento de Madre Dios\u201d, cataloga a las actividades mineras como:<\/p>\n<ul>\n<li>Formal: proceso de formalizaci\u00f3n culminado, con permisos ambientales y operacionales aprobados.<\/li>\n<li>Informal: en proceso de formalizaci\u00f3n, solo opera en espacios en los que est\u00e1 permitida la extracci\u00f3n, utiliza maquinaria permitida y es considerada una falta administrativa, no delito.<\/li>\n<li>Ilegal: se desarrolla en zonas prohibidas como los cuerpos de agua (por ejemplo, un r\u00edo o un lago), utiliza maquinaria prohibida, es considerada un delito y est\u00e1 penada con c\u00e1rcel.<\/li>\n<\/ul>\n<div class=\"fitem-sep\"><\/div>\n<h3><strong>Metodolog\u00eda<\/strong><\/h3>\n<p>Utilizamos LandTrendR, un algoritmo de segmentaci\u00f3n temporal que identifica los cambios en los valores de los p\u00edxeles a trav\u00e9s del tiempo, para detectar la p\u00e9rdida de bosque dentro del corredor minero en 2021 y 2022 a trav\u00e9s del uso de la plataforma Google Earth Engine. Es importante destacar que este m\u00e9todo fue dise\u00f1ado originalmente para im\u00e1genes Landsat de resoluci\u00f3n moderada (30 metros)<sup>1<\/sup>, pero lo adaptamos para mosaicos mensuales de NICFI-Planet de mayor resoluci\u00f3n espacial (4.7 metros).<sup>2<\/sup><\/p>\n<p>Adem\u00e1s, creamos una l\u00ednea de base para el per\u00edodo 2016 \u2013 2020 con el fin de eliminar las antiguas zonas deforestadas (anteriores al 2021) debido a los r\u00e1pidos cambios en el proceso de revegetaci\u00f3n natural.<\/p>\n<p>Finalmente, separamos manualmente la p\u00e9rdida de bosques por miner\u00eda y otras causas, del 2021 y 2022, con el fin de informar espec\u00edficamente sobre los impactos directos relacionados con la miner\u00eda. Para esta parte del an\u00e1lisis, utilizamos varios recursos para ayudar al proceso manual, como las alertas con im\u00e1genes de radar (RAMI) del programa SERVIR Amazon\u00eda, los datos hist\u00f3ricos de Centro de Innovaci\u00f3n Cient\u00edfica Amaz\u00f3nica \u2013 CINCIA (desde el 1985 hasta el 2021), los datos de p\u00e9rdida de bosque del estado peruano (Programa Nacional de Conservaci\u00f3n de Bosques para la Mitigaci\u00f3n del Cambio Clim\u00e1tico) y la Universidad de Maryland.<\/p>\n<ol>\n<li>Kennedy, R.E., Yang, Z., Gorelick, N., Braaten, J., Cavalcante, L., Cohen, W.B., Healey, S. (2018). Implementation of the LandTrendr Algorithm on Google Earth Engine. Remote Sensing. 10, 691.<\/li>\n<li>Erik Lindquist, FAO, 2021<\/li>\n<\/ol>\n<div class=\"fitem-sep\"><\/div>\n<h3><strong>Agradecimientos<\/strong><\/h3>\n<p>Este reporte se realiz\u00f3 con el apoyo t\u00e9cnico de USAID, a trav\u00e9s del Proyecto Prevenir. Prevenir trabaja con el Gobierno del Per\u00fa, la sociedad civil y el sector privado para prevenir y combatir los delitos ambientales en aras de la conservaci\u00f3n de la Amazon\u00eda peruana, particularmente, en las regiones de Loreto, Madre de Dios y Ucayali.<\/p>\n<p>Descargo de responsabilidad: Esta publicaci\u00f3n es posible gracias al generoso apoyo del Pueblo de los Estados Unidos a trav\u00e9s de USAID. Su contenido es responsabilidad exclusiva de los autores y no refleja necesariamente los puntos de vista de USAID o del Gobierno de los Estados Unidos.<\/p>\n<p><a href=\"https:\/\/www.maapprogram.org\/wp-content\/uploads\/2021\/04\/maaproject.org-maap-137-nuevo-foco-de-mineria-ilegal-en-la-amazonia-peruana-rio-pariamanu-madre-de-dios-LOGO-USAID-ESPANOL-MEDIA.jpg\"><img decoding=\"async\" class=\"aligncenter size-full wp-image-10153\" src=\"https:\/\/www.maapprogram.org\/wp-content\/uploads\/2021\/04\/maaproject.org-maap-137-nuevo-foco-de-mineria-ilegal-en-la-amazonia-peruana-rio-pariamanu-madre-de-dios-LOGO-USAID-ESPANOL-MEDIA.jpg\" alt=\"\" \/><\/a><\/p>\n<div class=\"fitem-sep\"><\/div>\n<h3><strong>Cita<\/strong><\/h3>\n<p>Finer M, Mamani N, \u00a0Ari\u00f1ez A (2023) Deforestaci\u00f3n minera en la Amazon\u00eda peruana sur en 2023. MAAP: 195.<\/p>\n<div class=\"fitem-sep\"><\/div>\n","protected":false},"excerpt":{"rendered":"<p>En el contexto de la miner\u00eda de oro en la Amazon\u00eda, el sur de Per\u00fa es un caso de estudio importante porque hay un Corredor Minero delimitado por el Estado peruano para organizar y promover la actividad minera. En esta amplia zona, conocida oficialmente como la \u201cZona de peque\u00f1a miner\u00eda y miner\u00eda artesanal en el [&hellip;]<\/p>\n","protected":false},"author":1,"featured_media":0,"comment_status":"open","ping_status":"open","sticky":false,"template":"","format":"standard","meta":{"_acf_changed":false,"footnotes":""},"categories":[2],"tags":[345],"ftr_agriculture":[],"carbon-and-climate-change":[],"ftr_country":[],"fire":[],"infrastructure-threat":[],"land-use":[],"mining-and-logging-threat":[],"natural-forest-loss":[],"special-analysis":[],"class_list":["post-21339","post","type-post","status-publish","format-standard","hentry","category-sin-categorizar","tag-maap-195"],"acf":[],"yoast_head":"<!-- This site is optimized with the Yoast SEO plugin v27.3 - https:\/\/yoast.com\/product\/yoast-seo-wordpress\/ -->\n<title>MAAP #195: Deforestaci\u00f3n minera en la Amazon\u00eda peruana sur en 2023 - MAAP<\/title>\n<meta name=\"robots\" content=\"index, follow, max-snippet:-1, max-image-preview:large, max-video-preview:-1\" \/>\n<link rel=\"canonical\" href=\"https:\/\/www.maapprogram.org\/es\/deforestacion-minera-2023-peru\/\" \/>\n<meta property=\"og:locale\" content=\"es_ES\" \/>\n<meta property=\"og:type\" content=\"article\" \/>\n<meta property=\"og:title\" content=\"MAAP #195: Deforestaci\u00f3n minera en la Amazon\u00eda peruana sur en 2023 - MAAP\" \/>\n<meta property=\"og:description\" content=\"En el contexto de la miner\u00eda de oro en la Amazon\u00eda, el sur de Per\u00fa es un caso de estudio importante porque hay un Corredor Minero delimitado por el Estado peruano para organizar y promover la actividad minera. En esta amplia zona, conocida oficialmente como la \u201cZona de peque\u00f1a miner\u00eda y miner\u00eda artesanal en el [&hellip;]\" \/>\n<meta property=\"og:url\" content=\"https:\/\/www.maapprogram.org\/es\/deforestacion-minera-2023-peru\/\" \/>\n<meta property=\"og:site_name\" content=\"MAAP\" \/>\n<meta property=\"article:published_time\" content=\"2023-09-26T00:32:54+00:00\" \/>\n<meta property=\"article:modified_time\" content=\"2024-10-07T13:52:24+00:00\" \/>\n<meta property=\"og:image\" content=\"https:\/\/www.maapprogram.org\/wp-content\/uploads\/2023\/09\/maaproject.org-maap-195-deforestacion-minera-en-2023-en-la-amazonia-peruana-sur-Panel-A-CorredorMinero2023-Intro-640x580.jpg\" \/>\n<meta name=\"author\" content=\"dcadmin\" \/>\n<meta name=\"twitter:card\" content=\"summary_large_image\" \/>\n<meta name=\"twitter:label1\" content=\"Escrito por\" \/>\n\t<meta name=\"twitter:data1\" content=\"dcadmin\" \/>\n\t<meta name=\"twitter:label2\" content=\"Tiempo de lectura\" \/>\n\t<meta name=\"twitter:data2\" content=\"8 minutos\" \/>\n<script type=\"application\/ld+json\" class=\"yoast-schema-graph\">{\"@context\":\"https:\\\/\\\/schema.org\",\"@graph\":[{\"@type\":\"Article\",\"@id\":\"https:\\\/\\\/www.maapprogram.org\\\/es\\\/deforestacion-minera-2023-peru\\\/#article\",\"isPartOf\":{\"@id\":\"https:\\\/\\\/www.maapprogram.org\\\/es\\\/deforestacion-minera-2023-peru\\\/\"},\"author\":{\"name\":\"dcadmin\",\"@id\":\"https:\\\/\\\/www.maapprogram.org\\\/es\\\/#\\\/schema\\\/person\\\/433e90c8debccfe16357e05627bbd443\"},\"headline\":\"MAAP #195: Deforestaci\u00f3n minera en la Amazon\u00eda peruana sur en 2023\",\"datePublished\":\"2023-09-26T00:32:54+00:00\",\"dateModified\":\"2024-10-07T13:52:24+00:00\",\"mainEntityOfPage\":{\"@id\":\"https:\\\/\\\/www.maapprogram.org\\\/es\\\/deforestacion-minera-2023-peru\\\/\"},\"wordCount\":1334,\"commentCount\":0,\"image\":{\"@id\":\"https:\\\/\\\/www.maapprogram.org\\\/es\\\/deforestacion-minera-2023-peru\\\/#primaryimage\"},\"thumbnailUrl\":\"https:\\\/\\\/www.maapprogram.org\\\/wp-content\\\/uploads\\\/2023\\\/09\\\/maaproject.org-maap-195-deforestacion-minera-en-2023-en-la-amazonia-peruana-sur-Panel-A-CorredorMinero2023-Intro-640x580.jpg\",\"keywords\":[\"MAAP #195\"],\"articleSection\":[\"Sin categorizar\"],\"inLanguage\":\"es\",\"potentialAction\":[{\"@type\":\"CommentAction\",\"name\":\"Comment\",\"target\":[\"https:\\\/\\\/www.maapprogram.org\\\/es\\\/deforestacion-minera-2023-peru\\\/#respond\"]}]},{\"@type\":\"WebPage\",\"@id\":\"https:\\\/\\\/www.maapprogram.org\\\/es\\\/deforestacion-minera-2023-peru\\\/\",\"url\":\"https:\\\/\\\/www.maapprogram.org\\\/es\\\/deforestacion-minera-2023-peru\\\/\",\"name\":\"MAAP #195: Deforestaci\u00f3n minera en la Amazon\u00eda peruana sur en 2023 - MAAP\",\"isPartOf\":{\"@id\":\"https:\\\/\\\/www.maapprogram.org\\\/es\\\/#website\"},\"primaryImageOfPage\":{\"@id\":\"https:\\\/\\\/www.maapprogram.org\\\/es\\\/deforestacion-minera-2023-peru\\\/#primaryimage\"},\"image\":{\"@id\":\"https:\\\/\\\/www.maapprogram.org\\\/es\\\/deforestacion-minera-2023-peru\\\/#primaryimage\"},\"thumbnailUrl\":\"https:\\\/\\\/www.maapprogram.org\\\/wp-content\\\/uploads\\\/2023\\\/09\\\/maaproject.org-maap-195-deforestacion-minera-en-2023-en-la-amazonia-peruana-sur-Panel-A-CorredorMinero2023-Intro-640x580.jpg\",\"datePublished\":\"2023-09-26T00:32:54+00:00\",\"dateModified\":\"2024-10-07T13:52:24+00:00\",\"author\":{\"@id\":\"https:\\\/\\\/www.maapprogram.org\\\/es\\\/#\\\/schema\\\/person\\\/433e90c8debccfe16357e05627bbd443\"},\"breadcrumb\":{\"@id\":\"https:\\\/\\\/www.maapprogram.org\\\/es\\\/deforestacion-minera-2023-peru\\\/#breadcrumb\"},\"inLanguage\":\"es\",\"potentialAction\":[{\"@type\":\"ReadAction\",\"target\":[\"https:\\\/\\\/www.maapprogram.org\\\/es\\\/deforestacion-minera-2023-peru\\\/\"]}]},{\"@type\":\"ImageObject\",\"inLanguage\":\"es\",\"@id\":\"https:\\\/\\\/www.maapprogram.org\\\/es\\\/deforestacion-minera-2023-peru\\\/#primaryimage\",\"url\":\"https:\\\/\\\/www.maapprogram.org\\\/wp-content\\\/uploads\\\/2023\\\/09\\\/maaproject.org-maap-195-deforestacion-minera-en-2023-en-la-amazonia-peruana-sur-Panel-A-CorredorMinero2023-Intro-640x580.jpg\",\"contentUrl\":\"https:\\\/\\\/www.maapprogram.org\\\/wp-content\\\/uploads\\\/2023\\\/09\\\/maaproject.org-maap-195-deforestacion-minera-en-2023-en-la-amazonia-peruana-sur-Panel-A-CorredorMinero2023-Intro-640x580.jpg\"},{\"@type\":\"BreadcrumbList\",\"@id\":\"https:\\\/\\\/www.maapprogram.org\\\/es\\\/deforestacion-minera-2023-peru\\\/#breadcrumb\",\"itemListElement\":[{\"@type\":\"ListItem\",\"position\":1,\"name\":\"Home\",\"item\":\"https:\\\/\\\/www.maapprogram.org\\\/es\\\/\"},{\"@type\":\"ListItem\",\"position\":2,\"name\":\"MAAP #195: Deforestaci\u00f3n minera en la Amazon\u00eda peruana sur en 2023\"}]},{\"@type\":\"WebSite\",\"@id\":\"https:\\\/\\\/www.maapprogram.org\\\/es\\\/#website\",\"url\":\"https:\\\/\\\/www.maapprogram.org\\\/es\\\/\",\"name\":\"MAAP\",\"description\":\"\",\"potentialAction\":[{\"@type\":\"SearchAction\",\"target\":{\"@type\":\"EntryPoint\",\"urlTemplate\":\"https:\\\/\\\/www.maapprogram.org\\\/es\\\/?s={search_term_string}\"},\"query-input\":{\"@type\":\"PropertyValueSpecification\",\"valueRequired\":true,\"valueName\":\"search_term_string\"}}],\"inLanguage\":\"es\"},{\"@type\":\"Person\",\"@id\":\"https:\\\/\\\/www.maapprogram.org\\\/es\\\/#\\\/schema\\\/person\\\/433e90c8debccfe16357e05627bbd443\",\"name\":\"dcadmin\",\"image\":{\"@type\":\"ImageObject\",\"inLanguage\":\"es\",\"@id\":\"https:\\\/\\\/secure.gravatar.com\\\/avatar\\\/83c0f4e5f994ae4e4b9ae78b382f373b07a15509b31a24d7d748f76e9925b825?s=96&d=mm&r=g\",\"url\":\"https:\\\/\\\/secure.gravatar.com\\\/avatar\\\/83c0f4e5f994ae4e4b9ae78b382f373b07a15509b31a24d7d748f76e9925b825?s=96&d=mm&r=g\",\"contentUrl\":\"https:\\\/\\\/secure.gravatar.com\\\/avatar\\\/83c0f4e5f994ae4e4b9ae78b382f373b07a15509b31a24d7d748f76e9925b825?s=96&d=mm&r=g\",\"caption\":\"dcadmin\"},\"sameAs\":[\"http:\\\/\\\/www.maapprogram.org\"],\"url\":\"https:\\\/\\\/www.maapprogram.org\\\/es\\\/author\\\/dcadmin\\\/\"}]}<\/script>\n<!-- \/ Yoast SEO plugin. -->","yoast_head_json":{"title":"MAAP #195: Deforestaci\u00f3n minera en la Amazon\u00eda peruana sur en 2023 - MAAP","robots":{"index":"index","follow":"follow","max-snippet":"max-snippet:-1","max-image-preview":"max-image-preview:large","max-video-preview":"max-video-preview:-1"},"canonical":"https:\/\/www.maapprogram.org\/es\/deforestacion-minera-2023-peru\/","og_locale":"es_ES","og_type":"article","og_title":"MAAP #195: Deforestaci\u00f3n minera en la Amazon\u00eda peruana sur en 2023 - MAAP","og_description":"En el contexto de la miner\u00eda de oro en la Amazon\u00eda, el sur de Per\u00fa es un caso de estudio importante porque hay un Corredor Minero delimitado por el Estado peruano para organizar y promover la actividad minera. En esta amplia zona, conocida oficialmente como la \u201cZona de peque\u00f1a miner\u00eda y miner\u00eda artesanal en el [&hellip;]","og_url":"https:\/\/www.maapprogram.org\/es\/deforestacion-minera-2023-peru\/","og_site_name":"MAAP","article_published_time":"2023-09-26T00:32:54+00:00","article_modified_time":"2024-10-07T13:52:24+00:00","og_image":[{"url":"https:\/\/www.maapprogram.org\/wp-content\/uploads\/2023\/09\/maaproject.org-maap-195-deforestacion-minera-en-2023-en-la-amazonia-peruana-sur-Panel-A-CorredorMinero2023-Intro-640x580.jpg","type":"","width":"","height":""}],"author":"dcadmin","twitter_card":"summary_large_image","twitter_misc":{"Escrito por":"dcadmin","Tiempo de lectura":"8 minutos"},"schema":{"@context":"https:\/\/schema.org","@graph":[{"@type":"Article","@id":"https:\/\/www.maapprogram.org\/es\/deforestacion-minera-2023-peru\/#article","isPartOf":{"@id":"https:\/\/www.maapprogram.org\/es\/deforestacion-minera-2023-peru\/"},"author":{"name":"dcadmin","@id":"https:\/\/www.maapprogram.org\/es\/#\/schema\/person\/433e90c8debccfe16357e05627bbd443"},"headline":"MAAP #195: Deforestaci\u00f3n minera en la Amazon\u00eda peruana sur en 2023","datePublished":"2023-09-26T00:32:54+00:00","dateModified":"2024-10-07T13:52:24+00:00","mainEntityOfPage":{"@id":"https:\/\/www.maapprogram.org\/es\/deforestacion-minera-2023-peru\/"},"wordCount":1334,"commentCount":0,"image":{"@id":"https:\/\/www.maapprogram.org\/es\/deforestacion-minera-2023-peru\/#primaryimage"},"thumbnailUrl":"https:\/\/www.maapprogram.org\/wp-content\/uploads\/2023\/09\/maaproject.org-maap-195-deforestacion-minera-en-2023-en-la-amazonia-peruana-sur-Panel-A-CorredorMinero2023-Intro-640x580.jpg","keywords":["MAAP #195"],"articleSection":["Sin categorizar"],"inLanguage":"es","potentialAction":[{"@type":"CommentAction","name":"Comment","target":["https:\/\/www.maapprogram.org\/es\/deforestacion-minera-2023-peru\/#respond"]}]},{"@type":"WebPage","@id":"https:\/\/www.maapprogram.org\/es\/deforestacion-minera-2023-peru\/","url":"https:\/\/www.maapprogram.org\/es\/deforestacion-minera-2023-peru\/","name":"MAAP #195: Deforestaci\u00f3n minera en la Amazon\u00eda peruana sur en 2023 - MAAP","isPartOf":{"@id":"https:\/\/www.maapprogram.org\/es\/#website"},"primaryImageOfPage":{"@id":"https:\/\/www.maapprogram.org\/es\/deforestacion-minera-2023-peru\/#primaryimage"},"image":{"@id":"https:\/\/www.maapprogram.org\/es\/deforestacion-minera-2023-peru\/#primaryimage"},"thumbnailUrl":"https:\/\/www.maapprogram.org\/wp-content\/uploads\/2023\/09\/maaproject.org-maap-195-deforestacion-minera-en-2023-en-la-amazonia-peruana-sur-Panel-A-CorredorMinero2023-Intro-640x580.jpg","datePublished":"2023-09-26T00:32:54+00:00","dateModified":"2024-10-07T13:52:24+00:00","author":{"@id":"https:\/\/www.maapprogram.org\/es\/#\/schema\/person\/433e90c8debccfe16357e05627bbd443"},"breadcrumb":{"@id":"https:\/\/www.maapprogram.org\/es\/deforestacion-minera-2023-peru\/#breadcrumb"},"inLanguage":"es","potentialAction":[{"@type":"ReadAction","target":["https:\/\/www.maapprogram.org\/es\/deforestacion-minera-2023-peru\/"]}]},{"@type":"ImageObject","inLanguage":"es","@id":"https:\/\/www.maapprogram.org\/es\/deforestacion-minera-2023-peru\/#primaryimage","url":"https:\/\/www.maapprogram.org\/wp-content\/uploads\/2023\/09\/maaproject.org-maap-195-deforestacion-minera-en-2023-en-la-amazonia-peruana-sur-Panel-A-CorredorMinero2023-Intro-640x580.jpg","contentUrl":"https:\/\/www.maapprogram.org\/wp-content\/uploads\/2023\/09\/maaproject.org-maap-195-deforestacion-minera-en-2023-en-la-amazonia-peruana-sur-Panel-A-CorredorMinero2023-Intro-640x580.jpg"},{"@type":"BreadcrumbList","@id":"https:\/\/www.maapprogram.org\/es\/deforestacion-minera-2023-peru\/#breadcrumb","itemListElement":[{"@type":"ListItem","position":1,"name":"Home","item":"https:\/\/www.maapprogram.org\/es\/"},{"@type":"ListItem","position":2,"name":"MAAP #195: Deforestaci\u00f3n minera en la Amazon\u00eda peruana sur en 2023"}]},{"@type":"WebSite","@id":"https:\/\/www.maapprogram.org\/es\/#website","url":"https:\/\/www.maapprogram.org\/es\/","name":"MAAP","description":"","potentialAction":[{"@type":"SearchAction","target":{"@type":"EntryPoint","urlTemplate":"https:\/\/www.maapprogram.org\/es\/?s={search_term_string}"},"query-input":{"@type":"PropertyValueSpecification","valueRequired":true,"valueName":"search_term_string"}}],"inLanguage":"es"},{"@type":"Person","@id":"https:\/\/www.maapprogram.org\/es\/#\/schema\/person\/433e90c8debccfe16357e05627bbd443","name":"dcadmin","image":{"@type":"ImageObject","inLanguage":"es","@id":"https:\/\/secure.gravatar.com\/avatar\/83c0f4e5f994ae4e4b9ae78b382f373b07a15509b31a24d7d748f76e9925b825?s=96&d=mm&r=g","url":"https:\/\/secure.gravatar.com\/avatar\/83c0f4e5f994ae4e4b9ae78b382f373b07a15509b31a24d7d748f76e9925b825?s=96&d=mm&r=g","contentUrl":"https:\/\/secure.gravatar.com\/avatar\/83c0f4e5f994ae4e4b9ae78b382f373b07a15509b31a24d7d748f76e9925b825?s=96&d=mm&r=g","caption":"dcadmin"},"sameAs":["http:\/\/www.maapprogram.org"],"url":"https:\/\/www.maapprogram.org\/es\/author\/dcadmin\/"}]}},"_links":{"self":[{"href":"https:\/\/www.maapprogram.org\/es\/wp-json\/wp\/v2\/posts\/21339","targetHints":{"allow":["GET"]}}],"collection":[{"href":"https:\/\/www.maapprogram.org\/es\/wp-json\/wp\/v2\/posts"}],"about":[{"href":"https:\/\/www.maapprogram.org\/es\/wp-json\/wp\/v2\/types\/post"}],"author":[{"embeddable":true,"href":"https:\/\/www.maapprogram.org\/es\/wp-json\/wp\/v2\/users\/1"}],"replies":[{"embeddable":true,"href":"https:\/\/www.maapprogram.org\/es\/wp-json\/wp\/v2\/comments?post=21339"}],"version-history":[{"count":2,"href":"https:\/\/www.maapprogram.org\/es\/wp-json\/wp\/v2\/posts\/21339\/revisions"}],"predecessor-version":[{"id":24551,"href":"https:\/\/www.maapprogram.org\/es\/wp-json\/wp\/v2\/posts\/21339\/revisions\/24551"}],"wp:attachment":[{"href":"https:\/\/www.maapprogram.org\/es\/wp-json\/wp\/v2\/media?parent=21339"}],"wp:term":[{"taxonomy":"category","embeddable":true,"href":"https:\/\/www.maapprogram.org\/es\/wp-json\/wp\/v2\/categories?post=21339"},{"taxonomy":"post_tag","embeddable":true,"href":"https:\/\/www.maapprogram.org\/es\/wp-json\/wp\/v2\/tags?post=21339"},{"taxonomy":"ftr_agriculture","embeddable":true,"href":"https:\/\/www.maapprogram.org\/es\/wp-json\/wp\/v2\/ftr_agriculture?post=21339"},{"taxonomy":"carbon-and-climate-change","embeddable":true,"href":"https:\/\/www.maapprogram.org\/es\/wp-json\/wp\/v2\/carbon-and-climate-change?post=21339"},{"taxonomy":"ftr_country","embeddable":true,"href":"https:\/\/www.maapprogram.org\/es\/wp-json\/wp\/v2\/ftr_country?post=21339"},{"taxonomy":"fire","embeddable":true,"href":"https:\/\/www.maapprogram.org\/es\/wp-json\/wp\/v2\/fire?post=21339"},{"taxonomy":"infrastructure-threat","embeddable":true,"href":"https:\/\/www.maapprogram.org\/es\/wp-json\/wp\/v2\/infrastructure-threat?post=21339"},{"taxonomy":"land-use","embeddable":true,"href":"https:\/\/www.maapprogram.org\/es\/wp-json\/wp\/v2\/land-use?post=21339"},{"taxonomy":"mining-and-logging-threat","embeddable":true,"href":"https:\/\/www.maapprogram.org\/es\/wp-json\/wp\/v2\/mining-and-logging-threat?post=21339"},{"taxonomy":"natural-forest-loss","embeddable":true,"href":"https:\/\/www.maapprogram.org\/es\/wp-json\/wp\/v2\/natural-forest-loss?post=21339"},{"taxonomy":"special-analysis","embeddable":true,"href":"https:\/\/www.maapprogram.org\/es\/wp-json\/wp\/v2\/special-analysis?post=21339"}],"curies":[{"name":"wp","href":"https:\/\/api.w.org\/{rel}","templated":true}]}}