{"id":23025,"date":"2020-02-05T15:36:00","date_gmt":"2020-02-05T15:36:00","guid":{"rendered":"https:\/\/www.maapprogram.org\/?p=23025"},"modified":"2024-09-24T20:29:03","modified_gmt":"2024-09-24T20:29:03","slug":"tendencias-do-desmatamento-na-amazonia-2001-2019","status":"publish","type":"post","link":"https:\/\/www.maapprogram.org\/es\/tendencias-do-desmatamento-na-amazonia-2001-2019\/","title":{"rendered":"Tend\u00eancias do desmatamento na Amaz\u00f4nia, 2001-2019"},"content":{"rendered":"<p><span style=\"font-weight: 400;\">Esses gr\u00e1ficos correspondem \u00e0 <\/span><a href=\"https:\/\/www.maapprogram.org\/2020\/synthesis-2019\/\"><b>S\u00edntese do MAAP: Tend\u00eancias e pontos cr\u00edticos do desmatamento na Amaz\u00f4nia em 2019<\/b><\/a><span style=\"font-weight: 400;\"> .<\/span><\/p>\n<p><a href=\"https:\/\/www.maapprogram.org\/wp-content\/uploads\/2020\/02\/maaproject.org-amazon-deforestation-trends-0-HeaderSlide-Tendencias-2000-2019-Eng-v2.jpg\"><div class=\"fitem-sep\"><\/div><img decoding=\"async\" class=\"aligncenter size-medium wp-image-8871\" src=\"https:\/\/www.maapprogram.org\/wp-content\/uploads\/2020\/02\/maaproject.org-amazon-deforestation-trends-0-HeaderSlide-Tendencias-2000-2019-Eng-v2-926x580.jpg\" alt=\"\" \/><\/a><\/p>\n<div class=\"fitem-sep\"><\/div>\n<p><a href=\"https:\/\/www.maapprogram.org\/wp-content\/uploads\/2020\/02\/maaproject.org-amazon-deforestation-trends-1-Ecuador-PFL2002-2019-Eng-v2.jpg\"><img decoding=\"async\" class=\"aligncenter size-medium wp-image-8872\" src=\"https:\/\/www.maapprogram.org\/wp-content\/uploads\/2020\/02\/maaproject.org-amazon-deforestation-trends-1-Ecuador-PFL2002-2019-Eng-v2-925x580.jpg\" alt=\"\" \/><\/a><\/p>\n<div class=\"fitem-sep\"><\/div>\n<p><a href=\"https:\/\/www.maapprogram.org\/wp-content\/uploads\/2020\/02\/maaproject.org-amazon-deforestation-trends-2-Bolivia-PFL2002-2019-Eng-v2.jpg\"><img decoding=\"async\" class=\"aligncenter size-medium wp-image-8873\" src=\"https:\/\/www.maapprogram.org\/wp-content\/uploads\/2020\/02\/maaproject.org-amazon-deforestation-trends-2-Bolivia-PFL2002-2019-Eng-v2-923x580.jpg\" alt=\"\" \/><\/a><\/p>\n<div class=\"fitem-sep\"><\/div>\n<p><a href=\"https:\/\/www.maapprogram.org\/wp-content\/uploads\/2020\/02\/maaproject.org-amazon-deforestation-trends-3-Colombia-PFL2002-2019-Eng-v2.jpg\"><img decoding=\"async\" class=\"aligncenter size-medium wp-image-8874\" src=\"https:\/\/www.maapprogram.org\/wp-content\/uploads\/2020\/02\/maaproject.org-amazon-deforestation-trends-3-Colombia-PFL2002-2019-Eng-v2-923x580.jpg\" alt=\"\" \/><\/a><\/p>\n<div class=\"fitem-sep\"><\/div>\n<p><a href=\"https:\/\/www.maapprogram.org\/wp-content\/uploads\/2020\/02\/maaproject.org-amazon-deforestation-trends-4-Peru-PFL2002-2019-Eng-v2.jpg\"><img decoding=\"async\" class=\"aligncenter size-medium wp-image-8875\" src=\"https:\/\/www.maapprogram.org\/wp-content\/uploads\/2020\/02\/maaproject.org-amazon-deforestation-trends-4-Peru-PFL2002-2019-Eng-v2-923x580.jpg\" alt=\"\" \/><\/a><\/p>\n<div class=\"fitem-sep\"><\/div>\n<p><a href=\"https:\/\/www.maapprogram.org\/wp-content\/uploads\/2020\/02\/maaproject.org-amazon-deforestation-trends-4-Peru-PFL2002-2019-Eng-v3.jpg\"><img decoding=\"async\" class=\"aligncenter size-medium wp-image-8876\" src=\"https:\/\/www.maapprogram.org\/wp-content\/uploads\/2020\/02\/maaproject.org-amazon-deforestation-trends-4-Peru-PFL2002-2019-Eng-v3-925x580.jpg\" alt=\"\" \/><\/a><\/p>\n<div class=\"fitem-sep\"><\/div>\n<p><a href=\"https:\/\/www.maapprogram.org\/wp-content\/uploads\/2020\/02\/maaproject.org-amazon-deforestation-trends-5-AllAmazon-PFL2002-2019-Eng-v2.jpg\"><img decoding=\"async\" class=\"aligncenter size-medium wp-image-8877\" src=\"https:\/\/www.maapprogram.org\/wp-content\/uploads\/2020\/02\/maaproject.org-amazon-deforestation-trends-5-AllAmazon-PFL2002-2019-Eng-v2-928x580.jpg\" alt=\"\" \/><\/a><\/p>\n<div class=\"fitem-sep\"><\/div>\n","protected":false},"excerpt":{"rendered":"<p>Esses gr\u00e1ficos correspondem \u00e0 S\u00edntese do MAAP: Tend\u00eancias e pontos cr\u00edticos do desmatamento na Amaz\u00f4nia em 2019 .<\/p>\n","protected":false},"author":4,"featured_media":0,"comment_status":"open","ping_status":"open","sticky":false,"template":"","format":"standard","meta":{"_acf_changed":false,"footnotes":""},"categories":[2],"tags":[],"ftr_agriculture":[],"carbon-and-climate-change":[],"ftr_country":[396,398,399,483],"fire":[],"infrastructure-threat":[],"land-use":[],"mining-and-logging-threat":[],"natural-forest-loss":[],"special-analysis":[],"class_list":["post-23025","post","type-post","status-publish","format-standard","hentry","category-sin-categorizar","ftr_country-bolivia","ftr_country-colombia","ftr_country-ecuador","ftr_country-peru-2"],"acf":[],"yoast_head":"<!-- This site is optimized with the Yoast SEO plugin v27.3 - https:\/\/yoast.com\/product\/yoast-seo-wordpress\/ -->\n<title>Tend\u00eancias do desmatamento na Amaz\u00f4nia, 2001-2019 - MAAP<\/title>\n<meta name=\"robots\" content=\"index, follow, max-snippet:-1, max-image-preview:large, max-video-preview:-1\" \/>\n<link rel=\"canonical\" href=\"https:\/\/www.maapprogram.org\/es\/tendencias-do-desmatamento-na-amazonia-2001-2019\/\" \/>\n<meta property=\"og:locale\" content=\"es_ES\" \/>\n<meta property=\"og:type\" content=\"article\" \/>\n<meta property=\"og:title\" content=\"Tend\u00eancias do desmatamento na Amaz\u00f4nia, 2001-2019 - MAAP\" \/>\n<meta property=\"og:description\" content=\"Esses gr\u00e1ficos correspondem \u00e0 S\u00edntese do MAAP: Tend\u00eancias e pontos cr\u00edticos do desmatamento na Amaz\u00f4nia em 2019 .\" \/>\n<meta property=\"og:url\" content=\"https:\/\/www.maapprogram.org\/es\/tendencias-do-desmatamento-na-amazonia-2001-2019\/\" \/>\n<meta property=\"og:site_name\" content=\"MAAP\" \/>\n<meta property=\"article:published_time\" content=\"2020-02-05T15:36:00+00:00\" \/>\n<meta property=\"article:modified_time\" content=\"2024-09-24T20:29:03+00:00\" \/>\n<meta property=\"og:image\" content=\"https:\/\/www.maapprogram.org\/wp-content\/uploads\/2020\/02\/maaproject.org-amazon-deforestation-trends-0-HeaderSlide-Tendencias-2000-2019-Eng-v2-926x580.jpg\" \/>\n<meta name=\"author\" content=\"MAAP Consultants\" \/>\n<meta name=\"twitter:card\" content=\"summary_large_image\" \/>\n<meta name=\"twitter:label1\" content=\"Escrito por\" \/>\n\t<meta name=\"twitter:data1\" content=\"MAAP Consultants\" \/>\n\t<meta name=\"twitter:label2\" content=\"Tiempo de lectura\" \/>\n\t<meta name=\"twitter:data2\" content=\"2 minutos\" \/>\n<script type=\"application\/ld+json\" class=\"yoast-schema-graph\">{\"@context\":\"https:\\\/\\\/schema.org\",\"@graph\":[{\"@type\":\"Article\",\"@id\":\"https:\\\/\\\/www.maapprogram.org\\\/es\\\/tendencias-do-desmatamento-na-amazonia-2001-2019\\\/#article\",\"isPartOf\":{\"@id\":\"https:\\\/\\\/www.maapprogram.org\\\/es\\\/tendencias-do-desmatamento-na-amazonia-2001-2019\\\/\"},\"author\":{\"name\":\"MAAP Consultants\",\"@id\":\"https:\\\/\\\/www.maapprogram.org\\\/es\\\/#\\\/schema\\\/person\\\/2f7133e3c0723ceecd6dabc9b4f198ce\"},\"headline\":\"Tend\u00eancias do desmatamento na Amaz\u00f4nia, 2001-2019\",\"datePublished\":\"2020-02-05T15:36:00+00:00\",\"dateModified\":\"2024-09-24T20:29:03+00:00\",\"mainEntityOfPage\":{\"@id\":\"https:\\\/\\\/www.maapprogram.org\\\/es\\\/tendencias-do-desmatamento-na-amazonia-2001-2019\\\/\"},\"wordCount\":36,\"commentCount\":0,\"image\":{\"@id\":\"https:\\\/\\\/www.maapprogram.org\\\/es\\\/tendencias-do-desmatamento-na-amazonia-2001-2019\\\/#primaryimage\"},\"thumbnailUrl\":\"https:\\\/\\\/www.maapprogram.org\\\/wp-content\\\/uploads\\\/2020\\\/02\\\/maaproject.org-amazon-deforestation-trends-0-HeaderSlide-Tendencias-2000-2019-Eng-v2-926x580.jpg\",\"articleSection\":[\"Sin categorizar\"],\"inLanguage\":\"es\",\"potentialAction\":[{\"@type\":\"CommentAction\",\"name\":\"Comment\",\"target\":[\"https:\\\/\\\/www.maapprogram.org\\\/es\\\/tendencias-do-desmatamento-na-amazonia-2001-2019\\\/#respond\"]}]},{\"@type\":\"WebPage\",\"@id\":\"https:\\\/\\\/www.maapprogram.org\\\/es\\\/tendencias-do-desmatamento-na-amazonia-2001-2019\\\/\",\"url\":\"https:\\\/\\\/www.maapprogram.org\\\/es\\\/tendencias-do-desmatamento-na-amazonia-2001-2019\\\/\",\"name\":\"Tend\u00eancias do desmatamento na Amaz\u00f4nia, 2001-2019 - MAAP\",\"isPartOf\":{\"@id\":\"https:\\\/\\\/www.maapprogram.org\\\/es\\\/#website\"},\"primaryImageOfPage\":{\"@id\":\"https:\\\/\\\/www.maapprogram.org\\\/es\\\/tendencias-do-desmatamento-na-amazonia-2001-2019\\\/#primaryimage\"},\"image\":{\"@id\":\"https:\\\/\\\/www.maapprogram.org\\\/es\\\/tendencias-do-desmatamento-na-amazonia-2001-2019\\\/#primaryimage\"},\"thumbnailUrl\":\"https:\\\/\\\/www.maapprogram.org\\\/wp-content\\\/uploads\\\/2020\\\/02\\\/maaproject.org-amazon-deforestation-trends-0-HeaderSlide-Tendencias-2000-2019-Eng-v2-926x580.jpg\",\"datePublished\":\"2020-02-05T15:36:00+00:00\",\"dateModified\":\"2024-09-24T20:29:03+00:00\",\"author\":{\"@id\":\"https:\\\/\\\/www.maapprogram.org\\\/es\\\/#\\\/schema\\\/person\\\/2f7133e3c0723ceecd6dabc9b4f198ce\"},\"breadcrumb\":{\"@id\":\"https:\\\/\\\/www.maapprogram.org\\\/es\\\/tendencias-do-desmatamento-na-amazonia-2001-2019\\\/#breadcrumb\"},\"inLanguage\":\"es\",\"potentialAction\":[{\"@type\":\"ReadAction\",\"target\":[\"https:\\\/\\\/www.maapprogram.org\\\/es\\\/tendencias-do-desmatamento-na-amazonia-2001-2019\\\/\"]}]},{\"@type\":\"ImageObject\",\"inLanguage\":\"es\",\"@id\":\"https:\\\/\\\/www.maapprogram.org\\\/es\\\/tendencias-do-desmatamento-na-amazonia-2001-2019\\\/#primaryimage\",\"url\":\"https:\\\/\\\/www.maapprogram.org\\\/wp-content\\\/uploads\\\/2020\\\/02\\\/maaproject.org-amazon-deforestation-trends-0-HeaderSlide-Tendencias-2000-2019-Eng-v2-926x580.jpg\",\"contentUrl\":\"https:\\\/\\\/www.maapprogram.org\\\/wp-content\\\/uploads\\\/2020\\\/02\\\/maaproject.org-amazon-deforestation-trends-0-HeaderSlide-Tendencias-2000-2019-Eng-v2-926x580.jpg\"},{\"@type\":\"BreadcrumbList\",\"@id\":\"https:\\\/\\\/www.maapprogram.org\\\/es\\\/tendencias-do-desmatamento-na-amazonia-2001-2019\\\/#breadcrumb\",\"itemListElement\":[{\"@type\":\"ListItem\",\"position\":1,\"name\":\"Home\",\"item\":\"https:\\\/\\\/www.maapprogram.org\\\/es\\\/\"},{\"@type\":\"ListItem\",\"position\":2,\"name\":\"Tend\u00eancias do desmatamento na Amaz\u00f4nia, 2001-2019\"}]},{\"@type\":\"WebSite\",\"@id\":\"https:\\\/\\\/www.maapprogram.org\\\/es\\\/#website\",\"url\":\"https:\\\/\\\/www.maapprogram.org\\\/es\\\/\",\"name\":\"MAAP\",\"description\":\"\",\"potentialAction\":[{\"@type\":\"SearchAction\",\"target\":{\"@type\":\"EntryPoint\",\"urlTemplate\":\"https:\\\/\\\/www.maapprogram.org\\\/es\\\/?s={search_term_string}\"},\"query-input\":{\"@type\":\"PropertyValueSpecification\",\"valueRequired\":true,\"valueName\":\"search_term_string\"}}],\"inLanguage\":\"es\"},{\"@type\":\"Person\",\"@id\":\"https:\\\/\\\/www.maapprogram.org\\\/es\\\/#\\\/schema\\\/person\\\/2f7133e3c0723ceecd6dabc9b4f198ce\",\"name\":\"MAAP Consultants\",\"image\":{\"@type\":\"ImageObject\",\"inLanguage\":\"es\",\"@id\":\"https:\\\/\\\/secure.gravatar.com\\\/avatar\\\/5889bd7805b73b186236cf81236e7511b08707f4115893e4569c33d93f127911?s=96&d=mm&r=g\",\"url\":\"https:\\\/\\\/secure.gravatar.com\\\/avatar\\\/5889bd7805b73b186236cf81236e7511b08707f4115893e4569c33d93f127911?s=96&d=mm&r=g\",\"contentUrl\":\"https:\\\/\\\/secure.gravatar.com\\\/avatar\\\/5889bd7805b73b186236cf81236e7511b08707f4115893e4569c33d93f127911?s=96&d=mm&r=g\",\"caption\":\"MAAP Consultants\"},\"url\":\"https:\\\/\\\/www.maapprogram.org\\\/es\\\/author\\\/maapconsultants\\\/\"}]}<\/script>\n<!-- \/ Yoast SEO plugin. -->","yoast_head_json":{"title":"Tend\u00eancias do desmatamento na Amaz\u00f4nia, 2001-2019 - MAAP","robots":{"index":"index","follow":"follow","max-snippet":"max-snippet:-1","max-image-preview":"max-image-preview:large","max-video-preview":"max-video-preview:-1"},"canonical":"https:\/\/www.maapprogram.org\/es\/tendencias-do-desmatamento-na-amazonia-2001-2019\/","og_locale":"es_ES","og_type":"article","og_title":"Tend\u00eancias do desmatamento na Amaz\u00f4nia, 2001-2019 - MAAP","og_description":"Esses gr\u00e1ficos correspondem \u00e0 S\u00edntese do MAAP: Tend\u00eancias e pontos cr\u00edticos do desmatamento na Amaz\u00f4nia em 2019 .","og_url":"https:\/\/www.maapprogram.org\/es\/tendencias-do-desmatamento-na-amazonia-2001-2019\/","og_site_name":"MAAP","article_published_time":"2020-02-05T15:36:00+00:00","article_modified_time":"2024-09-24T20:29:03+00:00","og_image":[{"url":"https:\/\/www.maapprogram.org\/wp-content\/uploads\/2020\/02\/maaproject.org-amazon-deforestation-trends-0-HeaderSlide-Tendencias-2000-2019-Eng-v2-926x580.jpg","type":"","width":"","height":""}],"author":"MAAP Consultants","twitter_card":"summary_large_image","twitter_misc":{"Escrito por":"MAAP Consultants","Tiempo de lectura":"2 minutos"},"schema":{"@context":"https:\/\/schema.org","@graph":[{"@type":"Article","@id":"https:\/\/www.maapprogram.org\/es\/tendencias-do-desmatamento-na-amazonia-2001-2019\/#article","isPartOf":{"@id":"https:\/\/www.maapprogram.org\/es\/tendencias-do-desmatamento-na-amazonia-2001-2019\/"},"author":{"name":"MAAP Consultants","@id":"https:\/\/www.maapprogram.org\/es\/#\/schema\/person\/2f7133e3c0723ceecd6dabc9b4f198ce"},"headline":"Tend\u00eancias do desmatamento na Amaz\u00f4nia, 2001-2019","datePublished":"2020-02-05T15:36:00+00:00","dateModified":"2024-09-24T20:29:03+00:00","mainEntityOfPage":{"@id":"https:\/\/www.maapprogram.org\/es\/tendencias-do-desmatamento-na-amazonia-2001-2019\/"},"wordCount":36,"commentCount":0,"image":{"@id":"https:\/\/www.maapprogram.org\/es\/tendencias-do-desmatamento-na-amazonia-2001-2019\/#primaryimage"},"thumbnailUrl":"https:\/\/www.maapprogram.org\/wp-content\/uploads\/2020\/02\/maaproject.org-amazon-deforestation-trends-0-HeaderSlide-Tendencias-2000-2019-Eng-v2-926x580.jpg","articleSection":["Sin categorizar"],"inLanguage":"es","potentialAction":[{"@type":"CommentAction","name":"Comment","target":["https:\/\/www.maapprogram.org\/es\/tendencias-do-desmatamento-na-amazonia-2001-2019\/#respond"]}]},{"@type":"WebPage","@id":"https:\/\/www.maapprogram.org\/es\/tendencias-do-desmatamento-na-amazonia-2001-2019\/","url":"https:\/\/www.maapprogram.org\/es\/tendencias-do-desmatamento-na-amazonia-2001-2019\/","name":"Tend\u00eancias do desmatamento na Amaz\u00f4nia, 2001-2019 - MAAP","isPartOf":{"@id":"https:\/\/www.maapprogram.org\/es\/#website"},"primaryImageOfPage":{"@id":"https:\/\/www.maapprogram.org\/es\/tendencias-do-desmatamento-na-amazonia-2001-2019\/#primaryimage"},"image":{"@id":"https:\/\/www.maapprogram.org\/es\/tendencias-do-desmatamento-na-amazonia-2001-2019\/#primaryimage"},"thumbnailUrl":"https:\/\/www.maapprogram.org\/wp-content\/uploads\/2020\/02\/maaproject.org-amazon-deforestation-trends-0-HeaderSlide-Tendencias-2000-2019-Eng-v2-926x580.jpg","datePublished":"2020-02-05T15:36:00+00:00","dateModified":"2024-09-24T20:29:03+00:00","author":{"@id":"https:\/\/www.maapprogram.org\/es\/#\/schema\/person\/2f7133e3c0723ceecd6dabc9b4f198ce"},"breadcrumb":{"@id":"https:\/\/www.maapprogram.org\/es\/tendencias-do-desmatamento-na-amazonia-2001-2019\/#breadcrumb"},"inLanguage":"es","potentialAction":[{"@type":"ReadAction","target":["https:\/\/www.maapprogram.org\/es\/tendencias-do-desmatamento-na-amazonia-2001-2019\/"]}]},{"@type":"ImageObject","inLanguage":"es","@id":"https:\/\/www.maapprogram.org\/es\/tendencias-do-desmatamento-na-amazonia-2001-2019\/#primaryimage","url":"https:\/\/www.maapprogram.org\/wp-content\/uploads\/2020\/02\/maaproject.org-amazon-deforestation-trends-0-HeaderSlide-Tendencias-2000-2019-Eng-v2-926x580.jpg","contentUrl":"https:\/\/www.maapprogram.org\/wp-content\/uploads\/2020\/02\/maaproject.org-amazon-deforestation-trends-0-HeaderSlide-Tendencias-2000-2019-Eng-v2-926x580.jpg"},{"@type":"BreadcrumbList","@id":"https:\/\/www.maapprogram.org\/es\/tendencias-do-desmatamento-na-amazonia-2001-2019\/#breadcrumb","itemListElement":[{"@type":"ListItem","position":1,"name":"Home","item":"https:\/\/www.maapprogram.org\/es\/"},{"@type":"ListItem","position":2,"name":"Tend\u00eancias do desmatamento na Amaz\u00f4nia, 2001-2019"}]},{"@type":"WebSite","@id":"https:\/\/www.maapprogram.org\/es\/#website","url":"https:\/\/www.maapprogram.org\/es\/","name":"MAAP","description":"","potentialAction":[{"@type":"SearchAction","target":{"@type":"EntryPoint","urlTemplate":"https:\/\/www.maapprogram.org\/es\/?s={search_term_string}"},"query-input":{"@type":"PropertyValueSpecification","valueRequired":true,"valueName":"search_term_string"}}],"inLanguage":"es"},{"@type":"Person","@id":"https:\/\/www.maapprogram.org\/es\/#\/schema\/person\/2f7133e3c0723ceecd6dabc9b4f198ce","name":"MAAP Consultants","image":{"@type":"ImageObject","inLanguage":"es","@id":"https:\/\/secure.gravatar.com\/avatar\/5889bd7805b73b186236cf81236e7511b08707f4115893e4569c33d93f127911?s=96&d=mm&r=g","url":"https:\/\/secure.gravatar.com\/avatar\/5889bd7805b73b186236cf81236e7511b08707f4115893e4569c33d93f127911?s=96&d=mm&r=g","contentUrl":"https:\/\/secure.gravatar.com\/avatar\/5889bd7805b73b186236cf81236e7511b08707f4115893e4569c33d93f127911?s=96&d=mm&r=g","caption":"MAAP Consultants"},"url":"https:\/\/www.maapprogram.org\/es\/author\/maapconsultants\/"}]}},"_links":{"self":[{"href":"https:\/\/www.maapprogram.org\/es\/wp-json\/wp\/v2\/posts\/23025","targetHints":{"allow":["GET"]}}],"collection":[{"href":"https:\/\/www.maapprogram.org\/es\/wp-json\/wp\/v2\/posts"}],"about":[{"href":"https:\/\/www.maapprogram.org\/es\/wp-json\/wp\/v2\/types\/post"}],"author":[{"embeddable":true,"href":"https:\/\/www.maapprogram.org\/es\/wp-json\/wp\/v2\/users\/4"}],"replies":[{"embeddable":true,"href":"https:\/\/www.maapprogram.org\/es\/wp-json\/wp\/v2\/comments?post=23025"}],"version-history":[{"count":1,"href":"https:\/\/www.maapprogram.org\/es\/wp-json\/wp\/v2\/posts\/23025\/revisions"}],"predecessor-version":[{"id":23026,"href":"https:\/\/www.maapprogram.org\/es\/wp-json\/wp\/v2\/posts\/23025\/revisions\/23026"}],"wp:attachment":[{"href":"https:\/\/www.maapprogram.org\/es\/wp-json\/wp\/v2\/media?parent=23025"}],"wp:term":[{"taxonomy":"category","embeddable":true,"href":"https:\/\/www.maapprogram.org\/es\/wp-json\/wp\/v2\/categories?post=23025"},{"taxonomy":"post_tag","embeddable":true,"href":"https:\/\/www.maapprogram.org\/es\/wp-json\/wp\/v2\/tags?post=23025"},{"taxonomy":"ftr_agriculture","embeddable":true,"href":"https:\/\/www.maapprogram.org\/es\/wp-json\/wp\/v2\/ftr_agriculture?post=23025"},{"taxonomy":"carbon-and-climate-change","embeddable":true,"href":"https:\/\/www.maapprogram.org\/es\/wp-json\/wp\/v2\/carbon-and-climate-change?post=23025"},{"taxonomy":"ftr_country","embeddable":true,"href":"https:\/\/www.maapprogram.org\/es\/wp-json\/wp\/v2\/ftr_country?post=23025"},{"taxonomy":"fire","embeddable":true,"href":"https:\/\/www.maapprogram.org\/es\/wp-json\/wp\/v2\/fire?post=23025"},{"taxonomy":"infrastructure-threat","embeddable":true,"href":"https:\/\/www.maapprogram.org\/es\/wp-json\/wp\/v2\/infrastructure-threat?post=23025"},{"taxonomy":"land-use","embeddable":true,"href":"https:\/\/www.maapprogram.org\/es\/wp-json\/wp\/v2\/land-use?post=23025"},{"taxonomy":"mining-and-logging-threat","embeddable":true,"href":"https:\/\/www.maapprogram.org\/es\/wp-json\/wp\/v2\/mining-and-logging-threat?post=23025"},{"taxonomy":"natural-forest-loss","embeddable":true,"href":"https:\/\/www.maapprogram.org\/es\/wp-json\/wp\/v2\/natural-forest-loss?post=23025"},{"taxonomy":"special-analysis","embeddable":true,"href":"https:\/\/www.maapprogram.org\/es\/wp-json\/wp\/v2\/special-analysis?post=23025"}],"curies":[{"name":"wp","href":"https:\/\/api.w.org\/{rel}","templated":true}]}}