{"id":23751,"date":"2024-08-05T11:03:52","date_gmt":"2024-08-05T11:03:52","guid":{"rendered":"https:\/\/www.maapprogram.org\/maap-216-pueblo-indigena-no-contactado-mashco-piro-amenazado-por-la-tala-en-peru\/"},"modified":"2024-10-31T19:22:49","modified_gmt":"2024-10-31T19:22:49","slug":"maap-216-pueblo-indigena-no-contactado-mashco-piro-amenazado-por-la-tala-en-peru","status":"publish","type":"post","link":"https:\/\/www.maapprogram.org\/es\/maap-216-pueblo-indigena-no-contactado-mashco-piro-amenazado-por-la-tala-en-peru\/","title":{"rendered":"MAAP #216: Pueblo Ind\u00edgena \u00abno contactado\u00bb (Mashco Piro) amenazado por la tala en Per\u00fa"},"content":{"rendered":"<div id=\"attachment_12517\" class=\"thumbnail alignright\"><a href=\"https:\/\/www.maapprogram.org\/wp-content\/uploads\/2024\/09\/maaproject.org-maap-216-uncontacted-indigenous-group-threatened-by-logging-in-the-southern-peruvian-amazon-IMG-0861.jpg\"><img decoding=\"async\" class=\"wp-image-12517\" src=\"https:\/\/www.maapprogram.org\/wp-content\/uploads\/2024\/09\/maaproject.org-maap-216-uncontacted-indigenous-group-threatened-by-logging-in-the-southern-peruvian-amazon-IMG-0861.jpg\" alt=\"\" width=\"780\" height=\"520\" \/><\/a><div class=\"caption\">Fotograf\u00eda tomada del reciente encuentro con Mashco Piro a lo largo del r\u00edo Las Piedras, junio de 2024. Foto: Survival International.<\/div><\/div>\n<p>A finales de junio del 2024, un numeroso grupo de Ind\u00edgenas <strong>Mashco Piro<\/strong> apareci\u00f3 en la parte alta del r\u00edo Las Piedras (ver foto), en el <strong>sur de la Amazon\u00eda peruana<\/strong>, cerca la comunidad Ind\u00edgena Yine de Monte Salvado.<\/p>\n<p>Los Mashco Piro son uno de los grupos Ind\u00edgenas <strong>\u00abno contactado\u00bb<\/strong> mas numerosos y emblem\u00e1ticos en el mundo. Viven en aislamiento voluntario en esta zona remota, pero cada vez m\u00e1s amenazada.<\/p>\n<p>Las <strong>fotos y v\u00eddeos <\/strong>de este encuentro difundidas por la organizaci\u00f3n Survival International ha\u00a0generando una noticia mundial sobre el suceso.<sup>1<\/sup><\/p>\n<p>Por un lado, los expertos locales y los representantes ind\u00edgenas indican que los Mashco Piro probablemente estaban buscando <strong>huevos de tortuga<\/strong> en las orillas expuestas del r\u00edo, algo habitual en esa \u00e9poca del r\u00edo, cuando el nivel es bajo.<\/p>\n<p>Por otro lado, el encuentro tambi\u00e9n puso de relieve que los Mashco Piro est\u00e1n cada vez <strong>m\u00e1s amenazados por presiones externas<\/strong>, sobre todo por la constante expansi\u00f3n de los caminos madereros y las actividades de explotaci\u00f3n forestal relacionadas que se superponen a su territorio.<\/p>\n<p>Cabe enfatizar que, en el a\u00f1o 2002, el gobierno peruano cre\u00f3 la <strong>Reserva Territorial Madre de Dios <\/strong>para proteger parte del territorio de los Mashco Piro. Sin embargo, en \u00a0los l\u00edmites de dicha \u00e1rea se dejaron fuera algunos sectores habitados ancestralmente por el pueblo en aislamiento, y fueron concesionados y entregados a empresas forestales.<\/p>\n<p>En el presente reporte, analizamos e ilustramos el conflicto de estas concesiones madereras (y sus caminos madereros) en el territorio ancestral de los Mashco Piro.<\/p>\n<div class=\"fitem-sep\"><\/div>\n<h3><strong>Mapa Base del \u00c1rea de Encuentro<\/strong><\/h3>\n<p>El <strong>Mapa Base<\/strong> muestra el \u00e1rea general donde los Mashco Piro aparecieron recientemente a lo largo de la parte alta del r\u00edo Las Piedras (ver el punto amarillo) en relaci\u00f3n con la Reserva Territorial Madre de Dios, las concesiones madereras y sus caminos forestales.<\/p>\n<div id=\"attachment_12534\" class=\"thumbnail aligncenter\"><a href=\"https:\/\/www.maapprogram.org\/wp-content\/uploads\/2024\/09\/maaproject.org-maap-216-pueblo-indigena-no-contactado-mashco-piro-amenazado-por-la-tala-en-peru-Roads-LasPiedras-v9.jpg\"><img decoding=\"async\" class=\"wp-image-12534 \" src=\"https:\/\/www.maapprogram.org\/wp-content\/uploads\/2024\/09\/maaproject.org-maap-216-pueblo-indigena-no-contactado-mashco-piro-amenazado-por-la-tala-en-peru-Roads-LasPiedras-v9.jpg\" alt=\"\" width=\"749\" height=\"659\" \/><\/a><div class=\"caption\">Mapa Base. Punto de encuentro reciente de Mashco Piro en relaci\u00f3n con concesiones madereras y caminos forestales en la Amazon\u00eda sur peruana. Datos: SERFOR (concesiones madereras), Conservaci\u00f3n Amaz\u00f3nica (caminos forestales).<\/div><\/div>\n<div class=\"fitem-sep\"><\/div>\n<h3><strong>Concesiones Madereras<\/strong><\/h3>\n<p>Como se ha mencionado m\u00e1s arriba, si bien el gobierno cre\u00f3 la Reserva Territorial Madre de Dios para proteger parte del territorio de los Mashco Piro, su territorio ancestral se extend\u00eda sobre las \u00e1reas ya cubiertas por las <strong>concesiones madereras<\/strong>, causando el contexto de riesgo y conflictos que se puede observar actualmente. Es decir, toda la zona al este de la Reserva Territorial Madre de Dios est\u00e1 sujeta a tala.<\/p>\n<p>El comunicado de prensa de Survival International hac\u00eda especial hincapi\u00e9 en el hecho que algunas de las empresas que operan en territorio Mashco Piro son legitimadas a trav\u00e9s de certificados de origen sostenible y respeto a los derechos humanos, en particular, \u00a0la concesi\u00f3n operada por la empresa <strong>Canales Tahuamanu<\/strong><strong> S.A.C<\/strong>.<\/p>\n<p>A pesar de su conflictiva ubicaci\u00f3n junto a la Reserva Territorial Madre de Dios, esta concesi\u00f3n est\u00e1 certificada por el <strong>Forest Stewardship Council (FSC)<\/strong> como operaci\u00f3n sostenible. En contraste, la Federaci\u00f3n Ind\u00edgena FENAMAD (Federaci\u00f3n Nativa del R\u00edo Madre de Dios y Afluentes) se\u00f1ala que esta concesi\u00f3n se encuentra dentro la propuesta zona ampliada de la Reserva Territorial Madre de Dios, dada su importancia para los Mashco Piro y la alta probabilidad de conflicto.<\/p>\n<div class=\"fitem-sep\"><\/div>\n<h3><strong>Caminos Madereros<\/strong><\/h3>\n<p>Tambi\u00e9n destacamos la reciente expansi\u00f3n de los <strong>caminos forestales<\/strong>,<sup>2<\/sup> que es nuestro mejor indicador de la actividad forestal real.<\/p>\n<p>En <span style=\"color: #ff0000;\"><strong>rojo<\/strong><\/span>, se\u00f1alamos los caminos forestales m\u00e1s recientes, construidos entre 2020 y 2023. De ellos, estimamos la construcci\u00f3n de m\u00e1s de mil kil\u00f3metros (<strong>1.013 km<\/strong>) en las concesiones madereras al este de la Reserva Territorial Madre de Dios.<\/p>\n<p>En particular, detectamos la reciente construcci\u00f3n de <strong>110 kil\u00f3metros<\/strong> de nuevos caminos forestales en la concesi\u00f3n certificada FSC operada por Canales Tahuamanu, adyacente a la Reserva Territorial Madre de Dios.<\/p>\n<div class=\"fitem-sep\"><\/div>\n<h3><strong>Notas<\/strong><\/h3>\n<p><sup>1<\/sup> Algunos ejemplos de cobertura mundial del encuentro son <a href=\"https:\/\/www.cnn.com\/2024\/07\/17\/americas\/peru-mashco-piro-uncontacted-tribe-scli-intl\/index.html\">CNN<\/a>, <a href=\"https:\/\/www.reuters.com\/world\/americas\/uncontacted-tribe-sighted-peruvian-amazon-where-loggers-are-active-2024-07-16\/\">Reuters<\/a>, y <a href=\"https:\/\/www.bbc.com\/news\/videos\/czrj0neyk4ko\">BBC<\/a>. El comunicado de prensa original fue producido por <a href=\"https:\/\/survivalinternational.org\/news\/13964\">Survival International, <\/a>y las <a href=\"https:\/\/drive.google.com\/drive\/folders\/13S0Ks8TU6MHI5ACeyOKMkqsGn0SGVy0s\">fotos y el v\u00eddeo que publicaron se pueden ver aqu\u00ed<\/a>.<\/p>\n<p><sup>2 <\/sup>Los datos de caminos forestales se obtuvieron de <a href=\"https:\/\/gis-acca.users.earthengine.app\/view\/mocaf-forest-roads\">MOCAF (Monitoreo de Caminos Forestales)<\/a>, una iniciativa desarrollada por la organizaci\u00f3n Conservaci\u00f3n Amaz\u00f3nica para monitorear espec\u00edficamente los caminos forestales en Per\u00fa, dentro del Programa SERVIR Amazonia.<\/p>\n<div class=\"fitem-sep\"><\/div>\n<h3><strong>Agradecimientos<\/strong><\/h3>\n<p>Nosotros agradecemos la Federaci\u00f3n Nativa del R\u00edo Madre de Dios y Afluentes (FENAMAD) y la organizaci\u00f3n Conservaci\u00f3n Amaz\u00f3nica para sus comentarios e informaci\u00f3n.<\/p>\n<div class=\"fitem-sep\"><\/div>\n<h3><strong>Cita<\/strong><\/h3>\n<p>Finer M, Ari\u00f1ez A (2024) Pueblo Ind\u00edgena no contactado (Mashco Piro) amenazado por la tala en Per\u00fa. MAAP: 216.<\/p>\n<div class=\"fitem-sep\"><\/div>\n","protected":false},"excerpt":{"rendered":"<p>A finales de junio del 2024, un numeroso grupo de Ind\u00edgenas Mashco Piro apareci\u00f3 en la parte alta del r\u00edo Las Piedras (ver foto), en el sur de la Amazon\u00eda peruana, cerca la comunidad Ind\u00edgena Yine de Monte Salvado. Los Mashco Piro son uno de los grupos Ind\u00edgenas \u00abno contactado\u00bb mas numerosos y emblem\u00e1ticos en [&hellip;]<\/p>\n","protected":false},"author":1,"featured_media":23744,"comment_status":"open","ping_status":"open","sticky":false,"template":"","format":"standard","meta":{"_acf_changed":false,"footnotes":""},"categories":[2],"tags":[],"ftr_agriculture":[],"carbon-and-climate-change":[],"ftr_country":[483],"fire":[],"infrastructure-threat":[],"land-use":[432],"mining-and-logging-threat":[],"natural-forest-loss":[],"special-analysis":[],"class_list":["post-23751","post","type-post","status-publish","format-standard","has-post-thumbnail","hentry","category-sin-categorizar","ftr_country-peru-2","land-use-territorios-indigenas"],"acf":[],"yoast_head":"<!-- This site is optimized with the Yoast SEO plugin v27.3 - https:\/\/yoast.com\/product\/yoast-seo-wordpress\/ -->\n<title>MAAP #216: Pueblo Ind\u00edgena &quot;no contactado&quot; (Mashco Piro) amenazado por la tala en Per\u00fa - MAAP<\/title>\n<meta name=\"robots\" content=\"index, follow, max-snippet:-1, max-image-preview:large, max-video-preview:-1\" \/>\n<link rel=\"canonical\" href=\"https:\/\/www.maapprogram.org\/es\/maap-216-pueblo-indigena-no-contactado-mashco-piro-amenazado-por-la-tala-en-peru\/\" \/>\n<meta property=\"og:locale\" content=\"es_ES\" \/>\n<meta property=\"og:type\" content=\"article\" \/>\n<meta property=\"og:title\" content=\"MAAP #216: Pueblo Ind\u00edgena &quot;no contactado&quot; (Mashco Piro) amenazado por la tala en Per\u00fa - MAAP\" \/>\n<meta property=\"og:description\" content=\"A finales de junio del 2024, un numeroso grupo de Ind\u00edgenas Mashco Piro apareci\u00f3 en la parte alta del r\u00edo Las Piedras (ver foto), en el sur de la Amazon\u00eda peruana, cerca la comunidad Ind\u00edgena Yine de Monte Salvado. Los Mashco Piro son uno de los grupos Ind\u00edgenas \u00abno contactado\u00bb mas numerosos y emblem\u00e1ticos en [&hellip;]\" \/>\n<meta property=\"og:url\" content=\"https:\/\/www.maapprogram.org\/es\/maap-216-pueblo-indigena-no-contactado-mashco-piro-amenazado-por-la-tala-en-peru\/\" \/>\n<meta property=\"og:site_name\" content=\"MAAP\" \/>\n<meta property=\"article:published_time\" content=\"2024-08-05T11:03:52+00:00\" \/>\n<meta property=\"article:modified_time\" content=\"2024-10-31T19:22:49+00:00\" \/>\n<meta property=\"og:image\" content=\"https:\/\/www.maapprogram.org\/wp-content\/uploads\/2024\/09\/maaproject.org-maap-216-uncontacted-indigenous-group-threatened-by-logging-in-the-southern-peruvian-amazon-IMG-0861.jpg\" \/>\n\t<meta property=\"og:image:width\" content=\"1710\" \/>\n\t<meta property=\"og:image:height\" content=\"1140\" \/>\n\t<meta property=\"og:image:type\" content=\"image\/jpeg\" \/>\n<meta name=\"author\" content=\"dcadmin\" \/>\n<meta name=\"twitter:card\" content=\"summary_large_image\" \/>\n<meta name=\"twitter:label1\" content=\"Escrito por\" \/>\n\t<meta name=\"twitter:data1\" content=\"dcadmin\" \/>\n\t<meta name=\"twitter:label2\" content=\"Tiempo de lectura\" \/>\n\t<meta name=\"twitter:data2\" content=\"4 minutos\" \/>\n<script type=\"application\/ld+json\" class=\"yoast-schema-graph\">{\"@context\":\"https:\\\/\\\/schema.org\",\"@graph\":[{\"@type\":\"Article\",\"@id\":\"https:\\\/\\\/www.maapprogram.org\\\/es\\\/maap-216-pueblo-indigena-no-contactado-mashco-piro-amenazado-por-la-tala-en-peru\\\/#article\",\"isPartOf\":{\"@id\":\"https:\\\/\\\/www.maapprogram.org\\\/es\\\/maap-216-pueblo-indigena-no-contactado-mashco-piro-amenazado-por-la-tala-en-peru\\\/\"},\"author\":{\"name\":\"dcadmin\",\"@id\":\"https:\\\/\\\/www.maapprogram.org\\\/es\\\/#\\\/schema\\\/person\\\/433e90c8debccfe16357e05627bbd443\"},\"headline\":\"MAAP #216: Pueblo Ind\u00edgena \u00abno contactado\u00bb (Mashco Piro) amenazado por la tala en Per\u00fa\",\"datePublished\":\"2024-08-05T11:03:52+00:00\",\"dateModified\":\"2024-10-31T19:22:49+00:00\",\"mainEntityOfPage\":{\"@id\":\"https:\\\/\\\/www.maapprogram.org\\\/es\\\/maap-216-pueblo-indigena-no-contactado-mashco-piro-amenazado-por-la-tala-en-peru\\\/\"},\"wordCount\":843,\"commentCount\":0,\"image\":{\"@id\":\"https:\\\/\\\/www.maapprogram.org\\\/es\\\/maap-216-pueblo-indigena-no-contactado-mashco-piro-amenazado-por-la-tala-en-peru\\\/#primaryimage\"},\"thumbnailUrl\":\"https:\\\/\\\/www.maapprogram.org\\\/wp-content\\\/uploads\\\/2024\\\/09\\\/maaproject.org-maap-216-uncontacted-indigenous-group-threatened-by-logging-in-the-southern-peruvian-amazon-IMG-0861.jpg\",\"articleSection\":[\"Sin categorizar\"],\"inLanguage\":\"es\",\"potentialAction\":[{\"@type\":\"CommentAction\",\"name\":\"Comment\",\"target\":[\"https:\\\/\\\/www.maapprogram.org\\\/es\\\/maap-216-pueblo-indigena-no-contactado-mashco-piro-amenazado-por-la-tala-en-peru\\\/#respond\"]}]},{\"@type\":\"WebPage\",\"@id\":\"https:\\\/\\\/www.maapprogram.org\\\/es\\\/maap-216-pueblo-indigena-no-contactado-mashco-piro-amenazado-por-la-tala-en-peru\\\/\",\"url\":\"https:\\\/\\\/www.maapprogram.org\\\/es\\\/maap-216-pueblo-indigena-no-contactado-mashco-piro-amenazado-por-la-tala-en-peru\\\/\",\"name\":\"MAAP #216: Pueblo Ind\u00edgena \\\"no contactado\\\" (Mashco Piro) amenazado por la tala en Per\u00fa - MAAP\",\"isPartOf\":{\"@id\":\"https:\\\/\\\/www.maapprogram.org\\\/es\\\/#website\"},\"primaryImageOfPage\":{\"@id\":\"https:\\\/\\\/www.maapprogram.org\\\/es\\\/maap-216-pueblo-indigena-no-contactado-mashco-piro-amenazado-por-la-tala-en-peru\\\/#primaryimage\"},\"image\":{\"@id\":\"https:\\\/\\\/www.maapprogram.org\\\/es\\\/maap-216-pueblo-indigena-no-contactado-mashco-piro-amenazado-por-la-tala-en-peru\\\/#primaryimage\"},\"thumbnailUrl\":\"https:\\\/\\\/www.maapprogram.org\\\/wp-content\\\/uploads\\\/2024\\\/09\\\/maaproject.org-maap-216-uncontacted-indigenous-group-threatened-by-logging-in-the-southern-peruvian-amazon-IMG-0861.jpg\",\"datePublished\":\"2024-08-05T11:03:52+00:00\",\"dateModified\":\"2024-10-31T19:22:49+00:00\",\"author\":{\"@id\":\"https:\\\/\\\/www.maapprogram.org\\\/es\\\/#\\\/schema\\\/person\\\/433e90c8debccfe16357e05627bbd443\"},\"breadcrumb\":{\"@id\":\"https:\\\/\\\/www.maapprogram.org\\\/es\\\/maap-216-pueblo-indigena-no-contactado-mashco-piro-amenazado-por-la-tala-en-peru\\\/#breadcrumb\"},\"inLanguage\":\"es\",\"potentialAction\":[{\"@type\":\"ReadAction\",\"target\":[\"https:\\\/\\\/www.maapprogram.org\\\/es\\\/maap-216-pueblo-indigena-no-contactado-mashco-piro-amenazado-por-la-tala-en-peru\\\/\"]}]},{\"@type\":\"ImageObject\",\"inLanguage\":\"es\",\"@id\":\"https:\\\/\\\/www.maapprogram.org\\\/es\\\/maap-216-pueblo-indigena-no-contactado-mashco-piro-amenazado-por-la-tala-en-peru\\\/#primaryimage\",\"url\":\"https:\\\/\\\/www.maapprogram.org\\\/wp-content\\\/uploads\\\/2024\\\/09\\\/maaproject.org-maap-216-uncontacted-indigenous-group-threatened-by-logging-in-the-southern-peruvian-amazon-IMG-0861.jpg\",\"contentUrl\":\"https:\\\/\\\/www.maapprogram.org\\\/wp-content\\\/uploads\\\/2024\\\/09\\\/maaproject.org-maap-216-uncontacted-indigenous-group-threatened-by-logging-in-the-southern-peruvian-amazon-IMG-0861.jpg\",\"width\":1710,\"height\":1140},{\"@type\":\"BreadcrumbList\",\"@id\":\"https:\\\/\\\/www.maapprogram.org\\\/es\\\/maap-216-pueblo-indigena-no-contactado-mashco-piro-amenazado-por-la-tala-en-peru\\\/#breadcrumb\",\"itemListElement\":[{\"@type\":\"ListItem\",\"position\":1,\"name\":\"Home\",\"item\":\"https:\\\/\\\/www.maapprogram.org\\\/es\\\/\"},{\"@type\":\"ListItem\",\"position\":2,\"name\":\"MAAP #216: Pueblo Ind\u00edgena &#8220;no contactado&#8221; (Mashco Piro) amenazado por la tala en Per\u00fa\"}]},{\"@type\":\"WebSite\",\"@id\":\"https:\\\/\\\/www.maapprogram.org\\\/es\\\/#website\",\"url\":\"https:\\\/\\\/www.maapprogram.org\\\/es\\\/\",\"name\":\"MAAP\",\"description\":\"\",\"potentialAction\":[{\"@type\":\"SearchAction\",\"target\":{\"@type\":\"EntryPoint\",\"urlTemplate\":\"https:\\\/\\\/www.maapprogram.org\\\/es\\\/?s={search_term_string}\"},\"query-input\":{\"@type\":\"PropertyValueSpecification\",\"valueRequired\":true,\"valueName\":\"search_term_string\"}}],\"inLanguage\":\"es\"},{\"@type\":\"Person\",\"@id\":\"https:\\\/\\\/www.maapprogram.org\\\/es\\\/#\\\/schema\\\/person\\\/433e90c8debccfe16357e05627bbd443\",\"name\":\"dcadmin\",\"image\":{\"@type\":\"ImageObject\",\"inLanguage\":\"es\",\"@id\":\"https:\\\/\\\/secure.gravatar.com\\\/avatar\\\/83c0f4e5f994ae4e4b9ae78b382f373b07a15509b31a24d7d748f76e9925b825?s=96&d=mm&r=g\",\"url\":\"https:\\\/\\\/secure.gravatar.com\\\/avatar\\\/83c0f4e5f994ae4e4b9ae78b382f373b07a15509b31a24d7d748f76e9925b825?s=96&d=mm&r=g\",\"contentUrl\":\"https:\\\/\\\/secure.gravatar.com\\\/avatar\\\/83c0f4e5f994ae4e4b9ae78b382f373b07a15509b31a24d7d748f76e9925b825?s=96&d=mm&r=g\",\"caption\":\"dcadmin\"},\"sameAs\":[\"http:\\\/\\\/www.maapprogram.org\"],\"url\":\"https:\\\/\\\/www.maapprogram.org\\\/es\\\/author\\\/dcadmin\\\/\"}]}<\/script>\n<!-- \/ Yoast SEO plugin. -->","yoast_head_json":{"title":"MAAP #216: Pueblo Ind\u00edgena \"no contactado\" (Mashco Piro) amenazado por la tala en Per\u00fa - MAAP","robots":{"index":"index","follow":"follow","max-snippet":"max-snippet:-1","max-image-preview":"max-image-preview:large","max-video-preview":"max-video-preview:-1"},"canonical":"https:\/\/www.maapprogram.org\/es\/maap-216-pueblo-indigena-no-contactado-mashco-piro-amenazado-por-la-tala-en-peru\/","og_locale":"es_ES","og_type":"article","og_title":"MAAP #216: Pueblo Ind\u00edgena \"no contactado\" (Mashco Piro) amenazado por la tala en Per\u00fa - MAAP","og_description":"A finales de junio del 2024, un numeroso grupo de Ind\u00edgenas Mashco Piro apareci\u00f3 en la parte alta del r\u00edo Las Piedras (ver foto), en el sur de la Amazon\u00eda peruana, cerca la comunidad Ind\u00edgena Yine de Monte Salvado. Los Mashco Piro son uno de los grupos Ind\u00edgenas \u00abno contactado\u00bb mas numerosos y emblem\u00e1ticos en [&hellip;]","og_url":"https:\/\/www.maapprogram.org\/es\/maap-216-pueblo-indigena-no-contactado-mashco-piro-amenazado-por-la-tala-en-peru\/","og_site_name":"MAAP","article_published_time":"2024-08-05T11:03:52+00:00","article_modified_time":"2024-10-31T19:22:49+00:00","og_image":[{"width":1710,"height":1140,"url":"https:\/\/www.maapprogram.org\/wp-content\/uploads\/2024\/09\/maaproject.org-maap-216-uncontacted-indigenous-group-threatened-by-logging-in-the-southern-peruvian-amazon-IMG-0861.jpg","type":"image\/jpeg"}],"author":"dcadmin","twitter_card":"summary_large_image","twitter_misc":{"Escrito por":"dcadmin","Tiempo de lectura":"4 minutos"},"schema":{"@context":"https:\/\/schema.org","@graph":[{"@type":"Article","@id":"https:\/\/www.maapprogram.org\/es\/maap-216-pueblo-indigena-no-contactado-mashco-piro-amenazado-por-la-tala-en-peru\/#article","isPartOf":{"@id":"https:\/\/www.maapprogram.org\/es\/maap-216-pueblo-indigena-no-contactado-mashco-piro-amenazado-por-la-tala-en-peru\/"},"author":{"name":"dcadmin","@id":"https:\/\/www.maapprogram.org\/es\/#\/schema\/person\/433e90c8debccfe16357e05627bbd443"},"headline":"MAAP #216: Pueblo Ind\u00edgena \u00abno contactado\u00bb (Mashco Piro) amenazado por la tala en Per\u00fa","datePublished":"2024-08-05T11:03:52+00:00","dateModified":"2024-10-31T19:22:49+00:00","mainEntityOfPage":{"@id":"https:\/\/www.maapprogram.org\/es\/maap-216-pueblo-indigena-no-contactado-mashco-piro-amenazado-por-la-tala-en-peru\/"},"wordCount":843,"commentCount":0,"image":{"@id":"https:\/\/www.maapprogram.org\/es\/maap-216-pueblo-indigena-no-contactado-mashco-piro-amenazado-por-la-tala-en-peru\/#primaryimage"},"thumbnailUrl":"https:\/\/www.maapprogram.org\/wp-content\/uploads\/2024\/09\/maaproject.org-maap-216-uncontacted-indigenous-group-threatened-by-logging-in-the-southern-peruvian-amazon-IMG-0861.jpg","articleSection":["Sin categorizar"],"inLanguage":"es","potentialAction":[{"@type":"CommentAction","name":"Comment","target":["https:\/\/www.maapprogram.org\/es\/maap-216-pueblo-indigena-no-contactado-mashco-piro-amenazado-por-la-tala-en-peru\/#respond"]}]},{"@type":"WebPage","@id":"https:\/\/www.maapprogram.org\/es\/maap-216-pueblo-indigena-no-contactado-mashco-piro-amenazado-por-la-tala-en-peru\/","url":"https:\/\/www.maapprogram.org\/es\/maap-216-pueblo-indigena-no-contactado-mashco-piro-amenazado-por-la-tala-en-peru\/","name":"MAAP #216: Pueblo Ind\u00edgena \"no contactado\" (Mashco Piro) amenazado por la tala en Per\u00fa - MAAP","isPartOf":{"@id":"https:\/\/www.maapprogram.org\/es\/#website"},"primaryImageOfPage":{"@id":"https:\/\/www.maapprogram.org\/es\/maap-216-pueblo-indigena-no-contactado-mashco-piro-amenazado-por-la-tala-en-peru\/#primaryimage"},"image":{"@id":"https:\/\/www.maapprogram.org\/es\/maap-216-pueblo-indigena-no-contactado-mashco-piro-amenazado-por-la-tala-en-peru\/#primaryimage"},"thumbnailUrl":"https:\/\/www.maapprogram.org\/wp-content\/uploads\/2024\/09\/maaproject.org-maap-216-uncontacted-indigenous-group-threatened-by-logging-in-the-southern-peruvian-amazon-IMG-0861.jpg","datePublished":"2024-08-05T11:03:52+00:00","dateModified":"2024-10-31T19:22:49+00:00","author":{"@id":"https:\/\/www.maapprogram.org\/es\/#\/schema\/person\/433e90c8debccfe16357e05627bbd443"},"breadcrumb":{"@id":"https:\/\/www.maapprogram.org\/es\/maap-216-pueblo-indigena-no-contactado-mashco-piro-amenazado-por-la-tala-en-peru\/#breadcrumb"},"inLanguage":"es","potentialAction":[{"@type":"ReadAction","target":["https:\/\/www.maapprogram.org\/es\/maap-216-pueblo-indigena-no-contactado-mashco-piro-amenazado-por-la-tala-en-peru\/"]}]},{"@type":"ImageObject","inLanguage":"es","@id":"https:\/\/www.maapprogram.org\/es\/maap-216-pueblo-indigena-no-contactado-mashco-piro-amenazado-por-la-tala-en-peru\/#primaryimage","url":"https:\/\/www.maapprogram.org\/wp-content\/uploads\/2024\/09\/maaproject.org-maap-216-uncontacted-indigenous-group-threatened-by-logging-in-the-southern-peruvian-amazon-IMG-0861.jpg","contentUrl":"https:\/\/www.maapprogram.org\/wp-content\/uploads\/2024\/09\/maaproject.org-maap-216-uncontacted-indigenous-group-threatened-by-logging-in-the-southern-peruvian-amazon-IMG-0861.jpg","width":1710,"height":1140},{"@type":"BreadcrumbList","@id":"https:\/\/www.maapprogram.org\/es\/maap-216-pueblo-indigena-no-contactado-mashco-piro-amenazado-por-la-tala-en-peru\/#breadcrumb","itemListElement":[{"@type":"ListItem","position":1,"name":"Home","item":"https:\/\/www.maapprogram.org\/es\/"},{"@type":"ListItem","position":2,"name":"MAAP #216: Pueblo Ind\u00edgena &#8220;no contactado&#8221; (Mashco Piro) amenazado por la tala en Per\u00fa"}]},{"@type":"WebSite","@id":"https:\/\/www.maapprogram.org\/es\/#website","url":"https:\/\/www.maapprogram.org\/es\/","name":"MAAP","description":"","potentialAction":[{"@type":"SearchAction","target":{"@type":"EntryPoint","urlTemplate":"https:\/\/www.maapprogram.org\/es\/?s={search_term_string}"},"query-input":{"@type":"PropertyValueSpecification","valueRequired":true,"valueName":"search_term_string"}}],"inLanguage":"es"},{"@type":"Person","@id":"https:\/\/www.maapprogram.org\/es\/#\/schema\/person\/433e90c8debccfe16357e05627bbd443","name":"dcadmin","image":{"@type":"ImageObject","inLanguage":"es","@id":"https:\/\/secure.gravatar.com\/avatar\/83c0f4e5f994ae4e4b9ae78b382f373b07a15509b31a24d7d748f76e9925b825?s=96&d=mm&r=g","url":"https:\/\/secure.gravatar.com\/avatar\/83c0f4e5f994ae4e4b9ae78b382f373b07a15509b31a24d7d748f76e9925b825?s=96&d=mm&r=g","contentUrl":"https:\/\/secure.gravatar.com\/avatar\/83c0f4e5f994ae4e4b9ae78b382f373b07a15509b31a24d7d748f76e9925b825?s=96&d=mm&r=g","caption":"dcadmin"},"sameAs":["http:\/\/www.maapprogram.org"],"url":"https:\/\/www.maapprogram.org\/es\/author\/dcadmin\/"}]}},"_links":{"self":[{"href":"https:\/\/www.maapprogram.org\/es\/wp-json\/wp\/v2\/posts\/23751","targetHints":{"allow":["GET"]}}],"collection":[{"href":"https:\/\/www.maapprogram.org\/es\/wp-json\/wp\/v2\/posts"}],"about":[{"href":"https:\/\/www.maapprogram.org\/es\/wp-json\/wp\/v2\/types\/post"}],"author":[{"embeddable":true,"href":"https:\/\/www.maapprogram.org\/es\/wp-json\/wp\/v2\/users\/1"}],"replies":[{"embeddable":true,"href":"https:\/\/www.maapprogram.org\/es\/wp-json\/wp\/v2\/comments?post=23751"}],"version-history":[{"count":3,"href":"https:\/\/www.maapprogram.org\/es\/wp-json\/wp\/v2\/posts\/23751\/revisions"}],"predecessor-version":[{"id":24834,"href":"https:\/\/www.maapprogram.org\/es\/wp-json\/wp\/v2\/posts\/23751\/revisions\/24834"}],"wp:featuredmedia":[{"embeddable":true,"href":"https:\/\/www.maapprogram.org\/es\/wp-json\/wp\/v2\/media\/23744"}],"wp:attachment":[{"href":"https:\/\/www.maapprogram.org\/es\/wp-json\/wp\/v2\/media?parent=23751"}],"wp:term":[{"taxonomy":"category","embeddable":true,"href":"https:\/\/www.maapprogram.org\/es\/wp-json\/wp\/v2\/categories?post=23751"},{"taxonomy":"post_tag","embeddable":true,"href":"https:\/\/www.maapprogram.org\/es\/wp-json\/wp\/v2\/tags?post=23751"},{"taxonomy":"ftr_agriculture","embeddable":true,"href":"https:\/\/www.maapprogram.org\/es\/wp-json\/wp\/v2\/ftr_agriculture?post=23751"},{"taxonomy":"carbon-and-climate-change","embeddable":true,"href":"https:\/\/www.maapprogram.org\/es\/wp-json\/wp\/v2\/carbon-and-climate-change?post=23751"},{"taxonomy":"ftr_country","embeddable":true,"href":"https:\/\/www.maapprogram.org\/es\/wp-json\/wp\/v2\/ftr_country?post=23751"},{"taxonomy":"fire","embeddable":true,"href":"https:\/\/www.maapprogram.org\/es\/wp-json\/wp\/v2\/fire?post=23751"},{"taxonomy":"infrastructure-threat","embeddable":true,"href":"https:\/\/www.maapprogram.org\/es\/wp-json\/wp\/v2\/infrastructure-threat?post=23751"},{"taxonomy":"land-use","embeddable":true,"href":"https:\/\/www.maapprogram.org\/es\/wp-json\/wp\/v2\/land-use?post=23751"},{"taxonomy":"mining-and-logging-threat","embeddable":true,"href":"https:\/\/www.maapprogram.org\/es\/wp-json\/wp\/v2\/mining-and-logging-threat?post=23751"},{"taxonomy":"natural-forest-loss","embeddable":true,"href":"https:\/\/www.maapprogram.org\/es\/wp-json\/wp\/v2\/natural-forest-loss?post=23751"},{"taxonomy":"special-analysis","embeddable":true,"href":"https:\/\/www.maapprogram.org\/es\/wp-json\/wp\/v2\/special-analysis?post=23751"}],"curies":[{"name":"wp","href":"https:\/\/api.w.org\/{rel}","templated":true}]}}