{"id":26010,"date":"2025-07-18T12:41:13","date_gmt":"2025-07-18T12:41:13","guid":{"rendered":"https:\/\/www.maapprogram.org\/?p=26010"},"modified":"2025-07-21T15:53:17","modified_gmt":"2025-07-21T15:53:17","slug":"mineria-ecuador-napo","status":"publish","type":"post","link":"https:\/\/www.maapprogram.org\/es\/mineria-ecuador-napo\/","title":{"rendered":"\u200bMAAP #230: Miner\u00eda en la Amazon\u00eda Ecuatoriana Sector Centro &#8211; Provincia del Napo \u200b"},"content":{"rendered":"<div id=\"attachment_26025\" class=\"thumbnail alignright\"><img decoding=\"async\" class=\"wp-image-26025 size-large\" src=\"https:\/\/www.maapprogram.org\/wp-content\/uploads\/2025\/07\/Mapa-Base1_v3-1024x994.jpg\" alt=\"\" width=\"640\" height=\"621\" srcset=\"https:\/\/www.maapprogram.org\/wp-content\/uploads\/2025\/07\/Mapa-Base1_v3-1024x994.jpg 1024w, https:\/\/www.maapprogram.org\/wp-content\/uploads\/2025\/07\/Mapa-Base1_v3-300x291.jpg 300w, https:\/\/www.maapprogram.org\/wp-content\/uploads\/2025\/07\/Mapa-Base1_v3-768x745.jpg 768w, https:\/\/www.maapprogram.org\/wp-content\/uploads\/2025\/07\/Mapa-Base1_v3-1536x1491.jpg 1536w, https:\/\/www.maapprogram.org\/wp-content\/uploads\/2025\/07\/Mapa-Base1_v3-2048x1987.jpg 2048w\" sizes=\"(max-width: 640px) 100vw, 640px\" \/><div class=\"caption\">\u200bMapa Base 1. Deforestaci\u00f3n por miner\u00eda en Ecuador. Datos: Amazon Mining Watch (AMW), RAISG\u200b<\/div><\/div>\n<p><span data-contrast=\"auto\">Este es el segundo de una serie de informes que detallan la expansi\u00f3n de la <strong>miner\u00eda aur\u00edfera<\/strong> en la <strong>Amazon\u00eda ecuatoriana<\/strong>. <\/span><\/p>\n<p><span data-contrast=\"auto\">En el primer informe <\/span><a href=\"https:\/\/www.maapprogram.org\/es\/mineria-ecuador-norte\/\" target=\"_blank\" rel=\"noopener\"><span data-contrast=\"none\">MAAP #227<\/span><\/a><span data-contrast=\"auto\">, se analiz\u00f3 la expansi\u00f3n minera en el <strong>sector norte<\/strong>, alrededor de la Reserva Ecol\u00f3gica Cof\u00e1n Bermejo, cerca de la frontera con Colombia. <\/span><\/p>\n<p><span data-contrast=\"auto\">En el presente reporte, enfocamos la deforestaci\u00f3n por miner\u00eda en el <strong>sector centro<\/strong>, en la <strong>provincia de Napo<\/strong>, parte de uno de los principales sistemas h\u00eddricos del Ecuador.<\/span><span data-contrast=\"auto\">\u202f<\/span><span data-ccp-props=\"{&quot;335551550&quot;:6,&quot;335551620&quot;:6}\">\u00a0<\/span><\/p>\n<p><span data-contrast=\"auto\">El <strong>Mapa Base 1<\/strong> ilustra los datos m\u00e1s recientes de detecci\u00f3n de miner\u00eda de <a href=\"https:\/\/amazonminingwatch.org\/es\" target=\"_blank\" rel=\"noopener\">Amazon Mining Watch<\/a> (AMW), destacando la deforestaci\u00f3n por miner\u00eda en el periodo (2019-2024) en rojo. <\/span><\/p>\n<p><span data-contrast=\"auto\">Se puede apreciar que en el sector de an\u00e1lisis (c\u00edrculo morado) confluyen diversos territorios Ind\u00edgenas y dos \u00e1reas protegidas: la Reserva Biol\u00f3gica Colonso Chalupas y el Parque Nacional Sumaco Napo Galeras (Cordillera de Galeras).<\/span><span data-contrast=\"auto\">\u202f<\/span><\/p>\n<p>&nbsp;<\/p>\n<p>&nbsp;<\/p>\n<p>&nbsp;<\/p>\n<p>&nbsp;<\/p>\n<p>&nbsp;<\/p>\n<div class=\"fitem-sep\"><\/div>\n<h3><strong><span class=\"TextRun SCXW250994005 BCX0\" lang=\"ES-EC\" xml:lang=\"ES-EC\" data-contrast=\"auto\"><span class=\"NormalTextRun SCXW250994005 BCX0\">Miner\u00eda en la provincia de Napo<\/span><\/span><\/strong><\/h3>\n<p><span data-contrast=\"auto\">Napo, una de las seis provincias amaz\u00f3nicas del Ecuador, alberga valiosas cuencas h\u00eddricas andino-amaz\u00f3nicas de alta calidad, en cuanto a servicios ecosist\u00e9micos refiere, lo que la convierte en una zona prioritaria para la conservaci\u00f3n de la biodiversidad y gesti\u00f3n sostenible de los recursos naturales. Sin embargo, sus principales r\u00edos se encuentran amenazados por la miner\u00eda aur\u00edfera, cuyas consecuencias sociales y ecol\u00f3gicas son profundamente negativas.<\/span><span data-contrast=\"auto\">\u202f<\/span><span data-ccp-props=\"{&quot;335551550&quot;:6,&quot;335551620&quot;:6}\">\u00a0<\/span><\/p>\n<p><span data-contrast=\"auto\">En el reporte <\/span><a href=\"https:\/\/www.maapprogram.org\/es\/mineria-ecuador\/\" target=\"_blank\" rel=\"noopener\"><span data-contrast=\"none\">MAAP #151<\/span><\/a><span data-contrast=\"auto\">, alertamos sobre la r\u00e1pida expansi\u00f3n de la miner\u00eda aur\u00edfera en el sector de <strong>Yutzupino<\/strong>, a orillas del r\u00edo Jatunyacu en la provincia de Napo. Este sector ha sido objeto de diversos operativos de control, como los 3 operativos llamados Manat\u00ed, y un <\/span><a href=\"https:\/\/imgs.mongabay.com\/wp-content\/uploads\/sites\/25\/2023\/04\/24235812\/informe_yutzupino_mineria_ilegal_oficial_final_compressed.pdf\" target=\"_blank\" rel=\"noopener\"><span data-contrast=\"none\">informe t\u00e9cnico de fiscalizaci\u00f3n y seguimiento a la miner\u00eda ilegal<\/span><\/a><span data-contrast=\"auto\"> presentado a la Asamblea Nacional de la Rep\u00fablica del Ecuador en el a\u00f1o 2022.<\/span><span data-contrast=\"auto\">\u202f<\/span><span data-ccp-props=\"{&quot;335551550&quot;:6,&quot;335551620&quot;:6}\">\u00a0<\/span><\/p>\n<p><span data-contrast=\"auto\">En los reportes <\/span><a href=\"https:\/\/www.maapprogram.org\/es\/mineria-napo-ecuador\/\" target=\"_blank\" rel=\"noopener\"><span data-contrast=\"none\">MAAP #162<\/span><\/a><span data-contrast=\"auto\"> y <\/span><a href=\"https:\/\/www.maapprogram.org\/es\/mineria-napo-ecuador-2\/\" target=\"_blank\" rel=\"noopener\"><span data-contrast=\"none\">MAAP #184<\/span><\/a><span data-contrast=\"auto\"> se ampli\u00f3 el \u00e1rea de an\u00e1lisis de deforestaci\u00f3n por miner\u00eda en la provincia de Napo, a los r\u00edos Jatunyacu, Anzu y Huambuno. <\/span><\/p>\n<p><span data-contrast=\"auto\">En esta nueva actualizaci\u00f3n, se presentan datos m\u00e1s recientes que extienden el an\u00e1lisis hasta el a\u00f1o 2024, incorporando cuatro casos de estudio clave: los r\u00edos Jatunyacu, Anzu, Huambuno y Puni-Cotona- Arajuno (ver <strong>Mapa Base 2<\/strong>).<\/span><span data-contrast=\"auto\">\u202f<\/span><span data-ccp-props=\"{&quot;335551550&quot;:6,&quot;335551620&quot;:6}\">\u00a0<\/span><\/p>\n<p><span data-contrast=\"auto\">La actividad minera no solo implica peligros para el medio ambiente, como la destrucci\u00f3n de bosques, la contaminaci\u00f3n de fuentes h\u00eddricas y la degradaci\u00f3n de ecosistemas (ver Imagen 1), sino que tambi\u00e9n provoca conflictos sociales y disputas con las comunidades locales, quienes dependen de la tierra y los recursos naturales para su sustento y calidad de vida. La apreciaci\u00f3n del oro en el mercado internacional supone un reto para la implementaci\u00f3n de alternativas econ\u00f3micas sustentables como el ecoturismo. Sin embargo, la importancia ecol\u00f3gica y cultural de estos ecosistemas acu\u00e1ticos han generado propuestas acertadas de conservaci\u00f3n, como detallamos en el reporte <\/span><a href=\"https:\/\/www.maapprogram.org\/maap-202-protecting-strategic-free-flowing-river-corridors-in-the-ecuadorian-amazon\/\" target=\"_blank\" rel=\"noopener\"><span data-contrast=\"none\">MAAP #202<\/span><\/a><span data-contrast=\"auto\">.<\/span><span data-contrast=\"auto\">\u202f<\/span><\/p>\n<div id=\"attachment_26096\" class=\"thumbnail aligncenter\"><img decoding=\"async\" class=\"wp-image-26096 size-full\" src=\"https:\/\/www.maapprogram.org\/wp-content\/uploads\/2025\/07\/Imagen1.png\" alt=\"\" width=\"4378\" height=\"1632\" srcset=\"https:\/\/www.maapprogram.org\/wp-content\/uploads\/2025\/07\/Imagen1.png 4378w, https:\/\/www.maapprogram.org\/wp-content\/uploads\/2025\/07\/Imagen1-300x112.png 300w, https:\/\/www.maapprogram.org\/wp-content\/uploads\/2025\/07\/Imagen1-1024x382.png 1024w, https:\/\/www.maapprogram.org\/wp-content\/uploads\/2025\/07\/Imagen1-768x286.png 768w, https:\/\/www.maapprogram.org\/wp-content\/uploads\/2025\/07\/Imagen1-1536x573.png 1536w, https:\/\/www.maapprogram.org\/wp-content\/uploads\/2025\/07\/Imagen1-2048x763.png 2048w\" sizes=\"(max-width: 4378px) 100vw, 4378px\" \/><div class=\"caption\">\u200bImagen 1. Izquierda: R\u00edo de la provincia de Napo sin impacto de las actividades mineras; Derecha: Impacto de las actividades mineras sobre los bosques de ribera en la provincia de Napo.\u200b Fuente: EcoCiencia (2025)<\/div><\/div>\n<div class=\"fitem-sep\"><\/div>\n<h3><strong><span class=\"TextRun SCXW68138983 BCX0\" lang=\"ES-EC\" xml:lang=\"ES-EC\" data-contrast=\"auto\"><span class=\"NormalTextRun SCXW68138983 BCX0\">Din\u00e1mica de la deforestaci\u00f3n por miner\u00eda<\/span><\/span><span class=\"TextRun SCXW68138983 BCX0\" lang=\"ES-EC\" xml:lang=\"ES-EC\" data-contrast=\"auto\"><span class=\"NormalTextRun SCXW68138983 BCX0\">\u200b<\/span><\/span><span class=\"TextRun SCXW68138983 BCX0\" lang=\"ES-ES\" xml:lang=\"ES-ES\" data-contrast=\"auto\"><span class=\"NormalTextRun SCXW68138983 BCX0\">\u202f<\/span><\/span><\/strong><\/h3>\n<div id=\"attachment_26092\" class=\"thumbnail alignright\"><img decoding=\"async\" class=\"wp-image-26092 size-large\" src=\"https:\/\/www.maapprogram.org\/wp-content\/uploads\/2025\/07\/Grafica_mineria-1024x704.png\" alt=\"\" width=\"640\" height=\"440\" srcset=\"https:\/\/www.maapprogram.org\/wp-content\/uploads\/2025\/07\/Grafica_mineria-1024x704.png 1024w, https:\/\/www.maapprogram.org\/wp-content\/uploads\/2025\/07\/Grafica_mineria-300x206.png 300w, https:\/\/www.maapprogram.org\/wp-content\/uploads\/2025\/07\/Grafica_mineria-768x528.png 768w, https:\/\/www.maapprogram.org\/wp-content\/uploads\/2025\/07\/Grafica_mineria-1536x1056.png 1536w, https:\/\/www.maapprogram.org\/wp-content\/uploads\/2025\/07\/Grafica_mineria.png 1652w\" sizes=\"(max-width: 640px) 100vw, 640px\" \/><div class=\"caption\">Gr\u00e1fico 1. Din\u00e1mica de la actividad minera en el periodo 2007-2023 en la provincia del Napo. Datos: MapBiomas Ecuador &#8211; EcoCiencia<\/div><\/div>\n<p><span data-contrast=\"auto\">Se presenta a continuaci\u00f3n un gr\u00e1fico con datos de periodicidad bianual, en el cual se analiza el crecimiento de la superficie minera en la provincia de Napo desde el a\u00f1o 2007 hasta el 2023. <\/span><\/p>\n<p><span data-contrast=\"auto\">Durante este periodo, la superficie total vinculada a la miner\u00eda supera las <\/span><b><span data-contrast=\"auto\">1.300 hect\u00e1reas<\/span><\/b><span data-contrast=\"auto\">.<\/span><span data-contrast=\"auto\">\u202f<\/span><span data-ccp-props=\"{&quot;335551550&quot;:6,&quot;335551620&quot;:6}\">\u00a0<\/span><\/p>\n<p><span data-contrast=\"auto\">El an\u00e1lisis revela una <\/span><b><span data-contrast=\"auto\">tendencia de crecimiento sostenido<\/span><\/b><span data-contrast=\"auto\"> en la actividad minera a lo largo del tiempo, con un incremento particularmente notable a partir del a\u00f1o 2017 (ver Gr\u00e1fico 1).<\/span><span data-contrast=\"auto\">\u202f<\/span><span data-ccp-props=\"{&quot;335551550&quot;:6,&quot;335551620&quot;:6}\">\u00a0<\/span><\/p>\n<p>&nbsp;<\/p>\n<p>&nbsp;<\/p>\n<p>&nbsp;<\/p>\n<p>&nbsp;<\/p>\n<p>&nbsp;<\/p>\n<p>&nbsp;<\/p>\n<div class=\"fitem-sep\"><\/div>\n<h3><strong><span class=\"TextRun SCXW107453911 BCX0\" lang=\"ES-EC\" xml:lang=\"ES-EC\" data-contrast=\"auto\"><span class=\"NormalTextRun SCXW107453911 BCX0\">Casos de estudio<\/span><\/span><span class=\"TextRun SCXW107453911 BCX0\" lang=\"ES-ES\" xml:lang=\"ES-ES\" data-contrast=\"auto\"><span class=\"NormalTextRun SCXW107453911 BCX0\">\u202f<\/span><\/span><span class=\"EOP SCXW107453911 BCX0\" data-ccp-props=\"{&quot;335551550&quot;:6,&quot;335551620&quot;:6}\">\u00a0<\/span><\/strong><\/h3>\n<p><span class=\"TextRun SCXW257570337 BCX0\" lang=\"ES-EC\" xml:lang=\"ES-EC\" data-contrast=\"auto\"><span class=\"NormalTextRun SCXW257570337 BCX0\">En esta actualizaci\u00f3n se seleccionaron 4 casos de estudio en los cuales se analiza la din\u00e1mica con la que la superficie minera se ha extendido en el periodo 2017-2024 dentro de la provincia (ver Mapa Base 2).\u200b<\/span><\/span><span class=\"TextRun SCXW257570337 BCX0\" lang=\"ES-ES\" xml:lang=\"ES-ES\" data-contrast=\"auto\"><span class=\"NormalTextRun SCXW257570337 BCX0\">\u202f<\/span><\/span><\/p>\n<div id=\"attachment_26031\" class=\"thumbnail aligncenter\"><img decoding=\"async\" class=\"wp-image-26031 \" src=\"https:\/\/www.maapprogram.org\/wp-content\/uploads\/2025\/07\/Mapa-Base2_v3-1024x724.jpg\" alt=\"\" width=\"848\" height=\"600\" srcset=\"https:\/\/www.maapprogram.org\/wp-content\/uploads\/2025\/07\/Mapa-Base2_v3-1024x724.jpg 1024w, https:\/\/www.maapprogram.org\/wp-content\/uploads\/2025\/07\/Mapa-Base2_v3-300x212.jpg 300w, https:\/\/www.maapprogram.org\/wp-content\/uploads\/2025\/07\/Mapa-Base2_v3-768x543.jpg 768w, https:\/\/www.maapprogram.org\/wp-content\/uploads\/2025\/07\/Mapa-Base2_v3-1536x1086.jpg 1536w, https:\/\/www.maapprogram.org\/wp-content\/uploads\/2025\/07\/Mapa-Base2_v3-2048x1448.jpg 2048w\" sizes=\"(max-width: 848px) 100vw, 848px\" \/><div class=\"caption\">Mapa base 2. \u00c1rea de monitoreo satelital en Napo. Datos: Amazon Conservation\/MAAP; EcoCiencia; Planet<\/div><\/div>\n<div class=\"fitem-sep\"><\/div>\n<h4><em><b>Caso 1: \u200bR\u00edo Jatunyacu\u200b<\/b>\u202f\u00a0<\/em><\/h4>\n<div id=\"attachment_26035\" class=\"thumbnail alignright\"><img decoding=\"async\" class=\"wp-image-26035 \" src=\"https:\/\/www.maapprogram.org\/wp-content\/uploads\/2025\/07\/CASO-1_v3-1024x724.jpg\" alt=\"\" width=\"744\" height=\"526\" srcset=\"https:\/\/www.maapprogram.org\/wp-content\/uploads\/2025\/07\/CASO-1_v3-1024x724.jpg 1024w, https:\/\/www.maapprogram.org\/wp-content\/uploads\/2025\/07\/CASO-1_v3-300x212.jpg 300w, https:\/\/www.maapprogram.org\/wp-content\/uploads\/2025\/07\/CASO-1_v3-768x543.jpg 768w, https:\/\/www.maapprogram.org\/wp-content\/uploads\/2025\/07\/CASO-1_v3-1536x1086.jpg 1536w, https:\/\/www.maapprogram.org\/wp-content\/uploads\/2025\/07\/CASO-1_v3-2048x1448.jpg 2048w\" sizes=\"(max-width: 744px) 100vw, 744px\" \/><div class=\"caption\">Caso 1. Datos: Amazon Conservation\/MAAP; EcoCiencia; Planet<\/div><\/div>\n<p><span data-contrast=\"auto\">Este caso se extiende a orillas del r\u00edo Jatunyacu desde la localidad de El Cando al oeste hasta su confluencia con el r\u00edo Anzu en el<strong> sector de Yutzupino<\/strong>. Asimismo, se incluye el r\u00edo Yutsupino, afluente del Jatunyacu, y varios sectores ubicados en los m\u00e1rgenes del l\u00edmite urbano al sur de la ciudad de Tena. Esto tiene una importante connotaci\u00f3n, ya que evidencia que las actividades mineras no se desarrollan \u00fanicamente en zonas remotas, sino que tambi\u00e9n est\u00e1n avanzando hacia \u00e1reas altamente pobladas.<\/span><span data-contrast=\"auto\">\u202f<\/span><span data-ccp-props=\"{&quot;335551550&quot;:6,&quot;335551620&quot;:6}\">\u00a0<\/span><\/p>\n<p><span data-contrast=\"auto\">Entre enero de 2017 y diciembre de 2022, se identificaron 126 hect\u00e1reas<\/span> <span data-contrast=\"auto\">afectadas<\/span><b><span data-contrast=\"auto\">.<\/span><\/b><span data-contrast=\"auto\"> Durante 2023 (enero-diciembre), la superficie impactada aument\u00f3 en 162 hect\u00e1reas, y en 2024 (enero-diciembre) se registr\u00f3 un nuevo incremento de 214 hect\u00e1reas<\/span><b><span data-contrast=\"auto\">.<\/span><\/b><span data-contrast=\"auto\"> En total, desde enero de 2017 <\/span><span data-contrast=\"auto\">hasta diciembre de 2024, la superficie afectada por miner\u00eda suma <\/span><b><span data-contrast=\"auto\">502 hect\u00e1reas<\/span><\/b><span data-contrast=\"auto\">, lo que equivale aproximadamente a 703 canchas de f\u00fatbol profesional.<\/span><span data-contrast=\"auto\">\u202f<\/span><span data-ccp-props=\"{&quot;335551550&quot;:6,&quot;335551620&quot;:6}\">\u00a0<\/span><\/p>\n<p><span data-contrast=\"auto\">Adem\u00e1s, se constat\u00f3 que una parte de la actividad minera se lleva a cabo fuera de las zonas autorizadas por el catastro minero, es decir, en \u00e1reas que no cuentan con los permisos correspondientes para dicha actividad. Estas \u00e1reas suman <\/span><b><span data-contrast=\"auto\">6.62 hect\u00e1reas<\/span><\/b><span data-contrast=\"auto\">, lo que representa apenas el <\/span>0.01 %<span data-contrast=\"auto\"> del total identificado, pero que resulta relevante por su car\u00e1cter de no autorizado.<\/span><span data-contrast=\"auto\">\u202f<\/span><span data-ccp-props=\"{&quot;335551550&quot;:6,&quot;335551620&quot;:6}\">\u00a0<\/span><\/p>\n<p><span data-contrast=\"auto\">La mayor\u00eda de las actividades mineras se encuentra dentro de concesiones registradas en el catastro minero. Sin embargo, por un lado, pocas concesiones cuentan con los permisos adicionales que se requieren para realizar actividades mineras. Por otro lado, algunas de estas concesiones autorizadas, aunque han tramitado y recibido los permisos adicionales, han sido suspendidas debido a incumplimientos del plan de manejo ambiental y violaciones a la licencia ambiental vigente.<\/span><span data-contrast=\"auto\">\u202f<\/span><span data-ccp-props=\"{&quot;335551550&quot;:6,&quot;335551620&quot;:6}\">\u00a0<\/span><\/p>\n<div class=\"fitem-sep\"><\/div>\n<div id=\"attachment_26039\" class=\"thumbnail alignright\"><img decoding=\"async\" class=\"wp-image-26039\" src=\"https:\/\/www.maapprogram.org\/wp-content\/uploads\/2025\/07\/Panel-A_v3.jpg\" alt=\"\" width=\"725\" height=\"512\" \/><div class=\"caption\">Panel 1. Datos: EcoCiencia; Superintendencia de Ordenamiento Territorial; Planet<\/div><\/div>\n<p><span data-contrast=\"auto\">Con la finalidad de analizar particularidades de las actividades mineras en este caso de estudio, se han enmarcado 2 \u00e1reas denominadas A y B (ver Caso 1), para realizar un an\u00e1lisis espec\u00edfico de cada una.\u202f<\/span><span data-contrast=\"auto\">\u202f<\/span><span data-ccp-props=\"{&quot;335551550&quot;:6,&quot;335551620&quot;:6}\">\u00a0<\/span><\/p>\n<p><span data-contrast=\"auto\">Para el caso del \u00e1rea A, se puede observar en el <strong>Panel 1<\/strong>, la ampliaci\u00f3n de la actividad minera entre septiembre 2022 (panel superior izquierdo) y abril 2025 (panel superior derecho). <\/span><\/p>\n<p><span data-contrast=\"auto\">Adem\u00e1s, con el uso de fotograf\u00edas tomadas por dron, en junio 2025, se analiz\u00f3 con mayor detalle el \u00e1rea de actividad minera que se encuentra dentro de la zona urbana de la ciudad del Tena, as\u00ed como detalles de las piscinas, la remoci\u00f3n de la cobertura vegetal, el suelo erosionado, entre otros efectos producidos por la actividad minera.<\/span><span data-contrast=\"auto\">\u202f<\/span><span data-ccp-props=\"{&quot;335551550&quot;:6,&quot;335551620&quot;:6}\">\u00a0<\/span><\/p>\n<p>&nbsp;<\/p>\n<p>&nbsp;<\/p>\n<p>&nbsp;<\/p>\n<p>&nbsp;<\/p>\n<p>&nbsp;<\/p>\n<div class=\"fitem-sep\"><\/div>\n<div id=\"attachment_26042\" class=\"thumbnail alignright\"><img decoding=\"async\" class=\"wp-image-26042 \" src=\"https:\/\/www.maapprogram.org\/wp-content\/uploads\/2025\/07\/Panel-B-1024x724.jpg\" alt=\"\" width=\"691\" height=\"489\" srcset=\"https:\/\/www.maapprogram.org\/wp-content\/uploads\/2025\/07\/Panel-B-1024x724.jpg 1024w, https:\/\/www.maapprogram.org\/wp-content\/uploads\/2025\/07\/Panel-B-300x212.jpg 300w, https:\/\/www.maapprogram.org\/wp-content\/uploads\/2025\/07\/Panel-B-768x543.jpg 768w, https:\/\/www.maapprogram.org\/wp-content\/uploads\/2025\/07\/Panel-B-1536x1086.jpg 1536w, https:\/\/www.maapprogram.org\/wp-content\/uploads\/2025\/07\/Panel-B-2048x1448.jpg 2048w\" sizes=\"(max-width: 691px) 100vw, 691px\" \/><div class=\"caption\">Panel 2. Datos: EcoCiencia; Planet<\/div><\/div>\n<p><span class=\"TextRun SCXW109886944 BCX0\" lang=\"ES-EC\" xml:lang=\"ES-EC\" data-contrast=\"auto\"><span class=\"NormalTextRun SCXW109886944 BCX0\">Para el \u00e1rea B, en el panel 2 se puede apreciar la apertura de <\/span><\/span><span class=\"TextRun SCXW109886944 BCX0\" lang=\"ES-EC\" xml:lang=\"ES-EC\" data-contrast=\"auto\"><span class=\"NormalTextRun SCXW109886944 BCX0\">4,43 km<\/span><\/span><span class=\"TextRun SCXW109886944 BCX0\" lang=\"ES-EC\" xml:lang=\"ES-EC\" data-contrast=\"auto\"><span class=\"NormalTextRun SCXW109886944 BCX0\"> de nuevas v\u00edas que ingresan al r\u00edo <\/span><span class=\"NormalTextRun SpellingErrorV2Themed SCXW109886944 BCX0\">Yutsupino<\/span><span class=\"NormalTextRun SCXW109886944 BCX0\"> entre en a\u00f1o 2022 y 2025, lo cual ha facilitado acceso para la apertura de nuevos frentes mineros, evitando un control policial en la entrada del sector de <\/span><span class=\"NormalTextRun SCXW109886944 BCX0\">Yutzupino<\/span><span class=\"NormalTextRun SCXW109886944 BCX0\"> en Puerto Napo.<\/span><\/span><span class=\"TextRun SCXW109886944 BCX0\" lang=\"ES-ES\" xml:lang=\"ES-ES\" data-contrast=\"auto\"><span class=\"NormalTextRun SCXW109886944 BCX0\">\u202f<\/span><\/span><\/p>\n<p>&nbsp;<\/p>\n<p>&nbsp;<\/p>\n<p>&nbsp;<\/p>\n<p>&nbsp;<\/p>\n<p>&nbsp;<\/p>\n<p>&nbsp;<\/p>\n<p>&nbsp;<\/p>\n<p>&nbsp;<\/p>\n<p>&nbsp;<\/p>\n<p>&nbsp;<\/p>\n<div class=\"fitem-sep\"><\/div>\n<h4><em><strong>\u202fCaso 2: \u200bAnzu\u200b\u202f\u00a0<\/strong><\/em><\/h4>\n<div id=\"attachment_26052\" class=\"thumbnail alignright\"><img decoding=\"async\" class=\"wp-image-26052\" src=\"https:\/\/www.maapprogram.org\/wp-content\/uploads\/2025\/07\/CASO-2_V3-1024x724.jpg\" alt=\"\" width=\"745\" height=\"527\" srcset=\"https:\/\/www.maapprogram.org\/wp-content\/uploads\/2025\/07\/CASO-2_V3-1024x724.jpg 1024w, https:\/\/www.maapprogram.org\/wp-content\/uploads\/2025\/07\/CASO-2_V3-300x212.jpg 300w, https:\/\/www.maapprogram.org\/wp-content\/uploads\/2025\/07\/CASO-2_V3-768x543.jpg 768w, https:\/\/www.maapprogram.org\/wp-content\/uploads\/2025\/07\/CASO-2_V3-1536x1086.jpg 1536w, https:\/\/www.maapprogram.org\/wp-content\/uploads\/2025\/07\/CASO-2_V3-2048x1448.jpg 2048w\" sizes=\"(max-width: 745px) 100vw, 745px\" \/><div class=\"caption\">Caso 2. Datos: Amazon Conservation\/MAAP; EcoCiencia, Planet<\/div><\/div>\n<p><span data-contrast=\"auto\">El caso 2 se extiende sobre los r\u00edos Piocull\u00edn, Chumbiyacu, Shichuyacu, Ila, Yurasyacu y Anzu, donde se detectaron <\/span><b><span data-contrast=\"auto\">329 hect\u00e1reas<\/span><\/b><span data-contrast=\"auto\"> intervenidas durante el periodo enero de 2017 a diciembre de 2022. <\/span><\/p>\n<p><span data-contrast=\"auto\">A esta cifra, en el a\u00f1o 2023 (enero-diciembre), se sumaron <\/span><b><span data-contrast=\"auto\">63 hect\u00e1reas<\/span><\/b><span data-contrast=\"auto\">. <\/span><\/p>\n<p><span data-contrast=\"auto\">Finalmente, entre enero y diciembre de 2024, hubo un crecimiento de <\/span><b><span data-contrast=\"auto\">243 hect\u00e1reas.<\/span><\/b><\/p>\n<p><span data-contrast=\"auto\">En total, <\/span><b><span data-contrast=\"auto\">635 hect\u00e1reas<\/span><\/b><span data-contrast=\"auto\"> en esta zona fueron impactadas por la miner\u00eda, lo que equivale a 889 canchas de f\u00fatbol profesional.<\/span><span data-contrast=\"auto\">\u202f<\/span><span data-ccp-props=\"{&quot;335551550&quot;:6,&quot;335551620&quot;:6}\">\u00a0<\/span><\/p>\n<p><span data-contrast=\"auto\">Asimismo, se identific\u00f3 actividad minera fuera del catastro, correspondiente a <\/span><b><span data-contrast=\"auto\">94 hect\u00e1reas<\/span><\/b><span data-contrast=\"auto\">, lo que representa el <\/span><b><span data-contrast=\"auto\">15 %<\/span><\/b><span data-contrast=\"auto\"> del total identificado.<\/span><span data-contrast=\"auto\">\u202f<\/span><span data-ccp-props=\"{&quot;335551550&quot;:6,&quot;335551620&quot;:6}\">\u00a0<\/span><\/p>\n<p>&nbsp;<\/p>\n<p>&nbsp;<\/p>\n<p>&nbsp;<\/p>\n<div class=\"fitem-sep\"><\/div>\n<h4><em><b>Caso 3: Huambuno<\/b>\u202f\u00a0<\/em><\/h4>\n<div id=\"attachment_26056\" class=\"thumbnail alignright\"><img decoding=\"async\" class=\"wp-image-26056 \" src=\"https:\/\/www.maapprogram.org\/wp-content\/uploads\/2025\/07\/CASO-3_v3-1024x724.jpg\" alt=\"\" width=\"745\" height=\"527\" srcset=\"https:\/\/www.maapprogram.org\/wp-content\/uploads\/2025\/07\/CASO-3_v3-1024x724.jpg 1024w, https:\/\/www.maapprogram.org\/wp-content\/uploads\/2025\/07\/CASO-3_v3-300x212.jpg 300w, https:\/\/www.maapprogram.org\/wp-content\/uploads\/2025\/07\/CASO-3_v3-768x543.jpg 768w, https:\/\/www.maapprogram.org\/wp-content\/uploads\/2025\/07\/CASO-3_v3-1536x1086.jpg 1536w, https:\/\/www.maapprogram.org\/wp-content\/uploads\/2025\/07\/CASO-3_v3-2048x1448.jpg 2048w\" sizes=\"(max-width: 745px) 100vw, 745px\" \/><div class=\"caption\">Caso 3. Datos: Amazon Conservation\/MAAP; EcoCiencia; Planet<\/div><\/div>\n<p><span data-contrast=\"auto\">En este caso, realizamos un an\u00e1lisis hasta diciembre 2024, sobre la situaci\u00f3n en las orillas del r\u00edo Huambuno. <\/span><\/p>\n<p><span data-contrast=\"auto\">En el reporte <\/span><a href=\"https:\/\/www.maapprogram.org\/es\/mineria-napo-ecuador-2\/\" target=\"_blank\" rel=\"noopener\"><span data-contrast=\"none\">MAAP #184<\/span><\/a><span data-contrast=\"auto\"> se document\u00f3 una expansi\u00f3n minera de <\/span><b><span data-contrast=\"auto\">238 hect\u00e1reas <\/span><\/b><span data-contrast=\"auto\">afectadas por miner\u00eda desde mayo 2017 a enero 2023. <\/span><\/p>\n<p><span data-contrast=\"auto\">En este nuevo an\u00e1lisis, se identific\u00f3 un aumento de <\/span><b><span data-contrast=\"auto\">124 hect\u00e1reas para el a\u00f1o 2023<\/span><\/b><span data-contrast=\"auto\"> (enero \u2013 diciembre 2023) y un incremento de <\/span><b><span data-contrast=\"auto\">130 hect\u00e1reas<\/span><\/b><span data-contrast=\"auto\"> para el a\u00f1o 2024 (enero \u2013 diciembre 2024). <\/span><\/p>\n<p><span data-contrast=\"auto\">Lo que suma un total de <\/span><b><span data-contrast=\"auto\">492 hect\u00e1reas<\/span><\/b><span data-contrast=\"auto\"> (equivalente a 689 canchas de f\u00fatbol) afectadas por miner\u00eda desde mayo 2017 a diciembre 2024.<\/span><span data-contrast=\"auto\">\u202f<\/span><span data-ccp-props=\"{&quot;335551550&quot;:6,&quot;335551620&quot;:6}\">\u00a0<\/span><\/p>\n<p><span data-contrast=\"auto\">Adicionalmente, se identificaron <\/span><b><span data-contrast=\"auto\">115 hect\u00e1reas<\/span><\/b><span data-contrast=\"auto\"> de actividad minera fuera del catastro, lo que representa el <\/span><b><span data-contrast=\"auto\">23 %<\/span><\/b><span data-contrast=\"auto\"> del total identificado.\u202f<\/span><span data-contrast=\"auto\">\u202f<\/span><span data-ccp-props=\"{&quot;335551550&quot;:6,&quot;335551620&quot;:6}\">\u00a0<\/span><\/p>\n<p>&nbsp;<\/p>\n<p>&nbsp;<\/p>\n<p>&nbsp;<\/p>\n<p>&nbsp;<\/p>\n<p>&nbsp;<\/p>\n<div class=\"fitem-sep\"><\/div>\n<h4><em><b>Caso 4: \u200bPun\u00ed-Cotona-Arajuno\u200b<\/b>\u202f\u00a0<\/em><\/h4>\n<div id=\"attachment_26060\" class=\"thumbnail alignright\"><img decoding=\"async\" class=\"wp-image-26060\" src=\"https:\/\/www.maapprogram.org\/wp-content\/uploads\/2025\/07\/CASO-4_v3-1024x724.jpg\" alt=\"\" width=\"743\" height=\"526\" srcset=\"https:\/\/www.maapprogram.org\/wp-content\/uploads\/2025\/07\/CASO-4_v3-1024x724.jpg 1024w, https:\/\/www.maapprogram.org\/wp-content\/uploads\/2025\/07\/CASO-4_v3-300x212.jpg 300w, https:\/\/www.maapprogram.org\/wp-content\/uploads\/2025\/07\/CASO-4_v3-768x543.jpg 768w, https:\/\/www.maapprogram.org\/wp-content\/uploads\/2025\/07\/CASO-4_v3-1536x1086.jpg 1536w, https:\/\/www.maapprogram.org\/wp-content\/uploads\/2025\/07\/CASO-4_v3-2048x1448.jpg 2048w\" sizes=\"(max-width: 743px) 100vw, 743px\" \/><div class=\"caption\">Caso 4. Datos: Amazon Conservation\/MAAP; EcoCiencia, Planet<\/div><\/div>\n<p><span data-contrast=\"auto\">Se analiza para este caso, un sector con poca superposici\u00f3n del catastro minero, en donde las actividades mineras sin autorizaci\u00f3n crecieron aproximadamente un 2700% desde el primer periodo de monitoreo, entre 2017 y 2022, hasta el a\u00f1o 2024.<\/span><span data-ccp-props=\"{&quot;335551550&quot;:6,&quot;335551620&quot;:6}\">\u00a0<\/span><\/p>\n<p><span data-contrast=\"auto\">Es as\u00ed como, entre enero de 2017 y diciembre de 2022, se identificaron solo <\/span><b><span data-contrast=\"auto\">4 hect\u00e1reas<\/span><\/b><span data-contrast=\"auto\"> afectadas por actividades mineras en la zona. <\/span><\/p>\n<p><span data-contrast=\"auto\">En el a\u00f1o 2023 (enero-diciembre), la superficie intervenida aument\u00f3 en <\/span><b><span data-contrast=\"auto\">26 hect\u00e1reas<\/span><\/b><span data-contrast=\"auto\">, y para 2024 (enero-diciembre), se registr\u00f3 un incremento adicional de <\/span><b><span data-contrast=\"auto\">82 hect\u00e1reas<\/span><\/b><span data-contrast=\"auto\">. <\/span><\/p>\n<p><span data-contrast=\"auto\">En total, durante el per\u00edodo analizado, <\/span><b><span data-contrast=\"auto\">112 hect\u00e1reas<\/span><\/b><span data-contrast=\"auto\"> fueron impactadas por la actividad minera en el entorno del r\u00edo Pun\u00ed, Cotona y Arajuno, lo que equivale aproximadamente a 157 canchas de f\u00fatbol profesional.<\/span><span data-ccp-props=\"{&quot;335551550&quot;:6,&quot;335551620&quot;:6}\">\u00a0<\/span><\/p>\n<p><span data-contrast=\"auto\">Tambi\u00e9n, se evidenciaron <\/span><b><span data-contrast=\"auto\">111 hect\u00e1reas <\/span><\/b><span data-contrast=\"auto\">de actividad minera fuera del catastro oficial, correspondiente al <\/span><b><span data-contrast=\"auto\">99%<\/span><\/b><span data-contrast=\"auto\"> del total identificado reflejando una fuerte presencia de miner\u00eda no autorizada en este sector.<\/span><span data-contrast=\"auto\">\u202f<\/span><span data-ccp-props=\"{&quot;335551550&quot;:6,&quot;335551620&quot;:6}\">\u00a0<\/span><\/p>\n<p>&nbsp;<\/p>\n<p>&nbsp;<\/p>\n<div class=\"fitem-sep\"><\/div>\n<h3><b><span data-contrast=\"auto\">\u202f<\/span><\/b><span class=\"TextRun SCXW152527171 BCX0\" lang=\"ES-EC\" xml:lang=\"ES-EC\" data-contrast=\"auto\"><span class=\"NormalTextRun SCXW152527171 BCX0\">Recomendaciones p<\/span><\/span><span class=\"TrackChangeTextInsertion TrackedChange TrackChangeHoverSelectColorBlue SCXW152527171 BCX0\"><span class=\"TextRun SCXW152527171 BCX0\" lang=\"ES-ES\" xml:lang=\"ES-ES\" data-contrast=\"auto\"><span class=\"NormalTextRun TrackChangeHoverSelectHighlightBlue SCXW152527171 BCX0\">ara la pol\u00edtica <\/span><\/span><\/span><span class=\"TrackChangeTextInsertion TrackedChange TrackChangeHoverSelectColorBlue SCXW152527171 BCX0\"><span class=\"TextRun SCXW152527171 BCX0\" lang=\"ES-ES\" xml:lang=\"ES-ES\" data-contrast=\"auto\"><span class=\"NormalTextRun TrackChangeHoverSelectHighlightBlue SCXW152527171 BCX0\">p\u00fablica<\/span><\/span><\/span><span class=\"TrackChangeTextInsertion TrackedChange TrackChangeHoverSelectColorBlue SCXW152527171 BCX0\"><span class=\"TextRun SCXW152527171 BCX0\" lang=\"ES-ES\" xml:lang=\"ES-ES\" data-contrast=\"auto\"><span class=\"NormalTextRun TrackChangeHoverSelectHighlightBlue SCXW152527171 BCX0\">: <\/span><\/span><\/span><span class=\"EOP SCXW152527171 BCX0\" data-ccp-props=\"{&quot;335551550&quot;:6,&quot;335551620&quot;:6}\">\u00a0<\/span><\/h3>\n<p><span class=\"TextRun SCXW40479950 BCX0\" lang=\"ES-EC\" xml:lang=\"ES-EC\" data-contrast=\"auto\"><span class=\"NormalTextRun SCXW40479950 BCX0\">La reciente deforestaci\u00f3n por actividades mineras descrita anteriormente destaca necesidades pol\u00edticas clave. Enseguida, presentamos 7 recomendaciones basadas en el marco legal existente de Ecuador y las pol\u00edticas de implementaci\u00f3n asociadas a lo mismo.\u00a0<\/span><\/span><span class=\"EOP SCXW40479950 BCX0\" data-ccp-props=\"{&quot;335551550&quot;:6,&quot;335551620&quot;:6}\">\u00a0<\/span><\/p>\n<p><em><em><em><em><strong><span class=\"TextRun SCXW248679417 BCX0\" lang=\"ES-ES\" xml:lang=\"ES-ES\" data-contrast=\"auto\"><span class=\"NormalTextRun SCXW248679417 BCX0\">1. Fortalecer los procesos de investigaci\u00f3n y control de las autoridades competentes en zonas con potencial minero no registradas en el catastro minero vigente.<\/span><\/span><\/strong><\/em><\/em><\/em><\/em><\/p>\n<p>El art\u00edculo 56 de la Ley 45 proporciona una autoridad clara para las acciones de aplicaci\u00f3n contra la explotaci\u00f3n ilegal de minerales, definiendo dichas actividades como aquellas realizadas \u00absin un t\u00edtulo v\u00e1lido o el permiso legal correspondiente\u00bb. En este sentido, recomendamos que la Agencia de Regulaci\u00f3n y Control de la Miner\u00eda (ARCOM) establezca un sistema global de vigilancia que integre el an\u00e1lisis de im\u00e1genes por sat\u00e9lite con protocolos de verificaci\u00f3n en tierra para identificar actividades mineras no autorizadas en tiempo real.<\/p>\n<p>En un primer tiempo y hasta que la ARCOM tenga la capacidad plena para operar este sistema, destacamos la importancia de una colaboraci\u00f3n estrecha con organizaciones de la sociedad civil que ya tienen esta capacidad, tanto en t\u00e9rminos t\u00e9cnicos como de acceso a im\u00e1genes de alta resoluci\u00f3n, as\u00ed como lo demuestra la metodolog\u00eda utilizada en este informe.<\/p>\n<p><span class=\"EOP SCXW248679417 BCX0\" data-ccp-props=\"{&quot;335551550&quot;:6,&quot;335551620&quot;:6}\"><span class=\"EOP SCXW248679417 BCX0\" data-ccp-props=\"{&quot;335551550&quot;:6,&quot;335551620&quot;:6}\"><span class=\"EOP SCXW248679417 BCX0\" data-ccp-props=\"{&quot;335551550&quot;:6,&quot;335551620&quot;:6}\"><em><strong><span class=\"TextRun SCXW197970475 BCX0\" lang=\"ES-ES\" xml:lang=\"ES-ES\" data-contrast=\"auto\"><span class=\"NormalTextRun SCXW197970475 BCX0\">2. Aplicar las sanciones administrativas al titular de la concesi\u00f3n minera que no denuncie actividades il\u00edcitas dentro de su \u00e1rea autorizada.<\/span><\/span><\/strong><\/em><\/span><\/span><\/span><\/p>\n<p><span class=\"TextRun SCXW143371654 BCX0\" lang=\"ES-ES\" xml:lang=\"ES-ES\" data-contrast=\"none\"><span class=\"NormalTextRun SCXW143371654 BCX0\">El <\/span><span class=\"NormalTextRun SCXW143371654 BCX0\">art\u00edculo<\/span><span class=\"NormalTextRun SCXW143371654 BCX0\"> 57 de la Ley de miner\u00eda prev\u00e9 que \u201cse aplicar\u00e1n las mismas multas previstas en el art\u00edculo anterior a los titulares de derechos mineros [&#8230;] que permitan el cometimiento de actividades mineras ilegales, por parte de terceros no autorizados legalmente para as\u00ed hacerlo o que carezcan de la respectiva licencia ambiental [&#8230;].\u201d Desde la agregaci\u00f3n de esta disposici\u00f3n a la Ley de Miner\u00eda en 2013, fue usada en apenas 2 sentencias y 4 resoluciones administrativas (Note <\/span><\/span><span class=\"TextRun Footnote BlobObject DragDrop SCXW143371654 BCX0\" lang=\"ES-ES\" xml:lang=\"ES-ES\" data-contrast=\"none\"><span class=\"Superscript SCXW143371654 BCX0\" data-fontsize=\"10.5\">1)<\/span><\/span><span class=\"TextRun SCXW143371654 BCX0\" lang=\"ES-ES\" xml:lang=\"ES-ES\" data-contrast=\"none\"><span class=\"NormalTextRun SCXW143371654 BCX0\">, demostrando la necesidad de fortalecimiento<\/span><span class=\"NormalTextRun SCXW143371654 BCX0\"> financiero<\/span><span class=\"NormalTextRun SCXW143371654 BCX0\">,<\/span> <span class=\"NormalTextRun SCXW143371654 BCX0\">personal y tecnol\u00f3gico<\/span> <span class=\"NormalTextRun SCXW143371654 BCX0\">de la <\/span><span class=\"NormalTextRun SCXW143371654 BCX0\">ARCOM.<br \/>\n<\/span><\/span><\/p>\n<p><span class=\"EOP SCXW248679417 BCX0\" data-ccp-props=\"{&quot;335551550&quot;:6,&quot;335551620&quot;:6}\"><span class=\"EOP SCXW248679417 BCX0\" data-ccp-props=\"{&quot;335551550&quot;:6,&quot;335551620&quot;:6}\"><span class=\"EOP SCXW248679417 BCX0\" data-ccp-props=\"{&quot;335551550&quot;:6,&quot;335551620&quot;:6}\"><strong><span class=\"TextRun SCXW57787519 BCX0\" lang=\"ES-ES\" xml:lang=\"ES-ES\" data-contrast=\"auto\"><span class=\"NormalTextRun SCXW57787519 BCX0\">3. Aplicar con rigurosidad sanciones penales a quienes desarrollen actividades de extracci\u00f3n minera fuera de \u00e1reas autorizadas, como lo establece el C\u00f3digo Org\u00e1nico Integral Penal de Ecuador.<\/span><\/span><\/strong><\/span><\/span><\/span><\/p>\n<p><span class=\"TextRun SCXW107245030 BCX0\" lang=\"ES-ES\" xml:lang=\"ES-ES\" data-contrast=\"none\"><span class=\"NormalTextRun SCXW107245030 BCX0\">El Art\u00edculo 260 del C\u00f3digo Org\u00e1nico Integral Penal de Ecuador prev\u00e9 sanciones de hasta 10 a\u00f1os para casos de miner\u00eda artesanal que ocasionan da\u00f1os al ambiente, pero apenas 16 sentencias han sido pronunciadas desde su adopci\u00f3n en 2014 (Note <\/span><\/span><span class=\"TextRun Footnote BlobObject DragDrop SCXW107245030 BCX0\" lang=\"ES-EC\" xml:lang=\"ES-EC\" data-contrast=\"auto\"><span class=\"SCXW107245030 BCX0\">2)<\/span><\/span><span class=\"TextRun SCXW107245030 BCX0\" lang=\"ES-ES\" xml:lang=\"ES-ES\" data-contrast=\"none\"><span class=\"NormalTextRun SCXW107245030 BCX0\">. Para que esta disposici\u00f3n sea realmente disuasiva, el sistema de justicia penal necesita tribunales medioambientales espec\u00edficos con jurisdicci\u00f3n sobre los delitos relacionados con la miner\u00eda, dotados de jueces expertos en derecho medioambiental y normativa minera. <\/span><\/span><\/p>\n<p><span class=\"TextRun SCXW107245030 BCX0\" lang=\"ES-ES\" xml:lang=\"ES-ES\" data-contrast=\"none\"><span class=\"NormalTextRun SCXW107245030 BCX0\">Para acelerar el tratamiento de los casos judiciales, se recomiendan programas de capacitaci\u00f3n para jueces, centrados en la interpretaci\u00f3n de las pruebas de teledetecci\u00f3n de los casos de miner\u00eda ilegal y la medici\u00f3n de sus impactos en las comunidades y el medio ambiente.<br \/>\n<\/span><\/span><\/p>\n<p><span class=\"EOP SCXW248679417 BCX0\" data-ccp-props=\"{&quot;335551550&quot;:6,&quot;335551620&quot;:6}\"><span class=\"EOP SCXW248679417 BCX0\" data-ccp-props=\"{&quot;335551550&quot;:6,&quot;335551620&quot;:6}\"><span class=\"EOP SCXW248679417 BCX0\" data-ccp-props=\"{&quot;335551550&quot;:6,&quot;335551620&quot;:6}\"><em><strong><span class=\"TextRun SCXW96202850 BCX0\" lang=\"ES-EC\" xml:lang=\"ES-EC\" data-contrast=\"auto\"><span class=\"NormalTextRun SCXW96202850 BCX0\">4. Delimitar zonas de exclusi\u00f3n minera de 100 metros de ancho a cada margen de los r\u00edos y sus afluentes, como lo establece el Reglamento a la Ley de Recursos H\u00eddricos, Usos y Aprovechamiento del Agua del Ecuador, dentro de la Circunscripci\u00f3n Territorial Amaz\u00f3nica.<\/span><\/span><\/strong><\/em><\/span><\/span><\/span><\/p>\n<p><span class=\"TextRun SCXW149193704 BCX0\" lang=\"ES-EC\" xml:lang=\"ES-EC\" data-contrast=\"auto\"><span class=\"NormalTextRun SCXW149193704 BCX0\">La actividad minera realizada a menos de 100 metros de las m\u00e1rgenes de los r\u00edos provoca la destrucci\u00f3n de la vegetaci\u00f3n ribere\u00f1a, lo que acelera los procesos de erosi\u00f3n y sedimentaci\u00f3n fluvial. Esta proximidad tambi\u00e9n favorece la contaminaci\u00f3n directa de las aguas con metales pesados como el mercurio, que son arrastrados al cauce y envenenan los ecosistemas acu\u00e1ticos, poniendo en grave riesgo la salud de las comunidades ribere\u00f1as. <\/span><span class=\"NormalTextRun SCXW149193704 BCX0\">Las actividades mineras que requieren el uso del agua deben contar con una autorizaci\u00f3n administrativa otorgada por la Autoridad \u00danica del Agua, conforme al art\u00edculo 26 de la Ley <\/span><span class=\"NormalTextRun SCXW149193704 BCX0\">de Miner\u00eda<\/span><span class=\"NormalTextRun SCXW149193704 BCX0\">. <\/span><\/span><\/p>\n<p><span class=\"TextRun SCXW149193704 BCX0\" lang=\"ES-EC\" xml:lang=\"ES-EC\" data-contrast=\"auto\"><span class=\"NormalTextRun SCXW149193704 BCX0\">Asimismo, el art\u00edculo 18 de la Ley de Recursos H\u00eddricos, Usos y Aprovechamiento del Agua faculta a dicha autoridad para delimitar zonas y \u00e1reas de protecci\u00f3n h\u00eddrica. En este contexto, se recomienda <\/span><span class=\"NormalTextRun SCXW149193704 BCX0\">al Ministerio de Ambiente, Agua y Transici\u00f3n Ecol\u00f3gica<\/span><span class=\"NormalTextRun SCXW149193704 BCX0\"> declarar zonas de exclusi\u00f3n minera todas aquellas \u00e1reas situadas a menos de 100 metros de cada margen de los r\u00edos.<br \/>\n<\/span><\/span><\/p>\n<p><span class=\"EOP SCXW248679417 BCX0\" data-ccp-props=\"{&quot;335551550&quot;:6,&quot;335551620&quot;:6}\"><span class=\"EOP SCXW248679417 BCX0\" data-ccp-props=\"{&quot;335551550&quot;:6,&quot;335551620&quot;:6}\"><span class=\"EOP SCXW248679417 BCX0\" data-ccp-props=\"{&quot;335551550&quot;:6,&quot;335551620&quot;:6}\"><em><strong><span class=\"TextRun SCXW144857440 BCX0\" lang=\"ES-EC\" xml:lang=\"ES-EC\" data-contrast=\"auto\"><span class=\"NormalTextRun SCXW144857440 BCX0\">5. Establecer una recategorizaci\u00f3n ambiental que exija un proceso de licenciamiento ambiental, incluyendo un estudio de impacto ambiental y un proceso de participaci\u00f3n p\u00fablica, para la apertura de nuevas v\u00edas de m\u00e1s de 1 kil\u00f3metro dentro de la Circunscripci\u00f3n Territorial Amaz\u00f3nica.<br \/>\n<\/span><\/span><span class=\"TextRun SCXW144857440 BCX0\" lang=\"ES-ES\" xml:lang=\"ES-ES\" data-contrast=\"auto\"><span class=\"NormalTextRun SCXW144857440 BCX0\"><br \/>\n<\/span><\/span><\/strong><\/em><\/span><\/span><\/span><span class=\"TextRun SCXW168168760 BCX0\" lang=\"ES-EC\" xml:lang=\"ES-EC\" data-contrast=\"auto\"><span class=\"NormalTextRun SCXW168168760 BCX0\">Esta medida es crucial porque la normativa actual, que exige licenciamiento para v\u00edas a partir de 3 km<\/span><\/span><span class=\"TextRun SCXW168168760 BCX0\" lang=\"ES-EC\" xml:lang=\"ES-EC\" data-contrast=\"auto\"><span class=\"TextRun SCXW168168760 BCX0\" lang=\"ES-EC\" xml:lang=\"ES-EC\" data-contrast=\"auto\"><span class=\"NormalTextRun SCXW168168760 BCX0\">\u00a0seg\u00fan el art\u00edculo 174 del C\u00f3digo Org\u00e1nico del Ambiente (COA), es insuficiente para el ecosistema amaz\u00f3nico. <\/span><span class=\"NormalTextRun SCXW168168760 BCX0\">La experiencia ha demostrado que esta situaci\u00f3n se aprovecha progresivamente para ampliar el acceso vial a zonas de inter\u00e9s para la miner\u00eda ilegal, mediante la suma de tramos menores a 3 km que no requieren licencia ambiental ni permisos. Esta pr\u00e1ctica facilita la expansi\u00f3n de actividades ilegales y promueve la deforestaci\u00f3n en \u00e1reas sensibles. <\/span><\/span><\/span><\/p>\n<p><span class=\"TextRun SCXW168168760 BCX0\" lang=\"ES-EC\" xml:lang=\"ES-EC\" data-contrast=\"auto\"><span class=\"TextRun SCXW168168760 BCX0\" lang=\"ES-EC\" xml:lang=\"ES-EC\" data-contrast=\"auto\"><span class=\"NormalTextRun SCXW168168760 BCX0\">Reducir el umbral a 1 km es, por tanto, una aplicaci\u00f3n del principio de precauci\u00f3n, consagrado en el art\u00edculo 396 de la Constituci\u00f3n ecuatoriana. Este ajuste impone la realizaci\u00f3n de un EIA y cumple con la obligaci\u00f3n del Estado de prevenir y analizar los da\u00f1os antes de que ocurran, tal como lo exige el art\u00edculo 179 del COA para obras de mediano y alto impacto. Segundo, y m\u00e1s importante, garantiza el derecho fundamental a la consulta comunitaria estipulado en el art\u00edculo 398 de la Constituci\u00f3n, asegurando que las comunidades locales sean escuchadas antes de autorizar proyectos con potencial de afectaci\u00f3n a su entorno.<\/span><\/span><\/span><\/p>\n<p><span class=\"EOP SCXW248679417 BCX0\" data-ccp-props=\"{&quot;335551550&quot;:6,&quot;335551620&quot;:6}\"><span class=\"EOP SCXW248679417 BCX0\" data-ccp-props=\"{&quot;335551550&quot;:6,&quot;335551620&quot;:6}\"><span class=\"EOP SCXW248679417 BCX0\" data-ccp-props=\"{&quot;335551550&quot;:6,&quot;335551620&quot;:6}\"><em><strong><span class=\"TextRun SCXW204707328 BCX0\" lang=\"ES-EC\" xml:lang=\"ES-EC\" data-contrast=\"auto\"><span class=\"NormalTextRun SCXW204707328 BCX0\">6. Solicitar a Gobiernos Aut\u00f3nomos Descentralizados la inclusi\u00f3n de zonas de protecci\u00f3n h\u00eddrica y servidumbres ecol\u00f3gicas obligatorias dentro de los Planes de Desarrollo y Ordenamiento Territorial (<\/span><span class=\"NormalTextRun SpellingErrorV2Themed SCXW204707328 BCX0\">PDyOT<\/span><span class=\"NormalTextRun SCXW204707328 BCX0\">) y los Planes de Uso y Gesti\u00f3n del Suelo (PUGS).<br \/>\n<\/span><\/span><span class=\"TextRun SCXW204707328 BCX0\" lang=\"ES-ES\" xml:lang=\"ES-ES\" data-contrast=\"auto\"><span class=\"NormalTextRun SCXW204707328 BCX0\"><br \/>\n<\/span><\/span><\/strong><\/em><\/span><\/span><\/span><span class=\"TextRun SCXW53432995 BCX0\" lang=\"ES-ES\" xml:lang=\"ES-ES\" data-contrast=\"auto\"><span class=\"NormalTextRun SCXW53432995 BCX0\">El marco legal ecuatoriano establece una clara coordinaci\u00f3n entre la planificaci\u00f3n local y nacional. El C\u00f3digo Org\u00e1nico de Organizaci\u00f3n Territorial, Autonom\u00eda y Descentralizaci\u00f3n establece, en su art\u00edculo 296, que los <\/span><span class=\"NormalTextRun SpellingErrorV2Themed SCXW53432995 BCX0\">PDyOT<\/span><span class=\"NormalTextRun SCXW53432995 BCX0\"> deben articularse a las pol\u00edticas y planes nacionales, lo que incluye las directrices emitidas por la Autoridad \u00danica del Agua. <\/span><span class=\"NormalTextRun SCXW53432995 BCX0\">En conjunto con el art\u00edculo 42 de la Ley Org\u00e1nica de Recursos H\u00eddricos, Usos y Aprovechamiento del Agua, es imprescindible que las directrices de planificaci\u00f3n h\u00eddrica nacional sean observadas en la planificaci\u00f3n del desarrollo en todos los niveles jurisdiccionales.<\/span> <\/span><\/p>\n<p><span class=\"TextRun SCXW53432995 BCX0\" lang=\"ES-ES\" xml:lang=\"ES-ES\" data-contrast=\"auto\"><span class=\"NormalTextRun SCXW53432995 BCX0\">As\u00ed que los Gobiernos Aut\u00f3nomos <\/span><span class=\"NormalTextRun SCXW53432995 BCX0\">Descentralizados<\/span> <span class=\"NormalTextRun SCXW53432995 BCX0\">(GAD) <\/span><span class=\"NormalTextRun SCXW53432995 BCX0\">deben establecer en sus <\/span><span class=\"NormalTextRun SpellingErrorV2Themed SCXW53432995 BCX0\">PDyOT<\/span><span class=\"NormalTextRun SCXW53432995 BCX0\"> y PUGS la protecci\u00f3n de los recursos h\u00eddricos en el territorio, asegurando la conformidad a las zonas de protecci\u00f3n y servidumbres ecol\u00f3gicas establecidas nacionalmente, observando el principio de la complementariedad.<\/span> <\/span><\/p>\n<p><span class=\"TextRun SCXW53432995 BCX0\" lang=\"ES-ES\" xml:lang=\"ES-ES\" data-contrast=\"auto\"><span class=\"NormalTextRun SCXW53432995 BCX0\">En este sentido, recomendamos <\/span><span class=\"NormalTextRun SCXW53432995 BCX0\">que<\/span><span class=\"NormalTextRun SCXW53432995 BCX0\"> la S<\/span><span class=\"NormalTextRun SCXW53432995 BCX0\">uperintendencia de Ordenamiento Territorial<\/span><span class=\"NormalTextRun SCXW53432995 BCX0\">, en el marco de sus competencias y a trav\u00e9s de sus Planes Anuales de Vigilancia y Control (PAV y PAC), incorpore como l\u00ednea prioritaria de verificaci\u00f3n: \u201cLa revisi\u00f3n t\u00e9cnica y jur\u00eddica <\/span><span class=\"NormalTextRun SCXW53432995 BCX0\">de<\/span><span class=\"NormalTextRun SCXW53432995 BCX0\">l reconocimiento y<\/span> <span class=\"NormalTextRun SCXW53432995 BCX0\">la delimitaci\u00f3n de zonas de protecci\u00f3n h\u00eddrica <\/span><span class=\"NormalTextRun SCXW53432995 BCX0\">y servidumbres ecol\u00f3gicas <\/span><span class=\"NormalTextRun SCXW53432995 BCX0\">en los <\/span><span class=\"NormalTextRun SpellingErrorV2Themed SCXW53432995 BCX0\">PDyOT<\/span><span class=\"NormalTextRun SCXW53432995 BCX0\"> y <\/span><span class=\"NormalTextRun SCXW53432995 BCX0\">PUGS de los GAD municipales<\/span><span class=\"NormalTextRun SCXW53432995 BCX0\"> y metropolitanos<\/span><span class=\"NormalTextRun SCXW53432995 BCX0\">, asegurando su coherencia con la normativa ambiental vigente y los principios de sostenibilidad\u201d<\/span><span class=\"NormalTextRun SCXW53432995 BCX0\">.<\/span><\/span><\/p>\n<p><span class=\"EOP SCXW248679417 BCX0\" data-ccp-props=\"{&quot;335551550&quot;:6,&quot;335551620&quot;:6}\"><span class=\"EOP SCXW248679417 BCX0\" data-ccp-props=\"{&quot;335551550&quot;:6,&quot;335551620&quot;:6}\"><span class=\"EOP SCXW248679417 BCX0\" data-ccp-props=\"{&quot;335551550&quot;:6,&quot;335551620&quot;:6}\"><em><strong><span class=\"TextRun SCXW44257648 BCX0\" lang=\"ES-EC\" xml:lang=\"ES-EC\" data-contrast=\"auto\"><span class=\"NormalTextRun SCXW44257648 BCX0\">7. Crear un sistema de protecci\u00f3n vinculante y categor\u00edas de manejo para r\u00edos con valores naturales y culturales excepcionales, con base en la aplicaci\u00f3n de zonas de protecci\u00f3n h\u00eddrica con un plan de manejo participativo.<\/span><\/span><span class=\"TextRun SCXW44257648 BCX0\" lang=\"ES-ES\" xml:lang=\"ES-ES\" data-contrast=\"auto\"><span class=\"NormalTextRun SCXW44257648 BCX0\"><br \/>\n<\/span><\/span><span class=\"EOP SCXW44257648 BCX0\" data-ccp-props=\"{&quot;335551550&quot;:6,&quot;335551620&quot;:6}\"><br \/>\n<\/span><\/strong><\/em><\/span><\/span><\/span><span class=\"TextRun SCXW236555752 BCX0\" lang=\"ES-ES\" xml:lang=\"ES-ES\" data-contrast=\"auto\"><span class=\"NormalTextRun SCXW236555752 BCX0\">El art\u00edculo 29, numeral 2, literal \u201ce\u201d de la Ley Org\u00e1nica de Recursos H\u00eddricos, Usos y Aprovechamiento del Agua establece que la planificaci\u00f3n de los recursos h\u00eddricos debe contener la descripci\u00f3n de agua y de las \u00e1reas de protecci\u00f3n h\u00eddrica en cada cuenca y los medios de salvaguarda. Lo que se recomienda aqu\u00ed es que estos medios de salvaguarda sean establecidos en Planes de Manejo t\u00e9cnicos, espec\u00edficos y detallados. Por fuerza del art\u00edculo 398 y el art\u00edculo 57, numeral 7 de la Constituci\u00f3n ecuatoriana, toda decisi\u00f3n y autorizaci\u00f3n estatal que pueda afectar el ambiente deber\u00e1 ser consultada a la comunidad. <\/span><\/span><\/p>\n<p><span class=\"TextRun SCXW236555752 BCX0\" lang=\"ES-ES\" xml:lang=\"ES-ES\" data-contrast=\"auto\"><span class=\"NormalTextRun SCXW236555752 BCX0\">Por lo tanto, la creaci\u00f3n de un Plan de Manejo a trav\u00e9s de un proceso participativo es un importante mecanismo que permite cumplir con la obligaci\u00f3n de proteger los r\u00edos y con el derecho fundamental de los ciudadanos a participar en las decisiones que afectan su entorno.<\/span><\/span><span class=\"EOP SCXW236555752 BCX0\" data-ccp-props=\"{&quot;335551550&quot;:6,&quot;335551620&quot;:6}\">\u00a0<\/span><\/p>\n<p>&nbsp;<\/p>\n<p><em><strong>Notes<\/strong><\/em><\/p>\n<p>1. <a href=\"https:\/\/vlex.ec\/vid\/ley-45-ley-mineria-643461381\" target=\"_blank\" rel=\"noopener\">https:\/\/vlex.ec\/vid\/ley-45-ley-mineria-643461381<\/a><\/p>\n<p>2. <span class=\"TextRun SCXW146699754 BCX0\" lang=\"ES-EC\" xml:lang=\"ES-EC\" data-contrast=\"auto\"><span class=\"NormalTextRun SCXW146699754 BCX0\" data-ccp-parastyle=\"footnote text\">Se realiz\u00f3 una b\u00fasqueda en las bases de datos abiertas del Consejo de la Judicatura del Ecuador en busca de jurisprudencia que cite el art\u00edculo 260 del C\u00f3digo Org\u00e1nico Integral Penal (COIP), encontr\u00e1ndose seis sentencias dictadas desde el a\u00f1o 2014: N.\u00ba 17204201601552, N.\u00ba 05283201600242, N.\u00ba 07712201500096, N.\u00ba 103342201900015, N.\u00ba 09286201602579 y N.\u00ba 0165820150034. Asimismo, se identificaron diez sentencias adicionales en la base de datos jurisprudencial del Consejo Nacional de Justicia del Ecuador: N.\u00ba 1021201801851, N.\u00ba 10332201800455, N.\u00ba 10281201801658, N.\u00ba 11314201700278, N.\u00ba 05283201901606, N.\u00ba 10281201800489, N.\u00ba 10281201800483, N.\u00ba 1028201800365, N.\u00ba 10281201801640 y N.\u00ba 10281201800253.<\/span><\/span><span class=\"EOP SCXW146699754 BCX0\" data-ccp-props=\"{&quot;201341983&quot;:0,&quot;335551550&quot;:6,&quot;335551620&quot;:6,&quot;335559739&quot;:0,&quot;335559740&quot;:240}\">\u00a0<\/span><\/p>\n<div class=\"fitem-sep\"><\/div>\n<h3><b><span data-contrast=\"auto\">Agradecimientos<\/span><\/b><span data-contrast=\"auto\">\u202f<\/span><span data-ccp-props=\"{&quot;335551550&quot;:6,&quot;335551620&quot;:6}\">\u00a0<\/span><\/h3>\n<p><span data-contrast=\"auto\">Agradecemos a <\/span><a href=\"https:\/\/ecuadorianrivers.org\/\" target=\"_blank\" rel=\"noopener\"><span data-contrast=\"none\">Ecuadorian Rivers Institute<\/span><\/a><span data-contrast=\"auto\"> por sus aportes en este informe.<\/span><span data-ccp-props=\"{&quot;335551550&quot;:6,&quot;335551620&quot;:6}\">\u00a0<\/span><\/p>\n<p><span data-contrast=\"auto\">Este informe es parte de una serie enfocada en la Amazon\u00eda ecuatoriana a trav\u00e9s de una colaboraci\u00f3n estrat\u00e9gica entre las organizaciones <\/span><b><span data-contrast=\"auto\">Fundaci\u00f3n EcoCiencia<\/span><\/b><span data-contrast=\"auto\"> y <\/span><b><span data-contrast=\"auto\">Amazon Conservation<\/span><\/b><span data-contrast=\"auto\">, con el apoyo de la <\/span><b><span data-contrast=\"auto\">Fundaci\u00f3n Gordon y Betty Moore<\/span><\/b><span data-contrast=\"auto\">.\u202f<\/span><span data-contrast=\"auto\">\u202f<\/span><span data-ccp-props=\"{&quot;335551550&quot;:6,&quot;335551620&quot;:6}\">\u00a0<\/span><\/p>\n<div class=\"fitem-sep\"><\/div>\n<p><img decoding=\"async\" class=\" wp-image-22072 aligncenter\" src=\"https:\/\/www.maapprogram.org\/wp-content\/uploads\/2024\/04\/ecociencia-1-1024x402.png\" alt=\"Ecociencia Logo\" width=\"525\" height=\"206\" srcset=\"https:\/\/www.maapprogram.org\/wp-content\/uploads\/2024\/04\/ecociencia-1-1024x402.png 1024w, https:\/\/www.maapprogram.org\/wp-content\/uploads\/2024\/04\/ecociencia-1-300x118.png 300w, https:\/\/www.maapprogram.org\/wp-content\/uploads\/2024\/04\/ecociencia-1-768x302.png 768w, https:\/\/www.maapprogram.org\/wp-content\/uploads\/2024\/04\/ecociencia-1-1536x604.png 1536w, https:\/\/www.maapprogram.org\/wp-content\/uploads\/2024\/04\/ecociencia-1-2048x805.png 2048w\" sizes=\"(max-width: 525px) 100vw, 525px\" \/><\/p>\n<div class=\"fitem-sep\"><\/div>\n<p><img decoding=\"async\" class=\" wp-image-25408 aligncenter\" src=\"https:\/\/www.maapprogram.org\/wp-content\/uploads\/2025\/04\/moore-logo-color-1024x398.jpg\" alt=\"\" width=\"524\" height=\"204\" srcset=\"https:\/\/www.maapprogram.org\/wp-content\/uploads\/2025\/04\/moore-logo-color-1024x398.jpg 1024w, https:\/\/www.maapprogram.org\/wp-content\/uploads\/2025\/04\/moore-logo-color-300x117.jpg 300w, https:\/\/www.maapprogram.org\/wp-content\/uploads\/2025\/04\/moore-logo-color-768x298.jpg 768w, https:\/\/www.maapprogram.org\/wp-content\/uploads\/2025\/04\/moore-logo-color-1536x597.jpg 1536w, https:\/\/www.maapprogram.org\/wp-content\/uploads\/2025\/04\/moore-logo-color.jpg 1975w\" sizes=\"(max-width: 524px) 100vw, 524px\" \/><\/p>\n<div class=\"fitem-sep\"><\/div>\n","protected":false},"excerpt":{"rendered":"<p>Este es el segundo de una serie de informes que detallan la expansi\u00f3n de la miner\u00eda aur\u00edfera en la Amazon\u00eda ecuatoriana. En el primer informe MAAP #227, se analiz\u00f3 la expansi\u00f3n minera en el sector norte, alrededor de la Reserva Ecol\u00f3gica Cof\u00e1n Bermejo, cerca de la frontera con Colombia. En el presente reporte, enfocamos la [&hellip;]<\/p>\n","protected":false},"author":5,"featured_media":0,"comment_status":"closed","ping_status":"closed","sticky":false,"template":"","format":"standard","meta":{"_acf_changed":false,"footnotes":""},"categories":[315],"tags":[],"ftr_agriculture":[],"carbon-and-climate-change":[],"ftr_country":[399],"fire":[],"infrastructure-threat":[],"land-use":[],"mining-and-logging-threat":[434],"natural-forest-loss":[],"special-analysis":[],"class_list":["post-26010","post","type-post","status-publish","format-standard","hentry","category-ecuador-paises","ftr_country-ecuador","mining-and-logging-threat-mineria-de-oro"],"acf":[],"yoast_head":"<!-- This site is optimized with the Yoast SEO plugin v27.3 - https:\/\/yoast.com\/product\/yoast-seo-wordpress\/ -->\n<title>\u200bMAAP #230: Miner\u00eda en la Amazon\u00eda Ecuatoriana Sector Centro - Provincia del Napo \u200b - MAAP<\/title>\n<meta name=\"robots\" content=\"index, follow, max-snippet:-1, max-image-preview:large, max-video-preview:-1\" \/>\n<link rel=\"canonical\" href=\"https:\/\/www.maapprogram.org\/es\/mineria-ecuador-napo\/\" \/>\n<meta property=\"og:locale\" content=\"es_ES\" \/>\n<meta property=\"og:type\" content=\"article\" \/>\n<meta property=\"og:title\" content=\"\u200bMAAP #230: Miner\u00eda en la Amazon\u00eda Ecuatoriana Sector Centro - Provincia del Napo \u200b - MAAP\" \/>\n<meta property=\"og:description\" content=\"Este es el segundo de una serie de informes que detallan la expansi\u00f3n de la miner\u00eda aur\u00edfera en la Amazon\u00eda ecuatoriana. En el primer informe MAAP #227, se analiz\u00f3 la expansi\u00f3n minera en el sector norte, alrededor de la Reserva Ecol\u00f3gica Cof\u00e1n Bermejo, cerca de la frontera con Colombia. En el presente reporte, enfocamos la [&hellip;]\" \/>\n<meta property=\"og:url\" content=\"https:\/\/www.maapprogram.org\/es\/mineria-ecuador-napo\/\" \/>\n<meta property=\"og:site_name\" content=\"MAAP\" \/>\n<meta property=\"article:published_time\" content=\"2025-07-18T12:41:13+00:00\" \/>\n<meta property=\"article:modified_time\" content=\"2025-07-21T15:53:17+00:00\" \/>\n<meta property=\"og:image\" content=\"https:\/\/www.maapprogram.org\/wp-content\/uploads\/2025\/07\/Mapa-Base1_v3-1024x994.jpg\" \/>\n<meta name=\"author\" content=\"Matt Finer\" \/>\n<meta name=\"twitter:card\" content=\"summary_large_image\" \/>\n<meta name=\"twitter:label1\" content=\"Escrito por\" \/>\n\t<meta name=\"twitter:data1\" content=\"Matt Finer\" \/>\n\t<meta name=\"twitter:label2\" content=\"Tiempo de lectura\" \/>\n\t<meta name=\"twitter:data2\" content=\"16 minutos\" \/>\n<script type=\"application\/ld+json\" class=\"yoast-schema-graph\">{\"@context\":\"https:\\\/\\\/schema.org\",\"@graph\":[{\"@type\":\"Article\",\"@id\":\"https:\\\/\\\/www.maapprogram.org\\\/es\\\/mineria-ecuador-napo\\\/#article\",\"isPartOf\":{\"@id\":\"https:\\\/\\\/www.maapprogram.org\\\/es\\\/mineria-ecuador-napo\\\/\"},\"author\":{\"name\":\"Matt Finer\",\"@id\":\"https:\\\/\\\/www.maapprogram.org\\\/es\\\/#\\\/schema\\\/person\\\/841a54dc1b778a2649b35c55854af44e\"},\"headline\":\"\u200bMAAP #230: Miner\u00eda en la Amazon\u00eda Ecuatoriana Sector Centro &#8211; Provincia del Napo \u200b\",\"datePublished\":\"2025-07-18T12:41:13+00:00\",\"dateModified\":\"2025-07-21T15:53:17+00:00\",\"mainEntityOfPage\":{\"@id\":\"https:\\\/\\\/www.maapprogram.org\\\/es\\\/mineria-ecuador-napo\\\/\"},\"wordCount\":3306,\"image\":{\"@id\":\"https:\\\/\\\/www.maapprogram.org\\\/es\\\/mineria-ecuador-napo\\\/#primaryimage\"},\"thumbnailUrl\":\"https:\\\/\\\/www.maapprogram.org\\\/wp-content\\\/uploads\\\/2025\\\/07\\\/Mapa-Base1_v3-1024x994.jpg\",\"articleSection\":[\"Ecuador\"],\"inLanguage\":\"es\"},{\"@type\":\"WebPage\",\"@id\":\"https:\\\/\\\/www.maapprogram.org\\\/es\\\/mineria-ecuador-napo\\\/\",\"url\":\"https:\\\/\\\/www.maapprogram.org\\\/es\\\/mineria-ecuador-napo\\\/\",\"name\":\"\u200bMAAP #230: Miner\u00eda en la Amazon\u00eda Ecuatoriana Sector Centro - Provincia del Napo \u200b - MAAP\",\"isPartOf\":{\"@id\":\"https:\\\/\\\/www.maapprogram.org\\\/es\\\/#website\"},\"primaryImageOfPage\":{\"@id\":\"https:\\\/\\\/www.maapprogram.org\\\/es\\\/mineria-ecuador-napo\\\/#primaryimage\"},\"image\":{\"@id\":\"https:\\\/\\\/www.maapprogram.org\\\/es\\\/mineria-ecuador-napo\\\/#primaryimage\"},\"thumbnailUrl\":\"https:\\\/\\\/www.maapprogram.org\\\/wp-content\\\/uploads\\\/2025\\\/07\\\/Mapa-Base1_v3-1024x994.jpg\",\"datePublished\":\"2025-07-18T12:41:13+00:00\",\"dateModified\":\"2025-07-21T15:53:17+00:00\",\"author\":{\"@id\":\"https:\\\/\\\/www.maapprogram.org\\\/es\\\/#\\\/schema\\\/person\\\/841a54dc1b778a2649b35c55854af44e\"},\"breadcrumb\":{\"@id\":\"https:\\\/\\\/www.maapprogram.org\\\/es\\\/mineria-ecuador-napo\\\/#breadcrumb\"},\"inLanguage\":\"es\",\"potentialAction\":[{\"@type\":\"ReadAction\",\"target\":[\"https:\\\/\\\/www.maapprogram.org\\\/es\\\/mineria-ecuador-napo\\\/\"]}]},{\"@type\":\"ImageObject\",\"inLanguage\":\"es\",\"@id\":\"https:\\\/\\\/www.maapprogram.org\\\/es\\\/mineria-ecuador-napo\\\/#primaryimage\",\"url\":\"https:\\\/\\\/www.maapprogram.org\\\/wp-content\\\/uploads\\\/2025\\\/07\\\/Mapa-Base1_v3-1024x994.jpg\",\"contentUrl\":\"https:\\\/\\\/www.maapprogram.org\\\/wp-content\\\/uploads\\\/2025\\\/07\\\/Mapa-Base1_v3-1024x994.jpg\"},{\"@type\":\"BreadcrumbList\",\"@id\":\"https:\\\/\\\/www.maapprogram.org\\\/es\\\/mineria-ecuador-napo\\\/#breadcrumb\",\"itemListElement\":[{\"@type\":\"ListItem\",\"position\":1,\"name\":\"Home\",\"item\":\"https:\\\/\\\/www.maapprogram.org\\\/es\\\/\"},{\"@type\":\"ListItem\",\"position\":2,\"name\":\"\u200bMAAP #230: Miner\u00eda en la Amazon\u00eda Ecuatoriana Sector Centro &#8211; Provincia del Napo \u200b\"}]},{\"@type\":\"WebSite\",\"@id\":\"https:\\\/\\\/www.maapprogram.org\\\/es\\\/#website\",\"url\":\"https:\\\/\\\/www.maapprogram.org\\\/es\\\/\",\"name\":\"MAAP\",\"description\":\"\",\"potentialAction\":[{\"@type\":\"SearchAction\",\"target\":{\"@type\":\"EntryPoint\",\"urlTemplate\":\"https:\\\/\\\/www.maapprogram.org\\\/es\\\/?s={search_term_string}\"},\"query-input\":{\"@type\":\"PropertyValueSpecification\",\"valueRequired\":true,\"valueName\":\"search_term_string\"}}],\"inLanguage\":\"es\"},{\"@type\":\"Person\",\"@id\":\"https:\\\/\\\/www.maapprogram.org\\\/es\\\/#\\\/schema\\\/person\\\/841a54dc1b778a2649b35c55854af44e\",\"name\":\"Matt Finer\",\"image\":{\"@type\":\"ImageObject\",\"inLanguage\":\"es\",\"@id\":\"https:\\\/\\\/secure.gravatar.com\\\/avatar\\\/21b55495905889a5e7ddf3fe6b37837879eee1e1834fc0b1d6eaed98fe49a987?s=96&d=mm&r=g\",\"url\":\"https:\\\/\\\/secure.gravatar.com\\\/avatar\\\/21b55495905889a5e7ddf3fe6b37837879eee1e1834fc0b1d6eaed98fe49a987?s=96&d=mm&r=g\",\"contentUrl\":\"https:\\\/\\\/secure.gravatar.com\\\/avatar\\\/21b55495905889a5e7ddf3fe6b37837879eee1e1834fc0b1d6eaed98fe49a987?s=96&d=mm&r=g\",\"caption\":\"Matt Finer\"},\"url\":\"https:\\\/\\\/www.maapprogram.org\\\/es\\\/author\\\/mfiner\\\/\"}]}<\/script>\n<!-- \/ Yoast SEO plugin. -->","yoast_head_json":{"title":"\u200bMAAP #230: Miner\u00eda en la Amazon\u00eda Ecuatoriana Sector Centro - Provincia del Napo \u200b - MAAP","robots":{"index":"index","follow":"follow","max-snippet":"max-snippet:-1","max-image-preview":"max-image-preview:large","max-video-preview":"max-video-preview:-1"},"canonical":"https:\/\/www.maapprogram.org\/es\/mineria-ecuador-napo\/","og_locale":"es_ES","og_type":"article","og_title":"\u200bMAAP #230: Miner\u00eda en la Amazon\u00eda Ecuatoriana Sector Centro - Provincia del Napo \u200b - MAAP","og_description":"Este es el segundo de una serie de informes que detallan la expansi\u00f3n de la miner\u00eda aur\u00edfera en la Amazon\u00eda ecuatoriana. En el primer informe MAAP #227, se analiz\u00f3 la expansi\u00f3n minera en el sector norte, alrededor de la Reserva Ecol\u00f3gica Cof\u00e1n Bermejo, cerca de la frontera con Colombia. En el presente reporte, enfocamos la [&hellip;]","og_url":"https:\/\/www.maapprogram.org\/es\/mineria-ecuador-napo\/","og_site_name":"MAAP","article_published_time":"2025-07-18T12:41:13+00:00","article_modified_time":"2025-07-21T15:53:17+00:00","og_image":[{"url":"https:\/\/www.maapprogram.org\/wp-content\/uploads\/2025\/07\/Mapa-Base1_v3-1024x994.jpg","type":"","width":"","height":""}],"author":"Matt Finer","twitter_card":"summary_large_image","twitter_misc":{"Escrito por":"Matt Finer","Tiempo de lectura":"16 minutos"},"schema":{"@context":"https:\/\/schema.org","@graph":[{"@type":"Article","@id":"https:\/\/www.maapprogram.org\/es\/mineria-ecuador-napo\/#article","isPartOf":{"@id":"https:\/\/www.maapprogram.org\/es\/mineria-ecuador-napo\/"},"author":{"name":"Matt Finer","@id":"https:\/\/www.maapprogram.org\/es\/#\/schema\/person\/841a54dc1b778a2649b35c55854af44e"},"headline":"\u200bMAAP #230: Miner\u00eda en la Amazon\u00eda Ecuatoriana Sector Centro &#8211; Provincia del Napo \u200b","datePublished":"2025-07-18T12:41:13+00:00","dateModified":"2025-07-21T15:53:17+00:00","mainEntityOfPage":{"@id":"https:\/\/www.maapprogram.org\/es\/mineria-ecuador-napo\/"},"wordCount":3306,"image":{"@id":"https:\/\/www.maapprogram.org\/es\/mineria-ecuador-napo\/#primaryimage"},"thumbnailUrl":"https:\/\/www.maapprogram.org\/wp-content\/uploads\/2025\/07\/Mapa-Base1_v3-1024x994.jpg","articleSection":["Ecuador"],"inLanguage":"es"},{"@type":"WebPage","@id":"https:\/\/www.maapprogram.org\/es\/mineria-ecuador-napo\/","url":"https:\/\/www.maapprogram.org\/es\/mineria-ecuador-napo\/","name":"\u200bMAAP #230: Miner\u00eda en la Amazon\u00eda Ecuatoriana Sector Centro - Provincia del Napo \u200b - MAAP","isPartOf":{"@id":"https:\/\/www.maapprogram.org\/es\/#website"},"primaryImageOfPage":{"@id":"https:\/\/www.maapprogram.org\/es\/mineria-ecuador-napo\/#primaryimage"},"image":{"@id":"https:\/\/www.maapprogram.org\/es\/mineria-ecuador-napo\/#primaryimage"},"thumbnailUrl":"https:\/\/www.maapprogram.org\/wp-content\/uploads\/2025\/07\/Mapa-Base1_v3-1024x994.jpg","datePublished":"2025-07-18T12:41:13+00:00","dateModified":"2025-07-21T15:53:17+00:00","author":{"@id":"https:\/\/www.maapprogram.org\/es\/#\/schema\/person\/841a54dc1b778a2649b35c55854af44e"},"breadcrumb":{"@id":"https:\/\/www.maapprogram.org\/es\/mineria-ecuador-napo\/#breadcrumb"},"inLanguage":"es","potentialAction":[{"@type":"ReadAction","target":["https:\/\/www.maapprogram.org\/es\/mineria-ecuador-napo\/"]}]},{"@type":"ImageObject","inLanguage":"es","@id":"https:\/\/www.maapprogram.org\/es\/mineria-ecuador-napo\/#primaryimage","url":"https:\/\/www.maapprogram.org\/wp-content\/uploads\/2025\/07\/Mapa-Base1_v3-1024x994.jpg","contentUrl":"https:\/\/www.maapprogram.org\/wp-content\/uploads\/2025\/07\/Mapa-Base1_v3-1024x994.jpg"},{"@type":"BreadcrumbList","@id":"https:\/\/www.maapprogram.org\/es\/mineria-ecuador-napo\/#breadcrumb","itemListElement":[{"@type":"ListItem","position":1,"name":"Home","item":"https:\/\/www.maapprogram.org\/es\/"},{"@type":"ListItem","position":2,"name":"\u200bMAAP #230: Miner\u00eda en la Amazon\u00eda Ecuatoriana Sector Centro &#8211; Provincia del Napo \u200b"}]},{"@type":"WebSite","@id":"https:\/\/www.maapprogram.org\/es\/#website","url":"https:\/\/www.maapprogram.org\/es\/","name":"MAAP","description":"","potentialAction":[{"@type":"SearchAction","target":{"@type":"EntryPoint","urlTemplate":"https:\/\/www.maapprogram.org\/es\/?s={search_term_string}"},"query-input":{"@type":"PropertyValueSpecification","valueRequired":true,"valueName":"search_term_string"}}],"inLanguage":"es"},{"@type":"Person","@id":"https:\/\/www.maapprogram.org\/es\/#\/schema\/person\/841a54dc1b778a2649b35c55854af44e","name":"Matt Finer","image":{"@type":"ImageObject","inLanguage":"es","@id":"https:\/\/secure.gravatar.com\/avatar\/21b55495905889a5e7ddf3fe6b37837879eee1e1834fc0b1d6eaed98fe49a987?s=96&d=mm&r=g","url":"https:\/\/secure.gravatar.com\/avatar\/21b55495905889a5e7ddf3fe6b37837879eee1e1834fc0b1d6eaed98fe49a987?s=96&d=mm&r=g","contentUrl":"https:\/\/secure.gravatar.com\/avatar\/21b55495905889a5e7ddf3fe6b37837879eee1e1834fc0b1d6eaed98fe49a987?s=96&d=mm&r=g","caption":"Matt Finer"},"url":"https:\/\/www.maapprogram.org\/es\/author\/mfiner\/"}]}},"_links":{"self":[{"href":"https:\/\/www.maapprogram.org\/es\/wp-json\/wp\/v2\/posts\/26010","targetHints":{"allow":["GET"]}}],"collection":[{"href":"https:\/\/www.maapprogram.org\/es\/wp-json\/wp\/v2\/posts"}],"about":[{"href":"https:\/\/www.maapprogram.org\/es\/wp-json\/wp\/v2\/types\/post"}],"author":[{"embeddable":true,"href":"https:\/\/www.maapprogram.org\/es\/wp-json\/wp\/v2\/users\/5"}],"replies":[{"embeddable":true,"href":"https:\/\/www.maapprogram.org\/es\/wp-json\/wp\/v2\/comments?post=26010"}],"version-history":[{"count":57,"href":"https:\/\/www.maapprogram.org\/es\/wp-json\/wp\/v2\/posts\/26010\/revisions"}],"predecessor-version":[{"id":26126,"href":"https:\/\/www.maapprogram.org\/es\/wp-json\/wp\/v2\/posts\/26010\/revisions\/26126"}],"wp:attachment":[{"href":"https:\/\/www.maapprogram.org\/es\/wp-json\/wp\/v2\/media?parent=26010"}],"wp:term":[{"taxonomy":"category","embeddable":true,"href":"https:\/\/www.maapprogram.org\/es\/wp-json\/wp\/v2\/categories?post=26010"},{"taxonomy":"post_tag","embeddable":true,"href":"https:\/\/www.maapprogram.org\/es\/wp-json\/wp\/v2\/tags?post=26010"},{"taxonomy":"ftr_agriculture","embeddable":true,"href":"https:\/\/www.maapprogram.org\/es\/wp-json\/wp\/v2\/ftr_agriculture?post=26010"},{"taxonomy":"carbon-and-climate-change","embeddable":true,"href":"https:\/\/www.maapprogram.org\/es\/wp-json\/wp\/v2\/carbon-and-climate-change?post=26010"},{"taxonomy":"ftr_country","embeddable":true,"href":"https:\/\/www.maapprogram.org\/es\/wp-json\/wp\/v2\/ftr_country?post=26010"},{"taxonomy":"fire","embeddable":true,"href":"https:\/\/www.maapprogram.org\/es\/wp-json\/wp\/v2\/fire?post=26010"},{"taxonomy":"infrastructure-threat","embeddable":true,"href":"https:\/\/www.maapprogram.org\/es\/wp-json\/wp\/v2\/infrastructure-threat?post=26010"},{"taxonomy":"land-use","embeddable":true,"href":"https:\/\/www.maapprogram.org\/es\/wp-json\/wp\/v2\/land-use?post=26010"},{"taxonomy":"mining-and-logging-threat","embeddable":true,"href":"https:\/\/www.maapprogram.org\/es\/wp-json\/wp\/v2\/mining-and-logging-threat?post=26010"},{"taxonomy":"natural-forest-loss","embeddable":true,"href":"https:\/\/www.maapprogram.org\/es\/wp-json\/wp\/v2\/natural-forest-loss?post=26010"},{"taxonomy":"special-analysis","embeddable":true,"href":"https:\/\/www.maapprogram.org\/es\/wp-json\/wp\/v2\/special-analysis?post=26010"}],"curies":[{"name":"wp","href":"https:\/\/api.w.org\/{rel}","templated":true}]}}