{"id":27064,"date":"2025-12-11T16:21:03","date_gmt":"2025-12-11T16:21:03","guid":{"rendered":"https:\/\/www.maapprogram.org\/?p=27064"},"modified":"2025-12-15T16:25:17","modified_gmt":"2025-12-15T16:25:17","slug":"pastizales-ecuador","status":"publish","type":"post","link":"https:\/\/www.maapprogram.org\/es\/pastizales-ecuador\/","title":{"rendered":"MAAP #236: Deforestaci\u00f3n por Pastizales Crece en \u00c1reas de Conservaci\u00f3n de la Amazon\u00eda Ecuatoriana"},"content":{"rendered":"<div id=\"attachment_27075\" class=\"thumbnail alignright\"><img decoding=\"async\" class=\"wp-image-27075 \" src=\"https:\/\/www.maapprogram.org\/wp-content\/uploads\/2025\/12\/UBICACION_GENERAL_-V4-724x1024.jpg\" alt=\"\" width=\"599\" height=\"847\" srcset=\"https:\/\/www.maapprogram.org\/wp-content\/uploads\/2025\/12\/UBICACION_GENERAL_-V4-724x1024.jpg 724w, https:\/\/www.maapprogram.org\/wp-content\/uploads\/2025\/12\/UBICACION_GENERAL_-V4-212x300.jpg 212w, https:\/\/www.maapprogram.org\/wp-content\/uploads\/2025\/12\/UBICACION_GENERAL_-V4-768x1086.jpg 768w, https:\/\/www.maapprogram.org\/wp-content\/uploads\/2025\/12\/UBICACION_GENERAL_-V4-1086x1536.jpg 1086w, https:\/\/www.maapprogram.org\/wp-content\/uploads\/2025\/12\/UBICACION_GENERAL_-V4-1448x2048.jpg 1448w, https:\/\/www.maapprogram.org\/wp-content\/uploads\/2025\/12\/UBICACION_GENERAL_-V4-scaled.jpg 1810w\" sizes=\"(max-width: 599px) 100vw, 599px\" \/><div class=\"caption\">Mapa Base. Datos: Mapbiomas 2023; MAATE, 2024<\/div><\/div>\n<p>En la <strong>Amazon\u00eda ecuatoriana,<\/strong> cerca del 75% de la superficie agropecuaria corresponde a <strong>pastos <\/strong>(1). Esto significa que, por cada cuatro hect\u00e1reas destinadas a la agricultura, tres se utilizan para <strong>la ganader\u00eda<\/strong>.<\/p>\n<p>Esta expansi\u00f3n ha generado una creciente presi\u00f3n sobre los ecosistemas naturales, especialmente en las \u00e1reas protegidas, donde se ha registrado una p\u00e9rdida del 25% de la cobertura forestal debido a la conversi\u00f3n de bosques en pastos (2). Este proceso se ha convertido en uno de los principales <strong>impulsores de la deforestaci\u00f3n<\/strong> en la regi\u00f3n.<\/p>\n<p>El presente estudio se centra en <strong>zonas prioritarias de conservaci\u00f3n<\/strong> ubicadas dentro del Corredor Llanganates\u2013Sangay (CELS) y el Parque Nacional Sangay, en las provincias de Pastaza y Morona Santiago, territorios que evidencian un notable avance de los pastos sobre bosques nativos.<\/p>\n<p>Su <strong>objetivo<\/strong> es cuantificar y alertar sobre la p\u00e9rdida del bosque nativo asociada a la expansi\u00f3n de los pastos, con el fin de generar informaci\u00f3n t\u00e9cnica que respalde el dise\u00f1o e implementaci\u00f3n de estrategias efectivas para la conservaci\u00f3n, restauraci\u00f3n y manejo sostenible del territorio amaz\u00f3nico.<\/p>\n<p>En este contexto, el <strong>Corredor de Conectividad Ecol\u00f3gica Llanganates\u2013Sangay<\/strong> (CELS) constituye un espacio estrat\u00e9gico, al enlazar el Parque Nacional Llanganates con el Parque Nacional Sangay e integrar diversas \u00e1reas de conservaci\u00f3n bajo distintos esquemas de manejo (3). Este corredor ha sido identificado como una zona clave para la conservaci\u00f3n (4).<\/p>\n<p>Por su parte, el <strong>Parque Nacional Sangay<\/strong>, una de las \u00e1reas protegidas m\u00e1s extensas y diversas del Ecuador, alberga una rica variedad de ecosistemas y especies. Sin embargo, enfrenta crecientes amenazas por la expansi\u00f3n agropecuaria, los incendios y la p\u00e9rdida de cobertura vegetal, que han provocado la fragmentaci\u00f3n del paisaje y la reducci\u00f3n de la biodiversidad (5).<\/p>\n<p>&nbsp;<\/p>\n<p>&nbsp;<\/p>\n<p>&nbsp;<\/p>\n<p>&nbsp;<\/p>\n<div class=\"fitem-sep\"><\/div>\n<h3><b><span data-contrast=\"auto\">Casos de Estudio<\/span><\/b><span data-ccp-props=\"{&quot;201341983&quot;:0,&quot;335551550&quot;:6,&quot;335551620&quot;:6,&quot;335559739&quot;:0,&quot;335559740&quot;:276}\">\u00a0<\/span><\/h3>\n<p><span data-contrast=\"auto\">Seleccionamos <\/span><b><span data-contrast=\"auto\">dos casos de estudio<\/span><\/b><span data-contrast=\"auto\"> ubicados en el Corredor de Conectividad Llanganates-Sangay y en el Parque Nacional Sangay, dentro de las provincias de Pastaza y Morona Santiago. Estos casos permiten evidenciar la <\/span><b><span data-contrast=\"auto\">expansi\u00f3n de los pastos<\/span><\/b><span data-contrast=\"auto\"> y su consecuente impacto en la p\u00e9rdida de cobertura forestal durante el per\u00edodo 2023-2025.<\/span><span data-ccp-props=\"{&quot;335551550&quot;:6,&quot;335551620&quot;:6}\">\u00a0<\/span><\/p>\n<p><em><b>Caso 1: Corredor de Conectividad Llanganates-Sangay<\/b>\u00a0<\/em><\/p>\n<div id=\"attachment_27085\" class=\"thumbnail alignright\"><img decoding=\"async\" class=\"wp-image-27085 size-large\" src=\"https:\/\/www.maapprogram.org\/wp-content\/uploads\/2025\/12\/CASO-1_V4-1024x796.png\" alt=\"\" width=\"640\" height=\"498\" srcset=\"https:\/\/www.maapprogram.org\/wp-content\/uploads\/2025\/12\/CASO-1_V4-1024x796.png 1024w, https:\/\/www.maapprogram.org\/wp-content\/uploads\/2025\/12\/CASO-1_V4-300x233.png 300w, https:\/\/www.maapprogram.org\/wp-content\/uploads\/2025\/12\/CASO-1_V4-768x597.png 768w, https:\/\/www.maapprogram.org\/wp-content\/uploads\/2025\/12\/CASO-1_V4-1536x1195.png 1536w, https:\/\/www.maapprogram.org\/wp-content\/uploads\/2025\/12\/CASO-1_V4-2048x1593.png 2048w\" sizes=\"(max-width: 640px) 100vw, 640px\" \/><div class=\"caption\">Caso 1. Datos: EcoCiencia, Planet<\/div><\/div>\n<p><span data-contrast=\"auto\" data-wp-editing=\"1\">El Caso 1 se localiza en el Corredor de Conectividad Llanganates-Sangay (CELS), un eje ecol\u00f3gico estrat\u00e9gico que enlaza el Parque Nacional Llanganates, al norte, con el Parque Nacional Sangay, al sur.\u00a0<\/span><span data-ccp-props=\"{&quot;335551550&quot;:6,&quot;335551620&quot;:6}\">\u00a0<\/span><\/p>\n<p><span data-contrast=\"auto\">El Corredor de Conectividad Ecol\u00f3gica Llanganates\u2013Sangay (CELS) ha sido objeto de investigaciones cient\u00edficas por m\u00e1s de 150 a\u00f1os, revelando hallazgos de gran relevancia. <\/span><\/p>\n<p><span data-contrast=\"auto\">De hecho, supera a las Islas Gal\u00e1pagos en diversidad bot\u00e1nica y concentra cerca de 700 especies de aves y 285 especies de reptiles y anfibios, cifras que exceden incluso los registros del Parque Nacional Yasun\u00ed dentro del corredor (Jaramillo et al., 2025).<\/span><span data-ccp-props=\"{&quot;335551550&quot;:6,&quot;335551620&quot;:6}\">\u00a0<\/span><\/p>\n<p><span data-contrast=\"auto\">No obstante, la creciente presi\u00f3n derivada de las actividades humanas principalmente la ganader\u00eda ha provocado transformaciones significativas en el paisaje.<\/span><\/p>\n<p>&nbsp;<\/p>\n<p>&nbsp;<\/p>\n<p>&nbsp;<\/p>\n<div class=\"fitem-sep\"><\/div>\n<div id=\"attachment_27095\" class=\"thumbnail alignright\"><img decoding=\"async\" class=\"wp-image-27095 size-large\" src=\"https:\/\/www.maapprogram.org\/wp-content\/uploads\/2025\/12\/Grafico-1_V6-1024x616.png\" alt=\"\" width=\"640\" height=\"385\" srcset=\"https:\/\/www.maapprogram.org\/wp-content\/uploads\/2025\/12\/Grafico-1_V6-1024x616.png 1024w, https:\/\/www.maapprogram.org\/wp-content\/uploads\/2025\/12\/Grafico-1_V6-300x180.png 300w, https:\/\/www.maapprogram.org\/wp-content\/uploads\/2025\/12\/Grafico-1_V6-768x462.png 768w, https:\/\/www.maapprogram.org\/wp-content\/uploads\/2025\/12\/Grafico-1_V6-1536x924.png 1536w, https:\/\/www.maapprogram.org\/wp-content\/uploads\/2025\/12\/Grafico-1_V6-2048x1231.png 2048w\" sizes=\"(max-width: 640px) 100vw, 640px\" \/><div class=\"caption\">Gr\u00e1fico 1. Corredor de Conectividad Llanganates-Sangay. Datos: Fundaci\u00f3n EcoCiencia<\/div><\/div>\n<p><span data-contrast=\"auto\">El <strong>Gr\u00e1fico 1<\/strong> evidencia la tendencia de esta expansi\u00f3n: hasta 2023 se acumulaban 92 hect\u00e1reas intervenidas, cifra que aument\u00f3 a 119 hect\u00e1reas en 2024 y alcanz\u00f3 136 hect\u00e1reas hasta julio de 2025. <\/span><\/p>\n<p><span data-contrast=\"auto\">Aunque el valor parcial registrado en 2025 es menor al del a\u00f1o anterior, ya representa m\u00e1s del 60% de la superficie intervenida en 2024, lo que anticipa un incremento considerable hacia finales del a\u00f1o.<\/span><span data-ccp-props=\"{&quot;335551550&quot;:6,&quot;335551620&quot;:6}\">\u00a0<\/span><\/p>\n<p><span class=\"TextRun SCXW201756751 BCX0\" lang=\"ES-EC\" xml:lang=\"ES-EC\" data-contrast=\"auto\"><span class=\"NormalTextRun SCXW201756751 BCX0\">Cabe destacar que tambi\u00e9n se detectaron 0,82 hect\u00e1reas de pastos dentro de los l\u00edmites del Parque Nacional Llanganates, lo que evidencia la expansi\u00f3n de esta actividad incluso en \u00e1reas con el m\u00e1s alto nivel de protecci\u00f3n.<\/span><\/span><span class=\"EOP SCXW201756751 BCX0\" data-ccp-props=\"{&quot;335551550&quot;:6,&quot;335551620&quot;:6}\">\u00a0<\/span><\/p>\n<p>&nbsp;<\/p>\n<p>&nbsp;<\/p>\n<p>&nbsp;<\/p>\n<div class=\"fitem-sep\"><\/div>\n<p><span class=\"TextRun SCXW204529411 BCX0\" lang=\"ES-EC\" xml:lang=\"ES-EC\" data-contrast=\"auto\"><span class=\"NormalTextRun SCXW204529411 BCX0\">El Recuadro A evidencia la expansi\u00f3n de los pastos entre octubre de 2022 (panel izquierdo) y julio de 2025 (panel derecho). <\/span><\/span><span class=\"TextRun SCXW204529411 BCX0\" lang=\"ES-EC\" xml:lang=\"ES-EC\" data-contrast=\"auto\"><span class=\"NormalTextRun SCXW204529411 BCX0\">En este per\u00edodo se observan cambios significativos en la cobertura vegetal, as\u00ed como afectaciones en las riberas del r\u00edo <\/span><span class=\"NormalTextRun SpellingErrorV2Themed SCXW204529411 BCX0\">Anzu<\/span><span class=\"NormalTextRun SCXW204529411 BCX0\">.<\/span><\/span><span class=\"EOP SCXW204529411 BCX0\" data-ccp-props=\"{&quot;335551550&quot;:6,&quot;335551620&quot;:6}\">\u00a0<\/span><\/p>\n<div id=\"attachment_27098\" class=\"thumbnail aligncenter\"><img decoding=\"async\" class=\"wp-image-27098 \" src=\"https:\/\/www.maapprogram.org\/wp-content\/uploads\/2025\/12\/Panel-A_V6-1024x566.png\" alt=\"\" width=\"975\" height=\"539\" srcset=\"https:\/\/www.maapprogram.org\/wp-content\/uploads\/2025\/12\/Panel-A_V6-1024x566.png 1024w, https:\/\/www.maapprogram.org\/wp-content\/uploads\/2025\/12\/Panel-A_V6-300x166.png 300w, https:\/\/www.maapprogram.org\/wp-content\/uploads\/2025\/12\/Panel-A_V6-768x424.png 768w, https:\/\/www.maapprogram.org\/wp-content\/uploads\/2025\/12\/Panel-A_V6-1536x849.png 1536w, https:\/\/www.maapprogram.org\/wp-content\/uploads\/2025\/12\/Panel-A_V6-2048x1132.png 2048w\" sizes=\"(max-width: 975px) 100vw, 975px\" \/><div class=\"caption\">Recuadro Caso 1. Datos: EcoCiencia; Planet.<\/div><\/div>\n<div class=\"fitem-sep\"><\/div>\n<p><em><b>Caso 2: <\/b><span aria-label=\"Rich text content control\"><b>\u200b<\/b><b>Parque Nacional Sangay <\/b><b>\u200b<\/b><\/span>\u00a0<\/em><\/p>\n<div id=\"attachment_27102\" class=\"thumbnail alignright\"><img decoding=\"async\" class=\"wp-image-27102 size-large\" src=\"https:\/\/www.maapprogram.org\/wp-content\/uploads\/2025\/12\/CASO-2_V6-1024x796.png\" alt=\"\" width=\"640\" height=\"498\" srcset=\"https:\/\/www.maapprogram.org\/wp-content\/uploads\/2025\/12\/CASO-2_V6-1024x796.png 1024w, https:\/\/www.maapprogram.org\/wp-content\/uploads\/2025\/12\/CASO-2_V6-300x233.png 300w, https:\/\/www.maapprogram.org\/wp-content\/uploads\/2025\/12\/CASO-2_V6-768x597.png 768w, https:\/\/www.maapprogram.org\/wp-content\/uploads\/2025\/12\/CASO-2_V6-1536x1194.png 1536w, https:\/\/www.maapprogram.org\/wp-content\/uploads\/2025\/12\/CASO-2_V6-2048x1593.png 2048w\" sizes=\"(max-width: 640px) 100vw, 640px\" \/><div class=\"caption\">Caso 2. Datos: EcoCiencia, Planet<\/div><\/div>\n<p><span data-contrast=\"auto\">El Caso 2 se ubica dentro del Parque Nacional Sangay, \u00e1rea protegida declarada Patrimonio Natural de la Humanidad por la UNESCO en 1983, reconocida por su extraordinaria biodiversidad y alto valor ecol\u00f3gico (Jaramillo et al., 2025). <\/span><\/p>\n<p><span data-contrast=\"auto\">En este espacio se realiz\u00f3 el monitoreo satelital dentro de un \u00e1rea de an\u00e1lisis delimitada, registr\u00e1ndose hasta 2023 un total de 566 hect\u00e1reas intervenidas, cifra que aument\u00f3 a 649 hect\u00e1reas en 2024 y alcanz\u00f3 806 hect\u00e1reas hasta julio de 2025.\u00a0<\/span><\/p>\n<p>&nbsp;<\/p>\n<p>&nbsp;<\/p>\n<p>&nbsp;<\/p>\n<p>&nbsp;<\/p>\n<p>&nbsp;<\/p>\n<p>&nbsp;<\/p>\n<p>&nbsp;<\/p>\n<p>&nbsp;<\/p>\n<div class=\"fitem-sep\"><\/div>\n<div id=\"attachment_27105\" class=\"thumbnail alignright\"><img decoding=\"async\" class=\"wp-image-27105 size-large\" src=\"https:\/\/www.maapprogram.org\/wp-content\/uploads\/2025\/12\/Grafico-2_V6-1024x643.png\" alt=\"\" width=\"640\" height=\"402\" srcset=\"https:\/\/www.maapprogram.org\/wp-content\/uploads\/2025\/12\/Grafico-2_V6-1024x643.png 1024w, https:\/\/www.maapprogram.org\/wp-content\/uploads\/2025\/12\/Grafico-2_V6-300x188.png 300w, https:\/\/www.maapprogram.org\/wp-content\/uploads\/2025\/12\/Grafico-2_V6-768x482.png 768w, https:\/\/www.maapprogram.org\/wp-content\/uploads\/2025\/12\/Grafico-2_V6-1536x965.png 1536w, https:\/\/www.maapprogram.org\/wp-content\/uploads\/2025\/12\/Grafico-2_V6-2048x1286.png 2048w\" sizes=\"(max-width: 640px) 100vw, 640px\" \/><div class=\"caption\">Gr\u00e1fico 2. Caso 2: Parque Nacional Sangay (2023-2025). Datos: Fundaci\u00f3n EcoCiencia<\/div><\/div>\n<p><span data-contrast=\"auto\">Estos resultados evidencian una aceleraci\u00f3n preocupante en la expansi\u00f3n de los pastos dentro del \u00e1rea protegida, lo que pone en riesgo la integridad ecol\u00f3gica del parque y la efectividad de sus objetivos de conservaci\u00f3n (ver Gr\u00e1fico 2).<\/span><span data-ccp-props=\"{&quot;335551550&quot;:6,&quot;335551620&quot;:6}\">\u00a0<\/span><\/p>\n<p>&nbsp;<\/p>\n<p>&nbsp;<\/p>\n<p>&nbsp;<\/p>\n<p>&nbsp;<\/p>\n<p>&nbsp;<\/p>\n<p>&nbsp;<\/p>\n<p>&nbsp;<\/p>\n<p>&nbsp;<\/p>\n<div class=\"fitem-sep\"><\/div>\n<p><span class=\"TextRun SCXW236158244 BCX0\" lang=\"ES-EC\" xml:lang=\"ES-EC\" data-contrast=\"auto\"><span class=\"NormalTextRun SCXW236158244 BCX0\">El Recuadro B muestra la expansi\u00f3n de los pastos entre noviembre de 2022 (panel izquierdo) y julio de 2025 (panel derecho), evidenciando cambios significativos en la cobertura vegetal durante este per\u00edodo. Asimismo, se observa la <\/span><span class=\"NormalTextRun SCXW236158244 BCX0\">presencia<\/span><span class=\"NormalTextRun SCXW236158244 BCX0\"> de v\u00edas que funcionan como accesos directos hacia los past<\/span><span class=\"NormalTextRun SCXW236158244 BCX0\">os<\/span><span class=\"NormalTextRun SCXW236158244 BCX0\">, facilitando su expansi\u00f3n y potenciando los procesos de deforestaci\u00f3n en el \u00e1rea.<\/span><\/span><span class=\"EOP SCXW236158244 BCX0\" data-ccp-props=\"{&quot;335551550&quot;:6,&quot;335551620&quot;:6}\">\u00a0<\/span><\/p>\n<div id=\"attachment_27108\" class=\"thumbnail aligncenter\"><img decoding=\"async\" class=\"wp-image-27108\" src=\"https:\/\/www.maapprogram.org\/wp-content\/uploads\/2025\/12\/Panel-B_V6-1024x566.png\" alt=\"\" width=\"1010\" height=\"558\" srcset=\"https:\/\/www.maapprogram.org\/wp-content\/uploads\/2025\/12\/Panel-B_V6-1024x566.png 1024w, https:\/\/www.maapprogram.org\/wp-content\/uploads\/2025\/12\/Panel-B_V6-300x166.png 300w, https:\/\/www.maapprogram.org\/wp-content\/uploads\/2025\/12\/Panel-B_V6-768x424.png 768w, https:\/\/www.maapprogram.org\/wp-content\/uploads\/2025\/12\/Panel-B_V6-1536x849.png 1536w, https:\/\/www.maapprogram.org\/wp-content\/uploads\/2025\/12\/Panel-B_V6-2048x1132.png 2048w\" sizes=\"(max-width: 1010px) 100vw, 1010px\" \/><div class=\"caption\">Recuadro Caso 2. Datos: EcoCiencia; Planet.<\/div><\/div>\n<div class=\"fitem-sep\"><\/div>\n<h3><b><span data-contrast=\"auto\">Recomendaciones pol\u00edticas p<\/span><\/b><b><span data-contrast=\"auto\">ara la pol\u00edtica\u202fp\u00fablica<\/span><\/b><span data-ccp-props=\"{&quot;201341983&quot;:0,&quot;335551550&quot;:6,&quot;335551620&quot;:6,&quot;335559739&quot;:0,&quot;335559740&quot;:276}\">\u00a0<\/span><\/h3>\n<p><em><strong><span class=\"TextRun SCXW138333775 BCX0\" lang=\"ES-EC\" xml:lang=\"ES-EC\" data-contrast=\"auto\"><span class=\"NormalTextRun CommentStart CommentHighlightPipeRest CommentHighlightRest SCXW138333775 BCX0\">1. Fortalecimiento del Sis<\/span><span class=\"NormalTextRun CommentHighlightRest SCXW138333775 BCX0\">tema de trazabilidad de la ganader\u00eda<\/span><\/span><span class=\"EOP CommentHighlightPipeRest SCXW138333775 BCX0\" data-ccp-props=\"{&quot;335551550&quot;:6,&quot;335551620&quot;:6}\">\u00a0<\/span><\/strong><\/em><\/p>\n<div id=\"attachment_27121\" class=\"thumbnail alignright\"><img decoding=\"async\" class=\"wp-image-27121 \" src=\"https:\/\/www.maapprogram.org\/wp-content\/uploads\/2025\/12\/ganaderia-solidaridad-tfa.jpg\" alt=\"\" width=\"693\" height=\"390\" srcset=\"https:\/\/www.maapprogram.org\/wp-content\/uploads\/2025\/12\/ganaderia-solidaridad-tfa.jpg 830w, https:\/\/www.maapprogram.org\/wp-content\/uploads\/2025\/12\/ganaderia-solidaridad-tfa-300x169.jpg 300w, https:\/\/www.maapprogram.org\/wp-content\/uploads\/2025\/12\/ganaderia-solidaridad-tfa-768x432.jpg 768w\" sizes=\"(max-width: 693px) 100vw, 693px\" \/><div class=\"caption\">Foto: Fundaci\u00f3n EcoCiencia<\/div><\/div>\n<p><span class=\"TextRun SCXW105695934 BCX0\" lang=\"ES-EC\" xml:lang=\"ES-EC\" data-contrast=\"auto\"><span class=\"NormalTextRun SCXW105695934 BCX0\">La Constituci\u00f3n de la Rep\u00fablica del Ecuador (art. 276) de desarrollo tiene entre sus objetivos, recuperar y conservar la naturaleza y mantener un ambiente sano, sustentable que garantice a las personas y colectividades el acceso equitativo, permanente y calidad al agua, aire y suelo, y a los beneficiarios de los recursos del subsuelo y del patrimonio natural. En concordancia con este mandato, la RESOLUCI\u00d3N No. CIPCS-2024-002 crea el Subcomit\u00e9 de Deforestaci\u00f3n, asign\u00e1ndole a trav\u00e9s de su Art\u00edculo 26 la responsabilidad de coordinar las acciones interinstitucionales a fin de contar con un mecanismo que permita la identificaci\u00f3n de las \u00e1reas de producci\u00f3n en las que se pueda verificar la no deforestaci\u00f3n, en cumplimiento de las normas internacionales.<\/span><\/span><span class=\"EOP SCXW105695934 BCX0\" data-ccp-props=\"{&quot;335551550&quot;:6,&quot;335551620&quot;:6,&quot;335559738&quot;:240,&quot;335559739&quot;:240}\">\u00a0<\/span><\/p>\n<p><span class=\"TextRun SCXW34857213 BCX0\" lang=\"ES-EC\" xml:lang=\"ES-EC\" data-contrast=\"auto\"><span class=\"NormalTextRun SCXW34857213 BCX0\">En este contexto, y considerando que los pastizales cumplen principalmente funciones de provisi\u00f3n de forraje pero que su expansi\u00f3n contin\u00faa asoci\u00e1ndose a procesos de deforestaci\u00f3n en \u00e1reas de alto valor ecol\u00f3gico, se recomienda fortalecer el sistema nacional de trazabilidad existente<\/span><\/span> <span class=\"TrackChangeTextInsertion TrackedChange SCXW34857213 BCX0\"><span class=\"TextRun SCXW34857213 BCX0\" lang=\"ES-EC\" xml:lang=\"ES-EC\" data-contrast=\"auto\"><span class=\"NormalTextRun CommentStart CommentHighlightPipeRest CommentHighlightRest SCXW34857213 BCX0\">con criterio<\/span><\/span><\/span><span class=\"TrackChangeTextInsertion TrackedChange SCXW34857213 BCX0\"><span class=\"TextRun SCXW34857213 BCX0\" lang=\"ES-EC\" xml:lang=\"ES-EC\" data-contrast=\"auto\"><span class=\"NormalTextRun CommentHighlightRest SCXW34857213 BCX0\">s ambientales y de <\/span><\/span><\/span><span class=\"TrackChangeTextInsertion TrackedChange SCXW34857213 BCX0\"><span class=\"TextRun SCXW34857213 BCX0\" lang=\"ES-EC\" xml:lang=\"ES-EC\" data-contrast=\"auto\"><span class=\"NormalTextRun CommentHighlightRest SCXW34857213 BCX0\">tenencia de la tierra<\/span><\/span><\/span><span class=\"TextRun SCXW34857213 BCX0\" lang=\"ES-EC\" xml:lang=\"ES-EC\" data-contrast=\"auto\"><span class=\"NormalTextRun CommentHighlightPipeRest SCXW34857213 BCX0\">.<\/span> <span class=\"NormalTextRun CommentStart CommentHighlightPipeRest CommentHighlightRest SCXW34857213 BCX0\">Este fortalecimiento debe priorizar la interoperabilidad entre las plataformas y visor<\/span><span class=\"NormalTextRun CommentHighlightRest SCXW34857213 BCX0\">es<\/span><span class=\"NormalTextRun CommentHighlightRest SCXW34857213 BCX0\"> geogr\u00e1fico<\/span><span class=\"NormalTextRun CommentHighlightRest SCXW34857213 BCX0\">s<\/span><span class=\"NormalTextRun CommentHighlightRest SCXW34857213 BCX0\"> estatales, la verificaci\u00f3n obligatoria de no deforestaci\u00f3n para todas las unidades productivas (incluidos peque\u00f1os y grandes productores y comercializadores) y la implementaci\u00f3n de mecanismos de alerta temprana basados en monitoreo satelital.<\/span><\/span><span class=\"EOP CommentHighlightPipeRest SCXW34857213 BCX0\" data-ccp-props=\"{&quot;335551550&quot;:6,&quot;335551620&quot;:6,&quot;335559738&quot;:240,&quot;335559739&quot;:240}\">\u00a0<\/span><\/p>\n<div class=\"fitem-sep\"><\/div>\n<p><em><b>2. Ordenamiento territorial y control de la expansi\u00f3n vial<\/b>\u00a0<\/em><\/p>\n<div id=\"attachment_27114\" class=\"thumbnail alignright\"><img decoding=\"async\" class=\"wp-image-27114 size-full\" src=\"https:\/\/www.maapprogram.org\/wp-content\/uploads\/2025\/12\/Imagen2.jpg\" alt=\"\" width=\"480\" height=\"509\" srcset=\"https:\/\/www.maapprogram.org\/wp-content\/uploads\/2025\/12\/Imagen2.jpg 480w, https:\/\/www.maapprogram.org\/wp-content\/uploads\/2025\/12\/Imagen2-283x300.jpg 283w\" sizes=\"(max-width: 480px) 100vw, 480px\" \/><div class=\"caption\">Foto: Fundaci\u00f3n EcoCiencia<\/div><\/div>\n<p><span data-contrast=\"auto\">La <\/span><b><span data-contrast=\"auto\">Constituci\u00f3n de la Rep\u00fablica del Ecuador<\/span><\/b><span data-contrast=\"auto\">, en su art\u00edculo 409, reconoce la conservaci\u00f3n del suelo como un asunto de inter\u00e9s p\u00fablico y de prioridad nacional. <\/span><\/p>\n<p><span data-contrast=\"auto\">De igual forma, <\/span><b><span data-contrast=\"auto\">la Ley Org\u00e1nica de Ordenamiento Territorial, Uso y Gesti\u00f3n de Suelo (LOOTUGS)<\/span><\/b><span data-contrast=\"auto\">, en sus art\u00edculos 10 y 19, establece que el ordenamiento territorial debe garantizar la protecci\u00f3n del patrimonio natural y cultural, restringiendo la construcci\u00f3n y el fraccionamiento en zonas de especial valor biof\u00edsico, ambiental o de riesgo. <\/span><\/p>\n<p><span data-contrast=\"auto\">Por su parte, el <\/span><b><span data-contrast=\"auto\">C\u00f3digo Org\u00e1nico del Ambiente (COA)<\/span><\/b><span data-contrast=\"auto\">, en su art\u00edculo 318, tipifica como infracci\u00f3n muy grave la construcci\u00f3n de obras de infraestructura dentro de \u00e1reas protegidas sin autorizaci\u00f3n, sancionando estas pr\u00e1cticas con multas.<\/span><span data-ccp-props=\"{&quot;201341983&quot;:0,&quot;335551550&quot;:6,&quot;335551620&quot;:6,&quot;335559740&quot;:278}\">\u00a0<\/span><\/p>\n<p><span data-contrast=\"auto\">En este sentido, recomendamos establecer lineamientos claros para la construcci\u00f3n de infraestructura vial en zonas de alta fragilidad ecol\u00f3gica, priorizando procesos de consulta comunitaria y estudios de impacto ambiental.<\/span><span data-ccp-props=\"{&quot;201341983&quot;:0,&quot;335551550&quot;:6,&quot;335551620&quot;:6,&quot;335559740&quot;:278}\">\u00a0<\/span><\/p>\n<p>&nbsp;<\/p>\n<p>&nbsp;<\/p>\n<p>&nbsp;<\/p>\n<p>&nbsp;<\/p>\n<div class=\"fitem-sep\"><\/div>\n<h4><em><b>3. Protecci\u00f3n de fuentes h\u00eddricas y mecanismos financieros innovadores<\/b>\u00a0<\/em><\/h4>\n<div id=\"attachment_27124\" class=\"thumbnail alignright\"><img decoding=\"async\" class=\"wp-image-27124 size-large\" src=\"https:\/\/www.maapprogram.org\/wp-content\/uploads\/2025\/12\/Ganaderia-3-1024x769.jpg\" alt=\"\" width=\"640\" height=\"481\" srcset=\"https:\/\/www.maapprogram.org\/wp-content\/uploads\/2025\/12\/Ganaderia-3-1024x769.jpg 1024w, https:\/\/www.maapprogram.org\/wp-content\/uploads\/2025\/12\/Ganaderia-3-300x225.jpg 300w, https:\/\/www.maapprogram.org\/wp-content\/uploads\/2025\/12\/Ganaderia-3-768x577.jpg 768w, https:\/\/www.maapprogram.org\/wp-content\/uploads\/2025\/12\/Ganaderia-3-1536x1153.jpg 1536w, https:\/\/www.maapprogram.org\/wp-content\/uploads\/2025\/12\/Ganaderia-3-2048x1538.jpg 2048w\" sizes=\"(max-width: 640px) 100vw, 640px\" \/><div class=\"caption\">Foto: Fundaci\u00f3n EcoCiencia<\/div><\/div>\n<p><span data-contrast=\"auto\">La <\/span><b><span data-contrast=\"auto\">Constituci\u00f3n de la Rep\u00fablica del Ecuador<\/span><\/b><span data-contrast=\"auto\">, en su art\u00edculo 397 y 407, dispone que el Estado debe actuar de manera inmediata y subsidiaria frente a da\u00f1os ambientales, garantizando la restauraci\u00f3n de los ecosistemas y repitiendo contra los responsables los costos de la reparaci\u00f3n integral. <\/span><\/p>\n<p><span data-contrast=\"auto\">Por su parte, el <\/span><b><span data-contrast=\"auto\">C\u00f3digo Org\u00e1nico del Ambiente (COA)<\/span><\/b><span data-contrast=\"auto\">, en su art\u00edculo 154, promueve la forestaci\u00f3n y reforestaci\u00f3n en espacios p\u00fablicos con criterios t\u00e9cnicos, ecol\u00f3gicos y socioculturales, priorizando especies nativas que fortalezcan los corredores ecol\u00f3gicos y la conectividad de la fauna.<\/span><span data-ccp-props=\"{&quot;201341983&quot;:0,&quot;335551550&quot;:6,&quot;335551620&quot;:6,&quot;335559740&quot;:278}\">\u00a0<\/span><\/p>\n<p><span data-contrast=\"auto\">En este marco, recomendamos implementar programas de incentivos para la regeneraci\u00f3n natural de \u00e1reas degradadas y promover la compra de tierras por parte de gobiernos seccionales con fines de conservaci\u00f3n de fuentes h\u00eddricas.\u00a0<\/span><span data-ccp-props=\"{&quot;201341983&quot;:0,&quot;335551550&quot;:1,&quot;335551620&quot;:1,&quot;335559740&quot;:278}\">\u00a0<\/span><\/p>\n<p><span data-contrast=\"auto\">Asimismo, se sugiere fomentar la creaci\u00f3n de <\/span><b><span data-contrast=\"auto\">Fondos de Agua<\/span><\/b><span data-contrast=\"auto\"> en la Amazon\u00eda ecuatoriana, como mecanismos financieros que canalicen aportes de los sectores beneficiarios del recurso h\u00eddrico hacia la protecci\u00f3n de cuencas y la sostenibilidad de los ecosistemas.<\/span><span data-ccp-props=\"{&quot;201341983&quot;:0,&quot;335551550&quot;:1,&quot;335551620&quot;:1,&quot;335559740&quot;:278}\">\u00a0<\/span><\/p>\n<p>&nbsp;<\/p>\n<p>&nbsp;<\/p>\n<div class=\"fitem-sep\"><\/div>\n<h4><em><b>4. Educaci\u00f3n ambiental y fortalecimiento comunitario<\/b>\u00a0<\/em><\/h4>\n<div id=\"attachment_27127\" class=\"thumbnail alignright\"><img decoding=\"async\" class=\"wp-image-27127\" src=\"https:\/\/www.maapprogram.org\/wp-content\/uploads\/2025\/12\/cultivate.jpg\" alt=\"\" width=\"636\" height=\"370\" srcset=\"https:\/\/www.maapprogram.org\/wp-content\/uploads\/2025\/12\/cultivate.jpg 1024w, https:\/\/www.maapprogram.org\/wp-content\/uploads\/2025\/12\/cultivate-300x175.jpg 300w, https:\/\/www.maapprogram.org\/wp-content\/uploads\/2025\/12\/cultivate-768x447.jpg 768w\" sizes=\"(max-width: 636px) 100vw, 636px\" \/><div class=\"caption\">Foto: Fundaci\u00f3n EcoCiencia<\/div><\/div>\n<p><span data-contrast=\"auto\">La <\/span><b><span data-contrast=\"auto\">Constituci\u00f3n de la Rep\u00fablica del Ecuador<\/span><\/b><span data-contrast=\"auto\"> (art. 27) establece que la educaci\u00f3n debe garantizar el desarrollo integral de las personas, fomentando el respeto a los derechos humanos, la democracia y un medio ambiente sustentable. En concordancia, el <\/span><b><span data-contrast=\"auto\">C\u00f3digo Org\u00e1nico del Ambiente (COA) <\/span><\/b><span data-contrast=\"auto\">dispone en su art\u00edculo 16 que la educaci\u00f3n ambiental sea un eje transversal en todos los niveles de ense\u00f1anza, orientado a generar conciencia, valores y conductas para la protecci\u00f3n del ambiente y el desarrollo sostenible. A su vez, el art\u00edculo 28 otorga a los Gobiernos Aut\u00f3nomos Descentralizados Parroquiales Rurales la facultad de implementar planes y proyectos de conservaci\u00f3n y restauraci\u00f3n forestal, as\u00ed como promover la educaci\u00f3n y la participaci\u00f3n ciudadana en la defensa de los derechos ambientales y de la naturaleza.<\/span><span data-ccp-props=\"{&quot;335551550&quot;:6,&quot;335551620&quot;:6}\">\u00a0<\/span><\/p>\n<p><span class=\"TextRun SCXW228226202 BCX0\" lang=\"ES-EC\" xml:lang=\"ES-EC\" data-contrast=\"auto\"><span class=\"NormalTextRun SCXW228226202 BCX0\">Por tanto, <\/span><span class=\"NormalTextRun SCXW228226202 BCX0\">recomendamos<\/span><span class=\"NormalTextRun SCXW228226202 BCX0\"> impulsar programas de educaci\u00f3n integral que articulen la conservaci\u00f3n ambiental con la mejora de los medios de vida, incorporando dimensiones sociales y culturales como el deporte, la gastronom\u00eda, las artes, los oficios y las finanzas personales, para generar espacios de aprendizaje participativo y adaptados a la realidad local.<\/span><\/span><span class=\"EOP SCXW228226202 BCX0\" data-ccp-props=\"{&quot;335551550&quot;:6,&quot;335551620&quot;:6}\">\u00a0<\/span><\/p>\n<div class=\"fitem-sep\"><\/div>\n<h3><strong>Notes<\/strong><\/h3>\n<p>(1) Fuente: MAE, 2016. Es decir, \u00e1reas donde la cobertura natural ha sido modificada, eliminada o reemplazada por otras coberturas vegetales con fines agropecuarios. En estos espacios se presentan agrupaciones de especies cultivadas destinadas a la producci\u00f3n de alimentos, fibras o forraje (MapBiomas, 2025).<\/p>\n<p>(2) Fuente: Jaramillo et al., 2025.<\/p>\n<p>(3) Los corredores de conectividad son \u00e1reas especiales para la conservaci\u00f3n de la biodiversidad, que primordialmente se establecer\u00e1n entre las \u00e1reas del Sistema Nacional de \u00c1reas Protegidas, Patrimonio Forestal Nacional y otras \u00e1reas especiales para la conservaci\u00f3n de la biodiversidad, bajo un enfoque de gesti\u00f3n sostenible de paisajes.<\/p>\n<p>(4) Debido a su ubicaci\u00f3n estrat\u00e9gica, su papel en la regulaci\u00f3n del ciclo h\u00eddrico, la riqueza de su biodiversidad, la variedad de h\u00e1bitats y ecosistemas presentes, as\u00ed como por las funciones que desempe\u00f1a en el mantenimiento del equilibrio clim\u00e1tico global (Arias et al., 2015).<\/p>\n<p>(5) Estas transformaciones afectan la estructura ecol\u00f3gica y limitan la movilidad de especies como el tapir andino (Tapirus pinchaque), provocando su aislamiento poblacional.<\/p>\n<div class=\"fitem-sep\"><\/div>\n<h3><b><span data-contrast=\"auto\">Metodolog\u00eda<\/span><\/b><span data-ccp-props=\"{&quot;201341983&quot;:0,&quot;335551550&quot;:6,&quot;335551620&quot;:6,&quot;335559739&quot;:0,&quot;335559740&quot;:276}\">\u00a0<\/span><\/h3>\n<p><span data-contrast=\"auto\">Para la identificaci\u00f3n y cuantificaci\u00f3n de pastos se desarroll\u00f3 una herramienta de geoprocesamiento basada en el \u00edndice NDRE, a partir del an\u00e1lisis de im\u00e1genes satelitales PlanetScope de 8 bandas.<\/span><span data-ccp-props=\"{&quot;335551550&quot;:6,&quot;335551620&quot;:6}\">\u00a0<\/span><\/p>\n<div class=\"fitem-sep\"><\/div>\n<h3><b><span data-contrast=\"auto\">Agradecimientos<\/span><\/b><b><span data-contrast=\"auto\">\u202f<\/span><\/b><span data-ccp-props=\"{&quot;335551550&quot;:6,&quot;335551620&quot;:6}\">\u00a0<\/span><\/h3>\n<p><span data-contrast=\"auto\">Expresamos nuestro sincero agradecimiento a Erick Metzler de CONDESAN y a Fernando Esp\u00edndola por sus valiosos aportes en la elaboraci\u00f3n de este informe.<\/span><span data-ccp-props=\"{&quot;335551550&quot;:6,&quot;335551620&quot;:6}\">\u00a0<\/span><\/p>\n<p><span data-contrast=\"auto\">Este informe es parte de una serie enfocada en la Amazon\u00eda ecuatoriana a trav\u00e9s de una colaboraci\u00f3n estrat\u00e9gica entre las organizaciones <\/span><b><span data-contrast=\"auto\">Fundaci\u00f3n EcoCiencia<\/span><\/b><span data-contrast=\"auto\"> y <\/span><b><span data-contrast=\"auto\">Amazon Conservation<\/span><\/b><span data-contrast=\"auto\">, con el apoyo de la Agencia Noruega de Cooperaci\u00f3n para el Desarrollo (<\/span><b><span data-contrast=\"auto\">Norad<\/span><\/b><span data-contrast=\"auto\">).<\/span><span data-ccp-props=\"{&quot;335551550&quot;:6,&quot;335551620&quot;:6}\">\u00a0<\/span><\/p>\n<div class=\"fitem-sep\"><\/div>\n<p><img decoding=\"async\" class=\" wp-image-22072 aligncenter\" src=\"https:\/\/www.maapprogram.org\/wp-content\/uploads\/2024\/04\/ecociencia-1-1024x402.png\" alt=\"Ecociencia Logo\" width=\"446\" height=\"175\" srcset=\"https:\/\/www.maapprogram.org\/wp-content\/uploads\/2024\/04\/ecociencia-1-1024x402.png 1024w, https:\/\/www.maapprogram.org\/wp-content\/uploads\/2024\/04\/ecociencia-1-300x118.png 300w, https:\/\/www.maapprogram.org\/wp-content\/uploads\/2024\/04\/ecociencia-1-768x302.png 768w, https:\/\/www.maapprogram.org\/wp-content\/uploads\/2024\/04\/ecociencia-1-1536x604.png 1536w, https:\/\/www.maapprogram.org\/wp-content\/uploads\/2024\/04\/ecociencia-1-2048x805.png 2048w\" sizes=\"(max-width: 446px) 100vw, 446px\" \/><\/p>\n<div class=\"fitem-sep\"><\/div>\n<p><img decoding=\"async\" class=\" wp-image-23528 aligncenter\" src=\"https:\/\/www.maapprogram.org\/wp-content\/uploads\/2024\/09\/maaproject.org-maap-208-mineria-de-oro-en-la-amazonia-peruana-sur-resumen-2021-2024-Norad-Logo.png\" alt=\"\" width=\"400\" height=\"221\" \/><\/p>\n<div class=\"fitem-sep\"><\/div>\n","protected":false},"excerpt":{"rendered":"<p>En la Amazon\u00eda ecuatoriana, cerca del 75% de la superficie agropecuaria corresponde a pastos (1). Esto significa que, por cada cuatro hect\u00e1reas destinadas a la agricultura, tres se utilizan para la ganader\u00eda. Esta expansi\u00f3n ha generado una creciente presi\u00f3n sobre los ecosistemas naturales, especialmente en las \u00e1reas protegidas, donde se ha registrado una p\u00e9rdida del [&hellip;]<\/p>\n","protected":false},"author":5,"featured_media":0,"comment_status":"closed","ping_status":"closed","sticky":false,"template":"","format":"standard","meta":{"_acf_changed":false,"footnotes":""},"categories":[2],"tags":[],"ftr_agriculture":[357],"carbon-and-climate-change":[],"ftr_country":[399],"fire":[],"infrastructure-threat":[],"land-use":[433],"mining-and-logging-threat":[],"natural-forest-loss":[],"special-analysis":[],"class_list":["post-27064","post","type-post","status-publish","format-standard","hentry","category-sin-categorizar","ftr_agriculture-pasto-para-ganado","ftr_country-ecuador","land-use-areas-protegidas"],"acf":[],"yoast_head":"<!-- This site is optimized with the Yoast SEO plugin v27.3 - https:\/\/yoast.com\/product\/yoast-seo-wordpress\/ -->\n<title>MAAP #236: Deforestaci\u00f3n por Pastizales Crece en \u00c1reas de Conservaci\u00f3n de la Amazon\u00eda Ecuatoriana - MAAP<\/title>\n<meta name=\"robots\" content=\"index, follow, max-snippet:-1, max-image-preview:large, max-video-preview:-1\" \/>\n<link rel=\"canonical\" href=\"https:\/\/www.maapprogram.org\/es\/pastizales-ecuador\/\" \/>\n<meta property=\"og:locale\" content=\"es_ES\" \/>\n<meta property=\"og:type\" content=\"article\" \/>\n<meta property=\"og:title\" content=\"MAAP #236: Deforestaci\u00f3n por Pastizales Crece en \u00c1reas de Conservaci\u00f3n de la Amazon\u00eda Ecuatoriana - MAAP\" \/>\n<meta property=\"og:description\" content=\"En la Amazon\u00eda ecuatoriana, cerca del 75% de la superficie agropecuaria corresponde a pastos (1). Esto significa que, por cada cuatro hect\u00e1reas destinadas a la agricultura, tres se utilizan para la ganader\u00eda. Esta expansi\u00f3n ha generado una creciente presi\u00f3n sobre los ecosistemas naturales, especialmente en las \u00e1reas protegidas, donde se ha registrado una p\u00e9rdida del [&hellip;]\" \/>\n<meta property=\"og:url\" content=\"https:\/\/www.maapprogram.org\/es\/pastizales-ecuador\/\" \/>\n<meta property=\"og:site_name\" content=\"MAAP\" \/>\n<meta property=\"article:published_time\" content=\"2025-12-11T16:21:03+00:00\" \/>\n<meta property=\"article:modified_time\" content=\"2025-12-15T16:25:17+00:00\" \/>\n<meta property=\"og:image\" content=\"https:\/\/www.maapprogram.org\/wp-content\/uploads\/2025\/12\/UBICACION_GENERAL_-V4-724x1024.jpg\" \/>\n<meta name=\"author\" content=\"Matt Finer\" \/>\n<meta name=\"twitter:card\" content=\"summary_large_image\" \/>\n<meta name=\"twitter:label1\" content=\"Escrito por\" \/>\n\t<meta name=\"twitter:data1\" content=\"Matt Finer\" \/>\n\t<meta name=\"twitter:label2\" content=\"Tiempo de lectura\" \/>\n\t<meta name=\"twitter:data2\" content=\"12 minutos\" \/>\n<script type=\"application\/ld+json\" class=\"yoast-schema-graph\">{\"@context\":\"https:\\\/\\\/schema.org\",\"@graph\":[{\"@type\":\"Article\",\"@id\":\"https:\\\/\\\/www.maapprogram.org\\\/es\\\/pastizales-ecuador\\\/#article\",\"isPartOf\":{\"@id\":\"https:\\\/\\\/www.maapprogram.org\\\/es\\\/pastizales-ecuador\\\/\"},\"author\":{\"name\":\"Matt Finer\",\"@id\":\"https:\\\/\\\/www.maapprogram.org\\\/es\\\/#\\\/schema\\\/person\\\/841a54dc1b778a2649b35c55854af44e\"},\"headline\":\"MAAP #236: Deforestaci\u00f3n por Pastizales Crece en \u00c1reas de Conservaci\u00f3n de la Amazon\u00eda Ecuatoriana\",\"datePublished\":\"2025-12-11T16:21:03+00:00\",\"dateModified\":\"2025-12-15T16:25:17+00:00\",\"mainEntityOfPage\":{\"@id\":\"https:\\\/\\\/www.maapprogram.org\\\/es\\\/pastizales-ecuador\\\/\"},\"wordCount\":2088,\"image\":{\"@id\":\"https:\\\/\\\/www.maapprogram.org\\\/es\\\/pastizales-ecuador\\\/#primaryimage\"},\"thumbnailUrl\":\"https:\\\/\\\/www.maapprogram.org\\\/wp-content\\\/uploads\\\/2025\\\/12\\\/UBICACION_GENERAL_-V4-724x1024.jpg\",\"articleSection\":[\"Sin categorizar\"],\"inLanguage\":\"es\"},{\"@type\":\"WebPage\",\"@id\":\"https:\\\/\\\/www.maapprogram.org\\\/es\\\/pastizales-ecuador\\\/\",\"url\":\"https:\\\/\\\/www.maapprogram.org\\\/es\\\/pastizales-ecuador\\\/\",\"name\":\"MAAP #236: Deforestaci\u00f3n por Pastizales Crece en \u00c1reas de Conservaci\u00f3n de la Amazon\u00eda Ecuatoriana - MAAP\",\"isPartOf\":{\"@id\":\"https:\\\/\\\/www.maapprogram.org\\\/es\\\/#website\"},\"primaryImageOfPage\":{\"@id\":\"https:\\\/\\\/www.maapprogram.org\\\/es\\\/pastizales-ecuador\\\/#primaryimage\"},\"image\":{\"@id\":\"https:\\\/\\\/www.maapprogram.org\\\/es\\\/pastizales-ecuador\\\/#primaryimage\"},\"thumbnailUrl\":\"https:\\\/\\\/www.maapprogram.org\\\/wp-content\\\/uploads\\\/2025\\\/12\\\/UBICACION_GENERAL_-V4-724x1024.jpg\",\"datePublished\":\"2025-12-11T16:21:03+00:00\",\"dateModified\":\"2025-12-15T16:25:17+00:00\",\"author\":{\"@id\":\"https:\\\/\\\/www.maapprogram.org\\\/es\\\/#\\\/schema\\\/person\\\/841a54dc1b778a2649b35c55854af44e\"},\"breadcrumb\":{\"@id\":\"https:\\\/\\\/www.maapprogram.org\\\/es\\\/pastizales-ecuador\\\/#breadcrumb\"},\"inLanguage\":\"es\",\"potentialAction\":[{\"@type\":\"ReadAction\",\"target\":[\"https:\\\/\\\/www.maapprogram.org\\\/es\\\/pastizales-ecuador\\\/\"]}]},{\"@type\":\"ImageObject\",\"inLanguage\":\"es\",\"@id\":\"https:\\\/\\\/www.maapprogram.org\\\/es\\\/pastizales-ecuador\\\/#primaryimage\",\"url\":\"https:\\\/\\\/www.maapprogram.org\\\/wp-content\\\/uploads\\\/2025\\\/12\\\/UBICACION_GENERAL_-V4-724x1024.jpg\",\"contentUrl\":\"https:\\\/\\\/www.maapprogram.org\\\/wp-content\\\/uploads\\\/2025\\\/12\\\/UBICACION_GENERAL_-V4-724x1024.jpg\"},{\"@type\":\"BreadcrumbList\",\"@id\":\"https:\\\/\\\/www.maapprogram.org\\\/es\\\/pastizales-ecuador\\\/#breadcrumb\",\"itemListElement\":[{\"@type\":\"ListItem\",\"position\":1,\"name\":\"Home\",\"item\":\"https:\\\/\\\/www.maapprogram.org\\\/es\\\/\"},{\"@type\":\"ListItem\",\"position\":2,\"name\":\"MAAP #236: Deforestaci\u00f3n por Pastizales Crece en \u00c1reas de Conservaci\u00f3n de la Amazon\u00eda Ecuatoriana\"}]},{\"@type\":\"WebSite\",\"@id\":\"https:\\\/\\\/www.maapprogram.org\\\/es\\\/#website\",\"url\":\"https:\\\/\\\/www.maapprogram.org\\\/es\\\/\",\"name\":\"MAAP\",\"description\":\"\",\"potentialAction\":[{\"@type\":\"SearchAction\",\"target\":{\"@type\":\"EntryPoint\",\"urlTemplate\":\"https:\\\/\\\/www.maapprogram.org\\\/es\\\/?s={search_term_string}\"},\"query-input\":{\"@type\":\"PropertyValueSpecification\",\"valueRequired\":true,\"valueName\":\"search_term_string\"}}],\"inLanguage\":\"es\"},{\"@type\":\"Person\",\"@id\":\"https:\\\/\\\/www.maapprogram.org\\\/es\\\/#\\\/schema\\\/person\\\/841a54dc1b778a2649b35c55854af44e\",\"name\":\"Matt Finer\",\"image\":{\"@type\":\"ImageObject\",\"inLanguage\":\"es\",\"@id\":\"https:\\\/\\\/secure.gravatar.com\\\/avatar\\\/21b55495905889a5e7ddf3fe6b37837879eee1e1834fc0b1d6eaed98fe49a987?s=96&d=mm&r=g\",\"url\":\"https:\\\/\\\/secure.gravatar.com\\\/avatar\\\/21b55495905889a5e7ddf3fe6b37837879eee1e1834fc0b1d6eaed98fe49a987?s=96&d=mm&r=g\",\"contentUrl\":\"https:\\\/\\\/secure.gravatar.com\\\/avatar\\\/21b55495905889a5e7ddf3fe6b37837879eee1e1834fc0b1d6eaed98fe49a987?s=96&d=mm&r=g\",\"caption\":\"Matt Finer\"},\"url\":\"https:\\\/\\\/www.maapprogram.org\\\/es\\\/author\\\/mfiner\\\/\"}]}<\/script>\n<!-- \/ Yoast SEO plugin. -->","yoast_head_json":{"title":"MAAP #236: Deforestaci\u00f3n por Pastizales Crece en \u00c1reas de Conservaci\u00f3n de la Amazon\u00eda Ecuatoriana - MAAP","robots":{"index":"index","follow":"follow","max-snippet":"max-snippet:-1","max-image-preview":"max-image-preview:large","max-video-preview":"max-video-preview:-1"},"canonical":"https:\/\/www.maapprogram.org\/es\/pastizales-ecuador\/","og_locale":"es_ES","og_type":"article","og_title":"MAAP #236: Deforestaci\u00f3n por Pastizales Crece en \u00c1reas de Conservaci\u00f3n de la Amazon\u00eda Ecuatoriana - MAAP","og_description":"En la Amazon\u00eda ecuatoriana, cerca del 75% de la superficie agropecuaria corresponde a pastos (1). Esto significa que, por cada cuatro hect\u00e1reas destinadas a la agricultura, tres se utilizan para la ganader\u00eda. Esta expansi\u00f3n ha generado una creciente presi\u00f3n sobre los ecosistemas naturales, especialmente en las \u00e1reas protegidas, donde se ha registrado una p\u00e9rdida del [&hellip;]","og_url":"https:\/\/www.maapprogram.org\/es\/pastizales-ecuador\/","og_site_name":"MAAP","article_published_time":"2025-12-11T16:21:03+00:00","article_modified_time":"2025-12-15T16:25:17+00:00","og_image":[{"url":"https:\/\/www.maapprogram.org\/wp-content\/uploads\/2025\/12\/UBICACION_GENERAL_-V4-724x1024.jpg","type":"","width":"","height":""}],"author":"Matt Finer","twitter_card":"summary_large_image","twitter_misc":{"Escrito por":"Matt Finer","Tiempo de lectura":"12 minutos"},"schema":{"@context":"https:\/\/schema.org","@graph":[{"@type":"Article","@id":"https:\/\/www.maapprogram.org\/es\/pastizales-ecuador\/#article","isPartOf":{"@id":"https:\/\/www.maapprogram.org\/es\/pastizales-ecuador\/"},"author":{"name":"Matt Finer","@id":"https:\/\/www.maapprogram.org\/es\/#\/schema\/person\/841a54dc1b778a2649b35c55854af44e"},"headline":"MAAP #236: Deforestaci\u00f3n por Pastizales Crece en \u00c1reas de Conservaci\u00f3n de la Amazon\u00eda Ecuatoriana","datePublished":"2025-12-11T16:21:03+00:00","dateModified":"2025-12-15T16:25:17+00:00","mainEntityOfPage":{"@id":"https:\/\/www.maapprogram.org\/es\/pastizales-ecuador\/"},"wordCount":2088,"image":{"@id":"https:\/\/www.maapprogram.org\/es\/pastizales-ecuador\/#primaryimage"},"thumbnailUrl":"https:\/\/www.maapprogram.org\/wp-content\/uploads\/2025\/12\/UBICACION_GENERAL_-V4-724x1024.jpg","articleSection":["Sin categorizar"],"inLanguage":"es"},{"@type":"WebPage","@id":"https:\/\/www.maapprogram.org\/es\/pastizales-ecuador\/","url":"https:\/\/www.maapprogram.org\/es\/pastizales-ecuador\/","name":"MAAP #236: Deforestaci\u00f3n por Pastizales Crece en \u00c1reas de Conservaci\u00f3n de la Amazon\u00eda Ecuatoriana - MAAP","isPartOf":{"@id":"https:\/\/www.maapprogram.org\/es\/#website"},"primaryImageOfPage":{"@id":"https:\/\/www.maapprogram.org\/es\/pastizales-ecuador\/#primaryimage"},"image":{"@id":"https:\/\/www.maapprogram.org\/es\/pastizales-ecuador\/#primaryimage"},"thumbnailUrl":"https:\/\/www.maapprogram.org\/wp-content\/uploads\/2025\/12\/UBICACION_GENERAL_-V4-724x1024.jpg","datePublished":"2025-12-11T16:21:03+00:00","dateModified":"2025-12-15T16:25:17+00:00","author":{"@id":"https:\/\/www.maapprogram.org\/es\/#\/schema\/person\/841a54dc1b778a2649b35c55854af44e"},"breadcrumb":{"@id":"https:\/\/www.maapprogram.org\/es\/pastizales-ecuador\/#breadcrumb"},"inLanguage":"es","potentialAction":[{"@type":"ReadAction","target":["https:\/\/www.maapprogram.org\/es\/pastizales-ecuador\/"]}]},{"@type":"ImageObject","inLanguage":"es","@id":"https:\/\/www.maapprogram.org\/es\/pastizales-ecuador\/#primaryimage","url":"https:\/\/www.maapprogram.org\/wp-content\/uploads\/2025\/12\/UBICACION_GENERAL_-V4-724x1024.jpg","contentUrl":"https:\/\/www.maapprogram.org\/wp-content\/uploads\/2025\/12\/UBICACION_GENERAL_-V4-724x1024.jpg"},{"@type":"BreadcrumbList","@id":"https:\/\/www.maapprogram.org\/es\/pastizales-ecuador\/#breadcrumb","itemListElement":[{"@type":"ListItem","position":1,"name":"Home","item":"https:\/\/www.maapprogram.org\/es\/"},{"@type":"ListItem","position":2,"name":"MAAP #236: Deforestaci\u00f3n por Pastizales Crece en \u00c1reas de Conservaci\u00f3n de la Amazon\u00eda Ecuatoriana"}]},{"@type":"WebSite","@id":"https:\/\/www.maapprogram.org\/es\/#website","url":"https:\/\/www.maapprogram.org\/es\/","name":"MAAP","description":"","potentialAction":[{"@type":"SearchAction","target":{"@type":"EntryPoint","urlTemplate":"https:\/\/www.maapprogram.org\/es\/?s={search_term_string}"},"query-input":{"@type":"PropertyValueSpecification","valueRequired":true,"valueName":"search_term_string"}}],"inLanguage":"es"},{"@type":"Person","@id":"https:\/\/www.maapprogram.org\/es\/#\/schema\/person\/841a54dc1b778a2649b35c55854af44e","name":"Matt Finer","image":{"@type":"ImageObject","inLanguage":"es","@id":"https:\/\/secure.gravatar.com\/avatar\/21b55495905889a5e7ddf3fe6b37837879eee1e1834fc0b1d6eaed98fe49a987?s=96&d=mm&r=g","url":"https:\/\/secure.gravatar.com\/avatar\/21b55495905889a5e7ddf3fe6b37837879eee1e1834fc0b1d6eaed98fe49a987?s=96&d=mm&r=g","contentUrl":"https:\/\/secure.gravatar.com\/avatar\/21b55495905889a5e7ddf3fe6b37837879eee1e1834fc0b1d6eaed98fe49a987?s=96&d=mm&r=g","caption":"Matt Finer"},"url":"https:\/\/www.maapprogram.org\/es\/author\/mfiner\/"}]}},"_links":{"self":[{"href":"https:\/\/www.maapprogram.org\/es\/wp-json\/wp\/v2\/posts\/27064","targetHints":{"allow":["GET"]}}],"collection":[{"href":"https:\/\/www.maapprogram.org\/es\/wp-json\/wp\/v2\/posts"}],"about":[{"href":"https:\/\/www.maapprogram.org\/es\/wp-json\/wp\/v2\/types\/post"}],"author":[{"embeddable":true,"href":"https:\/\/www.maapprogram.org\/es\/wp-json\/wp\/v2\/users\/5"}],"replies":[{"embeddable":true,"href":"https:\/\/www.maapprogram.org\/es\/wp-json\/wp\/v2\/comments?post=27064"}],"version-history":[{"count":34,"href":"https:\/\/www.maapprogram.org\/es\/wp-json\/wp\/v2\/posts\/27064\/revisions"}],"predecessor-version":[{"id":27131,"href":"https:\/\/www.maapprogram.org\/es\/wp-json\/wp\/v2\/posts\/27064\/revisions\/27131"}],"wp:attachment":[{"href":"https:\/\/www.maapprogram.org\/es\/wp-json\/wp\/v2\/media?parent=27064"}],"wp:term":[{"taxonomy":"category","embeddable":true,"href":"https:\/\/www.maapprogram.org\/es\/wp-json\/wp\/v2\/categories?post=27064"},{"taxonomy":"post_tag","embeddable":true,"href":"https:\/\/www.maapprogram.org\/es\/wp-json\/wp\/v2\/tags?post=27064"},{"taxonomy":"ftr_agriculture","embeddable":true,"href":"https:\/\/www.maapprogram.org\/es\/wp-json\/wp\/v2\/ftr_agriculture?post=27064"},{"taxonomy":"carbon-and-climate-change","embeddable":true,"href":"https:\/\/www.maapprogram.org\/es\/wp-json\/wp\/v2\/carbon-and-climate-change?post=27064"},{"taxonomy":"ftr_country","embeddable":true,"href":"https:\/\/www.maapprogram.org\/es\/wp-json\/wp\/v2\/ftr_country?post=27064"},{"taxonomy":"fire","embeddable":true,"href":"https:\/\/www.maapprogram.org\/es\/wp-json\/wp\/v2\/fire?post=27064"},{"taxonomy":"infrastructure-threat","embeddable":true,"href":"https:\/\/www.maapprogram.org\/es\/wp-json\/wp\/v2\/infrastructure-threat?post=27064"},{"taxonomy":"land-use","embeddable":true,"href":"https:\/\/www.maapprogram.org\/es\/wp-json\/wp\/v2\/land-use?post=27064"},{"taxonomy":"mining-and-logging-threat","embeddable":true,"href":"https:\/\/www.maapprogram.org\/es\/wp-json\/wp\/v2\/mining-and-logging-threat?post=27064"},{"taxonomy":"natural-forest-loss","embeddable":true,"href":"https:\/\/www.maapprogram.org\/es\/wp-json\/wp\/v2\/natural-forest-loss?post=27064"},{"taxonomy":"special-analysis","embeddable":true,"href":"https:\/\/www.maapprogram.org\/es\/wp-json\/wp\/v2\/special-analysis?post=27064"}],"curies":[{"name":"wp","href":"https:\/\/api.w.org\/{rel}","templated":true}]}}