{"id":22772,"date":"2023-03-15T12:11:00","date_gmt":"2023-03-15T12:11:00","guid":{"rendered":"https:\/\/www.maapprogram.org\/?p=22772"},"modified":"2024-09-26T18:15:38","modified_gmt":"2024-09-26T18:15:38","slug":"maap-183-portugues","status":"publish","type":"post","link":"https:\/\/www.maapprogram.org\/pt-br\/maap-183-portugues\/","title":{"rendered":"MAAP #183: \u00c1reas Protegidas e Territ\u00f3rios Ind\u00edgenas Eficazes Contra o Desmatamento na Amaz\u00f4nia"},"content":{"rendered":"<div id=\"attachment_11482\" class=\"thumbnail alignright\"><a href=\"https:\/\/www.maapprogram.org\/wp-content\/uploads\/2023\/01\/maaproject.org-protected-areas-amp-indigenous-territories-effective-against-deforestation-across-amazon-MAAP-PanAmz-Hybrid-PFL2017-2021-Defo-Fire-Eng-v3-200dpi.jpg\"><img decoding=\"async\" class=\"wp-image-11482 size-medium\" src=\"https:\/\/www.maapprogram.org\/wp-content\/uploads\/2023\/01\/maaproject.org-protected-areas-amp-indigenous-territories-effective-against-deforestation-across-amazon-MAAP-PanAmz-Hybrid-PFL2017-2021-Defo-Fire-Eng-v3-200dpi-704x580.jpg\" alt=\"\" width=\"704\" height=\"580\" \/><\/a><div class=\"caption\">Mapa base. Perda de floresta prim\u00e1ria (2017-21) na Amaz\u00f4nia, em rela\u00e7\u00e3o a \u00e1reas protegidas e territ\u00f3rios ind\u00edgenas.<\/div><\/div>\n<p>Como o desmatamento continua a amea\u00e7ar as florestas prim\u00e1rias na Amaz\u00f4nia, as principais\u00a0\u00a0<strong>designa\u00e7\u00f5es de uso da terra<\/strong>\u00a0\u00a0s\u00e3o uma das melhores esperan\u00e7as para a conserva\u00e7\u00e3o a longo prazo das florestas intactas restantes.<\/p>\n<p>Aqui, avaliamos o impacto de dois dos mais importantes:\u00a0\u00a0<strong>\u00e1reas protegidas e territ\u00f3rios ind\u00edgenas<\/strong>\u00a0.<\/p>\n<p>Nosso estudo analisou todos os nove pa\u00edses do bioma Amaz\u00f4nia, uma vasta \u00e1rea de 883,7 milh\u00f5es de hectares (ver\u00a0<strong>\u00a0Mapa Base<\/strong>\u00a0).<\/p>\n<p>Calculamos\u00a0\u00a0<strong>a perda de floresta prim\u00e1ria<\/strong>\u00a0\u00a0nos \u00faltimos 5 anos (\u00a0<strong>2017-2021<\/strong>\u00a0).<\/p>\n<p>Pela primeira vez, conseguimos distinguir a perda florestal causada por fogo da n\u00e3o causada por fogo. Para n\u00e3o causada por fogo, embora isso inclua eventos naturais (como deslizamentos de terra e tempestades de vento), consideramos este nosso melhor proxy para o\u00a0<strong>desmatamento causado pelo homem<\/strong>\u00a0.<\/p>\n<p>Analisamos os resultados em tr\u00eas categorias principais de uso do solo:<\/p>\n<p>1)\u00a0\u00a0<strong>\u00c1reas Protegidas\u00a0<\/strong>\u00a0(n\u00edveis nacional e estadual\/departamental), que cobrem 197 milh\u00f5es de hectares (23,6% da Amaz\u00f4nia).<\/p>\n<p>2)\u00a0<strong>\u00a0Territ\u00f3rios Ind\u00edgenas\u00a0<\/strong>\u00a0(oficiais), que abrangem 163,8 milh\u00f5es de hectares (19,6% da Amaz\u00f4nia).<\/p>\n<p>3)\u00a0\u00a0<strong>Outras<\/strong>\u00a0\u00a0(todas as \u00e1reas restantes fora das unidades de conserva\u00e7\u00e3o e territ\u00f3rios ind\u00edgenas), que abrangem 473 milh\u00f5es de hectares (56,7% da Amaz\u00f4nia).<\/p>\n<p><strong>Em resumo<\/strong>\u00a0, descobrimos que o desmatamento foi o principal impulsionador da perda florestal, com o fogo sempre sendo um subconjunto menor. Em m\u00e9dia, em todos os 5 anos,\u00a0\u00e1reas protegidas e territ\u00f3rios ind\u00edgenas tiveram n\u00edveis semelhantes de efic\u00e1cia, reduzindo a taxa de perda de floresta prim\u00e1ria em 3x em compara\u00e7\u00e3o com \u00e1reas fora dessas designa\u00e7\u00f5es\u00a0.<\/p>\n<p>Abaixo, mostramos os principais resultados na Amaz\u00f4nia com mais detalhes, incluindo uma an\u00e1lise para a Amaz\u00f4nia ocidental (Bol\u00edvia, Col\u00f4mbia, Equador e Peru) e a Amaz\u00f4nia brasileira.<\/p>\n<div class=\"fitem-sep\"><\/div>\n<h3><strong>Principais conclus\u00f5es<\/strong><\/h3>\n<h4><em><strong>Bioma amaz\u00f4nico<\/strong><\/em><\/h4>\n<p>Documentamos a perda de\u00a0<strong>11 milh\u00f5es de hectares<\/strong>\u00a0de florestas prim\u00e1rias em todos os nove pa\u00edses do bioma Amaz\u00f4nia entre 2017 e 2021. Desse total, 71% n\u00e3o foi causado por fogo (desmatamento e natural) e 29% foi causado por fogo.<\/p>\n<p>Para as principais categorias de uso da terra, 11% da perda florestal ocorreu em \u00e1reas protegidas e territ\u00f3rios ind\u00edgenas, respectivamente, enquanto os 78% restantes ocorreram fora dessas designa\u00e7\u00f5es.<\/p>\n<p>Para padronizar esses resultados para as coberturas de \u00e1reas vari\u00e1veis, calculamos\u00a0<strong>taxas anuais de perda de floresta prim\u00e1ria<\/strong>\u00a0\u00a0(perda\/\u00e1rea total de cada categoria).\u00a0\u00a0<strong>A Figura 1<\/strong>\u00a0\u00a0exibe os resultados para essas taxas em todos os nove pa\u00edses do bioma Amaz\u00f4nia.<\/p>\n<div id=\"attachment_11669\" class=\"thumbnail aligncenter\"><a href=\"https:\/\/www.maapprogram.org\/wp-content\/uploads\/2023\/03\/maaproject.org-maap-183-protected-areas-amp-indigenous-territories-effective-against-deforestation-across-amazon-Graph-1-Primary-Forest-Loss-Rates-in-the-Amazon-2017-2021.jpg\"><img decoding=\"async\" class=\"wp-image-11669 size-medium\" src=\"https:\/\/www.maapprogram.org\/wp-content\/uploads\/2023\/03\/maaproject.org-maap-183-protected-areas-amp-indigenous-territories-effective-against-deforestation-across-amazon-Graph-1-Primary-Forest-Loss-Rates-in-the-Amazon-2017-2021-930x561.jpg\" alt=\"\" width=\"930\" height=\"561\" \/><\/a><div class=\"caption\">Figura 1. Taxas de perda de florestas prim\u00e1rias na Amaz\u00f4nia, 2017-21.<\/div><\/div>\n<p>Dividido por ano, 2017 teve as maiores taxas de perda florestal, com uma temporada severa de desmatamento e inc\u00eandios. Al\u00e9m disso, 2021 teve a segunda maior taxa de desmatamento, enquanto 2020 teve a segunda maior taxa de perda por inc\u00eandios.<\/p>\n<p>Na m\u00e9dia dos cinco anos,\u00a0\u00a0<strong>as \u00e1reas protegidas<\/strong>\u00a0\u00a0(verde) tiveram a menor taxa geral de perda de floresta prim\u00e1ria (0,12%), seguidas de perto pelos\u00a0<strong>\u00a0territ\u00f3rios ind\u00edgenas\u00a0<\/strong>\u00a0(0,14%).<\/p>\n<p>Curiosamente,\u00a0<strong>os territ\u00f3rios ind\u00edgenas<\/strong>\u00a0(laranja) tiveram uma taxa de desmatamento ligeiramente menor em compara\u00e7\u00e3o \u00e0s \u00e1reas protegidas (0,7 vs 0,8%), mas uma taxa de perda por inc\u00eandio maior (0,7 vs 0,04%), resultando na maior taxa geral de perda florestal observada acima.<\/p>\n<p>Fora dessas designa\u00e7\u00f5es (\u00a0<strong>vermelho<\/strong>\u00a0), a taxa de perda de floresta prim\u00e1ria foi tripla (0,36%), especialmente devido ao desmatamento muito maior.<\/p>\n<div class=\"fitem-sep\"><\/div>\n<h4><em><strong>Amaz\u00f4nia Ocidental<\/strong><\/em><\/h4>\n<p>Analisando os resultados especificamente para a Amaz\u00f4nia Ocidental (Bol\u00edvia, Col\u00f4mbia, Equador e Peru), documentamos a perda de\u00a0<strong>2,6 milh\u00f5es de hectares<\/strong>\u00a0de florestas prim\u00e1rias entre 2017 e 2021. Desse total, 80% n\u00e3o foram causados \u200b\u200bpor inc\u00eandios (desmatamento e naturais) e 20% foram causados \u200b\u200bpor inc\u00eandios.<\/p>\n<p>Para as principais categorias de uso da terra, 9,6% ocorreram em \u00e1reas protegidas, 15,6% em territ\u00f3rios ind\u00edgenas e os 74,8% restantes ocorreram fora dessas designa\u00e7\u00f5es.<\/p>\n<p><strong>A Figura 2<\/strong>\u00a0\u00a0exibe as taxas padronizadas de perda de florestas prim\u00e1rias na Amaz\u00f4nia ocidental.<\/p>\n<div id=\"attachment_11668\" class=\"thumbnail aligncenter\"><a href=\"https:\/\/www.maapprogram.org\/wp-content\/uploads\/2023\/03\/maaproject.org-maap-183-protected-areas-amp-indigenous-territories-effective-against-deforestation-across-amazon-Graph-1-Primary-Forest-Loss-Rates-in-the-Amazon-2017-2021-v6.jpg\"><img decoding=\"async\" class=\"wp-image-11668 size-medium\" src=\"https:\/\/www.maapprogram.org\/wp-content\/uploads\/2023\/03\/maaproject.org-maap-183-protected-areas-amp-indigenous-territories-effective-against-deforestation-across-amazon-Graph-1-Primary-Forest-Loss-Rates-in-the-Amazon-2017-2021-v6-930x561.jpg\" alt=\"\" width=\"930\" height=\"561\" \/><\/a><div class=\"caption\">Figura 2. Taxas de perda de florestas prim\u00e1rias na Amaz\u00f4nia Ocidental, 2017-21.<\/div><\/div>\n<p>Dividido por ano, 2017 teve a maior taxa de desmatamento e taxas gerais de perda florestal. Mas 2020 teve a maior taxa de perda por inc\u00eandio, principalmente devido a inc\u00eandios extensos na Bol\u00edvia. 2021 tamb\u00e9m teve uma taxa de desmatamento relativamente alta. Al\u00e9m disso, observe o alto n\u00edvel de inc\u00eandios em \u00e1reas protegidas em 2020 e 2021, e em territ\u00f3rios ind\u00edgenas em 2019.<\/p>\n<p>Na m\u00e9dia dos cinco anos,\u00a0\u00a0<strong>as \u00e1reas protegidas<\/strong>\u00a0tiveram a menor taxa geral de perda de floresta prim\u00e1ria (0,11%), seguidas pelos\u00a0<strong>\u00a0territ\u00f3rios ind\u00edgenas\u00a0<\/strong>\u00a0(0,16%).<\/p>\n<p>Fora dessas designa\u00e7\u00f5es, a taxa de perda de floresta prim\u00e1ria foi de 0,30%. Ou seja, o triplo da taxa de \u00e1reas protegidas e o dobro da taxa de territ\u00f3rios ind\u00edgenas.<\/p>\n<div class=\"fitem-sep\"><\/div>\n<h4><em><strong>Amaz\u00f4nia brasileira<\/strong><\/em><\/h4>\n<p>Analisando os resultados especificamente para a Amaz\u00f4nia brasileira, documentamos a perda de\u00a0<strong>8,1 milh\u00f5es de hectares<\/strong>\u00a0de florestas prim\u00e1rias entre 2017 e 2021. Desse total, 68% n\u00e3o foram causados \u200b\u200bpor inc\u00eandios (desmatamento e naturais) e 32% foram causados \u200b\u200bpor inc\u00eandios.<\/p>\n<p>Para as principais categorias de uso da terra, 9,4% ocorreram em territ\u00f3rios ind\u00edgenas, 11,2% ocorreram em \u00e1reas protegidas e os 79,4% restantes ocorreram fora dessas designa\u00e7\u00f5es.<\/p>\n<p><strong>A Figura 3<\/strong>\u00a0\u00a0exibe as taxas padronizadas de perda de florestas prim\u00e1rias na Amaz\u00f4nia brasileira.<\/p>\n<div id=\"attachment_11670\" class=\"thumbnail aligncenter\"><a href=\"https:\/\/www.maapprogram.org\/wp-content\/uploads\/2023\/03\/maaproject.org-maap-183-protected-areas-amp-indigenous-territories-effective-against-deforestation-across-amazon-Graph-3-Primary-Forest-Loss-Rates-in-the-Brazilian-Amazon-2017-2021.jpg\"><img decoding=\"async\" class=\"wp-image-11670 size-medium\" src=\"https:\/\/www.maapprogram.org\/wp-content\/uploads\/2023\/03\/maaproject.org-maap-183-protected-areas-amp-indigenous-territories-effective-against-deforestation-across-amazon-Graph-3-Primary-Forest-Loss-Rates-in-the-Brazilian-Amazon-2017-2021-930x561.jpg\" alt=\"\" width=\"930\" height=\"561\" \/><\/a><div class=\"caption\">Figura 3. Taxas de perda de floresta prim\u00e1ria na Amaz\u00f4nia brasileira, 2017-21.<\/div><\/div>\n<p>Dividido por ano, 2017 teve a maior taxa de perda florestal registrada em todo o estudo (0,58%), devido tanto ao desmatamento elevado quanto ao fogo. Observe que os territ\u00f3rios ind\u00edgenas foram particularmente impactados pelo fogo em 2017.<\/p>\n<p>2020 teve a pr\u00f3xima maior taxa de perda florestal, tamb\u00e9m impulsionada por uma intensa temporada de inc\u00eandios. Os inc\u00eandios n\u00e3o foram t\u00e3o severos no ano seguinte, em 2021, mas o desmatamento aumentou.<\/p>\n<p>Na m\u00e9dia dos cinco anos,\u00a0<strong>os territ\u00f3rios ind\u00edgenas\u00a0<\/strong>\u00a0tiveram a menor taxa geral de perda de floresta prim\u00e1ria (0,14%), seguidos de perto pelas\u00a0<strong>\u00a0\u00e1reas protegidas\u00a0<\/strong>\u00a0(0,15%).<\/p>\n<p>Curiosamente,\u00a0<strong>os territ\u00f3rios ind\u00edgenas<\/strong>\u00a0tiveram uma taxa de desmatamento menor em compara\u00e7\u00e3o \u00e0s \u00e1reas protegidas (0,5 vs 0,11%), mas maior impacto de inc\u00eandios (0,09 vs 0,04%).<\/p>\n<p>Fora dessas designa\u00e7\u00f5es (\u00a0<strong>vermelho<\/strong>\u00a0), a taxa de perda de floresta prim\u00e1ria foi tripla (0,45%).<\/p>\n<div class=\"fitem-sep\"><\/div>\n<h3><strong>Metodologia<\/strong><\/h3>\n<p>Para estimar o desmatamento em todas as tr\u00eas categorias (\u00e1reas protegidas, territ\u00f3rios ind\u00edgenas e outros), usamos dados anuais de perda florestal (2017-21) da Universidade de Maryland (laborat\u00f3rio Global Land Analysis and Discovery GLAD) para ter uma fonte consistente em todos os pa\u00edses (Hansen et al 2013).<\/p>\n<p>Obtivemos esses dados, que t\u00eam uma resolu\u00e7\u00e3o espacial de 30 metros, da\u00a0<a href=\"https:\/\/glad.umd.edu\/dataset\/Fire_GFL\/\" data-feathr-click-track=\"true\" data-feathr-link-aids=\"6182f4e07f71b7b1555341c3\">p\u00e1gina de download de dados \u201cGlobal Forest Loss due to Fires 2000\u20132021\u201d<\/a>\u00a0. Tamb\u00e9m \u00e9 poss\u00edvel visualizar e interagir com os dados no\u00a0portal principal\u00a0<a href=\"https:\/\/glad.earthengine.app\/view\/global-forest-loss-due-to-fire#lon=0;lat=30;zoom=3;\" data-feathr-click-track=\"true\" data-feathr-link-aids=\"6182f4e07f71b7b1555341c3\">Global Forest Change .<\/a><\/p>\n<p>Os dados anuais s\u00e3o desagregados em perda florestal devido a inc\u00eandio vs. n\u00e3o inc\u00eandio (outros drivers de perturba\u00e7\u00e3o). \u00c9 importante notar que os drivers n\u00e3o inc\u00eandio incluem tanto o desmatamento causado pelo homem quanto a perda florestal causada por for\u00e7as naturais (deslizamentos de terra, tempestades de vento, etc.).<\/p>\n<p>Tamb\u00e9m filtramos esses dados apenas para perda de floresta prim\u00e1ria, seguindo a metodologia estabelecida do Global Forest Watch. Floresta prim\u00e1ria \u00e9 geralmente definida como floresta intacta que n\u00e3o foi previamente desmatada (ao contr\u00e1rio de floresta secund\u00e1ria previamente desmatada, por exemplo). Aplicamos esse filtro cruzando os dados de perda de cobertura florestal com o conjunto de dados adicional \u201cflorestas tropicais \u00famidas prim\u00e1rias\u201d de 2001 (Turubanova et al 2018). Assim, frequentemente usamos o termo \u201c\u00a0<strong>perda de floresta prim\u00e1ria<\/strong>\u00a0\u201d para descrever esses dados filtrados.<\/p>\n<p>Os dados apresentados como taxa de perda de floresta prim\u00e1ria s\u00e3o padronizados pela \u00e1rea total coberta de cada categoria respectiva por ano (anual). Por exemplo, para comparar adequadamente os dados brutos de perda de floresta em \u00e1reas que s\u00e3o de 100 hectares vs 1.000 hectares de tamanho total, respectivamente, dividimos pela \u00e1rea para padronizar o resultado.<\/p>\n<p>Nossa distribui\u00e7\u00e3o geogr\u00e1fica se estende dos Andes at\u00e9 a plan\u00edcie amaz\u00f4nica e alcan\u00e7a as transi\u00e7\u00f5es com o Cerrado e o Pantanal. Essa distribui\u00e7\u00e3o inclui nove pa\u00edses da Amaz\u00f4nia (ou regi\u00e3o Pan-Amaz\u00f4nica, conforme definido pela RAISG) e consiste em uma combina\u00e7\u00e3o do limite da bacia hidrogr\u00e1fica da Amaz\u00f4nia, o limite biogeogr\u00e1fico da Amaz\u00f4nia e o limite da Amaz\u00f4nia Legal no Brasil. Veja o Mapa Base acima para a delimita\u00e7\u00e3o desse limite h\u00edbrido da Amaz\u00f4nia, projetado para inclus\u00e3o m\u00e1xima.<\/p>\n<p>Fontes de dados adicionais incluem:<\/p>\n<ul>\n<li>\u00c1reas protegidas em n\u00edvel nacional e estadual\/departamental: RUNAP 2020 (Col\u00f4mbia), SNAP 2022 (Equador), SERNAP e ACEAA 2020 (Bol\u00edvia), SERNANP 2022 (Peru), INPE\/Terrabrasilis 2022 (Brasil), SOS Orinoco 2021 (Venezuela) e RAISG 2020 (Guiana, Suriname e Guiana Francesa).<\/li>\n<li>Territ\u00f3rios ind\u00edgenas: RAISG e Ecociencia 2022 (Equador), INPE\/Terrabrasilis 2022 (Brasil), RAISG 2020 (Col\u00f4mbia, Bol\u00edvia, Venezuela, Guiana, Suriname e Guiana Francesa) e MINCU e ACCA 2021 (Peru). Para o Peru, isso inclui comunidades nativas tituladas e Reservas Ind\u00edgenas\/Territoriais para grupos ind\u00edgenas em isolamento volunt\u00e1rio.<\/li>\n<\/ul>\n<p>Para an\u00e1lise, categorizamos primeiro as \u00c1reas Protegidas, depois os Territ\u00f3rios Ind\u00edgenas para evitar \u00e1reas sobrepostas. Cada categoria foi desagregada por ano de cria\u00e7\u00e3o\/reconhecimento para corresponder ao relat\u00f3rio anual de perda florestal, por exemplo. Se uma \u00e1rea protegida foi criada em dezembro de 2018, ela seria considerada na an\u00e1lise para o ano de 2019.<\/p>\n<div class=\"fitem-sep\"><\/div>\n<h3><strong>Reconhecimentos<\/strong><\/h3>\n<p>Este trabalho foi apoiado pelo Fundo Andino-Amaz\u00f4nico (AAF), pela Ag\u00eancia Norueguesa de Coopera\u00e7\u00e3o para o Desenvolvimento (NORAD) e pelo Fundo Internacional de Conserva\u00e7\u00e3o do Canad\u00e1 (ICFC).<\/p>\n<p>Agradecemos a M. MacDowell e M. Cohen pelos coment\u00e1rios \u00fateis sobre este relat\u00f3rio.<\/p>\n<div class=\"fitem-sep\"><\/div>\n<h3><strong>Cita\u00e7\u00e3o<\/strong><\/h3>\n<p>Finer M, Mamani N (2023) \u00c1reas protegidas e territ\u00f3rios ind\u00edgenas eficazes contra o desmatamento na Amaz\u00f4nia. MAAP: 176.<\/p>\n<h3><span style=\"font-size: 16px;\"><div class=\"fitem-sep\"><\/div><\/span><\/h3>\n","protected":false},"excerpt":{"rendered":"<p>Como o desmatamento continua a amea\u00e7ar as florestas prim\u00e1rias na Amaz\u00f4nia, as principais\u00a0\u00a0designa\u00e7\u00f5es de uso da terra\u00a0\u00a0s\u00e3o uma das melhores esperan\u00e7as para a conserva\u00e7\u00e3o a longo prazo das florestas intactas restantes. Aqui, avaliamos o impacto de dois dos mais importantes:\u00a0\u00a0\u00e1reas protegidas e territ\u00f3rios ind\u00edgenas\u00a0. Nosso estudo analisou todos os nove pa\u00edses do bioma Amaz\u00f4nia, uma [&hellip;]<\/p>\n","protected":false},"author":4,"featured_media":0,"comment_status":"closed","ping_status":"closed","sticky":false,"template":"","format":"standard","meta":{"_acf_changed":false,"footnotes":""},"categories":[3],"tags":[],"ftr_agriculture":[354],"carbon-and-climate-change":[],"ftr_country":[449,484,485,400],"fire":[453],"infrastructure-threat":[],"land-use":[457,458],"mining-and-logging-threat":[],"natural-forest-loss":[],"special-analysis":[],"class_list":["post-22772","post","type-post","status-publish","format-standard","hentry","category-nao-categorizado","ftr_agriculture-cacao-pt-br","ftr_country-brasil","ftr_country-colombia-3","ftr_country-equador","ftr_country-peru","fire-incendios-pt-br","land-use-areas-protegidas-pt-br","land-use-territorios-indigenas-pt-br"],"acf":[],"yoast_head":"<!-- This site is optimized with the Yoast SEO plugin v27.3 - https:\/\/yoast.com\/product\/yoast-seo-wordpress\/ -->\n<title>MAAP #183: \u00c1reas Protegidas e Territ\u00f3rios Ind\u00edgenas Eficazes Contra o Desmatamento na Amaz\u00f4nia - MAAP<\/title>\n<meta name=\"robots\" content=\"index, follow, max-snippet:-1, max-image-preview:large, max-video-preview:-1\" \/>\n<link rel=\"canonical\" href=\"https:\/\/www.maapprogram.org\/pt-br\/maap-183-portugues\/\" \/>\n<meta property=\"og:locale\" content=\"pt_BR\" \/>\n<meta property=\"og:type\" content=\"article\" \/>\n<meta property=\"og:title\" content=\"MAAP #183: \u00c1reas Protegidas e Territ\u00f3rios Ind\u00edgenas Eficazes Contra o Desmatamento na Amaz\u00f4nia - MAAP\" \/>\n<meta property=\"og:description\" content=\"Como o desmatamento continua a amea\u00e7ar as florestas prim\u00e1rias na Amaz\u00f4nia, as principais\u00a0\u00a0designa\u00e7\u00f5es de uso da terra\u00a0\u00a0s\u00e3o uma das melhores esperan\u00e7as para a conserva\u00e7\u00e3o a longo prazo das florestas intactas restantes. Aqui, avaliamos o impacto de dois dos mais importantes:\u00a0\u00a0\u00e1reas protegidas e territ\u00f3rios ind\u00edgenas\u00a0. Nosso estudo analisou todos os nove pa\u00edses do bioma Amaz\u00f4nia, uma [&hellip;]\" \/>\n<meta property=\"og:url\" content=\"https:\/\/www.maapprogram.org\/pt-br\/maap-183-portugues\/\" \/>\n<meta property=\"og:site_name\" content=\"MAAP\" \/>\n<meta property=\"article:published_time\" content=\"2023-03-15T12:11:00+00:00\" \/>\n<meta property=\"article:modified_time\" content=\"2024-09-26T18:15:38+00:00\" \/>\n<meta property=\"og:image\" content=\"https:\/\/www.maapprogram.org\/wp-content\/uploads\/2023\/01\/maaproject.org-protected-areas-amp-indigenous-territories-effective-against-deforestation-across-amazon-MAAP-PanAmz-Hybrid-PFL2017-2021-Defo-Fire-Eng-v3-200dpi-704x580.jpg\" \/>\n<meta name=\"author\" content=\"MAAP Consultants\" \/>\n<meta name=\"twitter:card\" content=\"summary_large_image\" \/>\n<meta name=\"twitter:label1\" content=\"Escrito por\" \/>\n\t<meta name=\"twitter:data1\" content=\"MAAP Consultants\" \/>\n\t<meta name=\"twitter:label2\" content=\"Est. tempo de leitura\" \/>\n\t<meta name=\"twitter:data2\" content=\"8 minutos\" \/>\n<script type=\"application\/ld+json\" class=\"yoast-schema-graph\">{\"@context\":\"https:\\\/\\\/schema.org\",\"@graph\":[{\"@type\":\"Article\",\"@id\":\"https:\\\/\\\/www.maapprogram.org\\\/pt-br\\\/maap-183-portugues\\\/#article\",\"isPartOf\":{\"@id\":\"https:\\\/\\\/www.maapprogram.org\\\/pt-br\\\/maap-183-portugues\\\/\"},\"author\":{\"name\":\"MAAP Consultants\",\"@id\":\"https:\\\/\\\/www.maapprogram.org\\\/pt-br\\\/#\\\/schema\\\/person\\\/2f7133e3c0723ceecd6dabc9b4f198ce\"},\"headline\":\"MAAP #183: \u00c1reas Protegidas e Territ\u00f3rios Ind\u00edgenas Eficazes Contra o Desmatamento na Amaz\u00f4nia\",\"datePublished\":\"2023-03-15T12:11:00+00:00\",\"dateModified\":\"2024-09-26T18:15:38+00:00\",\"mainEntityOfPage\":{\"@id\":\"https:\\\/\\\/www.maapprogram.org\\\/pt-br\\\/maap-183-portugues\\\/\"},\"wordCount\":1704,\"image\":{\"@id\":\"https:\\\/\\\/www.maapprogram.org\\\/pt-br\\\/maap-183-portugues\\\/#primaryimage\"},\"thumbnailUrl\":\"https:\\\/\\\/www.maapprogram.org\\\/wp-content\\\/uploads\\\/2023\\\/01\\\/maaproject.org-protected-areas-amp-indigenous-territories-effective-against-deforestation-across-amazon-MAAP-PanAmz-Hybrid-PFL2017-2021-Defo-Fire-Eng-v3-200dpi-704x580.jpg\",\"articleSection\":[\"N\u00e3o categorizado\"],\"inLanguage\":\"pt-BR\"},{\"@type\":\"WebPage\",\"@id\":\"https:\\\/\\\/www.maapprogram.org\\\/pt-br\\\/maap-183-portugues\\\/\",\"url\":\"https:\\\/\\\/www.maapprogram.org\\\/pt-br\\\/maap-183-portugues\\\/\",\"name\":\"MAAP #183: \u00c1reas Protegidas e Territ\u00f3rios Ind\u00edgenas Eficazes Contra o Desmatamento na Amaz\u00f4nia - MAAP\",\"isPartOf\":{\"@id\":\"https:\\\/\\\/www.maapprogram.org\\\/pt-br\\\/#website\"},\"primaryImageOfPage\":{\"@id\":\"https:\\\/\\\/www.maapprogram.org\\\/pt-br\\\/maap-183-portugues\\\/#primaryimage\"},\"image\":{\"@id\":\"https:\\\/\\\/www.maapprogram.org\\\/pt-br\\\/maap-183-portugues\\\/#primaryimage\"},\"thumbnailUrl\":\"https:\\\/\\\/www.maapprogram.org\\\/wp-content\\\/uploads\\\/2023\\\/01\\\/maaproject.org-protected-areas-amp-indigenous-territories-effective-against-deforestation-across-amazon-MAAP-PanAmz-Hybrid-PFL2017-2021-Defo-Fire-Eng-v3-200dpi-704x580.jpg\",\"datePublished\":\"2023-03-15T12:11:00+00:00\",\"dateModified\":\"2024-09-26T18:15:38+00:00\",\"author\":{\"@id\":\"https:\\\/\\\/www.maapprogram.org\\\/pt-br\\\/#\\\/schema\\\/person\\\/2f7133e3c0723ceecd6dabc9b4f198ce\"},\"breadcrumb\":{\"@id\":\"https:\\\/\\\/www.maapprogram.org\\\/pt-br\\\/maap-183-portugues\\\/#breadcrumb\"},\"inLanguage\":\"pt-BR\",\"potentialAction\":[{\"@type\":\"ReadAction\",\"target\":[\"https:\\\/\\\/www.maapprogram.org\\\/pt-br\\\/maap-183-portugues\\\/\"]}]},{\"@type\":\"ImageObject\",\"inLanguage\":\"pt-BR\",\"@id\":\"https:\\\/\\\/www.maapprogram.org\\\/pt-br\\\/maap-183-portugues\\\/#primaryimage\",\"url\":\"https:\\\/\\\/www.maapprogram.org\\\/wp-content\\\/uploads\\\/2023\\\/01\\\/maaproject.org-protected-areas-amp-indigenous-territories-effective-against-deforestation-across-amazon-MAAP-PanAmz-Hybrid-PFL2017-2021-Defo-Fire-Eng-v3-200dpi-704x580.jpg\",\"contentUrl\":\"https:\\\/\\\/www.maapprogram.org\\\/wp-content\\\/uploads\\\/2023\\\/01\\\/maaproject.org-protected-areas-amp-indigenous-territories-effective-against-deforestation-across-amazon-MAAP-PanAmz-Hybrid-PFL2017-2021-Defo-Fire-Eng-v3-200dpi-704x580.jpg\"},{\"@type\":\"BreadcrumbList\",\"@id\":\"https:\\\/\\\/www.maapprogram.org\\\/pt-br\\\/maap-183-portugues\\\/#breadcrumb\",\"itemListElement\":[{\"@type\":\"ListItem\",\"position\":1,\"name\":\"Home\",\"item\":\"https:\\\/\\\/www.maapprogram.org\\\/pt-br\\\/\"},{\"@type\":\"ListItem\",\"position\":2,\"name\":\"MAAP #183: \u00c1reas Protegidas e Territ\u00f3rios Ind\u00edgenas Eficazes Contra o Desmatamento na Amaz\u00f4nia\"}]},{\"@type\":\"WebSite\",\"@id\":\"https:\\\/\\\/www.maapprogram.org\\\/pt-br\\\/#website\",\"url\":\"https:\\\/\\\/www.maapprogram.org\\\/pt-br\\\/\",\"name\":\"MAAP\",\"description\":\"\",\"potentialAction\":[{\"@type\":\"SearchAction\",\"target\":{\"@type\":\"EntryPoint\",\"urlTemplate\":\"https:\\\/\\\/www.maapprogram.org\\\/pt-br\\\/?s={search_term_string}\"},\"query-input\":{\"@type\":\"PropertyValueSpecification\",\"valueRequired\":true,\"valueName\":\"search_term_string\"}}],\"inLanguage\":\"pt-BR\"},{\"@type\":\"Person\",\"@id\":\"https:\\\/\\\/www.maapprogram.org\\\/pt-br\\\/#\\\/schema\\\/person\\\/2f7133e3c0723ceecd6dabc9b4f198ce\",\"name\":\"MAAP Consultants\",\"image\":{\"@type\":\"ImageObject\",\"inLanguage\":\"pt-BR\",\"@id\":\"https:\\\/\\\/secure.gravatar.com\\\/avatar\\\/5889bd7805b73b186236cf81236e7511b08707f4115893e4569c33d93f127911?s=96&d=mm&r=g\",\"url\":\"https:\\\/\\\/secure.gravatar.com\\\/avatar\\\/5889bd7805b73b186236cf81236e7511b08707f4115893e4569c33d93f127911?s=96&d=mm&r=g\",\"contentUrl\":\"https:\\\/\\\/secure.gravatar.com\\\/avatar\\\/5889bd7805b73b186236cf81236e7511b08707f4115893e4569c33d93f127911?s=96&d=mm&r=g\",\"caption\":\"MAAP Consultants\"},\"url\":\"https:\\\/\\\/www.maapprogram.org\\\/pt-br\\\/author\\\/maapconsultants\\\/\"}]}<\/script>\n<!-- \/ Yoast SEO plugin. -->","yoast_head_json":{"title":"MAAP #183: \u00c1reas Protegidas e Territ\u00f3rios Ind\u00edgenas Eficazes Contra o Desmatamento na Amaz\u00f4nia - MAAP","robots":{"index":"index","follow":"follow","max-snippet":"max-snippet:-1","max-image-preview":"max-image-preview:large","max-video-preview":"max-video-preview:-1"},"canonical":"https:\/\/www.maapprogram.org\/pt-br\/maap-183-portugues\/","og_locale":"pt_BR","og_type":"article","og_title":"MAAP #183: \u00c1reas Protegidas e Territ\u00f3rios Ind\u00edgenas Eficazes Contra o Desmatamento na Amaz\u00f4nia - MAAP","og_description":"Como o desmatamento continua a amea\u00e7ar as florestas prim\u00e1rias na Amaz\u00f4nia, as principais\u00a0\u00a0designa\u00e7\u00f5es de uso da terra\u00a0\u00a0s\u00e3o uma das melhores esperan\u00e7as para a conserva\u00e7\u00e3o a longo prazo das florestas intactas restantes. Aqui, avaliamos o impacto de dois dos mais importantes:\u00a0\u00a0\u00e1reas protegidas e territ\u00f3rios ind\u00edgenas\u00a0. Nosso estudo analisou todos os nove pa\u00edses do bioma Amaz\u00f4nia, uma [&hellip;]","og_url":"https:\/\/www.maapprogram.org\/pt-br\/maap-183-portugues\/","og_site_name":"MAAP","article_published_time":"2023-03-15T12:11:00+00:00","article_modified_time":"2024-09-26T18:15:38+00:00","og_image":[{"url":"https:\/\/www.maapprogram.org\/wp-content\/uploads\/2023\/01\/maaproject.org-protected-areas-amp-indigenous-territories-effective-against-deforestation-across-amazon-MAAP-PanAmz-Hybrid-PFL2017-2021-Defo-Fire-Eng-v3-200dpi-704x580.jpg","type":"","width":"","height":""}],"author":"MAAP Consultants","twitter_card":"summary_large_image","twitter_misc":{"Escrito por":"MAAP Consultants","Est. tempo de leitura":"8 minutos"},"schema":{"@context":"https:\/\/schema.org","@graph":[{"@type":"Article","@id":"https:\/\/www.maapprogram.org\/pt-br\/maap-183-portugues\/#article","isPartOf":{"@id":"https:\/\/www.maapprogram.org\/pt-br\/maap-183-portugues\/"},"author":{"name":"MAAP Consultants","@id":"https:\/\/www.maapprogram.org\/pt-br\/#\/schema\/person\/2f7133e3c0723ceecd6dabc9b4f198ce"},"headline":"MAAP #183: \u00c1reas Protegidas e Territ\u00f3rios Ind\u00edgenas Eficazes Contra o Desmatamento na Amaz\u00f4nia","datePublished":"2023-03-15T12:11:00+00:00","dateModified":"2024-09-26T18:15:38+00:00","mainEntityOfPage":{"@id":"https:\/\/www.maapprogram.org\/pt-br\/maap-183-portugues\/"},"wordCount":1704,"image":{"@id":"https:\/\/www.maapprogram.org\/pt-br\/maap-183-portugues\/#primaryimage"},"thumbnailUrl":"https:\/\/www.maapprogram.org\/wp-content\/uploads\/2023\/01\/maaproject.org-protected-areas-amp-indigenous-territories-effective-against-deforestation-across-amazon-MAAP-PanAmz-Hybrid-PFL2017-2021-Defo-Fire-Eng-v3-200dpi-704x580.jpg","articleSection":["N\u00e3o categorizado"],"inLanguage":"pt-BR"},{"@type":"WebPage","@id":"https:\/\/www.maapprogram.org\/pt-br\/maap-183-portugues\/","url":"https:\/\/www.maapprogram.org\/pt-br\/maap-183-portugues\/","name":"MAAP #183: \u00c1reas Protegidas e Territ\u00f3rios Ind\u00edgenas Eficazes Contra o Desmatamento na Amaz\u00f4nia - MAAP","isPartOf":{"@id":"https:\/\/www.maapprogram.org\/pt-br\/#website"},"primaryImageOfPage":{"@id":"https:\/\/www.maapprogram.org\/pt-br\/maap-183-portugues\/#primaryimage"},"image":{"@id":"https:\/\/www.maapprogram.org\/pt-br\/maap-183-portugues\/#primaryimage"},"thumbnailUrl":"https:\/\/www.maapprogram.org\/wp-content\/uploads\/2023\/01\/maaproject.org-protected-areas-amp-indigenous-territories-effective-against-deforestation-across-amazon-MAAP-PanAmz-Hybrid-PFL2017-2021-Defo-Fire-Eng-v3-200dpi-704x580.jpg","datePublished":"2023-03-15T12:11:00+00:00","dateModified":"2024-09-26T18:15:38+00:00","author":{"@id":"https:\/\/www.maapprogram.org\/pt-br\/#\/schema\/person\/2f7133e3c0723ceecd6dabc9b4f198ce"},"breadcrumb":{"@id":"https:\/\/www.maapprogram.org\/pt-br\/maap-183-portugues\/#breadcrumb"},"inLanguage":"pt-BR","potentialAction":[{"@type":"ReadAction","target":["https:\/\/www.maapprogram.org\/pt-br\/maap-183-portugues\/"]}]},{"@type":"ImageObject","inLanguage":"pt-BR","@id":"https:\/\/www.maapprogram.org\/pt-br\/maap-183-portugues\/#primaryimage","url":"https:\/\/www.maapprogram.org\/wp-content\/uploads\/2023\/01\/maaproject.org-protected-areas-amp-indigenous-territories-effective-against-deforestation-across-amazon-MAAP-PanAmz-Hybrid-PFL2017-2021-Defo-Fire-Eng-v3-200dpi-704x580.jpg","contentUrl":"https:\/\/www.maapprogram.org\/wp-content\/uploads\/2023\/01\/maaproject.org-protected-areas-amp-indigenous-territories-effective-against-deforestation-across-amazon-MAAP-PanAmz-Hybrid-PFL2017-2021-Defo-Fire-Eng-v3-200dpi-704x580.jpg"},{"@type":"BreadcrumbList","@id":"https:\/\/www.maapprogram.org\/pt-br\/maap-183-portugues\/#breadcrumb","itemListElement":[{"@type":"ListItem","position":1,"name":"Home","item":"https:\/\/www.maapprogram.org\/pt-br\/"},{"@type":"ListItem","position":2,"name":"MAAP #183: \u00c1reas Protegidas e Territ\u00f3rios Ind\u00edgenas Eficazes Contra o Desmatamento na Amaz\u00f4nia"}]},{"@type":"WebSite","@id":"https:\/\/www.maapprogram.org\/pt-br\/#website","url":"https:\/\/www.maapprogram.org\/pt-br\/","name":"MAAP","description":"","potentialAction":[{"@type":"SearchAction","target":{"@type":"EntryPoint","urlTemplate":"https:\/\/www.maapprogram.org\/pt-br\/?s={search_term_string}"},"query-input":{"@type":"PropertyValueSpecification","valueRequired":true,"valueName":"search_term_string"}}],"inLanguage":"pt-BR"},{"@type":"Person","@id":"https:\/\/www.maapprogram.org\/pt-br\/#\/schema\/person\/2f7133e3c0723ceecd6dabc9b4f198ce","name":"MAAP Consultants","image":{"@type":"ImageObject","inLanguage":"pt-BR","@id":"https:\/\/secure.gravatar.com\/avatar\/5889bd7805b73b186236cf81236e7511b08707f4115893e4569c33d93f127911?s=96&d=mm&r=g","url":"https:\/\/secure.gravatar.com\/avatar\/5889bd7805b73b186236cf81236e7511b08707f4115893e4569c33d93f127911?s=96&d=mm&r=g","contentUrl":"https:\/\/secure.gravatar.com\/avatar\/5889bd7805b73b186236cf81236e7511b08707f4115893e4569c33d93f127911?s=96&d=mm&r=g","caption":"MAAP Consultants"},"url":"https:\/\/www.maapprogram.org\/pt-br\/author\/maapconsultants\/"}]}},"_links":{"self":[{"href":"https:\/\/www.maapprogram.org\/pt-br\/wp-json\/wp\/v2\/posts\/22772","targetHints":{"allow":["GET"]}}],"collection":[{"href":"https:\/\/www.maapprogram.org\/pt-br\/wp-json\/wp\/v2\/posts"}],"about":[{"href":"https:\/\/www.maapprogram.org\/pt-br\/wp-json\/wp\/v2\/types\/post"}],"author":[{"embeddable":true,"href":"https:\/\/www.maapprogram.org\/pt-br\/wp-json\/wp\/v2\/users\/4"}],"replies":[{"embeddable":true,"href":"https:\/\/www.maapprogram.org\/pt-br\/wp-json\/wp\/v2\/comments?post=22772"}],"version-history":[{"count":2,"href":"https:\/\/www.maapprogram.org\/pt-br\/wp-json\/wp\/v2\/posts\/22772\/revisions"}],"predecessor-version":[{"id":24054,"href":"https:\/\/www.maapprogram.org\/pt-br\/wp-json\/wp\/v2\/posts\/22772\/revisions\/24054"}],"wp:attachment":[{"href":"https:\/\/www.maapprogram.org\/pt-br\/wp-json\/wp\/v2\/media?parent=22772"}],"wp:term":[{"taxonomy":"category","embeddable":true,"href":"https:\/\/www.maapprogram.org\/pt-br\/wp-json\/wp\/v2\/categories?post=22772"},{"taxonomy":"post_tag","embeddable":true,"href":"https:\/\/www.maapprogram.org\/pt-br\/wp-json\/wp\/v2\/tags?post=22772"},{"taxonomy":"ftr_agriculture","embeddable":true,"href":"https:\/\/www.maapprogram.org\/pt-br\/wp-json\/wp\/v2\/ftr_agriculture?post=22772"},{"taxonomy":"carbon-and-climate-change","embeddable":true,"href":"https:\/\/www.maapprogram.org\/pt-br\/wp-json\/wp\/v2\/carbon-and-climate-change?post=22772"},{"taxonomy":"ftr_country","embeddable":true,"href":"https:\/\/www.maapprogram.org\/pt-br\/wp-json\/wp\/v2\/ftr_country?post=22772"},{"taxonomy":"fire","embeddable":true,"href":"https:\/\/www.maapprogram.org\/pt-br\/wp-json\/wp\/v2\/fire?post=22772"},{"taxonomy":"infrastructure-threat","embeddable":true,"href":"https:\/\/www.maapprogram.org\/pt-br\/wp-json\/wp\/v2\/infrastructure-threat?post=22772"},{"taxonomy":"land-use","embeddable":true,"href":"https:\/\/www.maapprogram.org\/pt-br\/wp-json\/wp\/v2\/land-use?post=22772"},{"taxonomy":"mining-and-logging-threat","embeddable":true,"href":"https:\/\/www.maapprogram.org\/pt-br\/wp-json\/wp\/v2\/mining-and-logging-threat?post=22772"},{"taxonomy":"natural-forest-loss","embeddable":true,"href":"https:\/\/www.maapprogram.org\/pt-br\/wp-json\/wp\/v2\/natural-forest-loss?post=22772"},{"taxonomy":"special-analysis","embeddable":true,"href":"https:\/\/www.maapprogram.org\/pt-br\/wp-json\/wp\/v2\/special-analysis?post=22772"}],"curies":[{"name":"wp","href":"https:\/\/api.w.org\/{rel}","templated":true}]}}