{"id":22796,"date":"2022-09-16T11:43:00","date_gmt":"2022-09-16T11:43:00","guid":{"rendered":"https:\/\/www.maapprogram.org\/?p=22796"},"modified":"2024-09-26T18:15:14","modified_gmt":"2024-09-26T18:15:14","slug":"maap-164-portugues","status":"publish","type":"post","link":"https:\/\/www.maapprogram.org\/pt-br\/maap-164-portugues\/","title":{"rendered":"MAAP #164: Ponto de inflex\u00e3o da Amazon \u2013 Onde estamos?"},"content":{"rendered":"<div id=\"attachment_11241\" class=\"thumbnail alignright\"><a href=\"https:\/\/www.maapprogram.org\/wp-content\/uploads\/2022\/09\/maaproject.org-maap-164-amazon-tipping-point-where-are-we-Map2-Total-Deforestation-AmzBiog-200dpi-Eng.jpg\"><img decoding=\"async\" class=\"wp-image-11241 size-medium\" src=\"https:\/\/www.maapprogram.org\/wp-content\/uploads\/2022\/09\/maaproject.org-maap-164-amazon-tipping-point-where-are-we-Map2-Total-Deforestation-AmzBiog-200dpi-Eng-720x580.jpg\" alt=\"\" width=\"720\" height=\"580\" \/><\/a><div class=\"caption\"><i><span style=\"font-weight: 400;\">Mapa Base. Perda total da floresta amaz\u00f4nica. Dados: ACA\/MAAP.<\/span><\/i><\/div><\/div>\n<p><span style=\"font-weight: 400;\">\u00c9 cada vez mais relatado que a maior floresta tropical do mundo, a <\/span><b>Amaz\u00f4nia<\/b><span style=\"font-weight: 400;\"> , est\u00e1 se aproximando rapidamente de um\u00a0 <\/span><b>ponto cr\u00edtico<\/b><span style=\"font-weight: 400;\"> .<\/span><\/p>\n<p><span style=\"font-weight: 400;\">Conforme destacado repetidamente pelo falecido <\/span><b>Tom Lovejoy<\/b><span style=\"font-weight: 400;\"> (ver Agradecimentos), esse ponto de inflex\u00e3o \u00e9 onde partes da floresta tropical se converter\u00e3o em ecossistemas mais secos devido a padr\u00f5es de precipita\u00e7\u00e3o interrompidos e esta\u00e7\u00f5es secas mais intensas, ambos exacerbados pelo desmatamento.<\/span><\/p>\n<p><span style=\"font-weight: 400;\">A Amaz\u00f4nia gera grande parte de sua pr\u00f3pria precipita\u00e7\u00e3o reciclando \u00e1gua conforme o ar passa de sua principal fonte no Oceano Atl\u00e2ntico. Assim, o alto desmatamento na Amaz\u00f4nia oriental pode levar a impactos a favor do vento na Amaz\u00f4nia central e ocidental (veja a se\u00e7\u00e3o Background abaixo).<\/span><\/p>\n<p><span style=\"font-weight: 400;\">A literatura cient\u00edfica indica que esse ponto de inflex\u00e3o pode ser <\/span><b>desencadeado por uma perda de 25%<\/b><span style=\"font-weight: 400;\"> da floresta amaz\u00f4nica, em conjunto com os impactos das mudan\u00e7as clim\u00e1ticas.<\/span><\/p>\n<p><span style=\"font-weight: 400;\">A literatura, no entanto, \u00e9 menos clara sobre a primeira parte cr\u00edtica da equa\u00e7\u00e3o do ponto de inflex\u00e3o: <\/span><b>quanto da Amaz\u00f4nia j\u00e1 foi perdido?<\/b><\/p>\n<p><span style=\"font-weight: 400;\">H\u00e1 in\u00fameras estimativas, incluindo 14% de perda florestal citada no recente relat\u00f3rio do Painel Cient\u00edfico para a Amaz\u00f4nia, mas n\u00e3o encontramos nenhum estudo definitivo abordando especificamente essa quest\u00e3o.<\/span><\/p>\n<p><span style=\"font-weight: 400;\">Aqui, abordamos diretamente a quest\u00e3o fundamental de quanto da Amaz\u00f4nia original foi perdido at\u00e9 hoje<\/span><span style=\"font-weight: 400;\"> .<\/span><\/p>\n<p><span style=\"font-weight: 400;\">Primeiro, apresentamos a primeira estimativa rigorosa conhecida da <\/span><b>floresta original do bioma amaz\u00f4nico<\/b><span style=\"font-weight: 400;\"> antes da coloniza\u00e7\u00e3o europeia: mais de <\/span><b>647 milh\u00f5es de hectares<\/b><span style=\"font-weight: 400;\"> (1,6 bilh\u00e3o de acres; veja a Imagem 1 abaixo).<\/span><\/p>\n<p><span style=\"font-weight: 400;\">Em segundo lugar, estimamos a <\/span><b>perda total acumulada da floresta amaz\u00f4nica<\/b><span style=\"font-weight: 400;\"> , desde a estimativa original at\u00e9 o presente: mais de <\/span><b>85 milh\u00f5es de hectares<\/b><span style=\"font-weight: 400;\"> (211 milh\u00f5es de acres; veja Mapa Base).<\/span><\/p>\n<p><span style=\"font-weight: 400;\">Combinando esses dois resultados, estimamos que <\/span><b>13%<\/b><span style=\"font-weight: 400;\"> da floresta original do bioma amaz\u00f4nico foi perdida.<\/span><\/p>\n<p><span style=\"font-weight: 400;\">Mais importante, no entanto, focando apenas no ter\u00e7o oriental do bioma amaz\u00f4nico (veja a Imagem 2 abaixo), estimamos que <\/span><b>31%<\/b><span style=\"font-weight: 400;\"> da floresta original foi perdida, acima do limite especulado do ponto de inflex\u00e3o. Essa descoberta \u00e9 cr\u00edtica porque o ponto de inflex\u00e3o provavelmente ser\u00e1 desencadeado na Amaz\u00f4nia oriental, pois \u00e9 a mais pr\u00f3xima da fonte oce\u00e2nica da \u00e1gua que ent\u00e3o flui para a Amaz\u00f4nia central e ocidental.<\/span><\/p>\n<div class=\"fitem-sep\"><\/div>\n<h3><b>Floresta Amaz\u00f4nica Original<\/b><\/h3>\n<p><b>A Imagem 1<\/b><span style=\"font-weight: 400;\"> mostra a primeira estimativa conhecida da <\/span><b>floresta amaz\u00f4nica original<\/b><span style=\"font-weight: 400;\"> antes da coloniza\u00e7\u00e3o europeia. Note que usamos uma defini\u00e7\u00e3o biogeogr\u00e1fica mais ampla da Amaz\u00f4nia que abrange nove pa\u00edses (bioma amaz\u00f4nico) em vez da bacia hidrogr\u00e1fica amaz\u00f4nica estrita (veja Metodologia).<\/span><\/p>\n<div id=\"attachment_11235\" class=\"thumbnail aligncenter\"><a href=\"https:\/\/www.maapprogram.org\/wp-content\/uploads\/2022\/09\/maaproject.org-maap-164-amazon-tipping-point-where-are-we-Map1-OriginalForest-AmzBiog-200dpi-v5.jpg\"><img decoding=\"async\" class=\"wp-image-11235 size-medium\" src=\"https:\/\/www.maapprogram.org\/wp-content\/uploads\/2022\/09\/maaproject.org-maap-164-amazon-tipping-point-where-are-we-Map1-OriginalForest-AmzBiog-200dpi-v5-720x580.jpg\" alt=\"\" width=\"720\" height=\"580\" \/><\/a><div class=\"caption\"><i><span style=\"font-weight: 400;\">Imagem 1. Floresta original do bioma amaz\u00f4nico. Dados: ACA\/MAAP.<\/span><\/i><\/div><\/div>\n<p><span style=\"font-weight: 400;\">Isso representa o esfor\u00e7o mais rigoroso at\u00e9 hoje para recriar a Amaz\u00f4nia original. Por exemplo, tentamos recriar a floresta original perdida para reservat\u00f3rios de barragens hist\u00f3ricas.<\/span><\/p>\n<p><span style=\"font-weight: 400;\">O mapa tem apenas tr\u00eas classes: Floresta Amaz\u00f4nica original, N\u00e3o floresta original (como savana natural) e \u00c1gua.<\/span><\/p>\n<p><span style=\"font-weight: 400;\">Descobrimos que a floresta amaz\u00f4nica original cobria mais de <\/span><b>647 milh\u00f5es de hectares<\/b><span style=\"font-weight: 400;\"> (647.607.020 ha). Isso equivale a 1,6 bilh\u00e3o de acres.<\/span><\/p>\n<p><span style=\"font-weight: 400;\">Desse total, 61,4% ocorreram no Brasil, seguido por Peru (12%), Col\u00f4mbia (7%), Venezuela (6%) e Bol\u00edvia (5%). Os quatro pa\u00edses restantes (Equador, Guiana, Suriname e Guiana Francesa) comp\u00f5em os 8% finais.<\/span><\/p>\n<div class=\"fitem-sep\"><\/div>\n<h3><b>Perda da Floresta Amaz\u00f4nica<\/b><\/h3>\n<p><b>A imagem 2<\/b><span style=\"font-weight: 400;\"> mostra a <\/span><b>perda total acumulada da floresta amaz\u00f4nica<\/b><span style=\"font-weight: 400;\"> , desde a estimativa original at\u00e9 o presente (2022).<\/span><\/p>\n<div id=\"attachment_11246\" class=\"thumbnail aligncenter\"><a href=\"https:\/\/www.maapprogram.org\/wp-content\/uploads\/2022\/09\/maaproject.org-maap-164-amazon-tipping-point-where-are-we-Map2-Third-Total-Deforestation-AmzBiog-200dpi-v7.jpg\"><img decoding=\"async\" class=\"wp-image-11246 size-medium\" src=\"https:\/\/www.maapprogram.org\/wp-content\/uploads\/2022\/09\/maaproject.org-maap-164-amazon-tipping-point-where-are-we-Map2-Third-Total-Deforestation-AmzBiog-200dpi-v7-720x580.jpg\" alt=\"\" width=\"720\" height=\"580\" \/><\/a><div class=\"caption\"><i><span style=\"font-weight: 400;\">Imagem 2. Perda total da floresta amaz\u00f4nica. Linhas verticais indicam a Amaz\u00f4nia dividida em ter\u00e7os. Dados: ACA\/MAAP.<\/span><\/i><\/div><\/div>\n<p><span style=\"font-weight: 400;\">Da floresta original mencionada acima, documentamos a perda hist\u00f3rica de mais de <\/span><b>85 milh\u00f5es de hectares<\/b><span style=\"font-weight: 400;\"> (85.499.157 ha). Isso equivale a 211 milh\u00f5es de acres.<\/span><\/p>\n<p><span style=\"font-weight: 400;\">A maior perda ocorreu no Brasil (69,5 milh\u00f5es de ha), seguido pelo Peru (4,7 milh\u00f5es de ha), Col\u00f4mbia (4 milh\u00f5es de ha), Bol\u00edvia (3,8 milh\u00f5es de ha) e Venezuela (1,4 milh\u00f5es de ha). Os quatro pa\u00edses restantes (Equador, Guiana, Suriname e Guiana Francesa) comp\u00f5em os 1,9 milh\u00f5es de ha finais.<\/span><\/p>\n<p><span style=\"font-weight: 400;\">Comparando o bioma amaz\u00f4nico original, calculamos a perda hist\u00f3rica de <\/span><b>13,2%<\/b><span style=\"font-weight: 400;\"> da floresta amaz\u00f4nica original devido ao desmatamento e outras causas.<\/span><\/p>\n<p><span style=\"font-weight: 400;\">Mais importante, no entanto, descobrimos que <\/span><b>30,8%<\/b><span style=\"font-weight: 400;\"> da Amaz\u00f4nia original foi perdida no ter\u00e7o oriental do bioma amaz\u00f4nico (veja as linhas tracejadas verticais na Imagem 2), acima do limite especulado do ponto de inflex\u00e3o. Essa descoberta \u00e9 cr\u00edtica porque, como observado acima, o ponto de inflex\u00e3o provavelmente ser\u00e1 desencadeado no leste, pois \u00e9 a fonte da \u00e1gua que flui para a Amaz\u00f4nia central e ocidental.<\/span><\/p>\n<p><span style=\"font-weight: 400;\">Em contraste, descobrimos que 10,8% da Amaz\u00f4nia original foi perdida no ter\u00e7o central do bioma amaz\u00f4nico e 6,3% foi perdida no ter\u00e7o ocidental, ambos abaixo do limite especulado do ponto de inflex\u00e3o.<\/span><\/p>\n<div class=\"fitem-sep\"><\/div>\n<h3><b>Fundo<\/b><\/h3>\n<p><span style=\"font-weight: 400;\">A Amaz\u00f4nia gera cerca de metade de sua pr\u00f3pria precipita\u00e7\u00e3o reciclando umidade at\u00e9 6 vezes conforme as massas de ar se movem do Oceano Atl\u00e2ntico no leste atrav\u00e9s da bacia para o oeste. Assim, a floresta tropical desempenha um papel importante em se manter viva, reciclando \u00e1gua atrav\u00e9s de suas \u00e1rvores para gerar precipita\u00e7\u00e3o de leste a oeste.<\/span><\/p>\n<p><span style=\"font-weight: 400;\">Este ciclo hidrol\u00f3gico \u00fanico historicamente sustentou ecossistemas de florestas tropicais em vastas \u00e1reas distantes da principal fonte oce\u00e2nica.<\/span><\/p>\n<p><span style=\"font-weight: 400;\">Mas tamb\u00e9m levanta a quest\u00e3o de quanto desmatamento seria necess\u00e1rio para fazer com que o ciclo se degradasse a ponto de n\u00e3o ser mais capaz de sustentar essas florestas, da\u00ed a hip\u00f3tese do ponto de inflex\u00e3o da Amaz\u00f4nia.<\/span><\/p>\n<p><span style=\"font-weight: 400;\">Nesse cen\u00e1rio, as florestas tropicais se transformariam em ecossistemas mais secos, como matagais de copa aberta e savanas.<\/span><\/p>\n<p><span style=\"font-weight: 400;\">O conceito de ponto de inflex\u00e3o originalmente se referia a uma mudan\u00e7a abrupta no ecossistema, mas agora acredita-se que a mudan\u00e7a pode acontecer gradualmente (30-50 anos).<\/span><\/p>\n<p><span style=\"font-weight: 400;\">Vale ressaltar que a Amaz\u00f4nia ocidental, perto da Cordilheira dos Andes, provavelmente manteria suas florestas tropicais, j\u00e1 que as correntes de ar que fluem sobre as montanhas continuariam fazendo com que o vapor de \u00e1gua se condensasse e ca\u00edsse como chuva.<\/span><\/p>\n<div class=\"fitem-sep\"><\/div>\n<h3><b>Metodologia<\/b><\/h3>\n<p><span style=\"font-weight: 400;\">No centro deste trabalho, geramos duas estimativas principais: a floresta amaz\u00f4nica original e a perda hist\u00f3rica total da floresta amaz\u00f4nica.<\/span><\/p>\n<p><span style=\"font-weight: 400;\">Para ambas as estimativas, usamos o limite biogeogr\u00e1fico da Amaz\u00f4nia (conforme determinado pela RAISG 2020), que abrange nove pa\u00edses. Assim, usamos uma defini\u00e7\u00e3o mais ampla da Amaz\u00f4nia (bioma Amaz\u00f4nia) em vez da bacia hidrogr\u00e1fica estrita da Amaz\u00f4nia, que omite parte do bioma amaz\u00f4nico do nordeste.<\/span><\/p>\n<p><span style=\"font-weight: 400;\">Para a floresta amaz\u00f4nica original, definimos tr\u00eas classes principais: Floresta, N\u00e3o Floresta e \u00c1gua. Esta an\u00e1lise foi baseada em dados do MapBiomas Brasil (cole\u00e7\u00e3o 2 de 1990) com algumas modifica\u00e7\u00f5es adicionais. A Floresta Original foi composta por estas categorias do MapBiomas: Forma\u00e7\u00e3o Florestal, Manguezal, Floresta Inundada, Mosaico de Agricultura e Pastagem. A N\u00e3o Floresta foi composta por estas categorias do MapBiomas: Forma\u00e7\u00e3o de Savana, Forma\u00e7\u00e3o Natural N\u00e3o Florestal de Inunda\u00e7\u00e3o, Pastagem e Outras Forma\u00e7\u00f5es n\u00e3o Florestais. A \u00c1gua foi composta por estas categorias do MapBiomas: Rio, Lago, Oceano e Geleira.<\/span><\/p>\n<p><span style=\"font-weight: 400;\">Em seguida, fizemos uma s\u00e9rie de modifica\u00e7\u00f5es com edi\u00e7\u00f5es manuais com base em dados da Universidade de Maryland, INPE (Terrabrasilis), imagens de sat\u00e9lite ArcGis, mosaicos Planet, imagens Landsat do Google Earth Engine de 1984-1990 e dados oficiais do governo para v\u00e1rios pa\u00edses (Minist\u00e9rio do Meio Ambiente do Equador (MAE) e Peru (GeoBosques\/MINAM), Sistema de Monitoramento de Florestas e Carbono\/IDEAM da Col\u00f4mbia, Instituto Nacional de Pesquisas Espaciais do Brasil (INPE\/Terrabrasilis), Diretoria Geral de Manejo e Desenvolvimento Florestal da Bol\u00edvia (DGGDF) e Servi\u00e7o Nacional de \u00c1reas Protegidas da Bol\u00edvia (SERNAP).\u00a0 Como exemplo de uma modifica\u00e7\u00e3o importante, \u00e1reas desmatadas e reservat\u00f3rios de barragens hist\u00f3ricas foram alterados para Floresta Original com base em uma an\u00e1lise da imagem de sat\u00e9lite mais antiga dispon\u00edvel para a \u00e1rea (1984-1990). Tamb\u00e9m corrigimos algumas classifica\u00e7\u00f5es incorretas, como manchas de floresta em \u00e1reas claramente n\u00e3o florestais foram alteradas para N\u00e3o Floresta (e vice-versa) e \u00e1reas de floresta de montanha encontradas como \u00e1gua foram alteradas para Floresta. Al\u00e9m disso, \u00e1reas agr\u00edcolas e urbanas em \u00e1reas prov\u00e1veis \u200b\u200bde savana foram alteradas para N\u00e3o Floresta. Dados adicionais de \u00c1gua do MapBiomas com base em 1985 foram incorporados. No geral, nosso foco foi definir a Floresta Original da melhor forma poss\u00edvel; confus\u00f5es de dados entre as categorias N\u00e3o Floresta e \u00c1gua n\u00e3o foram trabalhadas t\u00e3o completamente.<\/span><\/p>\n<p><span style=\"font-weight: 400;\">Para a perda hist\u00f3rica total da floresta amaz\u00f4nica, usamos dados da Universidade de Maryland. Especificamente, primeiro usamos sua camada de dados &#8216;Tree Cover 2000\u2033 (&gt;30% de densidade do dossel) para estimar a perda hist\u00f3rica (pr\u00e9-2000) da floresta. Em seguida, adicionamos dados anuais de perda florestal de 2001 a 2021.<\/span><\/p>\n<p><span style=\"font-weight: 400;\">Finalmente, dividimos a floresta amaz\u00f4nica original pela perda hist\u00f3rica total para estimar quanto da Amaz\u00f4nia original foi perdido. Al\u00e9m disso, delimitamos a Amaz\u00f4nia em ter\u00e7os de acordo com a dist\u00e2ncia de leste a oeste no ponto mais largo. Ent\u00e3o estimamos quanto da Amaz\u00f4nia original foi perdido em cada uma dessas tr\u00eas se\u00e7\u00f5es.<\/span><\/p>\n<div class=\"fitem-sep\"><\/div>\n<h3><b>Refer\u00eancias<\/b><\/h3>\n<p><span style=\"font-weight: 400;\">(em ordem cronol\u00f3gica)<\/span><\/p>\n<p><span style=\"font-weight: 400;\">Sampaio, G., Nobre, C., Costa, MH, Satyamurty, P., Soares\u2010Filho, BS, &amp; Cardoso, M. (2007). Mudan\u00e7a clim\u00e1tica regional sobre a Amaz\u00f4nia oriental causada pela expans\u00e3o de pastagens e terras de cultivo de soja. Geophysical Research Letters, 34(17).<\/span><\/p>\n<p><span style=\"font-weight: 400;\">Hansen, MC et. al. (2013) Mapas globais de alta resolu\u00e7\u00e3o da mudan\u00e7a da cobertura florestal do s\u00e9culo XXI. Science 342.<\/span><\/p>\n<p><span style=\"font-weight: 400;\">Nobre et al. (2016) Riscos de uso da terra e mudan\u00e7as clim\u00e1ticas na Amaz\u00f4nia e a necessidade de um novo paradigma de desenvolvimento sustent\u00e1vel. PNAS, 113 (39).<\/span><\/p>\n<p><span style=\"font-weight: 400;\">Turubanova S., Potapov P., Tyukavina, A., e Hansen M. (2018) Perda cont\u00ednua de florestas prim\u00e1rias no Brasil, Rep\u00fablica Democr\u00e1tica do Congo e Indon\u00e9sia.\u00a0 <\/span><i><span style=\"font-weight: 400;\">Environmental Research Letters.<\/span><\/i><\/p>\n<p><span style=\"font-weight: 400;\">Lovejoy, TE, &amp; Nobre, C. (2018). Ponto de virada da Amazon. Science Advances, 4(2).<\/span><\/p>\n<p><span style=\"font-weight: 400;\">Lovejoy, TE, &amp; Nobre, C. (2019). Ponto de inflex\u00e3o da Amazon: \u00daltima chance para a\u00e7\u00e3o. Science Advances, 5 (12).<\/span><\/p>\n<p><span style=\"font-weight: 400;\">Bullock et. al. (2019) Estimativas baseadas em sat\u00e9lite revelam degrada\u00e7\u00e3o florestal generalizada na Amaz\u00f4nia. Glob Change Biol., 26.<\/span><\/p>\n<p><span style=\"font-weight: 400;\">Amigo, I. (2020) O fr\u00e1gil futuro da Amaz\u00f4nia. Natureza, 578.<\/span><\/p>\n<p><span style=\"font-weight: 400;\">MapBiomas. 2020. MapBiomas Amaz\u00f4nia v2.0.\u00a0 <\/span><a href=\"https:\/\/amazonia.mapbiomas.org\/\"><span style=\"font-weight: 400;\">https:\/\/amazonia.mapbiomas.org\/<\/span><\/a><span style=\"font-weight: 400;\"> .<\/span><\/p>\n<p><span style=\"font-weight: 400;\">Killeen (2021) Uma tempestade perfeita na selva amaz\u00f4nica<\/span><\/p>\n<p><span style=\"font-weight: 400;\">Berenguer E. et. al. (2021) Cap. 19. Drivers e impactos ecol\u00f3gicos do desmatamento e degrada\u00e7\u00e3o florestal. Em: Nobre C, Encalada et al. (Eds). Relat\u00f3rio de Avalia\u00e7\u00e3o da Amaz\u00f4nia 2021. Rede de Solu\u00e7\u00f5es para o Desenvolvimento Sustent\u00e1vel das Na\u00e7\u00f5es Unidas, Nova York, EUA. Dispon\u00edvel em https:\/\/www.theamazonwewant.org\/spa-reports<\/span><\/p>\n<p><span style=\"font-weight: 400;\">Hirota M et. al (2021) Science Panel for the Amazon, Cap. 24. Resili\u00eancia da Floresta Amaz\u00f4nica \u00e0s Mudan\u00e7as Globais: Avaliando o Risco de Pontos de Inflex\u00e3o. Em: Nobre C, Encalada et al. (Eds). Relat\u00f3rio de Avalia\u00e7\u00e3o da Amaz\u00f4nia 2021. Rede de Solu\u00e7\u00f5es para o Desenvolvimento Sustent\u00e1vel das Na\u00e7\u00f5es Unidas, Nova York, EUA. Dispon\u00edvel em https:\/\/www.theamazonwewant.org\/spa-reports\/<\/span><\/p>\n<p><span style=\"font-weight: 400;\">Wunderling et al (2022) Secas recorrentes aumentam o risco de eventos de tombamento em cascata ao ultrapassar as capacidades adaptativas na floresta amaz\u00f4nica. PNAS 119 (32) e2120777119.<\/span><\/p>\n<h3><\/h3>\n<div class=\"fitem-sep\"><\/div>\n<h3><b>Reconhecimentos<\/b><\/h3>\n<p><span style=\"font-weight: 400;\">Este relat\u00f3rio \u00e9 em mem\u00f3ria de <\/span><b>Tom Lovejoy<\/b><span style=\"font-weight: 400;\"> , que ajudou a lan\u00e7ar o conceito cr\u00edtico de um ponto de inflex\u00e3o da Amazon. A partir de 2019, colaboramos com Tom na avalia\u00e7\u00e3o de necessidades e na pesquisa de antecedentes por tr\u00e1s deste relat\u00f3rio.<\/span><\/p>\n<p><span style=\"font-weight: 400;\">Agradecemos a Carmen Thorndike por ajudar com a revis\u00e3o inicial da literatura, e <\/span><b>a Carlos Nobre<\/b><span style=\"font-weight: 400;\"> pela revis\u00e3o do relat\u00f3rio final. Agradecemos tamb\u00e9m a J. Beavers (ACA), A. Folhadella (ACA),\u00a0 ME Gutierrez (ACCA) e C. Josse (EcoCiencia) pelos coment\u00e1rios adicionais.<\/span><\/p>\n<p><span style=\"font-weight: 400;\">Este trabalho foi apoiado pela NORAD (Ag\u00eancia Norueguesa para Coopera\u00e7\u00e3o para o Desenvolvimento) e pelo ICFC (Fundo Internacional de Conserva\u00e7\u00e3o do Canad\u00e1).<\/span><\/p>\n<h3><\/h3>\n<p><a href=\"https:\/\/www.maapprogram.org\/wp-content\/uploads\/2021\/04\/maaproject.org-maap-138-as-brazil-negotiates-with-world-amazon-deforestation-continues-in-2021-maaproject.org-norad-icfc-maap-notext.png\"><img decoding=\"async\" class=\"aligncenter size-full wp-image-10173\" src=\"https:\/\/www.maapprogram.org\/wp-content\/uploads\/2021\/04\/maaproject.org-maap-138-as-brazil-negotiates-with-world-amazon-deforestation-continues-in-2021-maaproject.org-norad-icfc-maap-notext.png\" alt=\"\" \/><\/a><\/p>\n<div class=\"fitem-sep\"><\/div>\n<h3><b>Cita\u00e7\u00e3o<\/b><\/h3>\n<p><span style=\"font-weight: 400;\">Finer M, Mamani N (2022) Amazon Tipping Point \u2013 Onde estamos?. MAAP: 164.<\/span><\/p>\n","protected":false},"excerpt":{"rendered":"<p>\u00c9 cada vez mais relatado que a maior floresta tropical do mundo, a Amaz\u00f4nia , est\u00e1 se aproximando rapidamente de um\u00a0 ponto cr\u00edtico . Conforme destacado repetidamente pelo falecido Tom Lovejoy (ver Agradecimentos), esse ponto de inflex\u00e3o \u00e9 onde partes da floresta tropical se converter\u00e3o em ecossistemas mais secos devido a padr\u00f5es de precipita\u00e7\u00e3o interrompidos [&hellip;]<\/p>\n","protected":false},"author":4,"featured_media":0,"comment_status":"closed","ping_status":"closed","sticky":false,"template":"","format":"standard","meta":{"_acf_changed":false,"footnotes":""},"categories":[3],"tags":[],"ftr_agriculture":[],"carbon-and-climate-change":[],"ftr_country":[449,484,485,487,400,409,404],"fire":[],"infrastructure-threat":[],"land-use":[],"mining-and-logging-threat":[],"natural-forest-loss":[],"special-analysis":[465],"class_list":["post-22796","post","type-post","status-publish","format-standard","hentry","category-nao-categorizado","ftr_country-brasil","ftr_country-colombia-3","ftr_country-equador","ftr_country-guiana-francesa","ftr_country-peru","ftr_country-suriname","ftr_country-venezuela","special-analysis-ponto-de-inflexao"],"acf":[],"yoast_head":"<!-- This site is optimized with the Yoast SEO plugin v27.3 - https:\/\/yoast.com\/product\/yoast-seo-wordpress\/ -->\n<title>MAAP #164: Ponto de inflex\u00e3o da Amazon \u2013 Onde estamos? - MAAP<\/title>\n<meta name=\"robots\" content=\"index, follow, max-snippet:-1, max-image-preview:large, max-video-preview:-1\" \/>\n<link rel=\"canonical\" href=\"https:\/\/www.maapprogram.org\/pt-br\/maap-164-portugues\/\" \/>\n<meta property=\"og:locale\" content=\"pt_BR\" \/>\n<meta property=\"og:type\" content=\"article\" \/>\n<meta property=\"og:title\" content=\"MAAP #164: Ponto de inflex\u00e3o da Amazon \u2013 Onde estamos? - MAAP\" \/>\n<meta property=\"og:description\" content=\"\u00c9 cada vez mais relatado que a maior floresta tropical do mundo, a Amaz\u00f4nia , est\u00e1 se aproximando rapidamente de um\u00a0 ponto cr\u00edtico . Conforme destacado repetidamente pelo falecido Tom Lovejoy (ver Agradecimentos), esse ponto de inflex\u00e3o \u00e9 onde partes da floresta tropical se converter\u00e3o em ecossistemas mais secos devido a padr\u00f5es de precipita\u00e7\u00e3o interrompidos [&hellip;]\" \/>\n<meta property=\"og:url\" content=\"https:\/\/www.maapprogram.org\/pt-br\/maap-164-portugues\/\" \/>\n<meta property=\"og:site_name\" content=\"MAAP\" \/>\n<meta property=\"article:published_time\" content=\"2022-09-16T11:43:00+00:00\" \/>\n<meta property=\"article:modified_time\" content=\"2024-09-26T18:15:14+00:00\" \/>\n<meta property=\"og:image\" content=\"https:\/\/www.maapprogram.org\/wp-content\/uploads\/2022\/09\/maaproject.org-maap-164-amazon-tipping-point-where-are-we-Map2-Total-Deforestation-AmzBiog-200dpi-Eng-720x580.jpg\" \/>\n<meta name=\"author\" content=\"MAAP Consultants\" \/>\n<meta name=\"twitter:card\" content=\"summary_large_image\" \/>\n<meta name=\"twitter:label1\" content=\"Escrito por\" \/>\n\t<meta name=\"twitter:data1\" content=\"MAAP Consultants\" \/>\n\t<meta name=\"twitter:label2\" content=\"Est. tempo de leitura\" \/>\n\t<meta name=\"twitter:data2\" content=\"10 minutos\" \/>\n<script type=\"application\/ld+json\" class=\"yoast-schema-graph\">{\"@context\":\"https:\\\/\\\/schema.org\",\"@graph\":[{\"@type\":\"Article\",\"@id\":\"https:\\\/\\\/www.maapprogram.org\\\/pt-br\\\/maap-164-portugues\\\/#article\",\"isPartOf\":{\"@id\":\"https:\\\/\\\/www.maapprogram.org\\\/pt-br\\\/maap-164-portugues\\\/\"},\"author\":{\"name\":\"MAAP Consultants\",\"@id\":\"https:\\\/\\\/www.maapprogram.org\\\/pt-br\\\/#\\\/schema\\\/person\\\/2f7133e3c0723ceecd6dabc9b4f198ce\"},\"headline\":\"MAAP #164: Ponto de inflex\u00e3o da Amazon \u2013 Onde estamos?\",\"datePublished\":\"2022-09-16T11:43:00+00:00\",\"dateModified\":\"2024-09-26T18:15:14+00:00\",\"mainEntityOfPage\":{\"@id\":\"https:\\\/\\\/www.maapprogram.org\\\/pt-br\\\/maap-164-portugues\\\/\"},\"wordCount\":2078,\"image\":{\"@id\":\"https:\\\/\\\/www.maapprogram.org\\\/pt-br\\\/maap-164-portugues\\\/#primaryimage\"},\"thumbnailUrl\":\"https:\\\/\\\/www.maapprogram.org\\\/wp-content\\\/uploads\\\/2022\\\/09\\\/maaproject.org-maap-164-amazon-tipping-point-where-are-we-Map2-Total-Deforestation-AmzBiog-200dpi-Eng-720x580.jpg\",\"articleSection\":[\"N\u00e3o categorizado\"],\"inLanguage\":\"pt-BR\"},{\"@type\":\"WebPage\",\"@id\":\"https:\\\/\\\/www.maapprogram.org\\\/pt-br\\\/maap-164-portugues\\\/\",\"url\":\"https:\\\/\\\/www.maapprogram.org\\\/pt-br\\\/maap-164-portugues\\\/\",\"name\":\"MAAP #164: Ponto de inflex\u00e3o da Amazon \u2013 Onde estamos? - MAAP\",\"isPartOf\":{\"@id\":\"https:\\\/\\\/www.maapprogram.org\\\/pt-br\\\/#website\"},\"primaryImageOfPage\":{\"@id\":\"https:\\\/\\\/www.maapprogram.org\\\/pt-br\\\/maap-164-portugues\\\/#primaryimage\"},\"image\":{\"@id\":\"https:\\\/\\\/www.maapprogram.org\\\/pt-br\\\/maap-164-portugues\\\/#primaryimage\"},\"thumbnailUrl\":\"https:\\\/\\\/www.maapprogram.org\\\/wp-content\\\/uploads\\\/2022\\\/09\\\/maaproject.org-maap-164-amazon-tipping-point-where-are-we-Map2-Total-Deforestation-AmzBiog-200dpi-Eng-720x580.jpg\",\"datePublished\":\"2022-09-16T11:43:00+00:00\",\"dateModified\":\"2024-09-26T18:15:14+00:00\",\"author\":{\"@id\":\"https:\\\/\\\/www.maapprogram.org\\\/pt-br\\\/#\\\/schema\\\/person\\\/2f7133e3c0723ceecd6dabc9b4f198ce\"},\"breadcrumb\":{\"@id\":\"https:\\\/\\\/www.maapprogram.org\\\/pt-br\\\/maap-164-portugues\\\/#breadcrumb\"},\"inLanguage\":\"pt-BR\",\"potentialAction\":[{\"@type\":\"ReadAction\",\"target\":[\"https:\\\/\\\/www.maapprogram.org\\\/pt-br\\\/maap-164-portugues\\\/\"]}]},{\"@type\":\"ImageObject\",\"inLanguage\":\"pt-BR\",\"@id\":\"https:\\\/\\\/www.maapprogram.org\\\/pt-br\\\/maap-164-portugues\\\/#primaryimage\",\"url\":\"https:\\\/\\\/www.maapprogram.org\\\/wp-content\\\/uploads\\\/2022\\\/09\\\/maaproject.org-maap-164-amazon-tipping-point-where-are-we-Map2-Total-Deforestation-AmzBiog-200dpi-Eng-720x580.jpg\",\"contentUrl\":\"https:\\\/\\\/www.maapprogram.org\\\/wp-content\\\/uploads\\\/2022\\\/09\\\/maaproject.org-maap-164-amazon-tipping-point-where-are-we-Map2-Total-Deforestation-AmzBiog-200dpi-Eng-720x580.jpg\"},{\"@type\":\"BreadcrumbList\",\"@id\":\"https:\\\/\\\/www.maapprogram.org\\\/pt-br\\\/maap-164-portugues\\\/#breadcrumb\",\"itemListElement\":[{\"@type\":\"ListItem\",\"position\":1,\"name\":\"Home\",\"item\":\"https:\\\/\\\/www.maapprogram.org\\\/pt-br\\\/\"},{\"@type\":\"ListItem\",\"position\":2,\"name\":\"MAAP #164: Ponto de inflex\u00e3o da Amazon \u2013 Onde estamos?\"}]},{\"@type\":\"WebSite\",\"@id\":\"https:\\\/\\\/www.maapprogram.org\\\/pt-br\\\/#website\",\"url\":\"https:\\\/\\\/www.maapprogram.org\\\/pt-br\\\/\",\"name\":\"MAAP\",\"description\":\"\",\"potentialAction\":[{\"@type\":\"SearchAction\",\"target\":{\"@type\":\"EntryPoint\",\"urlTemplate\":\"https:\\\/\\\/www.maapprogram.org\\\/pt-br\\\/?s={search_term_string}\"},\"query-input\":{\"@type\":\"PropertyValueSpecification\",\"valueRequired\":true,\"valueName\":\"search_term_string\"}}],\"inLanguage\":\"pt-BR\"},{\"@type\":\"Person\",\"@id\":\"https:\\\/\\\/www.maapprogram.org\\\/pt-br\\\/#\\\/schema\\\/person\\\/2f7133e3c0723ceecd6dabc9b4f198ce\",\"name\":\"MAAP Consultants\",\"image\":{\"@type\":\"ImageObject\",\"inLanguage\":\"pt-BR\",\"@id\":\"https:\\\/\\\/secure.gravatar.com\\\/avatar\\\/5889bd7805b73b186236cf81236e7511b08707f4115893e4569c33d93f127911?s=96&d=mm&r=g\",\"url\":\"https:\\\/\\\/secure.gravatar.com\\\/avatar\\\/5889bd7805b73b186236cf81236e7511b08707f4115893e4569c33d93f127911?s=96&d=mm&r=g\",\"contentUrl\":\"https:\\\/\\\/secure.gravatar.com\\\/avatar\\\/5889bd7805b73b186236cf81236e7511b08707f4115893e4569c33d93f127911?s=96&d=mm&r=g\",\"caption\":\"MAAP Consultants\"},\"url\":\"https:\\\/\\\/www.maapprogram.org\\\/pt-br\\\/author\\\/maapconsultants\\\/\"}]}<\/script>\n<!-- \/ Yoast SEO plugin. -->","yoast_head_json":{"title":"MAAP #164: Ponto de inflex\u00e3o da Amazon \u2013 Onde estamos? - MAAP","robots":{"index":"index","follow":"follow","max-snippet":"max-snippet:-1","max-image-preview":"max-image-preview:large","max-video-preview":"max-video-preview:-1"},"canonical":"https:\/\/www.maapprogram.org\/pt-br\/maap-164-portugues\/","og_locale":"pt_BR","og_type":"article","og_title":"MAAP #164: Ponto de inflex\u00e3o da Amazon \u2013 Onde estamos? - MAAP","og_description":"\u00c9 cada vez mais relatado que a maior floresta tropical do mundo, a Amaz\u00f4nia , est\u00e1 se aproximando rapidamente de um\u00a0 ponto cr\u00edtico . Conforme destacado repetidamente pelo falecido Tom Lovejoy (ver Agradecimentos), esse ponto de inflex\u00e3o \u00e9 onde partes da floresta tropical se converter\u00e3o em ecossistemas mais secos devido a padr\u00f5es de precipita\u00e7\u00e3o interrompidos [&hellip;]","og_url":"https:\/\/www.maapprogram.org\/pt-br\/maap-164-portugues\/","og_site_name":"MAAP","article_published_time":"2022-09-16T11:43:00+00:00","article_modified_time":"2024-09-26T18:15:14+00:00","og_image":[{"url":"https:\/\/www.maapprogram.org\/wp-content\/uploads\/2022\/09\/maaproject.org-maap-164-amazon-tipping-point-where-are-we-Map2-Total-Deforestation-AmzBiog-200dpi-Eng-720x580.jpg","type":"","width":"","height":""}],"author":"MAAP Consultants","twitter_card":"summary_large_image","twitter_misc":{"Escrito por":"MAAP Consultants","Est. tempo de leitura":"10 minutos"},"schema":{"@context":"https:\/\/schema.org","@graph":[{"@type":"Article","@id":"https:\/\/www.maapprogram.org\/pt-br\/maap-164-portugues\/#article","isPartOf":{"@id":"https:\/\/www.maapprogram.org\/pt-br\/maap-164-portugues\/"},"author":{"name":"MAAP Consultants","@id":"https:\/\/www.maapprogram.org\/pt-br\/#\/schema\/person\/2f7133e3c0723ceecd6dabc9b4f198ce"},"headline":"MAAP #164: Ponto de inflex\u00e3o da Amazon \u2013 Onde estamos?","datePublished":"2022-09-16T11:43:00+00:00","dateModified":"2024-09-26T18:15:14+00:00","mainEntityOfPage":{"@id":"https:\/\/www.maapprogram.org\/pt-br\/maap-164-portugues\/"},"wordCount":2078,"image":{"@id":"https:\/\/www.maapprogram.org\/pt-br\/maap-164-portugues\/#primaryimage"},"thumbnailUrl":"https:\/\/www.maapprogram.org\/wp-content\/uploads\/2022\/09\/maaproject.org-maap-164-amazon-tipping-point-where-are-we-Map2-Total-Deforestation-AmzBiog-200dpi-Eng-720x580.jpg","articleSection":["N\u00e3o categorizado"],"inLanguage":"pt-BR"},{"@type":"WebPage","@id":"https:\/\/www.maapprogram.org\/pt-br\/maap-164-portugues\/","url":"https:\/\/www.maapprogram.org\/pt-br\/maap-164-portugues\/","name":"MAAP #164: Ponto de inflex\u00e3o da Amazon \u2013 Onde estamos? - MAAP","isPartOf":{"@id":"https:\/\/www.maapprogram.org\/pt-br\/#website"},"primaryImageOfPage":{"@id":"https:\/\/www.maapprogram.org\/pt-br\/maap-164-portugues\/#primaryimage"},"image":{"@id":"https:\/\/www.maapprogram.org\/pt-br\/maap-164-portugues\/#primaryimage"},"thumbnailUrl":"https:\/\/www.maapprogram.org\/wp-content\/uploads\/2022\/09\/maaproject.org-maap-164-amazon-tipping-point-where-are-we-Map2-Total-Deforestation-AmzBiog-200dpi-Eng-720x580.jpg","datePublished":"2022-09-16T11:43:00+00:00","dateModified":"2024-09-26T18:15:14+00:00","author":{"@id":"https:\/\/www.maapprogram.org\/pt-br\/#\/schema\/person\/2f7133e3c0723ceecd6dabc9b4f198ce"},"breadcrumb":{"@id":"https:\/\/www.maapprogram.org\/pt-br\/maap-164-portugues\/#breadcrumb"},"inLanguage":"pt-BR","potentialAction":[{"@type":"ReadAction","target":["https:\/\/www.maapprogram.org\/pt-br\/maap-164-portugues\/"]}]},{"@type":"ImageObject","inLanguage":"pt-BR","@id":"https:\/\/www.maapprogram.org\/pt-br\/maap-164-portugues\/#primaryimage","url":"https:\/\/www.maapprogram.org\/wp-content\/uploads\/2022\/09\/maaproject.org-maap-164-amazon-tipping-point-where-are-we-Map2-Total-Deforestation-AmzBiog-200dpi-Eng-720x580.jpg","contentUrl":"https:\/\/www.maapprogram.org\/wp-content\/uploads\/2022\/09\/maaproject.org-maap-164-amazon-tipping-point-where-are-we-Map2-Total-Deforestation-AmzBiog-200dpi-Eng-720x580.jpg"},{"@type":"BreadcrumbList","@id":"https:\/\/www.maapprogram.org\/pt-br\/maap-164-portugues\/#breadcrumb","itemListElement":[{"@type":"ListItem","position":1,"name":"Home","item":"https:\/\/www.maapprogram.org\/pt-br\/"},{"@type":"ListItem","position":2,"name":"MAAP #164: Ponto de inflex\u00e3o da Amazon \u2013 Onde estamos?"}]},{"@type":"WebSite","@id":"https:\/\/www.maapprogram.org\/pt-br\/#website","url":"https:\/\/www.maapprogram.org\/pt-br\/","name":"MAAP","description":"","potentialAction":[{"@type":"SearchAction","target":{"@type":"EntryPoint","urlTemplate":"https:\/\/www.maapprogram.org\/pt-br\/?s={search_term_string}"},"query-input":{"@type":"PropertyValueSpecification","valueRequired":true,"valueName":"search_term_string"}}],"inLanguage":"pt-BR"},{"@type":"Person","@id":"https:\/\/www.maapprogram.org\/pt-br\/#\/schema\/person\/2f7133e3c0723ceecd6dabc9b4f198ce","name":"MAAP Consultants","image":{"@type":"ImageObject","inLanguage":"pt-BR","@id":"https:\/\/secure.gravatar.com\/avatar\/5889bd7805b73b186236cf81236e7511b08707f4115893e4569c33d93f127911?s=96&d=mm&r=g","url":"https:\/\/secure.gravatar.com\/avatar\/5889bd7805b73b186236cf81236e7511b08707f4115893e4569c33d93f127911?s=96&d=mm&r=g","contentUrl":"https:\/\/secure.gravatar.com\/avatar\/5889bd7805b73b186236cf81236e7511b08707f4115893e4569c33d93f127911?s=96&d=mm&r=g","caption":"MAAP Consultants"},"url":"https:\/\/www.maapprogram.org\/pt-br\/author\/maapconsultants\/"}]}},"_links":{"self":[{"href":"https:\/\/www.maapprogram.org\/pt-br\/wp-json\/wp\/v2\/posts\/22796","targetHints":{"allow":["GET"]}}],"collection":[{"href":"https:\/\/www.maapprogram.org\/pt-br\/wp-json\/wp\/v2\/posts"}],"about":[{"href":"https:\/\/www.maapprogram.org\/pt-br\/wp-json\/wp\/v2\/types\/post"}],"author":[{"embeddable":true,"href":"https:\/\/www.maapprogram.org\/pt-br\/wp-json\/wp\/v2\/users\/4"}],"replies":[{"embeddable":true,"href":"https:\/\/www.maapprogram.org\/pt-br\/wp-json\/wp\/v2\/comments?post=22796"}],"version-history":[{"count":1,"href":"https:\/\/www.maapprogram.org\/pt-br\/wp-json\/wp\/v2\/posts\/22796\/revisions"}],"predecessor-version":[{"id":22797,"href":"https:\/\/www.maapprogram.org\/pt-br\/wp-json\/wp\/v2\/posts\/22796\/revisions\/22797"}],"wp:attachment":[{"href":"https:\/\/www.maapprogram.org\/pt-br\/wp-json\/wp\/v2\/media?parent=22796"}],"wp:term":[{"taxonomy":"category","embeddable":true,"href":"https:\/\/www.maapprogram.org\/pt-br\/wp-json\/wp\/v2\/categories?post=22796"},{"taxonomy":"post_tag","embeddable":true,"href":"https:\/\/www.maapprogram.org\/pt-br\/wp-json\/wp\/v2\/tags?post=22796"},{"taxonomy":"ftr_agriculture","embeddable":true,"href":"https:\/\/www.maapprogram.org\/pt-br\/wp-json\/wp\/v2\/ftr_agriculture?post=22796"},{"taxonomy":"carbon-and-climate-change","embeddable":true,"href":"https:\/\/www.maapprogram.org\/pt-br\/wp-json\/wp\/v2\/carbon-and-climate-change?post=22796"},{"taxonomy":"ftr_country","embeddable":true,"href":"https:\/\/www.maapprogram.org\/pt-br\/wp-json\/wp\/v2\/ftr_country?post=22796"},{"taxonomy":"fire","embeddable":true,"href":"https:\/\/www.maapprogram.org\/pt-br\/wp-json\/wp\/v2\/fire?post=22796"},{"taxonomy":"infrastructure-threat","embeddable":true,"href":"https:\/\/www.maapprogram.org\/pt-br\/wp-json\/wp\/v2\/infrastructure-threat?post=22796"},{"taxonomy":"land-use","embeddable":true,"href":"https:\/\/www.maapprogram.org\/pt-br\/wp-json\/wp\/v2\/land-use?post=22796"},{"taxonomy":"mining-and-logging-threat","embeddable":true,"href":"https:\/\/www.maapprogram.org\/pt-br\/wp-json\/wp\/v2\/mining-and-logging-threat?post=22796"},{"taxonomy":"natural-forest-loss","embeddable":true,"href":"https:\/\/www.maapprogram.org\/pt-br\/wp-json\/wp\/v2\/natural-forest-loss?post=22796"},{"taxonomy":"special-analysis","embeddable":true,"href":"https:\/\/www.maapprogram.org\/pt-br\/wp-json\/wp\/v2\/special-analysis?post=22796"}],"curies":[{"name":"wp","href":"https:\/\/api.w.org\/{rel}","templated":true}]}}