{"id":22813,"date":"2022-05-24T13:51:00","date_gmt":"2022-05-24T13:51:00","guid":{"rendered":"https:\/\/www.maapprogram.org\/?p=22813"},"modified":"2024-09-26T18:14:07","modified_gmt":"2024-09-26T18:14:07","slug":"maap-158-portugues","status":"publish","type":"post","link":"https:\/\/www.maapprogram.org\/pt-br\/maap-158-portugues\/","title":{"rendered":"MAAP #158: Pontos cr\u00edticos de desmatamento e inc\u00eandios na Amaz\u00f4nia 2021"},"content":{"rendered":"<div id=\"attachment_11020\" class=\"thumbnail alignright\"><a href=\"https:\/\/www.maapprogram.org\/wp-content\/uploads\/2022\/05\/maaproject.org-maap-158-amazon-deforestation-amp-fire-hotspots-2021-HS3-PFL-Fires-2021-Amz-Hybrid-M5-H7-VH14-May2022-Eng-v5.jpg\"><img decoding=\"async\" class=\"wp-image-11020 size-medium\" src=\"https:\/\/www.maapprogram.org\/wp-content\/uploads\/2022\/05\/maaproject.org-maap-158-amazon-deforestation-amp-fire-hotspots-2021-HS3-PFL-Fires-2021-Amz-Hybrid-M5-H7-VH14-May2022-Eng-v5-720x580.jpg\" alt=\"\" width=\"720\" height=\"580\" \/><\/a><div class=\"caption\"><i><span style=\"font-weight: 400;\">Mapa Base de Perda Florestal da Amaz\u00f4nia de 2021. Pontos cr\u00edticos de desmatamento e inc\u00eandios em todo o bioma da Amaz\u00f4nia. Dados: UMD\/GLAD, ACA\/MAAP.<\/span><\/i><\/div><\/div>\n<p><span style=\"font-weight: 400;\">Apresentamos uma an\u00e1lise detalhada dos principais <\/span><b>focos de perda florestal na Amaz\u00f4nia em 2021<\/b><span style=\"font-weight: 400;\"> , com base nos dados anuais finais produzidos pela Universidade de Maryland.\u00a0<\/span><\/p>\n<p><span style=\"font-weight: 400;\">Este conjunto de dados \u00e9 \u00fanico porque distingue a perda florestal do inc\u00eandio, deixando o restante como um indicador pr\u00f3ximo do desmatamento.<\/span><\/p>\n<p><span style=\"font-weight: 400;\">Assim, pela primeira vez, os resultados incluem tanto <\/span><b>o desmatamento quanto os focos de inc\u00eandio<\/b><span style=\"font-weight: 400;\"> na Amaz\u00f4nia.<\/span><\/p>\n<p><span style=\"font-weight: 400;\">O Mapa Base (veja \u00e0 direita) e o Gr\u00e1fico de Resultados (veja abaixo) revelam v\u00e1rias <\/span><b>descobertas importantes<\/b><span style=\"font-weight: 400;\">\u00a0 : <\/span><span style=\"font-weight: 400;\">p<\/span><\/p>\n<ul>\n<li style=\"font-weight: 400;\" aria-level=\"1\"><span style=\"font-weight: 400;\">Em <\/span><b>2021<\/b><span style=\"font-weight: 400;\"> , estimamos a perda de <\/span><b>2 milh\u00f5es de hectares<\/b><span style=\"font-weight: 400;\"> (4,9 milh\u00f5es de acres) de floresta prim\u00e1ria nos nove pa\u00edses do bioma Amaz\u00f4nia. Esse total representa uma ligeira redu\u00e7\u00e3o em rela\u00e7\u00e3o a 2020, mas o 6\u00ba maior j\u00e1 registrado.<br \/>\n<\/span><span style=\"font-weight: 400;\"><br \/>\n<\/span><\/li>\n<li style=\"font-weight: 400;\" aria-level=\"1\"><span style=\"font-weight: 400;\">A grande maioria dessa perda foi <\/span><b>desmatamento<\/b><span style=\"font-weight: 400;\"> (78%), respondendo por 1,57 milh\u00e3o de hectares. Esse total representa um ligeiro aumento em rela\u00e7\u00e3o a 2020 e o 5\u00ba maior j\u00e1 registrado. Esse desmatamento impactou todo o trecho sul da Amaz\u00f4nia (sul do Brasil, Bol\u00edvia e Peru), al\u00e9m de mais ao norte na Col\u00f4mbia.<\/span><span style=\"font-weight: 400;\"><br \/>\n<\/span><span style=\"font-weight: 400;\">\u2003<\/span><\/li>\n<li style=\"font-weight: 400;\" aria-level=\"1\"><span style=\"font-weight: 400;\">Esse desmatamento se concentrou no <\/span><b>Brasil (73%)<\/b><span style=\"font-weight: 400;\"> , <\/span><b>Bol\u00edvia (10%)<\/b><span style=\"font-weight: 400;\"> , <\/span><b>Peru (8%)<\/b><span style=\"font-weight: 400;\"> e <\/span><b>Col\u00f4mbia (6%)<\/b><span style=\"font-weight: 400;\"> . No Brasil e na Bol\u00edvia, o desmatamento foi o mais alto desde 2017. No Peru e na Col\u00f4mbia, o desmatamento caiu em rela\u00e7\u00e3o a 2020, mas ainda era historicamente alto. Veja abaixo mapas e gr\u00e1ficos para cada pa\u00eds. Veja o Anexo para detalhes de 2020-21.<\/span><span style=\"font-weight: 400;\"><br \/>\n<\/span><span style=\"font-weight: 400;\">\u2003<\/span><\/li>\n<li style=\"font-weight: 400;\" aria-level=\"1\"><b>Os inc\u00eandios<\/b><span style=\"font-weight: 400;\"> causaram diretamente a perda de floresta prim\u00e1ria restante <\/span><b>\u00a0<\/b><span style=\"font-weight: 400;\">(22%), respondendo por 436.000 hectares. Esse total representa uma redu\u00e7\u00e3o em rela\u00e7\u00e3o \u00e0 severa temporada de inc\u00eandios de 2020, mas foi a quarta maior j\u00e1 registrada. Al\u00e9m disso, cada uma das seis temporadas de inc\u00eandios mais intensas ocorreu nos \u00faltimos seis anos. Mais de 90% do impacto do fogo ocorreu em apenas dois pa\u00edses: Brasil e Bol\u00edvia. Observe que os impactos do fogo se concentraram no sudeste de cada pa\u00eds (estados de Mato Grosso e Santa Cruz, respectivamente).<\/span><span style=\"font-weight: 400;\"><br \/>\n<\/span><span style=\"font-weight: 400;\">\u2003<\/span><\/li>\n<li style=\"font-weight: 400;\" aria-level=\"1\"><b>Desde 2002<\/b><span style=\"font-weight: 400;\"> , estimamos o desmatamento de mais de <\/span><b>27 milh\u00f5es de hectares<\/b><span style=\"font-weight: 400;\"> (67 milh\u00f5es de acres) de floresta prim\u00e1ria, maior que o tamanho do Reino Unido ou do estado americano do Colorado. Al\u00e9m disso, estimamos um impacto adicional de 6,7 milh\u00f5es de hectares devido a inc\u00eandios.<\/span><\/li>\n<\/ul>\n<p><span style=\"font-weight: 400;\">Abaixo<\/span><span style=\"font-weight: 400;\"> , ampliamos os quatro pa\u00edses com maior desmatamento (Brasil, Bol\u00edvia, Peru e Col\u00f4mbia), com mapas e an\u00e1lises adicionais<\/span><\/p>\n<div class=\"fitem-sep\"><\/div>\n<div id=\"attachment_11023\" class=\"thumbnail aligncenter\"><a href=\"https:\/\/www.maapprogram.org\/wp-content\/uploads\/2022\/05\/maaproject.org-maap-158-amazon-deforestation-amp-fire-hotspots-2021-Amazon-Primary-Forest-Loss-2002-2021-d.png\"><img decoding=\"async\" class=\"wp-image-11023 size-full\" src=\"https:\/\/www.maapprogram.org\/wp-content\/uploads\/2022\/05\/maaproject.org-maap-158-amazon-deforestation-amp-fire-hotspots-2021-Amazon-Primary-Forest-Loss-2002-2021-d.png\" alt=\"\" width=\"888\" height=\"549\" \/><\/a><div class=\"caption\">Gr\u00e1fico de resultados da perda da floresta amaz\u00f4nica, 2002-21. Dados: UMD\/GLAD, ACA\/MAAP.<\/div><\/div>\n<p>Em rela\u00e7\u00e3o ao\u00a0<strong>desmatamento<\/strong>\u00a0, observe que em 2021 houve um ligeiro aumento na Amaz\u00f4nia, continuando uma tend\u00eancia gradual de quatro anos. 2021 teve o 5\u00ba maior desmatamento j\u00e1 registrado (atr\u00e1s apenas de 2002, 2004, 2005 e 2017).<\/p>\n<p>Para\u00a0<strong>inc\u00eandios<\/strong>\u00a0, em 2021 houve uma redu\u00e7\u00e3o em rela\u00e7\u00e3o \u00e0 severa temporada de inc\u00eandios de 2020, mas foi a 4\u00aa maior j\u00e1 registrada (atr\u00e1s apenas de 2016, 2017 e 2020). Al\u00e9m disso, cada um dos \u00faltimos seis anos est\u00e1 entre as seis piores temporadas de inc\u00eandios na Amaz\u00f4nia.<\/p>\n<p>Em rela\u00e7\u00e3o \u00e0 perda total de florestas (desmatamento e inc\u00eandios combinados), em 2021 houve uma ligeira redu\u00e7\u00e3o em rela\u00e7\u00e3o a 2020, mas foi a 6\u00aa maior j\u00e1 registrada.<\/p>\n<div class=\"fitem-sep\"><\/div>\n<div id=\"attachment_11024\" class=\"thumbnail alignright\"><a href=\"https:\/\/www.maapprogram.org\/wp-content\/uploads\/2022\/05\/maaproject.org-maap-158-amazon-deforestation-amp-fire-hotspots-2021-Brazil-PFL-Fires-2021-Eng.jpg\"><img decoding=\"async\" class=\"wp-image-11024 size-medium\" src=\"https:\/\/www.maapprogram.org\/wp-content\/uploads\/2022\/05\/maaproject.org-maap-158-amazon-deforestation-amp-fire-hotspots-2021-Brazil-PFL-Fires-2021-Eng-785x580.jpg\" alt=\"\" width=\"785\" height=\"580\" \/><\/a><div class=\"caption\">Mapa Base do Brasil, 2021. Desmatamento e focos de inc\u00eandio na Amaz\u00f4nia brasileira. Dados: UMD\/GLAD, ACA\/MAAP.<\/div><\/div>\n<h3><strong>Amaz\u00f4nia brasileira<\/strong><\/h3>\n<p>Em 2021, a Amaz\u00f4nia brasileira perdeu\u00a0<strong>1,1 milh\u00e3o de hectares<\/strong>\u00a0de floresta prim\u00e1ria para o desmatamento. Inc\u00eandios impactaram diretamente mais 293.000 hectares.<\/p>\n<p>O desmatamento foi o mais alto desde 2017 e tamb\u00e9m o pico do in\u00edcio dos anos 2000 (6\u00ba mais alto j\u00e1 registrado). O impacto do fogo foi relativamente alto (5\u00ba mais alto j\u00e1 registrado), mas menor do que os anos de pico de 2016, 2017 e 2020.<\/p>\n<p>O desmatamento se concentrou nas principais\u00a0<strong>malhas rodovi\u00e1rias<\/strong>\u00a0, especialmente nas rodovias 163, 230, 319 e 364, nos estados do Acre, Amazonas, Par\u00e1 e Rond\u00f4nia (ver Mapa Base do Brasil).<\/p>\n<p>Os impactos diretos do fogo se concentraram no estado do Mato Grosso, no sudeste do pa\u00eds.<\/p>\n<p>Tamb\u00e9m \u00e9 importante observar que muitas \u00e1reas passaram pela\u00a0<strong>combina\u00e7\u00e3o<\/strong>\u00a0de desmatamento inicial seguido de inc\u00eandio para preparar a \u00e1rea para agricultura ou pecu\u00e1ria.<\/p>\n<div class=\"fitem-sep\"><\/div>\n<p><a href=\"https:\/\/www.maapprogram.org\/wp-content\/uploads\/2022\/05\/maaproject.org-maap-158-amazon-deforestation-amp-fire-hotspots-2021-Brazilian-Amazon-Primary-Forest-Loss-.png\"><img decoding=\"async\" class=\"aligncenter size-full wp-image-11030\" src=\"https:\/\/www.maapprogram.org\/wp-content\/uploads\/2022\/05\/maaproject.org-maap-158-amazon-deforestation-amp-fire-hotspots-2021-Brazilian-Amazon-Primary-Forest-Loss-.png\" alt=\"\" \/><\/a><\/p>\n<div class=\"fitem-sep\"><\/div>\n<div id=\"attachment_11025\" class=\"thumbnail alignright\"><a href=\"https:\/\/www.maapprogram.org\/wp-content\/uploads\/2022\/05\/maaproject.org-maap-158-amazon-deforestation-amp-fire-hotspots-2021-Bolivia-PFL-Fires-2021-Eng.jpg\"><img decoding=\"async\" class=\"wp-image-11025 size-medium\" src=\"https:\/\/www.maapprogram.org\/wp-content\/uploads\/2022\/05\/maaproject.org-maap-158-amazon-deforestation-amp-fire-hotspots-2021-Bolivia-PFL-Fires-2021-Eng-533x580.jpg\" alt=\"\" width=\"533\" height=\"580\" \/><\/a><div class=\"caption\">Mapa Base da Bol\u00edvia. Pontos cr\u00edticos de desmatamento na Amaz\u00f4nia boliviana. Dados: UMD\/GLAD, ACA\/MAAP.<\/div><\/div>\n<h3><strong>Amaz\u00f4nia boliviana<\/strong><\/h3>\n<p>Em 2021, a Amaz\u00f4nia boliviana perdeu\u00a0<strong>161.000 hectares<\/strong>\u00a0de floresta prim\u00e1ria para o desmatamento. Inc\u00eandios impactaram diretamente mais 106.000 hectares.<\/p>\n<p>O desmatamento foi o terceiro maior j\u00e1 registrado, atr\u00e1s apenas do pico de 2016 e 2017. O impacto dos inc\u00eandios foi o segundo maior j\u00e1 registrado, atr\u00e1s apenas do intenso ano de 2020 (portanto, os \u00faltimos dois anos s\u00e3o os dois maiores j\u00e1 registrados).<\/p>\n<p>Tanto o desmatamento quanto os inc\u00eandios se concentraram no departamento de Santa Cruz, no sudeste do pa\u00eds (veja o Mapa Base da Bol\u00edvia).<\/p>\n<p>Grande parte do desmatamento foi associado \u00e0 agricultura em larga escala, enquanto os inc\u00eandios mais uma vez impactaram importantes ecossistemas naturais, principalmente as florestas secas de Chiquitano.<\/p>\n<div class=\"fitem-sep\"><\/div>\n<p><a href=\"https:\/\/www.maapprogram.org\/wp-content\/uploads\/2022\/05\/maaproject.org-maap-158-amazon-deforestation-amp-fire-hotspots-2021-Bolivian-Amazon-Primary-Forest-Loss.png\"><img decoding=\"async\" class=\"aligncenter size-full wp-image-11031\" src=\"https:\/\/www.maapprogram.org\/wp-content\/uploads\/2022\/05\/maaproject.org-maap-158-amazon-deforestation-amp-fire-hotspots-2021-Bolivian-Amazon-Primary-Forest-Loss.png\" alt=\"\" \/><\/a><\/p>\n<div class=\"fitem-sep\"><\/div>\n<div id=\"attachment_11026\" class=\"thumbnail alignright\"><a href=\"https:\/\/www.maapprogram.org\/wp-content\/uploads\/2022\/05\/maaproject.org-maap-158-amazon-deforestation-amp-fire-hotspots-2021-Peru-PFL-Fires-2021-Eng.jpg\"><img decoding=\"async\" class=\"wp-image-11026 size-medium\" src=\"https:\/\/www.maapprogram.org\/wp-content\/uploads\/2022\/05\/maaproject.org-maap-158-amazon-deforestation-amp-fire-hotspots-2021-Peru-PFL-Fires-2021-Eng-448x580.jpg\" alt=\"\" width=\"448\" height=\"580\" \/><\/a><div class=\"caption\">Mapa Base do Peru. Pontos cr\u00edticos de desmatamento na Amaz\u00f4nia peruana. Dados: UMD\/GLAD, ACA\/MAAP.<\/div><\/div>\n<h3><strong>Amaz\u00f4nia peruana<\/strong><\/h3>\n<p>Em 2021, a Amaz\u00f4nia peruana perdeu\u00a0<strong>132.400 hectares<\/strong>\u00a0de floresta prim\u00e1ria para o desmatamento. Inc\u00eandios impactaram diretamente mais 21.800 hectares.<\/p>\n<p>O desmatamento caiu de um recorde de alta em 2020, mas foi o 6\u00ba maior j\u00e1 registrado. O impacto do fogo foi o segundo maior j\u00e1 registrado (atr\u00e1s apenas de 2017).<\/p>\n<p>O desmatamento se concentrou na Amaz\u00f4nia central e meridional (regi\u00f5es de Ucayali e Madre de Dios, respectivamente) (ver Mapa Base do Peru).<\/p>\n<p>Destacamos o r\u00e1pido desmatamento (365 hectares) para uma\u00a0<strong>nova col\u00f4nia menonita<\/strong>\u00a0em 2021, perto da cidade de Padre M\u00e1rquez (ver\u00a0<a href=\"https:\/\/www.maapprogram.org\/2021\/mennonites_peru-update\/\" data-feathr-click-track=\"true\" data-feathr-link-aids=\"6182f4e07f71b7b1555341c3\">MAAP #149<\/a>\u00a0).<\/p>\n<p>Observe tamb\u00e9m alguns pontos cr\u00edticos adicionais no sul (regi\u00e3o de Madre de Dios), mas eles s\u00e3o em grande parte devido \u00e0 expans\u00e3o da agricultura e n\u00e3o ao motor hist\u00f3rico da minera\u00e7\u00e3o de ouro.<\/p>\n<p>De fato, o desmatamento da minera\u00e7\u00e3o de ouro foi bastante reduzido devido \u00e0s a\u00e7\u00f5es do governo, mas essa atividade ilegal ainda amea\u00e7a diversas \u00e1reas importantes e territ\u00f3rios ind\u00edgenas (\u00a0<a href=\"https:\/\/www.maapprogram.org\/2022\/gold-mining-peru-update\/\" data-feathr-click-track=\"true\" data-feathr-link-aids=\"6182f4e07f71b7b1555341c3\">MAAP #154<\/a>\u00a0).<\/p>\n<div class=\"fitem-sep\"><\/div>\n<div id=\"attachment_11028\" class=\"thumbnail aligncenter\"><\/div>\n<div class=\"fitem-sep\"><\/div>\n<div id=\"attachment_11028\" class=\"thumbnail aligncenter\"><a href=\"https:\/\/www.maapprogram.org\/wp-content\/uploads\/2022\/05\/maaproject.org-maap-158-amazon-deforestation-amp-fire-hotspots-2021-Panel-Peru-PadreMarquez-Jul2021-Apr2022.jpg\"><img decoding=\"async\" class=\"wp-image-11028 size-medium\" src=\"https:\/\/www.maapprogram.org\/wp-content\/uploads\/2022\/05\/maaproject.org-maap-158-amazon-deforestation-amp-fire-hotspots-2021-Panel-Peru-PadreMarquez-Jul2021-Apr2022-930x468.jpg\" alt=\"\" width=\"930\" height=\"468\" \/><\/a><div class=\"caption\">Desmatamento r\u00e1pido (365 hectares) para uma nova col\u00f4nia menonita em 2021, perto da cidade de Padre Marquez. Dados: Planet.<\/div><\/div>\n<div class=\"fitem-sep\"><\/div>\n<p><a href=\"https:\/\/www.maapprogram.org\/wp-content\/uploads\/2022\/05\/maaproject.org-maap-158-amazon-deforestation-amp-fire-hotspots-2021-Peruvian-Amazon-Primary-Forest-Loss.png\"><img decoding=\"async\" class=\"aligncenter size-medium wp-image-11029\" src=\"https:\/\/www.maapprogram.org\/wp-content\/uploads\/2022\/05\/maaproject.org-maap-158-amazon-deforestation-amp-fire-hotspots-2021-Peruvian-Amazon-Primary-Forest-Loss-930x545.png\" alt=\"\" \/><\/a><\/p>\n<div class=\"fitem-sep\"><\/div>\n<div id=\"attachment_11034\" class=\"thumbnail alignright\"><a href=\"https:\/\/www.maapprogram.org\/wp-content\/uploads\/2022\/05\/maaproject.org-maap-158-amazon-deforestation-amp-fire-hotspots-2021-Colombia-PFL-Fires-2021-Eng-v2.jpg\"><img decoding=\"async\" class=\"wp-image-11034 size-medium\" src=\"https:\/\/www.maapprogram.org\/wp-content\/uploads\/2022\/05\/maaproject.org-maap-158-amazon-deforestation-amp-fire-hotspots-2021-Colombia-PFL-Fires-2021-Eng-v2-741x580.jpg\" alt=\"\" width=\"741\" height=\"580\" \/><\/a><div class=\"caption\">Mapa base da Col\u00f4mbia. Pontos cr\u00edticos de desmatamento no noroeste da Amaz\u00f4nia colombiana. Dados: UMD\/GLAD, ACA\/MAAP, FCDS.<\/div><\/div>\n<h3><strong>Amaz\u00f4nia Colombiana<\/strong><\/h3>\n<p>Em 2021, a Amaz\u00f4nia colombiana perdeu\u00a0<strong>98.000 hectares<\/strong>\u00a0de floresta prim\u00e1ria para o desmatamento. Inc\u00eandios impactaram diretamente mais 9.000 hectares.<\/p>\n<p>O desmatamento e os inc\u00eandios ca\u00edram em rela\u00e7\u00e3o ao ano passado, mas ambos foram os quartos mais altos j\u00e1 registrados, seguindo a tend\u00eancia de aumento da perda florestal e inc\u00eandios associados desde o acordo de paz em 2016.<\/p>\n<p>Conforme descrito em relat\u00f3rios anteriores (ver\u00a0<a href=\"https:\/\/www.maapprogram.org\/2020\/colombian_amaz\/\" data-feathr-click-track=\"true\" data-feathr-link-aids=\"6182f4e07f71b7b1555341c3\">MAAP #120<\/a>\u00a0), o Mapa Base da Col\u00f4mbia mostra que continua a haver um\u00a0<strong>\u201carco de desmatamento\u201d<\/strong>\u00a0na Amaz\u00f4nia noroeste colombiana (departamentos de Caquet\u00e1, Meta e Guaviare).<\/p>\n<p>Este arco afeta in\u00fameras \u00c1reas Protegidas (particularmente os Parques Nacionais Tinigua e Chiribiquete) e Reservas Ind\u00edgenas (particularmente Yari-Yaguara II e Nukak Maku).<\/p>\n<p>Os principais impulsionadores do desmatamento na Amaz\u00f4nia colombiana s\u00e3o a grilagem de terras, a expans\u00e3o da rede rodovi\u00e1ria e a pecu\u00e1ria.<\/p>\n<div class=\"fitem-sep\"><\/div>\n<p><a href=\"https:\/\/www.maapprogram.org\/wp-content\/uploads\/2022\/05\/maaproject.org-maap-158-amazon-deforestation-amp-fire-hotspots-2021-Colombian-Amazon-Primary-Forest-Loss.png\"><img decoding=\"async\" class=\"aligncenter size-medium wp-image-11032\" src=\"https:\/\/www.maapprogram.org\/wp-content\/uploads\/2022\/05\/maaproject.org-maap-158-amazon-deforestation-amp-fire-hotspots-2021-Colombian-Amazon-Primary-Forest-Loss-930x545.png\" alt=\"\" \/><\/a><\/p>\n<div class=\"fitem-sep\"><\/div>\n<h3><strong>Annex<\/strong><\/h3>\n<p><a href=\"https:\/\/www.maapprogram.org\/wp-content\/uploads\/2022\/05\/maaproject.org-maap-158-amazon-deforestation-amp-fire-hotspots-2021-Amazon-Primary-Forest-Loss-2020-2021-ByCountry-v2.jpg\"><img decoding=\"async\" class=\"aligncenter size-medium wp-image-11052\" src=\"https:\/\/www.maapprogram.org\/wp-content\/uploads\/2022\/05\/maaproject.org-maap-158-amazon-deforestation-amp-fire-hotspots-2021-Amazon-Primary-Forest-Loss-2020-2021-ByCountry-v2-930x532.jpg\" alt=\"\" \/><\/a><\/p>\n<div class=\"fitem-sep\"><\/div>\n<h3><strong>Notas e Metodologia<\/strong><\/h3>\n<p>A an\u00e1lise foi baseada em dados anuais de perda florestal com resolu\u00e7\u00e3o de 30 metros produzidos pela Universidade de Maryland e tamb\u00e9m apresentados pela Global Forest Watch. Pela primeira vez, esse conjunto de dados distinguiu a perda florestal causada diretamente pelo fogo (observe que praticamente todos os inc\u00eandios na Amaz\u00f4nia s\u00e3o causados \u200b\u200bpelo homem). A perda florestal restante serve como um prov\u00e1vel proxy pr\u00f3ximo para o desmatamento, com a \u00fanica exce\u00e7\u00e3o restante sendo eventos naturais como deslizamentos de terra, tempestades de vento e rios sinuosos.<\/p>\n<p>Importante, aplicamos um filtro para calcular apenas a perda de floresta prim\u00e1ria cruzando os dados de perda de cobertura florestal com o conjunto de dados adicional \u201cflorestas tropicais \u00famidas prim\u00e1rias\u201d de 2001 (Turubanova et al 2018). Para mais detalhes sobre esta parte da metodologia, veja o\u00a0<a href=\"https:\/\/blog.globalforestwatch.org\/data-and-research\/technical-blog:-global-forest-watch's-2018-data-update-explained\" target=\"_blank\" rel=\"noopener\" data-feathr-click-track=\"true\" data-feathr-link-aids=\"6182f4e07f71b7b1555341c3\">Blog T\u00e9cnico<\/a>\u00a0\u00a0do Global Forest Watch (Goldman e Weisse 2019).<\/p>\n<p>Nosso alcance geogr\u00e1fico para a Amaz\u00f4nia \u00e9 um h\u00edbrido projetado para inclus\u00e3o m\u00e1xima: limite biogeogr\u00e1fico (conforme definido pela RAISG) para todos os pa\u00edses, exceto para a Bol\u00edvia, onde usamos o limite da bacia hidrogr\u00e1fica.<\/p>\n<p>Para identificar os hotspots de desmatamento, conduzimos uma estimativa de densidade kernel. Esse tipo de an\u00e1lise calcula a magnitude por unidade de \u00e1rea de um fen\u00f4meno espec\u00edfico, nesse caso, a perda de cobertura florestal. Conduzimos essa an\u00e1lise usando a ferramenta Kernel Density do Spatial Analyst Tool Box do ArcGIS. Usamos os seguintes par\u00e2metros:<\/p>\n<p>Raio de busca: 15.000 unidades de camada (metros)<br \/>\nFun\u00e7\u00e3o de densidade do kernel: Fun\u00e7\u00e3o do kernel qu\u00e1rtico<br \/>\nTamanho da c\u00e9lula no mapa: 200 x 200 metros (4 hectares)<br \/>\nTodo o resto foi deixado na configura\u00e7\u00e3o padr\u00e3o.<\/p>\n<p>Para o Mapa Base, utilizamos os seguintes percentuais de concentra\u00e7\u00e3o: M\u00e9dio: &gt;5%; Alto: &gt;7%; Muito Alto: &gt;14%.<\/p>\n<div class=\"fitem-sep\"><\/div>\n<h3><strong>Reconhecimentos<\/strong><\/h3>\n<p>Agradecemos a A. G\u00f3mez (FCDS), R. Botero (FCDS)\u2026 pelos coment\u00e1rios \u00fateis sobre rascunhos anteriores do texto e das imagens.<\/p>\n<p>Este trabalho foi apoiado pela NORAD (Ag\u00eancia Norueguesa para Coopera\u00e7\u00e3o para o Desenvolvimento) e pelo ICFC (Fundo Internacional de Conserva\u00e7\u00e3o do Canad\u00e1).<\/p>\n<p><a href=\"https:\/\/www.maapprogram.org\/wp-content\/uploads\/2021\/04\/maaproject.org-norad-icfc-maap-notext.png\"><img decoding=\"async\" class=\"aligncenter size-full wp-image-10157\" src=\"https:\/\/www.maapprogram.org\/wp-content\/uploads\/2021\/04\/maaproject.org-norad-icfc-maap-notext.png\" alt=\"\" \/><\/a><\/p>\n<div class=\"fitem-sep\"><\/div>\n<h3><strong>Cita\u00e7\u00e3o<\/strong><\/h3>\n<p>Finer M, Mamani N (2022) Pontos cr\u00edticos de desmatamento na Amaz\u00f4nia 2021. MAAP: 153.<\/p>\n<div class=\"fitem-sep\"><\/div>\n","protected":false},"excerpt":{"rendered":"<p>Apresentamos uma an\u00e1lise detalhada dos principais focos de perda florestal na Amaz\u00f4nia em 2021 , com base nos dados anuais finais produzidos pela Universidade de Maryland.\u00a0 Este conjunto de dados \u00e9 \u00fanico porque distingue a perda florestal do inc\u00eandio, deixando o restante como um indicador pr\u00f3ximo do desmatamento. Assim, pela primeira vez, os resultados incluem [&hellip;]<\/p>\n","protected":false},"author":4,"featured_media":0,"comment_status":"closed","ping_status":"closed","sticky":false,"template":"","format":"standard","meta":{"_acf_changed":false,"footnotes":""},"categories":[3],"tags":[],"ftr_agriculture":[],"carbon-and-climate-change":[],"ftr_country":[449,484,400],"fire":[453],"infrastructure-threat":[],"land-use":[],"mining-and-logging-threat":[],"natural-forest-loss":[],"special-analysis":[464],"class_list":["post-22813","post","type-post","status-publish","format-standard","hentry","category-nao-categorizado","ftr_country-brasil","ftr_country-colombia-3","ftr_country-peru","fire-incendios-pt-br","special-analysis-pontos-criticos-de-desmatamento"],"acf":[],"yoast_head":"<!-- This site is optimized with the Yoast SEO plugin v27.3 - https:\/\/yoast.com\/product\/yoast-seo-wordpress\/ -->\n<title>MAAP #158: Pontos cr\u00edticos de desmatamento e inc\u00eandios na Amaz\u00f4nia 2021 - MAAP<\/title>\n<meta name=\"robots\" content=\"index, follow, max-snippet:-1, max-image-preview:large, max-video-preview:-1\" \/>\n<link rel=\"canonical\" href=\"https:\/\/www.maapprogram.org\/pt-br\/maap-158-portugues\/\" \/>\n<meta property=\"og:locale\" content=\"pt_BR\" \/>\n<meta property=\"og:type\" content=\"article\" \/>\n<meta property=\"og:title\" content=\"MAAP #158: Pontos cr\u00edticos de desmatamento e inc\u00eandios na Amaz\u00f4nia 2021 - MAAP\" \/>\n<meta property=\"og:description\" content=\"Apresentamos uma an\u00e1lise detalhada dos principais focos de perda florestal na Amaz\u00f4nia em 2021 , com base nos dados anuais finais produzidos pela Universidade de Maryland.\u00a0 Este conjunto de dados \u00e9 \u00fanico porque distingue a perda florestal do inc\u00eandio, deixando o restante como um indicador pr\u00f3ximo do desmatamento. Assim, pela primeira vez, os resultados incluem [&hellip;]\" \/>\n<meta property=\"og:url\" content=\"https:\/\/www.maapprogram.org\/pt-br\/maap-158-portugues\/\" \/>\n<meta property=\"og:site_name\" content=\"MAAP\" \/>\n<meta property=\"article:published_time\" content=\"2022-05-24T13:51:00+00:00\" \/>\n<meta property=\"article:modified_time\" content=\"2024-09-26T18:14:07+00:00\" \/>\n<meta property=\"og:image\" content=\"https:\/\/www.maapprogram.org\/wp-content\/uploads\/2022\/05\/maaproject.org-maap-158-amazon-deforestation-amp-fire-hotspots-2021-HS3-PFL-Fires-2021-Amz-Hybrid-M5-H7-VH14-May2022-Eng-v5-720x580.jpg\" \/>\n<meta name=\"author\" content=\"MAAP Consultants\" \/>\n<meta name=\"twitter:card\" content=\"summary_large_image\" \/>\n<meta name=\"twitter:label1\" content=\"Escrito por\" \/>\n\t<meta name=\"twitter:data1\" content=\"MAAP Consultants\" \/>\n\t<meta name=\"twitter:label2\" content=\"Est. tempo de leitura\" \/>\n\t<meta name=\"twitter:data2\" content=\"10 minutos\" \/>\n<script type=\"application\/ld+json\" class=\"yoast-schema-graph\">{\"@context\":\"https:\\\/\\\/schema.org\",\"@graph\":[{\"@type\":\"Article\",\"@id\":\"https:\\\/\\\/www.maapprogram.org\\\/pt-br\\\/maap-158-portugues\\\/#article\",\"isPartOf\":{\"@id\":\"https:\\\/\\\/www.maapprogram.org\\\/pt-br\\\/maap-158-portugues\\\/\"},\"author\":{\"name\":\"MAAP Consultants\",\"@id\":\"https:\\\/\\\/www.maapprogram.org\\\/pt-br\\\/#\\\/schema\\\/person\\\/2f7133e3c0723ceecd6dabc9b4f198ce\"},\"headline\":\"MAAP #158: Pontos cr\u00edticos de desmatamento e inc\u00eandios na Amaz\u00f4nia 2021\",\"datePublished\":\"2022-05-24T13:51:00+00:00\",\"dateModified\":\"2024-09-26T18:14:07+00:00\",\"mainEntityOfPage\":{\"@id\":\"https:\\\/\\\/www.maapprogram.org\\\/pt-br\\\/maap-158-portugues\\\/\"},\"wordCount\":1687,\"image\":{\"@id\":\"https:\\\/\\\/www.maapprogram.org\\\/pt-br\\\/maap-158-portugues\\\/#primaryimage\"},\"thumbnailUrl\":\"https:\\\/\\\/www.maapprogram.org\\\/wp-content\\\/uploads\\\/2022\\\/05\\\/maaproject.org-maap-158-amazon-deforestation-amp-fire-hotspots-2021-HS3-PFL-Fires-2021-Amz-Hybrid-M5-H7-VH14-May2022-Eng-v5-720x580.jpg\",\"articleSection\":[\"N\u00e3o categorizado\"],\"inLanguage\":\"pt-BR\"},{\"@type\":\"WebPage\",\"@id\":\"https:\\\/\\\/www.maapprogram.org\\\/pt-br\\\/maap-158-portugues\\\/\",\"url\":\"https:\\\/\\\/www.maapprogram.org\\\/pt-br\\\/maap-158-portugues\\\/\",\"name\":\"MAAP #158: Pontos cr\u00edticos de desmatamento e inc\u00eandios na Amaz\u00f4nia 2021 - MAAP\",\"isPartOf\":{\"@id\":\"https:\\\/\\\/www.maapprogram.org\\\/pt-br\\\/#website\"},\"primaryImageOfPage\":{\"@id\":\"https:\\\/\\\/www.maapprogram.org\\\/pt-br\\\/maap-158-portugues\\\/#primaryimage\"},\"image\":{\"@id\":\"https:\\\/\\\/www.maapprogram.org\\\/pt-br\\\/maap-158-portugues\\\/#primaryimage\"},\"thumbnailUrl\":\"https:\\\/\\\/www.maapprogram.org\\\/wp-content\\\/uploads\\\/2022\\\/05\\\/maaproject.org-maap-158-amazon-deforestation-amp-fire-hotspots-2021-HS3-PFL-Fires-2021-Amz-Hybrid-M5-H7-VH14-May2022-Eng-v5-720x580.jpg\",\"datePublished\":\"2022-05-24T13:51:00+00:00\",\"dateModified\":\"2024-09-26T18:14:07+00:00\",\"author\":{\"@id\":\"https:\\\/\\\/www.maapprogram.org\\\/pt-br\\\/#\\\/schema\\\/person\\\/2f7133e3c0723ceecd6dabc9b4f198ce\"},\"breadcrumb\":{\"@id\":\"https:\\\/\\\/www.maapprogram.org\\\/pt-br\\\/maap-158-portugues\\\/#breadcrumb\"},\"inLanguage\":\"pt-BR\",\"potentialAction\":[{\"@type\":\"ReadAction\",\"target\":[\"https:\\\/\\\/www.maapprogram.org\\\/pt-br\\\/maap-158-portugues\\\/\"]}]},{\"@type\":\"ImageObject\",\"inLanguage\":\"pt-BR\",\"@id\":\"https:\\\/\\\/www.maapprogram.org\\\/pt-br\\\/maap-158-portugues\\\/#primaryimage\",\"url\":\"https:\\\/\\\/www.maapprogram.org\\\/wp-content\\\/uploads\\\/2022\\\/05\\\/maaproject.org-maap-158-amazon-deforestation-amp-fire-hotspots-2021-HS3-PFL-Fires-2021-Amz-Hybrid-M5-H7-VH14-May2022-Eng-v5-720x580.jpg\",\"contentUrl\":\"https:\\\/\\\/www.maapprogram.org\\\/wp-content\\\/uploads\\\/2022\\\/05\\\/maaproject.org-maap-158-amazon-deforestation-amp-fire-hotspots-2021-HS3-PFL-Fires-2021-Amz-Hybrid-M5-H7-VH14-May2022-Eng-v5-720x580.jpg\"},{\"@type\":\"BreadcrumbList\",\"@id\":\"https:\\\/\\\/www.maapprogram.org\\\/pt-br\\\/maap-158-portugues\\\/#breadcrumb\",\"itemListElement\":[{\"@type\":\"ListItem\",\"position\":1,\"name\":\"Home\",\"item\":\"https:\\\/\\\/www.maapprogram.org\\\/pt-br\\\/\"},{\"@type\":\"ListItem\",\"position\":2,\"name\":\"MAAP #158: Pontos cr\u00edticos de desmatamento e inc\u00eandios na Amaz\u00f4nia 2021\"}]},{\"@type\":\"WebSite\",\"@id\":\"https:\\\/\\\/www.maapprogram.org\\\/pt-br\\\/#website\",\"url\":\"https:\\\/\\\/www.maapprogram.org\\\/pt-br\\\/\",\"name\":\"MAAP\",\"description\":\"\",\"potentialAction\":[{\"@type\":\"SearchAction\",\"target\":{\"@type\":\"EntryPoint\",\"urlTemplate\":\"https:\\\/\\\/www.maapprogram.org\\\/pt-br\\\/?s={search_term_string}\"},\"query-input\":{\"@type\":\"PropertyValueSpecification\",\"valueRequired\":true,\"valueName\":\"search_term_string\"}}],\"inLanguage\":\"pt-BR\"},{\"@type\":\"Person\",\"@id\":\"https:\\\/\\\/www.maapprogram.org\\\/pt-br\\\/#\\\/schema\\\/person\\\/2f7133e3c0723ceecd6dabc9b4f198ce\",\"name\":\"MAAP Consultants\",\"image\":{\"@type\":\"ImageObject\",\"inLanguage\":\"pt-BR\",\"@id\":\"https:\\\/\\\/secure.gravatar.com\\\/avatar\\\/5889bd7805b73b186236cf81236e7511b08707f4115893e4569c33d93f127911?s=96&d=mm&r=g\",\"url\":\"https:\\\/\\\/secure.gravatar.com\\\/avatar\\\/5889bd7805b73b186236cf81236e7511b08707f4115893e4569c33d93f127911?s=96&d=mm&r=g\",\"contentUrl\":\"https:\\\/\\\/secure.gravatar.com\\\/avatar\\\/5889bd7805b73b186236cf81236e7511b08707f4115893e4569c33d93f127911?s=96&d=mm&r=g\",\"caption\":\"MAAP Consultants\"},\"url\":\"https:\\\/\\\/www.maapprogram.org\\\/pt-br\\\/author\\\/maapconsultants\\\/\"}]}<\/script>\n<!-- \/ Yoast SEO plugin. -->","yoast_head_json":{"title":"MAAP #158: Pontos cr\u00edticos de desmatamento e inc\u00eandios na Amaz\u00f4nia 2021 - MAAP","robots":{"index":"index","follow":"follow","max-snippet":"max-snippet:-1","max-image-preview":"max-image-preview:large","max-video-preview":"max-video-preview:-1"},"canonical":"https:\/\/www.maapprogram.org\/pt-br\/maap-158-portugues\/","og_locale":"pt_BR","og_type":"article","og_title":"MAAP #158: Pontos cr\u00edticos de desmatamento e inc\u00eandios na Amaz\u00f4nia 2021 - MAAP","og_description":"Apresentamos uma an\u00e1lise detalhada dos principais focos de perda florestal na Amaz\u00f4nia em 2021 , com base nos dados anuais finais produzidos pela Universidade de Maryland.\u00a0 Este conjunto de dados \u00e9 \u00fanico porque distingue a perda florestal do inc\u00eandio, deixando o restante como um indicador pr\u00f3ximo do desmatamento. Assim, pela primeira vez, os resultados incluem [&hellip;]","og_url":"https:\/\/www.maapprogram.org\/pt-br\/maap-158-portugues\/","og_site_name":"MAAP","article_published_time":"2022-05-24T13:51:00+00:00","article_modified_time":"2024-09-26T18:14:07+00:00","og_image":[{"url":"https:\/\/www.maapprogram.org\/wp-content\/uploads\/2022\/05\/maaproject.org-maap-158-amazon-deforestation-amp-fire-hotspots-2021-HS3-PFL-Fires-2021-Amz-Hybrid-M5-H7-VH14-May2022-Eng-v5-720x580.jpg","type":"","width":"","height":""}],"author":"MAAP Consultants","twitter_card":"summary_large_image","twitter_misc":{"Escrito por":"MAAP Consultants","Est. tempo de leitura":"10 minutos"},"schema":{"@context":"https:\/\/schema.org","@graph":[{"@type":"Article","@id":"https:\/\/www.maapprogram.org\/pt-br\/maap-158-portugues\/#article","isPartOf":{"@id":"https:\/\/www.maapprogram.org\/pt-br\/maap-158-portugues\/"},"author":{"name":"MAAP Consultants","@id":"https:\/\/www.maapprogram.org\/pt-br\/#\/schema\/person\/2f7133e3c0723ceecd6dabc9b4f198ce"},"headline":"MAAP #158: Pontos cr\u00edticos de desmatamento e inc\u00eandios na Amaz\u00f4nia 2021","datePublished":"2022-05-24T13:51:00+00:00","dateModified":"2024-09-26T18:14:07+00:00","mainEntityOfPage":{"@id":"https:\/\/www.maapprogram.org\/pt-br\/maap-158-portugues\/"},"wordCount":1687,"image":{"@id":"https:\/\/www.maapprogram.org\/pt-br\/maap-158-portugues\/#primaryimage"},"thumbnailUrl":"https:\/\/www.maapprogram.org\/wp-content\/uploads\/2022\/05\/maaproject.org-maap-158-amazon-deforestation-amp-fire-hotspots-2021-HS3-PFL-Fires-2021-Amz-Hybrid-M5-H7-VH14-May2022-Eng-v5-720x580.jpg","articleSection":["N\u00e3o categorizado"],"inLanguage":"pt-BR"},{"@type":"WebPage","@id":"https:\/\/www.maapprogram.org\/pt-br\/maap-158-portugues\/","url":"https:\/\/www.maapprogram.org\/pt-br\/maap-158-portugues\/","name":"MAAP #158: Pontos cr\u00edticos de desmatamento e inc\u00eandios na Amaz\u00f4nia 2021 - MAAP","isPartOf":{"@id":"https:\/\/www.maapprogram.org\/pt-br\/#website"},"primaryImageOfPage":{"@id":"https:\/\/www.maapprogram.org\/pt-br\/maap-158-portugues\/#primaryimage"},"image":{"@id":"https:\/\/www.maapprogram.org\/pt-br\/maap-158-portugues\/#primaryimage"},"thumbnailUrl":"https:\/\/www.maapprogram.org\/wp-content\/uploads\/2022\/05\/maaproject.org-maap-158-amazon-deforestation-amp-fire-hotspots-2021-HS3-PFL-Fires-2021-Amz-Hybrid-M5-H7-VH14-May2022-Eng-v5-720x580.jpg","datePublished":"2022-05-24T13:51:00+00:00","dateModified":"2024-09-26T18:14:07+00:00","author":{"@id":"https:\/\/www.maapprogram.org\/pt-br\/#\/schema\/person\/2f7133e3c0723ceecd6dabc9b4f198ce"},"breadcrumb":{"@id":"https:\/\/www.maapprogram.org\/pt-br\/maap-158-portugues\/#breadcrumb"},"inLanguage":"pt-BR","potentialAction":[{"@type":"ReadAction","target":["https:\/\/www.maapprogram.org\/pt-br\/maap-158-portugues\/"]}]},{"@type":"ImageObject","inLanguage":"pt-BR","@id":"https:\/\/www.maapprogram.org\/pt-br\/maap-158-portugues\/#primaryimage","url":"https:\/\/www.maapprogram.org\/wp-content\/uploads\/2022\/05\/maaproject.org-maap-158-amazon-deforestation-amp-fire-hotspots-2021-HS3-PFL-Fires-2021-Amz-Hybrid-M5-H7-VH14-May2022-Eng-v5-720x580.jpg","contentUrl":"https:\/\/www.maapprogram.org\/wp-content\/uploads\/2022\/05\/maaproject.org-maap-158-amazon-deforestation-amp-fire-hotspots-2021-HS3-PFL-Fires-2021-Amz-Hybrid-M5-H7-VH14-May2022-Eng-v5-720x580.jpg"},{"@type":"BreadcrumbList","@id":"https:\/\/www.maapprogram.org\/pt-br\/maap-158-portugues\/#breadcrumb","itemListElement":[{"@type":"ListItem","position":1,"name":"Home","item":"https:\/\/www.maapprogram.org\/pt-br\/"},{"@type":"ListItem","position":2,"name":"MAAP #158: Pontos cr\u00edticos de desmatamento e inc\u00eandios na Amaz\u00f4nia 2021"}]},{"@type":"WebSite","@id":"https:\/\/www.maapprogram.org\/pt-br\/#website","url":"https:\/\/www.maapprogram.org\/pt-br\/","name":"MAAP","description":"","potentialAction":[{"@type":"SearchAction","target":{"@type":"EntryPoint","urlTemplate":"https:\/\/www.maapprogram.org\/pt-br\/?s={search_term_string}"},"query-input":{"@type":"PropertyValueSpecification","valueRequired":true,"valueName":"search_term_string"}}],"inLanguage":"pt-BR"},{"@type":"Person","@id":"https:\/\/www.maapprogram.org\/pt-br\/#\/schema\/person\/2f7133e3c0723ceecd6dabc9b4f198ce","name":"MAAP Consultants","image":{"@type":"ImageObject","inLanguage":"pt-BR","@id":"https:\/\/secure.gravatar.com\/avatar\/5889bd7805b73b186236cf81236e7511b08707f4115893e4569c33d93f127911?s=96&d=mm&r=g","url":"https:\/\/secure.gravatar.com\/avatar\/5889bd7805b73b186236cf81236e7511b08707f4115893e4569c33d93f127911?s=96&d=mm&r=g","contentUrl":"https:\/\/secure.gravatar.com\/avatar\/5889bd7805b73b186236cf81236e7511b08707f4115893e4569c33d93f127911?s=96&d=mm&r=g","caption":"MAAP Consultants"},"url":"https:\/\/www.maapprogram.org\/pt-br\/author\/maapconsultants\/"}]}},"_links":{"self":[{"href":"https:\/\/www.maapprogram.org\/pt-br\/wp-json\/wp\/v2\/posts\/22813","targetHints":{"allow":["GET"]}}],"collection":[{"href":"https:\/\/www.maapprogram.org\/pt-br\/wp-json\/wp\/v2\/posts"}],"about":[{"href":"https:\/\/www.maapprogram.org\/pt-br\/wp-json\/wp\/v2\/types\/post"}],"author":[{"embeddable":true,"href":"https:\/\/www.maapprogram.org\/pt-br\/wp-json\/wp\/v2\/users\/4"}],"replies":[{"embeddable":true,"href":"https:\/\/www.maapprogram.org\/pt-br\/wp-json\/wp\/v2\/comments?post=22813"}],"version-history":[{"count":2,"href":"https:\/\/www.maapprogram.org\/pt-br\/wp-json\/wp\/v2\/posts\/22813\/revisions"}],"predecessor-version":[{"id":22815,"href":"https:\/\/www.maapprogram.org\/pt-br\/wp-json\/wp\/v2\/posts\/22813\/revisions\/22815"}],"wp:attachment":[{"href":"https:\/\/www.maapprogram.org\/pt-br\/wp-json\/wp\/v2\/media?parent=22813"}],"wp:term":[{"taxonomy":"category","embeddable":true,"href":"https:\/\/www.maapprogram.org\/pt-br\/wp-json\/wp\/v2\/categories?post=22813"},{"taxonomy":"post_tag","embeddable":true,"href":"https:\/\/www.maapprogram.org\/pt-br\/wp-json\/wp\/v2\/tags?post=22813"},{"taxonomy":"ftr_agriculture","embeddable":true,"href":"https:\/\/www.maapprogram.org\/pt-br\/wp-json\/wp\/v2\/ftr_agriculture?post=22813"},{"taxonomy":"carbon-and-climate-change","embeddable":true,"href":"https:\/\/www.maapprogram.org\/pt-br\/wp-json\/wp\/v2\/carbon-and-climate-change?post=22813"},{"taxonomy":"ftr_country","embeddable":true,"href":"https:\/\/www.maapprogram.org\/pt-br\/wp-json\/wp\/v2\/ftr_country?post=22813"},{"taxonomy":"fire","embeddable":true,"href":"https:\/\/www.maapprogram.org\/pt-br\/wp-json\/wp\/v2\/fire?post=22813"},{"taxonomy":"infrastructure-threat","embeddable":true,"href":"https:\/\/www.maapprogram.org\/pt-br\/wp-json\/wp\/v2\/infrastructure-threat?post=22813"},{"taxonomy":"land-use","embeddable":true,"href":"https:\/\/www.maapprogram.org\/pt-br\/wp-json\/wp\/v2\/land-use?post=22813"},{"taxonomy":"mining-and-logging-threat","embeddable":true,"href":"https:\/\/www.maapprogram.org\/pt-br\/wp-json\/wp\/v2\/mining-and-logging-threat?post=22813"},{"taxonomy":"natural-forest-loss","embeddable":true,"href":"https:\/\/www.maapprogram.org\/pt-br\/wp-json\/wp\/v2\/natural-forest-loss?post=22813"},{"taxonomy":"special-analysis","embeddable":true,"href":"https:\/\/www.maapprogram.org\/pt-br\/wp-json\/wp\/v2\/special-analysis?post=22813"}],"curies":[{"name":"wp","href":"https:\/\/api.w.org\/{rel}","templated":true}]}}