{"id":22831,"date":"2021-12-13T12:04:00","date_gmt":"2021-12-13T12:04:00","guid":{"rendered":"https:\/\/www.maapprogram.org\/?p=22831"},"modified":"2024-07-17T13:44:16","modified_gmt":"2024-07-17T13:44:16","slug":"maap-149-portugues","status":"publish","type":"post","link":"https:\/\/www.maapprogram.org\/pt-br\/maap-149-portugues\/","title":{"rendered":"MAAP #149: Col\u00f4nias Menonitas Continuam Grande Desmatamento na Amaz\u00f4nia Peruana"},"content":{"rendered":"<div id=\"attachment_10613\" class=\"thumbnail alignright\"><a href=\"https:\/\/www.maapprogram.org\/wp-content\/uploads\/2021\/12\/maaproject.org-maap-149-mennonite-colonies-continue-major-deforestation-in-peruvian-amazon-Feat-Image-2.jpg\"><img decoding=\"async\" class=\"wp-image-10613 size-medium\" src=\"https:\/\/www.maapprogram.org\/wp-content\/uploads\/2021\/12\/maaproject.org-maap-149-mennonite-colonies-continue-major-deforestation-in-peruvian-amazon-Feat-Image-2-579x580.jpg\" alt=\"\" width=\"579\" height=\"580\" \/><\/a><div class=\"caption\"><i><span style=\"font-weight: 400;\">Desmatamento recente associado \u00e0 mais nova col\u00f4nia menonita \u201cPadre Marquez\u201d. Dados: Planet<\/span><\/i><\/div><\/div>\n<p><span style=\"font-weight: 400;\">Os <\/span><b>menonitas,<\/b><span style=\"font-weight: 400;\"> um grupo religioso frequentemente associado \u00e0 atividade agr\u00edcola, se tornaram um dos principais causadores do desmatamento na <\/span><b>Amaz\u00f4nia peruana<\/b><span style=\"font-weight: 400;\"> .<\/span><\/p>\n<p><span style=\"font-weight: 400;\">Em <\/span><a href=\"https:\/\/www.maapprogram.org\/2020\/mennonites_peru\/\"><span style=\"font-weight: 400;\">outubro de 2020<\/span><\/a><span style=\"font-weight: 400;\"> , relatamos o desmatamento de mais de 3.400 hectares em tr\u00eas novas col\u00f4nias estabelecidas.<\/span><\/p>\n<p><span style=\"font-weight: 400;\">Aqui, mostramos que em 2021 os menonitas estabeleceram uma quarta col\u00f4nia (mais de 400 hectares) e continuaram a expans\u00e3o das tr\u00eas primeiras col\u00f4nias.<\/span><\/p>\n<p><span style=\"font-weight: 400;\">No total, j\u00e1 documentamos o desmatamento de <\/span><b>3.968 hectares<\/b><span style=\"font-weight: 400;\"> (9.805 acres) em quatro novas col\u00f4nias estabelecidas na Amaz\u00f4nia peruana desde 2017, tornando-se a nova principal causa do desmatamento em larga escala no Peru.<\/span><\/p>\n<p><span style=\"font-weight: 400;\">Al\u00e9m disso, h\u00e1 fortes ind\u00edcios de que grande parte desse desmatamento \u00e9 <\/span><b>ilegal<\/b><span style=\"font-weight: 400;\"> (ver <\/span><a href=\"https:\/\/www.maapprogram.org\/2020\/mennonites_peru\/\"><span style=\"font-weight: 400;\">MAAP #127<\/span><\/a><span style=\"font-weight: 400;\"> ).<\/span><\/p>\n<p><span style=\"font-weight: 400;\">Abaixo apresentamos o seguinte:<\/span><\/p>\n<ul>\n<li style=\"font-weight: 400;\" aria-level=\"1\"><b>Um mapa base<\/b><span style=\"font-weight: 400;\"> atualizado mostrando a localiza\u00e7\u00e3o das quatro novas col\u00f4nias menonitas na Amaz\u00f4nia peruana.<\/span><span style=\"font-weight: 400;\"><br \/>\n<\/span><\/li>\n<li style=\"font-weight: 400;\" aria-level=\"1\"><span style=\"font-weight: 400;\">Uma s\u00e9rie de <\/span><b>imagens de sat\u00e9lite<\/b><span style=\"font-weight: 400;\"> mostrando o desmatamento mais recente na mais nova col\u00f4nia (chamada aqui de \u201cPadre M\u00e1rquez\u201d).<\/span><\/li>\n<\/ul>\n<div class=\"fitem-sep\"><\/div>\n<div id=\"attachment_10595\" class=\"thumbnail alignright\"><a href=\"https:\/\/www.maapprogram.org\/wp-content\/uploads\/2021\/11\/maaproject.org-maap-xyx-mennonite-colonies-continue-major-deforestation-in-peruvian-amazon-BaseMap-Location-Mennonites-Peru-Spa.jpg\"><img decoding=\"async\" class=\"wp-image-10595 size-medium\" src=\"https:\/\/www.maapprogram.org\/wp-content\/uploads\/2021\/11\/maaproject.org-maap-xyx-mennonite-colonies-continue-major-deforestation-in-peruvian-amazon-BaseMap-Location-Mennonites-Peru-Spa-587x580.jpg\" alt=\"\" width=\"587\" height=\"580\" \/><\/a><div class=\"caption\"><i><span style=\"font-weight: 400;\">Mapa Base atualizado mostrando a localiza\u00e7\u00e3o das quatro principais novas Col\u00f4nias Menonitas na Amaz\u00f4nia Peruana. Dados: MAAP.<\/span><\/i><\/div><\/div>\n<h3><b>Mapa base<\/b><\/h3>\n<p><span style=\"font-weight: 400;\">O <\/span><b>Mapa Base<\/b><span style=\"font-weight: 400;\"> mostra a localiza\u00e7\u00e3o das quatro principais col\u00f4nias menonitas na Amaz\u00f4nia peruana.<\/span><\/p>\n<p><span style=\"font-weight: 400;\">A col\u00f4nia mais nova \u00e9 chamada aqui de \u201cPadre Marquez\u201d, nomeada em homenagem a uma cidade pr\u00f3xima. Note que ela est\u00e1 localizada a meio caminho entre as outras col\u00f4nias (Tierra Blanca ao norte e Masisea ao sul).<\/span><\/p>\n<p><span style=\"font-weight: 400;\">Do total desmatado ( <\/span><b>3.968 hectares<\/b><span style=\"font-weight: 400;\"> ):<\/span><\/p>\n<ul>\n<li style=\"font-weight: 400;\" aria-level=\"1\"><span style=\"font-weight: 400;\">66% (2.628 ha) est\u00e3o nas col\u00f4nias de Tierra Blanca em Loreto;<\/span><\/li>\n<li style=\"font-weight: 400;\" aria-level=\"1\"><span style=\"font-weight: 400;\">23% (918 ha) est\u00e3o na col\u00f4nia Masisea em Ucayali;<\/span><\/li>\n<li style=\"font-weight: 400;\" aria-level=\"1\"><span style=\"font-weight: 400;\">11% (421) est\u00e1 na nova col\u00f4nia Padre M\u00e1rquez ao longo da fronteira Ucayali\/Loreto.<\/span><span style=\"font-weight: 400;\"><br \/>\n<\/span><\/li>\n<li style=\"font-weight: 400;\" aria-level=\"1\"><span style=\"font-weight: 400;\">12% ocorreram em <\/span><b>2021<\/b><span style=\"font-weight: 400;\"> (495 ha). Al\u00e9m do estabelecimento de Padre Marquez, tamb\u00e9m detectamos expans\u00e3o nas col\u00f4nias de Tierra Blanca e Masisea.<\/span><\/li>\n<\/ul>\n<div class=\"fitem-sep\"><\/div>\n<h3><b>Desmatamento 2021<\/b><\/h3>\n<p><span style=\"font-weight: 400;\">A imagem a seguir mostra o desmatamento em larga escala de 366 hectares entre janeiro (painel esquerdo) e novembro (painel direito) de 2021 associado \u00e0 se\u00e7\u00e3o principal da nova col\u00f4nia Padre Marquez. As <\/span><b>setas vermelhas<\/b><span style=\"font-weight: 400;\"> servem como pontos de refer\u00eancia entre os dois pain\u00e9is. <\/span><i><span style=\"font-weight: 400;\">Clique para ampliar<\/span><\/i><span style=\"font-weight: 400;\"> .<\/span><\/p>\n<div id=\"attachment_10612\" class=\"thumbnail aligncenter\"><a href=\"https:\/\/www.maapprogram.org\/wp-content\/uploads\/2021\/12\/maaproject.org-maap-149-mennonite-colonies-continue-major-deforestation-in-peruvian-amazon-PanelMarquez15Nov2021V2.jpg\"><img decoding=\"async\" class=\"wp-image-10612 size-medium\" src=\"https:\/\/www.maapprogram.org\/wp-content\/uploads\/2021\/12\/maaproject.org-maap-149-mennonite-colonies-continue-major-deforestation-in-peruvian-amazon-PanelMarquez15Nov2021V2-930x468.jpg\" alt=\"\" width=\"930\" height=\"468\" \/><\/a><div class=\"caption\"><i><span style=\"font-weight: 400;\">Desmatamento entre janeiro (painel esquerdo) e novembro de 2021 (painel direito), associado \u00e0 nova col\u00f4nia Padre Marquez. Dados: Planet, MAAP. Clique para ampliar<\/span><\/i><\/div><\/div>\n<div class=\"fitem-sep\"><\/div>\n<h3><b>Imagens de sat\u00e9lite de cada col\u00f4nia menonita<\/b><\/h3>\n<h4><b><i>Terra Branca 1<\/i><\/b><\/h4>\n<p><span style=\"font-weight: 400;\">A imagem a seguir mostra o desmatamento de 2.200 hectares (5.436 acres) desde 2017 na col\u00f4nia Tierra Blanca 1 (regi\u00e3o de Loreto). Em 2021, esse desmatamento parou em grande parte (apenas 8 ha).<\/span><\/p>\n<p><a href=\"https:\/\/www.maapprogram.org\/wp-content\/uploads\/2021\/12\/maaproject.org-maap-149-colonias-menonitas-continuan-la-gran-deforestacion-en-la-amazonia-peruana-TB.jpg\"><img decoding=\"async\" class=\"aligncenter size-medium wp-image-10615\" src=\"https:\/\/www.maapprogram.org\/wp-content\/uploads\/2021\/12\/maaproject.org-maap-149-colonias-menonitas-continuan-la-gran-deforestacion-en-la-amazonia-peruana-TB-930x528.jpg\" alt=\"\" \/><\/a><\/p>\n<div class=\"fitem-sep\"><\/div>\n<h4><b><i>Terra Branca 2<\/i><\/b><\/h4>\n<p><span style=\"font-weight: 400;\">A imagem a seguir mostra o desmatamento adicional de 428 hectares (1.058 acres) na col\u00f4nia vizinha de Tierra Blanca (regi\u00e3o de Loreto). Em 2021, esse desmatamento tamb\u00e9m parou em grande parte (15 ha).<\/span><\/p>\n<p><a href=\"https:\/\/www.maapprogram.org\/wp-content\/uploads\/2021\/12\/maaproject.org-maap-149-colonias-menonitas-continuan-la-gran-deforestacion-en-la-amazonia-peruana-TB2.jpg\"><img decoding=\"async\" class=\"aligncenter size-medium wp-image-10616\" src=\"https:\/\/www.maapprogram.org\/wp-content\/uploads\/2021\/12\/maaproject.org-maap-149-colonias-menonitas-continuan-la-gran-deforestacion-en-la-amazonia-peruana-TB2-930x443.jpg\" alt=\"\" \/><\/a><\/p>\n<div class=\"fitem-sep\"><\/div>\n<h4><em><strong>Masisea<\/strong><\/em><\/h4>\n<p><span style=\"font-weight: 400;\">A imagem a seguir mostra o desmatamento de 918 hectares (2.268 acres) na col\u00f4nia Masisea (regi\u00e3o de Ucayali). Em 2021, houve uma grande expans\u00e3o para o leste (com 47 ha de novo desmatamento).<\/span><\/p>\n<p><a href=\"https:\/\/www.maapprogram.org\/wp-content\/uploads\/2021\/12\/maaproject.org-maap-149-colonias-menonitas-continuan-la-gran-deforestacion-en-la-amazonia-peruana-Masisea.jpg\"><img decoding=\"async\" class=\"aligncenter size-medium wp-image-10617\" src=\"https:\/\/www.maapprogram.org\/wp-content\/uploads\/2021\/12\/maaproject.org-maap-149-colonias-menonitas-continuan-la-gran-deforestacion-en-la-amazonia-peruana-Masisea-930x559.jpg\" alt=\"\" \/><\/a><\/p>\n<div class=\"fitem-sep\"><\/div>\n<h4><em><strong>Padre Marquez<\/strong><\/em><\/h4>\n<p><span style=\"font-weight: 400;\">A imagem a seguir mostra o desmatamento de 421 hectares (1.040 acres) na col\u00f4nia Padre M\u00e1rquez (regi\u00e3o de Ucayali), tudo ocorrido em 2021.<\/span><\/p>\n<p><a href=\"https:\/\/www.maapprogram.org\/wp-content\/uploads\/2021\/12\/maaproject.org-maap-149-colonias-menonitas-continuan-la-gran-deforestacion-en-la-amazonia-peruana-PM-full.jpg\"><img decoding=\"async\" class=\"aligncenter size-medium wp-image-10618\" src=\"https:\/\/www.maapprogram.org\/wp-content\/uploads\/2021\/12\/maaproject.org-maap-149-colonias-menonitas-continuan-la-gran-deforestacion-en-la-amazonia-peruana-PM-full-930x567.jpg\" alt=\"\" \/><\/a><\/p>\n<div class=\"fitem-sep\"><\/div>\n<h3><b>Imagens de alt\u00edssima resolu\u00e7\u00e3o da col\u00f4nia Padre Marquez<\/b><\/h3>\n<p><span style=\"font-weight: 400;\">Abaixo, apresentamos uma s\u00e9rie de imagens de sat\u00e9lite de alt\u00edssima resolu\u00e7\u00e3o (0,5 metro) da col\u00f4nia Padre M\u00e1rquez, gra\u00e7as \u00e0 empresa Planet e sua frota Skysat. A imagem permite uma visualiza\u00e7\u00e3o aprimorada de alguns detalhes da \u00e1rea desmatada, como estradas, edif\u00edcios e terras limpas para prov\u00e1veis \u200b\u200batividades agr\u00edcolas. <\/span><i><span style=\"font-weight: 400;\">Clique para ampliar<\/span><\/i><span style=\"font-weight: 400;\"> .<\/span><\/p>\n<p><a href=\"https:\/\/www.maapprogram.org\/wp-content\/uploads\/2021\/12\/maaproject.org-maap-149-colonias-menonitas-continuan-la-gran-deforestacion-en-la-amazonia-peruana-SkySat-1-PadreMarquez-26Nov2021-200dpi.jpg\"><img decoding=\"async\" class=\"aligncenter size-medium wp-image-10619\" src=\"https:\/\/www.maapprogram.org\/wp-content\/uploads\/2021\/12\/maaproject.org-maap-149-colonias-menonitas-continuan-la-gran-deforestacion-en-la-amazonia-peruana-SkySat-1-PadreMarquez-26Nov2021-200dpi-792x580.jpg\" alt=\"\" \/><\/a><\/p>\n<p>&nbsp;<\/p>\n<div class=\"fitem-sep\"><\/div>\n<p><a href=\"https:\/\/www.maapprogram.org\/wp-content\/uploads\/2021\/12\/maaproject.org-maap-149-colonias-menonitas-continuan-la-gran-deforestacion-en-la-amazonia-peruana-SkySat-2-PadreMarquez-26Nov2021-200dpi.jpg\"><img decoding=\"async\" class=\"aligncenter size-medium wp-image-10620\" src=\"https:\/\/www.maapprogram.org\/wp-content\/uploads\/2021\/12\/maaproject.org-maap-149-colonias-menonitas-continuan-la-gran-deforestacion-en-la-amazonia-peruana-SkySat-2-PadreMarquez-26Nov2021-200dpi-792x580.jpg\" alt=\"\" \/><\/a><\/p>\n<div class=\"fitem-sep\"><\/div>\n<p><a href=\"https:\/\/www.maapprogram.org\/wp-content\/uploads\/2021\/12\/maaproject.org-maap-149-colonias-menonitas-continuan-la-gran-deforestacion-en-la-amazonia-peruana-SkySat-3-PadreMarquez-26Nov2021-200dpi.jpg\"><img decoding=\"async\" class=\"aligncenter size-medium wp-image-10621\" src=\"https:\/\/www.maapprogram.org\/wp-content\/uploads\/2021\/12\/maaproject.org-maap-149-colonias-menonitas-continuan-la-gran-deforestacion-en-la-amazonia-peruana-SkySat-3-PadreMarquez-26Nov2021-200dpi-567x580.jpg\" alt=\"\" \/><\/a><\/p>\n<div class=\"fitem-sep\"><\/div>\n<p><a href=\"https:\/\/www.maapprogram.org\/wp-content\/uploads\/2021\/12\/maaproject.org-maap-149-colonias-menonitas-continuan-la-gran-deforestacion-en-la-amazonia-peruana-Location-Map-SkySat-PadreMarquez-26Nov2021-200dpi.jpg\"><img decoding=\"async\" class=\"aligncenter size-medium wp-image-10622\" src=\"https:\/\/www.maapprogram.org\/wp-content\/uploads\/2021\/12\/maaproject.org-maap-149-colonias-menonitas-continuan-la-gran-deforestacion-en-la-amazonia-peruana-Location-Map-SkySat-PadreMarquez-26Nov2021-200dpi-672x580.jpg\" alt=\"\" \/><\/a><\/p>\n<div class=\"fitem-sep\"><\/div>\n<h3><b>Declara\u00e7\u00e3o do Minist\u00e9rio do Meio Ambiente do Peru (MINAM):<\/b><\/h3>\n<p><span style=\"font-weight: 400;\">A destrui\u00e7\u00e3o de centenas de hectares de florestas em Loreto e Ucayali causada por ocupa\u00e7\u00f5es irregulares de col\u00f3nias menonitas foi priorizada pelo MINAM atrav\u00e9s das seguintes a\u00e7\u00f5es:<\/span><\/p>\n<ol>\n<li><span style=\"font-weight: 400;\"> Den\u00fancias criminais por afetar forma\u00e7\u00f5es florestais, contra os l\u00edderes das col\u00f4nias menonitas. Quatro den\u00fancias em Ucayali e uma den\u00fancia criminal em Loreto.<\/span><span style=\"font-weight: 400;\"><br \/>\n<\/span><span style=\"font-weight: 400;\">2. Medidas cautelares, no \u00e2mbito de den\u00fancias criminais, para que a autoridade judici\u00e1ria ordene a suspens\u00e3o das a\u00e7\u00f5es destrutivas e predat\u00f3rias da floresta.<\/span><span style=\"font-weight: 400;\"><br \/>\n<\/span><span style=\"font-weight: 400;\">3. Solicita\u00e7\u00f5es \u00e0s entidades de controlo institucional para supervis\u00e3o do exerc\u00edcio funcional das autoridades regionais respons\u00e1veis \u200b\u200bpela concess\u00e3o de licen\u00e7as que afetem a floresta.<\/span><span style=\"font-weight: 400;\"><br \/>\n<\/span><span style=\"font-weight: 400;\">4. Al\u00e9m disso, o MINAM tem vindo a executar e a coordenar diversas ac\u00e7\u00f5es com o objectivo de que as entidades competentes investiguem, sancionem e paralisem as actividades irregulares destes estrangeiros que n\u00e3o s\u00f3 entraram sem as respectivas autoriza\u00e7\u00f5es para o exerc\u00edcio de actividades econ\u00f3micas, como tamb\u00e9m s\u00e3o tamb\u00e9m danificando ostensivamente o patrim\u00f4nio natural peruano.<\/span><\/li>\n<\/ol>\n<div class=\"fitem-sep\"><\/div>\n<h3><b>Reconhecimentos<\/b><\/h3>\n<p><span style=\"font-weight: 400;\">Agradecemos a ME Gutierrez, E. Ortiz, S. Novoa, R. Catpo, D. Suarez e G. Palacios pelos coment\u00e1rios \u00fateis \u00e0s vers\u00f5es anteriores deste relat\u00f3rio.<\/span><\/p>\n<p><span style=\"font-weight: 400;\">Este trabalho foi apoiado pelos seguintes financiadores principais: Funda\u00e7\u00e3o Erol, Ag\u00eancia Norueguesa para Coopera\u00e7\u00e3o para o Desenvolvimento (NORAD) e Fundo Internacional de Conserva\u00e7\u00e3o do Canad\u00e1 (ICFC).<\/span><\/p>\n<div class=\"fitem-sep\"><\/div>\n<h3><b>Cita\u00e7\u00e3o<\/b><\/h3>\n<p><span style=\"font-weight: 400;\">Finer M, Mamani N, Spore J, Suarez D (2021)Col\u00f4nias menonitas continuam com grande desmatamento na Amaz\u00f4nia peruana. MAAP: 149.<\/span><\/p>\n<div class=\"fitem-sep\"><\/div>\n","protected":false},"excerpt":{"rendered":"<p>Os menonitas, um grupo religioso frequentemente associado \u00e0 atividade agr\u00edcola, se tornaram um dos principais causadores do desmatamento na Amaz\u00f4nia peruana . Em outubro de 2020 , relatamos o desmatamento de mais de 3.400 hectares em tr\u00eas novas col\u00f4nias estabelecidas. Aqui, mostramos que em 2021 os menonitas estabeleceram uma quarta col\u00f4nia (mais de 400 hectares) [&hellip;]<\/p>\n","protected":false},"author":4,"featured_media":0,"comment_status":"open","ping_status":"open","sticky":false,"template":"","format":"standard","meta":{"_acf_changed":false,"footnotes":""},"categories":[3],"tags":[],"ftr_agriculture":[362],"carbon-and-climate-change":[],"ftr_country":[400],"fire":[],"infrastructure-threat":[],"land-use":[],"mining-and-logging-threat":[],"natural-forest-loss":[],"special-analysis":[],"class_list":["post-22831","post","type-post","status-publish","format-standard","hentry","category-nao-categorizado","ftr_agriculture-menonitas","ftr_country-peru"],"acf":[],"yoast_head":"<!-- This site is optimized with the Yoast SEO plugin v27.3 - https:\/\/yoast.com\/product\/yoast-seo-wordpress\/ -->\n<title>MAAP #149: Col\u00f4nias Menonitas Continuam Grande Desmatamento na Amaz\u00f4nia Peruana - MAAP<\/title>\n<meta name=\"robots\" content=\"index, follow, max-snippet:-1, max-image-preview:large, max-video-preview:-1\" \/>\n<link rel=\"canonical\" href=\"https:\/\/www.maapprogram.org\/pt-br\/maap-149-portugues\/\" \/>\n<meta property=\"og:locale\" content=\"pt_BR\" \/>\n<meta property=\"og:type\" content=\"article\" \/>\n<meta property=\"og:title\" content=\"MAAP #149: Col\u00f4nias Menonitas Continuam Grande Desmatamento na Amaz\u00f4nia Peruana - MAAP\" \/>\n<meta property=\"og:description\" content=\"Os menonitas, um grupo religioso frequentemente associado \u00e0 atividade agr\u00edcola, se tornaram um dos principais causadores do desmatamento na Amaz\u00f4nia peruana . Em outubro de 2020 , relatamos o desmatamento de mais de 3.400 hectares em tr\u00eas novas col\u00f4nias estabelecidas. Aqui, mostramos que em 2021 os menonitas estabeleceram uma quarta col\u00f4nia (mais de 400 hectares) [&hellip;]\" \/>\n<meta property=\"og:url\" content=\"https:\/\/www.maapprogram.org\/pt-br\/maap-149-portugues\/\" \/>\n<meta property=\"og:site_name\" content=\"MAAP\" \/>\n<meta property=\"article:published_time\" content=\"2021-12-13T12:04:00+00:00\" \/>\n<meta property=\"article:modified_time\" content=\"2024-07-17T13:44:16+00:00\" \/>\n<meta property=\"og:image\" content=\"https:\/\/www.maapprogram.org\/wp-content\/uploads\/2021\/12\/maaproject.org-maap-149-mennonite-colonies-continue-major-deforestation-in-peruvian-amazon-Feat-Image-2-579x580.jpg\" \/>\n<meta name=\"author\" content=\"MAAP Consultants\" \/>\n<meta name=\"twitter:card\" content=\"summary_large_image\" \/>\n<meta name=\"twitter:label1\" content=\"Escrito por\" \/>\n\t<meta name=\"twitter:data1\" content=\"MAAP Consultants\" \/>\n\t<meta name=\"twitter:label2\" content=\"Est. tempo de leitura\" \/>\n\t<meta name=\"twitter:data2\" content=\"6 minutos\" \/>\n<script type=\"application\/ld+json\" class=\"yoast-schema-graph\">{\"@context\":\"https:\\\/\\\/schema.org\",\"@graph\":[{\"@type\":\"Article\",\"@id\":\"https:\\\/\\\/www.maapprogram.org\\\/pt-br\\\/maap-149-portugues\\\/#article\",\"isPartOf\":{\"@id\":\"https:\\\/\\\/www.maapprogram.org\\\/pt-br\\\/maap-149-portugues\\\/\"},\"author\":{\"name\":\"MAAP Consultants\",\"@id\":\"https:\\\/\\\/www.maapprogram.org\\\/pt-br\\\/#\\\/schema\\\/person\\\/2f7133e3c0723ceecd6dabc9b4f198ce\"},\"headline\":\"MAAP #149: Col\u00f4nias Menonitas Continuam Grande Desmatamento na Amaz\u00f4nia Peruana\",\"datePublished\":\"2021-12-13T12:04:00+00:00\",\"dateModified\":\"2024-07-17T13:44:16+00:00\",\"mainEntityOfPage\":{\"@id\":\"https:\\\/\\\/www.maapprogram.org\\\/pt-br\\\/maap-149-portugues\\\/\"},\"wordCount\":899,\"commentCount\":0,\"image\":{\"@id\":\"https:\\\/\\\/www.maapprogram.org\\\/pt-br\\\/maap-149-portugues\\\/#primaryimage\"},\"thumbnailUrl\":\"https:\\\/\\\/www.maapprogram.org\\\/wp-content\\\/uploads\\\/2021\\\/12\\\/maaproject.org-maap-149-mennonite-colonies-continue-major-deforestation-in-peruvian-amazon-Feat-Image-2-579x580.jpg\",\"articleSection\":[\"N\u00e3o categorizado\"],\"inLanguage\":\"pt-BR\",\"potentialAction\":[{\"@type\":\"CommentAction\",\"name\":\"Comment\",\"target\":[\"https:\\\/\\\/www.maapprogram.org\\\/pt-br\\\/maap-149-portugues\\\/#respond\"]}]},{\"@type\":\"WebPage\",\"@id\":\"https:\\\/\\\/www.maapprogram.org\\\/pt-br\\\/maap-149-portugues\\\/\",\"url\":\"https:\\\/\\\/www.maapprogram.org\\\/pt-br\\\/maap-149-portugues\\\/\",\"name\":\"MAAP #149: Col\u00f4nias Menonitas Continuam Grande Desmatamento na Amaz\u00f4nia Peruana - MAAP\",\"isPartOf\":{\"@id\":\"https:\\\/\\\/www.maapprogram.org\\\/pt-br\\\/#website\"},\"primaryImageOfPage\":{\"@id\":\"https:\\\/\\\/www.maapprogram.org\\\/pt-br\\\/maap-149-portugues\\\/#primaryimage\"},\"image\":{\"@id\":\"https:\\\/\\\/www.maapprogram.org\\\/pt-br\\\/maap-149-portugues\\\/#primaryimage\"},\"thumbnailUrl\":\"https:\\\/\\\/www.maapprogram.org\\\/wp-content\\\/uploads\\\/2021\\\/12\\\/maaproject.org-maap-149-mennonite-colonies-continue-major-deforestation-in-peruvian-amazon-Feat-Image-2-579x580.jpg\",\"datePublished\":\"2021-12-13T12:04:00+00:00\",\"dateModified\":\"2024-07-17T13:44:16+00:00\",\"author\":{\"@id\":\"https:\\\/\\\/www.maapprogram.org\\\/pt-br\\\/#\\\/schema\\\/person\\\/2f7133e3c0723ceecd6dabc9b4f198ce\"},\"breadcrumb\":{\"@id\":\"https:\\\/\\\/www.maapprogram.org\\\/pt-br\\\/maap-149-portugues\\\/#breadcrumb\"},\"inLanguage\":\"pt-BR\",\"potentialAction\":[{\"@type\":\"ReadAction\",\"target\":[\"https:\\\/\\\/www.maapprogram.org\\\/pt-br\\\/maap-149-portugues\\\/\"]}]},{\"@type\":\"ImageObject\",\"inLanguage\":\"pt-BR\",\"@id\":\"https:\\\/\\\/www.maapprogram.org\\\/pt-br\\\/maap-149-portugues\\\/#primaryimage\",\"url\":\"https:\\\/\\\/www.maapprogram.org\\\/wp-content\\\/uploads\\\/2021\\\/12\\\/maaproject.org-maap-149-mennonite-colonies-continue-major-deforestation-in-peruvian-amazon-Feat-Image-2-579x580.jpg\",\"contentUrl\":\"https:\\\/\\\/www.maapprogram.org\\\/wp-content\\\/uploads\\\/2021\\\/12\\\/maaproject.org-maap-149-mennonite-colonies-continue-major-deforestation-in-peruvian-amazon-Feat-Image-2-579x580.jpg\"},{\"@type\":\"BreadcrumbList\",\"@id\":\"https:\\\/\\\/www.maapprogram.org\\\/pt-br\\\/maap-149-portugues\\\/#breadcrumb\",\"itemListElement\":[{\"@type\":\"ListItem\",\"position\":1,\"name\":\"Home\",\"item\":\"https:\\\/\\\/www.maapprogram.org\\\/pt-br\\\/\"},{\"@type\":\"ListItem\",\"position\":2,\"name\":\"MAAP #149: Col\u00f4nias Menonitas Continuam Grande Desmatamento na Amaz\u00f4nia Peruana\"}]},{\"@type\":\"WebSite\",\"@id\":\"https:\\\/\\\/www.maapprogram.org\\\/pt-br\\\/#website\",\"url\":\"https:\\\/\\\/www.maapprogram.org\\\/pt-br\\\/\",\"name\":\"MAAP\",\"description\":\"\",\"potentialAction\":[{\"@type\":\"SearchAction\",\"target\":{\"@type\":\"EntryPoint\",\"urlTemplate\":\"https:\\\/\\\/www.maapprogram.org\\\/pt-br\\\/?s={search_term_string}\"},\"query-input\":{\"@type\":\"PropertyValueSpecification\",\"valueRequired\":true,\"valueName\":\"search_term_string\"}}],\"inLanguage\":\"pt-BR\"},{\"@type\":\"Person\",\"@id\":\"https:\\\/\\\/www.maapprogram.org\\\/pt-br\\\/#\\\/schema\\\/person\\\/2f7133e3c0723ceecd6dabc9b4f198ce\",\"name\":\"MAAP Consultants\",\"image\":{\"@type\":\"ImageObject\",\"inLanguage\":\"pt-BR\",\"@id\":\"https:\\\/\\\/secure.gravatar.com\\\/avatar\\\/5889bd7805b73b186236cf81236e7511b08707f4115893e4569c33d93f127911?s=96&d=mm&r=g\",\"url\":\"https:\\\/\\\/secure.gravatar.com\\\/avatar\\\/5889bd7805b73b186236cf81236e7511b08707f4115893e4569c33d93f127911?s=96&d=mm&r=g\",\"contentUrl\":\"https:\\\/\\\/secure.gravatar.com\\\/avatar\\\/5889bd7805b73b186236cf81236e7511b08707f4115893e4569c33d93f127911?s=96&d=mm&r=g\",\"caption\":\"MAAP Consultants\"},\"url\":\"https:\\\/\\\/www.maapprogram.org\\\/pt-br\\\/author\\\/maapconsultants\\\/\"}]}<\/script>\n<!-- \/ Yoast SEO plugin. -->","yoast_head_json":{"title":"MAAP #149: Col\u00f4nias Menonitas Continuam Grande Desmatamento na Amaz\u00f4nia Peruana - MAAP","robots":{"index":"index","follow":"follow","max-snippet":"max-snippet:-1","max-image-preview":"max-image-preview:large","max-video-preview":"max-video-preview:-1"},"canonical":"https:\/\/www.maapprogram.org\/pt-br\/maap-149-portugues\/","og_locale":"pt_BR","og_type":"article","og_title":"MAAP #149: Col\u00f4nias Menonitas Continuam Grande Desmatamento na Amaz\u00f4nia Peruana - MAAP","og_description":"Os menonitas, um grupo religioso frequentemente associado \u00e0 atividade agr\u00edcola, se tornaram um dos principais causadores do desmatamento na Amaz\u00f4nia peruana . Em outubro de 2020 , relatamos o desmatamento de mais de 3.400 hectares em tr\u00eas novas col\u00f4nias estabelecidas. Aqui, mostramos que em 2021 os menonitas estabeleceram uma quarta col\u00f4nia (mais de 400 hectares) [&hellip;]","og_url":"https:\/\/www.maapprogram.org\/pt-br\/maap-149-portugues\/","og_site_name":"MAAP","article_published_time":"2021-12-13T12:04:00+00:00","article_modified_time":"2024-07-17T13:44:16+00:00","og_image":[{"url":"https:\/\/www.maapprogram.org\/wp-content\/uploads\/2021\/12\/maaproject.org-maap-149-mennonite-colonies-continue-major-deforestation-in-peruvian-amazon-Feat-Image-2-579x580.jpg","type":"","width":"","height":""}],"author":"MAAP Consultants","twitter_card":"summary_large_image","twitter_misc":{"Escrito por":"MAAP Consultants","Est. tempo de leitura":"6 minutos"},"schema":{"@context":"https:\/\/schema.org","@graph":[{"@type":"Article","@id":"https:\/\/www.maapprogram.org\/pt-br\/maap-149-portugues\/#article","isPartOf":{"@id":"https:\/\/www.maapprogram.org\/pt-br\/maap-149-portugues\/"},"author":{"name":"MAAP Consultants","@id":"https:\/\/www.maapprogram.org\/pt-br\/#\/schema\/person\/2f7133e3c0723ceecd6dabc9b4f198ce"},"headline":"MAAP #149: Col\u00f4nias Menonitas Continuam Grande Desmatamento na Amaz\u00f4nia Peruana","datePublished":"2021-12-13T12:04:00+00:00","dateModified":"2024-07-17T13:44:16+00:00","mainEntityOfPage":{"@id":"https:\/\/www.maapprogram.org\/pt-br\/maap-149-portugues\/"},"wordCount":899,"commentCount":0,"image":{"@id":"https:\/\/www.maapprogram.org\/pt-br\/maap-149-portugues\/#primaryimage"},"thumbnailUrl":"https:\/\/www.maapprogram.org\/wp-content\/uploads\/2021\/12\/maaproject.org-maap-149-mennonite-colonies-continue-major-deforestation-in-peruvian-amazon-Feat-Image-2-579x580.jpg","articleSection":["N\u00e3o categorizado"],"inLanguage":"pt-BR","potentialAction":[{"@type":"CommentAction","name":"Comment","target":["https:\/\/www.maapprogram.org\/pt-br\/maap-149-portugues\/#respond"]}]},{"@type":"WebPage","@id":"https:\/\/www.maapprogram.org\/pt-br\/maap-149-portugues\/","url":"https:\/\/www.maapprogram.org\/pt-br\/maap-149-portugues\/","name":"MAAP #149: Col\u00f4nias Menonitas Continuam Grande Desmatamento na Amaz\u00f4nia Peruana - MAAP","isPartOf":{"@id":"https:\/\/www.maapprogram.org\/pt-br\/#website"},"primaryImageOfPage":{"@id":"https:\/\/www.maapprogram.org\/pt-br\/maap-149-portugues\/#primaryimage"},"image":{"@id":"https:\/\/www.maapprogram.org\/pt-br\/maap-149-portugues\/#primaryimage"},"thumbnailUrl":"https:\/\/www.maapprogram.org\/wp-content\/uploads\/2021\/12\/maaproject.org-maap-149-mennonite-colonies-continue-major-deforestation-in-peruvian-amazon-Feat-Image-2-579x580.jpg","datePublished":"2021-12-13T12:04:00+00:00","dateModified":"2024-07-17T13:44:16+00:00","author":{"@id":"https:\/\/www.maapprogram.org\/pt-br\/#\/schema\/person\/2f7133e3c0723ceecd6dabc9b4f198ce"},"breadcrumb":{"@id":"https:\/\/www.maapprogram.org\/pt-br\/maap-149-portugues\/#breadcrumb"},"inLanguage":"pt-BR","potentialAction":[{"@type":"ReadAction","target":["https:\/\/www.maapprogram.org\/pt-br\/maap-149-portugues\/"]}]},{"@type":"ImageObject","inLanguage":"pt-BR","@id":"https:\/\/www.maapprogram.org\/pt-br\/maap-149-portugues\/#primaryimage","url":"https:\/\/www.maapprogram.org\/wp-content\/uploads\/2021\/12\/maaproject.org-maap-149-mennonite-colonies-continue-major-deforestation-in-peruvian-amazon-Feat-Image-2-579x580.jpg","contentUrl":"https:\/\/www.maapprogram.org\/wp-content\/uploads\/2021\/12\/maaproject.org-maap-149-mennonite-colonies-continue-major-deforestation-in-peruvian-amazon-Feat-Image-2-579x580.jpg"},{"@type":"BreadcrumbList","@id":"https:\/\/www.maapprogram.org\/pt-br\/maap-149-portugues\/#breadcrumb","itemListElement":[{"@type":"ListItem","position":1,"name":"Home","item":"https:\/\/www.maapprogram.org\/pt-br\/"},{"@type":"ListItem","position":2,"name":"MAAP #149: Col\u00f4nias Menonitas Continuam Grande Desmatamento na Amaz\u00f4nia Peruana"}]},{"@type":"WebSite","@id":"https:\/\/www.maapprogram.org\/pt-br\/#website","url":"https:\/\/www.maapprogram.org\/pt-br\/","name":"MAAP","description":"","potentialAction":[{"@type":"SearchAction","target":{"@type":"EntryPoint","urlTemplate":"https:\/\/www.maapprogram.org\/pt-br\/?s={search_term_string}"},"query-input":{"@type":"PropertyValueSpecification","valueRequired":true,"valueName":"search_term_string"}}],"inLanguage":"pt-BR"},{"@type":"Person","@id":"https:\/\/www.maapprogram.org\/pt-br\/#\/schema\/person\/2f7133e3c0723ceecd6dabc9b4f198ce","name":"MAAP Consultants","image":{"@type":"ImageObject","inLanguage":"pt-BR","@id":"https:\/\/secure.gravatar.com\/avatar\/5889bd7805b73b186236cf81236e7511b08707f4115893e4569c33d93f127911?s=96&d=mm&r=g","url":"https:\/\/secure.gravatar.com\/avatar\/5889bd7805b73b186236cf81236e7511b08707f4115893e4569c33d93f127911?s=96&d=mm&r=g","contentUrl":"https:\/\/secure.gravatar.com\/avatar\/5889bd7805b73b186236cf81236e7511b08707f4115893e4569c33d93f127911?s=96&d=mm&r=g","caption":"MAAP Consultants"},"url":"https:\/\/www.maapprogram.org\/pt-br\/author\/maapconsultants\/"}]}},"_links":{"self":[{"href":"https:\/\/www.maapprogram.org\/pt-br\/wp-json\/wp\/v2\/posts\/22831","targetHints":{"allow":["GET"]}}],"collection":[{"href":"https:\/\/www.maapprogram.org\/pt-br\/wp-json\/wp\/v2\/posts"}],"about":[{"href":"https:\/\/www.maapprogram.org\/pt-br\/wp-json\/wp\/v2\/types\/post"}],"author":[{"embeddable":true,"href":"https:\/\/www.maapprogram.org\/pt-br\/wp-json\/wp\/v2\/users\/4"}],"replies":[{"embeddable":true,"href":"https:\/\/www.maapprogram.org\/pt-br\/wp-json\/wp\/v2\/comments?post=22831"}],"version-history":[{"count":1,"href":"https:\/\/www.maapprogram.org\/pt-br\/wp-json\/wp\/v2\/posts\/22831\/revisions"}],"predecessor-version":[{"id":22832,"href":"https:\/\/www.maapprogram.org\/pt-br\/wp-json\/wp\/v2\/posts\/22831\/revisions\/22832"}],"wp:attachment":[{"href":"https:\/\/www.maapprogram.org\/pt-br\/wp-json\/wp\/v2\/media?parent=22831"}],"wp:term":[{"taxonomy":"category","embeddable":true,"href":"https:\/\/www.maapprogram.org\/pt-br\/wp-json\/wp\/v2\/categories?post=22831"},{"taxonomy":"post_tag","embeddable":true,"href":"https:\/\/www.maapprogram.org\/pt-br\/wp-json\/wp\/v2\/tags?post=22831"},{"taxonomy":"ftr_agriculture","embeddable":true,"href":"https:\/\/www.maapprogram.org\/pt-br\/wp-json\/wp\/v2\/ftr_agriculture?post=22831"},{"taxonomy":"carbon-and-climate-change","embeddable":true,"href":"https:\/\/www.maapprogram.org\/pt-br\/wp-json\/wp\/v2\/carbon-and-climate-change?post=22831"},{"taxonomy":"ftr_country","embeddable":true,"href":"https:\/\/www.maapprogram.org\/pt-br\/wp-json\/wp\/v2\/ftr_country?post=22831"},{"taxonomy":"fire","embeddable":true,"href":"https:\/\/www.maapprogram.org\/pt-br\/wp-json\/wp\/v2\/fire?post=22831"},{"taxonomy":"infrastructure-threat","embeddable":true,"href":"https:\/\/www.maapprogram.org\/pt-br\/wp-json\/wp\/v2\/infrastructure-threat?post=22831"},{"taxonomy":"land-use","embeddable":true,"href":"https:\/\/www.maapprogram.org\/pt-br\/wp-json\/wp\/v2\/land-use?post=22831"},{"taxonomy":"mining-and-logging-threat","embeddable":true,"href":"https:\/\/www.maapprogram.org\/pt-br\/wp-json\/wp\/v2\/mining-and-logging-threat?post=22831"},{"taxonomy":"natural-forest-loss","embeddable":true,"href":"https:\/\/www.maapprogram.org\/pt-br\/wp-json\/wp\/v2\/natural-forest-loss?post=22831"},{"taxonomy":"special-analysis","embeddable":true,"href":"https:\/\/www.maapprogram.org\/pt-br\/wp-json\/wp\/v2\/special-analysis?post=22831"}],"curies":[{"name":"wp","href":"https:\/\/api.w.org\/{rel}","templated":true}]}}