{"id":22873,"date":"2021-02-19T12:51:00","date_gmt":"2021-02-19T12:51:00","guid":{"rendered":"https:\/\/www.maapprogram.org\/?p=22873"},"modified":"2024-09-26T18:12:13","modified_gmt":"2024-09-26T18:12:13","slug":"maap-133-portugues","status":"publish","type":"post","link":"https:\/\/www.maapprogram.org\/pt-br\/maap-133-portugues\/","title":{"rendered":"MAAP #133: Desmatamento continua em parques nacionais da Amaz\u00f4nia colombiana"},"content":{"rendered":"<div id=\"attachment_9975\" class=\"thumbnail alignright\"><a href=\"https:\/\/www.maapprogram.org\/wp-content\/uploads\/2021\/02\/maaproject.org-maap-133-deforestation-continues-in-national-parks-of-colombian-amazon-Basemap-ColAmz-2020Sep-2021Feb-Eng-200dpi.jpg\"><img decoding=\"async\" class=\"wp-image-9975 size-medium\" src=\"https:\/\/www.maapprogram.org\/wp-content\/uploads\/2021\/02\/maaproject.org-maap-133-deforestation-continues-in-national-parks-of-colombian-amazon-Basemap-ColAmz-2020Sep-2021Feb-Eng-200dpi-741x580.jpg\" alt=\"\" width=\"741\" height=\"580\" \/><\/a><div class=\"caption\"><i><span style=\"font-weight: 400;\">Mapa Base. Desmatamento 2020-21 nos Parques Nacionais da Amaz\u00f4nia Colombiana. Dados: MAAP.<\/span><\/i><\/div><\/div>\n<p><span style=\"font-weight: 400;\">Como indicamos em relat\u00f3rios anteriores ( <\/span><a href=\"https:\/\/www.maapprogram.org\/2020\/colombian_amaz\/\"><span style=\"font-weight: 400;\">MAAP #120<\/span><\/a><span style=\"font-weight: 400;\"> ), h\u00e1 um \u201c <\/span><b>arco de desmatamento<\/b><span style=\"font-weight: 400;\"> \u201d na <\/span><b>Amaz\u00f4nia noroeste colombiana<\/b><span style=\"font-weight: 400;\"> , impactando in\u00fameras \u00e1reas protegidas e reservas ind\u00edgenas.<\/span><\/p>\n<p><span style=\"font-weight: 400;\">Aqui, destacamos que esse desmatamento atualmente afeta quatro <\/span><b>Parques Nacionais<\/b><span style=\"font-weight: 400;\"> : Tinigua, Macarena, Chiribiquete e La Paya.<\/span><\/p>\n<p><span style=\"font-weight: 400;\">No <\/span><b>Mapa Base<\/b><span style=\"font-weight: 400;\"> , os <\/span><b>c\u00edrculos vermelhos<\/b><span style=\"font-weight: 400;\"> indicam as \u00e1reas mais impactadas pelo desmatamento recente dentro desses parques.<\/span><\/p>\n<p><span style=\"font-weight: 400;\">As letras (AD) indicam a localiza\u00e7\u00e3o das <\/span><b>imagens de sat\u00e9lite de alta resolu\u00e7\u00e3o<\/b><span style=\"font-weight: 400;\"> (Planeta) abaixo.<\/span><\/p>\n<p><span style=\"font-weight: 400;\">Embora Tinigua e Macarena continuem sendo os Parques Nacionais mais impactados, abaixo nos concentramos nas novas frentes de desmatamento em <\/span><b>Chiribiquete e La Paya<\/b><span style=\"font-weight: 400;\"> .<\/span><\/p>\n<p><span style=\"font-weight: 400;\">Especificamente, mostramos o desmatamento mais recente e urgente, desde setembro de 2020 at\u00e9 o presente (fevereiro de 2021).<\/span><\/p>\n<div class=\"fitem-sep\"><\/div>\n<h3><b>Parque Nacional Chiribiquete<\/b><\/h3>\n<p><span style=\"font-weight: 400;\">O Parque Nacional Natural de Chiribiquete perdeu mais de <\/span><b>1.000 hectares<\/b><span style=\"font-weight: 400;\"> (2.500 acres) nos \u00faltimos seis meses, em seis \u00e1reas diferentes do parque (veja o Mapa Base acima). Grande parte desse desmatamento parece estar associado \u00e0 convers\u00e3o de floresta prim\u00e1ria em <\/span><b>pastagem ilegal para gado<\/b><span style=\"font-weight: 400;\"> . As seguintes <\/span><b>imagens de sat\u00e9lite<\/b><span style=\"font-weight: 400;\"> mostram o desmatamento em tr\u00eas dessas \u00e1reas (AC) entre setembro de 2020 (painel esquerdo) e fevereiro de 2021 (painel direito). *\u00c9 importante notar que imediatamente antes desta publica\u00e7\u00e3o as autoridades realizaram uma <\/span><b>grande interven\u00e7\u00e3o<\/b><span style=\"font-weight: 400;\"> para reprimir a atividade ilegal dentro do parque (veja <\/span><a href=\"https:\/\/sostenibilidad.semana.com\/impacto\/articulo\/chiribiquete-adelantan-ofensiva-para-frenar-la-deforestacion---colombia-hoy\/59546\"><span style=\"font-weight: 400;\">as not\u00edcias aqui<\/span><\/a><span style=\"font-weight: 400;\"> ).<\/span><\/p>\n<div id=\"attachment_9954\" class=\"thumbnail aligncenter\"><a href=\"https:\/\/www.maapprogram.org\/wp-content\/uploads\/2021\/02\/maaproject.org-maap-133-deforestacion-grave-continua-en-los-parques-nacionales-de-la-amazonia-colombiana-Panel-A-Chiribiquete-West1-200dpi-v2.jpg\"><img decoding=\"async\" class=\"wp-image-9954 size-full\" src=\"https:\/\/www.maapprogram.org\/wp-content\/uploads\/2021\/02\/maaproject.org-maap-133-deforestacion-grave-continua-en-los-parques-nacionales-de-la-amazonia-colombiana-Panel-A-Chiribiquete-West1-200dpi-v2.jpg\" alt=\"\" width=\"2581\" height=\"1140\" \/><\/a><div class=\"caption\"><i><span style=\"font-weight: 400;\">Imagem A. Desmatamento no Parque Nacional Chiribiquete, setor oeste 1. Coordenada de refer\u00eancia: 1.05497 \u00b0 N, 74.26465 \u00b0 W. Dados: Planet, MAAP.<\/span><\/i><\/div><\/div>\n<div class=\"fitem-sep\"><\/div>\n<div id=\"attachment_9955\" class=\"thumbnail aligncenter\"><a href=\"https:\/\/www.maapprogram.org\/wp-content\/uploads\/2021\/02\/maaproject.org-maap-133-deforestacion-grave-continua-en-los-parques-nacionales-de-la-amazonia-colombiana-Panel-B-Chiribiquete-West2-200dpi-v2.jpg\"><img decoding=\"async\" class=\"wp-image-9955 size-full\" src=\"https:\/\/www.maapprogram.org\/wp-content\/uploads\/2021\/02\/maaproject.org-maap-133-deforestacion-grave-continua-en-los-parques-nacionales-de-la-amazonia-colombiana-Panel-B-Chiribiquete-West2-200dpi-v2.jpg\" alt=\"\" width=\"2581\" height=\"1140\" \/><\/a><div class=\"caption\"><i><span style=\"font-weight: 400;\">Imagem B. Desmatamento no Parque Nacional Chiribiquete, setor oeste 2. Coordenada de refer\u00eancia: 1.57990 \u00b0 N, 73.78689 \u00b0 W. Dados: Planet, MAAP.<\/span><\/i><\/div><\/div>\n<div class=\"fitem-sep\"><\/div>\n<div id=\"attachment_9956\" class=\"thumbnail aligncenter\"><a href=\"https:\/\/www.maapprogram.org\/wp-content\/uploads\/2021\/02\/maaproject.org-maap-133-deforestacion-grave-continua-en-los-parques-nacionales-de-la-amazonia-colombiana-Panel-C-Chiribiquete-N1-200dpi-v2.jpg\"><img decoding=\"async\" class=\"wp-image-9956 size-full\" src=\"https:\/\/www.maapprogram.org\/wp-content\/uploads\/2021\/02\/maaproject.org-maap-133-deforestacion-grave-continua-en-los-parques-nacionales-de-la-amazonia-colombiana-Panel-C-Chiribiquete-N1-200dpi-v2.jpg\" alt=\"\" width=\"2581\" height=\"1140\" \/><\/a><div class=\"caption\"><i><span style=\"font-weight: 400;\">Imagem C. Desmatamento no Parque Nacional Chiribiquete, setor norte 1. Coordenada de refer\u00eancia: 2.00975, -73.45541. Dados: Planet, MAAP.<\/span><\/i><\/div><\/div>\n<div class=\"fitem-sep\"><\/div>\n<h3><b>Parque Nacional La Pay\u00e1<\/b><\/h3>\n<h3><span style=\"font-weight: 400;\">O Parque Nacional La Paya perdeu mais de <\/span><b>150 hectares<\/b><span style=\"font-weight: 400;\"> (370 acres) nos \u00faltimos seis meses, no setor noroeste do parque (veja o Mapa Base acima).<\/span><span style=\"font-weight: 400;\"><br \/>\n<\/span><span style=\"font-weight: 400;\"><br \/>\n<\/span><span style=\"font-weight: 400;\">imagem a seguir mostra um exemplo de desmatamento neste setor do parque entre setembro de 2020 (painel esquerdo) e janeiro de 2021 (painel direito).<\/span><\/h3>\n<div id=\"attachment_9957\" class=\"thumbnail aligncenter\"><a href=\"https:\/\/www.maapprogram.org\/wp-content\/uploads\/2021\/02\/maaproject.org-maap-133-deforestacion-grave-continua-en-los-parques-nacionales-de-la-amazonia-colombiana-Panel-D-LaPaya-200dpi-v2.jpg\"><img decoding=\"async\" class=\"wp-image-9957 size-full\" src=\"https:\/\/www.maapprogram.org\/wp-content\/uploads\/2021\/02\/maaproject.org-maap-133-deforestacion-grave-continua-en-los-parques-nacionales-de-la-amazonia-colombiana-Panel-D-LaPaya-200dpi-v2.jpg\" alt=\"\" width=\"2581\" height=\"1140\" \/><\/a><div class=\"caption\"><i><span style=\"font-weight: 400;\">Imagem D. Desmatamento no Parque Nacional La Paya, setor norte. Coordenada de refer\u00eancia: 0,39677 \u00b0 N, 75,48505 \u00b0 W. Dados: Planet, MAAP.<\/span><\/i><\/div><\/div>\n<div class=\"fitem-sep\"><\/div>\n<h3><b>Temporada de inc\u00eandios<\/b><\/h3>\n<p><span style=\"font-weight: 400;\">Al\u00e9m disso, a <\/span><b>temporada de inc\u00eandios<\/b><span style=\"font-weight: 400;\"> come\u00e7ou na Amaz\u00f4nia colombiana. Curiosamente, agora (fevereiro a mar\u00e7o) \u00e9 tipicamente o pico de desmatamento e temporada de inc\u00eandios na Col\u00f4mbia, em contraste com o Brasil, Bol\u00edvia e Peru, cujas temporadas atingem o pico entre junho e outubro.<\/span><\/p>\n<p><span style=\"font-weight: 400;\">As seguintes imagens de alt\u00edssima resolu\u00e7\u00e3o (Skyat) revelam a queima de \u00e1reas recentemente desmatadas dentro do Parque Nacional Chiribiquete.<\/span><\/p>\n<div><\/div>\n<div>\n<div id=\"attachment_9969\" class=\"thumbnail aligncenter\"><a href=\"https:\/\/www.maapprogram.org\/wp-content\/uploads\/2021\/02\/maaproject.org-maap-133-grave-deforestacion-continua-en-los-parques-nacionales-de-la-amazonia-colombiana-SkySat-A1-11Feb2021-200dpi-v2.jpg\"><img decoding=\"async\" class=\"wp-image-9969 size-medium\" src=\"https:\/\/www.maapprogram.org\/wp-content\/uploads\/2021\/02\/maaproject.org-maap-133-grave-deforestacion-continua-en-los-parques-nacionales-de-la-amazonia-colombiana-SkySat-A1-11Feb2021-200dpi-v2-792x580.jpg\" alt=\"\" width=\"792\" height=\"580\" \/><\/a><div class=\"caption\"><i><span style=\"font-weight: 400;\">Inc\u00eandio dentro do Parque Nacional Chiribuete (11 de fevereiro de 2021) queimando \u00e1reas recentemente desmatadas. Dados: Planet (Skysat).<\/span><\/i><\/div><\/div>\n<\/div>\n<div><\/div>\n<div class=\"fitem-sep\"><\/div>\n<div id=\"attachment_9970\" class=\"thumbnail aligncenter\"><a href=\"https:\/\/www.maapprogram.org\/wp-content\/uploads\/2021\/02\/maaproject.org-maap-133-grave-deforestacion-continua-en-los-parques-nacionales-de-la-amazonia-colombiana-SkySat-A2-11Feb2021-200dpi-v2.jpg\"><img decoding=\"async\" class=\"wp-image-9970 size-medium\" src=\"https:\/\/www.maapprogram.org\/wp-content\/uploads\/2021\/02\/maaproject.org-maap-133-grave-deforestacion-continua-en-los-parques-nacionales-de-la-amazonia-colombiana-SkySat-A2-11Feb2021-200dpi-v2-792x580.jpg\" alt=\"\" width=\"792\" height=\"580\" \/><\/a><div class=\"caption\"><i><span style=\"font-weight: 400;\">Zoom de fogo dentro do Parque Nacional Chiribuete (11 de fevereiro de 2021) queimando \u00e1reas recentemente desmatadas. Dados: Planet (Skysat).<\/span><\/i><\/div><\/div>\n<div class=\"fitem-sep\"><\/div>\n<h3><b>Agradecimentos<\/b><\/h3>\n<p><span style=\"font-weight: 400;\">Agradecemos a R. Botero (FCDS) e G. Palacios pelos coment\u00e1rios \u00fateis sobre este relat\u00f3rio.<\/span><\/p>\n<p><span style=\"font-weight: 400;\">Este trabalho foi apoiado pela NORAD (Ag\u00eancia Norueguesa para Coopera\u00e7\u00e3o para o Desenvolvimento) e pelo ICFC (Fundo Internacional de Conserva\u00e7\u00e3o do Canad\u00e1).<\/span><\/p>\n<p><a href=\"https:\/\/www.maapprogram.org\/wp-content\/uploads\/2021\/04\/maaproject.org-norad-icfc-maap-notext.png\"><img decoding=\"async\" class=\"aligncenter size-full wp-image-10157\" src=\"https:\/\/www.maapprogram.org\/wp-content\/uploads\/2021\/04\/maaproject.org-norad-icfc-maap-notext.png\" alt=\"\" \/><\/a><\/p>\n<div class=\"fitem-sep\"><\/div>\n<h3><b>Cita\u00e7\u00e3o<\/b><\/h3>\n<p><span style=\"font-weight: 400;\">Finer M, Mamani N (2021) Desmatamento continua em parques nacionais da Amaz\u00f4nia colombiana. MAAP: 133.<\/span><\/p>\n<div class=\"fitem-sep\"><\/div>\n","protected":false},"excerpt":{"rendered":"<p>Como indicamos em relat\u00f3rios anteriores ( MAAP #120 ), h\u00e1 um \u201c arco de desmatamento \u201d na Amaz\u00f4nia noroeste colombiana , impactando in\u00fameras \u00e1reas protegidas e reservas ind\u00edgenas. Aqui, destacamos que esse desmatamento atualmente afeta quatro Parques Nacionais : Tinigua, Macarena, Chiribiquete e La Paya. No Mapa Base , os c\u00edrculos vermelhos indicam as \u00e1reas [&hellip;]<\/p>\n","protected":false},"author":4,"featured_media":0,"comment_status":"open","ping_status":"open","sticky":false,"template":"","format":"standard","meta":{"_acf_changed":false,"footnotes":""},"categories":[3],"tags":[],"ftr_agriculture":[356],"carbon-and-climate-change":[],"ftr_country":[484],"fire":[453],"infrastructure-threat":[],"land-use":[],"mining-and-logging-threat":[],"natural-forest-loss":[],"special-analysis":[],"class_list":["post-22873","post","type-post","status-publish","format-standard","hentry","category-nao-categorizado","ftr_agriculture-pasto-de-gado","ftr_country-colombia-3","fire-incendios-pt-br"],"acf":[],"yoast_head":"<!-- This site is optimized with the Yoast SEO plugin v27.3 - https:\/\/yoast.com\/product\/yoast-seo-wordpress\/ -->\n<title>MAAP #133: Desmatamento continua em parques nacionais da Amaz\u00f4nia colombiana - MAAP<\/title>\n<meta name=\"robots\" content=\"index, follow, max-snippet:-1, max-image-preview:large, max-video-preview:-1\" \/>\n<link rel=\"canonical\" href=\"https:\/\/www.maapprogram.org\/pt-br\/maap-133-portugues\/\" \/>\n<meta property=\"og:locale\" content=\"pt_BR\" \/>\n<meta property=\"og:type\" content=\"article\" \/>\n<meta property=\"og:title\" content=\"MAAP #133: Desmatamento continua em parques nacionais da Amaz\u00f4nia colombiana - MAAP\" \/>\n<meta property=\"og:description\" content=\"Como indicamos em relat\u00f3rios anteriores ( MAAP #120 ), h\u00e1 um \u201c arco de desmatamento \u201d na Amaz\u00f4nia noroeste colombiana , impactando in\u00fameras \u00e1reas protegidas e reservas ind\u00edgenas. Aqui, destacamos que esse desmatamento atualmente afeta quatro Parques Nacionais : Tinigua, Macarena, Chiribiquete e La Paya. No Mapa Base , os c\u00edrculos vermelhos indicam as \u00e1reas [&hellip;]\" \/>\n<meta property=\"og:url\" content=\"https:\/\/www.maapprogram.org\/pt-br\/maap-133-portugues\/\" \/>\n<meta property=\"og:site_name\" content=\"MAAP\" \/>\n<meta property=\"article:published_time\" content=\"2021-02-19T12:51:00+00:00\" \/>\n<meta property=\"article:modified_time\" content=\"2024-09-26T18:12:13+00:00\" \/>\n<meta property=\"og:image\" content=\"https:\/\/www.maapprogram.org\/wp-content\/uploads\/2021\/02\/maaproject.org-maap-133-deforestation-continues-in-national-parks-of-colombian-amazon-Basemap-ColAmz-2020Sep-2021Feb-Eng-200dpi-741x580.jpg\" \/>\n<meta name=\"author\" content=\"MAAP Consultants\" \/>\n<meta name=\"twitter:card\" content=\"summary_large_image\" \/>\n<meta name=\"twitter:label1\" content=\"Escrito por\" \/>\n\t<meta name=\"twitter:data1\" content=\"MAAP Consultants\" \/>\n\t<meta name=\"twitter:label2\" content=\"Est. tempo de leitura\" \/>\n\t<meta name=\"twitter:data2\" content=\"5 minutos\" \/>\n<script type=\"application\/ld+json\" class=\"yoast-schema-graph\">{\"@context\":\"https:\\\/\\\/schema.org\",\"@graph\":[{\"@type\":\"Article\",\"@id\":\"https:\\\/\\\/www.maapprogram.org\\\/pt-br\\\/maap-133-portugues\\\/#article\",\"isPartOf\":{\"@id\":\"https:\\\/\\\/www.maapprogram.org\\\/pt-br\\\/maap-133-portugues\\\/\"},\"author\":{\"name\":\"MAAP Consultants\",\"@id\":\"https:\\\/\\\/www.maapprogram.org\\\/pt-br\\\/#\\\/schema\\\/person\\\/2f7133e3c0723ceecd6dabc9b4f198ce\"},\"headline\":\"MAAP #133: Desmatamento continua em parques nacionais da Amaz\u00f4nia colombiana\",\"datePublished\":\"2021-02-19T12:51:00+00:00\",\"dateModified\":\"2024-09-26T18:12:13+00:00\",\"mainEntityOfPage\":{\"@id\":\"https:\\\/\\\/www.maapprogram.org\\\/pt-br\\\/maap-133-portugues\\\/\"},\"wordCount\":590,\"commentCount\":0,\"image\":{\"@id\":\"https:\\\/\\\/www.maapprogram.org\\\/pt-br\\\/maap-133-portugues\\\/#primaryimage\"},\"thumbnailUrl\":\"https:\\\/\\\/www.maapprogram.org\\\/wp-content\\\/uploads\\\/2021\\\/02\\\/maaproject.org-maap-133-deforestation-continues-in-national-parks-of-colombian-amazon-Basemap-ColAmz-2020Sep-2021Feb-Eng-200dpi-741x580.jpg\",\"articleSection\":[\"N\u00e3o categorizado\"],\"inLanguage\":\"pt-BR\",\"potentialAction\":[{\"@type\":\"CommentAction\",\"name\":\"Comment\",\"target\":[\"https:\\\/\\\/www.maapprogram.org\\\/pt-br\\\/maap-133-portugues\\\/#respond\"]}]},{\"@type\":\"WebPage\",\"@id\":\"https:\\\/\\\/www.maapprogram.org\\\/pt-br\\\/maap-133-portugues\\\/\",\"url\":\"https:\\\/\\\/www.maapprogram.org\\\/pt-br\\\/maap-133-portugues\\\/\",\"name\":\"MAAP #133: Desmatamento continua em parques nacionais da Amaz\u00f4nia colombiana - MAAP\",\"isPartOf\":{\"@id\":\"https:\\\/\\\/www.maapprogram.org\\\/pt-br\\\/#website\"},\"primaryImageOfPage\":{\"@id\":\"https:\\\/\\\/www.maapprogram.org\\\/pt-br\\\/maap-133-portugues\\\/#primaryimage\"},\"image\":{\"@id\":\"https:\\\/\\\/www.maapprogram.org\\\/pt-br\\\/maap-133-portugues\\\/#primaryimage\"},\"thumbnailUrl\":\"https:\\\/\\\/www.maapprogram.org\\\/wp-content\\\/uploads\\\/2021\\\/02\\\/maaproject.org-maap-133-deforestation-continues-in-national-parks-of-colombian-amazon-Basemap-ColAmz-2020Sep-2021Feb-Eng-200dpi-741x580.jpg\",\"datePublished\":\"2021-02-19T12:51:00+00:00\",\"dateModified\":\"2024-09-26T18:12:13+00:00\",\"author\":{\"@id\":\"https:\\\/\\\/www.maapprogram.org\\\/pt-br\\\/#\\\/schema\\\/person\\\/2f7133e3c0723ceecd6dabc9b4f198ce\"},\"breadcrumb\":{\"@id\":\"https:\\\/\\\/www.maapprogram.org\\\/pt-br\\\/maap-133-portugues\\\/#breadcrumb\"},\"inLanguage\":\"pt-BR\",\"potentialAction\":[{\"@type\":\"ReadAction\",\"target\":[\"https:\\\/\\\/www.maapprogram.org\\\/pt-br\\\/maap-133-portugues\\\/\"]}]},{\"@type\":\"ImageObject\",\"inLanguage\":\"pt-BR\",\"@id\":\"https:\\\/\\\/www.maapprogram.org\\\/pt-br\\\/maap-133-portugues\\\/#primaryimage\",\"url\":\"https:\\\/\\\/www.maapprogram.org\\\/wp-content\\\/uploads\\\/2021\\\/02\\\/maaproject.org-maap-133-deforestation-continues-in-national-parks-of-colombian-amazon-Basemap-ColAmz-2020Sep-2021Feb-Eng-200dpi-741x580.jpg\",\"contentUrl\":\"https:\\\/\\\/www.maapprogram.org\\\/wp-content\\\/uploads\\\/2021\\\/02\\\/maaproject.org-maap-133-deforestation-continues-in-national-parks-of-colombian-amazon-Basemap-ColAmz-2020Sep-2021Feb-Eng-200dpi-741x580.jpg\"},{\"@type\":\"BreadcrumbList\",\"@id\":\"https:\\\/\\\/www.maapprogram.org\\\/pt-br\\\/maap-133-portugues\\\/#breadcrumb\",\"itemListElement\":[{\"@type\":\"ListItem\",\"position\":1,\"name\":\"Home\",\"item\":\"https:\\\/\\\/www.maapprogram.org\\\/pt-br\\\/\"},{\"@type\":\"ListItem\",\"position\":2,\"name\":\"MAAP #133: Desmatamento continua em parques nacionais da Amaz\u00f4nia colombiana\"}]},{\"@type\":\"WebSite\",\"@id\":\"https:\\\/\\\/www.maapprogram.org\\\/pt-br\\\/#website\",\"url\":\"https:\\\/\\\/www.maapprogram.org\\\/pt-br\\\/\",\"name\":\"MAAP\",\"description\":\"\",\"potentialAction\":[{\"@type\":\"SearchAction\",\"target\":{\"@type\":\"EntryPoint\",\"urlTemplate\":\"https:\\\/\\\/www.maapprogram.org\\\/pt-br\\\/?s={search_term_string}\"},\"query-input\":{\"@type\":\"PropertyValueSpecification\",\"valueRequired\":true,\"valueName\":\"search_term_string\"}}],\"inLanguage\":\"pt-BR\"},{\"@type\":\"Person\",\"@id\":\"https:\\\/\\\/www.maapprogram.org\\\/pt-br\\\/#\\\/schema\\\/person\\\/2f7133e3c0723ceecd6dabc9b4f198ce\",\"name\":\"MAAP Consultants\",\"image\":{\"@type\":\"ImageObject\",\"inLanguage\":\"pt-BR\",\"@id\":\"https:\\\/\\\/secure.gravatar.com\\\/avatar\\\/5889bd7805b73b186236cf81236e7511b08707f4115893e4569c33d93f127911?s=96&d=mm&r=g\",\"url\":\"https:\\\/\\\/secure.gravatar.com\\\/avatar\\\/5889bd7805b73b186236cf81236e7511b08707f4115893e4569c33d93f127911?s=96&d=mm&r=g\",\"contentUrl\":\"https:\\\/\\\/secure.gravatar.com\\\/avatar\\\/5889bd7805b73b186236cf81236e7511b08707f4115893e4569c33d93f127911?s=96&d=mm&r=g\",\"caption\":\"MAAP Consultants\"},\"url\":\"https:\\\/\\\/www.maapprogram.org\\\/pt-br\\\/author\\\/maapconsultants\\\/\"}]}<\/script>\n<!-- \/ Yoast SEO plugin. -->","yoast_head_json":{"title":"MAAP #133: Desmatamento continua em parques nacionais da Amaz\u00f4nia colombiana - MAAP","robots":{"index":"index","follow":"follow","max-snippet":"max-snippet:-1","max-image-preview":"max-image-preview:large","max-video-preview":"max-video-preview:-1"},"canonical":"https:\/\/www.maapprogram.org\/pt-br\/maap-133-portugues\/","og_locale":"pt_BR","og_type":"article","og_title":"MAAP #133: Desmatamento continua em parques nacionais da Amaz\u00f4nia colombiana - MAAP","og_description":"Como indicamos em relat\u00f3rios anteriores ( MAAP #120 ), h\u00e1 um \u201c arco de desmatamento \u201d na Amaz\u00f4nia noroeste colombiana , impactando in\u00fameras \u00e1reas protegidas e reservas ind\u00edgenas. Aqui, destacamos que esse desmatamento atualmente afeta quatro Parques Nacionais : Tinigua, Macarena, Chiribiquete e La Paya. No Mapa Base , os c\u00edrculos vermelhos indicam as \u00e1reas [&hellip;]","og_url":"https:\/\/www.maapprogram.org\/pt-br\/maap-133-portugues\/","og_site_name":"MAAP","article_published_time":"2021-02-19T12:51:00+00:00","article_modified_time":"2024-09-26T18:12:13+00:00","og_image":[{"url":"https:\/\/www.maapprogram.org\/wp-content\/uploads\/2021\/02\/maaproject.org-maap-133-deforestation-continues-in-national-parks-of-colombian-amazon-Basemap-ColAmz-2020Sep-2021Feb-Eng-200dpi-741x580.jpg","type":"","width":"","height":""}],"author":"MAAP Consultants","twitter_card":"summary_large_image","twitter_misc":{"Escrito por":"MAAP Consultants","Est. tempo de leitura":"5 minutos"},"schema":{"@context":"https:\/\/schema.org","@graph":[{"@type":"Article","@id":"https:\/\/www.maapprogram.org\/pt-br\/maap-133-portugues\/#article","isPartOf":{"@id":"https:\/\/www.maapprogram.org\/pt-br\/maap-133-portugues\/"},"author":{"name":"MAAP Consultants","@id":"https:\/\/www.maapprogram.org\/pt-br\/#\/schema\/person\/2f7133e3c0723ceecd6dabc9b4f198ce"},"headline":"MAAP #133: Desmatamento continua em parques nacionais da Amaz\u00f4nia colombiana","datePublished":"2021-02-19T12:51:00+00:00","dateModified":"2024-09-26T18:12:13+00:00","mainEntityOfPage":{"@id":"https:\/\/www.maapprogram.org\/pt-br\/maap-133-portugues\/"},"wordCount":590,"commentCount":0,"image":{"@id":"https:\/\/www.maapprogram.org\/pt-br\/maap-133-portugues\/#primaryimage"},"thumbnailUrl":"https:\/\/www.maapprogram.org\/wp-content\/uploads\/2021\/02\/maaproject.org-maap-133-deforestation-continues-in-national-parks-of-colombian-amazon-Basemap-ColAmz-2020Sep-2021Feb-Eng-200dpi-741x580.jpg","articleSection":["N\u00e3o categorizado"],"inLanguage":"pt-BR","potentialAction":[{"@type":"CommentAction","name":"Comment","target":["https:\/\/www.maapprogram.org\/pt-br\/maap-133-portugues\/#respond"]}]},{"@type":"WebPage","@id":"https:\/\/www.maapprogram.org\/pt-br\/maap-133-portugues\/","url":"https:\/\/www.maapprogram.org\/pt-br\/maap-133-portugues\/","name":"MAAP #133: Desmatamento continua em parques nacionais da Amaz\u00f4nia colombiana - MAAP","isPartOf":{"@id":"https:\/\/www.maapprogram.org\/pt-br\/#website"},"primaryImageOfPage":{"@id":"https:\/\/www.maapprogram.org\/pt-br\/maap-133-portugues\/#primaryimage"},"image":{"@id":"https:\/\/www.maapprogram.org\/pt-br\/maap-133-portugues\/#primaryimage"},"thumbnailUrl":"https:\/\/www.maapprogram.org\/wp-content\/uploads\/2021\/02\/maaproject.org-maap-133-deforestation-continues-in-national-parks-of-colombian-amazon-Basemap-ColAmz-2020Sep-2021Feb-Eng-200dpi-741x580.jpg","datePublished":"2021-02-19T12:51:00+00:00","dateModified":"2024-09-26T18:12:13+00:00","author":{"@id":"https:\/\/www.maapprogram.org\/pt-br\/#\/schema\/person\/2f7133e3c0723ceecd6dabc9b4f198ce"},"breadcrumb":{"@id":"https:\/\/www.maapprogram.org\/pt-br\/maap-133-portugues\/#breadcrumb"},"inLanguage":"pt-BR","potentialAction":[{"@type":"ReadAction","target":["https:\/\/www.maapprogram.org\/pt-br\/maap-133-portugues\/"]}]},{"@type":"ImageObject","inLanguage":"pt-BR","@id":"https:\/\/www.maapprogram.org\/pt-br\/maap-133-portugues\/#primaryimage","url":"https:\/\/www.maapprogram.org\/wp-content\/uploads\/2021\/02\/maaproject.org-maap-133-deforestation-continues-in-national-parks-of-colombian-amazon-Basemap-ColAmz-2020Sep-2021Feb-Eng-200dpi-741x580.jpg","contentUrl":"https:\/\/www.maapprogram.org\/wp-content\/uploads\/2021\/02\/maaproject.org-maap-133-deforestation-continues-in-national-parks-of-colombian-amazon-Basemap-ColAmz-2020Sep-2021Feb-Eng-200dpi-741x580.jpg"},{"@type":"BreadcrumbList","@id":"https:\/\/www.maapprogram.org\/pt-br\/maap-133-portugues\/#breadcrumb","itemListElement":[{"@type":"ListItem","position":1,"name":"Home","item":"https:\/\/www.maapprogram.org\/pt-br\/"},{"@type":"ListItem","position":2,"name":"MAAP #133: Desmatamento continua em parques nacionais da Amaz\u00f4nia colombiana"}]},{"@type":"WebSite","@id":"https:\/\/www.maapprogram.org\/pt-br\/#website","url":"https:\/\/www.maapprogram.org\/pt-br\/","name":"MAAP","description":"","potentialAction":[{"@type":"SearchAction","target":{"@type":"EntryPoint","urlTemplate":"https:\/\/www.maapprogram.org\/pt-br\/?s={search_term_string}"},"query-input":{"@type":"PropertyValueSpecification","valueRequired":true,"valueName":"search_term_string"}}],"inLanguage":"pt-BR"},{"@type":"Person","@id":"https:\/\/www.maapprogram.org\/pt-br\/#\/schema\/person\/2f7133e3c0723ceecd6dabc9b4f198ce","name":"MAAP Consultants","image":{"@type":"ImageObject","inLanguage":"pt-BR","@id":"https:\/\/secure.gravatar.com\/avatar\/5889bd7805b73b186236cf81236e7511b08707f4115893e4569c33d93f127911?s=96&d=mm&r=g","url":"https:\/\/secure.gravatar.com\/avatar\/5889bd7805b73b186236cf81236e7511b08707f4115893e4569c33d93f127911?s=96&d=mm&r=g","contentUrl":"https:\/\/secure.gravatar.com\/avatar\/5889bd7805b73b186236cf81236e7511b08707f4115893e4569c33d93f127911?s=96&d=mm&r=g","caption":"MAAP Consultants"},"url":"https:\/\/www.maapprogram.org\/pt-br\/author\/maapconsultants\/"}]}},"_links":{"self":[{"href":"https:\/\/www.maapprogram.org\/pt-br\/wp-json\/wp\/v2\/posts\/22873","targetHints":{"allow":["GET"]}}],"collection":[{"href":"https:\/\/www.maapprogram.org\/pt-br\/wp-json\/wp\/v2\/posts"}],"about":[{"href":"https:\/\/www.maapprogram.org\/pt-br\/wp-json\/wp\/v2\/types\/post"}],"author":[{"embeddable":true,"href":"https:\/\/www.maapprogram.org\/pt-br\/wp-json\/wp\/v2\/users\/4"}],"replies":[{"embeddable":true,"href":"https:\/\/www.maapprogram.org\/pt-br\/wp-json\/wp\/v2\/comments?post=22873"}],"version-history":[{"count":1,"href":"https:\/\/www.maapprogram.org\/pt-br\/wp-json\/wp\/v2\/posts\/22873\/revisions"}],"predecessor-version":[{"id":22874,"href":"https:\/\/www.maapprogram.org\/pt-br\/wp-json\/wp\/v2\/posts\/22873\/revisions\/22874"}],"wp:attachment":[{"href":"https:\/\/www.maapprogram.org\/pt-br\/wp-json\/wp\/v2\/media?parent=22873"}],"wp:term":[{"taxonomy":"category","embeddable":true,"href":"https:\/\/www.maapprogram.org\/pt-br\/wp-json\/wp\/v2\/categories?post=22873"},{"taxonomy":"post_tag","embeddable":true,"href":"https:\/\/www.maapprogram.org\/pt-br\/wp-json\/wp\/v2\/tags?post=22873"},{"taxonomy":"ftr_agriculture","embeddable":true,"href":"https:\/\/www.maapprogram.org\/pt-br\/wp-json\/wp\/v2\/ftr_agriculture?post=22873"},{"taxonomy":"carbon-and-climate-change","embeddable":true,"href":"https:\/\/www.maapprogram.org\/pt-br\/wp-json\/wp\/v2\/carbon-and-climate-change?post=22873"},{"taxonomy":"ftr_country","embeddable":true,"href":"https:\/\/www.maapprogram.org\/pt-br\/wp-json\/wp\/v2\/ftr_country?post=22873"},{"taxonomy":"fire","embeddable":true,"href":"https:\/\/www.maapprogram.org\/pt-br\/wp-json\/wp\/v2\/fire?post=22873"},{"taxonomy":"infrastructure-threat","embeddable":true,"href":"https:\/\/www.maapprogram.org\/pt-br\/wp-json\/wp\/v2\/infrastructure-threat?post=22873"},{"taxonomy":"land-use","embeddable":true,"href":"https:\/\/www.maapprogram.org\/pt-br\/wp-json\/wp\/v2\/land-use?post=22873"},{"taxonomy":"mining-and-logging-threat","embeddable":true,"href":"https:\/\/www.maapprogram.org\/pt-br\/wp-json\/wp\/v2\/mining-and-logging-threat?post=22873"},{"taxonomy":"natural-forest-loss","embeddable":true,"href":"https:\/\/www.maapprogram.org\/pt-br\/wp-json\/wp\/v2\/natural-forest-loss?post=22873"},{"taxonomy":"special-analysis","embeddable":true,"href":"https:\/\/www.maapprogram.org\/pt-br\/wp-json\/wp\/v2\/special-analysis?post=22873"}],"curies":[{"name":"wp","href":"https:\/\/api.w.org\/{rel}","templated":true}]}}