{"id":22875,"date":"2021-01-27T11:51:00","date_gmt":"2021-01-27T11:51:00","guid":{"rendered":"https:\/\/www.maapprogram.org\/?p=22875"},"modified":"2024-07-29T16:50:00","modified_gmt":"2024-07-29T16:50:00","slug":"maap-132-portugues","status":"publish","type":"post","link":"https:\/\/www.maapprogram.org\/pt-br\/maap-132-portugues\/","title":{"rendered":"MAAP #132: Pontos cr\u00edticos de desmatamento na Amaz\u00f4nia 2020"},"content":{"rendered":"<div id=\"attachment_9906\" class=\"thumbnail alignright\"><a href=\"https:\/\/www.maapprogram.org\/wp-content\/uploads\/2021\/01\/maaproject.org-maap-132-amazon-deforestation-hotspots-2020-HS2-PFL-Amz-Biog2020-GLAD-Confirm-2-5-10-v3-Eng.jpg\"><img decoding=\"async\" class=\"wp-image-9906 \" src=\"https:\/\/www.maapprogram.org\/wp-content\/uploads\/2021\/01\/maaproject.org-maap-132-amazon-deforestation-hotspots-2020-HS2-PFL-Amz-Biog2020-GLAD-Confirm-2-5-10-v3-Eng-720x580.jpg\" alt=\"\" width=\"775\" height=\"624\" \/><\/a><div class=\"caption\"><i><span style=\"font-weight: 400;\">Mapa base. Pontos cr\u00edticos de perda florestal na Amaz\u00f4nia em 2020. Dados: UMD\/GLAD, RAISG, MAAP. As letras AG correspondem aos exemplos de zoom abaixo.<\/span><\/i><\/div><\/div>\n<p><span style=\"font-weight: 400;\">Apresentamos uma primeira vis\u00e3o dos principais <\/span><b>focos de perda de floresta prim\u00e1ria<\/b><span style=\"font-weight: 400;\"> na <\/span><b>Amaz\u00f4nia em 2020<\/b><span style=\"font-weight: 400;\"> (veja o Mapa Base).*<\/span><\/p>\n<p><span style=\"font-weight: 400;\">H\u00e1 <\/span><b>v\u00e1rias manchetes<\/b><span style=\"font-weight: 400;\"> importantes :<\/span><\/p>\n<ul>\n<li style=\"font-weight: 400;\" aria-level=\"1\"><span style=\"font-weight: 400;\">Estimamos mais de <\/span><b>2 milh\u00f5es de hectares<\/b><span style=\"font-weight: 400;\"> (5 milh\u00f5es de acres) de perda de floresta prim\u00e1ria nos nove pa\u00edses da Amaz\u00f4nia em 2020.*<\/span><span style=\"font-weight: 400;\"><br \/>\n<\/span><\/li>\n<li style=\"font-weight: 400;\" aria-level=\"1\"><span style=\"font-weight: 400;\">Os pa\u00edses com maior perda de floresta prim\u00e1ria em 2020 s\u00e3o 1) Brasil, 2) Bol\u00edvia, 3) Peru, 4) Col\u00f4mbia, 5) Venezuela e 6) Equador.<\/span><span style=\"font-weight: 400;\"><br \/>\n<\/span><\/li>\n<li style=\"font-weight: 400;\" aria-level=\"1\"><span style=\"font-weight: 400;\">A maioria dos hotspots ocorreu na <\/span><b>Amaz\u00f4nia brasileira<\/b><span style=\"font-weight: 400;\"> , onde o desmatamento massivo se estendeu por quase toda a regi\u00e3o sul. Muitas dessas \u00e1reas foram desmatadas no primeiro semestre do ano e depois queimadas em julho e agosto. Em setembro, houve uma mudan\u00e7a para inc\u00eandios florestais reais (veja <\/span><a href=\"https:\/\/www.maapprogram.org\/2020\/amazon-fires-recap\/\"><span style=\"font-weight: 400;\">MAAP #129<\/span><\/a><span style=\"font-weight: 400;\"> ).<\/span><span style=\"font-weight: 400;\"><br \/>\n<\/span><\/li>\n<li style=\"font-weight: 400;\" aria-level=\"1\"><span style=\"font-weight: 400;\">V\u00e1rios dos focos mais intensos ocorreram na <\/span><b>Amaz\u00f4nia boliviana<\/b><span style=\"font-weight: 400;\"> , onde os inc\u00eandios devastaram as florestas secas (conhecidas como Chiquitano) na regi\u00e3o sudeste<\/span><span style=\"font-weight: 400;\"><br \/>\n<\/span><\/li>\n<li style=\"font-weight: 400;\" aria-level=\"1\"><span style=\"font-weight: 400;\">Continua a haver um arco de desfloresta\u00e7\u00e3o na <\/span><b>Amaz\u00f3nia noroeste colombiana<\/b><span style=\"font-weight: 400;\"> , com impacto em in\u00fameras \u00e1reas protegidas<\/span><span style=\"font-weight: 400;\"><br \/>\n<\/span><\/li>\n<li style=\"font-weight: 400;\" aria-level=\"1\"><span style=\"font-weight: 400;\">Na <\/span><b>Amaz\u00f4nia peruana<\/b><span style=\"font-weight: 400;\"> , o desmatamento continua a impactar a regi\u00e3o central. No lado positivo, a minera\u00e7\u00e3o ilegal de ouro que assolava a regi\u00e3o sul diminuiu gra\u00e7as \u00e0 a\u00e7\u00e3o governamental efetiva (veja <\/span><a href=\"https:\/\/www.maapprogram.org\/2020\/gold-mining-peru\/\"><span style=\"font-weight: 400;\">MAAP #130<\/span><\/a><span style=\"font-weight: 400;\"> ).<\/span><\/li>\n<\/ul>\n<p><span style=\"font-weight: 400;\">Abaixo<\/span><span style=\"font-weight: 400;\"> , mostramos uma s\u00e9rie impressionante de imagens de sat\u00e9lite de alta resolu\u00e7\u00e3o que ilustram alguns dos principais eventos de desmatamento na Amaz\u00f4nia em 2020 (indicados como AG no Mapa Base).<\/span><\/p>\n<div class=\"fitem-sep\"><\/div>\n<p><span style=\"font-weight: 400;\">Base).<\/span><\/p>\n<h3><b>Desmatamento generalizado na Amaz\u00f4nia brasileira<\/b><\/h3>\n<h3><b>Zooms AC<\/b><span style=\"font-weight: 400;\"> mostram exemplos de um fen\u00f4meno preocupantemente comum na Amaz\u00f4nia brasileira: eventos de desmatamento em larga escala no primeiro semestre do ano que s\u00e3o posteriormente queimados em julho e agosto, causando grandes inc\u00eandios devido \u00e0 abundante biomassa recentemente cortada. Grande parte do desmatamento nessas \u00e1reas parece estar associado \u00e0 limpeza de florestas tropicais para <\/span><b>pastagens de gado<\/b><span style=\"font-weight: 400;\"> . Os tr\u00eas exemplos abaixo mostram a perda impressionante de mais de 21.000 hectares de floresta prim\u00e1ria em 2020.<\/span><\/h3>\n<div id=\"attachment_9899\" class=\"thumbnail aligncenter\"><a href=\"https:\/\/www.maapprogram.org\/wp-content\/uploads\/2021\/01\/maaproject.org-maap-132-amazon-deforestation-hotspots-2020-Panel-A-BraAmz-Defo2020-200dpi-Eng-v2-scaled.jpg\"><img decoding=\"async\" class=\"wp-image-9899 size-full\" src=\"https:\/\/www.maapprogram.org\/wp-content\/uploads\/2021\/01\/maaproject.org-maap-132-amazon-deforestation-hotspots-2020-Panel-A-BraAmz-Defo2020-200dpi-Eng-v2-scaled.jpg\" alt=\"\" width=\"2560\" height=\"1131\" \/><\/a><div class=\"caption\"><i><span style=\"font-weight: 400;\">Zoom A. Desmatamento na Amaz\u00f4nia brasileira (estado do Amazonas) de 3.400 hectares entre abril (painel esquerdo) e novembro (painel direito) de 2020. Dados: ESA, Planet.<\/span><\/i><\/div><\/div>\n<div class=\"fitem-sep\"><\/div>\n<div id=\"attachment_9900\" class=\"thumbnail aligncenter\"><a href=\"https:\/\/www.maapprogram.org\/wp-content\/uploads\/2021\/01\/maaproject.org-maap-132-amazon-deforestation-hotspots-2020-Panel-B-BraAmz-Defo-Fire2020-200dpi-Eng-v2-scaled.jpg\"><img decoding=\"async\" class=\"wp-image-9900 size-full\" src=\"https:\/\/www.maapprogram.org\/wp-content\/uploads\/2021\/01\/maaproject.org-maap-132-amazon-deforestation-hotspots-2020-Panel-B-BraAmz-Defo-Fire2020-200dpi-Eng-v2-scaled.jpg\" alt=\"\" width=\"2560\" height=\"1131\" \/><\/a><div class=\"caption\"><i><span style=\"font-weight: 400;\">Zoom B. Desmatamento na Amaz\u00f4nia brasileira (estado do Amazonas) de 2.540 hectares entre janeiro (painel esquerdo) e novembro (painel direito) de 2020. Dados: Planet.<\/span><\/i><\/div><\/div>\n<div class=\"fitem-sep\"><\/div>\n<div id=\"attachment_9901\" class=\"thumbnail aligncenter\"><a href=\"https:\/\/www.maapprogram.org\/wp-content\/uploads\/2021\/01\/maaproject.org-maap-132-amazon-deforestation-hotspots-2020-Panel-C-BraAmz-Defo2020-200dpi-Eng-v2-scaled.jpg\"><img decoding=\"async\" class=\"wp-image-9901 size-full\" src=\"https:\/\/www.maapprogram.org\/wp-content\/uploads\/2021\/01\/maaproject.org-maap-132-amazon-deforestation-hotspots-2020-Panel-C-BraAmz-Defo2020-200dpi-Eng-v2-scaled.jpg\" alt=\"\" width=\"2560\" height=\"1131\" \/><\/a><div class=\"caption\"><i><span style=\"font-weight: 400;\">Zoom C. Desmatamento na Amaz\u00f4nia brasileira (estado do Par\u00e1) de 15.250 hectares entre janeiro (painel esquerdo) e outubro (painel direito) de 2020. Dados: Planet.<\/span><\/i><\/div><\/div>\n<div class=\"fitem-sep\"><\/div>\n<h3><b>Inc\u00eandios florestais na Amaz\u00f4nia brasileira<\/b><\/h3>\n<p><span style=\"font-weight: 400;\">Em setembro, houve uma mudan\u00e7a para inc\u00eandios florestais reais na Amaz\u00f4nia brasileira (veja MAAP #129). <\/span><b>O Zoom D e E<\/b><span style=\"font-weight: 400;\"> mostram exemplos desses grandes inc\u00eandios florestais, que queimaram mais de 50.000 hectares nos estados do Par\u00e1 e Mato Grosso. Observe que ambos os inc\u00eandios impactaram territ\u00f3rios ind\u00edgenas (Kayapo e Xingu, respectivamente).<\/span><\/p>\n<h3><a style=\"font-size: 16px;\" href=\"https:\/\/www.maapprogram.org\/wp-content\/uploads\/2021\/01\/maaproject.org-maap-132-amazon-deforestation-hotspots-2020-Panel-D-BraAmz-Fire2020-200dpi-Eng-v2-scaled.jpg\"><img decoding=\"async\" class=\"wp-image-9902 size-full\" src=\"https:\/\/www.maapprogram.org\/wp-content\/uploads\/2021\/01\/maaproject.org-maap-132-amazon-deforestation-hotspots-2020-Panel-D-BraAmz-Fire2020-200dpi-Eng-v2-scaled.jpg\" alt=\"\" width=\"2560\" height=\"1131\" \/><\/a><\/h3>\n<p><i><span style=\"font-weight: 400;\">Zoom D. Inc\u00eandio florestal na Amaz\u00f4nia brasileira (estado do Par\u00e1) que queimou 9.000 hectares entre mar\u00e7o (painel esquerdo) e outubro (painel direito) de 2020. Dados: Planet.<\/span><\/i><div class=\"fitem-sep\"><\/div><\/p>\n<div id=\"attachment_9905\" class=\"thumbnail aligncenter\"><a href=\"https:\/\/www.maapprogram.org\/wp-content\/uploads\/2021\/01\/maaproject.org-maap-132-amazon-deforestation-hotspots-2020-Panel-E-BraAmz-Fire2020-Eng-scaled.jpg\"><img decoding=\"async\" class=\"wp-image-9905 size-full\" src=\"https:\/\/www.maapprogram.org\/wp-content\/uploads\/2021\/01\/maaproject.org-maap-132-amazon-deforestation-hotspots-2020-Panel-E-BraAmz-Fire2020-Eng-scaled.jpg\" alt=\"\" width=\"2560\" height=\"1131\" \/><\/a><div class=\"caption\"><i><span style=\"font-weight: 400;\">Zoom E. Inc\u00eandio florestal na Amaz\u00f4nia brasileira (estado do Mato Grosso) que queimou mais de 44.000 hectares entre maio (painel esquerdo) e outubro (painel direito) de 2020. Dados: Planet.<\/span><\/i><\/div><\/div>\n<div class=\"fitem-sep\"><\/div>\n<h3><b>Inc\u00eandios florestais na Amaz\u00f4nia boliviana<\/b><\/h3>\n<h3><span style=\"font-weight: 400;\">A Amaz\u00f4nia boliviana tamb\u00e9m passou por outra intensa temporada de inc\u00eandios em 2020. <\/span><b>O Zoom F<\/b><span style=\"font-weight: 400;\">\u00a0 mostra a queima de uma \u00e1rea enorme (mais de <\/span><b>260.000 hectares<\/b><span style=\"font-weight: 400;\"> ) nas florestas secas de Chiquitano (departamento de Santa Cruz).<\/span><\/h3>\n<div id=\"attachment_9907\" class=\"thumbnail aligncenter\"><a href=\"https:\/\/www.maapprogram.org\/wp-content\/uploads\/2021\/01\/maaproject.org-maap-132-amazon-deforestation-hotspots-2020-Panel-F-BolAmz-Fire2020-200dpi-Eng-scaled.jpg\"><img decoding=\"async\" class=\"wp-image-9907 size-full\" src=\"https:\/\/www.maapprogram.org\/wp-content\/uploads\/2021\/01\/maaproject.org-maap-132-amazon-deforestation-hotspots-2020-Panel-F-BolAmz-Fire2020-200dpi-Eng-scaled.jpg\" alt=\"\" width=\"2560\" height=\"1131\" \/><\/a><div class=\"caption\"><i><span style=\"font-weight: 400;\">Zoom F. Inc\u00eandio florestal na Amaz\u00f4nia boliviana (Santa Cruz) que queimou mais de 260.000 hectares entre abril (painel esquerdo) e novembro (painel direito) de 2020. Dados: ESA.<\/span><\/i><\/div><\/div>\n<div class=\"fitem-sep\"><\/div>\n<h3><b>Arco do desmatamento na Amaz\u00f4nia colombiana<\/b><\/h3>\n<p><span style=\"font-weight: 400;\">Conforme descrito em relat\u00f3rios anteriores (ver <\/span><a href=\"https:\/\/www.maapprogram.org\/2020\/colombian_amaz\/\"><span style=\"font-weight: 400;\">MAAP #120<\/span><\/a><span style=\"font-weight: 400;\"> ), h\u00e1 um \u201carco de desmatamento\u201d concentrado na Amaz\u00f4nia noroeste colombiana. Este arco impacta in\u00fameras \u00e1reas protegidas (incluindo parques nacionais) e reservas ind\u00edgenas. Por exemplo, <\/span><b>o Zoom G<\/b><span style=\"font-weight: 400;\">\u00a0 mostra o desmatamento recente de mais de 500 hectares no Parque Nacional Chiribiquete. Desmatamento semelhante naquele setor do parque parece ser convers\u00e3o para <\/span><b>pasto de gado<\/b><span style=\"font-weight: 400;\"> .<\/span><\/p>\n<div id=\"attachment_9908\" class=\"thumbnail aligncenter\"><a href=\"https:\/\/www.maapprogram.org\/wp-content\/uploads\/2021\/01\/maaproject.org-maap-132-amazon-deforestation-hotspots-2020-Panel-G-ColAmz-Defo2020-200dpi-Eng-v4-scaled.jpg\"><img decoding=\"async\" class=\"wp-image-9908 size-full\" src=\"https:\/\/www.maapprogram.org\/wp-content\/uploads\/2021\/01\/maaproject.org-maap-132-amazon-deforestation-hotspots-2020-Panel-G-ColAmz-Defo2020-200dpi-Eng-v4-scaled.jpg\" alt=\"\" width=\"2560\" height=\"1131\" \/><\/a><div class=\"caption\"><i><span style=\"font-weight: 400;\">Zoom G. Desmatamento na Amaz\u00f4nia colombiana de mais de 500 hectares no Parque Nacional Chiribiqete entre janeiro (painel esquerdo) e dezembro (painel direito) de 2020. Dados: ESA, Planet.<\/span><\/i><\/div><\/div>\n<div class=\"fitem-sep\"><\/div>\n<h3><b>Desmatamento na Amaz\u00f4nia central peruana<\/b><\/h3>\n<p><span style=\"font-weight: 400;\">Finalmente, <\/span><b>o Zoom H<\/b><span style=\"font-weight: 400;\">\u00a0 mostra o desmatamento em expans\u00e3o (mais de 110 hectares) e a constru\u00e7\u00e3o de estradas para explora\u00e7\u00e3o madeireira (3,6 km) em um territ\u00f3rio ind\u00edgena ao sul do Parque Nacional Sierra del Divisor, na Amaz\u00f4nia peruana central (regi\u00e3o de Ucayali). O desmatamento parece estar associado a uma fronteira de expans\u00e3o de agricultura de pequena escala ou pastagem para gado.<\/span><\/p>\n<div id=\"attachment_9909\" class=\"thumbnail aligncenter\"><a href=\"https:\/\/www.maapprogram.org\/wp-content\/uploads\/2021\/01\/maaproject.org-maap-132-amazon-deforestation-hotspots-2020-Panel-H-PerAmz-Defo2020-Eng-200dpi-v2-scaled.jpg\"><img decoding=\"async\" class=\"wp-image-9909 size-full\" src=\"https:\/\/www.maapprogram.org\/wp-content\/uploads\/2021\/01\/maaproject.org-maap-132-amazon-deforestation-hotspots-2020-Panel-H-PerAmz-Defo2020-Eng-200dpi-v2-scaled.jpg\" alt=\"\" width=\"2560\" height=\"1131\" \/><\/a><div class=\"caption\"><i><span style=\"font-weight: 400;\">Zoom H. Desmatamento e constru\u00e7\u00e3o de estradas para explora\u00e7\u00e3o madeireira na Amaz\u00f4nia peruana (regi\u00e3o de Ucayali) entre mar\u00e7o (painel esquerdo) e novembro (painel direito) de 2020. Dados: Planet.<\/span><\/i><\/div><\/div>\n<div class=\"fitem-sep\"><\/div>\n<h3><b>*Notas e Metodologia<\/b><\/h3>\n<p><span style=\"font-weight: 400;\">A an\u00e1lise foi baseada em alertas de perda florestal de alerta precoce conhecidos como alertas GLAD (resolu\u00e7\u00e3o de 30 metros) produzidos pela Universidade de Maryland e tamb\u00e9m apresentados pela Global Forest Watch. \u00c9 fundamental destacar que esses dados representam uma estimativa preliminar e dados mais definitivos vir\u00e3o mais tarde no ano. Por exemplo, nossa estimativa inclui alguma perda florestal causada por for\u00e7as naturais. Observe que esses dados detectam e classificam \u00e1reas queimadas como perda florestal. Nossa estimativa inclui alertas confirmados (1.355.671 milh\u00f5es de hectares) e n\u00e3o confirmados (751.533 ha).<\/span><\/p>\n<p><span style=\"font-weight: 400;\">Nossa \u00e1rea geogr\u00e1fica \u00e9 o limite biogeogr\u00e1fico da Amaz\u00f4nia conforme definido pela RAISG (veja Mapa Base acima). Essa \u00e1rea inclui nove pa\u00edses.<\/span><\/p>\n<p><span style=\"font-weight: 400;\">Aplicamos um filtro para calcular apenas a perda de floresta prim\u00e1ria. Para nossa estimativa de\u00a0 perda <\/span><b>de floresta prim\u00e1ria<\/b><span style=\"font-weight: 400;\">\u00a0 , cruzamos os dados de perda de cobertura florestal com o conjunto de dados adicional \u201cflorestas tropicais \u00famidas prim\u00e1rias\u201d de 2001 (Turubanova et al 2018). Para mais detalhes sobre esta parte da metodologia, consulte o\u00a0 <\/span><a href=\"https:\/\/blog.globalforestwatch.org\/data-and-research\/technical-blog:-global-forest-watch's-2018-data-update-explained\"><span style=\"font-weight: 400;\">Blog T\u00e9cnico<\/span><\/a><span style=\"font-weight: 400;\">\u00a0 do Global Forest Watch (Goldman e Weisse 2019).<\/span><\/p>\n<p><span style=\"font-weight: 400;\">Para identificar os hotspots de desmatamento, conduzimos uma estimativa de densidade kernel. Este tipo de an\u00e1lise calcula a magnitude por unidade de \u00e1rea de um fen\u00f4meno particular, neste caso, a perda de cobertura florestal. Conduzimos esta an\u00e1lise usando a ferramenta Kernel Density do Spatial Analyst Tool Box do ArcGIS. Usamos os seguintes par\u00e2metros:<\/span><\/p>\n<p><span style=\"font-weight: 400;\">Raio de busca: 15.000 unidades de camada (metros)<\/span><span style=\"font-weight: 400;\"><br \/>\n<\/span><span style=\"font-weight: 400;\">Fun\u00e7\u00e3o de densidade do kernel: Fun\u00e7\u00e3o do kernel qu\u00e1rtico<\/span><span style=\"font-weight: 400;\"><br \/>\n<\/span><span style=\"font-weight: 400;\">Tamanho da c\u00e9lula no mapa: 200 x 200 metros (4 hectares)<\/span><span style=\"font-weight: 400;\"><br \/>\n<\/span><span style=\"font-weight: 400;\">Todo o resto foi deixado na configura\u00e7\u00e3o padr\u00e3o.<\/span><\/p>\n<p><span style=\"font-weight: 400;\">Para o Mapa Base, usamos as seguintes porcentagens de concentra\u00e7\u00e3o: M\u00e9dia: 7-10%; Alta: 11-20%; Muito Alta: &gt;20%.<\/span><\/p>\n<h3><span style=\"font-size: 16px;\"><div class=\"fitem-sep\"><\/div><\/span><\/h3>\n<h3><b>Reconhecimentos<\/b><\/h3>\n<p><span style=\"font-weight: 400;\">Agradecemos a E. Ortiz (AAF), ME Gutierrez (ACCA) e S. Novoa pelos coment\u00e1rios \u00fateis sobre este relat\u00f3rio.<\/span><\/p>\n<p><span style=\"font-weight: 400;\">Este trabalho foi apoiado pela NORAD (Ag\u00eancia Norueguesa para Coopera\u00e7\u00e3o para o Desenvolvimento) e pelo ICFC (Fundo Internacional de Conserva\u00e7\u00e3o do Canad\u00e1).<\/span><\/p>\n<p><a href=\"https:\/\/www.maapprogram.org\/wp-content\/uploads\/2021\/04\/maaproject.org-norad-icfc-maap-notext.png\"><img decoding=\"async\" class=\"aligncenter size-full wp-image-10157\" src=\"https:\/\/www.maapprogram.org\/wp-content\/uploads\/2021\/04\/maaproject.org-norad-icfc-maap-notext.png\" alt=\"\" \/><\/a><\/p>\n<div class=\"fitem-sep\"><\/div>\n<h3><b>Cita\u00e7\u00e3o<\/b><\/h3>\n<p><span style=\"font-weight: 400;\">Finer M, Mamani N (2020) Pontos cr\u00edticos de desmatamento na Amaz\u00f4nia 2020. MAAP: 132.<\/span><\/p>\n<div class=\"fitem-sep\"><\/div>\n","protected":false},"excerpt":{"rendered":"<p>Apresentamos uma primeira vis\u00e3o dos principais focos de perda de floresta prim\u00e1ria na Amaz\u00f4nia em 2020 (veja o Mapa Base).* H\u00e1 v\u00e1rias manchetes importantes : Estimamos mais de 2 milh\u00f5es de hectares (5 milh\u00f5es de acres) de perda de floresta prim\u00e1ria nos nove pa\u00edses da Amaz\u00f4nia em 2020.* Os pa\u00edses com maior perda de floresta [&hellip;]<\/p>\n","protected":false},"author":4,"featured_media":0,"comment_status":"closed","ping_status":"closed","sticky":false,"template":"","format":"standard","meta":{"_acf_changed":false,"footnotes":""},"categories":[3],"tags":[],"ftr_agriculture":[356],"carbon-and-climate-change":[],"ftr_country":[],"fire":[],"infrastructure-threat":[],"land-use":[458],"mining-and-logging-threat":[],"natural-forest-loss":[],"special-analysis":[464],"class_list":["post-22875","post","type-post","status-publish","format-standard","hentry","category-nao-categorizado","ftr_agriculture-pasto-de-gado","land-use-territorios-indigenas-pt-br","special-analysis-pontos-criticos-de-desmatamento"],"acf":[],"yoast_head":"<!-- This site is optimized with the Yoast SEO plugin v27.3 - https:\/\/yoast.com\/product\/yoast-seo-wordpress\/ -->\n<title>MAAP #132: Pontos cr\u00edticos de desmatamento na Amaz\u00f4nia 2020 - MAAP<\/title>\n<meta name=\"robots\" content=\"index, follow, max-snippet:-1, max-image-preview:large, max-video-preview:-1\" \/>\n<link rel=\"canonical\" href=\"https:\/\/www.maapprogram.org\/pt-br\/maap-132-portugues\/\" \/>\n<meta property=\"og:locale\" content=\"pt_BR\" \/>\n<meta property=\"og:type\" content=\"article\" \/>\n<meta property=\"og:title\" content=\"MAAP #132: Pontos cr\u00edticos de desmatamento na Amaz\u00f4nia 2020 - MAAP\" \/>\n<meta property=\"og:description\" content=\"Apresentamos uma primeira vis\u00e3o dos principais focos de perda de floresta prim\u00e1ria na Amaz\u00f4nia em 2020 (veja o Mapa Base).* H\u00e1 v\u00e1rias manchetes importantes : Estimamos mais de 2 milh\u00f5es de hectares (5 milh\u00f5es de acres) de perda de floresta prim\u00e1ria nos nove pa\u00edses da Amaz\u00f4nia em 2020.* Os pa\u00edses com maior perda de floresta [&hellip;]\" \/>\n<meta property=\"og:url\" content=\"https:\/\/www.maapprogram.org\/pt-br\/maap-132-portugues\/\" \/>\n<meta property=\"og:site_name\" content=\"MAAP\" \/>\n<meta property=\"article:published_time\" content=\"2021-01-27T11:51:00+00:00\" \/>\n<meta property=\"article:modified_time\" content=\"2024-07-29T16:50:00+00:00\" \/>\n<meta property=\"og:image\" content=\"https:\/\/www.maapprogram.org\/wp-content\/uploads\/2021\/01\/maaproject.org-maap-132-amazon-deforestation-hotspots-2020-HS2-PFL-Amz-Biog2020-GLAD-Confirm-2-5-10-v3-Eng-720x580.jpg\" \/>\n<meta name=\"author\" content=\"MAAP Consultants\" \/>\n<meta name=\"twitter:card\" content=\"summary_large_image\" \/>\n<meta name=\"twitter:label1\" content=\"Escrito por\" \/>\n\t<meta name=\"twitter:data1\" content=\"MAAP Consultants\" \/>\n\t<meta name=\"twitter:label2\" content=\"Est. tempo de leitura\" \/>\n\t<meta name=\"twitter:data2\" content=\"8 minutos\" \/>\n<script type=\"application\/ld+json\" class=\"yoast-schema-graph\">{\"@context\":\"https:\\\/\\\/schema.org\",\"@graph\":[{\"@type\":\"Article\",\"@id\":\"https:\\\/\\\/www.maapprogram.org\\\/pt-br\\\/maap-132-portugues\\\/#article\",\"isPartOf\":{\"@id\":\"https:\\\/\\\/www.maapprogram.org\\\/pt-br\\\/maap-132-portugues\\\/\"},\"author\":{\"name\":\"MAAP Consultants\",\"@id\":\"https:\\\/\\\/www.maapprogram.org\\\/pt-br\\\/#\\\/schema\\\/person\\\/2f7133e3c0723ceecd6dabc9b4f198ce\"},\"headline\":\"MAAP #132: Pontos cr\u00edticos de desmatamento na Amaz\u00f4nia 2020\",\"datePublished\":\"2021-01-27T11:51:00+00:00\",\"dateModified\":\"2024-07-29T16:50:00+00:00\",\"mainEntityOfPage\":{\"@id\":\"https:\\\/\\\/www.maapprogram.org\\\/pt-br\\\/maap-132-portugues\\\/\"},\"wordCount\":1251,\"image\":{\"@id\":\"https:\\\/\\\/www.maapprogram.org\\\/pt-br\\\/maap-132-portugues\\\/#primaryimage\"},\"thumbnailUrl\":\"https:\\\/\\\/www.maapprogram.org\\\/wp-content\\\/uploads\\\/2021\\\/01\\\/maaproject.org-maap-132-amazon-deforestation-hotspots-2020-HS2-PFL-Amz-Biog2020-GLAD-Confirm-2-5-10-v3-Eng-720x580.jpg\",\"articleSection\":[\"N\u00e3o categorizado\"],\"inLanguage\":\"pt-BR\"},{\"@type\":\"WebPage\",\"@id\":\"https:\\\/\\\/www.maapprogram.org\\\/pt-br\\\/maap-132-portugues\\\/\",\"url\":\"https:\\\/\\\/www.maapprogram.org\\\/pt-br\\\/maap-132-portugues\\\/\",\"name\":\"MAAP #132: Pontos cr\u00edticos de desmatamento na Amaz\u00f4nia 2020 - MAAP\",\"isPartOf\":{\"@id\":\"https:\\\/\\\/www.maapprogram.org\\\/pt-br\\\/#website\"},\"primaryImageOfPage\":{\"@id\":\"https:\\\/\\\/www.maapprogram.org\\\/pt-br\\\/maap-132-portugues\\\/#primaryimage\"},\"image\":{\"@id\":\"https:\\\/\\\/www.maapprogram.org\\\/pt-br\\\/maap-132-portugues\\\/#primaryimage\"},\"thumbnailUrl\":\"https:\\\/\\\/www.maapprogram.org\\\/wp-content\\\/uploads\\\/2021\\\/01\\\/maaproject.org-maap-132-amazon-deforestation-hotspots-2020-HS2-PFL-Amz-Biog2020-GLAD-Confirm-2-5-10-v3-Eng-720x580.jpg\",\"datePublished\":\"2021-01-27T11:51:00+00:00\",\"dateModified\":\"2024-07-29T16:50:00+00:00\",\"author\":{\"@id\":\"https:\\\/\\\/www.maapprogram.org\\\/pt-br\\\/#\\\/schema\\\/person\\\/2f7133e3c0723ceecd6dabc9b4f198ce\"},\"breadcrumb\":{\"@id\":\"https:\\\/\\\/www.maapprogram.org\\\/pt-br\\\/maap-132-portugues\\\/#breadcrumb\"},\"inLanguage\":\"pt-BR\",\"potentialAction\":[{\"@type\":\"ReadAction\",\"target\":[\"https:\\\/\\\/www.maapprogram.org\\\/pt-br\\\/maap-132-portugues\\\/\"]}]},{\"@type\":\"ImageObject\",\"inLanguage\":\"pt-BR\",\"@id\":\"https:\\\/\\\/www.maapprogram.org\\\/pt-br\\\/maap-132-portugues\\\/#primaryimage\",\"url\":\"https:\\\/\\\/www.maapprogram.org\\\/wp-content\\\/uploads\\\/2021\\\/01\\\/maaproject.org-maap-132-amazon-deforestation-hotspots-2020-HS2-PFL-Amz-Biog2020-GLAD-Confirm-2-5-10-v3-Eng-720x580.jpg\",\"contentUrl\":\"https:\\\/\\\/www.maapprogram.org\\\/wp-content\\\/uploads\\\/2021\\\/01\\\/maaproject.org-maap-132-amazon-deforestation-hotspots-2020-HS2-PFL-Amz-Biog2020-GLAD-Confirm-2-5-10-v3-Eng-720x580.jpg\"},{\"@type\":\"BreadcrumbList\",\"@id\":\"https:\\\/\\\/www.maapprogram.org\\\/pt-br\\\/maap-132-portugues\\\/#breadcrumb\",\"itemListElement\":[{\"@type\":\"ListItem\",\"position\":1,\"name\":\"Home\",\"item\":\"https:\\\/\\\/www.maapprogram.org\\\/pt-br\\\/\"},{\"@type\":\"ListItem\",\"position\":2,\"name\":\"MAAP #132: Pontos cr\u00edticos de desmatamento na Amaz\u00f4nia 2020\"}]},{\"@type\":\"WebSite\",\"@id\":\"https:\\\/\\\/www.maapprogram.org\\\/pt-br\\\/#website\",\"url\":\"https:\\\/\\\/www.maapprogram.org\\\/pt-br\\\/\",\"name\":\"MAAP\",\"description\":\"\",\"potentialAction\":[{\"@type\":\"SearchAction\",\"target\":{\"@type\":\"EntryPoint\",\"urlTemplate\":\"https:\\\/\\\/www.maapprogram.org\\\/pt-br\\\/?s={search_term_string}\"},\"query-input\":{\"@type\":\"PropertyValueSpecification\",\"valueRequired\":true,\"valueName\":\"search_term_string\"}}],\"inLanguage\":\"pt-BR\"},{\"@type\":\"Person\",\"@id\":\"https:\\\/\\\/www.maapprogram.org\\\/pt-br\\\/#\\\/schema\\\/person\\\/2f7133e3c0723ceecd6dabc9b4f198ce\",\"name\":\"MAAP Consultants\",\"image\":{\"@type\":\"ImageObject\",\"inLanguage\":\"pt-BR\",\"@id\":\"https:\\\/\\\/secure.gravatar.com\\\/avatar\\\/5889bd7805b73b186236cf81236e7511b08707f4115893e4569c33d93f127911?s=96&d=mm&r=g\",\"url\":\"https:\\\/\\\/secure.gravatar.com\\\/avatar\\\/5889bd7805b73b186236cf81236e7511b08707f4115893e4569c33d93f127911?s=96&d=mm&r=g\",\"contentUrl\":\"https:\\\/\\\/secure.gravatar.com\\\/avatar\\\/5889bd7805b73b186236cf81236e7511b08707f4115893e4569c33d93f127911?s=96&d=mm&r=g\",\"caption\":\"MAAP Consultants\"},\"url\":\"https:\\\/\\\/www.maapprogram.org\\\/pt-br\\\/author\\\/maapconsultants\\\/\"}]}<\/script>\n<!-- \/ Yoast SEO plugin. -->","yoast_head_json":{"title":"MAAP #132: Pontos cr\u00edticos de desmatamento na Amaz\u00f4nia 2020 - MAAP","robots":{"index":"index","follow":"follow","max-snippet":"max-snippet:-1","max-image-preview":"max-image-preview:large","max-video-preview":"max-video-preview:-1"},"canonical":"https:\/\/www.maapprogram.org\/pt-br\/maap-132-portugues\/","og_locale":"pt_BR","og_type":"article","og_title":"MAAP #132: Pontos cr\u00edticos de desmatamento na Amaz\u00f4nia 2020 - MAAP","og_description":"Apresentamos uma primeira vis\u00e3o dos principais focos de perda de floresta prim\u00e1ria na Amaz\u00f4nia em 2020 (veja o Mapa Base).* H\u00e1 v\u00e1rias manchetes importantes : Estimamos mais de 2 milh\u00f5es de hectares (5 milh\u00f5es de acres) de perda de floresta prim\u00e1ria nos nove pa\u00edses da Amaz\u00f4nia em 2020.* Os pa\u00edses com maior perda de floresta [&hellip;]","og_url":"https:\/\/www.maapprogram.org\/pt-br\/maap-132-portugues\/","og_site_name":"MAAP","article_published_time":"2021-01-27T11:51:00+00:00","article_modified_time":"2024-07-29T16:50:00+00:00","og_image":[{"url":"https:\/\/www.maapprogram.org\/wp-content\/uploads\/2021\/01\/maaproject.org-maap-132-amazon-deforestation-hotspots-2020-HS2-PFL-Amz-Biog2020-GLAD-Confirm-2-5-10-v3-Eng-720x580.jpg","type":"","width":"","height":""}],"author":"MAAP Consultants","twitter_card":"summary_large_image","twitter_misc":{"Escrito por":"MAAP Consultants","Est. tempo de leitura":"8 minutos"},"schema":{"@context":"https:\/\/schema.org","@graph":[{"@type":"Article","@id":"https:\/\/www.maapprogram.org\/pt-br\/maap-132-portugues\/#article","isPartOf":{"@id":"https:\/\/www.maapprogram.org\/pt-br\/maap-132-portugues\/"},"author":{"name":"MAAP Consultants","@id":"https:\/\/www.maapprogram.org\/pt-br\/#\/schema\/person\/2f7133e3c0723ceecd6dabc9b4f198ce"},"headline":"MAAP #132: Pontos cr\u00edticos de desmatamento na Amaz\u00f4nia 2020","datePublished":"2021-01-27T11:51:00+00:00","dateModified":"2024-07-29T16:50:00+00:00","mainEntityOfPage":{"@id":"https:\/\/www.maapprogram.org\/pt-br\/maap-132-portugues\/"},"wordCount":1251,"image":{"@id":"https:\/\/www.maapprogram.org\/pt-br\/maap-132-portugues\/#primaryimage"},"thumbnailUrl":"https:\/\/www.maapprogram.org\/wp-content\/uploads\/2021\/01\/maaproject.org-maap-132-amazon-deforestation-hotspots-2020-HS2-PFL-Amz-Biog2020-GLAD-Confirm-2-5-10-v3-Eng-720x580.jpg","articleSection":["N\u00e3o categorizado"],"inLanguage":"pt-BR"},{"@type":"WebPage","@id":"https:\/\/www.maapprogram.org\/pt-br\/maap-132-portugues\/","url":"https:\/\/www.maapprogram.org\/pt-br\/maap-132-portugues\/","name":"MAAP #132: Pontos cr\u00edticos de desmatamento na Amaz\u00f4nia 2020 - MAAP","isPartOf":{"@id":"https:\/\/www.maapprogram.org\/pt-br\/#website"},"primaryImageOfPage":{"@id":"https:\/\/www.maapprogram.org\/pt-br\/maap-132-portugues\/#primaryimage"},"image":{"@id":"https:\/\/www.maapprogram.org\/pt-br\/maap-132-portugues\/#primaryimage"},"thumbnailUrl":"https:\/\/www.maapprogram.org\/wp-content\/uploads\/2021\/01\/maaproject.org-maap-132-amazon-deforestation-hotspots-2020-HS2-PFL-Amz-Biog2020-GLAD-Confirm-2-5-10-v3-Eng-720x580.jpg","datePublished":"2021-01-27T11:51:00+00:00","dateModified":"2024-07-29T16:50:00+00:00","author":{"@id":"https:\/\/www.maapprogram.org\/pt-br\/#\/schema\/person\/2f7133e3c0723ceecd6dabc9b4f198ce"},"breadcrumb":{"@id":"https:\/\/www.maapprogram.org\/pt-br\/maap-132-portugues\/#breadcrumb"},"inLanguage":"pt-BR","potentialAction":[{"@type":"ReadAction","target":["https:\/\/www.maapprogram.org\/pt-br\/maap-132-portugues\/"]}]},{"@type":"ImageObject","inLanguage":"pt-BR","@id":"https:\/\/www.maapprogram.org\/pt-br\/maap-132-portugues\/#primaryimage","url":"https:\/\/www.maapprogram.org\/wp-content\/uploads\/2021\/01\/maaproject.org-maap-132-amazon-deforestation-hotspots-2020-HS2-PFL-Amz-Biog2020-GLAD-Confirm-2-5-10-v3-Eng-720x580.jpg","contentUrl":"https:\/\/www.maapprogram.org\/wp-content\/uploads\/2021\/01\/maaproject.org-maap-132-amazon-deforestation-hotspots-2020-HS2-PFL-Amz-Biog2020-GLAD-Confirm-2-5-10-v3-Eng-720x580.jpg"},{"@type":"BreadcrumbList","@id":"https:\/\/www.maapprogram.org\/pt-br\/maap-132-portugues\/#breadcrumb","itemListElement":[{"@type":"ListItem","position":1,"name":"Home","item":"https:\/\/www.maapprogram.org\/pt-br\/"},{"@type":"ListItem","position":2,"name":"MAAP #132: Pontos cr\u00edticos de desmatamento na Amaz\u00f4nia 2020"}]},{"@type":"WebSite","@id":"https:\/\/www.maapprogram.org\/pt-br\/#website","url":"https:\/\/www.maapprogram.org\/pt-br\/","name":"MAAP","description":"","potentialAction":[{"@type":"SearchAction","target":{"@type":"EntryPoint","urlTemplate":"https:\/\/www.maapprogram.org\/pt-br\/?s={search_term_string}"},"query-input":{"@type":"PropertyValueSpecification","valueRequired":true,"valueName":"search_term_string"}}],"inLanguage":"pt-BR"},{"@type":"Person","@id":"https:\/\/www.maapprogram.org\/pt-br\/#\/schema\/person\/2f7133e3c0723ceecd6dabc9b4f198ce","name":"MAAP Consultants","image":{"@type":"ImageObject","inLanguage":"pt-BR","@id":"https:\/\/secure.gravatar.com\/avatar\/5889bd7805b73b186236cf81236e7511b08707f4115893e4569c33d93f127911?s=96&d=mm&r=g","url":"https:\/\/secure.gravatar.com\/avatar\/5889bd7805b73b186236cf81236e7511b08707f4115893e4569c33d93f127911?s=96&d=mm&r=g","contentUrl":"https:\/\/secure.gravatar.com\/avatar\/5889bd7805b73b186236cf81236e7511b08707f4115893e4569c33d93f127911?s=96&d=mm&r=g","caption":"MAAP Consultants"},"url":"https:\/\/www.maapprogram.org\/pt-br\/author\/maapconsultants\/"}]}},"_links":{"self":[{"href":"https:\/\/www.maapprogram.org\/pt-br\/wp-json\/wp\/v2\/posts\/22875","targetHints":{"allow":["GET"]}}],"collection":[{"href":"https:\/\/www.maapprogram.org\/pt-br\/wp-json\/wp\/v2\/posts"}],"about":[{"href":"https:\/\/www.maapprogram.org\/pt-br\/wp-json\/wp\/v2\/types\/post"}],"author":[{"embeddable":true,"href":"https:\/\/www.maapprogram.org\/pt-br\/wp-json\/wp\/v2\/users\/4"}],"replies":[{"embeddable":true,"href":"https:\/\/www.maapprogram.org\/pt-br\/wp-json\/wp\/v2\/comments?post=22875"}],"version-history":[{"count":1,"href":"https:\/\/www.maapprogram.org\/pt-br\/wp-json\/wp\/v2\/posts\/22875\/revisions"}],"predecessor-version":[{"id":22876,"href":"https:\/\/www.maapprogram.org\/pt-br\/wp-json\/wp\/v2\/posts\/22875\/revisions\/22876"}],"wp:attachment":[{"href":"https:\/\/www.maapprogram.org\/pt-br\/wp-json\/wp\/v2\/media?parent=22875"}],"wp:term":[{"taxonomy":"category","embeddable":true,"href":"https:\/\/www.maapprogram.org\/pt-br\/wp-json\/wp\/v2\/categories?post=22875"},{"taxonomy":"post_tag","embeddable":true,"href":"https:\/\/www.maapprogram.org\/pt-br\/wp-json\/wp\/v2\/tags?post=22875"},{"taxonomy":"ftr_agriculture","embeddable":true,"href":"https:\/\/www.maapprogram.org\/pt-br\/wp-json\/wp\/v2\/ftr_agriculture?post=22875"},{"taxonomy":"carbon-and-climate-change","embeddable":true,"href":"https:\/\/www.maapprogram.org\/pt-br\/wp-json\/wp\/v2\/carbon-and-climate-change?post=22875"},{"taxonomy":"ftr_country","embeddable":true,"href":"https:\/\/www.maapprogram.org\/pt-br\/wp-json\/wp\/v2\/ftr_country?post=22875"},{"taxonomy":"fire","embeddable":true,"href":"https:\/\/www.maapprogram.org\/pt-br\/wp-json\/wp\/v2\/fire?post=22875"},{"taxonomy":"infrastructure-threat","embeddable":true,"href":"https:\/\/www.maapprogram.org\/pt-br\/wp-json\/wp\/v2\/infrastructure-threat?post=22875"},{"taxonomy":"land-use","embeddable":true,"href":"https:\/\/www.maapprogram.org\/pt-br\/wp-json\/wp\/v2\/land-use?post=22875"},{"taxonomy":"mining-and-logging-threat","embeddable":true,"href":"https:\/\/www.maapprogram.org\/pt-br\/wp-json\/wp\/v2\/mining-and-logging-threat?post=22875"},{"taxonomy":"natural-forest-loss","embeddable":true,"href":"https:\/\/www.maapprogram.org\/pt-br\/wp-json\/wp\/v2\/natural-forest-loss?post=22875"},{"taxonomy":"special-analysis","embeddable":true,"href":"https:\/\/www.maapprogram.org\/pt-br\/wp-json\/wp\/v2\/special-analysis?post=22875"}],"curies":[{"name":"wp","href":"https:\/\/api.w.org\/{rel}","templated":true}]}}