{"id":22955,"date":"2020-06-30T18:34:00","date_gmt":"2020-06-30T18:34:00","guid":{"rendered":"https:\/\/www.maapprogram.org\/?p=22955"},"modified":"2024-09-26T18:11:42","modified_gmt":"2024-09-26T18:11:42","slug":"maap-122-desmatamento-na-amazonia-2019","status":"publish","type":"post","link":"https:\/\/www.maapprogram.org\/pt-br\/maap-122-desmatamento-na-amazonia-2019\/","title":{"rendered":"MAAP #122: Desmatamento na Amaz\u00f4nia 2019"},"content":{"rendered":"<div id=\"attachment_9175\" class=\"thumbnail alignright\"><a href=\"https:\/\/www.maapprogram.org\/wp-content\/uploads\/2020\/06\/maaproject.org-maap-2019-amazon-deforestation-the-greatest-hits-Graph1-PFL-2018-19-PECBB-v1-ENG.jpg\"><img decoding=\"async\" class=\"wp-image-9175\" src=\"https:\/\/www.maapprogram.org\/wp-content\/uploads\/2020\/06\/maaproject.org-maap-2019-amazon-deforestation-the-greatest-hits-Graph1-PFL-2018-19-PECBB-v1-ENG-615x580.jpg\" alt=\"\" width=\"630\" height=\"594\" \/><\/a><div class=\"caption\">Tabela 1. Perda de floresta prim\u00e1ria na Amaz\u00f4nia em 2019 (vermelho) em compara\u00e7\u00e3o com 2018 (laranja). Dados: Hansen\/UMD\/Google\/USGS\/NASA, MAAP.<\/div><\/div>\n<p>Dados rec\u00e9m-divulgados para\u00a0<strong>2019<\/strong>\u00a0revelam a perda de mais de\u00a0<strong>1,7 milh\u00e3o de hectares<\/strong>\u00a0(4,3 milh\u00f5es de acres) de floresta amaz\u00f4nica prim\u00e1ria em nossa \u00e1rea de estudo de 5 pa\u00edses (Bol\u00edvia, Brasil, Col\u00f4mbia, Equador e Peru).* Isso \u00e9 o dobro do tamanho do Parque Nacional de Yellowstone.<\/p>\n<p><strong>A Tabela 1<\/strong>\u00a0mostra o desmatamento de 2019 (\u00a0<strong>vermelho<\/strong>\u00a0) em rela\u00e7\u00e3o a 2018 (laranja).<\/p>\n<p>A perda de floresta prim\u00e1ria na\u00a0<b>Amaz\u00f4nia brasileira<\/b>\u00a0(1,29 milh\u00e3o de hectares) foi mais de 3,5 vezes maior do que nos outros quatro pa\u00edses juntos, com um ligeiro aumento em 2019 em rela\u00e7\u00e3o a 2018. Muitas dessas \u00e1reas foram desmatadas no primeiro semestre do ano e depois queimadas em agosto, gerando aten\u00e7\u00e3o internacional.<\/p>\n<p>A perda de florestas prim\u00e1rias aumentou acentuadamente na\u00a0<b>Amaz\u00f4nia boliviana<\/b>\u00a0(222.834 hectares), em grande parte devido aos inc\u00eandios descontrolados que se espalharam para as florestas secas do sul da Amaz\u00f4nia.<\/p>\n<p>A perda de floresta prim\u00e1ria aumentou ligeiramente na\u00a0<strong>Amaz\u00f4nia peruana<\/strong>\u00a0(161.625 hectares), apesar de uma repress\u00e3o relativamente bem-sucedida \u00e0 minera\u00e7\u00e3o ilegal de ouro, apontando a agricultura de pequena escala (e a pecu\u00e1ria) como o principal fator.<\/p>\n<p>No lado positivo, a perda de floresta prim\u00e1ria diminuiu na\u00a0<strong>Amaz\u00f4nia colombiana<\/strong>\u00a0(91.400 hectares) ap\u00f3s um grande pico ap\u00f3s os acordos de paz de 2016 (entre o governo e as FARC). Vale a pena notar, no entanto, que agora documentamos a perda de 444.000 hectares (mais de um milh\u00e3o de acres) de floresta prim\u00e1ria na Amaz\u00f4nia colombiana nos \u00faltimos quatro anos desde o acordo de paz (ver Anexo).<\/p>\n<p>*Dois pontos importantes sobre os dados. Primeiro, usamos a perda anual de florestas da Universidade de Maryland para ter uma\u00a0 fonte\u00a0<strong>consistente<\/strong>\u00a0\u00a0em todos os cinco pa\u00edses. Segundo, aplicamos um filtro para incluir apenas a perda de\u00a0\u00a0<strong>floresta prim\u00e1ria<\/strong>\u00a0\u00a0(veja Metodologia).<\/p>\n<div class=\"fitem-sep\"><\/div>\n<h3><strong>Mapa de pontos cr\u00edticos de desmatamento de 2019<\/strong><\/h3>\n<p>O Mapa Base abaixo mostra os principais pontos de desmatamento em 2019 na Amaz\u00f4nia.<\/p>\n<div id=\"attachment_9176\" class=\"thumbnail aligncenter\"><a href=\"https:\/\/www.maapprogram.org\/wp-content\/uploads\/2020\/06\/maaproject.org-maap-2019-amazon-deforestation-the-greatest-hits-HS-PFL2019-AMZ-PECBB-M7H10VH20-200dpi-v1-Eng.jpg\"><img decoding=\"async\" class=\"wp-image-9176 size-medium\" src=\"https:\/\/www.maapprogram.org\/wp-content\/uploads\/2020\/06\/maaproject.org-maap-2019-amazon-deforestation-the-greatest-hits-HS-PFL2019-AMZ-PECBB-M7H10VH20-200dpi-v1-Eng-693x580.jpg\" alt=\"\" width=\"693\" height=\"580\" \/><\/a><div class=\"caption\">Pontos cr\u00edticos de desmatamento em 2019 na Amaz\u00f4nia. Dados: Hansen\/UMD\/Google\/USGS\/NASA, MAAP.<\/div><\/div>\n<p>Muitos dos principais focos de desmatamento estavam no\u00a0<strong>\u00a0Brasil<\/strong>\u00a0. No in\u00edcio do ano, em mar\u00e7o, houve inc\u00eandios descontrolados no norte do estado de Roraima. Mais ao sul, ao longo da Rodovia Transamaz\u00f4nica, grande parte do desmatamento ocorreu no primeiro semestre do ano, seguido pelos inc\u00eandios de alto perfil que come\u00e7aram no final de julho. Observe que muitos desses inc\u00eandios estavam queimando \u00e1reas recentemente desmatadas e n\u00e3o eram inc\u00eandios florestais descontrolados (\u00a0<a href=\"https:\/\/www.maapprogram.org\/2019\/brazil-amazon-fires\/\" data-feathr-click-track=\"true\" data-feathr-link-aids=\"6182f4e07f71b7b1555341c3\">MAAP #113<\/a>\u00a0).<\/p>\n<p>A Amaz\u00f4nia brasileira tamb\u00e9m sofreu um aumento no desmatamento causado pela minera\u00e7\u00e3o de ouro em territ\u00f3rios ind\u00edgenas (\u00a0<a href=\"https:\/\/www.maapprogram.org\/2020\/gold_brazil\/\" data-feathr-click-track=\"true\" data-feathr-link-aids=\"6182f4e07f71b7b1555341c3\">MAAP #116<\/a>\u00a0).<\/p>\n<p><strong>A Bol\u00edvia<\/strong>\u00a0tamb\u00e9m teve uma temporada intensa de inc\u00eandios em 2019. Ao contr\u00e1rio do Brasil, muitos foram inc\u00eandios descontrolados, particularmente nas pastagens de Beni e nas florestas secas de Chiquitano, no sul da Amaz\u00f4nia boliviana (\u00a0<a href=\"https:\/\/www.maapprogram.org\/2019\/amazon-fires-part2\/\" data-feathr-click-track=\"true\" data-feathr-link-aids=\"6182f4e07f71b7b1555341c3\">MAAP #108<\/a>\u00a0).<\/p>\n<p>No\u00a0\u00a0<strong>Peru<\/strong>\u00a0, embora o desmatamento da minera\u00e7\u00e3o ilegal de ouro tenha diminu\u00eddo (\u00a0<a href=\"https:\/\/www.maapprogram.org\/2020\/gold-mining\/\" data-feathr-click-track=\"true\" data-feathr-link-aids=\"6182f4e07f71b7b1555341c3\">MAAP #121<\/a>\u00a0), a agricultura em pequena escala (incluindo gado) continua sendo um dos principais impulsionadores na Amaz\u00f4nia central (\u00a0<a href=\"https:\/\/www.maapprogram.org\/2019\/mennonite\/\" data-feathr-click-track=\"true\" data-feathr-link-aids=\"6182f4e07f71b7b1555341c3\">MAAP #112<\/a>\u00a0) e um impulsionador emergente no sul.<\/p>\n<p>Na\u00a0\u00a0<strong>Col\u00f4mbia<\/strong>\u00a0, h\u00e1 um \u201carco de desmatamento\u201d no noroeste da Amaz\u00f4nia. Este arco inclui quatro \u00e1reas protegidas (Parques Nacionais Tinigua, Chiribiquete e Macarena, e Reserva Nacional Nukak) e duas\u00a0\u00a0<strong>Reservas Ind\u00edgenas<\/strong>\u00a0(Resguardos Ind\u00edgenas Nukak-Maku e Llanos del Yari-Yaguara II) que sofrem desmatamento substancial (\u00a0<a href=\"https:\/\/www.maapprogram.org\/2020\/colombian_amaz\/\" data-feathr-click-track=\"true\" data-feathr-link-aids=\"6182f4e07f71b7b1555341c3\">MAAP #120<\/a>\u00a0). Um dos principais impulsionadores do desmatamento na regi\u00e3o \u00e9 a convers\u00e3o para pasto para grilagem de terras ou cria\u00e7\u00e3o de gado.<\/p>\n<div class=\"fitem-sep\"><\/div>\n<div class=\"fitem-sep\"><\/div>\n<h3><strong>Anexo \u2013 Tend\u00eancia do acordo de paz na Col\u00f4mbia<\/strong><\/h3>\n<div id=\"attachment_9115\" class=\"thumbnail aligncenter\"><\/div>\n<div id=\"attachment_9115\" class=\"thumbnail aligncenter\"><a href=\"https:\/\/www.maapprogram.org\/wp-content\/uploads\/2020\/06\/maaproject.org-maap-117-deforestation-in-the-colombian-amazon-2020-Graph1-DeforestationPF-ColombianAmz-2015-2020May-v2-Eng.jpg\"><img decoding=\"async\" class=\"wp-image-9115 size-medium\" src=\"https:\/\/www.maapprogram.org\/wp-content\/uploads\/2020\/06\/maaproject.org-maap-117-deforestation-in-the-colombian-amazon-2020-Graph1-DeforestationPF-ColombianAmz-2015-2020May-v2-Eng-781x580.jpg\" alt=\"\" width=\"781\" height=\"580\" \/><\/a><div class=\"caption\">Anexo 1. Desmatamento de floresta prim\u00e1ria na Amaz\u00f4nia Colombiana, 2015-20. Dados: Hansen\/UMD\/Google\/USGS\/NASA, UMD\/GLAD. *At\u00e9 maio de 2020<\/div><\/div>\n<div class=\"fitem-sep\"><\/div>\n<h3><strong>Metodologia<\/strong><\/h3>\n<p>Os dados de perda florestal de base apresentados neste relat\u00f3rio foram gerados pelo\u00a0 laborat\u00f3rio\u00a0<a class=\"external external_icon\" href=\"https:\/\/glad.umd.edu\/\" target=\"_blank\" rel=\"nofollow noopener noreferrer\" data-feathr-click-track=\"true\" data-feathr-link-aids=\"6182f4e07f71b7b1555341c3\">Global Land Analysis and Discovery<\/a>\u00a0\u00a0(GLAD) da Universidade de Maryland (Hansen et al 2013) e apresentados pelo\u00a0\u00a0<a class=\"external external_icon\" href=\"http:\/\/bit.ly\/2GMzRl3\" target=\"_blank\" rel=\"nofollow noopener noreferrer\" data-feathr-click-track=\"true\" data-feathr-link-aids=\"6182f4e07f71b7b1555341c3\">Global Forest Watch<\/a>\u00a0. Nossa \u00e1rea de estudo \u00e9 estritamente o que est\u00e1 destacado no Mapa Base.<\/p>\n<p>Para nossa estimativa de\u00a0<strong>perda de floresta prim\u00e1ria<\/strong>\u00a0, usamos os dados anuais de \u201cperda de cobertura florestal\u201d com densidade &gt;30% da \u201ccobertura de \u00e1rvores\u201d do ano de 2001. Ent\u00e3o, cruzamos os dados de perda de cobertura florestal com o conjunto de dados adicional \u201cflorestas tropicais \u00famidas prim\u00e1rias\u201d de 2001 (Turubanova et al 2018). Para mais detalhes sobre esta parte da metodologia, veja o\u00a0\u00a0<a href=\"https:\/\/blog.globalforestwatch.org\/data-and-research\/technical-blog:-global-forest-watch's-2018-data-update-explained\" target=\"_blank\" rel=\"noopener noreferrer\" data-feathr-click-track=\"true\" data-feathr-link-aids=\"6182f4e07f71b7b1555341c3\">Blog T\u00e9cnico<\/a>\u00a0\u00a0do Global Forest Watch (Goldman e Weisse 2019).<\/p>\n<p>Para os limites, usamos o limite biogeogr\u00e1fico (conforme definido pela RAISG) para todos os pa\u00edses, exceto a Bol\u00edvia, onde usamos o limite da bacia hidrogr\u00e1fica da Amaz\u00f4nia (ver Mapa Base).<\/p>\n<p>Todos os dados foram processados \u200b\u200bno sistema de coordenadas geogr\u00e1ficas WGS 1984. Para calcular as \u00e1reas em unidades m\u00e9tricas, a proje\u00e7\u00e3o foi: Peru e Equador UTM 18 Sul, Bol\u00edvia UTM 20 Sul, Col\u00f4mbia MAGNA-Bogot\u00e1 e Brasil Eckert IV.<\/p>\n<p>Por fim, para identificar os hotspots de desmatamento, conduzimos uma estimativa de densidade kernel. Esse tipo de an\u00e1lise calcula a magnitude por unidade de \u00e1rea de um fen\u00f4meno espec\u00edfico, neste caso, a perda de cobertura florestal. Conduzimos essa an\u00e1lise usando a ferramenta Kernel Density do Spatial Analyst Tool Box do ArcGIS. Usamos os seguintes par\u00e2metros:<\/p>\n<p>Raio de busca: 15.000 unidades de camada (metros)<br \/>\nFun\u00e7\u00e3o de densidade do kernel: Fun\u00e7\u00e3o do kernel qu\u00e1rtico<br \/>\nTamanho da c\u00e9lula no mapa: 200 x 200 metros (4 hectares)<br \/>\nTodo o resto foi deixado na configura\u00e7\u00e3o padr\u00e3o.<\/p>\n<p>Para o Mapa Base, usamos os seguintes percentuais de concentra\u00e7\u00e3o: M\u00e9dio: 7%-10%; Alto: 11%-20%; Muito Alto: &gt;20%.<\/p>\n<div class=\"fitem-sep\"><\/div>\n<h3><strong>Refer\u00eancias<\/strong><\/h3>\n<p>Goldman L, Weisse M (2019) Explica\u00e7\u00e3o da atualiza\u00e7\u00e3o de dados de 2018 do Global Forest Watch.\u00a0\u00a0<a class=\"external external_icon\" href=\"https:\/\/blog.globalforestwatch.org\/data-and-research\/blog-tecnico-explicacion-de-la-actualizacion-de-datos-de-2018-de-global-forest-watch\" target=\"_blank\" rel=\"nofollow noopener noreferrer\" data-feathr-click-track=\"true\" data-feathr-link-aids=\"6182f4e07f71b7b1555341c3\">https:\/\/blog.globalforestwatch.org\/data-and-research\/blog-tecnico-explicacion-de-la-actualizacion-de-datos-de-2018-de-global-forest-watch<\/a><\/p>\n<p>Hansen, MC, PV Potapov, R. Moore, M. Hancher, SA Turubanova, A. Tyukavina, D. Thau, SV Stehman, SJ Goetz, TR Loveland, A. Kommareddy, A. Egorov, L. Chini, CO Justice e JRG Townshend. 2013. \u201cMapas globais de alta resolu\u00e7\u00e3o da mudan\u00e7a da cobertura florestal do s\u00e9culo XXI.\u201d Science 342 (15 de novembro): 850\u201353. Dados dispon\u00edveis on-line em:\u00a0\u00a0<a class=\"external external_icon\" href=\"http:\/\/earthenginepartners.appspot.com\/science-2013-global-forest\" target=\"_blank\" rel=\"nofollow noopener noreferrer\" data-feathr-click-track=\"true\" data-feathr-link-aids=\"6182f4e07f71b7b1555341c3\">http:\/\/earthenginepartners.appspot.com\/science-2013-global-forest<\/a>\u00a0.<\/p>\n<p>Turubanova S., Potapov P., Tyukavina, A., e Hansen M. (2018) Perda cont\u00ednua de florestas prim\u00e1rias no Brasil, Rep\u00fablica Democr\u00e1tica do Congo e Indon\u00e9sia.\u00a0\u00a0<em>Environmental Research Letters\u00a0\u00a0<\/em>\u00a0<a class=\"external external_icon\" href=\"https:\/\/doi.org\/10.1088\/1748-9326\/aacd1c\" target=\"_blank\" rel=\"nofollow noopener noreferrer\" data-feathr-click-track=\"true\" data-feathr-link-aids=\"6182f4e07f71b7b1555341c3\">https:\/\/doi.org\/10.1088\/1748-9326\/aacd1c\u00a0<\/a><\/p>\n<div class=\"fitem-sep\"><\/div>\n<h3><strong>Agradecimentos<\/strong><\/h3>\n<p>Agradecemos a G. Palacios pelos coment\u00e1rios \u00fateis \u00e0s vers\u00f5es anteriores deste relat\u00f3rio.<\/p>\n<p>Este trabalho foi apoiado pelos seguintes financiadores principais: Ag\u00eancia Norueguesa para Coopera\u00e7\u00e3o para o Desenvolvimento (NORAD), Funda\u00e7\u00e3o Gordon e Betty Moore, Fundo Internacional de Conserva\u00e7\u00e3o do Canad\u00e1 (ICFC), Metabolic Studio, Funda\u00e7\u00e3o Erol, Funda\u00e7\u00e3o MacArthur e Fundo de Pequenos Subs\u00eddios da Global Forest Watch (WRI).<\/p>\n<h3><span style=\"font-size: 16px;\"><div class=\"fitem-sep\"><\/div><\/span><\/h3>\n<h3><strong>Cita\u00e7\u00e3o<\/strong><\/h3>\n<p>Finer M, Mamani N (2020) Desmatamento da Amaz\u00f4nia 2019. MAAP: 122.<\/p>\n<h3><span style=\"font-size: 16px;\"><div class=\"fitem-sep\"><\/div><\/span><\/h3>\n","protected":false},"excerpt":{"rendered":"<p>Dados rec\u00e9m-divulgados para\u00a02019\u00a0revelam a perda de mais de\u00a01,7 milh\u00e3o de hectares\u00a0(4,3 milh\u00f5es de acres) de floresta amaz\u00f4nica prim\u00e1ria em nossa \u00e1rea de estudo de 5 pa\u00edses (Bol\u00edvia, Brasil, Col\u00f4mbia, Equador e Peru).* Isso \u00e9 o dobro do tamanho do Parque Nacional de Yellowstone. A Tabela 1\u00a0mostra o desmatamento de 2019 (\u00a0vermelho\u00a0) em rela\u00e7\u00e3o a 2018 [&hellip;]<\/p>\n","protected":false},"author":4,"featured_media":0,"comment_status":"closed","ping_status":"closed","sticky":false,"template":"","format":"standard","meta":{"_acf_changed":false,"footnotes":""},"categories":[3],"tags":[],"ftr_agriculture":[356],"carbon-and-climate-change":[],"ftr_country":[449,484,485,400],"fire":[453],"infrastructure-threat":[],"land-use":[457,458],"mining-and-logging-threat":[459],"natural-forest-loss":[],"special-analysis":[],"class_list":["post-22955","post","type-post","status-publish","format-standard","hentry","category-nao-categorizado","ftr_agriculture-pasto-de-gado","ftr_country-brasil","ftr_country-colombia-3","ftr_country-equador","ftr_country-peru","fire-incendios-pt-br","land-use-areas-protegidas-pt-br","land-use-territorios-indigenas-pt-br","mining-and-logging-threat-mineracao-de-ouro"],"acf":[],"yoast_head":"<!-- This site is optimized with the Yoast SEO plugin v27.3 - https:\/\/yoast.com\/product\/yoast-seo-wordpress\/ -->\n<title>MAAP #122: Desmatamento na Amaz\u00f4nia 2019 - MAAP<\/title>\n<meta name=\"robots\" content=\"index, follow, max-snippet:-1, max-image-preview:large, max-video-preview:-1\" \/>\n<link rel=\"canonical\" href=\"https:\/\/www.maapprogram.org\/pt-br\/maap-122-desmatamento-na-amazonia-2019\/\" \/>\n<meta property=\"og:locale\" content=\"pt_BR\" \/>\n<meta property=\"og:type\" content=\"article\" \/>\n<meta property=\"og:title\" content=\"MAAP #122: Desmatamento na Amaz\u00f4nia 2019 - MAAP\" \/>\n<meta property=\"og:description\" content=\"Dados rec\u00e9m-divulgados para\u00a02019\u00a0revelam a perda de mais de\u00a01,7 milh\u00e3o de hectares\u00a0(4,3 milh\u00f5es de acres) de floresta amaz\u00f4nica prim\u00e1ria em nossa \u00e1rea de estudo de 5 pa\u00edses (Bol\u00edvia, Brasil, Col\u00f4mbia, Equador e Peru).* Isso \u00e9 o dobro do tamanho do Parque Nacional de Yellowstone. A Tabela 1\u00a0mostra o desmatamento de 2019 (\u00a0vermelho\u00a0) em rela\u00e7\u00e3o a 2018 [&hellip;]\" \/>\n<meta property=\"og:url\" content=\"https:\/\/www.maapprogram.org\/pt-br\/maap-122-desmatamento-na-amazonia-2019\/\" \/>\n<meta property=\"og:site_name\" content=\"MAAP\" \/>\n<meta property=\"article:published_time\" content=\"2020-06-30T18:34:00+00:00\" \/>\n<meta property=\"article:modified_time\" content=\"2024-09-26T18:11:42+00:00\" \/>\n<meta property=\"og:image\" content=\"https:\/\/www.maapprogram.org\/wp-content\/uploads\/2020\/06\/maaproject.org-maap-2019-amazon-deforestation-the-greatest-hits-Graph1-PFL-2018-19-PECBB-v1-ENG-615x580.jpg\" \/>\n<meta name=\"author\" content=\"MAAP Consultants\" \/>\n<meta name=\"twitter:card\" content=\"summary_large_image\" \/>\n<meta name=\"twitter:label1\" content=\"Escrito por\" \/>\n\t<meta name=\"twitter:data1\" content=\"MAAP Consultants\" \/>\n\t<meta name=\"twitter:label2\" content=\"Est. tempo de leitura\" \/>\n\t<meta name=\"twitter:data2\" content=\"6 minutos\" \/>\n<script type=\"application\/ld+json\" class=\"yoast-schema-graph\">{\"@context\":\"https:\\\/\\\/schema.org\",\"@graph\":[{\"@type\":\"Article\",\"@id\":\"https:\\\/\\\/www.maapprogram.org\\\/pt-br\\\/maap-122-desmatamento-na-amazonia-2019\\\/#article\",\"isPartOf\":{\"@id\":\"https:\\\/\\\/www.maapprogram.org\\\/pt-br\\\/maap-122-desmatamento-na-amazonia-2019\\\/\"},\"author\":{\"name\":\"MAAP Consultants\",\"@id\":\"https:\\\/\\\/www.maapprogram.org\\\/pt-br\\\/#\\\/schema\\\/person\\\/2f7133e3c0723ceecd6dabc9b4f198ce\"},\"headline\":\"MAAP #122: Desmatamento na Amaz\u00f4nia 2019\",\"datePublished\":\"2020-06-30T18:34:00+00:00\",\"dateModified\":\"2024-09-26T18:11:42+00:00\",\"mainEntityOfPage\":{\"@id\":\"https:\\\/\\\/www.maapprogram.org\\\/pt-br\\\/maap-122-desmatamento-na-amazonia-2019\\\/\"},\"wordCount\":1197,\"image\":{\"@id\":\"https:\\\/\\\/www.maapprogram.org\\\/pt-br\\\/maap-122-desmatamento-na-amazonia-2019\\\/#primaryimage\"},\"thumbnailUrl\":\"https:\\\/\\\/www.maapprogram.org\\\/wp-content\\\/uploads\\\/2020\\\/06\\\/maaproject.org-maap-2019-amazon-deforestation-the-greatest-hits-Graph1-PFL-2018-19-PECBB-v1-ENG-615x580.jpg\",\"articleSection\":[\"N\u00e3o categorizado\"],\"inLanguage\":\"pt-BR\"},{\"@type\":\"WebPage\",\"@id\":\"https:\\\/\\\/www.maapprogram.org\\\/pt-br\\\/maap-122-desmatamento-na-amazonia-2019\\\/\",\"url\":\"https:\\\/\\\/www.maapprogram.org\\\/pt-br\\\/maap-122-desmatamento-na-amazonia-2019\\\/\",\"name\":\"MAAP #122: Desmatamento na Amaz\u00f4nia 2019 - MAAP\",\"isPartOf\":{\"@id\":\"https:\\\/\\\/www.maapprogram.org\\\/pt-br\\\/#website\"},\"primaryImageOfPage\":{\"@id\":\"https:\\\/\\\/www.maapprogram.org\\\/pt-br\\\/maap-122-desmatamento-na-amazonia-2019\\\/#primaryimage\"},\"image\":{\"@id\":\"https:\\\/\\\/www.maapprogram.org\\\/pt-br\\\/maap-122-desmatamento-na-amazonia-2019\\\/#primaryimage\"},\"thumbnailUrl\":\"https:\\\/\\\/www.maapprogram.org\\\/wp-content\\\/uploads\\\/2020\\\/06\\\/maaproject.org-maap-2019-amazon-deforestation-the-greatest-hits-Graph1-PFL-2018-19-PECBB-v1-ENG-615x580.jpg\",\"datePublished\":\"2020-06-30T18:34:00+00:00\",\"dateModified\":\"2024-09-26T18:11:42+00:00\",\"author\":{\"@id\":\"https:\\\/\\\/www.maapprogram.org\\\/pt-br\\\/#\\\/schema\\\/person\\\/2f7133e3c0723ceecd6dabc9b4f198ce\"},\"breadcrumb\":{\"@id\":\"https:\\\/\\\/www.maapprogram.org\\\/pt-br\\\/maap-122-desmatamento-na-amazonia-2019\\\/#breadcrumb\"},\"inLanguage\":\"pt-BR\",\"potentialAction\":[{\"@type\":\"ReadAction\",\"target\":[\"https:\\\/\\\/www.maapprogram.org\\\/pt-br\\\/maap-122-desmatamento-na-amazonia-2019\\\/\"]}]},{\"@type\":\"ImageObject\",\"inLanguage\":\"pt-BR\",\"@id\":\"https:\\\/\\\/www.maapprogram.org\\\/pt-br\\\/maap-122-desmatamento-na-amazonia-2019\\\/#primaryimage\",\"url\":\"https:\\\/\\\/www.maapprogram.org\\\/wp-content\\\/uploads\\\/2020\\\/06\\\/maaproject.org-maap-2019-amazon-deforestation-the-greatest-hits-Graph1-PFL-2018-19-PECBB-v1-ENG-615x580.jpg\",\"contentUrl\":\"https:\\\/\\\/www.maapprogram.org\\\/wp-content\\\/uploads\\\/2020\\\/06\\\/maaproject.org-maap-2019-amazon-deforestation-the-greatest-hits-Graph1-PFL-2018-19-PECBB-v1-ENG-615x580.jpg\"},{\"@type\":\"BreadcrumbList\",\"@id\":\"https:\\\/\\\/www.maapprogram.org\\\/pt-br\\\/maap-122-desmatamento-na-amazonia-2019\\\/#breadcrumb\",\"itemListElement\":[{\"@type\":\"ListItem\",\"position\":1,\"name\":\"Home\",\"item\":\"https:\\\/\\\/www.maapprogram.org\\\/pt-br\\\/\"},{\"@type\":\"ListItem\",\"position\":2,\"name\":\"MAAP #122: Desmatamento na Amaz\u00f4nia 2019\"}]},{\"@type\":\"WebSite\",\"@id\":\"https:\\\/\\\/www.maapprogram.org\\\/pt-br\\\/#website\",\"url\":\"https:\\\/\\\/www.maapprogram.org\\\/pt-br\\\/\",\"name\":\"MAAP\",\"description\":\"\",\"potentialAction\":[{\"@type\":\"SearchAction\",\"target\":{\"@type\":\"EntryPoint\",\"urlTemplate\":\"https:\\\/\\\/www.maapprogram.org\\\/pt-br\\\/?s={search_term_string}\"},\"query-input\":{\"@type\":\"PropertyValueSpecification\",\"valueRequired\":true,\"valueName\":\"search_term_string\"}}],\"inLanguage\":\"pt-BR\"},{\"@type\":\"Person\",\"@id\":\"https:\\\/\\\/www.maapprogram.org\\\/pt-br\\\/#\\\/schema\\\/person\\\/2f7133e3c0723ceecd6dabc9b4f198ce\",\"name\":\"MAAP Consultants\",\"image\":{\"@type\":\"ImageObject\",\"inLanguage\":\"pt-BR\",\"@id\":\"https:\\\/\\\/secure.gravatar.com\\\/avatar\\\/5889bd7805b73b186236cf81236e7511b08707f4115893e4569c33d93f127911?s=96&d=mm&r=g\",\"url\":\"https:\\\/\\\/secure.gravatar.com\\\/avatar\\\/5889bd7805b73b186236cf81236e7511b08707f4115893e4569c33d93f127911?s=96&d=mm&r=g\",\"contentUrl\":\"https:\\\/\\\/secure.gravatar.com\\\/avatar\\\/5889bd7805b73b186236cf81236e7511b08707f4115893e4569c33d93f127911?s=96&d=mm&r=g\",\"caption\":\"MAAP Consultants\"},\"url\":\"https:\\\/\\\/www.maapprogram.org\\\/pt-br\\\/author\\\/maapconsultants\\\/\"}]}<\/script>\n<!-- \/ Yoast SEO plugin. -->","yoast_head_json":{"title":"MAAP #122: Desmatamento na Amaz\u00f4nia 2019 - MAAP","robots":{"index":"index","follow":"follow","max-snippet":"max-snippet:-1","max-image-preview":"max-image-preview:large","max-video-preview":"max-video-preview:-1"},"canonical":"https:\/\/www.maapprogram.org\/pt-br\/maap-122-desmatamento-na-amazonia-2019\/","og_locale":"pt_BR","og_type":"article","og_title":"MAAP #122: Desmatamento na Amaz\u00f4nia 2019 - MAAP","og_description":"Dados rec\u00e9m-divulgados para\u00a02019\u00a0revelam a perda de mais de\u00a01,7 milh\u00e3o de hectares\u00a0(4,3 milh\u00f5es de acres) de floresta amaz\u00f4nica prim\u00e1ria em nossa \u00e1rea de estudo de 5 pa\u00edses (Bol\u00edvia, Brasil, Col\u00f4mbia, Equador e Peru).* Isso \u00e9 o dobro do tamanho do Parque Nacional de Yellowstone. A Tabela 1\u00a0mostra o desmatamento de 2019 (\u00a0vermelho\u00a0) em rela\u00e7\u00e3o a 2018 [&hellip;]","og_url":"https:\/\/www.maapprogram.org\/pt-br\/maap-122-desmatamento-na-amazonia-2019\/","og_site_name":"MAAP","article_published_time":"2020-06-30T18:34:00+00:00","article_modified_time":"2024-09-26T18:11:42+00:00","og_image":[{"url":"https:\/\/www.maapprogram.org\/wp-content\/uploads\/2020\/06\/maaproject.org-maap-2019-amazon-deforestation-the-greatest-hits-Graph1-PFL-2018-19-PECBB-v1-ENG-615x580.jpg","type":"","width":"","height":""}],"author":"MAAP Consultants","twitter_card":"summary_large_image","twitter_misc":{"Escrito por":"MAAP Consultants","Est. tempo de leitura":"6 minutos"},"schema":{"@context":"https:\/\/schema.org","@graph":[{"@type":"Article","@id":"https:\/\/www.maapprogram.org\/pt-br\/maap-122-desmatamento-na-amazonia-2019\/#article","isPartOf":{"@id":"https:\/\/www.maapprogram.org\/pt-br\/maap-122-desmatamento-na-amazonia-2019\/"},"author":{"name":"MAAP Consultants","@id":"https:\/\/www.maapprogram.org\/pt-br\/#\/schema\/person\/2f7133e3c0723ceecd6dabc9b4f198ce"},"headline":"MAAP #122: Desmatamento na Amaz\u00f4nia 2019","datePublished":"2020-06-30T18:34:00+00:00","dateModified":"2024-09-26T18:11:42+00:00","mainEntityOfPage":{"@id":"https:\/\/www.maapprogram.org\/pt-br\/maap-122-desmatamento-na-amazonia-2019\/"},"wordCount":1197,"image":{"@id":"https:\/\/www.maapprogram.org\/pt-br\/maap-122-desmatamento-na-amazonia-2019\/#primaryimage"},"thumbnailUrl":"https:\/\/www.maapprogram.org\/wp-content\/uploads\/2020\/06\/maaproject.org-maap-2019-amazon-deforestation-the-greatest-hits-Graph1-PFL-2018-19-PECBB-v1-ENG-615x580.jpg","articleSection":["N\u00e3o categorizado"],"inLanguage":"pt-BR"},{"@type":"WebPage","@id":"https:\/\/www.maapprogram.org\/pt-br\/maap-122-desmatamento-na-amazonia-2019\/","url":"https:\/\/www.maapprogram.org\/pt-br\/maap-122-desmatamento-na-amazonia-2019\/","name":"MAAP #122: Desmatamento na Amaz\u00f4nia 2019 - MAAP","isPartOf":{"@id":"https:\/\/www.maapprogram.org\/pt-br\/#website"},"primaryImageOfPage":{"@id":"https:\/\/www.maapprogram.org\/pt-br\/maap-122-desmatamento-na-amazonia-2019\/#primaryimage"},"image":{"@id":"https:\/\/www.maapprogram.org\/pt-br\/maap-122-desmatamento-na-amazonia-2019\/#primaryimage"},"thumbnailUrl":"https:\/\/www.maapprogram.org\/wp-content\/uploads\/2020\/06\/maaproject.org-maap-2019-amazon-deforestation-the-greatest-hits-Graph1-PFL-2018-19-PECBB-v1-ENG-615x580.jpg","datePublished":"2020-06-30T18:34:00+00:00","dateModified":"2024-09-26T18:11:42+00:00","author":{"@id":"https:\/\/www.maapprogram.org\/pt-br\/#\/schema\/person\/2f7133e3c0723ceecd6dabc9b4f198ce"},"breadcrumb":{"@id":"https:\/\/www.maapprogram.org\/pt-br\/maap-122-desmatamento-na-amazonia-2019\/#breadcrumb"},"inLanguage":"pt-BR","potentialAction":[{"@type":"ReadAction","target":["https:\/\/www.maapprogram.org\/pt-br\/maap-122-desmatamento-na-amazonia-2019\/"]}]},{"@type":"ImageObject","inLanguage":"pt-BR","@id":"https:\/\/www.maapprogram.org\/pt-br\/maap-122-desmatamento-na-amazonia-2019\/#primaryimage","url":"https:\/\/www.maapprogram.org\/wp-content\/uploads\/2020\/06\/maaproject.org-maap-2019-amazon-deforestation-the-greatest-hits-Graph1-PFL-2018-19-PECBB-v1-ENG-615x580.jpg","contentUrl":"https:\/\/www.maapprogram.org\/wp-content\/uploads\/2020\/06\/maaproject.org-maap-2019-amazon-deforestation-the-greatest-hits-Graph1-PFL-2018-19-PECBB-v1-ENG-615x580.jpg"},{"@type":"BreadcrumbList","@id":"https:\/\/www.maapprogram.org\/pt-br\/maap-122-desmatamento-na-amazonia-2019\/#breadcrumb","itemListElement":[{"@type":"ListItem","position":1,"name":"Home","item":"https:\/\/www.maapprogram.org\/pt-br\/"},{"@type":"ListItem","position":2,"name":"MAAP #122: Desmatamento na Amaz\u00f4nia 2019"}]},{"@type":"WebSite","@id":"https:\/\/www.maapprogram.org\/pt-br\/#website","url":"https:\/\/www.maapprogram.org\/pt-br\/","name":"MAAP","description":"","potentialAction":[{"@type":"SearchAction","target":{"@type":"EntryPoint","urlTemplate":"https:\/\/www.maapprogram.org\/pt-br\/?s={search_term_string}"},"query-input":{"@type":"PropertyValueSpecification","valueRequired":true,"valueName":"search_term_string"}}],"inLanguage":"pt-BR"},{"@type":"Person","@id":"https:\/\/www.maapprogram.org\/pt-br\/#\/schema\/person\/2f7133e3c0723ceecd6dabc9b4f198ce","name":"MAAP Consultants","image":{"@type":"ImageObject","inLanguage":"pt-BR","@id":"https:\/\/secure.gravatar.com\/avatar\/5889bd7805b73b186236cf81236e7511b08707f4115893e4569c33d93f127911?s=96&d=mm&r=g","url":"https:\/\/secure.gravatar.com\/avatar\/5889bd7805b73b186236cf81236e7511b08707f4115893e4569c33d93f127911?s=96&d=mm&r=g","contentUrl":"https:\/\/secure.gravatar.com\/avatar\/5889bd7805b73b186236cf81236e7511b08707f4115893e4569c33d93f127911?s=96&d=mm&r=g","caption":"MAAP Consultants"},"url":"https:\/\/www.maapprogram.org\/pt-br\/author\/maapconsultants\/"}]}},"_links":{"self":[{"href":"https:\/\/www.maapprogram.org\/pt-br\/wp-json\/wp\/v2\/posts\/22955","targetHints":{"allow":["GET"]}}],"collection":[{"href":"https:\/\/www.maapprogram.org\/pt-br\/wp-json\/wp\/v2\/posts"}],"about":[{"href":"https:\/\/www.maapprogram.org\/pt-br\/wp-json\/wp\/v2\/types\/post"}],"author":[{"embeddable":true,"href":"https:\/\/www.maapprogram.org\/pt-br\/wp-json\/wp\/v2\/users\/4"}],"replies":[{"embeddable":true,"href":"https:\/\/www.maapprogram.org\/pt-br\/wp-json\/wp\/v2\/comments?post=22955"}],"version-history":[{"count":2,"href":"https:\/\/www.maapprogram.org\/pt-br\/wp-json\/wp\/v2\/posts\/22955\/revisions"}],"predecessor-version":[{"id":24051,"href":"https:\/\/www.maapprogram.org\/pt-br\/wp-json\/wp\/v2\/posts\/22955\/revisions\/24051"}],"wp:attachment":[{"href":"https:\/\/www.maapprogram.org\/pt-br\/wp-json\/wp\/v2\/media?parent=22955"}],"wp:term":[{"taxonomy":"category","embeddable":true,"href":"https:\/\/www.maapprogram.org\/pt-br\/wp-json\/wp\/v2\/categories?post=22955"},{"taxonomy":"post_tag","embeddable":true,"href":"https:\/\/www.maapprogram.org\/pt-br\/wp-json\/wp\/v2\/tags?post=22955"},{"taxonomy":"ftr_agriculture","embeddable":true,"href":"https:\/\/www.maapprogram.org\/pt-br\/wp-json\/wp\/v2\/ftr_agriculture?post=22955"},{"taxonomy":"carbon-and-climate-change","embeddable":true,"href":"https:\/\/www.maapprogram.org\/pt-br\/wp-json\/wp\/v2\/carbon-and-climate-change?post=22955"},{"taxonomy":"ftr_country","embeddable":true,"href":"https:\/\/www.maapprogram.org\/pt-br\/wp-json\/wp\/v2\/ftr_country?post=22955"},{"taxonomy":"fire","embeddable":true,"href":"https:\/\/www.maapprogram.org\/pt-br\/wp-json\/wp\/v2\/fire?post=22955"},{"taxonomy":"infrastructure-threat","embeddable":true,"href":"https:\/\/www.maapprogram.org\/pt-br\/wp-json\/wp\/v2\/infrastructure-threat?post=22955"},{"taxonomy":"land-use","embeddable":true,"href":"https:\/\/www.maapprogram.org\/pt-br\/wp-json\/wp\/v2\/land-use?post=22955"},{"taxonomy":"mining-and-logging-threat","embeddable":true,"href":"https:\/\/www.maapprogram.org\/pt-br\/wp-json\/wp\/v2\/mining-and-logging-threat?post=22955"},{"taxonomy":"natural-forest-loss","embeddable":true,"href":"https:\/\/www.maapprogram.org\/pt-br\/wp-json\/wp\/v2\/natural-forest-loss?post=22955"},{"taxonomy":"special-analysis","embeddable":true,"href":"https:\/\/www.maapprogram.org\/pt-br\/wp-json\/wp\/v2\/special-analysis?post=22955"}],"curies":[{"name":"wp","href":"https:\/\/api.w.org\/{rel}","templated":true}]}}