{"id":23069,"date":"2019-07-03T13:31:00","date_gmt":"2019-07-03T13:31:00","guid":{"rendered":"https:\/\/www.maapprogram.org\/?p=23069"},"modified":"2024-09-26T18:39:41","modified_gmt":"2024-09-26T18:39:41","slug":"maap-102-portugues","status":"publish","type":"post","link":"https:\/\/www.maapprogram.org\/pt-br\/maap-102-portugues\/","title":{"rendered":"MAAP #102: Salvando o Choc\u00f3 Equatoriano"},"content":{"rendered":"<div id=\"attachment_8210\" class=\"thumbnail alignright\"><img decoding=\"async\" class=\"wp-image-8210 \" src=\"https:\/\/www.maapprogram.org\/wp-content\/uploads\/2019\/06\/umbrella_-Stephen-Davies-Copy.jpg\" alt=\"\" width=\"460\" height=\"427\" \/><div class=\"caption\">Choc\u00f3 end\u00eamico, Long-wattled Umbrellabird. \u00a9Stephen Davies<\/div><\/div>\n<p>O\u00a0<strong>Choc\u00f3 equatoriano<\/strong>\u00a0, localizado no outro lado (oeste) da Cordilheira dos Andes de seu vizinho amaz\u00f4nico, \u00e9 famoso por seus altos n\u00edveis de esp\u00e9cies\u00a0<strong>end\u00eamicas<\/strong>\u00a0(aquelas que n\u00e3o vivem em nenhum outro lugar da Terra).<\/p>\n<p>Faz parte do\u00a0<strong>Hotspot de Biodiversidade<\/strong>\u00a0\u201cTumbes-Choc\u00f3-Magdalena\u201d , lar de in\u00fameras plantas, mam\u00edferos e aves end\u00e9micas (1,2), como o p\u00e1ssaro-guarda-chuva de barbela longa.<\/p>\n<p>\u00c9 tamb\u00e9m uma das florestas tropicais mais\u00a0<strong>amea\u00e7adas<\/strong>\u00a0do mundo (1).<\/p>\n<p>Aqui, conduzimos uma\u00a0<strong>an\u00e1lise de desmatamento<\/strong>\u00a0para o norte do Choc\u00f3 equatoriano (veja\u00a0<strong>o Mapa Base<\/strong>\u00a0abaixo) para entender melhor o cen\u00e1rio de conserva\u00e7\u00e3o atual. Mais importante, comparamos a extens\u00e3o\u00a0<strong>original<\/strong>\u00a0da floresta (painel esquerdo) com a cobertura florestal\u00a0<strong>real<\/strong>\u00a0(painel direito).<\/p>\n<p>Documentamos a perda de mais de\u00a0<strong>60% (1,8 milh\u00e3o de hectares)<\/strong>\u00a0de florestas de baixa, m\u00e9dia e alta altitude (compare os tr\u00eas tons de\u00a0<strong>verde<\/strong>\u00a0entre os pain\u00e9is).<\/p>\n<p>Veja nossos outros\u00a0<strong>resultados principais<\/strong>\u00a0abaixo.<\/p>\n<div class=\"fitem-sep\"><\/div>\n<h3><strong>Mapa Base<\/strong><\/h3>\n<div id=\"attachment_8223\" class=\"thumbnail aligncenter\"><\/div>\n<div id=\"attachment_8223\" class=\"thumbnail aligncenter\"><a href=\"https:\/\/www.maapprogram.org\/wp-content\/uploads\/2019\/06\/maaproject.org-maap-102-saving-the-ecuadorian-choco-BaseMap-Choco-Eng-350dpi.jpg\"><img decoding=\"async\" class=\"wp-image-8223 size-medium\" src=\"https:\/\/www.maapprogram.org\/wp-content\/uploads\/2019\/06\/maaproject.org-maap-102-saving-the-ecuadorian-choco-BaseMap-Choco-Eng-350dpi-930x489.jpg\" alt=\"\" width=\"930\" height=\"489\" \/><\/a><div class=\"caption\">Mapa base. Choc\u00f3 equatoriano, extens\u00e3o florestal original (painel esquerdo) vs. cobertura florestal atual (painel direito). Dados: MAE, Hansen\/UMD\/Google\/USGS\/NASA<\/div><\/div>\n<div class=\"fitem-sep\"><\/div>\n<div id=\"attachment_8251\" class=\"thumbnail alignright\"><a href=\"https:\/\/www.maapprogram.org\/wp-content\/uploads\/2019\/06\/maaproject.org-maap-102-saving-the-ecuadorian-choco-MapForestLost-Remaning-Opt01-700dpi-Eng.jpg\"><img decoding=\"async\" class=\"wp-image-8251 size-medium\" src=\"https:\/\/www.maapprogram.org\/wp-content\/uploads\/2019\/06\/maaproject.org-maap-102-saving-the-ecuadorian-choco-MapForestLost-Remaning-Opt01-700dpi-Eng-556x580.jpg\" alt=\"\" width=\"556\" height=\"580\" \/><\/a><div class=\"caption\">Principais Resultados, Choc\u00f3 Equatoriano. Dados: MAAP, MAE, Hansen\/UMD\/Google\/USGS\/NASA<\/div><\/div>\n<h3><strong>Principais resultados<\/strong><\/h3>\n<p>Nossos\u00a0<strong>principais resultados<\/strong>\u00a0incluem:*<\/p>\n<ul>\n<li><strong>Perda\u00a0<\/strong><strong>de 61%<\/strong>\u00a0de floresta (1,8 milh\u00f5es de hectares) em todas as tr\u00eas eleva\u00e7\u00f5es.\n<ul>\n<li>Perda de\u00a0<strong>68% (1,2 milh\u00f5es de ha) de floresta tropical\u00a0<\/strong><strong>de v\u00e1rzea<\/strong>\u00a0,<\/li>\n<li><strong>Perda de 50%<\/strong>\u00a0(611.200 ha) de\u00a0florestas\u00a0<strong>de m\u00e9dia e alta altitude<\/strong><br \/>\n.<\/li>\n<\/ul>\n<\/li>\n<li><strong>20%<\/strong>\u00a0da perda florestal (365.000 ha) ocorreu depois de\u00a0<strong>2000<\/strong>\u00a0.\n<ul>\n<li>4.650 ha perdidos durante o per\u00edodo mais recente\u00a0<strong>de 2017-18<\/strong>\u00a0(principalmente em terras baixas).<\/li>\n<\/ul>\n<\/li>\n<\/ul>\n<ul>\n<li><strong>39%<\/strong>\u00a0da floresta total\u00a0<strong>restante<\/strong>\u00a0(1,17 milh\u00e3o de ha) em todas as tr\u00eas eleva\u00e7\u00f5es.\n<ul>\n<li>Restam apenas\u00a0<strong>32%<\/strong>\u00a0(569.000 ha) de floresta tropical de v\u00e1rzea.<\/li>\n<\/ul>\n<\/li>\n<\/ul>\n<ul>\n<li><strong>Restam 99%<\/strong>\u00a0da\u00a0Reserva Ecol\u00f3gica\u00a0<strong>Cotacachi-Cayapas .<\/strong><\/li>\n<li><strong>Restam 61%<\/strong>\u00a0da\u00a0Reserva Ecol\u00f3gica\u00a0<strong>Mache-Chindul .<\/strong><\/li>\n<\/ul>\n<p>*Os dados de perda florestal correspondem \u00e0 \u00e1rea de estudo indicada no Mapa Base. Fontes de dados: pr\u00e9-2017 do Minist\u00e9rio do Meio Ambiente do Equador; 2017-18 da Universidade de Maryland (Hansen 2013). Defini\u00e7\u00f5es de eleva\u00e7\u00e3o: Floresta de plan\u00edcie &lt;400 metros (verde escuro), floresta de eleva\u00e7\u00e3o m\u00e9dia 400-1000 m (verde oliva) e floresta de eleva\u00e7\u00e3o superior &gt;1000 m (verde brilhante).<\/p>\n<div class=\"fitem-sep\"><\/div>\n<h3><strong>Zooms de alta resolu\u00e7\u00e3o<\/strong><\/h3>\n<p>No Mapa Base, indicamos duas \u00e1reas (inser\u00e7\u00f5es A e B) onde ampliamos com imagens de sat\u00e9lite de alta resolu\u00e7\u00e3o para ver como \u00e9 o desmatamento recente na regi\u00e3o.<\/p>\n<p><strong>O zoom A<\/strong>\u00a0mostra o desmatamento de 380 hectares diretamente ao norte de uma planta\u00e7\u00e3o de dendezeiros, possivelmente para uma expans\u00e3o.<\/p>\n<p><strong>O Zoom B<\/strong>\u00a0mostra o desmatamento de 50 hectares da Reserva Ind\u00edgena Chachi.<\/p>\n<p><a href=\"https:\/\/www.maapprogram.org\/wp-content\/uploads\/2019\/06\/maaproject.org-maap-102-saving-the-ecuadorian-choco-PanelA-Choco-2016-2018-250dpi-ENG.jpg\"><img decoding=\"async\" class=\"wp-image-8225 size-medium\" src=\"https:\/\/www.maapprogram.org\/wp-content\/uploads\/2019\/06\/maaproject.org-maap-102-saving-the-ecuadorian-choco-PanelA-Choco-2016-2018-250dpi-ENG-930x410.jpg\" alt=\"\" width=\"930\" height=\"410\" \/><\/a>Zoom A. Dados: Planeta, ESA, MAAP.<\/p>\n<div id=\"attachment_8226\" class=\"thumbnail aligncenter\"><a href=\"https:\/\/www.maapprogram.org\/wp-content\/uploads\/2019\/06\/maaproject.org-maap-102-saving-the-ecuadorian-choco-PanelB-Choco-2016-2018-250dpi-Eng.jpg\"><img decoding=\"async\" class=\"wp-image-8226 size-medium\" src=\"https:\/\/www.maapprogram.org\/wp-content\/uploads\/2019\/06\/maaproject.org-maap-102-saving-the-ecuadorian-choco-PanelB-Choco-2016-2018-250dpi-Eng-930x410.jpg\" alt=\"\" width=\"930\" height=\"410\" \/><\/a><div class=\"caption\">Zoom B. Dados: Planeta, MAAP.<\/div><\/div>\n<div class=\"fitem-sep\"><\/div>\n<div id=\"attachment_8276\" class=\"thumbnail alignright\"><a href=\"https:\/\/www.maapprogram.org\/wp-content\/uploads\/2019\/07\/maaproject.org-maap-102-saving-the-ecuadorian-choco-ConservationOportunity-Eng-500dpi.jpg\"><img decoding=\"async\" class=\"wp-image-8276 size-medium\" src=\"https:\/\/www.maapprogram.org\/wp-content\/uploads\/2019\/07\/maaproject.org-maap-102-saving-the-ecuadorian-choco-ConservationOportunity-Eng-500dpi-485x580.jpg\" alt=\"\" width=\"485\" height=\"580\" \/><\/a><div class=\"caption\">Oportunidade de Conserva\u00e7\u00e3o de Choc\u00f3. Dados: Funda\u00e7\u00e3o Jocotoco, MAE, Hansen\/UMD\/Google\/USGS\/NASA.<\/div><\/div>\n<h3><strong>Oportunidade de Conserva\u00e7\u00e3o<\/strong><\/h3>\n<p><span lang=\"EN-US\">Esfor\u00e7os est\u00e3o em andamento para proteger um trecho cr\u00edtico da floresta Choc\u00f3 de baixa e m\u00e9dia altitude a oeste da Reserva Ecol\u00f3gica Cotacachi-Cayapas.<\/span><\/p>\n<p><span lang=\"EN-US\">Envolve a oportunidade \u00fanica de adquirir mais de 22.000 hectares de floresta que ajudariam a salvaguardar a conectividade entre \u00e1reas de conserva\u00e7\u00e3o p\u00fablicas e privadas e \u00e1reas ind\u00edgenas. Conectar essas \u00e1reas fornece a \u00fanica oportunidade de proteger\u00a0<\/span><span lang=\"EN-AU\">todo o gradiente altitudinal de 100-4900 m na encosta ocidental dos Andes tropicais. Tamb\u00e9m<\/span>\u00a0estabelecer\u00e1 uma zona de amortecimento eficaz para reservas governamentais e reduzir\u00e1 a vulnerabilidade socioecon\u00f4mica das comunidades locais.<\/p>\n<p>Para\u00a0<strong>apoiar este esfor\u00e7o<\/strong>\u00a0, entre em contato com a Funda\u00e7\u00e3o Jocotoco (\u00a0<a href=\"mailto:Martin.Schaefer@jocotoco.org\" target=\"_blank\" rel=\"noopener noreferrer\" data-feathr-click-track=\"true\" data-feathr-link-aids=\"6182f4e07f71b7b1555341c3\">Martin.Schaefer@jocotoco.org<\/a>\u00a0) ou com o Fundo Internacional de Conserva\u00e7\u00e3o do Canad\u00e1 (\u00a0<span lang=\"EN-US\"><a href=\"mailto:carlos@ICFCanada.org\" target=\"_blank\" rel=\"noopener noreferrer\" data-feathr-click-track=\"true\" data-feathr-link-aids=\"6182f4e07f71b7b1555341c3\">carlos@ICFCanada.org<\/a><\/span>\u00a0).<\/p>\n<div class=\"fitem-sep\"><\/div>\n<h3><strong>Refer\u00eancias<\/strong><\/h3>\n<p>1) Critical Ecosystem Partnership Fund (2005) Perfil do ecossistema: Tumbes-Choc\u00f3-Magdalena. Link:\u00a0\u00a0<a class=\"external external_icon\" href=\"https:\/\/www.cepf.net\/our-work\/biodiversity-hotspots\/tumbes-choco-magdalena\" target=\"_blank\" rel=\"nofollow noopener noreferrer\" data-feathr-click-track=\"true\" data-feathr-link-aids=\"6182f4e07f71b7b1555341c3\">https:\/\/www.cepf.net\/our-work\/biodiversity-hotspots\/tumbes-choco-magdalena<\/a><\/p>\n<p>2) Mittermeier RA et al (2011) Conserva\u00e7\u00e3o da biodiversidade global: o papel cr\u00edtico dos pontos cr\u00edticos. Pontos cr\u00edticos da biodiversidade, 3-22.<\/p>\n<div class=\"fitem-sep\"><\/div>\n<h3><strong>Agradecimentos<\/strong><\/h3>\n<p>Agradecemos a M. Schaefer (Jocotoco), C. Garcia (ICFC), D. Pogliani (ACCA), S. Novoa (ACCA), R. Catpo (ACCA), H. Balbuena (ACCA) e T. Souto (ACA)\u00a0<span class=\"gD\" role=\"gridcell\" data-hovercard-id=\"rcatpo@conservacionamazonica.org\" data-hovercard-owner-id=\"23\">pelos coment\u00e1rios \u00fateis em vers\u00f5es anteriores deste relat\u00f3rio<\/span>\u00a0.<\/p>\n<div class=\"fitem-sep\"><\/div>\n<h3><strong>Cita\u00e7\u00e3o<\/strong><\/h3>\n<p>Finer M, Mamani N (2019) Salvando o Choc\u00f3 Equatoriano. MAAP: 102.<\/p>\n<div class=\"fitem-sep\"><\/div>\n","protected":false},"excerpt":{"rendered":"<p>O\u00a0Choc\u00f3 equatoriano\u00a0, localizado no outro lado (oeste) da Cordilheira dos Andes de seu vizinho amaz\u00f4nico, \u00e9 famoso por seus altos n\u00edveis de esp\u00e9cies\u00a0end\u00eamicas\u00a0(aquelas que n\u00e3o vivem em nenhum outro lugar da Terra). Faz parte do\u00a0Hotspot de Biodiversidade\u00a0\u201cTumbes-Choc\u00f3-Magdalena\u201d , lar de in\u00fameras plantas, mam\u00edferos e aves end\u00e9micas (1,2), como o p\u00e1ssaro-guarda-chuva de barbela longa. \u00c9 tamb\u00e9m [&hellip;]<\/p>\n","protected":false},"author":4,"featured_media":0,"comment_status":"open","ping_status":"open","sticky":false,"template":"","format":"standard","meta":{"_acf_changed":false,"footnotes":""},"categories":[3],"tags":[],"ftr_agriculture":[364],"carbon-and-climate-change":[],"ftr_country":[485],"fire":[],"infrastructure-threat":[],"land-use":[458],"mining-and-logging-threat":[],"natural-forest-loss":[],"special-analysis":[],"class_list":["post-23069","post","type-post","status-publish","format-standard","hentry","category-nao-categorizado","ftr_agriculture-oleo-de-palma","ftr_country-equador","land-use-territorios-indigenas-pt-br"],"acf":[],"yoast_head":"<!-- This site is optimized with the Yoast SEO plugin v27.3 - https:\/\/yoast.com\/product\/yoast-seo-wordpress\/ -->\n<title>MAAP #102: Salvando o Choc\u00f3 Equatoriano - MAAP<\/title>\n<meta name=\"robots\" content=\"index, follow, max-snippet:-1, max-image-preview:large, max-video-preview:-1\" \/>\n<link rel=\"canonical\" href=\"https:\/\/www.maapprogram.org\/pt-br\/maap-102-portugues\/\" \/>\n<meta property=\"og:locale\" content=\"pt_BR\" \/>\n<meta property=\"og:type\" content=\"article\" \/>\n<meta property=\"og:title\" content=\"MAAP #102: Salvando o Choc\u00f3 Equatoriano - MAAP\" \/>\n<meta property=\"og:description\" content=\"O\u00a0Choc\u00f3 equatoriano\u00a0, localizado no outro lado (oeste) da Cordilheira dos Andes de seu vizinho amaz\u00f4nico, \u00e9 famoso por seus altos n\u00edveis de esp\u00e9cies\u00a0end\u00eamicas\u00a0(aquelas que n\u00e3o vivem em nenhum outro lugar da Terra). Faz parte do\u00a0Hotspot de Biodiversidade\u00a0\u201cTumbes-Choc\u00f3-Magdalena\u201d , lar de in\u00fameras plantas, mam\u00edferos e aves end\u00e9micas (1,2), como o p\u00e1ssaro-guarda-chuva de barbela longa. \u00c9 tamb\u00e9m [&hellip;]\" \/>\n<meta property=\"og:url\" content=\"https:\/\/www.maapprogram.org\/pt-br\/maap-102-portugues\/\" \/>\n<meta property=\"og:site_name\" content=\"MAAP\" \/>\n<meta property=\"article:published_time\" content=\"2019-07-03T13:31:00+00:00\" \/>\n<meta property=\"article:modified_time\" content=\"2024-09-26T18:39:41+00:00\" \/>\n<meta property=\"og:image\" content=\"https:\/\/www.maapprogram.org\/wp-content\/uploads\/2019\/06\/umbrella_-Stephen-Davies-Copy.jpg\" \/>\n<meta name=\"author\" content=\"MAAP Consultants\" \/>\n<meta name=\"twitter:card\" content=\"summary_large_image\" \/>\n<meta name=\"twitter:label1\" content=\"Escrito por\" \/>\n\t<meta name=\"twitter:data1\" content=\"MAAP Consultants\" \/>\n\t<meta name=\"twitter:label2\" content=\"Est. tempo de leitura\" \/>\n\t<meta name=\"twitter:data2\" content=\"5 minutos\" \/>\n<script type=\"application\/ld+json\" class=\"yoast-schema-graph\">{\"@context\":\"https:\\\/\\\/schema.org\",\"@graph\":[{\"@type\":\"Article\",\"@id\":\"https:\\\/\\\/www.maapprogram.org\\\/pt-br\\\/maap-102-portugues\\\/#article\",\"isPartOf\":{\"@id\":\"https:\\\/\\\/www.maapprogram.org\\\/pt-br\\\/maap-102-portugues\\\/\"},\"author\":{\"name\":\"MAAP Consultants\",\"@id\":\"https:\\\/\\\/www.maapprogram.org\\\/pt-br\\\/#\\\/schema\\\/person\\\/2f7133e3c0723ceecd6dabc9b4f198ce\"},\"headline\":\"MAAP #102: Salvando o Choc\u00f3 Equatoriano\",\"datePublished\":\"2019-07-03T13:31:00+00:00\",\"dateModified\":\"2024-09-26T18:39:41+00:00\",\"mainEntityOfPage\":{\"@id\":\"https:\\\/\\\/www.maapprogram.org\\\/pt-br\\\/maap-102-portugues\\\/\"},\"wordCount\":737,\"commentCount\":0,\"image\":{\"@id\":\"https:\\\/\\\/www.maapprogram.org\\\/pt-br\\\/maap-102-portugues\\\/#primaryimage\"},\"thumbnailUrl\":\"https:\\\/\\\/www.maapprogram.org\\\/wp-content\\\/uploads\\\/2019\\\/06\\\/umbrella_-Stephen-Davies-Copy.jpg\",\"articleSection\":[\"N\u00e3o categorizado\"],\"inLanguage\":\"pt-BR\",\"potentialAction\":[{\"@type\":\"CommentAction\",\"name\":\"Comment\",\"target\":[\"https:\\\/\\\/www.maapprogram.org\\\/pt-br\\\/maap-102-portugues\\\/#respond\"]}]},{\"@type\":\"WebPage\",\"@id\":\"https:\\\/\\\/www.maapprogram.org\\\/pt-br\\\/maap-102-portugues\\\/\",\"url\":\"https:\\\/\\\/www.maapprogram.org\\\/pt-br\\\/maap-102-portugues\\\/\",\"name\":\"MAAP #102: Salvando o Choc\u00f3 Equatoriano - MAAP\",\"isPartOf\":{\"@id\":\"https:\\\/\\\/www.maapprogram.org\\\/pt-br\\\/#website\"},\"primaryImageOfPage\":{\"@id\":\"https:\\\/\\\/www.maapprogram.org\\\/pt-br\\\/maap-102-portugues\\\/#primaryimage\"},\"image\":{\"@id\":\"https:\\\/\\\/www.maapprogram.org\\\/pt-br\\\/maap-102-portugues\\\/#primaryimage\"},\"thumbnailUrl\":\"https:\\\/\\\/www.maapprogram.org\\\/wp-content\\\/uploads\\\/2019\\\/06\\\/umbrella_-Stephen-Davies-Copy.jpg\",\"datePublished\":\"2019-07-03T13:31:00+00:00\",\"dateModified\":\"2024-09-26T18:39:41+00:00\",\"author\":{\"@id\":\"https:\\\/\\\/www.maapprogram.org\\\/pt-br\\\/#\\\/schema\\\/person\\\/2f7133e3c0723ceecd6dabc9b4f198ce\"},\"breadcrumb\":{\"@id\":\"https:\\\/\\\/www.maapprogram.org\\\/pt-br\\\/maap-102-portugues\\\/#breadcrumb\"},\"inLanguage\":\"pt-BR\",\"potentialAction\":[{\"@type\":\"ReadAction\",\"target\":[\"https:\\\/\\\/www.maapprogram.org\\\/pt-br\\\/maap-102-portugues\\\/\"]}]},{\"@type\":\"ImageObject\",\"inLanguage\":\"pt-BR\",\"@id\":\"https:\\\/\\\/www.maapprogram.org\\\/pt-br\\\/maap-102-portugues\\\/#primaryimage\",\"url\":\"https:\\\/\\\/www.maapprogram.org\\\/wp-content\\\/uploads\\\/2019\\\/06\\\/umbrella_-Stephen-Davies-Copy.jpg\",\"contentUrl\":\"https:\\\/\\\/www.maapprogram.org\\\/wp-content\\\/uploads\\\/2019\\\/06\\\/umbrella_-Stephen-Davies-Copy.jpg\"},{\"@type\":\"BreadcrumbList\",\"@id\":\"https:\\\/\\\/www.maapprogram.org\\\/pt-br\\\/maap-102-portugues\\\/#breadcrumb\",\"itemListElement\":[{\"@type\":\"ListItem\",\"position\":1,\"name\":\"Home\",\"item\":\"https:\\\/\\\/www.maapprogram.org\\\/pt-br\\\/\"},{\"@type\":\"ListItem\",\"position\":2,\"name\":\"MAAP #102: Salvando o Choc\u00f3 Equatoriano\"}]},{\"@type\":\"WebSite\",\"@id\":\"https:\\\/\\\/www.maapprogram.org\\\/pt-br\\\/#website\",\"url\":\"https:\\\/\\\/www.maapprogram.org\\\/pt-br\\\/\",\"name\":\"MAAP\",\"description\":\"\",\"potentialAction\":[{\"@type\":\"SearchAction\",\"target\":{\"@type\":\"EntryPoint\",\"urlTemplate\":\"https:\\\/\\\/www.maapprogram.org\\\/pt-br\\\/?s={search_term_string}\"},\"query-input\":{\"@type\":\"PropertyValueSpecification\",\"valueRequired\":true,\"valueName\":\"search_term_string\"}}],\"inLanguage\":\"pt-BR\"},{\"@type\":\"Person\",\"@id\":\"https:\\\/\\\/www.maapprogram.org\\\/pt-br\\\/#\\\/schema\\\/person\\\/2f7133e3c0723ceecd6dabc9b4f198ce\",\"name\":\"MAAP Consultants\",\"image\":{\"@type\":\"ImageObject\",\"inLanguage\":\"pt-BR\",\"@id\":\"https:\\\/\\\/secure.gravatar.com\\\/avatar\\\/5889bd7805b73b186236cf81236e7511b08707f4115893e4569c33d93f127911?s=96&d=mm&r=g\",\"url\":\"https:\\\/\\\/secure.gravatar.com\\\/avatar\\\/5889bd7805b73b186236cf81236e7511b08707f4115893e4569c33d93f127911?s=96&d=mm&r=g\",\"contentUrl\":\"https:\\\/\\\/secure.gravatar.com\\\/avatar\\\/5889bd7805b73b186236cf81236e7511b08707f4115893e4569c33d93f127911?s=96&d=mm&r=g\",\"caption\":\"MAAP Consultants\"},\"url\":\"https:\\\/\\\/www.maapprogram.org\\\/pt-br\\\/author\\\/maapconsultants\\\/\"}]}<\/script>\n<!-- \/ Yoast SEO plugin. -->","yoast_head_json":{"title":"MAAP #102: Salvando o Choc\u00f3 Equatoriano - MAAP","robots":{"index":"index","follow":"follow","max-snippet":"max-snippet:-1","max-image-preview":"max-image-preview:large","max-video-preview":"max-video-preview:-1"},"canonical":"https:\/\/www.maapprogram.org\/pt-br\/maap-102-portugues\/","og_locale":"pt_BR","og_type":"article","og_title":"MAAP #102: Salvando o Choc\u00f3 Equatoriano - MAAP","og_description":"O\u00a0Choc\u00f3 equatoriano\u00a0, localizado no outro lado (oeste) da Cordilheira dos Andes de seu vizinho amaz\u00f4nico, \u00e9 famoso por seus altos n\u00edveis de esp\u00e9cies\u00a0end\u00eamicas\u00a0(aquelas que n\u00e3o vivem em nenhum outro lugar da Terra). Faz parte do\u00a0Hotspot de Biodiversidade\u00a0\u201cTumbes-Choc\u00f3-Magdalena\u201d , lar de in\u00fameras plantas, mam\u00edferos e aves end\u00e9micas (1,2), como o p\u00e1ssaro-guarda-chuva de barbela longa. \u00c9 tamb\u00e9m [&hellip;]","og_url":"https:\/\/www.maapprogram.org\/pt-br\/maap-102-portugues\/","og_site_name":"MAAP","article_published_time":"2019-07-03T13:31:00+00:00","article_modified_time":"2024-09-26T18:39:41+00:00","og_image":[{"url":"https:\/\/www.maapprogram.org\/wp-content\/uploads\/2019\/06\/umbrella_-Stephen-Davies-Copy.jpg","type":"","width":"","height":""}],"author":"MAAP Consultants","twitter_card":"summary_large_image","twitter_misc":{"Escrito por":"MAAP Consultants","Est. tempo de leitura":"5 minutos"},"schema":{"@context":"https:\/\/schema.org","@graph":[{"@type":"Article","@id":"https:\/\/www.maapprogram.org\/pt-br\/maap-102-portugues\/#article","isPartOf":{"@id":"https:\/\/www.maapprogram.org\/pt-br\/maap-102-portugues\/"},"author":{"name":"MAAP Consultants","@id":"https:\/\/www.maapprogram.org\/pt-br\/#\/schema\/person\/2f7133e3c0723ceecd6dabc9b4f198ce"},"headline":"MAAP #102: Salvando o Choc\u00f3 Equatoriano","datePublished":"2019-07-03T13:31:00+00:00","dateModified":"2024-09-26T18:39:41+00:00","mainEntityOfPage":{"@id":"https:\/\/www.maapprogram.org\/pt-br\/maap-102-portugues\/"},"wordCount":737,"commentCount":0,"image":{"@id":"https:\/\/www.maapprogram.org\/pt-br\/maap-102-portugues\/#primaryimage"},"thumbnailUrl":"https:\/\/www.maapprogram.org\/wp-content\/uploads\/2019\/06\/umbrella_-Stephen-Davies-Copy.jpg","articleSection":["N\u00e3o categorizado"],"inLanguage":"pt-BR","potentialAction":[{"@type":"CommentAction","name":"Comment","target":["https:\/\/www.maapprogram.org\/pt-br\/maap-102-portugues\/#respond"]}]},{"@type":"WebPage","@id":"https:\/\/www.maapprogram.org\/pt-br\/maap-102-portugues\/","url":"https:\/\/www.maapprogram.org\/pt-br\/maap-102-portugues\/","name":"MAAP #102: Salvando o Choc\u00f3 Equatoriano - MAAP","isPartOf":{"@id":"https:\/\/www.maapprogram.org\/pt-br\/#website"},"primaryImageOfPage":{"@id":"https:\/\/www.maapprogram.org\/pt-br\/maap-102-portugues\/#primaryimage"},"image":{"@id":"https:\/\/www.maapprogram.org\/pt-br\/maap-102-portugues\/#primaryimage"},"thumbnailUrl":"https:\/\/www.maapprogram.org\/wp-content\/uploads\/2019\/06\/umbrella_-Stephen-Davies-Copy.jpg","datePublished":"2019-07-03T13:31:00+00:00","dateModified":"2024-09-26T18:39:41+00:00","author":{"@id":"https:\/\/www.maapprogram.org\/pt-br\/#\/schema\/person\/2f7133e3c0723ceecd6dabc9b4f198ce"},"breadcrumb":{"@id":"https:\/\/www.maapprogram.org\/pt-br\/maap-102-portugues\/#breadcrumb"},"inLanguage":"pt-BR","potentialAction":[{"@type":"ReadAction","target":["https:\/\/www.maapprogram.org\/pt-br\/maap-102-portugues\/"]}]},{"@type":"ImageObject","inLanguage":"pt-BR","@id":"https:\/\/www.maapprogram.org\/pt-br\/maap-102-portugues\/#primaryimage","url":"https:\/\/www.maapprogram.org\/wp-content\/uploads\/2019\/06\/umbrella_-Stephen-Davies-Copy.jpg","contentUrl":"https:\/\/www.maapprogram.org\/wp-content\/uploads\/2019\/06\/umbrella_-Stephen-Davies-Copy.jpg"},{"@type":"BreadcrumbList","@id":"https:\/\/www.maapprogram.org\/pt-br\/maap-102-portugues\/#breadcrumb","itemListElement":[{"@type":"ListItem","position":1,"name":"Home","item":"https:\/\/www.maapprogram.org\/pt-br\/"},{"@type":"ListItem","position":2,"name":"MAAP #102: Salvando o Choc\u00f3 Equatoriano"}]},{"@type":"WebSite","@id":"https:\/\/www.maapprogram.org\/pt-br\/#website","url":"https:\/\/www.maapprogram.org\/pt-br\/","name":"MAAP","description":"","potentialAction":[{"@type":"SearchAction","target":{"@type":"EntryPoint","urlTemplate":"https:\/\/www.maapprogram.org\/pt-br\/?s={search_term_string}"},"query-input":{"@type":"PropertyValueSpecification","valueRequired":true,"valueName":"search_term_string"}}],"inLanguage":"pt-BR"},{"@type":"Person","@id":"https:\/\/www.maapprogram.org\/pt-br\/#\/schema\/person\/2f7133e3c0723ceecd6dabc9b4f198ce","name":"MAAP Consultants","image":{"@type":"ImageObject","inLanguage":"pt-BR","@id":"https:\/\/secure.gravatar.com\/avatar\/5889bd7805b73b186236cf81236e7511b08707f4115893e4569c33d93f127911?s=96&d=mm&r=g","url":"https:\/\/secure.gravatar.com\/avatar\/5889bd7805b73b186236cf81236e7511b08707f4115893e4569c33d93f127911?s=96&d=mm&r=g","contentUrl":"https:\/\/secure.gravatar.com\/avatar\/5889bd7805b73b186236cf81236e7511b08707f4115893e4569c33d93f127911?s=96&d=mm&r=g","caption":"MAAP Consultants"},"url":"https:\/\/www.maapprogram.org\/pt-br\/author\/maapconsultants\/"}]}},"_links":{"self":[{"href":"https:\/\/www.maapprogram.org\/pt-br\/wp-json\/wp\/v2\/posts\/23069","targetHints":{"allow":["GET"]}}],"collection":[{"href":"https:\/\/www.maapprogram.org\/pt-br\/wp-json\/wp\/v2\/posts"}],"about":[{"href":"https:\/\/www.maapprogram.org\/pt-br\/wp-json\/wp\/v2\/types\/post"}],"author":[{"embeddable":true,"href":"https:\/\/www.maapprogram.org\/pt-br\/wp-json\/wp\/v2\/users\/4"}],"replies":[{"embeddable":true,"href":"https:\/\/www.maapprogram.org\/pt-br\/wp-json\/wp\/v2\/comments?post=23069"}],"version-history":[{"count":2,"href":"https:\/\/www.maapprogram.org\/pt-br\/wp-json\/wp\/v2\/posts\/23069\/revisions"}],"predecessor-version":[{"id":23072,"href":"https:\/\/www.maapprogram.org\/pt-br\/wp-json\/wp\/v2\/posts\/23069\/revisions\/23072"}],"wp:attachment":[{"href":"https:\/\/www.maapprogram.org\/pt-br\/wp-json\/wp\/v2\/media?parent=23069"}],"wp:term":[{"taxonomy":"category","embeddable":true,"href":"https:\/\/www.maapprogram.org\/pt-br\/wp-json\/wp\/v2\/categories?post=23069"},{"taxonomy":"post_tag","embeddable":true,"href":"https:\/\/www.maapprogram.org\/pt-br\/wp-json\/wp\/v2\/tags?post=23069"},{"taxonomy":"ftr_agriculture","embeddable":true,"href":"https:\/\/www.maapprogram.org\/pt-br\/wp-json\/wp\/v2\/ftr_agriculture?post=23069"},{"taxonomy":"carbon-and-climate-change","embeddable":true,"href":"https:\/\/www.maapprogram.org\/pt-br\/wp-json\/wp\/v2\/carbon-and-climate-change?post=23069"},{"taxonomy":"ftr_country","embeddable":true,"href":"https:\/\/www.maapprogram.org\/pt-br\/wp-json\/wp\/v2\/ftr_country?post=23069"},{"taxonomy":"fire","embeddable":true,"href":"https:\/\/www.maapprogram.org\/pt-br\/wp-json\/wp\/v2\/fire?post=23069"},{"taxonomy":"infrastructure-threat","embeddable":true,"href":"https:\/\/www.maapprogram.org\/pt-br\/wp-json\/wp\/v2\/infrastructure-threat?post=23069"},{"taxonomy":"land-use","embeddable":true,"href":"https:\/\/www.maapprogram.org\/pt-br\/wp-json\/wp\/v2\/land-use?post=23069"},{"taxonomy":"mining-and-logging-threat","embeddable":true,"href":"https:\/\/www.maapprogram.org\/pt-br\/wp-json\/wp\/v2\/mining-and-logging-threat?post=23069"},{"taxonomy":"natural-forest-loss","embeddable":true,"href":"https:\/\/www.maapprogram.org\/pt-br\/wp-json\/wp\/v2\/natural-forest-loss?post=23069"},{"taxonomy":"special-analysis","embeddable":true,"href":"https:\/\/www.maapprogram.org\/pt-br\/wp-json\/wp\/v2\/special-analysis?post=23069"}],"curies":[{"name":"wp","href":"https:\/\/api.w.org\/{rel}","templated":true}]}}