{"id":23075,"date":"2019-05-02T14:19:00","date_gmt":"2019-05-02T14:19:00","guid":{"rendered":"https:\/\/www.maapprogram.org\/?p=23075"},"modified":"2024-09-26T18:20:51","modified_gmt":"2024-09-26T18:20:51","slug":"maap-100-portugues","status":"publish","type":"post","link":"https:\/\/www.maapprogram.org\/pt-br\/maap-100-portugues\/","title":{"rendered":"MAAP #100: Amaz\u00f4nia Ocidental \u2013 Pontos cr\u00edticos de desmatamento 2018 (uma perspectiva regional)"},"content":{"rendered":"<div id=\"attachment_8125\" class=\"thumbnail alignright\"><a href=\"https:\/\/www.maapprogram.org\/wp-content\/uploads\/2019\/04\/00-BaseMap_WesternAmz_400dpi_Eng.jpg\"><img decoding=\"async\" class=\"wp-image-8125 size-medium\" src=\"https:\/\/www.maapprogram.org\/wp-content\/uploads\/2019\/04\/00-BaseMap_WesternAmz_400dpi_Eng-458x580.jpg\" alt=\"\" width=\"458\" height=\"580\" \/><\/a><div class=\"caption\"><i><span style=\"font-weight: 400;\">Mapa Base. Pontos cr\u00edticos de desmatamento na Amaz\u00f4nia ocidental. Dados: Hansen\/UMD\/Google\/USGS\/NASA, GFW, SERNANP, SNAP, SINAP, SERNAP, RAISG<\/span><\/i><\/div><\/div>\n<p><span style=\"font-weight: 400;\">No 100\u00ba relat\u00f3rio do MAAP, apresentamos nossa primeira an\u00e1lise em larga escala <\/span><b>da Amaz\u00f4nia Ocidental<\/b><span style=\"font-weight: 400;\"> : Col\u00f4mbia, Peru, Equador, Bol\u00edvia e oeste do Brasil (ver Mapa Base).<\/span><\/p>\n<p><span style=\"font-weight: 400;\">Usamos os novos dados <\/span><b>de 2018<\/b><span style=\"font-weight: 400;\"> sobre perda de cobertura florestal, gerados pela\u00a0 <\/span><a href=\"http:\/\/earthenginepartners.appspot.com\/google.com\/science-2013-global-forest\"><span style=\"font-weight: 400;\">Universidade de Maryland<\/span><\/a><span style=\"font-weight: 400;\"> (Hansen et al 2013) e apresentados pelo <\/span><a href=\"http:\/\/bit.ly\/2GMzRl3\"><span style=\"font-weight: 400;\">Global Forest Watch<\/span><\/a><span style=\"font-weight: 400;\"> .<\/span><\/p>\n<p><span style=\"font-weight: 400;\">Esses dados indicam\u00a0 perda de <\/span><b>2,5 milh\u00f5es de acres<\/b><span style=\"font-weight: 400;\">\u00a0 de\u00a0 <\/span><b>cobertura florestal<\/b><span style=\"font-weight: 400;\">\u00a0 na Amaz\u00f4nia Ocidental em 2018.*<\/span><\/p>\n<p><span style=\"font-weight: 400;\">Realizamos uma an\u00e1lise adicional que indica que, desse total, <\/span><b>1,9 milh\u00e3o de acres<\/b><span style=\"font-weight: 400;\">\u00a0 eram\u00a0 <\/span><b>de floresta prim\u00e1ria<\/b><span style=\"font-weight: 400;\"> .*<\/span><\/p>\n<p><span style=\"font-weight: 400;\">Para identificar\u00a0 <\/span><b>pontos cr\u00edticos de desmatamento<\/b><span style=\"font-weight: 400;\">\u00a0 de forma consistente nesta vasta paisagem, conduzimos uma an\u00e1lise de densidade de kernel (consulte Metodologia).<\/span><\/p>\n<p><span style=\"font-weight: 400;\">O <\/span><b>Mapa Base<\/b><span style=\"font-weight: 400;\"> mostra os pontos cr\u00edticos em amarelo, <\/span><b>laranja<\/b><span style=\"font-weight: 400;\">\u00a0 e\u00a0 <\/span><b>vermelho<\/b><span style=\"font-weight: 400;\"> , indicando \u00e1reas com concentra\u00e7\u00f5es m\u00e9dias, altas e muito altas de perda florestal, respectivamente.<\/span><\/p>\n<p><span style=\"font-weight: 400;\">Em seguida, focamos em cinco zonas de interesse ( <\/span><b>Zooms AE<\/b><span style=\"font-weight: 400;\"> ) na Col\u00f4mbia, Brasil, Bol\u00edvia e Peru. Para todas as imagens, <\/span><i><span style=\"font-weight: 400;\">clique para ampliar<\/span><\/i><span style=\"font-weight: 400;\"> .<\/span><\/p>\n<p><span style=\"font-weight: 400;\">* <\/span><b>Perda de Cobertura Florestal<\/b><span style=\"font-weight: 400;\"> : 5 acres por minuto. Quase metade (49%) ocorreu no Brasil, seguido por Peru (20%), Col\u00f4mbia (20%), Bol\u00edvia (8%) e Equador (3%). veja Anexo.<\/span><\/p>\n<p><span style=\"font-weight: 400;\">** <\/span><b>Perda de Floresta Prim\u00e1ria<\/b><span style=\"font-weight: 400;\"> : 3,5 acres por minuto. Mais da metade (53%) ocorreu no Brasil, seguido pelo Peru (20%), Col\u00f4mbia (18%), Bol\u00edvia (7%) e Equador (2%). veja Anexo.<\/span><\/p>\n<div class=\"fitem-sep\"><\/div>\n<h3><b>Col\u00f4mbia<\/b><\/h3>\n<p><span style=\"font-weight: 400;\">A maior concentra\u00e7\u00e3o de perda florestal em 2018 est\u00e1 no nordeste <\/span><b>da Amaz\u00f4nia colombiana<\/b><span style=\"font-weight: 400;\"> (494.000 acres). Desse total, 11% (56.800 acres) ocorreram em parques nacionais. Especialistas nacionais indicam que a <\/span><b>grilagem de terras<\/b><span style=\"font-weight: 400;\"> surgiu como um dos principais impulsionadores diretos do desmatamento (Arenas 2018). Veja <\/span><a href=\"https:\/\/www.maapprogram.org\/2019\/colombia-2018-esp\/\"><span style=\"font-weight: 400;\">MAAP #97<\/span><\/a><span style=\"font-weight: 400;\"> para mais informa\u00e7\u00f5es.<\/span><\/p>\n<p><b>O zoom A<\/b><span style=\"font-weight: 400;\"> mostra a perda florestal se expandindo em dire\u00e7\u00e3o ao oeste <\/span><b>do Parque Nacional de Chiribiquete<\/b><span style=\"font-weight: 400;\"> , incluindo um desmatamento significativo nesta \u00e1rea protegida durante 2018.<\/span><\/p>\n<p><b>O Zoom B<\/b><span style=\"font-weight: 400;\"> mostra o extenso desmatamento de 2018 (30.000 acres) dentro <\/span><b>do Parque Nacional Tinigua<\/b><span style=\"font-weight: 400;\"> . Uma <\/span><a href=\"https:\/\/sostenibilidad.semana.com\/amp\/parques-nacionales-denuncia-que-empresas-lacteas-son-laxas-con-deforestacion-del-parque-tinigua\/43971?__twitter_impression=true\"><span style=\"font-weight: 400;\">not\u00edcia recente<\/span><\/a><span style=\"font-weight: 400;\"> indica que a pecu\u00e1ria \u00e9 um dos fatores relacionados a esse desmatamento.<\/span><\/p>\n<div id=\"attachment_8126\" class=\"thumbnail aligncenter\"><a href=\"https:\/\/www.maapprogram.org\/wp-content\/uploads\/2019\/04\/A-MapPanel_Colombia_LlanosdeYari2018_250dpi_Eng.jpg\"><img decoding=\"async\" class=\"wp-image-8126 size-full\" src=\"https:\/\/www.maapprogram.org\/wp-content\/uploads\/2019\/04\/A-MapPanel_Colombia_LlanosdeYari2018_250dpi_Eng.jpg\" alt=\"\" width=\"4576\" height=\"1875\" \/><\/a><div class=\"caption\"><i><span style=\"font-weight: 400;\">Zoom A. Col\u00f4mbia-Chiribiquete. Dados: Hansen\/UMD\/Google\/USGS\/NASA, SINAP, Planet, ESA<\/span><\/i><\/div><\/div>\n<div id=\"attachment_8131\" class=\"thumbnail aligncenter\"><a href=\"https:\/\/www.maapprogram.org\/wp-content\/uploads\/2019\/04\/B-MapPanel_Colombia_PNNTinigua2018_250dpi_Eng.jpg\"><img decoding=\"async\" class=\"wp-image-8131 size-full\" src=\"https:\/\/www.maapprogram.org\/wp-content\/uploads\/2019\/04\/B-MapPanel_Colombia_PNNTinigua2018_250dpi_Eng.jpg\" alt=\"\" width=\"4576\" height=\"1875\" \/><\/a><div class=\"caption\"><i><span style=\"font-weight: 400;\">Zoom B. Col\u00f4mbia \u2013 Tinigua. Dados: Hansen\/UMD\/Google\/USGS\/NASA, SINAP, Planetas, ESA<\/span><\/i><\/div><\/div>\n<div class=\"fitem-sep\"><\/div>\n<h3><b>Brasil (fronteira com a Bol\u00edvia)<\/b><\/h3>\n<h3><span style=\"font-weight: 400;\">Outro resultado importante \u00e9 o contraste entre o norte da Bol\u00edvia (departamento de Pando) e o lado adjacente do Brasil (estados do Acre, Amazonas e Rond\u00f4nia). <\/span><b>O Zoom C<\/b><span style=\"font-weight: 400;\"> mostra v\u00e1rios hotspots de desmatamento no lado brasileiro, enquanto o lado boliviano est\u00e1 muito mais intacto.<\/span><\/h3>\n<div id=\"attachment_8127\" class=\"thumbnail aligncenter\"><a href=\"https:\/\/www.maapprogram.org\/wp-content\/uploads\/2019\/04\/C-MapPanel_Brasil_SurAmazonas2018_250dpi_Eng.jpg\"><img decoding=\"async\" class=\"wp-image-8127 size-full\" src=\"https:\/\/www.maapprogram.org\/wp-content\/uploads\/2019\/04\/C-MapPanel_Brasil_SurAmazonas2018_250dpi_Eng.jpg\" alt=\"\" width=\"4576\" height=\"1875\" \/><\/a><div class=\"caption\"><i><span style=\"font-weight: 400;\">Zoom C. Brasil, fronteira com Bol\u00edvia. Dados: Hansen\/UMD\/Google\/USGS\/NASA, ESA, RAISG<\/span><\/i><\/div><\/div>\n<div class=\"fitem-sep\"><\/div>\n<h3><b>Bol\u00edvia<\/b><\/h3>\n<h3><span style=\"font-weight: 400;\">Na Bol\u00edvia, os principais pontos cr\u00edticos de perda florestal est\u00e3o mais ao sul. <\/span><b>O Zoom D<\/b><span style=\"font-weight: 400;\"> mostra o desmatamento recente (5.000 acres em 2018) devido \u00e0 atividade agr\u00edcola associada a um dos primeiros grandes <\/span><b>assentamentos menonitas<\/b><span style=\"font-weight: 400;\"> no departamento de Beni (Kopp 2015). Os outros assentamentos menonitas est\u00e3o localizados mais ao sul.<\/span><\/h3>\n<div id=\"attachment_8128\" class=\"thumbnail aligncenter\"><a href=\"https:\/\/www.maapprogram.org\/wp-content\/uploads\/2019\/04\/D-MapPanel_Bolivia_Menonitas2018_250dpi_Eng.jpg\"><img decoding=\"async\" class=\"wp-image-8128 size-full\" src=\"https:\/\/www.maapprogram.org\/wp-content\/uploads\/2019\/04\/D-MapPanel_Bolivia_Menonitas2018_250dpi_Eng.jpg\" alt=\"\" width=\"4576\" height=\"1875\" \/><\/a><div class=\"caption\"><i><span style=\"font-weight: 400;\">Zoom D. Bol\u00edvia, assentamento menonita de Black River. Dados: Hansen\/UMD\/Google\/USGS\/NASA, SERNAP, Planet<\/span><\/i><\/div><\/div>\n<div class=\"fitem-sep\"><\/div>\n<h3><b>Peru<\/b><\/h3>\n<p><span style=\"font-weight: 400;\">Os dados de Hansen indicam mais de 200.000 acres de perda florestal durante 2018 na Amaz\u00f4nia peruana. Um dos mais importantes impulsionadores do desmatamento, especialmente no sul do Peru, \u00e9 a <\/span><b>minera\u00e7\u00e3o de ouro<\/b><span style=\"font-weight: 400;\"> . Estimamos 23.000 acres de desmatamento para minera\u00e7\u00e3o de ouro durante 2018 na Amaz\u00f4nia peruana do sul (veja <\/span><a href=\"https:\/\/www.maapprogram.org\/2019\/peru-mineria-2018\/\"><span style=\"font-weight: 400;\">MAAP #96<\/span><\/a><span style=\"font-weight: 400;\"> ).<\/span><\/p>\n<p><b>O Zoom E<\/b><span style=\"font-weight: 400;\"> mostra o caso mais emblem\u00e1tico de desmatamento por minera\u00e7\u00e3o de ouro: a \u00e1rea conhecida como La Pampa.<\/span><\/p>\n<p><span style=\"font-weight: 400;\">\u00c9 importante ressaltar, no entanto, que em fevereiro de 2019 o governo peruano lan\u00e7ou a \u201c <\/span><a href=\"https:\/\/www.cnbc.com\/2019\/02\/19\/reuters-america-peru-launches-sustained-crack-down-on-illegal-mining-in-amazon.html\"><b>Opera\u00e7\u00e3o Merc\u00fario 2019<\/b><\/a><span style=\"font-weight: 400;\"> \u201d, uma megaopera\u00e7\u00e3o multissetorial e abrangente que visa erradicar a minera\u00e7\u00e3o ilegal e a criminalidade associada em La Pampa, bem como promover o desenvolvimento na regi\u00e3o.<\/span><\/p>\n<div id=\"attachment_8129\" class=\"thumbnail aligncenter\"><a href=\"https:\/\/www.maapprogram.org\/wp-content\/uploads\/2019\/04\/E-MapPanel_LaPampa2018_250dpi_Eng.jpg\"><img decoding=\"async\" class=\"wp-image-8129 size-full\" src=\"https:\/\/www.maapprogram.org\/wp-content\/uploads\/2019\/04\/E-MapPanel_LaPampa2018_250dpi_Eng.jpg\" alt=\"\" width=\"4576\" height=\"1875\" \/><\/a><div class=\"caption\"><i><span style=\"font-weight: 400;\">Zoom D. Peru \u2013 La Pampa. Dados: Hansen\/UMD\/Google\/USGS\/NASA, SERNAP, Planet<\/span><\/i><\/div><\/div>\n<div class=\"fitem-sep\"><\/div>\n<h3><strong>Annex<\/strong><\/h3>\n<div id=\"attachment_8130\" class=\"thumbnail aligncenter\"><a href=\"https:\/\/www.maapprogram.org\/wp-content\/uploads\/2019\/04\/Loss2018_PrimaryForest-ForestCover_WesternAmz_English_v2.jpg\"><img decoding=\"async\" class=\"wp-image-8130 size-medium\" src=\"https:\/\/www.maapprogram.org\/wp-content\/uploads\/2019\/04\/Loss2018_PrimaryForest-ForestCover_WesternAmz_English_v2-798x580.jpg\" alt=\"\" width=\"798\" height=\"580\" \/><\/a><div class=\"caption\"><i><span style=\"font-weight: 400;\">Anexo. Cobertura florestal e perda de floresta prim\u00e1ria na Amaz\u00f4nia ocidental. Dados: Hansen\/UMD\/Google\/USGS\/NASA, Global Forest Watch.<\/span><\/i><\/div><\/div>\n<div class=\"fitem-sep\"><\/div>\n<h3><b>M\u00e9todos<\/b><\/h3>\n<p><span style=\"font-weight: 400;\">Os dados de perda florestal de 2018 apresentados neste relat\u00f3rio foram gerados pelo laborat\u00f3rio <\/span><a href=\"https:\/\/glad.umd.edu\/\"><span style=\"font-weight: 400;\">Global Land Analysis and Discovery<\/span><\/a><span style=\"font-weight: 400;\"> (GLAD) da Universidade de Maryland (Hansen et al 2013) e apresentados pelo <\/span><a href=\"http:\/\/bit.ly\/2GMzRl3\"><span style=\"font-weight: 400;\">Global Forest Watch<\/span><\/a><span style=\"font-weight: 400;\"> . Nossa \u00e1rea de estudo \u00e9 estritamente o que \u00e9 apresentado no Mapa Base: as \u00e1reas dentro do limite biogeogr\u00e1fico amaz\u00f4nico da Amaz\u00f4nia ocidental.<\/span><\/p>\n<p><span style=\"font-weight: 400;\">Especificamente, para nossa estimativa de perda de cobertura florestal, multiplicamos os dados anuais de \u201cperda de cobertura florestal\u201d pela porcentagem de densidade da \u201ccobertura de \u00e1rvores\u201d do ano 2000 (valores &gt;30%).<\/span><\/p>\n<p><span style=\"font-weight: 400;\">Para nossa estimativa de perda de floresta prim\u00e1ria, cruzamos os dados de perda de cobertura florestal com o conjunto de dados adicional \u201cflorestas tropicais \u00famidas prim\u00e1rias\u201d de 2001 (Turubanova et al 2018). Para mais detalhes sobre esta parte da metodologia, veja o <\/span><a href=\"https:\/\/blog.globalforestwatch.org\/data-and-research\/technical-blog:-global-forest-watch's-2018-data-update-explained\"><span style=\"font-weight: 400;\">Technical Blog<\/span><\/a><span style=\"font-weight: 400;\"> do Global Forest Watch (Goldman e Weisse 2019).<\/span><\/p>\n<p><span style=\"font-weight: 400;\">Todos os dados foram processados \u200b\u200bno sistema de coordenadas geogr\u00e1ficas WGS 1984. Para o c\u00e1lculo das \u00e1reas em unidades m\u00e9tricas foi utilizada a proje\u00e7\u00e3o UTM (Universal Transversal Mercator): Peru e Equador 18 Sul, Col\u00f4mbia 18 Norte, Oeste do Brasil 19 Sul e Bol\u00edvia 20 Sul.<\/span><\/p>\n<p><span style=\"font-weight: 400;\">Por fim, para identificar os hotspots de desmatamento, conduzimos uma estimativa de densidade kernel. Esse tipo de an\u00e1lise calcula a magnitude por unidade de \u00e1rea de um fen\u00f4meno espec\u00edfico, neste caso, a perda de cobertura florestal. Conduzimos essa an\u00e1lise usando a ferramenta Kernel Density do Spatial Analyst Tool Box do ArcGIS. Usamos os seguintes par\u00e2metros:<\/span><\/p>\n<p><span style=\"font-weight: 400;\">Raio de busca: 15.000 unidades de camada (metros)<\/span><span style=\"font-weight: 400;\"><br \/>\n<\/span><span style=\"font-weight: 400;\">Fun\u00e7\u00e3o de densidade do kernel: Fun\u00e7\u00e3o do kernel qu\u00e1rtico<\/span><span style=\"font-weight: 400;\"><br \/>\n<\/span><span style=\"font-weight: 400;\">Tamanho da c\u00e9lula no mapa: 200 x 200 metros (4 hectares)<\/span><span style=\"font-weight: 400;\"><br \/>\n<\/span><span style=\"font-weight: 400;\">Todo o resto foi deixado na configura\u00e7\u00e3o padr\u00e3o.<\/span><\/p>\n<p><span style=\"font-weight: 400;\">Para o Mapa Base, usamos os seguintes percentuais de concentra\u00e7\u00e3o: M\u00e9dio: 10%-20%; Alto: 21%-35%; Muito Alto: &gt;35%.<\/span><\/p>\n<div class=\"fitem-sep\"><\/div>\n<h3><b>Refer\u00eancias<\/b><\/h3>\n<p><span style=\"font-weight: 400;\">Arenas M (2018) Grilagem de terras: a heran\u00e7a recebida pelo novo governo da Col\u00f4mbia. Mongabay, 2 de agosto de 2018. h <\/span><a href=\"https:\/\/es.mongabay.com\/2018\/08\/acaparamiento-de-tierras-colombia-estrategias-gobierno\/\"><span style=\"font-weight: 400;\">ttps:\/\/es.mongabay.com\/2018\/08\/acaparamiento-de-tierras-colombia-estrategias-gobierno\/<\/span><\/a><\/p>\n<p><span style=\"font-weight: 400;\">Goldman L, Weisse M (2019) Blog t\u00e9cnico: Explica\u00e7\u00e3o da atualiza\u00e7\u00e3o de dados de 2018 do Global Forest Watch.\u00a0 <\/span><a href=\"https:\/\/blog.globalforestwatch.org\/data-and-research\/blog-tecnico-explicacion-de-la-actualizacion-de-datos-de-2018-de-global-forest-watch\"><span style=\"font-weight: 400;\">https:\/\/blog.globalforestwatch.org\/data-and-research\/blog-tecnico-explicacion-de-la-actualizacion-de-datos-de-2018-de-global-forest-watch<\/span><\/a><\/p>\n<p><span style=\"font-weight: 400;\">Hansen, MC, PV Potapov, R. Moore, M. Hancher, SA Turubanova, A. Tyukavina, D. Thau, SV Stehman, SJ Goetz, TR Loveland, A. Kommareddy, A. Egorov, L. Chini, CO Justice e JRG Townshend. 2013. \u201cMapas globais de alta resolu\u00e7\u00e3o da mudan\u00e7a da cobertura florestal do s\u00e9culo XXI.\u201d Science 342 (15 de novembro): 850\u201353. Dados dispon\u00edveis on-line em: <\/span><a href=\"http:\/\/earthenginepartners.appspot.com\/science-2013-global-forest\"><span style=\"font-weight: 400;\">http:\/\/earthenginepartners.appspot.com\/science-2013-global-forest<\/span><\/a><span style=\"font-weight: 400;\"> .<\/span><\/p>\n<p><span style=\"font-weight: 400;\">Kopp Ad (2015)\u00a0 <\/span><a href=\"http:\/\/www.ftierra.org\/index.php?option=com_mtree&amp;task=att_download&amp;link_id=147&amp;cf_id=43\"><span style=\"font-weight: 400;\">As col\u00f4nias menonitas na Bol\u00edvia<\/span><\/a><span style=\"font-weight: 400;\"> . Terra.\u00a0 <\/span><a href=\"http:\/\/www.ftierra.org\/index.php\/publicacion\/libro\/147-las-colonias-menonitas-en-bolivia\"><span style=\"font-weight: 400;\">http:\/\/www.ftierra.org\/index.php\/publicacion\/libro\/147-las-colonias-menonitas-en-bolivia<\/span><\/a><\/p>\n<p><span style=\"font-weight: 400;\">Planet Team (2017). Planet Application Program Interface: No espa\u00e7o para a vida na Terra. S\u00e3o Francisco, CA.\u00a0 <\/span><a href=\"https:\/\/api.planet.com\/\"><span style=\"font-weight: 400;\">https:\/\/api.planet.com<\/span><\/a><\/p>\n<p><span style=\"font-weight: 400;\">Turubanova S., Potapov P., Tyukavina, A., e Hansen M. (2018) Perda cont\u00ednua de florestas prim\u00e1rias no Brasil, Rep\u00fablica Democr\u00e1tica do Congo e Indon\u00e9sia.\u00a0 <\/span><i><span style=\"font-weight: 400;\">Environmental Research Letters\u00a0 <\/span><\/i><span style=\"font-weight: 400;\">\u00a0<\/span><a href=\"https:\/\/doi.org\/10.1088\/1748-9326\/aacd1c\"><span style=\"font-weight: 400;\">https:\/\/doi.org\/10.1088\/1748-9326\/aacd1c\u00a0<\/span><\/a><\/p>\n<h3><span style=\"font-size: 16px;\"><div class=\"fitem-sep\"><\/div><\/span><\/h3>\n<h3><b>Agradecimentos<\/b><\/h3>\n<p><span style=\"font-weight: 400;\">Agradecemos a M. Ter\u00e1n (ACEAA), M. Weisse (GFW\/WRI), A. Thieme (UMD), R. Catpo (ACCA) e A. C\u00f3ndor (ACCA) pelos coment\u00e1rios \u00fateis a este relat\u00f3rio.<\/span><\/p>\n<div class=\"fitem-sep\"><\/div>\n<h3><b>Cita\u00e7\u00e3o<\/b><\/h3>\n<p><span style=\"font-weight: 400;\">Finer M, Mamani N (2019) Amaz\u00f4nia Ocidental \u2013 Pontos cr\u00edticos de desmatamento 2018 (uma perspectiva regional). MAAP: 100.<\/span><\/p>\n<div class=\"fitem-sep\"><\/div>\n","protected":false},"excerpt":{"rendered":"<p>No 100\u00ba relat\u00f3rio do MAAP, apresentamos nossa primeira an\u00e1lise em larga escala da Amaz\u00f4nia Ocidental : Col\u00f4mbia, Peru, Equador, Bol\u00edvia e oeste do Brasil (ver Mapa Base). Usamos os novos dados de 2018 sobre perda de cobertura florestal, gerados pela\u00a0 Universidade de Maryland (Hansen et al 2013) e apresentados pelo Global Forest Watch . Esses [&hellip;]<\/p>\n","protected":false},"author":4,"featured_media":0,"comment_status":"open","ping_status":"open","sticky":false,"template":"","format":"standard","meta":{"_acf_changed":false,"footnotes":""},"categories":[3],"tags":[],"ftr_agriculture":[],"carbon-and-climate-change":[],"ftr_country":[449,484,485,400],"fire":[],"infrastructure-threat":[],"land-use":[],"mining-and-logging-threat":[],"natural-forest-loss":[],"special-analysis":[],"class_list":["post-23075","post","type-post","status-publish","format-standard","hentry","category-nao-categorizado","ftr_country-brasil","ftr_country-colombia-3","ftr_country-equador","ftr_country-peru"],"acf":[],"yoast_head":"<!-- This site is optimized with the Yoast SEO plugin v27.3 - https:\/\/yoast.com\/product\/yoast-seo-wordpress\/ -->\n<title>MAAP #100: Amaz\u00f4nia Ocidental \u2013 Pontos cr\u00edticos de desmatamento 2018 (uma perspectiva regional) - MAAP<\/title>\n<meta name=\"robots\" content=\"index, follow, max-snippet:-1, max-image-preview:large, max-video-preview:-1\" \/>\n<link rel=\"canonical\" href=\"https:\/\/www.maapprogram.org\/pt-br\/maap-100-portugues\/\" \/>\n<meta property=\"og:locale\" content=\"pt_BR\" \/>\n<meta property=\"og:type\" content=\"article\" \/>\n<meta property=\"og:title\" content=\"MAAP #100: Amaz\u00f4nia Ocidental \u2013 Pontos cr\u00edticos de desmatamento 2018 (uma perspectiva regional) - MAAP\" \/>\n<meta property=\"og:description\" content=\"No 100\u00ba relat\u00f3rio do MAAP, apresentamos nossa primeira an\u00e1lise em larga escala da Amaz\u00f4nia Ocidental : Col\u00f4mbia, Peru, Equador, Bol\u00edvia e oeste do Brasil (ver Mapa Base). Usamos os novos dados de 2018 sobre perda de cobertura florestal, gerados pela\u00a0 Universidade de Maryland (Hansen et al 2013) e apresentados pelo Global Forest Watch . Esses [&hellip;]\" \/>\n<meta property=\"og:url\" content=\"https:\/\/www.maapprogram.org\/pt-br\/maap-100-portugues\/\" \/>\n<meta property=\"og:site_name\" content=\"MAAP\" \/>\n<meta property=\"article:published_time\" content=\"2019-05-02T14:19:00+00:00\" \/>\n<meta property=\"article:modified_time\" content=\"2024-09-26T18:20:51+00:00\" \/>\n<meta property=\"og:image\" content=\"https:\/\/www.maapprogram.org\/wp-content\/uploads\/2019\/04\/00-BaseMap_WesternAmz_400dpi_Eng-458x580.jpg\" \/>\n<meta name=\"author\" content=\"MAAP Consultants\" \/>\n<meta name=\"twitter:card\" content=\"summary_large_image\" \/>\n<meta name=\"twitter:label1\" content=\"Escrito por\" \/>\n\t<meta name=\"twitter:data1\" content=\"MAAP Consultants\" \/>\n\t<meta name=\"twitter:label2\" content=\"Est. tempo de leitura\" \/>\n\t<meta name=\"twitter:data2\" content=\"7 minutos\" \/>\n<script type=\"application\/ld+json\" class=\"yoast-schema-graph\">{\"@context\":\"https:\\\/\\\/schema.org\",\"@graph\":[{\"@type\":\"Article\",\"@id\":\"https:\\\/\\\/www.maapprogram.org\\\/pt-br\\\/maap-100-portugues\\\/#article\",\"isPartOf\":{\"@id\":\"https:\\\/\\\/www.maapprogram.org\\\/pt-br\\\/maap-100-portugues\\\/\"},\"author\":{\"name\":\"MAAP Consultants\",\"@id\":\"https:\\\/\\\/www.maapprogram.org\\\/pt-br\\\/#\\\/schema\\\/person\\\/2f7133e3c0723ceecd6dabc9b4f198ce\"},\"headline\":\"MAAP #100: Amaz\u00f4nia Ocidental \u2013 Pontos cr\u00edticos de desmatamento 2018 (uma perspectiva regional)\",\"datePublished\":\"2019-05-02T14:19:00+00:00\",\"dateModified\":\"2024-09-26T18:20:51+00:00\",\"mainEntityOfPage\":{\"@id\":\"https:\\\/\\\/www.maapprogram.org\\\/pt-br\\\/maap-100-portugues\\\/\"},\"wordCount\":1279,\"commentCount\":0,\"image\":{\"@id\":\"https:\\\/\\\/www.maapprogram.org\\\/pt-br\\\/maap-100-portugues\\\/#primaryimage\"},\"thumbnailUrl\":\"https:\\\/\\\/www.maapprogram.org\\\/wp-content\\\/uploads\\\/2019\\\/04\\\/00-BaseMap_WesternAmz_400dpi_Eng-458x580.jpg\",\"articleSection\":[\"N\u00e3o categorizado\"],\"inLanguage\":\"pt-BR\",\"potentialAction\":[{\"@type\":\"CommentAction\",\"name\":\"Comment\",\"target\":[\"https:\\\/\\\/www.maapprogram.org\\\/pt-br\\\/maap-100-portugues\\\/#respond\"]}]},{\"@type\":\"WebPage\",\"@id\":\"https:\\\/\\\/www.maapprogram.org\\\/pt-br\\\/maap-100-portugues\\\/\",\"url\":\"https:\\\/\\\/www.maapprogram.org\\\/pt-br\\\/maap-100-portugues\\\/\",\"name\":\"MAAP #100: Amaz\u00f4nia Ocidental \u2013 Pontos cr\u00edticos de desmatamento 2018 (uma perspectiva regional) - MAAP\",\"isPartOf\":{\"@id\":\"https:\\\/\\\/www.maapprogram.org\\\/pt-br\\\/#website\"},\"primaryImageOfPage\":{\"@id\":\"https:\\\/\\\/www.maapprogram.org\\\/pt-br\\\/maap-100-portugues\\\/#primaryimage\"},\"image\":{\"@id\":\"https:\\\/\\\/www.maapprogram.org\\\/pt-br\\\/maap-100-portugues\\\/#primaryimage\"},\"thumbnailUrl\":\"https:\\\/\\\/www.maapprogram.org\\\/wp-content\\\/uploads\\\/2019\\\/04\\\/00-BaseMap_WesternAmz_400dpi_Eng-458x580.jpg\",\"datePublished\":\"2019-05-02T14:19:00+00:00\",\"dateModified\":\"2024-09-26T18:20:51+00:00\",\"author\":{\"@id\":\"https:\\\/\\\/www.maapprogram.org\\\/pt-br\\\/#\\\/schema\\\/person\\\/2f7133e3c0723ceecd6dabc9b4f198ce\"},\"breadcrumb\":{\"@id\":\"https:\\\/\\\/www.maapprogram.org\\\/pt-br\\\/maap-100-portugues\\\/#breadcrumb\"},\"inLanguage\":\"pt-BR\",\"potentialAction\":[{\"@type\":\"ReadAction\",\"target\":[\"https:\\\/\\\/www.maapprogram.org\\\/pt-br\\\/maap-100-portugues\\\/\"]}]},{\"@type\":\"ImageObject\",\"inLanguage\":\"pt-BR\",\"@id\":\"https:\\\/\\\/www.maapprogram.org\\\/pt-br\\\/maap-100-portugues\\\/#primaryimage\",\"url\":\"https:\\\/\\\/www.maapprogram.org\\\/wp-content\\\/uploads\\\/2019\\\/04\\\/00-BaseMap_WesternAmz_400dpi_Eng-458x580.jpg\",\"contentUrl\":\"https:\\\/\\\/www.maapprogram.org\\\/wp-content\\\/uploads\\\/2019\\\/04\\\/00-BaseMap_WesternAmz_400dpi_Eng-458x580.jpg\"},{\"@type\":\"BreadcrumbList\",\"@id\":\"https:\\\/\\\/www.maapprogram.org\\\/pt-br\\\/maap-100-portugues\\\/#breadcrumb\",\"itemListElement\":[{\"@type\":\"ListItem\",\"position\":1,\"name\":\"Home\",\"item\":\"https:\\\/\\\/www.maapprogram.org\\\/pt-br\\\/\"},{\"@type\":\"ListItem\",\"position\":2,\"name\":\"MAAP #100: Amaz\u00f4nia Ocidental \u2013 Pontos cr\u00edticos de desmatamento 2018 (uma perspectiva regional)\"}]},{\"@type\":\"WebSite\",\"@id\":\"https:\\\/\\\/www.maapprogram.org\\\/pt-br\\\/#website\",\"url\":\"https:\\\/\\\/www.maapprogram.org\\\/pt-br\\\/\",\"name\":\"MAAP\",\"description\":\"\",\"potentialAction\":[{\"@type\":\"SearchAction\",\"target\":{\"@type\":\"EntryPoint\",\"urlTemplate\":\"https:\\\/\\\/www.maapprogram.org\\\/pt-br\\\/?s={search_term_string}\"},\"query-input\":{\"@type\":\"PropertyValueSpecification\",\"valueRequired\":true,\"valueName\":\"search_term_string\"}}],\"inLanguage\":\"pt-BR\"},{\"@type\":\"Person\",\"@id\":\"https:\\\/\\\/www.maapprogram.org\\\/pt-br\\\/#\\\/schema\\\/person\\\/2f7133e3c0723ceecd6dabc9b4f198ce\",\"name\":\"MAAP Consultants\",\"image\":{\"@type\":\"ImageObject\",\"inLanguage\":\"pt-BR\",\"@id\":\"https:\\\/\\\/secure.gravatar.com\\\/avatar\\\/5889bd7805b73b186236cf81236e7511b08707f4115893e4569c33d93f127911?s=96&d=mm&r=g\",\"url\":\"https:\\\/\\\/secure.gravatar.com\\\/avatar\\\/5889bd7805b73b186236cf81236e7511b08707f4115893e4569c33d93f127911?s=96&d=mm&r=g\",\"contentUrl\":\"https:\\\/\\\/secure.gravatar.com\\\/avatar\\\/5889bd7805b73b186236cf81236e7511b08707f4115893e4569c33d93f127911?s=96&d=mm&r=g\",\"caption\":\"MAAP Consultants\"},\"url\":\"https:\\\/\\\/www.maapprogram.org\\\/pt-br\\\/author\\\/maapconsultants\\\/\"}]}<\/script>\n<!-- \/ Yoast SEO plugin. -->","yoast_head_json":{"title":"MAAP #100: Amaz\u00f4nia Ocidental \u2013 Pontos cr\u00edticos de desmatamento 2018 (uma perspectiva regional) - MAAP","robots":{"index":"index","follow":"follow","max-snippet":"max-snippet:-1","max-image-preview":"max-image-preview:large","max-video-preview":"max-video-preview:-1"},"canonical":"https:\/\/www.maapprogram.org\/pt-br\/maap-100-portugues\/","og_locale":"pt_BR","og_type":"article","og_title":"MAAP #100: Amaz\u00f4nia Ocidental \u2013 Pontos cr\u00edticos de desmatamento 2018 (uma perspectiva regional) - MAAP","og_description":"No 100\u00ba relat\u00f3rio do MAAP, apresentamos nossa primeira an\u00e1lise em larga escala da Amaz\u00f4nia Ocidental : Col\u00f4mbia, Peru, Equador, Bol\u00edvia e oeste do Brasil (ver Mapa Base). Usamos os novos dados de 2018 sobre perda de cobertura florestal, gerados pela\u00a0 Universidade de Maryland (Hansen et al 2013) e apresentados pelo Global Forest Watch . Esses [&hellip;]","og_url":"https:\/\/www.maapprogram.org\/pt-br\/maap-100-portugues\/","og_site_name":"MAAP","article_published_time":"2019-05-02T14:19:00+00:00","article_modified_time":"2024-09-26T18:20:51+00:00","og_image":[{"url":"https:\/\/www.maapprogram.org\/wp-content\/uploads\/2019\/04\/00-BaseMap_WesternAmz_400dpi_Eng-458x580.jpg","type":"","width":"","height":""}],"author":"MAAP Consultants","twitter_card":"summary_large_image","twitter_misc":{"Escrito por":"MAAP Consultants","Est. tempo de leitura":"7 minutos"},"schema":{"@context":"https:\/\/schema.org","@graph":[{"@type":"Article","@id":"https:\/\/www.maapprogram.org\/pt-br\/maap-100-portugues\/#article","isPartOf":{"@id":"https:\/\/www.maapprogram.org\/pt-br\/maap-100-portugues\/"},"author":{"name":"MAAP Consultants","@id":"https:\/\/www.maapprogram.org\/pt-br\/#\/schema\/person\/2f7133e3c0723ceecd6dabc9b4f198ce"},"headline":"MAAP #100: Amaz\u00f4nia Ocidental \u2013 Pontos cr\u00edticos de desmatamento 2018 (uma perspectiva regional)","datePublished":"2019-05-02T14:19:00+00:00","dateModified":"2024-09-26T18:20:51+00:00","mainEntityOfPage":{"@id":"https:\/\/www.maapprogram.org\/pt-br\/maap-100-portugues\/"},"wordCount":1279,"commentCount":0,"image":{"@id":"https:\/\/www.maapprogram.org\/pt-br\/maap-100-portugues\/#primaryimage"},"thumbnailUrl":"https:\/\/www.maapprogram.org\/wp-content\/uploads\/2019\/04\/00-BaseMap_WesternAmz_400dpi_Eng-458x580.jpg","articleSection":["N\u00e3o categorizado"],"inLanguage":"pt-BR","potentialAction":[{"@type":"CommentAction","name":"Comment","target":["https:\/\/www.maapprogram.org\/pt-br\/maap-100-portugues\/#respond"]}]},{"@type":"WebPage","@id":"https:\/\/www.maapprogram.org\/pt-br\/maap-100-portugues\/","url":"https:\/\/www.maapprogram.org\/pt-br\/maap-100-portugues\/","name":"MAAP #100: Amaz\u00f4nia Ocidental \u2013 Pontos cr\u00edticos de desmatamento 2018 (uma perspectiva regional) - MAAP","isPartOf":{"@id":"https:\/\/www.maapprogram.org\/pt-br\/#website"},"primaryImageOfPage":{"@id":"https:\/\/www.maapprogram.org\/pt-br\/maap-100-portugues\/#primaryimage"},"image":{"@id":"https:\/\/www.maapprogram.org\/pt-br\/maap-100-portugues\/#primaryimage"},"thumbnailUrl":"https:\/\/www.maapprogram.org\/wp-content\/uploads\/2019\/04\/00-BaseMap_WesternAmz_400dpi_Eng-458x580.jpg","datePublished":"2019-05-02T14:19:00+00:00","dateModified":"2024-09-26T18:20:51+00:00","author":{"@id":"https:\/\/www.maapprogram.org\/pt-br\/#\/schema\/person\/2f7133e3c0723ceecd6dabc9b4f198ce"},"breadcrumb":{"@id":"https:\/\/www.maapprogram.org\/pt-br\/maap-100-portugues\/#breadcrumb"},"inLanguage":"pt-BR","potentialAction":[{"@type":"ReadAction","target":["https:\/\/www.maapprogram.org\/pt-br\/maap-100-portugues\/"]}]},{"@type":"ImageObject","inLanguage":"pt-BR","@id":"https:\/\/www.maapprogram.org\/pt-br\/maap-100-portugues\/#primaryimage","url":"https:\/\/www.maapprogram.org\/wp-content\/uploads\/2019\/04\/00-BaseMap_WesternAmz_400dpi_Eng-458x580.jpg","contentUrl":"https:\/\/www.maapprogram.org\/wp-content\/uploads\/2019\/04\/00-BaseMap_WesternAmz_400dpi_Eng-458x580.jpg"},{"@type":"BreadcrumbList","@id":"https:\/\/www.maapprogram.org\/pt-br\/maap-100-portugues\/#breadcrumb","itemListElement":[{"@type":"ListItem","position":1,"name":"Home","item":"https:\/\/www.maapprogram.org\/pt-br\/"},{"@type":"ListItem","position":2,"name":"MAAP #100: Amaz\u00f4nia Ocidental \u2013 Pontos cr\u00edticos de desmatamento 2018 (uma perspectiva regional)"}]},{"@type":"WebSite","@id":"https:\/\/www.maapprogram.org\/pt-br\/#website","url":"https:\/\/www.maapprogram.org\/pt-br\/","name":"MAAP","description":"","potentialAction":[{"@type":"SearchAction","target":{"@type":"EntryPoint","urlTemplate":"https:\/\/www.maapprogram.org\/pt-br\/?s={search_term_string}"},"query-input":{"@type":"PropertyValueSpecification","valueRequired":true,"valueName":"search_term_string"}}],"inLanguage":"pt-BR"},{"@type":"Person","@id":"https:\/\/www.maapprogram.org\/pt-br\/#\/schema\/person\/2f7133e3c0723ceecd6dabc9b4f198ce","name":"MAAP Consultants","image":{"@type":"ImageObject","inLanguage":"pt-BR","@id":"https:\/\/secure.gravatar.com\/avatar\/5889bd7805b73b186236cf81236e7511b08707f4115893e4569c33d93f127911?s=96&d=mm&r=g","url":"https:\/\/secure.gravatar.com\/avatar\/5889bd7805b73b186236cf81236e7511b08707f4115893e4569c33d93f127911?s=96&d=mm&r=g","contentUrl":"https:\/\/secure.gravatar.com\/avatar\/5889bd7805b73b186236cf81236e7511b08707f4115893e4569c33d93f127911?s=96&d=mm&r=g","caption":"MAAP Consultants"},"url":"https:\/\/www.maapprogram.org\/pt-br\/author\/maapconsultants\/"}]}},"_links":{"self":[{"href":"https:\/\/www.maapprogram.org\/pt-br\/wp-json\/wp\/v2\/posts\/23075","targetHints":{"allow":["GET"]}}],"collection":[{"href":"https:\/\/www.maapprogram.org\/pt-br\/wp-json\/wp\/v2\/posts"}],"about":[{"href":"https:\/\/www.maapprogram.org\/pt-br\/wp-json\/wp\/v2\/types\/post"}],"author":[{"embeddable":true,"href":"https:\/\/www.maapprogram.org\/pt-br\/wp-json\/wp\/v2\/users\/4"}],"replies":[{"embeddable":true,"href":"https:\/\/www.maapprogram.org\/pt-br\/wp-json\/wp\/v2\/comments?post=23075"}],"version-history":[{"count":1,"href":"https:\/\/www.maapprogram.org\/pt-br\/wp-json\/wp\/v2\/posts\/23075\/revisions"}],"predecessor-version":[{"id":23076,"href":"https:\/\/www.maapprogram.org\/pt-br\/wp-json\/wp\/v2\/posts\/23075\/revisions\/23076"}],"wp:attachment":[{"href":"https:\/\/www.maapprogram.org\/pt-br\/wp-json\/wp\/v2\/media?parent=23075"}],"wp:term":[{"taxonomy":"category","embeddable":true,"href":"https:\/\/www.maapprogram.org\/pt-br\/wp-json\/wp\/v2\/categories?post=23075"},{"taxonomy":"post_tag","embeddable":true,"href":"https:\/\/www.maapprogram.org\/pt-br\/wp-json\/wp\/v2\/tags?post=23075"},{"taxonomy":"ftr_agriculture","embeddable":true,"href":"https:\/\/www.maapprogram.org\/pt-br\/wp-json\/wp\/v2\/ftr_agriculture?post=23075"},{"taxonomy":"carbon-and-climate-change","embeddable":true,"href":"https:\/\/www.maapprogram.org\/pt-br\/wp-json\/wp\/v2\/carbon-and-climate-change?post=23075"},{"taxonomy":"ftr_country","embeddable":true,"href":"https:\/\/www.maapprogram.org\/pt-br\/wp-json\/wp\/v2\/ftr_country?post=23075"},{"taxonomy":"fire","embeddable":true,"href":"https:\/\/www.maapprogram.org\/pt-br\/wp-json\/wp\/v2\/fire?post=23075"},{"taxonomy":"infrastructure-threat","embeddable":true,"href":"https:\/\/www.maapprogram.org\/pt-br\/wp-json\/wp\/v2\/infrastructure-threat?post=23075"},{"taxonomy":"land-use","embeddable":true,"href":"https:\/\/www.maapprogram.org\/pt-br\/wp-json\/wp\/v2\/land-use?post=23075"},{"taxonomy":"mining-and-logging-threat","embeddable":true,"href":"https:\/\/www.maapprogram.org\/pt-br\/wp-json\/wp\/v2\/mining-and-logging-threat?post=23075"},{"taxonomy":"natural-forest-loss","embeddable":true,"href":"https:\/\/www.maapprogram.org\/pt-br\/wp-json\/wp\/v2\/natural-forest-loss?post=23075"},{"taxonomy":"special-analysis","embeddable":true,"href":"https:\/\/www.maapprogram.org\/pt-br\/wp-json\/wp\/v2\/special-analysis?post=23075"}],"curies":[{"name":"wp","href":"https:\/\/api.w.org\/{rel}","templated":true}]}}