{"id":23081,"date":"2019-02-12T12:48:00","date_gmt":"2019-02-12T12:48:00","guid":{"rendered":"https:\/\/www.maapprogram.org\/?p=23081"},"modified":"2024-09-26T18:21:08","modified_gmt":"2024-09-26T18:21:08","slug":"maap-97-portugues","status":"publish","type":"post","link":"https:\/\/www.maapprogram.org\/pt-br\/maap-97-portugues\/","title":{"rendered":"MAAP #97: Aumento do desmatamento na Amaz\u00f4nia colombiana, atualiza\u00e7\u00e3o de 2018"},"content":{"rendered":"<div id=\"attachment_7916\" class=\"thumbnail alignright\"><a href=\"https:\/\/www.maapprogram.org\/wp-content\/uploads\/2018\/11\/CO_LossGraphv2.png\"><img decoding=\"async\" class=\"wp-image-7916 \" src=\"https:\/\/www.maapprogram.org\/wp-content\/uploads\/2018\/11\/CO_LossGraphv2-770x580.png\" alt=\"\" width=\"595\" height=\"448\" \/><\/a><div class=\"caption\">Tend\u00eancias de desmatamento na Amaz\u00f4nia colombiana. Dados: UMD\/GLAD, Hansen\/UMD\/Google\/USGS\/NASA, RAISG<\/div><\/div>\n<p>A Amaz\u00f4nia colombiana est\u00e1 atualmente passando por um\u00a0\u00a0<strong>aumento no desmatamento\u00a0<\/strong>\u00a0(veja o gr\u00e1fico).<\/p>\n<p>O aumento come\u00e7ou h\u00e1 tr\u00eas anos (2016) e atingiu o pico em\u00a0\u00a0<strong>2017,\u00a0<\/strong>\u00a0com o maior desmatamento anual j\u00e1 registrado (214.744 hectares).*<\/p>\n<p>O desmatamento continua alto em\u00a0\u00a0<strong>2018<\/strong>\u00a0: 156.722 hectares (com base em dados de alerta precoce).* Se essa estimativa for confirmada, ser\u00e1 a segunda maior j\u00e1 registrada (atr\u00e1s apenas de 2017).<\/p>\n<p>Especialistas nacionais indicam que\u00a0<strong>a grilagem de terras<\/strong>\u00a0(acaparamiento de tierras) \u00e9 um fator direto e cada vez mais dominante no desmatamento.<\/p>\n<p>*Dados da Universidade de Maryland. Dados anuais de Hansen et al (2013) [cita\u00e7\u00e3o abaixo] e dados de 2018 de alertas GLAD.<\/p>\n<p><em>O MAAP Col\u00f4mbia \u00e9 uma colabora\u00e7\u00e3o entre\u00a0<a href=\"http:\/\/www.amazonconservation.org\/\" data-feathr-click-track=\"true\" data-feathr-link-aids=\"6182f4e07f71b7b1555341c3\">a Amazon Conservation\u00a0<\/a><\/em>\u00a0e<a href=\"https:\/\/www.amazonteam.org\/\" data-feathr-click-track=\"true\" data-feathr-link-aids=\"6182f4e07f71b7b1555341c3\">\u00a0a Amazon Conservation Team<\/a>\u00a0, financiada pela<a href=\"https:\/\/www.macfound.org\/\" data-feathr-click-track=\"true\" data-feathr-link-aids=\"6182f4e07f71b7b1555341c3\">\u00a0Funda\u00e7\u00e3o MacArthur<\/a>\u00a0.<\/p>\n<p>&nbsp;<\/p>\n<div id=\"attachment_7869\" class=\"thumbnail aligncenter\"><a href=\"https:\/\/www.maapprogram.org\/wp-content\/uploads\/2018\/11\/MAAP_Colombia_2018_12_31.jpg\"><img decoding=\"async\" class=\"wp-image-7869 size-medium\" src=\"https:\/\/www.maapprogram.org\/wp-content\/uploads\/2018\/11\/MAAP_Colombia_2018_12_31-930x523.jpg\" alt=\"\" width=\"930\" height=\"523\" \/><\/a><div class=\"caption\">Mapa base. Pontos cr\u00edticos de desmatamento na Amaz\u00f4nia colombiana. Clique para ampliar. Dados: UMD\/GLAD, Hansen\/UMD\/Google\/USGS\/NASA, PNN, SIAC, RAISG<\/div><\/div>\n<p><span style=\"font-size: 12pt;\"><div class=\"fitem-sep\"><\/div><\/span><\/p>\n<h3><strong>Zoom 1: Llanos de Yari<\/strong><\/h3>\n<p><strong>O Zoom 1<\/strong>\u00a0\u00a0mostra o desmatamento se expandindo em dire\u00e7\u00e3o ao oeste\u00a0\u00a0<strong>do Parque Nacional Chiribiquete<\/strong>\u00a0.\u00a0\u00a0De fato, em 2017-18 (roxo e rosa no mapa), o desmatamento ocorreu bem dentro do parque.<\/p>\n<div id=\"attachment_7978\" class=\"thumbnail aligncenter\"><\/div>\n<div id=\"attachment_7978\" class=\"thumbnail aligncenter\"><a href=\"https:\/\/www.maapprogram.org\/wp-content\/uploads\/2018\/11\/MAAP_Yari_2019_02_05.jpg\"><img decoding=\"async\" class=\"wp-image-7978 size-medium\" src=\"https:\/\/www.maapprogram.org\/wp-content\/uploads\/2018\/11\/MAAP_Yari_2019_02_05-930x523.jpg\" alt=\"\" width=\"930\" height=\"523\" \/><\/a><div class=\"caption\">Zoom 1. Llanos de Yari. Clique para ampliar. Dados: DigitalGlobe, UMD\/GLAD, Hansen\/UMD\/Google\/USGS\/NASA, PNN, SIAC, RAISG<\/div><\/div>\n<p><span style=\"font-size: 12pt;\"><div class=\"fitem-sep\"><\/div><\/span><\/p>\n<h3><strong>Zoom 2:\u00a0\u00a0<\/strong><strong>Chiribiquete \u2013 La Macarena<\/strong><\/h3>\n<p>Conforme relatamos pela primeira vez no <a href=\"https:\/\/www.maapprogram.org\/chiribiquete\/\" data-feathr-click-track=\"true\" data-feathr-link-aids=\"6182f4e07f71b7b1555341c3\">MAAP #86<\/a>\u00a0, a \u00e1rea entre\u00a0\u00a0<strong>os Parques Nacionais Chiribiquete e La Macarena<\/strong>\u00a0est\u00e1 atualmente passando por um dos surtos de desmatamento mais intensos.\u00a0\u00a0<strong>O Zoom 2<\/strong>\u00a0\u00a0mostra que o desmatamento mais recente (indicado em vermelho e rosa) est\u00e1 entrando na se\u00e7\u00e3o rec\u00e9m-expandida do Parque Nacional Chiribiquete.<\/p>\n<div id=\"attachment_7936\" class=\"thumbnail aligncenter\"><a href=\"https:\/\/www.maapprogram.org\/wp-content\/uploads\/2018\/11\/MAAP_Chiribiquete_2019_01_16.jpg\"><img decoding=\"async\" class=\"wp-image-7936 size-medium\" src=\"https:\/\/www.maapprogram.org\/wp-content\/uploads\/2018\/11\/MAAP_Chiribiquete_2019_01_16-930x523.jpg\" alt=\"\" width=\"930\" height=\"523\" \/><\/a><div class=\"caption\">Zoom 2. Chiribiquete \u2013 La Macarena. Clique para ampliar. Dados: Planeta, UMD\/GLAD, Hansen\/UMD\/Google\/USGS\/NASA, PNN, SIAC, RAISG.<\/div><\/div>\n<div class=\"fitem-sep\"><\/div>\n<h3><strong>Zoom 3: Parque Nacional Tinigua<\/strong><\/h3>\n<p><strong>O Zoom 3<\/strong>\u00a0\u00a0mostra como 2018 viu um aumento no desmatamento nas profundezas do\u00a0\u00a0<strong>Parque Nacional de Tinigua\u00a0<\/strong>\u00a0(veja rosa).<\/p>\n<div id=\"attachment_7871\" class=\"thumbnail aligncenter\"><\/div>\n<div id=\"attachment_7871\" class=\"thumbnail aligncenter\"><a href=\"https:\/\/www.maapprogram.org\/wp-content\/uploads\/2018\/11\/MAAP_Tinigua_2018_12_31.jpg\"><img decoding=\"async\" class=\"wp-image-7871 size-medium\" src=\"https:\/\/www.maapprogram.org\/wp-content\/uploads\/2018\/11\/MAAP_Tinigua_2018_12_31-930x523.jpg\" alt=\"\" width=\"930\" height=\"523\" \/><\/a><div class=\"caption\">Zoom 3. Parque Nacional de Tinigua. Clique para ampliar. Dados: Planet, UMD\/GLAD, Hansen\/UMD\/Google\/USGS\/NASA, PNN, SIAC, RAISG<\/div><\/div>\n<div class=\"fitem-sep\"><\/div>\n<h3><strong>Refer\u00eancias<\/strong><\/h3>\n<div>\n<div class=\"m_-6592335847785694723m_-5723674976146938939m_-5769459210532064080gmail_signature\">\n<div dir=\"ltr\">\n<div dir=\"ltr\">\n<div dir=\"ltr\">\n<div dir=\"ltr\">\n<div dir=\"ltr\">Planet Team (2017). Planet Application Program Interface: No espa\u00e7o para a vida na Terra. S\u00e3o Francisco, CA.\u00a0\u00a0<a class=\"external external_icon\" href=\"https:\/\/api.planet.com\/\" target=\"_blank\" rel=\"nofollow noopener noreferrer\" data-feathr-click-track=\"true\" data-feathr-link-aids=\"6182f4e07f71b7b1555341c3\">https:\/\/api.planet.com<\/a><\/div>\n<div dir=\"ltr\"><\/div>\n<\/div>\n<div dir=\"ltr\">Hansen, MC, PV Potapov, R. Moore, M. Hancher, SA Turubanova, A. Tyukavina, D. Thau, SV Stehman, SJ Goetz, TR Loveland, A. Kommareddy, A. Egorov, L. Chini, CO Justice e JRG Townshend. 2013. \u201cMapas globais de alta resolu\u00e7\u00e3o da mudan\u00e7a da cobertura florestal do s\u00e9culo XXI.\u201d Science 342 (15 de novembro): 850\u201353. Dados dispon\u00edveis on-line em:\u00a0<a href=\"http:\/\/earthenginepartners.appspot.com\/science-2013-global-forest\" data-feathr-click-track=\"true\" data-feathr-link-aids=\"6182f4e07f71b7b1555341c3\">http:\/\/earthenginepartners.appspot.com\/science-2013-global-forest<\/a>\u00a0.<\/div>\n<\/div>\n<\/div>\n<\/div>\n<\/div>\n<\/div>\n<h3><div class=\"fitem-sep\"><\/div><\/h3>\n<h3><strong>Cita\u00e7\u00e3o<\/strong><\/h3>\n<p>Hettler B, Thieme A, Finer M (2018) Aumento do desmatamento na Amaz\u00f4nia colombiana: atualiza\u00e7\u00e3o de 2018. MAAP: #96.<\/p>\n<h3><span style=\"font-size: 16px;\"><div class=\"fitem-sep\"><\/div><\/span><\/h3>\n","protected":false},"excerpt":{"rendered":"<p>A Amaz\u00f4nia colombiana est\u00e1 atualmente passando por um\u00a0\u00a0aumento no desmatamento\u00a0\u00a0(veja o gr\u00e1fico). O aumento come\u00e7ou h\u00e1 tr\u00eas anos (2016) e atingiu o pico em\u00a0\u00a02017,\u00a0\u00a0com o maior desmatamento anual j\u00e1 registrado (214.744 hectares).* O desmatamento continua alto em\u00a0\u00a02018\u00a0: 156.722 hectares (com base em dados de alerta precoce).* Se essa estimativa for confirmada, ser\u00e1 a segunda maior [&hellip;]<\/p>\n","protected":false},"author":4,"featured_media":0,"comment_status":"open","ping_status":"open","sticky":false,"template":"","format":"standard","meta":{"_acf_changed":false,"footnotes":""},"categories":[3],"tags":[],"ftr_agriculture":[],"carbon-and-climate-change":[],"ftr_country":[484],"fire":[],"infrastructure-threat":[],"land-use":[],"mining-and-logging-threat":[],"natural-forest-loss":[],"special-analysis":[464],"class_list":["post-23081","post","type-post","status-publish","format-standard","hentry","category-nao-categorizado","ftr_country-colombia-3","special-analysis-pontos-criticos-de-desmatamento"],"acf":[],"yoast_head":"<!-- This site is optimized with the Yoast SEO plugin v27.3 - https:\/\/yoast.com\/product\/yoast-seo-wordpress\/ -->\n<title>MAAP #97: Aumento do desmatamento na Amaz\u00f4nia colombiana, atualiza\u00e7\u00e3o de 2018 - MAAP<\/title>\n<meta name=\"robots\" content=\"index, follow, max-snippet:-1, max-image-preview:large, max-video-preview:-1\" \/>\n<link rel=\"canonical\" href=\"https:\/\/www.maapprogram.org\/pt-br\/maap-97-portugues\/\" \/>\n<meta property=\"og:locale\" content=\"pt_BR\" \/>\n<meta property=\"og:type\" content=\"article\" \/>\n<meta property=\"og:title\" content=\"MAAP #97: Aumento do desmatamento na Amaz\u00f4nia colombiana, atualiza\u00e7\u00e3o de 2018 - MAAP\" \/>\n<meta property=\"og:description\" content=\"A Amaz\u00f4nia colombiana est\u00e1 atualmente passando por um\u00a0\u00a0aumento no desmatamento\u00a0\u00a0(veja o gr\u00e1fico). O aumento come\u00e7ou h\u00e1 tr\u00eas anos (2016) e atingiu o pico em\u00a0\u00a02017,\u00a0\u00a0com o maior desmatamento anual j\u00e1 registrado (214.744 hectares).* O desmatamento continua alto em\u00a0\u00a02018\u00a0: 156.722 hectares (com base em dados de alerta precoce).* Se essa estimativa for confirmada, ser\u00e1 a segunda maior [&hellip;]\" \/>\n<meta property=\"og:url\" content=\"https:\/\/www.maapprogram.org\/pt-br\/maap-97-portugues\/\" \/>\n<meta property=\"og:site_name\" content=\"MAAP\" \/>\n<meta property=\"article:published_time\" content=\"2019-02-12T12:48:00+00:00\" \/>\n<meta property=\"article:modified_time\" content=\"2024-09-26T18:21:08+00:00\" \/>\n<meta property=\"og:image\" content=\"https:\/\/www.maapprogram.org\/wp-content\/uploads\/2018\/11\/CO_LossGraphv2-770x580.png\" \/>\n<meta name=\"author\" content=\"MAAP Consultants\" \/>\n<meta name=\"twitter:card\" content=\"summary_large_image\" \/>\n<meta name=\"twitter:label1\" content=\"Escrito por\" \/>\n\t<meta name=\"twitter:data1\" content=\"MAAP Consultants\" \/>\n\t<meta name=\"twitter:label2\" content=\"Est. tempo de leitura\" \/>\n\t<meta name=\"twitter:data2\" content=\"4 minutos\" \/>\n<script type=\"application\/ld+json\" class=\"yoast-schema-graph\">{\"@context\":\"https:\\\/\\\/schema.org\",\"@graph\":[{\"@type\":\"Article\",\"@id\":\"https:\\\/\\\/www.maapprogram.org\\\/pt-br\\\/maap-97-portugues\\\/#article\",\"isPartOf\":{\"@id\":\"https:\\\/\\\/www.maapprogram.org\\\/pt-br\\\/maap-97-portugues\\\/\"},\"author\":{\"name\":\"MAAP Consultants\",\"@id\":\"https:\\\/\\\/www.maapprogram.org\\\/pt-br\\\/#\\\/schema\\\/person\\\/2f7133e3c0723ceecd6dabc9b4f198ce\"},\"headline\":\"MAAP #97: Aumento do desmatamento na Amaz\u00f4nia colombiana, atualiza\u00e7\u00e3o de 2018\",\"datePublished\":\"2019-02-12T12:48:00+00:00\",\"dateModified\":\"2024-09-26T18:21:08+00:00\",\"mainEntityOfPage\":{\"@id\":\"https:\\\/\\\/www.maapprogram.org\\\/pt-br\\\/maap-97-portugues\\\/\"},\"wordCount\":498,\"commentCount\":0,\"image\":{\"@id\":\"https:\\\/\\\/www.maapprogram.org\\\/pt-br\\\/maap-97-portugues\\\/#primaryimage\"},\"thumbnailUrl\":\"https:\\\/\\\/www.maapprogram.org\\\/wp-content\\\/uploads\\\/2018\\\/11\\\/CO_LossGraphv2-770x580.png\",\"articleSection\":[\"N\u00e3o categorizado\"],\"inLanguage\":\"pt-BR\",\"potentialAction\":[{\"@type\":\"CommentAction\",\"name\":\"Comment\",\"target\":[\"https:\\\/\\\/www.maapprogram.org\\\/pt-br\\\/maap-97-portugues\\\/#respond\"]}]},{\"@type\":\"WebPage\",\"@id\":\"https:\\\/\\\/www.maapprogram.org\\\/pt-br\\\/maap-97-portugues\\\/\",\"url\":\"https:\\\/\\\/www.maapprogram.org\\\/pt-br\\\/maap-97-portugues\\\/\",\"name\":\"MAAP #97: Aumento do desmatamento na Amaz\u00f4nia colombiana, atualiza\u00e7\u00e3o de 2018 - MAAP\",\"isPartOf\":{\"@id\":\"https:\\\/\\\/www.maapprogram.org\\\/pt-br\\\/#website\"},\"primaryImageOfPage\":{\"@id\":\"https:\\\/\\\/www.maapprogram.org\\\/pt-br\\\/maap-97-portugues\\\/#primaryimage\"},\"image\":{\"@id\":\"https:\\\/\\\/www.maapprogram.org\\\/pt-br\\\/maap-97-portugues\\\/#primaryimage\"},\"thumbnailUrl\":\"https:\\\/\\\/www.maapprogram.org\\\/wp-content\\\/uploads\\\/2018\\\/11\\\/CO_LossGraphv2-770x580.png\",\"datePublished\":\"2019-02-12T12:48:00+00:00\",\"dateModified\":\"2024-09-26T18:21:08+00:00\",\"author\":{\"@id\":\"https:\\\/\\\/www.maapprogram.org\\\/pt-br\\\/#\\\/schema\\\/person\\\/2f7133e3c0723ceecd6dabc9b4f198ce\"},\"breadcrumb\":{\"@id\":\"https:\\\/\\\/www.maapprogram.org\\\/pt-br\\\/maap-97-portugues\\\/#breadcrumb\"},\"inLanguage\":\"pt-BR\",\"potentialAction\":[{\"@type\":\"ReadAction\",\"target\":[\"https:\\\/\\\/www.maapprogram.org\\\/pt-br\\\/maap-97-portugues\\\/\"]}]},{\"@type\":\"ImageObject\",\"inLanguage\":\"pt-BR\",\"@id\":\"https:\\\/\\\/www.maapprogram.org\\\/pt-br\\\/maap-97-portugues\\\/#primaryimage\",\"url\":\"https:\\\/\\\/www.maapprogram.org\\\/wp-content\\\/uploads\\\/2018\\\/11\\\/CO_LossGraphv2-770x580.png\",\"contentUrl\":\"https:\\\/\\\/www.maapprogram.org\\\/wp-content\\\/uploads\\\/2018\\\/11\\\/CO_LossGraphv2-770x580.png\"},{\"@type\":\"BreadcrumbList\",\"@id\":\"https:\\\/\\\/www.maapprogram.org\\\/pt-br\\\/maap-97-portugues\\\/#breadcrumb\",\"itemListElement\":[{\"@type\":\"ListItem\",\"position\":1,\"name\":\"Home\",\"item\":\"https:\\\/\\\/www.maapprogram.org\\\/pt-br\\\/\"},{\"@type\":\"ListItem\",\"position\":2,\"name\":\"MAAP #97: Aumento do desmatamento na Amaz\u00f4nia colombiana, atualiza\u00e7\u00e3o de 2018\"}]},{\"@type\":\"WebSite\",\"@id\":\"https:\\\/\\\/www.maapprogram.org\\\/pt-br\\\/#website\",\"url\":\"https:\\\/\\\/www.maapprogram.org\\\/pt-br\\\/\",\"name\":\"MAAP\",\"description\":\"\",\"potentialAction\":[{\"@type\":\"SearchAction\",\"target\":{\"@type\":\"EntryPoint\",\"urlTemplate\":\"https:\\\/\\\/www.maapprogram.org\\\/pt-br\\\/?s={search_term_string}\"},\"query-input\":{\"@type\":\"PropertyValueSpecification\",\"valueRequired\":true,\"valueName\":\"search_term_string\"}}],\"inLanguage\":\"pt-BR\"},{\"@type\":\"Person\",\"@id\":\"https:\\\/\\\/www.maapprogram.org\\\/pt-br\\\/#\\\/schema\\\/person\\\/2f7133e3c0723ceecd6dabc9b4f198ce\",\"name\":\"MAAP Consultants\",\"image\":{\"@type\":\"ImageObject\",\"inLanguage\":\"pt-BR\",\"@id\":\"https:\\\/\\\/secure.gravatar.com\\\/avatar\\\/5889bd7805b73b186236cf81236e7511b08707f4115893e4569c33d93f127911?s=96&d=mm&r=g\",\"url\":\"https:\\\/\\\/secure.gravatar.com\\\/avatar\\\/5889bd7805b73b186236cf81236e7511b08707f4115893e4569c33d93f127911?s=96&d=mm&r=g\",\"contentUrl\":\"https:\\\/\\\/secure.gravatar.com\\\/avatar\\\/5889bd7805b73b186236cf81236e7511b08707f4115893e4569c33d93f127911?s=96&d=mm&r=g\",\"caption\":\"MAAP Consultants\"},\"url\":\"https:\\\/\\\/www.maapprogram.org\\\/pt-br\\\/author\\\/maapconsultants\\\/\"}]}<\/script>\n<!-- \/ Yoast SEO plugin. -->","yoast_head_json":{"title":"MAAP #97: Aumento do desmatamento na Amaz\u00f4nia colombiana, atualiza\u00e7\u00e3o de 2018 - MAAP","robots":{"index":"index","follow":"follow","max-snippet":"max-snippet:-1","max-image-preview":"max-image-preview:large","max-video-preview":"max-video-preview:-1"},"canonical":"https:\/\/www.maapprogram.org\/pt-br\/maap-97-portugues\/","og_locale":"pt_BR","og_type":"article","og_title":"MAAP #97: Aumento do desmatamento na Amaz\u00f4nia colombiana, atualiza\u00e7\u00e3o de 2018 - MAAP","og_description":"A Amaz\u00f4nia colombiana est\u00e1 atualmente passando por um\u00a0\u00a0aumento no desmatamento\u00a0\u00a0(veja o gr\u00e1fico). O aumento come\u00e7ou h\u00e1 tr\u00eas anos (2016) e atingiu o pico em\u00a0\u00a02017,\u00a0\u00a0com o maior desmatamento anual j\u00e1 registrado (214.744 hectares).* O desmatamento continua alto em\u00a0\u00a02018\u00a0: 156.722 hectares (com base em dados de alerta precoce).* Se essa estimativa for confirmada, ser\u00e1 a segunda maior [&hellip;]","og_url":"https:\/\/www.maapprogram.org\/pt-br\/maap-97-portugues\/","og_site_name":"MAAP","article_published_time":"2019-02-12T12:48:00+00:00","article_modified_time":"2024-09-26T18:21:08+00:00","og_image":[{"url":"https:\/\/www.maapprogram.org\/wp-content\/uploads\/2018\/11\/CO_LossGraphv2-770x580.png","type":"","width":"","height":""}],"author":"MAAP Consultants","twitter_card":"summary_large_image","twitter_misc":{"Escrito por":"MAAP Consultants","Est. tempo de leitura":"4 minutos"},"schema":{"@context":"https:\/\/schema.org","@graph":[{"@type":"Article","@id":"https:\/\/www.maapprogram.org\/pt-br\/maap-97-portugues\/#article","isPartOf":{"@id":"https:\/\/www.maapprogram.org\/pt-br\/maap-97-portugues\/"},"author":{"name":"MAAP Consultants","@id":"https:\/\/www.maapprogram.org\/pt-br\/#\/schema\/person\/2f7133e3c0723ceecd6dabc9b4f198ce"},"headline":"MAAP #97: Aumento do desmatamento na Amaz\u00f4nia colombiana, atualiza\u00e7\u00e3o de 2018","datePublished":"2019-02-12T12:48:00+00:00","dateModified":"2024-09-26T18:21:08+00:00","mainEntityOfPage":{"@id":"https:\/\/www.maapprogram.org\/pt-br\/maap-97-portugues\/"},"wordCount":498,"commentCount":0,"image":{"@id":"https:\/\/www.maapprogram.org\/pt-br\/maap-97-portugues\/#primaryimage"},"thumbnailUrl":"https:\/\/www.maapprogram.org\/wp-content\/uploads\/2018\/11\/CO_LossGraphv2-770x580.png","articleSection":["N\u00e3o categorizado"],"inLanguage":"pt-BR","potentialAction":[{"@type":"CommentAction","name":"Comment","target":["https:\/\/www.maapprogram.org\/pt-br\/maap-97-portugues\/#respond"]}]},{"@type":"WebPage","@id":"https:\/\/www.maapprogram.org\/pt-br\/maap-97-portugues\/","url":"https:\/\/www.maapprogram.org\/pt-br\/maap-97-portugues\/","name":"MAAP #97: Aumento do desmatamento na Amaz\u00f4nia colombiana, atualiza\u00e7\u00e3o de 2018 - MAAP","isPartOf":{"@id":"https:\/\/www.maapprogram.org\/pt-br\/#website"},"primaryImageOfPage":{"@id":"https:\/\/www.maapprogram.org\/pt-br\/maap-97-portugues\/#primaryimage"},"image":{"@id":"https:\/\/www.maapprogram.org\/pt-br\/maap-97-portugues\/#primaryimage"},"thumbnailUrl":"https:\/\/www.maapprogram.org\/wp-content\/uploads\/2018\/11\/CO_LossGraphv2-770x580.png","datePublished":"2019-02-12T12:48:00+00:00","dateModified":"2024-09-26T18:21:08+00:00","author":{"@id":"https:\/\/www.maapprogram.org\/pt-br\/#\/schema\/person\/2f7133e3c0723ceecd6dabc9b4f198ce"},"breadcrumb":{"@id":"https:\/\/www.maapprogram.org\/pt-br\/maap-97-portugues\/#breadcrumb"},"inLanguage":"pt-BR","potentialAction":[{"@type":"ReadAction","target":["https:\/\/www.maapprogram.org\/pt-br\/maap-97-portugues\/"]}]},{"@type":"ImageObject","inLanguage":"pt-BR","@id":"https:\/\/www.maapprogram.org\/pt-br\/maap-97-portugues\/#primaryimage","url":"https:\/\/www.maapprogram.org\/wp-content\/uploads\/2018\/11\/CO_LossGraphv2-770x580.png","contentUrl":"https:\/\/www.maapprogram.org\/wp-content\/uploads\/2018\/11\/CO_LossGraphv2-770x580.png"},{"@type":"BreadcrumbList","@id":"https:\/\/www.maapprogram.org\/pt-br\/maap-97-portugues\/#breadcrumb","itemListElement":[{"@type":"ListItem","position":1,"name":"Home","item":"https:\/\/www.maapprogram.org\/pt-br\/"},{"@type":"ListItem","position":2,"name":"MAAP #97: Aumento do desmatamento na Amaz\u00f4nia colombiana, atualiza\u00e7\u00e3o de 2018"}]},{"@type":"WebSite","@id":"https:\/\/www.maapprogram.org\/pt-br\/#website","url":"https:\/\/www.maapprogram.org\/pt-br\/","name":"MAAP","description":"","potentialAction":[{"@type":"SearchAction","target":{"@type":"EntryPoint","urlTemplate":"https:\/\/www.maapprogram.org\/pt-br\/?s={search_term_string}"},"query-input":{"@type":"PropertyValueSpecification","valueRequired":true,"valueName":"search_term_string"}}],"inLanguage":"pt-BR"},{"@type":"Person","@id":"https:\/\/www.maapprogram.org\/pt-br\/#\/schema\/person\/2f7133e3c0723ceecd6dabc9b4f198ce","name":"MAAP Consultants","image":{"@type":"ImageObject","inLanguage":"pt-BR","@id":"https:\/\/secure.gravatar.com\/avatar\/5889bd7805b73b186236cf81236e7511b08707f4115893e4569c33d93f127911?s=96&d=mm&r=g","url":"https:\/\/secure.gravatar.com\/avatar\/5889bd7805b73b186236cf81236e7511b08707f4115893e4569c33d93f127911?s=96&d=mm&r=g","contentUrl":"https:\/\/secure.gravatar.com\/avatar\/5889bd7805b73b186236cf81236e7511b08707f4115893e4569c33d93f127911?s=96&d=mm&r=g","caption":"MAAP Consultants"},"url":"https:\/\/www.maapprogram.org\/pt-br\/author\/maapconsultants\/"}]}},"_links":{"self":[{"href":"https:\/\/www.maapprogram.org\/pt-br\/wp-json\/wp\/v2\/posts\/23081","targetHints":{"allow":["GET"]}}],"collection":[{"href":"https:\/\/www.maapprogram.org\/pt-br\/wp-json\/wp\/v2\/posts"}],"about":[{"href":"https:\/\/www.maapprogram.org\/pt-br\/wp-json\/wp\/v2\/types\/post"}],"author":[{"embeddable":true,"href":"https:\/\/www.maapprogram.org\/pt-br\/wp-json\/wp\/v2\/users\/4"}],"replies":[{"embeddable":true,"href":"https:\/\/www.maapprogram.org\/pt-br\/wp-json\/wp\/v2\/comments?post=23081"}],"version-history":[{"count":2,"href":"https:\/\/www.maapprogram.org\/pt-br\/wp-json\/wp\/v2\/posts\/23081\/revisions"}],"predecessor-version":[{"id":23083,"href":"https:\/\/www.maapprogram.org\/pt-br\/wp-json\/wp\/v2\/posts\/23081\/revisions\/23083"}],"wp:attachment":[{"href":"https:\/\/www.maapprogram.org\/pt-br\/wp-json\/wp\/v2\/media?parent=23081"}],"wp:term":[{"taxonomy":"category","embeddable":true,"href":"https:\/\/www.maapprogram.org\/pt-br\/wp-json\/wp\/v2\/categories?post=23081"},{"taxonomy":"post_tag","embeddable":true,"href":"https:\/\/www.maapprogram.org\/pt-br\/wp-json\/wp\/v2\/tags?post=23081"},{"taxonomy":"ftr_agriculture","embeddable":true,"href":"https:\/\/www.maapprogram.org\/pt-br\/wp-json\/wp\/v2\/ftr_agriculture?post=23081"},{"taxonomy":"carbon-and-climate-change","embeddable":true,"href":"https:\/\/www.maapprogram.org\/pt-br\/wp-json\/wp\/v2\/carbon-and-climate-change?post=23081"},{"taxonomy":"ftr_country","embeddable":true,"href":"https:\/\/www.maapprogram.org\/pt-br\/wp-json\/wp\/v2\/ftr_country?post=23081"},{"taxonomy":"fire","embeddable":true,"href":"https:\/\/www.maapprogram.org\/pt-br\/wp-json\/wp\/v2\/fire?post=23081"},{"taxonomy":"infrastructure-threat","embeddable":true,"href":"https:\/\/www.maapprogram.org\/pt-br\/wp-json\/wp\/v2\/infrastructure-threat?post=23081"},{"taxonomy":"land-use","embeddable":true,"href":"https:\/\/www.maapprogram.org\/pt-br\/wp-json\/wp\/v2\/land-use?post=23081"},{"taxonomy":"mining-and-logging-threat","embeddable":true,"href":"https:\/\/www.maapprogram.org\/pt-br\/wp-json\/wp\/v2\/mining-and-logging-threat?post=23081"},{"taxonomy":"natural-forest-loss","embeddable":true,"href":"https:\/\/www.maapprogram.org\/pt-br\/wp-json\/wp\/v2\/natural-forest-loss?post=23081"},{"taxonomy":"special-analysis","embeddable":true,"href":"https:\/\/www.maapprogram.org\/pt-br\/wp-json\/wp\/v2\/special-analysis?post=23081"}],"curies":[{"name":"wp","href":"https:\/\/api.w.org\/{rel}","templated":true}]}}