{"id":23111,"date":"2018-07-27T15:56:00","date_gmt":"2018-07-27T15:56:00","guid":{"rendered":"https:\/\/www.maapprogram.org\/?p=23111"},"modified":"2024-09-26T18:39:29","modified_gmt":"2024-09-26T18:39:29","slug":"maap-89-portugues","status":"publish","type":"post","link":"https:\/\/www.maapprogram.org\/pt-br\/maap-89-portugues\/","title":{"rendered":"MAAP #89: Impactos do Projeto de Minera\u00e7\u00e3o \u201cMirador\u201d na Amaz\u00f4nia Equatoriana"},"content":{"rendered":"<h3><b>MAAP #89:<br \/>\n<\/b><b><a href=\"https:\/\/www.maapprogram.org\/mirador-ecuador\/\" data-feathr-click-track=\"true\" data-feathr-link-aids=\"6182f4e07f71b7b1555341c3\">Impactos do Projeto de Minera\u00e7\u00e3o \u201cMirador\u201d na Amaz\u00f4nia Equatoriana<\/a><br \/>\n<a href=\"https:\/\/www.maapprogram.org\/mirador-ecuador\/\" data-feathr-click-track=\"true\" data-feathr-link-aids=\"6182f4e07f71b7b1555341c3\">https:\/\/www.maapprogram.org\/mirador-ecuador\/<\/a><\/b><\/h3>\n<h3><b>\u00a0<\/b><\/h3>\n<div id=\"attachment_7443\" class=\"thumbnail alignright\"><a href=\"https:\/\/www.maapprogram.org\/wp-content\/uploads\/2018\/07\/Capture-mirador.jpg\"><img decoding=\"async\" class=\"wp-image-7443 size-full\" src=\"https:\/\/www.maapprogram.org\/wp-content\/uploads\/2018\/07\/Capture-mirador.jpg\" alt=\"\" width=\"635\" height=\"454\" \/><\/a><div class=\"caption\">Projeto de minera\u00e7\u00e3o \u201cMirador\u201d no Equador.<\/div><\/div>\n<p>A\u00a0\u00a0<b>Amaz\u00f4nia equatoriana<\/b>\u00a0\u00a0est\u00e1 vivenciando um n\u00famero crescente de conflitos diretamente relacionados a projetos de extra\u00e7\u00e3o de petr\u00f3leo e minera\u00e7\u00e3o.<\/p>\n<p>Aqui,\u00a0focamos no projeto de minera\u00e7\u00e3o \u201c\u00a0<b>Mirador<\/b>\u00a0\u201d, uma mina de cobre a c\u00e9u aberto na Cordillera del C\u00f3ndor, uma cadeia de montanhas ao longo da fronteira Equador\/Peru que abriga um alto n\u00edvel de endemismo.<\/p>\n<p>Mostramos uma s\u00e9rie de\u00a0\u00a0<b>imagens de sat\u00e9lite<\/b>\u00a0\u00a0que destacam tanto os impactos ambientais, como o desmatamento de mais de 3.200 acres, quanto os impactos sociais, como a reintegra\u00e7\u00e3o for\u00e7ada de comunidades.<\/p>\n<p><b>*<\/b>\u00a0A s\u00e9rie Equador \u00e9 uma colabora\u00e7\u00e3o entre a Amazon Conservation, a Amazon Conservation Team e a EcoCiencia, financiada pela Funda\u00e7\u00e3o MacArthur.<\/p>\n<p><b>MAAP #89:\u00a0\u00a0<\/b><b>Impactos do Projeto de Minera\u00e7\u00e3o \u201cMirador\u201d na Amaz\u00f4nia Equatoriana<br \/>\n<\/b><b><a href=\"https:\/\/www.maapprogram.org\/mirador-ecuador\/\" target=\"_blank\" rel=\"noopener\" data-feathr-click-track=\"true\" data-feathr-link-aids=\"6182f4e07f71b7b1555341c3\">https:\/\/www.maapprogram.org\/mirador-ecuador\/<\/a><\/b><\/p>\n<p>&nbsp;<\/p>\n<div>\n<div>\n<div class=\"fitem-sep\"><\/div>\n<\/div>\n<\/div>\n","protected":false},"excerpt":{"rendered":"<p>MAAP #89: Impactos do Projeto de Minera\u00e7\u00e3o \u201cMirador\u201d na Amaz\u00f4nia Equatoriana https:\/\/www.maapprogram.org\/mirador-ecuador\/ \u00a0 A\u00a0\u00a0Amaz\u00f4nia equatoriana\u00a0\u00a0est\u00e1 vivenciando um n\u00famero crescente de conflitos diretamente relacionados a projetos de extra\u00e7\u00e3o de petr\u00f3leo e minera\u00e7\u00e3o. Aqui,\u00a0focamos no projeto de minera\u00e7\u00e3o \u201c\u00a0Mirador\u00a0\u201d, uma mina de cobre a c\u00e9u aberto na Cordillera del C\u00f3ndor, uma cadeia de montanhas ao longo da [&hellip;]<\/p>\n","protected":false},"author":4,"featured_media":0,"comment_status":"open","ping_status":"open","sticky":false,"template":"","format":"standard","meta":{"_acf_changed":false,"footnotes":""},"categories":[3],"tags":[],"ftr_agriculture":[],"carbon-and-climate-change":[],"ftr_country":[485],"fire":[],"infrastructure-threat":[],"land-use":[],"mining-and-logging-threat":[459],"natural-forest-loss":[],"special-analysis":[],"class_list":["post-23111","post","type-post","status-publish","format-standard","hentry","category-nao-categorizado","ftr_country-equador","mining-and-logging-threat-mineracao-de-ouro"],"acf":[],"yoast_head":"<!-- This site is optimized with the Yoast SEO plugin v27.3 - https:\/\/yoast.com\/product\/yoast-seo-wordpress\/ -->\n<title>MAAP #89: Impactos do Projeto de Minera\u00e7\u00e3o \u201cMirador\u201d na Amaz\u00f4nia Equatoriana - MAAP<\/title>\n<meta name=\"robots\" content=\"index, follow, max-snippet:-1, max-image-preview:large, max-video-preview:-1\" \/>\n<link rel=\"canonical\" href=\"https:\/\/www.maapprogram.org\/pt-br\/maap-89-portugues\/\" \/>\n<meta property=\"og:locale\" content=\"pt_BR\" \/>\n<meta property=\"og:type\" content=\"article\" \/>\n<meta property=\"og:title\" content=\"MAAP #89: Impactos do Projeto de Minera\u00e7\u00e3o \u201cMirador\u201d na Amaz\u00f4nia Equatoriana - MAAP\" \/>\n<meta property=\"og:description\" content=\"MAAP #89: Impactos do Projeto de Minera\u00e7\u00e3o \u201cMirador\u201d na Amaz\u00f4nia Equatoriana https:\/\/www.maapprogram.org\/mirador-ecuador\/ \u00a0 A\u00a0\u00a0Amaz\u00f4nia equatoriana\u00a0\u00a0est\u00e1 vivenciando um n\u00famero crescente de conflitos diretamente relacionados a projetos de extra\u00e7\u00e3o de petr\u00f3leo e minera\u00e7\u00e3o. Aqui,\u00a0focamos no projeto de minera\u00e7\u00e3o \u201c\u00a0Mirador\u00a0\u201d, uma mina de cobre a c\u00e9u aberto na Cordillera del C\u00f3ndor, uma cadeia de montanhas ao longo da [&hellip;]\" \/>\n<meta property=\"og:url\" content=\"https:\/\/www.maapprogram.org\/pt-br\/maap-89-portugues\/\" \/>\n<meta property=\"og:site_name\" content=\"MAAP\" \/>\n<meta property=\"article:published_time\" content=\"2018-07-27T15:56:00+00:00\" \/>\n<meta property=\"article:modified_time\" content=\"2024-09-26T18:39:29+00:00\" \/>\n<meta property=\"og:image\" content=\"https:\/\/www.maapprogram.org\/wp-content\/uploads\/2018\/07\/Capture-mirador.jpg\" \/>\n<meta name=\"author\" content=\"MAAP Consultants\" \/>\n<meta name=\"twitter:card\" content=\"summary_large_image\" \/>\n<meta name=\"twitter:label1\" content=\"Escrito por\" \/>\n\t<meta name=\"twitter:data1\" content=\"MAAP Consultants\" \/>\n\t<meta name=\"twitter:label2\" content=\"Est. tempo de leitura\" \/>\n\t<meta name=\"twitter:data2\" content=\"2 minutos\" \/>\n<script type=\"application\/ld+json\" class=\"yoast-schema-graph\">{\"@context\":\"https:\\\/\\\/schema.org\",\"@graph\":[{\"@type\":\"Article\",\"@id\":\"https:\\\/\\\/www.maapprogram.org\\\/pt-br\\\/maap-89-portugues\\\/#article\",\"isPartOf\":{\"@id\":\"https:\\\/\\\/www.maapprogram.org\\\/pt-br\\\/maap-89-portugues\\\/\"},\"author\":{\"name\":\"MAAP Consultants\",\"@id\":\"https:\\\/\\\/www.maapprogram.org\\\/pt-br\\\/#\\\/schema\\\/person\\\/2f7133e3c0723ceecd6dabc9b4f198ce\"},\"headline\":\"MAAP #89: Impactos do Projeto de Minera\u00e7\u00e3o \u201cMirador\u201d na Amaz\u00f4nia Equatoriana\",\"datePublished\":\"2018-07-27T15:56:00+00:00\",\"dateModified\":\"2024-09-26T18:39:29+00:00\",\"mainEntityOfPage\":{\"@id\":\"https:\\\/\\\/www.maapprogram.org\\\/pt-br\\\/maap-89-portugues\\\/\"},\"wordCount\":183,\"commentCount\":0,\"image\":{\"@id\":\"https:\\\/\\\/www.maapprogram.org\\\/pt-br\\\/maap-89-portugues\\\/#primaryimage\"},\"thumbnailUrl\":\"https:\\\/\\\/www.maapprogram.org\\\/wp-content\\\/uploads\\\/2018\\\/07\\\/Capture-mirador.jpg\",\"articleSection\":[\"N\u00e3o categorizado\"],\"inLanguage\":\"pt-BR\",\"potentialAction\":[{\"@type\":\"CommentAction\",\"name\":\"Comment\",\"target\":[\"https:\\\/\\\/www.maapprogram.org\\\/pt-br\\\/maap-89-portugues\\\/#respond\"]}]},{\"@type\":\"WebPage\",\"@id\":\"https:\\\/\\\/www.maapprogram.org\\\/pt-br\\\/maap-89-portugues\\\/\",\"url\":\"https:\\\/\\\/www.maapprogram.org\\\/pt-br\\\/maap-89-portugues\\\/\",\"name\":\"MAAP #89: Impactos do Projeto de Minera\u00e7\u00e3o \u201cMirador\u201d na Amaz\u00f4nia Equatoriana - MAAP\",\"isPartOf\":{\"@id\":\"https:\\\/\\\/www.maapprogram.org\\\/pt-br\\\/#website\"},\"primaryImageOfPage\":{\"@id\":\"https:\\\/\\\/www.maapprogram.org\\\/pt-br\\\/maap-89-portugues\\\/#primaryimage\"},\"image\":{\"@id\":\"https:\\\/\\\/www.maapprogram.org\\\/pt-br\\\/maap-89-portugues\\\/#primaryimage\"},\"thumbnailUrl\":\"https:\\\/\\\/www.maapprogram.org\\\/wp-content\\\/uploads\\\/2018\\\/07\\\/Capture-mirador.jpg\",\"datePublished\":\"2018-07-27T15:56:00+00:00\",\"dateModified\":\"2024-09-26T18:39:29+00:00\",\"author\":{\"@id\":\"https:\\\/\\\/www.maapprogram.org\\\/pt-br\\\/#\\\/schema\\\/person\\\/2f7133e3c0723ceecd6dabc9b4f198ce\"},\"breadcrumb\":{\"@id\":\"https:\\\/\\\/www.maapprogram.org\\\/pt-br\\\/maap-89-portugues\\\/#breadcrumb\"},\"inLanguage\":\"pt-BR\",\"potentialAction\":[{\"@type\":\"ReadAction\",\"target\":[\"https:\\\/\\\/www.maapprogram.org\\\/pt-br\\\/maap-89-portugues\\\/\"]}]},{\"@type\":\"ImageObject\",\"inLanguage\":\"pt-BR\",\"@id\":\"https:\\\/\\\/www.maapprogram.org\\\/pt-br\\\/maap-89-portugues\\\/#primaryimage\",\"url\":\"https:\\\/\\\/www.maapprogram.org\\\/wp-content\\\/uploads\\\/2018\\\/07\\\/Capture-mirador.jpg\",\"contentUrl\":\"https:\\\/\\\/www.maapprogram.org\\\/wp-content\\\/uploads\\\/2018\\\/07\\\/Capture-mirador.jpg\"},{\"@type\":\"BreadcrumbList\",\"@id\":\"https:\\\/\\\/www.maapprogram.org\\\/pt-br\\\/maap-89-portugues\\\/#breadcrumb\",\"itemListElement\":[{\"@type\":\"ListItem\",\"position\":1,\"name\":\"Home\",\"item\":\"https:\\\/\\\/www.maapprogram.org\\\/pt-br\\\/\"},{\"@type\":\"ListItem\",\"position\":2,\"name\":\"MAAP #89: Impactos do Projeto de Minera\u00e7\u00e3o \u201cMirador\u201d na Amaz\u00f4nia Equatoriana\"}]},{\"@type\":\"WebSite\",\"@id\":\"https:\\\/\\\/www.maapprogram.org\\\/pt-br\\\/#website\",\"url\":\"https:\\\/\\\/www.maapprogram.org\\\/pt-br\\\/\",\"name\":\"MAAP\",\"description\":\"\",\"potentialAction\":[{\"@type\":\"SearchAction\",\"target\":{\"@type\":\"EntryPoint\",\"urlTemplate\":\"https:\\\/\\\/www.maapprogram.org\\\/pt-br\\\/?s={search_term_string}\"},\"query-input\":{\"@type\":\"PropertyValueSpecification\",\"valueRequired\":true,\"valueName\":\"search_term_string\"}}],\"inLanguage\":\"pt-BR\"},{\"@type\":\"Person\",\"@id\":\"https:\\\/\\\/www.maapprogram.org\\\/pt-br\\\/#\\\/schema\\\/person\\\/2f7133e3c0723ceecd6dabc9b4f198ce\",\"name\":\"MAAP Consultants\",\"image\":{\"@type\":\"ImageObject\",\"inLanguage\":\"pt-BR\",\"@id\":\"https:\\\/\\\/secure.gravatar.com\\\/avatar\\\/5889bd7805b73b186236cf81236e7511b08707f4115893e4569c33d93f127911?s=96&d=mm&r=g\",\"url\":\"https:\\\/\\\/secure.gravatar.com\\\/avatar\\\/5889bd7805b73b186236cf81236e7511b08707f4115893e4569c33d93f127911?s=96&d=mm&r=g\",\"contentUrl\":\"https:\\\/\\\/secure.gravatar.com\\\/avatar\\\/5889bd7805b73b186236cf81236e7511b08707f4115893e4569c33d93f127911?s=96&d=mm&r=g\",\"caption\":\"MAAP Consultants\"},\"url\":\"https:\\\/\\\/www.maapprogram.org\\\/pt-br\\\/author\\\/maapconsultants\\\/\"}]}<\/script>\n<!-- \/ Yoast SEO plugin. -->","yoast_head_json":{"title":"MAAP #89: Impactos do Projeto de Minera\u00e7\u00e3o \u201cMirador\u201d na Amaz\u00f4nia Equatoriana - MAAP","robots":{"index":"index","follow":"follow","max-snippet":"max-snippet:-1","max-image-preview":"max-image-preview:large","max-video-preview":"max-video-preview:-1"},"canonical":"https:\/\/www.maapprogram.org\/pt-br\/maap-89-portugues\/","og_locale":"pt_BR","og_type":"article","og_title":"MAAP #89: Impactos do Projeto de Minera\u00e7\u00e3o \u201cMirador\u201d na Amaz\u00f4nia Equatoriana - MAAP","og_description":"MAAP #89: Impactos do Projeto de Minera\u00e7\u00e3o \u201cMirador\u201d na Amaz\u00f4nia Equatoriana https:\/\/www.maapprogram.org\/mirador-ecuador\/ \u00a0 A\u00a0\u00a0Amaz\u00f4nia equatoriana\u00a0\u00a0est\u00e1 vivenciando um n\u00famero crescente de conflitos diretamente relacionados a projetos de extra\u00e7\u00e3o de petr\u00f3leo e minera\u00e7\u00e3o. Aqui,\u00a0focamos no projeto de minera\u00e7\u00e3o \u201c\u00a0Mirador\u00a0\u201d, uma mina de cobre a c\u00e9u aberto na Cordillera del C\u00f3ndor, uma cadeia de montanhas ao longo da [&hellip;]","og_url":"https:\/\/www.maapprogram.org\/pt-br\/maap-89-portugues\/","og_site_name":"MAAP","article_published_time":"2018-07-27T15:56:00+00:00","article_modified_time":"2024-09-26T18:39:29+00:00","og_image":[{"url":"https:\/\/www.maapprogram.org\/wp-content\/uploads\/2018\/07\/Capture-mirador.jpg","type":"","width":"","height":""}],"author":"MAAP Consultants","twitter_card":"summary_large_image","twitter_misc":{"Escrito por":"MAAP Consultants","Est. tempo de leitura":"2 minutos"},"schema":{"@context":"https:\/\/schema.org","@graph":[{"@type":"Article","@id":"https:\/\/www.maapprogram.org\/pt-br\/maap-89-portugues\/#article","isPartOf":{"@id":"https:\/\/www.maapprogram.org\/pt-br\/maap-89-portugues\/"},"author":{"name":"MAAP Consultants","@id":"https:\/\/www.maapprogram.org\/pt-br\/#\/schema\/person\/2f7133e3c0723ceecd6dabc9b4f198ce"},"headline":"MAAP #89: Impactos do Projeto de Minera\u00e7\u00e3o \u201cMirador\u201d na Amaz\u00f4nia Equatoriana","datePublished":"2018-07-27T15:56:00+00:00","dateModified":"2024-09-26T18:39:29+00:00","mainEntityOfPage":{"@id":"https:\/\/www.maapprogram.org\/pt-br\/maap-89-portugues\/"},"wordCount":183,"commentCount":0,"image":{"@id":"https:\/\/www.maapprogram.org\/pt-br\/maap-89-portugues\/#primaryimage"},"thumbnailUrl":"https:\/\/www.maapprogram.org\/wp-content\/uploads\/2018\/07\/Capture-mirador.jpg","articleSection":["N\u00e3o categorizado"],"inLanguage":"pt-BR","potentialAction":[{"@type":"CommentAction","name":"Comment","target":["https:\/\/www.maapprogram.org\/pt-br\/maap-89-portugues\/#respond"]}]},{"@type":"WebPage","@id":"https:\/\/www.maapprogram.org\/pt-br\/maap-89-portugues\/","url":"https:\/\/www.maapprogram.org\/pt-br\/maap-89-portugues\/","name":"MAAP #89: Impactos do Projeto de Minera\u00e7\u00e3o \u201cMirador\u201d na Amaz\u00f4nia Equatoriana - MAAP","isPartOf":{"@id":"https:\/\/www.maapprogram.org\/pt-br\/#website"},"primaryImageOfPage":{"@id":"https:\/\/www.maapprogram.org\/pt-br\/maap-89-portugues\/#primaryimage"},"image":{"@id":"https:\/\/www.maapprogram.org\/pt-br\/maap-89-portugues\/#primaryimage"},"thumbnailUrl":"https:\/\/www.maapprogram.org\/wp-content\/uploads\/2018\/07\/Capture-mirador.jpg","datePublished":"2018-07-27T15:56:00+00:00","dateModified":"2024-09-26T18:39:29+00:00","author":{"@id":"https:\/\/www.maapprogram.org\/pt-br\/#\/schema\/person\/2f7133e3c0723ceecd6dabc9b4f198ce"},"breadcrumb":{"@id":"https:\/\/www.maapprogram.org\/pt-br\/maap-89-portugues\/#breadcrumb"},"inLanguage":"pt-BR","potentialAction":[{"@type":"ReadAction","target":["https:\/\/www.maapprogram.org\/pt-br\/maap-89-portugues\/"]}]},{"@type":"ImageObject","inLanguage":"pt-BR","@id":"https:\/\/www.maapprogram.org\/pt-br\/maap-89-portugues\/#primaryimage","url":"https:\/\/www.maapprogram.org\/wp-content\/uploads\/2018\/07\/Capture-mirador.jpg","contentUrl":"https:\/\/www.maapprogram.org\/wp-content\/uploads\/2018\/07\/Capture-mirador.jpg"},{"@type":"BreadcrumbList","@id":"https:\/\/www.maapprogram.org\/pt-br\/maap-89-portugues\/#breadcrumb","itemListElement":[{"@type":"ListItem","position":1,"name":"Home","item":"https:\/\/www.maapprogram.org\/pt-br\/"},{"@type":"ListItem","position":2,"name":"MAAP #89: Impactos do Projeto de Minera\u00e7\u00e3o \u201cMirador\u201d na Amaz\u00f4nia Equatoriana"}]},{"@type":"WebSite","@id":"https:\/\/www.maapprogram.org\/pt-br\/#website","url":"https:\/\/www.maapprogram.org\/pt-br\/","name":"MAAP","description":"","potentialAction":[{"@type":"SearchAction","target":{"@type":"EntryPoint","urlTemplate":"https:\/\/www.maapprogram.org\/pt-br\/?s={search_term_string}"},"query-input":{"@type":"PropertyValueSpecification","valueRequired":true,"valueName":"search_term_string"}}],"inLanguage":"pt-BR"},{"@type":"Person","@id":"https:\/\/www.maapprogram.org\/pt-br\/#\/schema\/person\/2f7133e3c0723ceecd6dabc9b4f198ce","name":"MAAP Consultants","image":{"@type":"ImageObject","inLanguage":"pt-BR","@id":"https:\/\/secure.gravatar.com\/avatar\/5889bd7805b73b186236cf81236e7511b08707f4115893e4569c33d93f127911?s=96&d=mm&r=g","url":"https:\/\/secure.gravatar.com\/avatar\/5889bd7805b73b186236cf81236e7511b08707f4115893e4569c33d93f127911?s=96&d=mm&r=g","contentUrl":"https:\/\/secure.gravatar.com\/avatar\/5889bd7805b73b186236cf81236e7511b08707f4115893e4569c33d93f127911?s=96&d=mm&r=g","caption":"MAAP Consultants"},"url":"https:\/\/www.maapprogram.org\/pt-br\/author\/maapconsultants\/"}]}},"_links":{"self":[{"href":"https:\/\/www.maapprogram.org\/pt-br\/wp-json\/wp\/v2\/posts\/23111","targetHints":{"allow":["GET"]}}],"collection":[{"href":"https:\/\/www.maapprogram.org\/pt-br\/wp-json\/wp\/v2\/posts"}],"about":[{"href":"https:\/\/www.maapprogram.org\/pt-br\/wp-json\/wp\/v2\/types\/post"}],"author":[{"embeddable":true,"href":"https:\/\/www.maapprogram.org\/pt-br\/wp-json\/wp\/v2\/users\/4"}],"replies":[{"embeddable":true,"href":"https:\/\/www.maapprogram.org\/pt-br\/wp-json\/wp\/v2\/comments?post=23111"}],"version-history":[{"count":2,"href":"https:\/\/www.maapprogram.org\/pt-br\/wp-json\/wp\/v2\/posts\/23111\/revisions"}],"predecessor-version":[{"id":23114,"href":"https:\/\/www.maapprogram.org\/pt-br\/wp-json\/wp\/v2\/posts\/23111\/revisions\/23114"}],"wp:attachment":[{"href":"https:\/\/www.maapprogram.org\/pt-br\/wp-json\/wp\/v2\/media?parent=23111"}],"wp:term":[{"taxonomy":"category","embeddable":true,"href":"https:\/\/www.maapprogram.org\/pt-br\/wp-json\/wp\/v2\/categories?post=23111"},{"taxonomy":"post_tag","embeddable":true,"href":"https:\/\/www.maapprogram.org\/pt-br\/wp-json\/wp\/v2\/tags?post=23111"},{"taxonomy":"ftr_agriculture","embeddable":true,"href":"https:\/\/www.maapprogram.org\/pt-br\/wp-json\/wp\/v2\/ftr_agriculture?post=23111"},{"taxonomy":"carbon-and-climate-change","embeddable":true,"href":"https:\/\/www.maapprogram.org\/pt-br\/wp-json\/wp\/v2\/carbon-and-climate-change?post=23111"},{"taxonomy":"ftr_country","embeddable":true,"href":"https:\/\/www.maapprogram.org\/pt-br\/wp-json\/wp\/v2\/ftr_country?post=23111"},{"taxonomy":"fire","embeddable":true,"href":"https:\/\/www.maapprogram.org\/pt-br\/wp-json\/wp\/v2\/fire?post=23111"},{"taxonomy":"infrastructure-threat","embeddable":true,"href":"https:\/\/www.maapprogram.org\/pt-br\/wp-json\/wp\/v2\/infrastructure-threat?post=23111"},{"taxonomy":"land-use","embeddable":true,"href":"https:\/\/www.maapprogram.org\/pt-br\/wp-json\/wp\/v2\/land-use?post=23111"},{"taxonomy":"mining-and-logging-threat","embeddable":true,"href":"https:\/\/www.maapprogram.org\/pt-br\/wp-json\/wp\/v2\/mining-and-logging-threat?post=23111"},{"taxonomy":"natural-forest-loss","embeddable":true,"href":"https:\/\/www.maapprogram.org\/pt-br\/wp-json\/wp\/v2\/natural-forest-loss?post=23111"},{"taxonomy":"special-analysis","embeddable":true,"href":"https:\/\/www.maapprogram.org\/pt-br\/wp-json\/wp\/v2\/special-analysis?post=23111"}],"curies":[{"name":"wp","href":"https:\/\/api.w.org\/{rel}","templated":true}]}}