{"id":23121,"date":"2018-06-26T10:33:00","date_gmt":"2018-06-26T10:33:00","guid":{"rendered":"https:\/\/www.maapprogram.org\/?p=23121"},"modified":"2024-09-26T18:21:39","modified_gmt":"2024-09-26T18:21:39","slug":"maap-colombia-chiribiquete-pontos-criticos-de-desmatamento-na-amazonia-colombiana-parte-3","status":"publish","type":"post","link":"https:\/\/www.maapprogram.org\/pt-br\/maap-colombia-chiribiquete-pontos-criticos-de-desmatamento-na-amazonia-colombiana-parte-3\/","title":{"rendered":"MAAP Col\u00f4mbia: Chiribiquete \u2013 Pontos cr\u00edticos de desmatamento na Amaz\u00f4nia colombiana, parte 3"},"content":{"rendered":"<h3><a href=\"https:\/\/www.maapprogram.org\/chiribiquete\/\"><b>MAAP #86: Pontos cr\u00edticos de desmatamento na Amaz\u00f4nia colombiana, parte 3: Chiribiquete-Macarena<\/b><\/a><\/h3>\n<p><span style=\"font-weight: 400;\">Apresentamos nosso terceiro relat\u00f3rio* em uma s\u00e9rie que investiga\u00a0 <\/span><b>os hotspots de desmatamento<\/b><span style=\"font-weight: 400;\">\u00a0 na\u00a0 <\/span><b>Amaz\u00f4nia Colombiana<\/b><span style=\"font-weight: 400;\"> . Aqui, focamos no <\/span><a href=\"https:\/\/www.maapprogram.org\/chiribiquete\/\"><b>hotspot \u201cChiribiquete-Macarena\u201d <\/b><\/a><span style=\"font-weight: 400;\">\u00a0, localizado entre os Parques Nacionais Chiribiquete e La Macarena.<\/span><a href=\"https:\/\/www.maapprogram.org\/chiribiquete\/\"><span style=\"font-weight: 400;\">\u00a0<\/span><\/a><\/p>\n<p><span style=\"font-weight: 400;\">O governo colombiano est\u00e1 finalizando os planos para expandir os limites do\u00a0 <\/span><b>Parque Nacional Chiribiquete<\/b><span style=\"font-weight: 400;\"> , um passo importante para a conserva\u00e7\u00e3o. No entanto, mostramos (com\u00a0 <\/span><b>imagens de alta resolu\u00e7\u00e3o<\/b><span style=\"font-weight: 400;\"> ) que o desmatamento est\u00e1 aumentando na \u00e1rea e se expandindo rapidamente em dire\u00e7\u00e3o a esses novos limites. De fato, em 2018, o desmatamento entrou no parque rec\u00e9m-expandido.<\/span><\/p>\n<p><b>MAAP #86: Pontos cr\u00edticos de desmatamento na Amaz\u00f4nia colombiana, parte 3: Chiribiquete-Macarena<\/b><\/p>\n<p><a href=\"https:\/\/www.maapprogram.org\/chiribiquete\/\"><b>https:\/\/www.maapprogram.org\/chiribiquete\/<\/b><\/a><\/p>\n<p><b>\u00a0<\/b><\/p>\n<p><span style=\"font-weight: 400;\">*O\u00a0 <\/span><a href=\"https:\/\/www.maapprogram.org-deforestation-patterns-colombian-amazon\/\"><span style=\"font-weight: 400;\">primeiro relat\u00f3rio<\/span><\/a><span style=\"font-weight: 400;\">\u00a0 focou no\u00a0 <\/span><b>hotspot \u201cCaguan\u201d<\/b><span style=\"font-weight: 400;\">\u00a0 no departamento de Caquet\u00e1. O\u00a0 <\/span><a href=\"https:\/\/www.maapprogram.org\/colombia2\/\"><span style=\"font-weight: 400;\">segundo relat\u00f3rio<\/span><\/a><span style=\"font-weight: 400;\">\u00a0 focou no\u00a0 <\/span><b>hotspot \u201cLa Paya\u201d <\/b><span style=\"font-weight: 400;\">\u00a0no departamento de Putumayo.<\/span><\/p>\n","protected":false},"excerpt":{"rendered":"<p>MAAP #86: Pontos cr\u00edticos de desmatamento na Amaz\u00f4nia colombiana, parte 3: Chiribiquete-Macarena Apresentamos nosso terceiro relat\u00f3rio* em uma s\u00e9rie que investiga\u00a0 os hotspots de desmatamento\u00a0 na\u00a0 Amaz\u00f4nia Colombiana . Aqui, focamos no hotspot \u201cChiribiquete-Macarena\u201d \u00a0, localizado entre os Parques Nacionais Chiribiquete e La Macarena.\u00a0 O governo colombiano est\u00e1 finalizando os planos para expandir os limites [&hellip;]<\/p>\n","protected":false},"author":4,"featured_media":0,"comment_status":"open","ping_status":"open","sticky":false,"template":"","format":"standard","meta":{"_acf_changed":false,"footnotes":""},"categories":[3],"tags":[],"ftr_agriculture":[],"carbon-and-climate-change":[],"ftr_country":[484],"fire":[],"infrastructure-threat":[],"land-use":[],"mining-and-logging-threat":[],"natural-forest-loss":[],"special-analysis":[],"class_list":["post-23121","post","type-post","status-publish","format-standard","hentry","category-nao-categorizado","ftr_country-colombia-3"],"acf":[],"yoast_head":"<!-- This site is optimized with the Yoast SEO plugin v27.3 - https:\/\/yoast.com\/product\/yoast-seo-wordpress\/ -->\n<title>MAAP Col\u00f4mbia: Chiribiquete \u2013 Pontos cr\u00edticos de desmatamento na Amaz\u00f4nia colombiana, parte 3 - MAAP<\/title>\n<meta name=\"robots\" content=\"index, follow, max-snippet:-1, max-image-preview:large, max-video-preview:-1\" \/>\n<link rel=\"canonical\" href=\"https:\/\/www.maapprogram.org\/pt-br\/maap-colombia-chiribiquete-pontos-criticos-de-desmatamento-na-amazonia-colombiana-parte-3\/\" \/>\n<meta property=\"og:locale\" content=\"pt_BR\" \/>\n<meta property=\"og:type\" content=\"article\" \/>\n<meta property=\"og:title\" content=\"MAAP Col\u00f4mbia: Chiribiquete \u2013 Pontos cr\u00edticos de desmatamento na Amaz\u00f4nia colombiana, parte 3 - MAAP\" \/>\n<meta property=\"og:description\" content=\"MAAP #86: Pontos cr\u00edticos de desmatamento na Amaz\u00f4nia colombiana, parte 3: Chiribiquete-Macarena Apresentamos nosso terceiro relat\u00f3rio* em uma s\u00e9rie que investiga\u00a0 os hotspots de desmatamento\u00a0 na\u00a0 Amaz\u00f4nia Colombiana . Aqui, focamos no hotspot \u201cChiribiquete-Macarena\u201d \u00a0, localizado entre os Parques Nacionais Chiribiquete e La Macarena.\u00a0 O governo colombiano est\u00e1 finalizando os planos para expandir os limites [&hellip;]\" \/>\n<meta property=\"og:url\" content=\"https:\/\/www.maapprogram.org\/pt-br\/maap-colombia-chiribiquete-pontos-criticos-de-desmatamento-na-amazonia-colombiana-parte-3\/\" \/>\n<meta property=\"og:site_name\" content=\"MAAP\" \/>\n<meta property=\"article:published_time\" content=\"2018-06-26T10:33:00+00:00\" \/>\n<meta property=\"article:modified_time\" content=\"2024-09-26T18:21:39+00:00\" \/>\n<meta name=\"author\" content=\"MAAP Consultants\" \/>\n<meta name=\"twitter:card\" content=\"summary_large_image\" \/>\n<meta name=\"twitter:label1\" content=\"Escrito por\" \/>\n\t<meta name=\"twitter:data1\" content=\"MAAP Consultants\" \/>\n\t<meta name=\"twitter:label2\" content=\"Est. tempo de leitura\" \/>\n\t<meta name=\"twitter:data2\" content=\"1 minuto\" \/>\n<script type=\"application\/ld+json\" class=\"yoast-schema-graph\">{\"@context\":\"https:\\\/\\\/schema.org\",\"@graph\":[{\"@type\":\"Article\",\"@id\":\"https:\\\/\\\/www.maapprogram.org\\\/pt-br\\\/maap-colombia-chiribiquete-pontos-criticos-de-desmatamento-na-amazonia-colombiana-parte-3\\\/#article\",\"isPartOf\":{\"@id\":\"https:\\\/\\\/www.maapprogram.org\\\/pt-br\\\/maap-colombia-chiribiquete-pontos-criticos-de-desmatamento-na-amazonia-colombiana-parte-3\\\/\"},\"author\":{\"name\":\"MAAP Consultants\",\"@id\":\"https:\\\/\\\/www.maapprogram.org\\\/pt-br\\\/#\\\/schema\\\/person\\\/2f7133e3c0723ceecd6dabc9b4f198ce\"},\"headline\":\"MAAP Col\u00f4mbia: Chiribiquete \u2013 Pontos cr\u00edticos de desmatamento na Amaz\u00f4nia colombiana, parte 3\",\"datePublished\":\"2018-06-26T10:33:00+00:00\",\"dateModified\":\"2024-09-26T18:21:39+00:00\",\"mainEntityOfPage\":{\"@id\":\"https:\\\/\\\/www.maapprogram.org\\\/pt-br\\\/maap-colombia-chiribiquete-pontos-criticos-de-desmatamento-na-amazonia-colombiana-parte-3\\\/\"},\"wordCount\":160,\"commentCount\":0,\"articleSection\":[\"N\u00e3o categorizado\"],\"inLanguage\":\"pt-BR\",\"potentialAction\":[{\"@type\":\"CommentAction\",\"name\":\"Comment\",\"target\":[\"https:\\\/\\\/www.maapprogram.org\\\/pt-br\\\/maap-colombia-chiribiquete-pontos-criticos-de-desmatamento-na-amazonia-colombiana-parte-3\\\/#respond\"]}]},{\"@type\":\"WebPage\",\"@id\":\"https:\\\/\\\/www.maapprogram.org\\\/pt-br\\\/maap-colombia-chiribiquete-pontos-criticos-de-desmatamento-na-amazonia-colombiana-parte-3\\\/\",\"url\":\"https:\\\/\\\/www.maapprogram.org\\\/pt-br\\\/maap-colombia-chiribiquete-pontos-criticos-de-desmatamento-na-amazonia-colombiana-parte-3\\\/\",\"name\":\"MAAP Col\u00f4mbia: Chiribiquete \u2013 Pontos cr\u00edticos de desmatamento na Amaz\u00f4nia colombiana, parte 3 - MAAP\",\"isPartOf\":{\"@id\":\"https:\\\/\\\/www.maapprogram.org\\\/pt-br\\\/#website\"},\"datePublished\":\"2018-06-26T10:33:00+00:00\",\"dateModified\":\"2024-09-26T18:21:39+00:00\",\"author\":{\"@id\":\"https:\\\/\\\/www.maapprogram.org\\\/pt-br\\\/#\\\/schema\\\/person\\\/2f7133e3c0723ceecd6dabc9b4f198ce\"},\"breadcrumb\":{\"@id\":\"https:\\\/\\\/www.maapprogram.org\\\/pt-br\\\/maap-colombia-chiribiquete-pontos-criticos-de-desmatamento-na-amazonia-colombiana-parte-3\\\/#breadcrumb\"},\"inLanguage\":\"pt-BR\",\"potentialAction\":[{\"@type\":\"ReadAction\",\"target\":[\"https:\\\/\\\/www.maapprogram.org\\\/pt-br\\\/maap-colombia-chiribiquete-pontos-criticos-de-desmatamento-na-amazonia-colombiana-parte-3\\\/\"]}]},{\"@type\":\"BreadcrumbList\",\"@id\":\"https:\\\/\\\/www.maapprogram.org\\\/pt-br\\\/maap-colombia-chiribiquete-pontos-criticos-de-desmatamento-na-amazonia-colombiana-parte-3\\\/#breadcrumb\",\"itemListElement\":[{\"@type\":\"ListItem\",\"position\":1,\"name\":\"Home\",\"item\":\"https:\\\/\\\/www.maapprogram.org\\\/pt-br\\\/\"},{\"@type\":\"ListItem\",\"position\":2,\"name\":\"MAAP Col\u00f4mbia: Chiribiquete \u2013 Pontos cr\u00edticos de desmatamento na Amaz\u00f4nia colombiana, parte 3\"}]},{\"@type\":\"WebSite\",\"@id\":\"https:\\\/\\\/www.maapprogram.org\\\/pt-br\\\/#website\",\"url\":\"https:\\\/\\\/www.maapprogram.org\\\/pt-br\\\/\",\"name\":\"MAAP\",\"description\":\"\",\"potentialAction\":[{\"@type\":\"SearchAction\",\"target\":{\"@type\":\"EntryPoint\",\"urlTemplate\":\"https:\\\/\\\/www.maapprogram.org\\\/pt-br\\\/?s={search_term_string}\"},\"query-input\":{\"@type\":\"PropertyValueSpecification\",\"valueRequired\":true,\"valueName\":\"search_term_string\"}}],\"inLanguage\":\"pt-BR\"},{\"@type\":\"Person\",\"@id\":\"https:\\\/\\\/www.maapprogram.org\\\/pt-br\\\/#\\\/schema\\\/person\\\/2f7133e3c0723ceecd6dabc9b4f198ce\",\"name\":\"MAAP Consultants\",\"image\":{\"@type\":\"ImageObject\",\"inLanguage\":\"pt-BR\",\"@id\":\"https:\\\/\\\/secure.gravatar.com\\\/avatar\\\/5889bd7805b73b186236cf81236e7511b08707f4115893e4569c33d93f127911?s=96&d=mm&r=g\",\"url\":\"https:\\\/\\\/secure.gravatar.com\\\/avatar\\\/5889bd7805b73b186236cf81236e7511b08707f4115893e4569c33d93f127911?s=96&d=mm&r=g\",\"contentUrl\":\"https:\\\/\\\/secure.gravatar.com\\\/avatar\\\/5889bd7805b73b186236cf81236e7511b08707f4115893e4569c33d93f127911?s=96&d=mm&r=g\",\"caption\":\"MAAP Consultants\"},\"url\":\"https:\\\/\\\/www.maapprogram.org\\\/pt-br\\\/author\\\/maapconsultants\\\/\"}]}<\/script>\n<!-- \/ Yoast SEO plugin. -->","yoast_head_json":{"title":"MAAP Col\u00f4mbia: Chiribiquete \u2013 Pontos cr\u00edticos de desmatamento na Amaz\u00f4nia colombiana, parte 3 - MAAP","robots":{"index":"index","follow":"follow","max-snippet":"max-snippet:-1","max-image-preview":"max-image-preview:large","max-video-preview":"max-video-preview:-1"},"canonical":"https:\/\/www.maapprogram.org\/pt-br\/maap-colombia-chiribiquete-pontos-criticos-de-desmatamento-na-amazonia-colombiana-parte-3\/","og_locale":"pt_BR","og_type":"article","og_title":"MAAP Col\u00f4mbia: Chiribiquete \u2013 Pontos cr\u00edticos de desmatamento na Amaz\u00f4nia colombiana, parte 3 - MAAP","og_description":"MAAP #86: Pontos cr\u00edticos de desmatamento na Amaz\u00f4nia colombiana, parte 3: Chiribiquete-Macarena Apresentamos nosso terceiro relat\u00f3rio* em uma s\u00e9rie que investiga\u00a0 os hotspots de desmatamento\u00a0 na\u00a0 Amaz\u00f4nia Colombiana . Aqui, focamos no hotspot \u201cChiribiquete-Macarena\u201d \u00a0, localizado entre os Parques Nacionais Chiribiquete e La Macarena.\u00a0 O governo colombiano est\u00e1 finalizando os planos para expandir os limites [&hellip;]","og_url":"https:\/\/www.maapprogram.org\/pt-br\/maap-colombia-chiribiquete-pontos-criticos-de-desmatamento-na-amazonia-colombiana-parte-3\/","og_site_name":"MAAP","article_published_time":"2018-06-26T10:33:00+00:00","article_modified_time":"2024-09-26T18:21:39+00:00","author":"MAAP Consultants","twitter_card":"summary_large_image","twitter_misc":{"Escrito por":"MAAP Consultants","Est. tempo de leitura":"1 minuto"},"schema":{"@context":"https:\/\/schema.org","@graph":[{"@type":"Article","@id":"https:\/\/www.maapprogram.org\/pt-br\/maap-colombia-chiribiquete-pontos-criticos-de-desmatamento-na-amazonia-colombiana-parte-3\/#article","isPartOf":{"@id":"https:\/\/www.maapprogram.org\/pt-br\/maap-colombia-chiribiquete-pontos-criticos-de-desmatamento-na-amazonia-colombiana-parte-3\/"},"author":{"name":"MAAP Consultants","@id":"https:\/\/www.maapprogram.org\/pt-br\/#\/schema\/person\/2f7133e3c0723ceecd6dabc9b4f198ce"},"headline":"MAAP Col\u00f4mbia: Chiribiquete \u2013 Pontos cr\u00edticos de desmatamento na Amaz\u00f4nia colombiana, parte 3","datePublished":"2018-06-26T10:33:00+00:00","dateModified":"2024-09-26T18:21:39+00:00","mainEntityOfPage":{"@id":"https:\/\/www.maapprogram.org\/pt-br\/maap-colombia-chiribiquete-pontos-criticos-de-desmatamento-na-amazonia-colombiana-parte-3\/"},"wordCount":160,"commentCount":0,"articleSection":["N\u00e3o categorizado"],"inLanguage":"pt-BR","potentialAction":[{"@type":"CommentAction","name":"Comment","target":["https:\/\/www.maapprogram.org\/pt-br\/maap-colombia-chiribiquete-pontos-criticos-de-desmatamento-na-amazonia-colombiana-parte-3\/#respond"]}]},{"@type":"WebPage","@id":"https:\/\/www.maapprogram.org\/pt-br\/maap-colombia-chiribiquete-pontos-criticos-de-desmatamento-na-amazonia-colombiana-parte-3\/","url":"https:\/\/www.maapprogram.org\/pt-br\/maap-colombia-chiribiquete-pontos-criticos-de-desmatamento-na-amazonia-colombiana-parte-3\/","name":"MAAP Col\u00f4mbia: Chiribiquete \u2013 Pontos cr\u00edticos de desmatamento na Amaz\u00f4nia colombiana, parte 3 - MAAP","isPartOf":{"@id":"https:\/\/www.maapprogram.org\/pt-br\/#website"},"datePublished":"2018-06-26T10:33:00+00:00","dateModified":"2024-09-26T18:21:39+00:00","author":{"@id":"https:\/\/www.maapprogram.org\/pt-br\/#\/schema\/person\/2f7133e3c0723ceecd6dabc9b4f198ce"},"breadcrumb":{"@id":"https:\/\/www.maapprogram.org\/pt-br\/maap-colombia-chiribiquete-pontos-criticos-de-desmatamento-na-amazonia-colombiana-parte-3\/#breadcrumb"},"inLanguage":"pt-BR","potentialAction":[{"@type":"ReadAction","target":["https:\/\/www.maapprogram.org\/pt-br\/maap-colombia-chiribiquete-pontos-criticos-de-desmatamento-na-amazonia-colombiana-parte-3\/"]}]},{"@type":"BreadcrumbList","@id":"https:\/\/www.maapprogram.org\/pt-br\/maap-colombia-chiribiquete-pontos-criticos-de-desmatamento-na-amazonia-colombiana-parte-3\/#breadcrumb","itemListElement":[{"@type":"ListItem","position":1,"name":"Home","item":"https:\/\/www.maapprogram.org\/pt-br\/"},{"@type":"ListItem","position":2,"name":"MAAP Col\u00f4mbia: Chiribiquete \u2013 Pontos cr\u00edticos de desmatamento na Amaz\u00f4nia colombiana, parte 3"}]},{"@type":"WebSite","@id":"https:\/\/www.maapprogram.org\/pt-br\/#website","url":"https:\/\/www.maapprogram.org\/pt-br\/","name":"MAAP","description":"","potentialAction":[{"@type":"SearchAction","target":{"@type":"EntryPoint","urlTemplate":"https:\/\/www.maapprogram.org\/pt-br\/?s={search_term_string}"},"query-input":{"@type":"PropertyValueSpecification","valueRequired":true,"valueName":"search_term_string"}}],"inLanguage":"pt-BR"},{"@type":"Person","@id":"https:\/\/www.maapprogram.org\/pt-br\/#\/schema\/person\/2f7133e3c0723ceecd6dabc9b4f198ce","name":"MAAP Consultants","image":{"@type":"ImageObject","inLanguage":"pt-BR","@id":"https:\/\/secure.gravatar.com\/avatar\/5889bd7805b73b186236cf81236e7511b08707f4115893e4569c33d93f127911?s=96&d=mm&r=g","url":"https:\/\/secure.gravatar.com\/avatar\/5889bd7805b73b186236cf81236e7511b08707f4115893e4569c33d93f127911?s=96&d=mm&r=g","contentUrl":"https:\/\/secure.gravatar.com\/avatar\/5889bd7805b73b186236cf81236e7511b08707f4115893e4569c33d93f127911?s=96&d=mm&r=g","caption":"MAAP Consultants"},"url":"https:\/\/www.maapprogram.org\/pt-br\/author\/maapconsultants\/"}]}},"_links":{"self":[{"href":"https:\/\/www.maapprogram.org\/pt-br\/wp-json\/wp\/v2\/posts\/23121","targetHints":{"allow":["GET"]}}],"collection":[{"href":"https:\/\/www.maapprogram.org\/pt-br\/wp-json\/wp\/v2\/posts"}],"about":[{"href":"https:\/\/www.maapprogram.org\/pt-br\/wp-json\/wp\/v2\/types\/post"}],"author":[{"embeddable":true,"href":"https:\/\/www.maapprogram.org\/pt-br\/wp-json\/wp\/v2\/users\/4"}],"replies":[{"embeddable":true,"href":"https:\/\/www.maapprogram.org\/pt-br\/wp-json\/wp\/v2\/comments?post=23121"}],"version-history":[{"count":1,"href":"https:\/\/www.maapprogram.org\/pt-br\/wp-json\/wp\/v2\/posts\/23121\/revisions"}],"predecessor-version":[{"id":23123,"href":"https:\/\/www.maapprogram.org\/pt-br\/wp-json\/wp\/v2\/posts\/23121\/revisions\/23123"}],"wp:attachment":[{"href":"https:\/\/www.maapprogram.org\/pt-br\/wp-json\/wp\/v2\/media?parent=23121"}],"wp:term":[{"taxonomy":"category","embeddable":true,"href":"https:\/\/www.maapprogram.org\/pt-br\/wp-json\/wp\/v2\/categories?post=23121"},{"taxonomy":"post_tag","embeddable":true,"href":"https:\/\/www.maapprogram.org\/pt-br\/wp-json\/wp\/v2\/tags?post=23121"},{"taxonomy":"ftr_agriculture","embeddable":true,"href":"https:\/\/www.maapprogram.org\/pt-br\/wp-json\/wp\/v2\/ftr_agriculture?post=23121"},{"taxonomy":"carbon-and-climate-change","embeddable":true,"href":"https:\/\/www.maapprogram.org\/pt-br\/wp-json\/wp\/v2\/carbon-and-climate-change?post=23121"},{"taxonomy":"ftr_country","embeddable":true,"href":"https:\/\/www.maapprogram.org\/pt-br\/wp-json\/wp\/v2\/ftr_country?post=23121"},{"taxonomy":"fire","embeddable":true,"href":"https:\/\/www.maapprogram.org\/pt-br\/wp-json\/wp\/v2\/fire?post=23121"},{"taxonomy":"infrastructure-threat","embeddable":true,"href":"https:\/\/www.maapprogram.org\/pt-br\/wp-json\/wp\/v2\/infrastructure-threat?post=23121"},{"taxonomy":"land-use","embeddable":true,"href":"https:\/\/www.maapprogram.org\/pt-br\/wp-json\/wp\/v2\/land-use?post=23121"},{"taxonomy":"mining-and-logging-threat","embeddable":true,"href":"https:\/\/www.maapprogram.org\/pt-br\/wp-json\/wp\/v2\/mining-and-logging-threat?post=23121"},{"taxonomy":"natural-forest-loss","embeddable":true,"href":"https:\/\/www.maapprogram.org\/pt-br\/wp-json\/wp\/v2\/natural-forest-loss?post=23121"},{"taxonomy":"special-analysis","embeddable":true,"href":"https:\/\/www.maapprogram.org\/pt-br\/wp-json\/wp\/v2\/special-analysis?post=23121"}],"curies":[{"name":"wp","href":"https:\/\/api.w.org\/{rel}","templated":true}]}}