{"id":23141,"date":"2018-04-02T13:09:00","date_gmt":"2018-04-02T13:09:00","guid":{"rendered":"https:\/\/www.maapprogram.org\/?p=23141"},"modified":"2024-09-16T13:19:16","modified_gmt":"2024-09-16T13:19:16","slug":"maap-81-portugues","status":"publish","type":"post","link":"https:\/\/www.maapprogram.org\/pt-br\/maap-81-portugues\/","title":{"rendered":"MAAP #81: Perda de carbono por desmatamento na Amaz\u00f4nia peruana"},"content":{"rendered":"<div id=\"attachment_7049\" class=\"thumbnail alignright\"><a href=\"https:\/\/www.maapprogram.org\/wp-content\/uploads\/2018\/03\/Mapa_CarbLoss-Peru-2013-2017_Eng.jpg\"><img decoding=\"async\" class=\"wp-image-7049\" src=\"https:\/\/www.maapprogram.org\/wp-content\/uploads\/2018\/03\/Mapa_CarbLoss-Peru-2013-2017_Eng-448x580.jpg\" alt=\"\" width=\"464\" height=\"601\" \/><\/a><div class=\"caption\"><i><span style=\"font-weight: 400;\">Mapa B\u00e1sico. Dados: MINAM\/PNCB, Asner et al 2014<\/span><\/i><\/div><\/div>\n<p><span style=\"font-weight: 400;\">Quando <\/span><b>as florestas tropicais<\/b><span style=\"font-weight: 400;\"> s\u00e3o desmatadas, a enorme quantidade de carbono armazenada nas \u00e1rvores \u00e9 liberada na atmosfera, tornando-se uma importante fonte de emiss\u00f5es globais de gases de efeito estufa (CO <\/span><span style=\"font-weight: 400;\">2<\/span><span style=\"font-weight: 400;\"> ) que provocam as mudan\u00e7as clim\u00e1ticas.<\/span><\/p>\n<p><span style=\"font-weight: 400;\">Na verdade, um estudo recente revelou que a desfloresta\u00e7\u00e3o e a degrada\u00e7\u00e3o est\u00e3o a transformar as florestas tropicais numa nova\u00a0 <\/span><b>fonte l\u00edquida de carbono<\/b><span style=\"font-weight: 400;\"> para a atmosfera, agravando as altera\u00e7\u00f5es clim\u00e1ticas. <\/span><span style=\"font-weight: 400;\">1<\/span><\/p>\n<p><span style=\"font-weight: 400;\">A <\/span><b>Amaz\u00f4nia<\/b><span style=\"font-weight: 400;\"> \u00e9 a maior floresta tropical do mundo, e o Peru \u00e9 uma parte fundamental dela. Pesquisadores (liderados por Greg Asner na Carnegie Institution for Science) publicaram recentemente a primeira estimativa de alta resolu\u00e7\u00e3o do carbono acima do solo na <\/span><b>Amaz\u00f4nia peruana<\/b><span style=\"font-weight: 400;\"> , documentando <\/span><b>6,83 bilh\u00f5es<\/b><span style=\"font-weight: 400;\"> de toneladas m\u00e9tricas. <\/span><span style=\"font-weight: 400;\">2<\/span><\/p>\n<p><span style=\"font-weight: 400;\">Aqui, analisamos esse mesmo conjunto de dados para estimar as emiss\u00f5es totais de carbono do desmatamento na Amaz\u00f4nia peruana entre 2013 e 2017. Estimamos a perda de <\/span><b>59 milh\u00f5es<\/b><span style=\"font-weight: 400;\"> de toneladas m\u00e9tricas de carbono durante esses \u00faltimos cinco anos, o equivalente a cerca de 4% das emiss\u00f5es anuais de combust\u00edveis f\u00f3sseis dos Estados Unidos. <\/span><span style=\"font-weight: 400;\">3<\/span><\/p>\n<p><span style=\"font-weight: 400;\">Apresentamos uma s\u00e9rie de imagens de zoom para mostrar como a perda de carbono aconteceu em v\u00e1rias \u00e1reas-chave impactadas pelos principais <\/span><b>motores do desmatamento<\/b><span style=\"font-weight: 400;\"> : minera\u00e7\u00e3o de ouro, planta\u00e7\u00f5es de \u00f3leo de palma e cacau em larga escala e agricultura em menor escala. Os <\/span><b>r\u00f3tulos AG<\/b><span style=\"font-weight: 400;\"> correspondem aos zooms abaixo.<\/span><\/p>\n<p><span style=\"font-weight: 400;\">Tamb\u00e9m mostramos como <\/span><b>as \u00e1reas protegidas<\/b><span style=\"font-weight: 400;\"> est\u00e3o protegendo centenas de milh\u00f5es de toneladas m\u00e9tricas de carbono em algumas das \u00e1reas mais importantes do pa\u00eds.<\/span><\/p>\n<p><span style=\"font-weight: 400;\">Do lado positivo, ter essas informa\u00e7\u00f5es detalhadas pode fornecer incentivos adicionais para desacelerar o desmatamento e a degrada\u00e7\u00e3o como parte de estrat\u00e9gias cr\u00edticas de mudan\u00e7a clim\u00e1tica.<\/span><\/p>\n<div class=\"fitem-sep\"><\/div>\n<h3><b>Principais descobertas<\/b><\/h3>\n<div id=\"attachment_7050\" class=\"thumbnail alignright\"><a href=\"https:\/\/www.maapprogram.org\/wp-content\/uploads\/2018\/03\/Map_distribCarbLoss-by-departments_Eng.jpg\"><img decoding=\"async\" class=\"wp-image-7050\" src=\"https:\/\/www.maapprogram.org\/wp-content\/uploads\/2018\/03\/Map_distribCarbLoss-by-departments_Eng-448x580.jpg\" alt=\"\" width=\"406\" height=\"526\" \/><\/a><div class=\"caption\"><i><span style=\"font-weight: 400;\">Dados: Asner et al 2014<\/span><\/i><\/div><\/div>\n<p><span style=\"font-weight: 400;\">O mapa base (veja acima) mostra, em tons de verde, densidades de carbono em todo o Peru. Ele tamb\u00e9m mostra, em vermelho, a camada de perda florestal de 2013 a 2017.<\/span><\/p>\n<p><span style=\"font-weight: 400;\">Calculamos a quantidade estimada de emiss\u00f5es de carbono provenientes da perda florestal durante esses cinco anos: <\/span><b>59.029 teragramas<\/b><span style=\"font-weight: 400;\"> , ou <\/span><b>59 milh\u00f5es de toneladas m\u00e9tricas<\/b><span style=\"font-weight: 400;\"> .<\/span><\/p>\n<p><span style=\"font-weight: 400;\">As regi\u00f5es com maior perda de carbono s\u00e3o 1) <\/span><b>Loreto<\/b><span style=\"font-weight: 400;\"> (13,4 milh\u00f5es de toneladas m\u00e9tricas), 2) <\/span><b>Ucayali<\/b><span style=\"font-weight: 400;\"> (13,2 milh\u00f5es), 3) <\/span><b>Hu\u00e1nuco<\/b><span style=\"font-weight: 400;\"> (7,3 milh\u00f5es), 4) <\/span><b>Madre de Dios<\/b><span style=\"font-weight: 400;\"> (7 milh\u00f5es) e 5) <\/span><b>San Martin<\/b><span style=\"font-weight: 400;\"> (6,9 milh\u00f5es).<\/span><\/p>\n<p><span style=\"font-weight: 400;\">Esses valores incluem alguma perda florestal natural. No geral, no entanto, eles devem ser considerados subestimados porque n\u00e3o incluem <\/span><b>degrada\u00e7\u00e3o<\/b><span style=\"font-weight: 400;\"> florestal (por exemplo, extra\u00e7\u00e3o seletiva de madeira).<\/span><\/p>\n<p><span style=\"font-weight: 400;\">Um estudo recente revelou que a degrada\u00e7\u00e3o pode ser respons\u00e1vel por 70% das emiss\u00f5es, portanto, as emiss\u00f5es totais de carbono das florestas na Amaz\u00f4nia peruana podem chegar perto de 200 milh\u00f5es de toneladas m\u00e9tricas.<\/span><\/p>\n<p><b><i>Em seguida<\/i><\/b><span style=\"font-weight: 400;\"> , mostramos uma s\u00e9rie de imagens de zoom para mostrar como a perda de carbono aconteceu em v\u00e1rias \u00e1reas-chave. Tamb\u00e9m mostramos como as \u00e1reas protegidas e as concess\u00f5es de conserva\u00e7\u00e3o est\u00e3o protegendo as reservas de carbono mais importantes.<\/span><\/p>\n<div class=\"fitem-sep\"><\/div>\n<h3><b>Zoom A: Amaz\u00f4nia Central Peruana<\/b><\/h3>\n<p><b>A imagem A<\/b><span style=\"font-weight: 400;\"> mostra a perda de 2,8 milh\u00f5es de toneladas m\u00e9tricas de carbono em uma se\u00e7\u00e3o da Amaz\u00f4nia peruana central (regi\u00e3o de Ucayali). No lado leste da imagem, observe a perda devido a duas planta\u00e7\u00f5es de <\/span><b>\u00f3leo de palma<\/b><span style=\"font-weight: 400;\"> em larga escala (649.000 toneladas m\u00e9tricas); no lado oeste, observe a agricultura em pequena escala penetrando mais profundamente na floresta de alta densidade de carbono.<\/span><\/p>\n<div id=\"attachment_7051\" class=\"thumbnail aligncenter\"><a href=\"https:\/\/www.maapprogram.org\/wp-content\/uploads\/2018\/03\/Mapa_Ucayali_Oil-Palm_Eng.jpg\"><img decoding=\"async\" class=\"wp-image-7051 size-medium\" src=\"https:\/\/www.maapprogram.org\/wp-content\/uploads\/2018\/03\/Mapa_Ucayali_Oil-Palm_Eng-911x580.jpg\" alt=\"\" width=\"911\" height=\"580\" \/><\/a><div class=\"caption\"><i><span style=\"font-weight: 400;\">Imagem A. Amaz\u00f4nia peruana central. Dados: Asner et al 2014, MINAM\/PNCB<\/span><\/i><\/div><\/div>\n<div class=\"fitem-sep\"><\/div>\n<h3><b>Zoom B: Amaz\u00f4nia peruana meridional (minera\u00e7\u00e3o de ouro)\u00a0<\/b><\/h3>\n<p><b>A imagem B<\/b><span style=\"font-weight: 400;\"> mostra a perda de 756 mil toneladas m\u00e9tricas de carbono devido \u00e0 <\/span><b>minera\u00e7\u00e3o de ouro<\/b><span style=\"font-weight: 400;\"> na Amaz\u00f4nia peruana do sul (regi\u00e3o de Madre de Dios). No lado leste da imagem est\u00e1 o setor conhecido como La Pampa; no lado oeste est\u00e1 Upper Malinowski.<\/span><\/p>\n<div id=\"attachment_7052\" class=\"thumbnail aligncenter\"><a href=\"https:\/\/www.maapprogram.org\/wp-content\/uploads\/2018\/03\/Map_MDD-Mineria_13-17_Eng.jpg\"><img decoding=\"async\" class=\"wp-image-7052 size-medium\" src=\"https:\/\/www.maapprogram.org\/wp-content\/uploads\/2018\/03\/Map_MDD-Mineria_13-17_Eng-911x580.jpg\" alt=\"\" width=\"911\" height=\"580\" \/><\/a><div class=\"caption\">Image B. Gold mining. Data: Asner et al 2014, MINAM\/PNCB<\/div><\/div>\n<div class=\"fitem-sep\"><\/div>\n<h3><b>Zoom C: Amaz\u00f4nia peruana meridional (agricultura)<\/b><\/h3>\n<p><b>A imagem C<\/b><span style=\"font-weight: 400;\"> mostra a perda de 876 mil toneladas m\u00e9tricas de carbono na Amaz\u00f4nia peruana meridional ao redor da cidade de Iberia (regi\u00e3o de Madre de Dios). Observe a perda de carbono em expans\u00e3o ao longo de ambos os lados da Rodovia Interoce\u00e2nica que cruza a imagem.<\/span><\/p>\n<div id=\"attachment_7053\" class=\"thumbnail aligncenter\"><a href=\"https:\/\/www.maapprogram.org\/wp-content\/uploads\/2018\/03\/Map_MDD-Iberia2_13-17_Eng.jpg\"><img decoding=\"async\" class=\"wp-image-7053 size-medium\" src=\"https:\/\/www.maapprogram.org\/wp-content\/uploads\/2018\/03\/Map_MDD-Iberia2_13-17_Eng-911x580.jpg\" alt=\"\" width=\"911\" height=\"580\" \/><\/a><div class=\"caption\"><i><span style=\"font-weight: 400;\">Imagem C. Pen\u00ednsula Ib\u00e9rica. Dados: Asner et al 2014, MINAM\/PNCB<\/span><\/i><\/div><\/div>\n<div class=\"fitem-sep\"><\/div>\n<h3><b>Zoom D: Cacau Unido<\/b><\/h3>\n<p><b>A Imagem D<\/b><span style=\"font-weight: 400;\"> mostra a perda de 291 mil toneladas m\u00e9tricas de carbono para um projeto de cacau em larga escala (United Cacao) no norte da Amaz\u00f4nia peruana (regi\u00e3o de Loreto). Note que quase todo o desmatamento ocorreu em florestas de alta densidade de carbono. Esta \u00e9 outra linha de evid\u00eancia de que a empresa desmatou floresta prim\u00e1ria, ao contr\u00e1rio de suas alega\u00e7\u00f5es de que a \u00e1rea j\u00e1 estava degradada.<\/span><\/p>\n<div id=\"attachment_7054\" class=\"thumbnail aligncenter\"><a href=\"https:\/\/www.maapprogram.org\/wp-content\/uploads\/2018\/03\/Mapa_Carb-Tamshiyacu-2013-2017_Eng.jpg\"><img decoding=\"async\" class=\"wp-image-7054 size-medium\" src=\"https:\/\/www.maapprogram.org\/wp-content\/uploads\/2018\/03\/Mapa_Carb-Tamshiyacu-2013-2017_Eng-911x580.jpg\" alt=\"\" width=\"911\" height=\"580\" \/><\/a><div class=\"caption\"><i><span style=\"font-weight: 400;\">Imagem D. Cacau Unido. Dados: Asner et al 2014, MINAM\/PNCB<\/span><\/i><\/div><\/div>\n<div class=\"fitem-sep\"><\/div>\n<h3><b>Zoom E: Parque Nacional Yaguas<\/b><\/h3>\n<p><b>A Imagem E<\/b><span style=\"font-weight: 400;\"> mostra como tr\u00eas \u00e1reas protegidas, incluindo o novo Parque Nacional Yaguas, est\u00e3o efetivamente salvaguardando 202 milh\u00f5es de toneladas m\u00e9tricas de carbono na Amaz\u00f4nia peruana do nordeste. Esta \u00e1rea abriga algumas das maiores densidades de carbono do pa\u00eds.<\/span><\/p>\n<div id=\"attachment_7055\" class=\"thumbnail aligncenter\"><a href=\"https:\/\/www.maapprogram.org\/wp-content\/uploads\/2018\/03\/Mapa_Carb-Loss-ANP-Loreto_Eng.jpg\"><img decoding=\"async\" class=\"wp-image-7055 size-medium\" src=\"https:\/\/www.maapprogram.org\/wp-content\/uploads\/2018\/03\/Mapa_Carb-Loss-ANP-Loreto_Eng-911x580.jpg\" alt=\"\" width=\"911\" height=\"580\" \/><\/a><div class=\"caption\"><i><span style=\"font-weight: 400;\">Imagem E. Yaguas. Dados: Asner et al 2014, MINAM\/PNCB<\/span><\/i><\/div><\/div>\n<div class=\"fitem-sep\"><\/div>\n<h3><b>Zoom F: Concess\u00e3o de Conserva\u00e7\u00e3o Los Amigos<\/b><\/h3>\n<p><b>A Imagem F<\/b><span style=\"font-weight: 400;\"> mostra como Los Amigos, a primeira concess\u00e3o de conserva\u00e7\u00e3o do mundo, est\u00e1 efetivamente salvaguardando 15 milh\u00f5es de toneladas m\u00e9tricas de carbono na Amaz\u00f4nia peruana do sul. Duas \u00e1reas protegidas ao redor, o Parque Nacional Manu e a Reserva Comunal Amarakaeri, salvaguardam mais 194 milh\u00f5es de toneladas m\u00e9tricas. Esta \u00e1rea abriga algumas das maiores densidades de carbono do pa\u00eds.<\/span><\/p>\n<div id=\"attachment_7056\" class=\"thumbnail aligncenter\"><a href=\"https:\/\/www.maapprogram.org\/wp-content\/uploads\/2018\/03\/Map_ANP-Los-Amigos_MDD2_Eng.jpg\"><img decoding=\"async\" class=\"wp-image-7056 size-medium\" src=\"https:\/\/www.maapprogram.org\/wp-content\/uploads\/2018\/03\/Map_ANP-Los-Amigos_MDD2_Eng-911x580.jpg\" alt=\"\" width=\"911\" height=\"580\" \/><\/a><div class=\"caption\"><i><span style=\"font-weight: 400;\">Imagem F. Los Amigos. Dados: Asner et al 2014, MINAM\/PNCB<\/span><\/i><\/div><\/div>\n<div class=\"fitem-sep\"><\/div>\n<h3><b>Zoom G: Parque Nacional Sierra del Divisor<\/b><\/h3>\n<div id=\"attachment_7057\" class=\"thumbnail alignright\"><a href=\"https:\/\/www.maapprogram.org\/wp-content\/uploads\/2018\/03\/Map_ANPLoretoSur_Eng.jpg\"><img decoding=\"async\" class=\"wp-image-7057\" src=\"https:\/\/www.maapprogram.org\/wp-content\/uploads\/2018\/03\/Map_ANPLoretoSur_Eng-448x580.jpg\" alt=\"\" width=\"446\" height=\"577\" \/><\/a><div class=\"caption\"><i><span style=\"font-weight: 400;\">Imagem G. Dados: Asner et al 2014, MINAM\/PNCB<\/span><\/i><\/div><\/div>\n<p><b>A imagem G<\/b><span style=\"font-weight: 400;\"> mostra como tr\u00eas \u00e1reas protegidas, incluindo o novo Parque Nacional Sierra del Divisor, est\u00e3o efetivamente protegendo 270 milh\u00f5es de toneladas m\u00e9tricas de carbono na Amaz\u00f4nia oriental peruana.<\/span><\/p>\n<p><span style=\"font-weight: 400;\">Esta \u00e1rea abriga algumas das maiores densidades de carbono do pa\u00eds.<\/span><\/p>\n<div class=\"fitem-sep\"><\/div>\n<h3><b>Metodologia<\/b><\/h3>\n<p><span style=\"font-weight: 400;\">Para a an\u00e1lise foram utilizados os dados de carbono sobre o solo gerados por Asner\u00a0 <\/span><i><span style=\"font-weight: 400;\">et al<\/span><\/i><span style=\"font-weight: 400;\">\u00a0 2014, e os dados de perda de bosques identificados pelo Programa Nacional de Conserva\u00e7\u00e3o de Bosques (PNBC-MINAM) dos anos 2013 a 2016, bem como os alertas temperaturas do ano 2017. Primeiro uniformizamos os dados de perda de bosque 2013-2016 com os alertas das temperaturas do ano 2017 para evitar superposi\u00e7\u00e3o e temos apenas dados 2013-2017. Posteriormente, extra\u00edmos os dados de carbono das \u00e1reas de perda de bosque de 2013-2017, este processo permitiu obter a densidade de carbono (por hectare) em rela\u00e7\u00e3o \u00e0 \u00e1rea de perda de bosque para finalmente estimar o total de estoques de carbono perdidos entre o ano de 2013 e 2017.<\/span><\/p>\n<div class=\"fitem-sep\"><\/div>\n<h3><b>Refer\u00eancias<\/b><\/h3>\n<p><span style=\"font-weight: 400;\">1 <\/span><span style=\"font-weight: 400;\">\u00a0Baccini A, Walker W, Carvalho L, Farina M, Sulla-Menashe D, Houghton RA (2017) As florestas tropicais s\u00e3o uma fonte l\u00edquida de carbono com base em medi\u00e7\u00f5es de ganho e perda acima do solo. Science. 13;358(6360):230-4.<\/span><\/p>\n<p><span style=\"font-weight: 400;\">2 <\/span><span style=\"font-weight: 400;\">\u00a0Asner GP et al (2014). Geografia de Carbono de Alta Resolu\u00e7\u00e3o do Peru. Carnegie Institution for Science.<\/span><\/p>\n<p><span style=\"font-weight: 400;\">3 <\/span><span style=\"font-weight: 400;\">\u00a0Boden TA, Andres RJ, Marland G (2017) Emiss\u00f5es nacionais de CO2 provenientes da queima de combust\u00edveis f\u00f3sseis, fabrica\u00e7\u00e3o de cimento e queima de g\u00e1s: 1751-2014. DOI 10.3334\/CDIAC\/00001_V2017<\/span><\/p>\n<div class=\"fitem-sep\"><\/div>\n<h3><b>Cita\u00e7\u00e3o<\/b><\/h3>\n<p><span style=\"font-weight: 400;\">Finer M, Mamani N (2017). Perda de carbono por desmatamento na Amaz\u00f4nia peruana. MAAP: 81.<\/span><\/p>\n<div class=\"fitem-sep\"><\/div>\n<p>&nbsp;<\/p>\n<p>&nbsp;<\/p>\n","protected":false},"excerpt":{"rendered":"<p>Quando as florestas tropicais s\u00e3o desmatadas, a enorme quantidade de carbono armazenada nas \u00e1rvores \u00e9 liberada na atmosfera, tornando-se uma importante fonte de emiss\u00f5es globais de gases de efeito estufa (CO 2 ) que provocam as mudan\u00e7as clim\u00e1ticas. Na verdade, um estudo recente revelou que a desfloresta\u00e7\u00e3o e a degrada\u00e7\u00e3o est\u00e3o a transformar as florestas [&hellip;]<\/p>\n","protected":false},"author":4,"featured_media":0,"comment_status":"closed","ping_status":"closed","sticky":false,"template":"","format":"standard","meta":{"_acf_changed":false,"footnotes":""},"categories":[3],"tags":[],"ftr_agriculture":[],"carbon-and-climate-change":[],"ftr_country":[400],"fire":[],"infrastructure-threat":[],"land-use":[457],"mining-and-logging-threat":[],"natural-forest-loss":[],"special-analysis":[],"class_list":["post-23141","post","type-post","status-publish","format-standard","hentry","category-nao-categorizado","ftr_country-peru","land-use-areas-protegidas-pt-br"],"acf":[],"yoast_head":"<!-- This site is optimized with the Yoast SEO plugin v27.3 - https:\/\/yoast.com\/product\/yoast-seo-wordpress\/ -->\n<title>MAAP #81: Perda de carbono por desmatamento na Amaz\u00f4nia peruana - MAAP<\/title>\n<meta name=\"robots\" content=\"index, follow, max-snippet:-1, max-image-preview:large, max-video-preview:-1\" \/>\n<link rel=\"canonical\" href=\"https:\/\/www.maapprogram.org\/pt-br\/maap-81-portugues\/\" \/>\n<meta property=\"og:locale\" content=\"pt_BR\" \/>\n<meta property=\"og:type\" content=\"article\" \/>\n<meta property=\"og:title\" content=\"MAAP #81: Perda de carbono por desmatamento na Amaz\u00f4nia peruana - MAAP\" \/>\n<meta property=\"og:description\" content=\"Quando as florestas tropicais s\u00e3o desmatadas, a enorme quantidade de carbono armazenada nas \u00e1rvores \u00e9 liberada na atmosfera, tornando-se uma importante fonte de emiss\u00f5es globais de gases de efeito estufa (CO 2 ) que provocam as mudan\u00e7as clim\u00e1ticas. Na verdade, um estudo recente revelou que a desfloresta\u00e7\u00e3o e a degrada\u00e7\u00e3o est\u00e3o a transformar as florestas [&hellip;]\" \/>\n<meta property=\"og:url\" content=\"https:\/\/www.maapprogram.org\/pt-br\/maap-81-portugues\/\" \/>\n<meta property=\"og:site_name\" content=\"MAAP\" \/>\n<meta property=\"article:published_time\" content=\"2018-04-02T13:09:00+00:00\" \/>\n<meta property=\"article:modified_time\" content=\"2024-09-16T13:19:16+00:00\" \/>\n<meta property=\"og:image\" content=\"https:\/\/www.maapprogram.org\/wp-content\/uploads\/2018\/03\/Mapa_CarbLoss-Peru-2013-2017_Eng-448x580.jpg\" \/>\n<meta name=\"author\" content=\"MAAP Consultants\" \/>\n<meta name=\"twitter:card\" content=\"summary_large_image\" \/>\n<meta name=\"twitter:label1\" content=\"Escrito por\" \/>\n\t<meta name=\"twitter:data1\" content=\"MAAP Consultants\" \/>\n\t<meta name=\"twitter:label2\" content=\"Est. tempo de leitura\" \/>\n\t<meta name=\"twitter:data2\" content=\"8 minutos\" \/>\n<script type=\"application\/ld+json\" class=\"yoast-schema-graph\">{\"@context\":\"https:\\\/\\\/schema.org\",\"@graph\":[{\"@type\":\"Article\",\"@id\":\"https:\\\/\\\/www.maapprogram.org\\\/pt-br\\\/maap-81-portugues\\\/#article\",\"isPartOf\":{\"@id\":\"https:\\\/\\\/www.maapprogram.org\\\/pt-br\\\/maap-81-portugues\\\/\"},\"author\":{\"name\":\"MAAP Consultants\",\"@id\":\"https:\\\/\\\/www.maapprogram.org\\\/pt-br\\\/#\\\/schema\\\/person\\\/2f7133e3c0723ceecd6dabc9b4f198ce\"},\"headline\":\"MAAP #81: Perda de carbono por desmatamento na Amaz\u00f4nia peruana\",\"datePublished\":\"2018-04-02T13:09:00+00:00\",\"dateModified\":\"2024-09-16T13:19:16+00:00\",\"mainEntityOfPage\":{\"@id\":\"https:\\\/\\\/www.maapprogram.org\\\/pt-br\\\/maap-81-portugues\\\/\"},\"wordCount\":1349,\"image\":{\"@id\":\"https:\\\/\\\/www.maapprogram.org\\\/pt-br\\\/maap-81-portugues\\\/#primaryimage\"},\"thumbnailUrl\":\"https:\\\/\\\/www.maapprogram.org\\\/wp-content\\\/uploads\\\/2018\\\/03\\\/Mapa_CarbLoss-Peru-2013-2017_Eng-448x580.jpg\",\"articleSection\":[\"N\u00e3o categorizado\"],\"inLanguage\":\"pt-BR\"},{\"@type\":\"WebPage\",\"@id\":\"https:\\\/\\\/www.maapprogram.org\\\/pt-br\\\/maap-81-portugues\\\/\",\"url\":\"https:\\\/\\\/www.maapprogram.org\\\/pt-br\\\/maap-81-portugues\\\/\",\"name\":\"MAAP #81: Perda de carbono por desmatamento na Amaz\u00f4nia peruana - MAAP\",\"isPartOf\":{\"@id\":\"https:\\\/\\\/www.maapprogram.org\\\/pt-br\\\/#website\"},\"primaryImageOfPage\":{\"@id\":\"https:\\\/\\\/www.maapprogram.org\\\/pt-br\\\/maap-81-portugues\\\/#primaryimage\"},\"image\":{\"@id\":\"https:\\\/\\\/www.maapprogram.org\\\/pt-br\\\/maap-81-portugues\\\/#primaryimage\"},\"thumbnailUrl\":\"https:\\\/\\\/www.maapprogram.org\\\/wp-content\\\/uploads\\\/2018\\\/03\\\/Mapa_CarbLoss-Peru-2013-2017_Eng-448x580.jpg\",\"datePublished\":\"2018-04-02T13:09:00+00:00\",\"dateModified\":\"2024-09-16T13:19:16+00:00\",\"author\":{\"@id\":\"https:\\\/\\\/www.maapprogram.org\\\/pt-br\\\/#\\\/schema\\\/person\\\/2f7133e3c0723ceecd6dabc9b4f198ce\"},\"breadcrumb\":{\"@id\":\"https:\\\/\\\/www.maapprogram.org\\\/pt-br\\\/maap-81-portugues\\\/#breadcrumb\"},\"inLanguage\":\"pt-BR\",\"potentialAction\":[{\"@type\":\"ReadAction\",\"target\":[\"https:\\\/\\\/www.maapprogram.org\\\/pt-br\\\/maap-81-portugues\\\/\"]}]},{\"@type\":\"ImageObject\",\"inLanguage\":\"pt-BR\",\"@id\":\"https:\\\/\\\/www.maapprogram.org\\\/pt-br\\\/maap-81-portugues\\\/#primaryimage\",\"url\":\"https:\\\/\\\/www.maapprogram.org\\\/wp-content\\\/uploads\\\/2018\\\/03\\\/Mapa_CarbLoss-Peru-2013-2017_Eng-448x580.jpg\",\"contentUrl\":\"https:\\\/\\\/www.maapprogram.org\\\/wp-content\\\/uploads\\\/2018\\\/03\\\/Mapa_CarbLoss-Peru-2013-2017_Eng-448x580.jpg\"},{\"@type\":\"BreadcrumbList\",\"@id\":\"https:\\\/\\\/www.maapprogram.org\\\/pt-br\\\/maap-81-portugues\\\/#breadcrumb\",\"itemListElement\":[{\"@type\":\"ListItem\",\"position\":1,\"name\":\"Home\",\"item\":\"https:\\\/\\\/www.maapprogram.org\\\/pt-br\\\/\"},{\"@type\":\"ListItem\",\"position\":2,\"name\":\"MAAP #81: Perda de carbono por desmatamento na Amaz\u00f4nia peruana\"}]},{\"@type\":\"WebSite\",\"@id\":\"https:\\\/\\\/www.maapprogram.org\\\/pt-br\\\/#website\",\"url\":\"https:\\\/\\\/www.maapprogram.org\\\/pt-br\\\/\",\"name\":\"MAAP\",\"description\":\"\",\"potentialAction\":[{\"@type\":\"SearchAction\",\"target\":{\"@type\":\"EntryPoint\",\"urlTemplate\":\"https:\\\/\\\/www.maapprogram.org\\\/pt-br\\\/?s={search_term_string}\"},\"query-input\":{\"@type\":\"PropertyValueSpecification\",\"valueRequired\":true,\"valueName\":\"search_term_string\"}}],\"inLanguage\":\"pt-BR\"},{\"@type\":\"Person\",\"@id\":\"https:\\\/\\\/www.maapprogram.org\\\/pt-br\\\/#\\\/schema\\\/person\\\/2f7133e3c0723ceecd6dabc9b4f198ce\",\"name\":\"MAAP Consultants\",\"image\":{\"@type\":\"ImageObject\",\"inLanguage\":\"pt-BR\",\"@id\":\"https:\\\/\\\/secure.gravatar.com\\\/avatar\\\/5889bd7805b73b186236cf81236e7511b08707f4115893e4569c33d93f127911?s=96&d=mm&r=g\",\"url\":\"https:\\\/\\\/secure.gravatar.com\\\/avatar\\\/5889bd7805b73b186236cf81236e7511b08707f4115893e4569c33d93f127911?s=96&d=mm&r=g\",\"contentUrl\":\"https:\\\/\\\/secure.gravatar.com\\\/avatar\\\/5889bd7805b73b186236cf81236e7511b08707f4115893e4569c33d93f127911?s=96&d=mm&r=g\",\"caption\":\"MAAP Consultants\"},\"url\":\"https:\\\/\\\/www.maapprogram.org\\\/pt-br\\\/author\\\/maapconsultants\\\/\"}]}<\/script>\n<!-- \/ Yoast SEO plugin. -->","yoast_head_json":{"title":"MAAP #81: Perda de carbono por desmatamento na Amaz\u00f4nia peruana - MAAP","robots":{"index":"index","follow":"follow","max-snippet":"max-snippet:-1","max-image-preview":"max-image-preview:large","max-video-preview":"max-video-preview:-1"},"canonical":"https:\/\/www.maapprogram.org\/pt-br\/maap-81-portugues\/","og_locale":"pt_BR","og_type":"article","og_title":"MAAP #81: Perda de carbono por desmatamento na Amaz\u00f4nia peruana - MAAP","og_description":"Quando as florestas tropicais s\u00e3o desmatadas, a enorme quantidade de carbono armazenada nas \u00e1rvores \u00e9 liberada na atmosfera, tornando-se uma importante fonte de emiss\u00f5es globais de gases de efeito estufa (CO 2 ) que provocam as mudan\u00e7as clim\u00e1ticas. Na verdade, um estudo recente revelou que a desfloresta\u00e7\u00e3o e a degrada\u00e7\u00e3o est\u00e3o a transformar as florestas [&hellip;]","og_url":"https:\/\/www.maapprogram.org\/pt-br\/maap-81-portugues\/","og_site_name":"MAAP","article_published_time":"2018-04-02T13:09:00+00:00","article_modified_time":"2024-09-16T13:19:16+00:00","og_image":[{"url":"https:\/\/www.maapprogram.org\/wp-content\/uploads\/2018\/03\/Mapa_CarbLoss-Peru-2013-2017_Eng-448x580.jpg","type":"","width":"","height":""}],"author":"MAAP Consultants","twitter_card":"summary_large_image","twitter_misc":{"Escrito por":"MAAP Consultants","Est. tempo de leitura":"8 minutos"},"schema":{"@context":"https:\/\/schema.org","@graph":[{"@type":"Article","@id":"https:\/\/www.maapprogram.org\/pt-br\/maap-81-portugues\/#article","isPartOf":{"@id":"https:\/\/www.maapprogram.org\/pt-br\/maap-81-portugues\/"},"author":{"name":"MAAP Consultants","@id":"https:\/\/www.maapprogram.org\/pt-br\/#\/schema\/person\/2f7133e3c0723ceecd6dabc9b4f198ce"},"headline":"MAAP #81: Perda de carbono por desmatamento na Amaz\u00f4nia peruana","datePublished":"2018-04-02T13:09:00+00:00","dateModified":"2024-09-16T13:19:16+00:00","mainEntityOfPage":{"@id":"https:\/\/www.maapprogram.org\/pt-br\/maap-81-portugues\/"},"wordCount":1349,"image":{"@id":"https:\/\/www.maapprogram.org\/pt-br\/maap-81-portugues\/#primaryimage"},"thumbnailUrl":"https:\/\/www.maapprogram.org\/wp-content\/uploads\/2018\/03\/Mapa_CarbLoss-Peru-2013-2017_Eng-448x580.jpg","articleSection":["N\u00e3o categorizado"],"inLanguage":"pt-BR"},{"@type":"WebPage","@id":"https:\/\/www.maapprogram.org\/pt-br\/maap-81-portugues\/","url":"https:\/\/www.maapprogram.org\/pt-br\/maap-81-portugues\/","name":"MAAP #81: Perda de carbono por desmatamento na Amaz\u00f4nia peruana - MAAP","isPartOf":{"@id":"https:\/\/www.maapprogram.org\/pt-br\/#website"},"primaryImageOfPage":{"@id":"https:\/\/www.maapprogram.org\/pt-br\/maap-81-portugues\/#primaryimage"},"image":{"@id":"https:\/\/www.maapprogram.org\/pt-br\/maap-81-portugues\/#primaryimage"},"thumbnailUrl":"https:\/\/www.maapprogram.org\/wp-content\/uploads\/2018\/03\/Mapa_CarbLoss-Peru-2013-2017_Eng-448x580.jpg","datePublished":"2018-04-02T13:09:00+00:00","dateModified":"2024-09-16T13:19:16+00:00","author":{"@id":"https:\/\/www.maapprogram.org\/pt-br\/#\/schema\/person\/2f7133e3c0723ceecd6dabc9b4f198ce"},"breadcrumb":{"@id":"https:\/\/www.maapprogram.org\/pt-br\/maap-81-portugues\/#breadcrumb"},"inLanguage":"pt-BR","potentialAction":[{"@type":"ReadAction","target":["https:\/\/www.maapprogram.org\/pt-br\/maap-81-portugues\/"]}]},{"@type":"ImageObject","inLanguage":"pt-BR","@id":"https:\/\/www.maapprogram.org\/pt-br\/maap-81-portugues\/#primaryimage","url":"https:\/\/www.maapprogram.org\/wp-content\/uploads\/2018\/03\/Mapa_CarbLoss-Peru-2013-2017_Eng-448x580.jpg","contentUrl":"https:\/\/www.maapprogram.org\/wp-content\/uploads\/2018\/03\/Mapa_CarbLoss-Peru-2013-2017_Eng-448x580.jpg"},{"@type":"BreadcrumbList","@id":"https:\/\/www.maapprogram.org\/pt-br\/maap-81-portugues\/#breadcrumb","itemListElement":[{"@type":"ListItem","position":1,"name":"Home","item":"https:\/\/www.maapprogram.org\/pt-br\/"},{"@type":"ListItem","position":2,"name":"MAAP #81: Perda de carbono por desmatamento na Amaz\u00f4nia peruana"}]},{"@type":"WebSite","@id":"https:\/\/www.maapprogram.org\/pt-br\/#website","url":"https:\/\/www.maapprogram.org\/pt-br\/","name":"MAAP","description":"","potentialAction":[{"@type":"SearchAction","target":{"@type":"EntryPoint","urlTemplate":"https:\/\/www.maapprogram.org\/pt-br\/?s={search_term_string}"},"query-input":{"@type":"PropertyValueSpecification","valueRequired":true,"valueName":"search_term_string"}}],"inLanguage":"pt-BR"},{"@type":"Person","@id":"https:\/\/www.maapprogram.org\/pt-br\/#\/schema\/person\/2f7133e3c0723ceecd6dabc9b4f198ce","name":"MAAP Consultants","image":{"@type":"ImageObject","inLanguage":"pt-BR","@id":"https:\/\/secure.gravatar.com\/avatar\/5889bd7805b73b186236cf81236e7511b08707f4115893e4569c33d93f127911?s=96&d=mm&r=g","url":"https:\/\/secure.gravatar.com\/avatar\/5889bd7805b73b186236cf81236e7511b08707f4115893e4569c33d93f127911?s=96&d=mm&r=g","contentUrl":"https:\/\/secure.gravatar.com\/avatar\/5889bd7805b73b186236cf81236e7511b08707f4115893e4569c33d93f127911?s=96&d=mm&r=g","caption":"MAAP Consultants"},"url":"https:\/\/www.maapprogram.org\/pt-br\/author\/maapconsultants\/"}]}},"_links":{"self":[{"href":"https:\/\/www.maapprogram.org\/pt-br\/wp-json\/wp\/v2\/posts\/23141","targetHints":{"allow":["GET"]}}],"collection":[{"href":"https:\/\/www.maapprogram.org\/pt-br\/wp-json\/wp\/v2\/posts"}],"about":[{"href":"https:\/\/www.maapprogram.org\/pt-br\/wp-json\/wp\/v2\/types\/post"}],"author":[{"embeddable":true,"href":"https:\/\/www.maapprogram.org\/pt-br\/wp-json\/wp\/v2\/users\/4"}],"replies":[{"embeddable":true,"href":"https:\/\/www.maapprogram.org\/pt-br\/wp-json\/wp\/v2\/comments?post=23141"}],"version-history":[{"count":1,"href":"https:\/\/www.maapprogram.org\/pt-br\/wp-json\/wp\/v2\/posts\/23141\/revisions"}],"predecessor-version":[{"id":23142,"href":"https:\/\/www.maapprogram.org\/pt-br\/wp-json\/wp\/v2\/posts\/23141\/revisions\/23142"}],"wp:attachment":[{"href":"https:\/\/www.maapprogram.org\/pt-br\/wp-json\/wp\/v2\/media?parent=23141"}],"wp:term":[{"taxonomy":"category","embeddable":true,"href":"https:\/\/www.maapprogram.org\/pt-br\/wp-json\/wp\/v2\/categories?post=23141"},{"taxonomy":"post_tag","embeddable":true,"href":"https:\/\/www.maapprogram.org\/pt-br\/wp-json\/wp\/v2\/tags?post=23141"},{"taxonomy":"ftr_agriculture","embeddable":true,"href":"https:\/\/www.maapprogram.org\/pt-br\/wp-json\/wp\/v2\/ftr_agriculture?post=23141"},{"taxonomy":"carbon-and-climate-change","embeddable":true,"href":"https:\/\/www.maapprogram.org\/pt-br\/wp-json\/wp\/v2\/carbon-and-climate-change?post=23141"},{"taxonomy":"ftr_country","embeddable":true,"href":"https:\/\/www.maapprogram.org\/pt-br\/wp-json\/wp\/v2\/ftr_country?post=23141"},{"taxonomy":"fire","embeddable":true,"href":"https:\/\/www.maapprogram.org\/pt-br\/wp-json\/wp\/v2\/fire?post=23141"},{"taxonomy":"infrastructure-threat","embeddable":true,"href":"https:\/\/www.maapprogram.org\/pt-br\/wp-json\/wp\/v2\/infrastructure-threat?post=23141"},{"taxonomy":"land-use","embeddable":true,"href":"https:\/\/www.maapprogram.org\/pt-br\/wp-json\/wp\/v2\/land-use?post=23141"},{"taxonomy":"mining-and-logging-threat","embeddable":true,"href":"https:\/\/www.maapprogram.org\/pt-br\/wp-json\/wp\/v2\/mining-and-logging-threat?post=23141"},{"taxonomy":"natural-forest-loss","embeddable":true,"href":"https:\/\/www.maapprogram.org\/pt-br\/wp-json\/wp\/v2\/natural-forest-loss?post=23141"},{"taxonomy":"special-analysis","embeddable":true,"href":"https:\/\/www.maapprogram.org\/pt-br\/wp-json\/wp\/v2\/special-analysis?post=23141"}],"curies":[{"name":"wp","href":"https:\/\/api.w.org\/{rel}","templated":true}]}}