{"id":23231,"date":"2017-12-05T15:34:00","date_gmt":"2017-12-05T15:34:00","guid":{"rendered":"https:\/\/www.maapprogram.org\/?p=23231"},"modified":"2024-09-26T18:22:05","modified_gmt":"2024-09-26T18:22:05","slug":"maap-portugues","status":"publish","type":"post","link":"https:\/\/www.maapprogram.org\/pt-br\/maap-portugues\/","title":{"rendered":"MAAP Interativo: Fatores do desmatamento na Amaz\u00f4nia andina"},"content":{"rendered":"<p>Desde seu lan\u00e7amento em abril de 2015, o MAAP publicou mais de 70 relat\u00f3rios relacionados ao\u00a0\u00a0<b>desmatamento (e perda natural de florestas)<\/b>\u00a0\u00a0na Amaz\u00f4nia andina. At\u00e9 agora, focamos no\u00a0\u00a0<b>Peru<\/b>\u00a0, com v\u00e1rios relat\u00f3rios na\u00a0\u00a0<b>Col\u00f4mbia<\/b>\u00a0\u00a0e\u00a0\u00a0<b>no Brasil<\/b>\u00a0\u00a0tamb\u00e9m.<\/p>\n<p>Esses relat\u00f3rios pretendem ser estudos de caso dos eventos de desmatamento mais importantes e urgentes. Frequentemente usamos alertas de perda florestal (conhecidos como GLAD) para nos guiar, e imagens de sat\u00e9lite (da Planet e DigitalGlobe) para identificar o driver do desmatamento.<\/p>\n<p>Aqui apresentamos um\u00a0\u00a0<b>mapa interativo<\/b>\u00a0\u00a0destacando os drivers identificados em todos os relat\u00f3rios publicados do MAAP. Esses\u00a0\u00a0<b>drivers<\/b>\u00a0\u00a0incluem minera\u00e7\u00e3o de ouro, agricultura (por exemplo, \u00f3leo de palma e cacau), pastagem para gado, estradas e represas (veja a legenda do \u00edcone abaixo do mapa). Tamb\u00e9m inclu\u00edmos causas naturais, como inunda\u00e7\u00f5es e quedas de \u00e1rvores (inc\u00eandio inclu\u00eddo na agricultura, pois a maioria \u00e9 causada por humanos). Al\u00e9m disso, destacamos eventos de desmatamento dentro de \u00e1reas protegidas. Observe que voc\u00ea pode filtrar por driver marcando as caixas de interesse.<\/p>\n<p>Esperamos que o resultado seja um dos recursos mais detalhados e atualizados sobre\u00a0\u00a0<b>padr\u00f5es e impulsionadores do desmatamento<\/b>\u00a0\u00a0na Amaz\u00f4nia andina. No pr\u00f3ximo ano, continuaremos a focar no Peru e na Col\u00f4mbia, e come\u00e7aremos a incluir o Equador e a Bol\u00edvia tamb\u00e9m.<\/p>\n<p>Para visualizar o mapa interativo, visite:<\/p>\n<p><b>MAAP Interativo: Fatores do desmatamento na Amaz\u00f4nia andina<br \/>\n<\/b><a href=\"https:\/\/www.maapprogram.org\/interactive\/\" data-feathr-click-track=\"true\" data-feathr-link-aids=\"6182f4e07f71b7b1555341c3\"><b>https:\/\/www.maapprogram.org\/interactive\/<\/b><\/a><\/p>\n<p>Para mais informa\u00e7\u00f5es sobre padr\u00f5es e fatores que impulsionam o desmatamento na Amaz\u00f4nia peruana, veja nosso \u00faltimo\u00a0\u00a0<a href=\"https:\/\/www.maapprogram.org\/2017\/maap-synthesis2\/\" target=\"_blank\" rel=\"noopener\" data-feathr-click-track=\"true\" data-feathr-link-aids=\"6182f4e07f71b7b1555341c3\">relat\u00f3rio de s\u00edntese\u00a0<\/a><\/p>\n<div class=\"fitem-sep\"><\/div>\n","protected":false},"excerpt":{"rendered":"<p>Desde seu lan\u00e7amento em abril de 2015, o MAAP publicou mais de 70 relat\u00f3rios relacionados ao\u00a0\u00a0desmatamento (e perda natural de florestas)\u00a0\u00a0na Amaz\u00f4nia andina. At\u00e9 agora, focamos no\u00a0\u00a0Peru\u00a0, com v\u00e1rios relat\u00f3rios na\u00a0\u00a0Col\u00f4mbia\u00a0\u00a0e\u00a0\u00a0no Brasil\u00a0\u00a0tamb\u00e9m. Esses relat\u00f3rios pretendem ser estudos de caso dos eventos de desmatamento mais importantes e urgentes. Frequentemente usamos alertas de perda florestal (conhecidos como [&hellip;]<\/p>\n","protected":false},"author":4,"featured_media":0,"comment_status":"closed","ping_status":"closed","sticky":false,"template":"","format":"standard","meta":{"_acf_changed":false,"footnotes":""},"categories":[3],"tags":[],"ftr_agriculture":[354,364,356],"carbon-and-climate-change":[],"ftr_country":[449,484,400],"fire":[],"infrastructure-threat":[454,456],"land-use":[],"mining-and-logging-threat":[459],"natural-forest-loss":[],"special-analysis":[],"class_list":["post-23231","post","type-post","status-publish","format-standard","hentry","category-nao-categorizado","ftr_agriculture-cacao-pt-br","ftr_agriculture-oleo-de-palma","ftr_agriculture-pasto-de-gado","ftr_country-brasil","ftr_country-colombia-3","ftr_country-peru","infrastructure-threat-estradas","infrastructure-threat-represas-pt-br","mining-and-logging-threat-mineracao-de-ouro"],"acf":[],"yoast_head":"<!-- This site is optimized with the Yoast SEO plugin v27.3 - https:\/\/yoast.com\/product\/yoast-seo-wordpress\/ -->\n<title>MAAP Interativo: Fatores do desmatamento na Amaz\u00f4nia andina - MAAP<\/title>\n<meta name=\"robots\" content=\"index, follow, max-snippet:-1, max-image-preview:large, max-video-preview:-1\" \/>\n<link rel=\"canonical\" href=\"https:\/\/www.maapprogram.org\/pt-br\/maap-portugues\/\" \/>\n<meta property=\"og:locale\" content=\"pt_BR\" \/>\n<meta property=\"og:type\" content=\"article\" \/>\n<meta property=\"og:title\" content=\"MAAP Interativo: Fatores do desmatamento na Amaz\u00f4nia andina - MAAP\" \/>\n<meta property=\"og:description\" content=\"Desde seu lan\u00e7amento em abril de 2015, o MAAP publicou mais de 70 relat\u00f3rios relacionados ao\u00a0\u00a0desmatamento (e perda natural de florestas)\u00a0\u00a0na Amaz\u00f4nia andina. At\u00e9 agora, focamos no\u00a0\u00a0Peru\u00a0, com v\u00e1rios relat\u00f3rios na\u00a0\u00a0Col\u00f4mbia\u00a0\u00a0e\u00a0\u00a0no Brasil\u00a0\u00a0tamb\u00e9m. Esses relat\u00f3rios pretendem ser estudos de caso dos eventos de desmatamento mais importantes e urgentes. Frequentemente usamos alertas de perda florestal (conhecidos como [&hellip;]\" \/>\n<meta property=\"og:url\" content=\"https:\/\/www.maapprogram.org\/pt-br\/maap-portugues\/\" \/>\n<meta property=\"og:site_name\" content=\"MAAP\" \/>\n<meta property=\"article:published_time\" content=\"2017-12-05T15:34:00+00:00\" \/>\n<meta property=\"article:modified_time\" content=\"2024-09-26T18:22:05+00:00\" \/>\n<meta name=\"author\" content=\"MAAP Consultants\" \/>\n<meta name=\"twitter:card\" content=\"summary_large_image\" \/>\n<meta name=\"twitter:label1\" content=\"Escrito por\" \/>\n\t<meta name=\"twitter:data1\" content=\"MAAP Consultants\" \/>\n\t<meta name=\"twitter:label2\" content=\"Est. tempo de leitura\" \/>\n\t<meta name=\"twitter:data2\" content=\"2 minutos\" \/>\n<script type=\"application\/ld+json\" class=\"yoast-schema-graph\">{\"@context\":\"https:\\\/\\\/schema.org\",\"@graph\":[{\"@type\":\"Article\",\"@id\":\"https:\\\/\\\/www.maapprogram.org\\\/pt-br\\\/maap-portugues\\\/#article\",\"isPartOf\":{\"@id\":\"https:\\\/\\\/www.maapprogram.org\\\/pt-br\\\/maap-portugues\\\/\"},\"author\":{\"name\":\"MAAP Consultants\",\"@id\":\"https:\\\/\\\/www.maapprogram.org\\\/pt-br\\\/#\\\/schema\\\/person\\\/2f7133e3c0723ceecd6dabc9b4f198ce\"},\"headline\":\"MAAP Interativo: Fatores do desmatamento na Amaz\u00f4nia andina\",\"datePublished\":\"2017-12-05T15:34:00+00:00\",\"dateModified\":\"2024-09-26T18:22:05+00:00\",\"mainEntityOfPage\":{\"@id\":\"https:\\\/\\\/www.maapprogram.org\\\/pt-br\\\/maap-portugues\\\/\"},\"wordCount\":285,\"articleSection\":[\"N\u00e3o categorizado\"],\"inLanguage\":\"pt-BR\"},{\"@type\":\"WebPage\",\"@id\":\"https:\\\/\\\/www.maapprogram.org\\\/pt-br\\\/maap-portugues\\\/\",\"url\":\"https:\\\/\\\/www.maapprogram.org\\\/pt-br\\\/maap-portugues\\\/\",\"name\":\"MAAP Interativo: Fatores do desmatamento na Amaz\u00f4nia andina - MAAP\",\"isPartOf\":{\"@id\":\"https:\\\/\\\/www.maapprogram.org\\\/pt-br\\\/#website\"},\"datePublished\":\"2017-12-05T15:34:00+00:00\",\"dateModified\":\"2024-09-26T18:22:05+00:00\",\"author\":{\"@id\":\"https:\\\/\\\/www.maapprogram.org\\\/pt-br\\\/#\\\/schema\\\/person\\\/2f7133e3c0723ceecd6dabc9b4f198ce\"},\"breadcrumb\":{\"@id\":\"https:\\\/\\\/www.maapprogram.org\\\/pt-br\\\/maap-portugues\\\/#breadcrumb\"},\"inLanguage\":\"pt-BR\",\"potentialAction\":[{\"@type\":\"ReadAction\",\"target\":[\"https:\\\/\\\/www.maapprogram.org\\\/pt-br\\\/maap-portugues\\\/\"]}]},{\"@type\":\"BreadcrumbList\",\"@id\":\"https:\\\/\\\/www.maapprogram.org\\\/pt-br\\\/maap-portugues\\\/#breadcrumb\",\"itemListElement\":[{\"@type\":\"ListItem\",\"position\":1,\"name\":\"Home\",\"item\":\"https:\\\/\\\/www.maapprogram.org\\\/pt-br\\\/\"},{\"@type\":\"ListItem\",\"position\":2,\"name\":\"MAAP Interativo: Fatores do desmatamento na Amaz\u00f4nia andina\"}]},{\"@type\":\"WebSite\",\"@id\":\"https:\\\/\\\/www.maapprogram.org\\\/pt-br\\\/#website\",\"url\":\"https:\\\/\\\/www.maapprogram.org\\\/pt-br\\\/\",\"name\":\"MAAP\",\"description\":\"\",\"potentialAction\":[{\"@type\":\"SearchAction\",\"target\":{\"@type\":\"EntryPoint\",\"urlTemplate\":\"https:\\\/\\\/www.maapprogram.org\\\/pt-br\\\/?s={search_term_string}\"},\"query-input\":{\"@type\":\"PropertyValueSpecification\",\"valueRequired\":true,\"valueName\":\"search_term_string\"}}],\"inLanguage\":\"pt-BR\"},{\"@type\":\"Person\",\"@id\":\"https:\\\/\\\/www.maapprogram.org\\\/pt-br\\\/#\\\/schema\\\/person\\\/2f7133e3c0723ceecd6dabc9b4f198ce\",\"name\":\"MAAP Consultants\",\"image\":{\"@type\":\"ImageObject\",\"inLanguage\":\"pt-BR\",\"@id\":\"https:\\\/\\\/secure.gravatar.com\\\/avatar\\\/5889bd7805b73b186236cf81236e7511b08707f4115893e4569c33d93f127911?s=96&d=mm&r=g\",\"url\":\"https:\\\/\\\/secure.gravatar.com\\\/avatar\\\/5889bd7805b73b186236cf81236e7511b08707f4115893e4569c33d93f127911?s=96&d=mm&r=g\",\"contentUrl\":\"https:\\\/\\\/secure.gravatar.com\\\/avatar\\\/5889bd7805b73b186236cf81236e7511b08707f4115893e4569c33d93f127911?s=96&d=mm&r=g\",\"caption\":\"MAAP Consultants\"},\"url\":\"https:\\\/\\\/www.maapprogram.org\\\/pt-br\\\/author\\\/maapconsultants\\\/\"}]}<\/script>\n<!-- \/ Yoast SEO plugin. -->","yoast_head_json":{"title":"MAAP Interativo: Fatores do desmatamento na Amaz\u00f4nia andina - MAAP","robots":{"index":"index","follow":"follow","max-snippet":"max-snippet:-1","max-image-preview":"max-image-preview:large","max-video-preview":"max-video-preview:-1"},"canonical":"https:\/\/www.maapprogram.org\/pt-br\/maap-portugues\/","og_locale":"pt_BR","og_type":"article","og_title":"MAAP Interativo: Fatores do desmatamento na Amaz\u00f4nia andina - MAAP","og_description":"Desde seu lan\u00e7amento em abril de 2015, o MAAP publicou mais de 70 relat\u00f3rios relacionados ao\u00a0\u00a0desmatamento (e perda natural de florestas)\u00a0\u00a0na Amaz\u00f4nia andina. At\u00e9 agora, focamos no\u00a0\u00a0Peru\u00a0, com v\u00e1rios relat\u00f3rios na\u00a0\u00a0Col\u00f4mbia\u00a0\u00a0e\u00a0\u00a0no Brasil\u00a0\u00a0tamb\u00e9m. Esses relat\u00f3rios pretendem ser estudos de caso dos eventos de desmatamento mais importantes e urgentes. Frequentemente usamos alertas de perda florestal (conhecidos como [&hellip;]","og_url":"https:\/\/www.maapprogram.org\/pt-br\/maap-portugues\/","og_site_name":"MAAP","article_published_time":"2017-12-05T15:34:00+00:00","article_modified_time":"2024-09-26T18:22:05+00:00","author":"MAAP Consultants","twitter_card":"summary_large_image","twitter_misc":{"Escrito por":"MAAP Consultants","Est. tempo de leitura":"2 minutos"},"schema":{"@context":"https:\/\/schema.org","@graph":[{"@type":"Article","@id":"https:\/\/www.maapprogram.org\/pt-br\/maap-portugues\/#article","isPartOf":{"@id":"https:\/\/www.maapprogram.org\/pt-br\/maap-portugues\/"},"author":{"name":"MAAP Consultants","@id":"https:\/\/www.maapprogram.org\/pt-br\/#\/schema\/person\/2f7133e3c0723ceecd6dabc9b4f198ce"},"headline":"MAAP Interativo: Fatores do desmatamento na Amaz\u00f4nia andina","datePublished":"2017-12-05T15:34:00+00:00","dateModified":"2024-09-26T18:22:05+00:00","mainEntityOfPage":{"@id":"https:\/\/www.maapprogram.org\/pt-br\/maap-portugues\/"},"wordCount":285,"articleSection":["N\u00e3o categorizado"],"inLanguage":"pt-BR"},{"@type":"WebPage","@id":"https:\/\/www.maapprogram.org\/pt-br\/maap-portugues\/","url":"https:\/\/www.maapprogram.org\/pt-br\/maap-portugues\/","name":"MAAP Interativo: Fatores do desmatamento na Amaz\u00f4nia andina - MAAP","isPartOf":{"@id":"https:\/\/www.maapprogram.org\/pt-br\/#website"},"datePublished":"2017-12-05T15:34:00+00:00","dateModified":"2024-09-26T18:22:05+00:00","author":{"@id":"https:\/\/www.maapprogram.org\/pt-br\/#\/schema\/person\/2f7133e3c0723ceecd6dabc9b4f198ce"},"breadcrumb":{"@id":"https:\/\/www.maapprogram.org\/pt-br\/maap-portugues\/#breadcrumb"},"inLanguage":"pt-BR","potentialAction":[{"@type":"ReadAction","target":["https:\/\/www.maapprogram.org\/pt-br\/maap-portugues\/"]}]},{"@type":"BreadcrumbList","@id":"https:\/\/www.maapprogram.org\/pt-br\/maap-portugues\/#breadcrumb","itemListElement":[{"@type":"ListItem","position":1,"name":"Home","item":"https:\/\/www.maapprogram.org\/pt-br\/"},{"@type":"ListItem","position":2,"name":"MAAP Interativo: Fatores do desmatamento na Amaz\u00f4nia andina"}]},{"@type":"WebSite","@id":"https:\/\/www.maapprogram.org\/pt-br\/#website","url":"https:\/\/www.maapprogram.org\/pt-br\/","name":"MAAP","description":"","potentialAction":[{"@type":"SearchAction","target":{"@type":"EntryPoint","urlTemplate":"https:\/\/www.maapprogram.org\/pt-br\/?s={search_term_string}"},"query-input":{"@type":"PropertyValueSpecification","valueRequired":true,"valueName":"search_term_string"}}],"inLanguage":"pt-BR"},{"@type":"Person","@id":"https:\/\/www.maapprogram.org\/pt-br\/#\/schema\/person\/2f7133e3c0723ceecd6dabc9b4f198ce","name":"MAAP Consultants","image":{"@type":"ImageObject","inLanguage":"pt-BR","@id":"https:\/\/secure.gravatar.com\/avatar\/5889bd7805b73b186236cf81236e7511b08707f4115893e4569c33d93f127911?s=96&d=mm&r=g","url":"https:\/\/secure.gravatar.com\/avatar\/5889bd7805b73b186236cf81236e7511b08707f4115893e4569c33d93f127911?s=96&d=mm&r=g","contentUrl":"https:\/\/secure.gravatar.com\/avatar\/5889bd7805b73b186236cf81236e7511b08707f4115893e4569c33d93f127911?s=96&d=mm&r=g","caption":"MAAP Consultants"},"url":"https:\/\/www.maapprogram.org\/pt-br\/author\/maapconsultants\/"}]}},"_links":{"self":[{"href":"https:\/\/www.maapprogram.org\/pt-br\/wp-json\/wp\/v2\/posts\/23231","targetHints":{"allow":["GET"]}}],"collection":[{"href":"https:\/\/www.maapprogram.org\/pt-br\/wp-json\/wp\/v2\/posts"}],"about":[{"href":"https:\/\/www.maapprogram.org\/pt-br\/wp-json\/wp\/v2\/types\/post"}],"author":[{"embeddable":true,"href":"https:\/\/www.maapprogram.org\/pt-br\/wp-json\/wp\/v2\/users\/4"}],"replies":[{"embeddable":true,"href":"https:\/\/www.maapprogram.org\/pt-br\/wp-json\/wp\/v2\/comments?post=23231"}],"version-history":[{"count":2,"href":"https:\/\/www.maapprogram.org\/pt-br\/wp-json\/wp\/v2\/posts\/23231\/revisions"}],"predecessor-version":[{"id":23234,"href":"https:\/\/www.maapprogram.org\/pt-br\/wp-json\/wp\/v2\/posts\/23231\/revisions\/23234"}],"wp:attachment":[{"href":"https:\/\/www.maapprogram.org\/pt-br\/wp-json\/wp\/v2\/media?parent=23231"}],"wp:term":[{"taxonomy":"category","embeddable":true,"href":"https:\/\/www.maapprogram.org\/pt-br\/wp-json\/wp\/v2\/categories?post=23231"},{"taxonomy":"post_tag","embeddable":true,"href":"https:\/\/www.maapprogram.org\/pt-br\/wp-json\/wp\/v2\/tags?post=23231"},{"taxonomy":"ftr_agriculture","embeddable":true,"href":"https:\/\/www.maapprogram.org\/pt-br\/wp-json\/wp\/v2\/ftr_agriculture?post=23231"},{"taxonomy":"carbon-and-climate-change","embeddable":true,"href":"https:\/\/www.maapprogram.org\/pt-br\/wp-json\/wp\/v2\/carbon-and-climate-change?post=23231"},{"taxonomy":"ftr_country","embeddable":true,"href":"https:\/\/www.maapprogram.org\/pt-br\/wp-json\/wp\/v2\/ftr_country?post=23231"},{"taxonomy":"fire","embeddable":true,"href":"https:\/\/www.maapprogram.org\/pt-br\/wp-json\/wp\/v2\/fire?post=23231"},{"taxonomy":"infrastructure-threat","embeddable":true,"href":"https:\/\/www.maapprogram.org\/pt-br\/wp-json\/wp\/v2\/infrastructure-threat?post=23231"},{"taxonomy":"land-use","embeddable":true,"href":"https:\/\/www.maapprogram.org\/pt-br\/wp-json\/wp\/v2\/land-use?post=23231"},{"taxonomy":"mining-and-logging-threat","embeddable":true,"href":"https:\/\/www.maapprogram.org\/pt-br\/wp-json\/wp\/v2\/mining-and-logging-threat?post=23231"},{"taxonomy":"natural-forest-loss","embeddable":true,"href":"https:\/\/www.maapprogram.org\/pt-br\/wp-json\/wp\/v2\/natural-forest-loss?post=23231"},{"taxonomy":"special-analysis","embeddable":true,"href":"https:\/\/www.maapprogram.org\/pt-br\/wp-json\/wp\/v2\/special-analysis?post=23231"}],"curies":[{"name":"wp","href":"https:\/\/api.w.org\/{rel}","templated":true}]}}