{"id":23247,"date":"2017-09-26T09:51:00","date_gmt":"2017-09-26T09:51:00","guid":{"rendered":"https:\/\/www.maapprogram.org\/?p=23247"},"modified":"2024-09-19T13:11:32","modified_gmt":"2024-09-19T13:11:32","slug":"maap-69-portugues","status":"publish","type":"post","link":"https:\/\/www.maapprogram.org\/pt-br\/maap-69-portugues\/","title":{"rendered":"MAAP #69: Padr\u00f5es alarmantes de desmatamento na Amaz\u00f4nia Central Peruana"},"content":{"rendered":"<div id=\"attachment_6207\" class=\"thumbnail alignright\"><a href=\"https:\/\/www.maapprogram.org\/wp-content\/uploads\/2017\/09\/MAAP_NewPatters_O_v1_en.jpg\"><img decoding=\"async\" class=\"wp-image-6207\" src=\"https:\/\/www.maapprogram.org\/wp-content\/uploads\/2017\/09\/MAAP_NewPatters_O_v1_en.jpg\" alt=\"\" width=\"500\" height=\"565\" \/><\/a><div class=\"caption\"><span>Imagem 69. Mapa Base.<\/span><\/div><\/div>\n<p><span>Gra\u00e7as aos\u00a0<\/span><a href=\"http:\/\/bit.ly\/2fybz3u\" data-feathr-click-track=\"true\" data-feathr-link-aids=\"6182f4e07f71b7b1555341c3\"><span>alertas de perda florestal precoce<\/span><\/a><span>\u00a0(conhecidos como GLAD), detectamos recentemente v\u00e1rios\u00a0<\/span><strong><span>novos\u00a0<\/span><\/strong><strong><span>padr\u00f5es alarmantes de desmatamento<\/span><\/strong><span>\u00a0em florestas prim\u00e1rias remotas da Amaz\u00f4nia central peruana.<\/span><\/p>\n<p><span>Elas parecem estar relacionadas a atividades agr\u00edcolas de m\u00e9dia ou grande escala devido \u00e0s suas caracter\u00edsticas distintas:\u00a0<\/span><strong><span>caminhos de acesso retos<\/span><\/strong><span>\u00a0que se estendem de estradas secund\u00e1rias constru\u00eddas profundamente na floresta prim\u00e1ria e\u00a0<\/span><strong><span>desmatamento de\u00a0<\/span><\/strong><strong><span>lotes retangulares\/quadrados<\/span><\/strong><span>\u00a0.<\/span><\/p>\n<p><span>Esses padr\u00f5es s\u00e3o significativos porque s\u00e3o muito diferentes dos padr\u00f5es usuais observados na agricultura de pequena escala na Amaz\u00f4nia peruana: parcelas dispersas sem grandes caracter\u00edsticas lineares.<\/span><\/p>\n<p><span>Aqui, mostramos\u00a0<\/span><strong><span>imagens de sat\u00e9lite<\/span><\/strong><span>\u00a0de\u00a0<\/span><strong><span>tr\u00eas \u00e1reas<\/span><\/strong><span>\u00a0na Amaz\u00f4nia central peruana (veja\u00a0<\/span><strong><span>o Mapa Base<\/span><\/strong><span>\u00a0) que recentemente experimentaram esses padr\u00f5es alarmantes e merecem aten\u00e7\u00e3o urgente devido \u00e0 amea\u00e7a de desmatamento r\u00e1pido de grandes \u00e1reas de floresta prim\u00e1ria.*<\/span><\/p>\n<div class=\"fitem-sep\"><\/div>\n<h3><strong><span>\u00c1rea de Conserva\u00e7\u00e3o Regional Norte de Imiria<\/span><\/strong><\/h3>\n<div id=\"attachment_6204\" class=\"thumbnail aligncenter\"><\/div>\n<div id=\"attachment_6204\" class=\"thumbnail aligncenter\"><a href=\"https:\/\/www.maapprogram.org\/wp-content\/uploads\/2017\/09\/MAAP_NewPatterns_Imiria_m1_v1_en-1.jpg\"><img decoding=\"async\" class=\"wp-image-6204 size-full\" src=\"https:\/\/www.maapprogram.org\/wp-content\/uploads\/2017\/09\/MAAP_NewPatterns_Imiria_m1_v1_en-1.jpg\" alt=\"\" width=\"1425\" height=\"705\" \/><\/a><div class=\"caption\"><span>Imagem 69a. Dados: Planeta<\/span><\/div><\/div>\n<p><span>Logo ao norte da \u00c1rea de Conserva\u00e7\u00e3o Regional de Imiria (regi\u00e3o de Ucayali), documentamos a constru\u00e7\u00e3o de uma nova estrada de acesso e o desmatamento de 445 acres (180 hectares) de floresta prim\u00e1ria entre junho e setembro de 2017 (\u00a0<\/span><strong><span>Imagem 69a<\/span><\/strong><span>\u00a0). Na imagem de setembro (painel direito), as caracter\u00edsticas lineares do caminho de acesso e dos lotes agr\u00edcolas s\u00e3o claramente vistas. Tamb\u00e9m parece que h\u00e1 muito potencial para desmatamento cont\u00ednuo na floresta prim\u00e1ria circundante. Fontes indicam que esse desmatamento est\u00e1 ligado a uma associa\u00e7\u00e3o agr\u00edcola, no entanto, ainda n\u00e3o se sabe para qual tipo de cultivo. O desmatamento est\u00e1 a apenas 2 km da \u00c1rea de Conserva\u00e7\u00e3o Regional de Imir\u00eda.<\/span><\/p>\n<div class=\"fitem-sep\"><\/div>\n<h3><strong><span>Nova Requena (Ucayali)<\/span><\/strong><\/h3>\n<div id=\"attachment_6205\" class=\"thumbnail aligncenter\"><\/div>\n<div id=\"attachment_6205\" class=\"thumbnail aligncenter\"><a href=\"https:\/\/www.maapprogram.org\/wp-content\/uploads\/2017\/09\/MAAP_NewPatterns_NR_North_m1_v1_en-1.jpg\"><img decoding=\"async\" class=\"wp-image-6205 size-full\" src=\"https:\/\/www.maapprogram.org\/wp-content\/uploads\/2017\/09\/MAAP_NewPatterns_NR_North_m1_v1_en-1.jpg\" alt=\"\" width=\"1557\" height=\"701\" \/><\/a><div class=\"caption\"><span>Imagem 69b. Dados: Planeta<\/span><\/div><\/div>\n<p><span>Nas florestas prim\u00e1rias restantes do distrito de Nueva Requena (regi\u00e3o de Ucayali), documentamos a limpeza de tr\u00eas caminhos lineares, totalizando 9 km, e o subsequente desmatamento de 188 acres (76 hectares) (\u00a0<\/span><strong><span>Imagem 69b<\/span><\/strong><span>\u00a0). Esses caminhos est\u00e3o localizados dentro de terras florestais nacionais (conhecidas como Floresta de Produ\u00e7\u00e3o Permanente), indicando que o novo desmatamento \u00e9 parte de uma invas\u00e3o ilegal. \u00c9 importante notar que essa \u00e1rea foi not\u00edcia recentemente em rela\u00e7\u00e3o ao\u00a0\u00a0<\/span><a href=\"https:\/\/www.theguardian.com\/environment\/2017\/sep\/06\/six-farmers-shot-dead-over-land-rights-battle-in-peru\" data-feathr-click-track=\"true\" data-feathr-link-aids=\"6182f4e07f71b7b1555341c3\"><span>assassinato de seis fazendeiros por disputa de direitos de terra<\/span><\/a><span>\u00a0e est\u00e1 perto de controversos projetos de \u00f3leo de palma em grande escala (\u00a0<\/span><a href=\"https:\/\/www.maapprogram.org\/2016\/plantaciones-de-pucallpa\/\" data-feathr-click-track=\"true\" data-feathr-link-aids=\"6182f4e07f71b7b1555341c3\"><span>MAAP #41<\/span><\/a><span>\u00a0).<\/span><\/p>\n<div class=\"fitem-sep\"><\/div>\n<h3><strong>Orellana (Loreto)<\/strong><\/h3>\n<div id=\"attachment_6206\" class=\"thumbnail aligncenter\"><a href=\"https:\/\/www.maapprogram.org\/wp-content\/uploads\/2017\/09\/MAAP_NewPatterns_Orellana_m1_v1_en-1.jpg\"><img decoding=\"async\" class=\"wp-image-6206 size-full\" src=\"https:\/\/www.maapprogram.org\/wp-content\/uploads\/2017\/09\/MAAP_NewPatterns_Orellana_m1_v1_en-1.jpg\" alt=\"\" width=\"1429\" height=\"701\" \/><\/a><div class=\"caption\"><span>Imagem 69c. Dados: Planeta<\/span><\/div><\/div>\n<p><span>Mais ao norte, perto da cidade de Orellana (regi\u00e3o de Loreto), documentamos a r\u00e1pida limpeza de uma s\u00e9rie de caminhos lineares, totalizando 19 km, seguido pelo desmatamento de 255 acres (104 hectares) de floresta prim\u00e1ria (\u00a0<\/span><strong><span>Imagem 69c<\/span><\/strong><span>\u00a0). Observe o desmatamento na forma de v\u00e1rios lotes retangulares. Como nos exemplos acima, h\u00e1 muito potencial para desmatamento cont\u00ednuo na floresta prim\u00e1ria circundante.<\/span><\/p>\n<div class=\"fitem-sep\"><\/div>\n<h3><strong><span>Notas<\/span><\/strong><\/h3>\n<p><span>*De acordo com o Decreto Supremo (n\u00ba 018-2015-MINAGRI) que aprova o Regulamento de Gest\u00e3o Florestal sob a estrutura da nova Lei Florestal de 2011 (n\u00ba 29763), a defini\u00e7\u00e3o oficial de floresta prim\u00e1ria no Peru \u00e9: &#8220;Floresta com vegeta\u00e7\u00e3o original caracterizada por uma abund\u00e2ncia de \u00e1rvores maduras com esp\u00e9cies de dossel superior ou dominante, que evoluiu naturalmente&#8221;. Usando m\u00e9todos de sensoriamento remoto, nossa interpreta\u00e7\u00e3o dessa defini\u00e7\u00e3o s\u00e3o \u00e1reas que, desde a primeira imagem dispon\u00edvel, s\u00e3o caracterizadas por densa cobertura de dossel fechado e n\u00e3o sofreram grandes eventos de desmatamento.<\/span><\/p>\n<h3><span style=\"font-size: 16px;\"><div class=\"fitem-sep\"><\/div><\/span><\/h3>\n<h3><strong><span>Refer\u00eancia<\/span><\/strong><\/h3>\n<p><span>Planet Team (2017). Planet Application Program Interface: No espa\u00e7o para a vida na Terra. S\u00e3o Francisco, CA.\u00a0\u00a0<\/span><a class=\"external external_icon\" href=\"https:\/\/api.planet.com\/\" target=\"_blank\" rel=\"nofollow noopener\" data-feathr-click-track=\"true\" data-feathr-link-aids=\"6182f4e07f71b7b1555341c3\"><span>https:\/\/api.planet.com<\/span><\/a><\/p>\n<div class=\"fitem-sep\"><\/div>\n<h3><strong><span>Agradecimentos especiais<\/span><\/strong><\/h3>\n<div>\n<p><span>Gostar\u00edamos de expressar nossa gratid\u00e3o a Michael Valqui por suas contribui\u00e7\u00f5es durante a prepara\u00e7\u00e3o deste artigo.<\/span><\/p>\n<\/div>\n<div>\n<div class=\"fitem-sep\"><\/div>\n<\/div>\n<h3><strong><span>Cita\u00e7\u00e3o<\/span><\/strong><\/h3>\n<p><span>Finer M, Novoa S (2017) Novos padr\u00f5es alarmantes de desmatamento na Amaz\u00f4nia central peruana. MAAP: 69.<\/span><\/p>\n<div class=\"fitem-sep\"><\/div>\n","protected":false},"excerpt":{"rendered":"<p>Gra\u00e7as aos\u00a0alertas de perda florestal precoce\u00a0(conhecidos como GLAD), detectamos recentemente v\u00e1rios\u00a0novos\u00a0padr\u00f5es alarmantes de desmatamento\u00a0em florestas prim\u00e1rias remotas da Amaz\u00f4nia central peruana. Elas parecem estar relacionadas a atividades agr\u00edcolas de m\u00e9dia ou grande escala devido \u00e0s suas caracter\u00edsticas distintas:\u00a0caminhos de acesso retos\u00a0que se estendem de estradas secund\u00e1rias constru\u00eddas profundamente na floresta prim\u00e1ria e\u00a0desmatamento de\u00a0lotes retangulares\/quadrados\u00a0. Esses [&hellip;]<\/p>\n","protected":false},"author":4,"featured_media":0,"comment_status":"open","ping_status":"open","sticky":false,"template":"","format":"standard","meta":{"_acf_changed":false,"footnotes":""},"categories":[3],"tags":[],"ftr_agriculture":[],"carbon-and-climate-change":[],"ftr_country":[400],"fire":[],"infrastructure-threat":[454],"land-use":[],"mining-and-logging-threat":[],"natural-forest-loss":[],"special-analysis":[],"class_list":["post-23247","post","type-post","status-publish","format-standard","hentry","category-nao-categorizado","ftr_country-peru","infrastructure-threat-estradas"],"acf":[],"yoast_head":"<!-- This site is optimized with the Yoast SEO plugin v27.3 - https:\/\/yoast.com\/product\/yoast-seo-wordpress\/ -->\n<title>MAAP #69: Padr\u00f5es alarmantes de desmatamento na Amaz\u00f4nia Central Peruana - MAAP<\/title>\n<meta name=\"robots\" content=\"index, follow, max-snippet:-1, max-image-preview:large, max-video-preview:-1\" \/>\n<link rel=\"canonical\" href=\"https:\/\/www.maapprogram.org\/pt-br\/maap-69-portugues\/\" \/>\n<meta property=\"og:locale\" content=\"pt_BR\" \/>\n<meta property=\"og:type\" content=\"article\" \/>\n<meta property=\"og:title\" content=\"MAAP #69: Padr\u00f5es alarmantes de desmatamento na Amaz\u00f4nia Central Peruana - MAAP\" \/>\n<meta property=\"og:description\" content=\"Gra\u00e7as aos\u00a0alertas de perda florestal precoce\u00a0(conhecidos como GLAD), detectamos recentemente v\u00e1rios\u00a0novos\u00a0padr\u00f5es alarmantes de desmatamento\u00a0em florestas prim\u00e1rias remotas da Amaz\u00f4nia central peruana. Elas parecem estar relacionadas a atividades agr\u00edcolas de m\u00e9dia ou grande escala devido \u00e0s suas caracter\u00edsticas distintas:\u00a0caminhos de acesso retos\u00a0que se estendem de estradas secund\u00e1rias constru\u00eddas profundamente na floresta prim\u00e1ria e\u00a0desmatamento de\u00a0lotes retangulares\/quadrados\u00a0. Esses [&hellip;]\" \/>\n<meta property=\"og:url\" content=\"https:\/\/www.maapprogram.org\/pt-br\/maap-69-portugues\/\" \/>\n<meta property=\"og:site_name\" content=\"MAAP\" \/>\n<meta property=\"article:published_time\" content=\"2017-09-26T09:51:00+00:00\" \/>\n<meta property=\"article:modified_time\" content=\"2024-09-19T13:11:32+00:00\" \/>\n<meta property=\"og:image\" content=\"https:\/\/www.maapprogram.org\/wp-content\/uploads\/2017\/09\/MAAP_NewPatters_O_v1_en.jpg\" \/>\n<meta name=\"author\" content=\"MAAP Consultants\" \/>\n<meta name=\"twitter:card\" content=\"summary_large_image\" \/>\n<meta name=\"twitter:label1\" content=\"Escrito por\" \/>\n\t<meta name=\"twitter:data1\" content=\"MAAP Consultants\" \/>\n\t<meta name=\"twitter:label2\" content=\"Est. tempo de leitura\" \/>\n\t<meta name=\"twitter:data2\" content=\"4 minutos\" \/>\n<script type=\"application\/ld+json\" class=\"yoast-schema-graph\">{\"@context\":\"https:\\\/\\\/schema.org\",\"@graph\":[{\"@type\":\"Article\",\"@id\":\"https:\\\/\\\/www.maapprogram.org\\\/pt-br\\\/maap-69-portugues\\\/#article\",\"isPartOf\":{\"@id\":\"https:\\\/\\\/www.maapprogram.org\\\/pt-br\\\/maap-69-portugues\\\/\"},\"author\":{\"name\":\"MAAP Consultants\",\"@id\":\"https:\\\/\\\/www.maapprogram.org\\\/pt-br\\\/#\\\/schema\\\/person\\\/2f7133e3c0723ceecd6dabc9b4f198ce\"},\"headline\":\"MAAP #69: Padr\u00f5es alarmantes de desmatamento na Amaz\u00f4nia Central Peruana\",\"datePublished\":\"2017-09-26T09:51:00+00:00\",\"dateModified\":\"2024-09-19T13:11:32+00:00\",\"mainEntityOfPage\":{\"@id\":\"https:\\\/\\\/www.maapprogram.org\\\/pt-br\\\/maap-69-portugues\\\/\"},\"wordCount\":674,\"commentCount\":0,\"image\":{\"@id\":\"https:\\\/\\\/www.maapprogram.org\\\/pt-br\\\/maap-69-portugues\\\/#primaryimage\"},\"thumbnailUrl\":\"https:\\\/\\\/www.maapprogram.org\\\/wp-content\\\/uploads\\\/2017\\\/09\\\/MAAP_NewPatters_O_v1_en.jpg\",\"articleSection\":[\"N\u00e3o categorizado\"],\"inLanguage\":\"pt-BR\",\"potentialAction\":[{\"@type\":\"CommentAction\",\"name\":\"Comment\",\"target\":[\"https:\\\/\\\/www.maapprogram.org\\\/pt-br\\\/maap-69-portugues\\\/#respond\"]}]},{\"@type\":\"WebPage\",\"@id\":\"https:\\\/\\\/www.maapprogram.org\\\/pt-br\\\/maap-69-portugues\\\/\",\"url\":\"https:\\\/\\\/www.maapprogram.org\\\/pt-br\\\/maap-69-portugues\\\/\",\"name\":\"MAAP #69: Padr\u00f5es alarmantes de desmatamento na Amaz\u00f4nia Central Peruana - MAAP\",\"isPartOf\":{\"@id\":\"https:\\\/\\\/www.maapprogram.org\\\/pt-br\\\/#website\"},\"primaryImageOfPage\":{\"@id\":\"https:\\\/\\\/www.maapprogram.org\\\/pt-br\\\/maap-69-portugues\\\/#primaryimage\"},\"image\":{\"@id\":\"https:\\\/\\\/www.maapprogram.org\\\/pt-br\\\/maap-69-portugues\\\/#primaryimage\"},\"thumbnailUrl\":\"https:\\\/\\\/www.maapprogram.org\\\/wp-content\\\/uploads\\\/2017\\\/09\\\/MAAP_NewPatters_O_v1_en.jpg\",\"datePublished\":\"2017-09-26T09:51:00+00:00\",\"dateModified\":\"2024-09-19T13:11:32+00:00\",\"author\":{\"@id\":\"https:\\\/\\\/www.maapprogram.org\\\/pt-br\\\/#\\\/schema\\\/person\\\/2f7133e3c0723ceecd6dabc9b4f198ce\"},\"breadcrumb\":{\"@id\":\"https:\\\/\\\/www.maapprogram.org\\\/pt-br\\\/maap-69-portugues\\\/#breadcrumb\"},\"inLanguage\":\"pt-BR\",\"potentialAction\":[{\"@type\":\"ReadAction\",\"target\":[\"https:\\\/\\\/www.maapprogram.org\\\/pt-br\\\/maap-69-portugues\\\/\"]}]},{\"@type\":\"ImageObject\",\"inLanguage\":\"pt-BR\",\"@id\":\"https:\\\/\\\/www.maapprogram.org\\\/pt-br\\\/maap-69-portugues\\\/#primaryimage\",\"url\":\"https:\\\/\\\/www.maapprogram.org\\\/wp-content\\\/uploads\\\/2017\\\/09\\\/MAAP_NewPatters_O_v1_en.jpg\",\"contentUrl\":\"https:\\\/\\\/www.maapprogram.org\\\/wp-content\\\/uploads\\\/2017\\\/09\\\/MAAP_NewPatters_O_v1_en.jpg\"},{\"@type\":\"BreadcrumbList\",\"@id\":\"https:\\\/\\\/www.maapprogram.org\\\/pt-br\\\/maap-69-portugues\\\/#breadcrumb\",\"itemListElement\":[{\"@type\":\"ListItem\",\"position\":1,\"name\":\"Home\",\"item\":\"https:\\\/\\\/www.maapprogram.org\\\/pt-br\\\/\"},{\"@type\":\"ListItem\",\"position\":2,\"name\":\"MAAP #69: Padr\u00f5es alarmantes de desmatamento na Amaz\u00f4nia Central Peruana\"}]},{\"@type\":\"WebSite\",\"@id\":\"https:\\\/\\\/www.maapprogram.org\\\/pt-br\\\/#website\",\"url\":\"https:\\\/\\\/www.maapprogram.org\\\/pt-br\\\/\",\"name\":\"MAAP\",\"description\":\"\",\"potentialAction\":[{\"@type\":\"SearchAction\",\"target\":{\"@type\":\"EntryPoint\",\"urlTemplate\":\"https:\\\/\\\/www.maapprogram.org\\\/pt-br\\\/?s={search_term_string}\"},\"query-input\":{\"@type\":\"PropertyValueSpecification\",\"valueRequired\":true,\"valueName\":\"search_term_string\"}}],\"inLanguage\":\"pt-BR\"},{\"@type\":\"Person\",\"@id\":\"https:\\\/\\\/www.maapprogram.org\\\/pt-br\\\/#\\\/schema\\\/person\\\/2f7133e3c0723ceecd6dabc9b4f198ce\",\"name\":\"MAAP Consultants\",\"image\":{\"@type\":\"ImageObject\",\"inLanguage\":\"pt-BR\",\"@id\":\"https:\\\/\\\/secure.gravatar.com\\\/avatar\\\/5889bd7805b73b186236cf81236e7511b08707f4115893e4569c33d93f127911?s=96&d=mm&r=g\",\"url\":\"https:\\\/\\\/secure.gravatar.com\\\/avatar\\\/5889bd7805b73b186236cf81236e7511b08707f4115893e4569c33d93f127911?s=96&d=mm&r=g\",\"contentUrl\":\"https:\\\/\\\/secure.gravatar.com\\\/avatar\\\/5889bd7805b73b186236cf81236e7511b08707f4115893e4569c33d93f127911?s=96&d=mm&r=g\",\"caption\":\"MAAP Consultants\"},\"url\":\"https:\\\/\\\/www.maapprogram.org\\\/pt-br\\\/author\\\/maapconsultants\\\/\"}]}<\/script>\n<!-- \/ Yoast SEO plugin. -->","yoast_head_json":{"title":"MAAP #69: Padr\u00f5es alarmantes de desmatamento na Amaz\u00f4nia Central Peruana - MAAP","robots":{"index":"index","follow":"follow","max-snippet":"max-snippet:-1","max-image-preview":"max-image-preview:large","max-video-preview":"max-video-preview:-1"},"canonical":"https:\/\/www.maapprogram.org\/pt-br\/maap-69-portugues\/","og_locale":"pt_BR","og_type":"article","og_title":"MAAP #69: Padr\u00f5es alarmantes de desmatamento na Amaz\u00f4nia Central Peruana - MAAP","og_description":"Gra\u00e7as aos\u00a0alertas de perda florestal precoce\u00a0(conhecidos como GLAD), detectamos recentemente v\u00e1rios\u00a0novos\u00a0padr\u00f5es alarmantes de desmatamento\u00a0em florestas prim\u00e1rias remotas da Amaz\u00f4nia central peruana. Elas parecem estar relacionadas a atividades agr\u00edcolas de m\u00e9dia ou grande escala devido \u00e0s suas caracter\u00edsticas distintas:\u00a0caminhos de acesso retos\u00a0que se estendem de estradas secund\u00e1rias constru\u00eddas profundamente na floresta prim\u00e1ria e\u00a0desmatamento de\u00a0lotes retangulares\/quadrados\u00a0. Esses [&hellip;]","og_url":"https:\/\/www.maapprogram.org\/pt-br\/maap-69-portugues\/","og_site_name":"MAAP","article_published_time":"2017-09-26T09:51:00+00:00","article_modified_time":"2024-09-19T13:11:32+00:00","og_image":[{"url":"https:\/\/www.maapprogram.org\/wp-content\/uploads\/2017\/09\/MAAP_NewPatters_O_v1_en.jpg","type":"","width":"","height":""}],"author":"MAAP Consultants","twitter_card":"summary_large_image","twitter_misc":{"Escrito por":"MAAP Consultants","Est. tempo de leitura":"4 minutos"},"schema":{"@context":"https:\/\/schema.org","@graph":[{"@type":"Article","@id":"https:\/\/www.maapprogram.org\/pt-br\/maap-69-portugues\/#article","isPartOf":{"@id":"https:\/\/www.maapprogram.org\/pt-br\/maap-69-portugues\/"},"author":{"name":"MAAP Consultants","@id":"https:\/\/www.maapprogram.org\/pt-br\/#\/schema\/person\/2f7133e3c0723ceecd6dabc9b4f198ce"},"headline":"MAAP #69: Padr\u00f5es alarmantes de desmatamento na Amaz\u00f4nia Central Peruana","datePublished":"2017-09-26T09:51:00+00:00","dateModified":"2024-09-19T13:11:32+00:00","mainEntityOfPage":{"@id":"https:\/\/www.maapprogram.org\/pt-br\/maap-69-portugues\/"},"wordCount":674,"commentCount":0,"image":{"@id":"https:\/\/www.maapprogram.org\/pt-br\/maap-69-portugues\/#primaryimage"},"thumbnailUrl":"https:\/\/www.maapprogram.org\/wp-content\/uploads\/2017\/09\/MAAP_NewPatters_O_v1_en.jpg","articleSection":["N\u00e3o categorizado"],"inLanguage":"pt-BR","potentialAction":[{"@type":"CommentAction","name":"Comment","target":["https:\/\/www.maapprogram.org\/pt-br\/maap-69-portugues\/#respond"]}]},{"@type":"WebPage","@id":"https:\/\/www.maapprogram.org\/pt-br\/maap-69-portugues\/","url":"https:\/\/www.maapprogram.org\/pt-br\/maap-69-portugues\/","name":"MAAP #69: Padr\u00f5es alarmantes de desmatamento na Amaz\u00f4nia Central Peruana - MAAP","isPartOf":{"@id":"https:\/\/www.maapprogram.org\/pt-br\/#website"},"primaryImageOfPage":{"@id":"https:\/\/www.maapprogram.org\/pt-br\/maap-69-portugues\/#primaryimage"},"image":{"@id":"https:\/\/www.maapprogram.org\/pt-br\/maap-69-portugues\/#primaryimage"},"thumbnailUrl":"https:\/\/www.maapprogram.org\/wp-content\/uploads\/2017\/09\/MAAP_NewPatters_O_v1_en.jpg","datePublished":"2017-09-26T09:51:00+00:00","dateModified":"2024-09-19T13:11:32+00:00","author":{"@id":"https:\/\/www.maapprogram.org\/pt-br\/#\/schema\/person\/2f7133e3c0723ceecd6dabc9b4f198ce"},"breadcrumb":{"@id":"https:\/\/www.maapprogram.org\/pt-br\/maap-69-portugues\/#breadcrumb"},"inLanguage":"pt-BR","potentialAction":[{"@type":"ReadAction","target":["https:\/\/www.maapprogram.org\/pt-br\/maap-69-portugues\/"]}]},{"@type":"ImageObject","inLanguage":"pt-BR","@id":"https:\/\/www.maapprogram.org\/pt-br\/maap-69-portugues\/#primaryimage","url":"https:\/\/www.maapprogram.org\/wp-content\/uploads\/2017\/09\/MAAP_NewPatters_O_v1_en.jpg","contentUrl":"https:\/\/www.maapprogram.org\/wp-content\/uploads\/2017\/09\/MAAP_NewPatters_O_v1_en.jpg"},{"@type":"BreadcrumbList","@id":"https:\/\/www.maapprogram.org\/pt-br\/maap-69-portugues\/#breadcrumb","itemListElement":[{"@type":"ListItem","position":1,"name":"Home","item":"https:\/\/www.maapprogram.org\/pt-br\/"},{"@type":"ListItem","position":2,"name":"MAAP #69: Padr\u00f5es alarmantes de desmatamento na Amaz\u00f4nia Central Peruana"}]},{"@type":"WebSite","@id":"https:\/\/www.maapprogram.org\/pt-br\/#website","url":"https:\/\/www.maapprogram.org\/pt-br\/","name":"MAAP","description":"","potentialAction":[{"@type":"SearchAction","target":{"@type":"EntryPoint","urlTemplate":"https:\/\/www.maapprogram.org\/pt-br\/?s={search_term_string}"},"query-input":{"@type":"PropertyValueSpecification","valueRequired":true,"valueName":"search_term_string"}}],"inLanguage":"pt-BR"},{"@type":"Person","@id":"https:\/\/www.maapprogram.org\/pt-br\/#\/schema\/person\/2f7133e3c0723ceecd6dabc9b4f198ce","name":"MAAP Consultants","image":{"@type":"ImageObject","inLanguage":"pt-BR","@id":"https:\/\/secure.gravatar.com\/avatar\/5889bd7805b73b186236cf81236e7511b08707f4115893e4569c33d93f127911?s=96&d=mm&r=g","url":"https:\/\/secure.gravatar.com\/avatar\/5889bd7805b73b186236cf81236e7511b08707f4115893e4569c33d93f127911?s=96&d=mm&r=g","contentUrl":"https:\/\/secure.gravatar.com\/avatar\/5889bd7805b73b186236cf81236e7511b08707f4115893e4569c33d93f127911?s=96&d=mm&r=g","caption":"MAAP Consultants"},"url":"https:\/\/www.maapprogram.org\/pt-br\/author\/maapconsultants\/"}]}},"_links":{"self":[{"href":"https:\/\/www.maapprogram.org\/pt-br\/wp-json\/wp\/v2\/posts\/23247","targetHints":{"allow":["GET"]}}],"collection":[{"href":"https:\/\/www.maapprogram.org\/pt-br\/wp-json\/wp\/v2\/posts"}],"about":[{"href":"https:\/\/www.maapprogram.org\/pt-br\/wp-json\/wp\/v2\/types\/post"}],"author":[{"embeddable":true,"href":"https:\/\/www.maapprogram.org\/pt-br\/wp-json\/wp\/v2\/users\/4"}],"replies":[{"embeddable":true,"href":"https:\/\/www.maapprogram.org\/pt-br\/wp-json\/wp\/v2\/comments?post=23247"}],"version-history":[{"count":1,"href":"https:\/\/www.maapprogram.org\/pt-br\/wp-json\/wp\/v2\/posts\/23247\/revisions"}],"predecessor-version":[{"id":23248,"href":"https:\/\/www.maapprogram.org\/pt-br\/wp-json\/wp\/v2\/posts\/23247\/revisions\/23248"}],"wp:attachment":[{"href":"https:\/\/www.maapprogram.org\/pt-br\/wp-json\/wp\/v2\/media?parent=23247"}],"wp:term":[{"taxonomy":"category","embeddable":true,"href":"https:\/\/www.maapprogram.org\/pt-br\/wp-json\/wp\/v2\/categories?post=23247"},{"taxonomy":"post_tag","embeddable":true,"href":"https:\/\/www.maapprogram.org\/pt-br\/wp-json\/wp\/v2\/tags?post=23247"},{"taxonomy":"ftr_agriculture","embeddable":true,"href":"https:\/\/www.maapprogram.org\/pt-br\/wp-json\/wp\/v2\/ftr_agriculture?post=23247"},{"taxonomy":"carbon-and-climate-change","embeddable":true,"href":"https:\/\/www.maapprogram.org\/pt-br\/wp-json\/wp\/v2\/carbon-and-climate-change?post=23247"},{"taxonomy":"ftr_country","embeddable":true,"href":"https:\/\/www.maapprogram.org\/pt-br\/wp-json\/wp\/v2\/ftr_country?post=23247"},{"taxonomy":"fire","embeddable":true,"href":"https:\/\/www.maapprogram.org\/pt-br\/wp-json\/wp\/v2\/fire?post=23247"},{"taxonomy":"infrastructure-threat","embeddable":true,"href":"https:\/\/www.maapprogram.org\/pt-br\/wp-json\/wp\/v2\/infrastructure-threat?post=23247"},{"taxonomy":"land-use","embeddable":true,"href":"https:\/\/www.maapprogram.org\/pt-br\/wp-json\/wp\/v2\/land-use?post=23247"},{"taxonomy":"mining-and-logging-threat","embeddable":true,"href":"https:\/\/www.maapprogram.org\/pt-br\/wp-json\/wp\/v2\/mining-and-logging-threat?post=23247"},{"taxonomy":"natural-forest-loss","embeddable":true,"href":"https:\/\/www.maapprogram.org\/pt-br\/wp-json\/wp\/v2\/natural-forest-loss?post=23247"},{"taxonomy":"special-analysis","embeddable":true,"href":"https:\/\/www.maapprogram.org\/pt-br\/wp-json\/wp\/v2\/special-analysis?post=23247"}],"curies":[{"name":"wp","href":"https:\/\/api.w.org\/{rel}","templated":true}]}}