{"id":23410,"date":"2017-07-02T10:08:00","date_gmt":"2017-07-02T10:08:00","guid":{"rendered":"https:\/\/www.maapprogram.org\/?p=23410"},"modified":"2024-09-26T18:22:17","modified_gmt":"2024-09-26T18:22:17","slug":"maap-63-portugues","status":"publish","type":"post","link":"https:\/\/www.maapprogram.org\/pt-br\/maap-63-portugues\/","title":{"rendered":"MAAP #63: Padr\u00f5es de desmatamento na Amaz\u00f4nia colombiana"},"content":{"rendered":"<p>Estamos animados em apresentar nossa an\u00e1lise inicial da\u00a0<b>Amaz\u00f4nia Colombiana<\/b>\u00a0, um trabalho que reflete uma colabora\u00e7\u00e3o importante com nossos colegas da\u00a0<a href=\"http:\/\/www.amazonteam.org\/\" target=\"_blank\" rel=\"noopener\" data-feathr-click-track=\"true\" data-feathr-link-aids=\"6182f4e07f71b7b1555341c3\">Amazon Conservation Team<\/a>\u00a0. \u00c9 tamb\u00e9m nosso primeiro relat\u00f3rio no formato mais interativo \u201c\u00a0<b>Story Map<\/b> \u201d.<\/p>\n<div>\n<p>Este relat\u00f3rio tem\u00a0<b>dois objetivos<\/b>\u00a0: 1) Ilustrar os principais hotspots de desmatamento na Amaz\u00f4nia Colombiana entre 2001 e 2015 e 2) Focar em um dos hotspots mais importantes, localizado no departamento de Caquet\u00e1. Em resumo, mostramos imagens de sat\u00e9lite da perda florestal em expans\u00e3o em um dos hotspots de desmatamento mais importantes na Amaz\u00f4nia Colombiana.<\/p>\n<p>Siga este link para visualizar o Story Map:\u00a0<a href=\"https:\/\/www.maapprogram.org-deforestation-patterns-colombian-amazon\/\" target=\"_blank\" rel=\"noopener\" data-feathr-click-track=\"true\" data-feathr-link-aids=\"6182f4e07f71b7b1555341c3\"><strong>https:\/\/www.maapprogram.org-deforestation-patterns-colombian-amazon\/<\/strong><\/a><a href=\"https:\/\/www.maapprogram.org-deforestation-patterns-colombian-amazon\/\" target=\"_blank\" rel=\"noopener\" data-feathr-click-track=\"true\" data-feathr-link-aids=\"6182f4e07f71b7b1555341c3\">\u00a0<\/a><\/p>\n<\/div>\n<div>\n<div class=\"fitem-sep\"><\/div>\n<\/div>\n","protected":false},"excerpt":{"rendered":"<p>Estamos animados em apresentar nossa an\u00e1lise inicial da\u00a0Amaz\u00f4nia Colombiana\u00a0, um trabalho que reflete uma colabora\u00e7\u00e3o importante com nossos colegas da\u00a0Amazon Conservation Team\u00a0. \u00c9 tamb\u00e9m nosso primeiro relat\u00f3rio no formato mais interativo \u201c\u00a0Story Map \u201d. Este relat\u00f3rio tem\u00a0dois objetivos\u00a0: 1) Ilustrar os principais hotspots de desmatamento na Amaz\u00f4nia Colombiana entre 2001 e 2015 e 2) Focar [&hellip;]<\/p>\n","protected":false},"author":4,"featured_media":0,"comment_status":"open","ping_status":"open","sticky":false,"template":"","format":"standard","meta":{"_acf_changed":false,"footnotes":""},"categories":[3],"tags":[],"ftr_agriculture":[],"carbon-and-climate-change":[],"ftr_country":[484],"fire":[],"infrastructure-threat":[],"land-use":[],"mining-and-logging-threat":[],"natural-forest-loss":[],"special-analysis":[],"class_list":["post-23410","post","type-post","status-publish","format-standard","hentry","category-nao-categorizado","ftr_country-colombia-3"],"acf":[],"yoast_head":"<!-- This site is optimized with the Yoast SEO plugin v27.3 - https:\/\/yoast.com\/product\/yoast-seo-wordpress\/ -->\n<title>MAAP #63: Padr\u00f5es de desmatamento na Amaz\u00f4nia colombiana - MAAP<\/title>\n<meta name=\"robots\" content=\"index, follow, max-snippet:-1, max-image-preview:large, max-video-preview:-1\" \/>\n<link rel=\"canonical\" href=\"https:\/\/www.maapprogram.org\/pt-br\/maap-63-portugues\/\" \/>\n<meta property=\"og:locale\" content=\"pt_BR\" \/>\n<meta property=\"og:type\" content=\"article\" \/>\n<meta property=\"og:title\" content=\"MAAP #63: Padr\u00f5es de desmatamento na Amaz\u00f4nia colombiana - MAAP\" \/>\n<meta property=\"og:description\" content=\"Estamos animados em apresentar nossa an\u00e1lise inicial da\u00a0Amaz\u00f4nia Colombiana\u00a0, um trabalho que reflete uma colabora\u00e7\u00e3o importante com nossos colegas da\u00a0Amazon Conservation Team\u00a0. \u00c9 tamb\u00e9m nosso primeiro relat\u00f3rio no formato mais interativo \u201c\u00a0Story Map \u201d. Este relat\u00f3rio tem\u00a0dois objetivos\u00a0: 1) Ilustrar os principais hotspots de desmatamento na Amaz\u00f4nia Colombiana entre 2001 e 2015 e 2) Focar [&hellip;]\" \/>\n<meta property=\"og:url\" content=\"https:\/\/www.maapprogram.org\/pt-br\/maap-63-portugues\/\" \/>\n<meta property=\"og:site_name\" content=\"MAAP\" \/>\n<meta property=\"article:published_time\" content=\"2017-07-02T10:08:00+00:00\" \/>\n<meta property=\"article:modified_time\" content=\"2024-09-26T18:22:17+00:00\" \/>\n<meta name=\"author\" content=\"MAAP Consultants\" \/>\n<meta name=\"twitter:card\" content=\"summary_large_image\" \/>\n<meta name=\"twitter:label1\" content=\"Escrito por\" \/>\n\t<meta name=\"twitter:data1\" content=\"MAAP Consultants\" \/>\n\t<meta name=\"twitter:label2\" content=\"Est. tempo de leitura\" \/>\n\t<meta name=\"twitter:data2\" content=\"1 minuto\" \/>\n<script type=\"application\/ld+json\" class=\"yoast-schema-graph\">{\"@context\":\"https:\\\/\\\/schema.org\",\"@graph\":[{\"@type\":\"Article\",\"@id\":\"https:\\\/\\\/www.maapprogram.org\\\/pt-br\\\/maap-63-portugues\\\/#article\",\"isPartOf\":{\"@id\":\"https:\\\/\\\/www.maapprogram.org\\\/pt-br\\\/maap-63-portugues\\\/\"},\"author\":{\"name\":\"MAAP Consultants\",\"@id\":\"https:\\\/\\\/www.maapprogram.org\\\/pt-br\\\/#\\\/schema\\\/person\\\/2f7133e3c0723ceecd6dabc9b4f198ce\"},\"headline\":\"MAAP #63: Padr\u00f5es de desmatamento na Amaz\u00f4nia colombiana\",\"datePublished\":\"2017-07-02T10:08:00+00:00\",\"dateModified\":\"2024-09-26T18:22:17+00:00\",\"mainEntityOfPage\":{\"@id\":\"https:\\\/\\\/www.maapprogram.org\\\/pt-br\\\/maap-63-portugues\\\/\"},\"wordCount\":117,\"commentCount\":0,\"articleSection\":[\"N\u00e3o categorizado\"],\"inLanguage\":\"pt-BR\",\"potentialAction\":[{\"@type\":\"CommentAction\",\"name\":\"Comment\",\"target\":[\"https:\\\/\\\/www.maapprogram.org\\\/pt-br\\\/maap-63-portugues\\\/#respond\"]}]},{\"@type\":\"WebPage\",\"@id\":\"https:\\\/\\\/www.maapprogram.org\\\/pt-br\\\/maap-63-portugues\\\/\",\"url\":\"https:\\\/\\\/www.maapprogram.org\\\/pt-br\\\/maap-63-portugues\\\/\",\"name\":\"MAAP #63: Padr\u00f5es de desmatamento na Amaz\u00f4nia colombiana - MAAP\",\"isPartOf\":{\"@id\":\"https:\\\/\\\/www.maapprogram.org\\\/pt-br\\\/#website\"},\"datePublished\":\"2017-07-02T10:08:00+00:00\",\"dateModified\":\"2024-09-26T18:22:17+00:00\",\"author\":{\"@id\":\"https:\\\/\\\/www.maapprogram.org\\\/pt-br\\\/#\\\/schema\\\/person\\\/2f7133e3c0723ceecd6dabc9b4f198ce\"},\"breadcrumb\":{\"@id\":\"https:\\\/\\\/www.maapprogram.org\\\/pt-br\\\/maap-63-portugues\\\/#breadcrumb\"},\"inLanguage\":\"pt-BR\",\"potentialAction\":[{\"@type\":\"ReadAction\",\"target\":[\"https:\\\/\\\/www.maapprogram.org\\\/pt-br\\\/maap-63-portugues\\\/\"]}]},{\"@type\":\"BreadcrumbList\",\"@id\":\"https:\\\/\\\/www.maapprogram.org\\\/pt-br\\\/maap-63-portugues\\\/#breadcrumb\",\"itemListElement\":[{\"@type\":\"ListItem\",\"position\":1,\"name\":\"Home\",\"item\":\"https:\\\/\\\/www.maapprogram.org\\\/pt-br\\\/\"},{\"@type\":\"ListItem\",\"position\":2,\"name\":\"MAAP #63: Padr\u00f5es de desmatamento na Amaz\u00f4nia colombiana\"}]},{\"@type\":\"WebSite\",\"@id\":\"https:\\\/\\\/www.maapprogram.org\\\/pt-br\\\/#website\",\"url\":\"https:\\\/\\\/www.maapprogram.org\\\/pt-br\\\/\",\"name\":\"MAAP\",\"description\":\"\",\"potentialAction\":[{\"@type\":\"SearchAction\",\"target\":{\"@type\":\"EntryPoint\",\"urlTemplate\":\"https:\\\/\\\/www.maapprogram.org\\\/pt-br\\\/?s={search_term_string}\"},\"query-input\":{\"@type\":\"PropertyValueSpecification\",\"valueRequired\":true,\"valueName\":\"search_term_string\"}}],\"inLanguage\":\"pt-BR\"},{\"@type\":\"Person\",\"@id\":\"https:\\\/\\\/www.maapprogram.org\\\/pt-br\\\/#\\\/schema\\\/person\\\/2f7133e3c0723ceecd6dabc9b4f198ce\",\"name\":\"MAAP Consultants\",\"image\":{\"@type\":\"ImageObject\",\"inLanguage\":\"pt-BR\",\"@id\":\"https:\\\/\\\/secure.gravatar.com\\\/avatar\\\/5889bd7805b73b186236cf81236e7511b08707f4115893e4569c33d93f127911?s=96&d=mm&r=g\",\"url\":\"https:\\\/\\\/secure.gravatar.com\\\/avatar\\\/5889bd7805b73b186236cf81236e7511b08707f4115893e4569c33d93f127911?s=96&d=mm&r=g\",\"contentUrl\":\"https:\\\/\\\/secure.gravatar.com\\\/avatar\\\/5889bd7805b73b186236cf81236e7511b08707f4115893e4569c33d93f127911?s=96&d=mm&r=g\",\"caption\":\"MAAP Consultants\"},\"url\":\"https:\\\/\\\/www.maapprogram.org\\\/pt-br\\\/author\\\/maapconsultants\\\/\"}]}<\/script>\n<!-- \/ Yoast SEO plugin. -->","yoast_head_json":{"title":"MAAP #63: Padr\u00f5es de desmatamento na Amaz\u00f4nia colombiana - MAAP","robots":{"index":"index","follow":"follow","max-snippet":"max-snippet:-1","max-image-preview":"max-image-preview:large","max-video-preview":"max-video-preview:-1"},"canonical":"https:\/\/www.maapprogram.org\/pt-br\/maap-63-portugues\/","og_locale":"pt_BR","og_type":"article","og_title":"MAAP #63: Padr\u00f5es de desmatamento na Amaz\u00f4nia colombiana - MAAP","og_description":"Estamos animados em apresentar nossa an\u00e1lise inicial da\u00a0Amaz\u00f4nia Colombiana\u00a0, um trabalho que reflete uma colabora\u00e7\u00e3o importante com nossos colegas da\u00a0Amazon Conservation Team\u00a0. \u00c9 tamb\u00e9m nosso primeiro relat\u00f3rio no formato mais interativo \u201c\u00a0Story Map \u201d. Este relat\u00f3rio tem\u00a0dois objetivos\u00a0: 1) Ilustrar os principais hotspots de desmatamento na Amaz\u00f4nia Colombiana entre 2001 e 2015 e 2) Focar [&hellip;]","og_url":"https:\/\/www.maapprogram.org\/pt-br\/maap-63-portugues\/","og_site_name":"MAAP","article_published_time":"2017-07-02T10:08:00+00:00","article_modified_time":"2024-09-26T18:22:17+00:00","author":"MAAP Consultants","twitter_card":"summary_large_image","twitter_misc":{"Escrito por":"MAAP Consultants","Est. tempo de leitura":"1 minuto"},"schema":{"@context":"https:\/\/schema.org","@graph":[{"@type":"Article","@id":"https:\/\/www.maapprogram.org\/pt-br\/maap-63-portugues\/#article","isPartOf":{"@id":"https:\/\/www.maapprogram.org\/pt-br\/maap-63-portugues\/"},"author":{"name":"MAAP Consultants","@id":"https:\/\/www.maapprogram.org\/pt-br\/#\/schema\/person\/2f7133e3c0723ceecd6dabc9b4f198ce"},"headline":"MAAP #63: Padr\u00f5es de desmatamento na Amaz\u00f4nia colombiana","datePublished":"2017-07-02T10:08:00+00:00","dateModified":"2024-09-26T18:22:17+00:00","mainEntityOfPage":{"@id":"https:\/\/www.maapprogram.org\/pt-br\/maap-63-portugues\/"},"wordCount":117,"commentCount":0,"articleSection":["N\u00e3o categorizado"],"inLanguage":"pt-BR","potentialAction":[{"@type":"CommentAction","name":"Comment","target":["https:\/\/www.maapprogram.org\/pt-br\/maap-63-portugues\/#respond"]}]},{"@type":"WebPage","@id":"https:\/\/www.maapprogram.org\/pt-br\/maap-63-portugues\/","url":"https:\/\/www.maapprogram.org\/pt-br\/maap-63-portugues\/","name":"MAAP #63: Padr\u00f5es de desmatamento na Amaz\u00f4nia colombiana - MAAP","isPartOf":{"@id":"https:\/\/www.maapprogram.org\/pt-br\/#website"},"datePublished":"2017-07-02T10:08:00+00:00","dateModified":"2024-09-26T18:22:17+00:00","author":{"@id":"https:\/\/www.maapprogram.org\/pt-br\/#\/schema\/person\/2f7133e3c0723ceecd6dabc9b4f198ce"},"breadcrumb":{"@id":"https:\/\/www.maapprogram.org\/pt-br\/maap-63-portugues\/#breadcrumb"},"inLanguage":"pt-BR","potentialAction":[{"@type":"ReadAction","target":["https:\/\/www.maapprogram.org\/pt-br\/maap-63-portugues\/"]}]},{"@type":"BreadcrumbList","@id":"https:\/\/www.maapprogram.org\/pt-br\/maap-63-portugues\/#breadcrumb","itemListElement":[{"@type":"ListItem","position":1,"name":"Home","item":"https:\/\/www.maapprogram.org\/pt-br\/"},{"@type":"ListItem","position":2,"name":"MAAP #63: Padr\u00f5es de desmatamento na Amaz\u00f4nia colombiana"}]},{"@type":"WebSite","@id":"https:\/\/www.maapprogram.org\/pt-br\/#website","url":"https:\/\/www.maapprogram.org\/pt-br\/","name":"MAAP","description":"","potentialAction":[{"@type":"SearchAction","target":{"@type":"EntryPoint","urlTemplate":"https:\/\/www.maapprogram.org\/pt-br\/?s={search_term_string}"},"query-input":{"@type":"PropertyValueSpecification","valueRequired":true,"valueName":"search_term_string"}}],"inLanguage":"pt-BR"},{"@type":"Person","@id":"https:\/\/www.maapprogram.org\/pt-br\/#\/schema\/person\/2f7133e3c0723ceecd6dabc9b4f198ce","name":"MAAP Consultants","image":{"@type":"ImageObject","inLanguage":"pt-BR","@id":"https:\/\/secure.gravatar.com\/avatar\/5889bd7805b73b186236cf81236e7511b08707f4115893e4569c33d93f127911?s=96&d=mm&r=g","url":"https:\/\/secure.gravatar.com\/avatar\/5889bd7805b73b186236cf81236e7511b08707f4115893e4569c33d93f127911?s=96&d=mm&r=g","contentUrl":"https:\/\/secure.gravatar.com\/avatar\/5889bd7805b73b186236cf81236e7511b08707f4115893e4569c33d93f127911?s=96&d=mm&r=g","caption":"MAAP Consultants"},"url":"https:\/\/www.maapprogram.org\/pt-br\/author\/maapconsultants\/"}]}},"_links":{"self":[{"href":"https:\/\/www.maapprogram.org\/pt-br\/wp-json\/wp\/v2\/posts\/23410","targetHints":{"allow":["GET"]}}],"collection":[{"href":"https:\/\/www.maapprogram.org\/pt-br\/wp-json\/wp\/v2\/posts"}],"about":[{"href":"https:\/\/www.maapprogram.org\/pt-br\/wp-json\/wp\/v2\/types\/post"}],"author":[{"embeddable":true,"href":"https:\/\/www.maapprogram.org\/pt-br\/wp-json\/wp\/v2\/users\/4"}],"replies":[{"embeddable":true,"href":"https:\/\/www.maapprogram.org\/pt-br\/wp-json\/wp\/v2\/comments?post=23410"}],"version-history":[{"count":2,"href":"https:\/\/www.maapprogram.org\/pt-br\/wp-json\/wp\/v2\/posts\/23410\/revisions"}],"predecessor-version":[{"id":23412,"href":"https:\/\/www.maapprogram.org\/pt-br\/wp-json\/wp\/v2\/posts\/23410\/revisions\/23412"}],"wp:attachment":[{"href":"https:\/\/www.maapprogram.org\/pt-br\/wp-json\/wp\/v2\/media?parent=23410"}],"wp:term":[{"taxonomy":"category","embeddable":true,"href":"https:\/\/www.maapprogram.org\/pt-br\/wp-json\/wp\/v2\/categories?post=23410"},{"taxonomy":"post_tag","embeddable":true,"href":"https:\/\/www.maapprogram.org\/pt-br\/wp-json\/wp\/v2\/tags?post=23410"},{"taxonomy":"ftr_agriculture","embeddable":true,"href":"https:\/\/www.maapprogram.org\/pt-br\/wp-json\/wp\/v2\/ftr_agriculture?post=23410"},{"taxonomy":"carbon-and-climate-change","embeddable":true,"href":"https:\/\/www.maapprogram.org\/pt-br\/wp-json\/wp\/v2\/carbon-and-climate-change?post=23410"},{"taxonomy":"ftr_country","embeddable":true,"href":"https:\/\/www.maapprogram.org\/pt-br\/wp-json\/wp\/v2\/ftr_country?post=23410"},{"taxonomy":"fire","embeddable":true,"href":"https:\/\/www.maapprogram.org\/pt-br\/wp-json\/wp\/v2\/fire?post=23410"},{"taxonomy":"infrastructure-threat","embeddable":true,"href":"https:\/\/www.maapprogram.org\/pt-br\/wp-json\/wp\/v2\/infrastructure-threat?post=23410"},{"taxonomy":"land-use","embeddable":true,"href":"https:\/\/www.maapprogram.org\/pt-br\/wp-json\/wp\/v2\/land-use?post=23410"},{"taxonomy":"mining-and-logging-threat","embeddable":true,"href":"https:\/\/www.maapprogram.org\/pt-br\/wp-json\/wp\/v2\/mining-and-logging-threat?post=23410"},{"taxonomy":"natural-forest-loss","embeddable":true,"href":"https:\/\/www.maapprogram.org\/pt-br\/wp-json\/wp\/v2\/natural-forest-loss?post=23410"},{"taxonomy":"special-analysis","embeddable":true,"href":"https:\/\/www.maapprogram.org\/pt-br\/wp-json\/wp\/v2\/special-analysis?post=23410"}],"curies":[{"name":"wp","href":"https:\/\/api.w.org\/{rel}","templated":true}]}}